{"id":1554722,"date":"2026-01-29T11:38:09","date_gmt":"2026-01-29T08:38:09","guid":{"rendered":"https:\/\/analyse.optim.biz\/?p=1554722"},"modified":"2026-01-29T11:38:09","modified_gmt":"2026-01-29T08:38:09","slug":"impunatoarea-scm-ramnicu-valcea-35-25-cu-rapid-locul-4-in-clasament","status":"publish","type":"post","link":"https:\/\/analyse.optim.biz\/?p=1554722","title":{"rendered":"IMPUN\u0102TOAREA SCM R\u00c2MNICU V\u00c2LCEA: 35-25 CU RAPID, LOCUL 4 \u00ceN CLASAMENT"},"content":{"rendered":"<article id=\"196114\" class=\"post-196114 post type-post status-publish format-standard has-post-thumbnail hentry category-handbal category-sport\">\n<header class=\"post-header\">\n<ul class=\"breadcrumbs\">\n<li><a href=\"https:\/\/www.curierul.ro\">Home<\/a><\/li>\n<li class=\"breadcrumbs-active .category-handbal\"><a href=\"https:\/\/www.curierul.ro\/index.php?cat=4\">Handbal<\/a><\/li>\n<li class=\"breadcrumbs-active .category-handbal\">IMPUN\u0102TOAREA SCM R\u00c2MNICU V\u00c2LCEA: 35-25 CU RAPID, LOCUL 4 \u00ceN CLASAMENT<\/li>\n<\/ul>\n<div class=\"featured-photo\"><img loading=\"lazy\" decoding=\"async\" width=\"1219\" height=\"762\" src=\"https:\/\/analyse.optim.biz\/wp-content\/uploads\/2026\/01\/handbal-scm-rapid-1.jpeg\" class=\"attachment-single size-single wp-post-image\" title=\"handbal-scm-rapid-1\"><\/div>\n<h1 class=\"headline\">IMPUN\u0102TOAREA SCM R\u00c2MNICU V\u00c2LCEA: 35-25 CU RAPID, LOCUL 4 \u00ceN CLASAMENT<\/h1>\n<p class=\"byline\">\n\t\tScris de<a href=\"https:\/\/www.curierul.ro\/author\/gabi\/\">Gabriel S\u0103ndulescu<\/a>, \t\t29 ianuarie 2026\t\t\t\t<\/p>\n<hr>\n<\/header>\n<p>F\u0103r\u0103 Necula, Wollik \u0219i Maudhof, ieri dup\u0103-amiaz\u0103 ap\u0103reau nori negri pe cerul V\u00e2lci handbalistice. \u0218i totu\u0219i, ast\u0103zi, o cronic\u0103 a meciului ar fi superflu\u0103, \u00eentr-at\u00e2t de dominant\u0103 a fost V\u00e2lcea asupra Rapidului, \u00een acest 35-25. Joc n\u0103ucitor, \u00een vitez\u0103, pe atac, defensiv\u0103 solid\u0103, presta\u021bii individuale de excep\u021bie, totul a curs perfect, chiar lu\u00e2nd \u00een considerare jocului modest al giule\u0219tencelor.<\/p>\n<p>C\u00e2teva r\u00e2nduri, meritate de toat\u0103 echipa, juc\u0103toare \u0219i staff:<\/p>\n<p>\u27a1\ufe0fAp\u0103rarea a fost top, \u00een bun\u0103 m\u0103sur\u0103 a f\u0103cut diferen\u021ba.<\/p>\n<p>\u27a1\ufe0fPoarta excelent\u0103, al doilea meci consecutiv. Meciul trecut Quiniou, acum apar Bartulovic \u0219i Kelemen, 42% croata \u0219i 30% Raluca. S\u0103 \u021bin\u0103 poarta, da !<\/p>\n<p>\u27a1\ufe0fAlberte Madsen \u0219i Daphne Gautschi, imperiale. Daneza aproape c\u0103 a luat jocul pe cont propriu \u00een prima repriz\u0103, apoi Gautschi i-a \u021binut isonul cu brio. C\u00e2te 7 goluri fiecare, dar mai ales asumare \u0219i implicare.<\/p>\n<p>\u27a1\ufe0fExcelent\u0103 presta\u021bie pentru extreme, cu eficien\u021b\u0103 ridicat\u0103 pe laterale: Tuva Hove 5\/6, Cristina Florica 4\/4. Splendid\u0103 aerian\u0103 finalizat\u0103 de Florica<\/p>\n<p>\u27a1\ufe0fArena plin\u0103, galeria vibrant\u0103, cu mul\u021bi decibeli, la care poate ar trebui s\u0103 se alinieze mai des \u0219i restul s\u0103lii.<\/p>\n<p>\u27a1\ufe0fSCM R\u00e2mnicu V\u00e2lcea urc\u0103 pe locul 4 \u00een Liga Florilor. Urmeaz\u0103 dou\u0103 deplas\u0103ri foarte abordabile, la Gala\u021bi s\u00e2mb\u0103t\u0103, apoi la Zal\u0103u pe 14 februarie. Preg\u0103tirea pentru un final de campionat \u00eencins, cu Europa apropiindu-se.<\/p>\n<p>Marcatoarele cu Rapid: Hove 11, Madsen 7, Gautschi 7, Florica 5, Wulff 2, Lykkegaard 1, Zschocke 1, Ljepoja 1.<\/p>\n<div class=\"sharedaddy sd-sharing-enabled\">\n<div class=\"robots-nocontent sd-block sd-social sd-social-official sd-sharing\">\n<h3 class=\"sd-title\">Distribuie pe:<\/h3>\n<div class=\"sd-content\">\n<ul>\n<li class=\"share-facebook\">\n<li class=\"share-twitter\"><a href=\"https:\/\/twitter.com\/share\" class=\"twitter-share-button\" data-url=\"https:\/\/www.curierul.ro\/impunatoarea-scm-ramnicu-valcea-35-25-cu-rapid-locul-4-in-clasament\/\" data-text=\"IMPUN\u0102TOAREA SCM R\u00c2MNICU V\u00c2LCEA: 35-25 CU RAPID, LOCUL 4 \u00ceN CLASAMENT\" data-via=\"curierulvl\">Tweet<\/a><\/li>\n<li class=\"share-jetpack-whatsapp\"><a rel=\"nofollow noopener noreferrer\" data-shared=\"sharing-whatsapp-196114\" class=\"share-jetpack-whatsapp sd-button\" href=\"https:\/\/www.curierul.ro\/impunatoarea-scm-ramnicu-valcea-35-25-cu-rapid-locul-4-in-clasament\/?share=jetpack-whatsapp\" target=\"_blank\" aria-labelledby=\"sharing-whatsapp-196114\"><span id=\"sharing-whatsapp-196114\" hidden>D\u0103 clic pentru partajare pe WhatsApp(Se deschide \u00eentr-o fereastr\u0103 nou\u0103)<\/span><span>WhatsApp<\/span><\/a><\/li>\n<li><a href=\"https:\/\/www.curierul.ro\/impunatoarea-scm-ramnicu-valcea-35-25-cu-rapid-locul-4-in-clasament\/\" class=\"sharing-anchor sd-button share-more\"><span>Mai mult<\/span><\/a><\/li>\n<li class=\"share-end\"><\/ul>\n<div class=\"sharing-hidden\">\n<div class=\"inner\">\n<ul>\n<li class=\"share-email\"><a rel=\"nofollow noopener noreferrer\" data-shared=\"sharing-email-196114\" class=\"share-email sd-button\" href=\"mailto:?subject=%5BArticol%20partajat%5D%20IMPUN%C4%82TOAREA%20SCM%20R%C3%82MNICU%20V%C3%82LCEA%3A%2035-25%20CU%20RAPID%2C%20LOCUL%204%20%C3%8EN%20CLASAMENT&amp;body=https%3A%2F%2Fwww.curierul.ro%2Fimpunatoarea-scm-ramnicu-valcea-35-25-cu-rapid-locul-4-in-clasament%2F&amp;share=email\" target=\"_blank\" aria-labelledby=\"sharing-email-196114\" data-email-share-error-title=\"\u021ai-ai configurat emailul?\" data-email-share-error-text=\"Dac\u0103 ai probleme la partajarea prin email, probabil nu ai configurat emailul pentru navigator. Poate trebuie s\u0103 creezi singur un email nou.\" data-email-share-nonce=\"fdb48cc540\" data-email-share-track-url=\"https:\/\/www.curierul.ro\/impunatoarea-scm-ramnicu-valcea-35-25-cu-rapid-locul-4-in-clasament\/?share=email\"><span id=\"sharing-email-196114\" hidden>D\u0103 clic pentru a trimite o leg\u0103tur\u0103 prin email unui prieten(Se deschide \u00eentr-o fereastr\u0103 nou\u0103)<\/span><span>Email<\/span><\/a><\/li>\n<li class=\"share-print\"><a rel=\"nofollow noopener noreferrer\" data-shared=\"sharing-print-196114\" class=\"share-print sd-button\" href=\"https:\/\/www.curierul.ro\/impunatoarea-scm-ramnicu-valcea-35-25-cu-rapid-locul-4-in-clasament\/#print?share=print\" target=\"_blank\" aria-labelledby=\"sharing-print-196114\"><span id=\"sharing-print-196114\" hidden>D\u0103 clic pentru a imprima(Se deschide \u00eentr-o fereastr\u0103 nou\u0103)<\/span><span>Imprimare<\/span><\/a><\/li>\n<li class=\"share-end\"><\/ul>\n<\/div>\n<\/div>\n<\/div>\n<\/div>\n<\/div>\n<div id=\"jp-relatedposts\" class=\"jp-relatedposts\">\n<h3 class=\"jp-relatedposts-headline\"><em>Similare<\/em><\/h3>\n<\/div>\n<footer class=\"post-footer\">\n<div class=\"post-navigation clearfix\">\n<div class=\"previous-post\">\n<div class=\"featured-photo\"><img loading=\"lazy\" decoding=\"async\" width=\"1600\" height=\"1200\" src=\"https:\/\/analyse.optim.biz\/wp-content\/uploads\/2026\/01\/cci-2.jpeg\" class=\"attachment-post-thumbnail size-post-thumbnail wp-post-image\" title=\"cci-2\"><\/div>\n<p class=\"paginate-title\">\u00ab\u00ab <a href=\"https:\/\/www.curierul.ro\/vizita-elena-la-camera-de-comert-si-industrie-valcea\/\" rel=\"prev\">Vizit\u0103 elen\u0103 la Camera de Comer\u021b \u0219i Industrie V\u00e2lcea<\/a><\/p>\n<\/div>\n<\/div>\n<div id=\"comments\" class=\"comments-area\">\n<div id=\"respond\" class=\"comment-respond\">\n<h3 id=\"reply-title\" class=\"comment-reply-title\">Po\u021bi comenta aici<small><a rel=\"nofollow\" id=\"cancel-comment-reply-link\" href=\"https:\/\/www.curierul.ro\/impunatoarea-scm-ramnicu-valcea-35-25-cu-rapid-locul-4-in-clasament\/#respond\">Anuleaz\u0103 r\u0103spunsul<\/a><\/small><\/h3>\n<\/div>\n<p class=\"akismet_comment_form_privacy_notice\">Acest site folose\u0219te Akismet pentru a reduce spamul. <a href=\"https:\/\/akismet.com\/privacy\/\" target=\"_blank\" rel=\"nofollow noopener\">Afl\u0103 cum sunt procesate datele comentariilor tale<\/a>.<\/p>\n<\/div>\n<section class=\"latest-category clearfix\">\n<h2 class=\"title\">More Stories From Handbal<\/h2>\n<div class=\"stories-container\">\n<article id=\"related-196090\" class=\"story post-196090 post type-post status-publish format-standard has-post-thumbnail hentry category-handbal category-headlines category-sport\">\n<div class=\"photo\"><img decoding=\"async\" width=\"735\" height=\"440\" src=\"https:\/\/analyse.optim.biz\/wp-content\/uploads\/2026\/01\/img-20260127-wa0005-3.jpg\" class=\"attachment-giornalismo-single size-giornalismo-single wp-post-image\" loading=\"lazy\" title=\"img-20260127-wa0005-3\"><\/div>\n<p class=\"headline\"><a href=\"https:\/\/www.curierul.ro\/liga-florilor-astazi-de-la-17-30-scm-ramnicu-valcea-rapid-bucuresti\/\">LIGA FLORILOR. AST\u0102ZI, DE LA 17.30, SCM R\u00c2MNICU V\u00c2LCEA \u2013 RAPID BUCURE\u0218TI.<\/a><\/p>\n<\/article>\n<article id=\"related-196052\" class=\"story post-196052 post type-post status-publish format-standard has-post-thumbnail hentry category-handbal category-headlines category-sport\">\n<div class=\"photo\"><img decoding=\"async\" width=\"735\" height=\"440\" src=\"https:\/\/analyse.optim.biz\/wp-content\/uploads\/2026\/01\/junioare-handbal-6.jpeg\" class=\"attachment-giornalismo-single size-giornalismo-single wp-post-image\" loading=\"lazy\" title=\"junioare-handbal-6\"><\/div>\n<p class=\"headline\"><a href=\"https:\/\/www.curierul.ro\/scm-ramnicu-valcea-csm-targu-mures-50-19-in-cupa-romaniei-victorie-si-la-junioare\/\">SCM R\u00c2MNICU V\u00c2LCEA \u2013 CSM T\u00c2RGU MURE\u0218 50-19, \u00ceN CUPA ROM\u00c2NIEI. VICTORIE \u0218I LA JUNIOARE<\/a><\/p>\n<\/article>\n<article id=\"related-195996\" class=\"story post-195996 post type-post status-publish format-standard has-post-thumbnail hentry category-handbal category-sport\">\n<div class=\"photo\"><img decoding=\"async\" width=\"735\" height=\"440\" src=\"https:\/\/analyse.optim.biz\/wp-content\/uploads\/2026\/01\/img-20260118-wa0003-10.jpg\" class=\"attachment-giornalismo-single size-giornalismo-single wp-post-image\" loading=\"lazy\" title=\"img-20260118-wa0003-10\"><\/div>\n<p class=\"headline\"><a href=\"https:\/\/www.curierul.ro\/liga-florilor-declaratii-dupa-valcea-braila-29-28-florentin-pera-soren-norgaard-si-valeria-kirdiasheva\/\">LIGA FLORILOR. DECLARA\u021aII DUP\u0102 V\u00c2LCEA \u2013 BR\u0102ILA 29-28. FLORENTIN PERA, SOREN NORGAARD \u0218I VALERIA KIRDIASHEVA<\/a><\/p>\n<\/article>\n<\/div>\n<\/section>\n<section class=\"author-bio clearfix\">\n<div class=\"mug-shot\"><img decoding=\"async\" src=\"https:\/\/analyse.optim.biz\/wp-content\/uploads\/2026\/01\/38348b3eaa7d589402948e297c539169e25c956b894b08c27e56c621c3536fa4-34.jpg\" class=\"avatar avatar-96 photo\" height=\"96\" width=\"96\" loading=\"lazy\" title=\"38348b3eaa7d589402948e297c539169e25c956b894b08c27e56c621c3536fa4-34\"><\/div>\n<div class=\"author-info\">\n<p class=\"title\">About Gabriel S\u0103ndulescu, <\/p>\n<div class=\"author-social-area\"><a href=\"mailto:gbrlsandulescu@yahoo.com\"><span class=\"fal fa-envelope\"><span class=\"screen-reader-text\">Email the Author<\/span><\/span><\/a><\/div>\n<\/div>\n<\/section>\n<\/footer>\n<\/article>\n<article id=\"196114\" class=\"post-196114 post type-post status-publish format-standard has-post-thumbnail hentry category-handbal category-sport\">\n<header class=\"post-header\">\n<ul class=\"breadcrumbs\">\n<li><a href=\"https:\/\/www.curierul.ro\">Home<\/a><\/li>\n<li class=\"breadcrumbs-active .category-handbal\"><a href=\"https:\/\/www.curierul.ro\/index.php?cat=4\">Handbal<\/a><\/li>\n<li class=\"breadcrumbs-active .category-handbal\">IMPUN\u0102TOAREA SCM R\u00c2MNICU V\u00c2LCEA: 35-25 CU RAPID, LOCUL 4 \u00ceN CLASAMENT<\/li>\n<\/ul>\n<div class=\"featured-photo\"><img loading=\"lazy\" decoding=\"async\" width=\"1219\" height=\"762\" src=\"https:\/\/analyse.optim.biz\/wp-content\/uploads\/2026\/01\/handbal-scm-rapid-1.jpeg\" class=\"attachment-single size-single wp-post-image\" title=\"handbal-scm-rapid-1\"><\/div>\n<h1 class=\"headline\">IMPUN\u0102TOAREA SCM R\u00c2MNICU V\u00c2LCEA: 35-25 CU RAPID, LOCUL 4 \u00ceN CLASAMENT<\/h1>\n<p class=\"byline\">\n\t\tScris de<a href=\"https:\/\/www.curierul.ro\/author\/gabi\/\">Gabriel S\u0103ndulescu<\/a>, \t\t29 ianuarie 2026\t\t\t\t<\/p>\n<hr>\n<\/header>\n<p>F\u0103r\u0103 Necula, Wollik \u0219i Maudhof, ieri dup\u0103-amiaz\u0103 ap\u0103reau nori negri pe cerul V\u00e2lci handbalistice. \u0218i totu\u0219i, ast\u0103zi, o cronic\u0103 a meciului ar fi superflu\u0103, \u00eentr-at\u00e2t de dominant\u0103 a fost V\u00e2lcea asupra Rapidului, \u00een acest 35-25. Joc n\u0103ucitor, \u00een vitez\u0103, pe atac, defensiv\u0103 solid\u0103, presta\u021bii individuale de excep\u021bie, totul a curs perfect, chiar lu\u00e2nd \u00een considerare jocului modest al giule\u0219tencelor.<\/p>\n<p>C\u00e2teva r\u00e2nduri, meritate de toat\u0103 echipa, juc\u0103toare \u0219i staff:<\/p>\n<p>\u27a1\ufe0fAp\u0103rarea a fost top, \u00een bun\u0103 m\u0103sur\u0103 a f\u0103cut diferen\u021ba.<\/p>\n<p>\u27a1\ufe0fPoarta excelent\u0103, al doilea meci consecutiv. Meciul trecut Quiniou, acum apar Bartulovic \u0219i Kelemen, 42% croata \u0219i 30% Raluca. S\u0103 \u021bin\u0103 poarta, da !<\/p>\n<p>\u27a1\ufe0fAlberte Madsen \u0219i Daphne Gautschi, imperiale. Daneza aproape c\u0103 a luat jocul pe cont propriu \u00een prima repriz\u0103, apoi Gautschi i-a \u021binut isonul cu brio. C\u00e2te 7 goluri fiecare, dar mai ales asumare \u0219i implicare.<\/p>\n<p>\u27a1\ufe0fExcelent\u0103 presta\u021bie pentru extreme, cu eficien\u021b\u0103 ridicat\u0103 pe laterale: Tuva Hove 5\/6, Cristina Florica 4\/4. Splendid\u0103 aerian\u0103 finalizat\u0103 de Florica<\/p>\n<p>\u27a1\ufe0fArena plin\u0103, galeria vibrant\u0103, cu mul\u021bi decibeli, la care poate ar trebui s\u0103 se alinieze mai des \u0219i restul s\u0103lii.<\/p>\n<p>\u27a1\ufe0fSCM R\u00e2mnicu V\u00e2lcea urc\u0103 pe locul 4 \u00een Liga Florilor. Urmeaz\u0103 dou\u0103 deplas\u0103ri foarte abordabile, la Gala\u021bi s\u00e2mb\u0103t\u0103, apoi la Zal\u0103u pe 14 februarie. Preg\u0103tirea pentru un final de campionat \u00eencins, cu Europa apropiindu-se.<\/p>\n<p>Marcatoarele cu Rapid: Hove 11, Madsen 7, Gautschi 7, Florica 5, Wulff 2, Lykkegaard 1, Zschocke 1, Ljepoja 1.<\/p>\n<div class=\"sharedaddy sd-sharing-enabled\">\n<div class=\"robots-nocontent sd-block sd-social sd-social-official sd-sharing\">\n<h3 class=\"sd-title\">Distribuie pe:<\/h3>\n<div class=\"sd-content\">\n<ul>\n<li class=\"share-facebook\">\n<li class=\"share-twitter\"><a href=\"https:\/\/twitter.com\/share\" class=\"twitter-share-button\" data-url=\"https:\/\/www.curierul.ro\/impunatoarea-scm-ramnicu-valcea-35-25-cu-rapid-locul-4-in-clasament\/\" data-text=\"IMPUN\u0102TOAREA SCM R\u00c2MNICU V\u00c2LCEA: 35-25 CU RAPID, LOCUL 4 \u00ceN CLASAMENT\" data-via=\"curierulvl\">Tweet<\/a><\/li>\n<li class=\"share-jetpack-whatsapp\"><a rel=\"nofollow noopener noreferrer\" data-shared=\"sharing-whatsapp-196114\" class=\"share-jetpack-whatsapp sd-button\" href=\"https:\/\/www.curierul.ro\/impunatoarea-scm-ramnicu-valcea-35-25-cu-rapid-locul-4-in-clasament\/?share=jetpack-whatsapp\" target=\"_blank\" aria-labelledby=\"sharing-whatsapp-196114\"><span id=\"sharing-whatsapp-196114\" hidden>D\u0103 clic pentru partajare pe WhatsApp(Se deschide \u00eentr-o fereastr\u0103 nou\u0103)<\/span><span>WhatsApp<\/span><\/a><\/li>\n<li><a href=\"https:\/\/www.curierul.ro\/impunatoarea-scm-ramnicu-valcea-35-25-cu-rapid-locul-4-in-clasament\/\" class=\"sharing-anchor sd-button share-more\"><span>Mai mult<\/span><\/a><\/li>\n<li class=\"share-end\"><\/ul>\n<div class=\"sharing-hidden\">\n<div class=\"inner\">\n<ul>\n<li class=\"share-email\"><a rel=\"nofollow noopener noreferrer\" data-shared=\"sharing-email-196114\" class=\"share-email sd-button\" href=\"mailto:?subject=%5BArticol%20partajat%5D%20IMPUN%C4%82TOAREA%20SCM%20R%C3%82MNICU%20V%C3%82LCEA%3A%2035-25%20CU%20RAPID%2C%20LOCUL%204%20%C3%8EN%20CLASAMENT&amp;body=https%3A%2F%2Fwww.curierul.ro%2Fimpunatoarea-scm-ramnicu-valcea-35-25-cu-rapid-locul-4-in-clasament%2F&amp;share=email\" target=\"_blank\" aria-labelledby=\"sharing-email-196114\" data-email-share-error-title=\"\u021ai-ai configurat emailul?\" data-email-share-error-text=\"Dac\u0103 ai probleme la partajarea prin email, probabil nu ai configurat emailul pentru navigator. Poate trebuie s\u0103 creezi singur un email nou.\" data-email-share-nonce=\"fdb48cc540\" data-email-share-track-url=\"https:\/\/www.curierul.ro\/impunatoarea-scm-ramnicu-valcea-35-25-cu-rapid-locul-4-in-clasament\/?share=email\"><span id=\"sharing-email-196114\" hidden>D\u0103 clic pentru a trimite o leg\u0103tur\u0103 prin email unui prieten(Se deschide \u00eentr-o fereastr\u0103 nou\u0103)<\/span><span>Email<\/span><\/a><\/li>\n<li class=\"share-print\"><a rel=\"nofollow noopener noreferrer\" data-shared=\"sharing-print-196114\" class=\"share-print sd-button\" href=\"https:\/\/www.curierul.ro\/impunatoarea-scm-ramnicu-valcea-35-25-cu-rapid-locul-4-in-clasament\/#print?share=print\" target=\"_blank\" aria-labelledby=\"sharing-print-196114\"><span id=\"sharing-print-196114\" hidden>D\u0103 clic pentru a imprima(Se deschide \u00eentr-o fereastr\u0103 nou\u0103)<\/span><span>Imprimare<\/span><\/a><\/li>\n<li class=\"share-end\"><\/ul>\n<\/div>\n<\/div>\n<\/div>\n<\/div>\n<\/div>\n<div id=\"jp-relatedposts\" class=\"jp-relatedposts\">\n<h3 class=\"jp-relatedposts-headline\"><em>Similare<\/em><\/h3>\n<\/div>\n<footer class=\"post-footer\">\n<div class=\"post-navigation clearfix\">\n<div class=\"previous-post\">\n<div class=\"featured-photo\"><img loading=\"lazy\" decoding=\"async\" width=\"1600\" height=\"1200\" src=\"https:\/\/analyse.optim.biz\/wp-content\/uploads\/2026\/01\/cci-2.jpeg\" class=\"attachment-post-thumbnail size-post-thumbnail wp-post-image\" title=\"cci-2\"><\/div>\n<p class=\"paginate-title\">\u00ab\u00ab <a href=\"https:\/\/www.curierul.ro\/vizita-elena-la-camera-de-comert-si-industrie-valcea\/\" rel=\"prev\">Vizit\u0103 elen\u0103 la Camera de Comer\u021b \u0219i Industrie V\u00e2lcea<\/a><\/p>\n<\/div>\n<\/div>\n<div id=\"comments\" class=\"comments-area\">\n<div id=\"respond\" class=\"comment-respond\">\n<h3 id=\"reply-title\" class=\"comment-reply-title\">Po\u021bi comenta aici<small><a rel=\"nofollow\" id=\"cancel-comment-reply-link\" href=\"https:\/\/www.curierul.ro\/impunatoarea-scm-ramnicu-valcea-35-25-cu-rapid-locul-4-in-clasament\/#respond\">Anuleaz\u0103 r\u0103spunsul<\/a><\/small><\/h3>\n<\/div>\n<p class=\"akismet_comment_form_privacy_notice\">Acest site folose\u0219te Akismet pentru a reduce spamul. <a href=\"https:\/\/akismet.com\/privacy\/\" target=\"_blank\" rel=\"nofollow noopener\">Afl\u0103 cum sunt procesate datele comentariilor tale<\/a>.<\/p>\n<\/div>\n<section class=\"latest-category clearfix\">\n<h2 class=\"title\">More Stories From Handbal<\/h2>\n<div class=\"stories-container\">\n<article id=\"related-196090\" class=\"story post-196090 post type-post status-publish format-standard has-post-thumbnail hentry category-handbal category-headlines category-sport\">\n<div class=\"photo\"><img decoding=\"async\" width=\"735\" height=\"440\" src=\"https:\/\/analyse.optim.biz\/wp-content\/uploads\/2026\/01\/img-20260127-wa0005-3.jpg\" class=\"attachment-giornalismo-single size-giornalismo-single wp-post-image\" loading=\"lazy\" title=\"img-20260127-wa0005-3\"><\/div>\n<p class=\"headline\"><a href=\"https:\/\/www.curierul.ro\/liga-florilor-astazi-de-la-17-30-scm-ramnicu-valcea-rapid-bucuresti\/\">LIGA FLORILOR. AST\u0102ZI, DE LA 17.30, SCM R\u00c2MNICU V\u00c2LCEA \u2013 RAPID BUCURE\u0218TI.<\/a><\/p>\n<\/article>\n<article id=\"related-196052\" class=\"story post-196052 post type-post status-publish format-standard has-post-thumbnail hentry category-handbal category-headlines category-sport\">\n<div class=\"photo\"><img decoding=\"async\" width=\"735\" height=\"440\" src=\"https:\/\/analyse.optim.biz\/wp-content\/uploads\/2026\/01\/junioare-handbal-6.jpeg\" class=\"attachment-giornalismo-single size-giornalismo-single wp-post-image\" loading=\"lazy\" title=\"junioare-handbal-6\"><\/div>\n<p class=\"headline\"><a href=\"https:\/\/www.curierul.ro\/scm-ramnicu-valcea-csm-targu-mures-50-19-in-cupa-romaniei-victorie-si-la-junioare\/\">SCM R\u00c2MNICU V\u00c2LCEA \u2013 CSM T\u00c2RGU MURE\u0218 50-19, \u00ceN CUPA ROM\u00c2NIEI. VICTORIE \u0218I LA JUNIOARE<\/a><\/p>\n<\/article>\n<article id=\"related-195996\" class=\"story post-195996 post type-post status-publish format-standard has-post-thumbnail hentry category-handbal category-sport\">\n<div class=\"photo\"><img decoding=\"async\" width=\"735\" height=\"440\" src=\"https:\/\/analyse.optim.biz\/wp-content\/uploads\/2026\/01\/img-20260118-wa0003-10.jpg\" class=\"attachment-giornalismo-single size-giornalismo-single wp-post-image\" loading=\"lazy\" title=\"img-20260118-wa0003-10\"><\/div>\n<p class=\"headline\"><a href=\"https:\/\/www.curierul.ro\/liga-florilor-declaratii-dupa-valcea-braila-29-28-florentin-pera-soren-norgaard-si-valeria-kirdiasheva\/\">LIGA FLORILOR. DECLARA\u021aII DUP\u0102 V\u00c2LCEA \u2013 BR\u0102ILA 29-28. FLORENTIN PERA, SOREN NORGAARD \u0218I VALERIA KIRDIASHEVA<\/a><\/p>\n<\/article>\n<\/div>\n<\/section>\n<section class=\"author-bio clearfix\">\n<div class=\"mug-shot\"><img decoding=\"async\" src=\"https:\/\/analyse.optim.biz\/wp-content\/uploads\/2026\/01\/38348b3eaa7d589402948e297c539169e25c956b894b08c27e56c621c3536fa4-34.jpg\" class=\"avatar avatar-96 photo\" height=\"96\" width=\"96\" loading=\"lazy\" title=\"38348b3eaa7d589402948e297c539169e25c956b894b08c27e56c621c3536fa4-34\"><\/div>\n<div class=\"author-info\">\n<p class=\"title\">About Gabriel S\u0103ndulescu, <\/p>\n<div class=\"author-social-area\"><a href=\"mailto:gbrlsandulescu@yahoo.com\"><span class=\"fal fa-envelope\"><span class=\"screen-reader-text\">Email the Author<\/span><\/span><\/a><\/div>\n<\/div>\n<\/section>\n<\/footer>\n<\/article>\n<article id=\"related-196090\" class=\"story post-196090 post type-post status-publish format-standard has-post-thumbnail hentry category-handbal category-headlines category-sport\">\n<div class=\"photo\"><img decoding=\"async\" width=\"735\" height=\"440\" src=\"https:\/\/analyse.optim.biz\/wp-content\/uploads\/2026\/01\/img-20260127-wa0005-3.jpg\" class=\"attachment-giornalismo-single size-giornalismo-single wp-post-image\" loading=\"lazy\" title=\"img-20260127-wa0005-3\"><\/div>\n<p class=\"headline\"><a href=\"https:\/\/www.curierul.ro\/liga-florilor-astazi-de-la-17-30-scm-ramnicu-valcea-rapid-bucuresti\/\">LIGA FLORILOR. AST\u0102ZI, DE LA 17.30, SCM R\u00c2MNICU V\u00c2LCEA \u2013 RAPID BUCURE\u0218TI.<\/a><\/p>\n<\/article>\n<article id=\"related-196052\" class=\"story post-196052 post type-post status-publish format-standard has-post-thumbnail hentry category-handbal category-headlines category-sport\">\n<div class=\"photo\"><img decoding=\"async\" width=\"735\" height=\"440\" src=\"https:\/\/analyse.optim.biz\/wp-content\/uploads\/2026\/01\/junioare-handbal-6.jpeg\" class=\"attachment-giornalismo-single size-giornalismo-single wp-post-image\" loading=\"lazy\" title=\"junioare-handbal-6\"><\/div>\n<p class=\"headline\"><a href=\"https:\/\/www.curierul.ro\/scm-ramnicu-valcea-csm-targu-mures-50-19-in-cupa-romaniei-victorie-si-la-junioare\/\">SCM R\u00c2MNICU V\u00c2LCEA \u2013 CSM T\u00c2RGU MURE\u0218 50-19, \u00ceN CUPA ROM\u00c2NIEI. VICTORIE \u0218I LA JUNIOARE<\/a><\/p>\n<\/article>\n<article id=\"related-195996\" class=\"story post-195996 post type-post status-publish format-standard has-post-thumbnail hentry category-handbal category-sport\">\n<div class=\"photo\"><img decoding=\"async\" width=\"735\" height=\"440\" src=\"https:\/\/analyse.optim.biz\/wp-content\/uploads\/2026\/01\/img-20260118-wa0003-10.jpg\" class=\"attachment-giornalismo-single size-giornalismo-single wp-post-image\" loading=\"lazy\" title=\"img-20260118-wa0003-10\"><\/div>\n<p class=\"headline\"><a href=\"https:\/\/www.curierul.ro\/liga-florilor-declaratii-dupa-valcea-braila-29-28-florentin-pera-soren-norgaard-si-valeria-kirdiasheva\/\">LIGA FLORILOR. DECLARA\u021aII DUP\u0102 V\u00c2LCEA \u2013 BR\u0102ILA 29-28. FLORENTIN PERA, SOREN NORGAARD \u0218I VALERIA KIRDIASHEVA<\/a><\/p>\n<\/article>\n<p> Source URL: https:\/\/www.curierul.ro\/impunatoarea-scm-ramnicu-valcea-35-25-cu-rapid-locul-4-in-clasament\/<\/p>\n","protected":false},"excerpt":{"rendered":"<p>Home Handbal IMPUN\u0102TOAREA SCM R\u00c2MNICU V\u00c2LCEA: 35-25 CU RAPID, LOCUL 4 \u00ceN CLASAMENT IMPUN\u0102TOAREA SCM R\u00c2MNICU V\u00c2LCEA: 35-25 CU RAPID, LOCUL 4 \u00ceN CLASAMENT Scris deGabriel S\u0103ndulescu, 29 ianuarie 2026 F\u0103r\u0103 Necula, Wollik \u0219i Maudhof, ieri dup\u0103-amiaz\u0103 ap\u0103reau nori negri pe cerul V\u00e2lci handbalistice. \u0218i totu\u0219i, ast\u0103zi, o cronic\u0103 a meciului ar fi superflu\u0103, \u00eentr-at\u00e2t [&hellip;]<\/p>\n","protected":false},"author":1,"featured_media":1554724,"comment_status":"open","ping_status":"","sticky":false,"template":"","format":"standard","meta":{"footnotes":""},"categories":[89],"tags":[213],"class_list":["post-1554722","post","type-post","status-publish","format-standard","has-post-thumbnail","hentry","category-romania","tag-curierul-ro"],"_links":{"self":[{"href":"https:\/\/analyse.optim.biz\/index.php?rest_route=\/wp\/v2\/posts\/1554722","targetHints":{"allow":["GET"]}}],"collection":[{"href":"https:\/\/analyse.optim.biz\/index.php?rest_route=\/wp\/v2\/posts"}],"about":[{"href":"https:\/\/analyse.optim.biz\/index.php?rest_route=\/wp\/v2\/types\/post"}],"author":[{"embeddable":true,"href":"https:\/\/analyse.optim.biz\/index.php?rest_route=\/wp\/v2\/users\/1"}],"replies":[{"embeddable":true,"href":"https:\/\/analyse.optim.biz\/index.php?rest_route=%2Fwp%2Fv2%2Fcomments&post=1554722"}],"version-history":[{"count":0,"href":"https:\/\/analyse.optim.biz\/index.php?rest_route=\/wp\/v2\/posts\/1554722\/revisions"}],"wp:featuredmedia":[{"embeddable":true,"href":"https:\/\/analyse.optim.biz\/index.php?rest_route=\/wp\/v2\/media\/1554724"}],"wp:attachment":[{"href":"https:\/\/analyse.optim.biz\/index.php?rest_route=%2Fwp%2Fv2%2Fmedia&parent=1554722"}],"wp:term":[{"taxonomy":"category","embeddable":true,"href":"https:\/\/analyse.optim.biz\/index.php?rest_route=%2Fwp%2Fv2%2Fcategories&post=1554722"},{"taxonomy":"post_tag","embeddable":true,"href":"https:\/\/analyse.optim.biz\/index.php?rest_route=%2Fwp%2Fv2%2Ftags&post=1554722"}],"curies":[{"name":"wp","href":"https:\/\/api.w.org\/{rel}","templated":true}]}}