{"id":1553668,"date":"2026-01-29T20:01:19","date_gmt":"2026-01-29T17:01:19","guid":{"rendered":"https:\/\/analyse.optim.biz\/?p=1553668"},"modified":"2026-01-29T20:01:19","modified_gmt":"2026-01-29T17:01:19","slug":"incendiile-de-locuinta-o-realitate-a-sezonului-rece","status":"publish","type":"post","link":"https:\/\/analyse.optim.biz\/?p=1553668","title":{"rendered":"Incendiile de locuin\u0163\u0103, o realitate a sezonului rece"},"content":{"rendered":"<div class=\"td-ss-main-content\">\n<article id=\"post-117896\" class=\"post-117896 post type-post status-publish format-video has-post-thumbnail hentry category-actualitate post_format-post-format-video\">\n<div class=\"td-post-header\">\n<ul class=\"td-category\">\n<li class=\"entry-category\"><a href=\"https:\/\/www.tvbuzau.ro\/category\/actualitate\/\">Actualitate<\/a><\/li>\n<\/ul>\n<header class=\"td-post-title\">\n<h1 class=\"entry-title\">Incendiile de locuin\u0163\u0103, o realitate a sezonului rece<\/h1>\n<div class=\"td-module-meta-info\">\n<div class=\"td-post-author-name\">De c\u0103tre <a href=\"https:\/\/www.tvbuzau.ro\/author\/mihai-vasilescu\/\">TV Buz\u0103u<\/a> &#8211; <\/div>\n<p><span class=\"td-post-date\"><time class=\"entry-date updated td-module-date\" datetime=\"2026-01-29T20:01:19+00:00\">ianuarie 29, 2026<\/time><\/span><\/p>\n<div class=\"td-post-comments\"><a href=\"https:\/\/www.tvbuzau.ro\/incendiile-de-locuinta-o-realitate-a-sezonului-rece\/#respond\">0<\/a><\/div>\n<div class=\"td-post-views\"><span class=\"td-nr-views-117896\">6<\/span><\/div>\n<\/div>\n<\/header>\n<\/div>\n<div class=\"td-post-sharing td-post-sharing-top td-with-like\">\n<div class=\"td-default-sharing\"><a class=\"td-social-sharing-buttons td-social-facebook\" href=\"http:\/\/www.facebook.com\/sharer.php?u=https%3A%2F%2Fwww.tvbuzau.ro%2Fincendiile-de-locuinta-o-realitate-a-sezonului-rece%2F\"><\/p>\n<div class=\"td-social-but-text\">Distribui\u021bi pe Facebook<\/div>\n<p><\/a><a class=\"td-social-sharing-buttons td-social-twitter\" href=\"https:\/\/twitter.com\/intent\/tweet?text=Incendiile+de+locuin%C5%A3%C4%83%2C+o+realitate+a+sezonului+rece&amp;url=https%3A%2F%2Fwww.tvbuzau.ro%2Fincendiile-de-locuinta-o-realitate-a-sezonului-rece%2F&amp;via=TV+Buz%C4%83u\"><\/p>\n<div class=\"td-social-but-text\">Distribui\u021bi pe Twitter<\/div>\n<p><\/a><\/div>\n<div class=\"td-classic-sharing\">\n<ul>\n<li class=\"td-classic-facebook\"><iframe frameborder src=\"https:\/\/www.facebook.com\/plugins\/like.php?href=https:\/\/www.tvbuzau.ro\/incendiile-de-locuinta-o-realitate-a-sezonului-rece\/&amp;layout=button_count&amp;show_faces=false&amp;width=105&amp;action=like&amp;colorscheme=light&amp;height=21\"><\/iframe><\/li>\n<li class=\"td-classic-twitter\"><a href=\"https:\/\/twitter.com\/share\" class=\"twitter-share-button\" data-url=\"https:\/\/www.tvbuzau.ro\/incendiile-de-locuinta-o-realitate-a-sezonului-rece\/\" data-text=\"Incendiile de locuin\u0163\u0103, o realitate a sezonului rece\" data-via data-lang=\"en\">tweet<\/a><\/li>\n<\/ul>\n<\/div>\n<\/div>\n<div class=\"td-post-content\">\n<div class=\"td-featured-image-rec\">\n<div class=\"wpb_video_wrapper\">\n                    <iframe loading=\"lazy\" id=\"td_youtube_player\" width=\"600\" height=\"560\" src=\"https:\/\/www.youtube.com\/embed\/vK0wict_0mo?enablejsapi=1&amp;feature=oembed&amp;wmode=opaque&amp;vq=hd720\" frameborder allowfullscreen><\/iframe><\/p><\/div>\n<\/div>\n<p>Recomand\u0103ri utile de la pompieri<br \/>\nPompierii atrag aten\u0163ia, \u00een contextul sezonului rece c\u0103 atunci c\u00e2nd sunt \u00eenc\u0103lzite camerele, oamenii trebuie s\u0103 \u0163in\u0103 cont de c\u00e2teva reguli astfel \u00eenc\u00e2t s\u0103 \u00eenl\u0103ture orice pericol. \u00cen ultima perioad\u0103 au fost \u00eenregistrate mai multe incendii de locuin\u0163e, motiv pentru care autorit\u0103\u0163ile ofer\u0103 un set de recomnd\u0103ri.<\/p>\n<p>IGSU<br \/>\n\u201eNu adormi\u021bi cu focul aprins \u00een sob\u0103, un moment de neaten\u021bie poate avea urm\u0103ri grave. Riscurile sunt reale \u0219i periculoase:<br \/>\nIntoxica\u021bia cu monoxid de carbon, un gaz invizibil \u0219i f\u0103r\u0103 miros, care poate provoca ame\u021beli, pierderea cuno\u0219tin\u021bei \u0219i chiar deces \u00een timpul somnului.<br \/>\n Incendiile, declan\u0219ate de sc\u00e2ntei sau jar ie\u0219it din sob\u0103, mai ales dac\u0103 \u00een apropiere se afl\u0103 materiale care se pot aprinde u\u0219or (covor, perdele, h\u00e2rtii).<br \/>\nDegajarea de fum \u00een interior, care reduce oxigenul din camer\u0103 \u0219i afecteaz\u0103 grav respira\u021bia\u201d, informeaz\u0103 Inspectoratul General pentru Situa\u0163ii de Urgen\u0163\u0103.<\/p>\n<p>Totodat\u0103, supra\u00eenc\u0103lzirea \u0219i deteriorarea sobei, pot duce la fisuri \u0219i scurgeri de gaze toxice.<br \/>\nRecomandarea pompierilor este ca focul din sob\u0103 s\u0103 fie l\u0103sat s\u0103 se sting\u0103 complet \u00eenainte de culcare, pentru a preveni aceste pericole \u0219i a v\u0103 proteja via\u021ba, locuin\u021ba \u0219i pe cei dragi.<\/p>\n<div class=\"post-views post-117896 entry-meta\"><span class=\"post-views-label\">Post Views: <\/span><span class=\"post-views-count\">82<\/span><\/div>\n<\/div>\n<footer>\n<div class=\"td-post-sharing td-post-sharing-bottom td-with-like\"><span class=\"td-post-share-title\">DISTRIBUI\u021aI<\/span><\/p>\n<div class=\"td-default-sharing\"><a class=\"td-social-sharing-buttons td-social-facebook\" href=\"http:\/\/www.facebook.com\/sharer.php?u=https%3A%2F%2Fwww.tvbuzau.ro%2Fincendiile-de-locuinta-o-realitate-a-sezonului-rece%2F\"><\/p>\n<div class=\"td-social-but-text\">Facebook<\/div>\n<p><\/a><a class=\"td-social-sharing-buttons td-social-twitter\" href=\"https:\/\/twitter.com\/intent\/tweet?text=Incendiile+de+locuin%C5%A3%C4%83%2C+o+realitate+a+sezonului+rece&amp;url=https%3A%2F%2Fwww.tvbuzau.ro%2Fincendiile-de-locuinta-o-realitate-a-sezonului-rece%2F&amp;via=TV+Buz%C4%83u\"><\/p>\n<div class=\"td-social-but-text\">Twitter<\/div>\n<p><\/a><\/div>\n<div class=\"td-classic-sharing\">\n<ul>\n<li class=\"td-classic-facebook\"><iframe frameborder src=\"https:\/\/www.facebook.com\/plugins\/like.php?href=https:\/\/www.tvbuzau.ro\/incendiile-de-locuinta-o-realitate-a-sezonului-rece\/&amp;layout=button_count&amp;show_faces=false&amp;width=105&amp;action=like&amp;colorscheme=light&amp;height=21\"><\/iframe><\/li>\n<li class=\"td-classic-twitter\"><a href=\"https:\/\/twitter.com\/share\" class=\"twitter-share-button\" data-url=\"https:\/\/www.tvbuzau.ro\/incendiile-de-locuinta-o-realitate-a-sezonului-rece\/\" data-text=\"Incendiile de locuin\u0163\u0103, o realitate a sezonului rece\" data-via data-lang=\"en\">tweet<\/a><\/li>\n<\/ul>\n<\/div>\n<\/div>\n<div class=\"td-author-name vcard author\"><span class=\"fn\"><a href=\"https:\/\/www.tvbuzau.ro\/author\/mihai-vasilescu\/\">TV Buz\u0103u<\/a><\/span><\/div>\n<p><span><\/span><span><span><\/span><\/span><span><\/span><\/footer>\n<\/article>\n<div class=\"td_block_wrap td_block_related_posts td_uid_1_697be8b1908c2_rand td_with_ajax_pagination td-pb-border-top\" data-td-block-uid=\"td_uid_1_697be8b1908c2\">\n<h4 class=\"td-related-title\"><a id=\"td_uid_2_697be8b19594e\" class=\"td-related-left td-cur-simple-item\" data-td_filter_value data-td_block_id=\"td_uid_1_697be8b1908c2\" href=\"https:\/\/www.tvbuzau.ro\/incendiile-de-locuinta-o-realitate-a-sezonului-rece\/\">ARTICOLE SIMILARE<\/a><a id=\"td_uid_3_697be8b195988\" class=\"td-related-right\" data-td_filter_value=\"td_related_more_from_author\" data-td_block_id=\"td_uid_1_697be8b1908c2\" href=\"https:\/\/www.tvbuzau.ro\/incendiile-de-locuinta-o-realitate-a-sezonului-rece\/\">DE LA ACELA\u0218I AUTOR<\/a><\/h4>\n<div id=\"td_uid_1_697be8b1908c2\" class=\"td_block_inner\">\n<div class=\"td-related-row\">\n<div class=\"td-related-span4\">\n<div class=\"td_module_related_posts td-animation-stack td_mod_related_posts\">\n<div class=\"td-module-image\">\n<div class=\"td-module-thumb\"><a href=\"https:\/\/www.tvbuzau.ro\/alunecari-de-teren-in-judet\/\" rel=\"bookmark\" title=\"Alunec\u0103ri de teren \u00een jude\u0163\"><img loading=\"lazy\" decoding=\"async\" width=\"218\" height=\"150\" class=\"entry-thumb\" src=\"https:\/\/analyse.optim.biz\/wp-content\/uploads\/2026\/01\/hqdefault-39-218x150-17.jpg\" title=\"Alunec\u0103ri de teren \u00een jude\u0163\"><span class=\"td-video-play-ico\"><img loading=\"lazy\" decoding=\"async\" width=\"40\" height=\"40\" class=\"td-retina\" src=\"https:\/\/analyse.optim.biz\/wp-content\/uploads\/2026\/01\/ico-video-large-71.png\" alt=\"video\" title=\"ico-video-large-71\"><\/span><\/a><\/div>\n<p><a href=\"https:\/\/www.tvbuzau.ro\/category\/actualitate\/\" class=\"td-post-category\">Actualitate<\/a><\/div>\n<div class=\"item-details\">\n<h3 class=\"entry-title td-module-title\"><a href=\"https:\/\/www.tvbuzau.ro\/alunecari-de-teren-in-judet\/\" rel=\"bookmark\" title=\"Alunec\u0103ri de teren \u00een jude\u0163\">Alunec\u0103ri de teren \u00een jude\u0163<\/a><\/h3>\n<\/div>\n<\/div>\n<\/div>\n<div class=\"td-related-span4\">\n<div class=\"td_module_related_posts td-animation-stack td_mod_related_posts\">\n<div class=\"td-module-image\">\n<div class=\"td-module-thumb\"><a href=\"https:\/\/www.tvbuzau.ro\/marcel-ciolacu-a-cerut-audit-extern-la-cj-buzau\/\" rel=\"bookmark\" title=\"Marcel Ciolacu a cerut audit extern la CJ Buz\u0103u\"><img loading=\"lazy\" decoding=\"async\" width=\"218\" height=\"150\" class=\"entry-thumb\" src=\"https:\/\/analyse.optim.biz\/wp-content\/uploads\/2026\/01\/hqdefault-38-218x150-17.jpg\" title=\"Marcel Ciolacu a cerut audit extern la CJ Buz\u0103u\"><span class=\"td-video-play-ico\"><img loading=\"lazy\" decoding=\"async\" width=\"40\" height=\"40\" class=\"td-retina\" src=\"https:\/\/analyse.optim.biz\/wp-content\/uploads\/2026\/01\/ico-video-large-71.png\" alt=\"video\" title=\"ico-video-large-71\"><\/span><\/a><\/div>\n<p><a href=\"https:\/\/www.tvbuzau.ro\/category\/actualitate\/\" class=\"td-post-category\">Actualitate<\/a><\/div>\n<div class=\"item-details\">\n<h3 class=\"entry-title td-module-title\"><a href=\"https:\/\/www.tvbuzau.ro\/marcel-ciolacu-a-cerut-audit-extern-la-cj-buzau\/\" rel=\"bookmark\" title=\"Marcel Ciolacu a cerut audit extern la CJ Buz\u0103u\">Marcel Ciolacu a cerut audit extern la CJ Buz\u0103u<\/a><\/h3>\n<\/div>\n<\/div>\n<\/div>\n<div class=\"td-related-span4\">\n<div class=\"td_module_related_posts td-animation-stack td_mod_related_posts\">\n<div class=\"td-module-image\">\n<div class=\"td-module-thumb\"><a href=\"https:\/\/www.tvbuzau.ro\/dupa-ce-a-fost-in-siberia-buzoianul-cosmin-craciun-a-plecat-in-africa\/\" rel=\"bookmark\" title=\"Dup\u0103 ce a fost \u00een Siberia, buzoianul Cosmin Cr\u0103ciun a plecat \u00een Africa\"><img loading=\"lazy\" decoding=\"async\" width=\"218\" height=\"150\" class=\"entry-thumb\" src=\"https:\/\/analyse.optim.biz\/wp-content\/uploads\/2026\/01\/hqdefault-37-218x150-17.jpg\" title=\"Dup\u0103 ce a fost \u00een Siberia, buzoianul Cosmin Cr\u0103ciun a plecat \u00een Africa\"><span class=\"td-video-play-ico\"><img loading=\"lazy\" decoding=\"async\" width=\"40\" height=\"40\" class=\"td-retina\" src=\"https:\/\/analyse.optim.biz\/wp-content\/uploads\/2026\/01\/ico-video-large-71.png\" alt=\"video\" title=\"ico-video-large-71\"><\/span><\/a><\/div>\n<p><a href=\"https:\/\/www.tvbuzau.ro\/category\/actualitate\/\" class=\"td-post-category\">Actualitate<\/a><\/div>\n<div class=\"item-details\">\n<h3 class=\"entry-title td-module-title\"><a href=\"https:\/\/www.tvbuzau.ro\/dupa-ce-a-fost-in-siberia-buzoianul-cosmin-craciun-a-plecat-in-africa\/\" rel=\"bookmark\" title=\"Dup\u0103 ce a fost \u00een Siberia, buzoianul Cosmin Cr\u0103ciun a plecat \u00een Africa\">Dup\u0103 ce a fost \u00een Siberia, buzoianul Cosmin Cr\u0103ciun a plecat \u00een Africa<\/a><\/h3>\n<\/div>\n<\/div>\n<\/div>\n<\/div>\n<div class=\"td-related-row\">\n<div class=\"td-related-span4\">\n<div class=\"td_module_related_posts td-animation-stack td_mod_related_posts\">\n<div class=\"td-module-image\">\n<div class=\"td-module-thumb\"><a href=\"https:\/\/www.tvbuzau.ro\/doua-concursuri-suspendate-de-spitalul-judetean-buzau\/\" rel=\"bookmark\" title=\"Dou\u0103 concursuri suspendate de Spitalul Jude\u0163ean Buz\u0103u\"><img loading=\"lazy\" decoding=\"async\" width=\"218\" height=\"150\" class=\"entry-thumb\" src=\"https:\/\/analyse.optim.biz\/wp-content\/uploads\/2026\/01\/hqdefault-36-218x150-17.jpg\" title=\"Dou\u0103 concursuri suspendate de Spitalul Jude\u0163ean Buz\u0103u\"><span class=\"td-video-play-ico\"><img loading=\"lazy\" decoding=\"async\" width=\"40\" height=\"40\" class=\"td-retina\" src=\"https:\/\/analyse.optim.biz\/wp-content\/uploads\/2026\/01\/ico-video-large-71.png\" alt=\"video\" title=\"ico-video-large-71\"><\/span><\/a><\/div>\n<p><a href=\"https:\/\/www.tvbuzau.ro\/category\/actualitate\/\" class=\"td-post-category\">Actualitate<\/a><\/div>\n<div class=\"item-details\">\n<h3 class=\"entry-title td-module-title\"><a href=\"https:\/\/www.tvbuzau.ro\/doua-concursuri-suspendate-de-spitalul-judetean-buzau\/\" rel=\"bookmark\" title=\"Dou\u0103 concursuri suspendate de Spitalul Jude\u0163ean Buz\u0103u\">Dou\u0103 concursuri suspendate de Spitalul Jude\u0163ean Buz\u0103u<\/a><\/h3>\n<\/div>\n<\/div>\n<\/div>\n<div class=\"td-related-span4\">\n<div class=\"td_module_related_posts td-animation-stack td_mod_related_posts\">\n<div class=\"td-module-image\">\n<div class=\"td-module-thumb\"><a href=\"https:\/\/www.tvbuzau.ro\/pesionarii-s-au-adresat-avocatului-poporului\/\" rel=\"bookmark\" title=\"Pesionarii s-au adresat Avocatului Poporului\"><img loading=\"lazy\" decoding=\"async\" width=\"218\" height=\"150\" class=\"entry-thumb\" src=\"https:\/\/analyse.optim.biz\/wp-content\/uploads\/2026\/01\/sddefault-41-218x150-18.jpg\" title=\"Pesionarii s-au adresat Avocatului Poporului\"><span class=\"td-video-play-ico\"><img loading=\"lazy\" decoding=\"async\" width=\"40\" height=\"40\" class=\"td-retina\" src=\"https:\/\/analyse.optim.biz\/wp-content\/uploads\/2026\/01\/ico-video-large-71.png\" alt=\"video\" title=\"ico-video-large-71\"><\/span><\/a><\/div>\n<p><a href=\"https:\/\/www.tvbuzau.ro\/category\/actualitate\/\" class=\"td-post-category\">Actualitate<\/a><\/div>\n<div class=\"item-details\">\n<h3 class=\"entry-title td-module-title\"><a href=\"https:\/\/www.tvbuzau.ro\/pesionarii-s-au-adresat-avocatului-poporului\/\" rel=\"bookmark\" title=\"Pesionarii s-au adresat Avocatului Poporului\">Pesionarii s-au adresat Avocatului Poporului<\/a><\/h3>\n<\/div>\n<\/div>\n<\/div>\n<div class=\"td-related-span4\">\n<div class=\"td_module_related_posts td-animation-stack td_mod_related_posts\">\n<div class=\"td-module-image\">\n<div class=\"td-module-thumb\"><a href=\"https:\/\/www.tvbuzau.ro\/oana-gheorghiu-votata-viceprimar-al-municipiului-buzau\/\" rel=\"bookmark\" title=\"Oana Gheorghiu votat\u0103 viceprimar al municipiului Buz\u0103u\"><img loading=\"lazy\" decoding=\"async\" width=\"218\" height=\"150\" class=\"entry-thumb\" src=\"https:\/\/analyse.optim.biz\/wp-content\/uploads\/2026\/01\/sddefault-39-218x150-16.jpg\" title=\"Oana Gheorghiu votat\u0103 viceprimar al municipiului Buz\u0103u\"><span class=\"td-video-play-ico\"><img loading=\"lazy\" decoding=\"async\" width=\"40\" height=\"40\" class=\"td-retina\" src=\"https:\/\/analyse.optim.biz\/wp-content\/uploads\/2026\/01\/ico-video-large-71.png\" alt=\"video\" title=\"ico-video-large-71\"><\/span><\/a><\/div>\n<p><a href=\"https:\/\/www.tvbuzau.ro\/category\/actualitate\/\" class=\"td-post-category\">Actualitate<\/a><\/div>\n<div class=\"item-details\">\n<h3 class=\"entry-title td-module-title\"><a href=\"https:\/\/www.tvbuzau.ro\/oana-gheorghiu-votata-viceprimar-al-municipiului-buzau\/\" rel=\"bookmark\" title=\"Oana Gheorghiu votat\u0103 viceprimar al municipiului Buz\u0103u\">Oana Gheorghiu votat\u0103 viceprimar al municipiului Buz\u0103u<\/a><\/h3>\n<\/div>\n<\/div>\n<\/div>\n<\/div>\n<\/div>\n<\/div>\n<div class=\"comments\" id=\"comments\">\n<div id=\"respond\" class=\"comment-respond\">\n<h3 id=\"reply-title\" class=\"comment-reply-title\">L\u0102SA\u021aI UN MESAJ <small><a rel=\"nofollow\" id=\"cancel-comment-reply-link\" href=\"https:\/\/www.tvbuzau.ro\/incendiile-de-locuinta-o-realitate-a-sezonului-rece\/#respond\">Renun\u021ba\u021bi la r\u0103spuns<\/a><\/small><\/h3>\n<\/div>\n<\/div>\n<\/div>\n<div class=\"td-post-content\">\n<div class=\"td-featured-image-rec\">\n<div class=\"wpb_video_wrapper\">\n                    <iframe loading=\"lazy\" id=\"td_youtube_player\" width=\"600\" height=\"560\" src=\"https:\/\/www.youtube.com\/embed\/vK0wict_0mo?enablejsapi=1&amp;feature=oembed&amp;wmode=opaque&amp;vq=hd720\" frameborder allowfullscreen><\/iframe><\/p><\/div>\n<\/div>\n<p>Recomand\u0103ri utile de la pompieri<br \/>\nPompierii atrag aten\u0163ia, \u00een contextul sezonului rece c\u0103 atunci c\u00e2nd sunt \u00eenc\u0103lzite camerele, oamenii trebuie s\u0103 \u0163in\u0103 cont de c\u00e2teva reguli astfel \u00eenc\u00e2t s\u0103 \u00eenl\u0103ture orice pericol. \u00cen ultima perioad\u0103 au fost \u00eenregistrate mai multe incendii de locuin\u0163e, motiv pentru care autorit\u0103\u0163ile ofer\u0103 un set de recomnd\u0103ri.<\/p>\n<p>IGSU<br \/>\n\u201eNu adormi\u021bi cu focul aprins \u00een sob\u0103, un moment de neaten\u021bie poate avea urm\u0103ri grave. Riscurile sunt reale \u0219i periculoase:<br \/>\nIntoxica\u021bia cu monoxid de carbon, un gaz invizibil \u0219i f\u0103r\u0103 miros, care poate provoca ame\u021beli, pierderea cuno\u0219tin\u021bei \u0219i chiar deces \u00een timpul somnului.<br \/>\n Incendiile, declan\u0219ate de sc\u00e2ntei sau jar ie\u0219it din sob\u0103, mai ales dac\u0103 \u00een apropiere se afl\u0103 materiale care se pot aprinde u\u0219or (covor, perdele, h\u00e2rtii).<br \/>\nDegajarea de fum \u00een interior, care reduce oxigenul din camer\u0103 \u0219i afecteaz\u0103 grav respira\u021bia\u201d, informeaz\u0103 Inspectoratul General pentru Situa\u0163ii de Urgen\u0163\u0103.<\/p>\n<p>Totodat\u0103, supra\u00eenc\u0103lzirea \u0219i deteriorarea sobei, pot duce la fisuri \u0219i scurgeri de gaze toxice.<br \/>\nRecomandarea pompierilor este ca focul din sob\u0103 s\u0103 fie l\u0103sat s\u0103 se sting\u0103 complet \u00eenainte de culcare, pentru a preveni aceste pericole \u0219i a v\u0103 proteja via\u021ba, locuin\u021ba \u0219i pe cei dragi.<\/p>\n<div class=\"post-views post-117896 entry-meta\"><span class=\"post-views-label\">Post Views: <\/span><span class=\"post-views-count\">82<\/span><\/div>\n<\/div>\n<p> Source URL: https:\/\/www.tvbuzau.ro\/incendiile-de-locuinta-o-realitate-a-sezonului-rece\/<\/p>\n","protected":false},"excerpt":{"rendered":"<p>Actualitate Incendiile de locuin\u0163\u0103, o realitate a sezonului rece De c\u0103tre TV Buz\u0103u &#8211; ianuarie 29, 2026 0 6 Distribui\u021bi pe Facebook Distribui\u021bi pe Twitter tweet Recomand\u0103ri utile de la pompieri Pompierii atrag aten\u0163ia, \u00een contextul sezonului rece c\u0103 atunci c\u00e2nd sunt \u00eenc\u0103lzite camerele, oamenii trebuie s\u0103 \u0163in\u0103 cont de c\u00e2teva reguli astfel \u00eenc\u00e2t s\u0103 [&hellip;]<\/p>\n","protected":false},"author":1,"featured_media":1553669,"comment_status":"open","ping_status":"","sticky":false,"template":"","format":"standard","meta":{"footnotes":""},"categories":[2],"tags":[116],"class_list":["post-1553668","post","type-post","status-publish","format-standard","has-post-thumbnail","hentry","category-politics","tag-tvbuzau-ro"],"_links":{"self":[{"href":"https:\/\/analyse.optim.biz\/index.php?rest_route=\/wp\/v2\/posts\/1553668","targetHints":{"allow":["GET"]}}],"collection":[{"href":"https:\/\/analyse.optim.biz\/index.php?rest_route=\/wp\/v2\/posts"}],"about":[{"href":"https:\/\/analyse.optim.biz\/index.php?rest_route=\/wp\/v2\/types\/post"}],"author":[{"embeddable":true,"href":"https:\/\/analyse.optim.biz\/index.php?rest_route=\/wp\/v2\/users\/1"}],"replies":[{"embeddable":true,"href":"https:\/\/analyse.optim.biz\/index.php?rest_route=%2Fwp%2Fv2%2Fcomments&post=1553668"}],"version-history":[{"count":0,"href":"https:\/\/analyse.optim.biz\/index.php?rest_route=\/wp\/v2\/posts\/1553668\/revisions"}],"wp:featuredmedia":[{"embeddable":true,"href":"https:\/\/analyse.optim.biz\/index.php?rest_route=\/wp\/v2\/media\/1553669"}],"wp:attachment":[{"href":"https:\/\/analyse.optim.biz\/index.php?rest_route=%2Fwp%2Fv2%2Fmedia&parent=1553668"}],"wp:term":[{"taxonomy":"category","embeddable":true,"href":"https:\/\/analyse.optim.biz\/index.php?rest_route=%2Fwp%2Fv2%2Fcategories&post=1553668"},{"taxonomy":"post_tag","embeddable":true,"href":"https:\/\/analyse.optim.biz\/index.php?rest_route=%2Fwp%2Fv2%2Ftags&post=1553668"}],"curies":[{"name":"wp","href":"https:\/\/api.w.org\/{rel}","templated":true}]}}