{"id":1553631,"date":"2026-01-29T20:03:10","date_gmt":"2026-01-29T17:03:10","guid":{"rendered":"https:\/\/analyse.optim.biz\/?p=1553631"},"modified":"2026-01-29T20:03:10","modified_gmt":"2026-01-29T17:03:10","slug":"dupa-ce-a-fost-in-siberia-buzoianul-cosmin-craciun-a-plecat-in-africa","status":"publish","type":"post","link":"https:\/\/analyse.optim.biz\/?p=1553631","title":{"rendered":"Dup\u0103 ce a fost \u00een Siberia, buzoianul Cosmin Cr\u0103ciun a plecat \u00een Africa"},"content":{"rendered":"<div class=\"td-ss-main-content\">\n<article id=\"post-117902\" class=\"post-117902 post type-post status-publish format-video has-post-thumbnail hentry category-actualitate post_format-post-format-video\">\n<div class=\"td-post-header\">\n<ul class=\"td-category\">\n<li class=\"entry-category\"><a href=\"https:\/\/www.tvbuzau.ro\/category\/actualitate\/\">Actualitate<\/a><\/li>\n<\/ul>\n<header class=\"td-post-title\">\n<h1 class=\"entry-title\">Dup\u0103 ce a fost \u00een Siberia, buzoianul Cosmin Cr\u0103ciun a plecat \u00een Africa<\/h1>\n<div class=\"td-module-meta-info\">\n<div class=\"td-post-author-name\">De c\u0103tre <a href=\"https:\/\/www.tvbuzau.ro\/author\/mihai-vasilescu\/\">TV Buz\u0103u<\/a> &#8211; <\/div>\n<p><span class=\"td-post-date\"><time class=\"entry-date updated td-module-date\" datetime=\"2026-01-29T20:03:10+00:00\">ianuarie 29, 2026<\/time><\/span><\/p>\n<div class=\"td-post-comments\"><a href=\"https:\/\/www.tvbuzau.ro\/dupa-ce-a-fost-in-siberia-buzoianul-cosmin-craciun-a-plecat-in-africa\/#respond\">0<\/a><\/div>\n<div class=\"td-post-views\"><span class=\"td-nr-views-117902\">9<\/span><\/div>\n<\/div>\n<\/header>\n<\/div>\n<div class=\"td-post-sharing td-post-sharing-top td-with-like\">\n<div class=\"td-default-sharing\"><a class=\"td-social-sharing-buttons td-social-facebook\" href=\"http:\/\/www.facebook.com\/sharer.php?u=https%3A%2F%2Fwww.tvbuzau.ro%2Fdupa-ce-a-fost-in-siberia-buzoianul-cosmin-craciun-a-plecat-in-africa%2F\"><\/p>\n<div class=\"td-social-but-text\">Distribui\u021bi pe Facebook<\/div>\n<p><\/a><a class=\"td-social-sharing-buttons td-social-twitter\" href=\"https:\/\/twitter.com\/intent\/tweet?text=Dup%C4%83+ce+a+fost+%C3%AEn+Siberia%2C+buzoianul+Cosmin+Cr%C4%83ciun+a+plecat+%C3%AEn+Africa&amp;url=https%3A%2F%2Fwww.tvbuzau.ro%2Fdupa-ce-a-fost-in-siberia-buzoianul-cosmin-craciun-a-plecat-in-africa%2F&amp;via=TV+Buz%C4%83u\"><\/p>\n<div class=\"td-social-but-text\">Distribui\u021bi pe Twitter<\/div>\n<p><\/a><\/div>\n<div class=\"td-classic-sharing\">\n<ul>\n<li class=\"td-classic-facebook\"><iframe frameborder src=\"https:\/\/www.facebook.com\/plugins\/like.php?href=https:\/\/www.tvbuzau.ro\/dupa-ce-a-fost-in-siberia-buzoianul-cosmin-craciun-a-plecat-in-africa\/&amp;layout=button_count&amp;show_faces=false&amp;width=105&amp;action=like&amp;colorscheme=light&amp;height=21\"><\/iframe><\/li>\n<li class=\"td-classic-twitter\"><a href=\"https:\/\/twitter.com\/share\" class=\"twitter-share-button\" data-url=\"https:\/\/www.tvbuzau.ro\/dupa-ce-a-fost-in-siberia-buzoianul-cosmin-craciun-a-plecat-in-africa\/\" data-text=\"Dup\u0103 ce a fost \u00een Siberia, buzoianul Cosmin Cr\u0103ciun a plecat \u00een Africa\" data-via data-lang=\"en\">tweet<\/a><\/li>\n<\/ul>\n<\/div>\n<\/div>\n<div class=\"td-post-content\">\n<div class=\"td-featured-image-rec\">\n<div class=\"wpb_video_wrapper\">\n                    <iframe loading=\"lazy\" id=\"td_youtube_player\" width=\"600\" height=\"560\" src=\"https:\/\/www.youtube.com\/embed\/pZb6vNn_9Uw?enablejsapi=1&amp;feature=oembed&amp;wmode=opaque&amp;vq=hd720\" frameborder allowfullscreen><\/iframe><\/p><\/div>\n<\/div>\n<p>Pe drum a dat tot de z\u0103pad\u0103<br \/>\nDup\u0103 ce anul trecut a ajuns cu autoturismul s\u0103u Dacia Duster \u00een Siberia, \u00eendur\u00e2nd temperaturi de p\u00e2n\u0103 la -40 de grade Celsius, de aceast\u0103 dat\u0103 buzoianul Cosmin Cr\u0103ciun a ales s\u0103 schimbe direc\u0163ia de mers c\u0103tre o alt\u0103 extrem\u0103.  A plecat spre Africa unde va \u00eendura temperaturi de peste 40 de grade Celsius. Buzoianul va \u00eenfrunta dune nesf\u00e2r\u015fite, praf \u015fi un soare nemilos \u00eentr-o aventur\u0103 de mii de kilometri. A traversat deja z\u0103pada de pe \u015foselele din Europa \u015fi se deplseaz\u0103 c\u0103tre destina\u0163ie \u00eens\u0103 \u015fi acolo unde credea c\u0103 vremea se \u00eendreapta, a dat tot de z\u0103pad\u0103.<br \/>\nDrumul este plin de peripe\u0163i la fiecare kilometru parcus.<br \/>\nBuzoianul \u015fi-a propus s\u0103 ajung\u0103 la Dakar, ora\u015f situat \u00een Senegal-Afric de vest.<\/p>\n<div class=\"post-views post-117902 entry-meta\"><span class=\"post-views-label\">Post Views: <\/span><span class=\"post-views-count\">89<\/span><\/div>\n<\/div>\n<footer>\n<div class=\"td-post-sharing td-post-sharing-bottom td-with-like\"><span class=\"td-post-share-title\">DISTRIBUI\u021aI<\/span><\/p>\n<div class=\"td-default-sharing\"><a class=\"td-social-sharing-buttons td-social-facebook\" href=\"http:\/\/www.facebook.com\/sharer.php?u=https%3A%2F%2Fwww.tvbuzau.ro%2Fdupa-ce-a-fost-in-siberia-buzoianul-cosmin-craciun-a-plecat-in-africa%2F\"><\/p>\n<div class=\"td-social-but-text\">Facebook<\/div>\n<p><\/a><a class=\"td-social-sharing-buttons td-social-twitter\" href=\"https:\/\/twitter.com\/intent\/tweet?text=Dup%C4%83+ce+a+fost+%C3%AEn+Siberia%2C+buzoianul+Cosmin+Cr%C4%83ciun+a+plecat+%C3%AEn+Africa&amp;url=https%3A%2F%2Fwww.tvbuzau.ro%2Fdupa-ce-a-fost-in-siberia-buzoianul-cosmin-craciun-a-plecat-in-africa%2F&amp;via=TV+Buz%C4%83u\"><\/p>\n<div class=\"td-social-but-text\">Twitter<\/div>\n<p><\/a><\/div>\n<div class=\"td-classic-sharing\">\n<ul>\n<li class=\"td-classic-facebook\"><iframe frameborder src=\"https:\/\/www.facebook.com\/plugins\/like.php?href=https:\/\/www.tvbuzau.ro\/dupa-ce-a-fost-in-siberia-buzoianul-cosmin-craciun-a-plecat-in-africa\/&amp;layout=button_count&amp;show_faces=false&amp;width=105&amp;action=like&amp;colorscheme=light&amp;height=21\"><\/iframe><\/li>\n<li class=\"td-classic-twitter\"><a href=\"https:\/\/twitter.com\/share\" class=\"twitter-share-button\" data-url=\"https:\/\/www.tvbuzau.ro\/dupa-ce-a-fost-in-siberia-buzoianul-cosmin-craciun-a-plecat-in-africa\/\" data-text=\"Dup\u0103 ce a fost \u00een Siberia, buzoianul Cosmin Cr\u0103ciun a plecat \u00een Africa\" data-via data-lang=\"en\">tweet<\/a><\/li>\n<\/ul>\n<\/div>\n<\/div>\n<div class=\"td-author-name vcard author\"><span class=\"fn\"><a href=\"https:\/\/www.tvbuzau.ro\/author\/mihai-vasilescu\/\">TV Buz\u0103u<\/a><\/span><\/div>\n<p><span><\/span><span><span><\/span><\/span><span><\/span><\/footer>\n<\/article>\n<div class=\"td_block_wrap td_block_related_posts td_uid_1_697be831e64ba_rand td_with_ajax_pagination td-pb-border-top\" data-td-block-uid=\"td_uid_1_697be831e64ba\">\n<h4 class=\"td-related-title\"><a id=\"td_uid_2_697be831ec093\" class=\"td-related-left td-cur-simple-item\" data-td_filter_value data-td_block_id=\"td_uid_1_697be831e64ba\" href=\"https:\/\/www.tvbuzau.ro\/dupa-ce-a-fost-in-siberia-buzoianul-cosmin-craciun-a-plecat-in-africa\/\">ARTICOLE SIMILARE<\/a><a id=\"td_uid_3_697be831ec0cd\" class=\"td-related-right\" data-td_filter_value=\"td_related_more_from_author\" data-td_block_id=\"td_uid_1_697be831e64ba\" href=\"https:\/\/www.tvbuzau.ro\/dupa-ce-a-fost-in-siberia-buzoianul-cosmin-craciun-a-plecat-in-africa\/\">DE LA ACELA\u0218I AUTOR<\/a><\/h4>\n<div id=\"td_uid_1_697be831e64ba\" class=\"td_block_inner\">\n<div class=\"td-related-row\">\n<div class=\"td-related-span4\">\n<div class=\"td_module_related_posts td-animation-stack td_mod_related_posts\">\n<div class=\"td-module-image\">\n<div class=\"td-module-thumb\"><a href=\"https:\/\/www.tvbuzau.ro\/alunecari-de-teren-in-judet\/\" rel=\"bookmark\" title=\"Alunec\u0103ri de teren \u00een jude\u0163\"><img loading=\"lazy\" decoding=\"async\" width=\"218\" height=\"150\" class=\"entry-thumb\" src=\"https:\/\/analyse.optim.biz\/wp-content\/uploads\/2026\/01\/hqdefault-39-218x150-15.jpg\" title=\"Alunec\u0103ri de teren \u00een jude\u0163\"><span class=\"td-video-play-ico\"><img loading=\"lazy\" decoding=\"async\" width=\"40\" height=\"40\" class=\"td-retina\" src=\"https:\/\/analyse.optim.biz\/wp-content\/uploads\/2026\/01\/ico-video-large-68.png\" alt=\"video\" title=\"ico-video-large-68\"><\/span><\/a><\/div>\n<p><a href=\"https:\/\/www.tvbuzau.ro\/category\/actualitate\/\" class=\"td-post-category\">Actualitate<\/a><\/div>\n<div class=\"item-details\">\n<h3 class=\"entry-title td-module-title\"><a href=\"https:\/\/www.tvbuzau.ro\/alunecari-de-teren-in-judet\/\" rel=\"bookmark\" title=\"Alunec\u0103ri de teren \u00een jude\u0163\">Alunec\u0103ri de teren \u00een jude\u0163<\/a><\/h3>\n<\/div>\n<\/div>\n<\/div>\n<div class=\"td-related-span4\">\n<div class=\"td_module_related_posts td-animation-stack td_mod_related_posts\">\n<div class=\"td-module-image\">\n<div class=\"td-module-thumb\"><a href=\"https:\/\/www.tvbuzau.ro\/marcel-ciolacu-a-cerut-audit-extern-la-cj-buzau\/\" rel=\"bookmark\" title=\"Marcel Ciolacu a cerut audit extern la CJ Buz\u0103u\"><img loading=\"lazy\" decoding=\"async\" width=\"218\" height=\"150\" class=\"entry-thumb\" src=\"https:\/\/analyse.optim.biz\/wp-content\/uploads\/2026\/01\/hqdefault-38-218x150-15.jpg\" title=\"Marcel Ciolacu a cerut audit extern la CJ Buz\u0103u\"><span class=\"td-video-play-ico\"><img loading=\"lazy\" decoding=\"async\" width=\"40\" height=\"40\" class=\"td-retina\" src=\"https:\/\/analyse.optim.biz\/wp-content\/uploads\/2026\/01\/ico-video-large-68.png\" alt=\"video\" title=\"ico-video-large-68\"><\/span><\/a><\/div>\n<p><a href=\"https:\/\/www.tvbuzau.ro\/category\/actualitate\/\" class=\"td-post-category\">Actualitate<\/a><\/div>\n<div class=\"item-details\">\n<h3 class=\"entry-title td-module-title\"><a href=\"https:\/\/www.tvbuzau.ro\/marcel-ciolacu-a-cerut-audit-extern-la-cj-buzau\/\" rel=\"bookmark\" title=\"Marcel Ciolacu a cerut audit extern la CJ Buz\u0103u\">Marcel Ciolacu a cerut audit extern la CJ Buz\u0103u<\/a><\/h3>\n<\/div>\n<\/div>\n<\/div>\n<div class=\"td-related-span4\">\n<div class=\"td_module_related_posts td-animation-stack td_mod_related_posts\">\n<div class=\"td-module-image\">\n<div class=\"td-module-thumb\"><a href=\"https:\/\/www.tvbuzau.ro\/doua-concursuri-suspendate-de-spitalul-judetean-buzau\/\" rel=\"bookmark\" title=\"Dou\u0103 concursuri suspendate de Spitalul Jude\u0163ean Buz\u0103u\"><img loading=\"lazy\" decoding=\"async\" width=\"218\" height=\"150\" class=\"entry-thumb\" src=\"https:\/\/analyse.optim.biz\/wp-content\/uploads\/2026\/01\/hqdefault-36-218x150-16.jpg\" title=\"Dou\u0103 concursuri suspendate de Spitalul Jude\u0163ean Buz\u0103u\"><span class=\"td-video-play-ico\"><img loading=\"lazy\" decoding=\"async\" width=\"40\" height=\"40\" class=\"td-retina\" src=\"https:\/\/analyse.optim.biz\/wp-content\/uploads\/2026\/01\/ico-video-large-68.png\" alt=\"video\" title=\"ico-video-large-68\"><\/span><\/a><\/div>\n<p><a href=\"https:\/\/www.tvbuzau.ro\/category\/actualitate\/\" class=\"td-post-category\">Actualitate<\/a><\/div>\n<div class=\"item-details\">\n<h3 class=\"entry-title td-module-title\"><a href=\"https:\/\/www.tvbuzau.ro\/doua-concursuri-suspendate-de-spitalul-judetean-buzau\/\" rel=\"bookmark\" title=\"Dou\u0103 concursuri suspendate de Spitalul Jude\u0163ean Buz\u0103u\">Dou\u0103 concursuri suspendate de Spitalul Jude\u0163ean Buz\u0103u<\/a><\/h3>\n<\/div>\n<\/div>\n<\/div>\n<\/div>\n<div class=\"td-related-row\">\n<div class=\"td-related-span4\">\n<div class=\"td_module_related_posts td-animation-stack td_mod_related_posts\">\n<div class=\"td-module-image\">\n<div class=\"td-module-thumb\"><a href=\"https:\/\/www.tvbuzau.ro\/incendiile-de-locuinta-o-realitate-a-sezonului-rece\/\" rel=\"bookmark\" title=\"Incendiile de locuin\u0163\u0103, o realitate a sezonului rece\"><img loading=\"lazy\" decoding=\"async\" width=\"218\" height=\"150\" class=\"entry-thumb\" src=\"https:\/\/analyse.optim.biz\/wp-content\/uploads\/2026\/01\/hqdefault-35-218x150-16.jpg\" title=\"Incendiile de locuin\u0163\u0103, o realitate a sezonului rece\"><span class=\"td-video-play-ico\"><img loading=\"lazy\" decoding=\"async\" width=\"40\" height=\"40\" class=\"td-retina\" src=\"https:\/\/analyse.optim.biz\/wp-content\/uploads\/2026\/01\/ico-video-large-68.png\" alt=\"video\" title=\"ico-video-large-68\"><\/span><\/a><\/div>\n<p><a href=\"https:\/\/www.tvbuzau.ro\/category\/actualitate\/\" class=\"td-post-category\">Actualitate<\/a><\/div>\n<div class=\"item-details\">\n<h3 class=\"entry-title td-module-title\"><a href=\"https:\/\/www.tvbuzau.ro\/incendiile-de-locuinta-o-realitate-a-sezonului-rece\/\" rel=\"bookmark\" title=\"Incendiile de locuin\u0163\u0103, o realitate a sezonului rece\">Incendiile de locuin\u0163\u0103, o realitate a sezonului rece<\/a><\/h3>\n<\/div>\n<\/div>\n<\/div>\n<div class=\"td-related-span4\">\n<div class=\"td_module_related_posts td-animation-stack td_mod_related_posts\">\n<div class=\"td-module-image\">\n<div class=\"td-module-thumb\"><a href=\"https:\/\/www.tvbuzau.ro\/pesionarii-s-au-adresat-avocatului-poporului\/\" rel=\"bookmark\" title=\"Pesionarii s-au adresat Avocatului Poporului\"><img loading=\"lazy\" decoding=\"async\" width=\"218\" height=\"150\" class=\"entry-thumb\" src=\"https:\/\/analyse.optim.biz\/wp-content\/uploads\/2026\/01\/sddefault-41-218x150-16.jpg\" title=\"Pesionarii s-au adresat Avocatului Poporului\"><span class=\"td-video-play-ico\"><img loading=\"lazy\" decoding=\"async\" width=\"40\" height=\"40\" class=\"td-retina\" src=\"https:\/\/analyse.optim.biz\/wp-content\/uploads\/2026\/01\/ico-video-large-68.png\" alt=\"video\" title=\"ico-video-large-68\"><\/span><\/a><\/div>\n<p><a href=\"https:\/\/www.tvbuzau.ro\/category\/actualitate\/\" class=\"td-post-category\">Actualitate<\/a><\/div>\n<div class=\"item-details\">\n<h3 class=\"entry-title td-module-title\"><a href=\"https:\/\/www.tvbuzau.ro\/pesionarii-s-au-adresat-avocatului-poporului\/\" rel=\"bookmark\" title=\"Pesionarii s-au adresat Avocatului Poporului\">Pesionarii s-au adresat Avocatului Poporului<\/a><\/h3>\n<\/div>\n<\/div>\n<\/div>\n<div class=\"td-related-span4\">\n<div class=\"td_module_related_posts td-animation-stack td_mod_related_posts\">\n<div class=\"td-module-image\">\n<div class=\"td-module-thumb\"><a href=\"https:\/\/www.tvbuzau.ro\/oana-gheorghiu-votata-viceprimar-al-municipiului-buzau\/\" rel=\"bookmark\" title=\"Oana Gheorghiu votat\u0103 viceprimar al municipiului Buz\u0103u\"><img loading=\"lazy\" decoding=\"async\" width=\"218\" height=\"150\" class=\"entry-thumb\" src=\"https:\/\/analyse.optim.biz\/wp-content\/uploads\/2026\/01\/sddefault-39-218x150-14.jpg\" title=\"Oana Gheorghiu votat\u0103 viceprimar al municipiului Buz\u0103u\"><span class=\"td-video-play-ico\"><img loading=\"lazy\" decoding=\"async\" width=\"40\" height=\"40\" class=\"td-retina\" src=\"https:\/\/analyse.optim.biz\/wp-content\/uploads\/2026\/01\/ico-video-large-68.png\" alt=\"video\" title=\"ico-video-large-68\"><\/span><\/a><\/div>\n<p><a href=\"https:\/\/www.tvbuzau.ro\/category\/actualitate\/\" class=\"td-post-category\">Actualitate<\/a><\/div>\n<div class=\"item-details\">\n<h3 class=\"entry-title td-module-title\"><a href=\"https:\/\/www.tvbuzau.ro\/oana-gheorghiu-votata-viceprimar-al-municipiului-buzau\/\" rel=\"bookmark\" title=\"Oana Gheorghiu votat\u0103 viceprimar al municipiului Buz\u0103u\">Oana Gheorghiu votat\u0103 viceprimar al municipiului Buz\u0103u<\/a><\/h3>\n<\/div>\n<\/div>\n<\/div>\n<\/div>\n<\/div>\n<\/div>\n<div class=\"comments\" id=\"comments\">\n<div id=\"respond\" class=\"comment-respond\">\n<h3 id=\"reply-title\" class=\"comment-reply-title\">L\u0102SA\u021aI UN MESAJ <small><a rel=\"nofollow\" id=\"cancel-comment-reply-link\" href=\"https:\/\/www.tvbuzau.ro\/dupa-ce-a-fost-in-siberia-buzoianul-cosmin-craciun-a-plecat-in-africa\/#respond\">Renun\u021ba\u021bi la r\u0103spuns<\/a><\/small><\/h3>\n<\/div>\n<\/div>\n<\/div>\n<div class=\"td-post-content\">\n<div class=\"td-featured-image-rec\">\n<div class=\"wpb_video_wrapper\">\n                    <iframe loading=\"lazy\" id=\"td_youtube_player\" width=\"600\" height=\"560\" src=\"https:\/\/www.youtube.com\/embed\/pZb6vNn_9Uw?enablejsapi=1&amp;feature=oembed&amp;wmode=opaque&amp;vq=hd720\" frameborder allowfullscreen><\/iframe><\/p><\/div>\n<\/div>\n<p>Pe drum a dat tot de z\u0103pad\u0103<br \/>\nDup\u0103 ce anul trecut a ajuns cu autoturismul s\u0103u Dacia Duster \u00een Siberia, \u00eendur\u00e2nd temperaturi de p\u00e2n\u0103 la -40 de grade Celsius, de aceast\u0103 dat\u0103 buzoianul Cosmin Cr\u0103ciun a ales s\u0103 schimbe direc\u0163ia de mers c\u0103tre o alt\u0103 extrem\u0103.  A plecat spre Africa unde va \u00eendura temperaturi de peste 40 de grade Celsius. Buzoianul va \u00eenfrunta dune nesf\u00e2r\u015fite, praf \u015fi un soare nemilos \u00eentr-o aventur\u0103 de mii de kilometri. A traversat deja z\u0103pada de pe \u015foselele din Europa \u015fi se deplseaz\u0103 c\u0103tre destina\u0163ie \u00eens\u0103 \u015fi acolo unde credea c\u0103 vremea se \u00eendreapta, a dat tot de z\u0103pad\u0103.<br \/>\nDrumul este plin de peripe\u0163i la fiecare kilometru parcus.<br \/>\nBuzoianul \u015fi-a propus s\u0103 ajung\u0103 la Dakar, ora\u015f situat \u00een Senegal-Afric de vest.<\/p>\n<div class=\"post-views post-117902 entry-meta\"><span class=\"post-views-label\">Post Views: <\/span><span class=\"post-views-count\">89<\/span><\/div>\n<\/div>\n<p> Source URL: https:\/\/www.tvbuzau.ro\/dupa-ce-a-fost-in-siberia-buzoianul-cosmin-craciun-a-plecat-in-africa\/<\/p>\n","protected":false},"excerpt":{"rendered":"<p>Actualitate Dup\u0103 ce a fost \u00een Siberia, buzoianul Cosmin Cr\u0103ciun a plecat \u00een Africa De c\u0103tre TV Buz\u0103u &#8211; ianuarie 29, 2026 0 9 Distribui\u021bi pe Facebook Distribui\u021bi pe Twitter tweet Pe drum a dat tot de z\u0103pad\u0103 Dup\u0103 ce anul trecut a ajuns cu autoturismul s\u0103u Dacia Duster \u00een Siberia, \u00eendur\u00e2nd temperaturi de p\u00e2n\u0103 [&hellip;]<\/p>\n","protected":false},"author":1,"featured_media":1553632,"comment_status":"open","ping_status":"","sticky":false,"template":"","format":"standard","meta":{"footnotes":""},"categories":[2],"tags":[116],"class_list":["post-1553631","post","type-post","status-publish","format-standard","has-post-thumbnail","hentry","category-politics","tag-tvbuzau-ro"],"_links":{"self":[{"href":"https:\/\/analyse.optim.biz\/index.php?rest_route=\/wp\/v2\/posts\/1553631","targetHints":{"allow":["GET"]}}],"collection":[{"href":"https:\/\/analyse.optim.biz\/index.php?rest_route=\/wp\/v2\/posts"}],"about":[{"href":"https:\/\/analyse.optim.biz\/index.php?rest_route=\/wp\/v2\/types\/post"}],"author":[{"embeddable":true,"href":"https:\/\/analyse.optim.biz\/index.php?rest_route=\/wp\/v2\/users\/1"}],"replies":[{"embeddable":true,"href":"https:\/\/analyse.optim.biz\/index.php?rest_route=%2Fwp%2Fv2%2Fcomments&post=1553631"}],"version-history":[{"count":0,"href":"https:\/\/analyse.optim.biz\/index.php?rest_route=\/wp\/v2\/posts\/1553631\/revisions"}],"wp:featuredmedia":[{"embeddable":true,"href":"https:\/\/analyse.optim.biz\/index.php?rest_route=\/wp\/v2\/media\/1553632"}],"wp:attachment":[{"href":"https:\/\/analyse.optim.biz\/index.php?rest_route=%2Fwp%2Fv2%2Fmedia&parent=1553631"}],"wp:term":[{"taxonomy":"category","embeddable":true,"href":"https:\/\/analyse.optim.biz\/index.php?rest_route=%2Fwp%2Fv2%2Fcategories&post=1553631"},{"taxonomy":"post_tag","embeddable":true,"href":"https:\/\/analyse.optim.biz\/index.php?rest_route=%2Fwp%2Fv2%2Ftags&post=1553631"}],"curies":[{"name":"wp","href":"https:\/\/api.w.org\/{rel}","templated":true}]}}