{"id":1553121,"date":"2015-08-17T09:37:12","date_gmt":"2015-08-17T06:37:12","guid":{"rendered":"https:\/\/analyse.optim.biz\/?p=1553121"},"modified":"2015-08-17T09:37:12","modified_gmt":"2015-08-17T06:37:12","slug":"actiune-pentru-cautarea-unor-persoane-ratacite-suceavalive","status":"publish","type":"post","link":"https:\/\/analyse.optim.biz\/?p=1553121","title":{"rendered":"Ac\u0163iune pentru c\u0103utarea unor persoane r\u0103t\u0103cite &#8211; SuceavaLIVE"},"content":{"rendered":"<article id=\"post-62382\" class=\"clearfix post-62382 post type-post status-publish format-standard has-post-thumbnail hentry category-comunicate category-slide tag-16-august tag-actiune-pentru-cautarea-unor-persoane-ratacite tag-din-municipiul-piatra-neamt tag-duminica tag-la-dispeceratul-inspectoratului-de-jandarmi-judetean-suceava-a-fost-redirectionat-un-apel-telefonic-efectuat-prin-s-n-u-a-u-112-de-catre-o-femeie-in-varsta-de-24-de-ani tag-prin-care-aceasta-semnala-faptul-ca-s-a-ratacit-in-timp-ce-se-deplasa-spre-masivul-rarau\">\n<header id=\"cb-standard-featured\">\n<div id=\"cb-fis-wrap\" class=\"cb-entry-header cb-fis cb-style-standard\"><span class=\"cb-title-fi\"><\/p>\n<h1 class=\"entry-title cb-entry-title cb-single-title\">Ac\u0163iune pentru c\u0103utarea unor persoane r\u0103t\u0103cite<\/h1>\n<div class=\"cb-byline cb-font-header\">\n<div class=\"cb-date cb-byline-element\"><time datetime=\"2015-08-17\">17 august 2015<\/time><\/div>\n<\/div>\n<p><\/span><\/div>\n<div class=\"cb-mask\"><img decoding=\"async\" width=\"960\" height=\"720\" src=\"https:\/\/analyse.optim.biz\/wp-content\/uploads\/2026\/01\/montan-clung-1-1.jpg\" class=\"attachment-cb-full-full size-cb-full-full wp-post-image\" loading=\"lazy\" title=\"montan-clung-1-1\"><\/div>\n<\/header>\n<p>Duminic\u0103, 16 august, la dispeceratul Inspectoratului de Jandarmi Jude\u0163ean Suceava a fost redirec\u0163ionat un apel telefonic efectuat prin S.N.U.A.U. 112 de c\u0103tre o femeie \u00een v\u00e2rst\u0103 de 24 de ani, din municipiul Piatra Neam\u0163, prin care aceasta semnala faptul c\u0103 s-a r\u0103t\u0103cit \u00een timp ce se deplasa spre Masivul Rar\u0103u. <\/p>\n<section class=\"cb-entry-content entry-content clearfix\">\n<p>Persoana \u00een cauz\u0103 a relatat faptul c\u0103 ea \u015fi prietenul s\u0103u, \u00een v\u00e2rst\u0103 de 24 de ani, din municipiul Boto\u015fani, au plecat \u00een cursul dup\u0103-amiezii din municipiul C\u00e2mpulung Moldovenesc spre Cabana Rar\u0103u, pe traseul Izvorul Alb \u2013 Cabana Rar\u0103u, cu inten\u0163ia de a se caza la aceast\u0103 unitate turistic\u0103. La un moment dat, s-au ab\u0103tut de la traseul marcat, s-au r\u0103t\u0103cit \u015fi nemaifiind \u00een m\u0103sur\u0103 s\u0103 \u00ee\u015fi continue deplasarea din cauza \u00eentunericului, au solicitat sprijinul autorit\u0103\u0163ilor. Pentru c\u0103utarea persoanei \u00een cauz\u0103 au ac\u0163ionat dou\u0103 echipe alc\u0103tuite din jandarmi montani \u015fi salvamonti\u015fti, care au comunicat cu persoanele r\u0103t\u0103cite prin intermediul telefonului mobil, reu\u015find s\u0103 le g\u0103seasc\u0103 la ora 23.10. Cele dou\u0103 persoane nu prezentau probleme de s\u0103n\u0103tate \u015fi au fost conduse \u00een municipiul C\u00e2mpulung Moldovenesc.<\/p>\n<p>Jandarmeria Montan\u0103 sf\u0103tuie\u015fte turi\u015ftii s\u0103 \u0163in\u0103 cont de urm\u0103toarele recomand\u0103ri:<br \/>\n\u2022\ts\u0103 se informeze cu privire la itinerarul propus \u015fi gradul de dificultate al acestuia, condi\u0163iile climaterice locale \u015fi situa\u0163ia unit\u0103\u0163ilor turistice de cazare;<br \/>\n\u2022\ts\u0103 nu porneasc\u0103 singuri la drum, \u00eenainte de l\u0103sarea \u00eentunericului sau dup\u0103 consumarea b\u0103uturilor alcoolice;<br \/>\n\u2022\ts\u0103 foloseasc\u0103 numai traseele marcate \u015fi s\u0103 urm\u0103reasc\u0103 marcajele de pe traseu, s\u0103 aib\u0103 echipament adecvat zonei de munte, lantern\u0103, rucsac \u015fi trus\u0103 de prim ajutor, sac de dormit;<br \/>\n\u2022\ts\u0103 solicite sprijinul Jandarmeriei Montane \u015fi Salvamont (apel\u00e2nd num\u0103rul unic de urgen\u0163\u0103 112), specific\u00e2nd urm\u0103toarele: datele de identificare ale persoanei care anun\u0163\u0103, ce s-a \u00eent\u00e2mplat, c\u00e2te persoane au nevoie de ajutor \u015fi locul unde sunt persoanele aflate \u00een dificultate.<\/p>\n<\/section>\n<footer class=\"article-footer\">\n<p class=\"cb-tags\"><a href=\"https:\/\/suceavalive.ro\/tag\/16-august\/\" rel=\"tag\">16 august<\/a><a href=\"https:\/\/suceavalive.ro\/tag\/actiune-pentru-cautarea-unor-persoane-ratacite\/\" rel=\"tag\">Ac\u0163iune pentru c\u0103utarea unor persoane r\u0103t\u0103cite<\/a><a href=\"https:\/\/suceavalive.ro\/tag\/din-municipiul-piatra-neamt\/\" rel=\"tag\">din municipiul Piatra Neam\u0163<\/a><a href=\"https:\/\/suceavalive.ro\/tag\/duminica\/\" rel=\"tag\">duminica<\/a><a href=\"https:\/\/suceavalive.ro\/tag\/la-dispeceratul-inspectoratului-de-jandarmi-judetean-suceava-a-fost-redirectionat-un-apel-telefonic-efectuat-prin-s-n-u-a-u-112-de-catre-o-femeie-in-varsta-de-24-de-ani\/\" rel=\"tag\">la dispeceratul Inspectoratului de Jandarmi Jude\u0163ean Suceava a fost redirec\u0163ionat un apel telefonic efectuat prin S.N.U.A.U. 112 de c\u0103tre o femeie \u00een v\u00e2rst\u0103 de 24 de ani<\/a><a href=\"https:\/\/suceavalive.ro\/tag\/prin-care-aceasta-semnala-faptul-ca-s-a-ratacit-in-timp-ce-se-deplasa-spre-masivul-rarau\/\" rel=\"tag\">prin care aceasta semnala faptul c\u0103 s-a r\u0103t\u0103cit \u00een timp ce se deplasa spre Masivul Rar\u0103u.<\/a><\/p>\n<div class=\"cb-social-sharing cb-post-footer-block cb-beside clearfix\">\n<div class=\"cb-title-subtle\">Share On:<\/div>\n<div class=\"cb-twitter\"><a href=\"https:\/\/twitter.com\/share\" class=\"twitter-share-button\" data-dnt=\"true\" data-count=\"horizontal\">Tweet<\/a><\/div>\n<\/div>\n<div id=\"cb-previous-next-links\" class=\"cb-post-footer-block clearfix\">\n<div id=\"cb-previous-link\"><a href=\"https:\/\/suceavalive.ro\/sarbatoarea-hutulilor-din-codrii-moldovitei\/\" rel=\"prev\">S\u0103rb\u0103toarea hu\u021bulilor din codrii Moldovi\u021bei<\/a><\/div>\n<div id=\"cb-next-link\"><a href=\"https:\/\/suceavalive.ro\/un-lider-pnl-sustine-varianta-psd-vacanta-mare-este-nociva-pentru-elevi\/\" rel=\"next\">Un lider PNL sus\u021bine varianta PSD: Vacan\u021ba mare este nociv\u0103 pentru elevi<\/a><\/div>\n<\/div>\n<div id=\"cb-author-box\" class=\"clearfix\">\n<h3 class=\"cb-block-title\">Despre autor<\/h3>\n<div class=\"cb-mask\"><a href=\"https:\/\/suceavalive.ro\/author\/suceavalive\/\"><img decoding=\"async\" src=\"https:\/\/analyse.optim.biz\/wp-content\/uploads\/2026\/01\/d542cd85af72d7d3afad0d26982263c9a64170e87d978956298bfb0122b00b8c-935.jpg\" class=\"avatar avatar-120 photo\" height=\"120\" width=\"120\" loading=\"lazy\" title=\"d542cd85af72d7d3afad0d26982263c9a64170e87d978956298bfb0122b00b8c-935\"><\/a><\/div>\n<div class=\"cb-meta\">\n<div class=\"cb-info\">\n<div class=\"cb-author-title vcard\"><a href=\"https:\/\/suceavalive.ro\/author\/suceavalive\/\"><span class=\"fn\">SuceavaLive<\/span><\/a><\/div>\n<\/div>\n<\/div>\n<\/div>\n<div id=\"cb-related-posts\" class=\"cb-related-posts-block cb-post-end-block clearfix\">\n<h3 class=\"cb-block-title\">Postari asemanatoare<\/h3>\n<ul>\n<li class=\"cb-style-overlay cb-grid-entry cb-related-post no-1\">\n<div class=\"cb-mask\"><a href=\"https:\/\/suceavalive.ro\/calendarul-zilei-de-16-august-2\/\"><img decoding=\"async\" width=\"360\" height=\"240\" src=\"https:\/\/analyse.optim.biz\/wp-content\/uploads\/2026\/01\/elvis-presley-e1471328192224-360x240-1.jpg\" class=\"attachment-cb-360-240 size-cb-360-240 wp-post-image\" loading=\"lazy\" title=\"elvis-presley-e1471328192224-360x240-1\"><\/a><\/div>\n<div class=\"cb-meta cb-article-meta\">\n<h4 class=\"h3 cb-post-title\"><a href=\"https:\/\/suceavalive.ro\/calendarul-zilei-de-16-august-2\/\">Calendarul zilei de 16 august<\/a><\/h4>\n<div class=\"cb-byline cb-font-header\">\n<div class=\"cb-date cb-byline-element\"><time datetime=\"2019-08-16\">16 august 2019<\/time><\/div>\n<\/div>\n<\/div>\n<\/li>\n<li class=\"cb-style-overlay cb-grid-entry cb-related-post no-2\">\n<div class=\"cb-mask\"><a href=\"https:\/\/suceavalive.ro\/slujba-arhiereasca-la-parohia-costana-cu-20-de-preoti-si-diaconi\/\"><img decoding=\"async\" width=\"320\" height=\"240\" src=\"https:\/\/analyse.optim.biz\/wp-content\/uploads\/2026\/01\/sfintire-todiresti2.jpg\" class=\"attachment-cb-360-240 size-cb-360-240 wp-post-image\" loading=\"lazy\" title=\"sfintire-todiresti2\"><\/a><\/div>\n<div class=\"cb-meta cb-article-meta\">\n<h4 class=\"h3 cb-post-title\"><a href=\"https:\/\/suceavalive.ro\/slujba-arhiereasca-la-parohia-costana-cu-20-de-preoti-si-diaconi\/\">Slujb\u0103 arhiereasc\u0103 la Parohia Cost\u00e2na, cu 20 de preo\u021bi \u0219i diaconi<\/a><\/h4>\n<div class=\"cb-byline cb-font-header\">\n<div class=\"cb-date cb-byline-element\"><time datetime=\"2017-06-27\">27 iunie 2017<\/time><\/div>\n<\/div>\n<\/div>\n<\/li>\n<\/ul>\n<\/div>\n<\/footer>\n<div id=\"respond\" class=\"comment-respond\">\n<h3 id=\"reply-title\" class=\"comment-reply-title\">Lasa un raspuns <small><a rel=\"nofollow\" id=\"cancel-comment-reply-link\" href=\"https:\/\/suceavalive.ro\/actiune-pentru-cautarea-unor-persoane-ratacite-2\/#respond\">Anuleaza raspunsul<\/a><\/small><\/h3>\n<p class=\"comment-notes\">Adresa ta de email nu va fi publicat\u0103.<\/p>\n<\/div>\n<\/article>\n<section class=\"cb-entry-content entry-content clearfix\">\n<p>Persoana \u00een cauz\u0103 a relatat faptul c\u0103 ea \u015fi prietenul s\u0103u, \u00een v\u00e2rst\u0103 de 24 de ani, din municipiul Boto\u015fani, au plecat \u00een cursul dup\u0103-amiezii din municipiul C\u00e2mpulung Moldovenesc spre Cabana Rar\u0103u, pe traseul Izvorul Alb \u2013 Cabana Rar\u0103u, cu inten\u0163ia de a se caza la aceast\u0103 unitate turistic\u0103. La un moment dat, s-au ab\u0103tut de la traseul marcat, s-au r\u0103t\u0103cit \u015fi nemaifiind \u00een m\u0103sur\u0103 s\u0103 \u00ee\u015fi continue deplasarea din cauza \u00eentunericului, au solicitat sprijinul autorit\u0103\u0163ilor. Pentru c\u0103utarea persoanei \u00een cauz\u0103 au ac\u0163ionat dou\u0103 echipe alc\u0103tuite din jandarmi montani \u015fi salvamonti\u015fti, care au comunicat cu persoanele r\u0103t\u0103cite prin intermediul telefonului mobil, reu\u015find s\u0103 le g\u0103seasc\u0103 la ora 23.10. Cele dou\u0103 persoane nu prezentau probleme de s\u0103n\u0103tate \u015fi au fost conduse \u00een municipiul C\u00e2mpulung Moldovenesc.<\/p>\n<p>Jandarmeria Montan\u0103 sf\u0103tuie\u015fte turi\u015ftii s\u0103 \u0163in\u0103 cont de urm\u0103toarele recomand\u0103ri:<br \/>\n\u2022\ts\u0103 se informeze cu privire la itinerarul propus \u015fi gradul de dificultate al acestuia, condi\u0163iile climaterice locale \u015fi situa\u0163ia unit\u0103\u0163ilor turistice de cazare;<br \/>\n\u2022\ts\u0103 nu porneasc\u0103 singuri la drum, \u00eenainte de l\u0103sarea \u00eentunericului sau dup\u0103 consumarea b\u0103uturilor alcoolice;<br \/>\n\u2022\ts\u0103 foloseasc\u0103 numai traseele marcate \u015fi s\u0103 urm\u0103reasc\u0103 marcajele de pe traseu, s\u0103 aib\u0103 echipament adecvat zonei de munte, lantern\u0103, rucsac \u015fi trus\u0103 de prim ajutor, sac de dormit;<br \/>\n\u2022\ts\u0103 solicite sprijinul Jandarmeriei Montane \u015fi Salvamont (apel\u00e2nd num\u0103rul unic de urgen\u0163\u0103 112), specific\u00e2nd urm\u0103toarele: datele de identificare ale persoanei care anun\u0163\u0103, ce s-a \u00eent\u00e2mplat, c\u00e2te persoane au nevoie de ajutor \u015fi locul unde sunt persoanele aflate \u00een dificultate.<\/p>\n<\/section>\n<section class=\"cb-entry-content entry-content clearfix\">\n<p>Persoana \u00een cauz\u0103 a relatat faptul c\u0103 ea \u015fi prietenul s\u0103u, \u00een v\u00e2rst\u0103 de 24 de ani, din municipiul Boto\u015fani, au plecat \u00een cursul dup\u0103-amiezii din municipiul C\u00e2mpulung Moldovenesc spre Cabana Rar\u0103u, pe traseul Izvorul Alb \u2013 Cabana Rar\u0103u, cu inten\u0163ia de a se caza la aceast\u0103 unitate turistic\u0103. La un moment dat, s-au ab\u0103tut de la traseul marcat, s-au r\u0103t\u0103cit \u015fi nemaifiind \u00een m\u0103sur\u0103 s\u0103 \u00ee\u015fi continue deplasarea din cauza \u00eentunericului, au solicitat sprijinul autorit\u0103\u0163ilor. Pentru c\u0103utarea persoanei \u00een cauz\u0103 au ac\u0163ionat dou\u0103 echipe alc\u0103tuite din jandarmi montani \u015fi salvamonti\u015fti, care au comunicat cu persoanele r\u0103t\u0103cite prin intermediul telefonului mobil, reu\u015find s\u0103 le g\u0103seasc\u0103 la ora 23.10. Cele dou\u0103 persoane nu prezentau probleme de s\u0103n\u0103tate \u015fi au fost conduse \u00een municipiul C\u00e2mpulung Moldovenesc.<\/p>\n<p>Jandarmeria Montan\u0103 sf\u0103tuie\u015fte turi\u015ftii s\u0103 \u0163in\u0103 cont de urm\u0103toarele recomand\u0103ri:<br \/>\n\u2022\ts\u0103 se informeze cu privire la itinerarul propus \u015fi gradul de dificultate al acestuia, condi\u0163iile climaterice locale \u015fi situa\u0163ia unit\u0103\u0163ilor turistice de cazare;<br \/>\n\u2022\ts\u0103 nu porneasc\u0103 singuri la drum, \u00eenainte de l\u0103sarea \u00eentunericului sau dup\u0103 consumarea b\u0103uturilor alcoolice;<br \/>\n\u2022\ts\u0103 foloseasc\u0103 numai traseele marcate \u015fi s\u0103 urm\u0103reasc\u0103 marcajele de pe traseu, s\u0103 aib\u0103 echipament adecvat zonei de munte, lantern\u0103, rucsac \u015fi trus\u0103 de prim ajutor, sac de dormit;<br \/>\n\u2022\ts\u0103 solicite sprijinul Jandarmeriei Montane \u015fi Salvamont (apel\u00e2nd num\u0103rul unic de urgen\u0163\u0103 112), specific\u00e2nd urm\u0103toarele: datele de identificare ale persoanei care anun\u0163\u0103, ce s-a \u00eent\u00e2mplat, c\u00e2te persoane au nevoie de ajutor \u015fi locul unde sunt persoanele aflate \u00een dificultate.<\/p>\n<\/section>\n<p> Source URL: https:\/\/suceavalive.ro\/actiune-pentru-cautarea-unor-persoane-ratacite-2\/<\/p>\n","protected":false},"excerpt":{"rendered":"<p>Ac\u0163iune pentru c\u0103utarea unor persoane r\u0103t\u0103cite 17 august 2015 Duminic\u0103, 16 august, la dispeceratul Inspectoratului de Jandarmi Jude\u0163ean Suceava a fost redirec\u0163ionat un apel telefonic efectuat prin S.N.U.A.U. 112 de c\u0103tre o femeie \u00een v\u00e2rst\u0103 de 24 de ani, din municipiul Piatra Neam\u0163, prin care aceasta semnala faptul c\u0103 s-a r\u0103t\u0103cit \u00een timp ce se [&hellip;]<\/p>\n","protected":false},"author":1,"featured_media":1553122,"comment_status":"open","ping_status":"","sticky":false,"template":"","format":"standard","meta":{"footnotes":""},"categories":[89],"tags":[173],"class_list":["post-1553121","post","type-post","status-publish","format-standard","has-post-thumbnail","hentry","category-romania","tag-suceavalive-ro"],"_links":{"self":[{"href":"https:\/\/analyse.optim.biz\/index.php?rest_route=\/wp\/v2\/posts\/1553121","targetHints":{"allow":["GET"]}}],"collection":[{"href":"https:\/\/analyse.optim.biz\/index.php?rest_route=\/wp\/v2\/posts"}],"about":[{"href":"https:\/\/analyse.optim.biz\/index.php?rest_route=\/wp\/v2\/types\/post"}],"author":[{"embeddable":true,"href":"https:\/\/analyse.optim.biz\/index.php?rest_route=\/wp\/v2\/users\/1"}],"replies":[{"embeddable":true,"href":"https:\/\/analyse.optim.biz\/index.php?rest_route=%2Fwp%2Fv2%2Fcomments&post=1553121"}],"version-history":[{"count":0,"href":"https:\/\/analyse.optim.biz\/index.php?rest_route=\/wp\/v2\/posts\/1553121\/revisions"}],"wp:featuredmedia":[{"embeddable":true,"href":"https:\/\/analyse.optim.biz\/index.php?rest_route=\/wp\/v2\/media\/1553122"}],"wp:attachment":[{"href":"https:\/\/analyse.optim.biz\/index.php?rest_route=%2Fwp%2Fv2%2Fmedia&parent=1553121"}],"wp:term":[{"taxonomy":"category","embeddable":true,"href":"https:\/\/analyse.optim.biz\/index.php?rest_route=%2Fwp%2Fv2%2Fcategories&post=1553121"},{"taxonomy":"post_tag","embeddable":true,"href":"https:\/\/analyse.optim.biz\/index.php?rest_route=%2Fwp%2Fv2%2Ftags&post=1553121"}],"curies":[{"name":"wp","href":"https:\/\/api.w.org\/{rel}","templated":true}]}}