{"id":1550618,"date":"2018-06-09T11:27:50","date_gmt":"2018-06-09T08:27:50","guid":{"rendered":"https:\/\/analyse.optim.biz\/?p=1550618"},"modified":"2018-06-09T11:27:50","modified_gmt":"2018-06-09T08:27:50","slug":"actiunea-politistilor-semaforul-rosu-s-a-lasat-cu-zeci-de-amenzi","status":"publish","type":"post","link":"https:\/\/analyse.optim.biz\/?p=1550618","title":{"rendered":"Ac\u021biunea poli\u021bi\u0219tilor \u201dsemaforul ro\u0219u\u201d s-a l\u0103sat cu zeci de amenzi!"},"content":{"rendered":"<div class=\"td-post-content tagdiv-type\">\n<div class=\"td-post-featured-image\"><a href=\"https:\/\/gazetadinvest.ro\/wp-content\/uploads\/2016\/07\/semafor.jpg\" data-caption><img loading=\"lazy\" decoding=\"async\" width=\"696\" height=\"358\" class=\"entry-thumb td-modal-image\" src=\"https:\/\/gazetadinvest.ro\/wp-content\/uploads\/2016\/07\/semafor-696x358.jpg\" alt title=\"semafor\"><\/a><\/div>\n<p><strong>Poli\u021bi\u0219tii rutieri au desf\u0103\u0219urat, \u00een perioada 05-07 iunie, pe raza municipiului Arad, o ac\u021biune \u00een vederea sanc\u021bion\u0103rii conduc\u0103torilor auto care nu respect\u0103 semnifica\u021bia culorii ro\u0219u a semaforului.<\/strong><\/p>\n<p>Activit\u0103\u021bile poli\u021bi\u0219tilor s-au desf\u0103\u0219urat diminea\u021ba, \u00een intervalul orar 7.00-9.00, \u00een fiecare din cele trei zile ale ac\u021biunii.<\/p>\n<p>Poli\u021bi\u0219tii au sanc\u021bionat contraven\u021bional 10 femei \u0219i 18 b\u0103rba\u021bi, valoarea total\u0103 a amenzilor aplicate fiind de 16.240 de lei. Au fost re\u021binute, pentru o perioad\u0103 de 30 de zile, 28 permise de conducere.<\/p>\n<p>Acest tip de ac\u021biuni vor continua \u0219i \u00een perioada urm\u0103toare, at\u00e2t \u00een municipiu c\u00e2t \u0219i \u00een jude\u021b, transmit poli\u021bi\u0219tii.<\/p>\n<\/div>\n<div class=\"td-post-content tagdiv-type\">\n<div class=\"td-post-featured-image\"><a href=\"https:\/\/gazetadinvest.ro\/wp-content\/uploads\/2016\/07\/semafor.jpg\" data-caption><img loading=\"lazy\" decoding=\"async\" width=\"696\" height=\"358\" class=\"entry-thumb td-modal-image\" src=\"https:\/\/gazetadinvest.ro\/wp-content\/uploads\/2016\/07\/semafor-696x358.jpg\" alt title=\"semafor\"><\/a><\/div>\n<p><strong>Poli\u021bi\u0219tii rutieri au desf\u0103\u0219urat, \u00een perioada 05-07 iunie, pe raza municipiului Arad, o ac\u021biune \u00een vederea sanc\u021bion\u0103rii conduc\u0103torilor auto care nu respect\u0103 semnifica\u021bia culorii ro\u0219u a semaforului.<\/strong><\/p>\n<p>Activit\u0103\u021bile poli\u021bi\u0219tilor s-au desf\u0103\u0219urat diminea\u021ba, \u00een intervalul orar 7.00-9.00, \u00een fiecare din cele trei zile ale ac\u021biunii.<\/p>\n<p>Poli\u021bi\u0219tii au sanc\u021bionat contraven\u021bional 10 femei \u0219i 18 b\u0103rba\u021bi, valoarea total\u0103 a amenzilor aplicate fiind de 16.240 de lei. Au fost re\u021binute, pentru o perioad\u0103 de 30 de zile, 28 permise de conducere.<\/p>\n<p>Acest tip de ac\u021biuni vor continua \u0219i \u00een perioada urm\u0103toare, at\u00e2t \u00een municipiu c\u00e2t \u0219i \u00een jude\u021b, transmit poli\u021bi\u0219tii.<\/p>\n<\/div>\n<p> Source URL: https:\/\/gazetadinvest.ro\/actiunea-politistilor-semaforul-rosu-s-a-lasat-cu-zeci-de-amenzi\/<\/p>\n","protected":false},"excerpt":{"rendered":"<p>Poli\u021bi\u0219tii rutieri au desf\u0103\u0219urat, \u00een perioada 05-07 iunie, pe raza municipiului Arad, o ac\u021biune \u00een vederea sanc\u021bion\u0103rii conduc\u0103torilor auto care nu respect\u0103 semnifica\u021bia culorii ro\u0219u a semaforului. Activit\u0103\u021bile poli\u021bi\u0219tilor s-au desf\u0103\u0219urat diminea\u021ba, \u00een intervalul orar 7.00-9.00, \u00een fiecare din cele trei zile ale ac\u021biunii. Poli\u021bi\u0219tii au sanc\u021bionat contraven\u021bional 10 femei \u0219i 18 b\u0103rba\u021bi, valoarea total\u0103 [&hellip;]<\/p>\n","protected":false},"author":1,"featured_media":0,"comment_status":"open","ping_status":"","sticky":false,"template":"","format":"standard","meta":{"footnotes":""},"categories":[89],"tags":[203],"class_list":["post-1550618","post","type-post","status-publish","format-standard","hentry","category-romania","tag-gazetadinvest-ro"],"_links":{"self":[{"href":"https:\/\/analyse.optim.biz\/index.php?rest_route=\/wp\/v2\/posts\/1550618","targetHints":{"allow":["GET"]}}],"collection":[{"href":"https:\/\/analyse.optim.biz\/index.php?rest_route=\/wp\/v2\/posts"}],"about":[{"href":"https:\/\/analyse.optim.biz\/index.php?rest_route=\/wp\/v2\/types\/post"}],"author":[{"embeddable":true,"href":"https:\/\/analyse.optim.biz\/index.php?rest_route=\/wp\/v2\/users\/1"}],"replies":[{"embeddable":true,"href":"https:\/\/analyse.optim.biz\/index.php?rest_route=%2Fwp%2Fv2%2Fcomments&post=1550618"}],"version-history":[{"count":0,"href":"https:\/\/analyse.optim.biz\/index.php?rest_route=\/wp\/v2\/posts\/1550618\/revisions"}],"wp:attachment":[{"href":"https:\/\/analyse.optim.biz\/index.php?rest_route=%2Fwp%2Fv2%2Fmedia&parent=1550618"}],"wp:term":[{"taxonomy":"category","embeddable":true,"href":"https:\/\/analyse.optim.biz\/index.php?rest_route=%2Fwp%2Fv2%2Fcategories&post=1550618"},{"taxonomy":"post_tag","embeddable":true,"href":"https:\/\/analyse.optim.biz\/index.php?rest_route=%2Fwp%2Fv2%2Ftags&post=1550618"}],"curies":[{"name":"wp","href":"https:\/\/api.w.org\/{rel}","templated":true}]}}