{"id":1549101,"date":"2026-01-29T09:00:00","date_gmt":"2026-01-29T06:00:00","guid":{"rendered":"https:\/\/analyse.optim.biz\/?p=1549101"},"modified":"2026-01-29T09:00:00","modified_gmt":"2026-01-29T06:00:00","slug":"politia-recomanda-adaptati-viteza-de-deplasare","status":"publish","type":"post","link":"https:\/\/analyse.optim.biz\/?p=1549101","title":{"rendered":"Poli\u021bia recomand\u0103: adapta\u021bi viteza de deplasare!"},"content":{"rendered":"<article id=\"196127\" class=\"post-196127 post type-post status-publish format-standard has-post-thumbnail hentry category-impact category-politie category-social tag-adaptati tag-deplasare tag-politia-2 tag-recomanda tag-viteza-2\">\n<header class=\"post-header\">\n<ul class=\"breadcrumbs\">\n<li><a href=\"https:\/\/www.curierul.ro\">Home<\/a><\/li>\n<li class=\"breadcrumbs-active .category-impact\"><a href=\"https:\/\/www.curierul.ro\/index.php?cat=3426\">Impact<\/a><\/li>\n<li class=\"breadcrumbs-active .category-impact\">Poli\u021bia recomand\u0103: adapta\u021bi viteza de deplasare!<\/li>\n<\/ul>\n<div class=\"featured-photo\"><img loading=\"lazy\" decoding=\"async\" width=\"540\" height=\"315\" src=\"https:\/\/analyse.optim.biz\/wp-content\/uploads\/2026\/01\/viteza-2.jpeg\" class=\"attachment-single size-single wp-post-image\" title=\"viteza-2\"><\/div>\n<h1 class=\"headline\">Poli\u021bia recomand\u0103: adapta\u021bi viteza de deplasare!<\/h1>\n<p class=\"byline\">\n\t\tScris de<a href=\"https:\/\/www.curierul.ro\/author\/curierul\/\">Curierul de Valcea<\/a>, \t\t29 ianuarie 2026\t\t\t\t<\/p>\n<hr>\n<\/header>\n<p>Inspectoratul de Poli\u021bie Jude\u021bean V\u00e2lcea atrage aten\u021bia participan\u021bilor la trafic asupra riscurilor majore generate de nerespectarea regimului legal de vitez\u0103, una dintre principalele cauze ale producerii accidentelor rutiere grave.<\/p>\n<p>\u00cen anul 2025, la nivel na\u021bional, au fost \u00eenregistrate 2.982 de accidente rutiere produse pe fondul vitezei excesive, evenimente soldate cu 4.601 victime. Totodat\u0103, 100 de tineri cu v\u00e2rste cuprinse \u00eentre 18 \u0219i 25 de ani \u0219i-au pierdut via\u021ba pe drumurile publice din Rom\u00e2nia, ca urmare a nerespect\u0103rii limitelor legale de vitez\u0103.<\/p>\n<p>La nivelul jude\u021bului V\u00e2lcea, \u00een anul 2025, comparativ cu anul 2024, pe fondul nerespect\u0103rii regimului legal de vitez\u0103, num\u0103rul accidentelor rutiere cu victime a crescut de la 65 la 69, \u00eens\u0103 num\u0103rul persoanelor decedate a sc\u0103zut de la 11 la 6, num\u0103rul persoanelor r\u0103nite grav a sc\u0103zut de la 15 la 9, iar num\u0103rul persoanelor r\u0103nite u\u0219or a sc\u0103zut de la 107 la 97.<\/p>\n<p>\u00cen acest context, \u00een perioada 26 ianuarie \u2013 1 februarie 2026, poli\u021bi\u0219tii rutieri din cadrul Inspectoratului de Poli\u021bie Jude\u021bean V\u00e2lcea, \u00een cooperare cu poli\u021bi\u0219tii din jude\u021bele tranzitate de acest tronson de drum, desf\u0103\u0219oar\u0103 ac\u021biuni pentru prevenirea accidentelor rutiere. \u00cen cadrul activit\u0103\u021bilor, sunt utilizate toate aparatele radar din dotare, \u00een vederea depist\u0103rii \u0219i sanc\u021bion\u0103rii conduc\u0103torilor auto care \u00eencalc\u0103 regimul legal de vitez\u0103.<\/p>\n<p>Scopul acestor ac\u021biuni \u00eel reprezint\u0103 cre\u0219terea siguran\u021bei rutiere, prevenirea producerii unor evenimente grave \u0219i protejarea vie\u021bii tuturor participan\u021bilor la trafic.<\/p>\n<p>Poli\u021bi\u0219tii v\u00e2lceni recomand\u0103 conduc\u0103torilor auto s\u0103 respecte limitele legale de vitez\u0103, s\u0103 adapteze viteza la condi\u021biile de drum, trafic \u0219i vreme \u0219i s\u0103 manifeste pruden\u021b\u0103 \u0219i responsabilitate la volan.<\/p>\n<p><strong>Via\u021ba are prioritate! <\/strong><br \/><strong>Respecta\u021bi regulile de circula\u021bie \u0219i regimul legal de vitez\u0103, adapt\u00e2nd deplasarea la condi\u021biile meteo-rutiere!<\/strong><\/p>\n<div class=\"sharedaddy sd-sharing-enabled\">\n<div class=\"robots-nocontent sd-block sd-social sd-social-official sd-sharing\">\n<h3 class=\"sd-title\">Distribuie pe:<\/h3>\n<div class=\"sd-content\">\n<ul>\n<li class=\"share-facebook\">\n<li class=\"share-twitter\"><a href=\"https:\/\/twitter.com\/share\" class=\"twitter-share-button\" data-url=\"https:\/\/www.curierul.ro\/politia-recomanda-adaptati-viteza-de-deplasare\/\" data-text=\"Poli\u021bia recomand\u0103: adapta\u021bi viteza de deplasare!\" data-via=\"curierulvl\">Tweet<\/a><\/li>\n<li class=\"share-jetpack-whatsapp\"><a rel=\"nofollow noopener noreferrer\" data-shared=\"sharing-whatsapp-196127\" class=\"share-jetpack-whatsapp sd-button\" href=\"https:\/\/www.curierul.ro\/politia-recomanda-adaptati-viteza-de-deplasare\/?share=jetpack-whatsapp\" target=\"_blank\" aria-labelledby=\"sharing-whatsapp-196127\"><span id=\"sharing-whatsapp-196127\" hidden>D\u0103 clic pentru partajare pe WhatsApp(Se deschide \u00eentr-o fereastr\u0103 nou\u0103)<\/span><span>WhatsApp<\/span><\/a><\/li>\n<li><a href=\"https:\/\/www.curierul.ro\/politia-recomanda-adaptati-viteza-de-deplasare\/\" class=\"sharing-anchor sd-button share-more\"><span>Mai mult<\/span><\/a><\/li>\n<li class=\"share-end\"><\/ul>\n<div class=\"sharing-hidden\">\n<div class=\"inner\">\n<ul>\n<li class=\"share-email\"><a rel=\"nofollow noopener noreferrer\" data-shared=\"sharing-email-196127\" class=\"share-email sd-button\" href=\"mailto:?subject=%5BArticol%20partajat%5D%20Poli%C8%9Bia%20recomand%C4%83%3A%20adapta%C8%9Bi%20viteza%20de%20deplasare%21&amp;body=https%3A%2F%2Fwww.curierul.ro%2Fpolitia-recomanda-adaptati-viteza-de-deplasare%2F&amp;share=email\" target=\"_blank\" aria-labelledby=\"sharing-email-196127\" data-email-share-error-title=\"\u021ai-ai configurat emailul?\" data-email-share-error-text=\"Dac\u0103 ai probleme la partajarea prin email, probabil nu ai configurat emailul pentru navigator. Poate trebuie s\u0103 creezi singur un email nou.\" data-email-share-nonce=\"d3b9e225fe\" data-email-share-track-url=\"https:\/\/www.curierul.ro\/politia-recomanda-adaptati-viteza-de-deplasare\/?share=email\"><span id=\"sharing-email-196127\" hidden>D\u0103 clic pentru a trimite o leg\u0103tur\u0103 prin email unui prieten(Se deschide \u00eentr-o fereastr\u0103 nou\u0103)<\/span><span>Email<\/span><\/a><\/li>\n<li class=\"share-print\"><a rel=\"nofollow noopener noreferrer\" data-shared=\"sharing-print-196127\" class=\"share-print sd-button\" href=\"https:\/\/www.curierul.ro\/politia-recomanda-adaptati-viteza-de-deplasare\/#print?share=print\" target=\"_blank\" aria-labelledby=\"sharing-print-196127\"><span id=\"sharing-print-196127\" hidden>D\u0103 clic pentru a imprima(Se deschide \u00eentr-o fereastr\u0103 nou\u0103)<\/span><span>Imprimare<\/span><\/a><\/li>\n<li class=\"share-end\"><\/ul>\n<\/div>\n<\/div>\n<\/div>\n<\/div>\n<\/div>\n<div id=\"jp-relatedposts\" class=\"jp-relatedposts\">\n<h3 class=\"jp-relatedposts-headline\"><em>Similare<\/em><\/h3>\n<\/div>\n<footer class=\"post-footer\">\n<p class=\"tags\"><strong>Tags: <\/strong><a href=\"https:\/\/www.curierul.ro\/tag\/adaptati\/\" rel=\"tag\">adapta\u021bi<\/a>, <a href=\"https:\/\/www.curierul.ro\/tag\/deplasare\/\" rel=\"tag\">deplasare<\/a>, <a href=\"https:\/\/www.curierul.ro\/tag\/politia-2\/\" rel=\"tag\">poli\u021bia<\/a>, <a href=\"https:\/\/www.curierul.ro\/tag\/recomanda\/\" rel=\"tag\">recomand\u0103<\/a>, <a href=\"https:\/\/www.curierul.ro\/tag\/viteza-2\/\" rel=\"tag\">viteza<\/a><\/p>\n<div class=\"post-navigation clearfix\">\n<div class=\"previous-post\">\n<p class=\"paginate-title\">\u00ab\u00ab <a href=\"https:\/\/www.curierul.ro\/sistemplast-sa-convocator\/\" rel=\"prev\">Sistemplast SA \u2013 CONVOCATOR<\/a><\/p>\n<\/div>\n<div class=\"next-post\">\n<div class=\"featured-photo\"><img loading=\"lazy\" decoding=\"async\" width=\"1600\" height=\"1200\" src=\"https:\/\/analyse.optim.biz\/wp-content\/uploads\/2026\/01\/rutier-2.jpeg\" class=\"attachment-post-thumbnail size-post-thumbnail wp-post-image\" title=\"rutier-2\"><\/div>\n<p class=\"paginate-title\"><a href=\"https:\/\/www.curierul.ro\/a-scazut-riscul-rutier-pe-drumurile-valcene\/\" rel=\"next\">A sc\u0103zut riscul rutier pe drumurile v\u00e2lcene!<\/a> \u00bb\u00bb<\/p>\n<\/div>\n<\/div>\n<div id=\"comments\" class=\"comments-area\">\n<div id=\"respond\" class=\"comment-respond\">\n<h3 id=\"reply-title\" class=\"comment-reply-title\">Po\u021bi comenta aici<small><a rel=\"nofollow\" id=\"cancel-comment-reply-link\" href=\"https:\/\/www.curierul.ro\/politia-recomanda-adaptati-viteza-de-deplasare\/#respond\">Anuleaz\u0103 r\u0103spunsul<\/a><\/small><\/h3>\n<\/div>\n<p class=\"akismet_comment_form_privacy_notice\">Acest site folose\u0219te Akismet pentru a reduce spamul. <a href=\"https:\/\/akismet.com\/privacy\/\" target=\"_blank\" rel=\"nofollow noopener\">Afl\u0103 cum sunt procesate datele comentariilor tale<\/a>.<\/p>\n<\/div>\n<section class=\"latest-category clearfix\">\n<h2 class=\"title\">More Stories From Impact<\/h2>\n<div class=\"stories-container\">\n<article id=\"related-196109\" class=\"story post-196109 post type-post status-publish format-standard has-post-thumbnail hentry category-actualitate category-economie category-headlines category-impact category-zidezi\">\n<div class=\"photo\"><img decoding=\"async\" width=\"735\" height=\"440\" src=\"https:\/\/analyse.optim.biz\/wp-content\/uploads\/2026\/01\/cci.jpeg\" class=\"attachment-giornalismo-single size-giornalismo-single wp-post-image\" loading=\"lazy\" title=\"cci\"><\/div>\n<p class=\"headline\"><a href=\"https:\/\/www.curierul.ro\/vizita-elena-la-camera-de-comert-si-industrie-valcea\/\">Vizit\u0103 elen\u0103 la Camera de Comer\u021b \u0219i Industrie V\u00e2lcea<\/a><\/p>\n<\/article>\n<article id=\"related-195949\" class=\"story post-195949 post type-post status-publish format-standard has-post-thumbnail hentry category-actualitate category-impact category-politica tag-apavil tag-avarie tag-fara-apa-rece tag-ramnic-2 tag-strazi-2\">\n<div class=\"photo\"><img decoding=\"async\" width=\"735\" height=\"440\" src=\"https:\/\/analyse.optim.biz\/wp-content\/uploads\/2026\/01\/se-opreste-apa-640x400-1-39.png\" class=\"attachment-giornalismo-single size-giornalismo-single wp-post-image\" loading=\"lazy\" title=\"se-opreste-apa-640x400-1-39\"><\/div>\n<p class=\"headline\"><a href=\"https:\/\/www.curierul.ro\/apavil-anunta-avarie-pe-doua-strazi-din-ramnic-locuitorii-din-zona-sase-ore-fara-apa-rece-unde-cand-%f0%9f%91%87%f0%9f%8f%bb%f0%9f%91%87%f0%9f%8f%bb%f0%9f%91%87%f0%9f%8f%bb\/\">Apavil anun\u021b\u0103 avarie pe dou\u0103 str\u0103zi din R\u00e2mnic. Locuitorii din zon\u0103, \u0219ase ore f\u0103r\u0103 ap\u0103 rece. Unde, c\u00e2nd? \ud83d\udc47\ud83c\udffb\ud83d\udc47\ud83c\udffb\ud83d\udc47\ud83c\udffb<\/a><\/p>\n<\/article>\n<article id=\"related-195920\" class=\"story post-195920 post type-post status-publish format-standard has-post-thumbnail hentry category-headlines category-impact category-politica category-social tag-adapostesc tag-centrul-social-ioana tag-oamenii-strazii\">\n<div class=\"photo\"><img decoding=\"async\" width=\"735\" height=\"440\" src=\"https:\/\/analyse.optim.biz\/wp-content\/uploads\/2026\/01\/csu-ioana-11.jpg\" class=\"attachment-giornalismo-single size-giornalismo-single wp-post-image\" loading=\"lazy\" title=\"csu-ioana-11\"><\/div>\n<p class=\"headline\"><a href=\"https:\/\/www.curierul.ro\/gerul-de-afara-a-adus-noi-chiriasi-la-centrul-social-de-urgenta-ioana\/\">Gerul de afar\u0103 a adus noi \u00abchiria\u0219i\u00bb la Centrul Social de Urgen\u021b\u0103 \u201eIoana\u201d<\/a><\/p>\n<\/article>\n<\/div>\n<\/section>\n<section class=\"author-bio clearfix\">\n<div class=\"mug-shot\"><img decoding=\"async\" src=\"https:\/\/analyse.optim.biz\/wp-content\/uploads\/2026\/01\/2a58d181c1d85262357d59db6fc29158130ca794fc45057783762a4c0eb9167f-77.jpg\" class=\"avatar avatar-96 photo\" height=\"96\" width=\"96\" loading=\"lazy\" title=\"2a58d181c1d85262357d59db6fc29158130ca794fc45057783762a4c0eb9167f-77\"><\/div>\n<div class=\"author-info\">\n<p class=\"title\">About Curierul de Valcea, <\/p>\n<div class=\"author-social-area\"><a href=\"mailto:curierul@curierul.ro\"><span class=\"fal fa-envelope\"><span class=\"screen-reader-text\">Email the Author<\/span><\/span><\/a><\/div>\n<\/div>\n<\/section>\n<\/footer>\n<\/article>\n<article id=\"196127\" class=\"post-196127 post type-post status-publish format-standard has-post-thumbnail hentry category-impact category-politie category-social tag-adaptati tag-deplasare tag-politia-2 tag-recomanda tag-viteza-2\">\n<header class=\"post-header\">\n<ul class=\"breadcrumbs\">\n<li><a href=\"https:\/\/www.curierul.ro\">Home<\/a><\/li>\n<li class=\"breadcrumbs-active .category-impact\"><a href=\"https:\/\/www.curierul.ro\/index.php?cat=3426\">Impact<\/a><\/li>\n<li class=\"breadcrumbs-active .category-impact\">Poli\u021bia recomand\u0103: adapta\u021bi viteza de deplasare!<\/li>\n<\/ul>\n<div class=\"featured-photo\"><img loading=\"lazy\" decoding=\"async\" width=\"540\" height=\"315\" src=\"https:\/\/analyse.optim.biz\/wp-content\/uploads\/2026\/01\/viteza-2.jpeg\" class=\"attachment-single size-single wp-post-image\" title=\"viteza-2\"><\/div>\n<h1 class=\"headline\">Poli\u021bia recomand\u0103: adapta\u021bi viteza de deplasare!<\/h1>\n<p class=\"byline\">\n\t\tScris de<a href=\"https:\/\/www.curierul.ro\/author\/curierul\/\">Curierul de Valcea<\/a>, \t\t29 ianuarie 2026\t\t\t\t<\/p>\n<hr>\n<\/header>\n<p>Inspectoratul de Poli\u021bie Jude\u021bean V\u00e2lcea atrage aten\u021bia participan\u021bilor la trafic asupra riscurilor majore generate de nerespectarea regimului legal de vitez\u0103, una dintre principalele cauze ale producerii accidentelor rutiere grave.<\/p>\n<p>\u00cen anul 2025, la nivel na\u021bional, au fost \u00eenregistrate 2.982 de accidente rutiere produse pe fondul vitezei excesive, evenimente soldate cu 4.601 victime. Totodat\u0103, 100 de tineri cu v\u00e2rste cuprinse \u00eentre 18 \u0219i 25 de ani \u0219i-au pierdut via\u021ba pe drumurile publice din Rom\u00e2nia, ca urmare a nerespect\u0103rii limitelor legale de vitez\u0103.<\/p>\n<p>La nivelul jude\u021bului V\u00e2lcea, \u00een anul 2025, comparativ cu anul 2024, pe fondul nerespect\u0103rii regimului legal de vitez\u0103, num\u0103rul accidentelor rutiere cu victime a crescut de la 65 la 69, \u00eens\u0103 num\u0103rul persoanelor decedate a sc\u0103zut de la 11 la 6, num\u0103rul persoanelor r\u0103nite grav a sc\u0103zut de la 15 la 9, iar num\u0103rul persoanelor r\u0103nite u\u0219or a sc\u0103zut de la 107 la 97.<\/p>\n<p>\u00cen acest context, \u00een perioada 26 ianuarie \u2013 1 februarie 2026, poli\u021bi\u0219tii rutieri din cadrul Inspectoratului de Poli\u021bie Jude\u021bean V\u00e2lcea, \u00een cooperare cu poli\u021bi\u0219tii din jude\u021bele tranzitate de acest tronson de drum, desf\u0103\u0219oar\u0103 ac\u021biuni pentru prevenirea accidentelor rutiere. \u00cen cadrul activit\u0103\u021bilor, sunt utilizate toate aparatele radar din dotare, \u00een vederea depist\u0103rii \u0219i sanc\u021bion\u0103rii conduc\u0103torilor auto care \u00eencalc\u0103 regimul legal de vitez\u0103.<\/p>\n<p>Scopul acestor ac\u021biuni \u00eel reprezint\u0103 cre\u0219terea siguran\u021bei rutiere, prevenirea producerii unor evenimente grave \u0219i protejarea vie\u021bii tuturor participan\u021bilor la trafic.<\/p>\n<p>Poli\u021bi\u0219tii v\u00e2lceni recomand\u0103 conduc\u0103torilor auto s\u0103 respecte limitele legale de vitez\u0103, s\u0103 adapteze viteza la condi\u021biile de drum, trafic \u0219i vreme \u0219i s\u0103 manifeste pruden\u021b\u0103 \u0219i responsabilitate la volan.<\/p>\n<p><strong>Via\u021ba are prioritate! <\/strong><br \/><strong>Respecta\u021bi regulile de circula\u021bie \u0219i regimul legal de vitez\u0103, adapt\u00e2nd deplasarea la condi\u021biile meteo-rutiere!<\/strong><\/p>\n<div class=\"sharedaddy sd-sharing-enabled\">\n<div class=\"robots-nocontent sd-block sd-social sd-social-official sd-sharing\">\n<h3 class=\"sd-title\">Distribuie pe:<\/h3>\n<div class=\"sd-content\">\n<ul>\n<li class=\"share-facebook\">\n<li class=\"share-twitter\"><a href=\"https:\/\/twitter.com\/share\" class=\"twitter-share-button\" data-url=\"https:\/\/www.curierul.ro\/politia-recomanda-adaptati-viteza-de-deplasare\/\" data-text=\"Poli\u021bia recomand\u0103: adapta\u021bi viteza de deplasare!\" data-via=\"curierulvl\">Tweet<\/a><\/li>\n<li class=\"share-jetpack-whatsapp\"><a rel=\"nofollow noopener noreferrer\" data-shared=\"sharing-whatsapp-196127\" class=\"share-jetpack-whatsapp sd-button\" href=\"https:\/\/www.curierul.ro\/politia-recomanda-adaptati-viteza-de-deplasare\/?share=jetpack-whatsapp\" target=\"_blank\" aria-labelledby=\"sharing-whatsapp-196127\"><span id=\"sharing-whatsapp-196127\" hidden>D\u0103 clic pentru partajare pe WhatsApp(Se deschide \u00eentr-o fereastr\u0103 nou\u0103)<\/span><span>WhatsApp<\/span><\/a><\/li>\n<li><a href=\"https:\/\/www.curierul.ro\/politia-recomanda-adaptati-viteza-de-deplasare\/\" class=\"sharing-anchor sd-button share-more\"><span>Mai mult<\/span><\/a><\/li>\n<li class=\"share-end\"><\/ul>\n<div class=\"sharing-hidden\">\n<div class=\"inner\">\n<ul>\n<li class=\"share-email\"><a rel=\"nofollow noopener noreferrer\" data-shared=\"sharing-email-196127\" class=\"share-email sd-button\" href=\"mailto:?subject=%5BArticol%20partajat%5D%20Poli%C8%9Bia%20recomand%C4%83%3A%20adapta%C8%9Bi%20viteza%20de%20deplasare%21&amp;body=https%3A%2F%2Fwww.curierul.ro%2Fpolitia-recomanda-adaptati-viteza-de-deplasare%2F&amp;share=email\" target=\"_blank\" aria-labelledby=\"sharing-email-196127\" data-email-share-error-title=\"\u021ai-ai configurat emailul?\" data-email-share-error-text=\"Dac\u0103 ai probleme la partajarea prin email, probabil nu ai configurat emailul pentru navigator. Poate trebuie s\u0103 creezi singur un email nou.\" data-email-share-nonce=\"d3b9e225fe\" data-email-share-track-url=\"https:\/\/www.curierul.ro\/politia-recomanda-adaptati-viteza-de-deplasare\/?share=email\"><span id=\"sharing-email-196127\" hidden>D\u0103 clic pentru a trimite o leg\u0103tur\u0103 prin email unui prieten(Se deschide \u00eentr-o fereastr\u0103 nou\u0103)<\/span><span>Email<\/span><\/a><\/li>\n<li class=\"share-print\"><a rel=\"nofollow noopener noreferrer\" data-shared=\"sharing-print-196127\" class=\"share-print sd-button\" href=\"https:\/\/www.curierul.ro\/politia-recomanda-adaptati-viteza-de-deplasare\/#print?share=print\" target=\"_blank\" aria-labelledby=\"sharing-print-196127\"><span id=\"sharing-print-196127\" hidden>D\u0103 clic pentru a imprima(Se deschide \u00eentr-o fereastr\u0103 nou\u0103)<\/span><span>Imprimare<\/span><\/a><\/li>\n<li class=\"share-end\"><\/ul>\n<\/div>\n<\/div>\n<\/div>\n<\/div>\n<\/div>\n<div id=\"jp-relatedposts\" class=\"jp-relatedposts\">\n<h3 class=\"jp-relatedposts-headline\"><em>Similare<\/em><\/h3>\n<\/div>\n<footer class=\"post-footer\">\n<p class=\"tags\"><strong>Tags: <\/strong><a href=\"https:\/\/www.curierul.ro\/tag\/adaptati\/\" rel=\"tag\">adapta\u021bi<\/a>, <a href=\"https:\/\/www.curierul.ro\/tag\/deplasare\/\" rel=\"tag\">deplasare<\/a>, <a href=\"https:\/\/www.curierul.ro\/tag\/politia-2\/\" rel=\"tag\">poli\u021bia<\/a>, <a href=\"https:\/\/www.curierul.ro\/tag\/recomanda\/\" rel=\"tag\">recomand\u0103<\/a>, <a href=\"https:\/\/www.curierul.ro\/tag\/viteza-2\/\" rel=\"tag\">viteza<\/a><\/p>\n<div class=\"post-navigation clearfix\">\n<div class=\"previous-post\">\n<p class=\"paginate-title\">\u00ab\u00ab <a href=\"https:\/\/www.curierul.ro\/sistemplast-sa-convocator\/\" rel=\"prev\">Sistemplast SA \u2013 CONVOCATOR<\/a><\/p>\n<\/div>\n<div class=\"next-post\">\n<div class=\"featured-photo\"><img loading=\"lazy\" decoding=\"async\" width=\"1600\" height=\"1200\" src=\"https:\/\/analyse.optim.biz\/wp-content\/uploads\/2026\/01\/rutier-2.jpeg\" class=\"attachment-post-thumbnail size-post-thumbnail wp-post-image\" title=\"rutier-2\"><\/div>\n<p class=\"paginate-title\"><a href=\"https:\/\/www.curierul.ro\/a-scazut-riscul-rutier-pe-drumurile-valcene\/\" rel=\"next\">A sc\u0103zut riscul rutier pe drumurile v\u00e2lcene!<\/a> \u00bb\u00bb<\/p>\n<\/div>\n<\/div>\n<div id=\"comments\" class=\"comments-area\">\n<div id=\"respond\" class=\"comment-respond\">\n<h3 id=\"reply-title\" class=\"comment-reply-title\">Po\u021bi comenta aici<small><a rel=\"nofollow\" id=\"cancel-comment-reply-link\" href=\"https:\/\/www.curierul.ro\/politia-recomanda-adaptati-viteza-de-deplasare\/#respond\">Anuleaz\u0103 r\u0103spunsul<\/a><\/small><\/h3>\n<\/div>\n<p class=\"akismet_comment_form_privacy_notice\">Acest site folose\u0219te Akismet pentru a reduce spamul. <a href=\"https:\/\/akismet.com\/privacy\/\" target=\"_blank\" rel=\"nofollow noopener\">Afl\u0103 cum sunt procesate datele comentariilor tale<\/a>.<\/p>\n<\/div>\n<section class=\"latest-category clearfix\">\n<h2 class=\"title\">More Stories From Impact<\/h2>\n<div class=\"stories-container\">\n<article id=\"related-196109\" class=\"story post-196109 post type-post status-publish format-standard has-post-thumbnail hentry category-actualitate category-economie category-headlines category-impact category-zidezi\">\n<div class=\"photo\"><img decoding=\"async\" width=\"735\" height=\"440\" src=\"https:\/\/analyse.optim.biz\/wp-content\/uploads\/2026\/01\/cci.jpeg\" class=\"attachment-giornalismo-single size-giornalismo-single wp-post-image\" loading=\"lazy\" title=\"cci\"><\/div>\n<p class=\"headline\"><a href=\"https:\/\/www.curierul.ro\/vizita-elena-la-camera-de-comert-si-industrie-valcea\/\">Vizit\u0103 elen\u0103 la Camera de Comer\u021b \u0219i Industrie V\u00e2lcea<\/a><\/p>\n<\/article>\n<article id=\"related-195949\" class=\"story post-195949 post type-post status-publish format-standard has-post-thumbnail hentry category-actualitate category-impact category-politica tag-apavil tag-avarie tag-fara-apa-rece tag-ramnic-2 tag-strazi-2\">\n<div class=\"photo\"><img decoding=\"async\" width=\"735\" height=\"440\" src=\"https:\/\/analyse.optim.biz\/wp-content\/uploads\/2026\/01\/se-opreste-apa-640x400-1-39.png\" class=\"attachment-giornalismo-single size-giornalismo-single wp-post-image\" loading=\"lazy\" title=\"se-opreste-apa-640x400-1-39\"><\/div>\n<p class=\"headline\"><a href=\"https:\/\/www.curierul.ro\/apavil-anunta-avarie-pe-doua-strazi-din-ramnic-locuitorii-din-zona-sase-ore-fara-apa-rece-unde-cand-%f0%9f%91%87%f0%9f%8f%bb%f0%9f%91%87%f0%9f%8f%bb%f0%9f%91%87%f0%9f%8f%bb\/\">Apavil anun\u021b\u0103 avarie pe dou\u0103 str\u0103zi din R\u00e2mnic. Locuitorii din zon\u0103, \u0219ase ore f\u0103r\u0103 ap\u0103 rece. Unde, c\u00e2nd? \ud83d\udc47\ud83c\udffb\ud83d\udc47\ud83c\udffb\ud83d\udc47\ud83c\udffb<\/a><\/p>\n<\/article>\n<article id=\"related-195920\" class=\"story post-195920 post type-post status-publish format-standard has-post-thumbnail hentry category-headlines category-impact category-politica category-social tag-adapostesc tag-centrul-social-ioana tag-oamenii-strazii\">\n<div class=\"photo\"><img decoding=\"async\" width=\"735\" height=\"440\" src=\"https:\/\/analyse.optim.biz\/wp-content\/uploads\/2026\/01\/csu-ioana-11.jpg\" class=\"attachment-giornalismo-single size-giornalismo-single wp-post-image\" loading=\"lazy\" title=\"csu-ioana-11\"><\/div>\n<p class=\"headline\"><a href=\"https:\/\/www.curierul.ro\/gerul-de-afara-a-adus-noi-chiriasi-la-centrul-social-de-urgenta-ioana\/\">Gerul de afar\u0103 a adus noi \u00abchiria\u0219i\u00bb la Centrul Social de Urgen\u021b\u0103 \u201eIoana\u201d<\/a><\/p>\n<\/article>\n<\/div>\n<\/section>\n<section class=\"author-bio clearfix\">\n<div class=\"mug-shot\"><img decoding=\"async\" src=\"https:\/\/analyse.optim.biz\/wp-content\/uploads\/2026\/01\/2a58d181c1d85262357d59db6fc29158130ca794fc45057783762a4c0eb9167f-77.jpg\" class=\"avatar avatar-96 photo\" height=\"96\" width=\"96\" loading=\"lazy\" title=\"2a58d181c1d85262357d59db6fc29158130ca794fc45057783762a4c0eb9167f-77\"><\/div>\n<div class=\"author-info\">\n<p class=\"title\">About Curierul de Valcea, <\/p>\n<div class=\"author-social-area\"><a href=\"mailto:curierul@curierul.ro\"><span class=\"fal fa-envelope\"><span class=\"screen-reader-text\">Email the Author<\/span><\/span><\/a><\/div>\n<\/div>\n<\/section>\n<\/footer>\n<\/article>\n<article id=\"related-196109\" class=\"story post-196109 post type-post status-publish format-standard has-post-thumbnail hentry category-actualitate category-economie category-headlines category-impact category-zidezi\">\n<div class=\"photo\"><img decoding=\"async\" width=\"735\" height=\"440\" src=\"https:\/\/analyse.optim.biz\/wp-content\/uploads\/2026\/01\/cci.jpeg\" class=\"attachment-giornalismo-single size-giornalismo-single wp-post-image\" loading=\"lazy\" title=\"cci\"><\/div>\n<p class=\"headline\"><a href=\"https:\/\/www.curierul.ro\/vizita-elena-la-camera-de-comert-si-industrie-valcea\/\">Vizit\u0103 elen\u0103 la Camera de Comer\u021b \u0219i Industrie V\u00e2lcea<\/a><\/p>\n<\/article>\n<article id=\"related-195949\" class=\"story post-195949 post type-post status-publish format-standard has-post-thumbnail hentry category-actualitate category-impact category-politica tag-apavil tag-avarie tag-fara-apa-rece tag-ramnic-2 tag-strazi-2\">\n<div class=\"photo\"><img decoding=\"async\" width=\"735\" height=\"440\" src=\"https:\/\/analyse.optim.biz\/wp-content\/uploads\/2026\/01\/se-opreste-apa-640x400-1-39.png\" class=\"attachment-giornalismo-single size-giornalismo-single wp-post-image\" loading=\"lazy\" title=\"se-opreste-apa-640x400-1-39\"><\/div>\n<p class=\"headline\"><a href=\"https:\/\/www.curierul.ro\/apavil-anunta-avarie-pe-doua-strazi-din-ramnic-locuitorii-din-zona-sase-ore-fara-apa-rece-unde-cand-%f0%9f%91%87%f0%9f%8f%bb%f0%9f%91%87%f0%9f%8f%bb%f0%9f%91%87%f0%9f%8f%bb\/\">Apavil anun\u021b\u0103 avarie pe dou\u0103 str\u0103zi din R\u00e2mnic. Locuitorii din zon\u0103, \u0219ase ore f\u0103r\u0103 ap\u0103 rece. Unde, c\u00e2nd? \ud83d\udc47\ud83c\udffb\ud83d\udc47\ud83c\udffb\ud83d\udc47\ud83c\udffb<\/a><\/p>\n<\/article>\n<article id=\"related-195920\" class=\"story post-195920 post type-post status-publish format-standard has-post-thumbnail hentry category-headlines category-impact category-politica category-social tag-adapostesc tag-centrul-social-ioana tag-oamenii-strazii\">\n<div class=\"photo\"><img decoding=\"async\" width=\"735\" height=\"440\" src=\"https:\/\/analyse.optim.biz\/wp-content\/uploads\/2026\/01\/csu-ioana-11.jpg\" class=\"attachment-giornalismo-single size-giornalismo-single wp-post-image\" loading=\"lazy\" title=\"csu-ioana-11\"><\/div>\n<p class=\"headline\"><a href=\"https:\/\/www.curierul.ro\/gerul-de-afara-a-adus-noi-chiriasi-la-centrul-social-de-urgenta-ioana\/\">Gerul de afar\u0103 a adus noi \u00abchiria\u0219i\u00bb la Centrul Social de Urgen\u021b\u0103 \u201eIoana\u201d<\/a><\/p>\n<\/article>\n<p> Source URL: https:\/\/www.curierul.ro\/politia-recomanda-adaptati-viteza-de-deplasare\/<\/p>\n","protected":false},"excerpt":{"rendered":"<p>Home Impact Poli\u021bia recomand\u0103: adapta\u021bi viteza de deplasare! Poli\u021bia recomand\u0103: adapta\u021bi viteza de deplasare! Scris deCurierul de Valcea, 29 ianuarie 2026 Inspectoratul de Poli\u021bie Jude\u021bean V\u00e2lcea atrage aten\u021bia participan\u021bilor la trafic asupra riscurilor majore generate de nerespectarea regimului legal de vitez\u0103, una dintre principalele cauze ale producerii accidentelor rutiere grave. \u00cen anul 2025, la nivel [&hellip;]<\/p>\n","protected":false},"author":1,"featured_media":1549102,"comment_status":"open","ping_status":"","sticky":false,"template":"","format":"standard","meta":{"footnotes":""},"categories":[89],"tags":[213],"class_list":["post-1549101","post","type-post","status-publish","format-standard","has-post-thumbnail","hentry","category-romania","tag-curierul-ro"],"_links":{"self":[{"href":"https:\/\/analyse.optim.biz\/index.php?rest_route=\/wp\/v2\/posts\/1549101","targetHints":{"allow":["GET"]}}],"collection":[{"href":"https:\/\/analyse.optim.biz\/index.php?rest_route=\/wp\/v2\/posts"}],"about":[{"href":"https:\/\/analyse.optim.biz\/index.php?rest_route=\/wp\/v2\/types\/post"}],"author":[{"embeddable":true,"href":"https:\/\/analyse.optim.biz\/index.php?rest_route=\/wp\/v2\/users\/1"}],"replies":[{"embeddable":true,"href":"https:\/\/analyse.optim.biz\/index.php?rest_route=%2Fwp%2Fv2%2Fcomments&post=1549101"}],"version-history":[{"count":0,"href":"https:\/\/analyse.optim.biz\/index.php?rest_route=\/wp\/v2\/posts\/1549101\/revisions"}],"wp:featuredmedia":[{"embeddable":true,"href":"https:\/\/analyse.optim.biz\/index.php?rest_route=\/wp\/v2\/media\/1549102"}],"wp:attachment":[{"href":"https:\/\/analyse.optim.biz\/index.php?rest_route=%2Fwp%2Fv2%2Fmedia&parent=1549101"}],"wp:term":[{"taxonomy":"category","embeddable":true,"href":"https:\/\/analyse.optim.biz\/index.php?rest_route=%2Fwp%2Fv2%2Fcategories&post=1549101"},{"taxonomy":"post_tag","embeddable":true,"href":"https:\/\/analyse.optim.biz\/index.php?rest_route=%2Fwp%2Fv2%2Ftags&post=1549101"}],"curies":[{"name":"wp","href":"https:\/\/api.w.org\/{rel}","templated":true}]}}