{"id":1549085,"date":"2026-01-29T10:00:00","date_gmt":"2026-01-29T07:00:00","guid":{"rendered":"https:\/\/analyse.optim.biz\/?p=1549085"},"modified":"2026-01-29T10:00:00","modified_gmt":"2026-01-29T07:00:00","slug":"a-scazut-riscul-rutier-pe-drumurile-valcene","status":"publish","type":"post","link":"https:\/\/analyse.optim.biz\/?p=1549085","title":{"rendered":"A sc\u0103zut riscul rutier pe drumurile v\u00e2lcene!"},"content":{"rendered":"<article id=\"196124\" class=\"post-196124 post type-post status-publish format-standard has-post-thumbnail hentry category-politie category-social tag-a-scazut tag-drumuri-valcene tag-risc tag-rutier\">\n<header class=\"post-header\">\n<ul class=\"breadcrumbs\">\n<li><a href=\"https:\/\/www.curierul.ro\">Home<\/a><\/li>\n<li class=\"breadcrumbs-active .category-politie\"><a href=\"https:\/\/www.curierul.ro\/index.php?cat=58\">Politie<\/a><\/li>\n<li class=\"breadcrumbs-active .category-politie\">A sc\u0103zut riscul rutier pe drumurile v\u00e2lcene!<\/li>\n<\/ul>\n<div class=\"featured-photo\"><img loading=\"lazy\" decoding=\"async\" width=\"1600\" height=\"1200\" src=\"https:\/\/analyse.optim.biz\/wp-content\/uploads\/2026\/01\/rutier-1.jpeg\" class=\"attachment-single size-single wp-post-image\" title=\"rutier-1\"><\/div>\n<h1 class=\"headline\">A sc\u0103zut riscul rutier pe drumurile v\u00e2lcene!<\/h1>\n<p class=\"byline\">\n\t\tScris de<a href=\"https:\/\/www.curierul.ro\/author\/curierul\/\">Curierul de Valcea<\/a>, \t\t29 ianuarie 2026\t\t\t\t<\/p>\n<hr>\n<\/header>\n<p>Anul trecut, comparativ cu perioada similar\u0103 a lui 2024, statisticile Serviciului Rutier V\u00e2lcea arat\u0103 sc\u0103deri ale accidentelor grave pe toate \u201epalierele\u201d. Iat\u0103 cum stau lucrurile: 80 (-25) accidente grave; 35 (-10) accidente soldate cu mor\u021bi; 58 (-19) accidente cu r\u0103ni\u021bi grav; 48 (-9) accidente cu r\u0103ni\u021bi u\u0219or. Comisarul \u0219ef Florin M\u0103r\u0103scu, \u0219eful Serviciului Rutier V\u00e2lcea, spune c\u0103 primele patru cauze generatoare de accidente grave la nivelul jude\u021bului sunt:<\/p>\n<p>\u2013 viteza neadaptata\/peste limita legal\u0103;<\/p>\n<p>\u2013 \u2060neacordarea priorit\u0103\u021bii pietonilor<\/p>\n<p>\u2013 \u2060traversarea neregulamentar\u0103 a pietonilor<\/p>\n<p>\u2013 \u2060circula\u021bie pe sensul opus<\/p>\n<p>Prin activit\u0103\u021bile desf\u0103\u0219urate de c\u0103tre poli\u021bi\u0219tii rutieri din cadrul IPJ V\u00e2lcea, sub coordonarea Serviciului Rutier, viz\u00e2nd cele dou\u0103 paliere de prevenire \u0219i combatere, a fost atins obiectivul de reducere a riscului rutier la to\u021bi indicatorii privind accidentele grave, persoane decedate \u0219i r\u0103ni\u021bi grav. Serviciul Rutier V\u00e2lcea ocup\u0103 a patra pozi\u021bie la nivel na\u021bional privind sc\u0103derea num\u0103rului de accidente grave \u00een 2025, fiind al treilea an consecutiv cu valori \u00een sc\u0103dere ale riscului rutier. \u00cen anul 2025, la nivelul jude\u021bului au fost \u00eenregistrate 19 accidente cu victime, cu autor necunoscut, \u00een toate cazurile poli\u021bi\u0219tii rutieri, \u00een colaborare cu celelalte structuri, prin activit\u0103\u021bi operativ-investigative au reu\u0219it identificarea acestora, \u00een procent de 100%!<\/p>\n<p>\u00cen conformitate cu prevederile Leg. 383\/2022, \u00een anul 2025, Sistemul eSIGUR a fost implementat \u00een prima etap\u0103 prin utilizarea radarelor fixe (pistoale radar TRUCAM II, folosite pe modul automat pe trepied). \u201eDispozitivele tehnice de m\u0103surare a vitezei \u00een mod automat au fost utilizate pe principalele drumuri na\u021bionale \u2013 DN7, DN64, DN67 pe sectoarele cu risc rutier ridicat, \u00een baza unor analize realizate la nivelul jude\u021bului. Abaterile rutiere pe linie de vitez\u0103 sunt gestionate \u0219i prelucrate cu emiterea proceselor verbale de constatare a contraven\u021biilor, conform prevederilor legale de c\u0103tre Centrului de Monitorizare Automat\u0103 a Traficului Rutier din cadrul IGPR\u201d, afirm\u0103 comisarul \u0219ef M\u0103r\u0103scu.<\/p>\n<p>IPJ V\u00e2lcea \u0219i Serviciul Rutier aduc mul\u021bumiri Conducerii IGPR-DR \u0219i partenerilor institu\u021bionali\/autorit\u0103\u021bilor cu atribu\u021bii \u00een domeniul siguran\u021bei rutiere pentru ac\u021biunile realizate, rezultatele ob\u021binute \u0219i pentru colaborarea foarte bun\u0103 din anul 2025.<\/p>\n<div class=\"sharedaddy sd-sharing-enabled\">\n<div class=\"robots-nocontent sd-block sd-social sd-social-official sd-sharing\">\n<h3 class=\"sd-title\">Distribuie pe:<\/h3>\n<div class=\"sd-content\">\n<ul>\n<li class=\"share-facebook\">\n<li class=\"share-twitter\"><a href=\"https:\/\/twitter.com\/share\" class=\"twitter-share-button\" data-url=\"https:\/\/www.curierul.ro\/a-scazut-riscul-rutier-pe-drumurile-valcene\/\" data-text=\"A sc\u0103zut riscul rutier pe drumurile v\u00e2lcene!\" data-via=\"curierulvl\">Tweet<\/a><\/li>\n<li class=\"share-jetpack-whatsapp\"><a rel=\"nofollow noopener noreferrer\" data-shared=\"sharing-whatsapp-196124\" class=\"share-jetpack-whatsapp sd-button\" href=\"https:\/\/www.curierul.ro\/a-scazut-riscul-rutier-pe-drumurile-valcene\/?share=jetpack-whatsapp\" target=\"_blank\" aria-labelledby=\"sharing-whatsapp-196124\"><span id=\"sharing-whatsapp-196124\" hidden>D\u0103 clic pentru partajare pe WhatsApp(Se deschide \u00eentr-o fereastr\u0103 nou\u0103)<\/span><span>WhatsApp<\/span><\/a><\/li>\n<li><a href=\"https:\/\/www.curierul.ro\/a-scazut-riscul-rutier-pe-drumurile-valcene\/\" class=\"sharing-anchor sd-button share-more\"><span>Mai mult<\/span><\/a><\/li>\n<li class=\"share-end\"><\/ul>\n<div class=\"sharing-hidden\">\n<div class=\"inner\">\n<ul>\n<li class=\"share-email\"><a rel=\"nofollow noopener noreferrer\" data-shared=\"sharing-email-196124\" class=\"share-email sd-button\" href=\"mailto:?subject=%5BArticol%20partajat%5D%20A%20sc%C4%83zut%20riscul%20rutier%20pe%20drumurile%20v%C3%A2lcene%21&amp;body=https%3A%2F%2Fwww.curierul.ro%2Fa-scazut-riscul-rutier-pe-drumurile-valcene%2F&amp;share=email\" target=\"_blank\" aria-labelledby=\"sharing-email-196124\" data-email-share-error-title=\"\u021ai-ai configurat emailul?\" data-email-share-error-text=\"Dac\u0103 ai probleme la partajarea prin email, probabil nu ai configurat emailul pentru navigator. Poate trebuie s\u0103 creezi singur un email nou.\" data-email-share-nonce=\"22b8976e05\" data-email-share-track-url=\"https:\/\/www.curierul.ro\/a-scazut-riscul-rutier-pe-drumurile-valcene\/?share=email\"><span id=\"sharing-email-196124\" hidden>D\u0103 clic pentru a trimite o leg\u0103tur\u0103 prin email unui prieten(Se deschide \u00eentr-o fereastr\u0103 nou\u0103)<\/span><span>Email<\/span><\/a><\/li>\n<li class=\"share-print\"><a rel=\"nofollow noopener noreferrer\" data-shared=\"sharing-print-196124\" class=\"share-print sd-button\" href=\"https:\/\/www.curierul.ro\/a-scazut-riscul-rutier-pe-drumurile-valcene\/#print?share=print\" target=\"_blank\" aria-labelledby=\"sharing-print-196124\"><span id=\"sharing-print-196124\" hidden>D\u0103 clic pentru a imprima(Se deschide \u00eentr-o fereastr\u0103 nou\u0103)<\/span><span>Imprimare<\/span><\/a><\/li>\n<li class=\"share-end\"><\/ul>\n<\/div>\n<\/div>\n<\/div>\n<\/div>\n<\/div>\n<div id=\"jp-relatedposts\" class=\"jp-relatedposts\">\n<h3 class=\"jp-relatedposts-headline\"><em>Similare<\/em><\/h3>\n<\/div>\n<footer class=\"post-footer\">\n<p class=\"tags\"><strong>Tags: <\/strong><a href=\"https:\/\/www.curierul.ro\/tag\/a-scazut\/\" rel=\"tag\">a sc\u0103zut<\/a>, <a href=\"https:\/\/www.curierul.ro\/tag\/drumuri-valcene\/\" rel=\"tag\">drumuri v\u00e2lcene<\/a>, <a href=\"https:\/\/www.curierul.ro\/tag\/risc\/\" rel=\"tag\">risc<\/a>, <a href=\"https:\/\/www.curierul.ro\/tag\/rutier\/\" rel=\"tag\">RUTIER<\/a><\/p>\n<div class=\"post-navigation clearfix\">\n<div class=\"previous-post\">\n<div class=\"featured-photo\"><img loading=\"lazy\" decoding=\"async\" width=\"540\" height=\"315\" src=\"https:\/\/analyse.optim.biz\/wp-content\/uploads\/2026\/01\/viteza.jpeg\" class=\"attachment-post-thumbnail size-post-thumbnail wp-post-image\" title=\"viteza\"><\/div>\n<p class=\"paginate-title\">\u00ab\u00ab <a href=\"https:\/\/www.curierul.ro\/politia-recomanda-adaptati-viteza-de-deplasare\/\" rel=\"prev\">Poli\u021bia recomand\u0103: adapta\u021bi viteza de deplasare!<\/a><\/p>\n<\/div>\n<div class=\"next-post\">\n<div class=\"featured-photo\"><img decoding=\"async\" width=\"1600\" height=\"1066\" src=\"https:\/\/analyse.optim.biz\/wp-content\/uploads\/2026\/01\/baschewt-vl-oradea.jpeg\" class=\"attachment-post-thumbnail size-post-thumbnail wp-post-image\" loading=\"lazy\" title=\"baschewt-vl-oradea\"><\/div>\n<p class=\"paginate-title\"><a href=\"https:\/\/www.curierul.ro\/baschet-masculin-cs-valcea-1924-pierde-cu-csm-oradea-82-10223-26-19-21-20-29-20-26\/\" rel=\"next\">BASCHET MASCULIN. CS V\u00c2LCEA 1924 PIERDE CU CSM ORADEA, 82-102(23-26, 19-21, 20-29, 20-26)<\/a> \u00bb\u00bb<\/p>\n<\/div>\n<\/div>\n<div id=\"comments\" class=\"comments-area\">\n<div id=\"respond\" class=\"comment-respond\">\n<h3 id=\"reply-title\" class=\"comment-reply-title\">Po\u021bi comenta aici<small><a rel=\"nofollow\" id=\"cancel-comment-reply-link\" href=\"https:\/\/www.curierul.ro\/a-scazut-riscul-rutier-pe-drumurile-valcene\/#respond\">Anuleaz\u0103 r\u0103spunsul<\/a><\/small><\/h3>\n<\/div>\n<p class=\"akismet_comment_form_privacy_notice\">Acest site folose\u0219te Akismet pentru a reduce spamul. <a href=\"https:\/\/akismet.com\/privacy\/\" target=\"_blank\" rel=\"nofollow noopener\">Afl\u0103 cum sunt procesate datele comentariilor tale<\/a>.<\/p>\n<\/div>\n<section class=\"latest-category clearfix\">\n<h2 class=\"title\">More Stories From Politie<\/h2>\n<div class=\"stories-container\">\n<article id=\"related-196127\" class=\"story post-196127 post type-post status-publish format-standard has-post-thumbnail hentry category-impact category-politie category-social tag-adaptati tag-deplasare tag-politia-2 tag-recomanda tag-viteza-2\">\n<div class=\"photo\"><img decoding=\"async\" width=\"540\" height=\"315\" src=\"https:\/\/analyse.optim.biz\/wp-content\/uploads\/2026\/01\/viteza.jpeg\" class=\"attachment-giornalismo-single size-giornalismo-single wp-post-image\" loading=\"lazy\" title=\"viteza\"><\/div>\n<p class=\"headline\"><a href=\"https:\/\/www.curierul.ro\/politia-recomanda-adaptati-viteza-de-deplasare\/\">Poli\u021bia recomand\u0103: adapta\u021bi viteza de deplasare!<\/a><\/p>\n<\/article>\n<article id=\"related-196058\" class=\"story post-196058 post type-post status-publish format-standard has-post-thumbnail hentry category-ceasul-rau category-headlines category-politie category-social tag-decedat tag-dn-7 tag-spital tag-tanar-2\">\n<div class=\"photo\"><img decoding=\"async\" width=\"735\" height=\"440\" src=\"https:\/\/analyse.optim.biz\/wp-content\/uploads\/2026\/01\/accident-calimanesti-5.jpeg\" class=\"attachment-giornalismo-single size-giornalismo-single wp-post-image\" loading=\"lazy\" title=\"accident-calimanesti-5\"><\/div>\n<p class=\"headline\"><a href=\"https:\/\/www.curierul.ro\/dn-7-si-a-luat-din-nou-tributul-un-tanar-de-19-ani-decedat-alti-patru-au-ajuns-la-spital\/\">DN 7 \u0219i-a luat din nou tributul \u2013 un t\u00e2n\u0103r de 19 ani, decedat, al\u021bi patru au ajuns la spital<\/a><\/p>\n<\/article>\n<article id=\"related-195972\" class=\"story post-195972 post type-post status-publish format-standard has-post-thumbnail hentry category-ceasul-rau category-headlines category-politie category-social tag-accident tag-ghinion tag-masina-politie tag-serviciul-rutier\">\n<div class=\"photo\"><img decoding=\"async\" width=\"735\" height=\"440\" src=\"https:\/\/analyse.optim.biz\/wp-content\/uploads\/2026\/01\/accident-raureni-e1768549775867-22.jpeg\" class=\"attachment-giornalismo-single size-giornalismo-single wp-post-image\" loading=\"lazy\" title=\"accident-raureni-e1768549775867-22\"><\/div>\n<p class=\"headline\"><a href=\"https:\/\/www.curierul.ro\/culmea-ghinionului-sa-faci-accident-cu-o-masina-de-politie-la-poarta-serviciului-rutier\/\">Culmea ghinionului\u2026s\u0103 faci accident cu o ma\u0219in\u0103 de poli\u021bie, la poarta Serviciului Rutier<\/a><\/p>\n<\/article>\n<\/div>\n<\/section>\n<section class=\"author-bio clearfix\">\n<div class=\"mug-shot\"><img decoding=\"async\" src=\"https:\/\/analyse.optim.biz\/wp-content\/uploads\/2026\/01\/2a58d181c1d85262357d59db6fc29158130ca794fc45057783762a4c0eb9167f-76.jpg\" class=\"avatar avatar-96 photo\" height=\"96\" width=\"96\" loading=\"lazy\" title=\"2a58d181c1d85262357d59db6fc29158130ca794fc45057783762a4c0eb9167f-76\"><\/div>\n<div class=\"author-info\">\n<p class=\"title\">About Curierul de Valcea, <\/p>\n<div class=\"author-social-area\"><a href=\"mailto:curierul@curierul.ro\"><span class=\"fal fa-envelope\"><span class=\"screen-reader-text\">Email the Author<\/span><\/span><\/a><\/div>\n<\/div>\n<\/section>\n<\/footer>\n<\/article>\n<article id=\"196124\" class=\"post-196124 post type-post status-publish format-standard has-post-thumbnail hentry category-politie category-social tag-a-scazut tag-drumuri-valcene tag-risc tag-rutier\">\n<header class=\"post-header\">\n<ul class=\"breadcrumbs\">\n<li><a href=\"https:\/\/www.curierul.ro\">Home<\/a><\/li>\n<li class=\"breadcrumbs-active .category-politie\"><a href=\"https:\/\/www.curierul.ro\/index.php?cat=58\">Politie<\/a><\/li>\n<li class=\"breadcrumbs-active .category-politie\">A sc\u0103zut riscul rutier pe drumurile v\u00e2lcene!<\/li>\n<\/ul>\n<div class=\"featured-photo\"><img loading=\"lazy\" decoding=\"async\" width=\"1600\" height=\"1200\" src=\"https:\/\/analyse.optim.biz\/wp-content\/uploads\/2026\/01\/rutier-1.jpeg\" class=\"attachment-single size-single wp-post-image\" title=\"rutier-1\"><\/div>\n<h1 class=\"headline\">A sc\u0103zut riscul rutier pe drumurile v\u00e2lcene!<\/h1>\n<p class=\"byline\">\n\t\tScris de<a href=\"https:\/\/www.curierul.ro\/author\/curierul\/\">Curierul de Valcea<\/a>, \t\t29 ianuarie 2026\t\t\t\t<\/p>\n<hr>\n<\/header>\n<p>Anul trecut, comparativ cu perioada similar\u0103 a lui 2024, statisticile Serviciului Rutier V\u00e2lcea arat\u0103 sc\u0103deri ale accidentelor grave pe toate \u201epalierele\u201d. Iat\u0103 cum stau lucrurile: 80 (-25) accidente grave; 35 (-10) accidente soldate cu mor\u021bi; 58 (-19) accidente cu r\u0103ni\u021bi grav; 48 (-9) accidente cu r\u0103ni\u021bi u\u0219or. Comisarul \u0219ef Florin M\u0103r\u0103scu, \u0219eful Serviciului Rutier V\u00e2lcea, spune c\u0103 primele patru cauze generatoare de accidente grave la nivelul jude\u021bului sunt:<\/p>\n<p>\u2013 viteza neadaptata\/peste limita legal\u0103;<\/p>\n<p>\u2013 \u2060neacordarea priorit\u0103\u021bii pietonilor<\/p>\n<p>\u2013 \u2060traversarea neregulamentar\u0103 a pietonilor<\/p>\n<p>\u2013 \u2060circula\u021bie pe sensul opus<\/p>\n<p>Prin activit\u0103\u021bile desf\u0103\u0219urate de c\u0103tre poli\u021bi\u0219tii rutieri din cadrul IPJ V\u00e2lcea, sub coordonarea Serviciului Rutier, viz\u00e2nd cele dou\u0103 paliere de prevenire \u0219i combatere, a fost atins obiectivul de reducere a riscului rutier la to\u021bi indicatorii privind accidentele grave, persoane decedate \u0219i r\u0103ni\u021bi grav. Serviciul Rutier V\u00e2lcea ocup\u0103 a patra pozi\u021bie la nivel na\u021bional privind sc\u0103derea num\u0103rului de accidente grave \u00een 2025, fiind al treilea an consecutiv cu valori \u00een sc\u0103dere ale riscului rutier. \u00cen anul 2025, la nivelul jude\u021bului au fost \u00eenregistrate 19 accidente cu victime, cu autor necunoscut, \u00een toate cazurile poli\u021bi\u0219tii rutieri, \u00een colaborare cu celelalte structuri, prin activit\u0103\u021bi operativ-investigative au reu\u0219it identificarea acestora, \u00een procent de 100%!<\/p>\n<p>\u00cen conformitate cu prevederile Leg. 383\/2022, \u00een anul 2025, Sistemul eSIGUR a fost implementat \u00een prima etap\u0103 prin utilizarea radarelor fixe (pistoale radar TRUCAM II, folosite pe modul automat pe trepied). \u201eDispozitivele tehnice de m\u0103surare a vitezei \u00een mod automat au fost utilizate pe principalele drumuri na\u021bionale \u2013 DN7, DN64, DN67 pe sectoarele cu risc rutier ridicat, \u00een baza unor analize realizate la nivelul jude\u021bului. Abaterile rutiere pe linie de vitez\u0103 sunt gestionate \u0219i prelucrate cu emiterea proceselor verbale de constatare a contraven\u021biilor, conform prevederilor legale de c\u0103tre Centrului de Monitorizare Automat\u0103 a Traficului Rutier din cadrul IGPR\u201d, afirm\u0103 comisarul \u0219ef M\u0103r\u0103scu.<\/p>\n<p>IPJ V\u00e2lcea \u0219i Serviciul Rutier aduc mul\u021bumiri Conducerii IGPR-DR \u0219i partenerilor institu\u021bionali\/autorit\u0103\u021bilor cu atribu\u021bii \u00een domeniul siguran\u021bei rutiere pentru ac\u021biunile realizate, rezultatele ob\u021binute \u0219i pentru colaborarea foarte bun\u0103 din anul 2025.<\/p>\n<div class=\"sharedaddy sd-sharing-enabled\">\n<div class=\"robots-nocontent sd-block sd-social sd-social-official sd-sharing\">\n<h3 class=\"sd-title\">Distribuie pe:<\/h3>\n<div class=\"sd-content\">\n<ul>\n<li class=\"share-facebook\">\n<li class=\"share-twitter\"><a href=\"https:\/\/twitter.com\/share\" class=\"twitter-share-button\" data-url=\"https:\/\/www.curierul.ro\/a-scazut-riscul-rutier-pe-drumurile-valcene\/\" data-text=\"A sc\u0103zut riscul rutier pe drumurile v\u00e2lcene!\" data-via=\"curierulvl\">Tweet<\/a><\/li>\n<li class=\"share-jetpack-whatsapp\"><a rel=\"nofollow noopener noreferrer\" data-shared=\"sharing-whatsapp-196124\" class=\"share-jetpack-whatsapp sd-button\" href=\"https:\/\/www.curierul.ro\/a-scazut-riscul-rutier-pe-drumurile-valcene\/?share=jetpack-whatsapp\" target=\"_blank\" aria-labelledby=\"sharing-whatsapp-196124\"><span id=\"sharing-whatsapp-196124\" hidden>D\u0103 clic pentru partajare pe WhatsApp(Se deschide \u00eentr-o fereastr\u0103 nou\u0103)<\/span><span>WhatsApp<\/span><\/a><\/li>\n<li><a href=\"https:\/\/www.curierul.ro\/a-scazut-riscul-rutier-pe-drumurile-valcene\/\" class=\"sharing-anchor sd-button share-more\"><span>Mai mult<\/span><\/a><\/li>\n<li class=\"share-end\"><\/ul>\n<div class=\"sharing-hidden\">\n<div class=\"inner\">\n<ul>\n<li class=\"share-email\"><a rel=\"nofollow noopener noreferrer\" data-shared=\"sharing-email-196124\" class=\"share-email sd-button\" href=\"mailto:?subject=%5BArticol%20partajat%5D%20A%20sc%C4%83zut%20riscul%20rutier%20pe%20drumurile%20v%C3%A2lcene%21&amp;body=https%3A%2F%2Fwww.curierul.ro%2Fa-scazut-riscul-rutier-pe-drumurile-valcene%2F&amp;share=email\" target=\"_blank\" aria-labelledby=\"sharing-email-196124\" data-email-share-error-title=\"\u021ai-ai configurat emailul?\" data-email-share-error-text=\"Dac\u0103 ai probleme la partajarea prin email, probabil nu ai configurat emailul pentru navigator. Poate trebuie s\u0103 creezi singur un email nou.\" data-email-share-nonce=\"22b8976e05\" data-email-share-track-url=\"https:\/\/www.curierul.ro\/a-scazut-riscul-rutier-pe-drumurile-valcene\/?share=email\"><span id=\"sharing-email-196124\" hidden>D\u0103 clic pentru a trimite o leg\u0103tur\u0103 prin email unui prieten(Se deschide \u00eentr-o fereastr\u0103 nou\u0103)<\/span><span>Email<\/span><\/a><\/li>\n<li class=\"share-print\"><a rel=\"nofollow noopener noreferrer\" data-shared=\"sharing-print-196124\" class=\"share-print sd-button\" href=\"https:\/\/www.curierul.ro\/a-scazut-riscul-rutier-pe-drumurile-valcene\/#print?share=print\" target=\"_blank\" aria-labelledby=\"sharing-print-196124\"><span id=\"sharing-print-196124\" hidden>D\u0103 clic pentru a imprima(Se deschide \u00eentr-o fereastr\u0103 nou\u0103)<\/span><span>Imprimare<\/span><\/a><\/li>\n<li class=\"share-end\"><\/ul>\n<\/div>\n<\/div>\n<\/div>\n<\/div>\n<\/div>\n<div id=\"jp-relatedposts\" class=\"jp-relatedposts\">\n<h3 class=\"jp-relatedposts-headline\"><em>Similare<\/em><\/h3>\n<\/div>\n<footer class=\"post-footer\">\n<p class=\"tags\"><strong>Tags: <\/strong><a href=\"https:\/\/www.curierul.ro\/tag\/a-scazut\/\" rel=\"tag\">a sc\u0103zut<\/a>, <a href=\"https:\/\/www.curierul.ro\/tag\/drumuri-valcene\/\" rel=\"tag\">drumuri v\u00e2lcene<\/a>, <a href=\"https:\/\/www.curierul.ro\/tag\/risc\/\" rel=\"tag\">risc<\/a>, <a href=\"https:\/\/www.curierul.ro\/tag\/rutier\/\" rel=\"tag\">RUTIER<\/a><\/p>\n<div class=\"post-navigation clearfix\">\n<div class=\"previous-post\">\n<div class=\"featured-photo\"><img loading=\"lazy\" decoding=\"async\" width=\"540\" height=\"315\" src=\"https:\/\/analyse.optim.biz\/wp-content\/uploads\/2026\/01\/viteza.jpeg\" class=\"attachment-post-thumbnail size-post-thumbnail wp-post-image\" title=\"viteza\"><\/div>\n<p class=\"paginate-title\">\u00ab\u00ab <a href=\"https:\/\/www.curierul.ro\/politia-recomanda-adaptati-viteza-de-deplasare\/\" rel=\"prev\">Poli\u021bia recomand\u0103: adapta\u021bi viteza de deplasare!<\/a><\/p>\n<\/div>\n<div class=\"next-post\">\n<div class=\"featured-photo\"><img decoding=\"async\" width=\"1600\" height=\"1066\" src=\"https:\/\/analyse.optim.biz\/wp-content\/uploads\/2026\/01\/baschewt-vl-oradea.jpeg\" class=\"attachment-post-thumbnail size-post-thumbnail wp-post-image\" loading=\"lazy\" title=\"baschewt-vl-oradea\"><\/div>\n<p class=\"paginate-title\"><a href=\"https:\/\/www.curierul.ro\/baschet-masculin-cs-valcea-1924-pierde-cu-csm-oradea-82-10223-26-19-21-20-29-20-26\/\" rel=\"next\">BASCHET MASCULIN. CS V\u00c2LCEA 1924 PIERDE CU CSM ORADEA, 82-102(23-26, 19-21, 20-29, 20-26)<\/a> \u00bb\u00bb<\/p>\n<\/div>\n<\/div>\n<div id=\"comments\" class=\"comments-area\">\n<div id=\"respond\" class=\"comment-respond\">\n<h3 id=\"reply-title\" class=\"comment-reply-title\">Po\u021bi comenta aici<small><a rel=\"nofollow\" id=\"cancel-comment-reply-link\" href=\"https:\/\/www.curierul.ro\/a-scazut-riscul-rutier-pe-drumurile-valcene\/#respond\">Anuleaz\u0103 r\u0103spunsul<\/a><\/small><\/h3>\n<\/div>\n<p class=\"akismet_comment_form_privacy_notice\">Acest site folose\u0219te Akismet pentru a reduce spamul. <a href=\"https:\/\/akismet.com\/privacy\/\" target=\"_blank\" rel=\"nofollow noopener\">Afl\u0103 cum sunt procesate datele comentariilor tale<\/a>.<\/p>\n<\/div>\n<section class=\"latest-category clearfix\">\n<h2 class=\"title\">More Stories From Politie<\/h2>\n<div class=\"stories-container\">\n<article id=\"related-196127\" class=\"story post-196127 post type-post status-publish format-standard has-post-thumbnail hentry category-impact category-politie category-social tag-adaptati tag-deplasare tag-politia-2 tag-recomanda tag-viteza-2\">\n<div class=\"photo\"><img decoding=\"async\" width=\"540\" height=\"315\" src=\"https:\/\/analyse.optim.biz\/wp-content\/uploads\/2026\/01\/viteza.jpeg\" class=\"attachment-giornalismo-single size-giornalismo-single wp-post-image\" loading=\"lazy\" title=\"viteza\"><\/div>\n<p class=\"headline\"><a href=\"https:\/\/www.curierul.ro\/politia-recomanda-adaptati-viteza-de-deplasare\/\">Poli\u021bia recomand\u0103: adapta\u021bi viteza de deplasare!<\/a><\/p>\n<\/article>\n<article id=\"related-196058\" class=\"story post-196058 post type-post status-publish format-standard has-post-thumbnail hentry category-ceasul-rau category-headlines category-politie category-social tag-decedat tag-dn-7 tag-spital tag-tanar-2\">\n<div class=\"photo\"><img decoding=\"async\" width=\"735\" height=\"440\" src=\"https:\/\/analyse.optim.biz\/wp-content\/uploads\/2026\/01\/accident-calimanesti-5.jpeg\" class=\"attachment-giornalismo-single size-giornalismo-single wp-post-image\" loading=\"lazy\" title=\"accident-calimanesti-5\"><\/div>\n<p class=\"headline\"><a href=\"https:\/\/www.curierul.ro\/dn-7-si-a-luat-din-nou-tributul-un-tanar-de-19-ani-decedat-alti-patru-au-ajuns-la-spital\/\">DN 7 \u0219i-a luat din nou tributul \u2013 un t\u00e2n\u0103r de 19 ani, decedat, al\u021bi patru au ajuns la spital<\/a><\/p>\n<\/article>\n<article id=\"related-195972\" class=\"story post-195972 post type-post status-publish format-standard has-post-thumbnail hentry category-ceasul-rau category-headlines category-politie category-social tag-accident tag-ghinion tag-masina-politie tag-serviciul-rutier\">\n<div class=\"photo\"><img decoding=\"async\" width=\"735\" height=\"440\" src=\"https:\/\/analyse.optim.biz\/wp-content\/uploads\/2026\/01\/accident-raureni-e1768549775867-22.jpeg\" class=\"attachment-giornalismo-single size-giornalismo-single wp-post-image\" loading=\"lazy\" title=\"accident-raureni-e1768549775867-22\"><\/div>\n<p class=\"headline\"><a href=\"https:\/\/www.curierul.ro\/culmea-ghinionului-sa-faci-accident-cu-o-masina-de-politie-la-poarta-serviciului-rutier\/\">Culmea ghinionului\u2026s\u0103 faci accident cu o ma\u0219in\u0103 de poli\u021bie, la poarta Serviciului Rutier<\/a><\/p>\n<\/article>\n<\/div>\n<\/section>\n<section class=\"author-bio clearfix\">\n<div class=\"mug-shot\"><img decoding=\"async\" src=\"https:\/\/analyse.optim.biz\/wp-content\/uploads\/2026\/01\/2a58d181c1d85262357d59db6fc29158130ca794fc45057783762a4c0eb9167f-76.jpg\" class=\"avatar avatar-96 photo\" height=\"96\" width=\"96\" loading=\"lazy\" title=\"2a58d181c1d85262357d59db6fc29158130ca794fc45057783762a4c0eb9167f-76\"><\/div>\n<div class=\"author-info\">\n<p class=\"title\">About Curierul de Valcea, <\/p>\n<div class=\"author-social-area\"><a href=\"mailto:curierul@curierul.ro\"><span class=\"fal fa-envelope\"><span class=\"screen-reader-text\">Email the Author<\/span><\/span><\/a><\/div>\n<\/div>\n<\/section>\n<\/footer>\n<\/article>\n<article id=\"related-196127\" class=\"story post-196127 post type-post status-publish format-standard has-post-thumbnail hentry category-impact category-politie category-social tag-adaptati tag-deplasare tag-politia-2 tag-recomanda tag-viteza-2\">\n<div class=\"photo\"><img decoding=\"async\" width=\"540\" height=\"315\" src=\"https:\/\/analyse.optim.biz\/wp-content\/uploads\/2026\/01\/viteza.jpeg\" class=\"attachment-giornalismo-single size-giornalismo-single wp-post-image\" loading=\"lazy\" title=\"viteza\"><\/div>\n<p class=\"headline\"><a href=\"https:\/\/www.curierul.ro\/politia-recomanda-adaptati-viteza-de-deplasare\/\">Poli\u021bia recomand\u0103: adapta\u021bi viteza de deplasare!<\/a><\/p>\n<\/article>\n<article id=\"related-196058\" class=\"story post-196058 post type-post status-publish format-standard has-post-thumbnail hentry category-ceasul-rau category-headlines category-politie category-social tag-decedat tag-dn-7 tag-spital tag-tanar-2\">\n<div class=\"photo\"><img decoding=\"async\" width=\"735\" height=\"440\" src=\"https:\/\/analyse.optim.biz\/wp-content\/uploads\/2026\/01\/accident-calimanesti-5.jpeg\" class=\"attachment-giornalismo-single size-giornalismo-single wp-post-image\" loading=\"lazy\" title=\"accident-calimanesti-5\"><\/div>\n<p class=\"headline\"><a href=\"https:\/\/www.curierul.ro\/dn-7-si-a-luat-din-nou-tributul-un-tanar-de-19-ani-decedat-alti-patru-au-ajuns-la-spital\/\">DN 7 \u0219i-a luat din nou tributul \u2013 un t\u00e2n\u0103r de 19 ani, decedat, al\u021bi patru au ajuns la spital<\/a><\/p>\n<\/article>\n<article id=\"related-195972\" class=\"story post-195972 post type-post status-publish format-standard has-post-thumbnail hentry category-ceasul-rau category-headlines category-politie category-social tag-accident tag-ghinion tag-masina-politie tag-serviciul-rutier\">\n<div class=\"photo\"><img decoding=\"async\" width=\"735\" height=\"440\" src=\"https:\/\/analyse.optim.biz\/wp-content\/uploads\/2026\/01\/accident-raureni-e1768549775867-22.jpeg\" class=\"attachment-giornalismo-single size-giornalismo-single wp-post-image\" loading=\"lazy\" title=\"accident-raureni-e1768549775867-22\"><\/div>\n<p class=\"headline\"><a href=\"https:\/\/www.curierul.ro\/culmea-ghinionului-sa-faci-accident-cu-o-masina-de-politie-la-poarta-serviciului-rutier\/\">Culmea ghinionului\u2026s\u0103 faci accident cu o ma\u0219in\u0103 de poli\u021bie, la poarta Serviciului Rutier<\/a><\/p>\n<\/article>\n<p> Source URL: https:\/\/www.curierul.ro\/a-scazut-riscul-rutier-pe-drumurile-valcene\/<\/p>\n","protected":false},"excerpt":{"rendered":"<p>Home Politie A sc\u0103zut riscul rutier pe drumurile v\u00e2lcene! A sc\u0103zut riscul rutier pe drumurile v\u00e2lcene! Scris deCurierul de Valcea, 29 ianuarie 2026 Anul trecut, comparativ cu perioada similar\u0103 a lui 2024, statisticile Serviciului Rutier V\u00e2lcea arat\u0103 sc\u0103deri ale accidentelor grave pe toate \u201epalierele\u201d. Iat\u0103 cum stau lucrurile: 80 (-25) accidente grave; 35 (-10) accidente [&hellip;]<\/p>\n","protected":false},"author":1,"featured_media":1549086,"comment_status":"open","ping_status":"","sticky":false,"template":"","format":"standard","meta":{"footnotes":""},"categories":[89],"tags":[213],"class_list":["post-1549085","post","type-post","status-publish","format-standard","has-post-thumbnail","hentry","category-romania","tag-curierul-ro"],"_links":{"self":[{"href":"https:\/\/analyse.optim.biz\/index.php?rest_route=\/wp\/v2\/posts\/1549085","targetHints":{"allow":["GET"]}}],"collection":[{"href":"https:\/\/analyse.optim.biz\/index.php?rest_route=\/wp\/v2\/posts"}],"about":[{"href":"https:\/\/analyse.optim.biz\/index.php?rest_route=\/wp\/v2\/types\/post"}],"author":[{"embeddable":true,"href":"https:\/\/analyse.optim.biz\/index.php?rest_route=\/wp\/v2\/users\/1"}],"replies":[{"embeddable":true,"href":"https:\/\/analyse.optim.biz\/index.php?rest_route=%2Fwp%2Fv2%2Fcomments&post=1549085"}],"version-history":[{"count":0,"href":"https:\/\/analyse.optim.biz\/index.php?rest_route=\/wp\/v2\/posts\/1549085\/revisions"}],"wp:featuredmedia":[{"embeddable":true,"href":"https:\/\/analyse.optim.biz\/index.php?rest_route=\/wp\/v2\/media\/1549086"}],"wp:attachment":[{"href":"https:\/\/analyse.optim.biz\/index.php?rest_route=%2Fwp%2Fv2%2Fmedia&parent=1549085"}],"wp:term":[{"taxonomy":"category","embeddable":true,"href":"https:\/\/analyse.optim.biz\/index.php?rest_route=%2Fwp%2Fv2%2Fcategories&post=1549085"},{"taxonomy":"post_tag","embeddable":true,"href":"https:\/\/analyse.optim.biz\/index.php?rest_route=%2Fwp%2Fv2%2Ftags&post=1549085"}],"curies":[{"name":"wp","href":"https:\/\/api.w.org\/{rel}","templated":true}]}}