{"id":1548804,"date":"2026-01-29T09:28:45","date_gmt":"2026-01-29T06:28:45","guid":{"rendered":"https:\/\/analyse.optim.biz\/?p=1548804"},"modified":"2026-01-29T09:28:45","modified_gmt":"2026-01-29T06:28:45","slug":"vrancea-si-alte-7-judete-din-sud-estul-romaniei-cod-galben-de-vant-pana-sambata-seara","status":"publish","type":"post","link":"https:\/\/analyse.optim.biz\/?p=1548804","title":{"rendered":"Vrancea \u0219i alte 7 jude\u021be din sud-estul Rom\u00e2niei, cod galben de v\u00e2nt p\u00e2n\u0103 s\u00e2mb\u0103t\u0103 seara"},"content":{"rendered":"<div class=\"td_block_wrap tdb_single_content tdi_106 td-pb-border-top td_block_template_1 td-post-content tagdiv-type\" data-td-block-uid=\"tdi_106\">\n<div class=\"tdb-block-inner td-fix-index\">\n<p>Meteorologii au emis o avertizare cod galben de v\u00e2nt valabil\u0103 de joi, 29 ianuarie, ora 22.00, p\u00e2n\u0103 s\u00e2mb\u0103t\u0103, 31 ianuarie, ora 20.00. Vor fi afectate Vrancea \u0219i alte \u0219apte jude\u021be din sud-estul \u021b\u0103rii: Gala\u021bi, Buz\u0103u, Br\u0103ila, Tulcea, Ilfov, C\u0103l\u0103ra\u0219i \u0219i Constan\u021ba, adic\u0103 sudul Moldovei, jum\u0103tatea estic\u0103 a Munteniei \u0219i Dobrogea.<\/p>\n<p>\u00cen intervalul men\u021bionat, \u00een sudul Moldovei, \u00een jum\u0103tatea de est a Munteniei \u0219i \u00een Dobrogea, v\u00e2ntul va avea intensific\u0103ri cu viteze la rafal\u0103 \u00een general de 50\u202665 km\/or\u0103.<\/p>\n<p>De ameenea, potrivit unei inform\u0103ri a Administra\u021biei Na\u021bionale de Meteorologie, \u00een intervalul 29 ianuarie (ora 20.00) \u2013 1 februarie (ora 18.00) sunt anun\u021bate <strong>ploi moderate cantitativ, polei \u0219i ghe\u021bu\u0219, intensific\u0103ri ale v\u00e2ntului, r\u0103cire a vremii \u0219i ger.<\/strong><\/p>\n<p><strong><em>\u201e\u2026\u00een Moldova, Dobrogea \u0219i estul Transilvaniei unde temperaturile minime se vor \u00eencadra \u00een general \u00eentre -14 \u0219i -10 grade, iar pe parcursul zilei de duminic\u0103 (1 februarie) gerul va persista \u00een cea mai mare parte a Moldovei\u201d<\/em><\/strong><strong>, <\/strong>a anun\u021bat ANM.<\/p>\n<\/div>\n<\/div>\n<p> Source URL: https:\/\/www.jurnaldevrancea.ro\/vrancea-si-alte-7-judete-din-sud-estul-romaniei-cod-galben-de-vant-pana-sambata-seara\/<\/p>\n","protected":false},"excerpt":{"rendered":"<p>Meteorologii au emis o avertizare cod galben de v\u00e2nt valabil\u0103 de joi, 29 ianuarie, ora 22.00, p\u00e2n\u0103 s\u00e2mb\u0103t\u0103, 31 ianuarie, ora 20.00. Vor fi afectate Vrancea \u0219i alte \u0219apte jude\u021be din sud-estul \u021b\u0103rii: Gala\u021bi, Buz\u0103u, Br\u0103ila, Tulcea, Ilfov, C\u0103l\u0103ra\u0219i \u0219i Constan\u021ba, adic\u0103 sudul Moldovei, jum\u0103tatea estic\u0103 a Munteniei \u0219i Dobrogea. \u00cen intervalul men\u021bionat, \u00een sudul [&hellip;]<\/p>\n","protected":false},"author":1,"featured_media":1548806,"comment_status":"open","ping_status":"","sticky":false,"template":"","format":"standard","meta":{"footnotes":""},"categories":[89],"tags":[207],"class_list":["post-1548804","post","type-post","status-publish","format-standard","has-post-thumbnail","hentry","category-romania","tag-jurnaldevrancea-ro"],"_links":{"self":[{"href":"https:\/\/analyse.optim.biz\/index.php?rest_route=\/wp\/v2\/posts\/1548804","targetHints":{"allow":["GET"]}}],"collection":[{"href":"https:\/\/analyse.optim.biz\/index.php?rest_route=\/wp\/v2\/posts"}],"about":[{"href":"https:\/\/analyse.optim.biz\/index.php?rest_route=\/wp\/v2\/types\/post"}],"author":[{"embeddable":true,"href":"https:\/\/analyse.optim.biz\/index.php?rest_route=\/wp\/v2\/users\/1"}],"replies":[{"embeddable":true,"href":"https:\/\/analyse.optim.biz\/index.php?rest_route=%2Fwp%2Fv2%2Fcomments&post=1548804"}],"version-history":[{"count":0,"href":"https:\/\/analyse.optim.biz\/index.php?rest_route=\/wp\/v2\/posts\/1548804\/revisions"}],"wp:featuredmedia":[{"embeddable":true,"href":"https:\/\/analyse.optim.biz\/index.php?rest_route=\/wp\/v2\/media\/1548806"}],"wp:attachment":[{"href":"https:\/\/analyse.optim.biz\/index.php?rest_route=%2Fwp%2Fv2%2Fmedia&parent=1548804"}],"wp:term":[{"taxonomy":"category","embeddable":true,"href":"https:\/\/analyse.optim.biz\/index.php?rest_route=%2Fwp%2Fv2%2Fcategories&post=1548804"},{"taxonomy":"post_tag","embeddable":true,"href":"https:\/\/analyse.optim.biz\/index.php?rest_route=%2Fwp%2Fv2%2Ftags&post=1548804"}],"curies":[{"name":"wp","href":"https:\/\/api.w.org\/{rel}","templated":true}]}}