{"id":1548752,"date":"2026-01-29T10:42:50","date_gmt":"2026-01-29T07:42:50","guid":{"rendered":"https:\/\/analyse.optim.biz\/?p=1548752"},"modified":"2026-01-29T10:42:50","modified_gmt":"2026-01-29T07:42:50","slug":"accident-la-tataranu-doua-autovehicule-au-ajuns-in-gardul-unei-case","status":"publish","type":"post","link":"https:\/\/analyse.optim.biz\/?p=1548752","title":{"rendered":"Accident la T\u0103t\u0103ranu! Dou\u0103 autovehicule au ajuns \u00een gardul unei case"},"content":{"rendered":"<div class=\"td_block_wrap tdb_single_content tdi_106 td-pb-border-top td_block_template_1 td-post-content tagdiv-type\" data-td-block-uid=\"tdi_106\">\n<div class=\"tdb-block-inner td-fix-index\">\n<p>Accidentul rutier s-a produs \u00een aceast\u0103 diminea\u021b\u0103, pe raza localit\u0103\u021bii Bordeasca, comuna T\u0103t\u0103ranu. Este vorba despre o coliziune fa\u021b\u0103-spate dintre o autoutilitar\u0103 \u0219i un autoturism. \u00cen urma impactului, cele dou\u0103 vehicule au p\u0103r\u0103sit partea carosabil\u0103 \u0219i aproape c\u0103 au intrat \u00een gardul unei gospod\u0103rii de la marginea drumului, autoturismul lovind \u0219i un cop\u0103cel aflat acolo. Din fericire nu au fost victime, incidentul fiind soldat doar cu pagube materiale.<\/p>\n<\/div>\n<\/div>\n<p> Source URL: https:\/\/www.jurnaldevrancea.ro\/accident-la-tataranu-doua-autovehicule-au-ajuns-in-gardul-unei-case\/<\/p>\n","protected":false},"excerpt":{"rendered":"<p>Accidentul rutier s-a produs \u00een aceast\u0103 diminea\u021b\u0103, pe raza localit\u0103\u021bii Bordeasca, comuna T\u0103t\u0103ranu. Este vorba despre o coliziune fa\u021b\u0103-spate dintre o autoutilitar\u0103 \u0219i un autoturism. \u00cen urma impactului, cele dou\u0103 vehicule au p\u0103r\u0103sit partea carosabil\u0103 \u0219i aproape c\u0103 au intrat \u00een gardul unei gospod\u0103rii de la marginea drumului, autoturismul lovind \u0219i un cop\u0103cel aflat acolo. [&hellip;]<\/p>\n","protected":false},"author":1,"featured_media":1548758,"comment_status":"open","ping_status":"","sticky":false,"template":"","format":"standard","meta":{"footnotes":""},"categories":[89],"tags":[207],"class_list":["post-1548752","post","type-post","status-publish","format-standard","has-post-thumbnail","hentry","category-romania","tag-jurnaldevrancea-ro"],"_links":{"self":[{"href":"https:\/\/analyse.optim.biz\/index.php?rest_route=\/wp\/v2\/posts\/1548752","targetHints":{"allow":["GET"]}}],"collection":[{"href":"https:\/\/analyse.optim.biz\/index.php?rest_route=\/wp\/v2\/posts"}],"about":[{"href":"https:\/\/analyse.optim.biz\/index.php?rest_route=\/wp\/v2\/types\/post"}],"author":[{"embeddable":true,"href":"https:\/\/analyse.optim.biz\/index.php?rest_route=\/wp\/v2\/users\/1"}],"replies":[{"embeddable":true,"href":"https:\/\/analyse.optim.biz\/index.php?rest_route=%2Fwp%2Fv2%2Fcomments&post=1548752"}],"version-history":[{"count":0,"href":"https:\/\/analyse.optim.biz\/index.php?rest_route=\/wp\/v2\/posts\/1548752\/revisions"}],"wp:featuredmedia":[{"embeddable":true,"href":"https:\/\/analyse.optim.biz\/index.php?rest_route=\/wp\/v2\/media\/1548758"}],"wp:attachment":[{"href":"https:\/\/analyse.optim.biz\/index.php?rest_route=%2Fwp%2Fv2%2Fmedia&parent=1548752"}],"wp:term":[{"taxonomy":"category","embeddable":true,"href":"https:\/\/analyse.optim.biz\/index.php?rest_route=%2Fwp%2Fv2%2Fcategories&post=1548752"},{"taxonomy":"post_tag","embeddable":true,"href":"https:\/\/analyse.optim.biz\/index.php?rest_route=%2Fwp%2Fv2%2Ftags&post=1548752"}],"curies":[{"name":"wp","href":"https:\/\/api.w.org\/{rel}","templated":true}]}}