{"id":1548716,"date":"2026-01-29T08:20:22","date_gmt":"2026-01-29T05:20:22","guid":{"rendered":"https:\/\/analyse.optim.biz\/?p=1548716"},"modified":"2026-01-29T08:20:22","modified_gmt":"2026-01-29T05:20:22","slug":"video-retinut-de-politie-dupa-ce-a-batut-si-violat-o-minora-de-13-ani","status":"publish","type":"post","link":"https:\/\/analyse.optim.biz\/?p=1548716","title":{"rendered":"VIDEO Re\u021binut de poli\u021bie dup\u0103 ce a b\u0103tut \u0219i violat o minor\u0103 de 13 ani"},"content":{"rendered":"<div class=\"td_block_wrap tdb_single_content tdi_106 td-pb-border-top td_block_template_1 td-post-content tagdiv-type\" data-td-block-uid=\"tdi_106\">\n<div class=\"tdb-block-inner td-fix-index\">\n<p>Este vorba despre un individ \u00een v\u00e2rst\u0103 de 20 de ani, din localitatea Vi\u0219ani, jude\u021bul Br\u0103ila. \u00cen urm\u0103 cu dou\u0103 zile, acesta a fost re\u021binut pentru 24 de ore pentru s\u0103v\u00e2r\u0219irea infrac\u021biunilor de viol s\u0103v\u00e2r\u0219it asupra unui minor, lovirea sau alte violen\u021be \u0219i agresiune sexual\u0103.<\/p>\n<p>Potrivit materialului probator, \u00een perioada 19 noiembrie 2025 \u2013 4 ianuarie 2026, t\u00e2n\u0103rul, \u00een timp ce se afla la domiciliul s\u0103u din localitatea Vi\u0219ani, ar fi \u00eentretinut raporturi sexuale \u00een mod repetat cu o minor\u0103 de 13 ani, din aceea\u0219i localitate. de asemenea, fata a fost lovit\u0103 cu palmele de c\u0103tre t\u00e2n\u0103r.<\/p>\n<p>Ieri, 28 ianuarie, Judec\u0103toria F\u0103urei a admis propunerea Parchetului de pe l\u00e2ng\u0103 Tribunalul Br\u0103ila \u0219i a dispus m\u0103sura arest\u0103rii preventive fa\u021b\u0103 de t\u00e2n\u0103rul \u00een cauz\u0103, pentru o perioad\u0103 de 30 de zile. Acesta a fost \u00eencarcerat \u00een Centrul de Re\u021binere \u0219i Arestare Preventiv\u0103 Br\u0103ila.<\/p>\n<div class=\"wp-video\"><video class=\"wp-video-shortcode\" id=\"video-157920-1\" width=\"696\" height=\"394\" preload=\"metadata\" controls=\"controls\"><source type=\"video\/mp4\" src=\"https:\/\/www.jurnaldevrancea.ro\/wp\/wp-content\/uploads\/2026\/01\/Violator-Braila.mp4?_=1\" \/><\/video><\/div>\n<\/div>\n<\/div>\n<p> Source URL: https:\/\/www.jurnaldevrancea.ro\/video-retinut-de-politie-dupa-ce-a-batut-si-violat-o-minora-de-13-ani\/<\/p>\n","protected":false},"excerpt":{"rendered":"<p>Este vorba despre un individ \u00een v\u00e2rst\u0103 de 20 de ani, din localitatea Vi\u0219ani, jude\u021bul Br\u0103ila. \u00cen urm\u0103 cu dou\u0103 zile, acesta a fost re\u021binut pentru 24 de ore pentru s\u0103v\u00e2r\u0219irea infrac\u021biunilor de viol s\u0103v\u00e2r\u0219it asupra unui minor, lovirea sau alte violen\u021be \u0219i agresiune sexual\u0103. Potrivit materialului probator, \u00een perioada 19 noiembrie 2025 \u2013 4 [&hellip;]<\/p>\n","protected":false},"author":1,"featured_media":1548719,"comment_status":"open","ping_status":"","sticky":false,"template":"","format":"standard","meta":{"footnotes":""},"categories":[89],"tags":[207],"class_list":["post-1548716","post","type-post","status-publish","format-standard","has-post-thumbnail","hentry","category-romania","tag-jurnaldevrancea-ro"],"_links":{"self":[{"href":"https:\/\/analyse.optim.biz\/index.php?rest_route=\/wp\/v2\/posts\/1548716","targetHints":{"allow":["GET"]}}],"collection":[{"href":"https:\/\/analyse.optim.biz\/index.php?rest_route=\/wp\/v2\/posts"}],"about":[{"href":"https:\/\/analyse.optim.biz\/index.php?rest_route=\/wp\/v2\/types\/post"}],"author":[{"embeddable":true,"href":"https:\/\/analyse.optim.biz\/index.php?rest_route=\/wp\/v2\/users\/1"}],"replies":[{"embeddable":true,"href":"https:\/\/analyse.optim.biz\/index.php?rest_route=%2Fwp%2Fv2%2Fcomments&post=1548716"}],"version-history":[{"count":0,"href":"https:\/\/analyse.optim.biz\/index.php?rest_route=\/wp\/v2\/posts\/1548716\/revisions"}],"wp:featuredmedia":[{"embeddable":true,"href":"https:\/\/analyse.optim.biz\/index.php?rest_route=\/wp\/v2\/media\/1548719"}],"wp:attachment":[{"href":"https:\/\/analyse.optim.biz\/index.php?rest_route=%2Fwp%2Fv2%2Fmedia&parent=1548716"}],"wp:term":[{"taxonomy":"category","embeddable":true,"href":"https:\/\/analyse.optim.biz\/index.php?rest_route=%2Fwp%2Fv2%2Fcategories&post=1548716"},{"taxonomy":"post_tag","embeddable":true,"href":"https:\/\/analyse.optim.biz\/index.php?rest_route=%2Fwp%2Fv2%2Ftags&post=1548716"}],"curies":[{"name":"wp","href":"https:\/\/api.w.org\/{rel}","templated":true}]}}