{"id":1548704,"date":"2026-01-29T08:50:30","date_gmt":"2026-01-29T05:50:30","guid":{"rendered":"https:\/\/analyse.optim.biz\/?p=1548704"},"modified":"2026-01-29T08:50:30","modified_gmt":"2026-01-29T05:50:30","slug":"prima-cresa-moderna-din-odobesti-si-prima-din-judet-pe-fonduri-ue-a-fost-inaugurata-oficial-in-prezenta-ministrului-dezvoltarii","status":"publish","type":"post","link":"https:\/\/analyse.optim.biz\/?p=1548704","title":{"rendered":"Prima cre\u0219\u0103 modern\u0103 din Odobe\u0219ti \u0219i prima din jude\u021b pe fonduri UE a fost inaugurat\u0103 oficial \u00een prezen\u021ba ministrului Dezvolt\u0103rii"},"content":{"rendered":"<div class=\"td_block_wrap tdb_single_content tdi_106 td-pb-border-top td_block_template_1 td-post-content tagdiv-type\" data-td-block-uid=\"tdi_106\">\n<div class=\"tdb-block-inner td-fix-index\">\n<p>Ora\u0219ul Odobe\u0219ti marcheaz\u0103 un moment important pentru comunitate \u0219i pentru familiile tinere, odat\u0103 cu inaugurarea primei cre\u0219e construite \u00een localitate, numit\u0103 \u201eSf\u00e2nta Ana\u201d. Evenimentul a avut loc ast\u0103zi, \u00een prezen\u021ba ministrului Dezvolt\u0103rii \u0219i Lucr\u0103rilor Publice, Cseke Attila, a pre\u0219edintelui Consiliului Jude\u021bean Vrancea, Nicu\u0219or Halici, \u0219i a primarului ora\u0219ului, Daniel Nicola\u0219.<\/p>\n<p>Noua cre\u0219\u0103 a fost realizat\u0103 prin Compania Na\u021bional\u0103 de Investi\u021bii, pe baza unui proiect tip modern, adaptat standardelor actuale de siguran\u021b\u0103 \u0219i educa\u021bie. Cl\u0103direa are o capacitate de aproximativ 70 de copii, organiza\u021bi \u00een mai multe grupe, \u0219i dispune de spa\u021bii generoase pentru activit\u0103\u021bi educative, joac\u0103 \u0219i odihn\u0103. Dot\u0103rile respect\u0103 toate normele sanitare \u0219i de siguran\u021b\u0103 \u00een vigoare, oferind un mediu prietenos \u0219i sigur pentru cei mai mici membri ai comunit\u0103\u021bii.<\/p>\n<p>La inaugurare au participat \u0219i p\u0103rintele protopop de Foc\u0219ani, Aurel Bo\u021ban, reprezentan\u021bi ai Inspectoratului \u0218colar Jude\u021bean Vrancea, directori ai unit\u0103\u021bilor de \u00eenv\u0103\u021b\u0103m\u00e2nt din Odobe\u0219ti, precum \u0219i consilieri locali.<\/p>\n<source srcset=\"https:\/\/www.jurnaldevrancea.ro\/wp\/wp-content\/webp-express\/webp-images\/uploads\/2026\/01\/nicolas.jpg.webp 600w, https:\/\/www.jurnaldevrancea.ro\/wp\/wp-content\/webp-express\/webp-images\/uploads\/2026\/01\/nicolas-150x156.jpg.webp 150w, https:\/\/www.jurnaldevrancea.ro\/wp\/wp-content\/webp-express\/webp-images\/uploads\/2026\/01\/nicolas-300x312.jpg.webp 300w\" sizes=\"(max-width: 600px) 100vw, 600px\" type=\"image\/webp\" \/>\n<p><strong><em>\u201eAceast\u0103 cre\u0219\u0103 nu este doar o cl\u0103dire nou\u0103, ci o investi\u021bie \u00een viitorul ora\u0219ului nostru. Este un sprijin real pentru familii \u0219i un pas important \u00een dezvoltarea serviciilor educa\u021bionale din Odobe\u0219ti\u201d<\/em><\/strong>, a declarat primarul Daniel Nicola\u0219, care a mul\u021bumit tuturor celor implica\u021bi pentru sus\u021binere \u0219i colaborare.<\/p>\n<p>Autorit\u0103\u021bile locale au subliniat c\u0103 proiectul face parte dintr-o strategie mai ampl\u0103 de \u00eembun\u0103t\u0103\u021bire a condi\u021biilor de via\u021b\u0103 \u0219i de extindere a infrastructurii educa\u021bionale din ora\u0219, urm\u00e2nd ca astfel de investi\u021bii s\u0103 continue \u0219i \u00een perioada urm\u0103toare.<\/p>\n<p>Foto credit: Agerpres<\/p>\n<\/div>\n<\/div>\n<p> Source URL: https:\/\/www.jurnaldevrancea.ro\/prima-cresa-moderna-din-odobesti-si-prima-din-judet-pe-fonduri-ue-a-fost-inaugurata-oficial-in-prezenta-ministrului-dezvoltarii\/<\/p>\n","protected":false},"excerpt":{"rendered":"<p>Ora\u0219ul Odobe\u0219ti marcheaz\u0103 un moment important pentru comunitate \u0219i pentru familiile tinere, odat\u0103 cu inaugurarea primei cre\u0219e construite \u00een localitate, numit\u0103 \u201eSf\u00e2nta Ana\u201d. Evenimentul a avut loc ast\u0103zi, \u00een prezen\u021ba ministrului Dezvolt\u0103rii \u0219i Lucr\u0103rilor Publice, Cseke Attila, a pre\u0219edintelui Consiliului Jude\u021bean Vrancea, Nicu\u0219or Halici, \u0219i a primarului ora\u0219ului, Daniel Nicola\u0219. Noua cre\u0219\u0103 a fost realizat\u0103 [&hellip;]<\/p>\n","protected":false},"author":1,"featured_media":1548709,"comment_status":"open","ping_status":"","sticky":false,"template":"","format":"standard","meta":{"footnotes":""},"categories":[89],"tags":[207],"class_list":["post-1548704","post","type-post","status-publish","format-standard","has-post-thumbnail","hentry","category-romania","tag-jurnaldevrancea-ro"],"_links":{"self":[{"href":"https:\/\/analyse.optim.biz\/index.php?rest_route=\/wp\/v2\/posts\/1548704","targetHints":{"allow":["GET"]}}],"collection":[{"href":"https:\/\/analyse.optim.biz\/index.php?rest_route=\/wp\/v2\/posts"}],"about":[{"href":"https:\/\/analyse.optim.biz\/index.php?rest_route=\/wp\/v2\/types\/post"}],"author":[{"embeddable":true,"href":"https:\/\/analyse.optim.biz\/index.php?rest_route=\/wp\/v2\/users\/1"}],"replies":[{"embeddable":true,"href":"https:\/\/analyse.optim.biz\/index.php?rest_route=%2Fwp%2Fv2%2Fcomments&post=1548704"}],"version-history":[{"count":0,"href":"https:\/\/analyse.optim.biz\/index.php?rest_route=\/wp\/v2\/posts\/1548704\/revisions"}],"wp:featuredmedia":[{"embeddable":true,"href":"https:\/\/analyse.optim.biz\/index.php?rest_route=\/wp\/v2\/media\/1548709"}],"wp:attachment":[{"href":"https:\/\/analyse.optim.biz\/index.php?rest_route=%2Fwp%2Fv2%2Fmedia&parent=1548704"}],"wp:term":[{"taxonomy":"category","embeddable":true,"href":"https:\/\/analyse.optim.biz\/index.php?rest_route=%2Fwp%2Fv2%2Fcategories&post=1548704"},{"taxonomy":"post_tag","embeddable":true,"href":"https:\/\/analyse.optim.biz\/index.php?rest_route=%2Fwp%2Fv2%2Ftags&post=1548704"}],"curies":[{"name":"wp","href":"https:\/\/api.w.org\/{rel}","templated":true}]}}