{"id":1548604,"date":"2026-01-29T15:44:35","date_gmt":"2026-01-29T12:44:35","guid":{"rendered":"https:\/\/analyse.optim.biz\/?p=1548604"},"modified":"2026-01-29T15:44:35","modified_gmt":"2026-01-29T12:44:35","slug":"presedintele-consiliului-judetean-nicusor-halici-prezent-la-inaugurarea-cresei-sfanta-ana-din-odobesti","status":"publish","type":"post","link":"https:\/\/analyse.optim.biz\/?p=1548604","title":{"rendered":"Pre\u0219edintele consiliului jude\u021bean, Nicu\u0219or Halici, prezent la inaugurarea Cre\u0219ei \u201eSf\u00e2nta Ana\u201c din Odobe\u0219ti"},"content":{"rendered":"<div class=\"td_block_wrap tdb_single_content tdi_106 td-pb-border-top td_block_template_1 td-post-content tagdiv-type\" data-td-block-uid=\"tdi_106\">\n<div class=\"tdb-block-inner td-fix-index\">\n<p>Pre\u0219edintele Nicu\u0219or Halici a fost \u00een mijlocul comunit\u0103\u021bii din ora\u0219ul Odobe\u0219ti \u0219i a participat al\u0103turi de domnul Ministru al Dezvolt\u0103rii, Lucr\u0103rilor Publice \u0219i Administra\u021biei, Cseke Attila \u0219i de domnul primar Nicola\u0219 Gh Daniel la inaugurarea primei cre\u0219e din jude\u021bul Vrancea realizat\u0103 prin programul guvernamental \u201eSf\u00e2nta Ana\u201c.<\/p>\n<source srcset=\"https:\/\/www.jurnaldevrancea.ro\/wp\/wp-content\/webp-express\/webp-images\/uploads\/2026\/01\/inaugurare-cresa-odobesti-2.jpg.webp 800w, https:\/\/www.jurnaldevrancea.ro\/wp\/wp-content\/webp-express\/webp-images\/uploads\/2026\/01\/inaugurare-cresa-odobesti-2-768x415.jpg.webp 768w, https:\/\/www.jurnaldevrancea.ro\/wp\/wp-content\/webp-express\/webp-images\/uploads\/2026\/01\/inaugurare-cresa-odobesti-2-150x81.jpg.webp 150w, https:\/\/www.jurnaldevrancea.ro\/wp\/wp-content\/webp-express\/webp-images\/uploads\/2026\/01\/inaugurare-cresa-odobesti-2-300x162.jpg.webp 300w, https:\/\/www.jurnaldevrancea.ro\/wp\/wp-content\/webp-express\/webp-images\/uploads\/2026\/01\/inaugurare-cresa-odobesti-2-696x376.jpg.webp 696w\" sizes=\"(max-width: 800px) 100vw, 800px\" type=\"image\/webp\" \/>\n<p>\u201e\u00cei felicit pe domnul primar \u0219i pe domnul ministrul pentru realizarea acestui proiect at\u00e2t de important \u0219i mult a\u0219teptat de familiile din ora\u0219ul Odobe\u0219ti. C\u00e2nd avem continuitate, oameni implica\u021bi, profesioni\u0219ti \u0219i dedica\u021bi, reu\u0219im s\u0103 avem rezultate \u0219i s\u0103 aducem plus valoare comunit\u0103\u021bilor noastre. Construirea acestei cre\u0219e reprezint\u0103 un exemplu de bun\u0103 practic\u0103 ce trebuie replicat, este un mod prin care pot fi sprijini\u021bi rom\u00e2nii s\u0103 r\u0103m\u00e2n\u0103 \u00een \u021bar\u0103 sau \u00eencuraja\u021bi s\u0103 revin\u0103, pentru c\u0103 le pot oferi copiilor siguran\u021b\u0103 \u0219i confort.\u201d \u2013 Nicu\u0219or Halici, pre\u0219edintele Consiliului Jude\u021bean Vrancea.<\/p>\n<source srcset=\"https:\/\/www.jurnaldevrancea.ro\/wp\/wp-content\/webp-express\/webp-images\/uploads\/2026\/01\/inaugurare-cresa-odobesti-4.jpg.webp 800w, https:\/\/www.jurnaldevrancea.ro\/wp\/wp-content\/webp-express\/webp-images\/uploads\/2026\/01\/inaugurare-cresa-odobesti-4-768x535.jpg.webp 768w, https:\/\/www.jurnaldevrancea.ro\/wp\/wp-content\/webp-express\/webp-images\/uploads\/2026\/01\/inaugurare-cresa-odobesti-4-150x104.jpg.webp 150w, https:\/\/www.jurnaldevrancea.ro\/wp\/wp-content\/webp-express\/webp-images\/uploads\/2026\/01\/inaugurare-cresa-odobesti-4-300x209.jpg.webp 300w, https:\/\/www.jurnaldevrancea.ro\/wp\/wp-content\/webp-express\/webp-images\/uploads\/2026\/01\/inaugurare-cresa-odobesti-4-696x485.jpg.webp 696w\" sizes=\"(max-width: 800px) 100vw, 800px\" type=\"image\/webp\" \/>\n<p>Cre\u0219a Sf\u00e2nta Ana Odobe\u0219ti are 70 de locuri \u0219i a fost construit\u0103 pe baza unui proiect modern, care ofer\u0103 condi\u021bii sigure, prietenoase \u0219i adaptate nevoilor copiilor \u0219i include spa\u021bii generoase pentru activit\u0103\u021bi educative, odihn\u0103, joac\u0103, precum \u0219i dot\u0103ri moderne.<\/p>\n<source srcset=\"https:\/\/www.jurnaldevrancea.ro\/wp\/wp-content\/webp-express\/webp-images\/uploads\/2026\/01\/inaugurare-cresa-odobesti-1.jpg.webp 800w, https:\/\/www.jurnaldevrancea.ro\/wp\/wp-content\/webp-express\/webp-images\/uploads\/2026\/01\/inaugurare-cresa-odobesti-1-768x576.jpg.webp 768w, https:\/\/www.jurnaldevrancea.ro\/wp\/wp-content\/webp-express\/webp-images\/uploads\/2026\/01\/inaugurare-cresa-odobesti-1-150x113.jpg.webp 150w, https:\/\/www.jurnaldevrancea.ro\/wp\/wp-content\/webp-express\/webp-images\/uploads\/2026\/01\/inaugurare-cresa-odobesti-1-300x225.jpg.webp 300w, https:\/\/www.jurnaldevrancea.ro\/wp\/wp-content\/webp-express\/webp-images\/uploads\/2026\/01\/inaugurare-cresa-odobesti-1-696x522.jpg.webp 696w\" sizes=\"(max-width: 800px) 100vw, 800px\" type=\"image\/webp\" \/>\n<p>Aceast\u0103 cre\u0219\u0103 nu este doar o cl\u0103dire nou\u0103, ci o investi\u021bie \u00een viitor: un sprijin real pentru familii \u0219i un pas important \u00een dezvoltarea serviciilor educa\u021bionale din Odobe\u0219ti \u0219i din jude\u021bul Vrancea. Sus\u021binem investi\u021biile \u00een educa\u021bie, esen\u021biale pentru un viitor bun pentru noi \u0219i pentru genera\u021biile urm\u0103toare! (Consiliul Jude\u021bean Vrancea)<\/p>\n<p>Foto credit: Monitorul de Vrancea<\/p>\n<\/div>\n<\/div>\n<p> Source URL: https:\/\/www.jurnaldevrancea.ro\/presedintele-consiliului-judetean-nicusor-halici-prezent-la-inaugurarea-cresei-sfanta-ana-din-odobesti\/<\/p>\n","protected":false},"excerpt":{"rendered":"<p>Pre\u0219edintele Nicu\u0219or Halici a fost \u00een mijlocul comunit\u0103\u021bii din ora\u0219ul Odobe\u0219ti \u0219i a participat al\u0103turi de domnul Ministru al Dezvolt\u0103rii, Lucr\u0103rilor Publice \u0219i Administra\u021biei, Cseke Attila \u0219i de domnul primar Nicola\u0219 Gh Daniel la inaugurarea primei cre\u0219e din jude\u021bul Vrancea realizat\u0103 prin programul guvernamental \u201eSf\u00e2nta Ana\u201c. \u201e\u00cei felicit pe domnul primar \u0219i pe domnul ministrul [&hellip;]<\/p>\n","protected":false},"author":1,"featured_media":1548606,"comment_status":"open","ping_status":"","sticky":false,"template":"","format":"standard","meta":{"footnotes":""},"categories":[89],"tags":[207],"class_list":["post-1548604","post","type-post","status-publish","format-standard","has-post-thumbnail","hentry","category-romania","tag-jurnaldevrancea-ro"],"_links":{"self":[{"href":"https:\/\/analyse.optim.biz\/index.php?rest_route=\/wp\/v2\/posts\/1548604","targetHints":{"allow":["GET"]}}],"collection":[{"href":"https:\/\/analyse.optim.biz\/index.php?rest_route=\/wp\/v2\/posts"}],"about":[{"href":"https:\/\/analyse.optim.biz\/index.php?rest_route=\/wp\/v2\/types\/post"}],"author":[{"embeddable":true,"href":"https:\/\/analyse.optim.biz\/index.php?rest_route=\/wp\/v2\/users\/1"}],"replies":[{"embeddable":true,"href":"https:\/\/analyse.optim.biz\/index.php?rest_route=%2Fwp%2Fv2%2Fcomments&post=1548604"}],"version-history":[{"count":0,"href":"https:\/\/analyse.optim.biz\/index.php?rest_route=\/wp\/v2\/posts\/1548604\/revisions"}],"wp:featuredmedia":[{"embeddable":true,"href":"https:\/\/analyse.optim.biz\/index.php?rest_route=\/wp\/v2\/media\/1548606"}],"wp:attachment":[{"href":"https:\/\/analyse.optim.biz\/index.php?rest_route=%2Fwp%2Fv2%2Fmedia&parent=1548604"}],"wp:term":[{"taxonomy":"category","embeddable":true,"href":"https:\/\/analyse.optim.biz\/index.php?rest_route=%2Fwp%2Fv2%2Fcategories&post=1548604"},{"taxonomy":"post_tag","embeddable":true,"href":"https:\/\/analyse.optim.biz\/index.php?rest_route=%2Fwp%2Fv2%2Ftags&post=1548604"}],"curies":[{"name":"wp","href":"https:\/\/api.w.org\/{rel}","templated":true}]}}