{"id":154802,"date":"2016-11-29T22:36:15","date_gmt":"2016-11-29T19:36:15","guid":{"rendered":"https:\/\/analyse.optim.biz\/?p=154802"},"modified":"2016-11-29T22:36:15","modified_gmt":"2016-11-29T19:36:15","slug":"d-ciolos-agricultura-e-tratata-de-27-de-ani-ca-un-bazin-electoral","status":"publish","type":"post","link":"https:\/\/analyse.optim.biz\/?p=154802","title":{"rendered":"D. Ciolo\u0219: Agricultura e tratat\u0103 de 27 de ani ca un bazin electoral"},"content":{"rendered":"<div class=\"entry data-app-meta data-app-meta-article\" data-embed-base-url-canonical=\"https:\/\/www.digi24.ro\/embed\/fara-categorie\/d-ciolos-agricultura-e-tratata-de-27-de-ani-ca-un-bazin-electoral-622354\">\n<p data-index=\"1\"><strong><span lang=\"ro-RO\">Premierul Dacian Ciolo\u0219 a declarat mar\u021bi c\u0103 problema agriculturii rom\u00e2ne\u0219ti este c\u0103 de 27 de ani acest domeniu este tratat ca un bazin electoral \u0219i &#8220;o surs\u0103 de voturi manevrat\u0103 populist&#8221;.<\/span><\/strong><\/p>\n<p data-index=\"2\"><img loading=\"lazy\" decoding=\"async\" class=\"size-full wp-image-622355 alignnone\" src=\"https:\/\/analyse.optim.biz\/wp-content\/uploads\/2024\/09\/cgcmdz04mdamagfzad1iztq1yzhhywexzjaxogewmda4owm4nzjhnza0mdliyq-thumb_.jpg\" alt=\"dacian ciolos declaratie guvern\" width=\"960\" height=\"500\" data-skip-htmlfix=\"1\" title=\"cgcmdz04mdamagfzad1iztq1yzhhywexzjaxogewmda4owm4nzjhnza0mdliyq-thumb_\"><\/p>\n<p data-index=\"3\"><span lang=\"ro-RO\">&#8220;Problema agriculturii rom\u00e2ne\u0219ti este c\u0103 de 27 de ani este tratat\u0103 ca un bazin electoral, o surs\u0103 de voturi manevrat\u0103 populist de la un ciclu electoral la altul. Este o abordare care trebuie schimbat\u0103 radical. Agricultura este un sector strategic de dezvoltare a Rom\u00e2niei, fermierii &#8211; at\u00e2t cei mari, c\u00e2t mai ales micii fermieri &#8211; au nevoie de predictibilitate, de sprijin din partea statului pentru a cre\u0219te \u0219i pentru a aduce bun\u0103stare \u021b\u0103rii \u0219i oamenilor. \u00cen acest lucru cred \u0219i pentru asta muncesc de o via\u021b\u0103&#8221;, a scris Ciolo\u0219 pe Facebook.<\/span><\/p>\n<p data-index=\"4\">El a ad\u0103ugat c\u0103 vede cum cei care se aflau la guvernare anul trecut \u0219i acum doi ani \u0219i &#8221;ar fi trebuit s\u0103-\u0219i fac\u0103 treaba&#8221; &#8221;se declar\u0103 \u00eengrijora\u021bi de faptul c\u0103 subven\u021biile pentru fermieri au fost pl\u0103tite cu \u00eent\u00e2rziere anul acesta&#8221;.<\/p>\n<p data-index=\"5\">&#8220;Aceast\u0103 grij\u0103 pentru agricultori m\u0103 bucur\u0103, dar ar fi fost bine ca ea s\u0103 se manifeste \u0219i prin fapte, \u00een anii trecu\u021bi, nu doar \u00een vorbe, acum, \u00een campania electoral\u0103. Dac\u0103 ar fi fost a\u0219a, fermierii rom\u00e2ni ar fi beneficiat deja de mult mai multe m\u0103suri pe care le-am inclus \u00een Politica agricol\u0103 comun\u0103 (PAC) tocmai pentru ca aceast\u0103 politic\u0103 european\u0103 s\u0103 \u021bin\u0103 seama de problemele agriculturii rom\u00e2ne\u0219ti&#8221;, a sus\u021binut prim-ministrul.<\/p>\n<p data-index=\"6\">Ciolo\u0219 i-a asigurat pe agricultori c\u0103 p\u00e2n\u0103 \u00een luna august au fost pl\u0103tite subven\u021biile \u00een propor\u021bie de 96%, iar p\u00e2n\u0103 la sf\u00e2r\u0219itul acestei luni se vor pl\u0103ti \u00een avans 859 de milioane de euro pentru campania agricol\u0103 aferent\u0103 acestui an.<\/p>\n<p data-index=\"7\">&#8220;\u00cen ciuda unor &#8216;cadouri&#8217; l\u0103sate de Guvernul Ponta, p\u00e2n\u0103 \u00een luna august am reu\u0219it s\u0103 pl\u0103tim peste 96% din subven\u021biile aferente anului 2015 &#8211; cele c\u00e2teva procente r\u0103mase fiind legate de situa\u021bii care au nevoie de mai mult\u0103 analiz\u0103, a\u0219a cum se \u00eent\u00e2mpl\u0103 \u00een fiecare an. \u00cen plus, p\u00e2n\u0103 la sf\u00e2r\u0219itul acestei luni, pl\u0103tim \u00een avans 859 de milioane de euro pentru campania agricol\u0103 2016 &#8211; adic\u0103 mai mult de jum\u0103tate din subven\u021bia pe anul viitor, pentru peste 600.000 de fermieri. Este o sum\u0103 record, suplimentat\u0103 la rectificarea bugetar\u0103 adoptat\u0103 de Guvern miercurea trecut\u0103. Mai mult, anul acesta am redus la 9% TVA pentru materia prim\u0103 necesar\u0103 \u00een agricultur\u0103 \u0219i pentru lucr\u0103rile agricole. Totodat\u0103, am eliminat o nedreptate care treneaz\u0103 de ani buni, care a creat mult\u0103 birocra\u021bie inutil\u0103 \u0219i a dus \u00een faliment mul\u021bi agricultori &#8211; ani la r\u00e2nd s-a solicitat produc\u0103torilor plata TVA chiar dac\u0103 ei nu erau \u00eencasatori de TVA. \u00cen acest sens, acum dou\u0103 s\u0103pt\u0103m\u00e2ni am adoptat un mecanism simplificat de TVA pentru agricultori, care le permite s\u0103 nu \u021bin\u0103 eviden\u021ba TVA&#8221;, a amintit premierul.<\/p>\n<\/div>\n<p> Source URL: https:\/\/www.digi24.ro\/fara-categorie\/d-ciolos-agricultura-e-tratata-de-27-de-ani-ca-un-bazin-electoral-622354<\/p>\n","protected":false},"excerpt":{"rendered":"<p>Premierul Dacian Ciolo\u0219 a declarat mar\u021bi c\u0103 problema agriculturii rom\u00e2ne\u0219ti este c\u0103 de 27 de ani acest domeniu este tratat ca un bazin electoral \u0219i &#8220;o surs\u0103 de voturi manevrat\u0103 populist&#8221;. &#8220;Problema agriculturii rom\u00e2ne\u0219ti este c\u0103 de 27 de ani este tratat\u0103 ca un bazin electoral, o surs\u0103 de voturi manevrat\u0103 populist de la un [&hellip;]<\/p>\n","protected":false},"author":1,"featured_media":154803,"comment_status":"open","ping_status":"","sticky":false,"template":"","format":"standard","meta":{"footnotes":""},"categories":[2],"tags":[11],"class_list":["post-154802","post","type-post","status-publish","format-standard","has-post-thumbnail","hentry","category-politics","tag-digi24"],"_links":{"self":[{"href":"https:\/\/analyse.optim.biz\/index.php?rest_route=\/wp\/v2\/posts\/154802","targetHints":{"allow":["GET"]}}],"collection":[{"href":"https:\/\/analyse.optim.biz\/index.php?rest_route=\/wp\/v2\/posts"}],"about":[{"href":"https:\/\/analyse.optim.biz\/index.php?rest_route=\/wp\/v2\/types\/post"}],"author":[{"embeddable":true,"href":"https:\/\/analyse.optim.biz\/index.php?rest_route=\/wp\/v2\/users\/1"}],"replies":[{"embeddable":true,"href":"https:\/\/analyse.optim.biz\/index.php?rest_route=%2Fwp%2Fv2%2Fcomments&post=154802"}],"version-history":[{"count":0,"href":"https:\/\/analyse.optim.biz\/index.php?rest_route=\/wp\/v2\/posts\/154802\/revisions"}],"wp:featuredmedia":[{"embeddable":true,"href":"https:\/\/analyse.optim.biz\/index.php?rest_route=\/wp\/v2\/media\/154803"}],"wp:attachment":[{"href":"https:\/\/analyse.optim.biz\/index.php?rest_route=%2Fwp%2Fv2%2Fmedia&parent=154802"}],"wp:term":[{"taxonomy":"category","embeddable":true,"href":"https:\/\/analyse.optim.biz\/index.php?rest_route=%2Fwp%2Fv2%2Fcategories&post=154802"},{"taxonomy":"post_tag","embeddable":true,"href":"https:\/\/analyse.optim.biz\/index.php?rest_route=%2Fwp%2Fv2%2Ftags&post=154802"}],"curies":[{"name":"wp","href":"https:\/\/api.w.org\/{rel}","templated":true}]}}