{"id":1545229,"date":"2026-01-28T20:50:58","date_gmt":"2026-01-28T17:50:58","guid":{"rendered":"https:\/\/analyse.optim.biz\/?p=1545229"},"modified":"2026-01-28T20:50:58","modified_gmt":"2026-01-28T17:50:58","slug":"atinge-istoria-la-muzeul-judetean","status":"publish","type":"post","link":"https:\/\/analyse.optim.biz\/?p=1545229","title":{"rendered":"Atinge istoria la Muzeul Jude\u0163ean"},"content":{"rendered":"<div class=\"td-ss-main-content\">\n<article id=\"post-117869\" class=\"post-117869 post type-post status-publish format-video has-post-thumbnail hentry category-actualitate post_format-post-format-video\">\n<div class=\"td-post-header\">\n<ul class=\"td-category\">\n<li class=\"entry-category\"><a href=\"https:\/\/www.tvbuzau.ro\/category\/actualitate\/\">Actualitate<\/a><\/li>\n<\/ul>\n<header class=\"td-post-title\">\n<h1 class=\"entry-title\">Atinge istoria la Muzeul Jude\u0163ean<\/h1>\n<div class=\"td-module-meta-info\">\n<div class=\"td-post-author-name\">De c\u0103tre <a href=\"https:\/\/www.tvbuzau.ro\/author\/mihai-vasilescu\/\">TV Buz\u0103u<\/a> &#8211; <\/div>\n<p><span class=\"td-post-date\"><time class=\"entry-date updated td-module-date\" datetime=\"2026-01-28T20:50:58+00:00\">ianuarie 28, 2026<\/time><\/span><\/p>\n<div class=\"td-post-comments\"><a href=\"https:\/\/www.tvbuzau.ro\/atinge-istoria-la-muzeul-judetean\/#respond\">0<\/a><\/div>\n<div class=\"td-post-views\"><span class=\"td-nr-views-117869\">8<\/span><\/div>\n<\/div>\n<\/header>\n<\/div>\n<div class=\"td-post-sharing td-post-sharing-top td-with-like\">\n<div class=\"td-default-sharing\"><a class=\"td-social-sharing-buttons td-social-facebook\" href=\"http:\/\/www.facebook.com\/sharer.php?u=https%3A%2F%2Fwww.tvbuzau.ro%2Fatinge-istoria-la-muzeul-judetean%2F\"><\/p>\n<div class=\"td-social-but-text\">Distribui\u021bi pe Facebook<\/div>\n<p><\/a><a class=\"td-social-sharing-buttons td-social-twitter\" href=\"https:\/\/twitter.com\/intent\/tweet?text=Atinge+istoria+la+Muzeul+Jude%C5%A3ean&amp;url=https%3A%2F%2Fwww.tvbuzau.ro%2Fatinge-istoria-la-muzeul-judetean%2F&amp;via=TV+Buz%C4%83u\"><\/p>\n<div class=\"td-social-but-text\">Distribui\u021bi pe Twitter<\/div>\n<p><\/a><\/div>\n<div class=\"td-classic-sharing\">\n<ul>\n<li class=\"td-classic-facebook\"><iframe frameborder src=\"https:\/\/www.facebook.com\/plugins\/like.php?href=https:\/\/www.tvbuzau.ro\/atinge-istoria-la-muzeul-judetean\/&amp;layout=button_count&amp;show_faces=false&amp;width=105&amp;action=like&amp;colorscheme=light&amp;height=21\"><\/iframe><\/li>\n<li class=\"td-classic-twitter\"><a href=\"https:\/\/twitter.com\/share\" class=\"twitter-share-button\" data-url=\"https:\/\/www.tvbuzau.ro\/atinge-istoria-la-muzeul-judetean\/\" data-text=\"Atinge istoria la Muzeul Jude\u0163ean\" data-via data-lang=\"en\">tweet<\/a><\/li>\n<\/ul>\n<\/div>\n<\/div>\n<div class=\"td-post-content\">\n<div class=\"td-featured-image-rec\">\n<div class=\"wpb_video_wrapper\">\n                    <iframe loading=\"lazy\" id=\"td_youtube_player\" width=\"600\" height=\"560\" src=\"https:\/\/www.youtube.com\/embed\/MgFGpllvjDs?enablejsapi=1&amp;feature=oembed&amp;wmode=opaque&amp;vq=hd720\" frameborder allowfullscreen><\/iframe><\/p><\/div>\n<\/div>\n<p>Vizitatorii pot interac\u0163iona cu exponatele<br \/>\nCel mai recent proiect de educa\u021bie muzeal\u0103, implementat la sediul Muzeului Jude\u021bean Buz\u0103u, Atinge Istoria  ofer\u0103 copiilor, \u00eens\u0103 \u0219i tuturor celor care \u0219i-au p\u0103strat vie bucuria curiozit\u0103\u021bii, o experien\u021b\u0103 muzeal\u0103 inedit\u0103.<br \/>\nPotrivit institu\u0163iei de cultur\u0103, vizitatorii au posibilitatea de a  interac\u021biona nemijlocit cu \u201eexponatele\u201d \u0219i s\u0103 \u00eenve\u021be despre ele, despre oamenii care le-au creat sau le-au folosit \u0219i despre timpul \u00een care ace\u0219tia au tr\u0103it.<br \/>\nMuzeul Jude\u021bean Buz\u0103u este institu\u021bia public\u0103 de cultur\u0103 de interes jude\u021bean care asigur\u0103 administrarea, cercetarea, conservarea, restaurarea \u0219i valorificarea patrimoniului cultural mobil \u0219i imobil din jude\u021bul Buz\u0103u. Prin activit\u0103\u021bi expozi\u021bionale permanente \u0219i temporare, programe educa\u021bionale \u0219i proiecte de cercetare \u0219tiin\u021bific\u0103, muzeul contribuie la cunoa\u0219terea \u0219i promovarea istoriei, arheologiei, artei \u0219i identit\u0103\u021bii culturale locale, \u00een dialog cu publicul \u0219i cu parteneri institu\u021bionali din \u021bar\u0103 \u0219i din str\u0103in\u0103tate.<\/p>\n<div class=\"post-views post-117869 entry-meta\"><span class=\"post-views-label\">Post Views: <\/span><span class=\"post-views-count\">153<\/span><\/div>\n<\/div>\n<footer>\n<div class=\"td-post-sharing td-post-sharing-bottom td-with-like\"><span class=\"td-post-share-title\">DISTRIBUI\u021aI<\/span><\/p>\n<div class=\"td-default-sharing\"><a class=\"td-social-sharing-buttons td-social-facebook\" href=\"http:\/\/www.facebook.com\/sharer.php?u=https%3A%2F%2Fwww.tvbuzau.ro%2Fatinge-istoria-la-muzeul-judetean%2F\"><\/p>\n<div class=\"td-social-but-text\">Facebook<\/div>\n<p><\/a><a class=\"td-social-sharing-buttons td-social-twitter\" href=\"https:\/\/twitter.com\/intent\/tweet?text=Atinge+istoria+la+Muzeul+Jude%C5%A3ean&amp;url=https%3A%2F%2Fwww.tvbuzau.ro%2Fatinge-istoria-la-muzeul-judetean%2F&amp;via=TV+Buz%C4%83u\"><\/p>\n<div class=\"td-social-but-text\">Twitter<\/div>\n<p><\/a><\/div>\n<div class=\"td-classic-sharing\">\n<ul>\n<li class=\"td-classic-facebook\"><iframe frameborder src=\"https:\/\/www.facebook.com\/plugins\/like.php?href=https:\/\/www.tvbuzau.ro\/atinge-istoria-la-muzeul-judetean\/&amp;layout=button_count&amp;show_faces=false&amp;width=105&amp;action=like&amp;colorscheme=light&amp;height=21\"><\/iframe><\/li>\n<li class=\"td-classic-twitter\"><a href=\"https:\/\/twitter.com\/share\" class=\"twitter-share-button\" data-url=\"https:\/\/www.tvbuzau.ro\/atinge-istoria-la-muzeul-judetean\/\" data-text=\"Atinge istoria la Muzeul Jude\u0163ean\" data-via data-lang=\"en\">tweet<\/a><\/li>\n<\/ul>\n<\/div>\n<\/div>\n<div class=\"td-author-name vcard author\"><span class=\"fn\"><a href=\"https:\/\/www.tvbuzau.ro\/author\/mihai-vasilescu\/\">TV Buz\u0103u<\/a><\/span><\/div>\n<p><span><\/span><span><span><\/span><\/span><span><\/span><\/footer>\n<\/article>\n<div class=\"td_block_wrap td_block_related_posts td_uid_1_697b9d4178774_rand td_with_ajax_pagination td-pb-border-top\" data-td-block-uid=\"td_uid_1_697b9d4178774\">\n<h4 class=\"td-related-title\"><a id=\"td_uid_2_697b9d417db48\" class=\"td-related-left td-cur-simple-item\" data-td_filter_value data-td_block_id=\"td_uid_1_697b9d4178774\" href=\"https:\/\/www.tvbuzau.ro\/atinge-istoria-la-muzeul-judetean\/\">ARTICOLE SIMILARE<\/a><a id=\"td_uid_3_697b9d417db82\" class=\"td-related-right\" data-td_filter_value=\"td_related_more_from_author\" data-td_block_id=\"td_uid_1_697b9d4178774\" href=\"https:\/\/www.tvbuzau.ro\/atinge-istoria-la-muzeul-judetean\/\">DE LA ACELA\u0218I AUTOR<\/a><\/h4>\n<div id=\"td_uid_1_697b9d4178774\" class=\"td_block_inner\">\n<div class=\"td-related-row\">\n<div class=\"td-related-span4\">\n<div class=\"td_module_related_posts td-animation-stack td_mod_related_posts\">\n<div class=\"td-module-image\">\n<div class=\"td-module-thumb\"><a href=\"https:\/\/www.tvbuzau.ro\/alunecari-de-teren-in-judet\/\" rel=\"bookmark\" title=\"Alunec\u0103ri de teren \u00een jude\u0163\"><img loading=\"lazy\" decoding=\"async\" width=\"218\" height=\"150\" class=\"entry-thumb\" src=\"https:\/\/analyse.optim.biz\/wp-content\/uploads\/2026\/01\/hqdefault-39-218x150-13.jpg\" title=\"Alunec\u0103ri de teren \u00een jude\u0163\"><span class=\"td-video-play-ico\"><img loading=\"lazy\" decoding=\"async\" width=\"40\" height=\"40\" class=\"td-retina\" src=\"https:\/\/analyse.optim.biz\/wp-content\/uploads\/2026\/01\/ico-video-large-65.png\" alt=\"video\" title=\"ico-video-large-65\"><\/span><\/a><\/div>\n<p><a href=\"https:\/\/www.tvbuzau.ro\/category\/actualitate\/\" class=\"td-post-category\">Actualitate<\/a><\/div>\n<div class=\"item-details\">\n<h3 class=\"entry-title td-module-title\"><a href=\"https:\/\/www.tvbuzau.ro\/alunecari-de-teren-in-judet\/\" rel=\"bookmark\" title=\"Alunec\u0103ri de teren \u00een jude\u0163\">Alunec\u0103ri de teren \u00een jude\u0163<\/a><\/h3>\n<\/div>\n<\/div>\n<\/div>\n<div class=\"td-related-span4\">\n<div class=\"td_module_related_posts td-animation-stack td_mod_related_posts\">\n<div class=\"td-module-image\">\n<div class=\"td-module-thumb\"><a href=\"https:\/\/www.tvbuzau.ro\/marcel-ciolacu-a-cerut-audit-extern-la-cj-buzau\/\" rel=\"bookmark\" title=\"Marcel Ciolacu a cerut audit extern la CJ Buz\u0103u\"><img loading=\"lazy\" decoding=\"async\" width=\"218\" height=\"150\" class=\"entry-thumb\" src=\"https:\/\/analyse.optim.biz\/wp-content\/uploads\/2026\/01\/hqdefault-38-218x150-13.jpg\" title=\"Marcel Ciolacu a cerut audit extern la CJ Buz\u0103u\"><span class=\"td-video-play-ico\"><img loading=\"lazy\" decoding=\"async\" width=\"40\" height=\"40\" class=\"td-retina\" src=\"https:\/\/analyse.optim.biz\/wp-content\/uploads\/2026\/01\/ico-video-large-65.png\" alt=\"video\" title=\"ico-video-large-65\"><\/span><\/a><\/div>\n<p><a href=\"https:\/\/www.tvbuzau.ro\/category\/actualitate\/\" class=\"td-post-category\">Actualitate<\/a><\/div>\n<div class=\"item-details\">\n<h3 class=\"entry-title td-module-title\"><a href=\"https:\/\/www.tvbuzau.ro\/marcel-ciolacu-a-cerut-audit-extern-la-cj-buzau\/\" rel=\"bookmark\" title=\"Marcel Ciolacu a cerut audit extern la CJ Buz\u0103u\">Marcel Ciolacu a cerut audit extern la CJ Buz\u0103u<\/a><\/h3>\n<\/div>\n<\/div>\n<\/div>\n<div class=\"td-related-span4\">\n<div class=\"td_module_related_posts td-animation-stack td_mod_related_posts\">\n<div class=\"td-module-image\">\n<div class=\"td-module-thumb\"><a href=\"https:\/\/www.tvbuzau.ro\/dupa-ce-a-fost-in-siberia-buzoianul-cosmin-craciun-a-plecat-in-africa\/\" rel=\"bookmark\" title=\"Dup\u0103 ce a fost \u00een Siberia, buzoianul Cosmin Cr\u0103ciun a plecat \u00een Africa\"><img loading=\"lazy\" decoding=\"async\" width=\"218\" height=\"150\" class=\"entry-thumb\" src=\"https:\/\/analyse.optim.biz\/wp-content\/uploads\/2026\/01\/hqdefault-37-218x150-13.jpg\" title=\"Dup\u0103 ce a fost \u00een Siberia, buzoianul Cosmin Cr\u0103ciun a plecat \u00een Africa\"><span class=\"td-video-play-ico\"><img loading=\"lazy\" decoding=\"async\" width=\"40\" height=\"40\" class=\"td-retina\" src=\"https:\/\/analyse.optim.biz\/wp-content\/uploads\/2026\/01\/ico-video-large-65.png\" alt=\"video\" title=\"ico-video-large-65\"><\/span><\/a><\/div>\n<p><a href=\"https:\/\/www.tvbuzau.ro\/category\/actualitate\/\" class=\"td-post-category\">Actualitate<\/a><\/div>\n<div class=\"item-details\">\n<h3 class=\"entry-title td-module-title\"><a href=\"https:\/\/www.tvbuzau.ro\/dupa-ce-a-fost-in-siberia-buzoianul-cosmin-craciun-a-plecat-in-africa\/\" rel=\"bookmark\" title=\"Dup\u0103 ce a fost \u00een Siberia, buzoianul Cosmin Cr\u0103ciun a plecat \u00een Africa\">Dup\u0103 ce a fost \u00een Siberia, buzoianul Cosmin Cr\u0103ciun a plecat \u00een Africa<\/a><\/h3>\n<\/div>\n<\/div>\n<\/div>\n<\/div>\n<div class=\"td-related-row\">\n<div class=\"td-related-span4\">\n<div class=\"td_module_related_posts td-animation-stack td_mod_related_posts\">\n<div class=\"td-module-image\">\n<div class=\"td-module-thumb\"><a href=\"https:\/\/www.tvbuzau.ro\/doua-concursuri-suspendate-de-spitalul-judetean-buzau\/\" rel=\"bookmark\" title=\"Dou\u0103 concursuri suspendate de Spitalul Jude\u0163ean Buz\u0103u\"><img loading=\"lazy\" decoding=\"async\" width=\"218\" height=\"150\" class=\"entry-thumb\" src=\"https:\/\/analyse.optim.biz\/wp-content\/uploads\/2026\/01\/hqdefault-36-218x150-13.jpg\" title=\"Dou\u0103 concursuri suspendate de Spitalul Jude\u0163ean Buz\u0103u\"><span class=\"td-video-play-ico\"><img loading=\"lazy\" decoding=\"async\" width=\"40\" height=\"40\" class=\"td-retina\" src=\"https:\/\/analyse.optim.biz\/wp-content\/uploads\/2026\/01\/ico-video-large-65.png\" alt=\"video\" title=\"ico-video-large-65\"><\/span><\/a><\/div>\n<p><a href=\"https:\/\/www.tvbuzau.ro\/category\/actualitate\/\" class=\"td-post-category\">Actualitate<\/a><\/div>\n<div class=\"item-details\">\n<h3 class=\"entry-title td-module-title\"><a href=\"https:\/\/www.tvbuzau.ro\/doua-concursuri-suspendate-de-spitalul-judetean-buzau\/\" rel=\"bookmark\" title=\"Dou\u0103 concursuri suspendate de Spitalul Jude\u0163ean Buz\u0103u\">Dou\u0103 concursuri suspendate de Spitalul Jude\u0163ean Buz\u0103u<\/a><\/h3>\n<\/div>\n<\/div>\n<\/div>\n<div class=\"td-related-span4\">\n<div class=\"td_module_related_posts td-animation-stack td_mod_related_posts\">\n<div class=\"td-module-image\">\n<div class=\"td-module-thumb\"><a href=\"https:\/\/www.tvbuzau.ro\/incendiile-de-locuinta-o-realitate-a-sezonului-rece\/\" rel=\"bookmark\" title=\"Incendiile de locuin\u0163\u0103, o realitate a sezonului rece\"><img loading=\"lazy\" decoding=\"async\" width=\"218\" height=\"150\" class=\"entry-thumb\" src=\"https:\/\/analyse.optim.biz\/wp-content\/uploads\/2026\/01\/hqdefault-35-218x150-13.jpg\" title=\"Incendiile de locuin\u0163\u0103, o realitate a sezonului rece\"><span class=\"td-video-play-ico\"><img loading=\"lazy\" decoding=\"async\" width=\"40\" height=\"40\" class=\"td-retina\" src=\"https:\/\/analyse.optim.biz\/wp-content\/uploads\/2026\/01\/ico-video-large-65.png\" alt=\"video\" title=\"ico-video-large-65\"><\/span><\/a><\/div>\n<p><a href=\"https:\/\/www.tvbuzau.ro\/category\/actualitate\/\" class=\"td-post-category\">Actualitate<\/a><\/div>\n<div class=\"item-details\">\n<h3 class=\"entry-title td-module-title\"><a href=\"https:\/\/www.tvbuzau.ro\/incendiile-de-locuinta-o-realitate-a-sezonului-rece\/\" rel=\"bookmark\" title=\"Incendiile de locuin\u0163\u0103, o realitate a sezonului rece\">Incendiile de locuin\u0163\u0103, o realitate a sezonului rece<\/a><\/h3>\n<\/div>\n<\/div>\n<\/div>\n<div class=\"td-related-span4\">\n<div class=\"td_module_related_posts td-animation-stack td_mod_related_posts\">\n<div class=\"td-module-image\">\n<div class=\"td-module-thumb\"><a href=\"https:\/\/www.tvbuzau.ro\/pesionarii-s-au-adresat-avocatului-poporului\/\" rel=\"bookmark\" title=\"Pesionarii s-au adresat Avocatului Poporului\"><img loading=\"lazy\" decoding=\"async\" width=\"218\" height=\"150\" class=\"entry-thumb\" src=\"https:\/\/analyse.optim.biz\/wp-content\/uploads\/2026\/01\/sddefault-41-218x150-13.jpg\" title=\"Pesionarii s-au adresat Avocatului Poporului\"><span class=\"td-video-play-ico\"><img loading=\"lazy\" decoding=\"async\" width=\"40\" height=\"40\" class=\"td-retina\" src=\"https:\/\/analyse.optim.biz\/wp-content\/uploads\/2026\/01\/ico-video-large-65.png\" alt=\"video\" title=\"ico-video-large-65\"><\/span><\/a><\/div>\n<p><a href=\"https:\/\/www.tvbuzau.ro\/category\/actualitate\/\" class=\"td-post-category\">Actualitate<\/a><\/div>\n<div class=\"item-details\">\n<h3 class=\"entry-title td-module-title\"><a href=\"https:\/\/www.tvbuzau.ro\/pesionarii-s-au-adresat-avocatului-poporului\/\" rel=\"bookmark\" title=\"Pesionarii s-au adresat Avocatului Poporului\">Pesionarii s-au adresat Avocatului Poporului<\/a><\/h3>\n<\/div>\n<\/div>\n<\/div>\n<\/div>\n<\/div>\n<\/div>\n<div class=\"comments\" id=\"comments\">\n<div id=\"respond\" class=\"comment-respond\">\n<h3 id=\"reply-title\" class=\"comment-reply-title\">L\u0102SA\u021aI UN MESAJ <small><a rel=\"nofollow\" id=\"cancel-comment-reply-link\" href=\"https:\/\/www.tvbuzau.ro\/atinge-istoria-la-muzeul-judetean\/#respond\">Renun\u021ba\u021bi la r\u0103spuns<\/a><\/small><\/h3>\n<\/div>\n<\/div>\n<\/div>\n<div class=\"td-post-content\">\n<div class=\"td-featured-image-rec\">\n<div class=\"wpb_video_wrapper\">\n                    <iframe loading=\"lazy\" id=\"td_youtube_player\" width=\"600\" height=\"560\" src=\"https:\/\/www.youtube.com\/embed\/MgFGpllvjDs?enablejsapi=1&amp;feature=oembed&amp;wmode=opaque&amp;vq=hd720\" frameborder allowfullscreen><\/iframe><\/p><\/div>\n<\/div>\n<p>Vizitatorii pot interac\u0163iona cu exponatele<br \/>\nCel mai recent proiect de educa\u021bie muzeal\u0103, implementat la sediul Muzeului Jude\u021bean Buz\u0103u, Atinge Istoria  ofer\u0103 copiilor, \u00eens\u0103 \u0219i tuturor celor care \u0219i-au p\u0103strat vie bucuria curiozit\u0103\u021bii, o experien\u021b\u0103 muzeal\u0103 inedit\u0103.<br \/>\nPotrivit institu\u0163iei de cultur\u0103, vizitatorii au posibilitatea de a  interac\u021biona nemijlocit cu \u201eexponatele\u201d \u0219i s\u0103 \u00eenve\u021be despre ele, despre oamenii care le-au creat sau le-au folosit \u0219i despre timpul \u00een care ace\u0219tia au tr\u0103it.<br \/>\nMuzeul Jude\u021bean Buz\u0103u este institu\u021bia public\u0103 de cultur\u0103 de interes jude\u021bean care asigur\u0103 administrarea, cercetarea, conservarea, restaurarea \u0219i valorificarea patrimoniului cultural mobil \u0219i imobil din jude\u021bul Buz\u0103u. Prin activit\u0103\u021bi expozi\u021bionale permanente \u0219i temporare, programe educa\u021bionale \u0219i proiecte de cercetare \u0219tiin\u021bific\u0103, muzeul contribuie la cunoa\u0219terea \u0219i promovarea istoriei, arheologiei, artei \u0219i identit\u0103\u021bii culturale locale, \u00een dialog cu publicul \u0219i cu parteneri institu\u021bionali din \u021bar\u0103 \u0219i din str\u0103in\u0103tate.<\/p>\n<div class=\"post-views post-117869 entry-meta\"><span class=\"post-views-label\">Post Views: <\/span><span class=\"post-views-count\">153<\/span><\/div>\n<\/div>\n<p> Source URL: https:\/\/www.tvbuzau.ro\/atinge-istoria-la-muzeul-judetean\/<\/p>\n","protected":false},"excerpt":{"rendered":"<p>Actualitate Atinge istoria la Muzeul Jude\u0163ean De c\u0103tre TV Buz\u0103u &#8211; ianuarie 28, 2026 0 8 Distribui\u021bi pe Facebook Distribui\u021bi pe Twitter tweet Vizitatorii pot interac\u0163iona cu exponatele Cel mai recent proiect de educa\u021bie muzeal\u0103, implementat la sediul Muzeului Jude\u021bean Buz\u0103u, Atinge Istoria ofer\u0103 copiilor, \u00eens\u0103 \u0219i tuturor celor care \u0219i-au p\u0103strat vie bucuria curiozit\u0103\u021bii, [&hellip;]<\/p>\n","protected":false},"author":1,"featured_media":1545233,"comment_status":"open","ping_status":"","sticky":false,"template":"","format":"standard","meta":{"footnotes":""},"categories":[2],"tags":[116],"class_list":["post-1545229","post","type-post","status-publish","format-standard","has-post-thumbnail","hentry","category-politics","tag-tvbuzau-ro"],"_links":{"self":[{"href":"https:\/\/analyse.optim.biz\/index.php?rest_route=\/wp\/v2\/posts\/1545229","targetHints":{"allow":["GET"]}}],"collection":[{"href":"https:\/\/analyse.optim.biz\/index.php?rest_route=\/wp\/v2\/posts"}],"about":[{"href":"https:\/\/analyse.optim.biz\/index.php?rest_route=\/wp\/v2\/types\/post"}],"author":[{"embeddable":true,"href":"https:\/\/analyse.optim.biz\/index.php?rest_route=\/wp\/v2\/users\/1"}],"replies":[{"embeddable":true,"href":"https:\/\/analyse.optim.biz\/index.php?rest_route=%2Fwp%2Fv2%2Fcomments&post=1545229"}],"version-history":[{"count":0,"href":"https:\/\/analyse.optim.biz\/index.php?rest_route=\/wp\/v2\/posts\/1545229\/revisions"}],"wp:featuredmedia":[{"embeddable":true,"href":"https:\/\/analyse.optim.biz\/index.php?rest_route=\/wp\/v2\/media\/1545233"}],"wp:attachment":[{"href":"https:\/\/analyse.optim.biz\/index.php?rest_route=%2Fwp%2Fv2%2Fmedia&parent=1545229"}],"wp:term":[{"taxonomy":"category","embeddable":true,"href":"https:\/\/analyse.optim.biz\/index.php?rest_route=%2Fwp%2Fv2%2Fcategories&post=1545229"},{"taxonomy":"post_tag","embeddable":true,"href":"https:\/\/analyse.optim.biz\/index.php?rest_route=%2Fwp%2Fv2%2Ftags&post=1545229"}],"curies":[{"name":"wp","href":"https:\/\/api.w.org\/{rel}","templated":true}]}}