{"id":1545172,"date":"2026-01-28T20:52:42","date_gmt":"2026-01-28T17:52:42","guid":{"rendered":"https:\/\/analyse.optim.biz\/?p=1545172"},"modified":"2026-01-28T20:52:42","modified_gmt":"2026-01-28T17:52:42","slug":"16-politisti-noi-la-ipj-buzau","status":"publish","type":"post","link":"https:\/\/analyse.optim.biz\/?p=1545172","title":{"rendered":"16 poli\u0163i\u015fti noi la IPJ Buz\u0103u"},"content":{"rendered":"<div class=\"td-ss-main-content\">\n<article id=\"post-117875\" class=\"post-117875 post type-post status-publish format-video has-post-thumbnail hentry category-actualitate post_format-post-format-video\">\n<div class=\"td-post-header\">\n<ul class=\"td-category\">\n<li class=\"entry-category\"><a href=\"https:\/\/www.tvbuzau.ro\/category\/actualitate\/\">Actualitate<\/a><\/li>\n<\/ul>\n<header class=\"td-post-title\">\n<h1 class=\"entry-title\">16 poli\u0163i\u015fti noi la IPJ Buz\u0103u<\/h1>\n<div class=\"td-module-meta-info\">\n<div class=\"td-post-author-name\">De c\u0103tre <a href=\"https:\/\/www.tvbuzau.ro\/author\/mihai-vasilescu\/\">TV Buz\u0103u<\/a> &#8211; <\/div>\n<p><span class=\"td-post-date\"><time class=\"entry-date updated td-module-date\" datetime=\"2026-01-28T20:52:42+00:00\">ianuarie 28, 2026<\/time><\/span><\/p>\n<div class=\"td-post-comments\"><a href=\"https:\/\/www.tvbuzau.ro\/16-politisti-noi-la-ipj-buzau\/#respond\">0<\/a><\/div>\n<div class=\"td-post-views\"><span class=\"td-nr-views-117875\">17<\/span><\/div>\n<\/div>\n<\/header>\n<\/div>\n<div class=\"td-post-sharing td-post-sharing-top td-with-like\">\n<div class=\"td-default-sharing\"><a class=\"td-social-sharing-buttons td-social-facebook\" href=\"http:\/\/www.facebook.com\/sharer.php?u=https%3A%2F%2Fwww.tvbuzau.ro%2F16-politisti-noi-la-ipj-buzau%2F\"><\/p>\n<div class=\"td-social-but-text\">Distribui\u021bi pe Facebook<\/div>\n<p><\/a><a class=\"td-social-sharing-buttons td-social-twitter\" href=\"https:\/\/twitter.com\/intent\/tweet?text=16+poli%C5%A3i%C5%9Fti+noi+la+IPJ+Buz%C4%83u&amp;url=https%3A%2F%2Fwww.tvbuzau.ro%2F16-politisti-noi-la-ipj-buzau%2F&amp;via=TV+Buz%C4%83u\"><\/p>\n<div class=\"td-social-but-text\">Distribui\u021bi pe Twitter<\/div>\n<p><\/a><\/div>\n<div class=\"td-classic-sharing\">\n<ul>\n<li class=\"td-classic-facebook\"><iframe frameborder src=\"https:\/\/www.facebook.com\/plugins\/like.php?href=https:\/\/www.tvbuzau.ro\/16-politisti-noi-la-ipj-buzau\/&amp;layout=button_count&amp;show_faces=false&amp;width=105&amp;action=like&amp;colorscheme=light&amp;height=21\"><\/iframe><\/li>\n<li class=\"td-classic-twitter\"><a href=\"https:\/\/twitter.com\/share\" class=\"twitter-share-button\" data-url=\"https:\/\/www.tvbuzau.ro\/16-politisti-noi-la-ipj-buzau\/\" data-text=\"16 poli\u0163i\u015fti noi la IPJ Buz\u0103u\" data-via data-lang=\"en\">tweet<\/a><\/li>\n<\/ul>\n<\/div>\n<\/div>\n<div class=\"td-post-content\">\n<div class=\"td-featured-image-rec\">\n<div class=\"wpb_video_wrapper\">\n                    <iframe loading=\"lazy\" id=\"td_youtube_player\" width=\"600\" height=\"560\" src=\"https:\/\/www.youtube.com\/embed\/DBV33ABr1Ng?enablejsapi=1&amp;feature=oembed&amp;wmode=opaque&amp;vq=hd720\" frameborder allowfullscreen><\/iframe><\/p><\/div>\n<\/div>\n<p>Vor activa pentru men\u021binerea ordinii \u0219i siguran\u021bei publice<br \/>\n16 agen\u021bi de poli\u021bie, proasp\u0103t absolven\u021bi ai \u0218colilor de Agen\u021bi de Poli\u021bie \u201eVasile Lasc\u0103r\u201d \u2013 C\u00e2mpina \u0219i \u201eSeptimiu Mure\u0219an\u201d \u2013 Cluj-Napoca au fost repartiza\u0163i Inspectoratului de Poli\u021bie Jude\u021bean Buz\u0103u.<br \/>\nPotrivit institu\u0163iei, tinerii poli\u021bi\u0219ti au fost repartiza\u021bi pe locurile vacante \u0219i urmeaz\u0103 s\u0103 \u00ee\u0219i desf\u0103\u0219oare activitatea profesional\u0103 la structurile poli\u021biene\u0219ti din jude\u021b, at\u00e2t la posturile de poli\u021bie comunal\u0103, c\u00e2t \u0219i la poli\u021biile municipale \u0219i or\u0103\u0219ene\u0219ti, iar \u00een perioada urm\u0103toare vor activa pentru men\u021binerea ordinii \u0219i siguran\u021bei publice \u00een cadrul patrulelor de poli\u021bie sau prin structurile de proximitate \u0219i investiga\u021bii criminale.<\/p>\n<p>IPJ Buz\u0103u<br \/>\n\u201cLa debutul \u00een carier\u0103, to\u021bi colegii se vor afla sub \u00eendrumarea poli\u021bi\u0219tilor cu experien\u021b\u0103 profesional\u0103, care \u00eei vor sprijini \u0219i coordona \u00een activitate\u201d, a anun\u0163at IPJ Buz\u0103u.<\/p>\n<p>Tinerlor poli\u0163i\u015fti le-au fost prezentate provoc\u0103rile de care vor avea parte \u00een men\u021binerea ordinii publice \u0219i au fost asigura\u021bi, totodat\u0103, de sprijinul pe care \u00eel vor primi pentru o dezvoltare profesional\u0103 propice \u0219i pentru realizarea atribu\u021biilor de serviciu la cel mai \u00eenalt nivel.<\/p>\n<div class=\"post-views post-117875 entry-meta\"><span class=\"post-views-label\">Post Views: <\/span><span class=\"post-views-count\">181<\/span><\/div>\n<\/div>\n<footer>\n<div class=\"td-post-sharing td-post-sharing-bottom td-with-like\"><span class=\"td-post-share-title\">DISTRIBUI\u021aI<\/span><\/p>\n<div class=\"td-default-sharing\"><a class=\"td-social-sharing-buttons td-social-facebook\" href=\"http:\/\/www.facebook.com\/sharer.php?u=https%3A%2F%2Fwww.tvbuzau.ro%2F16-politisti-noi-la-ipj-buzau%2F\"><\/p>\n<div class=\"td-social-but-text\">Facebook<\/div>\n<p><\/a><a class=\"td-social-sharing-buttons td-social-twitter\" href=\"https:\/\/twitter.com\/intent\/tweet?text=16+poli%C5%A3i%C5%9Fti+noi+la+IPJ+Buz%C4%83u&amp;url=https%3A%2F%2Fwww.tvbuzau.ro%2F16-politisti-noi-la-ipj-buzau%2F&amp;via=TV+Buz%C4%83u\"><\/p>\n<div class=\"td-social-but-text\">Twitter<\/div>\n<p><\/a><\/div>\n<div class=\"td-classic-sharing\">\n<ul>\n<li class=\"td-classic-facebook\"><iframe frameborder src=\"https:\/\/www.facebook.com\/plugins\/like.php?href=https:\/\/www.tvbuzau.ro\/16-politisti-noi-la-ipj-buzau\/&amp;layout=button_count&amp;show_faces=false&amp;width=105&amp;action=like&amp;colorscheme=light&amp;height=21\"><\/iframe><\/li>\n<li class=\"td-classic-twitter\"><a href=\"https:\/\/twitter.com\/share\" class=\"twitter-share-button\" data-url=\"https:\/\/www.tvbuzau.ro\/16-politisti-noi-la-ipj-buzau\/\" data-text=\"16 poli\u0163i\u015fti noi la IPJ Buz\u0103u\" data-via data-lang=\"en\">tweet<\/a><\/li>\n<\/ul>\n<\/div>\n<\/div>\n<div class=\"td-author-name vcard author\"><span class=\"fn\"><a href=\"https:\/\/www.tvbuzau.ro\/author\/mihai-vasilescu\/\">TV Buz\u0103u<\/a><\/span><\/div>\n<p><span><\/span><span><span><\/span><\/span><span><\/span><\/footer>\n<\/article>\n<div class=\"td_block_wrap td_block_related_posts td_uid_1_697b9ceaa5895_rand td_with_ajax_pagination td-pb-border-top\" data-td-block-uid=\"td_uid_1_697b9ceaa5895\">\n<h4 class=\"td-related-title\"><a id=\"td_uid_2_697b9ceaaac14\" class=\"td-related-left td-cur-simple-item\" data-td_filter_value data-td_block_id=\"td_uid_1_697b9ceaa5895\" href=\"https:\/\/www.tvbuzau.ro\/16-politisti-noi-la-ipj-buzau\/\">ARTICOLE SIMILARE<\/a><a id=\"td_uid_3_697b9ceaaac4d\" class=\"td-related-right\" data-td_filter_value=\"td_related_more_from_author\" data-td_block_id=\"td_uid_1_697b9ceaa5895\" href=\"https:\/\/www.tvbuzau.ro\/16-politisti-noi-la-ipj-buzau\/\">DE LA ACELA\u0218I AUTOR<\/a><\/h4>\n<div id=\"td_uid_1_697b9ceaa5895\" class=\"td_block_inner\">\n<div class=\"td-related-row\">\n<div class=\"td-related-span4\">\n<div class=\"td_module_related_posts td-animation-stack td_mod_related_posts\">\n<div class=\"td-module-image\">\n<div class=\"td-module-thumb\"><a href=\"https:\/\/www.tvbuzau.ro\/alunecari-de-teren-in-judet\/\" rel=\"bookmark\" title=\"Alunec\u0103ri de teren \u00een jude\u0163\"><img loading=\"lazy\" decoding=\"async\" width=\"218\" height=\"150\" class=\"entry-thumb\" src=\"https:\/\/analyse.optim.biz\/wp-content\/uploads\/2026\/01\/hqdefault-39-218x150-11.jpg\" title=\"Alunec\u0103ri de teren \u00een jude\u0163\"><span class=\"td-video-play-ico\"><img loading=\"lazy\" decoding=\"async\" width=\"40\" height=\"40\" class=\"td-retina\" src=\"https:\/\/analyse.optim.biz\/wp-content\/uploads\/2026\/01\/ico-video-large-63.png\" alt=\"video\" title=\"ico-video-large-63\"><\/span><\/a><\/div>\n<p><a href=\"https:\/\/www.tvbuzau.ro\/category\/actualitate\/\" class=\"td-post-category\">Actualitate<\/a><\/div>\n<div class=\"item-details\">\n<h3 class=\"entry-title td-module-title\"><a href=\"https:\/\/www.tvbuzau.ro\/alunecari-de-teren-in-judet\/\" rel=\"bookmark\" title=\"Alunec\u0103ri de teren \u00een jude\u0163\">Alunec\u0103ri de teren \u00een jude\u0163<\/a><\/h3>\n<\/div>\n<\/div>\n<\/div>\n<div class=\"td-related-span4\">\n<div class=\"td_module_related_posts td-animation-stack td_mod_related_posts\">\n<div class=\"td-module-image\">\n<div class=\"td-module-thumb\"><a href=\"https:\/\/www.tvbuzau.ro\/marcel-ciolacu-a-cerut-audit-extern-la-cj-buzau\/\" rel=\"bookmark\" title=\"Marcel Ciolacu a cerut audit extern la CJ Buz\u0103u\"><img loading=\"lazy\" decoding=\"async\" width=\"218\" height=\"150\" class=\"entry-thumb\" src=\"https:\/\/analyse.optim.biz\/wp-content\/uploads\/2026\/01\/hqdefault-38-218x150-11.jpg\" title=\"Marcel Ciolacu a cerut audit extern la CJ Buz\u0103u\"><span class=\"td-video-play-ico\"><img loading=\"lazy\" decoding=\"async\" width=\"40\" height=\"40\" class=\"td-retina\" src=\"https:\/\/analyse.optim.biz\/wp-content\/uploads\/2026\/01\/ico-video-large-63.png\" alt=\"video\" title=\"ico-video-large-63\"><\/span><\/a><\/div>\n<p><a href=\"https:\/\/www.tvbuzau.ro\/category\/actualitate\/\" class=\"td-post-category\">Actualitate<\/a><\/div>\n<div class=\"item-details\">\n<h3 class=\"entry-title td-module-title\"><a href=\"https:\/\/www.tvbuzau.ro\/marcel-ciolacu-a-cerut-audit-extern-la-cj-buzau\/\" rel=\"bookmark\" title=\"Marcel Ciolacu a cerut audit extern la CJ Buz\u0103u\">Marcel Ciolacu a cerut audit extern la CJ Buz\u0103u<\/a><\/h3>\n<\/div>\n<\/div>\n<\/div>\n<div class=\"td-related-span4\">\n<div class=\"td_module_related_posts td-animation-stack td_mod_related_posts\">\n<div class=\"td-module-image\">\n<div class=\"td-module-thumb\"><a href=\"https:\/\/www.tvbuzau.ro\/dupa-ce-a-fost-in-siberia-buzoianul-cosmin-craciun-a-plecat-in-africa\/\" rel=\"bookmark\" title=\"Dup\u0103 ce a fost \u00een Siberia, buzoianul Cosmin Cr\u0103ciun a plecat \u00een Africa\"><img loading=\"lazy\" decoding=\"async\" width=\"218\" height=\"150\" class=\"entry-thumb\" src=\"https:\/\/analyse.optim.biz\/wp-content\/uploads\/2026\/01\/hqdefault-37-218x150-11.jpg\" title=\"Dup\u0103 ce a fost \u00een Siberia, buzoianul Cosmin Cr\u0103ciun a plecat \u00een Africa\"><span class=\"td-video-play-ico\"><img loading=\"lazy\" decoding=\"async\" width=\"40\" height=\"40\" class=\"td-retina\" src=\"https:\/\/analyse.optim.biz\/wp-content\/uploads\/2026\/01\/ico-video-large-63.png\" alt=\"video\" title=\"ico-video-large-63\"><\/span><\/a><\/div>\n<p><a href=\"https:\/\/www.tvbuzau.ro\/category\/actualitate\/\" class=\"td-post-category\">Actualitate<\/a><\/div>\n<div class=\"item-details\">\n<h3 class=\"entry-title td-module-title\"><a href=\"https:\/\/www.tvbuzau.ro\/dupa-ce-a-fost-in-siberia-buzoianul-cosmin-craciun-a-plecat-in-africa\/\" rel=\"bookmark\" title=\"Dup\u0103 ce a fost \u00een Siberia, buzoianul Cosmin Cr\u0103ciun a plecat \u00een Africa\">Dup\u0103 ce a fost \u00een Siberia, buzoianul Cosmin Cr\u0103ciun a plecat \u00een Africa<\/a><\/h3>\n<\/div>\n<\/div>\n<\/div>\n<\/div>\n<div class=\"td-related-row\">\n<div class=\"td-related-span4\">\n<div class=\"td_module_related_posts td-animation-stack td_mod_related_posts\">\n<div class=\"td-module-image\">\n<div class=\"td-module-thumb\"><a href=\"https:\/\/www.tvbuzau.ro\/doua-concursuri-suspendate-de-spitalul-judetean-buzau\/\" rel=\"bookmark\" title=\"Dou\u0103 concursuri suspendate de Spitalul Jude\u0163ean Buz\u0103u\"><img loading=\"lazy\" decoding=\"async\" width=\"218\" height=\"150\" class=\"entry-thumb\" src=\"https:\/\/analyse.optim.biz\/wp-content\/uploads\/2026\/01\/hqdefault-36-218x150-11.jpg\" title=\"Dou\u0103 concursuri suspendate de Spitalul Jude\u0163ean Buz\u0103u\"><span class=\"td-video-play-ico\"><img loading=\"lazy\" decoding=\"async\" width=\"40\" height=\"40\" class=\"td-retina\" src=\"https:\/\/analyse.optim.biz\/wp-content\/uploads\/2026\/01\/ico-video-large-63.png\" alt=\"video\" title=\"ico-video-large-63\"><\/span><\/a><\/div>\n<p><a href=\"https:\/\/www.tvbuzau.ro\/category\/actualitate\/\" class=\"td-post-category\">Actualitate<\/a><\/div>\n<div class=\"item-details\">\n<h3 class=\"entry-title td-module-title\"><a href=\"https:\/\/www.tvbuzau.ro\/doua-concursuri-suspendate-de-spitalul-judetean-buzau\/\" rel=\"bookmark\" title=\"Dou\u0103 concursuri suspendate de Spitalul Jude\u0163ean Buz\u0103u\">Dou\u0103 concursuri suspendate de Spitalul Jude\u0163ean Buz\u0103u<\/a><\/h3>\n<\/div>\n<\/div>\n<\/div>\n<div class=\"td-related-span4\">\n<div class=\"td_module_related_posts td-animation-stack td_mod_related_posts\">\n<div class=\"td-module-image\">\n<div class=\"td-module-thumb\"><a href=\"https:\/\/www.tvbuzau.ro\/incendiile-de-locuinta-o-realitate-a-sezonului-rece\/\" rel=\"bookmark\" title=\"Incendiile de locuin\u0163\u0103, o realitate a sezonului rece\"><img loading=\"lazy\" decoding=\"async\" width=\"218\" height=\"150\" class=\"entry-thumb\" src=\"https:\/\/analyse.optim.biz\/wp-content\/uploads\/2026\/01\/hqdefault-35-218x150-11.jpg\" title=\"Incendiile de locuin\u0163\u0103, o realitate a sezonului rece\"><span class=\"td-video-play-ico\"><img loading=\"lazy\" decoding=\"async\" width=\"40\" height=\"40\" class=\"td-retina\" src=\"https:\/\/analyse.optim.biz\/wp-content\/uploads\/2026\/01\/ico-video-large-63.png\" alt=\"video\" title=\"ico-video-large-63\"><\/span><\/a><\/div>\n<p><a href=\"https:\/\/www.tvbuzau.ro\/category\/actualitate\/\" class=\"td-post-category\">Actualitate<\/a><\/div>\n<div class=\"item-details\">\n<h3 class=\"entry-title td-module-title\"><a href=\"https:\/\/www.tvbuzau.ro\/incendiile-de-locuinta-o-realitate-a-sezonului-rece\/\" rel=\"bookmark\" title=\"Incendiile de locuin\u0163\u0103, o realitate a sezonului rece\">Incendiile de locuin\u0163\u0103, o realitate a sezonului rece<\/a><\/h3>\n<\/div>\n<\/div>\n<\/div>\n<div class=\"td-related-span4\">\n<div class=\"td_module_related_posts td-animation-stack td_mod_related_posts\">\n<div class=\"td-module-image\">\n<div class=\"td-module-thumb\"><a href=\"https:\/\/www.tvbuzau.ro\/pesionarii-s-au-adresat-avocatului-poporului\/\" rel=\"bookmark\" title=\"Pesionarii s-au adresat Avocatului Poporului\"><img loading=\"lazy\" decoding=\"async\" width=\"218\" height=\"150\" class=\"entry-thumb\" src=\"https:\/\/analyse.optim.biz\/wp-content\/uploads\/2026\/01\/sddefault-41-218x150-11.jpg\" title=\"Pesionarii s-au adresat Avocatului Poporului\"><span class=\"td-video-play-ico\"><img loading=\"lazy\" decoding=\"async\" width=\"40\" height=\"40\" class=\"td-retina\" src=\"https:\/\/analyse.optim.biz\/wp-content\/uploads\/2026\/01\/ico-video-large-63.png\" alt=\"video\" title=\"ico-video-large-63\"><\/span><\/a><\/div>\n<p><a href=\"https:\/\/www.tvbuzau.ro\/category\/actualitate\/\" class=\"td-post-category\">Actualitate<\/a><\/div>\n<div class=\"item-details\">\n<h3 class=\"entry-title td-module-title\"><a href=\"https:\/\/www.tvbuzau.ro\/pesionarii-s-au-adresat-avocatului-poporului\/\" rel=\"bookmark\" title=\"Pesionarii s-au adresat Avocatului Poporului\">Pesionarii s-au adresat Avocatului Poporului<\/a><\/h3>\n<\/div>\n<\/div>\n<\/div>\n<\/div>\n<\/div>\n<\/div>\n<div class=\"comments\" id=\"comments\">\n<div id=\"respond\" class=\"comment-respond\">\n<h3 id=\"reply-title\" class=\"comment-reply-title\">L\u0102SA\u021aI UN MESAJ <small><a rel=\"nofollow\" id=\"cancel-comment-reply-link\" href=\"https:\/\/www.tvbuzau.ro\/16-politisti-noi-la-ipj-buzau\/#respond\">Renun\u021ba\u021bi la r\u0103spuns<\/a><\/small><\/h3>\n<\/div>\n<\/div>\n<\/div>\n<div class=\"td-post-content\">\n<div class=\"td-featured-image-rec\">\n<div class=\"wpb_video_wrapper\">\n                    <iframe loading=\"lazy\" id=\"td_youtube_player\" width=\"600\" height=\"560\" src=\"https:\/\/www.youtube.com\/embed\/DBV33ABr1Ng?enablejsapi=1&amp;feature=oembed&amp;wmode=opaque&amp;vq=hd720\" frameborder allowfullscreen><\/iframe><\/p><\/div>\n<\/div>\n<p>Vor activa pentru men\u021binerea ordinii \u0219i siguran\u021bei publice<br \/>\n16 agen\u021bi de poli\u021bie, proasp\u0103t absolven\u021bi ai \u0218colilor de Agen\u021bi de Poli\u021bie \u201eVasile Lasc\u0103r\u201d \u2013 C\u00e2mpina \u0219i \u201eSeptimiu Mure\u0219an\u201d \u2013 Cluj-Napoca au fost repartiza\u0163i Inspectoratului de Poli\u021bie Jude\u021bean Buz\u0103u.<br \/>\nPotrivit institu\u0163iei, tinerii poli\u021bi\u0219ti au fost repartiza\u021bi pe locurile vacante \u0219i urmeaz\u0103 s\u0103 \u00ee\u0219i desf\u0103\u0219oare activitatea profesional\u0103 la structurile poli\u021biene\u0219ti din jude\u021b, at\u00e2t la posturile de poli\u021bie comunal\u0103, c\u00e2t \u0219i la poli\u021biile municipale \u0219i or\u0103\u0219ene\u0219ti, iar \u00een perioada urm\u0103toare vor activa pentru men\u021binerea ordinii \u0219i siguran\u021bei publice \u00een cadrul patrulelor de poli\u021bie sau prin structurile de proximitate \u0219i investiga\u021bii criminale.<\/p>\n<p>IPJ Buz\u0103u<br \/>\n\u201cLa debutul \u00een carier\u0103, to\u021bi colegii se vor afla sub \u00eendrumarea poli\u021bi\u0219tilor cu experien\u021b\u0103 profesional\u0103, care \u00eei vor sprijini \u0219i coordona \u00een activitate\u201d, a anun\u0163at IPJ Buz\u0103u.<\/p>\n<p>Tinerlor poli\u0163i\u015fti le-au fost prezentate provoc\u0103rile de care vor avea parte \u00een men\u021binerea ordinii publice \u0219i au fost asigura\u021bi, totodat\u0103, de sprijinul pe care \u00eel vor primi pentru o dezvoltare profesional\u0103 propice \u0219i pentru realizarea atribu\u021biilor de serviciu la cel mai \u00eenalt nivel.<\/p>\n<div class=\"post-views post-117875 entry-meta\"><span class=\"post-views-label\">Post Views: <\/span><span class=\"post-views-count\">181<\/span><\/div>\n<\/div>\n<p> Source URL: https:\/\/www.tvbuzau.ro\/16-politisti-noi-la-ipj-buzau\/<\/p>\n","protected":false},"excerpt":{"rendered":"<p>Actualitate 16 poli\u0163i\u015fti noi la IPJ Buz\u0103u De c\u0103tre TV Buz\u0103u &#8211; ianuarie 28, 2026 0 17 Distribui\u021bi pe Facebook Distribui\u021bi pe Twitter tweet Vor activa pentru men\u021binerea ordinii \u0219i siguran\u021bei publice 16 agen\u021bi de poli\u021bie, proasp\u0103t absolven\u021bi ai \u0218colilor de Agen\u021bi de Poli\u021bie \u201eVasile Lasc\u0103r\u201d \u2013 C\u00e2mpina \u0219i \u201eSeptimiu Mure\u0219an\u201d \u2013 Cluj-Napoca au fost [&hellip;]<\/p>\n","protected":false},"author":1,"featured_media":1545174,"comment_status":"open","ping_status":"","sticky":false,"template":"","format":"standard","meta":{"footnotes":""},"categories":[2],"tags":[116],"class_list":["post-1545172","post","type-post","status-publish","format-standard","has-post-thumbnail","hentry","category-politics","tag-tvbuzau-ro"],"_links":{"self":[{"href":"https:\/\/analyse.optim.biz\/index.php?rest_route=\/wp\/v2\/posts\/1545172","targetHints":{"allow":["GET"]}}],"collection":[{"href":"https:\/\/analyse.optim.biz\/index.php?rest_route=\/wp\/v2\/posts"}],"about":[{"href":"https:\/\/analyse.optim.biz\/index.php?rest_route=\/wp\/v2\/types\/post"}],"author":[{"embeddable":true,"href":"https:\/\/analyse.optim.biz\/index.php?rest_route=\/wp\/v2\/users\/1"}],"replies":[{"embeddable":true,"href":"https:\/\/analyse.optim.biz\/index.php?rest_route=%2Fwp%2Fv2%2Fcomments&post=1545172"}],"version-history":[{"count":0,"href":"https:\/\/analyse.optim.biz\/index.php?rest_route=\/wp\/v2\/posts\/1545172\/revisions"}],"wp:featuredmedia":[{"embeddable":true,"href":"https:\/\/analyse.optim.biz\/index.php?rest_route=\/wp\/v2\/media\/1545174"}],"wp:attachment":[{"href":"https:\/\/analyse.optim.biz\/index.php?rest_route=%2Fwp%2Fv2%2Fmedia&parent=1545172"}],"wp:term":[{"taxonomy":"category","embeddable":true,"href":"https:\/\/analyse.optim.biz\/index.php?rest_route=%2Fwp%2Fv2%2Fcategories&post=1545172"},{"taxonomy":"post_tag","embeddable":true,"href":"https:\/\/analyse.optim.biz\/index.php?rest_route=%2Fwp%2Fv2%2Ftags&post=1545172"}],"curies":[{"name":"wp","href":"https:\/\/api.w.org\/{rel}","templated":true}]}}