{"id":1545138,"date":"2026-01-28T20:55:11","date_gmt":"2026-01-28T17:55:11","guid":{"rendered":"https:\/\/analyse.optim.biz\/?p=1545138"},"modified":"2026-01-28T20:55:11","modified_gmt":"2026-01-28T17:55:11","slug":"prima-expozitie-personala-a-artistei-ana-maria-galeteanu-la-buzau","status":"publish","type":"post","link":"https:\/\/analyse.optim.biz\/?p=1545138","title":{"rendered":"Prima expozi\u0163ie personal\u0103 a artistei Ana-Maria G\u0103le\u021beanu la Buz\u0103u"},"content":{"rendered":"<div class=\"td-ss-main-content\">\n<article id=\"post-117878\" class=\"post-117878 post type-post status-publish format-video has-post-thumbnail hentry category-actualitate post_format-post-format-video\">\n<div class=\"td-post-header\">\n<ul class=\"td-category\">\n<li class=\"entry-category\"><a href=\"https:\/\/www.tvbuzau.ro\/category\/actualitate\/\">Actualitate<\/a><\/li>\n<\/ul>\n<header class=\"td-post-title\">\n<h1 class=\"entry-title\">Prima expozi\u0163ie personal\u0103 a  artistei Ana-Maria G\u0103le\u021beanu la Buz\u0103u<\/h1>\n<div class=\"td-module-meta-info\">\n<div class=\"td-post-author-name\">De c\u0103tre <a href=\"https:\/\/www.tvbuzau.ro\/author\/mihai-vasilescu\/\">TV Buz\u0103u<\/a> &#8211; <\/div>\n<p><span class=\"td-post-date\"><time class=\"entry-date updated td-module-date\" datetime=\"2026-01-28T20:55:11+00:00\">ianuarie 28, 2026<\/time><\/span><\/p>\n<div class=\"td-post-comments\"><a href=\"https:\/\/www.tvbuzau.ro\/prima-expozitie-personala-a-artistei-ana-maria-galeteanu-la-buzau\/#respond\">0<\/a><\/div>\n<div class=\"td-post-views\"><span class=\"td-nr-views-117878\">13<\/span><\/div>\n<\/div>\n<\/header>\n<\/div>\n<div class=\"td-post-sharing td-post-sharing-top td-with-like\">\n<div class=\"td-default-sharing\"><a class=\"td-social-sharing-buttons td-social-facebook\" href=\"http:\/\/www.facebook.com\/sharer.php?u=https%3A%2F%2Fwww.tvbuzau.ro%2Fprima-expozitie-personala-a-artistei-ana-maria-galeteanu-la-buzau%2F\"><\/p>\n<div class=\"td-social-but-text\">Distribui\u021bi pe Facebook<\/div>\n<p><\/a><a class=\"td-social-sharing-buttons td-social-twitter\" href=\"https:\/\/twitter.com\/intent\/tweet?text=Prima+expozi%C5%A3ie+personal%C4%83+a++artistei+Ana-Maria+G%C4%83le%C8%9Beanu+la+Buz%C4%83u&amp;url=https%3A%2F%2Fwww.tvbuzau.ro%2Fprima-expozitie-personala-a-artistei-ana-maria-galeteanu-la-buzau%2F&amp;via=TV+Buz%C4%83u\"><\/p>\n<div class=\"td-social-but-text\">Distribui\u021bi pe Twitter<\/div>\n<p><\/a><\/div>\n<div class=\"td-classic-sharing\">\n<ul>\n<li class=\"td-classic-facebook\"><iframe frameborder src=\"https:\/\/www.facebook.com\/plugins\/like.php?href=https:\/\/www.tvbuzau.ro\/prima-expozitie-personala-a-artistei-ana-maria-galeteanu-la-buzau\/&amp;layout=button_count&amp;show_faces=false&amp;width=105&amp;action=like&amp;colorscheme=light&amp;height=21\"><\/iframe><\/li>\n<li class=\"td-classic-twitter\"><a href=\"https:\/\/twitter.com\/share\" class=\"twitter-share-button\" data-url=\"https:\/\/www.tvbuzau.ro\/prima-expozitie-personala-a-artistei-ana-maria-galeteanu-la-buzau\/\" data-text=\"Prima expozi\u0163ie personal\u0103 a  artistei Ana-Maria G\u0103le\u021beanu la Buz\u0103u\" data-via data-lang=\"en\">tweet<\/a><\/li>\n<\/ul>\n<\/div>\n<\/div>\n<div class=\"td-post-content\">\n<div class=\"td-featured-image-rec\">\n<div class=\"wpb_video_wrapper\">\n                    <iframe loading=\"lazy\" id=\"td_youtube_player\" width=\"600\" height=\"560\" src=\"https:\/\/www.youtube.com\/embed\/Yjy-rDQNZDA?enablejsapi=1&amp;feature=oembed&amp;wmode=opaque&amp;vq=hd720\" frameborder allowfullscreen><\/iframe><\/p><\/div>\n<\/div>\n<p>Buzoienii invita\u0163i la o \u00eent\u00e2lnire cu pictura<br \/>\nMuzeul Jude\u021bean Buz\u0103u invit\u0103 buzoienii la pop-up show-ul \u201e[un]fold\u201d, \u00eentr-o nou\u0103 itinerare a primei expozi\u021bii personale a artistei Ana-Maria G\u0103le\u021beanu. Evenimentul va avea loc la Centrul Muzeal \u201eI. C. Br\u0103tianu\u201d Buz\u0103u, spa\u021biu pavilionar al Muzeului Jude\u021bean Buz\u0103u. Vernisajul va avea loc duminic\u0103, 1 februarie 2026, de la ora 11:00, \u00een prezen\u021ba artistei, a curatoarei \u0219i a reprezentan\u021bilor muzeului.<br \/>\n \u00cen crea\u021biile sale, arat\u0103 Muzeul Jude\u0163ean Buz\u0103u, Ana-Maria G\u0103le\u021beanu dezv\u0103luie preocup\u0103rile \u0219i pasiunile care o definesc.<\/p>\n<p>Muzeul Jude\u0163ean Buz\u0103u<br \/>\n\u201cInspirate de experien\u021bele tr\u0103ite \u00een anul 2024, lucr\u0103rile sale reflect\u0103 un dialog constant \u00eentre spontaneitate \u0219i reflec\u021bie, \u00eentre fluiditate \u0219i rigoare. Folose\u0219te predominant acuarela, tehnica\u0306 ce permite culorilor sa\u0306 se i\u0302mbine s\u0326i sa\u0306 evolueze organic, iar intervent\u0326iile cu creioane colorate adauga\u0306 accente de precizie s\u0326i control. Des\u0326i la prima vedere compozit\u0326iile pot pa\u0306rea juca\u0306us\u0326e, dincolo de suprafat\u0326a lor se i\u0302ntreza\u0306resc emot\u0326ii puternice s\u0326i reflect\u0326ii profunde\u201d, informeaz\u0103 organizatorul evenimentului.<br \/>\nAna-Maria Ga\u0306let\u0326eanu este artista\u0306 vizuala\u0306 s\u0326i ilustratoare, absolventa\u0306 a sect\u0326iei Arta\u0306 Murala\u0306 a Faculta\u0306t\u0326ii de Arte Plastice din Bucures\u0326ti. Activitatea sa artistica\u0306 i\u0302mbina\u0306 creat\u0326ii originale, ilustrat\u0326ia de carte s\u0326i coordonarea de ateliere creative.<\/p>\n<p>Muzeul Jude\u0163ean Buz\u0103u<br \/>\n\u201eAm pictat bucuriile simple care, pentru o clipa\u0306, au suspendat timpul, acele momente care m-au fa\u0306cut sa\u0306 le observ, sa\u0306 le admir s\u0326i sa\u0306 le transform i\u0302n experient\u0326e definitorii.\u201d, a transmis pentru public, Ana-Maria Ga\u0306let\u0326eanu.<br \/>\nLucra\u0306rile sale au fost expuse i\u0302n cadrul Bienalei Albastre, precum s\u0326i i\u0302n expozit\u0326ii de grup organizate la Galeria INSPIRATIO, Muzeul de Arta\u0306 Bras\u0326ov s\u0326i Muzeul Nat\u0326ional Cotroceni.<\/p>\n<div class=\"post-views post-117878 entry-meta\"><span class=\"post-views-label\">Post Views: <\/span><span class=\"post-views-count\">198<\/span><\/div>\n<\/div>\n<footer>\n<div class=\"td-post-sharing td-post-sharing-bottom td-with-like\"><span class=\"td-post-share-title\">DISTRIBUI\u021aI<\/span><\/p>\n<div class=\"td-default-sharing\"><a class=\"td-social-sharing-buttons td-social-facebook\" href=\"http:\/\/www.facebook.com\/sharer.php?u=https%3A%2F%2Fwww.tvbuzau.ro%2Fprima-expozitie-personala-a-artistei-ana-maria-galeteanu-la-buzau%2F\"><\/p>\n<div class=\"td-social-but-text\">Facebook<\/div>\n<p><\/a><a class=\"td-social-sharing-buttons td-social-twitter\" href=\"https:\/\/twitter.com\/intent\/tweet?text=Prima+expozi%C5%A3ie+personal%C4%83+a++artistei+Ana-Maria+G%C4%83le%C8%9Beanu+la+Buz%C4%83u&amp;url=https%3A%2F%2Fwww.tvbuzau.ro%2Fprima-expozitie-personala-a-artistei-ana-maria-galeteanu-la-buzau%2F&amp;via=TV+Buz%C4%83u\"><\/p>\n<div class=\"td-social-but-text\">Twitter<\/div>\n<p><\/a><\/div>\n<div class=\"td-classic-sharing\">\n<ul>\n<li class=\"td-classic-facebook\"><iframe frameborder src=\"https:\/\/www.facebook.com\/plugins\/like.php?href=https:\/\/www.tvbuzau.ro\/prima-expozitie-personala-a-artistei-ana-maria-galeteanu-la-buzau\/&amp;layout=button_count&amp;show_faces=false&amp;width=105&amp;action=like&amp;colorscheme=light&amp;height=21\"><\/iframe><\/li>\n<li class=\"td-classic-twitter\"><a href=\"https:\/\/twitter.com\/share\" class=\"twitter-share-button\" data-url=\"https:\/\/www.tvbuzau.ro\/prima-expozitie-personala-a-artistei-ana-maria-galeteanu-la-buzau\/\" data-text=\"Prima expozi\u0163ie personal\u0103 a  artistei Ana-Maria G\u0103le\u021beanu la Buz\u0103u\" data-via data-lang=\"en\">tweet<\/a><\/li>\n<\/ul>\n<\/div>\n<\/div>\n<div class=\"td-author-name vcard author\"><span class=\"fn\"><a href=\"https:\/\/www.tvbuzau.ro\/author\/mihai-vasilescu\/\">TV Buz\u0103u<\/a><\/span><\/div>\n<p><span><\/span><span><span><\/span><\/span><span><\/span><\/footer>\n<\/article>\n<div class=\"td_block_wrap td_block_related_posts td_uid_1_697b9cbe25e98_rand td_with_ajax_pagination td-pb-border-top\" data-td-block-uid=\"td_uid_1_697b9cbe25e98\">\n<h4 class=\"td-related-title\"><a id=\"td_uid_2_697b9cbe2b11e\" class=\"td-related-left td-cur-simple-item\" data-td_filter_value data-td_block_id=\"td_uid_1_697b9cbe25e98\" href=\"https:\/\/www.tvbuzau.ro\/prima-expozitie-personala-a-artistei-ana-maria-galeteanu-la-buzau\/\">ARTICOLE SIMILARE<\/a><a id=\"td_uid_3_697b9cbe2b157\" class=\"td-related-right\" data-td_filter_value=\"td_related_more_from_author\" data-td_block_id=\"td_uid_1_697b9cbe25e98\" href=\"https:\/\/www.tvbuzau.ro\/prima-expozitie-personala-a-artistei-ana-maria-galeteanu-la-buzau\/\">DE LA ACELA\u0218I AUTOR<\/a><\/h4>\n<div id=\"td_uid_1_697b9cbe25e98\" class=\"td_block_inner\">\n<div class=\"td-related-row\">\n<div class=\"td-related-span4\">\n<div class=\"td_module_related_posts td-animation-stack td_mod_related_posts\">\n<div class=\"td-module-image\">\n<div class=\"td-module-thumb\"><a href=\"https:\/\/www.tvbuzau.ro\/alunecari-de-teren-in-judet\/\" rel=\"bookmark\" title=\"Alunec\u0103ri de teren \u00een jude\u0163\"><img loading=\"lazy\" decoding=\"async\" width=\"218\" height=\"150\" class=\"entry-thumb\" src=\"https:\/\/analyse.optim.biz\/wp-content\/uploads\/2026\/01\/hqdefault-39-218x150-10.jpg\" title=\"Alunec\u0103ri de teren \u00een jude\u0163\"><span class=\"td-video-play-ico\"><img loading=\"lazy\" decoding=\"async\" width=\"40\" height=\"40\" class=\"td-retina\" src=\"https:\/\/analyse.optim.biz\/wp-content\/uploads\/2026\/01\/ico-video-large-62.png\" alt=\"video\" title=\"ico-video-large-62\"><\/span><\/a><\/div>\n<p><a href=\"https:\/\/www.tvbuzau.ro\/category\/actualitate\/\" class=\"td-post-category\">Actualitate<\/a><\/div>\n<div class=\"item-details\">\n<h3 class=\"entry-title td-module-title\"><a href=\"https:\/\/www.tvbuzau.ro\/alunecari-de-teren-in-judet\/\" rel=\"bookmark\" title=\"Alunec\u0103ri de teren \u00een jude\u0163\">Alunec\u0103ri de teren \u00een jude\u0163<\/a><\/h3>\n<\/div>\n<\/div>\n<\/div>\n<div class=\"td-related-span4\">\n<div class=\"td_module_related_posts td-animation-stack td_mod_related_posts\">\n<div class=\"td-module-image\">\n<div class=\"td-module-thumb\"><a href=\"https:\/\/www.tvbuzau.ro\/marcel-ciolacu-a-cerut-audit-extern-la-cj-buzau\/\" rel=\"bookmark\" title=\"Marcel Ciolacu a cerut audit extern la CJ Buz\u0103u\"><img loading=\"lazy\" decoding=\"async\" width=\"218\" height=\"150\" class=\"entry-thumb\" src=\"https:\/\/analyse.optim.biz\/wp-content\/uploads\/2026\/01\/hqdefault-38-218x150-10.jpg\" title=\"Marcel Ciolacu a cerut audit extern la CJ Buz\u0103u\"><span class=\"td-video-play-ico\"><img loading=\"lazy\" decoding=\"async\" width=\"40\" height=\"40\" class=\"td-retina\" src=\"https:\/\/analyse.optim.biz\/wp-content\/uploads\/2026\/01\/ico-video-large-62.png\" alt=\"video\" title=\"ico-video-large-62\"><\/span><\/a><\/div>\n<p><a href=\"https:\/\/www.tvbuzau.ro\/category\/actualitate\/\" class=\"td-post-category\">Actualitate<\/a><\/div>\n<div class=\"item-details\">\n<h3 class=\"entry-title td-module-title\"><a href=\"https:\/\/www.tvbuzau.ro\/marcel-ciolacu-a-cerut-audit-extern-la-cj-buzau\/\" rel=\"bookmark\" title=\"Marcel Ciolacu a cerut audit extern la CJ Buz\u0103u\">Marcel Ciolacu a cerut audit extern la CJ Buz\u0103u<\/a><\/h3>\n<\/div>\n<\/div>\n<\/div>\n<div class=\"td-related-span4\">\n<div class=\"td_module_related_posts td-animation-stack td_mod_related_posts\">\n<div class=\"td-module-image\">\n<div class=\"td-module-thumb\"><a href=\"https:\/\/www.tvbuzau.ro\/dupa-ce-a-fost-in-siberia-buzoianul-cosmin-craciun-a-plecat-in-africa\/\" rel=\"bookmark\" title=\"Dup\u0103 ce a fost \u00een Siberia, buzoianul Cosmin Cr\u0103ciun a plecat \u00een Africa\"><img loading=\"lazy\" decoding=\"async\" width=\"218\" height=\"150\" class=\"entry-thumb\" src=\"https:\/\/analyse.optim.biz\/wp-content\/uploads\/2026\/01\/hqdefault-37-218x150-10.jpg\" title=\"Dup\u0103 ce a fost \u00een Siberia, buzoianul Cosmin Cr\u0103ciun a plecat \u00een Africa\"><span class=\"td-video-play-ico\"><img loading=\"lazy\" decoding=\"async\" width=\"40\" height=\"40\" class=\"td-retina\" src=\"https:\/\/analyse.optim.biz\/wp-content\/uploads\/2026\/01\/ico-video-large-62.png\" alt=\"video\" title=\"ico-video-large-62\"><\/span><\/a><\/div>\n<p><a href=\"https:\/\/www.tvbuzau.ro\/category\/actualitate\/\" class=\"td-post-category\">Actualitate<\/a><\/div>\n<div class=\"item-details\">\n<h3 class=\"entry-title td-module-title\"><a href=\"https:\/\/www.tvbuzau.ro\/dupa-ce-a-fost-in-siberia-buzoianul-cosmin-craciun-a-plecat-in-africa\/\" rel=\"bookmark\" title=\"Dup\u0103 ce a fost \u00een Siberia, buzoianul Cosmin Cr\u0103ciun a plecat \u00een Africa\">Dup\u0103 ce a fost \u00een Siberia, buzoianul Cosmin Cr\u0103ciun a plecat \u00een Africa<\/a><\/h3>\n<\/div>\n<\/div>\n<\/div>\n<\/div>\n<div class=\"td-related-row\">\n<div class=\"td-related-span4\">\n<div class=\"td_module_related_posts td-animation-stack td_mod_related_posts\">\n<div class=\"td-module-image\">\n<div class=\"td-module-thumb\"><a href=\"https:\/\/www.tvbuzau.ro\/doua-concursuri-suspendate-de-spitalul-judetean-buzau\/\" rel=\"bookmark\" title=\"Dou\u0103 concursuri suspendate de Spitalul Jude\u0163ean Buz\u0103u\"><img loading=\"lazy\" decoding=\"async\" width=\"218\" height=\"150\" class=\"entry-thumb\" src=\"https:\/\/analyse.optim.biz\/wp-content\/uploads\/2026\/01\/hqdefault-36-218x150-10.jpg\" title=\"Dou\u0103 concursuri suspendate de Spitalul Jude\u0163ean Buz\u0103u\"><span class=\"td-video-play-ico\"><img loading=\"lazy\" decoding=\"async\" width=\"40\" height=\"40\" class=\"td-retina\" src=\"https:\/\/analyse.optim.biz\/wp-content\/uploads\/2026\/01\/ico-video-large-62.png\" alt=\"video\" title=\"ico-video-large-62\"><\/span><\/a><\/div>\n<p><a href=\"https:\/\/www.tvbuzau.ro\/category\/actualitate\/\" class=\"td-post-category\">Actualitate<\/a><\/div>\n<div class=\"item-details\">\n<h3 class=\"entry-title td-module-title\"><a href=\"https:\/\/www.tvbuzau.ro\/doua-concursuri-suspendate-de-spitalul-judetean-buzau\/\" rel=\"bookmark\" title=\"Dou\u0103 concursuri suspendate de Spitalul Jude\u0163ean Buz\u0103u\">Dou\u0103 concursuri suspendate de Spitalul Jude\u0163ean Buz\u0103u<\/a><\/h3>\n<\/div>\n<\/div>\n<\/div>\n<div class=\"td-related-span4\">\n<div class=\"td_module_related_posts td-animation-stack td_mod_related_posts\">\n<div class=\"td-module-image\">\n<div class=\"td-module-thumb\"><a href=\"https:\/\/www.tvbuzau.ro\/incendiile-de-locuinta-o-realitate-a-sezonului-rece\/\" rel=\"bookmark\" title=\"Incendiile de locuin\u0163\u0103, o realitate a sezonului rece\"><img loading=\"lazy\" decoding=\"async\" width=\"218\" height=\"150\" class=\"entry-thumb\" src=\"https:\/\/analyse.optim.biz\/wp-content\/uploads\/2026\/01\/hqdefault-35-218x150-10.jpg\" title=\"Incendiile de locuin\u0163\u0103, o realitate a sezonului rece\"><span class=\"td-video-play-ico\"><img loading=\"lazy\" decoding=\"async\" width=\"40\" height=\"40\" class=\"td-retina\" src=\"https:\/\/analyse.optim.biz\/wp-content\/uploads\/2026\/01\/ico-video-large-62.png\" alt=\"video\" title=\"ico-video-large-62\"><\/span><\/a><\/div>\n<p><a href=\"https:\/\/www.tvbuzau.ro\/category\/actualitate\/\" class=\"td-post-category\">Actualitate<\/a><\/div>\n<div class=\"item-details\">\n<h3 class=\"entry-title td-module-title\"><a href=\"https:\/\/www.tvbuzau.ro\/incendiile-de-locuinta-o-realitate-a-sezonului-rece\/\" rel=\"bookmark\" title=\"Incendiile de locuin\u0163\u0103, o realitate a sezonului rece\">Incendiile de locuin\u0163\u0103, o realitate a sezonului rece<\/a><\/h3>\n<\/div>\n<\/div>\n<\/div>\n<div class=\"td-related-span4\">\n<div class=\"td_module_related_posts td-animation-stack td_mod_related_posts\">\n<div class=\"td-module-image\">\n<div class=\"td-module-thumb\"><a href=\"https:\/\/www.tvbuzau.ro\/pesionarii-s-au-adresat-avocatului-poporului\/\" rel=\"bookmark\" title=\"Pesionarii s-au adresat Avocatului Poporului\"><img loading=\"lazy\" decoding=\"async\" width=\"218\" height=\"150\" class=\"entry-thumb\" src=\"https:\/\/analyse.optim.biz\/wp-content\/uploads\/2026\/01\/sddefault-41-218x150-10.jpg\" title=\"Pesionarii s-au adresat Avocatului Poporului\"><span class=\"td-video-play-ico\"><img loading=\"lazy\" decoding=\"async\" width=\"40\" height=\"40\" class=\"td-retina\" src=\"https:\/\/analyse.optim.biz\/wp-content\/uploads\/2026\/01\/ico-video-large-62.png\" alt=\"video\" title=\"ico-video-large-62\"><\/span><\/a><\/div>\n<p><a href=\"https:\/\/www.tvbuzau.ro\/category\/actualitate\/\" class=\"td-post-category\">Actualitate<\/a><\/div>\n<div class=\"item-details\">\n<h3 class=\"entry-title td-module-title\"><a href=\"https:\/\/www.tvbuzau.ro\/pesionarii-s-au-adresat-avocatului-poporului\/\" rel=\"bookmark\" title=\"Pesionarii s-au adresat Avocatului Poporului\">Pesionarii s-au adresat Avocatului Poporului<\/a><\/h3>\n<\/div>\n<\/div>\n<\/div>\n<\/div>\n<\/div>\n<\/div>\n<div class=\"comments\" id=\"comments\">\n<div id=\"respond\" class=\"comment-respond\">\n<h3 id=\"reply-title\" class=\"comment-reply-title\">L\u0102SA\u021aI UN MESAJ <small><a rel=\"nofollow\" id=\"cancel-comment-reply-link\" href=\"https:\/\/www.tvbuzau.ro\/prima-expozitie-personala-a-artistei-ana-maria-galeteanu-la-buzau\/#respond\">Renun\u021ba\u021bi la r\u0103spuns<\/a><\/small><\/h3>\n<\/div>\n<\/div>\n<\/div>\n<div class=\"td-post-content\">\n<div class=\"td-featured-image-rec\">\n<div class=\"wpb_video_wrapper\">\n                    <iframe loading=\"lazy\" id=\"td_youtube_player\" width=\"600\" height=\"560\" src=\"https:\/\/www.youtube.com\/embed\/Yjy-rDQNZDA?enablejsapi=1&amp;feature=oembed&amp;wmode=opaque&amp;vq=hd720\" frameborder allowfullscreen><\/iframe><\/p><\/div>\n<\/div>\n<p>Buzoienii invita\u0163i la o \u00eent\u00e2lnire cu pictura<br \/>\nMuzeul Jude\u021bean Buz\u0103u invit\u0103 buzoienii la pop-up show-ul \u201e[un]fold\u201d, \u00eentr-o nou\u0103 itinerare a primei expozi\u021bii personale a artistei Ana-Maria G\u0103le\u021beanu. Evenimentul va avea loc la Centrul Muzeal \u201eI. C. Br\u0103tianu\u201d Buz\u0103u, spa\u021biu pavilionar al Muzeului Jude\u021bean Buz\u0103u. Vernisajul va avea loc duminic\u0103, 1 februarie 2026, de la ora 11:00, \u00een prezen\u021ba artistei, a curatoarei \u0219i a reprezentan\u021bilor muzeului.<br \/>\n \u00cen crea\u021biile sale, arat\u0103 Muzeul Jude\u0163ean Buz\u0103u, Ana-Maria G\u0103le\u021beanu dezv\u0103luie preocup\u0103rile \u0219i pasiunile care o definesc.<\/p>\n<p>Muzeul Jude\u0163ean Buz\u0103u<br \/>\n\u201cInspirate de experien\u021bele tr\u0103ite \u00een anul 2024, lucr\u0103rile sale reflect\u0103 un dialog constant \u00eentre spontaneitate \u0219i reflec\u021bie, \u00eentre fluiditate \u0219i rigoare. Folose\u0219te predominant acuarela, tehnica\u0306 ce permite culorilor sa\u0306 se i\u0302mbine s\u0326i sa\u0306 evolueze organic, iar intervent\u0326iile cu creioane colorate adauga\u0306 accente de precizie s\u0326i control. Des\u0326i la prima vedere compozit\u0326iile pot pa\u0306rea juca\u0306us\u0326e, dincolo de suprafat\u0326a lor se i\u0302ntreza\u0306resc emot\u0326ii puternice s\u0326i reflect\u0326ii profunde\u201d, informeaz\u0103 organizatorul evenimentului.<br \/>\nAna-Maria Ga\u0306let\u0326eanu este artista\u0306 vizuala\u0306 s\u0326i ilustratoare, absolventa\u0306 a sect\u0326iei Arta\u0306 Murala\u0306 a Faculta\u0306t\u0326ii de Arte Plastice din Bucures\u0326ti. Activitatea sa artistica\u0306 i\u0302mbina\u0306 creat\u0326ii originale, ilustrat\u0326ia de carte s\u0326i coordonarea de ateliere creative.<\/p>\n<p>Muzeul Jude\u0163ean Buz\u0103u<br \/>\n\u201eAm pictat bucuriile simple care, pentru o clipa\u0306, au suspendat timpul, acele momente care m-au fa\u0306cut sa\u0306 le observ, sa\u0306 le admir s\u0326i sa\u0306 le transform i\u0302n experient\u0326e definitorii.\u201d, a transmis pentru public, Ana-Maria Ga\u0306let\u0326eanu.<br \/>\nLucra\u0306rile sale au fost expuse i\u0302n cadrul Bienalei Albastre, precum s\u0326i i\u0302n expozit\u0326ii de grup organizate la Galeria INSPIRATIO, Muzeul de Arta\u0306 Bras\u0326ov s\u0326i Muzeul Nat\u0326ional Cotroceni.<\/p>\n<div class=\"post-views post-117878 entry-meta\"><span class=\"post-views-label\">Post Views: <\/span><span class=\"post-views-count\">198<\/span><\/div>\n<\/div>\n<p> Source URL: https:\/\/www.tvbuzau.ro\/prima-expozitie-personala-a-artistei-ana-maria-galeteanu-la-buzau\/<\/p>\n","protected":false},"excerpt":{"rendered":"<p>Actualitate Prima expozi\u0163ie personal\u0103 a artistei Ana-Maria G\u0103le\u021beanu la Buz\u0103u De c\u0103tre TV Buz\u0103u &#8211; ianuarie 28, 2026 0 13 Distribui\u021bi pe Facebook Distribui\u021bi pe Twitter tweet Buzoienii invita\u0163i la o \u00eent\u00e2lnire cu pictura Muzeul Jude\u021bean Buz\u0103u invit\u0103 buzoienii la pop-up show-ul \u201e[un]fold\u201d, \u00eentr-o nou\u0103 itinerare a primei expozi\u021bii personale a artistei Ana-Maria G\u0103le\u021beanu. Evenimentul [&hellip;]<\/p>\n","protected":false},"author":1,"featured_media":1545139,"comment_status":"open","ping_status":"","sticky":false,"template":"","format":"standard","meta":{"footnotes":""},"categories":[2],"tags":[116],"class_list":["post-1545138","post","type-post","status-publish","format-standard","has-post-thumbnail","hentry","category-politics","tag-tvbuzau-ro"],"_links":{"self":[{"href":"https:\/\/analyse.optim.biz\/index.php?rest_route=\/wp\/v2\/posts\/1545138","targetHints":{"allow":["GET"]}}],"collection":[{"href":"https:\/\/analyse.optim.biz\/index.php?rest_route=\/wp\/v2\/posts"}],"about":[{"href":"https:\/\/analyse.optim.biz\/index.php?rest_route=\/wp\/v2\/types\/post"}],"author":[{"embeddable":true,"href":"https:\/\/analyse.optim.biz\/index.php?rest_route=\/wp\/v2\/users\/1"}],"replies":[{"embeddable":true,"href":"https:\/\/analyse.optim.biz\/index.php?rest_route=%2Fwp%2Fv2%2Fcomments&post=1545138"}],"version-history":[{"count":0,"href":"https:\/\/analyse.optim.biz\/index.php?rest_route=\/wp\/v2\/posts\/1545138\/revisions"}],"wp:featuredmedia":[{"embeddable":true,"href":"https:\/\/analyse.optim.biz\/index.php?rest_route=\/wp\/v2\/media\/1545139"}],"wp:attachment":[{"href":"https:\/\/analyse.optim.biz\/index.php?rest_route=%2Fwp%2Fv2%2Fmedia&parent=1545138"}],"wp:term":[{"taxonomy":"category","embeddable":true,"href":"https:\/\/analyse.optim.biz\/index.php?rest_route=%2Fwp%2Fv2%2Fcategories&post=1545138"},{"taxonomy":"post_tag","embeddable":true,"href":"https:\/\/analyse.optim.biz\/index.php?rest_route=%2Fwp%2Fv2%2Ftags&post=1545138"}],"curies":[{"name":"wp","href":"https:\/\/api.w.org\/{rel}","templated":true}]}}