{"id":1544853,"date":"2026-01-27T20:13:18","date_gmt":"2026-01-27T17:13:18","guid":{"rendered":"https:\/\/analyse.optim.biz\/?p=1544853"},"modified":"2026-01-27T20:13:18","modified_gmt":"2026-01-27T17:13:18","slug":"angajari-fara-forme-legale-in-2025","status":"publish","type":"post","link":"https:\/\/analyse.optim.biz\/?p=1544853","title":{"rendered":"Angaj\u0103ri f\u0103r\u0103 forme legale \u00een 2025"},"content":{"rendered":"<div class=\"td-ss-main-content\">\n<article id=\"post-117859\" class=\"post-117859 post type-post status-publish format-video has-post-thumbnail hentry category-actualitate post_format-post-format-video\">\n<div class=\"td-post-header\">\n<ul class=\"td-category\">\n<li class=\"entry-category\"><a href=\"https:\/\/www.tvbuzau.ro\/category\/actualitate\/\">Actualitate<\/a><\/li>\n<\/ul>\n<header class=\"td-post-title\">\n<h1 class=\"entry-title\">Angaj\u0103ri f\u0103r\u0103 forme legale \u00een 2025<\/h1>\n<div class=\"td-module-meta-info\">\n<div class=\"td-post-author-name\">De c\u0103tre <a href=\"https:\/\/www.tvbuzau.ro\/author\/mihai-vasilescu\/\">TV Buz\u0103u<\/a> &#8211; <\/div>\n<p><span class=\"td-post-date\"><time class=\"entry-date updated td-module-date\" datetime=\"2026-01-27T20:13:18+00:00\">ianuarie 27, 2026<\/time><\/span><\/p>\n<div class=\"td-post-comments\"><a href=\"https:\/\/www.tvbuzau.ro\/angajari-fara-forme-legale-in-2025\/#respond\">0<\/a><\/div>\n<div class=\"td-post-views\"><span class=\"td-nr-views-117859\">20<\/span><\/div>\n<\/div>\n<\/header>\n<\/div>\n<div class=\"td-post-sharing td-post-sharing-top td-with-like\">\n<div class=\"td-default-sharing\"><a class=\"td-social-sharing-buttons td-social-facebook\" href=\"http:\/\/www.facebook.com\/sharer.php?u=https%3A%2F%2Fwww.tvbuzau.ro%2Fangajari-fara-forme-legale-in-2025%2F\"><\/p>\n<div class=\"td-social-but-text\">Distribui\u021bi pe Facebook<\/div>\n<p><\/a><a class=\"td-social-sharing-buttons td-social-twitter\" href=\"https:\/\/twitter.com\/intent\/tweet?text=Angaj%C4%83ri+f%C4%83r%C4%83+forme+legale+%C3%AEn+2025&amp;url=https%3A%2F%2Fwww.tvbuzau.ro%2Fangajari-fara-forme-legale-in-2025%2F&amp;via=TV+Buz%C4%83u\"><\/p>\n<div class=\"td-social-but-text\">Distribui\u021bi pe Twitter<\/div>\n<p><\/a><\/div>\n<div class=\"td-classic-sharing\">\n<ul>\n<li class=\"td-classic-facebook\"><iframe frameborder src=\"https:\/\/www.facebook.com\/plugins\/like.php?href=https:\/\/www.tvbuzau.ro\/angajari-fara-forme-legale-in-2025\/&amp;layout=button_count&amp;show_faces=false&amp;width=105&amp;action=like&amp;colorscheme=light&amp;height=21\"><\/iframe><\/li>\n<li class=\"td-classic-twitter\"><a href=\"https:\/\/twitter.com\/share\" class=\"twitter-share-button\" data-url=\"https:\/\/www.tvbuzau.ro\/angajari-fara-forme-legale-in-2025\/\" data-text=\"Angaj\u0103ri f\u0103r\u0103 forme legale \u00een 2025\" data-via data-lang=\"en\">tweet<\/a><\/li>\n<\/ul>\n<\/div>\n<\/div>\n<div class=\"td-post-content\">\n<div class=\"td-featured-image-rec\">\n<div class=\"wpb_video_wrapper\">\n                    <iframe loading=\"lazy\" id=\"td_youtube_player\" width=\"600\" height=\"560\" src=\"https:\/\/www.youtube.com\/embed\/HJMlIiYAwuc?enablejsapi=1&amp;feature=oembed&amp;wmode=opaque&amp;vq=hd720\" frameborder allowfullscreen><\/iframe><\/p><\/div>\n<\/div>\n<p>Ce au constatat inspectorii ITM \u00een timpul controalelor<br \/>\nInspectoratul Teritorial de Munc\u0103 Buz\u0103u  a  efectuat verific\u0103ri \u00een  anul 2025  av\u00e2nd ca obiectiv verificarea modului \u00een care angajatorii respect\u0103 prevederile din domeniul rela\u0163iilor de munc\u0103. Potrivit ITM Buz\u0103u, \u00een anul anterior au fost desf\u0103\u015furate peste 1.100 de controale.<\/p>\n<p>ITM Buz\u0103u<br \/>\n\u201cAu fost sanc\u0163iona\u0163i 222 angajatori \u015fi s-au aplicat 335 sanc\u0163iuni contraven\u0163ionale (199 amenzi contraven\u0163ionale \u00een cuantum de 2.873.300 lei \u015fi  136 avertismente);<br \/>\n\u2013 s-au dispus 3.762 m\u0103suri cu termene precise de realizare pentru remedierea  neconformit\u0103\u0163ilor constatate de inspectorii de munc\u0103\u201d, informez\u0103 ITM Buz\u0103<br \/>\nAutorit\u0103\u0163ile arat\u0103 c\u0103 \u00een anul 2025 au fost identifica\u0163i 75  angajatori care nu au \u00eencheiat cel t\u00e2rziu \u00een ziua anterioar\u0103 \u00eenceperii activit\u0103\u0163ii \u00een form\u0103 scris\u0103 contract  individual  de munc\u0103, prin consim\u0163\u0103m\u00e2ntul p\u0103r\u0163ilor, pentru fiecare persoan\u0103 primit\u0103 la munc\u0103, fie nu au transmis elementele contractelor individuale de munc\u0103 \u00een registrul general de eviden\u0163a salaria\u0163ilor cel t\u00e2rziu \u00een ziua anterioar\u0103 \u00eenceperii activit\u0103\u0163ii, fie au primit la munca persoane care aveau contractul individual de munc\u0103 suspendat sau au primit la munc\u0103 persoane cu dep\u0103\u0219irea timpului de munc\u0103 stabilit \u00een cadrul unui contract individual de munca cu timp par\u0163ial.  <\/p>\n<p> ITM Buz\u0103u<br \/>\n\u201c\u00cen perioada ianuarie \u2013 decembrie 2025 au fost depistate un num\u0103r de 189  persoane prest\u00e2nd munc\u0103 nedeclarat\u0103 \u015fi au fost aplicate 80 sanc\u0163iuni astfel :79 amenzi \u00een cuantum de 2.420.000 lei \u015fi 1 avertisment\u201d, arat\u0103 ITM.<br \/>\nPrintre deficie\u0163ele constatate s-au num\u0103rat ne\u00eencheierea \u00een forma scris\u0103 a contractului individual de munc\u0103 anterior \u00eenceperii activit\u0103\u0163ii, transmiterea cu \u00eent\u00e2rziere a elementelor contractului individual de munc\u0103, a suspend\u0103rilor sau<br \/>\nneplata drepturilor salariale.<br \/>\nTotodat\u0103 s-au dispus 82 m\u0103suri obligatorii de remediere a deficien\u0163elor constatate.<\/p>\n<div class=\"post-views post-117859 entry-meta\"><span class=\"post-views-label\">Post Views: <\/span><span class=\"post-views-count\">162<\/span><\/div>\n<\/div>\n<footer>\n<div class=\"td-post-sharing td-post-sharing-bottom td-with-like\"><span class=\"td-post-share-title\">DISTRIBUI\u021aI<\/span><\/p>\n<div class=\"td-default-sharing\"><a class=\"td-social-sharing-buttons td-social-facebook\" href=\"http:\/\/www.facebook.com\/sharer.php?u=https%3A%2F%2Fwww.tvbuzau.ro%2Fangajari-fara-forme-legale-in-2025%2F\"><\/p>\n<div class=\"td-social-but-text\">Facebook<\/div>\n<p><\/a><a class=\"td-social-sharing-buttons td-social-twitter\" href=\"https:\/\/twitter.com\/intent\/tweet?text=Angaj%C4%83ri+f%C4%83r%C4%83+forme+legale+%C3%AEn+2025&amp;url=https%3A%2F%2Fwww.tvbuzau.ro%2Fangajari-fara-forme-legale-in-2025%2F&amp;via=TV+Buz%C4%83u\"><\/p>\n<div class=\"td-social-but-text\">Twitter<\/div>\n<p><\/a><\/div>\n<div class=\"td-classic-sharing\">\n<ul>\n<li class=\"td-classic-facebook\"><iframe frameborder src=\"https:\/\/www.facebook.com\/plugins\/like.php?href=https:\/\/www.tvbuzau.ro\/angajari-fara-forme-legale-in-2025\/&amp;layout=button_count&amp;show_faces=false&amp;width=105&amp;action=like&amp;colorscheme=light&amp;height=21\"><\/iframe><\/li>\n<li class=\"td-classic-twitter\"><a href=\"https:\/\/twitter.com\/share\" class=\"twitter-share-button\" data-url=\"https:\/\/www.tvbuzau.ro\/angajari-fara-forme-legale-in-2025\/\" data-text=\"Angaj\u0103ri f\u0103r\u0103 forme legale \u00een 2025\" data-via data-lang=\"en\">tweet<\/a><\/li>\n<\/ul>\n<\/div>\n<\/div>\n<div class=\"td-author-name vcard author\"><span class=\"fn\"><a href=\"https:\/\/www.tvbuzau.ro\/author\/mihai-vasilescu\/\">TV Buz\u0103u<\/a><\/span><\/div>\n<p><span><\/span><span><span><\/span><\/span><span><\/span><\/footer>\n<\/article>\n<div class=\"td_block_wrap td_block_related_posts td_uid_1_697b9ba7390be_rand td_with_ajax_pagination td-pb-border-top\" data-td-block-uid=\"td_uid_1_697b9ba7390be\">\n<h4 class=\"td-related-title\"><a id=\"td_uid_2_697b9ba73e2af\" class=\"td-related-left td-cur-simple-item\" data-td_filter_value data-td_block_id=\"td_uid_1_697b9ba7390be\" href=\"https:\/\/www.tvbuzau.ro\/angajari-fara-forme-legale-in-2025\/\">ARTICOLE SIMILARE<\/a><a id=\"td_uid_3_697b9ba73e2e8\" class=\"td-related-right\" data-td_filter_value=\"td_related_more_from_author\" data-td_block_id=\"td_uid_1_697b9ba7390be\" href=\"https:\/\/www.tvbuzau.ro\/angajari-fara-forme-legale-in-2025\/\">DE LA ACELA\u0218I AUTOR<\/a><\/h4>\n<div id=\"td_uid_1_697b9ba7390be\" class=\"td_block_inner\">\n<div class=\"td-related-row\">\n<div class=\"td-related-span4\">\n<div class=\"td_module_related_posts td-animation-stack td_mod_related_posts\">\n<div class=\"td-module-image\">\n<div class=\"td-module-thumb\"><a href=\"https:\/\/www.tvbuzau.ro\/alunecari-de-teren-in-judet\/\" rel=\"bookmark\" title=\"Alunec\u0103ri de teren \u00een jude\u0163\"><img loading=\"lazy\" decoding=\"async\" width=\"218\" height=\"150\" class=\"entry-thumb\" src=\"https:\/\/analyse.optim.biz\/wp-content\/uploads\/2026\/01\/hqdefault-39-218x150-4.jpg\" title=\"Alunec\u0103ri de teren \u00een jude\u0163\"><span class=\"td-video-play-ico\"><img loading=\"lazy\" decoding=\"async\" width=\"40\" height=\"40\" class=\"td-retina\" src=\"https:\/\/analyse.optim.biz\/wp-content\/uploads\/2026\/01\/ico-video-large-56.png\" alt=\"video\" title=\"ico-video-large-56\"><\/span><\/a><\/div>\n<p><a href=\"https:\/\/www.tvbuzau.ro\/category\/actualitate\/\" class=\"td-post-category\">Actualitate<\/a><\/div>\n<div class=\"item-details\">\n<h3 class=\"entry-title td-module-title\"><a href=\"https:\/\/www.tvbuzau.ro\/alunecari-de-teren-in-judet\/\" rel=\"bookmark\" title=\"Alunec\u0103ri de teren \u00een jude\u0163\">Alunec\u0103ri de teren \u00een jude\u0163<\/a><\/h3>\n<\/div>\n<\/div>\n<\/div>\n<div class=\"td-related-span4\">\n<div class=\"td_module_related_posts td-animation-stack td_mod_related_posts\">\n<div class=\"td-module-image\">\n<div class=\"td-module-thumb\"><a href=\"https:\/\/www.tvbuzau.ro\/marcel-ciolacu-a-cerut-audit-extern-la-cj-buzau\/\" rel=\"bookmark\" title=\"Marcel Ciolacu a cerut audit extern la CJ Buz\u0103u\"><img loading=\"lazy\" decoding=\"async\" width=\"218\" height=\"150\" class=\"entry-thumb\" src=\"https:\/\/analyse.optim.biz\/wp-content\/uploads\/2026\/01\/hqdefault-38-218x150-4.jpg\" title=\"Marcel Ciolacu a cerut audit extern la CJ Buz\u0103u\"><span class=\"td-video-play-ico\"><img loading=\"lazy\" decoding=\"async\" width=\"40\" height=\"40\" class=\"td-retina\" src=\"https:\/\/analyse.optim.biz\/wp-content\/uploads\/2026\/01\/ico-video-large-56.png\" alt=\"video\" title=\"ico-video-large-56\"><\/span><\/a><\/div>\n<p><a href=\"https:\/\/www.tvbuzau.ro\/category\/actualitate\/\" class=\"td-post-category\">Actualitate<\/a><\/div>\n<div class=\"item-details\">\n<h3 class=\"entry-title td-module-title\"><a href=\"https:\/\/www.tvbuzau.ro\/marcel-ciolacu-a-cerut-audit-extern-la-cj-buzau\/\" rel=\"bookmark\" title=\"Marcel Ciolacu a cerut audit extern la CJ Buz\u0103u\">Marcel Ciolacu a cerut audit extern la CJ Buz\u0103u<\/a><\/h3>\n<\/div>\n<\/div>\n<\/div>\n<div class=\"td-related-span4\">\n<div class=\"td_module_related_posts td-animation-stack td_mod_related_posts\">\n<div class=\"td-module-image\">\n<div class=\"td-module-thumb\"><a href=\"https:\/\/www.tvbuzau.ro\/dupa-ce-a-fost-in-siberia-buzoianul-cosmin-craciun-a-plecat-in-africa\/\" rel=\"bookmark\" title=\"Dup\u0103 ce a fost \u00een Siberia, buzoianul Cosmin Cr\u0103ciun a plecat \u00een Africa\"><img loading=\"lazy\" decoding=\"async\" width=\"218\" height=\"150\" class=\"entry-thumb\" src=\"https:\/\/analyse.optim.biz\/wp-content\/uploads\/2026\/01\/hqdefault-37-218x150-4.jpg\" title=\"Dup\u0103 ce a fost \u00een Siberia, buzoianul Cosmin Cr\u0103ciun a plecat \u00een Africa\"><span class=\"td-video-play-ico\"><img loading=\"lazy\" decoding=\"async\" width=\"40\" height=\"40\" class=\"td-retina\" src=\"https:\/\/analyse.optim.biz\/wp-content\/uploads\/2026\/01\/ico-video-large-56.png\" alt=\"video\" title=\"ico-video-large-56\"><\/span><\/a><\/div>\n<p><a href=\"https:\/\/www.tvbuzau.ro\/category\/actualitate\/\" class=\"td-post-category\">Actualitate<\/a><\/div>\n<div class=\"item-details\">\n<h3 class=\"entry-title td-module-title\"><a href=\"https:\/\/www.tvbuzau.ro\/dupa-ce-a-fost-in-siberia-buzoianul-cosmin-craciun-a-plecat-in-africa\/\" rel=\"bookmark\" title=\"Dup\u0103 ce a fost \u00een Siberia, buzoianul Cosmin Cr\u0103ciun a plecat \u00een Africa\">Dup\u0103 ce a fost \u00een Siberia, buzoianul Cosmin Cr\u0103ciun a plecat \u00een Africa<\/a><\/h3>\n<\/div>\n<\/div>\n<\/div>\n<\/div>\n<div class=\"td-related-row\">\n<div class=\"td-related-span4\">\n<div class=\"td_module_related_posts td-animation-stack td_mod_related_posts\">\n<div class=\"td-module-image\">\n<div class=\"td-module-thumb\"><a href=\"https:\/\/www.tvbuzau.ro\/doua-concursuri-suspendate-de-spitalul-judetean-buzau\/\" rel=\"bookmark\" title=\"Dou\u0103 concursuri suspendate de Spitalul Jude\u0163ean Buz\u0103u\"><img loading=\"lazy\" decoding=\"async\" width=\"218\" height=\"150\" class=\"entry-thumb\" src=\"https:\/\/analyse.optim.biz\/wp-content\/uploads\/2026\/01\/hqdefault-36-218x150-4.jpg\" title=\"Dou\u0103 concursuri suspendate de Spitalul Jude\u0163ean Buz\u0103u\"><span class=\"td-video-play-ico\"><img loading=\"lazy\" decoding=\"async\" width=\"40\" height=\"40\" class=\"td-retina\" src=\"https:\/\/analyse.optim.biz\/wp-content\/uploads\/2026\/01\/ico-video-large-56.png\" alt=\"video\" title=\"ico-video-large-56\"><\/span><\/a><\/div>\n<p><a href=\"https:\/\/www.tvbuzau.ro\/category\/actualitate\/\" class=\"td-post-category\">Actualitate<\/a><\/div>\n<div class=\"item-details\">\n<h3 class=\"entry-title td-module-title\"><a href=\"https:\/\/www.tvbuzau.ro\/doua-concursuri-suspendate-de-spitalul-judetean-buzau\/\" rel=\"bookmark\" title=\"Dou\u0103 concursuri suspendate de Spitalul Jude\u0163ean Buz\u0103u\">Dou\u0103 concursuri suspendate de Spitalul Jude\u0163ean Buz\u0103u<\/a><\/h3>\n<\/div>\n<\/div>\n<\/div>\n<div class=\"td-related-span4\">\n<div class=\"td_module_related_posts td-animation-stack td_mod_related_posts\">\n<div class=\"td-module-image\">\n<div class=\"td-module-thumb\"><a href=\"https:\/\/www.tvbuzau.ro\/incendiile-de-locuinta-o-realitate-a-sezonului-rece\/\" rel=\"bookmark\" title=\"Incendiile de locuin\u0163\u0103, o realitate a sezonului rece\"><img loading=\"lazy\" decoding=\"async\" width=\"218\" height=\"150\" class=\"entry-thumb\" src=\"https:\/\/analyse.optim.biz\/wp-content\/uploads\/2026\/01\/hqdefault-35-218x150-4.jpg\" title=\"Incendiile de locuin\u0163\u0103, o realitate a sezonului rece\"><span class=\"td-video-play-ico\"><img loading=\"lazy\" decoding=\"async\" width=\"40\" height=\"40\" class=\"td-retina\" src=\"https:\/\/analyse.optim.biz\/wp-content\/uploads\/2026\/01\/ico-video-large-56.png\" alt=\"video\" title=\"ico-video-large-56\"><\/span><\/a><\/div>\n<p><a href=\"https:\/\/www.tvbuzau.ro\/category\/actualitate\/\" class=\"td-post-category\">Actualitate<\/a><\/div>\n<div class=\"item-details\">\n<h3 class=\"entry-title td-module-title\"><a href=\"https:\/\/www.tvbuzau.ro\/incendiile-de-locuinta-o-realitate-a-sezonului-rece\/\" rel=\"bookmark\" title=\"Incendiile de locuin\u0163\u0103, o realitate a sezonului rece\">Incendiile de locuin\u0163\u0103, o realitate a sezonului rece<\/a><\/h3>\n<\/div>\n<\/div>\n<\/div>\n<div class=\"td-related-span4\">\n<div class=\"td_module_related_posts td-animation-stack td_mod_related_posts\">\n<div class=\"td-module-image\">\n<div class=\"td-module-thumb\"><a href=\"https:\/\/www.tvbuzau.ro\/pesionarii-s-au-adresat-avocatului-poporului\/\" rel=\"bookmark\" title=\"Pesionarii s-au adresat Avocatului Poporului\"><img loading=\"lazy\" decoding=\"async\" width=\"218\" height=\"150\" class=\"entry-thumb\" src=\"https:\/\/analyse.optim.biz\/wp-content\/uploads\/2026\/01\/sddefault-41-218x150-4.jpg\" title=\"Pesionarii s-au adresat Avocatului Poporului\"><span class=\"td-video-play-ico\"><img loading=\"lazy\" decoding=\"async\" width=\"40\" height=\"40\" class=\"td-retina\" src=\"https:\/\/analyse.optim.biz\/wp-content\/uploads\/2026\/01\/ico-video-large-56.png\" alt=\"video\" title=\"ico-video-large-56\"><\/span><\/a><\/div>\n<p><a href=\"https:\/\/www.tvbuzau.ro\/category\/actualitate\/\" class=\"td-post-category\">Actualitate<\/a><\/div>\n<div class=\"item-details\">\n<h3 class=\"entry-title td-module-title\"><a href=\"https:\/\/www.tvbuzau.ro\/pesionarii-s-au-adresat-avocatului-poporului\/\" rel=\"bookmark\" title=\"Pesionarii s-au adresat Avocatului Poporului\">Pesionarii s-au adresat Avocatului Poporului<\/a><\/h3>\n<\/div>\n<\/div>\n<\/div>\n<\/div>\n<\/div>\n<\/div>\n<div class=\"comments\" id=\"comments\">\n<div id=\"respond\" class=\"comment-respond\">\n<h3 id=\"reply-title\" class=\"comment-reply-title\">L\u0102SA\u021aI UN MESAJ <small><a rel=\"nofollow\" id=\"cancel-comment-reply-link\" href=\"https:\/\/www.tvbuzau.ro\/angajari-fara-forme-legale-in-2025\/#respond\">Renun\u021ba\u021bi la r\u0103spuns<\/a><\/small><\/h3>\n<\/div>\n<\/div>\n<\/div>\n<div class=\"td-post-content\">\n<div class=\"td-featured-image-rec\">\n<div class=\"wpb_video_wrapper\">\n                    <iframe loading=\"lazy\" id=\"td_youtube_player\" width=\"600\" height=\"560\" src=\"https:\/\/www.youtube.com\/embed\/HJMlIiYAwuc?enablejsapi=1&amp;feature=oembed&amp;wmode=opaque&amp;vq=hd720\" frameborder allowfullscreen><\/iframe><\/p><\/div>\n<\/div>\n<p>Ce au constatat inspectorii ITM \u00een timpul controalelor<br \/>\nInspectoratul Teritorial de Munc\u0103 Buz\u0103u  a  efectuat verific\u0103ri \u00een  anul 2025  av\u00e2nd ca obiectiv verificarea modului \u00een care angajatorii respect\u0103 prevederile din domeniul rela\u0163iilor de munc\u0103. Potrivit ITM Buz\u0103u, \u00een anul anterior au fost desf\u0103\u015furate peste 1.100 de controale.<\/p>\n<p>ITM Buz\u0103u<br \/>\n\u201cAu fost sanc\u0163iona\u0163i 222 angajatori \u015fi s-au aplicat 335 sanc\u0163iuni contraven\u0163ionale (199 amenzi contraven\u0163ionale \u00een cuantum de 2.873.300 lei \u015fi  136 avertismente);<br \/>\n\u2013 s-au dispus 3.762 m\u0103suri cu termene precise de realizare pentru remedierea  neconformit\u0103\u0163ilor constatate de inspectorii de munc\u0103\u201d, informez\u0103 ITM Buz\u0103<br \/>\nAutorit\u0103\u0163ile arat\u0103 c\u0103 \u00een anul 2025 au fost identifica\u0163i 75  angajatori care nu au \u00eencheiat cel t\u00e2rziu \u00een ziua anterioar\u0103 \u00eenceperii activit\u0103\u0163ii \u00een form\u0103 scris\u0103 contract  individual  de munc\u0103, prin consim\u0163\u0103m\u00e2ntul p\u0103r\u0163ilor, pentru fiecare persoan\u0103 primit\u0103 la munc\u0103, fie nu au transmis elementele contractelor individuale de munc\u0103 \u00een registrul general de eviden\u0163a salaria\u0163ilor cel t\u00e2rziu \u00een ziua anterioar\u0103 \u00eenceperii activit\u0103\u0163ii, fie au primit la munca persoane care aveau contractul individual de munc\u0103 suspendat sau au primit la munc\u0103 persoane cu dep\u0103\u0219irea timpului de munc\u0103 stabilit \u00een cadrul unui contract individual de munca cu timp par\u0163ial.  <\/p>\n<p> ITM Buz\u0103u<br \/>\n\u201c\u00cen perioada ianuarie \u2013 decembrie 2025 au fost depistate un num\u0103r de 189  persoane prest\u00e2nd munc\u0103 nedeclarat\u0103 \u015fi au fost aplicate 80 sanc\u0163iuni astfel :79 amenzi \u00een cuantum de 2.420.000 lei \u015fi 1 avertisment\u201d, arat\u0103 ITM.<br \/>\nPrintre deficie\u0163ele constatate s-au num\u0103rat ne\u00eencheierea \u00een forma scris\u0103 a contractului individual de munc\u0103 anterior \u00eenceperii activit\u0103\u0163ii, transmiterea cu \u00eent\u00e2rziere a elementelor contractului individual de munc\u0103, a suspend\u0103rilor sau<br \/>\nneplata drepturilor salariale.<br \/>\nTotodat\u0103 s-au dispus 82 m\u0103suri obligatorii de remediere a deficien\u0163elor constatate.<\/p>\n<div class=\"post-views post-117859 entry-meta\"><span class=\"post-views-label\">Post Views: <\/span><span class=\"post-views-count\">162<\/span><\/div>\n<\/div>\n<p> Source URL: https:\/\/www.tvbuzau.ro\/angajari-fara-forme-legale-in-2025\/<\/p>\n","protected":false},"excerpt":{"rendered":"<p>Actualitate Angaj\u0103ri f\u0103r\u0103 forme legale \u00een 2025 De c\u0103tre TV Buz\u0103u &#8211; ianuarie 27, 2026 0 20 Distribui\u021bi pe Facebook Distribui\u021bi pe Twitter tweet Ce au constatat inspectorii ITM \u00een timpul controalelor Inspectoratul Teritorial de Munc\u0103 Buz\u0103u a efectuat verific\u0103ri \u00een anul 2025 av\u00e2nd ca obiectiv verificarea modului \u00een care angajatorii respect\u0103 prevederile din domeniul [&hellip;]<\/p>\n","protected":false},"author":1,"featured_media":1544856,"comment_status":"open","ping_status":"","sticky":false,"template":"","format":"standard","meta":{"footnotes":""},"categories":[2],"tags":[116],"class_list":["post-1544853","post","type-post","status-publish","format-standard","has-post-thumbnail","hentry","category-politics","tag-tvbuzau-ro"],"_links":{"self":[{"href":"https:\/\/analyse.optim.biz\/index.php?rest_route=\/wp\/v2\/posts\/1544853","targetHints":{"allow":["GET"]}}],"collection":[{"href":"https:\/\/analyse.optim.biz\/index.php?rest_route=\/wp\/v2\/posts"}],"about":[{"href":"https:\/\/analyse.optim.biz\/index.php?rest_route=\/wp\/v2\/types\/post"}],"author":[{"embeddable":true,"href":"https:\/\/analyse.optim.biz\/index.php?rest_route=\/wp\/v2\/users\/1"}],"replies":[{"embeddable":true,"href":"https:\/\/analyse.optim.biz\/index.php?rest_route=%2Fwp%2Fv2%2Fcomments&post=1544853"}],"version-history":[{"count":0,"href":"https:\/\/analyse.optim.biz\/index.php?rest_route=\/wp\/v2\/posts\/1544853\/revisions"}],"wp:featuredmedia":[{"embeddable":true,"href":"https:\/\/analyse.optim.biz\/index.php?rest_route=\/wp\/v2\/media\/1544856"}],"wp:attachment":[{"href":"https:\/\/analyse.optim.biz\/index.php?rest_route=%2Fwp%2Fv2%2Fmedia&parent=1544853"}],"wp:term":[{"taxonomy":"category","embeddable":true,"href":"https:\/\/analyse.optim.biz\/index.php?rest_route=%2Fwp%2Fv2%2Fcategories&post=1544853"},{"taxonomy":"post_tag","embeddable":true,"href":"https:\/\/analyse.optim.biz\/index.php?rest_route=%2Fwp%2Fv2%2Ftags&post=1544853"}],"curies":[{"name":"wp","href":"https:\/\/api.w.org\/{rel}","templated":true}]}}