{"id":1543723,"date":"2026-01-28T16:35:18","date_gmt":"2026-01-28T13:35:18","guid":{"rendered":"https:\/\/analyse.optim.biz\/?p=1543723"},"modified":"2026-01-28T16:35:18","modified_gmt":"2026-01-28T13:35:18","slug":"micromovilidad-que-impulsa-macrocambios","status":"publish","type":"post","link":"https:\/\/analyse.optim.biz\/?p=1543723","title":{"rendered":"Micromovilidad que impulsa macrocambios"},"content":{"rendered":"<article id=\"main-content\" class=\"a _g _g-lg _g-o\">\n<header class=\"a_e _g _g-xs\">\n<div class=\"a_e_txt _df\">\n<h1 class=\"a_t\">Micromovilidad que impulsa macrocambios <\/h1>\n<p class=\"a_st\">El despliegue de nuevas formas de movilidad urbana, como el alquiler por minutos de peque\u00f1os coches, motos, bicis y patinetes, todos ellos el\u00e9ctricos, anuncian una forma m\u00e1s sostenible de moverse por las ciudades <\/p>\n<\/div>\n<p>n      &#8220;}},&#8221;video_agency&#8221;:false,&#8221;alt_image&#8221;:&#8221;Pasos hacia la movilidad sostenible | El poder de las empresas&#8221;},&#8221;url&#8221;:&#8221;&#8221;,&#8221;alt&#8221;:&#8221;Pasos hacia la movilidad sostenible | El poder de las empresas&#8221;,&#8221;ogWidth&#8221;:16,&#8221;ogHeight&#8221;:9,&#8221;floating&#8221;:true,&#8221;preset&#8221;:{&#8220;crops&#8221;:{&#8220;414w&#8221;:{&#8220;width&#8221;:414,&#8221;height&#8221;:233},&#8221;640w&#8221;:{&#8220;width&#8221;:828,&#8221;height&#8221;:466},&#8221;1000w&#8221;:{&#8220;width&#8221;:980,&#8221;height&#8221;:551},&#8221;1200w&#8221;:{&#8220;width&#8221;:1200,&#8221;height&#8221;:675}},&#8221;sizes&#8221;:&#8221;(min-width:1199px) 661px, (min-width: 1001px) calc((100vw &#8211; 385px)\/12*7 + 186px), (min-width:767px) 767px, 100vw&#8221;,&#8221;default&#8221;:&#8221;414w&#8221;}});<br \/>\n  <\/header>\n<div class=\"a_md _g _g-xs \">\n<figure class=\"a_md_i a_m-h c_m--nf\"><span class=\"a_m_w _db\"><img decoding=\"async\" alt=\"Javier A. Fern\u00e1ndez\" class=\"_re lazyload a_m-h\" height=\"100\" width=\"100\" src=\"https:\/\/analyse.optim.biz\/wp-content\/uploads\/2026\/01\/https3a2f2fs3-amazonaws-com2farc-authors2fprisa2f746d12eb-94c5-4e0d-8eff-7841db61eff1-4.png\" loading=\"lazy\" title=\"https3a2f2fs3-amazonaws-com2farc-authors2fprisa2f746d12eb-94c5-4e0d-8eff-7841db61eff1-4\"><\/span><\/figure>\n<div class=\"a_md_txt\">\n<div class=\"a_md_a\" data-dtm-region=\"articulo_firma\"><a href=\"https:\/\/elpais.com\/autor\/javier-antonio-fernandez-perez\/#?rel=author_top\" title=\"Ver todas las noticias de Javier A. Fern\u00e1ndez\" class=\"a_md_a_n\">Javier A. Fern\u00e1ndez<\/a><\/div>\n<div class=\"a_md_f\"><span><a href=\"https:\/\/elpais.com\/hemeroteca\/2026-01-28\/\" data-date=\"2026-01-28T17:35:18+01:00\"><time data-date=\"2026-01-28T17:35:18+01:00\" datetime=\"2026-01-28T17:35:18+01:00\" id=\"article_date_p\">28 ene 2026 &#8211; 17:35<abbr title=\"Central European Time\">CET<\/abbr><\/time><\/a><\/span><\/div>\n<div class=\"w_rs\" data-dtm-region=\"articulo_botonera-social\">\n<div class=\"w_rs_i\"><a class=\"_btn hidden\" href=\"\/\/send?text=Micromovilidad%20que%20impulsa%20macrocambios%20%0D%0A%0D%0Ahttps%3A%2F%2Felpais.com%2Feconomia%2Fbranded%2Fel-poder-de-las-empresas%2F2026-01-28%2Fmicromovilidad-que-impulsa-macrocambios.html%3Fssm=whatsapp_CC\" data-action=\"share\/whatsapp\/share\" data-param-description=\"Micromovilidad que impulsa macrocambios \" data-param-href=\"https:\/\/elpais.com\/economia\/branded\/el-poder-de-las-empresas\/2026-01-28\/micromovilidad-que-impulsa-macrocambios.html\" data-param-text=\"Micromovilidad que impulsa macrocambios  https:\/\/elpais.com\/economia\/branded\/el-poder-de-las-empresas\/2026-01-28\/micromovilidad-que-impulsa-macrocambios.html\" data-param-url=\"https:\/\/elpais.com\/economia\/branded\/el-poder-de-las-empresas\/2026-01-28\/micromovilidad-que-impulsa-macrocambios.html\" target=\"_blank\" rel=\"noopener noreferrer\" data-share-track-dtm=\"whatsapp\" id=\"btn_share_whatsapp_112\"><span class=\"_sr\">Compartir en Whatsapp<\/span><\/a><\/div>\n<div class=\"w_rs_i\"><a class=\"_btn \" href=\"https:\/\/www.facebook.com\/dialog\/share?display=popup&amp;app_id=94039431626&amp;href=https%3A%2F%2Felpais.com%2Feconomia%2Fbranded%2Fel-poder-de-las-empresas%2F2026-01-28%2Fmicromovilidad-que-impulsa-macrocambios.html%3Fssm=FB_CC&amp;quote=Micromovilidad%20que%20impulsa%20macrocambios%20\" data-param-app_id=\"94039431626\" data-param-description=\"Micromovilidad que impulsa macrocambios \" data-param-href=\"https:\/\/elpais.com\/economia\/branded\/el-poder-de-las-empresas\/2026-01-28\/micromovilidad-que-impulsa-macrocambios.html\" data-param-text=\"Micromovilidad que impulsa macrocambios \" data-param-url=\"https:\/\/elpais.com\/economia\/branded\/el-poder-de-las-empresas\/2026-01-28\/micromovilidad-que-impulsa-macrocambios.html\" target=\"_blank\" rel=\"noopener noreferrer\" data-share-track-dtm=\"facebook\" id=\"btn_share_facebook_112\"><span class=\"_sr\">Compartir en Facebook<\/span><\/a><\/div>\n<div class=\"w_rs_i\"><a class=\"_btn \" href=\"https:\/\/twitter.com\/intent\/tweet?url=https%3A%2F%2Felpais.com%2Feconomia%2Fbranded%2Fel-poder-de-las-empresas%2F2026-01-28%2Fmicromovilidad-que-impulsa-macrocambios.html%3Fssm=TW_CC&amp;text=Micromovilidad%20que%20impulsa%20macrocambios%20&amp;via=el_pais&amp;lang=es\" data-param-description=\"Micromovilidad que impulsa macrocambios \" data-param-href=\"https:\/\/elpais.com\/economia\/branded\/el-poder-de-las-empresas\/2026-01-28\/micromovilidad-que-impulsa-macrocambios.html\" data-param-text=\"Micromovilidad que impulsa macrocambios  via @el_pais\" data-param-url=\"https:\/\/elpais.com\/economia\/branded\/el-poder-de-las-empresas\/2026-01-28\/micromovilidad-que-impulsa-macrocambios.html\" target=\"_blank\" rel=\"noopener noreferrer\" data-share-track-dtm=\"twitter\" id=\"btn_share_twitter_112\"><span class=\"_sr\">Compartir en Twitter<\/span><\/a><\/div>\n<div class=\"w_rs_i\"><a class=\"_btn \" href=\"https:\/\/bsky.app\/intent\/compose?text=https%3A%2F%2Felpais.com%2Feconomia%2Fbranded%2Fel-poder-de-las-empresas%2F2026-01-28%2Fmicromovilidad-que-impulsa-macrocambios.html%3Fssm=bsky_CC\" data-param-description=\"Micromovilidad que impulsa macrocambios \" data-param-href=\"https:\/\/elpais.com\/economia\/branded\/el-poder-de-las-empresas\/2026-01-28\/micromovilidad-que-impulsa-macrocambios.html\" data-param-text=\"Micromovilidad que impulsa macrocambios \" data-param-url=\"https:\/\/elpais.com\/economia\/branded\/el-poder-de-las-empresas\/2026-01-28\/micromovilidad-que-impulsa-macrocambios.html\" target=\"_blank\" rel=\"noopener noreferrer\" data-share-track-dtm=\"bluesky\" id=\"btn_share_bluesky_112\"><span class=\"_sr\">Compartir en Bluesky<\/span><\/a><\/div>\n<div class=\"w_rs_i\"><a class=\"_btn \" href=\"https:\/\/www.linkedin.com\/sharing\/share-offsite\/?url=https%3A%2F%2Felpais.com%2Feconomia%2Fbranded%2Fel-poder-de-las-empresas%2F2026-01-28%2Fmicromovilidad-que-impulsa-macrocambios.html%3Fssm=LK_CC\" data-param-description=\"Micromovilidad que impulsa macrocambios \" data-param-href=\"https:\/\/elpais.com\/economia\/branded\/el-poder-de-las-empresas\/2026-01-28\/micromovilidad-que-impulsa-macrocambios.html\" data-param-text=\"Micromovilidad que impulsa macrocambios \" data-param-url=\"https:\/\/elpais.com\/economia\/branded\/el-poder-de-las-empresas\/2026-01-28\/micromovilidad-que-impulsa-macrocambios.html\" target=\"_blank\" rel=\"noopener noreferrer\" data-share-track-dtm=\"linkedin\" id=\"btn_share_linkedin_112\"><span class=\"_sr\">Compartir en Linkedin<\/span><\/a><\/div>\n<div class=\"w_rs_i\"><a class=\"_btn rs_l\" href=\"https:\/\/elpais.com\/economia\/branded\/el-poder-de-las-empresas\/2026-01-28\/micromovilidad-que-impulsa-macrocambios.html#?prm=copy_link\" data-share-track-dtm=\"copiar_url\" id=\"btn_share_link_42\"><span class=\"_sr\">Copiar enlace<\/span><\/a><\/div>\n<\/div>\n<\/div>\n<\/div>\n<div class=\"a_c clearfix\" data-dtm-region=\"articulo_cuerpo\">\n<div class=\"raw_html\">\n<div>\n<div class=\"_brnd_pm-m\">\n<div class=\"_brnd_pm-m-d\">\n<div class=\"_brnd_pm-m-d_b\">\n<div class=\"_brnd_pm-m-d_b-i\"><img decoding=\"async\" loading=\"lazy\" src=\"https:\/\/analyse.optim.biz\/wp-content\/uploads\/2026\/01\/movilidad.svg\" title=\"movilidad\"><\/div>\n<div class=\"_brnd_pm-m-d_b-p\">\n<p><b>MOEVE<\/b><\/p>\n<p>David Garc\u00eda <span>Responsable de Desarrollo de Negocio de New Mobility<\/span><\/p>\n<p>Multinacional del sector energ\u00e9tico, fundada en 1929, que busca posicionarse como l\u00edder en energ\u00eda y movilidad sostenible<\/p>\n<\/div>\n<div class=\"_brnd_pm-m-d_b-p\">\n<p><b>COOLTRA<\/b><\/p>\n<p>Timo Buetefish  <span>Fundador y director ejecutivo<\/span><\/p>\n<p>Empresa barcelonesa de movilidad sostenible, con presencia en Europa, especializada en servicios de alquiler por minutos de motos y bicicletas el\u00e9ctricas <\/p>\n<\/div>\n<\/div>\n<\/div>\n<\/div>\n<\/div>\n<\/div>\n<p class>Cepsa, una de las mayores empresas energ\u00e9ticas del pa\u00eds, decidi\u00f3 a finales de 2024 transformarse en Moeve, en l\u00ednea con su estrategia corporativa para impulsar la transici\u00f3n energ\u00e9tica. Como explica David Garc\u00eda, responsable de Desarrollo de Negocio de New Mobility de la compa\u00f1\u00eda, la nueva marca indica movimiento, electricidad y energ\u00eda sostenible, conceptos asociados a un mundo respetuoso con el medio ambiente. \u201cEstamos creando el negocio que nuestros accionistas quieren para el futuro\u201d, expone Garc\u00eda en el p\u00f3dcast en forma de videocharla que abre este texto, sexto cap\u00edtulo de <i>El poder de las empresas<\/i>, un proyecto de Banco Sabadell. <\/p>\n<p class>Este cambio en un buque insignia del sector energ\u00e9tico es un s\u00edmbolo a gran escala de la transici\u00f3n a un modelo econ\u00f3mico m\u00e1s sostenible. Esos cambios son cada vez m\u00e1s notorios en el \u00e1mbito de la movilidad urbana, donde se est\u00e1n promoviendo los veh\u00edculos el\u00e9ctricos y de alquiler. Timo Buetefisch, fundador y director ejecutivo de Cooltra, empresa barcelonesa de alquiler de motos y bicicletas por minutos, es el coprotagonista del p\u00f3dcast: \u201cVemos una tendencia hacia una econom\u00eda m\u00e1s circular y compartida que puede reducir el n\u00famero de veh\u00edculos en las ciudades\u201d. <\/p>\n<div class=\"raw_html\">\n<div>\n<div class=\"_brnd_pm-g _brnd_pm-g_bv\">\n<h3>N\u00famero de veh\u00edculos de alquiler por minutos <b>en Espa\u00f1a<\/b><\/h3>\n<div class=\"_brnd_pm-g_bv-b\">\n<div class=\"_brnd_pm-g_bv-b-l\">\n<div class=\"_brnd_pm-g_bv-b-l-i\"><img decoding=\"async\" loading=\"lazy\" src=\"https:\/\/analyse.optim.biz\/wp-content\/uploads\/2026\/01\/ico-1-1.svg\" title=\"ico-1-1\"><\/div>\n<div class=\"_brnd_pm-g_bv-b-l-n\"><b>42.110 <i>Bicicletas<\/i><\/b><span>80% pertenece a sistemas municipales de alquiler<\/span><\/div>\n<\/div>\n<div class=\"_brnd_pm-g_bv-b-l\">\n<div class=\"_brnd_pm-g_bv-b-l-i\"><img decoding=\"async\" loading=\"lazy\" src=\"https:\/\/analyse.optim.biz\/wp-content\/uploads\/2026\/01\/ico-2-1.svg\" title=\"ico-2-1\"><\/div>\n<div class=\"_brnd_pm-g_bv-b-l-n\"><b>11.975 <i>Motocicletas<\/i><\/b><\/div>\n<\/div>\n<div class=\"_brnd_pm-g_bv-b-l\">\n<div class=\"_brnd_pm-g_bv-b-l-i\"><img decoding=\"async\" loading=\"lazy\" src=\"https:\/\/analyse.optim.biz\/wp-content\/uploads\/2026\/01\/ico-3-1.svg\" title=\"ico-3-1\"><\/div>\n<div class=\"_brnd_pm-g_bv-b-l-n\"><b>11.340 <i>Patinetes<\/i><\/b><\/div>\n<\/div>\n<div class=\"_brnd_pm-g_bv-b-l\">\n<div class=\"_brnd_pm-g_bv-b-l-i\"><img decoding=\"async\" loading=\"lazy\" src=\"https:\/\/analyse.optim.biz\/wp-content\/uploads\/2026\/01\/ico-4-1.svg\" title=\"ico-4-1\"><\/div>\n<div class=\"_brnd_pm-g_bv-b-l-n\"><b>5.575 <i>Autom\u00f3viles<\/i><\/b><\/div>\n<\/div>\n<\/div>\n<p class=\"_brnd_pm-g-f\">FUENTE: DBKInforma Observatorio Sectorial. Datos de abril de 2024<\/p>\n<\/div>\n<\/div>\n<\/div>\n<p class>El cambio de Moeve y el auge de la micromovilidad son solo dos muestras de la evoluci\u00f3n que est\u00e1 experimentando el transporte en Espa\u00f1a, un \u00e1mbito que, en opini\u00f3n de Floridea Di Ciommo, codirectora de cambiaMO, organizaci\u00f3n no lucrativa para la promoci\u00f3n de la movilidad sostenible, equitativa e inclusiva, es un elemento fundamental para el bienestar de las personas, al mismo nivel de la educaci\u00f3n. \u201cY cuanto m\u00e1s limpia y sostenible sea, m\u00e1s beneficiosa ser\u00e1\u201d. <\/p>\n<p class>La conversaci\u00f3n entre los responsables de Moeve y Cooltra sirve para desgranar las fortalezas y los desaf\u00edos a los que se enfrenta este sector clave para construir ciudades m\u00e1s sostenibles, habitables, competitivas y preparadas para los desaf\u00edos del siglo XXI. <\/p>\n<p class><b>Un pa\u00eds con muchos coches.<\/b> En Espa\u00f1a circulan 627 veh\u00edculos por cada 1.000 habitantes, de acuerdo con la Organizaci\u00f3n Internacional de Constructores de Autom\u00f3viles (OICA). Se trata de una cantidad media-alta seg\u00fan los est\u00e1ndares internacionales, y coloca a Espa\u00f1a en el puesto 14 de la clasificaci\u00f3n mundial y el noveno lugar de Europa. <\/p>\n<p class><b>Un parque automovil\u00edstico en transformaci\u00f3n.<\/b> El parque automovil\u00edstico espa\u00f1ol tiene una edad media de 14,5 a\u00f1os, por encima de la media europea (12,7 a\u00f1os). Los veh\u00edculos el\u00e9ctricos, h\u00edbridos, h\u00edbridos enchufables y los de gas licuado representan de momento un peque\u00f1o porcentaje, pero sin embargo esto est\u00e1 dando la vuelta. Seg\u00fan los datos a cierre de 2025 de ANFAC, la venta de este tipo de veh\u00edculos alternativos ha crecido sustancialmente,hasta rozar el 58%de cuota total entre casi 1,4 millones matriculaciones. De cada 10 que se venden nuevos, solo cuatro de ellos est\u00e1n propulsados puramente por gasolina o di\u00e9sel.<\/p>\n<p class>Si ponemos la atenci\u00f3n en la movilidad el\u00e9ctrica,en Espa\u00f1a ya son 600.000 los veh\u00edculos el\u00e9ctricos puros o h\u00edbridos enchufables en circulaci\u00f3n, seg\u00fan el \u00faltimo informe realizado por la empresa de movilidad Bipi, en base a datos oficiales de matriculaciones y del anuario estad\u00edstico de la DGT.<\/p>\n<p class><b>En Espa\u00f1a tambi\u00e9n se anda.<\/b> Las ciudades espa\u00f1olas, se\u00f1ala Floridea Di Ciommo, est\u00e1n hechas para andar, aunque en los barrios residenciales de las grandes capitales el uso del coche predomina. A la hora de desplazarse, en general, predominan los traslados a pie y el transporte p\u00fablico en conjunto, en comparaci\u00f3n con el coche privado, especialmente en ciudades como Barcelona, Madrid y Valencia.<\/p>\n<div class=\"raw_html\">\n<div>\n<div class=\"_brnd_pm-g _brnd_pm-g_bv\">\n<h3>Reparto de los viajes <b>seg\u00fan modo de transporte<\/b><\/h3>\n<div class=\"_brnd_pm-g_bv-b\">\n<div class=\"_brnd_pm-g_bv-b-l modo\">\n<div class=\"_brnd_pm-g_bv-b-l-i\">\n                    <source media=\"(min-width: 767px)\" srcset=\"https:\/\/ep01.epimg.net\/estaticos\/arc\/2026\/01\/poderempresas-movilidad\/images\/reparto@2x.svg\" \/><\/div>\n<\/div>\n<\/div>\n<p class=\"_brnd_pm-g-f\">FUENTE: Observatorio de la Movilidad Metropolitana<\/p>\n<\/div>\n<\/div>\n<\/div>\n<p class><b>Se consolidan nuevas opciones de transporte.<\/b> En la \u00faltima d\u00e9cada han aparecido los veh\u00edculos de alquiler por minutos, que se recogen y se dejan en la calle, un servicio que abarca motocicletas, coches el\u00e9ctricos o h\u00edbridos, bicicletas y patinetes y que se conoce como micromovilidad. <\/p>\n<div class=\"raw_html\">\n<div>\n<div class=\"_brnd_pm-v\">\n<div class=\"_brnd_pm-v_b\">\n<h3>\u201cVeo la \u2018ebike\u2019, la bicicleta el\u00e9ctrica, como un prometedor protagonista en las ciudades\u201d<\/h3>\n<p class=\"_brnd_pm-v_b-f\">Timo Buetefish, fundador y director ejecutivo de Cooltra, reflexiona sobre las nuevas oportunidades de negocio en el sector del veh\u00edculo compartido<\/p>\n<div class=\"_brnd_pm-v_b-v\">\n<div><\/div>\n<\/div>\n<\/div>\n<\/div>\n<\/div>\n<\/div>\n<div class=\"raw_html\">\n<div>\n<div class=\"_brnd_pm-t\">\n<div class=\"_brnd_pm-t_b\">\n<div class=\"_brnd_pm-t_b-t | fortalezas\">\n<p>Las fortalezas<\/p>\n<h2>Impulso a la electrificaci\u00f3n y transporte p\u00fablico de calidad <\/h2>\n<\/div>\n<\/div>\n<\/div>\n<\/div>\n<\/div>\n<p class><b>Una red de transporte p\u00fablica extensa y eficiente.<\/b> El transporte p\u00fablico espa\u00f1ol se sit\u00faa en el sexto puesto de la clasificaci\u00f3n europea elaborada por la ONG Greenpeace, en 2023. El informe eval\u00faa el coste, la oferta, las conexiones entre diferentes medios, la accesibilidad y la eficacia, entre otros aspectos. <\/p>\n<div class=\"raw_html\">\n<div>\n<div class=\"_brnd_pm-g _brnd_pm-g_bh\">\n<h3>Clasificaci\u00f3n europea <b>de transporte p\u00fablico de calidad<\/b><\/h3>\n<div class=\"_brnd_pm-g_bh-b\">\n<div class=\"_brnd_pm-g_bh-b-l\">\n<div class=\"_brnd_pm-g_bh-b-l-g | clasificacion\">\n<div class=\"_brnd_pm-g_bh-b-l-g-b | barra\">\n<div class=\"_brnd_pm-g_bh-b-l-g-b-n\"><b>1\u00ba<\/b><\/div>\n<div class=\"_brnd_pm-g_bh-b-l-g-b-i\"><img decoding=\"async\" loading=\"lazy\" src=\"https:\/\/analyse.optim.biz\/wp-content\/uploads\/2026\/01\/lux.png\" title=\"lux\"><\/div>\n<div class=\"_brnd_pm-g_bh-b-l-g-b-b\">Luxemburgo <\/div>\n<\/div>\n<div class=\"_brnd_pm-g_bh-b-l-g-b | barra\">\n<div class=\"_brnd_pm-g_bh-b-l-g-b-n\"><b>2\u00ba<\/b><\/div>\n<div class=\"_brnd_pm-g_bh-b-l-g-b-i\"><img decoding=\"async\" loading=\"lazy\" src=\"https:\/\/analyse.optim.biz\/wp-content\/uploads\/2026\/01\/mal.png\" title=\"mal\"><\/div>\n<div class=\"_brnd_pm-g_bh-b-l-g-b-b\">Malta  <\/div>\n<\/div>\n<div class=\"_brnd_pm-g_bh-b-l-g-b | barra\">\n<div class=\"_brnd_pm-g_bh-b-l-g-b-n\"><b>3\u00ba<\/b><\/div>\n<div class=\"_brnd_pm-g_bh-b-l-g-b-i\"><img decoding=\"async\" loading=\"lazy\" src=\"https:\/\/analyse.optim.biz\/wp-content\/uploads\/2026\/01\/aus.png\" title=\"aus\"><\/div>\n<div class=\"_brnd_pm-g_bh-b-l-g-b-b\">Austria <\/div>\n<\/div>\n<div class=\"_brnd_pm-g_bh-b-l-g-b | barra\">\n<div class=\"_brnd_pm-g_bh-b-l-g-b-n\"><b>4\u00ba<\/b><\/div>\n<div class=\"_brnd_pm-g_bh-b-l-g-b-i\"><img decoding=\"async\" loading=\"lazy\" src=\"https:\/\/analyse.optim.biz\/wp-content\/uploads\/2026\/01\/ale.png\" title=\"ale\"><\/div>\n<div class=\"_brnd_pm-g_bh-b-l-g-b-b\">Alemania <\/div>\n<\/div>\n<div class=\"_brnd_pm-g_bh-b-l-g-b | barra\">\n<div class=\"_brnd_pm-g_bh-b-l-g-b-n\"><b>5\u00ba<\/b><\/div>\n<div class=\"_brnd_pm-g_bh-b-l-g-b-i\"><img decoding=\"async\" loading=\"lazy\" src=\"https:\/\/analyse.optim.biz\/wp-content\/uploads\/2026\/01\/chi.png\" title=\"chi\"><\/div>\n<div class=\"_brnd_pm-g_bh-b-l-g-b-b\">Chipre <\/div>\n<\/div>\n<div class=\"_brnd_pm-g_bh-b-l-g-b | barra\">\n<div class=\"_brnd_pm-g_bh-b-l-g-b-n\"><b>6\u00ba<\/b><\/div>\n<div class=\"_brnd_pm-g_bh-b-l-g-b-i\"><img decoding=\"async\" loading=\"lazy\" src=\"https:\/\/analyse.optim.biz\/wp-content\/uploads\/2026\/01\/esp.png\" title=\"esp\"><\/div>\n<div class=\"_brnd_pm-g_bh-b-l-g-b-b\">Espa\u00f1a <\/div>\n<\/div>\n<div class=\"_brnd_pm-g_bh-b-l-g-b | barra\">\n<div class=\"_brnd_pm-g_bh-b-l-g-b-n\"><b>7\u00ba<\/b><\/div>\n<div class=\"_brnd_pm-g_bh-b-l-g-b-i\"><img decoding=\"async\" loading=\"lazy\" src=\"https:\/\/analyse.optim.biz\/wp-content\/uploads\/2026\/01\/sui.png\" title=\"sui\"><\/div>\n<div class=\"_brnd_pm-g_bh-b-l-g-b-b\">Suiza <\/div>\n<\/div>\n<div class=\"_brnd_pm-g_bh-b-l-g-b | barra\">\n<div class=\"_brnd_pm-g_bh-b-l-g-b-n\"><b>8\u00ba<\/b><\/div>\n<div class=\"_brnd_pm-g_bh-b-l-g-b-i\"><img decoding=\"async\" loading=\"lazy\" src=\"https:\/\/analyse.optim.biz\/wp-content\/uploads\/2026\/01\/hun.png\" title=\"hun\"><\/div>\n<div class=\"_brnd_pm-g_bh-b-l-g-b-b\">Hungria  <\/div>\n<\/div>\n<div class=\"_brnd_pm-g_bh-b-l-g-b | barra\">\n<div class=\"_brnd_pm-g_bh-b-l-g-b-n\"><b>9\u00ba<\/b><\/div>\n<div class=\"_brnd_pm-g_bh-b-l-g-b-i\"><img decoding=\"async\" loading=\"lazy\" src=\"https:\/\/analyse.optim.biz\/wp-content\/uploads\/2026\/01\/pai.png\" title=\"pai\"><\/div>\n<div class=\"_brnd_pm-g_bh-b-l-g-b-b\">Pa\u00edses Bajos <\/div>\n<\/div>\n<div class=\"_brnd_pm-g_bh-b-l-g-b | barra\">\n<div class=\"_brnd_pm-g_bh-b-l-g-b-n\"><b>10\u00ba<\/b><\/div>\n<div class=\"_brnd_pm-g_bh-b-l-g-b-i\"><img decoding=\"async\" loading=\"lazy\" src=\"https:\/\/analyse.optim.biz\/wp-content\/uploads\/2026\/01\/est.png\" title=\"est\"><\/div>\n<div class=\"_brnd_pm-g_bh-b-l-g-b-b\">Estonia <\/div>\n<\/div>\n<\/div>\n<\/div>\n<\/div>\n<p class=\"_brnd_pm-g-f\">FUENTE: Greenpeace<\/p>\n<\/div>\n<\/div>\n<\/div>\n<p class><b>Movilidad sostenible garantizada por ley.<\/b> El Congreso aprob\u00f3 en octubre de 2025 la Ley de Movilidad Sostenible, una norma que declara la movilidad como un derecho de los ciudadanos. Esta ley contempla: <\/p>\n<ul>\n<li><span>La obligaci\u00f3n de las empresas de m\u00e1s de 200 empleados a elaborar planes para que sus trabajadores lleguen al trabajo a pie, en bicicleta, en transporte p\u00fablico o en veh\u00edculos cero emisiones o compartidos. <\/span><\/li>\n<li><span>Una nueva clasificaci\u00f3n m\u00e1s restrictiva de las etiquetas ambientales que la Direcci\u00f3n General de Tr\u00e1fico (DGT) adjudica a los veh\u00edculos de acuerdo con su volumen de emisiones contaminantes. <\/span><\/li>\n<li><span>Se\u00f1alizaci\u00f3n en carreteras estatales de los puntos de recarga el\u00e9ctrica m\u00e1s cercanos. <\/span><\/li>\n<\/ul>\n<p class><b>Impulso en la instalaci\u00f3n de puntos de recarga el\u00e9ctrica.<\/b> En 2025 hubo un salto en el n\u00famero de puntos de recarga. El a\u00f1o acab\u00f3 con 53.072 puntos, un 37% m\u00e1s que en 2024, seg\u00fan el <i>Bar\u00f3metro de Electromovilidad<\/i> elaborado por ANFAC. Un aumento impulsado por el plan MOVES III, del Ministerio para la Transici\u00f3n Ecol\u00f3gica, para potenciar la compra de veh\u00edculos el\u00e9ctricos e h\u00edbridos enchufables y puntos de recarga. En particular, desde su lanzamiento en 2021 ha financiado la instalaci\u00f3n de 113.000 de estos puntos. <\/p>\n<div class=\"raw_html\">\n<div>\n<div class=\"_brnd_pm-v\">\n<div class=\"_brnd_pm-v_b\">\n<h3>\u201cTenemos 250 puntos de servicio de recarga el\u00e9ctrica ultrarr\u00e1pida en Espa\u00f1a y unos 150 en proyecto\u201d  <\/h3>\n<p class=\"_brnd_pm-v_b-f\">David Garc\u00eda, responsable de Desarrollo de Negocio de Moeve, sobre el esfuerzo para fomentar la electrificaci\u00f3n del parque de veh\u00edculos.  <\/p>\n<div class=\"_brnd_pm-v_b-v\">\n<div><\/div>\n<\/div>\n<\/div>\n<\/div>\n<\/div>\n<\/div>\n<div class=\"raw_html\">\n<div>\n<div class=\"_brnd_pm-t\">\n<div class=\"_brnd_pm-t_b\">\n<div class=\"_brnd_pm-t_b-t | retos\">\n<p>Los retos y desaf\u00edos<\/p>\n<h2>M\u00e1s zonas de bajas emisiones y fomentar el uso de la bicicleta <\/h2>\n<\/div>\n<\/div>\n<\/div>\n<\/div>\n<\/div>\n<p class><b>Promover la implantaci\u00f3n de zonas de bajas misiones (ZBE).<\/b> Desde 2023, las \u00e1reas urbanas en las que se proh\u00edbe la circulaci\u00f3n a los veh\u00edculos m\u00e1s contaminantes son obligatorias por normativa europea en los municipios de m\u00e1s de 50.000 habitantes, pero a mediados de 2025 solo estaban vigentes en el 32% de las ciudades obligadas, de acuerdo con un estudio realizado por Bipi, la compa\u00f1\u00eda de veh\u00edculos de suscripci\u00f3n del Grupo Renault. <a href=\"https:\/\/www.race.es\/zonas-de-bajas-emisiones\" rel><u>En este enlace<\/u><\/a> de RACE pueden comprobar las que se encuentran activas. <\/p>\n<p class><b>Fomentar el uso de la bicicleta.<\/b> La bicicleta ha retrocedido ligeramente como medio de transporte en las ciudades espa\u00f1olas, tras un pico durante la pandemia, de acuerdo con el <i>Bar\u00f3metro de la Bicicleta en Espa\u00f1a de 2024<\/i>, elaborado por la Red de ciudades y territorios por la bicicleta (Redbici) a La mitad de los usuarios entrevistados, adem\u00e1s, considera que las v\u00edas habilitadas en sus municipios son insuficientes. <\/p>\n<p class>Cinco ciudades espa\u00f1olas, no obstante, figuran en el Top 100 del \u00edndice de referencia mundial en movilidad ciclista <i>Copenhagenize<\/i>, realizado por el laboratorio de innovaci\u00f3n europea EIT Urban Mobility, que analiza la eficiencia y la seguridad de la red y los usuarios que la recorren. <\/p>\n<div class=\"raw_html\">\n<div>\n<div class=\"_brnd_pm-g _brnd_pm-g_v\">\n<div class=\"_brnd_pm-g_v-b\">\n<h3>Ciudades espa\u00f1olas <b>en el \u00edndice \u2018Copenhagenize\u2018<\/b><\/h3>\n<p class=\"_brnd_pm-g_v-b-g\">V\u00edas ciclistas segregadas<\/p>\n<div class=\"_brnd_pm-g_v-b-l | negocios\">\n<div class=\"_brnd_pm-g_v-b-l-v \">\n<p><b>27\u00ba<\/b> Vitoria-Gasteiz<i>180Km<\/i><\/p>\n<\/div>\n<div class=\"_brnd_pm-g_v-b-l-v \">\n<p><b>31\u00ba<\/b> Valencia <i>226 Km<\/i><\/p>\n<\/div>\n<div class=\"_brnd_pm-g_v-b-l-v \">\n<p><b>42\u00ba<\/b> Barcelona <i>268 Km<\/i><\/p>\n<\/div>\n<div class=\"_brnd_pm-g_v-b-l-v \">\n<p><b>52\u00ba<\/b> Sevilla <i>180 Km<\/i><\/p>\n<\/div>\n<div class=\"_brnd_pm-g_v-b-l-v \">\n<p><b>56\u00ba<\/b> Zaragoza <i>162 Km<\/i><\/p>\n<\/div>\n<\/div>\n<p class=\"_brnd_pm-g-f\">FUENTE: EIT Urban Mobility, RedBici, Turismo de Sevilla, Ajuntament de Barcelona, Ajuntament de Val\u00e8ncia, <i>Copenhagenize Index<\/i><\/p>\n<\/div>\n<\/div>\n<\/div>\n<\/div>\n<p class>Los servicios de bicicleta urbana compartida han crecido en las ciudades espa\u00f1olas, pero a\u00fan tiene mucho margen de aumento, de acuerdo con <i>El Observatorio de la Bicicleta<\/i> de 2023. De hecho, menos de la mitad (46,7%) de las 49 ciudades que analiza el observatorio disponen de un sistema de bicicleta p\u00fablica. Y casi todos se concentran en las ciudades de m\u00e1s de 250.000 habitantes. <\/p>\n<p class><b>Creaci\u00f3n de un billete \u00fanico para la red nacional de transporte.<\/b> Alemania y Austria permiten a los usuarios comprar un \u00fanico billete para circular por la red de transporte p\u00fablico del pa\u00eds, tanto en servicios urbanos como de media distancia. Estos pasajes se conocen como billetes clim\u00e1ticos porque contribuyen a disuadir del uso de veh\u00edculos privados, lo que reduce, a la larga, las emisiones contaminantes. El Ministerio de Transportes lanz\u00f3 a mediados de enero el billete \u00fanico espa\u00f1ol en su primera fase, que podr\u00e1 usarse en los servicios que corresponden al Estado (trenes de Cercan\u00edas, Rodalies, Media Distancia, algunos Avant, as\u00ed como l\u00edneas de autobuses de titularidad estatal), y se espera que pr\u00f3ximamente incluya tambi\u00e9n servicios auton\u00f3micos. <\/p>\n<p class><b>Despliegue del veh\u00edculo el\u00e9ctrico y compartido en las zonas rurales.<\/b> En las zonas menos pobladas de Espa\u00f1a la penetraci\u00f3n de los veh\u00edculos ecol\u00f3gicos es m\u00e1s baja que en las urbes. Los el\u00e9ctricos solo representan aproximadamente el 0,33% del parque rural, de acuerdo con el informe del Observatorio de Descarbonizaci\u00f3n Rural, pero su adopci\u00f3n, recalca el documento, presenta ventajas: reducen los costes en combustible y en las viviendas rurales hay m\u00e1s espacio para instalar cargadores. Desde principios de esta d\u00e9cada, se comercializan veh\u00edculos agr\u00edcolas el\u00e9ctricos que, adem\u00e1s, son aut\u00f3nomos. Tambi\u00e9n se est\u00e1n probando los primeros servicios de coche compartido en municipios rurales. <\/p>\n<div class=\"raw_html\">\n<div>\n<div class=\"_brnd_pm-v\">\n<div class=\"_brnd_pm-v_b\">\n<h3>\u201cCreo que la movilidad el\u00e9ctrica ya es para todo el mundo\u201d<\/h3>\n<p class=\"_brnd_pm-v_b-f\">David Garc\u00eda, responsable de Desarrollo de Negocio de Moeve, desmiente los mitos sobre los veh\u00edculos el\u00e9ctricos  <\/p>\n<div class=\"_brnd_pm-v_b-v\">\n<div><\/div>\n<\/div>\n<\/div>\n<\/div>\n<\/div>\n<\/div>\n<div class=\"raw_html\">\n<div><\/div>\n<\/div>\n<\/div>\n<section class=\"w w-ae\" data-dtm-region=\"articulo_archivado-en\">\n<h2 class=\"w_t\">Archivado En<\/h2>\n<div class=\"w_b\">\n<ul class=\"w_ul w_ul--mh _df _ls\">\n<li><a href=\"https:\/\/elpais.com\/noticias\/bicicleta-electrica\/#?rel=arch\" rel=\"noopener noreferrer\">Bicicleta el\u00e9ctrica<\/a><\/li>\n<li><a href=\"https:\/\/elpais.com\/noticias\/bicimad\/#?rel=arch\" rel=\"noopener noreferrer\">BiciMad<\/a><\/li>\n<li><a href=\"https:\/\/elpais.com\/noticias\/bicing-barcelona\/#?rel=arch\" rel=\"noopener noreferrer\">Bicing<\/a><\/li>\n<li><a href=\"https:\/\/elpais.com\/noticias\/movilidad-sostenible\/#?rel=arch\" rel=\"noopener noreferrer\">Movilidad sostenible<\/a><\/li>\n<li><a href=\"https:\/\/elpais.com\/noticias\/movilidad-urbana\/#?rel=arch\" rel=\"noopener noreferrer\">Movilidad urbana<\/a><\/li>\n<li><a href=\"https:\/\/elpais.com\/noticias\/movilidad\/#?rel=arch\" rel=\"noopener noreferrer\">Movilidad<\/a><\/li>\n<li><a href=\"https:\/\/elpais.com\/noticias\/transporte-publico\/#?rel=arch\" rel=\"noopener noreferrer\">Transporte p\u00fablico<\/a><\/li>\n<li><a href=\"https:\/\/elpais.com\/noticias\/moeve\/#?rel=arch\" rel=\"noopener noreferrer\">Moeve<\/a><\/li>\n<li><a href=\"https:\/\/elpais.com\/noticias\/banco-sabadell\/#?rel=arch\" rel=\"noopener noreferrer\">Banco Sabadell<\/a><\/li>\n<li><a href=\"https:\/\/elpais.com\/noticias\/espana-vacia\/#?rel=arch\" rel=\"noopener noreferrer\">Espa\u00f1a vac\u00eda<\/a><\/li>\n<\/ul>\n<\/div>\n<\/section>\n<aside class=\"a_tp _df\">\n<div class=\"a_tp_txt\"><span class=\"a_tp_t\">Se adhiere a los criterios de<\/span><\/p>\n<figure class=\"a_m a_m-h c_m--nf\"><a class=\"a_tp_i _dib\" href=\"https:\/\/elpais.com\/estaticos\/que-es-the-trust-project\/\" target=\"_blank\" rel=\"noopener noreferrer nofollow\"><img decoding=\"async\" alt=\"The Trust Project\" class=\" lazyload a_m-h\" height=\"20\" width=\"117\" src=\"https:\/\/analyse.optim.biz\/wp-content\/uploads\/2026\/01\/the-trust-project-391.svg\" loading=\"lazy\" title=\"the-trust-project-391\"><\/a><\/figure>\n<p><a class=\"a_tp_mi\" href=\"https:\/\/elpais.com\/estaticos\/codigo-etico\/\" target=\"_blank\" rel=\"noopener noreferrer nofollow\">M\u00e1s informaci\u00f3n<\/a><\/div>\n<div class=\"a_tp_si\">Si est\u00e1 interesado en licenciar este contenido, pinche <a class=\"a_tp_si_l\" href=\"https:\/\/profesional.elpais.com\/soluciones-sindicacion\/?utm_medium=interno&amp;utm_source=crosslinking&amp;utm_campaign=sindicacion_ep_pie_articulos\" target=\"_blank\" rel=\"noopener noreferrer nofollow\">aqu\u00ed<\/a><\/div>\n<\/aside>\n<\/article>\n<p> Source URL: https:\/\/elpais.com\/economia\/branded\/el-poder-de-las-empresas\/2026-01-28\/micromovilidad-que-impulsa-macrocambios.html<\/p>\n","protected":false},"excerpt":{"rendered":"<p>Micromovilidad que impulsa macrocambios El despliegue de nuevas formas de movilidad urbana, como el alquiler por minutos de peque\u00f1os coches, motos, bicis y patinetes, todos ellos el\u00e9ctricos, anuncian una forma m\u00e1s sostenible de moverse por las ciudades n &#8220;}},&#8221;video_agency&#8221;:false,&#8221;alt_image&#8221;:&#8221;Pasos hacia la movilidad sostenible | El poder de las empresas&#8221;},&#8221;url&#8221;:&#8221;&#8221;,&#8221;alt&#8221;:&#8221;Pasos hacia la movilidad sostenible | El [&hellip;]<\/p>\n","protected":false},"author":1,"featured_media":1543724,"comment_status":"open","ping_status":"","sticky":false,"template":"","format":"standard","meta":{"footnotes":""},"categories":[88],"tags":[92],"class_list":["post-1543723","post","type-post","status-publish","format-standard","has-post-thumbnail","hentry","category-spain","tag-elpais-com"],"_links":{"self":[{"href":"https:\/\/analyse.optim.biz\/index.php?rest_route=\/wp\/v2\/posts\/1543723","targetHints":{"allow":["GET"]}}],"collection":[{"href":"https:\/\/analyse.optim.biz\/index.php?rest_route=\/wp\/v2\/posts"}],"about":[{"href":"https:\/\/analyse.optim.biz\/index.php?rest_route=\/wp\/v2\/types\/post"}],"author":[{"embeddable":true,"href":"https:\/\/analyse.optim.biz\/index.php?rest_route=\/wp\/v2\/users\/1"}],"replies":[{"embeddable":true,"href":"https:\/\/analyse.optim.biz\/index.php?rest_route=%2Fwp%2Fv2%2Fcomments&post=1543723"}],"version-history":[{"count":0,"href":"https:\/\/analyse.optim.biz\/index.php?rest_route=\/wp\/v2\/posts\/1543723\/revisions"}],"wp:featuredmedia":[{"embeddable":true,"href":"https:\/\/analyse.optim.biz\/index.php?rest_route=\/wp\/v2\/media\/1543724"}],"wp:attachment":[{"href":"https:\/\/analyse.optim.biz\/index.php?rest_route=%2Fwp%2Fv2%2Fmedia&parent=1543723"}],"wp:term":[{"taxonomy":"category","embeddable":true,"href":"https:\/\/analyse.optim.biz\/index.php?rest_route=%2Fwp%2Fv2%2Fcategories&post=1543723"},{"taxonomy":"post_tag","embeddable":true,"href":"https:\/\/analyse.optim.biz\/index.php?rest_route=%2Fwp%2Fv2%2Ftags&post=1543723"}],"curies":[{"name":"wp","href":"https:\/\/api.w.org\/{rel}","templated":true}]}}