{"id":1543707,"date":"2026-01-29T04:40:00","date_gmt":"2026-01-29T01:40:00","guid":{"rendered":"https:\/\/analyse.optim.biz\/?p=1543707"},"modified":"2026-01-29T04:40:00","modified_gmt":"2026-01-29T01:40:00","slug":"tratados-comerciales-ni-con-paises-pobres-ni-contra-el-campo-espanol","status":"publish","type":"post","link":"https:\/\/analyse.optim.biz\/?p=1543707","title":{"rendered":"Tratados comerciales: ni con pa\u00edses pobres ni contra el campo espa\u00f1ol"},"content":{"rendered":"<article id=\"main-content\" class=\"a _g _g-lg _g-o\">\n<header class=\"a_e a_e-o _g _g-xs\">\n<div class=\"a_e_txt _df\">\n<div class=\"a_k _df\"><a class=\"a_k_n\" href=\"https:\/\/cincodias.elpais.com\/autor\/manuel-alejandro-hidalgo-perez\/\">La punta del iceberg<\/a><\/p>\n<div class=\"a_k_tp _df\"><span class=\"a_k_tp_tip\">Tribuna<\/span><\/p>\n<div class=\"infb _df\">\n<div id=\"infb-tp\" class=\"_pa infb_txt\" hidden>Art\u00edculos estrictamente de opini\u00f3n que responden al estilo propio del autor. Estos textos de opini\u00f3n han de basarse en datos verificados y ser respetuosos con las personas aunque se critiquen sus actos. Todas las tribunas de opini\u00f3n de personas ajenas a la Redacci\u00f3n de EL PA\u00cdS llevar\u00e1n, tras la \u00faltima l\u00ednea, un pie de autor \u2014por conocido que \u00e9ste sea\u2014 donde se indique el cargo, t\u00edtulo, militancia pol\u00edtica (en su caso) u ocupaci\u00f3n principal, o la que est\u00e9 o estuvo relacionada con el tema abordado<\/div>\n<\/div>\n<\/div>\n<\/div>\n<h1 class=\"a_t\">Tratados comerciales: ni con pa\u00edses pobres ni contra el campo espa\u00f1ol<\/h1>\n<p class=\"a_st\">De las exportaciones espa\u00f1olas a pa\u00edses con acuerdo comercial de la UE, m\u00e1s de la mitad van a econom\u00edas avanzadas. El mayor destino extracomunitario de las exportaciones espa\u00f1olas no es ning\u00fan pa\u00eds emergente<\/p>\n<\/div>\n<div class=\"a_e_m\">\n<figure class=\"a_m a_m-h \"><span class=\"a_m_w _db\"><img fetchpriority=\"high\" decoding=\"async\" class=\"_re  a_m-h\" height=\"276\" width=\"414\" src=\"https:\/\/analyse.optim.biz\/wp-content\/uploads\/2026\/01\/ri3ewhempjk4nl6gndbcxc4fyy-1.jpg\" loading=\"eager\" title=\"ri3ewhempjk4nl6gndbcxc4fyy-1\"><\/span><figcaption class=\"a_m_p\" aria-hidden=\"true\"><span>Una tractorada contra el acuerdo comercial de Mercosur, promovida por asociaciones de agricultores independientes valencianas.<\/span><span class=\"a_m_m\">Biel Ali\u00f1o (EFE)<\/span><\/figcaption><\/figure>\n<\/div>\n<\/header>\n<div class=\"a_md _g _g-xs ni\">\n<div class=\"a_md_txt\">\n<div class=\"a_md_a\" data-dtm-region=\"articulo_firma\"><a href=\"https:\/\/cincodias.elpais.com\/autor\/manuel-alejandro-hidalgo-perez\/#?rel=author_top\" title=\"Ver todas las noticias de Manuel Alejandro Hidalgo\" class=\"a_md_a_n\">Manuel Alejandro Hidalgo<\/a><\/div>\n<div class=\"a_md_f\"><span>Madrid &#8211; <a href=\"https:\/\/cincodias.elpais.com\/hemeroteca\/2026-01-29\/\" data-date=\"2026-01-29T05:40:00+01:00\"><time data-date=\"2026-01-29T05:40:00+01:00\" datetime=\"2026-01-29T05:40:00+01:00\" id=\"article_date_p\">29 ene 2026 &#8211; 05:40<abbr title=\"Central European Time\">CET<\/abbr><\/time><\/a><\/span><\/div>\n<div class=\"w_rs\" data-dtm-region=\"articulo_botonera-social\">\n<div class=\"w_rs_i\"><a class=\"_btn hidden\" href=\"\/\/send?text=Tratados%20comerciales%3A%20ni%20con%20pa%C3%ADses%20pobres%20ni%20contra%20el%20campo%20espa%C3%B1ol%0D%0A%0D%0Ahttps%3A%2F%2Fcincodias.elpais.com%2Feconomia%2F2026-01-29%2Ftratados-comerciales-ni-con-paises-pobres-ni-contra-el-campo-espanol.html%3Fssm=whatsapp_CC\" data-action=\"share\/whatsapp\/share\" data-param-description=\"Tratados comerciales: ni con pa\u00edses pobres ni contra el campo espa\u00f1ol\" data-param-href=\"https:\/\/cincodias.elpais.com\/economia\/2026-01-29\/tratados-comerciales-ni-con-paises-pobres-ni-contra-el-campo-espanol.html\" data-param-text=\"Tratados comerciales: ni con pa\u00edses pobres ni contra el campo espa\u00f1ol https:\/\/cincodias.elpais.com\/economia\/2026-01-29\/tratados-comerciales-ni-con-paises-pobres-ni-contra-el-campo-espanol.html\" data-param-url=\"https:\/\/cincodias.elpais.com\/economia\/2026-01-29\/tratados-comerciales-ni-con-paises-pobres-ni-contra-el-campo-espanol.html\" target=\"_blank\" rel=\"noopener noreferrer\" data-share-track-dtm=\"whatsapp\" id=\"btn_share_whatsapp_527\"><span class=\"_sr\">Compartir en Whatsapp<\/span><\/a><\/div>\n<div class=\"w_rs_i\"><a class=\"_btn \" href=\"https:\/\/www.facebook.com\/dialog\/share?display=popup&amp;app_id=94039431626&amp;href=https%3A%2F%2Fcincodias.elpais.com%2Feconomia%2F2026-01-29%2Ftratados-comerciales-ni-con-paises-pobres-ni-contra-el-campo-espanol.html%3Fssm=FB_CC&amp;quote=Tratados%20comerciales%3A%20ni%20con%20pa%C3%ADses%20pobres%20ni%20contra%20el%20campo%20espa%C3%B1ol\" data-param-app_id=\"94039431626\" data-param-description=\"Tratados comerciales: ni con pa\u00edses pobres ni contra el campo espa\u00f1ol\" data-param-href=\"https:\/\/cincodias.elpais.com\/economia\/2026-01-29\/tratados-comerciales-ni-con-paises-pobres-ni-contra-el-campo-espanol.html\" data-param-text=\"Tratados comerciales: ni con pa\u00edses pobres ni contra el campo espa\u00f1ol\" data-param-url=\"https:\/\/cincodias.elpais.com\/economia\/2026-01-29\/tratados-comerciales-ni-con-paises-pobres-ni-contra-el-campo-espanol.html\" target=\"_blank\" rel=\"noopener noreferrer\" data-share-track-dtm=\"facebook\" id=\"btn_share_facebook_527\"><span class=\"_sr\">Compartir en Facebook<\/span><\/a><\/div>\n<div class=\"w_rs_i\"><a class=\"_btn \" href=\"https:\/\/twitter.com\/intent\/tweet?url=https%3A%2F%2Fcincodias.elpais.com%2Feconomia%2F2026-01-29%2Ftratados-comerciales-ni-con-paises-pobres-ni-contra-el-campo-espanol.html%3Fssm=TW_CC&amp;text=Tratados%20comerciales%3A%20ni%20con%20pa%C3%ADses%20pobres%20ni%20contra%20el%20campo%20espa%C3%B1ol&amp;via=cincodiascom&amp;lang=es\" data-param-description=\"Tratados comerciales: ni con pa\u00edses pobres ni contra el campo espa\u00f1ol\" data-param-href=\"https:\/\/cincodias.elpais.com\/economia\/2026-01-29\/tratados-comerciales-ni-con-paises-pobres-ni-contra-el-campo-espanol.html\" data-param-text=\"Tratados comerciales: ni con pa\u00edses pobres ni contra el campo espa\u00f1ol via @cincodiascom\" data-param-url=\"https:\/\/cincodias.elpais.com\/economia\/2026-01-29\/tratados-comerciales-ni-con-paises-pobres-ni-contra-el-campo-espanol.html\" target=\"_blank\" rel=\"noopener noreferrer\" data-share-track-dtm=\"twitter\" id=\"btn_share_twitter_527\"><span class=\"_sr\">Compartir en Twitter<\/span><\/a><\/div>\n<div class=\"w_rs_i\"><a class=\"_btn \" href=\"https:\/\/bsky.app\/intent\/compose?text=https%3A%2F%2Fcincodias.elpais.com%2Feconomia%2F2026-01-29%2Ftratados-comerciales-ni-con-paises-pobres-ni-contra-el-campo-espanol.html%3Fssm=bsky_CC\" data-param-description=\"Tratados comerciales: ni con pa\u00edses pobres ni contra el campo espa\u00f1ol\" data-param-href=\"https:\/\/cincodias.elpais.com\/economia\/2026-01-29\/tratados-comerciales-ni-con-paises-pobres-ni-contra-el-campo-espanol.html\" data-param-text=\"Tratados comerciales: ni con pa\u00edses pobres ni contra el campo espa\u00f1ol\" data-param-url=\"https:\/\/cincodias.elpais.com\/economia\/2026-01-29\/tratados-comerciales-ni-con-paises-pobres-ni-contra-el-campo-espanol.html\" target=\"_blank\" rel=\"noopener noreferrer\" data-share-track-dtm=\"bluesky\" id=\"btn_share_bluesky_527\"><span class=\"_sr\">Compartir en Bluesky<\/span><\/a><\/div>\n<div class=\"w_rs_i\"><a class=\"_btn \" href=\"https:\/\/www.linkedin.com\/sharing\/share-offsite\/?url=https%3A%2F%2Fcincodias.elpais.com%2Feconomia%2F2026-01-29%2Ftratados-comerciales-ni-con-paises-pobres-ni-contra-el-campo-espanol.html%3Fssm=LK_CC\" data-param-description=\"Tratados comerciales: ni con pa\u00edses pobres ni contra el campo espa\u00f1ol\" data-param-href=\"https:\/\/cincodias.elpais.com\/economia\/2026-01-29\/tratados-comerciales-ni-con-paises-pobres-ni-contra-el-campo-espanol.html\" data-param-text=\"Tratados comerciales: ni con pa\u00edses pobres ni contra el campo espa\u00f1ol\" data-param-url=\"https:\/\/cincodias.elpais.com\/economia\/2026-01-29\/tratados-comerciales-ni-con-paises-pobres-ni-contra-el-campo-espanol.html\" target=\"_blank\" rel=\"noopener noreferrer\" data-share-track-dtm=\"linkedin\" id=\"btn_share_linkedin_527\"><span class=\"_sr\">Compartir en Linkedin<\/span><\/a><\/div>\n<div class=\"w_rs_i\"><a class=\"_btn rs_l\" href=\"https:\/\/cincodias.elpais.com\/economia\/2026-01-29\/tratados-comerciales-ni-con-paises-pobres-ni-contra-el-campo-espanol.html#?prm=copy_link\" data-share-track-dtm=\"copiar_url\" id=\"btn_share_link_64\"><span class=\"_sr\">Copiar enlace<\/span><\/a><\/div>\n<div class=\"w_rs_i\"><a class=\"_btn rs_c\" href=\"https:\/\/cincodias.elpais.com\/economia\/2026-01-29\/tratados-comerciales-ni-con-paises-pobres-ni-contra-el-campo-espanol.html#comments_container\" aria-expanded=\"false\" aria-controls=\"me-c\" data-share-track-dtm=\"eskup\" id=\"btn_share_comments_64\"><span class=\"_sr\">Ir a los comentarios<\/span><\/a><\/div>\n<\/div>\n<\/div>\n<\/div>\n<div class=\"a_c clearfix\" data-dtm-region=\"articulo_cuerpo\">\n<p class>Ning\u00fan enga\u00f1o. Cada vez que la Uni\u00f3n Europea firma un acuerdo comercial, en buena parte de los pa\u00edses que la componen se repite el mismo guion. Primero, surgen las habituales protestas de los sectores que se sienten amenazados. Despu\u00e9s, los titulares apocal\u00edpticos sobre la<a href=\"https:\/\/cincodias.elpais.com\/economia\/2024-05-29\/las-empresas-europeas-son-mas-optimistas-sobre-sus-perspectivas-fuera-que-dentro-de-europa.html\" target=\"_self\" rel title=\"https:\/\/cincodias.elpais.com\/economia\/2024-05-29\/las-empresas-europeas-son-mas-optimistas-sobre-sus-perspectivas-fuera-que-dentro-de-europa.html\"> \u201cinvasi\u00f3n\u201d de productos extranjeros no se hacen esperar<\/a>. Segmentos pol\u00edticos de la derecha se alinean con aquellos que conforman de modo mayoritario parte de su electorado: productores agrarios. La izquierda m\u00e1s radical lo hace con aquellos que creen que van a sufrir la competencia internacional: los<a href=\"https:\/\/cincodias.elpais.com\/aniversario\/47-a\/2025-12-23\/se-buscan-jovenes-para-trabajar-en-la-industria.html\" target=\"_self\" rel title=\"https:\/\/cincodias.elpais.com\/aniversario\/47-a\/2025-12-23\/se-buscan-jovenes-para-trabajar-en-la-industria.html\"> trabajadores industriales<\/a>. Este es el guion que no sorprende, a pesar de la inmensa evidencia de que, en general, y al menos en los argumentos tradicionalmente expuestos, dice lo contrario a lo que se suele afirmar.<\/p>\n<p class>Pero esta semana hemos tenido que o\u00edr un argumento novedoso que se une a los anteriores. Este argumento nos dice que los<a href=\"https:\/\/elpais.com\/economia\/2026-01-22\/la-comision-y-las-capitales-deberan-decidir-si-aplican-ya-el-pacto-con-mercosur-pese-al-varapalo-de-la-eurocamara.html\" target=\"_self\" rel title=\"https:\/\/elpais.com\/economia\/2026-01-22\/la-comision-y-las-capitales-deberan-decidir-si-aplican-ya-el-pacto-con-mercosur-pese-al-varapalo-de-la-eurocamara.html\"> tratados firmados por la UE<\/a> son habitualmente con pa\u00edses en v\u00edas de desarrollo, potencialmente competidores en sectores agrarios y ganaderos y que, si queremos salvar el campo espa\u00f1ol, no deber\u00edamos permitir tales acuerdos y solo buscar aquellos que, seg\u00fan se ha afirmado, nunca se firman. Acuerdos con pa\u00edses industriales y desarrollados. <\/p>\n<p class>Pero, como es habitual en mensajes que vienen cargados de una fuerte demagogia, estos tienen un problema: los datos lo desmienten.<\/p>\n<p class>Empecemos por lo m\u00e1s b\u00e1sico. \u00bfCon qui\u00e9n comer\u00eda Espa\u00f1a fuera de la Uni\u00f3n Europea? Los datos de comercio exterior de 2024 son reveladores. De todas las exportaciones espa\u00f1olas que salen del mercado comunitario, el 64% van a pa\u00edses con los que la UE tiene alg\u00fan tipo de acuerdo comercial. Es decir, casi dos tercios de lo que vendemos fuera de Europa se beneficiar\u00eda de las condiciones preferenciales que estos tratados establecen.<\/p>\n<figure class=\"a_m a_m-h c_m--nf\"><span class=\"_db a_m_w _pr lb_btn\"><img decoding=\"async\" alt=\"Exportaciones espa\u00f1olas extra-UE por tipo de destino en 2024 Gr\u00e1fico. EL 64% de las exportaciones extra-UE van a pa\u00edses con acuerdo comercial de la UE\" class=\"_re lazyload a_m-h\" height=\"409\" width=\"414\" src=\"https:\/\/analyse.optim.biz\/wp-content\/uploads\/2026\/01\/ak3wu7ztizdcdl5tqvdogfrpei.jpg\" loading=\"lazy\" title=\"ak3wu7ztizdcdl5tqvdogfrpei\"><\/span><figcaption class=\"a_m_p\" aria-hidden=\"true\"><span class=\"a_m_m\">Bel\u00e9n Trincado Aznar<\/span><\/figcaption><\/figure>\n<p class>Pero aqu\u00ed viene lo interesante. \u00bfQui\u00e9nes son esos socios comerciales? La narrativa dominante sugiere que son econom\u00edas en desarrollo, pa\u00edses del sur global que compiten con salarios bajos y est\u00e1ndares laxos. Pero una vez m\u00e1s, la realidad es bien distinta.<\/p>\n<p class>De las exportaciones espa\u00f1olas a pa\u00edses con <a href=\"https:\/\/cincodias.elpais.com\/noticias\/comercio-exterior\/\" target=\"_self\" rel title=\"https:\/\/cincodias.elpais.com\/noticias\/comercio-exterior\/\">acuerdo comercial de la UE<\/a>, m\u00e1s de la mitad van a econom\u00edas avanzadas. El mayor destino extracomunitario de las exportaciones espa\u00f1olas no es Marruecos, ni Turqu\u00eda, ni ning\u00fan pa\u00eds emergente. Es el Reino Unido, con 23.852 millones de euros en 2024. Y entre los principales destinos est\u00e1n Suiza (5.726 millones), Jap\u00f3n (2.850 millones), Canad\u00e1 (2.205 millones), Australia (2.131 millones), Corea del Sur (1.808 millones) y Noruega (1.764 millones). Datos de 2025 hasta noviembre.<\/p>\n<p class>Conviene detenerse en estos n\u00fameros. Solo en el Reino Unido, Espa\u00f1a export\u00f3 m\u00e1s que a todos los <a href=\"https:\/\/cincodias.elpais.com\/noticias\/paises-emergentes\/\" target=\"_self\" rel title=\"https:\/\/cincodias.elpais.com\/noticias\/paises-emergentes\/\">pa\u00edses emergentes con tratado juntos<\/a>. Y sin el acuerdo comercial post-Brexit, esas exportaciones estar\u00edan sujetas a aranceles y barreras que las har\u00edan mucho menos competitivas.<\/p>\n<p class>En grandes cifras, los tratados con econom\u00edas avanzadas representan 46.670 millones de euros en exportaciones espa\u00f1olas. Los tratados con econom\u00edas emergentes, 43.597 millones. Es decir, cuando alguien dice que los acuerdos de la UE son &#8220;<a href=\"https:\/\/cincodias.elpais.com\/opinion\/2025-07-14\/un-07-vintage-para-un-mundo-inexistente.html\" target=\"_self\" rel title=\"https:\/\/cincodias.elpais.com\/opinion\/2025-07-14\/un-07-vintage-para-un-mundo-inexistente.html\">tratados con pa\u00edses pobres<\/a>\u201c, est\u00e1 ignorando que la mayor parte del comercio preferencial espa\u00f1ol es con algunas de las econom\u00edas m\u00e1s desarrolladas del planeta. Y a esto no sumamos las exportaciones a la UE, sobre las que no hay m\u00e1s tratado que la propia uni\u00f3n, pero en el que hay pa\u00edses mayoritariamente desarrollados (todos lo son en realidad) e industrializados.<\/p>\n<p class>Por supuesto que esto no significa que los acuerdos con pa\u00edses emergentes sean irrelevantes. Turqu\u00eda es uno de los de mayor <a href=\"https:\/\/cincodias.elpais.com\/noticias\/turismo-extranjero\/\" target=\"_self\" rel title=\"https:\/\/cincodias.elpais.com\/noticias\/turismo-extranjero\/\">destino extracomunitario<\/a> de Espa\u00f1a, con m\u00e1s de 9.000 millones en exportaciones. Marruecos supera los 12.800 millones. M\u00e9xico ronda los 6.000 millones. Son mercados importantes, y es leg\u00edtimo preguntarse si la relaci\u00f3n comercial es equilibrada. Pero incluso aqu\u00ed, el an\u00e1lisis detallado ofrece una imagen m\u00e1s matizada que la caricatura habitual.<\/p>\n<p class>Tomemos el caso de Marruecos, probablemente el m\u00e1s controvertido por su proximidad geogr\u00e1fica y por la competencia directa en algunos productos agr\u00edcolas. Es cierto que, en este caso, Espa\u00f1a tiene un d\u00e9ficit agroalimentario de unos 1.020 millones de euros. Es un dato que los cr\u00edticos de los tratados comerciales esgrimen con frecuencia. Pero \u00bfde qu\u00e9 est\u00e1 hecho ese d\u00e9ficit?<\/p>\n<p class>En primer lugar, el grueso de las importaciones agroalimentarias desde Marruecos es pescado y marisco: 847 millones de euros. Muchos de estos productos de la pesca marroqu\u00ed abastecen a la industria conservera y a los mercados espa\u00f1oles. No es competencia con la producci\u00f3n espa\u00f1ola; es un suministro que complementa lo que pescamos nosotros. En segundo lugar, buena parte de estas importaciones son de empresas espa\u00f1olas localizadas en el pa\u00eds y que complementan su actividad nacional. Pensemos en la fresa y en el tomate andaluz.<\/p>\n<p class>Y a la sombra del tratado, \u00bfqu\u00e9 vende Espa\u00f1a a Marruecos? En ese sector, ganado vivo para engorde, aceite de oliva, preparados de cereales, chocolate, bebidas, plantas y flores. Productos de mayor valor a\u00f1adido donde la industria agroalimentaria espa\u00f1ola tiene ventaja competitiva. Al margen de exportaciones industriales, bienes de equipo y servicios a empresas. Esto no es competencia desleal. Es comercio complementario.<\/p>\n<p class>Pero el argumento definitivo contra la narrativa catastrofista est\u00e1 en las cifras globales del <a href=\"https:\/\/cincodias.elpais.com\/opinion\/2026-01-16\/hacia-un-cambio-estructural-en-el-campo-espanol.html\" target=\"_self\" rel title=\"https:\/\/cincodias.elpais.com\/opinion\/2026-01-16\/hacia-un-cambio-estructural-en-el-campo-espanol.html\">sector agroalimentario espa\u00f1ol<\/a>. Si los tratados comerciales estuvieran destruyendo al campo, deber\u00edamos ver un sector en declive, con exportaciones cayendo y d\u00e9ficits comerciales crecientes. Sin embargo, lo que vemos es exactamente lo contrario.<\/p>\n<p class>En 2024, el sector de alimentaci\u00f3n, bebidas y tabaco registr\u00f3 un super\u00e1vit comercial de 18.044 millones de euros. Esta cifra es el mayor super\u00e1vit sectorial de toda la econom\u00eda espa\u00f1ola. Ning\u00fan otro sector productivo espa\u00f1ol tiene tal saldo, cuando adem\u00e1s es un sector relativamente peque\u00f1o. Creo que merece la pena repetirlo: el sector que supuestamente est\u00e1 siendo arrasado por los tratados comerciales acaba de firmar su mejor a\u00f1o de la historia. La balanza comercial del sector no solo es positiva, sino que nunca hab\u00eda sido tan positiva.<\/p>\n<p class>\u00bfC\u00f3mo se explica esta aparente contradicci\u00f3n entre el relato dominante y la realidad de los datos? En parte, por un sesgo de atenci\u00f3n: los sectores que sufren competencia de las importaciones son muy visibles y est\u00e1n muy organizados pol\u00edticamente. Los sectores que se benefician de las exportaciones \u2014y son muchos\u2014 tienen menos incentivos para movilizarse. Pero tambi\u00e9n hay un problema de marco conceptual. El comercio internacional no es un juego de suma cero. Que Espa\u00f1a importe tomates de Marruecos no impide que exporte aceite de oliva al mundo entero. Que lleguen ar\u00e1ndanos de Per\u00fa no significa que no podamos vender vino a Jap\u00f3n o jam\u00f3n a Corea del Sur.<\/p>\n<p class>Desde luego que los<a href=\"https:\/\/cincodias.elpais.com\/opinion\/2026-01-10\/la-alimentacion-espanola-ante-el-desbloqueo-de-mercosur.html\" target=\"_self\" rel title=\"https:\/\/cincodias.elpais.com\/opinion\/2026-01-10\/la-alimentacion-espanola-ante-el-desbloqueo-de-mercosur.html\"> tratados comerciales de la Uni\u00f3n Europea no son perfectos<\/a>. Hay sectores espec\u00edficos que enfrentan competencia dif\u00edcil y que merecen pol\u00edticas de acompa\u00f1amiento y transici\u00f3n. Las preocupaciones sobre est\u00e1ndares laborales o medioambientales en algunos pa\u00edses socios son leg\u00edtimas y deben abordarse en las negociaciones. Como se suele hacer. Pero el relato de que estos acuerdos son pactos con pa\u00edses pobres que practican <i>dumping<\/i> y que est\u00e1n hundiendo al sector agroalimentario espa\u00f1ol simplemente no se sostiene cuando se miran los datos, por lo que podemos decir que los tratados comerciales no son el enemigo del campo espa\u00f1ol. Son una de las herramientas que le han permitido conquistar mercados en todo el mundo.<\/p>\n<\/div>\n<aside class=\"w w-fid\">\n<div class=\"w_b\">\n<div class=\"w-fid_t\"><a href=\"https:\/\/plus.elpais.com\/newsletters\/lnp\/1\/475\/#?prm=not_newsletters_empresa\">El an\u00e1lisis de la actualidad econ\u00f3mica y las noticias financieras m\u00e1s relevantes<\/a><\/div>\n<div class=\"w-fid_s\">\n<div class=\"w_rs\">\n<div class=\"w_rs_i\"><a class=\"_btn\" href=\"https:\/\/www.facebook.com\/Cincodias\/\" rel=\"nofollow\"><span class=\"_sr\">Economia Cinco D\u00edas en Facebook<\/span><\/a><\/div>\n<div class=\"w_rs_i\"><a class=\"_btn\" href=\"https:\/\/twitter.com\/CincoDiascom\" rel=\"nofollow\"><span class=\"_sr\">Economia Cinco D\u00edas en Twitter<\/span><\/a><\/div>\n<\/div>\n<\/div>\n<\/div>\n<\/aside>\n<aside class=\"a_com w w-com _df\"><a class=\"a_com_l\" href=\"https:\/\/elpais.com\/info\/normas-de-participacion\/\">Normas \u203a<\/a><\/aside>\n<div class=\"me _pf\" id=\"me-c\">\n<div class=\"me_bg\">\n<div class=\"me-c _pa\" id=\"comments_container\" data-dtm-region=\"articulo_comentarios\">\n<div class=\"me_f me_f-os me_cc\"><a href=\"https:\/\/plus.elpais.com\/perfil\/actividad\/\">Mis comentarios<\/a><a href=\"https:\/\/elpais.com\/info\/normas-de-participacion\/\">Normas<\/a><\/div>\n<div class=\"me_f me_f-ns\"><span class=\"me_f_txt _db\">Rellena tu <b>nombre y apellido<\/b> para comentar<\/span><a href=\"https:\/\/plus.elpais.com\/autorization.html\/?prod=COM&amp;backURL=https%3A%2F%2Fcincodias.elpais.com%2Feconomia%2F2026-01-29%2Ftratados-comerciales-ni-con-paises-pobres-ni-contra-el-campo-espanol.html\" class=\"btn btn-2\">completar datos<\/a><\/div>\n<div class=\"me_f\" id=\"comments_msg\"><a class=\"btn btn-2\" href=\"https:\/\/elpais.com\/suscripciones\/premium\/primer-mes-anual\/#\/campaign?prod=SUSDIGCRART&amp;o=COM5D&amp;prm=suscrip_articulo_comentarios_5d&amp;backURL=https%3A%2F%2Fcincodias.elpais.com%2Feconomia%2F2026-01-29%2Ftratados-comerciales-ni-con-paises-pobres-ni-contra-el-campo-espanol.html\" id=\"comments_subscribe_link\" data-link-am=\"https:\/\/elpais.com\/suscripcion\/latam\/primermes\/premium\/mensual\/anual\/#\/campaign?prod=SUSDIGCRART&amp;o=COM5D&amp;prm=suscrip_articulo_comentarios_5d&amp;backURL=https%3A%2F%2Fcincodias.elpais.com%2Feconomia%2F2026-01-29%2Ftratados-comerciales-ni-con-paises-pobres-ni-contra-el-campo-espanol.html\" data-link-mx=\"https:\/\/elpais.com\/suscripcion\/latam\/primermes\/premium\/mensual\/anual\/#\/campaign?prod=SUSDIGCRART&amp;o=COM5D&amp;prm=suscrip_articulo_comentarios_5d&amp;backURL=https%3A%2F%2Fcincodias.elpais.com%2Feconomia%2F2026-01-29%2Ftratados-comerciales-ni-con-paises-pobres-ni-contra-el-campo-espanol.html\" data-link-co=\"https:\/\/elpais.com\/suscripcion\/latam\/primermes\/premium\/mensual\/anual\/#\/campaign?prod=SUSDIGCRART&amp;o=COM5D&amp;prm=suscrip_articulo_comentarios_5d&amp;backURL=https%3A%2F%2Fcincodias.elpais.com%2Feconomia%2F2026-01-29%2Ftratados-comerciales-ni-con-paises-pobres-ni-contra-el-campo-espanol.html\" data-link-ar=\"https:\/\/elpais.com\/suscripcion\/latam\/primermes\/premium\/mensual\/anual\/#\/campaign?prod=SUSDIGCRART&amp;o=COM5D&amp;prm=suscrip_articulo_comentarios_5d&amp;backURL=https%3A%2F%2Fcincodias.elpais.com%2Feconomia%2F2026-01-29%2Ftratados-comerciales-ni-con-paises-pobres-ni-contra-el-campo-espanol.html\" data-link-cl=\"https:\/\/elpais.com\/suscripcion\/latam\/primermes\/premium\/mensual\/anual\/#\/campaign?prod=SUSDIGCRART&amp;o=COM5D&amp;prm=suscrip_articulo_comentarios_5d&amp;backURL=https%3A%2F%2Fcincodias.elpais.com%2Feconomia%2F2026-01-29%2Ftratados-comerciales-ni-con-paises-pobres-ni-contra-el-campo-espanol.html\" data-link-us=\"https:\/\/elpais.com\/suscripcion\/latam\/primermes\/premium\/mensual\/anual\/#\/campaign?prod=SUSDIGCRART&amp;o=COM5D&amp;prm=suscrip_articulo_comentarios_5d&amp;backURL=https%3A%2F%2Fcincodias.elpais.com%2Feconomia%2F2026-01-29%2Ftratados-comerciales-ni-con-paises-pobres-ni-contra-el-campo-espanol.html\">Suscr\u00edbete en El Pa\u00eds para participar<\/a><a class=\"btn btn-3\" href=\"https:\/\/elpais.com\/subscriptions\/#\/sign-in?prod=SUSDIG&amp;o=COM5D&amp;prm=login_articulo_comentarios_5d&amp;backURL=https%3A%2F%2Fcincodias.elpais.com%2Feconomia%2F2026-01-29%2Ftratados-comerciales-ni-con-paises-pobres-ni-contra-el-campo-espanol.html\" id=\"comments_login_link\" data-link-am=\"https:\/\/elpais.com\/subscriptions\/#\/sign-in?prod=SUSDIG&amp;o=COM5D&amp;prm=login_articulo_comentarios_5d&amp;backURL=https%3A%2F%2Fcincodias.elpais.com%2Feconomia%2F2026-01-29%2Ftratados-comerciales-ni-con-paises-pobres-ni-contra-el-campo-espanol.html\" data-link-mx=\"https:\/\/elpais.com\/subscriptions\/#\/sign-in?prod=SUSDIG&amp;o=COM5D&amp;prm=login_articulo_comentarios_5d&amp;backURL=https%3A%2F%2Fcincodias.elpais.com%2Feconomia%2F2026-01-29%2Ftratados-comerciales-ni-con-paises-pobres-ni-contra-el-campo-espanol.html\" data-link-co=\"https:\/\/elpais.com\/subscriptions\/#\/sign-in?prod=SUSDIG&amp;o=COM5D&amp;prm=login_articulo_comentarios_5d&amp;backURL=https%3A%2F%2Fcincodias.elpais.com%2Feconomia%2F2026-01-29%2Ftratados-comerciales-ni-con-paises-pobres-ni-contra-el-campo-espanol.html\" data-link-ar=\"https:\/\/elpais.com\/subscriptions\/#\/sign-in?prod=SUSDIG&amp;o=COM5D&amp;prm=login_articulo_comentarios_5d&amp;backURL=https%3A%2F%2Fcincodias.elpais.com%2Feconomia%2F2026-01-29%2Ftratados-comerciales-ni-con-paises-pobres-ni-contra-el-campo-espanol.html\" data-link-cl=\"https:\/\/elpais.com\/subscriptions\/#\/sign-in?prod=SUSDIG&amp;o=COM5D&amp;prm=login_articulo_comentarios_5d&amp;backURL=https%3A%2F%2Fcincodias.elpais.com%2Feconomia%2F2026-01-29%2Ftratados-comerciales-ni-con-paises-pobres-ni-contra-el-campo-espanol.html\" data-link-us=\"https:\/\/elpais.com\/subscriptions\/#\/sign-in?prod=SUSDIG&amp;o=COM5D&amp;prm=login_articulo_comentarios_5d&amp;backURL=https%3A%2F%2Fcincodias.elpais.com%2Feconomia%2F2026-01-29%2Ftratados-comerciales-ni-con-paises-pobres-ni-contra-el-campo-espanol.html\">Ya tengo una suscripci\u00f3n<\/a><\/div>\n<p>Please enable JavaScript to view the &lt;a href=&#8221;https:\/\/disqus.com\/?ref_noscript&#8221; rel=&#8221;nofollow&#8221;&gt; comments powered by Disqus.&lt;\/a&gt;<\/p><\/div>\n<\/div>\n<\/div>\n<section class=\"w w-ae\" data-dtm-region=\"articulo_archivado-en\">\n<h2 class=\"w_t\">Archivado En<\/h2>\n<div class=\"w_b\">\n<ul class=\"w_ul w_ul--mh _df _ls\">\n<li><a href=\"https:\/\/cincodias.elpais.com\/noticias\/economia\/#?rel=arch\" rel=\"noopener noreferrer\">Econom\u00eda<\/a><\/li>\n<li><a href=\"https:\/\/cincodias.elpais.com\/noticias\/tratados-internacionales\/#?rel=arch\" rel=\"noopener noreferrer\">Tratados internacionales<\/a><\/li>\n<li><a href=\"https:\/\/cincodias.elpais.com\/noticias\/tratados-union-europea\/#?rel=arch\" rel=\"noopener noreferrer\">Tratados UE<\/a><\/li>\n<li><a href=\"https:\/\/cincodias.elpais.com\/noticias\/agricultura\/#?rel=arch\" rel=\"noopener noreferrer\">Agricultura<\/a><\/li>\n<li><a href=\"https:\/\/cincodias.elpais.com\/noticias\/comercio-exterior\/#?rel=arch\" rel=\"noopener noreferrer\">Comercio exterior<\/a><\/li>\n<li><a href=\"https:\/\/cincodias.elpais.com\/noticias\/espana\/#?rel=arch\" rel=\"noopener noreferrer\">Espa\u00f1a<\/a><\/li>\n<\/ul>\n<\/div>\n<\/section>\n<aside class=\"a_tp _df\">\n<div class=\"a_tp_txt\"><span class=\"a_tp_t\">Se adhiere a los criterios de<\/span><\/p>\n<figure class=\"a_m a_m-h c_m--nf\"><a class=\"a_tp_i _dib\" href=\"https:\/\/elpais.com\/estaticos\/que-es-the-trust-project\/\" target=\"_blank\" rel=\"noopener noreferrer nofollow\"><img decoding=\"async\" alt=\"The Trust Project\" class=\" lazyload a_m-h\" height=\"20\" width=\"117\" src=\"https:\/\/analyse.optim.biz\/wp-content\/uploads\/2026\/01\/the-trust-project-390.svg\" loading=\"lazy\" title=\"the-trust-project-390\"><\/a><\/figure>\n<p><a class=\"a_tp_mi\" href=\"https:\/\/elpais.com\/estaticos\/codigo-etico\/\" target=\"_blank\" rel=\"noopener noreferrer nofollow\">M\u00e1s informaci\u00f3n<\/a><\/div>\n<div class=\"a_tp_si\">Si est\u00e1 interesado en licenciar este contenido, pinche <a class=\"a_tp_si_l\" href=\"https:\/\/profesional.elpais.com\/soluciones-sindicacion\/?utm_medium=interno&amp;utm_source=crosslinking&amp;utm_campaign=sindicacion_ep_pie_articulos\" target=\"_blank\" rel=\"noopener noreferrer nofollow\">aqu\u00ed<\/a><\/div>\n<\/aside>\n<div class=\"a_o _pr\" data-dtm-region=\"articulo_right-rail\">\n<div id=\"elpais_gpt-MPU1\" data-adtype=\"MPU\" class=\"ad ad-mpu\"><span class=\"_dn\">_<\/span><\/div>\n<section class=\"w w-sc b_col\" data-dtm-region=\"articulo_ultimas-noticias\">\n<header class=\"w_h b_col_h\">\n<h3 class=\"w_t\"><a href=\"https:\/\/cincodias.elpais.com\/ultimas-noticias\/\" rel=\"story-card-ultimas-noticias\">\u00daltimas noticias<\/a><\/h3>\n<\/header>\n<div class=\"w_b\">\n<article class=\"c  c--m-n   \" data-word=\"0\">\n<header class=\"c_h\"><time datetime=\"2026-01-29T17:11:57+01:00\" class=\"c_da\">17:11<\/time><\/p>\n<h2 class=\"c_t \"><a href=\"https:\/\/cincodias.elpais.com\/mercados-financieros\/2026-01-29\/la-bolsa-y-el-ibex-35.html\">El petr\u00f3leo se acerca a los 70 d\u00f3lares ante las amenazas a Ir\u00e1n y el oro cae con fuerza<\/a><\/h2>\n<\/header>\n<\/article>\n<article class=\"c  c--m-n   \" data-word=\"0\">\n<header class=\"c_h\"><time datetime=\"2026-01-29T17:03:52+01:00\" class=\"c_da\">17:03<\/time><\/p>\n<h2 class=\"c_t \"><a href=\"https:\/\/elpais.com\/economia\/2026-01-29\/trump-vuelve-a-arremeter-contra-powell-por-no-bajar-los-tipos-de-interes.html\">Trump vuelve a insultar a Powell horas despu\u00e9s de que este advirtiera de que la credibilidad de la Fed est\u00e1 en juego<\/a><\/h2>\n<\/header>\n<\/article>\n<article class=\"c  c--m-n   \" data-word=\"0\">\n<header class=\"c_h\"><time datetime=\"2026-01-29T16:44:51+01:00\" class=\"c_da\">16:44<\/time><\/p>\n<h2 class=\"c_t \"><a href=\"https:\/\/cincodias.elpais.com\/mercados-financieros\/2026-01-29\/jose-manuel-campa-vuelve-al-iese-como-profesor-ordinario-de-finanzas-y-economia-tras-presidir-la-eba.html\">Jos\u00e9 Manuel Campa vuelve al IESE como profesor ordinario de Finanzas y Econom\u00eda tras presidir la EBA<\/a><\/h2>\n<\/header>\n<\/article>\n<article class=\"c  c--m-n   \" data-word=\"0\">\n<header class=\"c_h\"><time datetime=\"2026-01-29T16:29:18+01:00\" class=\"c_da\">16:29<\/time><\/p>\n<h2 class=\"c_t \"><a href=\"https:\/\/elpais.com\/economia\/2026-01-29\/el-banco-europeo-de-inversiones-destino-un-50-mas-de-credito-a-vivienda-asequible-en-2025.html\">El Banco Europeo de Inversiones destin\u00f3 un 50% m\u00e1s de cr\u00e9dito a vivienda asequible en 2025<\/a><\/h2>\n<\/header>\n<\/article>\n<\/div>\n<\/section>\n<aside class=\"w w-lmv\" data-dtm-region=\"articulo_lom\">\n<h2 class=\"w_t\"><a href=\"https:\/\/cincodias.elpais.com\/lo-mas-visto\/\">Lo m\u00e1s visto<\/a><\/h2>\n<div class=\"w_b\">\n<ol class=\"_ls\">\n<li><a href=\"https:\/\/cincodias.elpais.com\/economia\/2026-01-27\/trump-bendice-la-caida-del-dolar-va-muy-bien-miren-los-negocios-que-estamos-haciendo.html#?rel=lom\">Trump asegura que no le preocupa la ca\u00edda del d\u00f3lar: \u201cVa muy bien, miren los negocios que estamos haciendo\u201d<\/a><\/li>\n<\/ol>\n<\/div>\n<\/aside>\n<section class=\"w w-b5d\">\n<h2 class=\"w_t\"><a href=\"https:\/\/cincodias.elpais.com\/mercados\/\">Buscar bolsas y mercados<\/a><\/h2>\n<div class=\"w_b\">\n<div class=\"lk\"><a href=\"https:\/\/cincodias.elpais.com\/mercados\/bolsa\/ibex-35\/\" title=\"Ibex 35\">Ibex 35<\/a><a href=\"https:\/\/cincodias.elpais.com\/mercados\/bolsa\/eurostoxx-50\/\" title=\"Eurostoxx\">Eurostoxx<\/a><a href=\"https:\/\/cincodias.elpais.com\/mercados\/bolsa\/sp-500\/\" title=\"S&amp;P 500\">S&amp;P 500<\/a><\/div>\n<\/div>\n<\/section>\n<\/div>\n<\/article>\n<article class=\"c  c--m-n   \" data-word=\"0\">\n<header class=\"c_h\"><time datetime=\"2026-01-29T17:11:57+01:00\" class=\"c_da\">17:11<\/time><\/p>\n<h2 class=\"c_t \"><a href=\"https:\/\/cincodias.elpais.com\/mercados-financieros\/2026-01-29\/la-bolsa-y-el-ibex-35.html\">El petr\u00f3leo se acerca a los 70 d\u00f3lares ante las amenazas a Ir\u00e1n y el oro cae con fuerza<\/a><\/h2>\n<\/header>\n<\/article>\n<article class=\"c  c--m-n   \" data-word=\"0\">\n<header class=\"c_h\"><time datetime=\"2026-01-29T17:03:52+01:00\" class=\"c_da\">17:03<\/time><\/p>\n<h2 class=\"c_t \"><a href=\"https:\/\/elpais.com\/economia\/2026-01-29\/trump-vuelve-a-arremeter-contra-powell-por-no-bajar-los-tipos-de-interes.html\">Trump vuelve a insultar a Powell horas despu\u00e9s de que este advirtiera de que la credibilidad de la Fed est\u00e1 en juego<\/a><\/h2>\n<\/header>\n<\/article>\n<article class=\"c  c--m-n   \" data-word=\"0\">\n<header class=\"c_h\"><time datetime=\"2026-01-29T16:44:51+01:00\" class=\"c_da\">16:44<\/time><\/p>\n<h2 class=\"c_t \"><a href=\"https:\/\/cincodias.elpais.com\/mercados-financieros\/2026-01-29\/jose-manuel-campa-vuelve-al-iese-como-profesor-ordinario-de-finanzas-y-economia-tras-presidir-la-eba.html\">Jos\u00e9 Manuel Campa vuelve al IESE como profesor ordinario de Finanzas y Econom\u00eda tras presidir la EBA<\/a><\/h2>\n<\/header>\n<\/article>\n<article class=\"c  c--m-n   \" data-word=\"0\">\n<header class=\"c_h\"><time datetime=\"2026-01-29T16:29:18+01:00\" class=\"c_da\">16:29<\/time><\/p>\n<h2 class=\"c_t \"><a href=\"https:\/\/elpais.com\/economia\/2026-01-29\/el-banco-europeo-de-inversiones-destino-un-50-mas-de-credito-a-vivienda-asequible-en-2025.html\">El Banco Europeo de Inversiones destin\u00f3 un 50% m\u00e1s de cr\u00e9dito a vivienda asequible en 2025<\/a><\/h2>\n<\/header>\n<\/article>\n<p> Source URL: https:\/\/cincodias.elpais.com\/economia\/2026-01-29\/tratados-comerciales-ni-con-paises-pobres-ni-contra-el-campo-espanol.html<\/p>\n","protected":false},"excerpt":{"rendered":"<p>La punta del iceberg Tribuna Art\u00edculos estrictamente de opini\u00f3n que responden al estilo propio del autor. Estos textos de opini\u00f3n han de basarse en datos verificados y ser respetuosos con las personas aunque se critiquen sus actos. Todas las tribunas de opini\u00f3n de personas ajenas a la Redacci\u00f3n de EL PA\u00cdS llevar\u00e1n, tras la \u00faltima [&hellip;]<\/p>\n","protected":false},"author":1,"featured_media":1543708,"comment_status":"open","ping_status":"","sticky":false,"template":"","format":"standard","meta":{"footnotes":""},"categories":[88],"tags":[92],"class_list":["post-1543707","post","type-post","status-publish","format-standard","has-post-thumbnail","hentry","category-spain","tag-elpais-com"],"_links":{"self":[{"href":"https:\/\/analyse.optim.biz\/index.php?rest_route=\/wp\/v2\/posts\/1543707","targetHints":{"allow":["GET"]}}],"collection":[{"href":"https:\/\/analyse.optim.biz\/index.php?rest_route=\/wp\/v2\/posts"}],"about":[{"href":"https:\/\/analyse.optim.biz\/index.php?rest_route=\/wp\/v2\/types\/post"}],"author":[{"embeddable":true,"href":"https:\/\/analyse.optim.biz\/index.php?rest_route=\/wp\/v2\/users\/1"}],"replies":[{"embeddable":true,"href":"https:\/\/analyse.optim.biz\/index.php?rest_route=%2Fwp%2Fv2%2Fcomments&post=1543707"}],"version-history":[{"count":0,"href":"https:\/\/analyse.optim.biz\/index.php?rest_route=\/wp\/v2\/posts\/1543707\/revisions"}],"wp:featuredmedia":[{"embeddable":true,"href":"https:\/\/analyse.optim.biz\/index.php?rest_route=\/wp\/v2\/media\/1543708"}],"wp:attachment":[{"href":"https:\/\/analyse.optim.biz\/index.php?rest_route=%2Fwp%2Fv2%2Fmedia&parent=1543707"}],"wp:term":[{"taxonomy":"category","embeddable":true,"href":"https:\/\/analyse.optim.biz\/index.php?rest_route=%2Fwp%2Fv2%2Fcategories&post=1543707"},{"taxonomy":"post_tag","embeddable":true,"href":"https:\/\/analyse.optim.biz\/index.php?rest_route=%2Fwp%2Fv2%2Ftags&post=1543707"}],"curies":[{"name":"wp","href":"https:\/\/api.w.org\/{rel}","templated":true}]}}