{"id":1543638,"date":"2026-01-29T04:30:01","date_gmt":"2026-01-29T01:30:01","guid":{"rendered":"https:\/\/analyse.optim.biz\/?p=1543638"},"modified":"2026-01-29T04:30:01","modified_gmt":"2026-01-29T01:30:01","slug":"maria-goikoetxea-el-voto-util-solo-es-util-si-transforma","status":"publish","type":"post","link":"https:\/\/analyse.optim.biz\/?p=1543638","title":{"rendered":"Mar\u00eda Goikoetxea: \u201cEl voto \u00fatil solo es \u00fatil si transforma\u201d"},"content":{"rendered":"<article id=\"main-content\" class=\"a _g _g-lg _g-o\">\n<header class=\"a_e _g _g-xs\">\n<div class=\"a_e_txt _df\">\n<div class=\"a_k _df\"><a class=\"a_k_n\" href=\"https:\/\/elpais.com\/noticias\/elecciones-aragonesas\/\">Elecciones aragonesas<\/a><\/div>\n<h1 class=\"a_t\">Mar\u00eda Goikoetxea: \u201cEl voto \u00fatil solo es \u00fatil si transforma\u201d<\/h1>\n<p class=\"a_st\">La candidata de Podemos-Alianza Verde, que lucha por mantener un esca\u00f1o, apuesta por la vivienda como eje de su campa\u00f1a<\/p>\n<\/div>\n<div class=\"a_e_m\">\n<figure class=\"a_m a_m-h \"><span class=\"a_m_w _db\"><img fetchpriority=\"high\" decoding=\"async\" class=\"_re  a_m-h\" height=\"277\" width=\"414\" src=\"https:\/\/analyse.optim.biz\/wp-content\/uploads\/2026\/01\/qjksepe6lzdk5as27w4samiebu-1.jpg\" loading=\"eager\" title=\"qjksepe6lzdk5as27w4samiebu-1\"><\/span><figcaption class=\"a_m_p\" aria-hidden=\"true\"><span>Mar\u00eda Goikoetxea, candidata de Podemos-AV a las elecciones de Arag\u00f3n, fotografiada en la zona del Paseo de las Delicias de Zaragoza. <\/span><span class=\"a_m_m\">Carlos Rosillo<\/span><\/figcaption><\/figure>\n<\/div>\n<\/header>\n<div class=\"a_md _g _g-xs \">\n<figure class=\"a_md_i a_m-h c_m--nf\"><span class=\"a_m_w _db\"><img decoding=\"async\" alt=\"Paula Chouza\" class=\"_re lazyload a_m-h\" height=\"100\" width=\"100\" src=\"https:\/\/analyse.optim.biz\/wp-content\/uploads\/2026\/01\/https3a2f2fs3-amazonaws-com2farc-authors2fprisa2f4b3a544a-cd43-4d0e-9a2c-53e00ed189b0-2.jpg\" loading=\"lazy\" title=\"https3a2f2fs3-amazonaws-com2farc-authors2fprisa2f4b3a544a-cd43-4d0e-9a2c-53e00ed189b0-2\"><\/span><\/figure>\n<div class=\"a_md_txt\">\n<div class=\"a_md_a\" data-dtm-region=\"articulo_firma\"><a href=\"https:\/\/elpais.com\/autor\/paula-chouza\/#?rel=author_top\" title=\"Ver todas las noticias de Paula Chouza\" class=\"a_md_a_n\">Paula Chouza<\/a><\/div>\n<div class=\"a_md_f\"><span>Madrid &#8211; <a href=\"https:\/\/elpais.com\/hemeroteca\/2026-01-29\/\" data-date=\"2026-01-29T05:30:01+01:00\"><time data-date=\"2026-01-29T05:30:01+01:00\" datetime=\"2026-01-29T05:30:01+01:00\" id=\"article_date_p\">29 ene 2026 &#8211; 05:30<abbr title=\"Central European Time\">CET<\/abbr><\/time><\/a><\/span><\/div>\n<div class=\"w_rs\" data-dtm-region=\"articulo_botonera-social\">\n<div class=\"w_rs_i\"><a class=\"_btn hidden\" href=\"\/\/send?text=Mar%C3%ADa%20Goikoetxea%3A%20%E2%80%9CEl%20voto%20%C3%BAtil%20solo%20es%20%C3%BAtil%20si%20transforma%E2%80%9D%0D%0A%0D%0Ahttps%3A%2F%2Felpais.com%2Fespana%2Felecciones-aragon%2F2026-01-29%2Fmaria-goikoetxea-el-voto-util-solo-es-util-si-transforma.html%3Fssm=whatsapp_CC\" data-action=\"share\/whatsapp\/share\" data-param-description=\"Mar\u00eda Goikoetxea: \u201cEl voto \u00fatil solo es \u00fatil si transforma\u201d\" data-param-href=\"https:\/\/elpais.com\/espana\/elecciones-aragon\/2026-01-29\/maria-goikoetxea-el-voto-util-solo-es-util-si-transforma.html\" data-param-text=\"Mar\u00eda Goikoetxea: \u201cEl voto \u00fatil solo es \u00fatil si transforma\u201d https:\/\/elpais.com\/espana\/elecciones-aragon\/2026-01-29\/maria-goikoetxea-el-voto-util-solo-es-util-si-transforma.html\" data-param-url=\"https:\/\/elpais.com\/espana\/elecciones-aragon\/2026-01-29\/maria-goikoetxea-el-voto-util-solo-es-util-si-transforma.html\" target=\"_blank\" rel=\"noopener noreferrer\" data-share-track-dtm=\"whatsapp\" id=\"btn_share_whatsapp_967\"><span class=\"_sr\">Compartir en Whatsapp<\/span><\/a><\/div>\n<div class=\"w_rs_i\"><a class=\"_btn \" href=\"https:\/\/www.facebook.com\/dialog\/share?display=popup&amp;app_id=94039431626&amp;href=https%3A%2F%2Felpais.com%2Fespana%2Felecciones-aragon%2F2026-01-29%2Fmaria-goikoetxea-el-voto-util-solo-es-util-si-transforma.html%3Fssm=FB_CC&amp;quote=Mar%C3%ADa%20Goikoetxea%3A%20%E2%80%9CEl%20voto%20%C3%BAtil%20solo%20es%20%C3%BAtil%20si%20transforma%E2%80%9D\" data-param-app_id=\"94039431626\" data-param-description=\"Mar\u00eda Goikoetxea: \u201cEl voto \u00fatil solo es \u00fatil si transforma\u201d\" data-param-href=\"https:\/\/elpais.com\/espana\/elecciones-aragon\/2026-01-29\/maria-goikoetxea-el-voto-util-solo-es-util-si-transforma.html\" data-param-text=\"Mar\u00eda Goikoetxea: \u201cEl voto \u00fatil solo es \u00fatil si transforma\u201d\" data-param-url=\"https:\/\/elpais.com\/espana\/elecciones-aragon\/2026-01-29\/maria-goikoetxea-el-voto-util-solo-es-util-si-transforma.html\" target=\"_blank\" rel=\"noopener noreferrer\" data-share-track-dtm=\"facebook\" id=\"btn_share_facebook_967\"><span class=\"_sr\">Compartir en Facebook<\/span><\/a><\/div>\n<div class=\"w_rs_i\"><a class=\"_btn \" href=\"https:\/\/twitter.com\/intent\/tweet?url=https%3A%2F%2Felpais.com%2Fespana%2Felecciones-aragon%2F2026-01-29%2Fmaria-goikoetxea-el-voto-util-solo-es-util-si-transforma.html%3Fssm=TW_CC&amp;text=Mar%C3%ADa%20Goikoetxea%3A%20%E2%80%9CEl%20voto%20%C3%BAtil%20solo%20es%20%C3%BAtil%20si%20transforma%E2%80%9D&amp;via=el_pais&amp;lang=es\" data-param-description=\"Mar\u00eda Goikoetxea: \u201cEl voto \u00fatil solo es \u00fatil si transforma\u201d\" data-param-href=\"https:\/\/elpais.com\/espana\/elecciones-aragon\/2026-01-29\/maria-goikoetxea-el-voto-util-solo-es-util-si-transforma.html\" data-param-text=\"Mar\u00eda Goikoetxea: \u201cEl voto \u00fatil solo es \u00fatil si transforma\u201d via @el_pais\" data-param-url=\"https:\/\/elpais.com\/espana\/elecciones-aragon\/2026-01-29\/maria-goikoetxea-el-voto-util-solo-es-util-si-transforma.html\" target=\"_blank\" rel=\"noopener noreferrer\" data-share-track-dtm=\"twitter\" id=\"btn_share_twitter_967\"><span class=\"_sr\">Compartir en Twitter<\/span><\/a><\/div>\n<div class=\"w_rs_i\"><a class=\"_btn \" href=\"https:\/\/bsky.app\/intent\/compose?text=https%3A%2F%2Felpais.com%2Fespana%2Felecciones-aragon%2F2026-01-29%2Fmaria-goikoetxea-el-voto-util-solo-es-util-si-transforma.html%3Fssm=bsky_CC\" data-param-description=\"Mar\u00eda Goikoetxea: \u201cEl voto \u00fatil solo es \u00fatil si transforma\u201d\" data-param-href=\"https:\/\/elpais.com\/espana\/elecciones-aragon\/2026-01-29\/maria-goikoetxea-el-voto-util-solo-es-util-si-transforma.html\" data-param-text=\"Mar\u00eda Goikoetxea: \u201cEl voto \u00fatil solo es \u00fatil si transforma\u201d\" data-param-url=\"https:\/\/elpais.com\/espana\/elecciones-aragon\/2026-01-29\/maria-goikoetxea-el-voto-util-solo-es-util-si-transforma.html\" target=\"_blank\" rel=\"noopener noreferrer\" data-share-track-dtm=\"bluesky\" id=\"btn_share_bluesky_967\"><span class=\"_sr\">Compartir en Bluesky<\/span><\/a><\/div>\n<div class=\"w_rs_i\"><a class=\"_btn \" href=\"https:\/\/www.linkedin.com\/sharing\/share-offsite\/?url=https%3A%2F%2Felpais.com%2Fespana%2Felecciones-aragon%2F2026-01-29%2Fmaria-goikoetxea-el-voto-util-solo-es-util-si-transforma.html%3Fssm=LK_CC\" data-param-description=\"Mar\u00eda Goikoetxea: \u201cEl voto \u00fatil solo es \u00fatil si transforma\u201d\" data-param-href=\"https:\/\/elpais.com\/espana\/elecciones-aragon\/2026-01-29\/maria-goikoetxea-el-voto-util-solo-es-util-si-transforma.html\" data-param-text=\"Mar\u00eda Goikoetxea: \u201cEl voto \u00fatil solo es \u00fatil si transforma\u201d\" data-param-url=\"https:\/\/elpais.com\/espana\/elecciones-aragon\/2026-01-29\/maria-goikoetxea-el-voto-util-solo-es-util-si-transforma.html\" target=\"_blank\" rel=\"noopener noreferrer\" data-share-track-dtm=\"linkedin\" id=\"btn_share_linkedin_967\"><span class=\"_sr\">Compartir en Linkedin<\/span><\/a><\/div>\n<div class=\"w_rs_i\"><a class=\"_btn rs_l\" href=\"https:\/\/elpais.com\/espana\/elecciones-aragon\/2026-01-29\/maria-goikoetxea-el-voto-util-solo-es-util-si-transforma.html#?prm=copy_link\" data-share-track-dtm=\"copiar_url\" id=\"btn_share_link_35\"><span class=\"_sr\">Copiar enlace<\/span><\/a><\/div>\n<div class=\"w_rs_i\"><a class=\"_btn rs_c\" href=\"https:\/\/elpais.com\/espana\/elecciones-aragon\/2026-01-29\/maria-goikoetxea-el-voto-util-solo-es-util-si-transforma.html#comments_container\" aria-expanded=\"false\" aria-controls=\"me-c\" data-share-track-dtm=\"eskup\" id=\"btn_share_comments_35\"><span class=\"_sr\">Ir a los comentarios<\/span><\/a><\/div>\n<\/div>\n<\/div>\n<\/div>\n<div class=\"a_c clearfix\" data-dtm-region=\"articulo_cuerpo\">\n<p class>Mar\u00eda Goikoetxea (Zaragoza, 38 a\u00f1os) responde a esta entrevista cuando Podemos y el Gobierno acaban de anunciar la <a href=\"https:\/\/elpais.com\/espana\/2026-01-27\/el-gobierno-pacta-la-regularizacion-con-podemos-tras-los-acuerdos-con-erc-y-pnv-sin-recuperar-a-junts.html\" target=\"_self\" rel title=\"https:\/\/elpais.com\/espana\/2026-01-27\/el-gobierno-pacta-la-regularizacion-con-podemos-tras-los-acuerdos-con-erc-y-pnv-sin-recuperar-a-junts.html\">regularizaci\u00f3n de cientos de miles de inmigrantes<\/a>. Defiende que la suya es la \u00fanica papeleta que garantiza llevar hasta el final lo que pone en su programa. El partido, que se presenta con el ecologista Alianza Verde, sali\u00f3 del Gobierno auton\u00f3mico hace cuatro a\u00f1os y hoy lucha por conservar un esca\u00f1o. <\/p>\n<p class><b>Pregunta. <\/b>\u00bfQu\u00e9 se juega Arag\u00f3n en estos comicios? <\/p>\n<p class><b>Respuesta.<\/b> Una garant\u00eda de futuro igual para todas las personas. Y con esto me refiero a que el modelo del PP, apoyado a veces por Vox, es el de la privatizaci\u00f3n de nuestros recursos p\u00fablicos, el de la precarizaci\u00f3n de la vida. No hay encima de la mesa apuestas que garanticen el acceso a la vivienda o la protecci\u00f3n de nuestros recursos naturales. Frente a eso, proponemos un modelo que fortalezca los derechos m\u00e1s b\u00e1sicos, los recursos p\u00fablicos, los servicios sociales, y que proteja el medio ambiente. <\/p>\n<p class><b>P.<\/b> \u00bfY Podemos qu\u00e9 se juega como partido? <\/p>\n<p class><b>R.<\/b> Podemos sale a estas elecciones con el objetivo de poner a la izquierda aragonesa en pie y ser capaz de transformar la vida de la gente y ampliar derechos. <\/p>\n<p class><b>P. <\/b>El CIS les da<a href=\"https:\/\/elpais.com\/espana\/elecciones-aragon\/2026-01-22\/el-pp-volveria-a-ganar-las-elecciones-en-aragon-pero-la-fuerte-subida-de-vox-obligara-a-azcon-a-necesitarlos-segun-el-cis.html\" target=\"_self\" rel title=\"https:\/\/elpais.com\/espana\/elecciones-aragon\/2026-01-22\/el-pp-volveria-a-ganar-las-elecciones-en-aragon-pero-la-fuerte-subida-de-vox-obligara-a-azcon-a-necesitarlos-segun-el-cis.html\"> la mitad de intenci\u00f3n de voto<\/a> que a Sumar, un 2,5%. \u00bfTemen que el voto \u00fatil les penalice? <\/p>\n<p class><b>R. <\/b>Defendemos que el voto \u00fatil solamente es \u00fatil si transforma. Y en estas elecciones, es fundamental que expliquemos que Podemos, cuando ha estado en los gobiernos, ha sido esa herramienta transformadora. <\/p>\n<p class><b>P. <\/b>\u00bfSer\u00eda un \u00e9xito para ustedes que Sumar se quedara fuera? <\/p>\n<p class><b>R.<\/b> Trabajamos para que Podemos tenga la mayor repercusi\u00f3n posible y sea esa herramienta capaz de poner en marcha pol\u00edticas que fortalezcan los servicios p\u00fablicos y que proteja a las personas. <\/p>\n<p class><b>P.<\/b> \u00bfPor qu\u00e9 <a href=\"https:\/\/elpais.com\/espana\/elecciones-aragon\/2026-01-27\/por-que-en-aragon-nunca-van-juntas-las-izquierdas.html\" target=\"_self\" rel title=\"https:\/\/elpais.com\/espana\/elecciones-aragon\/2026-01-27\/por-que-en-aragon-nunca-van-juntas-las-izquierdas.html\">quien vot\u00f3 a Sumar en las generales<\/a> deber\u00eda elegir ahora su papeleta y no la de IU o la de CHA? \u00bfEn qu\u00e9 se diferencian sus proyectos?<\/p>\n<p class><b>R. <\/b>Nadie duda de que si Podemos lleva una medida en su programa, la va a pelear hasta el final y conseguir\u00e1 ponerla en marcha. Tenemos un ejemplo muy valioso con la regulaci\u00f3n extraordinaria de inmigrantes que <a href=\"https:\/\/elpais.com\/espana\/2026-01-26\/podemos-anuncia-un-acuerdo-con-el-gobierno-para-una-regularizacion-extraordinaria-de-migrantes.html\" target=\"_self\" rel title=\"https:\/\/elpais.com\/espana\/2026-01-26\/podemos-anuncia-un-acuerdo-con-el-gobierno-para-una-regularizacion-extraordinaria-de-migrantes.html\">hemos arrancado al PSOE <\/a>gracias a la presi\u00f3n ciudadana y al trabajo de la plataforma Regularizaci\u00f3n Ya. <\/p>\n<p class><b>P. <\/b>\u00bfQu\u00e9 medidas creen prioritarias para Arag\u00f3n? <\/p>\n<p class><b>R. <\/b> Apostamos por la vivienda como eje fundamental de esta campa\u00f1a: <a href=\"https:\/\/elpais.com\/espana\/2024-10-28\/las-bases-de-podemos-apoyan-condicionar-los-presupuestos-a-que-el-gobierno-rompa-con-israel-y-baje-los-alquileres-un-40.html\" target=\"_self\" rel title=\"https:\/\/elpais.com\/espana\/2024-10-28\/las-bases-de-podemos-apoyan-condicionar-los-presupuestos-a-que-el-gobierno-rompa-con-israel-y-baje-los-alquileres-un-40.html\">intervenci\u00f3n decidida en el precio de los alquileres<\/a> y la rehabilitaci\u00f3n de viviendas en el medio rural con financiaci\u00f3n p\u00fablica, por ejemplo. En educaci\u00f3n, defendemos que no se puedan hacer conciertos cuando hay aulas vac\u00edas o siguen quedando plazas libres en la p\u00fablica, como propone Azc\u00f3n con el bachillerato. Tenemos que blindar esa escuela p\u00fablica, revertir los conciertos, que son innecesarios y que atienden m\u00e1s a una cuesti\u00f3n ideol\u00f3gica que a una necesidad real. Seguiremos trabajando tambi\u00e9n para que las infraestructuras de la escuela p\u00fablica est\u00e9n en las mejores condiciones. <\/p>\n<figure class=\"a_m a_m-h \"><span class=\"_db a_m_w _pr lb_btn\"><img decoding=\"async\" class=\"_re lazyload a_m-h\" height=\"277\" width=\"414\" src=\"https:\/\/analyse.optim.biz\/wp-content\/uploads\/2026\/01\/tywsaezvirgx3p2e2qi5ewfosm.jpg\" loading=\"lazy\" title=\"tywsaezvirgx3p2e2qi5ewfosm\"><\/span><figcaption class=\"a_m_p\" aria-hidden=\"true\"><span>Mar\u00eda Goikoetxea, candidata de Podemos-AV a las elecciones de Arag\u00f3n, fotografiada en la zona del Paseo de las Delicias de Zaragoza.<\/span><span class=\"a_m_m\">Carlos Rosillo<\/span><\/figcaption><\/figure>\n<p class><b>P. <\/b>\u00bfC\u00f3mo se combate la despoblaci\u00f3n? <\/p>\n<p class><b>R. <\/b>Hay que garantizar el acceso a los servicios p\u00fablicos. Es muy dif\u00edcil frenar la despoblaci\u00f3n si en nuestros pueblos no tenemos asistencia sanitaria o colegios. Pero tambi\u00e9n, en lugar de los macroproyectos de energ\u00edas renovables que se est\u00e1n instaurando en la comunidad, creemos en un desarrollo sostenible, ordenado y que revierta la riqueza en el territorio, que sea capaz de generar empleo en las localidades. <\/p>\n<p class><b>P.<\/b> \u00bfEs beneficiosa para Arag\u00f3n la propuesta de reforma del sistema auton\u00f3mico del Gobierno? <\/p>\n<p class><b>R. <\/b>Es insuficiente. Nos parece un error utilizar la financiaci\u00f3n auton\u00f3mica como si fuera una guerra entre territorios, cuando de lo que se trata es de garantizar que los servicios p\u00fablicos funcionan. Para Podemos es muy importante que la reforma cumpla con tres criterios: asegurar un suelo m\u00ednimo de ingresos que cubra el precio de lo que cuestan los servicios p\u00fablicos, ya sea en el medio rural o en las capitales; que ese dinero sea finalista, es decir, que est\u00e9 blindado por ley el que se destine a esos servicios p\u00fablicos, y por \u00faltimo; que esta propuesta vaya acompa\u00f1ada de la reforma fiscal progresiva para que quien m\u00e1s tiene, m\u00e1s aporte. <\/p>\n<p class><b>P.<\/b> Llegado el caso, \u00bfse podr\u00eda entender con el PSOE, CHA e IU? <\/p>\n<p class><b>R. <\/b>Votar a Podemos no es un cheque en blanco para llegar a acuerdos con otras formaciones, siempre vamos a priorizar aquellas medidas que consideremos que son m\u00e1s beneficiosas para la ciudadan\u00eda. <\/p>\n<\/div>\n<div id=\"me-dis\" class=\"me _pf\">\n<div class=\"me_bg\">\n<div class=\"me-dis _pa _df\">\n<div class=\"me-dis_c\">\n<h2 class=\"me-dis_t\">Tu suscripci\u00f3n se est\u00e1 usando en otro dispositivo<\/h2>\n<p>\u00bfQuieres a\u00f1adir otro usuario a tu suscripci\u00f3n?<\/p>\n<div class=\"me-dis_l\"><a href=\"https:\/\/elpais.com\/suscripciones\/premium\/upgrade\/?utm_source=autopromo&amp;utm_medium=interno&amp;utm_campaign=YYYY_MM_capping_upgrade\" id=\"capping-upgrade\" class=\"btn\">A\u00f1adir usuario<\/a><a href=\"https:\/\/elpais.com\/espana\/elecciones-aragon\/2026-01-29\/maria-goikoetxea-el-voto-util-solo-es-util-si-transforma.html\" id=\"capping-continue\" class=\"btn btn-b\">Continuar leyendo aqu\u00ed<\/a><\/div>\n<p>Si contin\u00faas leyendo en este dispositivo, no se podr\u00e1 leer en el otro.<\/p>\n<p class=\"lk\"><a href=\"https:\/\/elpais.com\/espana\/elecciones-aragon\/2026-01-29\/maria-goikoetxea-el-voto-util-solo-es-util-si-transforma.html\" id=\"capping-show-more-button\">\u00bfPor qu\u00e9 est\u00e1s viendo esto?<\/a><\/p>\n<p><span class=\"arrow\" id=\"capping-arrow\">Flecha<\/span><\/p>\n<div class=\"me-dis_d\">\n<div class=\"me-dis_d_t\">\n<h2 class=\"enc\">Tu suscripci\u00f3n se est\u00e1 usando en otro dispositivo y solo puedes acceder a EL PA\u00cdS desde un dispositivo a la vez.<\/h2>\n<div class=\"tx\">\n<p>Si quieres compartir tu cuenta, cambia tu suscripci\u00f3n a la modalidad Premium, as\u00ed podr\u00e1s a\u00f1adir otro usuario. Cada uno acceder\u00e1 con su propia cuenta de email, lo que os permitir\u00e1 personalizar vuestra experiencia en EL PA\u00cdS.<\/p>\n<p>\u00bfTienes una suscripci\u00f3n de empresa? Accede <a target=\"_blank\" rel=\"noreferrer\" href=\"https:\/\/elpais.com\/suscripciones\/premium\/upgrade\/\">aqu\u00ed<\/a> para contratar m\u00e1s cuentas.<\/p>\n<p>En el caso de no saber qui\u00e9n est\u00e1 usando tu cuenta, te recomendamos cambiar tu contrase\u00f1a <a target=\"_blank\" rel=\"noreferrer\" href=\"https:\/\/elpais.com\/subscriptions\/#\/forgot-password\">aqu\u00ed.<\/a><\/p>\n<p>Si decides continuar compartiendo tu cuenta, este mensaje se mostrar\u00e1 en tu dispositivo y en el de la otra persona que est\u00e1 usando tu cuenta de forma indefinida, afectando a tu experiencia de lectura. Puedes <a target=\"_blank\" rel=\"noreferrer\" href=\"https:\/\/elpais.com\/suscripciones\/condiciones-generales-servicios\/\">consultar aqu\u00ed los t\u00e9rminos y condiciones de la suscripci\u00f3n digital.<\/a><\/p>\n<\/div>\n<\/div>\n<\/div>\n<\/div>\n<\/div>\n<\/div>\n<\/div>\n<aside class=\"w w-sea\">\n<h2 class=\"w_t\">Sobre la firma<\/h2>\n<div class=\"w_b\">\n<div class=\"_g _g-xs\">\n<figure class=\"w-sea_f a_m-h c_m--nf\"><span class=\"a_m_w _db\"><img decoding=\"async\" alt=\"Paula Chouza\" class=\"_re lazyload a_m-h\" height=\"100\" width=\"100\" src=\"https:\/\/analyse.optim.biz\/wp-content\/uploads\/2026\/01\/https3a2f2fs3-amazonaws-com2farc-authors2fprisa2f4b3a544a-cd43-4d0e-9a2c-53e00ed189b0-2.jpg\" loading=\"lazy\" title=\"https3a2f2fs3-amazonaws-com2farc-authors2fprisa2f4b3a544a-cd43-4d0e-9a2c-53e00ed189b0-2\"><\/span><\/figure>\n<div class=\"w-sea_txt\">\n<div class=\"_df\">\n<div class=\"w-sea_txt_na\"><a href=\"https:\/\/elpais.com\/autor\/paula-chouza\/\" rel=\"autor_bottom\">Paula Chouza<\/a><\/div>\n<div class=\"w_rs_i\"><a class=\"_btn \" href=\"https:\/\/twitter.com\/pchouza\" target=\"_blank\" rel=\"noopener noreferrer\"><span class=\"_sr\">Paula Chouza &#8211; twitter<\/span><\/a><\/div>\n<\/div>\n<div class=\"w-sea_txt_da _dn\">Periodista de Pol\u00edtica en EL PA\u00cdS. Particip\u00f3 en el lanzamiento de EL PA\u00cdS Am\u00e9rica en M\u00e9xico. Trabaj\u00f3 en el Ayuntamiento de A Coru\u00f1a y fue becaria del Congreso de los Diputados, CRTVG o Cadena SER. Es licenciada en Periodismo por la Universidad de Santiago de Compostela, M\u00e1ster en Marketing Pol\u00edtico y M\u00e1ster de Periodismo de EL PA\u00cdS.<\/div>\n<\/div>\n<\/div>\n<\/div>\n<\/aside>\n<aside class=\"w w-fid\">\n<div class=\"w_b\">\n<div class=\"w-fid_t\"><a href=\"https:\/\/usuarios.elpais.com\/newsletters\/?id_externo_promo=not_newsletters_gen\">Recibe la mejor informaci\u00f3n en tu bandeja de entrada<\/a><\/div>\n<div class=\"w-fid_s\">\n<div class=\"w_rs\">\n<div class=\"w_rs_i\"><a class=\"_btn\" href=\"https:\/\/www.facebook.com\/elpais\" rel=\"nofollow\"><span class=\"_sr\">Espana El Pa\u00eds en Facebook<\/span><\/a><\/div>\n<div class=\"w_rs_i\"><a class=\"_btn\" href=\"https:\/\/www.instagram.com\/el_pais\/\" rel=\"nofollow\"><span class=\"_sr\">Espana El Pa\u00eds en Instagram<\/span><\/a><\/div>\n<div class=\"w_rs_i\"><a class=\"_btn\" href=\"https:\/\/twitter.com\/el_pais\" rel=\"nofollow\"><span class=\"_sr\">Espana El Pa\u00eds en Twitter<\/span><\/a><\/div>\n<\/div>\n<\/div>\n<\/div>\n<\/aside>\n<aside class=\"a_com w w-com _df\"><a class=\"a_com_l\" href=\"https:\/\/elpais.com\/info\/normas-de-participacion\/\">Normas \u203a<\/a><\/aside>\n<div class=\"me _pf\" id=\"me-c\">\n<div class=\"me_bg\">\n<div class=\"me-c _pa\" id=\"comments_container\" data-dtm-region=\"articulo_comentarios\">\n<div class=\"me_f me_f-os me_cc\"><a href=\"https:\/\/plus.elpais.com\/perfil\/actividad\/\">Mis comentarios<\/a><a href=\"https:\/\/elpais.com\/info\/normas-de-participacion\/\">Normas<\/a><\/div>\n<div class=\"me_f me_f-ns\"><span class=\"me_f_txt _db\">Rellena tu <b>nombre y apellido<\/b> para comentar<\/span><a href=\"https:\/\/plus.elpais.com\/autorization.html\/?prod=COM&amp;backURL=https%3A%2F%2Felpais.com%2Fespana%2Felecciones-aragon%2F2026-01-29%2Fmaria-goikoetxea-el-voto-util-solo-es-util-si-transforma.html\" class=\"btn btn-2\">completar datos<\/a><\/div>\n<div class=\"me_f\" id=\"comments_msg\"><a class=\"btn btn-2\" href=\"https:\/\/elpais.com\/suscripciones\/#\/campaign?prod=SUSDIGCRART&amp;o=COM&amp;prm=suscrip_articulo_comentarios_el-pais&amp;backURL=https%3A%2F%2Felpais.com%2Fespana%2Felecciones-aragon%2F2026-01-29%2Fmaria-goikoetxea-el-voto-util-solo-es-util-si-transforma.html\" id=\"comments_subscribe_link\" data-link-am=\"https:\/\/elpais.com\/suscripciones\/america\/#\/campaign?prod=SUSDIGCRARTAM&amp;o=COMAM&amp;prm=suscrip_articulo_comentarios_el-pais-america&amp;backURL=https%3A%2F%2Felpais.com%2Fespana%2Felecciones-aragon%2F2026-01-29%2Fmaria-goikoetxea-el-voto-util-solo-es-util-si-transforma.html\" data-link-mx=\"https:\/\/elpais.com\/suscripciones\/america\/#\/campaign?prod=SUSDIGMX&amp;o=COMMX&amp;prm=suscrip_articulo_comentarios_el-pais-mexico&amp;backURL=https%3A%2F%2Felpais.com%2Fespana%2Felecciones-aragon%2F2026-01-29%2Fmaria-goikoetxea-el-voto-util-solo-es-util-si-transforma.html\" data-link-co=\"https:\/\/elpais.com\/suscripciones\/america\/#\/campaign?prod=SUSDIGCOL&amp;o=COMCOL&amp;prm=suscrip_articulo_comentarios_el-pais_colombia&amp;backURL=https%3A%2F%2Felpais.com%2Fespana%2Felecciones-aragon%2F2026-01-29%2Fmaria-goikoetxea-el-voto-util-solo-es-util-si-transforma.html\" data-link-ar=\"https:\/\/elpais.com\/suscripciones\/america\/#\/campaign?prod=SUSDIGCRARTAR&amp;o=COMAR&amp;backURL=https%3A%2F%2Felpais.com%2Fespana%2Felecciones-aragon%2F2026-01-29%2Fmaria-goikoetxea-el-voto-util-solo-es-util-si-transforma.html\" data-link-cl=\"https:\/\/elpais.com\/suscripciones\/america\/#\/campaign?prod=SUSDIGCHILE&amp;o=COMCHILE&amp;backURL=https%3A%2F%2Felpais.com%2Fespana%2Felecciones-aragon%2F2026-01-29%2Fmaria-goikoetxea-el-voto-util-solo-es-util-si-transforma.html\" data-link-us=\"https:\/\/elpais.com\/suscripciones\/america\/#\/campaign?prod=SUSDIGCRARTEUCAN&amp;o=COMUS&amp;prm=suscrip_articulo_comentarios_el-pais_eucan&amp;backURL=https%3A%2F%2Felpais.com%2Fespana%2Felecciones-aragon%2F2026-01-29%2Fmaria-goikoetxea-el-voto-util-solo-es-util-si-transforma.html\">Suscr\u00edbete en El Pa\u00eds para participar<\/a><a class=\"btn btn-3\" href=\"https:\/\/elpais.com\/subscriptions\/#\/sign-in?prod=REG&amp;o=COM&amp;prm=login_articulo_comentarios_el-pais&amp;backURL=https%3A%2F%2Felpais.com%2Fespana%2Felecciones-aragon%2F2026-01-29%2Fmaria-goikoetxea-el-voto-util-solo-es-util-si-transforma.html\" id=\"comments_login_link\" data-link-am=\"https:\/\/elpais.com\/subscriptions\/#\/sign-in?prod=REG&amp;o=COM&amp;prm=login_articulo_comentarios_el-pais-america&amp;backURL=https%3A%2F%2Felpais.com%2Fespana%2Felecciones-aragon%2F2026-01-29%2Fmaria-goikoetxea-el-voto-util-solo-es-util-si-transforma.html\" data-link-mx=\"https:\/\/elpais.com\/subscriptions\/#\/sign-in?prod=REG&amp;o=COM&amp;prm=login_articulo_comentarios_el-pais-mexico&amp;backURL=https%3A%2F%2Felpais.com%2Fespana%2Felecciones-aragon%2F2026-01-29%2Fmaria-goikoetxea-el-voto-util-solo-es-util-si-transforma.html\" data-link-co=\"https:\/\/elpais.com\/subscriptions\/#\/sign-in?prod=REG&amp;o=COM&amp;backURL=https%3A%2F%2Felpais.com%2Fespana%2Felecciones-aragon%2F2026-01-29%2Fmaria-goikoetxea-el-voto-util-solo-es-util-si-transforma.html\" data-link-ar=\"https:\/\/elpais.com\/subscriptions\/#\/sign-in?prod=REG&amp;o=COM&amp;backURL=https%3A%2F%2Felpais.com%2Fespana%2Felecciones-aragon%2F2026-01-29%2Fmaria-goikoetxea-el-voto-util-solo-es-util-si-transforma.html\" data-link-cl=\"https:\/\/elpais.com\/subscriptions\/#\/sign-in?prod=REG&amp;o=COM&amp;backURL=https%3A%2F%2Felpais.com%2Fespana%2Felecciones-aragon%2F2026-01-29%2Fmaria-goikoetxea-el-voto-util-solo-es-util-si-transforma.html\" data-link-us=\"https:\/\/elpais.com\/subscriptions\/#\/sign-in?prod=REG&amp;o=COM&amp;backURL=https%3A%2F%2Felpais.com%2Fespana%2Felecciones-aragon%2F2026-01-29%2Fmaria-goikoetxea-el-voto-util-solo-es-util-si-transforma.html\">Ya tengo una suscripci\u00f3n<\/a><\/div>\n<p>Please enable JavaScript to view the &lt;a href=&#8221;https:\/\/disqus.com\/?ref_noscript&#8221; rel=&#8221;nofollow&#8221;&gt; comments powered by Disqus.&lt;\/a&gt;<\/p><\/div>\n<\/div>\n<\/div>\n<aside class=\"w w-rel\" data-dtm-region=\"articulo_mas-informacion\">\n<h2 class=\"w_t\">M\u00e1s informaci\u00f3n<\/h2>\n<ul class=\"w_b _ls\">\n<li class=\"_g _g-xs w-rel_n\">\n<div class=\" a_m-h c_m--nf\"><span class=\"_db _pr\"><img decoding=\"async\" class=\"_re lazyload a_m-h\" height=\"311\" width=\"414\" src=\"https:\/\/analyse.optim.biz\/wp-content\/uploads\/2026\/01\/ixel6ncrtnhbbf25fa6fu3bd3u-4.jpg\" loading=\"lazy\" title=\"ixel6ncrtnhbbf25fa6fu3bd3u-4\"><\/span><\/div>\n<div class=\"nt\">\n<h3 class=\"nt_t\"><a href=\"https:\/\/elpais.com\/espana\/elecciones-aragon\/2026-01-27\/por-que-en-aragon-nunca-van-juntas-las-izquierdas.html#?rel=mas\">\u00bfPor qu\u00e9 en Arag\u00f3n nunca van juntas las izquierdas?<\/a><\/h3>\n<div class=\"nt_a\"><a href=\"https:\/\/elpais.com\/autor\/paula-chouza\/\" title=\"Ver todas las noticias de Paula Chouza\">Paula Chouza<\/a> | Calatayud<\/div>\n<\/div>\n<\/li>\n<li class=\"_g _g-xs w-rel_n\">\n<div class=\" a_m-h c_m--nf\"><span class=\"_db _pr\"><img decoding=\"async\" class=\"_re lazyload a_m-h\" height=\"311\" width=\"414\" src=\"https:\/\/analyse.optim.biz\/wp-content\/uploads\/2026\/01\/5wnurodeuzh2jl2i2tomucnrwu.jpg\" loading=\"lazy\" title=\"5wnurodeuzh2jl2i2tomucnrwu\"><\/span><\/div>\n<div class=\"nt\">\n<h3 class=\"nt_t\"><a href=\"https:\/\/elpais.com\/espana\/elecciones-aragon\/2026-01-28\/el-pp-exprime-en-aragon-el-discurso-del-agravio-frente-a-cataluna.html#?rel=mas\">El PP exprime en Arag\u00f3n el discurso del agravio frente a Catalu\u00f1a<\/a><\/h3>\n<div class=\"nt_a\"><a href=\"https:\/\/elpais.com\/autor\/angel-munarriz-fernandez\/\" title=\"Ver todas las noticias de \u00c1ngel Mun\u00e1rriz\">\u00c1ngel Mun\u00e1rriz<\/a> | Villanueva de Sijena (Huesca)<\/div>\n<\/div>\n<\/li>\n<\/ul>\n<\/aside>\n<section class=\"w w-ae\" data-dtm-region=\"articulo_archivado-en\">\n<h2 class=\"w_t\">Archivado En<\/h2>\n<div class=\"w_b\">\n<ul class=\"w_ul w_ul--mh _df _ls\">\n<li><a href=\"https:\/\/elpais.com\/noticias\/elecciones-aragonesas\/#?rel=arch\" rel=\"noopener noreferrer\">Elecciones aragonesas<\/a><\/li>\n<li><a href=\"https:\/\/elpais.com\/noticias\/elecciones-autonomicas\/#?rel=arch\" rel=\"noopener noreferrer\">Elecciones auton\u00f3micas<\/a><\/li>\n<li><a href=\"https:\/\/elpais.com\/noticias\/gobierno-aragon\/#?rel=arch\" rel=\"noopener noreferrer\">Gobierno Arag\u00f3n<\/a><\/li>\n<li><a href=\"https:\/\/elpais.com\/noticias\/aragon\/#?rel=arch\" rel=\"noopener noreferrer\">Arag\u00f3n<\/a><\/li>\n<li><a href=\"https:\/\/elpais.com\/noticias\/gobierno-autonomico\/#?rel=arch\" rel=\"noopener noreferrer\">Gobierno auton\u00f3mico<\/a><\/li>\n<li><a href=\"https:\/\/elpais.com\/noticias\/elecciones\/#?rel=arch\" rel=\"noopener noreferrer\">Elecciones<\/a><\/li>\n<li><a href=\"https:\/\/elpais.com\/noticias\/programas-electorales\/#?rel=arch\" rel=\"noopener noreferrer\">Programas electorales<\/a><\/li>\n<li><a href=\"https:\/\/elpais.com\/noticias\/campanas-electorales\/#?rel=arch\" rel=\"noopener noreferrer\">Campa\u00f1as electorales<\/a><\/li>\n<li><a href=\"https:\/\/elpais.com\/noticias\/coaliciones-electorales\/#?rel=arch\" rel=\"noopener noreferrer\">Coaliciones electorales<\/a><\/li>\n<li><a href=\"https:\/\/elpais.com\/noticias\/partidos-politicos\/#?rel=arch\" rel=\"noopener noreferrer\">Partidos pol\u00edticos<\/a><\/li>\n<li><a href=\"https:\/\/elpais.com\/noticias\/politica\/#?rel=arch\" rel=\"noopener noreferrer\">Pol\u00edtica<\/a><\/li>\n<li><a href=\"https:\/\/elpais.com\/noticias\/espana\/#?rel=arch\" rel=\"noopener noreferrer\">Espa\u00f1a<\/a><\/li>\n<li><a href=\"https:\/\/elpais.com\/noticias\/podemos\/#?rel=arch\" rel=\"noopener noreferrer\">Podemos<\/a><\/li>\n<li><a href=\"https:\/\/elpais.com\/noticias\/iu-izquierda-unida\/#?rel=arch\" rel=\"noopener noreferrer\">Izquierda Unida<\/a><\/li>\n<li><a href=\"https:\/\/elpais.com\/noticias\/sumar\/#?rel=arch\" rel=\"noopener noreferrer\">Sumar<\/a><\/li>\n<li><a href=\"https:\/\/elpais.com\/noticias\/encuestas\/#?rel=arch\" rel=\"noopener noreferrer\">Encuestas<\/a><\/li>\n<li><a href=\"https:\/\/elpais.com\/noticias\/encuestas-electorales\/#?rel=arch\" rel=\"noopener noreferrer\">Encuestas electorales<\/a><\/li>\n<\/ul>\n<\/div>\n<\/section>\n<aside class=\"a_tp _df\">\n<div class=\"a_tp_txt\"><span class=\"a_tp_t\">Se adhiere a los criterios de<\/span><\/p>\n<figure class=\"a_m a_m-h c_m--nf\"><a class=\"a_tp_i _dib\" href=\"https:\/\/elpais.com\/estaticos\/que-es-the-trust-project\/\" target=\"_blank\" rel=\"noopener noreferrer nofollow\"><img decoding=\"async\" alt=\"The Trust Project\" class=\" lazyload a_m-h\" height=\"20\" width=\"117\" src=\"https:\/\/analyse.optim.biz\/wp-content\/uploads\/2026\/01\/the-trust-project-385.svg\" loading=\"lazy\" title=\"the-trust-project-385\"><\/a><\/figure>\n<p><a class=\"a_tp_mi\" href=\"https:\/\/elpais.com\/estaticos\/codigo-etico\/\" target=\"_blank\" rel=\"noopener noreferrer nofollow\">M\u00e1s informaci\u00f3n<\/a><\/div>\n<div class=\"a_tp_si\">Si est\u00e1 interesado en licenciar este contenido, pinche <a class=\"a_tp_si_l\" href=\"https:\/\/profesional.elpais.com\/soluciones-sindicacion\/?utm_medium=interno&amp;utm_source=crosslinking&amp;utm_campaign=sindicacion_ep_pie_articulos\" target=\"_blank\" rel=\"noopener noreferrer nofollow\">aqu\u00ed<\/a><\/div>\n<\/aside>\n<div class=\"a_o _pr\" data-dtm-region=\"articulo_right-rail\">\n<div id=\"elpais_gpt-MPU1\" data-adtype=\"MPU\" class=\"ad ad-mpu\"><span class=\"_dn\">_<\/span><\/div>\n<section class=\"w w-sc b_col\" data-dtm-region=\"articulo_ultimas-noticias\">\n<header class=\"w_h b_col_h\">\n<h3 class=\"w_t\"><a href=\"https:\/\/elpais.com\/ultimas-noticias\/\" rel=\"story-card-ultimas-noticias\">\u00daltimas noticias<\/a><\/h3>\n<\/header>\n<div class=\"w_b\">\n<article class=\"c  c--m-n   \" data-word=\"0\">\n<header class=\"c_h\"><time datetime=\"2026-01-29T17:44:31+01:00\" class=\"c_da\">17:44<\/time><\/p>\n<h2 class=\"c_t \"><a href=\"https:\/\/elpais.com\/espana\/madrid\/2026-01-29\/ayuso-no-acatara-la-orden-de-prohibir-la-entrada-a-menores-de-18-anos-a-las-corridas-de-toros.html\">Ayuso no acatar\u00e1 la orden de prohibir la entrada a menores de 18 a\u00f1os a las corridas de toros<\/a><\/h2>\n<\/header>\n<\/article>\n<article class=\"c  c--m-n   \" data-word=\"0\">\n<header class=\"c_h\"><time datetime=\"2026-01-29T17:42:11+01:00\" class=\"c_da\">17:42<\/time><\/p>\n<h2 class=\"c_t \"><a href=\"https:\/\/elpais.com\/sociedad\/2026-01-29\/la-fiscalia-investiga-la-administracion-de-vacunas-caducadas-a-103-personas-en-el-pais-vasco.html\">La Fiscal\u00eda investiga la administraci\u00f3n de vacunas caducadas a 103 personas en el Pa\u00eds Vasco<\/a><\/h2>\n<\/header>\n<\/article>\n<article class=\"c  c--m-n   \" data-word=\"0\">\n<header class=\"c_h\"><time datetime=\"2026-01-29T17:25:34+01:00\" class=\"c_da\">17:25<\/time><\/p>\n<h2 class=\"c_t \"><a href=\"https:\/\/elpais.com\/america\/2026-01-29\/joseph-oughourlian-debemos-defender-el-pensamiento-critico-y-la-verdad-cueste-lo-que-cueste.html\">Joseph Oughourlian: \u201cDebemos defender el pensamiento cr\u00edtico y la verdad, cueste lo que cueste\u201d<\/a><\/h2>\n<\/header>\n<\/article>\n<article class=\"c  c--m-n   \" data-word=\"0\">\n<header class=\"c_h\"><time datetime=\"2026-01-29T17:24:19+01:00\" class=\"c_da\">17:24<\/time><\/p>\n<h2 class=\"c_t \"><a href=\"https:\/\/elpais.com\/america\/2026-01-29\/el-segundo-dia-del-foro-economico-internacional-de-america-latina-y-el-caribe-en-imagenes.html\">El segundo d\u00eda del Foro Econ\u00f3mico Internacional de Am\u00e9rica Latina y el Caribe, en im\u00e1genes<\/a><\/h2>\n<\/header>\n<\/article>\n<\/div>\n<\/section>\n<aside class=\"w w-lmv\" data-dtm-region=\"articulo_lom\">\n<h2 class=\"w_t\"><a href=\"https:\/\/elpais.com\/lo-mas-visto\/\">Lo m\u00e1s visto<\/a><\/h2>\n<div class=\"w_b\">\n<ol class=\"_ls\">\n<li><a href=\"https:\/\/elpais.com\/economia\/2026-01-27\/trump-bendice-la-caida-del-dolar-va-muy-bien-miren-los-negocios-que-estamos-haciendo.html#?rel=lom\">Trump asegura que no le preocupa la ca\u00edda del d\u00f3lar: \u201cVa muy bien, miren los negocios que estamos haciendo\u201d<\/a><\/li>\n<li><a href=\"https:\/\/elpais.com\/internacional\/2026-01-28\/el-primer-ministro-groenlandes-la-casa-blanca-no-tiene-ni-idea-de-lo-que-es-groenlandia.html#?rel=lom\">El primer ministro groenland\u00e9s: \u201cLa Casa Blanca no tiene ni idea de lo que es Groenlandia\u201d<\/a><\/li>\n<li><a href=\"https:\/\/elpais.com\/espana\/catalunya\/2026-01-28\/el-traspaso-de-la-inmigracion-a-cataluna-se-abre-paso-junts-acepta-cambiar-el-preambulo-de-la-ley-que-rechazaba-podemos.html#?rel=lom\">El traspaso de la inmigraci\u00f3n a Catalu\u00f1a se abre paso: Junts acepta cambiar el pre\u00e1mbulo de la ley que rechazaba Podemos<\/a><\/li>\n<li><a href=\"https:\/\/elpais.com\/espana\/2026-01-27\/la-guardia-civil-investiga-a-un-hombre-por-robar-571-pinos-pinoneros-en-valladolid-y-utilizarlos-para-hacer-biomasa.html#?rel=lom\">La Guardia Civil investiga a un hombre por robar 571 pinos pi\u00f1oneros en Valladolid y utilizarlos para hacer biomasa<\/a><\/li>\n<li><a href=\"https:\/\/elpais.com\/internacional\/2026-01-28\/siete-jefes-de-estado-dejan-atras-las-diferencias-ideologicas-y-piden-una-integracion-latinoamericana.html#?rel=lom\">Siete jefes de Estado dejan atr\u00e1s las diferencias ideol\u00f3gicas y piden una integraci\u00f3n latinoamericana<\/a><\/li>\n<\/ol>\n<\/div>\n<\/aside>\n<\/div>\n<\/article>\n<article class=\"c  c--m-n   \" data-word=\"0\">\n<header class=\"c_h\"><time datetime=\"2026-01-29T17:44:31+01:00\" class=\"c_da\">17:44<\/time><\/p>\n<h2 class=\"c_t \"><a href=\"https:\/\/elpais.com\/espana\/madrid\/2026-01-29\/ayuso-no-acatara-la-orden-de-prohibir-la-entrada-a-menores-de-18-anos-a-las-corridas-de-toros.html\">Ayuso no acatar\u00e1 la orden de prohibir la entrada a menores de 18 a\u00f1os a las corridas de toros<\/a><\/h2>\n<\/header>\n<\/article>\n<article class=\"c  c--m-n   \" data-word=\"0\">\n<header class=\"c_h\"><time datetime=\"2026-01-29T17:42:11+01:00\" class=\"c_da\">17:42<\/time><\/p>\n<h2 class=\"c_t \"><a href=\"https:\/\/elpais.com\/sociedad\/2026-01-29\/la-fiscalia-investiga-la-administracion-de-vacunas-caducadas-a-103-personas-en-el-pais-vasco.html\">La Fiscal\u00eda investiga la administraci\u00f3n de vacunas caducadas a 103 personas en el Pa\u00eds Vasco<\/a><\/h2>\n<\/header>\n<\/article>\n<article class=\"c  c--m-n   \" data-word=\"0\">\n<header class=\"c_h\"><time datetime=\"2026-01-29T17:25:34+01:00\" class=\"c_da\">17:25<\/time><\/p>\n<h2 class=\"c_t \"><a href=\"https:\/\/elpais.com\/america\/2026-01-29\/joseph-oughourlian-debemos-defender-el-pensamiento-critico-y-la-verdad-cueste-lo-que-cueste.html\">Joseph Oughourlian: \u201cDebemos defender el pensamiento cr\u00edtico y la verdad, cueste lo que cueste\u201d<\/a><\/h2>\n<\/header>\n<\/article>\n<article class=\"c  c--m-n   \" data-word=\"0\">\n<header class=\"c_h\"><time datetime=\"2026-01-29T17:24:19+01:00\" class=\"c_da\">17:24<\/time><\/p>\n<h2 class=\"c_t \"><a href=\"https:\/\/elpais.com\/america\/2026-01-29\/el-segundo-dia-del-foro-economico-internacional-de-america-latina-y-el-caribe-en-imagenes.html\">El segundo d\u00eda del Foro Econ\u00f3mico Internacional de Am\u00e9rica Latina y el Caribe, en im\u00e1genes<\/a><\/h2>\n<\/header>\n<\/article>\n<p> Source URL: https:\/\/elpais.com\/espana\/elecciones-aragon\/2026-01-29\/maria-goikoetxea-el-voto-util-solo-es-util-si-transforma.html<\/p>\n","protected":false},"excerpt":{"rendered":"<p>Elecciones aragonesas Mar\u00eda Goikoetxea: \u201cEl voto \u00fatil solo es \u00fatil si transforma\u201d La candidata de Podemos-Alianza Verde, que lucha por mantener un esca\u00f1o, apuesta por la vivienda como eje de su campa\u00f1a Mar\u00eda Goikoetxea, candidata de Podemos-AV a las elecciones de Arag\u00f3n, fotografiada en la zona del Paseo de las Delicias de Zaragoza. Carlos Rosillo [&hellip;]<\/p>\n","protected":false},"author":1,"featured_media":1543639,"comment_status":"open","ping_status":"","sticky":false,"template":"","format":"standard","meta":{"footnotes":""},"categories":[88],"tags":[92],"class_list":["post-1543638","post","type-post","status-publish","format-standard","has-post-thumbnail","hentry","category-spain","tag-elpais-com"],"_links":{"self":[{"href":"https:\/\/analyse.optim.biz\/index.php?rest_route=\/wp\/v2\/posts\/1543638","targetHints":{"allow":["GET"]}}],"collection":[{"href":"https:\/\/analyse.optim.biz\/index.php?rest_route=\/wp\/v2\/posts"}],"about":[{"href":"https:\/\/analyse.optim.biz\/index.php?rest_route=\/wp\/v2\/types\/post"}],"author":[{"embeddable":true,"href":"https:\/\/analyse.optim.biz\/index.php?rest_route=\/wp\/v2\/users\/1"}],"replies":[{"embeddable":true,"href":"https:\/\/analyse.optim.biz\/index.php?rest_route=%2Fwp%2Fv2%2Fcomments&post=1543638"}],"version-history":[{"count":0,"href":"https:\/\/analyse.optim.biz\/index.php?rest_route=\/wp\/v2\/posts\/1543638\/revisions"}],"wp:featuredmedia":[{"embeddable":true,"href":"https:\/\/analyse.optim.biz\/index.php?rest_route=\/wp\/v2\/media\/1543639"}],"wp:attachment":[{"href":"https:\/\/analyse.optim.biz\/index.php?rest_route=%2Fwp%2Fv2%2Fmedia&parent=1543638"}],"wp:term":[{"taxonomy":"category","embeddable":true,"href":"https:\/\/analyse.optim.biz\/index.php?rest_route=%2Fwp%2Fv2%2Fcategories&post=1543638"},{"taxonomy":"post_tag","embeddable":true,"href":"https:\/\/analyse.optim.biz\/index.php?rest_route=%2Fwp%2Fv2%2Ftags&post=1543638"}],"curies":[{"name":"wp","href":"https:\/\/api.w.org\/{rel}","templated":true}]}}