{"id":1543620,"date":"2026-01-29T04:30:01","date_gmt":"2026-01-29T01:30:01","guid":{"rendered":"https:\/\/analyse.optim.biz\/?p=1543620"},"modified":"2026-01-29T04:30:01","modified_gmt":"2026-01-29T01:30:01","slug":"claves-pueden-votar-los-inmigrantes-regularizados-y-los-nacionalizados-y-los-nietos-de-exiliados","status":"publish","type":"post","link":"https:\/\/analyse.optim.biz\/?p=1543620","title":{"rendered":"Claves | \u00bfPueden votar los inmigrantes regularizados? \u00bfY los nacionalizados? \u00bfY los nietos de exiliados?"},"content":{"rendered":"<article id=\"main-content\" class=\"a _g _g-lg _g-o\">\n<header class=\"a_e _g _g-xs\">\n<div class=\"a_e_txt _df\">\n<div class=\"a_k _df\"><a class=\"a_k_n\" href=\"https:\/\/elpais.com\/noticias\/inmigracion\/\">REGULARIZACI\u00d3N DE INMIGRANTES<\/a><\/div>\n<h1 class=\"a_t\">Claves | \u00bfPueden votar los inmigrantes regularizados? \u00bfY los nacionalizados? \u00bfY los nietos de exiliados?<\/h1>\n<p class=\"a_st\">La pol\u00e9mica bulle en redes sociales y en voces de la derecha despu\u00e9s del anuncio del Real Decreto pactado por el Gobierno y Podemos<\/p>\n<\/div>\n<div class=\"a_e_m\">\n<figure class=\"a_m a_m-h \"><span class=\"a_m_w _db\"><img fetchpriority=\"high\" decoding=\"async\" alt=\"Manifestaci\u00f3n para impulsar la iniciativa legislativa popular para la regularizaci\u00f3n masiva de inmigrantes, en abril de 2024, delante del Congreso.  El Gobierno y Podemos acuerdan la regularizaci\u00f3n masiva de inmigrantes\" class=\"_re  a_m-h\" height=\"276\" width=\"414\" src=\"https:\/\/analyse.optim.biz\/wp-content\/uploads\/2026\/01\/4rxc72vns5abxb4rdc5dhrrkmq-1.jpg\" loading=\"eager\" title=\"4rxc72vns5abxb4rdc5dhrrkmq-1\"><\/span><figcaption class=\"a_m_p\" aria-hidden=\"true\"><span>Manifestaci\u00f3n para impulsar la iniciativa legislativa popular para la regularizaci\u00f3n masiva de inmigrantes, en abril de 2024, delante del Congreso. <\/span><span class=\"a_m_m\">Claudio \u00c1lvarez<\/span><\/figcaption><\/figure>\n<\/div>\n<\/header>\n<div class=\"a_md _g _g-xs \">\n<figure class=\"a_md_i a_m-h c_m--nf\"><span class=\"a_m_w _db\"><img decoding=\"async\" alt=\"Virginia Mart\u00ednez\" class=\"_re lazyload a_m-h\" height=\"100\" width=\"100\" src=\"https:\/\/analyse.optim.biz\/wp-content\/uploads\/2026\/01\/https3a2f2fauthor-service-images-prod-us-east-1-publishing-aws_-arc_-pub2fprisa2f7a1fbec4-d02d-4e47-9e15-9a890312f070-1.jpg\" loading=\"lazy\" title=\"https3a2f2fauthor-service-images-prod-us-east-1-publishing-aws_-arc_-pub2fprisa2f7a1fbec4-d02d-4e47-9e15-9a890312f070-1\"><\/span><\/figure>\n<div class=\"a_md_txt\">\n<div class=\"a_md_a\" data-dtm-region=\"articulo_firma\"><a href=\"https:\/\/elpais.com\/autor\/virginia-martinez-crespo\/#?rel=author_top\" title=\"Ver todas las noticias de Virginia Mart\u00ednez\" class=\"a_md_a_n\">Virginia Mart\u00ednez<\/a><\/div>\n<div class=\"a_md_f\"><span>Madrid &#8211; <a href=\"https:\/\/elpais.com\/hemeroteca\/2026-01-29\/\" data-date=\"2026-01-29T05:30:01+01:00\"><time data-date=\"2026-01-29T05:30:01+01:00\" datetime=\"2026-01-29T05:30:01+01:00\" id=\"article_date_p\">29 ene 2026 &#8211; 05:30<abbr title=\"Central European Time\">CET<\/abbr><\/time><\/a><\/span><\/div>\n<div class=\"w_rs\" data-dtm-region=\"articulo_botonera-social\">\n<div class=\"w_rs_i\"><a class=\"_btn hidden\" href=\"\/\/send?text=Claves%20%7C%20%C2%BFPueden%20votar%20los%20inmigrantes%20regularizados%3F%20%C2%BFY%20los%20nacionalizados%3F%20%C2%BFY%20los%20nietos%20de%20exiliados%3F%0D%0A%0D%0Ahttps%3A%2F%2Felpais.com%2Fespana%2F2026-01-29%2Fclaves-pueden-votar-los-inmigrantes-regularizados-y-los-nacionalizados-y-los-nietos-de-exiliados.html%3Fssm=whatsapp_CC\" data-action=\"share\/whatsapp\/share\" data-param-description=\"Claves | \u00bfPueden votar los inmigrantes regularizados? \u00bfY los nacionalizados? \u00bfY los nietos de exiliados?\" data-param-href=\"https:\/\/elpais.com\/espana\/2026-01-29\/claves-pueden-votar-los-inmigrantes-regularizados-y-los-nacionalizados-y-los-nietos-de-exiliados.html\" data-param-text=\"Claves | \u00bfPueden votar los inmigrantes regularizados? \u00bfY los nacionalizados? \u00bfY los nietos de exiliados? https:\/\/elpais.com\/espana\/2026-01-29\/claves-pueden-votar-los-inmigrantes-regularizados-y-los-nacionalizados-y-los-nietos-de-exiliados.html\" data-param-url=\"https:\/\/elpais.com\/espana\/2026-01-29\/claves-pueden-votar-los-inmigrantes-regularizados-y-los-nacionalizados-y-los-nietos-de-exiliados.html\" target=\"_blank\" rel=\"noopener noreferrer\" data-share-track-dtm=\"whatsapp\" id=\"btn_share_whatsapp_788\"><span class=\"_sr\">Compartir en Whatsapp<\/span><\/a><\/div>\n<div class=\"w_rs_i\"><a class=\"_btn \" href=\"https:\/\/www.facebook.com\/dialog\/share?display=popup&amp;app_id=94039431626&amp;href=https%3A%2F%2Felpais.com%2Fespana%2F2026-01-29%2Fclaves-pueden-votar-los-inmigrantes-regularizados-y-los-nacionalizados-y-los-nietos-de-exiliados.html%3Fssm=FB_CC&amp;quote=Claves%20%7C%20%C2%BFPueden%20votar%20los%20inmigrantes%20regularizados%3F%20%C2%BFY%20los%20nacionalizados%3F%20%C2%BFY%20los%20nietos%20de%20exiliados%3F\" data-param-app_id=\"94039431626\" data-param-description=\"Claves | \u00bfPueden votar los inmigrantes regularizados? \u00bfY los nacionalizados? \u00bfY los nietos de exiliados?\" data-param-href=\"https:\/\/elpais.com\/espana\/2026-01-29\/claves-pueden-votar-los-inmigrantes-regularizados-y-los-nacionalizados-y-los-nietos-de-exiliados.html\" data-param-text=\"Claves | \u00bfPueden votar los inmigrantes regularizados? \u00bfY los nacionalizados? \u00bfY los nietos de exiliados?\" data-param-url=\"https:\/\/elpais.com\/espana\/2026-01-29\/claves-pueden-votar-los-inmigrantes-regularizados-y-los-nacionalizados-y-los-nietos-de-exiliados.html\" target=\"_blank\" rel=\"noopener noreferrer\" data-share-track-dtm=\"facebook\" id=\"btn_share_facebook_788\"><span class=\"_sr\">Compartir en Facebook<\/span><\/a><\/div>\n<div class=\"w_rs_i\"><a class=\"_btn \" href=\"https:\/\/twitter.com\/intent\/tweet?url=https%3A%2F%2Felpais.com%2Fespana%2F2026-01-29%2Fclaves-pueden-votar-los-inmigrantes-regularizados-y-los-nacionalizados-y-los-nietos-de-exiliados.html%3Fssm=TW_CC&amp;text=Claves%20%7C%20%C2%BFPueden%20votar%20los%20inmigrantes%20regularizados%3F%20%C2%BFY%20los%20nacionalizados%3F%20%C2%BFY%20los%20nietos%20de%20exiliados%3F&amp;via=el_pais&amp;lang=es\" data-param-description=\"Claves | \u00bfPueden votar los inmigrantes regularizados? \u00bfY los nacionalizados? \u00bfY los nietos de exiliados?\" data-param-href=\"https:\/\/elpais.com\/espana\/2026-01-29\/claves-pueden-votar-los-inmigrantes-regularizados-y-los-nacionalizados-y-los-nietos-de-exiliados.html\" data-param-text=\"Claves | \u00bfPueden votar los inmigrantes regularizados? \u00bfY los nacionalizados? \u00bfY los nietos de exiliados? via @el_pais\" data-param-url=\"https:\/\/elpais.com\/espana\/2026-01-29\/claves-pueden-votar-los-inmigrantes-regularizados-y-los-nacionalizados-y-los-nietos-de-exiliados.html\" target=\"_blank\" rel=\"noopener noreferrer\" data-share-track-dtm=\"twitter\" id=\"btn_share_twitter_788\"><span class=\"_sr\">Compartir en Twitter<\/span><\/a><\/div>\n<div class=\"w_rs_i\"><a class=\"_btn \" href=\"https:\/\/bsky.app\/intent\/compose?text=https%3A%2F%2Felpais.com%2Fespana%2F2026-01-29%2Fclaves-pueden-votar-los-inmigrantes-regularizados-y-los-nacionalizados-y-los-nietos-de-exiliados.html%3Fssm=bsky_CC\" data-param-description=\"Claves | \u00bfPueden votar los inmigrantes regularizados? \u00bfY los nacionalizados? \u00bfY los nietos de exiliados?\" data-param-href=\"https:\/\/elpais.com\/espana\/2026-01-29\/claves-pueden-votar-los-inmigrantes-regularizados-y-los-nacionalizados-y-los-nietos-de-exiliados.html\" data-param-text=\"Claves | \u00bfPueden votar los inmigrantes regularizados? \u00bfY los nacionalizados? \u00bfY los nietos de exiliados?\" data-param-url=\"https:\/\/elpais.com\/espana\/2026-01-29\/claves-pueden-votar-los-inmigrantes-regularizados-y-los-nacionalizados-y-los-nietos-de-exiliados.html\" target=\"_blank\" rel=\"noopener noreferrer\" data-share-track-dtm=\"bluesky\" id=\"btn_share_bluesky_788\"><span class=\"_sr\">Compartir en Bluesky<\/span><\/a><\/div>\n<div class=\"w_rs_i\"><a class=\"_btn \" href=\"https:\/\/www.linkedin.com\/sharing\/share-offsite\/?url=https%3A%2F%2Felpais.com%2Fespana%2F2026-01-29%2Fclaves-pueden-votar-los-inmigrantes-regularizados-y-los-nacionalizados-y-los-nietos-de-exiliados.html%3Fssm=LK_CC\" data-param-description=\"Claves | \u00bfPueden votar los inmigrantes regularizados? \u00bfY los nacionalizados? \u00bfY los nietos de exiliados?\" data-param-href=\"https:\/\/elpais.com\/espana\/2026-01-29\/claves-pueden-votar-los-inmigrantes-regularizados-y-los-nacionalizados-y-los-nietos-de-exiliados.html\" data-param-text=\"Claves | \u00bfPueden votar los inmigrantes regularizados? \u00bfY los nacionalizados? \u00bfY los nietos de exiliados?\" data-param-url=\"https:\/\/elpais.com\/espana\/2026-01-29\/claves-pueden-votar-los-inmigrantes-regularizados-y-los-nacionalizados-y-los-nietos-de-exiliados.html\" target=\"_blank\" rel=\"noopener noreferrer\" data-share-track-dtm=\"linkedin\" id=\"btn_share_linkedin_788\"><span class=\"_sr\">Compartir en Linkedin<\/span><\/a><\/div>\n<div class=\"w_rs_i\"><a class=\"_btn rs_l\" href=\"https:\/\/elpais.com\/espana\/2026-01-29\/claves-pueden-votar-los-inmigrantes-regularizados-y-los-nacionalizados-y-los-nietos-de-exiliados.html#?prm=copy_link\" data-share-track-dtm=\"copiar_url\" id=\"btn_share_link_13\"><span class=\"_sr\">Copiar enlace<\/span><\/a><\/div>\n<div class=\"w_rs_i\"><a class=\"_btn rs_c\" href=\"https:\/\/elpais.com\/espana\/2026-01-29\/claves-pueden-votar-los-inmigrantes-regularizados-y-los-nacionalizados-y-los-nietos-de-exiliados.html#comments_container\" aria-expanded=\"false\" aria-controls=\"me-c\" data-share-track-dtm=\"eskup\" id=\"btn_share_comments_13\"><span class=\"_sr\">Ir a los comentarios<\/span><\/a><\/div>\n<\/div>\n<\/div>\n<\/div>\n<div class=\"a_c clearfix\" data-dtm-region=\"articulo_cuerpo\">\n<p class>La decisi\u00f3n del Gobierno <a href=\"https:\/\/elpais.com\/espana\/2026-01-26\/podemos-anuncia-un-acuerdo-con-el-gobierno-para-una-regularizacion-extraordinaria-de-migrantes.html\" target=\"_self\" rel title=\"https:\/\/elpais.com\/espana\/2026-01-26\/podemos-anuncia-un-acuerdo-con-el-gobierno-para-una-regularizacion-extraordinaria-de-migrantes.html\">para la regularizaci\u00f3n extraordinaria de inmigrantes<\/a> ha hecho bullir las redes sociales en las \u00faltimas horas con una derivada pol\u00edtica: la medida se ha adoptado en parte para engordar el censo electoral y captar a esos nuevos votantes. Con esa tesis comulga y empuja Vox y <a href=\"https:\/\/elpais.com\/espana\/2026-01-28\/feijoo-acusa-a-sanchez-de-alterar-el-censo-con-los-inmigrantes-pese-a-que-no-votaran-hasta-dentro-de-cinco-anos.html\" target=\"_self\" rel title=\"https:\/\/elpais.com\/espana\/2026-01-28\/feijoo-acusa-a-sanchez-de-alterar-el-censo-con-los-inmigrantes-pese-a-que-no-votaran-hasta-dentro-de-cinco-anos.html\">a la misma se han sumado tambi\u00e9n voces del PP<\/a>. Pero, \u00bfc\u00f3mo funciona realmente el sistema? \u00bfPueden votar los regularizados? \u00bfY los nacionalizados? \u00bfY los nacionalizados a trav\u00e9s del mecanismo que articula la ley de Memoria de 2022? Aqu\u00ed algunas claves.<\/p>\n<p class>Lo primero que hay que tomar como punto de partida es el art\u00edculo 2 de la Constituci\u00f3n \u2014\u201cel derecho de sufragio corresponde a los espa\u00f1oles mayores de edad&#8230;\u201c\u2014. Es decir, a los nacionales, no a los residentes legales de origen extranjero. Adem\u00e1s, hay que indagar en el desarrollo de ese derecho a trav\u00e9s de distintas normas, principalmente la Ley Org\u00e1nica del R\u00e9gimen Electoral General (LOREG). <\/p>\n<p class><b>Regularizados. No pueden votar. Salvo municipales con determinados requisitos<\/b>. De la LOREG se deriva que los inmigrantes con residencia legal \u2014la que adquirir\u00e1n los extranjeros regularizados con el Real Decreto impulsado ahora\u2014 no pueden votar en las elecciones generales. Tampoco en los comicios auton\u00f3micos. <\/p>\n<p class>Dejando al margen el caso de los ciudadanos europeos, el art\u00edculo 176 de dicha ley establece que los inmigrantes con residencia legal s\u00ed pueden votar en las elecciones municipales. Pero solo cuando cumplan unas condiciones concretas. En general, <a href=\"https:\/\/infoelectoral.interior.gob.es\/es\/proceso-electoral\/preguntas-frecuentes\/el-derecho-de-sufragio\/\" target=\"_self\" rel title=\"https:\/\/infoelectoral.interior.gob.es\/es\/proceso-electoral\/preguntas-frecuentes\/el-derecho-de-sufragio\/\">y conforme a los requisitos que recoge el Ministerio de Interior,<\/a> para poder votar en los comicios locales los inmigrantes con residencia legal tienen que haber vivido ininterrumpidamente en Espa\u00f1a al menos cinco a\u00f1os, tener convenio de reciprocidad con el respectivo pa\u00eds de origen, estar empadronado en el municipio en cuesti\u00f3n e inscritos en su censo.<\/p>\n<p class>En las urnas municipales de 2023, los pa\u00edses con acuerdo de reciprocidad eran Bolivia, Cabo Verde, Chile, Colombia, Corea, Ecuador, Islandia, Noruega, Nueva Zelanda, Paraguay, Per\u00fa, Reino Unido y Trinidad y Tobago residentes en Espa\u00f1a (en cuanto a Reino Unido y a Noruega, el requisito de residencia m\u00ednimo baja a tres a\u00f1os; mientras que no se exige la condici\u00f3n temporal para Nueva Zelanda). <\/p>\n<p class><b>Nacionalizados<\/b>. Todos aquellos con nacionalidad espa\u00f1ola mayores de edad \u2014siempre que no pese sobre ellos una pena de inhabilitaci\u00f3n para el sufragio activo\u2014 pueden ejercer el derecho al voto. El <i>quid<\/i> de la cuesti\u00f3n aqu\u00ed es cu\u00e1nto tiempo se tarda en adquirir esa nacionalidad. Y, por ende, poder votar ya s\u00ed en todas las elecciones a todos los efectos.<\/p>\n<p class>Seg\u00fan el art\u00edculo 22 del C\u00f3digo Civil, para adquirir la nacionalidad hay que cumplir \u2014en lo que a la residencia legal se refiere\u2014 un plazo m\u00ednimo de 10 a\u00f1os con car\u00e1cter general y cinco para quienes hayan obtenido la condici\u00f3n de refugiado. Hay un tercer escenario, de un m\u00ednimo solo de dos a\u00f1os, cuando se trate de ciudadanos provenientes de pa\u00edses iberoamericanos o de Andorra, de Filipinas, de Guinea Ecuatorial, de Portugal o sefard\u00edes. Los comicios generales a los que Pedro S\u00e1nchez pretende volver a presentarse ser\u00e1n, <i>a priori<\/i>, en 2027. <\/p>\n<p class><b>Nacionalizados por Ley de Memoria Democr\u00e1tica<\/b>. La ley de Memoria Hist\u00f3rica de 2007, aprobada bajo el Gobierno de Jos\u00e9 Luis Rodr\u00edguez Zapatero, estableci\u00f3 unos criterios para que descendientes de exiliados o emigrantes espa\u00f1oles pudieran solicitar la nacionalidad espa\u00f1ola. Despu\u00e9s, en 2022 y ya con el Ejecutivo de coalici\u00f3n de PSOE y Sumar, la ley de Memoria democr\u00e1tica (2022) ampli\u00f3 esos requisitos. Esas personas, una vez cursada y aprobada su petici\u00f3n de nacionalidad, y luego inscritos en el Censo de Espa\u00f1oles Residentes Ausentes (CERA), podr\u00e1n votar como cualquier otro nacional espa\u00f1ol en las elecciones generales. No as\u00ed en las municipales, porque no est\u00e1n adscritos a una localidad espa\u00f1ola.<\/p>\n<p class>El plazo definitivo, tras la correspondiente pr\u00f3rroga, para solicitar la nacionalidad por el proceso de la ley de Memoria Democr\u00e1tica se cerr\u00f3 el pasado 21 de octubre, con un alud de peticiones. En el inicio del pasado mes de diciembre, <a href=\"https:\/\/elpais.com\/espana\/2025-12-01\/mas-de-un-millon-de-descendientes-de-espanoles-han-pedido-la-nacionalidad-y-13-millones-mas-esperan-cita.html\" target=\"_self\" rel title=\"https:\/\/elpais.com\/espana\/2025-12-01\/mas-de-un-millon-de-descendientes-de-espanoles-han-pedido-la-nacionalidad-y-13-millones-mas-esperan-cita.html\">m\u00e1s de un mill\u00f3n de descendientes de exiliados o emigrantes espa\u00f1oles<\/a> hab\u00edan tramitado ya su solicitud para obtener la nacionalidad al amparo de la ley de Memoria Democr\u00e1tica de 2022 en la red consular del Ministerio de Asuntos Exteriores, mientras que 1,3 millones m\u00e1s hab\u00edan pedido cita para entregar su documentaci\u00f3n. A 1 de diciembre de 2025, del mill\u00f3n de expedientes iniciados, aproximadamente la mitad hab\u00edan sido ya resueltos con la concesi\u00f3n de la nacionalidad, aunque muchos estaban pendientes de que se formalizase la inscripci\u00f3n, mientras que las denegaciones no llegaban al 2% del total.<\/p>\n<p class>Sobre el voto de los latinoamericanos en Espa\u00f1a, Carles Pemies, profesor de Ciencia Pol\u00edtica en la UNED, indica que \u201cvotan mayoritariamente a la izquierda, salvo venezolanos y cubanos\u201d. El an\u00e1lisis en profundidad de esas tendencias fue desarrollado por Pemies y otros colegas en la revista especializada <a href=\"https:\/\/doi.org\/10.1177%2F0002764221996752\" rel>American Behavioral Scientist<\/a>. \u201cLas leyes son las que son y los procesos de regularizaci\u00f3n hay ahora y ha habido en el pasado y eso no cambia la forma en de c\u00f3mo se nacionaliza o se vota\u201d, subraya este experto. <\/p>\n<\/div>\n<div id=\"me-dis\" class=\"me _pf\">\n<div class=\"me_bg\">\n<div class=\"me-dis _pa _df\">\n<div class=\"me-dis_c\">\n<h2 class=\"me-dis_t\">Tu suscripci\u00f3n se est\u00e1 usando en otro dispositivo<\/h2>\n<p>\u00bfQuieres a\u00f1adir otro usuario a tu suscripci\u00f3n?<\/p>\n<div class=\"me-dis_l\"><a href=\"https:\/\/elpais.com\/suscripciones\/premium\/upgrade\/?utm_source=autopromo&amp;utm_medium=interno&amp;utm_campaign=YYYY_MM_capping_upgrade\" id=\"capping-upgrade\" class=\"btn\">A\u00f1adir usuario<\/a><a href=\"https:\/\/elpais.com\/espana\/2026-01-29\/claves-pueden-votar-los-inmigrantes-regularizados-y-los-nacionalizados-y-los-nietos-de-exiliados.html\" id=\"capping-continue\" class=\"btn btn-b\">Continuar leyendo aqu\u00ed<\/a><\/div>\n<p>Si contin\u00faas leyendo en este dispositivo, no se podr\u00e1 leer en el otro.<\/p>\n<p class=\"lk\"><a href=\"https:\/\/elpais.com\/espana\/2026-01-29\/claves-pueden-votar-los-inmigrantes-regularizados-y-los-nacionalizados-y-los-nietos-de-exiliados.html\" id=\"capping-show-more-button\">\u00bfPor qu\u00e9 est\u00e1s viendo esto?<\/a><\/p>\n<p><span class=\"arrow\" id=\"capping-arrow\">Flecha<\/span><\/p>\n<div class=\"me-dis_d\">\n<div class=\"me-dis_d_t\">\n<h2 class=\"enc\">Tu suscripci\u00f3n se est\u00e1 usando en otro dispositivo y solo puedes acceder a EL PA\u00cdS desde un dispositivo a la vez.<\/h2>\n<div class=\"tx\">\n<p>Si quieres compartir tu cuenta, cambia tu suscripci\u00f3n a la modalidad Premium, as\u00ed podr\u00e1s a\u00f1adir otro usuario. Cada uno acceder\u00e1 con su propia cuenta de email, lo que os permitir\u00e1 personalizar vuestra experiencia en EL PA\u00cdS.<\/p>\n<p>\u00bfTienes una suscripci\u00f3n de empresa? Accede <a target=\"_blank\" rel=\"noreferrer\" href=\"https:\/\/elpais.com\/suscripciones\/premium\/upgrade\/\">aqu\u00ed<\/a> para contratar m\u00e1s cuentas.<\/p>\n<p>En el caso de no saber qui\u00e9n est\u00e1 usando tu cuenta, te recomendamos cambiar tu contrase\u00f1a <a target=\"_blank\" rel=\"noreferrer\" href=\"https:\/\/elpais.com\/subscriptions\/#\/forgot-password\">aqu\u00ed.<\/a><\/p>\n<p>Si decides continuar compartiendo tu cuenta, este mensaje se mostrar\u00e1 en tu dispositivo y en el de la otra persona que est\u00e1 usando tu cuenta de forma indefinida, afectando a tu experiencia de lectura. Puedes <a target=\"_blank\" rel=\"noreferrer\" href=\"https:\/\/elpais.com\/suscripciones\/condiciones-generales-servicios\/\">consultar aqu\u00ed los t\u00e9rminos y condiciones de la suscripci\u00f3n digital.<\/a><\/p>\n<\/div>\n<\/div>\n<\/div>\n<\/div>\n<\/div>\n<\/div>\n<\/div>\n<aside class=\"w w-sea\">\n<h2 class=\"w_t\">Sobre la firma<\/h2>\n<div class=\"w_b\">\n<div class=\"_g _g-xs\">\n<figure class=\"w-sea_f a_m-h c_m--nf\"><span class=\"a_m_w _db\"><img decoding=\"async\" alt=\"Virginia Mart\u00ednez\" class=\"_re lazyload a_m-h\" height=\"100\" width=\"100\" src=\"https:\/\/analyse.optim.biz\/wp-content\/uploads\/2026\/01\/https3a2f2fauthor-service-images-prod-us-east-1-publishing-aws_-arc_-pub2fprisa2f7a1fbec4-d02d-4e47-9e15-9a890312f070-1.jpg\" loading=\"lazy\" title=\"https3a2f2fauthor-service-images-prod-us-east-1-publishing-aws_-arc_-pub2fprisa2f7a1fbec4-d02d-4e47-9e15-9a890312f070-1\"><\/span><\/figure>\n<div class=\"w-sea_txt\">\n<div class=\"_df\">\n<div class=\"w-sea_txt_na\"><a href=\"https:\/\/elpais.com\/autor\/virginia-martinez-crespo\/\" rel=\"autor_bottom\">Virginia Mart\u00ednez<\/a><\/div>\n<div class=\"w_rs_i\"><a class=\"_btn \" href=\"https:\/\/twitter.com\/virmarcres\" target=\"_blank\" rel=\"noopener noreferrer\"><span class=\"_sr\">Virginia Mart\u00ednez &#8211; twitter<\/span><\/a><\/div>\n<\/div>\n<div class=\"w-sea_txt_da _dn\">Es redactora en la secci\u00f3n de Espa\u00f1a y ha desarrollado la mayor parte de su carrera en EL PA\u00cdS, donde trabaj\u00f3 en la secci\u00f3n audiovisual hasta verano de 2021. Antes cubri\u00f3 informaci\u00f3n local en el diario Granada Hoy. Es licenciada en Derecho por la Universidad de Granada y en Periodismo por la Universidad de M\u00e1laga y M\u00e1ster de Periodismo de EL PA\u00cdS. <\/div>\n<\/div>\n<\/div>\n<\/div>\n<\/aside>\n<aside class=\"w w-fid\">\n<div class=\"w_b\">\n<div class=\"w-fid_t\"><a href=\"https:\/\/plus.elpais.com\/newsletters\/lnp\/1\/2\/#?prm=not_newsletters_espana\">El mejor an\u00e1lisis de la actualidad con Milagros P\u00e9rez Oliva, en EL PA\u00cdS de la ma\u00f1ana.<\/a><\/div>\n<div class=\"w-fid_s\">\n<div class=\"w_rs\">\n<div class=\"w_rs_i\"><a class=\"_btn\" href=\"https:\/\/www.facebook.com\/elpais\" rel=\"nofollow\"><span class=\"_sr\">Espana El Pa\u00eds en Facebook<\/span><\/a><\/div>\n<div class=\"w_rs_i\"><a class=\"_btn\" href=\"https:\/\/www.instagram.com\/el_pais\/\" rel=\"nofollow\"><span class=\"_sr\">Espana El Pa\u00eds en Instagram<\/span><\/a><\/div>\n<div class=\"w_rs_i\"><a class=\"_btn\" href=\"https:\/\/twitter.com\/el_pais\" rel=\"nofollow\"><span class=\"_sr\">Espana El Pa\u00eds en Twitter<\/span><\/a><\/div>\n<\/div>\n<\/div>\n<\/div>\n<\/aside>\n<aside class=\"a_com w w-com _df\"><a class=\"a_com_l\" href=\"https:\/\/elpais.com\/info\/normas-de-participacion\/\">Normas \u203a<\/a><\/aside>\n<div class=\"me _pf\" id=\"me-c\">\n<div class=\"me_bg\">\n<div class=\"me-c _pa\" id=\"comments_container\" data-dtm-region=\"articulo_comentarios\">\n<div class=\"me_f me_f-os me_cc\"><a href=\"https:\/\/plus.elpais.com\/perfil\/actividad\/\">Mis comentarios<\/a><a href=\"https:\/\/elpais.com\/info\/normas-de-participacion\/\">Normas<\/a><\/div>\n<div class=\"me_f me_f-ns\"><span class=\"me_f_txt _db\">Rellena tu <b>nombre y apellido<\/b> para comentar<\/span><a href=\"https:\/\/plus.elpais.com\/autorization.html\/?prod=COM&amp;backURL=https%3A%2F%2Felpais.com%2Fespana%2F2026-01-29%2Fclaves-pueden-votar-los-inmigrantes-regularizados-y-los-nacionalizados-y-los-nietos-de-exiliados.html%3Futm_campaign%3Delpaisdelamanana_2026.01.29%26sma%3Delpaisdelamanana_2026.01.29%26utm_source%3Dnewsletter%26utm_medium%3Demail\" class=\"btn btn-2\">completar datos<\/a><\/div>\n<div class=\"me_f\" id=\"comments_msg\"><a class=\"btn btn-2\" href=\"https:\/\/elpais.com\/suscripciones\/#\/campaign?prod=SUSDIGCRART&amp;o=COM&amp;prm=suscrip_articulo_comentarios_el-pais&amp;backURL=https%3A%2F%2Felpais.com%2Fespana%2F2026-01-29%2Fclaves-pueden-votar-los-inmigrantes-regularizados-y-los-nacionalizados-y-los-nietos-de-exiliados.html%3Futm_campaign%3Delpaisdelamanana_2026.01.29%26sma%3Delpaisdelamanana_2026.01.29%26utm_source%3Dnewsletter%26utm_medium%3Demail\" id=\"comments_subscribe_link\" data-link-am=\"https:\/\/elpais.com\/suscripciones\/america\/#\/campaign?prod=SUSDIGCRARTAM&amp;o=COMAM&amp;prm=suscrip_articulo_comentarios_el-pais-america&amp;backURL=https%3A%2F%2Felpais.com%2Fespana%2F2026-01-29%2Fclaves-pueden-votar-los-inmigrantes-regularizados-y-los-nacionalizados-y-los-nietos-de-exiliados.html%3Futm_campaign%3Delpaisdelamanana_2026.01.29%26sma%3Delpaisdelamanana_2026.01.29%26utm_source%3Dnewsletter%26utm_medium%3Demail\" data-link-mx=\"https:\/\/elpais.com\/suscripciones\/america\/#\/campaign?prod=SUSDIGMX&amp;o=COMMX&amp;prm=suscrip_articulo_comentarios_el-pais-mexico&amp;backURL=https%3A%2F%2Felpais.com%2Fespana%2F2026-01-29%2Fclaves-pueden-votar-los-inmigrantes-regularizados-y-los-nacionalizados-y-los-nietos-de-exiliados.html%3Futm_campaign%3Delpaisdelamanana_2026.01.29%26sma%3Delpaisdelamanana_2026.01.29%26utm_source%3Dnewsletter%26utm_medium%3Demail\" data-link-co=\"https:\/\/elpais.com\/suscripciones\/america\/#\/campaign?prod=SUSDIGCOL&amp;o=COMCOL&amp;prm=suscrip_articulo_comentarios_el-pais_colombia&amp;backURL=https%3A%2F%2Felpais.com%2Fespana%2F2026-01-29%2Fclaves-pueden-votar-los-inmigrantes-regularizados-y-los-nacionalizados-y-los-nietos-de-exiliados.html%3Futm_campaign%3Delpaisdelamanana_2026.01.29%26sma%3Delpaisdelamanana_2026.01.29%26utm_source%3Dnewsletter%26utm_medium%3Demail\" data-link-ar=\"https:\/\/elpais.com\/suscripciones\/america\/#\/campaign?prod=SUSDIGCRARTAR&amp;o=COMAR&amp;backURL=https%3A%2F%2Felpais.com%2Fespana%2F2026-01-29%2Fclaves-pueden-votar-los-inmigrantes-regularizados-y-los-nacionalizados-y-los-nietos-de-exiliados.html%3Futm_campaign%3Delpaisdelamanana_2026.01.29%26sma%3Delpaisdelamanana_2026.01.29%26utm_source%3Dnewsletter%26utm_medium%3Demail\" data-link-cl=\"https:\/\/elpais.com\/suscripciones\/america\/#\/campaign?prod=SUSDIGCHILE&amp;o=COMCHILE&amp;backURL=https%3A%2F%2Felpais.com%2Fespana%2F2026-01-29%2Fclaves-pueden-votar-los-inmigrantes-regularizados-y-los-nacionalizados-y-los-nietos-de-exiliados.html%3Futm_campaign%3Delpaisdelamanana_2026.01.29%26sma%3Delpaisdelamanana_2026.01.29%26utm_source%3Dnewsletter%26utm_medium%3Demail\" data-link-us=\"https:\/\/elpais.com\/suscripciones\/america\/#\/campaign?prod=SUSDIGCRARTEUCAN&amp;o=COMUS&amp;prm=suscrip_articulo_comentarios_el-pais_eucan&amp;backURL=https%3A%2F%2Felpais.com%2Fespana%2F2026-01-29%2Fclaves-pueden-votar-los-inmigrantes-regularizados-y-los-nacionalizados-y-los-nietos-de-exiliados.html%3Futm_campaign%3Delpaisdelamanana_2026.01.29%26sma%3Delpaisdelamanana_2026.01.29%26utm_source%3Dnewsletter%26utm_medium%3Demail\">Suscr\u00edbete en El Pa\u00eds para participar<\/a><a class=\"btn btn-3\" href=\"https:\/\/elpais.com\/subscriptions\/#\/sign-in?prod=REG&amp;o=COM&amp;prm=login_articulo_comentarios_el-pais&amp;backURL=https%3A%2F%2Felpais.com%2Fespana%2F2026-01-29%2Fclaves-pueden-votar-los-inmigrantes-regularizados-y-los-nacionalizados-y-los-nietos-de-exiliados.html%3Futm_campaign%3Delpaisdelamanana_2026.01.29%26sma%3Delpaisdelamanana_2026.01.29%26utm_source%3Dnewsletter%26utm_medium%3Demail\" id=\"comments_login_link\" data-link-am=\"https:\/\/elpais.com\/subscriptions\/#\/sign-in?prod=REG&amp;o=COM&amp;prm=login_articulo_comentarios_el-pais-america&amp;backURL=https%3A%2F%2Felpais.com%2Fespana%2F2026-01-29%2Fclaves-pueden-votar-los-inmigrantes-regularizados-y-los-nacionalizados-y-los-nietos-de-exiliados.html%3Futm_campaign%3Delpaisdelamanana_2026.01.29%26sma%3Delpaisdelamanana_2026.01.29%26utm_source%3Dnewsletter%26utm_medium%3Demail\" data-link-mx=\"https:\/\/elpais.com\/subscriptions\/#\/sign-in?prod=REG&amp;o=COM&amp;prm=login_articulo_comentarios_el-pais-mexico&amp;backURL=https%3A%2F%2Felpais.com%2Fespana%2F2026-01-29%2Fclaves-pueden-votar-los-inmigrantes-regularizados-y-los-nacionalizados-y-los-nietos-de-exiliados.html%3Futm_campaign%3Delpaisdelamanana_2026.01.29%26sma%3Delpaisdelamanana_2026.01.29%26utm_source%3Dnewsletter%26utm_medium%3Demail\" data-link-co=\"https:\/\/elpais.com\/subscriptions\/#\/sign-in?prod=REG&amp;o=COM&amp;backURL=https%3A%2F%2Felpais.com%2Fespana%2F2026-01-29%2Fclaves-pueden-votar-los-inmigrantes-regularizados-y-los-nacionalizados-y-los-nietos-de-exiliados.html%3Futm_campaign%3Delpaisdelamanana_2026.01.29%26sma%3Delpaisdelamanana_2026.01.29%26utm_source%3Dnewsletter%26utm_medium%3Demail\" data-link-ar=\"https:\/\/elpais.com\/subscriptions\/#\/sign-in?prod=REG&amp;o=COM&amp;backURL=https%3A%2F%2Felpais.com%2Fespana%2F2026-01-29%2Fclaves-pueden-votar-los-inmigrantes-regularizados-y-los-nacionalizados-y-los-nietos-de-exiliados.html%3Futm_campaign%3Delpaisdelamanana_2026.01.29%26sma%3Delpaisdelamanana_2026.01.29%26utm_source%3Dnewsletter%26utm_medium%3Demail\" data-link-cl=\"https:\/\/elpais.com\/subscriptions\/#\/sign-in?prod=REG&amp;o=COM&amp;backURL=https%3A%2F%2Felpais.com%2Fespana%2F2026-01-29%2Fclaves-pueden-votar-los-inmigrantes-regularizados-y-los-nacionalizados-y-los-nietos-de-exiliados.html%3Futm_campaign%3Delpaisdelamanana_2026.01.29%26sma%3Delpaisdelamanana_2026.01.29%26utm_source%3Dnewsletter%26utm_medium%3Demail\" data-link-us=\"https:\/\/elpais.com\/subscriptions\/#\/sign-in?prod=REG&amp;o=COM&amp;backURL=https%3A%2F%2Felpais.com%2Fespana%2F2026-01-29%2Fclaves-pueden-votar-los-inmigrantes-regularizados-y-los-nacionalizados-y-los-nietos-de-exiliados.html%3Futm_campaign%3Delpaisdelamanana_2026.01.29%26sma%3Delpaisdelamanana_2026.01.29%26utm_source%3Dnewsletter%26utm_medium%3Demail\">Ya tengo una suscripci\u00f3n<\/a><\/div>\n<p>Please enable JavaScript to view the &lt;a href=&#8221;https:\/\/disqus.com\/?ref_noscript&#8221; rel=&#8221;nofollow&#8221;&gt; comments powered by Disqus.&lt;\/a&gt;<\/p><\/div>\n<\/div>\n<\/div>\n<aside class=\"w w-rel\" data-dtm-region=\"articulo_mas-informacion\">\n<h2 class=\"w_t\">M\u00e1s informaci\u00f3n<\/h2>\n<ul class=\"w_b _ls\">\n<li class=\"_g _g-xs w-rel_n\">\n<div class=\" a_m-h c_m--nf\"><span class=\"_db _pr\"><img decoding=\"async\" class=\"_re lazyload a_m-h\" height=\"311\" width=\"414\" src=\"https:\/\/analyse.optim.biz\/wp-content\/uploads\/2026\/01\/vwzgws7jtnjsxkjirc53svc6k4-2.jpg\" loading=\"lazy\" title=\"vwzgws7jtnjsxkjirc53svc6k4-2\"><\/span><\/div>\n<div class=\"nt\">\n<h3 class=\"nt_t\"><a href=\"https:\/\/elpais.com\/espana\/2026-01-28\/feijoo-acusa-a-sanchez-de-alterar-el-censo-con-los-inmigrantes-pese-a-que-no-votaran-hasta-dentro-de-cinco-anos.html#?rel=mas\">Feij\u00f3o acusa a S\u00e1nchez de alterar el censo con los inmigrantes pese a que no podr\u00e1n votar de forma inmediata<\/a><\/h3>\n<div class=\"nt_a\"><a href=\"https:\/\/elpais.com\/autor\/elsa-garcia-de-blas\/\" title=\"Ver todas las noticias de Elsa Garc\u00eda de Blas\">Elsa Garc\u00eda de Blas<\/a> | Madrid<\/div>\n<\/div>\n<\/li>\n<li class=\"_g _g-xs w-rel_n\">\n<div class=\" a_m-h c_m--nf\"><span class=\"_db _pr\"><img decoding=\"async\" class=\"_re lazyload a_m-h\" height=\"311\" width=\"414\" src=\"https:\/\/analyse.optim.biz\/wp-content\/uploads\/2026\/01\/s7blh7svvnhn3hfzdxlgurcwtm-2.jpg\" loading=\"lazy\" title=\"s7blh7svvnhn3hfzdxlgurcwtm-2\"><\/span><\/div>\n<div class=\"nt\">\n<h3 class=\"nt_t\"><a href=\"https:\/\/elpais.com\/espana\/2026-01-27\/los-inmigrantes-podran-solicitar-su-regularizacion-entre-abril-y-junio.html#?rel=mas\">La regularizaci\u00f3n de inmigrantes alcanza a quienes solicitaron asilo y a los hijos menores  <\/a><\/h3>\n<div class=\"nt_a\"><a href=\"https:\/\/elpais.com\/autor\/carmen-moran-brena\/\" title=\"Ver todas las noticias de Carmen Mor\u00e1n Bre\u00f1a\">Carmen Mor\u00e1n Bre\u00f1a<\/a> | Madrid<\/div>\n<\/div>\n<\/li>\n<\/ul>\n<\/aside>\n<section class=\"w w-ae\" data-dtm-region=\"articulo_archivado-en\">\n<h2 class=\"w_t\">Archivado En<\/h2>\n<div class=\"w_b\">\n<ul class=\"w_ul w_ul--mh _df _ls\">\n<li><a href=\"https:\/\/elpais.com\/noticias\/espana\/#?rel=arch\" rel=\"noopener noreferrer\">Espa\u00f1a<\/a><\/li>\n<li><a href=\"https:\/\/elpais.com\/noticias\/inmigracion\/#?rel=arch\" rel=\"noopener noreferrer\">Inmigraci\u00f3n<\/a><\/li>\n<li><a href=\"https:\/\/elpais.com\/noticias\/inmigracion-irregular\/#?rel=arch\" rel=\"noopener noreferrer\">Inmigraci\u00f3n irregular<\/a><\/li>\n<li><a href=\"https:\/\/elpais.com\/noticias\/alberto-nunez-feijoo\/#?rel=arch\" rel=\"noopener noreferrer\">Alberto N\u00fa\u00f1ez Feij\u00f3o<\/a><\/li>\n<li><a href=\"https:\/\/elpais.com\/noticias\/pedro-sanchez-perez-castejon\/#?rel=arch\" rel=\"noopener noreferrer\">Pedro S\u00e1nchez<\/a><\/li>\n<li><a href=\"https:\/\/elpais.com\/noticias\/santiago-abascal\/#?rel=arch\" rel=\"noopener noreferrer\">Santiago Abascal<\/a><\/li>\n<li><a href=\"https:\/\/elpais.com\/noticias\/vox-espana\/#?rel=arch\" rel=\"noopener noreferrer\">Vox<\/a><\/li>\n<li><a href=\"https:\/\/elpais.com\/noticias\/pp-partido-popular\/#?rel=arch\" rel=\"noopener noreferrer\">PP<\/a><\/li>\n<li><a href=\"https:\/\/elpais.com\/noticias\/psoe-partido-socialista-obrero-espanol\/#?rel=arch\" rel=\"noopener noreferrer\">PSOE<\/a><\/li>\n<li><a href=\"https:\/\/elpais.com\/noticias\/elecciones\/#?rel=arch\" rel=\"noopener noreferrer\">Elecciones<\/a><\/li>\n<li><a href=\"https:\/\/elpais.com\/noticias\/regularizacion-inmigrantes\/#?rel=arch\" rel=\"noopener noreferrer\">Regularizaci\u00f3n inmigrantes<\/a><\/li>\n<\/ul>\n<\/div>\n<\/section>\n<aside class=\"a_tp _df\">\n<div class=\"a_tp_txt\"><span class=\"a_tp_t\">Se adhiere a los criterios de<\/span><\/p>\n<figure class=\"a_m a_m-h c_m--nf\"><a class=\"a_tp_i _dib\" href=\"https:\/\/elpais.com\/estaticos\/que-es-the-trust-project\/\" target=\"_blank\" rel=\"noopener noreferrer nofollow\"><img decoding=\"async\" alt=\"The Trust Project\" class=\" lazyload a_m-h\" height=\"20\" width=\"117\" src=\"https:\/\/analyse.optim.biz\/wp-content\/uploads\/2026\/01\/the-trust-project-384.svg\" loading=\"lazy\" title=\"the-trust-project-384\"><\/a><\/figure>\n<p><a class=\"a_tp_mi\" href=\"https:\/\/elpais.com\/estaticos\/codigo-etico\/\" target=\"_blank\" rel=\"noopener noreferrer nofollow\">M\u00e1s informaci\u00f3n<\/a><\/div>\n<div class=\"a_tp_si\">Si est\u00e1 interesado en licenciar este contenido, pinche <a class=\"a_tp_si_l\" href=\"https:\/\/profesional.elpais.com\/soluciones-sindicacion\/?utm_medium=interno&amp;utm_source=crosslinking&amp;utm_campaign=sindicacion_ep_pie_articulos\" target=\"_blank\" rel=\"noopener noreferrer nofollow\">aqu\u00ed<\/a><\/div>\n<\/aside>\n<div class=\"a_o _pr\" data-dtm-region=\"articulo_right-rail\">\n<div id=\"elpais_gpt-MPU1\" data-adtype=\"MPU\" class=\"ad ad-mpu\"><span class=\"_dn\">_<\/span><\/div>\n<section class=\"w w-sc b_col\" data-dtm-region=\"articulo_ultimas-noticias\">\n<header class=\"w_h b_col_h\">\n<h3 class=\"w_t\"><a href=\"https:\/\/elpais.com\/ultimas-noticias\/\" rel=\"story-card-ultimas-noticias\">\u00daltimas noticias<\/a><\/h3>\n<\/header>\n<div class=\"w_b\">\n<article class=\"c  c--m-n   \" data-word=\"0\">\n<header class=\"c_h\"><time datetime=\"2026-01-29T17:48:26+01:00\" class=\"c_da\">17:48<\/time><\/p>\n<h2 class=\"c_t \"><a href=\"https:\/\/elpais.com\/espana\/comunidad-valenciana\/2026-01-29\/la-fiscalia-de-madrid-archiva-su-investigacion-sobre-unas-presuntas-declaraciones-homofobas-del-obispo-de-alicante.html\">La Fiscal\u00eda de Madrid archiva su investigaci\u00f3n sobre unas presuntas declaraciones hom\u00f3fobas del obispo de Alicante<\/a><\/h2>\n<\/header>\n<\/article>\n<article class=\"c  c--m-n   \" data-word=\"0\">\n<header class=\"c_h\"><time datetime=\"2026-01-29T17:44:31+01:00\" class=\"c_da\">17:44<\/time><\/p>\n<h2 class=\"c_t \"><a href=\"https:\/\/elpais.com\/espana\/madrid\/2026-01-29\/ayuso-no-acatara-la-orden-de-prohibir-la-entrada-a-menores-de-18-anos-a-las-corridas-de-toros.html\">Ayuso no acatar\u00e1 la orden de prohibir la entrada a menores de 18 a\u00f1os a las corridas de toros<\/a><\/h2>\n<\/header>\n<\/article>\n<article class=\"c  c--m-n   \" data-word=\"0\">\n<header class=\"c_h\"><time datetime=\"2026-01-29T17:42:11+01:00\" class=\"c_da\">17:42<\/time><\/p>\n<h2 class=\"c_t \"><a href=\"https:\/\/elpais.com\/sociedad\/2026-01-29\/la-fiscalia-investiga-la-administracion-de-vacunas-caducadas-a-103-personas-en-el-pais-vasco.html\">La Sanidad vasca admite que ha administrado otros dos tipos de vacunas caducadas, con 78 potenciales afectados m\u00e1s <\/a><\/h2>\n<\/header>\n<\/article>\n<article class=\"c  c--m-n   \" data-word=\"0\">\n<header class=\"c_h\"><time datetime=\"2026-01-29T17:25:34+01:00\" class=\"c_da\">17:25<\/time><\/p>\n<h2 class=\"c_t \"><a href=\"https:\/\/elpais.com\/america\/2026-01-29\/joseph-oughourlian-debemos-defender-el-pensamiento-critico-y-la-verdad-cueste-lo-que-cueste.html\">Joseph Oughourlian: \u201cDebemos defender el pensamiento cr\u00edtico y la verdad, cueste lo que cueste\u201d<\/a><\/h2>\n<\/header>\n<\/article>\n<\/div>\n<\/section>\n<aside class=\"w w-lmv\" data-dtm-region=\"articulo_lom\">\n<h2 class=\"w_t\"><a href=\"https:\/\/elpais.com\/lo-mas-visto\/\">Lo m\u00e1s visto<\/a><\/h2>\n<div class=\"w_b\">\n<ol class=\"_ls\">\n<li><a href=\"https:\/\/elpais.com\/economia\/2026-01-27\/trump-bendice-la-caida-del-dolar-va-muy-bien-miren-los-negocios-que-estamos-haciendo.html#?rel=lom\">Trump asegura que no le preocupa la ca\u00edda del d\u00f3lar: \u201cVa muy bien, miren los negocios que estamos haciendo\u201d<\/a><\/li>\n<li><a href=\"https:\/\/elpais.com\/internacional\/2026-01-28\/el-primer-ministro-groenlandes-la-casa-blanca-no-tiene-ni-idea-de-lo-que-es-groenlandia.html#?rel=lom\">El primer ministro groenland\u00e9s: \u201cLa Casa Blanca no tiene ni idea de lo que es Groenlandia\u201d<\/a><\/li>\n<li><a href=\"https:\/\/elpais.com\/espana\/catalunya\/2026-01-28\/el-traspaso-de-la-inmigracion-a-cataluna-se-abre-paso-junts-acepta-cambiar-el-preambulo-de-la-ley-que-rechazaba-podemos.html#?rel=lom\">El traspaso de la inmigraci\u00f3n a Catalu\u00f1a se abre paso: Junts acepta cambiar el pre\u00e1mbulo de la ley que rechazaba Podemos<\/a><\/li>\n<li><a href=\"https:\/\/elpais.com\/espana\/2026-01-27\/la-guardia-civil-investiga-a-un-hombre-por-robar-571-pinos-pinoneros-en-valladolid-y-utilizarlos-para-hacer-biomasa.html#?rel=lom\">La Guardia Civil investiga a un hombre por robar 571 pinos pi\u00f1oneros en Valladolid y utilizarlos para hacer biomasa<\/a><\/li>\n<li><a href=\"https:\/\/elpais.com\/internacional\/2026-01-28\/siete-jefes-de-estado-dejan-atras-las-diferencias-ideologicas-y-piden-una-integracion-latinoamericana.html#?rel=lom\">Siete jefes de Estado dejan atr\u00e1s las diferencias ideol\u00f3gicas y piden una integraci\u00f3n latinoamericana<\/a><\/li>\n<\/ol>\n<\/div>\n<\/aside>\n<\/div>\n<\/article>\n<article class=\"c  c--m-n   \" data-word=\"0\">\n<header class=\"c_h\"><time datetime=\"2026-01-29T17:48:26+01:00\" class=\"c_da\">17:48<\/time><\/p>\n<h2 class=\"c_t \"><a href=\"https:\/\/elpais.com\/espana\/comunidad-valenciana\/2026-01-29\/la-fiscalia-de-madrid-archiva-su-investigacion-sobre-unas-presuntas-declaraciones-homofobas-del-obispo-de-alicante.html\">La Fiscal\u00eda de Madrid archiva su investigaci\u00f3n sobre unas presuntas declaraciones hom\u00f3fobas del obispo de Alicante<\/a><\/h2>\n<\/header>\n<\/article>\n<article class=\"c  c--m-n   \" data-word=\"0\">\n<header class=\"c_h\"><time datetime=\"2026-01-29T17:44:31+01:00\" class=\"c_da\">17:44<\/time><\/p>\n<h2 class=\"c_t \"><a href=\"https:\/\/elpais.com\/espana\/madrid\/2026-01-29\/ayuso-no-acatara-la-orden-de-prohibir-la-entrada-a-menores-de-18-anos-a-las-corridas-de-toros.html\">Ayuso no acatar\u00e1 la orden de prohibir la entrada a menores de 18 a\u00f1os a las corridas de toros<\/a><\/h2>\n<\/header>\n<\/article>\n<article class=\"c  c--m-n   \" data-word=\"0\">\n<header class=\"c_h\"><time datetime=\"2026-01-29T17:42:11+01:00\" class=\"c_da\">17:42<\/time><\/p>\n<h2 class=\"c_t \"><a href=\"https:\/\/elpais.com\/sociedad\/2026-01-29\/la-fiscalia-investiga-la-administracion-de-vacunas-caducadas-a-103-personas-en-el-pais-vasco.html\">La Sanidad vasca admite que ha administrado otros dos tipos de vacunas caducadas, con 78 potenciales afectados m\u00e1s <\/a><\/h2>\n<\/header>\n<\/article>\n<article class=\"c  c--m-n   \" data-word=\"0\">\n<header class=\"c_h\"><time datetime=\"2026-01-29T17:25:34+01:00\" class=\"c_da\">17:25<\/time><\/p>\n<h2 class=\"c_t \"><a href=\"https:\/\/elpais.com\/america\/2026-01-29\/joseph-oughourlian-debemos-defender-el-pensamiento-critico-y-la-verdad-cueste-lo-que-cueste.html\">Joseph Oughourlian: \u201cDebemos defender el pensamiento cr\u00edtico y la verdad, cueste lo que cueste\u201d<\/a><\/h2>\n<\/header>\n<\/article>\n<p> Source URL: https:\/\/elpais.com\/espana\/2026-01-29\/claves-pueden-votar-los-inmigrantes-regularizados-y-los-nacionalizados-y-los-nietos-de-exiliados.html<\/p>\n","protected":false},"excerpt":{"rendered":"<p>REGULARIZACI\u00d3N DE INMIGRANTES Claves | \u00bfPueden votar los inmigrantes regularizados? \u00bfY los nacionalizados? \u00bfY los nietos de exiliados? La pol\u00e9mica bulle en redes sociales y en voces de la derecha despu\u00e9s del anuncio del Real Decreto pactado por el Gobierno y Podemos Manifestaci\u00f3n para impulsar la iniciativa legislativa popular para la regularizaci\u00f3n masiva de inmigrantes, [&hellip;]<\/p>\n","protected":false},"author":1,"featured_media":1543621,"comment_status":"open","ping_status":"","sticky":false,"template":"","format":"standard","meta":{"footnotes":""},"categories":[88],"tags":[92],"class_list":["post-1543620","post","type-post","status-publish","format-standard","has-post-thumbnail","hentry","category-spain","tag-elpais-com"],"_links":{"self":[{"href":"https:\/\/analyse.optim.biz\/index.php?rest_route=\/wp\/v2\/posts\/1543620","targetHints":{"allow":["GET"]}}],"collection":[{"href":"https:\/\/analyse.optim.biz\/index.php?rest_route=\/wp\/v2\/posts"}],"about":[{"href":"https:\/\/analyse.optim.biz\/index.php?rest_route=\/wp\/v2\/types\/post"}],"author":[{"embeddable":true,"href":"https:\/\/analyse.optim.biz\/index.php?rest_route=\/wp\/v2\/users\/1"}],"replies":[{"embeddable":true,"href":"https:\/\/analyse.optim.biz\/index.php?rest_route=%2Fwp%2Fv2%2Fcomments&post=1543620"}],"version-history":[{"count":0,"href":"https:\/\/analyse.optim.biz\/index.php?rest_route=\/wp\/v2\/posts\/1543620\/revisions"}],"wp:featuredmedia":[{"embeddable":true,"href":"https:\/\/analyse.optim.biz\/index.php?rest_route=\/wp\/v2\/media\/1543621"}],"wp:attachment":[{"href":"https:\/\/analyse.optim.biz\/index.php?rest_route=%2Fwp%2Fv2%2Fmedia&parent=1543620"}],"wp:term":[{"taxonomy":"category","embeddable":true,"href":"https:\/\/analyse.optim.biz\/index.php?rest_route=%2Fwp%2Fv2%2Fcategories&post=1543620"},{"taxonomy":"post_tag","embeddable":true,"href":"https:\/\/analyse.optim.biz\/index.php?rest_route=%2Fwp%2Fv2%2Ftags&post=1543620"}],"curies":[{"name":"wp","href":"https:\/\/api.w.org\/{rel}","templated":true}]}}