{"id":1543604,"date":"2026-01-29T04:30:01","date_gmt":"2026-01-29T01:30:01","guid":{"rendered":"https:\/\/analyse.optim.biz\/?p=1543604"},"modified":"2026-01-29T04:30:01","modified_gmt":"2026-01-29T01:30:01","slug":"el-gran-dilema-de-los-solicitantes-de-asilo-politico-ante-la-regularizacion-del-gobierno","status":"publish","type":"post","link":"https:\/\/analyse.optim.biz\/?p=1543604","title":{"rendered":"El gran dilema de los solicitantes de asilo pol\u00edtico ante la regularizaci\u00f3n del Gobierno"},"content":{"rendered":"<article id=\"main-content\" class=\"a _g _g-lg _g-o\">\n<header class=\"a_e _g _g-xs\">\n<div class=\"a_e_txt _df\">\n<div class=\"a_k _df\"><a class=\"a_k_n\" href=\"https:\/\/elpais.com\/noticias\/migrantes\/\">Regularizaci\u00f3n de inmigrantes <\/a><\/div>\n<h1 class=\"a_t\">El gran dilema de los solicitantes de asilo pol\u00edtico ante la regularizaci\u00f3n del Gobierno<\/h1>\n<p class=\"a_st\">Los extranjeros que requieren protecci\u00f3n internacional se debaten entre seguir con un proceso atascado o acogerse al nuevo decreto  <\/p>\n<\/div>\n<div class=\"a_e_m\">\n<figure class=\"a_m a_m-h \"><span class=\"a_m_w _db\"><img fetchpriority=\"high\" decoding=\"async\" class=\"_re  a_m-h\" height=\"277\" width=\"414\" src=\"https:\/\/analyse.optim.biz\/wp-content\/uploads\/2026\/01\/7sz5r2sotjcavcric7c3nacxwe-1.jpg\" loading=\"eager\" title=\"7sz5r2sotjcavcric7c3nacxwe-1\"><\/span><figcaption class=\"a_m_p\" aria-hidden=\"true\"><span>Marta Mar\u00eda Ram\u00edrez, refugiada cubana solicitante de asilo, en casa de unos amigos, en Madrid. <\/span><span class=\"a_m_m\">Jaime Villanueva<\/span><\/figcaption><\/figure>\n<\/div>\n<\/header>\n<div class=\"a_md _g _g-xs \">\n<figure class=\"a_md_i a_m-h c_m--nf\"><span class=\"a_m_w _db\"><img decoding=\"async\" alt=\"Carmen Mor\u00e1n Bre\u00f1a\" class=\"_re lazyload a_m-h\" height=\"100\" width=\"100\" src=\"https:\/\/analyse.optim.biz\/wp-content\/uploads\/2026\/01\/https3a2f2fs3-amazonaws-com2farc-authors2fprisa2f62d31e9f-9943-4d92-997c-a15aa4a35bf9-1.jpg\" loading=\"lazy\" title=\"https3a2f2fs3-amazonaws-com2farc-authors2fprisa2f62d31e9f-9943-4d92-997c-a15aa4a35bf9-1\"><\/span><\/figure>\n<div class=\"a_md_txt\">\n<div class=\"a_md_a\" data-dtm-region=\"articulo_firma\"><a href=\"https:\/\/elpais.com\/autor\/carmen-moran-brena\/#?rel=author_top\" title=\"Ver todas las noticias de Carmen Mor\u00e1n Bre\u00f1a\" class=\"a_md_a_n\">Carmen Mor\u00e1n Bre\u00f1a<\/a><\/div>\n<div class=\"a_md_f\"><span>Madrid &#8211; <a href=\"https:\/\/elpais.com\/hemeroteca\/2026-01-29\/\" data-date=\"2026-01-29T05:30:01+01:00\"><time data-date=\"2026-01-29T05:30:01+01:00\" datetime=\"2026-01-29T05:30:01+01:00\" id=\"article_date_p\">29 ene 2026 &#8211; 05:30<abbr title=\"Central European Time\">CET<\/abbr><\/time><\/a><\/span><\/div>\n<div class=\"w_rs\" data-dtm-region=\"articulo_botonera-social\">\n<div class=\"w_rs_i\"><a class=\"_btn hidden\" href=\"\/\/send?text=El%20gran%20dilema%20de%20los%20solicitantes%20de%20asilo%20pol%C3%ADtico%20ante%20la%20regularizaci%C3%B3n%20del%20Gobierno%0D%0A%0D%0Ahttps%3A%2F%2Felpais.com%2Fespana%2F2026-01-29%2Fel-gran-dilema-de-los-solicitantes-de-asilo-politico-ante-la-regularizacion-del-gobierno.html%3Fssm=whatsapp_CC\" data-action=\"share\/whatsapp\/share\" data-param-description=\"El gran dilema de los solicitantes de asilo pol\u00edtico ante la regularizaci\u00f3n del Gobierno\" data-param-href=\"https:\/\/elpais.com\/espana\/2026-01-29\/el-gran-dilema-de-los-solicitantes-de-asilo-politico-ante-la-regularizacion-del-gobierno.html\" data-param-text=\"El gran dilema de los solicitantes de asilo pol\u00edtico ante la regularizaci\u00f3n del Gobierno https:\/\/elpais.com\/espana\/2026-01-29\/el-gran-dilema-de-los-solicitantes-de-asilo-politico-ante-la-regularizacion-del-gobierno.html\" data-param-url=\"https:\/\/elpais.com\/espana\/2026-01-29\/el-gran-dilema-de-los-solicitantes-de-asilo-politico-ante-la-regularizacion-del-gobierno.html\" target=\"_blank\" rel=\"noopener noreferrer\" data-share-track-dtm=\"whatsapp\" id=\"btn_share_whatsapp_261\"><span class=\"_sr\">Compartir en Whatsapp<\/span><\/a><\/div>\n<div class=\"w_rs_i\"><a class=\"_btn \" href=\"https:\/\/www.facebook.com\/dialog\/share?display=popup&amp;app_id=94039431626&amp;href=https%3A%2F%2Felpais.com%2Fespana%2F2026-01-29%2Fel-gran-dilema-de-los-solicitantes-de-asilo-politico-ante-la-regularizacion-del-gobierno.html%3Fssm=FB_CC&amp;quote=El%20gran%20dilema%20de%20los%20solicitantes%20de%20asilo%20pol%C3%ADtico%20ante%20la%20regularizaci%C3%B3n%20del%20Gobierno\" data-param-app_id=\"94039431626\" data-param-description=\"El gran dilema de los solicitantes de asilo pol\u00edtico ante la regularizaci\u00f3n del Gobierno\" data-param-href=\"https:\/\/elpais.com\/espana\/2026-01-29\/el-gran-dilema-de-los-solicitantes-de-asilo-politico-ante-la-regularizacion-del-gobierno.html\" data-param-text=\"El gran dilema de los solicitantes de asilo pol\u00edtico ante la regularizaci\u00f3n del Gobierno\" data-param-url=\"https:\/\/elpais.com\/espana\/2026-01-29\/el-gran-dilema-de-los-solicitantes-de-asilo-politico-ante-la-regularizacion-del-gobierno.html\" target=\"_blank\" rel=\"noopener noreferrer\" data-share-track-dtm=\"facebook\" id=\"btn_share_facebook_261\"><span class=\"_sr\">Compartir en Facebook<\/span><\/a><\/div>\n<div class=\"w_rs_i\"><a class=\"_btn \" href=\"https:\/\/twitter.com\/intent\/tweet?url=https%3A%2F%2Felpais.com%2Fespana%2F2026-01-29%2Fel-gran-dilema-de-los-solicitantes-de-asilo-politico-ante-la-regularizacion-del-gobierno.html%3Fssm=TW_CC&amp;text=El%20gran%20dilema%20de%20los%20solicitantes%20de%20asilo%20pol%C3%ADtico%20ante%20la%20regularizaci%C3%B3n%20del%20Gobierno&amp;via=el_pais&amp;lang=es\" data-param-description=\"El gran dilema de los solicitantes de asilo pol\u00edtico ante la regularizaci\u00f3n del Gobierno\" data-param-href=\"https:\/\/elpais.com\/espana\/2026-01-29\/el-gran-dilema-de-los-solicitantes-de-asilo-politico-ante-la-regularizacion-del-gobierno.html\" data-param-text=\"El gran dilema de los solicitantes de asilo pol\u00edtico ante la regularizaci\u00f3n del Gobierno via @el_pais\" data-param-url=\"https:\/\/elpais.com\/espana\/2026-01-29\/el-gran-dilema-de-los-solicitantes-de-asilo-politico-ante-la-regularizacion-del-gobierno.html\" target=\"_blank\" rel=\"noopener noreferrer\" data-share-track-dtm=\"twitter\" id=\"btn_share_twitter_261\"><span class=\"_sr\">Compartir en Twitter<\/span><\/a><\/div>\n<div class=\"w_rs_i\"><a class=\"_btn \" href=\"https:\/\/bsky.app\/intent\/compose?text=https%3A%2F%2Felpais.com%2Fespana%2F2026-01-29%2Fel-gran-dilema-de-los-solicitantes-de-asilo-politico-ante-la-regularizacion-del-gobierno.html%3Fssm=bsky_CC\" data-param-description=\"El gran dilema de los solicitantes de asilo pol\u00edtico ante la regularizaci\u00f3n del Gobierno\" data-param-href=\"https:\/\/elpais.com\/espana\/2026-01-29\/el-gran-dilema-de-los-solicitantes-de-asilo-politico-ante-la-regularizacion-del-gobierno.html\" data-param-text=\"El gran dilema de los solicitantes de asilo pol\u00edtico ante la regularizaci\u00f3n del Gobierno\" data-param-url=\"https:\/\/elpais.com\/espana\/2026-01-29\/el-gran-dilema-de-los-solicitantes-de-asilo-politico-ante-la-regularizacion-del-gobierno.html\" target=\"_blank\" rel=\"noopener noreferrer\" data-share-track-dtm=\"bluesky\" id=\"btn_share_bluesky_261\"><span class=\"_sr\">Compartir en Bluesky<\/span><\/a><\/div>\n<div class=\"w_rs_i\"><a class=\"_btn \" href=\"https:\/\/www.linkedin.com\/sharing\/share-offsite\/?url=https%3A%2F%2Felpais.com%2Fespana%2F2026-01-29%2Fel-gran-dilema-de-los-solicitantes-de-asilo-politico-ante-la-regularizacion-del-gobierno.html%3Fssm=LK_CC\" data-param-description=\"El gran dilema de los solicitantes de asilo pol\u00edtico ante la regularizaci\u00f3n del Gobierno\" data-param-href=\"https:\/\/elpais.com\/espana\/2026-01-29\/el-gran-dilema-de-los-solicitantes-de-asilo-politico-ante-la-regularizacion-del-gobierno.html\" data-param-text=\"El gran dilema de los solicitantes de asilo pol\u00edtico ante la regularizaci\u00f3n del Gobierno\" data-param-url=\"https:\/\/elpais.com\/espana\/2026-01-29\/el-gran-dilema-de-los-solicitantes-de-asilo-politico-ante-la-regularizacion-del-gobierno.html\" target=\"_blank\" rel=\"noopener noreferrer\" data-share-track-dtm=\"linkedin\" id=\"btn_share_linkedin_261\"><span class=\"_sr\">Compartir en Linkedin<\/span><\/a><\/div>\n<div class=\"w_rs_i\"><a class=\"_btn rs_l\" href=\"https:\/\/elpais.com\/espana\/2026-01-29\/el-gran-dilema-de-los-solicitantes-de-asilo-politico-ante-la-regularizacion-del-gobierno.html#?prm=copy_link\" data-share-track-dtm=\"copiar_url\" id=\"btn_share_link_16\"><span class=\"_sr\">Copiar enlace<\/span><\/a><\/div>\n<div class=\"w_rs_i\"><a class=\"_btn rs_c\" href=\"https:\/\/elpais.com\/espana\/2026-01-29\/el-gran-dilema-de-los-solicitantes-de-asilo-politico-ante-la-regularizacion-del-gobierno.html#comments_container\" aria-expanded=\"false\" aria-controls=\"me-c\" data-share-track-dtm=\"eskup\" id=\"btn_share_comments_16\"><span class=\"_sr\">Ir a los comentarios<\/span><\/a><\/div>\n<\/div>\n<\/div>\n<\/div>\n<div class=\"a_c clearfix\" data-dtm-region=\"articulo_cuerpo\">\n<p class>A las diez de la noche, unos disparos contra la casa colmaron la paciencia y el miedo de la familia de Zenayda Serrano, acostumbrada a meses de acoso con tipos armados frente a su puerta y en el colegio de su hija menor, en El Salvador de Nayib Bukele. Las llamadas a la polic\u00eda ya no serv\u00edan, nadie ven\u00eda en defensa del matrimonio de abogados ambientalistas que hab\u00eda peleado contra la extracci\u00f3n de oro y miner\u00eda met\u00e1lica, consiguiendo una prohibici\u00f3n en todo el pa\u00eds. Agarraron sus cosas y con el apoyo de organizaciones de refugiados acabaron en el valle de Arratia, Bizkaia. All\u00ed viven desde hace nueve meses en un alojamiento de acogida con sus dos hijas y ayuda para la alimentaci\u00f3n. Con su proceso de asilo sin resolver y a punto de solicitar cita para prorrogarlo, ha llegado <a href=\"https:\/\/elpais.com\/opinion\/2026-01-28\/regularizacion-al-fin.html\" target=\"_self\" rel title=\"https:\/\/elpais.com\/opinion\/2026-01-28\/regularizacion-al-fin.html\">la regularizaci\u00f3n de medio mill\u00f3n de migrantes <\/a>que ofrece ahora el Gobierno, una loter\u00eda para muchos extranjeros que a la familia de Zenayda le representa un dilema: seguir con la solicitud de protecci\u00f3n internacional o tratar de regularizar su vida de otra forma. \u201cEs un gran dilema, s\u00ed, nos alegramos mucho por todos los que tienen ahora una puerta abierta para conseguir sus derechos y un salario justo, pero nosotros necesitamos que se reconozca que hemos huido de un pa\u00eds que no respeta los derechos humanos y tenemos documentaci\u00f3n robusta para demostrarlo\u201d, dice Zenayda por tel\u00e9fono desde el Pa\u00eds Vasco.<\/p>\n<figure class=\"a_m a_m-h \"><span class=\"_db a_m_w _pr lb_btn\"><img decoding=\"async\" class=\"_re lazyload a_m-h\" height=\"267\" width=\"414\" src=\"https:\/\/analyse.optim.biz\/wp-content\/uploads\/2026\/01\/dtsgq7clm5frdjqphyopvtfapa.jpg\" loading=\"lazy\" title=\"dtsgq7clm5frdjqphyopvtfapa\"><\/span><figcaption class=\"a_m_p\" aria-hidden=\"true\"><span>Zenayda Serrano y H\u00e9ctor Berr\u00edos, este jueves en Bildosola.<\/span><span class=\"a_m_m\">Javier Hern\u00e1ndez<\/span><\/figcaption><\/figure>\n<p class>Espa\u00f1a recibi\u00f3 el a\u00f1o pasado 144.396 peticiones de protecci\u00f3n internacional y aunque resolvi\u00f3 m\u00e1s de 160.000 de ese y otros a\u00f1os, solo resultaron favorables unas 17.900. A\u00fan quedan 230.000 por estudiar, seg\u00fan Interior, un gran atasco tras a\u00f1os de m\u00e1ximos consecutivos en solicitudes. M\u00e1s de tres a\u00f1os lleva esperando por su estatus de refugiada la cubana Marta Mar\u00eda Ram\u00edrez, nieta de republicanos espa\u00f1oles que acabaron en la isla buscando lo mismo que ahora busca ella, protecci\u00f3n internacional. La simple solicitud de asilo permite la estancia regularizada en el pa\u00eds con ciertos derechos, como un permiso de trabajo, y, como los tr\u00e1mites se alargan por a\u00f1os, algunos inmigrantes est\u00e1n usando esa v\u00eda para conseguir formalizar sus papeles. Un \u201ccoladero\u201d, han criticado algunos. Pero tambi\u00e9n llegaban miles huyendo de guerras y persecuciones, de modo que el sistema <a href=\"https:\/\/elpais.com\/espana\/2025-01-12\/el-colapso-del-sistema-de-asilo-mantiene-a-mas-de-270000-personas-en-el-limbo.html\" target=\"_self\" rel title=\"https:\/\/elpais.com\/espana\/2025-01-12\/el-colapso-del-sistema-de-asilo-mantiene-a-mas-de-270000-personas-en-el-limbo.html\">ha experimentado un colapso <\/a>que deja sin el cobijo merecido a muchas personas vulnerables. <\/p>\n<p class>La <a href=\"https:\/\/elpais.com\/espana\/2026-01-28\/regularizacion-el-beneficio-fiscal-neto-es-de-hasta-4000-euros-por-inmigrante.html\" target=\"_self\" rel title=\"https:\/\/elpais.com\/espana\/2026-01-28\/regularizacion-el-beneficio-fiscal-neto-es-de-hasta-4000-euros-por-inmigrante.html\">regularizaci\u00f3n <\/a>anunciada ahora los ha metido a todos en el mismo saco, si quieren utilizar esa v\u00eda, pero Marta Mar\u00eda se resiste a ello. \u201cNo he tomado una decisi\u00f3n todav\u00eda, pero no quiero renunciar a mi derecho de asilo. Llevo tres a\u00f1os con la solicitud y no me dan cita. Estoy con la incertidumbre de no apuntarme a la regularizaci\u00f3n y que despu\u00e9s no me concedan tampoco la condici\u00f3n de asilada. Y m\u00e1s con las declaraciones que se oyen en Espa\u00f1a por parte de la ultraderecha, que quieren cazarnos, dicen, esa ha sido la palabra\u201d, cuenta horrorizada esta periodista, que vive en Madrid con su hija de siete a\u00f1os. <\/p>\n<p class>\u201cSi renuncio al asilo, el peligro para m\u00ed permanece ah\u00ed, porque me siguen intimidando con amenazas por redes sociales, el Estado cubano tiene tent\u00e1culos por todas partes. \u00bfC\u00f3mo lograremos reconstruir Cuba un d\u00eda si no hay memoria ni registro de que hemos sido perseguidos?\u201d, lamenta. Opina que el Estado espa\u00f1ol debe tomar ese compromiso: \u201cNo quiero vivir al margen de los derechos internacionales y eso solo es cuesti\u00f3n de voluntad pol\u00edtica\u201d, asegura. La regularizaci\u00f3n, afirma, le ha puesto entre la espada y la pared y de las voces que pasan por su cabeza no sabe si atender a la de mujer extranjera que necesita una estabilidad o a la de activista perseguida que busca el reconocimiento de sus derechos: \u201cNo quiero aguarle la fiesta a los que conseguir\u00e1n ahora regularizar su situaci\u00f3n, considero que esas 700.000 firmas [de la iniciativa legislativa popular que dio origen a esta regularizaci\u00f3n] <a href=\"https:\/\/elpais.com\/espana\/2026-01-27\/papeles-para-salir-de-las-sombras-un-informe-calcula-que-en-espana-residen-unas-840000-personas-de-forma-irregular.html\" target=\"_self\" rel title=\"https:\/\/elpais.com\/espana\/2026-01-27\/papeles-para-salir-de-las-sombras-un-informe-calcula-que-en-espana-residen-unas-840000-personas-de-forma-irregular.html\">son una gran victoria de la sociedad <\/a>civil, pero a los refugiados nos obligan a irnos otra vez al margen\u201d, a\u00f1ade. <\/p>\n<figure class=\"a_m a_m-h \"><span class=\"_db a_m_w _pr lb_btn\"><img decoding=\"async\" class=\"_re lazyload a_m-h\" height=\"271\" width=\"414\" src=\"https:\/\/analyse.optim.biz\/wp-content\/uploads\/2026\/01\/ezvki2gdyvbehcjn2vgrcwhskq.jpg\" loading=\"lazy\" title=\"ezvki2gdyvbehcjn2vgrcwhskq\"><\/span><figcaption class=\"a_m_p\" aria-hidden=\"true\"><span>Marta Mar\u00eda Ram\u00edrez, refugiada cubana solicitante de asilo, en casa de unos amigos, en Madrid. <\/span><span class=\"a_m_m\">Jaime Villanueva<\/span><\/figcaption><\/figure>\n<p class>Y piensa en los que est\u00e1n por entrar a Espa\u00f1a como ella entr\u00f3 un d\u00eda, dejando atr\u00e1s a la polic\u00eda apostada en su puerta, los interrogatorios, las amenazas de quitarle a su hija y tantas otras cosas. \u201c\u00bfC\u00f3mo defenderemos la democracia en nuestros pa\u00edses si hemos renunciado a nuestros derechos? Sentar\u00edamos un p\u00e9simo precedente, pero en Espa\u00f1a, con Cuba, se mira para otro lado\u201d, critica. <\/p>\n<aside class=\"a_ei\">\n<header class=\"a_ei_h _db\">M\u00e1s informaci\u00f3n<\/header>\n<div class=\"a_ei_r _g _g-xs \"><a class=\"a_ei_t\" href=\"https:\/\/elpais.com\/espana\/2026-01-28\/regularizacion-el-beneficio-fiscal-neto-es-de-hasta-4000-euros-por-inmigrante.html#?rel=mas_sumario\" rel>Regularizaci\u00f3n: el beneficio fiscal neto es de hasta 4.000 euros por inmigrante<\/a><\/div>\n<\/aside>\n<p class>\u201cLa presentaci\u00f3n de la solicitud supondr\u00e1 la paralizaci\u00f3n con suspensi\u00f3n de cualquier plazo que est\u00e9 pendiente de cualquier otra solicitud de protecci\u00f3n internacional [\u2026]\u201d, dice el decreto del Gobierno para la regularizaci\u00f3n de medio mill\u00f3n de extranjeros que no tienen papeles legales. La jurista Adilia de las Mercedes, reclama que el nuevo decreto de regularizaci\u00f3n \u201cindique expresamente su compatibilidad con el derecho al asilo, ya que esta omisi\u00f3n podr\u00eda suponer retrocesos en los casos de personas perseguidas en sus pa\u00edses de origen y rebajar\u00eda la protecci\u00f3n efectiva que debe brindarles el Estado espa\u00f1ol en cumplimiento de sus obligaciones internacionales\u201d. <\/p>\n<p class>De las Mercedes, cofundadora de <a href=\"https:\/\/eur01.safelinks.protection.outlook.com\/?url=http%3A%2F%2Fwww.demos.legal%2F&amp;data=05%7C02%7CCmoran%40elpais.es%7C1060abb0902f46abc27508de5e65abd4%7Cc4fd49f3e15a44d882e2c909735d2e45%7C0%7C0%7C639051987935188121%7CUnknown%7CTWFpbGZsb3d8eyJFbXB0eU1hcGkiOnRydWUsIlYiOiIwLjAuMDAwMCIsIlAiOiJXaW4zMiIsIkFOIjoiTWFpbCIsIldUIjoyfQ%3D%3D%7C0%7C%7C%7C&amp;sdata=%2FXICwa%2FT8AJ%2F%2FWiQ4FKz%2FBzbyql%2FrOd3cZ8Tp62nr0Y%3D&amp;reserved=0\" rel title=\"Direcci\u00f3n URL original: http:\/\/www.demos.legal\/. Haga clic o pulse si conf\u00eda en este v\u00ednculo.\">DEMOS, Estudio Legal de Derechos Humanos<\/a>, opina que \u201cla ausencia de compromiso del Gobierno de coalici\u00f3n con la protecci\u00f3n de las personas refugiadas se demuestra con la pr\u00e1ctica imposibilidad de obtener citas para solicitar asilo desde 2018, mientras ahora ofrece tramitar entre 500.000 y casi un mill\u00f3n de expedientes de personas extranjeras en solo tres meses\u201d, compara. No obstante, la abogada se muestra satisfecha con <a href=\"https:\/\/elpais.com\/economia\/2026-01-28\/espana-alcanza-un-nuevo-record-de-empleo-extranjero-con-358-millones-de-trabajadores-el-16-del-total.html\" target=\"_self\" rel title=\"https:\/\/elpais.com\/economia\/2026-01-28\/espana-alcanza-un-nuevo-record-de-empleo-extranjero-con-358-millones-de-trabajadores-el-16-del-total.html\">el \u201cenorme avance\u201d <\/a>que supone la anunciada regularizaci\u00f3n para \u201cel reconocimiento de los derechos para los migrantes\u201d, pero que, para el caso de las personas refugiadas, dice, \u201ccualquier v\u00eda que no sea el estatuto de asilo supone la ausencia de reconocimiento de graves vulneraciones de derechos humanos y la impunidad de los Estados que persiguen a defensores y activistas\u201d, entre otros casos. \u201cLa autorizaci\u00f3n de residencia que la regularizaci\u00f3n extraordinaria plantea es solamente por un a\u00f1o, frente a la residencia permanente que las personas refugiadas obtienen cuando se les reconoce la protecci\u00f3n internacional\u201d, explica.<\/p>\n<p class>Espa\u00f1a es el tercer pa\u00eds de la Uni\u00f3n Europea con m\u00e1s peticiones de asilo, por detr\u00e1s de Alemania y Francia, y en 2024 se alcanz\u00f3 un r\u00e9cord, con 167.366 solicitudes, que el a\u00f1o pasado cayeron un poco, hasta las 144.396. Venezuela y Mal\u00ed son ahora los pa\u00edses que m\u00e1s usan ese proceso, pero tambi\u00e9n Colombia, Per\u00fa o Senegal. Y nunca faltan quienes llegan huyendo de dictaduras como la cubana o la nicarag\u00fcense o de las condiciones opresoras de El Salvador. Zenayda y Marta Mar\u00eda siguen esperando a que Espa\u00f1a les resuelva un procedimiento que, como explic\u00f3 la ministra de Migraciones, Elma Saiz, muchas otras veces lo necesitaron los espa\u00f1oles que tuvieron la mala suerte de pasar una guerra o un exilio forzado. <\/p>\n<\/div>\n<div id=\"me-dis\" class=\"me _pf\">\n<div class=\"me_bg\">\n<div class=\"me-dis _pa _df\">\n<div class=\"me-dis_c\">\n<h2 class=\"me-dis_t\">Tu suscripci\u00f3n se est\u00e1 usando en otro dispositivo<\/h2>\n<p>\u00bfQuieres a\u00f1adir otro usuario a tu suscripci\u00f3n?<\/p>\n<div class=\"me-dis_l\"><a href=\"https:\/\/elpais.com\/suscripciones\/premium\/upgrade\/?utm_source=autopromo&amp;utm_medium=interno&amp;utm_campaign=YYYY_MM_capping_upgrade\" id=\"capping-upgrade\" class=\"btn\">A\u00f1adir usuario<\/a><a href=\"https:\/\/elpais.com\/espana\/2026-01-29\/el-gran-dilema-de-los-solicitantes-de-asilo-politico-ante-la-regularizacion-del-gobierno.html\" id=\"capping-continue\" class=\"btn btn-b\">Continuar leyendo aqu\u00ed<\/a><\/div>\n<p>Si contin\u00faas leyendo en este dispositivo, no se podr\u00e1 leer en el otro.<\/p>\n<p class=\"lk\"><a href=\"https:\/\/elpais.com\/espana\/2026-01-29\/el-gran-dilema-de-los-solicitantes-de-asilo-politico-ante-la-regularizacion-del-gobierno.html\" id=\"capping-show-more-button\">\u00bfPor qu\u00e9 est\u00e1s viendo esto?<\/a><\/p>\n<p><span class=\"arrow\" id=\"capping-arrow\">Flecha<\/span><\/p>\n<div class=\"me-dis_d\">\n<div class=\"me-dis_d_t\">\n<h2 class=\"enc\">Tu suscripci\u00f3n se est\u00e1 usando en otro dispositivo y solo puedes acceder a EL PA\u00cdS desde un dispositivo a la vez.<\/h2>\n<div class=\"tx\">\n<p>Si quieres compartir tu cuenta, cambia tu suscripci\u00f3n a la modalidad Premium, as\u00ed podr\u00e1s a\u00f1adir otro usuario. Cada uno acceder\u00e1 con su propia cuenta de email, lo que os permitir\u00e1 personalizar vuestra experiencia en EL PA\u00cdS.<\/p>\n<p>\u00bfTienes una suscripci\u00f3n de empresa? Accede <a target=\"_blank\" rel=\"noreferrer\" href=\"https:\/\/elpais.com\/suscripciones\/premium\/upgrade\/\">aqu\u00ed<\/a> para contratar m\u00e1s cuentas.<\/p>\n<p>En el caso de no saber qui\u00e9n est\u00e1 usando tu cuenta, te recomendamos cambiar tu contrase\u00f1a <a target=\"_blank\" rel=\"noreferrer\" href=\"https:\/\/elpais.com\/subscriptions\/#\/forgot-password\">aqu\u00ed.<\/a><\/p>\n<p>Si decides continuar compartiendo tu cuenta, este mensaje se mostrar\u00e1 en tu dispositivo y en el de la otra persona que est\u00e1 usando tu cuenta de forma indefinida, afectando a tu experiencia de lectura. Puedes <a target=\"_blank\" rel=\"noreferrer\" href=\"https:\/\/elpais.com\/suscripciones\/condiciones-generales-servicios\/\">consultar aqu\u00ed los t\u00e9rminos y condiciones de la suscripci\u00f3n digital.<\/a><\/p>\n<\/div>\n<\/div>\n<\/div>\n<\/div>\n<\/div>\n<\/div>\n<\/div>\n<aside class=\"w w-sea\">\n<h2 class=\"w_t\">Sobre la firma<\/h2>\n<div class=\"w_b\">\n<div class=\"_g _g-xs\">\n<figure class=\"w-sea_f a_m-h c_m--nf\"><span class=\"a_m_w _db\"><img decoding=\"async\" alt=\"Carmen Mor\u00e1n Bre\u00f1a\" class=\"_re lazyload a_m-h\" height=\"100\" width=\"100\" src=\"https:\/\/analyse.optim.biz\/wp-content\/uploads\/2026\/01\/https3a2f2fs3-amazonaws-com2farc-authors2fprisa2f62d31e9f-9943-4d92-997c-a15aa4a35bf9-1.jpg\" loading=\"lazy\" title=\"https3a2f2fs3-amazonaws-com2farc-authors2fprisa2f62d31e9f-9943-4d92-997c-a15aa4a35bf9-1\"><\/span><\/figure>\n<div class=\"w-sea_txt\">\n<div class=\"_df\">\n<div class=\"w-sea_txt_na\"><a href=\"https:\/\/elpais.com\/autor\/carmen-moran-brena\/\" rel=\"autor_bottom\">Carmen Mor\u00e1n Bre\u00f1a<\/a><\/div>\n<\/div>\n<div class=\"w-sea_txt_da _dn\">Trabaja en EL PA\u00cdS desde 1997 donde ha sido jefa de secci\u00f3n en Sociedad, Nacional y Cultura. Ha tratado a fondo temas de educaci\u00f3n, asuntos sociales e igualdad. Ahora se desempe\u00f1a como reportera en M\u00e9xico.<\/div>\n<\/div>\n<\/div>\n<\/div>\n<\/aside>\n<aside class=\"w w-fid\">\n<div class=\"w_b\">\n<div class=\"w-fid_t\"><a href=\"https:\/\/plus.elpais.com\/newsletters\/lnp\/1\/2\/#?prm=not_newsletters_espana\">El mejor an\u00e1lisis de la actualidad con Milagros P\u00e9rez Oliva, en EL PA\u00cdS de la ma\u00f1ana.<\/a><\/div>\n<div class=\"w-fid_s\">\n<div class=\"w_rs\">\n<div class=\"w_rs_i\"><a class=\"_btn\" href=\"https:\/\/www.facebook.com\/elpais\" rel=\"nofollow\"><span class=\"_sr\">Espana El Pa\u00eds en Facebook<\/span><\/a><\/div>\n<div class=\"w_rs_i\"><a class=\"_btn\" href=\"https:\/\/www.instagram.com\/el_pais\/\" rel=\"nofollow\"><span class=\"_sr\">Espana El Pa\u00eds en Instagram<\/span><\/a><\/div>\n<div class=\"w_rs_i\"><a class=\"_btn\" href=\"https:\/\/twitter.com\/el_pais\" rel=\"nofollow\"><span class=\"_sr\">Espana El Pa\u00eds en Twitter<\/span><\/a><\/div>\n<\/div>\n<\/div>\n<\/div>\n<\/aside>\n<aside class=\"a_com w w-com _df\"><a class=\"a_com_l\" href=\"https:\/\/elpais.com\/info\/normas-de-participacion\/\">Normas \u203a<\/a><\/aside>\n<div class=\"me _pf\" id=\"me-c\">\n<div class=\"me_bg\">\n<div class=\"me-c _pa\" id=\"comments_container\" data-dtm-region=\"articulo_comentarios\">\n<div class=\"me_f me_f-os me_cc\"><a href=\"https:\/\/plus.elpais.com\/perfil\/actividad\/\">Mis comentarios<\/a><a href=\"https:\/\/elpais.com\/info\/normas-de-participacion\/\">Normas<\/a><\/div>\n<div class=\"me_f me_f-ns\"><span class=\"me_f_txt _db\">Rellena tu <b>nombre y apellido<\/b> para comentar<\/span><a href=\"https:\/\/plus.elpais.com\/autorization.html\/?prod=COM&amp;backURL=https%3A%2F%2Felpais.com%2Fespana%2F2026-01-29%2Fel-gran-dilema-de-los-solicitantes-de-asilo-politico-ante-la-regularizacion-del-gobierno.html%3Fevent_log%3Doklogin\" class=\"btn btn-2\">completar datos<\/a><\/div>\n<div class=\"me_f\" id=\"comments_msg\"><a class=\"btn btn-2\" href=\"https:\/\/elpais.com\/suscripciones\/#\/campaign?prod=SUSDIGCRART&amp;o=COM&amp;prm=suscrip_articulo_comentarios_el-pais&amp;backURL=https%3A%2F%2Felpais.com%2Fespana%2F2026-01-29%2Fel-gran-dilema-de-los-solicitantes-de-asilo-politico-ante-la-regularizacion-del-gobierno.html%3Fevent_log%3Doklogin\" id=\"comments_subscribe_link\" data-link-am=\"https:\/\/elpais.com\/suscripciones\/america\/#\/campaign?prod=SUSDIGCRARTAM&amp;o=COMAM&amp;prm=suscrip_articulo_comentarios_el-pais-america&amp;backURL=https%3A%2F%2Felpais.com%2Fespana%2F2026-01-29%2Fel-gran-dilema-de-los-solicitantes-de-asilo-politico-ante-la-regularizacion-del-gobierno.html%3Fevent_log%3Doklogin\" data-link-mx=\"https:\/\/elpais.com\/suscripciones\/america\/#\/campaign?prod=SUSDIGMX&amp;o=COMMX&amp;prm=suscrip_articulo_comentarios_el-pais-mexico&amp;backURL=https%3A%2F%2Felpais.com%2Fespana%2F2026-01-29%2Fel-gran-dilema-de-los-solicitantes-de-asilo-politico-ante-la-regularizacion-del-gobierno.html%3Fevent_log%3Doklogin\" data-link-co=\"https:\/\/elpais.com\/suscripciones\/america\/#\/campaign?prod=SUSDIGCOL&amp;o=COMCOL&amp;prm=suscrip_articulo_comentarios_el-pais_colombia&amp;backURL=https%3A%2F%2Felpais.com%2Fespana%2F2026-01-29%2Fel-gran-dilema-de-los-solicitantes-de-asilo-politico-ante-la-regularizacion-del-gobierno.html%3Fevent_log%3Doklogin\" data-link-ar=\"https:\/\/elpais.com\/suscripciones\/america\/#\/campaign?prod=SUSDIGCRARTAR&amp;o=COMAR&amp;backURL=https%3A%2F%2Felpais.com%2Fespana%2F2026-01-29%2Fel-gran-dilema-de-los-solicitantes-de-asilo-politico-ante-la-regularizacion-del-gobierno.html%3Fevent_log%3Doklogin\" data-link-cl=\"https:\/\/elpais.com\/suscripciones\/america\/#\/campaign?prod=SUSDIGCHILE&amp;o=COMCHILE&amp;backURL=https%3A%2F%2Felpais.com%2Fespana%2F2026-01-29%2Fel-gran-dilema-de-los-solicitantes-de-asilo-politico-ante-la-regularizacion-del-gobierno.html%3Fevent_log%3Doklogin\" data-link-us=\"https:\/\/elpais.com\/suscripciones\/america\/#\/campaign?prod=SUSDIGCRARTEUCAN&amp;o=COMUS&amp;prm=suscrip_articulo_comentarios_el-pais_eucan&amp;backURL=https%3A%2F%2Felpais.com%2Fespana%2F2026-01-29%2Fel-gran-dilema-de-los-solicitantes-de-asilo-politico-ante-la-regularizacion-del-gobierno.html%3Fevent_log%3Doklogin\">Suscr\u00edbete en El Pa\u00eds para participar<\/a><a class=\"btn btn-3\" href=\"https:\/\/elpais.com\/subscriptions\/#\/sign-in?prod=REG&amp;o=COM&amp;prm=login_articulo_comentarios_el-pais&amp;backURL=https%3A%2F%2Felpais.com%2Fespana%2F2026-01-29%2Fel-gran-dilema-de-los-solicitantes-de-asilo-politico-ante-la-regularizacion-del-gobierno.html%3Fevent_log%3Doklogin\" id=\"comments_login_link\" data-link-am=\"https:\/\/elpais.com\/subscriptions\/#\/sign-in?prod=REG&amp;o=COM&amp;prm=login_articulo_comentarios_el-pais-america&amp;backURL=https%3A%2F%2Felpais.com%2Fespana%2F2026-01-29%2Fel-gran-dilema-de-los-solicitantes-de-asilo-politico-ante-la-regularizacion-del-gobierno.html%3Fevent_log%3Doklogin\" data-link-mx=\"https:\/\/elpais.com\/subscriptions\/#\/sign-in?prod=REG&amp;o=COM&amp;prm=login_articulo_comentarios_el-pais-mexico&amp;backURL=https%3A%2F%2Felpais.com%2Fespana%2F2026-01-29%2Fel-gran-dilema-de-los-solicitantes-de-asilo-politico-ante-la-regularizacion-del-gobierno.html%3Fevent_log%3Doklogin\" data-link-co=\"https:\/\/elpais.com\/subscriptions\/#\/sign-in?prod=REG&amp;o=COM&amp;backURL=https%3A%2F%2Felpais.com%2Fespana%2F2026-01-29%2Fel-gran-dilema-de-los-solicitantes-de-asilo-politico-ante-la-regularizacion-del-gobierno.html%3Fevent_log%3Doklogin\" data-link-ar=\"https:\/\/elpais.com\/subscriptions\/#\/sign-in?prod=REG&amp;o=COM&amp;backURL=https%3A%2F%2Felpais.com%2Fespana%2F2026-01-29%2Fel-gran-dilema-de-los-solicitantes-de-asilo-politico-ante-la-regularizacion-del-gobierno.html%3Fevent_log%3Doklogin\" data-link-cl=\"https:\/\/elpais.com\/subscriptions\/#\/sign-in?prod=REG&amp;o=COM&amp;backURL=https%3A%2F%2Felpais.com%2Fespana%2F2026-01-29%2Fel-gran-dilema-de-los-solicitantes-de-asilo-politico-ante-la-regularizacion-del-gobierno.html%3Fevent_log%3Doklogin\" data-link-us=\"https:\/\/elpais.com\/subscriptions\/#\/sign-in?prod=REG&amp;o=COM&amp;backURL=https%3A%2F%2Felpais.com%2Fespana%2F2026-01-29%2Fel-gran-dilema-de-los-solicitantes-de-asilo-politico-ante-la-regularizacion-del-gobierno.html%3Fevent_log%3Doklogin\">Ya tengo una suscripci\u00f3n<\/a><\/div>\n<p>Please enable JavaScript to view the &lt;a href=&#8221;https:\/\/disqus.com\/?ref_noscript&#8221; rel=&#8221;nofollow&#8221;&gt; comments powered by Disqus.&lt;\/a&gt;<\/p><\/div>\n<\/div>\n<\/div>\n<aside class=\"w w-rel\" data-dtm-region=\"articulo_mas-informacion\">\n<h2 class=\"w_t\">M\u00e1s informaci\u00f3n<\/h2>\n<ul class=\"w_b _ls\">\n<li class=\"_g _g-xs w-rel_n\">\n<div class=\" a_m-h c_m--nf\"><span class=\"_db _pr\"><img decoding=\"async\" class=\"_re lazyload a_m-h\" height=\"311\" width=\"414\" src=\"https:\/\/analyse.optim.biz\/wp-content\/uploads\/2026\/01\/s7blh7svvnhn3hfzdxlgurcwtm-1.jpg\" loading=\"lazy\" title=\"s7blh7svvnhn3hfzdxlgurcwtm-1\"><\/span><\/div>\n<div class=\"nt\">\n<h3 class=\"nt_t\"><a href=\"https:\/\/elpais.com\/espana\/2026-01-27\/los-inmigrantes-podran-solicitar-su-regularizacion-entre-abril-y-junio.html#?rel=mas\">La regularizaci\u00f3n de inmigrantes alcanza a quienes solicitaron asilo y a los hijos menores  <\/a><\/h3>\n<div class=\"nt_a\"><a href=\"https:\/\/elpais.com\/autor\/carmen-moran-brena\/\" title=\"Ver todas las noticias de Carmen Mor\u00e1n Bre\u00f1a\">Carmen Mor\u00e1n Bre\u00f1a<\/a> | Madrid<\/div>\n<\/div>\n<\/li>\n<li class=\"_g _g-xs w-rel_n\">\n<div class=\" a_m-h c_m--nf\"><span class=\"_db _pr\"><img decoding=\"async\" class=\"_re lazyload a_m-h\" height=\"311\" width=\"414\" src=\"https:\/\/analyse.optim.biz\/wp-content\/uploads\/2026\/01\/bu4hzdljzrgarapynzicnabru4-2.jpg\" loading=\"lazy\" title=\"bu4hzdljzrgarapynzicnabru4-2\"><\/span><\/div>\n<div class=\"nt\">\n<h3 class=\"nt_t\"><a href=\"https:\/\/elpais.com\/espana\/2026-01-28\/zulos-a-precio-de-oro-y-sueldos-en-negro-la-angustia-de-dos-familias-a-las-puertas-de-la-regularizacion.html#?rel=mas\">Zulos a precio de oro y sueldos en negro: la angustia de dos familias a las puertas de la regularizaci\u00f3n<\/a><\/h3>\n<div class=\"nt_a\"><a href=\"https:\/\/elpais.com\/autor\/elena-reina-munoz\/\" title=\"Ver todas las noticias de Elena Reina\">Elena Reina<\/a> | Madrid<\/div>\n<\/div>\n<\/li>\n<\/ul>\n<\/aside>\n<section class=\"w w-ae\" data-dtm-region=\"articulo_archivado-en\">\n<h2 class=\"w_t\">Archivado En<\/h2>\n<div class=\"w_b\">\n<ul class=\"w_ul w_ul--mh _df _ls\">\n<li><a href=\"https:\/\/elpais.com\/noticias\/espana\/#?rel=arch\" rel=\"noopener noreferrer\">Espa\u00f1a<\/a><\/li>\n<li><a href=\"https:\/\/elpais.com\/noticias\/decretos\/#?rel=arch\" rel=\"noopener noreferrer\">Decretos<\/a><\/li>\n<li><a href=\"https:\/\/elpais.com\/noticias\/migracion\/#?rel=arch\" rel=\"noopener noreferrer\">Migraci\u00f3n<\/a><\/li>\n<li><a href=\"https:\/\/elpais.com\/noticias\/regularizacion-inmigrantes\/#?rel=arch\" rel=\"noopener noreferrer\">Regularizaci\u00f3n inmigrantes<\/a><\/li>\n<li><a href=\"https:\/\/elpais.com\/noticias\/el-salvador\/#?rel=arch\" rel=\"noopener noreferrer\">El Salvador<\/a><\/li>\n<li><a href=\"https:\/\/elpais.com\/noticias\/cuba\/#?rel=arch\" rel=\"noopener noreferrer\">Cuba<\/a><\/li>\n<li><a href=\"https:\/\/elpais.com\/noticias\/asilo-politico\/#?rel=arch\" rel=\"noopener noreferrer\">Asilo pol\u00edtico<\/a><\/li>\n<li><a href=\"https:\/\/elpais.com\/noticias\/politica\/#?rel=arch\" rel=\"noopener noreferrer\">Pol\u00edtica<\/a><\/li>\n<\/ul>\n<\/div>\n<\/section>\n<aside class=\"a_tp _df\">\n<div class=\"a_tp_txt\"><span class=\"a_tp_t\">Se adhiere a los criterios de<\/span><\/p>\n<figure class=\"a_m a_m-h c_m--nf\"><a class=\"a_tp_i _dib\" href=\"https:\/\/elpais.com\/estaticos\/que-es-the-trust-project\/\" target=\"_blank\" rel=\"noopener noreferrer nofollow\"><img decoding=\"async\" alt=\"The Trust Project\" class=\" lazyload a_m-h\" height=\"20\" width=\"117\" src=\"https:\/\/analyse.optim.biz\/wp-content\/uploads\/2026\/01\/the-trust-project-383.svg\" loading=\"lazy\" title=\"the-trust-project-383\"><\/a><\/figure>\n<p><a class=\"a_tp_mi\" href=\"https:\/\/elpais.com\/estaticos\/codigo-etico\/\" target=\"_blank\" rel=\"noopener noreferrer nofollow\">M\u00e1s informaci\u00f3n<\/a><\/div>\n<div class=\"a_tp_si\">Si est\u00e1 interesado en licenciar este contenido, pinche <a class=\"a_tp_si_l\" href=\"https:\/\/profesional.elpais.com\/soluciones-sindicacion\/?utm_medium=interno&amp;utm_source=crosslinking&amp;utm_campaign=sindicacion_ep_pie_articulos\" target=\"_blank\" rel=\"noopener noreferrer nofollow\">aqu\u00ed<\/a><\/div>\n<\/aside>\n<div class=\"a_o _pr\" data-dtm-region=\"articulo_right-rail\">\n<div id=\"elpais_gpt-MPU1\" data-adtype=\"MPU\" class=\"ad ad-mpu\"><span class=\"_dn\">_<\/span><\/div>\n<section class=\"w w-sc b_col\" data-dtm-region=\"articulo_ultimas-noticias\">\n<header class=\"w_h b_col_h\">\n<h3 class=\"w_t\"><a href=\"https:\/\/elpais.com\/ultimas-noticias\/\" rel=\"story-card-ultimas-noticias\">\u00daltimas noticias<\/a><\/h3>\n<\/header>\n<div class=\"w_b\">\n<article class=\"c  c--m-n   \" data-word=\"0\">\n<header class=\"c_h\"><time datetime=\"2026-01-29T17:44:31+01:00\" class=\"c_da\">17:44<\/time><\/p>\n<h2 class=\"c_t \"><a href=\"https:\/\/elpais.com\/espana\/madrid\/2026-01-29\/ayuso-no-acatara-la-orden-de-prohibir-la-entrada-a-menores-de-18-anos-a-las-corridas-de-toros.html\">Ayuso no acatar\u00e1 la orden de prohibir la entrada a menores de 18 a\u00f1os a las corridas de toros<\/a><\/h2>\n<\/header>\n<\/article>\n<article class=\"c  c--m-n   \" data-word=\"0\">\n<header class=\"c_h\"><time datetime=\"2026-01-29T17:42:11+01:00\" class=\"c_da\">17:42<\/time><\/p>\n<h2 class=\"c_t \"><a href=\"https:\/\/elpais.com\/sociedad\/2026-01-29\/la-fiscalia-investiga-la-administracion-de-vacunas-caducadas-a-103-personas-en-el-pais-vasco.html\">La Fiscal\u00eda investiga la administraci\u00f3n de vacunas caducadas a 103 personas en el Pa\u00eds Vasco<\/a><\/h2>\n<\/header>\n<\/article>\n<article class=\"c  c--m-n   \" data-word=\"0\">\n<header class=\"c_h\"><time datetime=\"2026-01-29T17:25:34+01:00\" class=\"c_da\">17:25<\/time><\/p>\n<h2 class=\"c_t \"><a href=\"https:\/\/elpais.com\/america\/2026-01-29\/joseph-oughourlian-debemos-defender-el-pensamiento-critico-y-la-verdad-cueste-lo-que-cueste.html\">Joseph Oughourlian: \u201cDebemos defender el pensamiento cr\u00edtico y la verdad, cueste lo que cueste\u201d<\/a><\/h2>\n<\/header>\n<\/article>\n<article class=\"c  c--m-n   \" data-word=\"0\">\n<header class=\"c_h\"><time datetime=\"2026-01-29T17:24:19+01:00\" class=\"c_da\">17:24<\/time><\/p>\n<h2 class=\"c_t \"><a href=\"https:\/\/elpais.com\/america\/2026-01-29\/el-segundo-dia-del-foro-economico-internacional-de-america-latina-y-el-caribe-en-imagenes.html\">El segundo d\u00eda del Foro Econ\u00f3mico Internacional de Am\u00e9rica Latina y el Caribe, en im\u00e1genes<\/a><\/h2>\n<\/header>\n<\/article>\n<\/div>\n<\/section>\n<aside class=\"w w-lmv\" data-dtm-region=\"articulo_lom\">\n<h2 class=\"w_t\"><a href=\"https:\/\/elpais.com\/lo-mas-visto\/\">Lo m\u00e1s visto<\/a><\/h2>\n<div class=\"w_b\">\n<ol class=\"_ls\">\n<li><a href=\"https:\/\/elpais.com\/economia\/2026-01-27\/trump-bendice-la-caida-del-dolar-va-muy-bien-miren-los-negocios-que-estamos-haciendo.html#?rel=lom\">Trump asegura que no le preocupa la ca\u00edda del d\u00f3lar: \u201cVa muy bien, miren los negocios que estamos haciendo\u201d<\/a><\/li>\n<li><a href=\"https:\/\/elpais.com\/internacional\/2026-01-28\/el-primer-ministro-groenlandes-la-casa-blanca-no-tiene-ni-idea-de-lo-que-es-groenlandia.html#?rel=lom\">El primer ministro groenland\u00e9s: \u201cLa Casa Blanca no tiene ni idea de lo que es Groenlandia\u201d<\/a><\/li>\n<li><a href=\"https:\/\/elpais.com\/espana\/catalunya\/2026-01-28\/el-traspaso-de-la-inmigracion-a-cataluna-se-abre-paso-junts-acepta-cambiar-el-preambulo-de-la-ley-que-rechazaba-podemos.html#?rel=lom\">El traspaso de la inmigraci\u00f3n a Catalu\u00f1a se abre paso: Junts acepta cambiar el pre\u00e1mbulo de la ley que rechazaba Podemos<\/a><\/li>\n<li><a href=\"https:\/\/elpais.com\/espana\/2026-01-27\/la-guardia-civil-investiga-a-un-hombre-por-robar-571-pinos-pinoneros-en-valladolid-y-utilizarlos-para-hacer-biomasa.html#?rel=lom\">La Guardia Civil investiga a un hombre por robar 571 pinos pi\u00f1oneros en Valladolid y utilizarlos para hacer biomasa<\/a><\/li>\n<li><a href=\"https:\/\/elpais.com\/internacional\/2026-01-28\/siete-jefes-de-estado-dejan-atras-las-diferencias-ideologicas-y-piden-una-integracion-latinoamericana.html#?rel=lom\">Siete jefes de Estado dejan atr\u00e1s las diferencias ideol\u00f3gicas y piden una integraci\u00f3n latinoamericana<\/a><\/li>\n<\/ol>\n<\/div>\n<\/aside>\n<\/div>\n<\/article>\n<article class=\"c  c--m-n   \" data-word=\"0\">\n<header class=\"c_h\"><time datetime=\"2026-01-29T17:44:31+01:00\" class=\"c_da\">17:44<\/time><\/p>\n<h2 class=\"c_t \"><a href=\"https:\/\/elpais.com\/espana\/madrid\/2026-01-29\/ayuso-no-acatara-la-orden-de-prohibir-la-entrada-a-menores-de-18-anos-a-las-corridas-de-toros.html\">Ayuso no acatar\u00e1 la orden de prohibir la entrada a menores de 18 a\u00f1os a las corridas de toros<\/a><\/h2>\n<\/header>\n<\/article>\n<article class=\"c  c--m-n   \" data-word=\"0\">\n<header class=\"c_h\"><time datetime=\"2026-01-29T17:42:11+01:00\" class=\"c_da\">17:42<\/time><\/p>\n<h2 class=\"c_t \"><a href=\"https:\/\/elpais.com\/sociedad\/2026-01-29\/la-fiscalia-investiga-la-administracion-de-vacunas-caducadas-a-103-personas-en-el-pais-vasco.html\">La Fiscal\u00eda investiga la administraci\u00f3n de vacunas caducadas a 103 personas en el Pa\u00eds Vasco<\/a><\/h2>\n<\/header>\n<\/article>\n<article class=\"c  c--m-n   \" data-word=\"0\">\n<header class=\"c_h\"><time datetime=\"2026-01-29T17:25:34+01:00\" class=\"c_da\">17:25<\/time><\/p>\n<h2 class=\"c_t \"><a href=\"https:\/\/elpais.com\/america\/2026-01-29\/joseph-oughourlian-debemos-defender-el-pensamiento-critico-y-la-verdad-cueste-lo-que-cueste.html\">Joseph Oughourlian: \u201cDebemos defender el pensamiento cr\u00edtico y la verdad, cueste lo que cueste\u201d<\/a><\/h2>\n<\/header>\n<\/article>\n<article class=\"c  c--m-n   \" data-word=\"0\">\n<header class=\"c_h\"><time datetime=\"2026-01-29T17:24:19+01:00\" class=\"c_da\">17:24<\/time><\/p>\n<h2 class=\"c_t \"><a href=\"https:\/\/elpais.com\/america\/2026-01-29\/el-segundo-dia-del-foro-economico-internacional-de-america-latina-y-el-caribe-en-imagenes.html\">El segundo d\u00eda del Foro Econ\u00f3mico Internacional de Am\u00e9rica Latina y el Caribe, en im\u00e1genes<\/a><\/h2>\n<\/header>\n<\/article>\n<p> Source URL: https:\/\/elpais.com\/espana\/2026-01-29\/el-gran-dilema-de-los-solicitantes-de-asilo-politico-ante-la-regularizacion-del-gobierno.html<\/p>\n","protected":false},"excerpt":{"rendered":"<p>Regularizaci\u00f3n de inmigrantes El gran dilema de los solicitantes de asilo pol\u00edtico ante la regularizaci\u00f3n del Gobierno Los extranjeros que requieren protecci\u00f3n internacional se debaten entre seguir con un proceso atascado o acogerse al nuevo decreto Marta Mar\u00eda Ram\u00edrez, refugiada cubana solicitante de asilo, en casa de unos amigos, en Madrid. Jaime Villanueva Carmen Mor\u00e1n [&hellip;]<\/p>\n","protected":false},"author":1,"featured_media":1543605,"comment_status":"open","ping_status":"","sticky":false,"template":"","format":"standard","meta":{"footnotes":""},"categories":[88],"tags":[92],"class_list":["post-1543604","post","type-post","status-publish","format-standard","has-post-thumbnail","hentry","category-spain","tag-elpais-com"],"_links":{"self":[{"href":"https:\/\/analyse.optim.biz\/index.php?rest_route=\/wp\/v2\/posts\/1543604","targetHints":{"allow":["GET"]}}],"collection":[{"href":"https:\/\/analyse.optim.biz\/index.php?rest_route=\/wp\/v2\/posts"}],"about":[{"href":"https:\/\/analyse.optim.biz\/index.php?rest_route=\/wp\/v2\/types\/post"}],"author":[{"embeddable":true,"href":"https:\/\/analyse.optim.biz\/index.php?rest_route=\/wp\/v2\/users\/1"}],"replies":[{"embeddable":true,"href":"https:\/\/analyse.optim.biz\/index.php?rest_route=%2Fwp%2Fv2%2Fcomments&post=1543604"}],"version-history":[{"count":0,"href":"https:\/\/analyse.optim.biz\/index.php?rest_route=\/wp\/v2\/posts\/1543604\/revisions"}],"wp:featuredmedia":[{"embeddable":true,"href":"https:\/\/analyse.optim.biz\/index.php?rest_route=\/wp\/v2\/media\/1543605"}],"wp:attachment":[{"href":"https:\/\/analyse.optim.biz\/index.php?rest_route=%2Fwp%2Fv2%2Fmedia&parent=1543604"}],"wp:term":[{"taxonomy":"category","embeddable":true,"href":"https:\/\/analyse.optim.biz\/index.php?rest_route=%2Fwp%2Fv2%2Fcategories&post=1543604"},{"taxonomy":"post_tag","embeddable":true,"href":"https:\/\/analyse.optim.biz\/index.php?rest_route=%2Fwp%2Fv2%2Ftags&post=1543604"}],"curies":[{"name":"wp","href":"https:\/\/api.w.org\/{rel}","templated":true}]}}