{"id":1543585,"date":"2026-01-29T04:30:01","date_gmt":"2026-01-29T01:30:01","guid":{"rendered":"https:\/\/analyse.optim.biz\/?p=1543585"},"modified":"2026-01-29T04:30:01","modified_gmt":"2026-01-29T01:30:01","slug":"abalos-se-arrepiente-de-no-dejar-antes-el-escano-y-dilata-la-causa-en-la-que-se-le-investiga-junto-a-cerdan","status":"publish","type":"post","link":"https:\/\/analyse.optim.biz\/?p=1543585","title":{"rendered":"\u00c1balos se \u201carrepiente\u201d de no dejar antes el esca\u00f1o y dilata la causa en la que se le investiga junto a Cerd\u00e1n"},"content":{"rendered":"<article id=\"main-content\" class=\"a _g _g-lg _g-o\">\n<header class=\"a_e _g _g-xs\">\n<div class=\"a_e_txt _df\">\n<div class=\"a_k _df\"><a class=\"a_k_n\" href=\"https:\/\/elpais.com\/noticias\/jose-luis-abalos\/\">JOS\u00c9 LUIS \u00c1BALOS<\/a><\/div>\n<h1 class=\"a_t\">\u00c1balos se \u201carrepiente\u201d de no dejar antes el esca\u00f1o y dilata la causa en la que se le investiga junto a Cerd\u00e1n <\/h1>\n<p class=\"a_st\">El dirigente navarro, que est\u00e1 en libertad, se beneficiar\u00e1 de que la investigaci\u00f3n del ama\u00f1o de obras vaya ahora a la Audiencia Nacional, donde el \u2018caso Koldo\u2019 se convertir\u00e1 en una macrocausa   <\/p>\n<\/div>\n<div class=\"a_e_m\">\n<figure class=\"a_m a_m-h \"><span class=\"a_m_w _db\"><img fetchpriority=\"high\" decoding=\"async\" class=\"_re  a_m-h\" height=\"233\" width=\"414\" src=\"https:\/\/analyse.optim.biz\/wp-content\/uploads\/2026\/01\/44q4r4sofbdobgfn52tbtgjquy-1-1.jpg\" loading=\"eager\" title=\"44q4r4sofbdobgfn52tbtgjquy-1-1\"><\/span><figcaption class=\"a_m_p\" aria-hidden=\"true\"><span>Jos\u00e9 Luis \u00c1balos, exministro de Transportes, en el Congreso de los Diputados antes de renunciar a su esca\u00f1o<\/span><span class=\"a_m_m\">Claudio \u00c1lvarez<\/span><\/figcaption><\/figure>\n<\/div>\n<\/header>\n<div class=\"a_md _g _g-xs ni\">\n<div class=\"a_md_txt\">\n<div class=\"a_md_a\" data-dtm-region=\"articulo_firma\"><a href=\"https:\/\/elpais.com\/autor\/irene-dorta-hermoso\/#?rel=author_top\" title=\"Ver todas las noticias de Irene Dorta\" class=\"a_md_a_n\">Irene Dorta<\/a><a href=\"https:\/\/elpais.com\/autor\/rocio-martinez-posada\/#?rel=author_top\" title=\"Ver todas las noticias de Roc\u00edo Mart\u00ednez Posada\" class=\"a_md_a_n\">Roc\u00edo Mart\u00ednez Posada<\/a><\/div>\n<div class=\"a_md_f\"><span>Madrid &#8211; <a href=\"https:\/\/elpais.com\/hemeroteca\/2026-01-29\/\" data-date=\"2026-01-29T05:30:01+01:00\"><time data-date=\"2026-01-29T05:30:01+01:00\" datetime=\"2026-01-29T05:30:01+01:00\" id=\"article_date_p\">29 ene 2026 &#8211; 05:30<abbr title=\"Central European Time\">CET<\/abbr><\/time><\/a><\/span><\/div>\n<div class=\"w_rs\" data-dtm-region=\"articulo_botonera-social\">\n<div class=\"w_rs_i\"><a class=\"_btn hidden\" href=\"\/\/send?text=%C3%81balos%20se%20%E2%80%9Carrepiente%E2%80%9D%20de%20no%20dejar%20antes%20el%20esca%C3%B1o%20y%20dilata%20la%20causa%20en%20la%20que%20se%20le%20investiga%20junto%20a%20Cerd%C3%A1n%20%0D%0A%0D%0Ahttps%3A%2F%2Felpais.com%2Fespana%2F2026-01-29%2Fabalos-se-arrepiente-por-no-dejar-antes-el-escano-y-aboca-la-causa-con-cerdan-a-una-investigacion-de-anos.html%3Fssm=whatsapp_CC\" data-action=\"share\/whatsapp\/share\" data-param-description=\"\u00c1balos se \u201carrepiente\u201d de no dejar antes el esca\u00f1o y dilata la causa en la que se le investiga junto a Cerd\u00e1n \" data-param-href=\"https:\/\/elpais.com\/espana\/2026-01-29\/abalos-se-arrepiente-por-no-dejar-antes-el-escano-y-aboca-la-causa-con-cerdan-a-una-investigacion-de-anos.html\" data-param-text=\"\u00c1balos se \u201carrepiente\u201d de no dejar antes el esca\u00f1o y dilata la causa en la que se le investiga junto a Cerd\u00e1n  https:\/\/elpais.com\/espana\/2026-01-29\/abalos-se-arrepiente-por-no-dejar-antes-el-escano-y-aboca-la-causa-con-cerdan-a-una-investigacion-de-anos.html\" data-param-url=\"https:\/\/elpais.com\/espana\/2026-01-29\/abalos-se-arrepiente-por-no-dejar-antes-el-escano-y-aboca-la-causa-con-cerdan-a-una-investigacion-de-anos.html\" target=\"_blank\" rel=\"noopener noreferrer\" data-share-track-dtm=\"whatsapp\" id=\"btn_share_whatsapp_601\"><span class=\"_sr\">Compartir en Whatsapp<\/span><\/a><\/div>\n<div class=\"w_rs_i\"><a class=\"_btn \" href=\"https:\/\/www.facebook.com\/dialog\/share?display=popup&amp;app_id=94039431626&amp;href=https%3A%2F%2Felpais.com%2Fespana%2F2026-01-29%2Fabalos-se-arrepiente-por-no-dejar-antes-el-escano-y-aboca-la-causa-con-cerdan-a-una-investigacion-de-anos.html%3Fssm=FB_CC&amp;quote=%C3%81balos%20se%20%E2%80%9Carrepiente%E2%80%9D%20de%20no%20dejar%20antes%20el%20esca%C3%B1o%20y%20dilata%20la%20causa%20en%20la%20que%20se%20le%20investiga%20junto%20a%20Cerd%C3%A1n%20\" data-param-app_id=\"94039431626\" data-param-description=\"\u00c1balos se \u201carrepiente\u201d de no dejar antes el esca\u00f1o y dilata la causa en la que se le investiga junto a Cerd\u00e1n \" data-param-href=\"https:\/\/elpais.com\/espana\/2026-01-29\/abalos-se-arrepiente-por-no-dejar-antes-el-escano-y-aboca-la-causa-con-cerdan-a-una-investigacion-de-anos.html\" data-param-text=\"\u00c1balos se \u201carrepiente\u201d de no dejar antes el esca\u00f1o y dilata la causa en la que se le investiga junto a Cerd\u00e1n \" data-param-url=\"https:\/\/elpais.com\/espana\/2026-01-29\/abalos-se-arrepiente-por-no-dejar-antes-el-escano-y-aboca-la-causa-con-cerdan-a-una-investigacion-de-anos.html\" target=\"_blank\" rel=\"noopener noreferrer\" data-share-track-dtm=\"facebook\" id=\"btn_share_facebook_601\"><span class=\"_sr\">Compartir en Facebook<\/span><\/a><\/div>\n<div class=\"w_rs_i\"><a class=\"_btn \" href=\"https:\/\/twitter.com\/intent\/tweet?url=https%3A%2F%2Felpais.com%2Fespana%2F2026-01-29%2Fabalos-se-arrepiente-por-no-dejar-antes-el-escano-y-aboca-la-causa-con-cerdan-a-una-investigacion-de-anos.html%3Fssm=TW_CC&amp;text=%C3%81balos%20se%20%E2%80%9Carrepiente%E2%80%9D%20de%20no%20dejar%20antes%20el%20esca%C3%B1o%20y%20dilata%20la%20causa%20en%20la%20que%20se%20le%20investiga%20junto%20a%20Cerd%C3%A1n%20&amp;via=el_pais&amp;lang=es\" data-param-description=\"\u00c1balos se \u201carrepiente\u201d de no dejar antes el esca\u00f1o y dilata la causa en la que se le investiga junto a Cerd\u00e1n \" data-param-href=\"https:\/\/elpais.com\/espana\/2026-01-29\/abalos-se-arrepiente-por-no-dejar-antes-el-escano-y-aboca-la-causa-con-cerdan-a-una-investigacion-de-anos.html\" data-param-text=\"\u00c1balos se \u201carrepiente\u201d de no dejar antes el esca\u00f1o y dilata la causa en la que se le investiga junto a Cerd\u00e1n  via @el_pais\" data-param-url=\"https:\/\/elpais.com\/espana\/2026-01-29\/abalos-se-arrepiente-por-no-dejar-antes-el-escano-y-aboca-la-causa-con-cerdan-a-una-investigacion-de-anos.html\" target=\"_blank\" rel=\"noopener noreferrer\" data-share-track-dtm=\"twitter\" id=\"btn_share_twitter_601\"><span class=\"_sr\">Compartir en Twitter<\/span><\/a><\/div>\n<div class=\"w_rs_i\"><a class=\"_btn \" href=\"https:\/\/bsky.app\/intent\/compose?text=https%3A%2F%2Felpais.com%2Fespana%2F2026-01-29%2Fabalos-se-arrepiente-por-no-dejar-antes-el-escano-y-aboca-la-causa-con-cerdan-a-una-investigacion-de-anos.html%3Fssm=bsky_CC\" data-param-description=\"\u00c1balos se \u201carrepiente\u201d de no dejar antes el esca\u00f1o y dilata la causa en la que se le investiga junto a Cerd\u00e1n \" data-param-href=\"https:\/\/elpais.com\/espana\/2026-01-29\/abalos-se-arrepiente-por-no-dejar-antes-el-escano-y-aboca-la-causa-con-cerdan-a-una-investigacion-de-anos.html\" data-param-text=\"\u00c1balos se \u201carrepiente\u201d de no dejar antes el esca\u00f1o y dilata la causa en la que se le investiga junto a Cerd\u00e1n \" data-param-url=\"https:\/\/elpais.com\/espana\/2026-01-29\/abalos-se-arrepiente-por-no-dejar-antes-el-escano-y-aboca-la-causa-con-cerdan-a-una-investigacion-de-anos.html\" target=\"_blank\" rel=\"noopener noreferrer\" data-share-track-dtm=\"bluesky\" id=\"btn_share_bluesky_601\"><span class=\"_sr\">Compartir en Bluesky<\/span><\/a><\/div>\n<div class=\"w_rs_i\"><a class=\"_btn \" href=\"https:\/\/www.linkedin.com\/sharing\/share-offsite\/?url=https%3A%2F%2Felpais.com%2Fespana%2F2026-01-29%2Fabalos-se-arrepiente-por-no-dejar-antes-el-escano-y-aboca-la-causa-con-cerdan-a-una-investigacion-de-anos.html%3Fssm=LK_CC\" data-param-description=\"\u00c1balos se \u201carrepiente\u201d de no dejar antes el esca\u00f1o y dilata la causa en la que se le investiga junto a Cerd\u00e1n \" data-param-href=\"https:\/\/elpais.com\/espana\/2026-01-29\/abalos-se-arrepiente-por-no-dejar-antes-el-escano-y-aboca-la-causa-con-cerdan-a-una-investigacion-de-anos.html\" data-param-text=\"\u00c1balos se \u201carrepiente\u201d de no dejar antes el esca\u00f1o y dilata la causa en la que se le investiga junto a Cerd\u00e1n \" data-param-url=\"https:\/\/elpais.com\/espana\/2026-01-29\/abalos-se-arrepiente-por-no-dejar-antes-el-escano-y-aboca-la-causa-con-cerdan-a-una-investigacion-de-anos.html\" target=\"_blank\" rel=\"noopener noreferrer\" data-share-track-dtm=\"linkedin\" id=\"btn_share_linkedin_601\"><span class=\"_sr\">Compartir en Linkedin<\/span><\/a><\/div>\n<div class=\"w_rs_i\"><a class=\"_btn rs_l\" href=\"https:\/\/elpais.com\/espana\/2026-01-29\/abalos-se-arrepiente-por-no-dejar-antes-el-escano-y-aboca-la-causa-con-cerdan-a-una-investigacion-de-anos.html#?prm=copy_link\" data-share-track-dtm=\"copiar_url\" id=\"btn_share_link_57\"><span class=\"_sr\">Copiar enlace<\/span><\/a><\/div>\n<div class=\"w_rs_i\"><a class=\"_btn rs_c\" href=\"https:\/\/elpais.com\/espana\/2026-01-29\/abalos-se-arrepiente-por-no-dejar-antes-el-escano-y-aboca-la-causa-con-cerdan-a-una-investigacion-de-anos.html#comments_container\" aria-expanded=\"false\" aria-controls=\"me-c\" data-share-track-dtm=\"eskup\" id=\"btn_share_comments_57\"><span class=\"_sr\">Ir a los comentarios<\/span><\/a><\/div>\n<\/div>\n<\/div>\n<\/div>\n<div class=\"a_c clearfix\" data-dtm-region=\"articulo_cuerpo\">\n<p class>El que fuera hombre fuerte de Pedro S\u00e1nchez en el PSOE se sent\u00f3 por primera vez en un esca\u00f1o del Congreso de los Diputados en 2009. Este mi\u00e9rcoles, 17 a\u00f1os despu\u00e9s, <a href=\"https:\/\/elpais.com\/espana\/2026-01-28\/jose-luis-abalos-renuncia-a-su-acta-de-diputado.html\" target=\"_self\" rel title=\"https:\/\/elpais.com\/espana\/2026-01-28\/jose-luis-abalos-renuncia-a-su-acta-de-diputado.html\">Jos\u00e9 Luis \u00c1balos ha renunciado al \u00fanico espacio pol\u00edtico al que todav\u00eda se aferraba <\/a>desde la prisi\u00f3n de Soto del Real, en Madrid. \u00c1balos deja su esca\u00f1o, ya fuera del PSOE \u2014el partido en el que militaba desde 1995 le suspendi\u00f3 en febrero de 2024\u2014, y se prepara para afrontar el juicio por el <i>caso mascarillas<\/i> en el Tribunal Supremo, por el que la Fiscal\u00eda le pide 24 a\u00f1os de prisi\u00f3n. El ya exdiputado confiesa a su entorno que est\u00e1 \u201carrepentido\u201d de no haber renunciado antes a su esca\u00f1o, como le hab\u00eda recomendado su primer abogado, Jos\u00e9 An\u00edbal \u00c1lvarez, porque admite ahora que habr\u00eda tenido m\u00e1s opciones de eludir la prisi\u00f3n provisional en la que se encuentra. El juicio por esa causa se mantendr\u00e1 como estaba previsto, pero el cambio de condici\u00f3n de \u00c1balos afectar\u00e1 directamente a la l\u00ednea de investigaci\u00f3n sobre los ama\u00f1os de obra p\u00fablica en el Ministerio de Transportes, por los que est\u00e1 imputado el tambi\u00e9n ex secretario de Organizaci\u00f3n Santos Cerd\u00e1n. Esta causa se ir\u00e1 a la Audiencia Nacional, donde previsiblemente se dilatar\u00e1 durante a\u00f1os. <\/p>\n<p class>La condici\u00f3n de aforado de \u00c1balos ante el Supremo era la \u00fanica raz\u00f3n por la que ambas tramas (mascarillas y ama\u00f1os de obras) estaban en el alto tribunal. \u00c1balos llevaba semanas meditando la decisi\u00f3n que finalmente<a href=\"https:\/\/elpais.com\/espana\/2026-01-28\/jose-luis-abalos-renuncia-a-su-acta-de-diputado.html\" target=\"_self\" rel title=\"https:\/\/elpais.com\/espana\/2026-01-28\/jose-luis-abalos-renuncia-a-su-acta-de-diputado.html\"> anunci\u00f3 el mi\u00e9rcoles a trav\u00e9s de su cuenta de X, <\/a>que gestionan entre su hijo y una amiga: \u201cHa sido un verdadero honor ser diputado de las Cortes\u201d. Seg\u00fan cuentan fuentes de su entorno a EL PA\u00cdS, en su estancia en el centro penitenciario,<a href=\"https:\/\/elpais.com\/espana\/2025-11-27\/el-juez-envia-a-abalos-y-a-koldo-garcia-prision-preventiva.html\" target=\"_self\" rel title=\"https:\/\/elpais.com\/espana\/2025-11-27\/el-juez-envia-a-abalos-y-a-koldo-garcia-prision-preventiva.html\"> donde entr\u00f3 el pasado 27 de noviembre<\/a>, ha podido recapacitar. \u201cSe equivoc\u00f3\u201d, explican. El exministro de Transportes rompi\u00f3 con \u00c1lvarez, el primer letrado que cogi\u00f3 las riendas de su defensa, en octubre por lo que llam\u00f3 \u201cdiferencias irreconducibles\u201d. Pero detr\u00e1s del eufemismo hab\u00eda una recomendaci\u00f3n clara: el abogado <a href=\"https:\/\/elpais.com\/espana\/2025-10-13\/abalos-cambiara-su-estrategia-de-defensa-en-el-supremo-y-busca-nuevo-abogado.html\" target=\"_self\" rel title=\"https:\/\/elpais.com\/espana\/2025-10-13\/abalos-cambiara-su-estrategia-de-defensa-en-el-supremo-y-busca-nuevo-abogado.html\">le alentaba a dejar el esca\u00f1o<\/a> para que las dos patas de la investigaci\u00f3n recalaran en la Audiencia Nacional y todo el procedimiento se retrasara <i>sine die<\/i>. <\/p>\n<p class>El exministro escuch\u00f3 la opini\u00f3n de distintos juristas y decidi\u00f3 no soltar la silla del Congreso. Consideraba que renunciar era dar la raz\u00f3n a quienes ya ve\u00edan redactada la sentencia y, de alguna manera, autoinculparse cuando \u00e9l sigue defendiendo a d\u00eda de hoy su inocencia. \u201cCre\u00eda que en el Supremo hab\u00eda m\u00e1s garant\u00edas\u201d, expresan en su entorno. Despu\u00e9s de que el alto tribunal ratificara el 19 de enero su entrada en prisi\u00f3n provisional por \u201calto riesgo\u201d de fuga, \u00c1balos ha soltado el \u00faltimo hilo que lo amarraba a su pasado, dejando el<a href=\"https:\/\/elpais.com\/espana\/2026-01-28\/la-renuncia-de-abalos-coloca-ya-en-el-congreso-a-la-alcaldesa-valenciana-de-llauri.html\" target=\"_self\" rel title=\"https:\/\/elpais.com\/espana\/2026-01-28\/la-renuncia-de-abalos-coloca-ya-en-el-congreso-a-la-alcaldesa-valenciana-de-llauri.html\"> camino libre para la alcaldesa valenciana de Llaur\u00ed Ana Mar\u00eda Gonz\u00e1lez, que le toma el relevo. <\/a><\/p>\n<p class>Se abren ahora dos escenarios judiciales. El primero en el Supremo, que retendr\u00e1 la competencia sobre la pata del <i>caso Koldo<\/i> relativa a la presunta adjudicaci\u00f3n ilegal a Soluciones de Gesti\u00f3n S.L. \u2015empresa vinculada al presunto conseguidor de la trama, V\u00edctor de Aldama\u2015 de los contratos para comprar mascarillas en lo peor de la pandemia. Aqu\u00ed el calendario es claro porque esta pieza principal ya se aproxima a juicio. Habr\u00e1 una audiencia preliminar el 12 de febrero, para que el tribunal analice las cuestiones de nulidad que plantean las defensas y decida si las acepta. <\/p>\n<p class>El segundo escenario se sit\u00faa en la Audiencia Nacional, a donde ir\u00e1 la pieza separada centrada en los ama\u00f1os de obra p\u00fablica. Se sumar\u00e1 a las l\u00edneas de investigaci\u00f3n que ya est\u00e1n en ese \u00f3rgano sobre presuntas ilegalidades en la compra de material sanitario por parte de otras administraciones p\u00fablicas, las supuestas corruptelas en Adif y Carreteras para adjudicar obras y los pagos en efectivo que hizo el PSOE a \u00c1balos y su exasesor. Este c\u00famulo de piezas transformar\u00e1 el <i>caso Koldo<\/i> en una macrocausa, al estilo de las que acostumbra a gestar este tribunal especial. La consecuencia evidente es que los juicios podr\u00edan tardar a\u00f1os. <\/p>\n<h3 class>Cerd\u00e1n y exdirectivos de Acciona, principales beneficiados<\/h3>\n<p class>El gran beneficiario de este movimiento estrat\u00e9gico de \u00c1balos es Cerd\u00e1n. El exministro, su exasesor y Aldama se sentar\u00e1n irremediablemente en el banquillo del Supremo por el <i>caso mascarillas. <\/i>Los dos primeros ya est\u00e1n en prisi\u00f3n y seguir\u00e1n all\u00ed si hay condena, mientras que el empresario podr\u00eda evitar la c\u00e1rcel o reducir al m\u00ednimo su estancia entre rejas si la eventual pena se sit\u00faa por debajo de los 7 a\u00f1os que le piden las acusaciones. <\/p>\n<p class>Cerd\u00e1n, en cambio, \u00fanicamente est\u00e1 imputado por la trama de obra p\u00fablica, as\u00ed que el hecho de que la causa se dilate durante a\u00f1os le da ox\u00edgeno. Esto supone mucho m\u00e1s tiempo fuera de prisi\u00f3n, donde ya pas\u00f3 unos meses entre junio y noviembre de 2025, tanto por la previsible par\u00e1lisis de las pesquisas en la Audiencia Nacional como por la posibilidad de presentar m\u00e1s recursos en caso de condena.<\/p>\n<p class>\u00c1balos tratar\u00e1 igualmente de luchar para que la causa de las mascarillas no sea enjuiciada en el Tribunal Supremo, donde tras una condena no tendr\u00e1 posibilidades de recurso, seg\u00fan fuentes de su entorno. Lo tendr\u00e1n dif\u00edcil porque el alto tribunal cuenta con un acuerdo de 2 de diciembre de 2014 por el que el Pleno de la Sala de lo Penal fij\u00f3 que el acto procesal de enviar la causa a juicio ancla la competencia en el tribunal que la tuviera en ese momento, aunque posteriormente se pierda el aforamiento que la justificaba. <\/p>\n<h3 class>Una \u201ct\u00e1ctica dilatoria\u201d que el Supremo fren\u00f3 con el \u2018caso G\u00fcrtel\u2019<\/h3>\n<p class>El Supremo detect\u00f3 la necesidad de aclarar en qu\u00e9 momento del proceso penal el tribunal consolida su competencia ante la confusi\u00f3n provocada porque ninguna norma lo regulara. Hasta ese acuerdo del Pleno, la \u00fanica gu\u00eda para decantar la competencia cuando hab\u00eda una p\u00e9rdida sobrevenida de aforamiento era un principio del derecho (<i>perpertuatio iurisdiccionis)<\/i>, cuya esencia es que \u201crazones de seguridad jur\u00eddica requieren que en alg\u00fan momento pueda y deba quedar establecida\u201d, en palabras del propio Supremo. Sin embargo, la falta de definici\u00f3n clara de este principio general daba pie a interpretaciones. <\/p>\n<p class>El primer caso al que el alto tribunal aplic\u00f3 doctrina sobre este tema fue <i>G\u00fcrtel, <\/i>la parte de la trama de corrupci\u00f3n relacionada con el PP que analizaba la adjudicaci\u00f3n de contratos por laGeneralitat Valenciana a Orange Market y otros contratos y obras menores de FITUR. Las pesquisas comenzaron en 2009 en Madrid, pero viajaron al Tribunal Superior de Justicia de Valencia porque hab\u00eda aforados ante esa sede judicial. Concretamente, las diputadas y exconsejeras valencianas del PP Milagrosa Mart\u00ednez y Ang\u00e9lica Sach. El Tribunal Superior se\u00f1al\u00f3 el juicio para el 31 de marzo de 2014, pero, poco despu\u00e9s, las dos renunciaron al esca\u00f1o. Esto desbarat\u00f3 la causa hasta el punto de que el Supremo tuvo que poner orden. Lo hizo diciendo que el destino de un caso \u201cno puede quedar al azar o al capricho del acusado\u201d. Esa \u201ct\u00e1ctica dilatoria\u201d no tiene cabida en derecho, zanj\u00f3. El caso termin\u00f3 en la Audiencia Nacional, que no juzg\u00f3 estas piezas hasta 2023.<\/p>\n<p class>El Supremo eligi\u00f3 como punto de inflexi\u00f3n la apertura de juicio oral, entre otras cosas, porque en ese momento \u201cqueda delimitado definitivamente el \u00e1mbito objetivo y subjetivo de los hechos\u201d, es decir, qu\u00e9 se juzga y las personas afectadas, ya sea como acusado o acusaci\u00f3n. Entonces, hace m\u00e1s de 11 a\u00f1os, el alto tribunal confiaba en que el legislador, al que culp\u00f3 del caos en este asunto por haber \u201cdesatendido\u201d las llamadas a regularlo, lo acabara haciendo. No ha ocurrido. <\/p>\n<\/div>\n<div id=\"me-dis\" class=\"me _pf\">\n<div class=\"me_bg\">\n<div class=\"me-dis _pa _df\">\n<div class=\"me-dis_c\">\n<h2 class=\"me-dis_t\">Tu suscripci\u00f3n se est\u00e1 usando en otro dispositivo<\/h2>\n<p>\u00bfQuieres a\u00f1adir otro usuario a tu suscripci\u00f3n?<\/p>\n<div class=\"me-dis_l\"><a href=\"https:\/\/elpais.com\/suscripciones\/premium\/upgrade\/?utm_source=autopromo&amp;utm_medium=interno&amp;utm_campaign=YYYY_MM_capping_upgrade\" id=\"capping-upgrade\" class=\"btn\">A\u00f1adir usuario<\/a><a href=\"https:\/\/elpais.com\/espana\/2026-01-29\/abalos-se-arrepiente-por-no-dejar-antes-el-escano-y-aboca-la-causa-con-cerdan-a-una-investigacion-de-anos.html\" id=\"capping-continue\" class=\"btn btn-b\">Continuar leyendo aqu\u00ed<\/a><\/div>\n<p>Si contin\u00faas leyendo en este dispositivo, no se podr\u00e1 leer en el otro.<\/p>\n<p class=\"lk\"><a href=\"https:\/\/elpais.com\/espana\/2026-01-29\/abalos-se-arrepiente-por-no-dejar-antes-el-escano-y-aboca-la-causa-con-cerdan-a-una-investigacion-de-anos.html\" id=\"capping-show-more-button\">\u00bfPor qu\u00e9 est\u00e1s viendo esto?<\/a><\/p>\n<p><span class=\"arrow\" id=\"capping-arrow\">Flecha<\/span><\/p>\n<div class=\"me-dis_d\">\n<div class=\"me-dis_d_t\">\n<h2 class=\"enc\">Tu suscripci\u00f3n se est\u00e1 usando en otro dispositivo y solo puedes acceder a EL PA\u00cdS desde un dispositivo a la vez.<\/h2>\n<div class=\"tx\">\n<p>Si quieres compartir tu cuenta, cambia tu suscripci\u00f3n a la modalidad Premium, as\u00ed podr\u00e1s a\u00f1adir otro usuario. Cada uno acceder\u00e1 con su propia cuenta de email, lo que os permitir\u00e1 personalizar vuestra experiencia en EL PA\u00cdS.<\/p>\n<p>\u00bfTienes una suscripci\u00f3n de empresa? Accede <a target=\"_blank\" rel=\"noreferrer\" href=\"https:\/\/elpais.com\/suscripciones\/premium\/upgrade\/\">aqu\u00ed<\/a> para contratar m\u00e1s cuentas.<\/p>\n<p>En el caso de no saber qui\u00e9n est\u00e1 usando tu cuenta, te recomendamos cambiar tu contrase\u00f1a <a target=\"_blank\" rel=\"noreferrer\" href=\"https:\/\/elpais.com\/subscriptions\/#\/forgot-password\">aqu\u00ed.<\/a><\/p>\n<p>Si decides continuar compartiendo tu cuenta, este mensaje se mostrar\u00e1 en tu dispositivo y en el de la otra persona que est\u00e1 usando tu cuenta de forma indefinida, afectando a tu experiencia de lectura. Puedes <a target=\"_blank\" rel=\"noreferrer\" href=\"https:\/\/elpais.com\/suscripciones\/condiciones-generales-servicios\/\">consultar aqu\u00ed los t\u00e9rminos y condiciones de la suscripci\u00f3n digital.<\/a><\/p>\n<\/div>\n<\/div>\n<\/div>\n<\/div>\n<\/div>\n<\/div>\n<\/div>\n<aside class=\"w w-fid\">\n<div class=\"w_b\">\n<div class=\"w-fid_t\"><a href=\"https:\/\/plus.elpais.com\/newsletters\/lnp\/1\/2\/#?prm=not_newsletters_espana\">El mejor an\u00e1lisis de la actualidad con Milagros P\u00e9rez Oliva, en EL PA\u00cdS de la ma\u00f1ana.<\/a><\/div>\n<div class=\"w-fid_s\">\n<div class=\"w_rs\">\n<div class=\"w_rs_i\"><a class=\"_btn\" href=\"https:\/\/www.facebook.com\/elpais\" rel=\"nofollow\"><span class=\"_sr\">Espana El Pa\u00eds en Facebook<\/span><\/a><\/div>\n<div class=\"w_rs_i\"><a class=\"_btn\" href=\"https:\/\/www.instagram.com\/el_pais\/\" rel=\"nofollow\"><span class=\"_sr\">Espana El Pa\u00eds en Instagram<\/span><\/a><\/div>\n<div class=\"w_rs_i\"><a class=\"_btn\" href=\"https:\/\/twitter.com\/el_pais\" rel=\"nofollow\"><span class=\"_sr\">Espana El Pa\u00eds en Twitter<\/span><\/a><\/div>\n<\/div>\n<\/div>\n<\/div>\n<\/aside>\n<aside class=\"a_com w w-com _df\"><a class=\"a_com_l\" href=\"https:\/\/elpais.com\/info\/normas-de-participacion\/\">Normas \u203a<\/a><\/aside>\n<div class=\"me _pf\" id=\"me-c\">\n<div class=\"me_bg\">\n<div class=\"me-c _pa\" id=\"comments_container\" data-dtm-region=\"articulo_comentarios\">\n<div class=\"me_f me_f-os me_cc\"><a href=\"https:\/\/plus.elpais.com\/perfil\/actividad\/\">Mis comentarios<\/a><a href=\"https:\/\/elpais.com\/info\/normas-de-participacion\/\">Normas<\/a><\/div>\n<div class=\"me_f me_f-ns\"><span class=\"me_f_txt _db\">Rellena tu <b>nombre y apellido<\/b> para comentar<\/span><a href=\"https:\/\/plus.elpais.com\/autorization.html\/?prod=COM&amp;backURL=https%3A%2F%2Felpais.com%2Fespana%2F2026-01-29%2Fabalos-se-arrepiente-por-no-dejar-antes-el-escano-y-aboca-la-causa-con-cerdan-a-una-investigacion-de-anos.html%3Fgaa_ts%3D697b9418%26gaa_sig%3Dkuf6IwLEpfnKDtGrYQ_UdZ_vzdJ1I8l-q08D1TmM1g88FXrH525FWpHRwjYOw8FrjTlMkai491rQ3ak5hbYqLw%253D%253D%26utm_source%3Dnewsshowcase%26utm_content%3Dbullets%26utm_medium%3Ddiscover%26gaa_at%3Dla%26utm_campaign%3DCCwqGQgwKhAIACoHCAowwJn-CjCamooDMLWj7wIwv6OcAw%26gaa_n%3DAWEtsqcjftaNAdOfmVooC3izZNvVgFWOfgTVHlo9A0KCSmFyKgYZzpVhG6l94Z1nPqM%253D\" class=\"btn btn-2\">completar datos<\/a><\/div>\n<div class=\"me_f\" id=\"comments_msg\"><a class=\"btn btn-2\" href=\"https:\/\/elpais.com\/suscripciones\/#\/campaign?prod=SUSDIGCRART&amp;o=COM&amp;prm=suscrip_articulo_comentarios_el-pais&amp;backURL=https%3A%2F%2Felpais.com%2Fespana%2F2026-01-29%2Fabalos-se-arrepiente-por-no-dejar-antes-el-escano-y-aboca-la-causa-con-cerdan-a-una-investigacion-de-anos.html%3Fgaa_ts%3D697b9418%26gaa_sig%3Dkuf6IwLEpfnKDtGrYQ_UdZ_vzdJ1I8l-q08D1TmM1g88FXrH525FWpHRwjYOw8FrjTlMkai491rQ3ak5hbYqLw%253D%253D%26utm_source%3Dnewsshowcase%26utm_content%3Dbullets%26utm_medium%3Ddiscover%26gaa_at%3Dla%26utm_campaign%3DCCwqGQgwKhAIACoHCAowwJn-CjCamooDMLWj7wIwv6OcAw%26gaa_n%3DAWEtsqcjftaNAdOfmVooC3izZNvVgFWOfgTVHlo9A0KCSmFyKgYZzpVhG6l94Z1nPqM%253D\" id=\"comments_subscribe_link\" data-link-am=\"https:\/\/elpais.com\/suscripciones\/america\/#\/campaign?prod=SUSDIGCRARTAM&amp;o=COMAM&amp;prm=suscrip_articulo_comentarios_el-pais-america&amp;backURL=https%3A%2F%2Felpais.com%2Fespana%2F2026-01-29%2Fabalos-se-arrepiente-por-no-dejar-antes-el-escano-y-aboca-la-causa-con-cerdan-a-una-investigacion-de-anos.html%3Fgaa_ts%3D697b9418%26gaa_sig%3Dkuf6IwLEpfnKDtGrYQ_UdZ_vzdJ1I8l-q08D1TmM1g88FXrH525FWpHRwjYOw8FrjTlMkai491rQ3ak5hbYqLw%253D%253D%26utm_source%3Dnewsshowcase%26utm_content%3Dbullets%26utm_medium%3Ddiscover%26gaa_at%3Dla%26utm_campaign%3DCCwqGQgwKhAIACoHCAowwJn-CjCamooDMLWj7wIwv6OcAw%26gaa_n%3DAWEtsqcjftaNAdOfmVooC3izZNvVgFWOfgTVHlo9A0KCSmFyKgYZzpVhG6l94Z1nPqM%253D\" data-link-mx=\"https:\/\/elpais.com\/suscripciones\/america\/#\/campaign?prod=SUSDIGMX&amp;o=COMMX&amp;prm=suscrip_articulo_comentarios_el-pais-mexico&amp;backURL=https%3A%2F%2Felpais.com%2Fespana%2F2026-01-29%2Fabalos-se-arrepiente-por-no-dejar-antes-el-escano-y-aboca-la-causa-con-cerdan-a-una-investigacion-de-anos.html%3Fgaa_ts%3D697b9418%26gaa_sig%3Dkuf6IwLEpfnKDtGrYQ_UdZ_vzdJ1I8l-q08D1TmM1g88FXrH525FWpHRwjYOw8FrjTlMkai491rQ3ak5hbYqLw%253D%253D%26utm_source%3Dnewsshowcase%26utm_content%3Dbullets%26utm_medium%3Ddiscover%26gaa_at%3Dla%26utm_campaign%3DCCwqGQgwKhAIACoHCAowwJn-CjCamooDMLWj7wIwv6OcAw%26gaa_n%3DAWEtsqcjftaNAdOfmVooC3izZNvVgFWOfgTVHlo9A0KCSmFyKgYZzpVhG6l94Z1nPqM%253D\" data-link-co=\"https:\/\/elpais.com\/suscripciones\/america\/#\/campaign?prod=SUSDIGCOL&amp;o=COMCOL&amp;prm=suscrip_articulo_comentarios_el-pais_colombia&amp;backURL=https%3A%2F%2Felpais.com%2Fespana%2F2026-01-29%2Fabalos-se-arrepiente-por-no-dejar-antes-el-escano-y-aboca-la-causa-con-cerdan-a-una-investigacion-de-anos.html%3Fgaa_ts%3D697b9418%26gaa_sig%3Dkuf6IwLEpfnKDtGrYQ_UdZ_vzdJ1I8l-q08D1TmM1g88FXrH525FWpHRwjYOw8FrjTlMkai491rQ3ak5hbYqLw%253D%253D%26utm_source%3Dnewsshowcase%26utm_content%3Dbullets%26utm_medium%3Ddiscover%26gaa_at%3Dla%26utm_campaign%3DCCwqGQgwKhAIACoHCAowwJn-CjCamooDMLWj7wIwv6OcAw%26gaa_n%3DAWEtsqcjftaNAdOfmVooC3izZNvVgFWOfgTVHlo9A0KCSmFyKgYZzpVhG6l94Z1nPqM%253D\" data-link-ar=\"https:\/\/elpais.com\/suscripciones\/america\/#\/campaign?prod=SUSDIGCRARTAR&amp;o=COMAR&amp;backURL=https%3A%2F%2Felpais.com%2Fespana%2F2026-01-29%2Fabalos-se-arrepiente-por-no-dejar-antes-el-escano-y-aboca-la-causa-con-cerdan-a-una-investigacion-de-anos.html%3Fgaa_ts%3D697b9418%26gaa_sig%3Dkuf6IwLEpfnKDtGrYQ_UdZ_vzdJ1I8l-q08D1TmM1g88FXrH525FWpHRwjYOw8FrjTlMkai491rQ3ak5hbYqLw%253D%253D%26utm_source%3Dnewsshowcase%26utm_content%3Dbullets%26utm_medium%3Ddiscover%26gaa_at%3Dla%26utm_campaign%3DCCwqGQgwKhAIACoHCAowwJn-CjCamooDMLWj7wIwv6OcAw%26gaa_n%3DAWEtsqcjftaNAdOfmVooC3izZNvVgFWOfgTVHlo9A0KCSmFyKgYZzpVhG6l94Z1nPqM%253D\" data-link-cl=\"https:\/\/elpais.com\/suscripciones\/america\/#\/campaign?prod=SUSDIGCHILE&amp;o=COMCHILE&amp;backURL=https%3A%2F%2Felpais.com%2Fespana%2F2026-01-29%2Fabalos-se-arrepiente-por-no-dejar-antes-el-escano-y-aboca-la-causa-con-cerdan-a-una-investigacion-de-anos.html%3Fgaa_ts%3D697b9418%26gaa_sig%3Dkuf6IwLEpfnKDtGrYQ_UdZ_vzdJ1I8l-q08D1TmM1g88FXrH525FWpHRwjYOw8FrjTlMkai491rQ3ak5hbYqLw%253D%253D%26utm_source%3Dnewsshowcase%26utm_content%3Dbullets%26utm_medium%3Ddiscover%26gaa_at%3Dla%26utm_campaign%3DCCwqGQgwKhAIACoHCAowwJn-CjCamooDMLWj7wIwv6OcAw%26gaa_n%3DAWEtsqcjftaNAdOfmVooC3izZNvVgFWOfgTVHlo9A0KCSmFyKgYZzpVhG6l94Z1nPqM%253D\" data-link-us=\"https:\/\/elpais.com\/suscripciones\/america\/#\/campaign?prod=SUSDIGCRARTEUCAN&amp;o=COMUS&amp;prm=suscrip_articulo_comentarios_el-pais_eucan&amp;backURL=https%3A%2F%2Felpais.com%2Fespana%2F2026-01-29%2Fabalos-se-arrepiente-por-no-dejar-antes-el-escano-y-aboca-la-causa-con-cerdan-a-una-investigacion-de-anos.html%3Fgaa_ts%3D697b9418%26gaa_sig%3Dkuf6IwLEpfnKDtGrYQ_UdZ_vzdJ1I8l-q08D1TmM1g88FXrH525FWpHRwjYOw8FrjTlMkai491rQ3ak5hbYqLw%253D%253D%26utm_source%3Dnewsshowcase%26utm_content%3Dbullets%26utm_medium%3Ddiscover%26gaa_at%3Dla%26utm_campaign%3DCCwqGQgwKhAIACoHCAowwJn-CjCamooDMLWj7wIwv6OcAw%26gaa_n%3DAWEtsqcjftaNAdOfmVooC3izZNvVgFWOfgTVHlo9A0KCSmFyKgYZzpVhG6l94Z1nPqM%253D\">Suscr\u00edbete en El Pa\u00eds para participar<\/a><a class=\"btn btn-3\" href=\"https:\/\/elpais.com\/subscriptions\/#\/sign-in?prod=REG&amp;o=COM&amp;prm=login_articulo_comentarios_el-pais&amp;backURL=https%3A%2F%2Felpais.com%2Fespana%2F2026-01-29%2Fabalos-se-arrepiente-por-no-dejar-antes-el-escano-y-aboca-la-causa-con-cerdan-a-una-investigacion-de-anos.html%3Fgaa_ts%3D697b9418%26gaa_sig%3Dkuf6IwLEpfnKDtGrYQ_UdZ_vzdJ1I8l-q08D1TmM1g88FXrH525FWpHRwjYOw8FrjTlMkai491rQ3ak5hbYqLw%253D%253D%26utm_source%3Dnewsshowcase%26utm_content%3Dbullets%26utm_medium%3Ddiscover%26gaa_at%3Dla%26utm_campaign%3DCCwqGQgwKhAIACoHCAowwJn-CjCamooDMLWj7wIwv6OcAw%26gaa_n%3DAWEtsqcjftaNAdOfmVooC3izZNvVgFWOfgTVHlo9A0KCSmFyKgYZzpVhG6l94Z1nPqM%253D\" id=\"comments_login_link\" data-link-am=\"https:\/\/elpais.com\/subscriptions\/#\/sign-in?prod=REG&amp;o=COM&amp;prm=login_articulo_comentarios_el-pais-america&amp;backURL=https%3A%2F%2Felpais.com%2Fespana%2F2026-01-29%2Fabalos-se-arrepiente-por-no-dejar-antes-el-escano-y-aboca-la-causa-con-cerdan-a-una-investigacion-de-anos.html%3Fgaa_ts%3D697b9418%26gaa_sig%3Dkuf6IwLEpfnKDtGrYQ_UdZ_vzdJ1I8l-q08D1TmM1g88FXrH525FWpHRwjYOw8FrjTlMkai491rQ3ak5hbYqLw%253D%253D%26utm_source%3Dnewsshowcase%26utm_content%3Dbullets%26utm_medium%3Ddiscover%26gaa_at%3Dla%26utm_campaign%3DCCwqGQgwKhAIACoHCAowwJn-CjCamooDMLWj7wIwv6OcAw%26gaa_n%3DAWEtsqcjftaNAdOfmVooC3izZNvVgFWOfgTVHlo9A0KCSmFyKgYZzpVhG6l94Z1nPqM%253D\" data-link-mx=\"https:\/\/elpais.com\/subscriptions\/#\/sign-in?prod=REG&amp;o=COM&amp;prm=login_articulo_comentarios_el-pais-mexico&amp;backURL=https%3A%2F%2Felpais.com%2Fespana%2F2026-01-29%2Fabalos-se-arrepiente-por-no-dejar-antes-el-escano-y-aboca-la-causa-con-cerdan-a-una-investigacion-de-anos.html%3Fgaa_ts%3D697b9418%26gaa_sig%3Dkuf6IwLEpfnKDtGrYQ_UdZ_vzdJ1I8l-q08D1TmM1g88FXrH525FWpHRwjYOw8FrjTlMkai491rQ3ak5hbYqLw%253D%253D%26utm_source%3Dnewsshowcase%26utm_content%3Dbullets%26utm_medium%3Ddiscover%26gaa_at%3Dla%26utm_campaign%3DCCwqGQgwKhAIACoHCAowwJn-CjCamooDMLWj7wIwv6OcAw%26gaa_n%3DAWEtsqcjftaNAdOfmVooC3izZNvVgFWOfgTVHlo9A0KCSmFyKgYZzpVhG6l94Z1nPqM%253D\" data-link-co=\"https:\/\/elpais.com\/subscriptions\/#\/sign-in?prod=REG&amp;o=COM&amp;backURL=https%3A%2F%2Felpais.com%2Fespana%2F2026-01-29%2Fabalos-se-arrepiente-por-no-dejar-antes-el-escano-y-aboca-la-causa-con-cerdan-a-una-investigacion-de-anos.html%3Fgaa_ts%3D697b9418%26gaa_sig%3Dkuf6IwLEpfnKDtGrYQ_UdZ_vzdJ1I8l-q08D1TmM1g88FXrH525FWpHRwjYOw8FrjTlMkai491rQ3ak5hbYqLw%253D%253D%26utm_source%3Dnewsshowcase%26utm_content%3Dbullets%26utm_medium%3Ddiscover%26gaa_at%3Dla%26utm_campaign%3DCCwqGQgwKhAIACoHCAowwJn-CjCamooDMLWj7wIwv6OcAw%26gaa_n%3DAWEtsqcjftaNAdOfmVooC3izZNvVgFWOfgTVHlo9A0KCSmFyKgYZzpVhG6l94Z1nPqM%253D\" data-link-ar=\"https:\/\/elpais.com\/subscriptions\/#\/sign-in?prod=REG&amp;o=COM&amp;backURL=https%3A%2F%2Felpais.com%2Fespana%2F2026-01-29%2Fabalos-se-arrepiente-por-no-dejar-antes-el-escano-y-aboca-la-causa-con-cerdan-a-una-investigacion-de-anos.html%3Fgaa_ts%3D697b9418%26gaa_sig%3Dkuf6IwLEpfnKDtGrYQ_UdZ_vzdJ1I8l-q08D1TmM1g88FXrH525FWpHRwjYOw8FrjTlMkai491rQ3ak5hbYqLw%253D%253D%26utm_source%3Dnewsshowcase%26utm_content%3Dbullets%26utm_medium%3Ddiscover%26gaa_at%3Dla%26utm_campaign%3DCCwqGQgwKhAIACoHCAowwJn-CjCamooDMLWj7wIwv6OcAw%26gaa_n%3DAWEtsqcjftaNAdOfmVooC3izZNvVgFWOfgTVHlo9A0KCSmFyKgYZzpVhG6l94Z1nPqM%253D\" data-link-cl=\"https:\/\/elpais.com\/subscriptions\/#\/sign-in?prod=REG&amp;o=COM&amp;backURL=https%3A%2F%2Felpais.com%2Fespana%2F2026-01-29%2Fabalos-se-arrepiente-por-no-dejar-antes-el-escano-y-aboca-la-causa-con-cerdan-a-una-investigacion-de-anos.html%3Fgaa_ts%3D697b9418%26gaa_sig%3Dkuf6IwLEpfnKDtGrYQ_UdZ_vzdJ1I8l-q08D1TmM1g88FXrH525FWpHRwjYOw8FrjTlMkai491rQ3ak5hbYqLw%253D%253D%26utm_source%3Dnewsshowcase%26utm_content%3Dbullets%26utm_medium%3Ddiscover%26gaa_at%3Dla%26utm_campaign%3DCCwqGQgwKhAIACoHCAowwJn-CjCamooDMLWj7wIwv6OcAw%26gaa_n%3DAWEtsqcjftaNAdOfmVooC3izZNvVgFWOfgTVHlo9A0KCSmFyKgYZzpVhG6l94Z1nPqM%253D\" data-link-us=\"https:\/\/elpais.com\/subscriptions\/#\/sign-in?prod=REG&amp;o=COM&amp;backURL=https%3A%2F%2Felpais.com%2Fespana%2F2026-01-29%2Fabalos-se-arrepiente-por-no-dejar-antes-el-escano-y-aboca-la-causa-con-cerdan-a-una-investigacion-de-anos.html%3Fgaa_ts%3D697b9418%26gaa_sig%3Dkuf6IwLEpfnKDtGrYQ_UdZ_vzdJ1I8l-q08D1TmM1g88FXrH525FWpHRwjYOw8FrjTlMkai491rQ3ak5hbYqLw%253D%253D%26utm_source%3Dnewsshowcase%26utm_content%3Dbullets%26utm_medium%3Ddiscover%26gaa_at%3Dla%26utm_campaign%3DCCwqGQgwKhAIACoHCAowwJn-CjCamooDMLWj7wIwv6OcAw%26gaa_n%3DAWEtsqcjftaNAdOfmVooC3izZNvVgFWOfgTVHlo9A0KCSmFyKgYZzpVhG6l94Z1nPqM%253D\">Ya tengo una suscripci\u00f3n<\/a><\/div>\n<p>Please enable JavaScript to view the &lt;a href=&#8221;https:\/\/disqus.com\/?ref_noscript&#8221; rel=&#8221;nofollow&#8221;&gt; comments powered by Disqus.&lt;\/a&gt;<\/p><\/div>\n<\/div>\n<\/div>\n<aside class=\"w w-rel\" data-dtm-region=\"articulo_mas-informacion\">\n<h2 class=\"w_t\">M\u00e1s informaci\u00f3n<\/h2>\n<ul class=\"w_b _ls\">\n<li class=\"_g _g-xs w-rel_n\">\n<div class=\" a_m-h c_m--nf\"><span class=\"_db _pr\"><img decoding=\"async\" class=\"_re lazyload a_m-h\" height=\"311\" width=\"414\" src=\"https:\/\/analyse.optim.biz\/wp-content\/uploads\/2026\/01\/cipfekei4fa4nhaaz2kfs7bggu.jpg\" loading=\"lazy\" title=\"cipfekei4fa4nhaaz2kfs7bggu\"><\/span><\/div>\n<div class=\"nt\">\n<h3 class=\"nt_t\"><a href=\"https:\/\/elpais.com\/espana\/2026-01-28\/la-renuncia-al-acta-no-librara-a-abalos-del-juicio-en-el-supremo-pero-la-causa-sobre-amanos-de-obras-ira-a-la-audiencia-nacional.html#?rel=mas\">Las consecuencias de la renuncia al acta de \u00c1balos: no se libra del juicio en el Supremo pero los ama\u00f1os de obras ir\u00e1n a la Audiencia Nacional<\/a><\/h3>\n<div class=\"nt_a\"><a href=\"https:\/\/elpais.com\/autor\/rocio-martinez-posada\/\" title=\"Ver todas las noticias de Roc\u00edo Mart\u00ednez Posada\">Roc\u00edo Mart\u00ednez Posada<\/a><\/div>\n<\/div>\n<\/li>\n<li class=\"_g _g-xs w-rel_n\">\n<div class=\" a_m-h c_m--nf\"><span class=\"_db _pr\"><img decoding=\"async\" class=\"_re lazyload a_m-h\" height=\"311\" width=\"414\" src=\"https:\/\/analyse.optim.biz\/wp-content\/uploads\/2026\/01\/okgeoephsvbpzphrayvbnmcxz4-2.jpg\" loading=\"lazy\" title=\"okgeoephsvbpzphrayvbnmcxz4-2\"><\/span><\/div>\n<div class=\"nt\">\n<h3 class=\"nt_t\"><a href=\"https:\/\/elpais.com\/espana\/2026-01-21\/abalos-pierde-su-pulso-judicial-con-el-denunciante-del-caso-koldo-por-su-derecho-al-honor.html#?rel=mas\">\u00c1balos pierde su pulso judicial con el denunciante del \u2018caso Koldo\u2019 por su derecho al honor<\/a><\/h3>\n<div class=\"nt_a\"><a href=\"https:\/\/elpais.com\/autor\/rocio-martinez-posada\/\" title=\"Ver todas las noticias de Roc\u00edo Mart\u00ednez Posada\">Roc\u00edo Mart\u00ednez Posada<\/a> | Madrid<\/div>\n<\/div>\n<\/li>\n<\/ul>\n<\/aside>\n<section class=\"w w-ae\" data-dtm-region=\"articulo_archivado-en\">\n<h2 class=\"w_t\">Archivado En<\/h2>\n<div class=\"w_b\">\n<ul class=\"w_ul w_ul--mh _df _ls\">\n<li><a href=\"https:\/\/elpais.com\/noticias\/espana\/#?rel=arch\" rel=\"noopener noreferrer\">Espa\u00f1a<\/a><\/li>\n<li><a href=\"https:\/\/elpais.com\/noticias\/ts-tribunal-supremo\/#?rel=arch\" rel=\"noopener noreferrer\">Tribunal Supremo<\/a><\/li>\n<li><a href=\"https:\/\/elpais.com\/noticias\/mascarillas-sanitarias\/#?rel=arch\" rel=\"noopener noreferrer\">Mascarillas<\/a><\/li>\n<li><a href=\"https:\/\/elpais.com\/noticias\/jose-luis-abalos\/#?rel=arch\" rel=\"noopener noreferrer\">Jos\u00e9 Luis \u00c1balos<\/a><\/li>\n<li><a href=\"https:\/\/elpais.com\/noticias\/fiscalia\/#?rel=arch\" rel=\"noopener noreferrer\">Fiscal\u00eda<\/a><\/li>\n<li><a href=\"https:\/\/elpais.com\/noticias\/fiscalia-anticorrupcion\/#?rel=arch\" rel=\"noopener noreferrer\">Fiscal\u00eda Anticorrupci\u00f3n<\/a><\/li>\n<li><a href=\"https:\/\/elpais.com\/noticias\/koldo-garcia-izaguirre\/#?rel=arch\" rel=\"noopener noreferrer\">Koldo Garc\u00eda<\/a><\/li>\n<li><a href=\"https:\/\/elpais.com\/noticias\/victor-de-aldama-delgado\/#?rel=arch\" rel=\"noopener noreferrer\">V\u00edctor de Aldama<\/a><\/li>\n<\/ul>\n<\/div>\n<\/section>\n<aside class=\"a_tp _df\">\n<div class=\"a_tp_txt\"><span class=\"a_tp_t\">Se adhiere a los criterios de<\/span><\/p>\n<figure class=\"a_m a_m-h c_m--nf\"><a class=\"a_tp_i _dib\" href=\"https:\/\/elpais.com\/estaticos\/que-es-the-trust-project\/\" target=\"_blank\" rel=\"noopener noreferrer nofollow\"><img decoding=\"async\" alt=\"The Trust Project\" class=\" lazyload a_m-h\" height=\"20\" width=\"117\" src=\"https:\/\/analyse.optim.biz\/wp-content\/uploads\/2026\/01\/the-trust-project-382.svg\" loading=\"lazy\" title=\"the-trust-project-382\"><\/a><\/figure>\n<p><a class=\"a_tp_mi\" href=\"https:\/\/elpais.com\/estaticos\/codigo-etico\/\" target=\"_blank\" rel=\"noopener noreferrer nofollow\">M\u00e1s informaci\u00f3n<\/a><\/div>\n<div class=\"a_tp_si\">Si est\u00e1 interesado en licenciar este contenido, pinche <a class=\"a_tp_si_l\" href=\"https:\/\/profesional.elpais.com\/soluciones-sindicacion\/?utm_medium=interno&amp;utm_source=crosslinking&amp;utm_campaign=sindicacion_ep_pie_articulos\" target=\"_blank\" rel=\"noopener noreferrer nofollow\">aqu\u00ed<\/a><\/div>\n<\/aside>\n<div class=\"a_o _pr\" data-dtm-region=\"articulo_right-rail\">\n<div id=\"elpais_gpt-MPU1\" data-adtype=\"MPU\" class=\"ad ad-mpu\"><span class=\"_dn\">_<\/span><\/div>\n<section class=\"w w-sc b_col\" data-dtm-region=\"articulo_ultimas-noticias\">\n<header class=\"w_h b_col_h\">\n<h3 class=\"w_t\"><a href=\"https:\/\/elpais.com\/ultimas-noticias\/\" rel=\"story-card-ultimas-noticias\">\u00daltimas noticias<\/a><\/h3>\n<\/header>\n<div class=\"w_b\">\n<article class=\"c  c--m-n   \" data-word=\"0\">\n<header class=\"c_h\"><time datetime=\"2026-01-29T17:44:31+01:00\" class=\"c_da\">17:44<\/time><\/p>\n<h2 class=\"c_t \"><a href=\"https:\/\/elpais.com\/espana\/madrid\/2026-01-29\/ayuso-no-acatara-la-orden-de-prohibir-la-entrada-a-menores-de-18-anos-a-las-corridas-de-toros.html\">Ayuso no acatar\u00e1 la orden de prohibir la entrada a menores de 18 a\u00f1os a las corridas de toros<\/a><\/h2>\n<\/header>\n<\/article>\n<article class=\"c  c--m-n   \" data-word=\"0\">\n<header class=\"c_h\"><time datetime=\"2026-01-29T17:42:11+01:00\" class=\"c_da\">17:42<\/time><\/p>\n<h2 class=\"c_t \"><a href=\"https:\/\/elpais.com\/sociedad\/2026-01-29\/la-fiscalia-investiga-la-administracion-de-vacunas-caducadas-a-103-personas-en-el-pais-vasco.html\">La Fiscal\u00eda investiga la administraci\u00f3n de vacunas caducadas a 103 personas en el Pa\u00eds Vasco<\/a><\/h2>\n<\/header>\n<\/article>\n<article class=\"c  c--m-n   \" data-word=\"0\">\n<header class=\"c_h\"><time datetime=\"2026-01-29T17:25:34+01:00\" class=\"c_da\">17:25<\/time><\/p>\n<h2 class=\"c_t \"><a href=\"https:\/\/elpais.com\/america\/2026-01-29\/joseph-oughourlian-debemos-defender-el-pensamiento-critico-y-la-verdad-cueste-lo-que-cueste.html\">Joseph Oughourlian: \u201cDebemos defender el pensamiento cr\u00edtico y la verdad, cueste lo que cueste\u201d<\/a><\/h2>\n<\/header>\n<\/article>\n<article class=\"c  c--m-n   \" data-word=\"0\">\n<header class=\"c_h\"><time datetime=\"2026-01-29T17:24:19+01:00\" class=\"c_da\">17:24<\/time><\/p>\n<h2 class=\"c_t \"><a href=\"https:\/\/elpais.com\/america\/2026-01-29\/el-segundo-dia-del-foro-economico-internacional-de-america-latina-y-el-caribe-en-imagenes.html\">El segundo d\u00eda del Foro Econ\u00f3mico Internacional de Am\u00e9rica Latina y el Caribe, en im\u00e1genes<\/a><\/h2>\n<\/header>\n<\/article>\n<\/div>\n<\/section>\n<aside class=\"w w-lmv\" data-dtm-region=\"articulo_lom\">\n<h2 class=\"w_t\"><a href=\"https:\/\/elpais.com\/lo-mas-visto\/\">Lo m\u00e1s visto<\/a><\/h2>\n<div class=\"w_b\">\n<ol class=\"_ls\">\n<li><a href=\"https:\/\/elpais.com\/economia\/2026-01-27\/trump-bendice-la-caida-del-dolar-va-muy-bien-miren-los-negocios-que-estamos-haciendo.html#?rel=lom\">Trump asegura que no le preocupa la ca\u00edda del d\u00f3lar: \u201cVa muy bien, miren los negocios que estamos haciendo\u201d<\/a><\/li>\n<li><a href=\"https:\/\/elpais.com\/internacional\/2026-01-28\/el-primer-ministro-groenlandes-la-casa-blanca-no-tiene-ni-idea-de-lo-que-es-groenlandia.html#?rel=lom\">El primer ministro groenland\u00e9s: \u201cLa Casa Blanca no tiene ni idea de lo que es Groenlandia\u201d<\/a><\/li>\n<li><a href=\"https:\/\/elpais.com\/espana\/catalunya\/2026-01-28\/el-traspaso-de-la-inmigracion-a-cataluna-se-abre-paso-junts-acepta-cambiar-el-preambulo-de-la-ley-que-rechazaba-podemos.html#?rel=lom\">El traspaso de la inmigraci\u00f3n a Catalu\u00f1a se abre paso: Junts acepta cambiar el pre\u00e1mbulo de la ley que rechazaba Podemos<\/a><\/li>\n<li><a href=\"https:\/\/elpais.com\/espana\/2026-01-27\/la-guardia-civil-investiga-a-un-hombre-por-robar-571-pinos-pinoneros-en-valladolid-y-utilizarlos-para-hacer-biomasa.html#?rel=lom\">La Guardia Civil investiga a un hombre por robar 571 pinos pi\u00f1oneros en Valladolid y utilizarlos para hacer biomasa<\/a><\/li>\n<li><a href=\"https:\/\/elpais.com\/internacional\/2026-01-28\/siete-jefes-de-estado-dejan-atras-las-diferencias-ideologicas-y-piden-una-integracion-latinoamericana.html#?rel=lom\">Siete jefes de Estado dejan atr\u00e1s las diferencias ideol\u00f3gicas y piden una integraci\u00f3n latinoamericana<\/a><\/li>\n<\/ol>\n<\/div>\n<\/aside>\n<\/div>\n<\/article>\n<article class=\"c  c--m-n   \" data-word=\"0\">\n<header class=\"c_h\"><time datetime=\"2026-01-29T17:44:31+01:00\" class=\"c_da\">17:44<\/time><\/p>\n<h2 class=\"c_t \"><a href=\"https:\/\/elpais.com\/espana\/madrid\/2026-01-29\/ayuso-no-acatara-la-orden-de-prohibir-la-entrada-a-menores-de-18-anos-a-las-corridas-de-toros.html\">Ayuso no acatar\u00e1 la orden de prohibir la entrada a menores de 18 a\u00f1os a las corridas de toros<\/a><\/h2>\n<\/header>\n<\/article>\n<article class=\"c  c--m-n   \" data-word=\"0\">\n<header class=\"c_h\"><time datetime=\"2026-01-29T17:42:11+01:00\" class=\"c_da\">17:42<\/time><\/p>\n<h2 class=\"c_t \"><a href=\"https:\/\/elpais.com\/sociedad\/2026-01-29\/la-fiscalia-investiga-la-administracion-de-vacunas-caducadas-a-103-personas-en-el-pais-vasco.html\">La Fiscal\u00eda investiga la administraci\u00f3n de vacunas caducadas a 103 personas en el Pa\u00eds Vasco<\/a><\/h2>\n<\/header>\n<\/article>\n<article class=\"c  c--m-n   \" data-word=\"0\">\n<header class=\"c_h\"><time datetime=\"2026-01-29T17:25:34+01:00\" class=\"c_da\">17:25<\/time><\/p>\n<h2 class=\"c_t \"><a href=\"https:\/\/elpais.com\/america\/2026-01-29\/joseph-oughourlian-debemos-defender-el-pensamiento-critico-y-la-verdad-cueste-lo-que-cueste.html\">Joseph Oughourlian: \u201cDebemos defender el pensamiento cr\u00edtico y la verdad, cueste lo que cueste\u201d<\/a><\/h2>\n<\/header>\n<\/article>\n<article class=\"c  c--m-n   \" data-word=\"0\">\n<header class=\"c_h\"><time datetime=\"2026-01-29T17:24:19+01:00\" class=\"c_da\">17:24<\/time><\/p>\n<h2 class=\"c_t \"><a href=\"https:\/\/elpais.com\/america\/2026-01-29\/el-segundo-dia-del-foro-economico-internacional-de-america-latina-y-el-caribe-en-imagenes.html\">El segundo d\u00eda del Foro Econ\u00f3mico Internacional de Am\u00e9rica Latina y el Caribe, en im\u00e1genes<\/a><\/h2>\n<\/header>\n<\/article>\n<p> Source URL: https:\/\/elpais.com\/espana\/2026-01-29\/abalos-se-arrepiente-por-no-dejar-antes-el-escano-y-aboca-la-causa-con-cerdan-a-una-investigacion-de-anos.html<\/p>\n","protected":false},"excerpt":{"rendered":"<p>JOS\u00c9 LUIS \u00c1BALOS \u00c1balos se \u201carrepiente\u201d de no dejar antes el esca\u00f1o y dilata la causa en la que se le investiga junto a Cerd\u00e1n El dirigente navarro, que est\u00e1 en libertad, se beneficiar\u00e1 de que la investigaci\u00f3n del ama\u00f1o de obras vaya ahora a la Audiencia Nacional, donde el \u2018caso Koldo\u2019 se convertir\u00e1 en [&hellip;]<\/p>\n","protected":false},"author":1,"featured_media":1543586,"comment_status":"open","ping_status":"","sticky":false,"template":"","format":"standard","meta":{"footnotes":""},"categories":[88],"tags":[92],"class_list":["post-1543585","post","type-post","status-publish","format-standard","has-post-thumbnail","hentry","category-spain","tag-elpais-com"],"_links":{"self":[{"href":"https:\/\/analyse.optim.biz\/index.php?rest_route=\/wp\/v2\/posts\/1543585","targetHints":{"allow":["GET"]}}],"collection":[{"href":"https:\/\/analyse.optim.biz\/index.php?rest_route=\/wp\/v2\/posts"}],"about":[{"href":"https:\/\/analyse.optim.biz\/index.php?rest_route=\/wp\/v2\/types\/post"}],"author":[{"embeddable":true,"href":"https:\/\/analyse.optim.biz\/index.php?rest_route=\/wp\/v2\/users\/1"}],"replies":[{"embeddable":true,"href":"https:\/\/analyse.optim.biz\/index.php?rest_route=%2Fwp%2Fv2%2Fcomments&post=1543585"}],"version-history":[{"count":0,"href":"https:\/\/analyse.optim.biz\/index.php?rest_route=\/wp\/v2\/posts\/1543585\/revisions"}],"wp:featuredmedia":[{"embeddable":true,"href":"https:\/\/analyse.optim.biz\/index.php?rest_route=\/wp\/v2\/media\/1543586"}],"wp:attachment":[{"href":"https:\/\/analyse.optim.biz\/index.php?rest_route=%2Fwp%2Fv2%2Fmedia&parent=1543585"}],"wp:term":[{"taxonomy":"category","embeddable":true,"href":"https:\/\/analyse.optim.biz\/index.php?rest_route=%2Fwp%2Fv2%2Fcategories&post=1543585"},{"taxonomy":"post_tag","embeddable":true,"href":"https:\/\/analyse.optim.biz\/index.php?rest_route=%2Fwp%2Fv2%2Ftags&post=1543585"}],"curies":[{"name":"wp","href":"https:\/\/api.w.org\/{rel}","templated":true}]}}