{"id":1543555,"date":"2026-01-29T04:30:01","date_gmt":"2026-01-29T01:30:01","guid":{"rendered":"https:\/\/analyse.optim.biz\/?p=1543555"},"modified":"2026-01-29T04:30:01","modified_gmt":"2026-01-29T01:30:01","slug":"las-juezas-de-montoro-marcan-los-tiempos-de-las-dos-investigaciones-del-accidente-de-adamuz","status":"publish","type":"post","link":"https:\/\/analyse.optim.biz\/?p=1543555","title":{"rendered":"Las juezas de Montoro marcan los tiempos de las dos investigaciones del accidente de Adamuz"},"content":{"rendered":"<article id=\"main-content\" class=\"a _g _g-lg _g-o\">\n<header class=\"a_e _g _g-xs\">\n<div class=\"a_e_txt _df\">\n<div class=\"a_k _df\"><a class=\"a_k_n\" href=\"https:\/\/elpais.com\/noticias\/accidente-ferrocarriles-adamuz-2026\/\">Accidente de trenes en Adamuz<\/a><\/div>\n<h1 class=\"a_t\">Las juezas de Montoro marcan los tiempos de las dos investigaciones del accidente de Adamuz  <\/h1>\n<p class=\"a_st\">Transportes se apoya en la declaraci\u00f3n de emergencia para acelerar con 10 d\u00edas de obras en el punto del siniestro y reabrir en su totalidad la l\u00ednea Madrid-Sevilla de alta velocidad<\/p>\n<\/div>\n<div class=\"a_e_m\">\n<figure class=\"a_m a_m-h \"><span class=\"a_m_w _db\"><img fetchpriority=\"high\" decoding=\"async\" class=\"_re  a_m-h\" height=\"276\" width=\"414\" src=\"https:\/\/analyse.optim.biz\/wp-content\/uploads\/2026\/01\/rpny73hus5acfc2ajclxveqkuu-1.jpg\" loading=\"eager\" title=\"rpny73hus5acfc2ajclxveqkuu-1\"><\/span><figcaption class=\"a_m_p\" aria-hidden=\"true\"><span>Un agente de la guardia civil junto a las v\u00edas donde tuvo lugar el domingo 18 el accidente entre un tren Iryo y un Alvia, en la localidad cordobesa de Adamuz.<\/span><span class=\"a_m_m\">PACO PUENTES<\/span><\/figcaption><\/figure>\n<\/div>\n<\/header>\n<div class=\"a_md _g _g-xs ni\">\n<div class=\"a_md_txt\">\n<div class=\"a_md_a\" data-dtm-region=\"articulo_firma\"><a href=\"https:\/\/elpais.com\/autor\/javier-fernandez-magarino\/#?rel=author_top\" title=\"Ver todas las noticias de Javier F. Magari\u00f1o\" class=\"a_md_a_n\">Javier F. Magari\u00f1o<\/a><a href=\"https:\/\/elpais.com\/autor\/oscar-lopez-fonseca\/#?rel=author_top\" title=\"Ver todas las noticias de \u00d3scar L\u00f3pez-Fonseca\" class=\"a_md_a_n\">\u00d3scar L\u00f3pez-Fonseca<\/a><\/div>\n<div class=\"a_md_f\"><span>Madrid &#8211; <a href=\"https:\/\/elpais.com\/hemeroteca\/2026-01-29\/\" data-date=\"2026-01-29T05:30:01+01:00\"><time data-date=\"2026-01-29T05:30:01+01:00\" datetime=\"2026-01-29T05:30:01+01:00\" id=\"article_date_p\">29 ene 2026 &#8211; 05:30<abbr title=\"Central European Time\">CET<\/abbr><\/time><\/a><\/span><\/div>\n<div class=\"w_rs\" data-dtm-region=\"articulo_botonera-social\">\n<div class=\"w_rs_i\"><a class=\"_btn hidden\" href=\"\/\/send?text=Las%20juezas%20de%20Montoro%20marcan%20los%20tiempos%20de%20las%20dos%20investigaciones%20del%20accidente%20de%20Adamuz%20%20%0D%0A%0D%0Ahttps%3A%2F%2Felpais.com%2Fespana%2F2026-01-29%2Flas-juezas-de-montoro-marcan-los-tiempos-de-las-dos-investigaciones-del-accidente-de-adamuz.html%3Fssm=whatsapp_CC\" data-action=\"share\/whatsapp\/share\" data-param-description=\"Las juezas de Montoro marcan los tiempos de las dos investigaciones del accidente de Adamuz  \" data-param-href=\"https:\/\/elpais.com\/espana\/2026-01-29\/las-juezas-de-montoro-marcan-los-tiempos-de-las-dos-investigaciones-del-accidente-de-adamuz.html\" data-param-text=\"Las juezas de Montoro marcan los tiempos de las dos investigaciones del accidente de Adamuz   https:\/\/elpais.com\/espana\/2026-01-29\/las-juezas-de-montoro-marcan-los-tiempos-de-las-dos-investigaciones-del-accidente-de-adamuz.html\" data-param-url=\"https:\/\/elpais.com\/espana\/2026-01-29\/las-juezas-de-montoro-marcan-los-tiempos-de-las-dos-investigaciones-del-accidente-de-adamuz.html\" target=\"_blank\" rel=\"noopener noreferrer\" data-share-track-dtm=\"whatsapp\" id=\"btn_share_whatsapp_164\"><span class=\"_sr\">Compartir en Whatsapp<\/span><\/a><\/div>\n<div class=\"w_rs_i\"><a class=\"_btn \" href=\"https:\/\/www.facebook.com\/dialog\/share?display=popup&amp;app_id=94039431626&amp;href=https%3A%2F%2Felpais.com%2Fespana%2F2026-01-29%2Flas-juezas-de-montoro-marcan-los-tiempos-de-las-dos-investigaciones-del-accidente-de-adamuz.html%3Fssm=FB_CC&amp;quote=Las%20juezas%20de%20Montoro%20marcan%20los%20tiempos%20de%20las%20dos%20investigaciones%20del%20accidente%20de%20Adamuz%20%20\" data-param-app_id=\"94039431626\" data-param-description=\"Las juezas de Montoro marcan los tiempos de las dos investigaciones del accidente de Adamuz  \" data-param-href=\"https:\/\/elpais.com\/espana\/2026-01-29\/las-juezas-de-montoro-marcan-los-tiempos-de-las-dos-investigaciones-del-accidente-de-adamuz.html\" data-param-text=\"Las juezas de Montoro marcan los tiempos de las dos investigaciones del accidente de Adamuz  \" data-param-url=\"https:\/\/elpais.com\/espana\/2026-01-29\/las-juezas-de-montoro-marcan-los-tiempos-de-las-dos-investigaciones-del-accidente-de-adamuz.html\" target=\"_blank\" rel=\"noopener noreferrer\" data-share-track-dtm=\"facebook\" id=\"btn_share_facebook_164\"><span class=\"_sr\">Compartir en Facebook<\/span><\/a><\/div>\n<div class=\"w_rs_i\"><a class=\"_btn \" href=\"https:\/\/twitter.com\/intent\/tweet?url=https%3A%2F%2Felpais.com%2Fespana%2F2026-01-29%2Flas-juezas-de-montoro-marcan-los-tiempos-de-las-dos-investigaciones-del-accidente-de-adamuz.html%3Fssm=TW_CC&amp;text=Las%20juezas%20de%20Montoro%20marcan%20los%20tiempos%20de%20las%20dos%20investigaciones%20del%20accidente%20de%20Adamuz%20%20&amp;via=el_pais&amp;lang=es\" data-param-description=\"Las juezas de Montoro marcan los tiempos de las dos investigaciones del accidente de Adamuz  \" data-param-href=\"https:\/\/elpais.com\/espana\/2026-01-29\/las-juezas-de-montoro-marcan-los-tiempos-de-las-dos-investigaciones-del-accidente-de-adamuz.html\" data-param-text=\"Las juezas de Montoro marcan los tiempos de las dos investigaciones del accidente de Adamuz   via @el_pais\" data-param-url=\"https:\/\/elpais.com\/espana\/2026-01-29\/las-juezas-de-montoro-marcan-los-tiempos-de-las-dos-investigaciones-del-accidente-de-adamuz.html\" target=\"_blank\" rel=\"noopener noreferrer\" data-share-track-dtm=\"twitter\" id=\"btn_share_twitter_164\"><span class=\"_sr\">Compartir en Twitter<\/span><\/a><\/div>\n<div class=\"w_rs_i\"><a class=\"_btn \" href=\"https:\/\/bsky.app\/intent\/compose?text=https%3A%2F%2Felpais.com%2Fespana%2F2026-01-29%2Flas-juezas-de-montoro-marcan-los-tiempos-de-las-dos-investigaciones-del-accidente-de-adamuz.html%3Fssm=bsky_CC\" data-param-description=\"Las juezas de Montoro marcan los tiempos de las dos investigaciones del accidente de Adamuz  \" data-param-href=\"https:\/\/elpais.com\/espana\/2026-01-29\/las-juezas-de-montoro-marcan-los-tiempos-de-las-dos-investigaciones-del-accidente-de-adamuz.html\" data-param-text=\"Las juezas de Montoro marcan los tiempos de las dos investigaciones del accidente de Adamuz  \" data-param-url=\"https:\/\/elpais.com\/espana\/2026-01-29\/las-juezas-de-montoro-marcan-los-tiempos-de-las-dos-investigaciones-del-accidente-de-adamuz.html\" target=\"_blank\" rel=\"noopener noreferrer\" data-share-track-dtm=\"bluesky\" id=\"btn_share_bluesky_164\"><span class=\"_sr\">Compartir en Bluesky<\/span><\/a><\/div>\n<div class=\"w_rs_i\"><a class=\"_btn \" href=\"https:\/\/www.linkedin.com\/sharing\/share-offsite\/?url=https%3A%2F%2Felpais.com%2Fespana%2F2026-01-29%2Flas-juezas-de-montoro-marcan-los-tiempos-de-las-dos-investigaciones-del-accidente-de-adamuz.html%3Fssm=LK_CC\" data-param-description=\"Las juezas de Montoro marcan los tiempos de las dos investigaciones del accidente de Adamuz  \" data-param-href=\"https:\/\/elpais.com\/espana\/2026-01-29\/las-juezas-de-montoro-marcan-los-tiempos-de-las-dos-investigaciones-del-accidente-de-adamuz.html\" data-param-text=\"Las juezas de Montoro marcan los tiempos de las dos investigaciones del accidente de Adamuz  \" data-param-url=\"https:\/\/elpais.com\/espana\/2026-01-29\/las-juezas-de-montoro-marcan-los-tiempos-de-las-dos-investigaciones-del-accidente-de-adamuz.html\" target=\"_blank\" rel=\"noopener noreferrer\" data-share-track-dtm=\"linkedin\" id=\"btn_share_linkedin_164\"><span class=\"_sr\">Compartir en Linkedin<\/span><\/a><\/div>\n<div class=\"w_rs_i\"><a class=\"_btn rs_l\" href=\"https:\/\/elpais.com\/espana\/2026-01-29\/las-juezas-de-montoro-marcan-los-tiempos-de-las-dos-investigaciones-del-accidente-de-adamuz.html#?prm=copy_link\" data-share-track-dtm=\"copiar_url\" id=\"btn_share_link_54\"><span class=\"_sr\">Copiar enlace<\/span><\/a><\/div>\n<div class=\"w_rs_i\"><a class=\"_btn rs_c\" href=\"https:\/\/elpais.com\/espana\/2026-01-29\/las-juezas-de-montoro-marcan-los-tiempos-de-las-dos-investigaciones-del-accidente-de-adamuz.html#comments_container\" aria-expanded=\"false\" aria-controls=\"me-c\" data-share-track-dtm=\"eskup\" id=\"btn_share_comments_54\"><span class=\"_sr\">Ir a los comentarios<\/span><\/a><\/div>\n<\/div>\n<\/div>\n<\/div>\n<div class=\"a_c clearfix\" data-dtm-region=\"articulo_cuerpo\">\n<p class>La jueza Carmen Troyano, al frente del Juzgado de Instrucci\u00f3n n\u00famero 2 de Montoro (C\u00f3rdoba) hasta el pr\u00f3ximo 9 de febrero, y, a partir de esa fecha, su compa\u00f1era Cristina Pastor Recover, que tomar\u00e1 entonces posesi\u00f3n de la plaza de titular, marcan y marcar\u00e1n los tiempos de las dos investigaciones (coordinadas y en paralelo) que tratan de arrojar luz sobre el <a href=\"https:\/\/elpais.com\/espana\/2026-01-23\/como-descarrilo-el-iryo-la-investigacion-apunta-una-fractura-previa-del-carril.html\" target=\"_self\" rel title=\"https:\/\/elpais.com\/espana\/2026-01-23\/como-descarrilo-el-iryo-la-investigacion-apunta-una-fractura-previa-del-carril.html\">accidente ferroviario del domingo 18 en Adamuz<\/a> (C\u00f3rdoba): la de la Guardia Civil, que debe dirimir las posibles responsabilidades penales de lo ocurrido, y la que llevan a cabo ya en Madrid <a href=\"https:\/\/elpais.com\/espana\/2026-01-23\/este-es-el-informe-completo-de-la-comision-de-investigacion-del-accidente-de-trenes-en-adamuz.html\" target=\"_self\" rel title=\"https:\/\/elpais.com\/espana\/2026-01-23\/este-es-el-informe-completo-de-la-comision-de-investigacion-del-accidente-de-trenes-en-adamuz.html\">los t\u00e9cnicos de la Comisi\u00f3n de Investigaci\u00f3n de Accidentes Ferroviarios (CIAF)<\/a>, cuyo objetivo es establecer protocolos para evitar que en el futuro vuelva a producirse un accidente de estas caracter\u00edsticas. <\/p>\n<p class>Entre ambas partes se han repartido la custodia de numerosos elementos de prueba clave en las pesquisas. El Ministerio de Transportes obtuvo ayer mi\u00e9rcoles permiso del juzgado para iniciar las obras de reconstrucci\u00f3n del kil\u00f3metro 318 de la l\u00ednea de alta velocidad Madrid-Sevilla. Es la zona cero de la tragedia que dej\u00f3 45 v\u00edctimas mortales y 123 heridos por el descarrilamiento de los tres \u00faltimos vagones de un tren de Iryo y su posterior colisi\u00f3n, tras invadir parte de la v\u00eda contraria, <a href=\"https:\/\/elpais.com\/espana\/2026-01-25\/los-nueve-segundos-que-acabaron-con-45-vidas-reconstruccion-vagon-a-vagon-segun-los-testigos-y-la-investigacion.html\" target=\"_self\" rel title=\"https:\/\/elpais.com\/espana\/2026-01-25\/los-nueve-segundos-que-acabaron-con-45-vidas-reconstruccion-vagon-a-vagon-segun-los-testigos-y-la-investigacion.html\">con un convoy Alvia de Renfe<\/a>.<\/p>\n<p class>El visto bueno para la entrada de maquinaria pesada en un tramo de v\u00eda totalmente destrozado, entre el impacto del siniestro y las actuaciones posteriores de desguace de ra\u00edles y rescate de trenes, se produce tras las \u00faltimas batidas en busca de restos por parte de la Guardia Civil en un amplio per\u00edmetro en torno al trazado de alta velocidad. El dispositivo del instituto armado \u2014en el que han llegado a participar 976 efectivos de diferentes unidades, adem\u00e1s de cuatro perros, otros tantos helic\u00f3pteros, un avi\u00f3n y cinco drones\u2014 ha ido reduci\u00e9ndose de forma gradual desde antes del pasado fin de semana. En la actualidad implica \u00fanicamente a agentes de los grupos de Polic\u00eda Judicial de la Comandancia de C\u00f3rdoba, responsables de las pesquisas. <\/p>\n<p class>El ministro de Transportes, \u00d3scar Puente, utiliz\u00f3 su cuenta en la red social X para anunciar el levantamiento de todo precinto por parte del juzgado: \u201cEn el d\u00eda de hoy [por ayer mi\u00e9rcoles] hemos recibido autorizaci\u00f3n judicial para proceder a reponer la infraestructura en el tramo del accidente de Adamuz. Nuestro objetivo es que est\u00e9 concluida en un plazo aproximado de 10 d\u00edas naturales. Tras la reposici\u00f3n se retomar\u00e1 el servicio de la totalidad de la l\u00ednea Madrid-Sevilla\u201d, ha escrito el titular del \u00e1rea de Transportes.<\/p>\n<p class>Es un primer paso autorizado por el juzgado, del que tambi\u00e9n debe partir el visto bueno para que la CIAF pueda llevar a cabo determinados ensayos en laboratorio sobre las muestras recogidas. Son elementos clave que deben arrojar luz sobre lo ocurrido, pero que pueden ser alterados de manera significativa durante las pruebas. Fuentes cercanas a la investigaci\u00f3n explican que muchos de los elementos recogidos en el lugar de los hechos han sido transferidos por la Guardia Civil a la CIAF, previo permiso judicial, por la mayor capacidad de la comisi\u00f3n <a href=\"https:\/\/elpais.com\/espana\/2026-01-27\/inaki-barron-lider-de-la-investigacion-sobre-adamuz-roturas-de-soldaduras-hay-muchas-pero-hay-que-ver-si-esta-era-evitable.html\" target=\"_self\" rel title=\"https:\/\/elpais.com\/espana\/2026-01-27\/inaki-barron-lider-de-la-investigacion-sobre-adamuz-roturas-de-soldaduras-hay-muchas-pero-hay-que-ver-si-esta-era-evitable.html\">que preside I\u00f1aki Barr\u00f3n<\/a> para realizar determinados an\u00e1lisis muy espec\u00edficos sobre los fragmentos de la v\u00eda recogidos. El propio Ministerio de Transportes ha puesto todos los medios necesarios al alcance de la CIAF, que comenz\u00f3 el pasado lunes la b\u00fasqueda de laboratorios especializados en siderometalurgia entre una lista de instalaciones p\u00fablicas y privadas. Del resultado de la misma, la CIAF informar\u00e1 a la Guardia Civil, encargada de indagar en las supuestas responsabilidades penales del suceso.<\/p>\n<p class>Bajo custodia de la CIAF est\u00e1n im\u00e1genes del interior de los trenes grabadas por los registradores \u2014conocidos coloquialmente como cajas negras\u2014 tanto del Iryo como del Alvia, y cuyo contenido deb\u00eda a ser volcado el pasado martes en Madrid, pero que finalmente se ha retrasado despu\u00e9s de que la Fiscal\u00eda pidiera que esta diligencia se hiciera en el propio juzgado de Montoro. La Comisi\u00f3n tambi\u00e9n es la responsable de salvaguardar <a href=\"https:\/\/elpais.com\/espana\/2026-01-28\/el-tramo-del-choque-de-trenes-de-adamuz-tenia-otras-15-soldaduras-como-la-que-colapso-entre-railes-en-uso-y-nuevos.html\" target=\"_self\" rel title=\"https:\/\/elpais.com\/espana\/2026-01-28\/el-tramo-del-choque-de-trenes-de-adamuz-tenia-otras-15-soldaduras-como-la-que-colapso-entre-railes-en-uso-y-nuevos.html\">la soldadura de ra\u00edl del punto kilom\u00e9trico 318,681<\/a>, realizada por la empresa gallega Maquisaba, revisada por la ingenier\u00eda Ayesa y recepcionada por Adif, cuya rotura supuestamente provoc\u00f3 el descarrilamiento del Iryo que desemboc\u00f3 en tragedia.<\/p>\n<p class>Tal y como relat\u00f3 I\u00f1aki Barr\u00f3n a EL PA\u00cdS, todos estos indicios en poder de la investigaci\u00f3n t\u00e9cnica se encuentran en dependencias de la CIAF bajo una llave que posee una sola persona. Cualquier entrada en esa sala obliga a \u201chacer un acta de revisi\u00f3n y firmar un protocolo\u201d, se\u00f1al\u00f3 el martes el veterano ferroviario, y a\u00f1adi\u00f3 que \u201csaber las causas del siniestro y estar en condiciones de recomendar algo puede llevarnos varias semanas. Estamos pendientes de volcar las cajas negras, las im\u00e1genes del interior del tren y otra serie de informaciones. La jueza nos tiene que dar el visto bueno para que podamos tocar algo\u201d.<\/p>\n<p class>Las fuentes consultadas explican que los trabajos del Servicio de Criminal\u00edstica de la Guardia Civil y los de los t\u00e9cnicos de la CIAF ser\u00e1n complementarios, dando especial val\u00eda a las conclusiones de estos \u00faltimos por el conocimiento de la materia ferroviaria. El instituto armado ya entreg\u00f3 en el juzgado la semana pasada un primer atestado en el que hac\u00eda un detallado inventario de todas las evidencias recogidas en el lugar de los hechos, con m\u00e1s de 2.500 fotos para ubicarlas. Este atestado divide la informaci\u00f3n entre lo hallado en el Iryo y la v\u00eda por la que discurr\u00eda cuando se accident\u00f3; lo encontrado en el otro convoy, de Renfe, y, finalmente, lo encontrado entre los vagones de ambos trenes. En este primer informe tambi\u00e9n se han incluido las declaraciones que los agentes tomaron tanto al maquinista del Iryo \u2014el del Alvia falleci\u00f3 en el accidente\u2014, como a los otros tripulantes de los convoyes y a varios testigos. <\/p>\n<h3 class>Obras de emergencia <\/h3>\n<p class>El Gobierno <a href=\"https:\/\/elpais.com\/espana\/2026-01-28\/transportes-espera-reconstruir-la-linea-de-alta-velocidad-madrid-sevilla-en-10-dias-apoyandose-en-una-declaracion-de-emergencia.html\" target=\"_self\" rel title=\"https:\/\/elpais.com\/espana\/2026-01-28\/transportes-espera-reconstruir-la-linea-de-alta-velocidad-madrid-sevilla-en-10-dias-apoyandose-en-una-declaracion-de-emergencia.html\">va a apoyarse en una declaraci\u00f3n de emergencia<\/a> para movilizar fondos y poder encomendar las obras con la m\u00e1xima urgencia para la reconstrucci\u00f3n de ese kil\u00f3metro 318 de la l\u00ednea Madrid-Sevilla. El mecanismo de emergencia ya fue utilizado en 2024 para agilizar la contrataci\u00f3n de obras en infraestructuras da\u00f1adas por la dana en Valencia, donde Transportes moviliz\u00f3 123 millones a lo largo de noviembre de ese a\u00f1o para reparar carreteras y l\u00edneas de tren. La Ley de Contratos del Sector P\u00fablico, en su art\u00edculo 120, prev\u00e9 la contrataci\u00f3n de obras r\u00e1pidas de reconstrucci\u00f3n sin que medien los procesos habituales de un concurso ordinario. <\/p>\n<p class>La norma permite sortear los tr\u00e1mites \u201ccuando la Administraci\u00f3n tenga que actuar de manera inmediata a causa de acontecimientos catastr\u00f3ficos, de situaciones que supongan grave peligro o de necesidades que afecten a la defensa nacional\u201d. En el caso de Adamuz las labores ser\u00e1n dirigidas por Adif con el objetivo de restaurar el tr\u00e1fico de la alta velocidad en el eje Madrid-Sevilla en el plazo aproximado de 10 d\u00edas que ha apuntado \u00d3scar Puente.<\/p>\n<\/div>\n<div id=\"me-dis\" class=\"me _pf\">\n<div class=\"me_bg\">\n<div class=\"me-dis _pa _df\">\n<div class=\"me-dis_c\">\n<h2 class=\"me-dis_t\">Tu suscripci\u00f3n se est\u00e1 usando en otro dispositivo<\/h2>\n<p>\u00bfQuieres a\u00f1adir otro usuario a tu suscripci\u00f3n?<\/p>\n<div class=\"me-dis_l\"><a href=\"https:\/\/elpais.com\/suscripciones\/premium\/upgrade\/?utm_source=autopromo&amp;utm_medium=interno&amp;utm_campaign=YYYY_MM_capping_upgrade\" id=\"capping-upgrade\" class=\"btn\">A\u00f1adir usuario<\/a><a href=\"https:\/\/elpais.com\/espana\/2026-01-29\/las-juezas-de-montoro-marcan-los-tiempos-de-las-dos-investigaciones-del-accidente-de-adamuz.html\" id=\"capping-continue\" class=\"btn btn-b\">Continuar leyendo aqu\u00ed<\/a><\/div>\n<p>Si contin\u00faas leyendo en este dispositivo, no se podr\u00e1 leer en el otro.<\/p>\n<p class=\"lk\"><a href=\"https:\/\/elpais.com\/espana\/2026-01-29\/las-juezas-de-montoro-marcan-los-tiempos-de-las-dos-investigaciones-del-accidente-de-adamuz.html\" id=\"capping-show-more-button\">\u00bfPor qu\u00e9 est\u00e1s viendo esto?<\/a><\/p>\n<p><span class=\"arrow\" id=\"capping-arrow\">Flecha<\/span><\/p>\n<div class=\"me-dis_d\">\n<div class=\"me-dis_d_t\">\n<h2 class=\"enc\">Tu suscripci\u00f3n se est\u00e1 usando en otro dispositivo y solo puedes acceder a EL PA\u00cdS desde un dispositivo a la vez.<\/h2>\n<div class=\"tx\">\n<p>Si quieres compartir tu cuenta, cambia tu suscripci\u00f3n a la modalidad Premium, as\u00ed podr\u00e1s a\u00f1adir otro usuario. Cada uno acceder\u00e1 con su propia cuenta de email, lo que os permitir\u00e1 personalizar vuestra experiencia en EL PA\u00cdS.<\/p>\n<p>\u00bfTienes una suscripci\u00f3n de empresa? Accede <a target=\"_blank\" rel=\"noreferrer\" href=\"https:\/\/elpais.com\/suscripciones\/premium\/upgrade\/\">aqu\u00ed<\/a> para contratar m\u00e1s cuentas.<\/p>\n<p>En el caso de no saber qui\u00e9n est\u00e1 usando tu cuenta, te recomendamos cambiar tu contrase\u00f1a <a target=\"_blank\" rel=\"noreferrer\" href=\"https:\/\/elpais.com\/subscriptions\/#\/forgot-password\">aqu\u00ed.<\/a><\/p>\n<p>Si decides continuar compartiendo tu cuenta, este mensaje se mostrar\u00e1 en tu dispositivo y en el de la otra persona que est\u00e1 usando tu cuenta de forma indefinida, afectando a tu experiencia de lectura. Puedes <a target=\"_blank\" rel=\"noreferrer\" href=\"https:\/\/elpais.com\/suscripciones\/condiciones-generales-servicios\/\">consultar aqu\u00ed los t\u00e9rminos y condiciones de la suscripci\u00f3n digital.<\/a><\/p>\n<\/div>\n<\/div>\n<\/div>\n<\/div>\n<\/div>\n<\/div>\n<\/div>\n<aside class=\"w w-fid\">\n<div class=\"w_b\">\n<div class=\"w-fid_t\"><a href=\"https:\/\/plus.elpais.com\/newsletters\/lnp\/1\/2\/#?prm=not_newsletters_espana\">El mejor an\u00e1lisis de la actualidad con Milagros P\u00e9rez Oliva, en EL PA\u00cdS de la ma\u00f1ana.<\/a><\/div>\n<div class=\"w-fid_s\">\n<div class=\"w_rs\">\n<div class=\"w_rs_i\"><a class=\"_btn\" href=\"https:\/\/www.facebook.com\/elpais\" rel=\"nofollow\"><span class=\"_sr\">Espana El Pa\u00eds en Facebook<\/span><\/a><\/div>\n<div class=\"w_rs_i\"><a class=\"_btn\" href=\"https:\/\/www.instagram.com\/el_pais\/\" rel=\"nofollow\"><span class=\"_sr\">Espana El Pa\u00eds en Instagram<\/span><\/a><\/div>\n<div class=\"w_rs_i\"><a class=\"_btn\" href=\"https:\/\/twitter.com\/el_pais\" rel=\"nofollow\"><span class=\"_sr\">Espana El Pa\u00eds en Twitter<\/span><\/a><\/div>\n<\/div>\n<\/div>\n<\/div>\n<\/aside>\n<aside class=\"a_com w w-com _df\"><a class=\"a_com_l\" href=\"https:\/\/elpais.com\/info\/normas-de-participacion\/\">Normas \u203a<\/a><\/aside>\n<div class=\"me _pf\" id=\"me-c\">\n<div class=\"me_bg\">\n<div class=\"me-c _pa\" id=\"comments_container\" data-dtm-region=\"articulo_comentarios\">\n<div class=\"me_f me_f-os me_cc\"><a href=\"https:\/\/plus.elpais.com\/perfil\/actividad\/\">Mis comentarios<\/a><a href=\"https:\/\/elpais.com\/info\/normas-de-participacion\/\">Normas<\/a><\/div>\n<div class=\"me_f me_f-ns\"><span class=\"me_f_txt _db\">Rellena tu <b>nombre y apellido<\/b> para comentar<\/span><a href=\"https:\/\/plus.elpais.com\/autorization.html\/?prod=COM&amp;backURL=https%3A%2F%2Felpais.com%2Fespana%2F2026-01-29%2Flas-juezas-de-montoro-marcan-los-tiempos-de-las-dos-investigaciones-del-accidente-de-adamuz.html\" class=\"btn btn-2\">completar datos<\/a><\/div>\n<div class=\"me_f\" id=\"comments_msg\"><a class=\"btn btn-2\" href=\"https:\/\/elpais.com\/suscripciones\/#\/campaign?prod=SUSDIGCRART&amp;o=COM&amp;prm=suscrip_articulo_comentarios_el-pais&amp;backURL=https%3A%2F%2Felpais.com%2Fespana%2F2026-01-29%2Flas-juezas-de-montoro-marcan-los-tiempos-de-las-dos-investigaciones-del-accidente-de-adamuz.html\" id=\"comments_subscribe_link\" data-link-am=\"https:\/\/elpais.com\/suscripciones\/america\/#\/campaign?prod=SUSDIGCRARTAM&amp;o=COMAM&amp;prm=suscrip_articulo_comentarios_el-pais-america&amp;backURL=https%3A%2F%2Felpais.com%2Fespana%2F2026-01-29%2Flas-juezas-de-montoro-marcan-los-tiempos-de-las-dos-investigaciones-del-accidente-de-adamuz.html\" data-link-mx=\"https:\/\/elpais.com\/suscripciones\/america\/#\/campaign?prod=SUSDIGMX&amp;o=COMMX&amp;prm=suscrip_articulo_comentarios_el-pais-mexico&amp;backURL=https%3A%2F%2Felpais.com%2Fespana%2F2026-01-29%2Flas-juezas-de-montoro-marcan-los-tiempos-de-las-dos-investigaciones-del-accidente-de-adamuz.html\" data-link-co=\"https:\/\/elpais.com\/suscripciones\/america\/#\/campaign?prod=SUSDIGCOL&amp;o=COMCOL&amp;prm=suscrip_articulo_comentarios_el-pais_colombia&amp;backURL=https%3A%2F%2Felpais.com%2Fespana%2F2026-01-29%2Flas-juezas-de-montoro-marcan-los-tiempos-de-las-dos-investigaciones-del-accidente-de-adamuz.html\" data-link-ar=\"https:\/\/elpais.com\/suscripciones\/america\/#\/campaign?prod=SUSDIGCRARTAR&amp;o=COMAR&amp;backURL=https%3A%2F%2Felpais.com%2Fespana%2F2026-01-29%2Flas-juezas-de-montoro-marcan-los-tiempos-de-las-dos-investigaciones-del-accidente-de-adamuz.html\" data-link-cl=\"https:\/\/elpais.com\/suscripciones\/america\/#\/campaign?prod=SUSDIGCHILE&amp;o=COMCHILE&amp;backURL=https%3A%2F%2Felpais.com%2Fespana%2F2026-01-29%2Flas-juezas-de-montoro-marcan-los-tiempos-de-las-dos-investigaciones-del-accidente-de-adamuz.html\" data-link-us=\"https:\/\/elpais.com\/suscripciones\/america\/#\/campaign?prod=SUSDIGCRARTEUCAN&amp;o=COMUS&amp;prm=suscrip_articulo_comentarios_el-pais_eucan&amp;backURL=https%3A%2F%2Felpais.com%2Fespana%2F2026-01-29%2Flas-juezas-de-montoro-marcan-los-tiempos-de-las-dos-investigaciones-del-accidente-de-adamuz.html\">Suscr\u00edbete en El Pa\u00eds para participar<\/a><a class=\"btn btn-3\" href=\"https:\/\/elpais.com\/subscriptions\/#\/sign-in?prod=REG&amp;o=COM&amp;prm=login_articulo_comentarios_el-pais&amp;backURL=https%3A%2F%2Felpais.com%2Fespana%2F2026-01-29%2Flas-juezas-de-montoro-marcan-los-tiempos-de-las-dos-investigaciones-del-accidente-de-adamuz.html\" id=\"comments_login_link\" data-link-am=\"https:\/\/elpais.com\/subscriptions\/#\/sign-in?prod=REG&amp;o=COM&amp;prm=login_articulo_comentarios_el-pais-america&amp;backURL=https%3A%2F%2Felpais.com%2Fespana%2F2026-01-29%2Flas-juezas-de-montoro-marcan-los-tiempos-de-las-dos-investigaciones-del-accidente-de-adamuz.html\" data-link-mx=\"https:\/\/elpais.com\/subscriptions\/#\/sign-in?prod=REG&amp;o=COM&amp;prm=login_articulo_comentarios_el-pais-mexico&amp;backURL=https%3A%2F%2Felpais.com%2Fespana%2F2026-01-29%2Flas-juezas-de-montoro-marcan-los-tiempos-de-las-dos-investigaciones-del-accidente-de-adamuz.html\" data-link-co=\"https:\/\/elpais.com\/subscriptions\/#\/sign-in?prod=REG&amp;o=COM&amp;backURL=https%3A%2F%2Felpais.com%2Fespana%2F2026-01-29%2Flas-juezas-de-montoro-marcan-los-tiempos-de-las-dos-investigaciones-del-accidente-de-adamuz.html\" data-link-ar=\"https:\/\/elpais.com\/subscriptions\/#\/sign-in?prod=REG&amp;o=COM&amp;backURL=https%3A%2F%2Felpais.com%2Fespana%2F2026-01-29%2Flas-juezas-de-montoro-marcan-los-tiempos-de-las-dos-investigaciones-del-accidente-de-adamuz.html\" data-link-cl=\"https:\/\/elpais.com\/subscriptions\/#\/sign-in?prod=REG&amp;o=COM&amp;backURL=https%3A%2F%2Felpais.com%2Fespana%2F2026-01-29%2Flas-juezas-de-montoro-marcan-los-tiempos-de-las-dos-investigaciones-del-accidente-de-adamuz.html\" data-link-us=\"https:\/\/elpais.com\/subscriptions\/#\/sign-in?prod=REG&amp;o=COM&amp;backURL=https%3A%2F%2Felpais.com%2Fespana%2F2026-01-29%2Flas-juezas-de-montoro-marcan-los-tiempos-de-las-dos-investigaciones-del-accidente-de-adamuz.html\">Ya tengo una suscripci\u00f3n<\/a><\/div>\n<p>Please enable JavaScript to view the &lt;a href=&#8221;https:\/\/disqus.com\/?ref_noscript&#8221; rel=&#8221;nofollow&#8221;&gt; comments powered by Disqus.&lt;\/a&gt;<\/p><\/div>\n<\/div>\n<\/div>\n<aside class=\"w w-rel\" data-dtm-region=\"articulo_mas-informacion\">\n<h2 class=\"w_t\">M\u00e1s informaci\u00f3n<\/h2>\n<ul class=\"w_b _ls\">\n<li class=\"_g _g-xs w-rel_n\">\n<div class=\" a_m-h c_m--nf\"><span class=\"_db _pr\"><img decoding=\"async\" class=\"_re lazyload a_m-h\" height=\"311\" width=\"414\" src=\"https:\/\/analyse.optim.biz\/wp-content\/uploads\/2026\/01\/zwg6vcs35nny3k4c3fj6m6mws4.jpg\" loading=\"lazy\" title=\"zwg6vcs35nny3k4c3fj6m6mws4\"><\/span><\/div>\n<div class=\"nt\">\n<h3 class=\"nt_t\"><a href=\"https:\/\/elpais.com\/espana\/2026-01-28\/transportes-espera-reconstruir-la-linea-de-alta-velocidad-madrid-sevilla-en-10-dias-apoyandose-en-una-declaracion-de-emergencia.html#?rel=mas\">Transportes espera reconstruir la l\u00ednea de alta velocidad Madrid-Sevilla en 10 d\u00edas apoy\u00e1ndose en una declaraci\u00f3n de emergencia<\/a><\/h3>\n<div class=\"nt_a\"><a href=\"https:\/\/elpais.com\/autor\/javier-fernandez-magarino\/\" title=\"Ver todas las noticias de J. F. Magari\u00f1o\">J. F. Magari\u00f1o<\/a> | Madrid<\/div>\n<\/div>\n<\/li>\n<li class=\"_g _g-xs w-rel_n\">\n<div class=\" a_m-h c_m--nf\"><span class=\"_db _pr\"><img decoding=\"async\" class=\"_re lazyload a_m-h\" height=\"311\" width=\"414\" src=\"https:\/\/analyse.optim.biz\/wp-content\/uploads\/2026\/01\/zx5jthwlzzfmlgm7u3l6olauhy-2.jpg\" loading=\"lazy\" title=\"zx5jthwlzzfmlgm7u3l6olauhy-2\"><\/span><\/div>\n<div class=\"nt\">\n<h3 class=\"nt_t\"><a href=\"https:\/\/elpais.com\/espana\/2026-01-28\/la-investigacion-de-adamuz-pondra-el-foco-en-una-decena-de-grandes-empresas.html#?rel=mas\">La investigaci\u00f3n de Adamuz pondr\u00e1 el foco en una decena de grandes empresas<\/a><\/h3>\n<div class=\"nt_a\"><a href=\"https:\/\/elpais.com\/autor\/javier-fernandez-magarino\/\" title=\"Ver todas las noticias de Javier Fern\u00e1ndez Magari\u00f1o\">Javier Fern\u00e1ndez Magari\u00f1o<\/a> | Madrid<\/div>\n<\/div>\n<\/li>\n<\/ul>\n<\/aside>\n<section class=\"w w-ae\" data-dtm-region=\"articulo_archivado-en\">\n<h2 class=\"w_t\">Archivado En<\/h2>\n<div class=\"w_b\">\n<ul class=\"w_ul w_ul--mh _df _ls\">\n<li><a href=\"https:\/\/elpais.com\/noticias\/espana\/#?rel=arch\" rel=\"noopener noreferrer\">Espa\u00f1a<\/a><\/li>\n<li><a href=\"https:\/\/elpais.com\/noticias\/adamuz\/#?rel=arch\" rel=\"noopener noreferrer\">Adamuz<\/a><\/li>\n<li><a href=\"https:\/\/elpais.com\/noticias\/renfe\/#?rel=arch\" rel=\"noopener noreferrer\">Renfe<\/a><\/li>\n<li><a href=\"https:\/\/elpais.com\/noticias\/iryo\/#?rel=arch\" rel=\"noopener noreferrer\">Iryo<\/a><\/li>\n<li><a href=\"https:\/\/elpais.com\/noticias\/guardia-civil\/#?rel=arch\" rel=\"noopener noreferrer\">Guardia Civil<\/a><\/li>\n<li><a href=\"https:\/\/elpais.com\/noticias\/ministerio-transportes\/#?rel=arch\" rel=\"noopener noreferrer\">Ministerio de Transportes<\/a><\/li>\n<li><a href=\"https:\/\/elpais.com\/noticias\/oscar-puente-santiago\/#?rel=arch\" rel=\"noopener noreferrer\">\u00d3scar Puente Santiago<\/a><\/li>\n<li><a href=\"https:\/\/elpais.com\/noticias\/tren-alta-velocidad\/#?rel=arch\" rel=\"noopener noreferrer\">Tren alta velocidad<\/a><\/li>\n<li><a href=\"https:\/\/elpais.com\/noticias\/justicia\/#?rel=arch\" rel=\"noopener noreferrer\">Justicia<\/a><\/li>\n<li><a href=\"https:\/\/elpais.com\/noticias\/accidentes-ferrocarril\/#?rel=arch\" rel=\"noopener noreferrer\">Accidentes ferrocarril<\/a><\/li>\n<\/ul>\n<\/div>\n<\/section>\n<aside class=\"a_tp _df\">\n<div class=\"a_tp_txt\"><span class=\"a_tp_t\">Se adhiere a los criterios de<\/span><\/p>\n<figure class=\"a_m a_m-h c_m--nf\"><a class=\"a_tp_i _dib\" href=\"https:\/\/elpais.com\/estaticos\/que-es-the-trust-project\/\" target=\"_blank\" rel=\"noopener noreferrer nofollow\"><img decoding=\"async\" alt=\"The Trust Project\" class=\" lazyload a_m-h\" height=\"20\" width=\"117\" src=\"https:\/\/analyse.optim.biz\/wp-content\/uploads\/2026\/01\/the-trust-project-380.svg\" loading=\"lazy\" title=\"the-trust-project-380\"><\/a><\/figure>\n<p><a class=\"a_tp_mi\" href=\"https:\/\/elpais.com\/estaticos\/codigo-etico\/\" target=\"_blank\" rel=\"noopener noreferrer nofollow\">M\u00e1s informaci\u00f3n<\/a><\/div>\n<div class=\"a_tp_si\">Si est\u00e1 interesado en licenciar este contenido, pinche <a class=\"a_tp_si_l\" href=\"https:\/\/profesional.elpais.com\/soluciones-sindicacion\/?utm_medium=interno&amp;utm_source=crosslinking&amp;utm_campaign=sindicacion_ep_pie_articulos\" target=\"_blank\" rel=\"noopener noreferrer nofollow\">aqu\u00ed<\/a><\/div>\n<\/aside>\n<div class=\"a_o _pr\" data-dtm-region=\"articulo_right-rail\">\n<div id=\"elpais_gpt-MPU1\" data-adtype=\"MPU\" class=\"ad ad-mpu\"><span class=\"_dn\">_<\/span><\/div>\n<section class=\"w w-sc b_col\" data-dtm-region=\"articulo_ultimas-noticias\">\n<header class=\"w_h b_col_h\">\n<h3 class=\"w_t\"><a href=\"https:\/\/elpais.com\/ultimas-noticias\/\" rel=\"story-card-ultimas-noticias\">\u00daltimas noticias<\/a><\/h3>\n<\/header>\n<div class=\"w_b\">\n<article class=\"c  c--m-n   \" data-word=\"0\">\n<header class=\"c_h\"><time datetime=\"2026-01-29T17:44:31+01:00\" class=\"c_da\">17:44<\/time><\/p>\n<h2 class=\"c_t \"><a href=\"https:\/\/elpais.com\/espana\/madrid\/2026-01-29\/ayuso-no-acatara-la-orden-de-prohibir-la-entrada-a-menores-de-18-anos-a-las-corridas-de-toros.html\">Ayuso no acatar\u00e1 la orden de prohibir la entrada a menores de 18 a\u00f1os a las corridas de toros<\/a><\/h2>\n<\/header>\n<\/article>\n<article class=\"c  c--m-n   \" data-word=\"0\">\n<header class=\"c_h\"><time datetime=\"2026-01-29T17:42:11+01:00\" class=\"c_da\">17:42<\/time><\/p>\n<h2 class=\"c_t \"><a href=\"https:\/\/elpais.com\/sociedad\/2026-01-29\/la-fiscalia-investiga-la-administracion-de-vacunas-caducadas-a-103-personas-en-el-pais-vasco.html\">La Fiscal\u00eda investiga la administraci\u00f3n de vacunas caducadas a 103 personas en el Pa\u00eds Vasco<\/a><\/h2>\n<\/header>\n<\/article>\n<article class=\"c  c--m-n   \" data-word=\"0\">\n<header class=\"c_h\"><time datetime=\"2026-01-29T17:25:34+01:00\" class=\"c_da\">17:25<\/time><\/p>\n<h2 class=\"c_t \"><a href=\"https:\/\/elpais.com\/america\/2026-01-29\/joseph-oughourlian-debemos-defender-el-pensamiento-critico-y-la-verdad-cueste-lo-que-cueste.html\">Joseph Oughourlian: \u201cDebemos defender el pensamiento cr\u00edtico y la verdad, cueste lo que cueste\u201d<\/a><\/h2>\n<\/header>\n<\/article>\n<article class=\"c  c--m-n   \" data-word=\"0\">\n<header class=\"c_h\"><time datetime=\"2026-01-29T17:24:19+01:00\" class=\"c_da\">17:24<\/time><\/p>\n<h2 class=\"c_t \"><a href=\"https:\/\/elpais.com\/america\/2026-01-29\/el-segundo-dia-del-foro-economico-internacional-de-america-latina-y-el-caribe-en-imagenes.html\">El segundo d\u00eda del Foro Econ\u00f3mico Internacional de Am\u00e9rica Latina y el Caribe, en im\u00e1genes<\/a><\/h2>\n<\/header>\n<\/article>\n<\/div>\n<\/section>\n<aside class=\"w w-lmv\" data-dtm-region=\"articulo_lom\">\n<h2 class=\"w_t\"><a href=\"https:\/\/elpais.com\/lo-mas-visto\/\">Lo m\u00e1s visto<\/a><\/h2>\n<div class=\"w_b\">\n<ol class=\"_ls\">\n<li><a href=\"https:\/\/elpais.com\/economia\/2026-01-27\/trump-bendice-la-caida-del-dolar-va-muy-bien-miren-los-negocios-que-estamos-haciendo.html#?rel=lom\">Trump asegura que no le preocupa la ca\u00edda del d\u00f3lar: \u201cVa muy bien, miren los negocios que estamos haciendo\u201d<\/a><\/li>\n<li><a href=\"https:\/\/elpais.com\/internacional\/2026-01-28\/el-primer-ministro-groenlandes-la-casa-blanca-no-tiene-ni-idea-de-lo-que-es-groenlandia.html#?rel=lom\">El primer ministro groenland\u00e9s: \u201cLa Casa Blanca no tiene ni idea de lo que es Groenlandia\u201d<\/a><\/li>\n<li><a href=\"https:\/\/elpais.com\/espana\/catalunya\/2026-01-28\/el-traspaso-de-la-inmigracion-a-cataluna-se-abre-paso-junts-acepta-cambiar-el-preambulo-de-la-ley-que-rechazaba-podemos.html#?rel=lom\">El traspaso de la inmigraci\u00f3n a Catalu\u00f1a se abre paso: Junts acepta cambiar el pre\u00e1mbulo de la ley que rechazaba Podemos<\/a><\/li>\n<li><a href=\"https:\/\/elpais.com\/espana\/2026-01-27\/la-guardia-civil-investiga-a-un-hombre-por-robar-571-pinos-pinoneros-en-valladolid-y-utilizarlos-para-hacer-biomasa.html#?rel=lom\">La Guardia Civil investiga a un hombre por robar 571 pinos pi\u00f1oneros en Valladolid y utilizarlos para hacer biomasa<\/a><\/li>\n<li><a href=\"https:\/\/elpais.com\/internacional\/2026-01-28\/siete-jefes-de-estado-dejan-atras-las-diferencias-ideologicas-y-piden-una-integracion-latinoamericana.html#?rel=lom\">Siete jefes de Estado dejan atr\u00e1s las diferencias ideol\u00f3gicas y piden una integraci\u00f3n latinoamericana<\/a><\/li>\n<\/ol>\n<\/div>\n<\/aside>\n<\/div>\n<\/article>\n<article class=\"c  c--m-n   \" data-word=\"0\">\n<header class=\"c_h\"><time datetime=\"2026-01-29T17:44:31+01:00\" class=\"c_da\">17:44<\/time><\/p>\n<h2 class=\"c_t \"><a href=\"https:\/\/elpais.com\/espana\/madrid\/2026-01-29\/ayuso-no-acatara-la-orden-de-prohibir-la-entrada-a-menores-de-18-anos-a-las-corridas-de-toros.html\">Ayuso no acatar\u00e1 la orden de prohibir la entrada a menores de 18 a\u00f1os a las corridas de toros<\/a><\/h2>\n<\/header>\n<\/article>\n<article class=\"c  c--m-n   \" data-word=\"0\">\n<header class=\"c_h\"><time datetime=\"2026-01-29T17:42:11+01:00\" class=\"c_da\">17:42<\/time><\/p>\n<h2 class=\"c_t \"><a href=\"https:\/\/elpais.com\/sociedad\/2026-01-29\/la-fiscalia-investiga-la-administracion-de-vacunas-caducadas-a-103-personas-en-el-pais-vasco.html\">La Fiscal\u00eda investiga la administraci\u00f3n de vacunas caducadas a 103 personas en el Pa\u00eds Vasco<\/a><\/h2>\n<\/header>\n<\/article>\n<article class=\"c  c--m-n   \" data-word=\"0\">\n<header class=\"c_h\"><time datetime=\"2026-01-29T17:25:34+01:00\" class=\"c_da\">17:25<\/time><\/p>\n<h2 class=\"c_t \"><a href=\"https:\/\/elpais.com\/america\/2026-01-29\/joseph-oughourlian-debemos-defender-el-pensamiento-critico-y-la-verdad-cueste-lo-que-cueste.html\">Joseph Oughourlian: \u201cDebemos defender el pensamiento cr\u00edtico y la verdad, cueste lo que cueste\u201d<\/a><\/h2>\n<\/header>\n<\/article>\n<article class=\"c  c--m-n   \" data-word=\"0\">\n<header class=\"c_h\"><time datetime=\"2026-01-29T17:24:19+01:00\" class=\"c_da\">17:24<\/time><\/p>\n<h2 class=\"c_t \"><a href=\"https:\/\/elpais.com\/america\/2026-01-29\/el-segundo-dia-del-foro-economico-internacional-de-america-latina-y-el-caribe-en-imagenes.html\">El segundo d\u00eda del Foro Econ\u00f3mico Internacional de Am\u00e9rica Latina y el Caribe, en im\u00e1genes<\/a><\/h2>\n<\/header>\n<\/article>\n<p> Source URL: https:\/\/elpais.com\/espana\/2026-01-29\/las-juezas-de-montoro-marcan-los-tiempos-de-las-dos-investigaciones-del-accidente-de-adamuz.html<\/p>\n","protected":false},"excerpt":{"rendered":"<p>Accidente de trenes en Adamuz Las juezas de Montoro marcan los tiempos de las dos investigaciones del accidente de Adamuz Transportes se apoya en la declaraci\u00f3n de emergencia para acelerar con 10 d\u00edas de obras en el punto del siniestro y reabrir en su totalidad la l\u00ednea Madrid-Sevilla de alta velocidad Un agente de la [&hellip;]<\/p>\n","protected":false},"author":1,"featured_media":1543556,"comment_status":"open","ping_status":"","sticky":false,"template":"","format":"standard","meta":{"footnotes":""},"categories":[88],"tags":[92],"class_list":["post-1543555","post","type-post","status-publish","format-standard","has-post-thumbnail","hentry","category-spain","tag-elpais-com"],"_links":{"self":[{"href":"https:\/\/analyse.optim.biz\/index.php?rest_route=\/wp\/v2\/posts\/1543555","targetHints":{"allow":["GET"]}}],"collection":[{"href":"https:\/\/analyse.optim.biz\/index.php?rest_route=\/wp\/v2\/posts"}],"about":[{"href":"https:\/\/analyse.optim.biz\/index.php?rest_route=\/wp\/v2\/types\/post"}],"author":[{"embeddable":true,"href":"https:\/\/analyse.optim.biz\/index.php?rest_route=\/wp\/v2\/users\/1"}],"replies":[{"embeddable":true,"href":"https:\/\/analyse.optim.biz\/index.php?rest_route=%2Fwp%2Fv2%2Fcomments&post=1543555"}],"version-history":[{"count":0,"href":"https:\/\/analyse.optim.biz\/index.php?rest_route=\/wp\/v2\/posts\/1543555\/revisions"}],"wp:featuredmedia":[{"embeddable":true,"href":"https:\/\/analyse.optim.biz\/index.php?rest_route=\/wp\/v2\/media\/1543556"}],"wp:attachment":[{"href":"https:\/\/analyse.optim.biz\/index.php?rest_route=%2Fwp%2Fv2%2Fmedia&parent=1543555"}],"wp:term":[{"taxonomy":"category","embeddable":true,"href":"https:\/\/analyse.optim.biz\/index.php?rest_route=%2Fwp%2Fv2%2Fcategories&post=1543555"},{"taxonomy":"post_tag","embeddable":true,"href":"https:\/\/analyse.optim.biz\/index.php?rest_route=%2Fwp%2Fv2%2Ftags&post=1543555"}],"curies":[{"name":"wp","href":"https:\/\/api.w.org\/{rel}","templated":true}]}}