{"id":1543532,"date":"2026-01-29T04:30:01","date_gmt":"2026-01-29T01:30:01","guid":{"rendered":"https:\/\/analyse.optim.biz\/?p=1543532"},"modified":"2026-01-29T04:30:01","modified_gmt":"2026-01-29T01:30:01","slug":"la-culpa-es-de-las-madres","status":"publish","type":"post","link":"https:\/\/analyse.optim.biz\/?p=1543532","title":{"rendered":"La culpa es de las madres"},"content":{"rendered":"<article id=\"main-content\" class=\"a _g _g-lg _g-o\">\n<header class=\"a_e a_e-o _g _g-xs\">\n<div class=\"a_e_txt _df\">\n<div class=\"a_k _df\"><a class=\"a_k_n\" href=\"https:\/\/elpais.com\/autor\/luz-sanchez-mellado\/\">COLUMNA<\/a><\/p>\n<div class=\"a_k_tp _df\">\n<div class=\"infb _df\">\n<div id=\"infb-tp\" class=\"_pa infb_txt\" hidden>Art\u00edculos estrictamente de opini\u00f3n que responden al estilo propio del autor. Estos textos de opini\u00f3n han de basarse en datos verificados y ser respetuosos con las personas aunque se critiquen sus actos. Todas las columnas de opini\u00f3n de personas ajenas a la Redacci\u00f3n de EL PA\u00cdS llevar\u00e1n, tras la \u00faltima l\u00ednea, un pie de autor \u2014por conocido que \u00e9ste sea\u2014 donde se indique el cargo, t\u00edtulo, militancia pol\u00edtica (en su caso) u ocupaci\u00f3n principal, o la que est\u00e9 o estuvo relacionada con el tema abordado<\/div>\n<\/div>\n<\/div>\n<\/div>\n<h1 class=\"a_t\">La culpa es de las madres<\/h1>\n<p class=\"a_st\">Bajo la neoinquisici\u00f3n del nuevo \u2018maternaje\u2019 subyace lo de siempre: culpar a las mujeres por ejercer su libertad reproductiva<\/p>\n<\/div>\n<div class=\"a_e_m\">\n<figure class=\"a_m a_m-h \"><span class=\"a_m_w _db\"><img fetchpriority=\"high\" decoding=\"async\" class=\"_re  a_m-h\" height=\"276\" width=\"414\" src=\"https:\/\/analyse.optim.biz\/wp-content\/uploads\/2026\/01\/fo2xjsp2zjaqrkmifzabdbmn74-1.jpg\" loading=\"eager\" title=\"fo2xjsp2zjaqrkmifzabdbmn74-1\"><\/span><figcaption class=\"a_m_p\" aria-hidden=\"true\"><span>Una comadrona muestra una reproducci\u00f3n de una pelvis femenina.<\/span><span class=\"a_m_m\">picture alliance \/ Getty<\/span><\/figcaption><\/figure>\n<\/div>\n<\/header>\n<div class=\"a_md _g _g-xs \">\n<figure class=\"a_md_i a_m-h c_m--nf\"><span class=\"a_m_w _db\"><img decoding=\"async\" alt=\"Luz S\u00e1nchez-Mellado\" class=\"_re lazyload a_m-h\" height=\"100\" width=\"100\" src=\"https:\/\/analyse.optim.biz\/wp-content\/uploads\/2026\/01\/https3a2f2fs3-amazonaws-com2farc-authors2fprisa2f8fa6d141-6327-4b3a-ba1c-06d47dfc5fb2-1.jpg\" loading=\"lazy\" title=\"https3a2f2fs3-amazonaws-com2farc-authors2fprisa2f8fa6d141-6327-4b3a-ba1c-06d47dfc5fb2-1\"><\/span><\/figure>\n<div class=\"a_md_txt\">\n<div class=\"a_md_a\" data-dtm-region=\"articulo_firma\"><a href=\"https:\/\/elpais.com\/autor\/luz-sanchez-mellado\/#?rel=author_top\" title=\"Ver todas las noticias de Luz S\u00e1nchez-Mellado\" class=\"a_md_a_n\">Luz S\u00e1nchez-Mellado<\/a><\/div>\n<div class=\"a_md_f\"><span><a href=\"https:\/\/elpais.com\/hemeroteca\/2026-01-29\/\" data-date=\"2026-01-29T05:30:01+01:00\"><time data-date=\"2026-01-29T05:30:01+01:00\" datetime=\"2026-01-29T05:30:01+01:00\" id=\"article_date_p\">29 ene 2026 &#8211; 05:30<abbr title=\"Central European Time\">CET<\/abbr><\/time><\/a><\/span><\/div>\n<div class=\"w_rs\" data-dtm-region=\"articulo_botonera-social\">\n<div class=\"w_rs_i\"><a class=\"_btn hidden\" href=\"\/\/send?text=La%20culpa%20es%20de%20las%20madres%0D%0A%0D%0Ahttps%3A%2F%2Felpais.com%2Fopinion%2F2026-01-29%2Fla-culpa-es-de-las-madres.html%3Fssm=whatsapp_CC\" data-action=\"share\/whatsapp\/share\" data-param-description=\"La culpa es de las madres\" data-param-href=\"https:\/\/elpais.com\/opinion\/2026-01-29\/la-culpa-es-de-las-madres.html\" data-param-text=\"La culpa es de las madres https:\/\/elpais.com\/opinion\/2026-01-29\/la-culpa-es-de-las-madres.html\" data-param-url=\"https:\/\/elpais.com\/opinion\/2026-01-29\/la-culpa-es-de-las-madres.html\" target=\"_blank\" rel=\"noopener noreferrer\" data-share-track-dtm=\"whatsapp\" id=\"btn_share_whatsapp_604\"><span class=\"_sr\">Compartir en Whatsapp<\/span><\/a><\/div>\n<div class=\"w_rs_i\"><a class=\"_btn \" href=\"https:\/\/www.facebook.com\/dialog\/share?display=popup&amp;app_id=94039431626&amp;href=https%3A%2F%2Felpais.com%2Fopinion%2F2026-01-29%2Fla-culpa-es-de-las-madres.html%3Fssm=FB_CC&amp;quote=La%20culpa%20es%20de%20las%20madres\" data-param-app_id=\"94039431626\" data-param-description=\"La culpa es de las madres\" data-param-href=\"https:\/\/elpais.com\/opinion\/2026-01-29\/la-culpa-es-de-las-madres.html\" data-param-text=\"La culpa es de las madres\" data-param-url=\"https:\/\/elpais.com\/opinion\/2026-01-29\/la-culpa-es-de-las-madres.html\" target=\"_blank\" rel=\"noopener noreferrer\" data-share-track-dtm=\"facebook\" id=\"btn_share_facebook_604\"><span class=\"_sr\">Compartir en Facebook<\/span><\/a><\/div>\n<div class=\"w_rs_i\"><a class=\"_btn \" href=\"https:\/\/twitter.com\/intent\/tweet?url=https%3A%2F%2Felpais.com%2Fopinion%2F2026-01-29%2Fla-culpa-es-de-las-madres.html%3Fssm=TW_CC&amp;text=La%20culpa%20es%20de%20las%20madres&amp;via=el_pais&amp;lang=es\" data-param-description=\"La culpa es de las madres\" data-param-href=\"https:\/\/elpais.com\/opinion\/2026-01-29\/la-culpa-es-de-las-madres.html\" data-param-text=\"La culpa es de las madres via @el_pais\" data-param-url=\"https:\/\/elpais.com\/opinion\/2026-01-29\/la-culpa-es-de-las-madres.html\" target=\"_blank\" rel=\"noopener noreferrer\" data-share-track-dtm=\"twitter\" id=\"btn_share_twitter_604\"><span class=\"_sr\">Compartir en Twitter<\/span><\/a><\/div>\n<div class=\"w_rs_i\"><a class=\"_btn \" href=\"https:\/\/bsky.app\/intent\/compose?text=https%3A%2F%2Felpais.com%2Fopinion%2F2026-01-29%2Fla-culpa-es-de-las-madres.html%3Fssm=bsky_CC\" data-param-description=\"La culpa es de las madres\" data-param-href=\"https:\/\/elpais.com\/opinion\/2026-01-29\/la-culpa-es-de-las-madres.html\" data-param-text=\"La culpa es de las madres\" data-param-url=\"https:\/\/elpais.com\/opinion\/2026-01-29\/la-culpa-es-de-las-madres.html\" target=\"_blank\" rel=\"noopener noreferrer\" data-share-track-dtm=\"bluesky\" id=\"btn_share_bluesky_604\"><span class=\"_sr\">Compartir en Bluesky<\/span><\/a><\/div>\n<div class=\"w_rs_i\"><a class=\"_btn \" href=\"https:\/\/www.linkedin.com\/sharing\/share-offsite\/?url=https%3A%2F%2Felpais.com%2Fopinion%2F2026-01-29%2Fla-culpa-es-de-las-madres.html%3Fssm=LK_CC\" data-param-description=\"La culpa es de las madres\" data-param-href=\"https:\/\/elpais.com\/opinion\/2026-01-29\/la-culpa-es-de-las-madres.html\" data-param-text=\"La culpa es de las madres\" data-param-url=\"https:\/\/elpais.com\/opinion\/2026-01-29\/la-culpa-es-de-las-madres.html\" target=\"_blank\" rel=\"noopener noreferrer\" data-share-track-dtm=\"linkedin\" id=\"btn_share_linkedin_604\"><span class=\"_sr\">Compartir en Linkedin<\/span><\/a><\/div>\n<div class=\"w_rs_i\"><a class=\"_btn rs_l\" href=\"https:\/\/elpais.com\/opinion\/2026-01-29\/la-culpa-es-de-las-madres.html#?prm=copy_link\" data-share-track-dtm=\"copiar_url\" id=\"btn_share_link_95\"><span class=\"_sr\">Copiar enlace<\/span><\/a><\/div>\n<div class=\"w_rs_i\"><a class=\"_btn rs_c\" href=\"https:\/\/elpais.com\/opinion\/2026-01-29\/la-culpa-es-de-las-madres.html#comments_container\" aria-expanded=\"false\" aria-controls=\"me-c\" data-share-track-dtm=\"eskup\" id=\"btn_share_comments_95\"><span class=\"_sr\">Ir a los comentarios<\/span><\/a><\/div>\n<\/div>\n<\/div>\n<\/div>\n<div class=\"a_c clearfix\" data-dtm-region=\"articulo_cuerpo\">\n<p class>Los beb\u00e9s criados con biber\u00f3n son como bollos ultraprocesados. Los hospitales son lugares hostiles para parir. La madre que decide no <a href=\"https:\/\/elpais.com\/mamas-papas\/actualidad\/2025-08-05\/por-una-lactancia-materna-como-un-asunto-universal.html\" target=\"_self\" rel title=\"https:\/\/elpais.com\/mamas-papas\/actualidad\/2025-08-05\/por-una-lactancia-materna-como-un-asunto-universal.html\">dar de mamar<\/a> a su hijo comete un supremo acto de ego\u00edsmo. El parto debiera ser un acto placentero, lo m\u00e1s parecido a mantener relaciones sexuales. Tranquilos, no se han equivocado de columna ni de pluma. Ni me ha pose\u00eddo una integrista de la lactancia y del parto en casa, ni me ha dado un soponcio, ni me estoy inventando nada. Todas estas frases y otras igualmente estupefacientes se han pronunciado desde el estrado de profesores en <a href=\"https:\/\/elpais.com\/educacion\/2024-08-06\/las-universidades-privadas-copan-el-63-de-las-plazas-ofertadas-de-master-con-el-impulso-de-los-gobiernos-autonomicos.html\" target=\"_self\" rel title=\"https:\/\/elpais.com\/educacion\/2024-08-06\/las-universidades-privadas-copan-el-63-de-las-plazas-ofertadas-de-master-con-el-impulso-de-los-gobiernos-autonomicos.html\">un m\u00e1ster<\/a> sanitario impartido por una universidad p\u00fablica en Espa\u00f1a, Uni\u00f3n Europea, 2025, ante la callada incredulidad del auditorio. Eso, adem\u00e1s del intolerable hecho en s\u00ed mismo, es lo ins\u00f3lito. Que se\u00f1oras y se\u00f1ores graduados no se levantaran a rebatir o protestar porque alguien les endosara sus creencias y opiniones personales en un entorno acad\u00e9mico como si fueran evidencias cient\u00edficas. <\/p>\n<p class>Puede haber varias razones para ese silencio, pero una de ellas bien podr\u00eda ser porque los mantras de esa tendencia que ve <a href=\"https:\/\/elpais.com\/diario\/2002\/07\/20\/opinion\/1027116011_850215.html\" target=\"_self\" rel title=\"https:\/\/elpais.com\/diario\/2002\/07\/20\/opinion\/1027116011_850215.html\">la crianza como una nueva religi\u00f3n,<\/a> con sus propios mandamientos, pecados y herejes condenadas a la hoguera, ha calado lo suficiente para que a nadie le extra\u00f1en ya las homil\u00edas de sus oficiantes. Herejes, en femenino, s\u00ed. Porque, bajo toda esa neoinquisici\u00f3n del nuevo <i>maternaje<\/i> subyace lo de siempre: culpar y hacer sentir culpables a las mujeres por ejercer en conciencia su libertad reproductiva. A las que deciden ser madres y a <a href=\"https:\/\/elpais.com\/sociedad\/2024-07-28\/no-todas-las-mujeres-tienen-por-que-ser-madres-como-puede-ser-que-nos-de-mas-miedo-no-tener-hijos-que-tenerlos.html\" target=\"_self\" rel title=\"https:\/\/elpais.com\/sociedad\/2024-07-28\/no-todas-las-mujeres-tienen-por-que-ser-madres-como-puede-ser-que-nos-de-mas-miedo-no-tener-hijos-que-tenerlos.html\">las que deciden no serlo.<\/a> Porque a estas tambi\u00e9n se las lapida por ego\u00edstas, al privar a la sociedad de nuevos contribuyentes y a ellas mismas del verdadero sentido de su vida. <\/p>\n<p class>Hall\u00e1base una ayer bruxista perdida rumiando en silencio tales disquisiciones cuando le llega al peri\u00f3dico un libro reci\u00e9n salido del horno:<i> \u00bfY si el problema fuera tu madre? M\u00e9todo para liberarse de la huella materna, <\/i>en el que <a href=\"https:\/\/www.instagram.com\/se.tu.propia.mama\/\" target=\"_self\" rel title=\"https:\/\/www.instagram.com\/se.tu.propia.mama\/\">Cl\u00e9mence Biel,<\/a> una <i>coach<\/i> experta en \u201cherida de la madre\u201d <i>(sic),<\/i> dedica 200 p\u00e1ginas a atribuir en exclusiva la culpa del malestar emocional de hijas como ella a las madres que las parieron, y casi se traga una muela. Ni una l\u00ednea, qu\u00e9 digo l\u00ednea: ni una sola palabra dedicada a los padres en todo el ensayo. Y, as\u00ed, mientras nos seguimos despellejando entre nosotras, los se\u00f1ores siguen y\u00e9ndose de rositas en el cuidado de la prole, como en el Medievo. Qu\u00e9 hartura.<\/p>\n<\/div>\n<div id=\"me-dis\" class=\"me _pf\">\n<div class=\"me_bg\">\n<div class=\"me-dis _pa _df\">\n<div class=\"me-dis_c\">\n<h2 class=\"me-dis_t\">Tu suscripci\u00f3n se est\u00e1 usando en otro dispositivo<\/h2>\n<p>\u00bfQuieres a\u00f1adir otro usuario a tu suscripci\u00f3n?<\/p>\n<div class=\"me-dis_l\"><a href=\"https:\/\/elpais.com\/suscripciones\/premium\/upgrade\/?utm_source=autopromo&amp;utm_medium=interno&amp;utm_campaign=YYYY_MM_capping_upgrade\" id=\"capping-upgrade\" class=\"btn\">A\u00f1adir usuario<\/a><a href=\"https:\/\/elpais.com\/opinion\/2026-01-29\/la-culpa-es-de-las-madres.html\" id=\"capping-continue\" class=\"btn btn-b\">Continuar leyendo aqu\u00ed<\/a><\/div>\n<p>Si contin\u00faas leyendo en este dispositivo, no se podr\u00e1 leer en el otro.<\/p>\n<p class=\"lk\"><a href=\"https:\/\/elpais.com\/opinion\/2026-01-29\/la-culpa-es-de-las-madres.html\" id=\"capping-show-more-button\">\u00bfPor qu\u00e9 est\u00e1s viendo esto?<\/a><\/p>\n<p><span class=\"arrow\" id=\"capping-arrow\">Flecha<\/span><\/p>\n<div class=\"me-dis_d\">\n<div class=\"me-dis_d_t\">\n<h2 class=\"enc\">Tu suscripci\u00f3n se est\u00e1 usando en otro dispositivo y solo puedes acceder a EL PA\u00cdS desde un dispositivo a la vez.<\/h2>\n<div class=\"tx\">\n<p>Si quieres compartir tu cuenta, cambia tu suscripci\u00f3n a la modalidad Premium, as\u00ed podr\u00e1s a\u00f1adir otro usuario. Cada uno acceder\u00e1 con su propia cuenta de email, lo que os permitir\u00e1 personalizar vuestra experiencia en EL PA\u00cdS.<\/p>\n<p>\u00bfTienes una suscripci\u00f3n de empresa? Accede <a target=\"_blank\" rel=\"noreferrer\" href=\"https:\/\/elpais.com\/suscripciones\/premium\/upgrade\/\">aqu\u00ed<\/a> para contratar m\u00e1s cuentas.<\/p>\n<p>En el caso de no saber qui\u00e9n est\u00e1 usando tu cuenta, te recomendamos cambiar tu contrase\u00f1a <a target=\"_blank\" rel=\"noreferrer\" href=\"https:\/\/elpais.com\/subscriptions\/#\/forgot-password\">aqu\u00ed.<\/a><\/p>\n<p>Si decides continuar compartiendo tu cuenta, este mensaje se mostrar\u00e1 en tu dispositivo y en el de la otra persona que est\u00e1 usando tu cuenta de forma indefinida, afectando a tu experiencia de lectura. Puedes <a target=\"_blank\" rel=\"noreferrer\" href=\"https:\/\/elpais.com\/suscripciones\/condiciones-generales-servicios\/\">consultar aqu\u00ed los t\u00e9rminos y condiciones de la suscripci\u00f3n digital.<\/a><\/p>\n<\/div>\n<\/div>\n<\/div>\n<\/div>\n<\/div>\n<\/div>\n<\/div>\n<aside class=\"w w-sea\">\n<h2 class=\"w_t\">Sobre la firma<\/h2>\n<div class=\"w_b\">\n<div class=\"_g _g-xs\">\n<figure class=\"w-sea_f a_m-h c_m--nf\"><span class=\"a_m_w _db\"><img decoding=\"async\" alt=\"Luz S\u00e1nchez-Mellado\" class=\"_re lazyload a_m-h\" height=\"100\" width=\"100\" src=\"https:\/\/analyse.optim.biz\/wp-content\/uploads\/2026\/01\/https3a2f2fs3-amazonaws-com2farc-authors2fprisa2f8fa6d141-6327-4b3a-ba1c-06d47dfc5fb2-1.jpg\" loading=\"lazy\" title=\"https3a2f2fs3-amazonaws-com2farc-authors2fprisa2f8fa6d141-6327-4b3a-ba1c-06d47dfc5fb2-1\"><\/span><\/figure>\n<div class=\"w-sea_txt\">\n<div class=\"_df\">\n<div class=\"w-sea_txt_na\"><a href=\"https:\/\/elpais.com\/autor\/luz-sanchez-mellado\/\" rel=\"autor_bottom\">Luz S\u00e1nchez-Mellado<\/a><\/div>\n<div class=\"w_rs_i\"><a class=\"_btn \" href=\"https:\/\/twitter.com\/luzsmellado\" target=\"_blank\" rel=\"noopener noreferrer\"><span class=\"_sr\">Luz S\u00e1nchez-Mellado &#8211; twitter<\/span><\/a><\/div>\n<\/div>\n<div class=\"w-sea_txt_da _dn\">Luz S\u00e1nchez-Mellado, reportera, entrevistadora y columnista, es licenciada en Periodismo por la Universidad Complutense y publica en EL PA\u00cdS desde estudiante. Autora de \u2018Ciudadano Cort\u00e9s\u2019 y \u2018Estereotipas\u2019 (Plaza y Jan\u00e9s), centra su inter\u00e9s en la trastienda de las tendencias sociales, culturales y pol\u00edticas y el acercamiento a sus protagonistas.<\/div>\n<\/div>\n<\/div>\n<\/div>\n<\/aside>\n<aside class=\"w w-fid\">\n<div class=\"w_b\">\n<div class=\"w-fid_t\"><a href=\"https:\/\/plus.elpais.com\/newsletters\/lnp\/1\/340\/#?prm=not_newsletters_opinion\">Recibe el bolet\u00edn de Estado de opini\u00f3n<\/a><\/div>\n<div class=\"w-fid_s\">\n<div class=\"w_rs\">\n<div class=\"w_rs_i\"><a class=\"_btn\" href=\"https:\/\/www.facebook.com\/elpais\" rel=\"nofollow\"><span class=\"_sr\">Opinion El Pa\u00eds en Facebook<\/span><\/a><\/div>\n<div class=\"w_rs_i\"><a class=\"_btn\" href=\"https:\/\/www.instagram.com\/elpais_opinion\/\" rel=\"nofollow\"><span class=\"_sr\">Opinion El Pa\u00eds en Instagram<\/span><\/a><\/div>\n<div class=\"w_rs_i\"><a class=\"_btn\" href=\"https:\/\/twitter.com\/el_pais\" rel=\"nofollow\"><span class=\"_sr\">Opinion El Pa\u00eds en Twitter<\/span><\/a><\/div>\n<\/div>\n<\/div>\n<\/div>\n<\/aside>\n<aside class=\"a_com w w-com _df\"><a class=\"a_com_l\" href=\"https:\/\/elpais.com\/info\/normas-de-participacion\/\">Normas \u203a<\/a><\/aside>\n<div class=\"me _pf\" id=\"me-c\">\n<div class=\"me_bg\">\n<div class=\"me-c _pa\" id=\"comments_container\" data-dtm-region=\"articulo_comentarios\">\n<div class=\"me_f me_f-os me_cc\"><a href=\"https:\/\/plus.elpais.com\/perfil\/actividad\/\">Mis comentarios<\/a><a href=\"https:\/\/elpais.com\/info\/normas-de-participacion\/\">Normas<\/a><\/div>\n<div class=\"me_f me_f-ns\"><span class=\"me_f_txt _db\">Rellena tu <b>nombre y apellido<\/b> para comentar<\/span><a href=\"https:\/\/plus.elpais.com\/autorization.html\/?prod=COM&amp;backURL=https%3A%2F%2Felpais.com%2Fopinion%2F2026-01-29%2Fla-culpa-es-de-las-madres.html\" class=\"btn btn-2\">completar datos<\/a><\/div>\n<div class=\"me_f\" id=\"comments_msg\"><a class=\"btn btn-2\" href=\"https:\/\/elpais.com\/suscripciones\/#\/campaign?prod=SUSDIGCRART&amp;o=COM&amp;prm=suscrip_articulo_comentarios_el-pais&amp;backURL=https%3A%2F%2Felpais.com%2Fopinion%2F2026-01-29%2Fla-culpa-es-de-las-madres.html\" id=\"comments_subscribe_link\" data-link-am=\"https:\/\/elpais.com\/suscripciones\/america\/#\/campaign?prod=SUSDIGCRARTAM&amp;o=COMAM&amp;prm=suscrip_articulo_comentarios_el-pais-america&amp;backURL=https%3A%2F%2Felpais.com%2Fopinion%2F2026-01-29%2Fla-culpa-es-de-las-madres.html\" data-link-mx=\"https:\/\/elpais.com\/suscripciones\/america\/#\/campaign?prod=SUSDIGMX&amp;o=COMMX&amp;prm=suscrip_articulo_comentarios_el-pais-mexico&amp;backURL=https%3A%2F%2Felpais.com%2Fopinion%2F2026-01-29%2Fla-culpa-es-de-las-madres.html\" data-link-co=\"https:\/\/elpais.com\/suscripciones\/america\/#\/campaign?prod=SUSDIGCOL&amp;o=COMCOL&amp;prm=suscrip_articulo_comentarios_el-pais_colombia&amp;backURL=https%3A%2F%2Felpais.com%2Fopinion%2F2026-01-29%2Fla-culpa-es-de-las-madres.html\" data-link-ar=\"https:\/\/elpais.com\/suscripciones\/america\/#\/campaign?prod=SUSDIGCRARTAR&amp;o=COMAR&amp;backURL=https%3A%2F%2Felpais.com%2Fopinion%2F2026-01-29%2Fla-culpa-es-de-las-madres.html\" data-link-cl=\"https:\/\/elpais.com\/suscripciones\/america\/#\/campaign?prod=SUSDIGCHILE&amp;o=COMCHILE&amp;backURL=https%3A%2F%2Felpais.com%2Fopinion%2F2026-01-29%2Fla-culpa-es-de-las-madres.html\" data-link-us=\"https:\/\/elpais.com\/suscripciones\/america\/#\/campaign?prod=SUSDIGCRARTEUCAN&amp;o=COMUS&amp;prm=suscrip_articulo_comentarios_el-pais_eucan&amp;backURL=https%3A%2F%2Felpais.com%2Fopinion%2F2026-01-29%2Fla-culpa-es-de-las-madres.html\">Suscr\u00edbete en El Pa\u00eds para participar<\/a><a class=\"btn btn-3\" href=\"https:\/\/elpais.com\/subscriptions\/#\/sign-in?prod=REG&amp;o=COM&amp;prm=login_articulo_comentarios_el-pais&amp;backURL=https%3A%2F%2Felpais.com%2Fopinion%2F2026-01-29%2Fla-culpa-es-de-las-madres.html\" id=\"comments_login_link\" data-link-am=\"https:\/\/elpais.com\/subscriptions\/#\/sign-in?prod=REG&amp;o=COM&amp;prm=login_articulo_comentarios_el-pais-america&amp;backURL=https%3A%2F%2Felpais.com%2Fopinion%2F2026-01-29%2Fla-culpa-es-de-las-madres.html\" data-link-mx=\"https:\/\/elpais.com\/subscriptions\/#\/sign-in?prod=REG&amp;o=COM&amp;prm=login_articulo_comentarios_el-pais-mexico&amp;backURL=https%3A%2F%2Felpais.com%2Fopinion%2F2026-01-29%2Fla-culpa-es-de-las-madres.html\" data-link-co=\"https:\/\/elpais.com\/subscriptions\/#\/sign-in?prod=REG&amp;o=COM&amp;backURL=https%3A%2F%2Felpais.com%2Fopinion%2F2026-01-29%2Fla-culpa-es-de-las-madres.html\" data-link-ar=\"https:\/\/elpais.com\/subscriptions\/#\/sign-in?prod=REG&amp;o=COM&amp;backURL=https%3A%2F%2Felpais.com%2Fopinion%2F2026-01-29%2Fla-culpa-es-de-las-madres.html\" data-link-cl=\"https:\/\/elpais.com\/subscriptions\/#\/sign-in?prod=REG&amp;o=COM&amp;backURL=https%3A%2F%2Felpais.com%2Fopinion%2F2026-01-29%2Fla-culpa-es-de-las-madres.html\" data-link-us=\"https:\/\/elpais.com\/subscriptions\/#\/sign-in?prod=REG&amp;o=COM&amp;backURL=https%3A%2F%2Felpais.com%2Fopinion%2F2026-01-29%2Fla-culpa-es-de-las-madres.html\">Ya tengo una suscripci\u00f3n<\/a><\/div>\n<p>Please enable JavaScript to view the &lt;a href=&#8221;https:\/\/disqus.com\/?ref_noscript&#8221; rel=&#8221;nofollow&#8221;&gt; comments powered by Disqus.&lt;\/a&gt;<\/p><\/div>\n<\/div>\n<\/div>\n<aside class=\"w w-rel\" data-dtm-region=\"articulo_mas-informacion\">\n<h2 class=\"w_t\">M\u00e1s informaci\u00f3n<\/h2>\n<ul class=\"w_b _ls\">\n<li class=\"_g _g-xs w-rel_n\">\n<div class=\" a_m-h c_m--nf\"><span class=\"_db _pr\"><img decoding=\"async\" class=\"_re lazyload a_m-h\" height=\"311\" width=\"414\" src=\"https:\/\/analyse.optim.biz\/wp-content\/uploads\/2026\/01\/nkzk46qkofbylhcr2qhzmf7tuq.jpg\" loading=\"lazy\" title=\"nkzk46qkofbylhcr2qhzmf7tuq\"><\/span><\/div>\n<div class=\"nt\">\n<h3 class=\"nt_t\"><a href=\"https:\/\/elpais.com\/opinion\/2026-01-29\/cuando-cierra-la-ultima-tienda.html#?rel=mas\">Cuando cierra la \u00faltima tienda<\/a><\/h3>\n<div class=\"nt_a\"><a href=\"https:\/\/elpais.com\/autor\/delia-rodriguez-marin\/\" title=\"Ver todas las noticias de Delia Rodr\u00edguez\">Delia Rodr\u00edguez<\/a><\/div>\n<\/div>\n<\/li>\n<li class=\"_g _g-xs w-rel_n\">\n<div class=\" a_m-h c_m--nf\"><span class=\"_db _pr\"><img decoding=\"async\" class=\"_re lazyload a_m-h\" height=\"311\" width=\"414\" src=\"https:\/\/analyse.optim.biz\/wp-content\/uploads\/2026\/01\/u5mzs3eg2nlp3g37wquo4axhwi-1.jpg\" loading=\"lazy\" title=\"u5mzs3eg2nlp3g37wquo4axhwi-1\"><\/span><\/div>\n<div class=\"nt\">\n<h3 class=\"nt_t\"><a href=\"https:\/\/elpais.com\/opinion\/2026-01-29\/lo-de-vox-y-la-regularizacion-masiva-ni-uno-mas.html#?rel=mas\">Lo de Vox y la regularizaci\u00f3n masiva: ni uno m\u00e1s<\/a><\/h3>\n<div class=\"nt_a\"><a href=\"https:\/\/elpais.com\/autor\/manuel-viejo\/\" title=\"Ver todas las noticias de Manuel Viejo\">Manuel Viejo<\/a><\/div>\n<\/div>\n<\/li>\n<\/ul>\n<\/aside>\n<section class=\"w w-ae\" data-dtm-region=\"articulo_archivado-en\">\n<h2 class=\"w_t\">Archivado En<\/h2>\n<div class=\"w_b\">\n<ul class=\"w_ul w_ul--mh _df _ls\">\n<li><a href=\"https:\/\/elpais.com\/noticias\/opinion\/#?rel=arch\" rel=\"noopener noreferrer\">Opini\u00f3n<\/a><\/li>\n<li><a href=\"https:\/\/elpais.com\/noticias\/sociedad\/#?rel=arch\" rel=\"noopener noreferrer\">Sociedad<\/a><\/li>\n<li><a href=\"https:\/\/elpais.com\/noticias\/maternidad\/#?rel=arch\" rel=\"noopener noreferrer\">Maternidad<\/a><\/li>\n<li><a href=\"https:\/\/elpais.com\/noticias\/lactancia-materna\/#?rel=arch\" rel=\"noopener noreferrer\">Lactancia materna<\/a><\/li>\n<li><a href=\"https:\/\/elpais.com\/noticias\/crianza-hijos\/#?rel=arch\" rel=\"noopener noreferrer\">Crianza hijos<\/a><\/li>\n<li><a href=\"https:\/\/elpais.com\/noticias\/mujeres\/#?rel=arch\" rel=\"noopener noreferrer\">Mujeres<\/a><\/li>\n<li><a href=\"https:\/\/elpais.com\/noticias\/feminismo\/#?rel=arch\" rel=\"noopener noreferrer\">Feminismo<\/a><\/li>\n<li><a href=\"https:\/\/elpais.com\/noticias\/educacion\/#?rel=arch\" rel=\"noopener noreferrer\">Educaci\u00f3n<\/a><\/li>\n<li><a href=\"https:\/\/elpais.com\/noticias\/madres\/#?rel=arch\" rel=\"noopener noreferrer\">Madres<\/a><\/li>\n<li><a href=\"https:\/\/elpais.com\/noticias\/padres\/#?rel=arch\" rel=\"noopener noreferrer\">Padres<\/a><\/li>\n<li><a href=\"https:\/\/elpais.com\/noticias\/hijos\/#?rel=arch\" rel=\"noopener noreferrer\">Hijos<\/a><\/li>\n<li><a href=\"https:\/\/elpais.com\/noticias\/derechos-mujer\/#?rel=arch\" rel=\"noopener noreferrer\">Derechos mujer<\/a><\/li>\n<li><a href=\"https:\/\/elpais.com\/noticias\/machismo\/#?rel=arch\" rel=\"noopener noreferrer\">Machismo<\/a><\/li>\n<\/ul>\n<\/div>\n<\/section>\n<aside class=\"a_tp _df\">\n<div class=\"a_tp_txt\"><span class=\"a_tp_t\">Se adhiere a los criterios de<\/span><\/p>\n<figure class=\"a_m a_m-h c_m--nf\"><a class=\"a_tp_i _dib\" href=\"https:\/\/elpais.com\/estaticos\/que-es-the-trust-project\/\" target=\"_blank\" rel=\"noopener noreferrer nofollow\"><img decoding=\"async\" alt=\"The Trust Project\" class=\" lazyload a_m-h\" height=\"20\" width=\"117\" src=\"https:\/\/analyse.optim.biz\/wp-content\/uploads\/2026\/01\/the-trust-project-379.svg\" loading=\"lazy\" title=\"the-trust-project-379\"><\/a><\/figure>\n<p><a class=\"a_tp_mi\" href=\"https:\/\/elpais.com\/estaticos\/codigo-etico\/\" target=\"_blank\" rel=\"noopener noreferrer nofollow\">M\u00e1s informaci\u00f3n<\/a><\/div>\n<div class=\"a_tp_si\">Si est\u00e1 interesado en licenciar este contenido, pinche <a class=\"a_tp_si_l\" href=\"https:\/\/profesional.elpais.com\/soluciones-sindicacion\/?utm_medium=interno&amp;utm_source=crosslinking&amp;utm_campaign=sindicacion_ep_pie_articulos\" target=\"_blank\" rel=\"noopener noreferrer nofollow\">aqu\u00ed<\/a><\/div>\n<\/aside>\n<div class=\"a_o _pr\" data-dtm-region=\"articulo_right-rail\">\n<div id=\"elpais_gpt-MPU1\" data-adtype=\"MPU\" class=\"ad ad-mpu\"><span class=\"_dn\">_<\/span><\/div>\n<section class=\"w w-sc b_col\" data-dtm-region=\"articulo_ultimas-noticias\">\n<header class=\"w_h b_col_h\">\n<h3 class=\"w_t\"><a href=\"https:\/\/elpais.com\/ultimas-noticias\/\" rel=\"story-card-ultimas-noticias\">\u00daltimas noticias<\/a><\/h3>\n<\/header>\n<div class=\"w_b\">\n<article class=\"c  c--m-n   \" data-word=\"0\">\n<header class=\"c_h\"><time datetime=\"2026-01-29T17:44:31+01:00\" class=\"c_da\">17:44<\/time><\/p>\n<h2 class=\"c_t \"><a href=\"https:\/\/elpais.com\/espana\/madrid\/2026-01-29\/ayuso-no-acatara-la-orden-de-prohibir-la-entrada-a-menores-de-18-anos-a-las-corridas-de-toros.html\">Ayuso no acatar\u00e1 la orden de prohibir la entrada a menores de 18 a\u00f1os a las corridas de toros<\/a><\/h2>\n<\/header>\n<\/article>\n<article class=\"c  c--m-n   \" data-word=\"0\">\n<header class=\"c_h\"><time datetime=\"2026-01-29T17:42:11+01:00\" class=\"c_da\">17:42<\/time><\/p>\n<h2 class=\"c_t \"><a href=\"https:\/\/elpais.com\/sociedad\/2026-01-29\/la-fiscalia-investiga-la-administracion-de-vacunas-caducadas-a-103-personas-en-el-pais-vasco.html\">La Fiscal\u00eda investiga la administraci\u00f3n de vacunas caducadas a 103 personas en el Pa\u00eds Vasco<\/a><\/h2>\n<\/header>\n<\/article>\n<article class=\"c  c--m-n   \" data-word=\"0\">\n<header class=\"c_h\"><time datetime=\"2026-01-29T17:25:34+01:00\" class=\"c_da\">17:25<\/time><\/p>\n<h2 class=\"c_t \"><a href=\"https:\/\/elpais.com\/america\/2026-01-29\/joseph-oughourlian-debemos-defender-el-pensamiento-critico-y-la-verdad-cueste-lo-que-cueste.html\">Joseph Oughourlian: \u201cDebemos defender el pensamiento cr\u00edtico y la verdad, cueste lo que cueste\u201d<\/a><\/h2>\n<\/header>\n<\/article>\n<article class=\"c  c--m-n   \" data-word=\"0\">\n<header class=\"c_h\"><time datetime=\"2026-01-29T17:24:19+01:00\" class=\"c_da\">17:24<\/time><\/p>\n<h2 class=\"c_t \"><a href=\"https:\/\/elpais.com\/america\/2026-01-29\/el-segundo-dia-del-foro-economico-internacional-de-america-latina-y-el-caribe-en-imagenes.html\">El segundo d\u00eda del Foro Econ\u00f3mico Internacional de Am\u00e9rica Latina y el Caribe, en im\u00e1genes<\/a><\/h2>\n<\/header>\n<\/article>\n<\/div>\n<\/section>\n<aside class=\"w w-lmv\" data-dtm-region=\"articulo_lom\">\n<h2 class=\"w_t\"><a href=\"https:\/\/elpais.com\/lo-mas-visto\/\">Lo m\u00e1s visto<\/a><\/h2>\n<div class=\"w_b\">\n<ol class=\"_ls\">\n<li><a href=\"https:\/\/elpais.com\/economia\/2026-01-27\/trump-bendice-la-caida-del-dolar-va-muy-bien-miren-los-negocios-que-estamos-haciendo.html#?rel=lom\">Trump asegura que no le preocupa la ca\u00edda del d\u00f3lar: \u201cVa muy bien, miren los negocios que estamos haciendo\u201d<\/a><\/li>\n<li><a href=\"https:\/\/elpais.com\/internacional\/2026-01-28\/el-primer-ministro-groenlandes-la-casa-blanca-no-tiene-ni-idea-de-lo-que-es-groenlandia.html#?rel=lom\">El primer ministro groenland\u00e9s: \u201cLa Casa Blanca no tiene ni idea de lo que es Groenlandia\u201d<\/a><\/li>\n<li><a href=\"https:\/\/elpais.com\/espana\/catalunya\/2026-01-28\/el-traspaso-de-la-inmigracion-a-cataluna-se-abre-paso-junts-acepta-cambiar-el-preambulo-de-la-ley-que-rechazaba-podemos.html#?rel=lom\">El traspaso de la inmigraci\u00f3n a Catalu\u00f1a se abre paso: Junts acepta cambiar el pre\u00e1mbulo de la ley que rechazaba Podemos<\/a><\/li>\n<li><a href=\"https:\/\/elpais.com\/espana\/2026-01-27\/la-guardia-civil-investiga-a-un-hombre-por-robar-571-pinos-pinoneros-en-valladolid-y-utilizarlos-para-hacer-biomasa.html#?rel=lom\">La Guardia Civil investiga a un hombre por robar 571 pinos pi\u00f1oneros en Valladolid y utilizarlos para hacer biomasa<\/a><\/li>\n<li><a href=\"https:\/\/elpais.com\/internacional\/2026-01-28\/siete-jefes-de-estado-dejan-atras-las-diferencias-ideologicas-y-piden-una-integracion-latinoamericana.html#?rel=lom\">Siete jefes de Estado dejan atr\u00e1s las diferencias ideol\u00f3gicas y piden una integraci\u00f3n latinoamericana<\/a><\/li>\n<\/ol>\n<\/div>\n<\/aside>\n<\/div>\n<\/article>\n<article class=\"c  c--m-n   \" data-word=\"0\">\n<header class=\"c_h\"><time datetime=\"2026-01-29T17:44:31+01:00\" class=\"c_da\">17:44<\/time><\/p>\n<h2 class=\"c_t \"><a href=\"https:\/\/elpais.com\/espana\/madrid\/2026-01-29\/ayuso-no-acatara-la-orden-de-prohibir-la-entrada-a-menores-de-18-anos-a-las-corridas-de-toros.html\">Ayuso no acatar\u00e1 la orden de prohibir la entrada a menores de 18 a\u00f1os a las corridas de toros<\/a><\/h2>\n<\/header>\n<\/article>\n<article class=\"c  c--m-n   \" data-word=\"0\">\n<header class=\"c_h\"><time datetime=\"2026-01-29T17:42:11+01:00\" class=\"c_da\">17:42<\/time><\/p>\n<h2 class=\"c_t \"><a href=\"https:\/\/elpais.com\/sociedad\/2026-01-29\/la-fiscalia-investiga-la-administracion-de-vacunas-caducadas-a-103-personas-en-el-pais-vasco.html\">La Fiscal\u00eda investiga la administraci\u00f3n de vacunas caducadas a 103 personas en el Pa\u00eds Vasco<\/a><\/h2>\n<\/header>\n<\/article>\n<article class=\"c  c--m-n   \" data-word=\"0\">\n<header class=\"c_h\"><time datetime=\"2026-01-29T17:25:34+01:00\" class=\"c_da\">17:25<\/time><\/p>\n<h2 class=\"c_t \"><a href=\"https:\/\/elpais.com\/america\/2026-01-29\/joseph-oughourlian-debemos-defender-el-pensamiento-critico-y-la-verdad-cueste-lo-que-cueste.html\">Joseph Oughourlian: \u201cDebemos defender el pensamiento cr\u00edtico y la verdad, cueste lo que cueste\u201d<\/a><\/h2>\n<\/header>\n<\/article>\n<article class=\"c  c--m-n   \" data-word=\"0\">\n<header class=\"c_h\"><time datetime=\"2026-01-29T17:24:19+01:00\" class=\"c_da\">17:24<\/time><\/p>\n<h2 class=\"c_t \"><a href=\"https:\/\/elpais.com\/america\/2026-01-29\/el-segundo-dia-del-foro-economico-internacional-de-america-latina-y-el-caribe-en-imagenes.html\">El segundo d\u00eda del Foro Econ\u00f3mico Internacional de Am\u00e9rica Latina y el Caribe, en im\u00e1genes<\/a><\/h2>\n<\/header>\n<\/article>\n<p> Source URL: https:\/\/elpais.com\/opinion\/2026-01-29\/la-culpa-es-de-las-madres.html<\/p>\n","protected":false},"excerpt":{"rendered":"<p>COLUMNA Art\u00edculos estrictamente de opini\u00f3n que responden al estilo propio del autor. Estos textos de opini\u00f3n han de basarse en datos verificados y ser respetuosos con las personas aunque se critiquen sus actos. Todas las columnas de opini\u00f3n de personas ajenas a la Redacci\u00f3n de EL PA\u00cdS llevar\u00e1n, tras la \u00faltima l\u00ednea, un pie de [&hellip;]<\/p>\n","protected":false},"author":1,"featured_media":1543533,"comment_status":"open","ping_status":"","sticky":false,"template":"","format":"standard","meta":{"footnotes":""},"categories":[88],"tags":[92],"class_list":["post-1543532","post","type-post","status-publish","format-standard","has-post-thumbnail","hentry","category-spain","tag-elpais-com"],"_links":{"self":[{"href":"https:\/\/analyse.optim.biz\/index.php?rest_route=\/wp\/v2\/posts\/1543532","targetHints":{"allow":["GET"]}}],"collection":[{"href":"https:\/\/analyse.optim.biz\/index.php?rest_route=\/wp\/v2\/posts"}],"about":[{"href":"https:\/\/analyse.optim.biz\/index.php?rest_route=\/wp\/v2\/types\/post"}],"author":[{"embeddable":true,"href":"https:\/\/analyse.optim.biz\/index.php?rest_route=\/wp\/v2\/users\/1"}],"replies":[{"embeddable":true,"href":"https:\/\/analyse.optim.biz\/index.php?rest_route=%2Fwp%2Fv2%2Fcomments&post=1543532"}],"version-history":[{"count":0,"href":"https:\/\/analyse.optim.biz\/index.php?rest_route=\/wp\/v2\/posts\/1543532\/revisions"}],"wp:featuredmedia":[{"embeddable":true,"href":"https:\/\/analyse.optim.biz\/index.php?rest_route=\/wp\/v2\/media\/1543533"}],"wp:attachment":[{"href":"https:\/\/analyse.optim.biz\/index.php?rest_route=%2Fwp%2Fv2%2Fmedia&parent=1543532"}],"wp:term":[{"taxonomy":"category","embeddable":true,"href":"https:\/\/analyse.optim.biz\/index.php?rest_route=%2Fwp%2Fv2%2Fcategories&post=1543532"},{"taxonomy":"post_tag","embeddable":true,"href":"https:\/\/analyse.optim.biz\/index.php?rest_route=%2Fwp%2Fv2%2Ftags&post=1543532"}],"curies":[{"name":"wp","href":"https:\/\/api.w.org\/{rel}","templated":true}]}}