{"id":1543493,"date":"2026-01-28T19:16:54","date_gmt":"2026-01-28T16:16:54","guid":{"rendered":"https:\/\/analyse.optim.biz\/?p=1543493"},"modified":"2026-01-28T19:16:54","modified_gmt":"2026-01-28T16:16:54","slug":"minneapolis-canta-una-prudente-victoria-ante-la-desescalada-de-trump-que-renueva-sus-ataques-al-alcalde-de-la-ciudad-democrata","status":"publish","type":"post","link":"https:\/\/analyse.optim.biz\/?p=1543493","title":{"rendered":"Minneapolis canta una prudente victoria ante la desescalada de Trump, que renueva sus ataques al alcalde de la ciudad dem\u00f3crata"},"content":{"rendered":"<article id=\"main-content\" class=\"a _g _g-lg _g-o\">\n<header class=\"a_e _g _g-xs\">\n<div class=\"a_e_txt _df\">\n<div class=\"a_k _df\"><a class=\"a_k_n\" href=\"https:\/\/elpais.com\/noticias\/ice-servicio-control-inmigracion-aduanas\/\">ICE<\/a><\/div>\n<h1 class=\"a_t\">Minneapolis canta una prudente victoria ante la desescalada de Trump, que renueva sus ataques al alcalde de la ciudad dem\u00f3crata<\/h1>\n<p class=\"a_st\">\u201cFrey juega con fuego\u201d, dice el presidente. \u201cNo vamos a parar\u201d, responde uno de los l\u00edderes de la protesta. Convocada este viernes una manifestaci\u00f3n contra el ICE en todo el pa\u00eds<\/p>\n<\/div>\n<div class='\"ph-v_t\"'>Minneapolis intensifica las protestas contra ICE<\/div>\n<p>n      &#8220;}},&#8221;video_agency&#8221;:false,&#8221;alt_image&#8221;:&#8221;Minneapolis intensifica las protestas contra ICE&#8221;},&#8221;url&#8221;:&#8221;https:\/\/cloudfront-eu-central-1.images.arcpublishing.com\/prisa\/4JUBOQ5RKJOT7CN44THYD7LW6U.jpg&#8221;,&#8221;alt&#8221;:&#8221;Minneapolis intensifica las protestas contra ICE&#8221;,&#8221;ogWidth&#8221;:16,&#8221;ogHeight&#8221;:9,&#8221;floating&#8221;:false,&#8221;preset&#8221;:{&#8220;crops&#8221;:{&#8220;414w&#8221;:{&#8220;width&#8221;:414,&#8221;height&#8221;:233},&#8221;640w&#8221;:{&#8220;width&#8221;:828,&#8221;height&#8221;:466},&#8221;1000w&#8221;:{&#8220;width&#8221;:980,&#8221;height&#8221;:551},&#8221;1200w&#8221;:{&#8220;width&#8221;:1200,&#8221;height&#8221;:675}},&#8221;sizes&#8221;:&#8221;(min-width:1199px) 661px, (min-width: 1001px) calc((100vw &#8211; 385px)\/12*7 + 186px), (min-width:767px) 767px, 100vw&#8221;,&#8221;default&#8221;:&#8221;414w&#8221;},&#8221;resized_urls&#8221;:{&#8220;414&#215;0&#8243;:&#8221;wqtAXYZ14DNu1Nw4Vqjhrok_IKk=\/414&#215;0\/&#8221;,&#8221;640&#215;0&#8243;:&#8221;bE_OSelQ2GJyMvYKwO0hYqHSYhk=\/640&#215;0\/&#8221;,&#8221;1000&#215;0&#8243;:&#8221;KDLjFH0WMBUvdEZcNywuRYQUgwc=\/1000&#215;0\/&#8221;,&#8221;1200&#215;0&#8243;:&#8221;SnAAUztiAOW7dMnAtFpHdlLsJ1g=\/1200&#215;0\/&#8221;,&#8221;414&#215;414&#8243;:&#8221;LAF3mBkRpRu4wlrA9q-mxRRARLo=\/414&#215;414\/&#8221;,&#8221;640&#215;640&#8243;:&#8221;UqRPmZaVBjl3jrMwYcZoYbb1yv4=\/640&#215;640\/&#8221;,&#8221;1000&#215;1000&#8243;:&#8221;MyM-p3UwShHKn8KEVthqeY6vjCE=\/1000&#215;1000\/&#8221;,&#8221;1200&#215;1200&#8243;:&#8221;sLCSR7k4BCbcmpQWw58B3DsAiRw=\/1200&#215;1200\/&#8221;,&#8221;414&#215;311&#8243;:&#8221;mh-FVvnzNr7EU5USiRECCHbQ5rE=\/414&#215;311\/&#8221;,&#8221;640&#215;480&#8243;:&#8221;YK3WoosEaRwC-1RIETkDVZx3zi0=\/640&#215;480\/&#8221;,&#8221;1000&#215;750&#8243;:&#8221;Vj78S9iW87dp6hP-o0hL96CJsLs=\/1000&#215;750\/&#8221;,&#8221;1200&#215;900&#8243;:&#8221;hjR67NRY_0eYMdogfTQfJLjFSbQ=\/1200&#215;900\/&#8221;,&#8221;414&#215;233&#8243;:&#8221;oNX7sUlyMxfktgPHw-QZB8xd8Tg=\/414&#215;233\/&#8221;,&#8221;640&#215;360&#8243;:&#8221;qcnq0gkYmb-5j9ONohZbYrq_mMI=\/640&#215;360\/&#8221;,&#8221;1000&#215;563&#8243;:&#8221;h3wxkgmbMywTYVimNwFU8wRc5zk=\/1000&#215;563\/&#8221;,&#8221;1200&#215;675&#8243;:&#8221;AeNLfwjHFNonVqRS-e0kmgJSeV4=\/1200&#215;675\/&#8221;,&#8221;828&#215;0&#8243;:&#8221;x0-Ypzk5Pt29drEnJqXBMV0Zc08=\/828&#215;0\/&#8221;,&#8221;980&#215;0&#8243;:&#8221;cPCrSqW7JAeOU82dekTSbTlyvAY=\/980&#215;0\/&#8221;,&#8221;1960&#215;0&#8243;:&#8221;CiWvxp4vzMc2jpLsNtoXHo1hMP4=\/1960&#215;0\/&#8221;,&#8221;828&#215;828&#8243;:&#8221;lt52GFSM2sTX3-skhls2E9euOcc=\/828&#215;828\/&#8221;,&#8221;980&#215;980&#8243;:&#8221;NLlmCdAy3mzVVXAqzKtJV07Sywo=\/980&#215;980\/&#8221;,&#8221;1960&#215;1960&#8243;:&#8221;WPy62FWSAaM0kV1MiGOBPATsp0c=\/1960&#215;1960\/&#8221;,&#8221;828&#215;621&#8243;:&#8221;cJkoW8_ucev6soH8vy3ra4DFIZw=\/828&#215;621\/&#8221;,&#8221;980&#215;735&#8243;:&#8221;6KCsXV4ghU0Z29vYezIMgDq8eRM=\/980&#215;735\/&#8221;,&#8221;1960&#215;1470&#8243;:&#8221;Gtsoxwf8XIEPOq3oZGzvZVHOGPk=\/1960&#215;1470\/&#8221;,&#8221;828&#215;466&#8243;:&#8221;Lhe_ZdKBbir53YNqfjpEgYFnqzI=\/828&#215;466\/&#8221;,&#8221;980&#215;551&#8243;:&#8221;WOKdtxT0aHrj2DKE2eFBNH_Sl6o=\/980&#215;551\/&#8221;,&#8221;1960&#215;1103&#8243;:&#8221;AtJp7toXDEK5pLs8nSp5MKzTVBo=\/1960&#215;1103\/&#8221;,&#8221;146&#215;110&#8243;:&#8221;iCv1wLagpL6CN31S0z3OduxHr8g=\/146&#215;110\/&#8221;,&#8221;292&#215;219&#8243;:&#8221;R1pDOeoQlTVkHQ9QDf6SvWrsSTQ=\/292&#215;219\/&#8221;,&#8221;290&#215;290&#8243;:&#8221;bCoNzIUROWZ9ATBAfJkE0tnkbt4=\/290&#215;290\/&#8221;,&#8221;145&#215;145&#8243;:&#8221;c2au81mwHVPhDWqIqv-a5xPaRYs=\/145&#215;145\/&#8221;,&#8221;100&#215;100&#8243;:&#8221;F_7fMSFmg3duuFXpVAnLrpFkY6w=\/100&#215;100\/&#8221;,&#8221;80&#215;80&#8243;:&#8221;9RkgL9Q75B5iHIj5_fS3oxTFDEs=\/80&#215;80\/&#8221;,&#8221;117&#215;20&#8243;:&#8221;0qQUgDPKK1PmX84o0arcTzYYVGk=\/117&#215;20\/&#8221;,&#8221;35&#215;35&#8243;:&#8221;1V1QBSCe6LS9Bd9ijX5WIh33dVI=\/35&#215;35\/&#8221;,&#8221;643&#215;361&#8243;:&#8221;PXMjzAIwgRU3_sWGZ13IrR1bLpI=\/643&#215;361\/&#8221;,&#8221;1286&#215;722&#8243;:&#8221;qKHfPGtmUnnj_8qRYP5bGkdiQjQ=\/1286&#215;722\/&#8221;,&#8221;180&#215;180&#8243;:&#8221;9_wfJgQs7dyjYkT0Ze-Ggsm7miA=\/180&#215;180\/&#8221;,&#8221;300&#215;300&#8243;:&#8221;nzghDL8uWcIZtDSf8Xw33gOUdhU=\/300&#215;300\/&#8221;,&#8221;260&#215;390&#8243;:&#8221;yQIHg6HReptAEJN5pZOF25U82CI=\/260&#215;390\/&#8221;,&#8221;400&#215;600&#8243;:&#8221;L6v9oMmCjI-I5NKqB-upUJ83h1w=\/400&#215;600\/&#8221;,&#8221;220&#215;220&#8243;:&#8221;-zzf9e0Y7z2rKb9cCqYjDKKAZaA=\/220&#215;220\/&#8221;,&#8221;440&#215;440&#8243;:&#8221;v-NDJv1Ua1UOeHeSNH1zt6crHvI=\/440&#215;440\/&#8221;,&#8221;660&#215;660&#8243;:&#8221;N_G5P2vGlTQJHA3ukjKZnB1iPTg=\/660&#215;660\/&#8221;},&#8221;resized_urls_v2&#8243;:{&#8220;414&#215;0&#8243;:&#8221;\/4JUBOQ5RKJOT7CN44THYD7LW6U.jpg?auth=c0abb5f5c28c75aaca8e9c3d8ba6be1f74656cfca8d33a23111465eb57fde106&amp;width=414&#8243;,&#8221;640&#215;0&#8243;:&#8221;\/4JUBOQ5RKJOT7CN44THYD7LW6U.jpg?auth=c0abb5f5c28c75aaca8e9c3d8ba6be1f74656cfca8d33a23111465eb57fde106&amp;width=640&#8243;,&#8221;1000&#215;0&#8243;:&#8221;\/4JUBOQ5RKJOT7CN44THYD7LW6U.jpg?auth=c0abb5f5c28c75aaca8e9c3d8ba6be1f74656cfca8d33a23111465eb57fde106&amp;width=1000&#8243;,&#8221;1200&#215;0&#8243;:&#8221;\/4JUBOQ5RKJOT7CN44THYD7LW6U.jpg?auth=c0abb5f5c28c75aaca8e9c3d8ba6be1f74656cfca8d33a23111465eb57fde106&amp;width=1200&#8243;,&#8221;414&#215;414&#8243;:&#8221;\/4JUBOQ5RKJOT7CN44THYD7LW6U.jpg?auth=c0abb5f5c28c75aaca8e9c3d8ba6be1f74656cfca8d33a23111465eb57fde106&amp;width=414&amp;height=414&amp;smart=true&#8221;,&#8221;640&#215;640&#8243;:&#8221;\/4JUBOQ5RKJOT7CN44THYD7LW6U.jpg?auth=c0abb5f5c28c75aaca8e9c3d8ba6be1f74656cfca8d33a23111465eb57fde106&amp;width=640&amp;height=640&amp;smart=true&#8221;,&#8221;1000&#215;1000&#8243;:&#8221;\/4JUBOQ5RKJOT7CN44THYD7LW6U.jpg?auth=c0abb5f5c28c75aaca8e9c3d8ba6be1f74656cfca8d33a23111465eb57fde106&amp;width=1000&amp;height=1000&amp;smart=true&#8221;,&#8221;1200&#215;1200&#8243;:&#8221;\/4JUBOQ5RKJOT7CN44THYD7LW6U.jpg?auth=c0abb5f5c28c75aaca8e9c3d8ba6be1f74656cfca8d33a23111465eb57fde106&amp;width=1200&amp;height=1200&amp;smart=true&#8221;,&#8221;414&#215;311&#8243;:&#8221;\/4JUBOQ5RKJOT7CN44THYD7LW6U.jpg?auth=c0abb5f5c28c75aaca8e9c3d8ba6be1f74656cfca8d33a23111465eb57fde106&amp;width=414&amp;height=311&amp;smart=true&#8221;,&#8221;640&#215;480&#8243;:&#8221;\/4JUBOQ5RKJOT7CN44THYD7LW6U.jpg?auth=c0abb5f5c28c75aaca8e9c3d8ba6be1f74656cfca8d33a23111465eb57fde106&amp;width=640&amp;height=480&amp;smart=true&#8221;,&#8221;1000&#215;750&#8243;:&#8221;\/4JUBOQ5RKJOT7CN44THYD7LW6U.jpg?auth=c0abb5f5c28c75aaca8e9c3d8ba6be1f74656cfca8d33a23111465eb57fde106&amp;width=1000&amp;height=750&amp;smart=true&#8221;,&#8221;1200&#215;900&#8243;:&#8221;\/4JUBOQ5RKJOT7CN44THYD7LW6U.jpg?auth=c0abb5f5c28c75aaca8e9c3d8ba6be1f74656cfca8d33a23111465eb57fde106&amp;width=1200&amp;height=900&amp;smart=true&#8221;,&#8221;414&#215;233&#8243;:&#8221;\/4JUBOQ5RKJOT7CN44THYD7LW6U.jpg?auth=c0abb5f5c28c75aaca8e9c3d8ba6be1f74656cfca8d33a23111465eb57fde106&amp;width=414&amp;height=233&amp;smart=true&#8221;,&#8221;640&#215;360&#8243;:&#8221;\/4JUBOQ5RKJOT7CN44THYD7LW6U.jpg?auth=c0abb5f5c28c75aaca8e9c3d8ba6be1f74656cfca8d33a23111465eb57fde106&amp;width=640&amp;height=360&amp;smart=true&#8221;,&#8221;1000&#215;563&#8243;:&#8221;\/4JUBOQ5RKJOT7CN44THYD7LW6U.jpg?auth=c0abb5f5c28c75aaca8e9c3d8ba6be1f74656cfca8d33a23111465eb57fde106&amp;width=1000&amp;height=563&amp;smart=true&#8221;,&#8221;1200&#215;675&#8243;:&#8221;\/4JUBOQ5RKJOT7CN44THYD7LW6U.jpg?auth=c0abb5f5c28c75aaca8e9c3d8ba6be1f74656cfca8d33a23111465eb57fde106&amp;width=1200&amp;height=675&amp;smart=true&#8221;,&#8221;828&#215;0&#8243;:&#8221;\/4JUBOQ5RKJOT7CN44THYD7LW6U.jpg?auth=c0abb5f5c28c75aaca8e9c3d8ba6be1f74656cfca8d33a23111465eb57fde106&amp;width=828&#8243;,&#8221;980&#215;0&#8243;:&#8221;\/4JUBOQ5RKJOT7CN44THYD7LW6U.jpg?auth=c0abb5f5c28c75aaca8e9c3d8ba6be1f74656cfca8d33a23111465eb57fde106&amp;width=980&#8243;,&#8221;1960&#215;0&#8243;:&#8221;\/4JUBOQ5RKJOT7CN44THYD7LW6U.jpg?auth=c0abb5f5c28c75aaca8e9c3d8ba6be1f74656cfca8d33a23111465eb57fde106&amp;width=1960&#8243;,&#8221;828&#215;828&#8243;:&#8221;\/4JUBOQ5RKJOT7CN44THYD7LW6U.jpg?auth=c0abb5f5c28c75aaca8e9c3d8ba6be1f74656cfca8d33a23111465eb57fde106&amp;width=828&amp;height=828&amp;smart=true&#8221;,&#8221;980&#215;980&#8243;:&#8221;\/4JUBOQ5RKJOT7CN44THYD7LW6U.jpg?auth=c0abb5f5c28c75aaca8e9c3d8ba6be1f74656cfca8d33a23111465eb57fde106&amp;width=980&amp;height=980&amp;smart=true&#8221;,&#8221;1960&#215;1960&#8243;:&#8221;\/4JUBOQ5RKJOT7CN44THYD7LW6U.jpg?auth=c0abb5f5c28c75aaca8e9c3d8ba6be1f74656cfca8d33a23111465eb57fde106&amp;width=1960&amp;height=1960&amp;smart=true&#8221;,&#8221;828&#215;621&#8243;:&#8221;\/4JUBOQ5RKJOT7CN44THYD7LW6U.jpg?auth=c0abb5f5c28c75aaca8e9c3d8ba6be1f74656cfca8d33a23111465eb57fde106&amp;width=828&amp;height=621&amp;smart=true&#8221;,&#8221;980&#215;735&#8243;:&#8221;\/4JUBOQ5RKJOT7CN44THYD7LW6U.jpg?auth=c0abb5f5c28c75aaca8e9c3d8ba6be1f74656cfca8d33a23111465eb57fde106&amp;width=980&amp;height=735&amp;smart=true&#8221;,&#8221;1960&#215;1470&#8243;:&#8221;\/4JUBOQ5RKJOT7CN44THYD7LW6U.jpg?auth=c0abb5f5c28c75aaca8e9c3d8ba6be1f74656cfca8d33a23111465eb57fde106&amp;width=1960&amp;height=1470&amp;smart=true&#8221;,&#8221;828&#215;466&#8243;:&#8221;\/4JUBOQ5RKJOT7CN44THYD7LW6U.jpg?auth=c0abb5f5c28c75aaca8e9c3d8ba6be1f74656cfca8d33a23111465eb57fde106&amp;width=828&amp;height=466&amp;smart=true&#8221;,&#8221;980&#215;551&#8243;:&#8221;\/4JUBOQ5RKJOT7CN44THYD7LW6U.jpg?auth=c0abb5f5c28c75aaca8e9c3d8ba6be1f74656cfca8d33a23111465eb57fde106&amp;width=980&amp;height=551&amp;smart=true&#8221;,&#8221;1960&#215;1103&#8243;:&#8221;\/4JUBOQ5RKJOT7CN44THYD7LW6U.jpg?auth=c0abb5f5c28c75aaca8e9c3d8ba6be1f74656cfca8d33a23111465eb57fde106&amp;width=1960&amp;height=1103&amp;smart=true&#8221;,&#8221;146&#215;110&#8243;:&#8221;\/4JUBOQ5RKJOT7CN44THYD7LW6U.jpg?auth=c0abb5f5c28c75aaca8e9c3d8ba6be1f74656cfca8d33a23111465eb57fde106&amp;width=146&amp;height=110&amp;smart=true&#8221;,&#8221;292&#215;219&#8243;:&#8221;\/4JUBOQ5RKJOT7CN44THYD7LW6U.jpg?auth=c0abb5f5c28c75aaca8e9c3d8ba6be1f74656cfca8d33a23111465eb57fde106&amp;width=292&amp;height=219&amp;smart=true&#8221;,&#8221;290&#215;290&#8243;:&#8221;\/4JUBOQ5RKJOT7CN44THYD7LW6U.jpg?auth=c0abb5f5c28c75aaca8e9c3d8ba6be1f74656cfca8d33a23111465eb57fde106&amp;width=290&amp;height=290&amp;smart=true&#8221;,&#8221;145&#215;145&#8243;:&#8221;\/4JUBOQ5RKJOT7CN44THYD7LW6U.jpg?auth=c0abb5f5c28c75aaca8e9c3d8ba6be1f74656cfca8d33a23111465eb57fde106&amp;width=145&amp;height=145&amp;smart=true&#8221;,&#8221;100&#215;100&#8243;:&#8221;\/4JUBOQ5RKJOT7CN44THYD7LW6U.jpg?auth=c0abb5f5c28c75aaca8e9c3d8ba6be1f74656cfca8d33a23111465eb57fde106&amp;width=100&amp;height=100&amp;smart=true&#8221;,&#8221;80&#215;80&#8243;:&#8221;\/4JUBOQ5RKJOT7CN44THYD7LW6U.jpg?auth=c0abb5f5c28c75aaca8e9c3d8ba6be1f74656cfca8d33a23111465eb57fde106&amp;width=80&amp;height=80&amp;smart=true&#8221;,&#8221;117&#215;20&#8243;:&#8221;\/4JUBOQ5RKJOT7CN44THYD7LW6U.jpg?auth=c0abb5f5c28c75aaca8e9c3d8ba6be1f74656cfca8d33a23111465eb57fde106&amp;width=117&amp;height=20&amp;smart=true&#8221;,&#8221;35&#215;35&#8243;:&#8221;\/4JUBOQ5RKJOT7CN44THYD7LW6U.jpg?auth=c0abb5f5c28c75aaca8e9c3d8ba6be1f74656cfca8d33a23111465eb57fde106&amp;width=35&amp;height=35&amp;smart=true&#8221;,&#8221;643&#215;361&#8243;:&#8221;\/4JUBOQ5RKJOT7CN44THYD7LW6U.jpg?auth=c0abb5f5c28c75aaca8e9c3d8ba6be1f74656cfca8d33a23111465eb57fde106&amp;width=643&amp;height=361&amp;smart=true&#8221;,&#8221;1286&#215;722&#8243;:&#8221;\/4JUBOQ5RKJOT7CN44THYD7LW6U.jpg?auth=c0abb5f5c28c75aaca8e9c3d8ba6be1f74656cfca8d33a23111465eb57fde106&amp;width=1286&amp;height=722&amp;smart=true&#8221;,&#8221;180&#215;180&#8243;:&#8221;\/4JUBOQ5RKJOT7CN44THYD7LW6U.jpg?auth=c0abb5f5c28c75aaca8e9c3d8ba6be1f74656cfca8d33a23111465eb57fde106&amp;width=180&amp;height=180&amp;smart=true&#8221;,&#8221;300&#215;300&#8243;:&#8221;\/4JUBOQ5RKJOT7CN44THYD7LW6U.jpg?auth=c0abb5f5c28c75aaca8e9c3d8ba6be1f74656cfca8d33a23111465eb57fde106&amp;width=300&amp;height=300&amp;smart=true&#8221;,&#8221;260&#215;390&#8243;:&#8221;\/4JUBOQ5RKJOT7CN44THYD7LW6U.jpg?auth=c0abb5f5c28c75aaca8e9c3d8ba6be1f74656cfca8d33a23111465eb57fde106&amp;width=260&amp;height=390&amp;smart=true&#8221;,&#8221;400&#215;600&#8243;:&#8221;\/4JUBOQ5RKJOT7CN44THYD7LW6U.jpg?auth=c0abb5f5c28c75aaca8e9c3d8ba6be1f74656cfca8d33a23111465eb57fde106&amp;width=400&amp;height=600&amp;smart=true&#8221;,&#8221;220&#215;220&#8243;:&#8221;\/4JUBOQ5RKJOT7CN44THYD7LW6U.jpg?auth=c0abb5f5c28c75aaca8e9c3d8ba6be1f74656cfca8d33a23111465eb57fde106&amp;width=220&amp;height=220&amp;smart=true&#8221;,&#8221;440&#215;440&#8243;:&#8221;\/4JUBOQ5RKJOT7CN44THYD7LW6U.jpg?auth=c0abb5f5c28c75aaca8e9c3d8ba6be1f74656cfca8d33a23111465eb57fde106&amp;width=440&amp;height=440&amp;smart=true&#8221;,&#8221;660&#215;660&#8243;:&#8221;\/4JUBOQ5RKJOT7CN44THYD7LW6U.jpg?auth=c0abb5f5c28c75aaca8e9c3d8ba6be1f74656cfca8d33a23111465eb57fde106&amp;width=660&amp;height=660&amp;smart=true&#8221;}});<\/p>\n<div class=\"videoTop videoTop-v\">\n<div id=\"video_20260128113551421\">\n<div class=\"videoTop videoTop-ph\" id=\"ph_video_20260128113551421\">\n<div role=\"button\" class=\"posicionador\" aria-label=\"Reproducir v\u00eddeo\"><img loading=\"lazy\" decoding=\"async\" class=\"_re lazyload a_m-h\" height=\"233\" width=\"414\" src=\"https:\/\/analyse.optim.biz\/wp-content\/uploads\/2026\/01\/4juboq5rkjot7cn44thyd7lw6u-1.jpg\" title=\"4juboq5rkjot7cn44thyd7lw6u-1\"><\/p>\n<div class=\"_pa _df ph-v_b\">\n<div class=\"_df ph-v_c\">\n<div class=\"ph-v_d _dib\">01:20<\/div>\n<div class=\"ph-v_t\">Minneapolis intensifica las protestas contra ICE<\/div>\n<\/div>\n<\/div>\n<\/div>\n<\/div>\n<\/div>\n<\/div><figcaption class=\"a_m_p\">Manifestaci\u00f3n este martes por la noche contra el ICE en Minneapolis. <span class=\"a_m_m\"><span>Foto:<\/span>Europa Press | <span>V\u00eddeo:<\/span>EPV<\/span><\/figcaption><\/header>\n<div class=\"a_md _g _g-xs \">\n<figure class=\"a_md_i a_m-h c_m--nf\"><span class=\"a_m_w _db\"><img decoding=\"async\" alt=\"Iker Seisdedos\" class=\"_re lazyload a_m-h\" height=\"100\" width=\"100\" src=\"https:\/\/analyse.optim.biz\/wp-content\/uploads\/2026\/01\/https3a2f2fauthor-service-images-prod-us-east-1-publishing-aws_-arc_-pub2fprisa2f55d90429-2300-44ec-be26-6c4d252e2e83-7.jpg\" loading=\"lazy\" title=\"https3a2f2fauthor-service-images-prod-us-east-1-publishing-aws_-arc_-pub2fprisa2f55d90429-2300-44ec-be26-6c4d252e2e83-7\"><\/span><\/figure>\n<div class=\"a_md_txt\">\n<div class=\"a_md_a\" data-dtm-region=\"articulo_firma\"><a href=\"https:\/\/elpais.com\/autor\/iker-seisdedos\/#?rel=author_top\" title=\"Ver todas las noticias de Iker Seisdedos\" class=\"a_md_a_n\">Iker Seisdedos<\/a><\/div>\n<div class=\"a_md_f\"><span>Minneapolis &#8211; <a href=\"https:\/\/elpais.com\/hemeroteca\/2026-01-28\/\" data-date=\"2026-01-28T20:16:54+01:00\"><time data-date=\"2026-01-28T20:16:54+01:00\" datetime=\"2026-01-28T20:16:54+01:00\" id=\"article_date_p\">28 ene 2026 &#8211; 20:16<abbr title=\"Central European Time\">CET<\/abbr><\/time><\/a><\/span><\/div>\n<div class=\"w_rs\" data-dtm-region=\"articulo_botonera-social\">\n<div class=\"w_rs_i\"><a class=\"_btn hidden\" href=\"\/\/send?text=Minneapolis%20canta%20una%20prudente%20victoria%20ante%20la%20desescalada%20de%20Trump%2C%20que%20renueva%20sus%20ataques%20al%20alcalde%20de%20la%20ciudad%20dem%C3%B3crata%0D%0A%0D%0Ahttps%3A%2F%2Felpais.com%2Fus%2Fmigracion%2F2026-01-28%2Fminneapolis-canta-una-prudente-victoria-ante-la-desescalada-de-trump-que-renueva-sus-ataques-al-alcalde-de-la-ciudad-democrata.html%3Fssm=whatsapp_CC\" data-action=\"share\/whatsapp\/share\" data-param-description=\"Minneapolis canta una prudente victoria ante la desescalada de Trump, que renueva sus ataques al alcalde de la ciudad dem\u00f3crata\" data-param-href=\"https:\/\/elpais.com\/us\/migracion\/2026-01-28\/minneapolis-canta-una-prudente-victoria-ante-la-desescalada-de-trump-que-renueva-sus-ataques-al-alcalde-de-la-ciudad-democrata.html\" data-param-text=\"Minneapolis canta una prudente victoria ante la desescalada de Trump, que renueva sus ataques al alcalde de la ciudad dem\u00f3crata https:\/\/elpais.com\/us\/migracion\/2026-01-28\/minneapolis-canta-una-prudente-victoria-ante-la-desescalada-de-trump-que-renueva-sus-ataques-al-alcalde-de-la-ciudad-democrata.html\" data-param-url=\"https:\/\/elpais.com\/us\/migracion\/2026-01-28\/minneapolis-canta-una-prudente-victoria-ante-la-desescalada-de-trump-que-renueva-sus-ataques-al-alcalde-de-la-ciudad-democrata.html\" target=\"_blank\" rel=\"noopener noreferrer\" data-share-track-dtm=\"whatsapp\" id=\"btn_share_whatsapp_952\"><span class=\"_sr\">Compartir en Whatsapp<\/span><\/a><\/div>\n<div class=\"w_rs_i\"><a class=\"_btn \" href=\"https:\/\/www.facebook.com\/dialog\/share?display=popup&amp;app_id=94039431626&amp;href=https%3A%2F%2Felpais.com%2Fus%2Fmigracion%2F2026-01-28%2Fminneapolis-canta-una-prudente-victoria-ante-la-desescalada-de-trump-que-renueva-sus-ataques-al-alcalde-de-la-ciudad-democrata.html%3Fssm=FB_CC&amp;quote=Minneapolis%20canta%20una%20prudente%20victoria%20ante%20la%20desescalada%20de%20Trump%2C%20que%20renueva%20sus%20ataques%20al%20alcalde%20de%20la%20ciudad%20dem%C3%B3crata\" data-param-app_id=\"94039431626\" data-param-description=\"Minneapolis canta una prudente victoria ante la desescalada de Trump, que renueva sus ataques al alcalde de la ciudad dem\u00f3crata\" data-param-href=\"https:\/\/elpais.com\/us\/migracion\/2026-01-28\/minneapolis-canta-una-prudente-victoria-ante-la-desescalada-de-trump-que-renueva-sus-ataques-al-alcalde-de-la-ciudad-democrata.html\" data-param-text=\"Minneapolis canta una prudente victoria ante la desescalada de Trump, que renueva sus ataques al alcalde de la ciudad dem\u00f3crata\" data-param-url=\"https:\/\/elpais.com\/us\/migracion\/2026-01-28\/minneapolis-canta-una-prudente-victoria-ante-la-desescalada-de-trump-que-renueva-sus-ataques-al-alcalde-de-la-ciudad-democrata.html\" target=\"_blank\" rel=\"noopener noreferrer\" data-share-track-dtm=\"facebook\" id=\"btn_share_facebook_952\"><span class=\"_sr\">Compartir en Facebook<\/span><\/a><\/div>\n<div class=\"w_rs_i\"><a class=\"_btn \" href=\"https:\/\/twitter.com\/intent\/tweet?url=https%3A%2F%2Felpais.com%2Fus%2Fmigracion%2F2026-01-28%2Fminneapolis-canta-una-prudente-victoria-ante-la-desescalada-de-trump-que-renueva-sus-ataques-al-alcalde-de-la-ciudad-democrata.html%3Fssm=TW_CC&amp;text=Minneapolis%20canta%20una%20prudente%20victoria%20ante%20la%20desescalada%20de%20Trump%2C%20que%20renueva%20sus%20ataques%20al%20alcalde%20de%20la%20ciudad%20dem%C3%B3crata&amp;via=el_pais&amp;lang=es\" data-param-description=\"Minneapolis canta una prudente victoria ante la desescalada de Trump, que renueva sus ataques al alcalde de la ciudad dem\u00f3crata\" data-param-href=\"https:\/\/elpais.com\/us\/migracion\/2026-01-28\/minneapolis-canta-una-prudente-victoria-ante-la-desescalada-de-trump-que-renueva-sus-ataques-al-alcalde-de-la-ciudad-democrata.html\" data-param-text=\"Minneapolis canta una prudente victoria ante la desescalada de Trump, que renueva sus ataques al alcalde de la ciudad dem\u00f3crata via @el_pais\" data-param-url=\"https:\/\/elpais.com\/us\/migracion\/2026-01-28\/minneapolis-canta-una-prudente-victoria-ante-la-desescalada-de-trump-que-renueva-sus-ataques-al-alcalde-de-la-ciudad-democrata.html\" target=\"_blank\" rel=\"noopener noreferrer\" data-share-track-dtm=\"twitter\" id=\"btn_share_twitter_952\"><span class=\"_sr\">Compartir en Twitter<\/span><\/a><\/div>\n<div class=\"w_rs_i\"><a class=\"_btn \" href=\"https:\/\/bsky.app\/intent\/compose?text=https%3A%2F%2Felpais.com%2Fus%2Fmigracion%2F2026-01-28%2Fminneapolis-canta-una-prudente-victoria-ante-la-desescalada-de-trump-que-renueva-sus-ataques-al-alcalde-de-la-ciudad-democrata.html%3Fssm=bsky_CC\" data-param-description=\"Minneapolis canta una prudente victoria ante la desescalada de Trump, que renueva sus ataques al alcalde de la ciudad dem\u00f3crata\" data-param-href=\"https:\/\/elpais.com\/us\/migracion\/2026-01-28\/minneapolis-canta-una-prudente-victoria-ante-la-desescalada-de-trump-que-renueva-sus-ataques-al-alcalde-de-la-ciudad-democrata.html\" data-param-text=\"Minneapolis canta una prudente victoria ante la desescalada de Trump, que renueva sus ataques al alcalde de la ciudad dem\u00f3crata\" data-param-url=\"https:\/\/elpais.com\/us\/migracion\/2026-01-28\/minneapolis-canta-una-prudente-victoria-ante-la-desescalada-de-trump-que-renueva-sus-ataques-al-alcalde-de-la-ciudad-democrata.html\" target=\"_blank\" rel=\"noopener noreferrer\" data-share-track-dtm=\"bluesky\" id=\"btn_share_bluesky_952\"><span class=\"_sr\">Compartir en Bluesky<\/span><\/a><\/div>\n<div class=\"w_rs_i\"><a class=\"_btn \" href=\"https:\/\/www.linkedin.com\/sharing\/share-offsite\/?url=https%3A%2F%2Felpais.com%2Fus%2Fmigracion%2F2026-01-28%2Fminneapolis-canta-una-prudente-victoria-ante-la-desescalada-de-trump-que-renueva-sus-ataques-al-alcalde-de-la-ciudad-democrata.html%3Fssm=LK_CC\" data-param-description=\"Minneapolis canta una prudente victoria ante la desescalada de Trump, que renueva sus ataques al alcalde de la ciudad dem\u00f3crata\" data-param-href=\"https:\/\/elpais.com\/us\/migracion\/2026-01-28\/minneapolis-canta-una-prudente-victoria-ante-la-desescalada-de-trump-que-renueva-sus-ataques-al-alcalde-de-la-ciudad-democrata.html\" data-param-text=\"Minneapolis canta una prudente victoria ante la desescalada de Trump, que renueva sus ataques al alcalde de la ciudad dem\u00f3crata\" data-param-url=\"https:\/\/elpais.com\/us\/migracion\/2026-01-28\/minneapolis-canta-una-prudente-victoria-ante-la-desescalada-de-trump-que-renueva-sus-ataques-al-alcalde-de-la-ciudad-democrata.html\" target=\"_blank\" rel=\"noopener noreferrer\" data-share-track-dtm=\"linkedin\" id=\"btn_share_linkedin_952\"><span class=\"_sr\">Compartir en Linkedin<\/span><\/a><\/div>\n<div class=\"w_rs_i\"><a class=\"_btn rs_l\" href=\"https:\/\/elpais.com\/us\/migracion\/2026-01-28\/minneapolis-canta-una-prudente-victoria-ante-la-desescalada-de-trump-que-renueva-sus-ataques-al-alcalde-de-la-ciudad-democrata.html#?prm=copy_link\" data-share-track-dtm=\"copiar_url\" id=\"btn_share_link_25\"><span class=\"_sr\">Copiar enlace<\/span><\/a><\/div>\n<div class=\"w_rs_i\"><a class=\"_btn rs_c\" href=\"https:\/\/elpais.com\/us\/migracion\/2026-01-28\/minneapolis-canta-una-prudente-victoria-ante-la-desescalada-de-trump-que-renueva-sus-ataques-al-alcalde-de-la-ciudad-democrata.html#comments_container\" aria-expanded=\"false\" aria-controls=\"me-c\" data-share-track-dtm=\"eskup\" id=\"btn_share_comments_25\"><span class=\"_sr\">Ir a los comentarios<\/span><\/a><\/div>\n<\/div>\n<\/div>\n<\/div>\n<div class=\"a_c clearfix\" data-dtm-region=\"articulo_cuerpo\">\n<p class>Las se\u00f1ales de que Donald Trump y su Administraci\u00f3n est\u00e1n dispuestos a \u201cdesascalar un poco\u201d, <a href=\"https:\/\/elpais.com\/us\/migracion\/2026-01-27\/trump-pide-ahora-una-investigacion-honrada-sobre-la-muerte-de-pretti-en-minneapolis-y-dice-que-ama-a-su-familia.html\" target=\"_blank\" rel=\"noreferrer\" title=\"https:\/\/elpais.com\/us\/migracion\/2026-01-27\/trump-pide-ahora-una-investigacion-honrada-sobre-la-muerte-de-pretti-en-minneapolis-y-dice-que-ama-a-su-familia.html\">como dijo el martes el propio Trump,<\/a> invitaron a un cauto optimismo en las calles de Minneapolis, donde la semana que viene se cumplen dos meses del despliegue de 3.000 agentes federal en una operaci\u00f3n antiinmigraci\u00f3n sin precedentes. La <i>ocupaci\u00f3n<\/i> ha desatado una resistencia ciudadana que ha cogido por sorpresa a la Casa Blanca. <\/p>\n<p class>No es solo porque Trump afirmara a Fox News que \u201cno se trata de una retirada\u201d, sino de \u201cun peque\u00f1o cambio\u201d. O de que el presidente de Estados Unidos haya batido en los \u00faltimos tiempos nuevas marcas de imprevisibilidad, incluso para un campe\u00f3n de la mentira como \u00e9l. Es tambi\u00e9n porque la ciudad m\u00e1s poblada del Estado dem\u00f3crata de Minnesota amaneci\u00f3 este mi\u00e9rcoles con un nuevo pulso entre el alcalde, Jacob Frey, y Trump, as\u00ed como con nuevas promesas de los miles de vecinos implicados en la protesta de seguir plantando cara a los federales.<\/p>\n<p class>El d\u00eda anterior, hab\u00eda sido el primero de Tom Homan, \u201czar de la frontera\u201d de la Casa Blanca, al mando sobre el terreno, despu\u00e9s de que el presidente decidiera enviarlo a \u00e9l y apartar <a href=\"https:\/\/elpais.com\/us\/migracion\/2026-01-28\/la-administracion-trump-silencia-a-gregory-bovino-en-las-redes-sociales.html\" target=\"_blank\" rel=\"noreferrer\" title=\"https:\/\/elpais.com\/us\/migracion\/2026-01-28\/la-administracion-trump-silencia-a-gregory-bovino-en-las-redes-sociales.html\">al pol\u00e9mico jefe de la Patrulla Fronteriza, Greg Bovino, al que, por si fuera poca la humillaci\u00f3n, silenciaron en las redes sociales.<\/a><\/p>\n<p class>Homan se reuni\u00f3 el martes con Tim Walz y, por la tarde, con Frey y con el jefe de la polic\u00eda de Minneapolis, Bryan O\u2019Hara. El alcalde defini\u00f3 la conversaci\u00f3n como \u201cproductiva\u201d. \u201cReiter\u00e9 que mi principal petici\u00f3n es que la Operaci\u00f3n Metro Surge finalice lo antes posible. La seguridad p\u00fablica funciona mejor cuando se basa en la confianza de la comunidad, no en t\u00e1cticas que generan miedo o divisi\u00f3n\u201d, escribi\u00f3 Frey, que remat\u00f3: \u201cTambi\u00e9n dej\u00e9 claro que Minneapolis no aplica ni aplicar\u00e1 las leyes federales de inmigraci\u00f3n, y que seguiremos centrados en mantener la seguridad de nuestros vecinos y nuestras calles\u201d.<\/p>\n<p class>Esa \u00faltima parte fue la que llam\u00f3 la atenci\u00f3n de Trump, que contest\u00f3 en su red social, Truth. \u201c\u00bfPodr\u00eda alguien de su c\u00edrculo cercano explicarle que esta declaraci\u00f3n constituye una grave violaci\u00f3n de la ley y que est\u00e1 JUGANDO CON FUEGO?\u201d, advirti\u00f3 el presidente de Estados Unidos. <\/p>\n<p class>Pese a la amenaza y a las may\u00fasculas, todo indica que la Casa Blanca entiende que su obsesi\u00f3n con cumplir con la promesa, hecha por Trump en campa\u00f1a, de lanzar \u201cla mayor deportaci\u00f3n de la historia\u201d, ha provocado una crisis de imagen demasiado evidente para ser ignorada, tras la muerte de dos estadounidenses en las calles de Minneapolis: <a href=\"https:\/\/elpais.com\/us\/migracion\/2026-01-28\/suspendidos-de-empleo-los-dos-agentes-de-la-patrulla-fronteriza-que-mataron-a-alex-pretti-en-minneapolis.html\" target=\"_self\" rel title=\"https:\/\/elpais.com\/us\/migracion\/2026-01-28\/suspendidos-de-empleo-los-dos-agentes-de-la-patrulla-fronteriza-que-mataron-a-alex-pretti-en-minneapolis.html\">el enfermero Alex Pretti<\/a>, al que el s\u00e1bado pasado mataron a tiros por la espalda unos agentes de la patrulla fronteriza, y la poeta Ren\u00e9e Good, que fue asesinada mientras protestaba en el interior de su coche. <\/p>\n<p class>Fuentes del Gobierno declararon este mi\u00e9rcoles a CNN que la \u201cpresi\u00f3n\u201d por lograr los objetivos de explosiones de inmigrantes irregulares ha hecho que este haya dejado de ser un \u201casunto 80\/20\u201d (80% de la opini\u00f3n p\u00fablica a favor, por un 20% en contra) a un \u201ctema 20\/80\u201d. <\/p>\n<figure class=\"a_m a_m-h \"><span class=\"_db a_m_w _pr lb_btn\"><img decoding=\"async\" class=\"_re lazyload a_m-h\" height=\"233\" width=\"414\" src=\"https:\/\/analyse.optim.biz\/wp-content\/uploads\/2026\/01\/i56nsh6kmjghrbhmrldt4a6rlu.jpg\" loading=\"lazy\" title=\"i56nsh6kmjghrbhmrldt4a6rlu\"><\/span><figcaption class=\"a_m_p\" aria-hidden=\"true\"><span>Jacob Frey  en Minneapolis, el 16 de enero de 2026 y Tim Walz en Blaine Minneapolis, el 8 de enero de 2026.<\/span><span class=\"a_m_m\">AP, Getty Images<\/span><\/figcaption><\/figure>\n<p class>El fuego amigo contra la pol\u00edtica migratoria de Trump no est\u00e1 arreciando solo desde el anonimato. El congresista republicano por Nueva York Mike Lawler public\u00f3 este <a href=\"https:\/\/www.nytimes.com\/2026\/01\/27\/opinion\/republicans-minneapolis-immigration-trump.html\" target=\"_blank\" rel=\"noreferrer\" title=\"https:\/\/www.nytimes.com\/2026\/01\/27\/opinion\/republicans-minneapolis-immigration-trump.html\">mi\u00e9rcoles un art\u00edculo de opini\u00f3n de <i>The New York Times,<\/i><\/a> en el que pone la crisis en la perspectiva de las elecciones del pr\u00f3ximo mes de noviembre, donde su partido se juega el control de la C\u00e1mara de Representantes.\u201dLas encuestas sugieren que los estadounidenses est\u00e1n cada vez m\u00e1s preocupados por las operaciones de control del Departamento de Seguridad Nacional (DHS). Los estadounidenses no quieren el caos; quieren una soluci\u00f3n sensata y que ponga de acuerdo a ambos partidos\u201d, escribe Lawler, que advierte que las muertes de Pretti y Good \u201cdemuestran que lo que el Gobierno ha estado haciendo no funciona\u201d.<\/p>\n<h3 class>Un congresista republicano alza la voz<\/h3>\n<p class>Lawler es solo una de las voces que desde la derecha, s\u00fabitamente inc\u00f3moda con un asunto, la inmigraci\u00f3n irregular, que era hasta hace poco una baza ganadora, han criticado en los \u00faltimos d\u00edas al DHS y a su secretaria, Kristi Noem, quien tras la muerte de Pretti minti\u00f3 al decir que este estaba blandiendo un arma cuando se acerc\u00f3 a los agentes (llevaba una pistola, pero no la sac\u00f3, y los agentes lo hab\u00edan desarmado cuando empez\u00f3 la decena de disparos). Pese al creciente coro de quienes exigen la dimisi\u00f3n de la exgobernadora de Dakota del Sur, que ha hecho todo lo posible por encarnar la violenta agenda xen\u00f3foba de la Casa Blanca, Trump descart\u00f3 el martes que fuera a pedirle que lo dejara o que ella le hubiera pedido hacerlo. <\/p>\n<p class>En Minneapolis, la decisi\u00f3n de sacar de las calles a Bovino, con su aspecto paramilitar de saldo, se ha interpretado como un triunfo de la resistencia organizada contra el despliegue federal, que no ha aflojado tras el anuncio, como no han aflojado las redadas y las detenciones del ICE; un centenar solo el lunes, seg\u00fan fuentes del operativo. Algunas informaciones que corren entre los grupos de WhatsApp de los manifestantes hablan tambi\u00e9n de que con Bovino <a href=\"https:\/\/elpais.com\/us\/migracion\/2026-01-27\/minneapolis-despide-con-una-protesta-a-bovino-la-cara-de-la-represion-de-trump-en-la-ciudad-democrata.html\" target=\"_blank\" rel=\"noreferrer\" title=\"https:\/\/elpais.com\/us\/migracion\/2026-01-27\/minneapolis-despide-con-una-protesta-a-bovino-la-cara-de-la-represion-de-trump-en-la-ciudad-democrata.html\">se han ido ya unos 800 agentes, aunque ese extremo no est\u00e1 confirmado.<\/a><\/p>\n<p class>Unas 200 personas se presentaron el martes a mediod\u00eda (hora local, siete m\u00e1s en la Espa\u00f1a peninsular) en el Capitolio de St. Paul, que, adem\u00e1s de ser la capital de Minnesota, forma junto a Minneapolis las Twin Cities (dos urbes gemelas que separa el incipiente Mississipi y sirven de hogar a unos 3,7 millones de habitantes). Entonaron c\u00e1nticos como \u201c\u00a1Fuera ICE!\u201d y \u201c\u00a1Di su nombre: Alex Pretti! \u00a1Di su nombre: Ren\u00e9e Good!\u201d, antes de marchar en dos ocasiones hasta la oficina del gobernador Walz. <a href=\"https:\/\/elpais.com\/us\/migracion\/2026-01-28\/tom-homan-la-apuesta-de-trump-para-calmar-minneapolis-tras-la-muerte-de-pretti.html\" target=\"_blank\" rel=\"noreferrer\" title=\"https:\/\/elpais.com\/us\/migracion\/2026-01-28\/tom-homan-la-apuesta-de-trump-para-calmar-minneapolis-tras-la-muerte-de-pretti.html\">Quer\u00edan interrumpir su reuni\u00f3n con Homan,<\/a> pero esta se adelant\u00f3 para evitar precisamente eso. A la puerta del despacho de Walz, que fue candidato con Kamala Harris a la vicepresidencia por el Partido Dem\u00f3crata, los gritos fueron de \u201c\u00a1Haz tu trabajo!\u201d. <\/p>\n<p class>A los all\u00ed concentrados les preocupaba el tono conciliador con Trump, adoptado por Walz en los dos \u00faltimos d\u00edas. Lo estren\u00f3 tras su llamada con el presidente de Estados Unidos, despu\u00e9s de meses de que este lo insultara a diario. La oficina de Walz emiti\u00f3 el martes un comunicado que hablaba del acuerdo entre ambos sobre \u201cla necesidad de un di\u00e1logo continuo\u201d. Tambi\u00e9n, sobre las prioridades de las autoridades estatales: una r\u00e1pida reducci\u00f3n de las fuerzas federales presentes en el Estado, cese del hostigamiento a un territorio gobernado por dem\u00f3cratas e investigaciones imparciales <a href=\"https:\/\/elpais.com\/us\/migracion\/2026-01-28\/un-aspirante-a-asesino-y-una-izquierdista-trastornada-asi-ha-justificado-el-gobierno-de-trump-los-ultimos-asesinatos-del-ice.html\" target=\"_blank\" rel=\"noreferrer\" title=\"https:\/\/elpais.com\/us\/migracion\/2026-01-28\/un-aspirante-a-asesino-y-una-izquierdista-trastornada-asi-ha-justificado-el-gobierno-de-trump-los-ultimos-asesinatos-del-ice.html\">sobre las muertes de Pretti y Good.<\/a><\/p>\n<p class>\u201cAl principio habr\u00eda tenido sentido hacer concesiones. Ya no; el ICE se tiene que ir por completo \u201d, considera el director ejecutivo del <a href=\"https:\/\/elpais.com\/eps\/2024-10-27\/vinetas-del-medio-oeste-viaje-por-las-heridas-abiertas-de-estados-unidos.html\" target=\"_blank\" rel=\"noreferrer\" title=\"https:\/\/elpais.com\/eps\/2024-10-27\/vinetas-del-medio-oeste-viaje-por-las-heridas-abiertas-de-estados-unidos.html\">Council on American-Islamic Relations (CAIR)<\/a> Jailany Hussein, que llev\u00f3 la voz cantante de la protesta en el Capitolio Este explic\u00f3 en una entrevista que la Administraci\u00f3n de Trump \u201cmordi\u00f3 [en Minneapolis] la manzana con demasiada fuerza, sin saber que no era una manzana, sino algo mucho m\u00e1s dif\u00edcil de masticar\u201d. \u201cHan mentido descaradamente. Est\u00e1 probado que Trump puede hacer eso, pero no las instituciones. Han puesto a los suyos en su contra, que sencillamente no pueden tragarse esas mentiras\u201d, considera Hussein \u201cNadie puede apartar los ojos de Minnesota, hasta ellos han sido incapaces de desviar la atenci\u00f3n, y eso que son los mayores especialistas en extender cortinas de humo cuando algo no les interesa\u201d, a\u00f1adi\u00f3. <\/p>\n<p class>El l\u00edder de la comunidad somal\u00ed, atacada por Trump <a href=\"https:\/\/elpais.com\/internacional\/2026-01-28\/un-hombre-ataca-en-un-acto-publico-a-la-congresista-de-origen-somali-a-la-que-trump-llamo-basura.html\" target=\"_blank\" rel=\"noreferrer\" title=\"https:\/\/elpais.com\/internacional\/2026-01-28\/un-hombre-ataca-en-un-acto-publico-a-la-congresista-de-origen-somali-a-la-que-trump-llamo-basura.html\">por un presunto fraude en la recepci\u00f3n de ayudas derivadas de la pandemia,<\/a> advirti\u00f3: \u201cNo vamos a parar. No lo estamos haciendo por nosotros, sino el pa\u00eds, por nuestra democracia. Esto es un antes y un despu\u00e9s\u201d. <\/p>\n<p class>Para este viernes, <a href=\"https:\/\/elpais.com\/us\/migracion\/2026-01-27\/un-juez-de-minnesota-ordena-comparecer-personalmente-al-jefe-en-funciones-del-ice.html\" target=\"_blank\" rel=\"noreferrer\" title=\"https:\/\/elpais.com\/us\/migracion\/2026-01-27\/un-juez-de-minnesota-ordena-comparecer-personalmente-al-jefe-en-funciones-del-ice.html\">cuando se espera la comparecencia<\/a> ante el <a href=\"https:\/\/elpais.com\/us\/migracion\/2026-01-27\/un-juez-de-minnesota-ordena-comparecer-personalmente-al-jefe-en-funciones-del-ice.html\" target=\"_blank\" rel=\"noreferrer\" title=\"https:\/\/elpais.com\/us\/migracion\/2026-01-27\/un-juez-de-minnesota-ordena-comparecer-personalmente-al-jefe-en-funciones-del-ice.html\">juez de Todd Lyons, director en funciones del ICE, para dar <\/a>explicaciones sobre las violaciones de derechos constitucionales de los inmigrantes detenidos, hay convocada una nueva manifestaci\u00f3n multitudinaria contra el terror migratorio del ICE. Se espera que llene las heladas calles de la ciudad, y que registre r\u00e9plicas en todo Estados Unidos.<\/p>\n<\/div>\n<div id=\"me-dis\" class=\"me _pf\">\n<div class=\"me_bg\">\n<div class=\"me-dis _pa _df\">\n<div class=\"me-dis_c\">\n<h2 class=\"me-dis_t\">Tu suscripci\u00f3n se est\u00e1 usando en otro dispositivo<\/h2>\n<p>\u00bfQuieres a\u00f1adir otro usuario a tu suscripci\u00f3n?<\/p>\n<div class=\"me-dis_l\"><a href=\"https:\/\/elpais.com\/suscripciones\/premium\/upgrade\/?utm_source=autopromo&amp;utm_medium=interno&amp;utm_campaign=YYYY_MM_capping_upgrade\" id=\"capping-upgrade\" class=\"btn\">A\u00f1adir usuario<\/a><a href=\"https:\/\/elpais.com\/us\/migracion\/2026-01-28\/minneapolis-canta-una-prudente-victoria-ante-la-desescalada-de-trump-que-renueva-sus-ataques-al-alcalde-de-la-ciudad-democrata.html\" id=\"capping-continue\" class=\"btn btn-b\">Continuar leyendo aqu\u00ed<\/a><\/div>\n<p>Si contin\u00faas leyendo en este dispositivo, no se podr\u00e1 leer en el otro.<\/p>\n<p class=\"lk\"><a href=\"https:\/\/elpais.com\/us\/migracion\/2026-01-28\/minneapolis-canta-una-prudente-victoria-ante-la-desescalada-de-trump-que-renueva-sus-ataques-al-alcalde-de-la-ciudad-democrata.html\" id=\"capping-show-more-button\">\u00bfPor qu\u00e9 est\u00e1s viendo esto?<\/a><\/p>\n<p><span class=\"arrow\" id=\"capping-arrow\">Flecha<\/span><\/p>\n<div class=\"me-dis_d\">\n<div class=\"me-dis_d_t\">\n<h2 class=\"enc\">Tu suscripci\u00f3n se est\u00e1 usando en otro dispositivo y solo puedes acceder a EL PA\u00cdS desde un dispositivo a la vez.<\/h2>\n<div class=\"tx\">\n<p>Si quieres compartir tu cuenta, cambia tu suscripci\u00f3n a la modalidad Premium, as\u00ed podr\u00e1s a\u00f1adir otro usuario. Cada uno acceder\u00e1 con su propia cuenta de email, lo que os permitir\u00e1 personalizar vuestra experiencia en EL PA\u00cdS.<\/p>\n<p>\u00bfTienes una suscripci\u00f3n de empresa? Accede <a target=\"_blank\" rel=\"noreferrer\" href=\"https:\/\/elpais.com\/suscripciones\/premium\/upgrade\/\">aqu\u00ed<\/a> para contratar m\u00e1s cuentas.<\/p>\n<p>En el caso de no saber qui\u00e9n est\u00e1 usando tu cuenta, te recomendamos cambiar tu contrase\u00f1a <a target=\"_blank\" rel=\"noreferrer\" href=\"https:\/\/elpais.com\/subscriptions\/#\/forgot-password\">aqu\u00ed.<\/a><\/p>\n<p>Si decides continuar compartiendo tu cuenta, este mensaje se mostrar\u00e1 en tu dispositivo y en el de la otra persona que est\u00e1 usando tu cuenta de forma indefinida, afectando a tu experiencia de lectura. Puedes <a target=\"_blank\" rel=\"noreferrer\" href=\"https:\/\/elpais.com\/suscripciones\/condiciones-generales-servicios\/\">consultar aqu\u00ed los t\u00e9rminos y condiciones de la suscripci\u00f3n digital.<\/a><\/p>\n<\/div>\n<\/div>\n<\/div>\n<\/div>\n<\/div>\n<\/div>\n<\/div>\n<aside class=\"w w-sea\">\n<h2 class=\"w_t\">Sobre la firma<\/h2>\n<div class=\"w_b\">\n<div class=\"_g _g-xs\">\n<figure class=\"w-sea_f a_m-h c_m--nf\"><span class=\"a_m_w _db\"><img decoding=\"async\" alt=\"Iker Seisdedos\" class=\"_re lazyload a_m-h\" height=\"100\" width=\"100\" src=\"https:\/\/analyse.optim.biz\/wp-content\/uploads\/2026\/01\/https3a2f2fauthor-service-images-prod-us-east-1-publishing-aws_-arc_-pub2fprisa2f55d90429-2300-44ec-be26-6c4d252e2e83-7.jpg\" loading=\"lazy\" title=\"https3a2f2fauthor-service-images-prod-us-east-1-publishing-aws_-arc_-pub2fprisa2f55d90429-2300-44ec-be26-6c4d252e2e83-7\"><\/span><\/figure>\n<div class=\"w-sea_txt\">\n<div class=\"_df\">\n<div class=\"w-sea_txt_na\"><a href=\"https:\/\/elpais.com\/autor\/iker-seisdedos\/\" rel=\"autor_bottom\">Iker Seisdedos<\/a><\/div>\n<\/div>\n<div class=\"w-sea_txt_da _dn\">Es corresponsal jefe de EL PA\u00cdS en EE UU. Licenciado en Derecho Econ\u00f3mico por la Universidad de Deusto y m\u00e1ster de Periodismo UAM \/ EL PA\u00cdS, trabaja en el diario desde 2004, casi siempre vinculado al \u00e1rea cultural. Tras su paso por las secciones El Viajero, Tentaciones y El Pa\u00eds Semanal, ha sido redactor jefe de Domingo, Ideas, Cultura y Babelia.<\/div>\n<\/div>\n<\/div>\n<\/div>\n<\/aside>\n<aside class=\"w w-fid\">\n<div class=\"w_b\">\n<div class=\"w-fid_t\"><a href=\"https:\/\/usuarios.elpais.com\/newsletters\/#?id_externo_promo=not_newsletters_gen\">Recibe la mejor informaci\u00f3n en tu bandeja de entrada<\/a><\/div>\n<div class=\"w-fid_s\">\n<div class=\"w_rs\">\n<div class=\"w_rs_i\"><a class=\"_btn\" href=\"https:\/\/www.facebook.com\/elpaisamerica\/?locale=es_LA\" rel=\"nofollow\"><span class=\"_sr\">Us El Pa\u00eds US en Facebook<\/span><\/a><\/div>\n<div class=\"w_rs_i\"><a class=\"_btn\" href=\"https:\/\/www.instagram.com\/el_paisus\/\" rel=\"nofollow\"><span class=\"_sr\">Us El Pa\u00eds US en Instagram<\/span><\/a><\/div>\n<div class=\"w_rs_i\"><a class=\"_btn\" href=\"https:\/\/x.com\/el_paisus\" rel=\"nofollow\"><span class=\"_sr\">Us El Pa\u00eds US en Twitter<\/span><\/a><\/div>\n<\/div>\n<\/div>\n<\/div>\n<\/aside>\n<aside class=\"a_com w w-com _df\"><a class=\"a_com_l\" href=\"https:\/\/elpais.com\/info\/normas-de-participacion\/\">Normas \u203a<\/a><\/aside>\n<div class=\"me _pf\" id=\"me-c\">\n<div class=\"me_bg\">\n<div class=\"me-c _pa\" id=\"comments_container\" data-dtm-region=\"articulo_comentarios\">\n<div class=\"me_f me_f-os me_cc\"><a href=\"https:\/\/plus.elpais.com\/perfil\/actividad\/\">Mis comentarios<\/a><a href=\"https:\/\/elpais.com\/info\/normas-de-participacion\/\">Normas<\/a><\/div>\n<div class=\"me_f me_f-ns\"><span class=\"me_f_txt _db\">Rellena tu <b>nombre y apellido<\/b> para comentar<\/span><a href=\"https:\/\/plus.elpais.com\/autorization.html\/?prod=COM&amp;backURL=https%3A%2F%2Felpais.com%2Fus%2Fmigracion%2F2026-01-28%2Fminneapolis-canta-una-prudente-victoria-ante-la-desescalada-de-trump-que-renueva-sus-ataques-al-alcalde-de-la-ciudad-democrata.html\" class=\"btn btn-2\">completar datos<\/a><\/div>\n<div class=\"me_f\" id=\"comments_msg\"><a class=\"btn btn-2\" href=\"https:\/\/elpais.com\/suscripciones\/#\/campaign?prod=SUSDIGCRART&amp;o=COM&amp;prm=suscrip_articulo_comentarios_el-pais&amp;backURL=https%3A%2F%2Felpais.com%2Fus%2Fmigracion%2F2026-01-28%2Fminneapolis-canta-una-prudente-victoria-ante-la-desescalada-de-trump-que-renueva-sus-ataques-al-alcalde-de-la-ciudad-democrata.html\" id=\"comments_subscribe_link\" data-link-am=\"https:\/\/elpais.com\/suscripciones\/america\/#\/campaign?prod=SUSDIGCRARTAM&amp;o=COMAM&amp;prm=suscrip_articulo_comentarios_el-pais-america&amp;backURL=https%3A%2F%2Felpais.com%2Fus%2Fmigracion%2F2026-01-28%2Fminneapolis-canta-una-prudente-victoria-ante-la-desescalada-de-trump-que-renueva-sus-ataques-al-alcalde-de-la-ciudad-democrata.html\" data-link-mx=\"https:\/\/elpais.com\/suscripciones\/america\/#\/campaign?prod=SUSDIGMX&amp;o=COMMX&amp;prm=suscrip_articulo_comentarios_el-pais-mexico&amp;backURL=https%3A%2F%2Felpais.com%2Fus%2Fmigracion%2F2026-01-28%2Fminneapolis-canta-una-prudente-victoria-ante-la-desescalada-de-trump-que-renueva-sus-ataques-al-alcalde-de-la-ciudad-democrata.html\" data-link-co=\"https:\/\/elpais.com\/suscripciones\/america\/#\/campaign?prod=SUSDIGCOL&amp;o=COMCOL&amp;prm=suscrip_articulo_comentarios_el-pais_colombia&amp;backURL=https%3A%2F%2Felpais.com%2Fus%2Fmigracion%2F2026-01-28%2Fminneapolis-canta-una-prudente-victoria-ante-la-desescalada-de-trump-que-renueva-sus-ataques-al-alcalde-de-la-ciudad-democrata.html\" data-link-ar=\"https:\/\/elpais.com\/suscripciones\/america\/#\/campaign?prod=SUSDIGCRARTAR&amp;o=COMAR&amp;backURL=https%3A%2F%2Felpais.com%2Fus%2Fmigracion%2F2026-01-28%2Fminneapolis-canta-una-prudente-victoria-ante-la-desescalada-de-trump-que-renueva-sus-ataques-al-alcalde-de-la-ciudad-democrata.html\" data-link-cl=\"https:\/\/elpais.com\/suscripciones\/america\/#\/campaign?prod=SUSDIGCHILE&amp;o=COMCHILE&amp;backURL=https%3A%2F%2Felpais.com%2Fus%2Fmigracion%2F2026-01-28%2Fminneapolis-canta-una-prudente-victoria-ante-la-desescalada-de-trump-que-renueva-sus-ataques-al-alcalde-de-la-ciudad-democrata.html\" data-link-us=\"https:\/\/elpais.com\/suscripciones\/america\/#\/campaign?prod=SUSDIGCRARTEUCAN&amp;o=COMUS&amp;prm=suscrip_articulo_comentarios_el-pais_eucan&amp;backURL=https%3A%2F%2Felpais.com%2Fus%2Fmigracion%2F2026-01-28%2Fminneapolis-canta-una-prudente-victoria-ante-la-desescalada-de-trump-que-renueva-sus-ataques-al-alcalde-de-la-ciudad-democrata.html\">Suscr\u00edbete en El Pa\u00eds para participar<\/a><a class=\"btn btn-3\" href=\"https:\/\/elpais.com\/subscriptions\/#\/sign-in?prod=REG&amp;o=COM&amp;prm=login_articulo_comentarios_el-pais&amp;backURL=https%3A%2F%2Felpais.com%2Fus%2Fmigracion%2F2026-01-28%2Fminneapolis-canta-una-prudente-victoria-ante-la-desescalada-de-trump-que-renueva-sus-ataques-al-alcalde-de-la-ciudad-democrata.html\" id=\"comments_login_link\" data-link-am=\"https:\/\/elpais.com\/subscriptions\/#\/sign-in?prod=REG&amp;o=COM&amp;prm=login_articulo_comentarios_el-pais-america&amp;backURL=https%3A%2F%2Felpais.com%2Fus%2Fmigracion%2F2026-01-28%2Fminneapolis-canta-una-prudente-victoria-ante-la-desescalada-de-trump-que-renueva-sus-ataques-al-alcalde-de-la-ciudad-democrata.html\" data-link-mx=\"https:\/\/elpais.com\/subscriptions\/#\/sign-in?prod=REG&amp;o=COM&amp;prm=login_articulo_comentarios_el-pais-mexico&amp;backURL=https%3A%2F%2Felpais.com%2Fus%2Fmigracion%2F2026-01-28%2Fminneapolis-canta-una-prudente-victoria-ante-la-desescalada-de-trump-que-renueva-sus-ataques-al-alcalde-de-la-ciudad-democrata.html\" data-link-co=\"https:\/\/elpais.com\/subscriptions\/#\/sign-in?prod=REG&amp;o=COM&amp;backURL=https%3A%2F%2Felpais.com%2Fus%2Fmigracion%2F2026-01-28%2Fminneapolis-canta-una-prudente-victoria-ante-la-desescalada-de-trump-que-renueva-sus-ataques-al-alcalde-de-la-ciudad-democrata.html\" data-link-ar=\"https:\/\/elpais.com\/subscriptions\/#\/sign-in?prod=REG&amp;o=COM&amp;backURL=https%3A%2F%2Felpais.com%2Fus%2Fmigracion%2F2026-01-28%2Fminneapolis-canta-una-prudente-victoria-ante-la-desescalada-de-trump-que-renueva-sus-ataques-al-alcalde-de-la-ciudad-democrata.html\" data-link-cl=\"https:\/\/elpais.com\/subscriptions\/#\/sign-in?prod=REG&amp;o=COM&amp;backURL=https%3A%2F%2Felpais.com%2Fus%2Fmigracion%2F2026-01-28%2Fminneapolis-canta-una-prudente-victoria-ante-la-desescalada-de-trump-que-renueva-sus-ataques-al-alcalde-de-la-ciudad-democrata.html\" data-link-us=\"https:\/\/elpais.com\/subscriptions\/#\/sign-in?prod=REG&amp;o=COM&amp;backURL=https%3A%2F%2Felpais.com%2Fus%2Fmigracion%2F2026-01-28%2Fminneapolis-canta-una-prudente-victoria-ante-la-desescalada-de-trump-que-renueva-sus-ataques-al-alcalde-de-la-ciudad-democrata.html\">Ya tengo una suscripci\u00f3n<\/a><\/div>\n<p>Please enable JavaScript to view the &lt;a href=&#8221;https:\/\/disqus.com\/?ref_noscript&#8221; rel=&#8221;nofollow&#8221;&gt; comments powered by Disqus.&lt;\/a&gt;<\/p><\/div>\n<\/div>\n<\/div>\n<aside class=\"w w-rel\" data-dtm-region=\"articulo_mas-informacion\">\n<h2 class=\"w_t\">M\u00e1s informaci\u00f3n<\/h2>\n<ul class=\"w_b _ls\">\n<li class=\"_g _g-xs w-rel_n\">\n<div class=\" a_m-h c_m--nf\"><span class=\"_db _pr\"><img decoding=\"async\" class=\"_re lazyload a_m-h\" height=\"311\" width=\"414\" src=\"https:\/\/analyse.optim.biz\/wp-content\/uploads\/2026\/01\/ir6a6csqlrkhfod6xst3xxt7ae-2.jpg\" loading=\"lazy\" title=\"ir6a6csqlrkhfod6xst3xxt7ae-2\"><\/span><\/div>\n<div class=\"nt\">\n<h3 class=\"nt_t\"><a href=\"https:\/\/elpais.com\/internacional\/2026-01-28\/un-hombre-ataca-en-un-acto-publico-a-la-congresista-de-origen-somali-a-la-que-trump-llamo-basura.html#?rel=mas\">Un hombre ataca en Minneapolis a Ilhan Omar, la congresista de origen somal\u00ed a la que Trump llama \u201cbasura\u201d <\/a><\/h3>\n<div class=\"nt_a\"><a href=\"https:\/\/elpais.com\/autor\/iker-seisdedos\/\" title=\"Ver todas las noticias de Iker Seisdedos\">Iker Seisdedos<\/a> | Minneapolis<\/div>\n<\/div>\n<\/li>\n<li class=\"_g _g-xs w-rel_n\">\n<div class=\" a_m-h c_m--nf\"><span class=\"_db _pr\"><img decoding=\"async\" class=\"_re lazyload a_m-h\" height=\"311\" width=\"414\" src=\"https:\/\/analyse.optim.biz\/wp-content\/uploads\/2026\/01\/joqqoj5kwfhpppnmsap6wb74ea-1.jpg\" loading=\"lazy\" title=\"joqqoj5kwfhpppnmsap6wb74ea-1\"><\/span><\/div>\n<div class=\"nt\">\n<h3 class=\"nt_t\"><a href=\"https:\/\/elpais.com\/us\/migracion\/2026-01-28\/minneapolis-una-ciudad-tres-memoriales-sobre-la-brutalidad-policial-en-estados-unidos.html#?rel=mas\">Minneapolis: una ciudad que resiste a Trump, tres monumentos contra la brutalidad policial en Estados Unidos<\/a><\/h3>\n<div class=\"nt_a\"><a href=\"https:\/\/elpais.com\/autor\/iker-seisdedos\/\" title=\"Ver todas las noticias de Iker Seisdedos\">Iker Seisdedos<\/a> | Minneapolis<\/div>\n<\/div>\n<\/li>\n<\/ul>\n<\/aside>\n<section class=\"w w-ae\" data-dtm-region=\"articulo_archivado-en\">\n<h2 class=\"w_t\">Archivado En<\/h2>\n<div class=\"w_b\">\n<ul class=\"w_ul w_ul--mh _df _ls\">\n<li><a href=\"https:\/\/elpais.com\/noticias\/estados-unidos\/#?rel=arch\" rel=\"noopener noreferrer\">Estados Unidos<\/a><\/li>\n<li><a href=\"https:\/\/elpais.com\/noticias\/america\/#?rel=arch\" rel=\"noopener noreferrer\">Am\u00e9rica<\/a><\/li>\n<li><a href=\"https:\/\/elpais.com\/noticias\/migrantes\/#?rel=arch\" rel=\"noopener noreferrer\">Migrantes<\/a><\/li>\n<li><a href=\"https:\/\/elpais.com\/noticias\/inmigrantes\/#?rel=arch\" rel=\"noopener noreferrer\">Inmigrantes<\/a><\/li>\n<li><a href=\"https:\/\/elpais.com\/noticias\/migracion\/#?rel=arch\" rel=\"noopener noreferrer\">Migraci\u00f3n<\/a><\/li>\n<li><a href=\"https:\/\/elpais.com\/noticias\/deportacion\/#?rel=arch\" rel=\"noopener noreferrer\">Deportaci\u00f3n<\/a><\/li>\n<li><a href=\"https:\/\/elpais.com\/noticias\/crisis-migratoria\/#?rel=arch\" rel=\"noopener noreferrer\">Crisis migratoria<\/a><\/li>\n<li><a href=\"https:\/\/elpais.com\/noticias\/inmigracion\/#?rel=arch\" rel=\"noopener noreferrer\">Inmigraci\u00f3n<\/a><\/li>\n<li><a href=\"https:\/\/elpais.com\/noticias\/inmigracion-irregular\/#?rel=arch\" rel=\"noopener noreferrer\">Inmigraci\u00f3n irregular<\/a><\/li>\n<li><a href=\"https:\/\/elpais.com\/noticias\/kristi-noem\/#?rel=arch\" rel=\"noopener noreferrer\">Kristi Noem<\/a><\/li>\n<li><a href=\"https:\/\/elpais.com\/noticias\/ice-servicio-control-inmigracion-aduanas\/#?rel=arch\" rel=\"noopener noreferrer\">ICE<\/a><\/li>\n<li><a href=\"https:\/\/elpais.com\/noticias\/donald-trump\/#?rel=arch\" rel=\"noopener noreferrer\">Donald Trump<\/a><\/li>\n<\/ul>\n<\/div>\n<\/section>\n<aside class=\"a_tp _df\">\n<div class=\"a_tp_txt\"><span class=\"a_tp_t\">Se adhiere a los criterios de<\/span><\/p>\n<figure class=\"a_m a_m-h c_m--nf\"><a class=\"a_tp_i _dib\" href=\"https:\/\/elpais.com\/estaticos\/que-es-the-trust-project\/\" target=\"_blank\" rel=\"noopener noreferrer nofollow\"><img decoding=\"async\" alt=\"The Trust Project\" class=\" lazyload a_m-h\" height=\"20\" width=\"117\" src=\"https:\/\/analyse.optim.biz\/wp-content\/uploads\/2026\/01\/the-trust-project-377.svg\" loading=\"lazy\" title=\"the-trust-project-377\"><\/a><\/figure>\n<p><a class=\"a_tp_mi\" href=\"https:\/\/elpais.com\/estaticos\/codigo-etico\/\" target=\"_blank\" rel=\"noopener noreferrer nofollow\">M\u00e1s informaci\u00f3n<\/a><\/div>\n<div class=\"a_tp_si\">Si est\u00e1 interesado en licenciar este contenido, pinche <a class=\"a_tp_si_l\" href=\"https:\/\/profesional.elpais.com\/soluciones-sindicacion\/?utm_medium=interno&amp;utm_source=crosslinking&amp;utm_campaign=sindicacion_ep_pie_articulos\" target=\"_blank\" rel=\"noopener noreferrer nofollow\">aqu\u00ed<\/a><\/div>\n<\/aside>\n<div class=\"a_o _pr\" data-dtm-region=\"articulo_right-rail\">\n<div id=\"elpais_gpt-MPU1\" data-adtype=\"MPU\" class=\"ad ad-mpu\"><span class=\"_dn\">_<\/span><\/div>\n<section class=\"w w-sc b_col\" data-dtm-region=\"articulo_ultimas-noticias\">\n<header class=\"w_h b_col_h\">\n<h3 class=\"w_t\"><a href=\"https:\/\/elpais.com\/ultimas-noticias\/\" rel=\"story-card-ultimas-noticias\">\u00daltimas noticias<\/a><\/h3>\n<\/header>\n<div class=\"w_b\">\n<article class=\"c  c--m-n   \" data-word=\"0\">\n<header class=\"c_h\"><time datetime=\"2026-01-29T17:44:31+01:00\" class=\"c_da\">17:44<\/time><\/p>\n<h2 class=\"c_t \"><a href=\"https:\/\/elpais.com\/espana\/madrid\/2026-01-29\/ayuso-no-acatara-la-orden-de-prohibir-la-entrada-a-menores-de-18-anos-a-las-corridas-de-toros.html\">Ayuso no acatar\u00e1 la orden de prohibir la entrada a menores de 18 a\u00f1os a las corridas de toros<\/a><\/h2>\n<\/header>\n<\/article>\n<article class=\"c  c--m-n   \" data-word=\"0\">\n<header class=\"c_h\"><time datetime=\"2026-01-29T17:42:11+01:00\" class=\"c_da\">17:42<\/time><\/p>\n<h2 class=\"c_t \"><a href=\"https:\/\/elpais.com\/sociedad\/2026-01-29\/la-fiscalia-investiga-la-administracion-de-vacunas-caducadas-a-103-personas-en-el-pais-vasco.html\">La Fiscal\u00eda investiga la administraci\u00f3n de vacunas caducadas a 103 personas en el Pa\u00eds Vasco<\/a><\/h2>\n<\/header>\n<\/article>\n<article class=\"c  c--m-n   \" data-word=\"0\">\n<header class=\"c_h\"><time datetime=\"2026-01-29T17:25:34+01:00\" class=\"c_da\">17:25<\/time><\/p>\n<h2 class=\"c_t \"><a href=\"https:\/\/elpais.com\/america\/2026-01-29\/joseph-oughourlian-debemos-defender-el-pensamiento-critico-y-la-verdad-cueste-lo-que-cueste.html\">Joseph Oughourlian: \u201cDebemos defender el pensamiento cr\u00edtico y la verdad, cueste lo que cueste\u201d<\/a><\/h2>\n<\/header>\n<\/article>\n<article class=\"c  c--m-n   \" data-word=\"0\">\n<header class=\"c_h\"><time datetime=\"2026-01-29T17:24:19+01:00\" class=\"c_da\">17:24<\/time><\/p>\n<h2 class=\"c_t \"><a href=\"https:\/\/elpais.com\/america\/2026-01-29\/el-segundo-dia-del-foro-economico-internacional-de-america-latina-y-el-caribe-en-imagenes.html\">El segundo d\u00eda del Foro Econ\u00f3mico Internacional de Am\u00e9rica Latina y el Caribe, en im\u00e1genes<\/a><\/h2>\n<\/header>\n<\/article>\n<\/div>\n<\/section>\n<aside class=\"w w-lmv\" data-dtm-region=\"articulo_lom\">\n<h2 class=\"w_t\"><a href=\"https:\/\/elpais.com\/lo-mas-visto\/\">Lo m\u00e1s visto<\/a><\/h2>\n<div class=\"w_b\">\n<ol class=\"_ls\">\n<li><a href=\"https:\/\/elpais.com\/us\/migracion\/2026-01-27\/la-campana-contra-la-inmigracion-de-trump-rebaja-a-la-mitad-el-crecimiento-de-la-poblacion-en-estados-unidos.html#?rel=lom\">La campa\u00f1a contra la inmigraci\u00f3n de Trump rebaja a la mitad el crecimiento de la poblaci\u00f3n en Estados Unidos<\/a><\/li>\n<li><a href=\"https:\/\/elpais.com\/us\/migracion\/2026-01-28\/california-avanza-la-ley-no-kings-para-permitir-demandas-contra-agentes-del-ice.html#?rel=lom\">California avanza la \u2018Ley No Kings\u2019 para permitir demandas contra agentes del ICE<\/a><\/li>\n<li><a href=\"https:\/\/elpais.com\/us\/migracion\/2026-01-28\/el-gobierno-de-ecuador-denuncia-que-un-agente-del-ice-intento-entrar-a-su-consulado-en-minneapolis.html#?rel=lom\">El Gobierno de Ecuador denuncia que un agente del ICE intent\u00f3 entrar a su consulado en Minneapolis<\/a><\/li>\n<li><a href=\"https:\/\/elpais.com\/us\/migracion\/2026-01-28\/un-aspirante-a-asesino-y-una-izquierdista-trastornada-asi-ha-justificado-el-gobierno-de-trump-los-ultimos-asesinatos-del-ice.html#?rel=lom\">\u201cUn aspirante a asesino\u201d y una \u201cizquierdista trastornada\u201d: as\u00ed ha justificado el Gobierno de Trump los \u00faltimos asesinatos del ICE<\/a><\/li>\n<li><a href=\"https:\/\/elpais.com\/america\/2026-01-28\/marco-rubio-estados-unidos-usara-la-fuerza-si-rodriguez-no-coopera-en-venezuela.html#?rel=lom\">Marco Rubio: \u201cEstados Unidos usar\u00e1 la fuerza si Rodr\u00edguez no coopera en Venezuela\u201d<\/a><\/li>\n<\/ol>\n<\/div>\n<\/aside>\n<\/div>\n<\/article>\n<article class=\"c  c--m-n   \" data-word=\"0\">\n<header class=\"c_h\"><time datetime=\"2026-01-29T17:44:31+01:00\" class=\"c_da\">17:44<\/time><\/p>\n<h2 class=\"c_t \"><a href=\"https:\/\/elpais.com\/espana\/madrid\/2026-01-29\/ayuso-no-acatara-la-orden-de-prohibir-la-entrada-a-menores-de-18-anos-a-las-corridas-de-toros.html\">Ayuso no acatar\u00e1 la orden de prohibir la entrada a menores de 18 a\u00f1os a las corridas de toros<\/a><\/h2>\n<\/header>\n<\/article>\n<article class=\"c  c--m-n   \" data-word=\"0\">\n<header class=\"c_h\"><time datetime=\"2026-01-29T17:42:11+01:00\" class=\"c_da\">17:42<\/time><\/p>\n<h2 class=\"c_t \"><a href=\"https:\/\/elpais.com\/sociedad\/2026-01-29\/la-fiscalia-investiga-la-administracion-de-vacunas-caducadas-a-103-personas-en-el-pais-vasco.html\">La Fiscal\u00eda investiga la administraci\u00f3n de vacunas caducadas a 103 personas en el Pa\u00eds Vasco<\/a><\/h2>\n<\/header>\n<\/article>\n<article class=\"c  c--m-n   \" data-word=\"0\">\n<header class=\"c_h\"><time datetime=\"2026-01-29T17:25:34+01:00\" class=\"c_da\">17:25<\/time><\/p>\n<h2 class=\"c_t \"><a href=\"https:\/\/elpais.com\/america\/2026-01-29\/joseph-oughourlian-debemos-defender-el-pensamiento-critico-y-la-verdad-cueste-lo-que-cueste.html\">Joseph Oughourlian: \u201cDebemos defender el pensamiento cr\u00edtico y la verdad, cueste lo que cueste\u201d<\/a><\/h2>\n<\/header>\n<\/article>\n<article class=\"c  c--m-n   \" data-word=\"0\">\n<header class=\"c_h\"><time datetime=\"2026-01-29T17:24:19+01:00\" class=\"c_da\">17:24<\/time><\/p>\n<h2 class=\"c_t \"><a href=\"https:\/\/elpais.com\/america\/2026-01-29\/el-segundo-dia-del-foro-economico-internacional-de-america-latina-y-el-caribe-en-imagenes.html\">El segundo d\u00eda del Foro Econ\u00f3mico Internacional de Am\u00e9rica Latina y el Caribe, en im\u00e1genes<\/a><\/h2>\n<\/header>\n<\/article>\n<p> Source URL: https:\/\/elpais.com\/us\/migracion\/2026-01-28\/minneapolis-canta-una-prudente-victoria-ante-la-desescalada-de-trump-que-renueva-sus-ataques-al-alcalde-de-la-ciudad-democrata.html<\/p>\n","protected":false},"excerpt":{"rendered":"<p>ICE Minneapolis canta una prudente victoria ante la desescalada de Trump, que renueva sus ataques al alcalde de la ciudad dem\u00f3crata \u201cFrey juega con fuego\u201d, dice el presidente. \u201cNo vamos a parar\u201d, responde uno de los l\u00edderes de la protesta. Convocada este viernes una manifestaci\u00f3n contra el ICE en todo el pa\u00eds Minneapolis intensifica las [&hellip;]<\/p>\n","protected":false},"author":1,"featured_media":1543494,"comment_status":"open","ping_status":"","sticky":false,"template":"","format":"standard","meta":{"footnotes":""},"categories":[88],"tags":[92],"class_list":["post-1543493","post","type-post","status-publish","format-standard","has-post-thumbnail","hentry","category-spain","tag-elpais-com"],"_links":{"self":[{"href":"https:\/\/analyse.optim.biz\/index.php?rest_route=\/wp\/v2\/posts\/1543493","targetHints":{"allow":["GET"]}}],"collection":[{"href":"https:\/\/analyse.optim.biz\/index.php?rest_route=\/wp\/v2\/posts"}],"about":[{"href":"https:\/\/analyse.optim.biz\/index.php?rest_route=\/wp\/v2\/types\/post"}],"author":[{"embeddable":true,"href":"https:\/\/analyse.optim.biz\/index.php?rest_route=\/wp\/v2\/users\/1"}],"replies":[{"embeddable":true,"href":"https:\/\/analyse.optim.biz\/index.php?rest_route=%2Fwp%2Fv2%2Fcomments&post=1543493"}],"version-history":[{"count":0,"href":"https:\/\/analyse.optim.biz\/index.php?rest_route=\/wp\/v2\/posts\/1543493\/revisions"}],"wp:featuredmedia":[{"embeddable":true,"href":"https:\/\/analyse.optim.biz\/index.php?rest_route=\/wp\/v2\/media\/1543494"}],"wp:attachment":[{"href":"https:\/\/analyse.optim.biz\/index.php?rest_route=%2Fwp%2Fv2%2Fmedia&parent=1543493"}],"wp:term":[{"taxonomy":"category","embeddable":true,"href":"https:\/\/analyse.optim.biz\/index.php?rest_route=%2Fwp%2Fv2%2Fcategories&post=1543493"},{"taxonomy":"post_tag","embeddable":true,"href":"https:\/\/analyse.optim.biz\/index.php?rest_route=%2Fwp%2Fv2%2Ftags&post=1543493"}],"curies":[{"name":"wp","href":"https:\/\/api.w.org\/{rel}","templated":true}]}}