{"id":1543472,"date":"2026-01-29T05:01:17","date_gmt":"2026-01-29T02:01:17","guid":{"rendered":"https:\/\/analyse.optim.biz\/?p=1543472"},"modified":"2026-01-29T05:01:17","modified_gmt":"2026-01-29T02:01:17","slug":"un-video-muestra-un-altercado-entre-alex-pretti-y-unos-agentes-migratorios-11-dias-antes-de-que-lo-mataran","status":"publish","type":"post","link":"https:\/\/analyse.optim.biz\/?p=1543472","title":{"rendered":"Un v\u00eddeo muestra un altercado entre Alex Pretti y unos agentes migratorios 11 d\u00edas antes de que lo mataran"},"content":{"rendered":"<article id=\"main-content\" class=\"a _g _g-lg _g-o\">\n<header class=\"a_e _g _g-xs\">\n<div class=\"a_e_txt _df\">\n<div class=\"a_k _df\"><a class=\"a_k_n\" href=\"https:\/\/elpais.com\/noticias\/ice-servicio-control-inmigracion-aduanas\/\">ICE<\/a><\/div>\n<h1 class=\"a_t\">Un v\u00eddeo muestra un altercado entre Alex Pretti y unos agentes migratorios 11 d\u00edas antes de que lo mataran<\/h1>\n<p class=\"a_st\">El abogado de la familia confirma que el hombre que aparece en la grabaci\u00f3n es el enfermero de 37 a\u00f1os tiroteado el s\u00e1bado pasado en Minneapolis<\/p>\n<\/div>\n<div class='\"ph-v_t\"'>V\u00eddeo de Alex Preti en un enfrentamiento contra el ICE 11 d\u00edas antes de su muerte<\/div>\n<p>n      &#8220;}},&#8221;video_agency&#8221;:false,&#8221;alt_image&#8221;:&#8221;V\u00eddeo de Alex Preti en un enfrentamiento contra el ICE 11 d\u00edas antes de su muerte&#8221;},&#8221;url&#8221;:&#8221;https:\/\/cloudfront-eu-central-1.images.arcpublishing.com\/prisa\/A5QLYOGUZ5A7VNYDVR56QCOD44.jpg&#8221;,&#8221;alt&#8221;:&#8221;V\u00eddeo de Alex Preti en un enfrentamiento contra el ICE 11 d\u00edas antes de su muerte&#8221;,&#8221;ogWidth&#8221;:16,&#8221;ogHeight&#8221;:9,&#8221;floating&#8221;:false,&#8221;preset&#8221;:{&#8220;crops&#8221;:{&#8220;414w&#8221;:{&#8220;width&#8221;:414,&#8221;height&#8221;:233},&#8221;640w&#8221;:{&#8220;width&#8221;:828,&#8221;height&#8221;:466},&#8221;1000w&#8221;:{&#8220;width&#8221;:980,&#8221;height&#8221;:551},&#8221;1200w&#8221;:{&#8220;width&#8221;:1200,&#8221;height&#8221;:675}},&#8221;sizes&#8221;:&#8221;(min-width:1199px) 661px, (min-width: 1001px) calc((100vw &#8211; 385px)\/12*7 + 186px), (min-width:767px) 767px, 100vw&#8221;,&#8221;default&#8221;:&#8221;414w&#8221;},&#8221;resized_urls&#8221;:{&#8220;414&#215;0&#8243;:&#8221;9Ekq2FCrhZZv1a5r-G1ZTTAMk9g=\/414&#215;0\/&#8221;,&#8221;640&#215;0&#8243;:&#8221;z4f_iYKPfu5RWvkQk7FdfAbSzaQ=\/640&#215;0\/&#8221;,&#8221;1000&#215;0&#8243;:&#8221;0ftZ2AfXPhnYGaGPDDvNDE9Qhok=\/1000&#215;0\/&#8221;,&#8221;1200&#215;0&#8243;:&#8221;a3tfEN1QOOurlUANEm4tt6i31MI=\/1200&#215;0\/&#8221;,&#8221;414&#215;414&#8243;:&#8221;ZpKwAmonLkzUQdhg82MFEjlI0gs=\/414&#215;414\/&#8221;,&#8221;640&#215;640&#8243;:&#8221;DOhhFbrpyl7QqE2p8SdzJtofW0E=\/640&#215;640\/&#8221;,&#8221;1000&#215;1000&#8243;:&#8221;drjxHWvwKnYI_jyKmHGr19RSQuw=\/1000&#215;1000\/&#8221;,&#8221;1200&#215;1200&#8243;:&#8221;-so6b_LxlApEKg-XtkC97FdY2GI=\/1200&#215;1200\/&#8221;,&#8221;414&#215;311&#8243;:&#8221;02jgwGXGdcWaUd1M-MceAg6nYnQ=\/414&#215;311\/&#8221;,&#8221;640&#215;480&#8243;:&#8221;HW59MaF55O1Yz_504lhtrfVYmQE=\/640&#215;480\/&#8221;,&#8221;1000&#215;750&#8243;:&#8221;PaCuPOPg4PPoi7SvWv5fDE1oojU=\/1000&#215;750\/&#8221;,&#8221;1200&#215;900&#8243;:&#8221;a3eQBjLGTQgjatzF0RjOz-UAFO4=\/1200&#215;900\/&#8221;,&#8221;414&#215;233&#8243;:&#8221;cXapD8tfHKceeTphIakm4CEiD0g=\/414&#215;233\/&#8221;,&#8221;640&#215;360&#8243;:&#8221;LkPtr-A6JDqzuRsfK_QI_buKeFo=\/640&#215;360\/&#8221;,&#8221;1000&#215;563&#8243;:&#8221;Ji8hTz-AYYl55ksbCLq-daxR_kI=\/1000&#215;563\/&#8221;,&#8221;1200&#215;675&#8243;:&#8221;4lfllYXmQx2yUAHnmAFGcCZn2D4=\/1200&#215;675\/&#8221;,&#8221;828&#215;0&#8243;:&#8221;gWo0zCF2XV8GnCsJAHELvC6jIsU=\/828&#215;0\/&#8221;,&#8221;980&#215;0&#8243;:&#8221;UyLSidT2MDs0colRXtQ4zV73uvA=\/980&#215;0\/&#8221;,&#8221;1960&#215;0&#8243;:&#8221;AOkHf1S8FmteNMiksQr_pdxbilk=\/1960&#215;0\/&#8221;,&#8221;828&#215;828&#8243;:&#8221;1iC3hthxR8E4mG0ixlAUPClc-FY=\/828&#215;828\/&#8221;,&#8221;980&#215;980&#8243;:&#8221;CHAoH-6WM5WVbmNGEnjUfhe7W2Q=\/980&#215;980\/&#8221;,&#8221;1960&#215;1960&#8243;:&#8221;lRD4rmKLyl9iJaVjxBCRMlqlZSY=\/1960&#215;1960\/&#8221;,&#8221;828&#215;621&#8243;:&#8221;6FnUrFKkxDJ_qqYX1yAX9jN3F0g=\/828&#215;621\/&#8221;,&#8221;980&#215;735&#8243;:&#8221;hLooV-kJa02VoCtKqzItjYKf-8E=\/980&#215;735\/&#8221;,&#8221;1960&#215;1470&#8243;:&#8221;biRBFG4yII8pbInp51VNteXe0yg=\/1960&#215;1470\/&#8221;,&#8221;828&#215;466&#8243;:&#8221;JF895XJvSl-ySixptQVl7VWQ1u4=\/828&#215;466\/&#8221;,&#8221;980&#215;551&#8243;:&#8221;FTWXCqvlWJQFOIpF7iTpdN5koXE=\/980&#215;551\/&#8221;,&#8221;1960&#215;1103&#8243;:&#8221;JeWg8jbQUIk1NUxDC1EVQaNLQ6A=\/1960&#215;1103\/&#8221;,&#8221;146&#215;110&#8243;:&#8221;sg5A35ag-MplQSQ6rydLLkS4Ttg=\/146&#215;110\/&#8221;,&#8221;292&#215;219&#8243;:&#8221;y7G5iY_VtLLxFhbwK4VW7Ji6tYQ=\/292&#215;219\/&#8221;,&#8221;290&#215;290&#8243;:&#8221;DVDF8IUt1q9wtja0E3qnbVSX7eg=\/290&#215;290\/&#8221;,&#8221;145&#215;145&#8243;:&#8221;NYJHkJWarfGP-Nza3EKa4m7Tbjk=\/145&#215;145\/&#8221;,&#8221;100&#215;100&#8243;:&#8221;PWynmBuDZf6bf8ilmU4LqWzk7yk=\/100&#215;100\/&#8221;,&#8221;80&#215;80&#8243;:&#8221;A2cXWC6Vd9R9n5XkiM5Zl28Zf00=\/80&#215;80\/&#8221;,&#8221;117&#215;20&#8243;:&#8221;2KxZeF2x9wltRL4X7ndqwBFJQnI=\/117&#215;20\/&#8221;,&#8221;35&#215;35&#8243;:&#8221;bqngAVZ0w1ZE_T_AM3vG6XiiM2Y=\/35&#215;35\/&#8221;,&#8221;643&#215;361&#8243;:&#8221;rdXHZTLGiYfnMbzbihsk-yDnq6A=\/643&#215;361\/&#8221;,&#8221;1286&#215;722&#8243;:&#8221;sJtlDpNq8ZHOh_jdo1ljBSln_Vw=\/1286&#215;722\/&#8221;,&#8221;180&#215;180&#8243;:&#8221;0RD_NGGUzAPN-xsmM09zlQfJY-A=\/180&#215;180\/&#8221;,&#8221;300&#215;300&#8243;:&#8221;iuPX7rHxDT-CEoWCUaFyrJDQiOY=\/300&#215;300\/&#8221;,&#8221;260&#215;390&#8243;:&#8221;9J-r1qaOskJ3puCubvVdbx7ffZU=\/260&#215;390\/&#8221;,&#8221;400&#215;600&#8243;:&#8221;K7L-iUR1lsGFJ7cpbm5PdgU2Yxc=\/400&#215;600\/&#8221;,&#8221;220&#215;220&#8243;:&#8221;sePBNceT2SVDMo-6IkmfG4-Tsk8=\/220&#215;220\/&#8221;,&#8221;440&#215;440&#8243;:&#8221;9lh38mqmGbQeTDAWgj2JMTGER6U=\/440&#215;440\/&#8221;,&#8221;660&#215;660&#8243;:&#8221;APrE-YLrqyL6C0HyTGaowZXWJCo=\/660&#215;660\/&#8221;},&#8221;resized_urls_v2&#8243;:{&#8220;414&#215;0&#8243;:&#8221;\/A5QLYOGUZ5A7VNYDVR56QCOD44.jpg?auth=49e6fde09346c8246f809b0d3b7bbeb3751d470f643e7d911cf741cf50f4ae9b&amp;width=414&#8243;,&#8221;640&#215;0&#8243;:&#8221;\/A5QLYOGUZ5A7VNYDVR56QCOD44.jpg?auth=49e6fde09346c8246f809b0d3b7bbeb3751d470f643e7d911cf741cf50f4ae9b&amp;width=640&#8243;,&#8221;1000&#215;0&#8243;:&#8221;\/A5QLYOGUZ5A7VNYDVR56QCOD44.jpg?auth=49e6fde09346c8246f809b0d3b7bbeb3751d470f643e7d911cf741cf50f4ae9b&amp;width=1000&#8243;,&#8221;1200&#215;0&#8243;:&#8221;\/A5QLYOGUZ5A7VNYDVR56QCOD44.jpg?auth=49e6fde09346c8246f809b0d3b7bbeb3751d470f643e7d911cf741cf50f4ae9b&amp;width=1200&#8243;,&#8221;414&#215;414&#8243;:&#8221;\/A5QLYOGUZ5A7VNYDVR56QCOD44.jpg?auth=49e6fde09346c8246f809b0d3b7bbeb3751d470f643e7d911cf741cf50f4ae9b&amp;width=414&amp;height=414&amp;smart=true&#8221;,&#8221;640&#215;640&#8243;:&#8221;\/A5QLYOGUZ5A7VNYDVR56QCOD44.jpg?auth=49e6fde09346c8246f809b0d3b7bbeb3751d470f643e7d911cf741cf50f4ae9b&amp;width=640&amp;height=640&amp;smart=true&#8221;,&#8221;1000&#215;1000&#8243;:&#8221;\/A5QLYOGUZ5A7VNYDVR56QCOD44.jpg?auth=49e6fde09346c8246f809b0d3b7bbeb3751d470f643e7d911cf741cf50f4ae9b&amp;width=1000&amp;height=1000&amp;smart=true&#8221;,&#8221;1200&#215;1200&#8243;:&#8221;\/A5QLYOGUZ5A7VNYDVR56QCOD44.jpg?auth=49e6fde09346c8246f809b0d3b7bbeb3751d470f643e7d911cf741cf50f4ae9b&amp;width=1200&amp;height=1200&amp;smart=true&#8221;,&#8221;414&#215;311&#8243;:&#8221;\/A5QLYOGUZ5A7VNYDVR56QCOD44.jpg?auth=49e6fde09346c8246f809b0d3b7bbeb3751d470f643e7d911cf741cf50f4ae9b&amp;width=414&amp;height=311&amp;smart=true&#8221;,&#8221;640&#215;480&#8243;:&#8221;\/A5QLYOGUZ5A7VNYDVR56QCOD44.jpg?auth=49e6fde09346c8246f809b0d3b7bbeb3751d470f643e7d911cf741cf50f4ae9b&amp;width=640&amp;height=480&amp;smart=true&#8221;,&#8221;1000&#215;750&#8243;:&#8221;\/A5QLYOGUZ5A7VNYDVR56QCOD44.jpg?auth=49e6fde09346c8246f809b0d3b7bbeb3751d470f643e7d911cf741cf50f4ae9b&amp;width=1000&amp;height=750&amp;smart=true&#8221;,&#8221;1200&#215;900&#8243;:&#8221;\/A5QLYOGUZ5A7VNYDVR56QCOD44.jpg?auth=49e6fde09346c8246f809b0d3b7bbeb3751d470f643e7d911cf741cf50f4ae9b&amp;width=1200&amp;height=900&amp;smart=true&#8221;,&#8221;414&#215;233&#8243;:&#8221;\/A5QLYOGUZ5A7VNYDVR56QCOD44.jpg?auth=49e6fde09346c8246f809b0d3b7bbeb3751d470f643e7d911cf741cf50f4ae9b&amp;width=414&amp;height=233&amp;smart=true&#8221;,&#8221;640&#215;360&#8243;:&#8221;\/A5QLYOGUZ5A7VNYDVR56QCOD44.jpg?auth=49e6fde09346c8246f809b0d3b7bbeb3751d470f643e7d911cf741cf50f4ae9b&amp;width=640&amp;height=360&amp;smart=true&#8221;,&#8221;1000&#215;563&#8243;:&#8221;\/A5QLYOGUZ5A7VNYDVR56QCOD44.jpg?auth=49e6fde09346c8246f809b0d3b7bbeb3751d470f643e7d911cf741cf50f4ae9b&amp;width=1000&amp;height=563&amp;smart=true&#8221;,&#8221;1200&#215;675&#8243;:&#8221;\/A5QLYOGUZ5A7VNYDVR56QCOD44.jpg?auth=49e6fde09346c8246f809b0d3b7bbeb3751d470f643e7d911cf741cf50f4ae9b&amp;width=1200&amp;height=675&amp;smart=true&#8221;,&#8221;828&#215;0&#8243;:&#8221;\/A5QLYOGUZ5A7VNYDVR56QCOD44.jpg?auth=49e6fde09346c8246f809b0d3b7bbeb3751d470f643e7d911cf741cf50f4ae9b&amp;width=828&#8243;,&#8221;980&#215;0&#8243;:&#8221;\/A5QLYOGUZ5A7VNYDVR56QCOD44.jpg?auth=49e6fde09346c8246f809b0d3b7bbeb3751d470f643e7d911cf741cf50f4ae9b&amp;width=980&#8243;,&#8221;1960&#215;0&#8243;:&#8221;\/A5QLYOGUZ5A7VNYDVR56QCOD44.jpg?auth=49e6fde09346c8246f809b0d3b7bbeb3751d470f643e7d911cf741cf50f4ae9b&amp;width=1960&#8243;,&#8221;828&#215;828&#8243;:&#8221;\/A5QLYOGUZ5A7VNYDVR56QCOD44.jpg?auth=49e6fde09346c8246f809b0d3b7bbeb3751d470f643e7d911cf741cf50f4ae9b&amp;width=828&amp;height=828&amp;smart=true&#8221;,&#8221;980&#215;980&#8243;:&#8221;\/A5QLYOGUZ5A7VNYDVR56QCOD44.jpg?auth=49e6fde09346c8246f809b0d3b7bbeb3751d470f643e7d911cf741cf50f4ae9b&amp;width=980&amp;height=980&amp;smart=true&#8221;,&#8221;1960&#215;1960&#8243;:&#8221;\/A5QLYOGUZ5A7VNYDVR56QCOD44.jpg?auth=49e6fde09346c8246f809b0d3b7bbeb3751d470f643e7d911cf741cf50f4ae9b&amp;width=1960&amp;height=1960&amp;smart=true&#8221;,&#8221;828&#215;621&#8243;:&#8221;\/A5QLYOGUZ5A7VNYDVR56QCOD44.jpg?auth=49e6fde09346c8246f809b0d3b7bbeb3751d470f643e7d911cf741cf50f4ae9b&amp;width=828&amp;height=621&amp;smart=true&#8221;,&#8221;980&#215;735&#8243;:&#8221;\/A5QLYOGUZ5A7VNYDVR56QCOD44.jpg?auth=49e6fde09346c8246f809b0d3b7bbeb3751d470f643e7d911cf741cf50f4ae9b&amp;width=980&amp;height=735&amp;smart=true&#8221;,&#8221;1960&#215;1470&#8243;:&#8221;\/A5QLYOGUZ5A7VNYDVR56QCOD44.jpg?auth=49e6fde09346c8246f809b0d3b7bbeb3751d470f643e7d911cf741cf50f4ae9b&amp;width=1960&amp;height=1470&amp;smart=true&#8221;,&#8221;828&#215;466&#8243;:&#8221;\/A5QLYOGUZ5A7VNYDVR56QCOD44.jpg?auth=49e6fde09346c8246f809b0d3b7bbeb3751d470f643e7d911cf741cf50f4ae9b&amp;width=828&amp;height=466&amp;smart=true&#8221;,&#8221;980&#215;551&#8243;:&#8221;\/A5QLYOGUZ5A7VNYDVR56QCOD44.jpg?auth=49e6fde09346c8246f809b0d3b7bbeb3751d470f643e7d911cf741cf50f4ae9b&amp;width=980&amp;height=551&amp;smart=true&#8221;,&#8221;1960&#215;1103&#8243;:&#8221;\/A5QLYOGUZ5A7VNYDVR56QCOD44.jpg?auth=49e6fde09346c8246f809b0d3b7bbeb3751d470f643e7d911cf741cf50f4ae9b&amp;width=1960&amp;height=1103&amp;smart=true&#8221;,&#8221;146&#215;110&#8243;:&#8221;\/A5QLYOGUZ5A7VNYDVR56QCOD44.jpg?auth=49e6fde09346c8246f809b0d3b7bbeb3751d470f643e7d911cf741cf50f4ae9b&amp;width=146&amp;height=110&amp;smart=true&#8221;,&#8221;292&#215;219&#8243;:&#8221;\/A5QLYOGUZ5A7VNYDVR56QCOD44.jpg?auth=49e6fde09346c8246f809b0d3b7bbeb3751d470f643e7d911cf741cf50f4ae9b&amp;width=292&amp;height=219&amp;smart=true&#8221;,&#8221;290&#215;290&#8243;:&#8221;\/A5QLYOGUZ5A7VNYDVR56QCOD44.jpg?auth=49e6fde09346c8246f809b0d3b7bbeb3751d470f643e7d911cf741cf50f4ae9b&amp;width=290&amp;height=290&amp;smart=true&#8221;,&#8221;145&#215;145&#8243;:&#8221;\/A5QLYOGUZ5A7VNYDVR56QCOD44.jpg?auth=49e6fde09346c8246f809b0d3b7bbeb3751d470f643e7d911cf741cf50f4ae9b&amp;width=145&amp;height=145&amp;smart=true&#8221;,&#8221;100&#215;100&#8243;:&#8221;\/A5QLYOGUZ5A7VNYDVR56QCOD44.jpg?auth=49e6fde09346c8246f809b0d3b7bbeb3751d470f643e7d911cf741cf50f4ae9b&amp;width=100&amp;height=100&amp;smart=true&#8221;,&#8221;80&#215;80&#8243;:&#8221;\/A5QLYOGUZ5A7VNYDVR56QCOD44.jpg?auth=49e6fde09346c8246f809b0d3b7bbeb3751d470f643e7d911cf741cf50f4ae9b&amp;width=80&amp;height=80&amp;smart=true&#8221;,&#8221;117&#215;20&#8243;:&#8221;\/A5QLYOGUZ5A7VNYDVR56QCOD44.jpg?auth=49e6fde09346c8246f809b0d3b7bbeb3751d470f643e7d911cf741cf50f4ae9b&amp;width=117&amp;height=20&amp;smart=true&#8221;,&#8221;35&#215;35&#8243;:&#8221;\/A5QLYOGUZ5A7VNYDVR56QCOD44.jpg?auth=49e6fde09346c8246f809b0d3b7bbeb3751d470f643e7d911cf741cf50f4ae9b&amp;width=35&amp;height=35&amp;smart=true&#8221;,&#8221;643&#215;361&#8243;:&#8221;\/A5QLYOGUZ5A7VNYDVR56QCOD44.jpg?auth=49e6fde09346c8246f809b0d3b7bbeb3751d470f643e7d911cf741cf50f4ae9b&amp;width=643&amp;height=361&amp;smart=true&#8221;,&#8221;1286&#215;722&#8243;:&#8221;\/A5QLYOGUZ5A7VNYDVR56QCOD44.jpg?auth=49e6fde09346c8246f809b0d3b7bbeb3751d470f643e7d911cf741cf50f4ae9b&amp;width=1286&amp;height=722&amp;smart=true&#8221;,&#8221;180&#215;180&#8243;:&#8221;\/A5QLYOGUZ5A7VNYDVR56QCOD44.jpg?auth=49e6fde09346c8246f809b0d3b7bbeb3751d470f643e7d911cf741cf50f4ae9b&amp;width=180&amp;height=180&amp;smart=true&#8221;,&#8221;300&#215;300&#8243;:&#8221;\/A5QLYOGUZ5A7VNYDVR56QCOD44.jpg?auth=49e6fde09346c8246f809b0d3b7bbeb3751d470f643e7d911cf741cf50f4ae9b&amp;width=300&amp;height=300&amp;smart=true&#8221;,&#8221;260&#215;390&#8243;:&#8221;\/A5QLYOGUZ5A7VNYDVR56QCOD44.jpg?auth=49e6fde09346c8246f809b0d3b7bbeb3751d470f643e7d911cf741cf50f4ae9b&amp;width=260&amp;height=390&amp;smart=true&#8221;,&#8221;400&#215;600&#8243;:&#8221;\/A5QLYOGUZ5A7VNYDVR56QCOD44.jpg?auth=49e6fde09346c8246f809b0d3b7bbeb3751d470f643e7d911cf741cf50f4ae9b&amp;width=400&amp;height=600&amp;smart=true&#8221;,&#8221;220&#215;220&#8243;:&#8221;\/A5QLYOGUZ5A7VNYDVR56QCOD44.jpg?auth=49e6fde09346c8246f809b0d3b7bbeb3751d470f643e7d911cf741cf50f4ae9b&amp;width=220&amp;height=220&amp;smart=true&#8221;,&#8221;440&#215;440&#8243;:&#8221;\/A5QLYOGUZ5A7VNYDVR56QCOD44.jpg?auth=49e6fde09346c8246f809b0d3b7bbeb3751d470f643e7d911cf741cf50f4ae9b&amp;width=440&amp;height=440&amp;smart=true&#8221;,&#8221;660&#215;660&#8243;:&#8221;\/A5QLYOGUZ5A7VNYDVR56QCOD44.jpg?auth=49e6fde09346c8246f809b0d3b7bbeb3751d470f643e7d911cf741cf50f4ae9b&amp;width=660&amp;height=660&amp;smart=true&#8221;}});<\/p>\n<div class=\"videoTop videoTop-v\">\n<div id=\"video_2026012912145410\">\n<div class=\"videoTop videoTop-ph\" id=\"ph_video_2026012912145410\">\n<div role=\"button\" class=\"posicionador\" aria-label=\"Reproducir v\u00eddeo\"><img loading=\"lazy\" decoding=\"async\" class=\"_re lazyload a_m-h\" height=\"233\" width=\"414\" src=\"https:\/\/analyse.optim.biz\/wp-content\/uploads\/2026\/01\/a5qlyoguz5a7vnydvr56qcod44-1.jpg\" title=\"a5qlyoguz5a7vnydvr56qcod44-1\"><\/p>\n<div class=\"_pa _df ph-v_b\">\n<div class=\"_df ph-v_c\">\n<div class=\"ph-v_d _dib\">01:35<\/div>\n<div class=\"ph-v_t\">V\u00eddeo de Alex Preti en un enfrentamiento contra el ICE 11 d\u00edas antes de su muerte<\/div>\n<\/div>\n<\/div>\n<\/div>\n<\/div>\n<\/div>\n<\/div><figcaption class=\"a_m_p\">Alex Pretti forcejeando con agentes federales de inmigraci\u00f3n, en Minneapolis, el pasado 13 de enero.<span class=\"a_m_m\"><span>Foto:<\/span>Max Shapiro (AP) | <span>V\u00eddeo:<\/span>EPV<\/span><\/figcaption><\/header>\n<div class=\"a_md _g _g-xs \">\n<figure class=\"a_md_i a_m-h c_m--nf\"><span class=\"a_m_w _db\"><img decoding=\"async\" alt=\"Iker Seisdedos\" class=\"_re lazyload a_m-h\" height=\"100\" width=\"100\" src=\"https:\/\/analyse.optim.biz\/wp-content\/uploads\/2026\/01\/https3a2f2fauthor-service-images-prod-us-east-1-publishing-aws_-arc_-pub2fprisa2f55d90429-2300-44ec-be26-6c4d252e2e83-6.jpg\" loading=\"lazy\" title=\"https3a2f2fauthor-service-images-prod-us-east-1-publishing-aws_-arc_-pub2fprisa2f55d90429-2300-44ec-be26-6c4d252e2e83-6\"><\/span><\/figure>\n<div class=\"a_md_txt\">\n<div class=\"a_md_a\" data-dtm-region=\"articulo_firma\"><a href=\"https:\/\/elpais.com\/autor\/iker-seisdedos\/#?rel=author_top\" title=\"Ver todas las noticias de Iker Seisdedos\" class=\"a_md_a_n\">Iker Seisdedos<\/a><\/div>\n<div class=\"a_md_f\"><span>Minneapolis &#8211; <a href=\"https:\/\/elpais.com\/hemeroteca\/2026-01-29\/\" data-date=\"2026-01-29T06:01:17+01:00\"><time data-date=\"2026-01-29T06:01:17+01:00\" datetime=\"2026-01-29T06:01:17+01:00\" id=\"article_date_p\">29 ene 2026 &#8211; 06:01<abbr title=\"Central European Time\">CET<\/abbr><\/time><\/a><\/span><\/div>\n<div class=\"w_rs\" data-dtm-region=\"articulo_botonera-social\">\n<div class=\"w_rs_i\"><a class=\"_btn hidden\" href=\"\/\/send?text=Un%20v%C3%ADdeo%20muestra%20un%20altercado%20entre%20Alex%20Pretti%20y%20unos%20agentes%20migratorios%2011%20d%C3%ADas%20antes%20de%20que%20lo%20mataran%0D%0A%0D%0Ahttps%3A%2F%2Felpais.com%2Fus%2Fmigracion%2F2026-01-29%2Fun-video-muestra-un-altercado-entre-alex-pretti-y-unos-agentes-migratorios-11-dias-antes-de-que-lo-mataran.html%3Fssm=whatsapp_CC\" data-action=\"share\/whatsapp\/share\" data-param-description=\"Un v\u00eddeo muestra un altercado entre Alex Pretti y unos agentes migratorios 11 d\u00edas antes de que lo mataran\" data-param-href=\"https:\/\/elpais.com\/us\/migracion\/2026-01-29\/un-video-muestra-un-altercado-entre-alex-pretti-y-unos-agentes-migratorios-11-dias-antes-de-que-lo-mataran.html\" data-param-text=\"Un v\u00eddeo muestra un altercado entre Alex Pretti y unos agentes migratorios 11 d\u00edas antes de que lo mataran https:\/\/elpais.com\/us\/migracion\/2026-01-29\/un-video-muestra-un-altercado-entre-alex-pretti-y-unos-agentes-migratorios-11-dias-antes-de-que-lo-mataran.html\" data-param-url=\"https:\/\/elpais.com\/us\/migracion\/2026-01-29\/un-video-muestra-un-altercado-entre-alex-pretti-y-unos-agentes-migratorios-11-dias-antes-de-que-lo-mataran.html\" target=\"_blank\" rel=\"noopener noreferrer\" data-share-track-dtm=\"whatsapp\" id=\"btn_share_whatsapp_59\"><span class=\"_sr\">Compartir en Whatsapp<\/span><\/a><\/div>\n<div class=\"w_rs_i\"><a class=\"_btn \" href=\"https:\/\/www.facebook.com\/dialog\/share?display=popup&amp;app_id=94039431626&amp;href=https%3A%2F%2Felpais.com%2Fus%2Fmigracion%2F2026-01-29%2Fun-video-muestra-un-altercado-entre-alex-pretti-y-unos-agentes-migratorios-11-dias-antes-de-que-lo-mataran.html%3Fssm=FB_CC&amp;quote=Un%20v%C3%ADdeo%20muestra%20un%20altercado%20entre%20Alex%20Pretti%20y%20unos%20agentes%20migratorios%2011%20d%C3%ADas%20antes%20de%20que%20lo%20mataran\" data-param-app_id=\"94039431626\" data-param-description=\"Un v\u00eddeo muestra un altercado entre Alex Pretti y unos agentes migratorios 11 d\u00edas antes de que lo mataran\" data-param-href=\"https:\/\/elpais.com\/us\/migracion\/2026-01-29\/un-video-muestra-un-altercado-entre-alex-pretti-y-unos-agentes-migratorios-11-dias-antes-de-que-lo-mataran.html\" data-param-text=\"Un v\u00eddeo muestra un altercado entre Alex Pretti y unos agentes migratorios 11 d\u00edas antes de que lo mataran\" data-param-url=\"https:\/\/elpais.com\/us\/migracion\/2026-01-29\/un-video-muestra-un-altercado-entre-alex-pretti-y-unos-agentes-migratorios-11-dias-antes-de-que-lo-mataran.html\" target=\"_blank\" rel=\"noopener noreferrer\" data-share-track-dtm=\"facebook\" id=\"btn_share_facebook_59\"><span class=\"_sr\">Compartir en Facebook<\/span><\/a><\/div>\n<div class=\"w_rs_i\"><a class=\"_btn \" href=\"https:\/\/twitter.com\/intent\/tweet?url=https%3A%2F%2Felpais.com%2Fus%2Fmigracion%2F2026-01-29%2Fun-video-muestra-un-altercado-entre-alex-pretti-y-unos-agentes-migratorios-11-dias-antes-de-que-lo-mataran.html%3Fssm=TW_CC&amp;text=Un%20v%C3%ADdeo%20muestra%20un%20altercado%20entre%20Alex%20Pretti%20y%20unos%20agentes%20migratorios%2011%20d%C3%ADas%20antes%20de%20que%20lo%20mataran&amp;via=el_pais&amp;lang=es\" data-param-description=\"Un v\u00eddeo muestra un altercado entre Alex Pretti y unos agentes migratorios 11 d\u00edas antes de que lo mataran\" data-param-href=\"https:\/\/elpais.com\/us\/migracion\/2026-01-29\/un-video-muestra-un-altercado-entre-alex-pretti-y-unos-agentes-migratorios-11-dias-antes-de-que-lo-mataran.html\" data-param-text=\"Un v\u00eddeo muestra un altercado entre Alex Pretti y unos agentes migratorios 11 d\u00edas antes de que lo mataran via @el_pais\" data-param-url=\"https:\/\/elpais.com\/us\/migracion\/2026-01-29\/un-video-muestra-un-altercado-entre-alex-pretti-y-unos-agentes-migratorios-11-dias-antes-de-que-lo-mataran.html\" target=\"_blank\" rel=\"noopener noreferrer\" data-share-track-dtm=\"twitter\" id=\"btn_share_twitter_59\"><span class=\"_sr\">Compartir en Twitter<\/span><\/a><\/div>\n<div class=\"w_rs_i\"><a class=\"_btn \" href=\"https:\/\/bsky.app\/intent\/compose?text=https%3A%2F%2Felpais.com%2Fus%2Fmigracion%2F2026-01-29%2Fun-video-muestra-un-altercado-entre-alex-pretti-y-unos-agentes-migratorios-11-dias-antes-de-que-lo-mataran.html%3Fssm=bsky_CC\" data-param-description=\"Un v\u00eddeo muestra un altercado entre Alex Pretti y unos agentes migratorios 11 d\u00edas antes de que lo mataran\" data-param-href=\"https:\/\/elpais.com\/us\/migracion\/2026-01-29\/un-video-muestra-un-altercado-entre-alex-pretti-y-unos-agentes-migratorios-11-dias-antes-de-que-lo-mataran.html\" data-param-text=\"Un v\u00eddeo muestra un altercado entre Alex Pretti y unos agentes migratorios 11 d\u00edas antes de que lo mataran\" data-param-url=\"https:\/\/elpais.com\/us\/migracion\/2026-01-29\/un-video-muestra-un-altercado-entre-alex-pretti-y-unos-agentes-migratorios-11-dias-antes-de-que-lo-mataran.html\" target=\"_blank\" rel=\"noopener noreferrer\" data-share-track-dtm=\"bluesky\" id=\"btn_share_bluesky_59\"><span class=\"_sr\">Compartir en Bluesky<\/span><\/a><\/div>\n<div class=\"w_rs_i\"><a class=\"_btn \" href=\"https:\/\/www.linkedin.com\/sharing\/share-offsite\/?url=https%3A%2F%2Felpais.com%2Fus%2Fmigracion%2F2026-01-29%2Fun-video-muestra-un-altercado-entre-alex-pretti-y-unos-agentes-migratorios-11-dias-antes-de-que-lo-mataran.html%3Fssm=LK_CC\" data-param-description=\"Un v\u00eddeo muestra un altercado entre Alex Pretti y unos agentes migratorios 11 d\u00edas antes de que lo mataran\" data-param-href=\"https:\/\/elpais.com\/us\/migracion\/2026-01-29\/un-video-muestra-un-altercado-entre-alex-pretti-y-unos-agentes-migratorios-11-dias-antes-de-que-lo-mataran.html\" data-param-text=\"Un v\u00eddeo muestra un altercado entre Alex Pretti y unos agentes migratorios 11 d\u00edas antes de que lo mataran\" data-param-url=\"https:\/\/elpais.com\/us\/migracion\/2026-01-29\/un-video-muestra-un-altercado-entre-alex-pretti-y-unos-agentes-migratorios-11-dias-antes-de-que-lo-mataran.html\" target=\"_blank\" rel=\"noopener noreferrer\" data-share-track-dtm=\"linkedin\" id=\"btn_share_linkedin_59\"><span class=\"_sr\">Compartir en Linkedin<\/span><\/a><\/div>\n<div class=\"w_rs_i\"><a class=\"_btn rs_l\" href=\"https:\/\/elpais.com\/us\/migracion\/2026-01-29\/un-video-muestra-un-altercado-entre-alex-pretti-y-unos-agentes-migratorios-11-dias-antes-de-que-lo-mataran.html#?prm=copy_link\" data-share-track-dtm=\"copiar_url\" id=\"btn_share_link_14\"><span class=\"_sr\">Copiar enlace<\/span><\/a><\/div>\n<div class=\"w_rs_i\"><a class=\"_btn rs_c\" href=\"https:\/\/elpais.com\/us\/migracion\/2026-01-29\/un-video-muestra-un-altercado-entre-alex-pretti-y-unos-agentes-migratorios-11-dias-antes-de-que-lo-mataran.html#comments_container\" aria-expanded=\"false\" aria-controls=\"me-c\" data-share-track-dtm=\"eskup\" id=\"btn_share_comments_14\"><span class=\"_sr\">Ir a los comentarios<\/span><\/a><\/div>\n<\/div>\n<\/div>\n<\/div>\n<div class=\"a_c clearfix\" data-dtm-region=\"articulo_cuerpo\">\n<p class>Alex Pretti,<a href=\"https:\/\/elpais.com\/videos\/2026-01-25\/la-secuencia-del-asesinato-de-alex-pretti-por-el-ice-en-minneapolis-desde-diferentes-angulos.html\" target=\"_self\" rel title=\"https:\/\/elpais.com\/videos\/2026-01-25\/la-secuencia-del-asesinato-de-alex-pretti-por-el-ice-en-minneapolis-desde-diferentes-angulos.html\"> enfermero estadounidense al que unos agentes de la Patrulla Fronteriza mataron<\/a> por la espalda el s\u00e1bado pasado en Minneapolis, protagoniz\u00f3 11 d\u00edas antes de eso un altercado con una patrulla de la polic\u00eda migratoria de Donald Trump. Un v\u00eddeo dado a conocer este mi\u00e9rcoles muestra esa pelea. <\/p>\n<p class>Lo sac\u00f3 a la luz un medio digital de nuevo cu\u00f1o con sede en Nueva York y llamado <i>The News Movement<\/i> (el movimiento de las noticias). En \u00e9l, se ve a<a href=\"https:\/\/elpais.com\/opinion\/2026-01-29\/en-memoria-de-alex-pretti.html\" target=\"_self\" rel title=\"https:\/\/elpais.com\/opinion\/2026-01-29\/en-memoria-de-alex-pretti.html\"> Pretti participar en una protesta <\/a>contra la actuaci\u00f3n de los agentes del ICE en la ciudad m\u00e1s poblada de Minnesota. Los insulta repetidamente. Les grita: \u201c\u00bfQu\u00e9 est\u00e1is haciendo aqu\u00ed?\u201c. Y parece escupirles, mientras est\u00e1n mont\u00e1ndose en un todoterreno negro. Cuando estos arrancan, hace saltar de dos patadas la luz intermitente trasera derecha del veh\u00edculo. <\/p>\n<p class>Entonces, uno de los agentes sale del coche y corre hacia \u00e9l. Lo derriba y segundos despu\u00e9s, lo suelta. Al levantarse, una pistola asoma por la parte trasera del pantal\u00f3n de Pretti. En los videos que recogen el momento en el que varios agentes federales lo redujeron el s\u00e1bado pasado, la v\u00edctima tambi\u00e9n parece llevar un arma, una 9mm para la que ten\u00eda licencia, en la espalda. Uno de los uniformados se la quita antes de que empiecen a dispararle. <\/p>\n<p class><a href=\"https:\/\/elpais.com\/us\/migracion\/2026-01-25\/la-muerte-a-tiros-de-un-manifestante-a-manos-de-la-policia-migratoria-de-trump-dispara-la-tension-en-minneapolis.html\" target=\"_self\" rel title=\"https:\/\/elpais.com\/us\/migracion\/2026-01-25\/la-muerte-a-tiros-de-un-manifestante-a-manos-de-la-policia-migratoria-de-trump-dispara-la-tension-en-minneapolis.html\">En total, recibi\u00f3 unos 10<\/a> tiros, cuando los agentes lo ten\u00edan reducido, despu\u00e9s haberle rociado con gas pimienta. Pretti se hab\u00eda acercado a ellos con un m\u00f3vil en la mano para interrumpir la detenci\u00f3n de una mujer. En Minnesota es legal portar un arma.<\/p>\n<div id=\"sum_youtube\" data-oembed-type=\"youtube\" class=\"a_em _df _rt _rt-16x9\"><iframe width=\"560\" height=\"315\" loading=\"lazy\" src=\"https:\/\/www.youtube.com\/embed\/CRWR13BAIEs?feature=oembed\" frameborder allow=\"accelerometer; autoplay; clipboard-write; encrypted-media; gyroscope; picture-in-picture; web-share\" referrerpolicy=\"strict-origin-when-cross-origin\" allowfullscreen title=\"Man who appears to be Alex Pretti filmed interacting with federal agents\"><\/iframe><\/div>\n<p class>Al ver la nueva grabaci\u00f3n, datada el 13 de enero, quedan pocas dudas de que el protagonista es Pretti. La familia lo confirm\u00f3 despu\u00e9s de que <i>The News Movement <\/i>publicara el video. \u201cUna semana antes de que Alex fuera asesinado a tiros en la calle, a pesar de no representar ninguna amenaza para nadie, fue agredido violentamente por agentes federales\u201d, declar\u00f3 en un comunicado Steve Schleicher, abogado de la familia de la v\u00edctima. \u201cNada de lo sucedido una semana antes podr\u00eda haber justificado el asesinato de Alex\u201d.<\/p>\n<p class>Los dos agentes federales, miembros de la Patrulla Fronteriza, que le dispararon repetidamente por la espalda a Pretti, enfermero de cuidados intensivos de un hospital de veteranos de Minneapolis, <a href=\"https:\/\/elpais.com\/us\/migracion\/2026-01-28\/suspendidos-de-empleo-los-dos-agentes-de-la-patrulla-fronteriza-que-mataron-a-alex-pretti-en-minneapolis.html\" target=\"_self\" rel title=\"https:\/\/elpais.com\/us\/migracion\/2026-01-28\/suspendidos-de-empleo-los-dos-agentes-de-la-patrulla-fronteriza-que-mataron-a-alex-pretti-en-minneapolis.html\">han sido apartados de sus empleos<\/a>, seg\u00fan inform\u00f3 el mi\u00e9rcoles un funcionario del Departamento de Seguridad Nacional.<\/p>\n<p class>La decisi\u00f3n se conoci\u00f3 despu\u00e9s de que la Administraci\u00f3n de Donald Trump defendiera la actuaci\u00f3n de los agentes, tambi\u00e9n recurriendo a las mentiras, aunque los v\u00eddeos del incidente no dejaran lugar a muchas dudas. <\/p>\n<p class>Seg\u00fan el citado funcionario, la suspensi\u00f3n lleg\u00f3 tan pronto como justo despu\u00e9s del tiroteo, aunque esa declaraci\u00f3n no se compadezca con el hecho de que Trump, la secretaria de Seguridad Nacional, Kristi Noem, Gregory Bovino, comandante al mando del operativo antiinmigraci\u00f3n en Minneapolis, y otros miembros del Gobierno, dijeran con el cad\u00e1ver a\u00fan caliente que Pretti era \u201cun pistolero\u201d, que estaba dispuesto a \u201cprovocar una masacre\u201d, y que la tragedia que el pa\u00eds y el mundo entero pudo ver con sus propios ojos se trat\u00f3 en <a href=\"https:\/\/elpais.com\/us\/migracion\/2026-01-27\/el-religioso-que-simboliza-la-resistencia-al-ice-en-minneapolis-trump-esta-llevando-a-cabo-una-limpieza-etnica.html\" target=\"_self\" rel title=\"https:\/\/elpais.com\/us\/migracion\/2026-01-27\/el-religioso-que-simboliza-la-resistencia-al-ice-en-minneapolis-trump-esta-llevando-a-cabo-una-limpieza-etnica.html\">realidad de un \u201cacto de terrorismo dom\u00e9stico\u201d.<\/a><\/p>\n<figure class=\"a_m a_m-h \"><span class=\"_db a_m_w _pr lb_btn\"><img decoding=\"async\" class=\"_re lazyload a_m-h\" height=\"269\" width=\"414\" src=\"https:\/\/analyse.optim.biz\/wp-content\/uploads\/2026\/01\/5s5cy2tjxzexbbi67cnl752ziu.jpg\" loading=\"lazy\" title=\"5s5cy2tjxzexbbi67cnl752ziu\"><\/span><figcaption class=\"a_m_p\" aria-hidden=\"true\"><span>Alex Pretti, momentos antes de perder la vida. <\/span><span class=\"a_m_m\">Max Shapiro (AP)<\/span><\/figcaption><\/figure>\n<p class>En otra demostraci\u00f3n de que los hechos ya no son lo que eran, el nuevo v\u00eddeo resucit\u00f3 esas acusaciones en las redes sociales de la extrema derecha. Para los activistas que llevan casi dos meses plantando cara a Trump en Minneapolis, si la grabaci\u00f3n demuestra algo es que Pretti estaba \u201cfichado\u201d, y que fue \u201cejecutado a sangre fr\u00eda\u201d.<\/p>\n<\/div>\n<div id=\"me-dis\" class=\"me _pf\">\n<div class=\"me_bg\">\n<div class=\"me-dis _pa _df\">\n<div class=\"me-dis_c\">\n<h2 class=\"me-dis_t\">Tu suscripci\u00f3n se est\u00e1 usando en otro dispositivo<\/h2>\n<p>\u00bfQuieres a\u00f1adir otro usuario a tu suscripci\u00f3n?<\/p>\n<div class=\"me-dis_l\"><a href=\"https:\/\/elpais.com\/suscripciones\/premium\/upgrade\/?utm_source=autopromo&amp;utm_medium=interno&amp;utm_campaign=YYYY_MM_capping_upgrade\" id=\"capping-upgrade\" class=\"btn\">A\u00f1adir usuario<\/a><a href=\"https:\/\/elpais.com\/us\/migracion\/2026-01-29\/un-video-muestra-un-altercado-entre-alex-pretti-y-unos-agentes-migratorios-11-dias-antes-de-que-lo-mataran.html\" id=\"capping-continue\" class=\"btn btn-b\">Continuar leyendo aqu\u00ed<\/a><\/div>\n<p>Si contin\u00faas leyendo en este dispositivo, no se podr\u00e1 leer en el otro.<\/p>\n<p class=\"lk\"><a href=\"https:\/\/elpais.com\/us\/migracion\/2026-01-29\/un-video-muestra-un-altercado-entre-alex-pretti-y-unos-agentes-migratorios-11-dias-antes-de-que-lo-mataran.html\" id=\"capping-show-more-button\">\u00bfPor qu\u00e9 est\u00e1s viendo esto?<\/a><\/p>\n<p><span class=\"arrow\" id=\"capping-arrow\">Flecha<\/span><\/p>\n<div class=\"me-dis_d\">\n<div class=\"me-dis_d_t\">\n<h2 class=\"enc\">Tu suscripci\u00f3n se est\u00e1 usando en otro dispositivo y solo puedes acceder a EL PA\u00cdS desde un dispositivo a la vez.<\/h2>\n<div class=\"tx\">\n<p>Si quieres compartir tu cuenta, cambia tu suscripci\u00f3n a la modalidad Premium, as\u00ed podr\u00e1s a\u00f1adir otro usuario. Cada uno acceder\u00e1 con su propia cuenta de email, lo que os permitir\u00e1 personalizar vuestra experiencia en EL PA\u00cdS.<\/p>\n<p>\u00bfTienes una suscripci\u00f3n de empresa? Accede <a target=\"_blank\" rel=\"noreferrer\" href=\"https:\/\/elpais.com\/suscripciones\/premium\/upgrade\/\">aqu\u00ed<\/a> para contratar m\u00e1s cuentas.<\/p>\n<p>En el caso de no saber qui\u00e9n est\u00e1 usando tu cuenta, te recomendamos cambiar tu contrase\u00f1a <a target=\"_blank\" rel=\"noreferrer\" href=\"https:\/\/elpais.com\/subscriptions\/#\/forgot-password\">aqu\u00ed.<\/a><\/p>\n<p>Si decides continuar compartiendo tu cuenta, este mensaje se mostrar\u00e1 en tu dispositivo y en el de la otra persona que est\u00e1 usando tu cuenta de forma indefinida, afectando a tu experiencia de lectura. Puedes <a target=\"_blank\" rel=\"noreferrer\" href=\"https:\/\/elpais.com\/suscripciones\/condiciones-generales-servicios\/\">consultar aqu\u00ed los t\u00e9rminos y condiciones de la suscripci\u00f3n digital.<\/a><\/p>\n<\/div>\n<\/div>\n<\/div>\n<\/div>\n<\/div>\n<\/div>\n<\/div>\n<aside class=\"w w-sea\">\n<h2 class=\"w_t\">Sobre la firma<\/h2>\n<div class=\"w_b\">\n<div class=\"_g _g-xs\">\n<figure class=\"w-sea_f a_m-h c_m--nf\"><span class=\"a_m_w _db\"><img decoding=\"async\" alt=\"Iker Seisdedos\" class=\"_re lazyload a_m-h\" height=\"100\" width=\"100\" src=\"https:\/\/analyse.optim.biz\/wp-content\/uploads\/2026\/01\/https3a2f2fauthor-service-images-prod-us-east-1-publishing-aws_-arc_-pub2fprisa2f55d90429-2300-44ec-be26-6c4d252e2e83-6.jpg\" loading=\"lazy\" title=\"https3a2f2fauthor-service-images-prod-us-east-1-publishing-aws_-arc_-pub2fprisa2f55d90429-2300-44ec-be26-6c4d252e2e83-6\"><\/span><\/figure>\n<div class=\"w-sea_txt\">\n<div class=\"_df\">\n<div class=\"w-sea_txt_na\"><a href=\"https:\/\/elpais.com\/autor\/iker-seisdedos\/\" rel=\"autor_bottom\">Iker Seisdedos<\/a><\/div>\n<\/div>\n<div class=\"w-sea_txt_da _dn\">Es corresponsal jefe de EL PA\u00cdS en EE UU. Licenciado en Derecho Econ\u00f3mico por la Universidad de Deusto y m\u00e1ster de Periodismo UAM \/ EL PA\u00cdS, trabaja en el diario desde 2004, casi siempre vinculado al \u00e1rea cultural. Tras su paso por las secciones El Viajero, Tentaciones y El Pa\u00eds Semanal, ha sido redactor jefe de Domingo, Ideas, Cultura y Babelia.<\/div>\n<\/div>\n<\/div>\n<\/div>\n<\/aside>\n<aside class=\"w w-fid\">\n<div class=\"w_b\">\n<div class=\"w-fid_t\"><a href=\"https:\/\/usuarios.elpais.com\/newsletters\/#?id_externo_promo=not_newsletters_gen\">Recibe la mejor informaci\u00f3n en tu bandeja de entrada<\/a><\/div>\n<div class=\"w-fid_s\">\n<div class=\"w_rs\">\n<div class=\"w_rs_i\"><a class=\"_btn\" href=\"https:\/\/www.facebook.com\/elpaisamerica\/?locale=es_LA\" rel=\"nofollow\"><span class=\"_sr\">Us El Pa\u00eds US en Facebook<\/span><\/a><\/div>\n<div class=\"w_rs_i\"><a class=\"_btn\" href=\"https:\/\/www.instagram.com\/el_paisus\/\" rel=\"nofollow\"><span class=\"_sr\">Us El Pa\u00eds US en Instagram<\/span><\/a><\/div>\n<div class=\"w_rs_i\"><a class=\"_btn\" href=\"https:\/\/x.com\/el_paisus\" rel=\"nofollow\"><span class=\"_sr\">Us El Pa\u00eds US en Twitter<\/span><\/a><\/div>\n<\/div>\n<\/div>\n<\/div>\n<\/aside>\n<aside class=\"a_com w w-com _df\"><a class=\"a_com_l\" href=\"https:\/\/elpais.com\/info\/normas-de-participacion\/\">Normas \u203a<\/a><\/aside>\n<div class=\"me _pf\" id=\"me-c\">\n<div class=\"me_bg\">\n<div class=\"me-c _pa\" id=\"comments_container\" data-dtm-region=\"articulo_comentarios\">\n<div class=\"me_f me_f-os me_cc\"><a href=\"https:\/\/plus.elpais.com\/perfil\/actividad\/\">Mis comentarios<\/a><a href=\"https:\/\/elpais.com\/info\/normas-de-participacion\/\">Normas<\/a><\/div>\n<div class=\"me_f me_f-ns\"><span class=\"me_f_txt _db\">Rellena tu <b>nombre y apellido<\/b> para comentar<\/span><a href=\"https:\/\/plus.elpais.com\/autorization.html\/?prod=COM&amp;backURL=https%3A%2F%2Felpais.com%2Fus%2Fmigracion%2F2026-01-29%2Fun-video-muestra-un-altercado-entre-alex-pretti-y-unos-agentes-migratorios-11-dias-antes-de-que-lo-mataran.html\" class=\"btn btn-2\">completar datos<\/a><\/div>\n<div class=\"me_f\" id=\"comments_msg\"><a class=\"btn btn-2\" href=\"https:\/\/elpais.com\/suscripciones\/#\/campaign?prod=SUSDIGCRART&amp;o=COM&amp;prm=suscrip_articulo_comentarios_el-pais&amp;backURL=https%3A%2F%2Felpais.com%2Fus%2Fmigracion%2F2026-01-29%2Fun-video-muestra-un-altercado-entre-alex-pretti-y-unos-agentes-migratorios-11-dias-antes-de-que-lo-mataran.html\" id=\"comments_subscribe_link\" data-link-am=\"https:\/\/elpais.com\/suscripciones\/america\/#\/campaign?prod=SUSDIGCRARTAM&amp;o=COMAM&amp;prm=suscrip_articulo_comentarios_el-pais-america&amp;backURL=https%3A%2F%2Felpais.com%2Fus%2Fmigracion%2F2026-01-29%2Fun-video-muestra-un-altercado-entre-alex-pretti-y-unos-agentes-migratorios-11-dias-antes-de-que-lo-mataran.html\" data-link-mx=\"https:\/\/elpais.com\/suscripciones\/america\/#\/campaign?prod=SUSDIGMX&amp;o=COMMX&amp;prm=suscrip_articulo_comentarios_el-pais-mexico&amp;backURL=https%3A%2F%2Felpais.com%2Fus%2Fmigracion%2F2026-01-29%2Fun-video-muestra-un-altercado-entre-alex-pretti-y-unos-agentes-migratorios-11-dias-antes-de-que-lo-mataran.html\" data-link-co=\"https:\/\/elpais.com\/suscripciones\/america\/#\/campaign?prod=SUSDIGCOL&amp;o=COMCOL&amp;prm=suscrip_articulo_comentarios_el-pais_colombia&amp;backURL=https%3A%2F%2Felpais.com%2Fus%2Fmigracion%2F2026-01-29%2Fun-video-muestra-un-altercado-entre-alex-pretti-y-unos-agentes-migratorios-11-dias-antes-de-que-lo-mataran.html\" data-link-ar=\"https:\/\/elpais.com\/suscripciones\/america\/#\/campaign?prod=SUSDIGCRARTAR&amp;o=COMAR&amp;backURL=https%3A%2F%2Felpais.com%2Fus%2Fmigracion%2F2026-01-29%2Fun-video-muestra-un-altercado-entre-alex-pretti-y-unos-agentes-migratorios-11-dias-antes-de-que-lo-mataran.html\" data-link-cl=\"https:\/\/elpais.com\/suscripciones\/america\/#\/campaign?prod=SUSDIGCHILE&amp;o=COMCHILE&amp;backURL=https%3A%2F%2Felpais.com%2Fus%2Fmigracion%2F2026-01-29%2Fun-video-muestra-un-altercado-entre-alex-pretti-y-unos-agentes-migratorios-11-dias-antes-de-que-lo-mataran.html\" data-link-us=\"https:\/\/elpais.com\/suscripciones\/america\/#\/campaign?prod=SUSDIGCRARTEUCAN&amp;o=COMUS&amp;prm=suscrip_articulo_comentarios_el-pais_eucan&amp;backURL=https%3A%2F%2Felpais.com%2Fus%2Fmigracion%2F2026-01-29%2Fun-video-muestra-un-altercado-entre-alex-pretti-y-unos-agentes-migratorios-11-dias-antes-de-que-lo-mataran.html\">Suscr\u00edbete en El Pa\u00eds para participar<\/a><a class=\"btn btn-3\" href=\"https:\/\/elpais.com\/subscriptions\/#\/sign-in?prod=REG&amp;o=COM&amp;prm=login_articulo_comentarios_el-pais&amp;backURL=https%3A%2F%2Felpais.com%2Fus%2Fmigracion%2F2026-01-29%2Fun-video-muestra-un-altercado-entre-alex-pretti-y-unos-agentes-migratorios-11-dias-antes-de-que-lo-mataran.html\" id=\"comments_login_link\" data-link-am=\"https:\/\/elpais.com\/subscriptions\/#\/sign-in?prod=REG&amp;o=COM&amp;prm=login_articulo_comentarios_el-pais-america&amp;backURL=https%3A%2F%2Felpais.com%2Fus%2Fmigracion%2F2026-01-29%2Fun-video-muestra-un-altercado-entre-alex-pretti-y-unos-agentes-migratorios-11-dias-antes-de-que-lo-mataran.html\" data-link-mx=\"https:\/\/elpais.com\/subscriptions\/#\/sign-in?prod=REG&amp;o=COM&amp;prm=login_articulo_comentarios_el-pais-mexico&amp;backURL=https%3A%2F%2Felpais.com%2Fus%2Fmigracion%2F2026-01-29%2Fun-video-muestra-un-altercado-entre-alex-pretti-y-unos-agentes-migratorios-11-dias-antes-de-que-lo-mataran.html\" data-link-co=\"https:\/\/elpais.com\/subscriptions\/#\/sign-in?prod=REG&amp;o=COM&amp;backURL=https%3A%2F%2Felpais.com%2Fus%2Fmigracion%2F2026-01-29%2Fun-video-muestra-un-altercado-entre-alex-pretti-y-unos-agentes-migratorios-11-dias-antes-de-que-lo-mataran.html\" data-link-ar=\"https:\/\/elpais.com\/subscriptions\/#\/sign-in?prod=REG&amp;o=COM&amp;backURL=https%3A%2F%2Felpais.com%2Fus%2Fmigracion%2F2026-01-29%2Fun-video-muestra-un-altercado-entre-alex-pretti-y-unos-agentes-migratorios-11-dias-antes-de-que-lo-mataran.html\" data-link-cl=\"https:\/\/elpais.com\/subscriptions\/#\/sign-in?prod=REG&amp;o=COM&amp;backURL=https%3A%2F%2Felpais.com%2Fus%2Fmigracion%2F2026-01-29%2Fun-video-muestra-un-altercado-entre-alex-pretti-y-unos-agentes-migratorios-11-dias-antes-de-que-lo-mataran.html\" data-link-us=\"https:\/\/elpais.com\/subscriptions\/#\/sign-in?prod=REG&amp;o=COM&amp;backURL=https%3A%2F%2Felpais.com%2Fus%2Fmigracion%2F2026-01-29%2Fun-video-muestra-un-altercado-entre-alex-pretti-y-unos-agentes-migratorios-11-dias-antes-de-que-lo-mataran.html\">Ya tengo una suscripci\u00f3n<\/a><\/div>\n<p>Please enable JavaScript to view the &lt;a href=&#8221;https:\/\/disqus.com\/?ref_noscript&#8221; rel=&#8221;nofollow&#8221;&gt; comments powered by Disqus.&lt;\/a&gt;<\/p><\/div>\n<\/div>\n<\/div>\n<aside class=\"w w-rel\" data-dtm-region=\"articulo_mas-informacion\">\n<h2 class=\"w_t\">M\u00e1s informaci\u00f3n<\/h2>\n<ul class=\"w_b _ls\">\n<li class=\"_g _g-xs w-rel_n\">\n<div class=\" a_m-h c_m--nf\"><span class=\"_db _pr\"><img decoding=\"async\" class=\"_re lazyload a_m-h\" height=\"311\" width=\"414\" src=\"https:\/\/analyse.optim.biz\/wp-content\/uploads\/2026\/01\/o7mtdtzmnrbzbgcp7xgxqoyta4-2.jpg\" loading=\"lazy\" title=\"o7mtdtzmnrbzbgcp7xgxqoyta4-2\"><\/span><\/div>\n<div class=\"nt\">\n<h3 class=\"nt_t\"><a href=\"https:\/\/elpais.com\/cultura\/2026-01-28\/bruce-springsteen-lanza-streets-of-minneapolis-un-tema-en-protesta-contra-ice-el-ejercito-privado-de-trump-y-en-memoria-de-alex-pretti-y-renee-good.html#?rel=mas\">Bruce Springsteen lanza \u2018Streets of Minneapolis\u2019, un tema en protesta contra ICE, \u201cel ej\u00e9rcito privado de Trump\u201d, y \u201cen memoria de Alex Pretti y Renee Good\u201d<\/a><\/h3>\n<div class=\"nt_a\"><a href=\"https:\/\/elpais.com\/autor\/maria-porcel\/\" title=\"Ver todas las noticias de Mar\u00eda Porcel\">Mar\u00eda Porcel<\/a> | Los \u00c1ngeles<\/div>\n<\/div>\n<\/li>\n<li class=\"_g _g-xs w-rel_n\">\n<div class=\" a_m-h c_m--nf\"><span class=\"_db _pr\"><img decoding=\"async\" class=\"_re lazyload a_m-h\" height=\"311\" width=\"414\" src=\"https:\/\/analyse.optim.biz\/wp-content\/uploads\/2026\/01\/cg5bmt2oqzasvm7ux7onmpp2vi-1.jpg\" loading=\"lazy\" title=\"cg5bmt2oqzasvm7ux7onmpp2vi-1\"><\/span><\/div>\n<div class=\"nt\">\n<h3 class=\"nt_t\"><a href=\"https:\/\/elpais.com\/us\/migracion\/2026-01-28\/suspendidos-de-empleo-los-dos-agentes-de-la-patrulla-fronteriza-que-mataron-a-alex-pretti-en-minneapolis.html#?rel=mas\">Suspendidos de empleo los dos agentes de la Patrulla Fronteriza que mataron a Alex Pretti en Minneapolis<\/a><\/h3>\n<div class=\"nt_a\"><a href=\"https:\/\/elpais.com\/autor\/iker-seisdedos\/\" title=\"Ver todas las noticias de Iker Seisdedos\">Iker Seisdedos<\/a> | Minneapolis<\/div>\n<\/div>\n<\/li>\n<\/ul>\n<\/aside>\n<section class=\"w w-ae\" data-dtm-region=\"articulo_archivado-en\">\n<h2 class=\"w_t\">Archivado En<\/h2>\n<div class=\"w_b\">\n<ul class=\"w_ul w_ul--mh _df _ls\">\n<li><a href=\"https:\/\/elpais.com\/noticias\/estados-unidos\/#?rel=arch\" rel=\"noopener noreferrer\">Estados Unidos<\/a><\/li>\n<li><a href=\"https:\/\/elpais.com\/noticias\/america\/#?rel=arch\" rel=\"noopener noreferrer\">Am\u00e9rica<\/a><\/li>\n<li><a href=\"https:\/\/elpais.com\/noticias\/migrantes\/#?rel=arch\" rel=\"noopener noreferrer\">Migrantes<\/a><\/li>\n<li><a href=\"https:\/\/elpais.com\/noticias\/inmigrantes\/#?rel=arch\" rel=\"noopener noreferrer\">Inmigrantes<\/a><\/li>\n<li><a href=\"https:\/\/elpais.com\/noticias\/ice-servicio-control-inmigracion-aduanas\/#?rel=arch\" rel=\"noopener noreferrer\">ICE<\/a><\/li>\n<li><a href=\"https:\/\/elpais.com\/noticias\/migracion\/#?rel=arch\" rel=\"noopener noreferrer\">Migraci\u00f3n<\/a><\/li>\n<li><a href=\"https:\/\/elpais.com\/noticias\/deportacion\/#?rel=arch\" rel=\"noopener noreferrer\">Deportaci\u00f3n<\/a><\/li>\n<li><a href=\"https:\/\/elpais.com\/noticias\/crisis-migratoria\/#?rel=arch\" rel=\"noopener noreferrer\">Crisis migratoria<\/a><\/li>\n<li><a href=\"https:\/\/elpais.com\/noticias\/inmigracion\/#?rel=arch\" rel=\"noopener noreferrer\">Inmigraci\u00f3n<\/a><\/li>\n<li><a href=\"https:\/\/elpais.com\/noticias\/inmigracion-irregular\/#?rel=arch\" rel=\"noopener noreferrer\">Inmigraci\u00f3n irregular<\/a><\/li>\n<li><a href=\"https:\/\/elpais.com\/noticias\/kristi-noem\/#?rel=arch\" rel=\"noopener noreferrer\">Kristi Noem<\/a><\/li>\n<li><a href=\"https:\/\/elpais.com\/noticias\/donald-trump\/#?rel=arch\" rel=\"noopener noreferrer\">Donald Trump<\/a><\/li>\n<\/ul>\n<\/div>\n<\/section>\n<aside class=\"a_tp _df\">\n<div class=\"a_tp_txt\"><span class=\"a_tp_t\">Se adhiere a los criterios de<\/span><\/p>\n<figure class=\"a_m a_m-h c_m--nf\"><a class=\"a_tp_i _dib\" href=\"https:\/\/elpais.com\/estaticos\/que-es-the-trust-project\/\" target=\"_blank\" rel=\"noopener noreferrer nofollow\"><img decoding=\"async\" alt=\"The Trust Project\" class=\" lazyload a_m-h\" height=\"20\" width=\"117\" src=\"https:\/\/analyse.optim.biz\/wp-content\/uploads\/2026\/01\/the-trust-project-376.svg\" loading=\"lazy\" title=\"the-trust-project-376\"><\/a><\/figure>\n<p><a class=\"a_tp_mi\" href=\"https:\/\/elpais.com\/estaticos\/codigo-etico\/\" target=\"_blank\" rel=\"noopener noreferrer nofollow\">M\u00e1s informaci\u00f3n<\/a><\/div>\n<div class=\"a_tp_si\">Si est\u00e1 interesado en licenciar este contenido, pinche <a class=\"a_tp_si_l\" href=\"https:\/\/profesional.elpais.com\/soluciones-sindicacion\/?utm_medium=interno&amp;utm_source=crosslinking&amp;utm_campaign=sindicacion_ep_pie_articulos\" target=\"_blank\" rel=\"noopener noreferrer nofollow\">aqu\u00ed<\/a><\/div>\n<\/aside>\n<div class=\"a_o _pr\" data-dtm-region=\"articulo_right-rail\">\n<div id=\"elpais_gpt-MPU1\" data-adtype=\"MPU\" class=\"ad ad-mpu\"><span class=\"_dn\">_<\/span><\/div>\n<section class=\"w w-sc b_col\" data-dtm-region=\"articulo_ultimas-noticias\">\n<header class=\"w_h b_col_h\">\n<h3 class=\"w_t\"><a href=\"https:\/\/elpais.com\/ultimas-noticias\/\" rel=\"story-card-ultimas-noticias\">\u00daltimas noticias<\/a><\/h3>\n<\/header>\n<div class=\"w_b\">\n<article class=\"c  c--m-n   \" data-word=\"0\">\n<header class=\"c_h\"><time datetime=\"2026-01-29T17:44:31+01:00\" class=\"c_da\">17:44<\/time><\/p>\n<h2 class=\"c_t \"><a href=\"https:\/\/elpais.com\/espana\/madrid\/2026-01-29\/ayuso-no-acatara-la-orden-de-prohibir-la-entrada-a-menores-de-18-anos-a-las-corridas-de-toros.html\">Ayuso no acatar\u00e1 la orden de prohibir la entrada a menores de 18 a\u00f1os a las corridas de toros<\/a><\/h2>\n<\/header>\n<\/article>\n<article class=\"c  c--m-n   \" data-word=\"0\">\n<header class=\"c_h\"><time datetime=\"2026-01-29T17:42:11+01:00\" class=\"c_da\">17:42<\/time><\/p>\n<h2 class=\"c_t \"><a href=\"https:\/\/elpais.com\/sociedad\/2026-01-29\/la-fiscalia-investiga-la-administracion-de-vacunas-caducadas-a-103-personas-en-el-pais-vasco.html\">La Fiscal\u00eda investiga la administraci\u00f3n de vacunas caducadas a 103 personas en el Pa\u00eds Vasco<\/a><\/h2>\n<\/header>\n<\/article>\n<article class=\"c  c--m-n   \" data-word=\"0\">\n<header class=\"c_h\"><time datetime=\"2026-01-29T17:25:34+01:00\" class=\"c_da\">17:25<\/time><\/p>\n<h2 class=\"c_t \"><a href=\"https:\/\/elpais.com\/america\/2026-01-29\/joseph-oughourlian-debemos-defender-el-pensamiento-critico-y-la-verdad-cueste-lo-que-cueste.html\">Joseph Oughourlian: \u201cDebemos defender el pensamiento cr\u00edtico y la verdad, cueste lo que cueste\u201d<\/a><\/h2>\n<\/header>\n<\/article>\n<article class=\"c  c--m-n   \" data-word=\"0\">\n<header class=\"c_h\"><time datetime=\"2026-01-29T17:24:19+01:00\" class=\"c_da\">17:24<\/time><\/p>\n<h2 class=\"c_t \"><a href=\"https:\/\/elpais.com\/america\/2026-01-29\/el-segundo-dia-del-foro-economico-internacional-de-america-latina-y-el-caribe-en-imagenes.html\">El segundo d\u00eda del Foro Econ\u00f3mico Internacional de Am\u00e9rica Latina y el Caribe, en im\u00e1genes<\/a><\/h2>\n<\/header>\n<\/article>\n<\/div>\n<\/section>\n<aside class=\"w w-lmv\" data-dtm-region=\"articulo_lom\">\n<h2 class=\"w_t\"><a href=\"https:\/\/elpais.com\/lo-mas-visto\/\">Lo m\u00e1s visto<\/a><\/h2>\n<div class=\"w_b\">\n<ol class=\"_ls\">\n<li><a href=\"https:\/\/elpais.com\/us\/migracion\/2026-01-27\/la-campana-contra-la-inmigracion-de-trump-rebaja-a-la-mitad-el-crecimiento-de-la-poblacion-en-estados-unidos.html#?rel=lom\">La campa\u00f1a contra la inmigraci\u00f3n de Trump rebaja a la mitad el crecimiento de la poblaci\u00f3n en Estados Unidos<\/a><\/li>\n<li><a href=\"https:\/\/elpais.com\/us\/migracion\/2026-01-28\/california-avanza-la-ley-no-kings-para-permitir-demandas-contra-agentes-del-ice.html#?rel=lom\">California avanza la \u2018Ley No Kings\u2019 para permitir demandas contra agentes del ICE<\/a><\/li>\n<li><a href=\"https:\/\/elpais.com\/us\/migracion\/2026-01-28\/el-gobierno-de-ecuador-denuncia-que-un-agente-del-ice-intento-entrar-a-su-consulado-en-minneapolis.html#?rel=lom\">El Gobierno de Ecuador denuncia que un agente del ICE intent\u00f3 entrar a su consulado en Minneapolis<\/a><\/li>\n<li><a href=\"https:\/\/elpais.com\/us\/migracion\/2026-01-28\/un-aspirante-a-asesino-y-una-izquierdista-trastornada-asi-ha-justificado-el-gobierno-de-trump-los-ultimos-asesinatos-del-ice.html#?rel=lom\">\u201cUn aspirante a asesino\u201d y una \u201cizquierdista trastornada\u201d: as\u00ed ha justificado el Gobierno de Trump los \u00faltimos asesinatos del ICE<\/a><\/li>\n<li><a href=\"https:\/\/elpais.com\/america\/2026-01-28\/marco-rubio-estados-unidos-usara-la-fuerza-si-rodriguez-no-coopera-en-venezuela.html#?rel=lom\">Marco Rubio: \u201cEstados Unidos usar\u00e1 la fuerza si Rodr\u00edguez no coopera en Venezuela\u201d<\/a><\/li>\n<\/ol>\n<\/div>\n<\/aside>\n<\/div>\n<\/article>\n<article class=\"c  c--m-n   \" data-word=\"0\">\n<header class=\"c_h\"><time datetime=\"2026-01-29T17:44:31+01:00\" class=\"c_da\">17:44<\/time><\/p>\n<h2 class=\"c_t \"><a href=\"https:\/\/elpais.com\/espana\/madrid\/2026-01-29\/ayuso-no-acatara-la-orden-de-prohibir-la-entrada-a-menores-de-18-anos-a-las-corridas-de-toros.html\">Ayuso no acatar\u00e1 la orden de prohibir la entrada a menores de 18 a\u00f1os a las corridas de toros<\/a><\/h2>\n<\/header>\n<\/article>\n<article class=\"c  c--m-n   \" data-word=\"0\">\n<header class=\"c_h\"><time datetime=\"2026-01-29T17:42:11+01:00\" class=\"c_da\">17:42<\/time><\/p>\n<h2 class=\"c_t \"><a href=\"https:\/\/elpais.com\/sociedad\/2026-01-29\/la-fiscalia-investiga-la-administracion-de-vacunas-caducadas-a-103-personas-en-el-pais-vasco.html\">La Fiscal\u00eda investiga la administraci\u00f3n de vacunas caducadas a 103 personas en el Pa\u00eds Vasco<\/a><\/h2>\n<\/header>\n<\/article>\n<article class=\"c  c--m-n   \" data-word=\"0\">\n<header class=\"c_h\"><time datetime=\"2026-01-29T17:25:34+01:00\" class=\"c_da\">17:25<\/time><\/p>\n<h2 class=\"c_t \"><a href=\"https:\/\/elpais.com\/america\/2026-01-29\/joseph-oughourlian-debemos-defender-el-pensamiento-critico-y-la-verdad-cueste-lo-que-cueste.html\">Joseph Oughourlian: \u201cDebemos defender el pensamiento cr\u00edtico y la verdad, cueste lo que cueste\u201d<\/a><\/h2>\n<\/header>\n<\/article>\n<article class=\"c  c--m-n   \" data-word=\"0\">\n<header class=\"c_h\"><time datetime=\"2026-01-29T17:24:19+01:00\" class=\"c_da\">17:24<\/time><\/p>\n<h2 class=\"c_t \"><a href=\"https:\/\/elpais.com\/america\/2026-01-29\/el-segundo-dia-del-foro-economico-internacional-de-america-latina-y-el-caribe-en-imagenes.html\">El segundo d\u00eda del Foro Econ\u00f3mico Internacional de Am\u00e9rica Latina y el Caribe, en im\u00e1genes<\/a><\/h2>\n<\/header>\n<\/article>\n<p> Source URL: https:\/\/elpais.com\/us\/migracion\/2026-01-29\/un-video-muestra-un-altercado-entre-alex-pretti-y-unos-agentes-migratorios-11-dias-antes-de-que-lo-mataran.html<\/p>\n","protected":false},"excerpt":{"rendered":"<p>ICE Un v\u00eddeo muestra un altercado entre Alex Pretti y unos agentes migratorios 11 d\u00edas antes de que lo mataran El abogado de la familia confirma que el hombre que aparece en la grabaci\u00f3n es el enfermero de 37 a\u00f1os tiroteado el s\u00e1bado pasado en Minneapolis V\u00eddeo de Alex Preti en un enfrentamiento contra el [&hellip;]<\/p>\n","protected":false},"author":1,"featured_media":1543473,"comment_status":"open","ping_status":"","sticky":false,"template":"","format":"standard","meta":{"footnotes":""},"categories":[88],"tags":[92],"class_list":["post-1543472","post","type-post","status-publish","format-standard","has-post-thumbnail","hentry","category-spain","tag-elpais-com"],"_links":{"self":[{"href":"https:\/\/analyse.optim.biz\/index.php?rest_route=\/wp\/v2\/posts\/1543472","targetHints":{"allow":["GET"]}}],"collection":[{"href":"https:\/\/analyse.optim.biz\/index.php?rest_route=\/wp\/v2\/posts"}],"about":[{"href":"https:\/\/analyse.optim.biz\/index.php?rest_route=\/wp\/v2\/types\/post"}],"author":[{"embeddable":true,"href":"https:\/\/analyse.optim.biz\/index.php?rest_route=\/wp\/v2\/users\/1"}],"replies":[{"embeddable":true,"href":"https:\/\/analyse.optim.biz\/index.php?rest_route=%2Fwp%2Fv2%2Fcomments&post=1543472"}],"version-history":[{"count":0,"href":"https:\/\/analyse.optim.biz\/index.php?rest_route=\/wp\/v2\/posts\/1543472\/revisions"}],"wp:featuredmedia":[{"embeddable":true,"href":"https:\/\/analyse.optim.biz\/index.php?rest_route=\/wp\/v2\/media\/1543473"}],"wp:attachment":[{"href":"https:\/\/analyse.optim.biz\/index.php?rest_route=%2Fwp%2Fv2%2Fmedia&parent=1543472"}],"wp:term":[{"taxonomy":"category","embeddable":true,"href":"https:\/\/analyse.optim.biz\/index.php?rest_route=%2Fwp%2Fv2%2Fcategories&post=1543472"},{"taxonomy":"post_tag","embeddable":true,"href":"https:\/\/analyse.optim.biz\/index.php?rest_route=%2Fwp%2Fv2%2Ftags&post=1543472"}],"curies":[{"name":"wp","href":"https:\/\/api.w.org\/{rel}","templated":true}]}}