{"id":1543418,"date":"2026-01-29T04:30:00","date_gmt":"2026-01-29T01:30:00","guid":{"rendered":"https:\/\/analyse.optim.biz\/?p=1543418"},"modified":"2026-01-29T04:30:00","modified_gmt":"2026-01-29T01:30:00","slug":"que-es-el-ice-y-cual-es-la-diferencia-con-la-patrulla-fronteriza-claves-para-entender-la-policia-migratoria-de-trump","status":"publish","type":"post","link":"https:\/\/analyse.optim.biz\/?p=1543418","title":{"rendered":"\u00bfQu\u00e9 es el ICE? \u00bfY cu\u00e1l es la diferencia con la Patrulla Fronteriza? Claves para entender la polic\u00eda migratoria de Trump"},"content":{"rendered":"<article id=\"main-content\" class=\"a _g _g-lg _g-o\">\n<header class=\"a_e _g _g-xs\">\n<div class=\"a_e_txt _df\">\n<div class=\"a_k _df\"><a class=\"a_k_n\" href=\"https:\/\/elpais.com\/noticias\/inmigracion\/\">agentes de Inmigraci\u00f3n<\/a><\/div>\n<h1 class=\"a_t\">\u00bfQu\u00e9 es el ICE? \u00bfY cu\u00e1l es la diferencia con la Patrulla Fronteriza? Claves para entender la polic\u00eda migratoria de Trump <\/h1>\n<p class=\"a_st\">Ambas agencias, que se encuentran sobre el terreno en ciudades como Minneapolis, han expandido significativamente sus capacidades en la segunda era del republicano <\/p>\n<\/div>\n<div class=\"a_e_m\">\n<figure class=\"a_m a_m-h \"><span class=\"a_m_w _db\"><img fetchpriority=\"high\" decoding=\"async\" alt=\"Key points Trump\u2019s immigration enforcement\" class=\"_re  a_m-h\" height=\"233\" width=\"414\" src=\"https:\/\/analyse.optim.biz\/wp-content\/uploads\/2026\/01\/x7phbnx5wzhlzozuppr3eaquze-1.jpg\" loading=\"eager\" title=\"x7phbnx5wzhlzozuppr3eaquze-1\"><\/span><figcaption class=\"a_m_p\" aria-hidden=\"true\"><span>Agentes federales durante una protesta en Minneapolis, el 24 de enero.<\/span><span class=\"a_m_m\">CRAIG LASSIG (EFE)<\/span><\/figcaption><\/figure>\n<\/div>\n<\/header>\n<div class=\"a_md _g _g-xs \">\n<figure class=\"a_md_i a_m-h c_m--nf\"><span class=\"a_m_w _db\"><img decoding=\"async\" alt=\"Paola Nagovitch\" class=\"_re lazyload a_m-h\" height=\"100\" width=\"100\" src=\"https:\/\/analyse.optim.biz\/wp-content\/uploads\/2026\/01\/https3a2f2fauthor-service-images-prod-us-east-1-publishing-aws_-arc_-pub2fprisa2fbe7b865a-c7ed-4934-bbb8-be291ceaff00.jpg\" loading=\"lazy\" title=\"https3a2f2fauthor-service-images-prod-us-east-1-publishing-aws_-arc_-pub2fprisa2fbe7b865a-c7ed-4934-bbb8-be291ceaff00\"><\/span><\/figure>\n<div class=\"a_md_txt\">\n<div class=\"a_md_a\" data-dtm-region=\"articulo_firma\"><a href=\"https:\/\/elpais.com\/autor\/paola-angeli-semidey-nagovitch\/#?rel=author_top\" title=\"Ver todas las noticias de Paola Nagovitch\" class=\"a_md_a_n\">Paola Nagovitch<\/a><\/div>\n<div class=\"a_md_f\"><span>Nueva York &#8211; <a href=\"https:\/\/elpais.com\/hemeroteca\/2026-01-29\/\" data-date=\"2026-01-29T05:30:00+01:00\"><time data-date=\"2026-01-29T05:30:00+01:00\" datetime=\"2026-01-29T05:30:00+01:00\" id=\"article_date_p\">29 ene 2026 &#8211; 05:30<abbr title=\"Central European Time\">CET<\/abbr><\/time><\/a><\/span><\/div>\n<div class=\"w_rs\" data-dtm-region=\"articulo_botonera-social\">\n<div class=\"w_rs_i\"><a class=\"_btn hidden\" href=\"\/\/send?text=%C2%BFQu%C3%A9%20es%20el%20ICE%3F%20%C2%BFY%20cu%C3%A1l%20es%20la%20diferencia%20con%20la%20Patrulla%20Fronteriza%3F%20Claves%20para%20entender%20la%20polic%C3%ADa%20migratoria%20de%20Trump%20%0D%0A%0D%0Ahttps%3A%2F%2Felpais.com%2Fus%2Fmigracion%2F2026-01-29%2Fque-es-el-ice-y-cual-es-la-diferencia-con-la-patrulla-fronteriza-claves-para-entender-la-policia-migratoria-de-trump.html%3Fssm=whatsapp_CC\" data-action=\"share\/whatsapp\/share\" data-param-description=\"\u00bfQu\u00e9 es el ICE? \u00bfY cu\u00e1l es la diferencia con la Patrulla Fronteriza? Claves para entender la polic\u00eda migratoria de Trump \" data-param-href=\"https:\/\/elpais.com\/us\/migracion\/2026-01-29\/que-es-el-ice-y-cual-es-la-diferencia-con-la-patrulla-fronteriza-claves-para-entender-la-policia-migratoria-de-trump.html\" data-param-text=\"\u00bfQu\u00e9 es el ICE? \u00bfY cu\u00e1l es la diferencia con la Patrulla Fronteriza? Claves para entender la polic\u00eda migratoria de Trump  https:\/\/elpais.com\/us\/migracion\/2026-01-29\/que-es-el-ice-y-cual-es-la-diferencia-con-la-patrulla-fronteriza-claves-para-entender-la-policia-migratoria-de-trump.html\" data-param-url=\"https:\/\/elpais.com\/us\/migracion\/2026-01-29\/que-es-el-ice-y-cual-es-la-diferencia-con-la-patrulla-fronteriza-claves-para-entender-la-policia-migratoria-de-trump.html\" target=\"_blank\" rel=\"noopener noreferrer\" data-share-track-dtm=\"whatsapp\" id=\"btn_share_whatsapp_60\"><span class=\"_sr\">Compartir en Whatsapp<\/span><\/a><\/div>\n<div class=\"w_rs_i\"><a class=\"_btn \" href=\"https:\/\/www.facebook.com\/dialog\/share?display=popup&amp;app_id=94039431626&amp;href=https%3A%2F%2Felpais.com%2Fus%2Fmigracion%2F2026-01-29%2Fque-es-el-ice-y-cual-es-la-diferencia-con-la-patrulla-fronteriza-claves-para-entender-la-policia-migratoria-de-trump.html%3Fssm=FB_CC&amp;quote=%C2%BFQu%C3%A9%20es%20el%20ICE%3F%20%C2%BFY%20cu%C3%A1l%20es%20la%20diferencia%20con%20la%20Patrulla%20Fronteriza%3F%20Claves%20para%20entender%20la%20polic%C3%ADa%20migratoria%20de%20Trump%20\" data-param-app_id=\"94039431626\" data-param-description=\"\u00bfQu\u00e9 es el ICE? \u00bfY cu\u00e1l es la diferencia con la Patrulla Fronteriza? Claves para entender la polic\u00eda migratoria de Trump \" data-param-href=\"https:\/\/elpais.com\/us\/migracion\/2026-01-29\/que-es-el-ice-y-cual-es-la-diferencia-con-la-patrulla-fronteriza-claves-para-entender-la-policia-migratoria-de-trump.html\" data-param-text=\"\u00bfQu\u00e9 es el ICE? \u00bfY cu\u00e1l es la diferencia con la Patrulla Fronteriza? Claves para entender la polic\u00eda migratoria de Trump \" data-param-url=\"https:\/\/elpais.com\/us\/migracion\/2026-01-29\/que-es-el-ice-y-cual-es-la-diferencia-con-la-patrulla-fronteriza-claves-para-entender-la-policia-migratoria-de-trump.html\" target=\"_blank\" rel=\"noopener noreferrer\" data-share-track-dtm=\"facebook\" id=\"btn_share_facebook_60\"><span class=\"_sr\">Compartir en Facebook<\/span><\/a><\/div>\n<div class=\"w_rs_i\"><a class=\"_btn \" href=\"https:\/\/twitter.com\/intent\/tweet?url=https%3A%2F%2Felpais.com%2Fus%2Fmigracion%2F2026-01-29%2Fque-es-el-ice-y-cual-es-la-diferencia-con-la-patrulla-fronteriza-claves-para-entender-la-policia-migratoria-de-trump.html%3Fssm=TW_CC&amp;text=%C2%BFQu%C3%A9%20es%20el%20ICE%3F%20%C2%BFY%20cu%C3%A1l%20es%20la%20diferencia%20con%20la%20Patrulla%20Fronteriza%3F%20Claves%20para%20entender%20la%20polic%C3%ADa%20migratoria%20de%20Trump%20&amp;via=el_pais&amp;lang=es\" data-param-description=\"\u00bfQu\u00e9 es el ICE? \u00bfY cu\u00e1l es la diferencia con la Patrulla Fronteriza? Claves para entender la polic\u00eda migratoria de Trump \" data-param-href=\"https:\/\/elpais.com\/us\/migracion\/2026-01-29\/que-es-el-ice-y-cual-es-la-diferencia-con-la-patrulla-fronteriza-claves-para-entender-la-policia-migratoria-de-trump.html\" data-param-text=\"\u00bfQu\u00e9 es el ICE? \u00bfY cu\u00e1l es la diferencia con la Patrulla Fronteriza? Claves para entender la polic\u00eda migratoria de Trump  via @el_pais\" data-param-url=\"https:\/\/elpais.com\/us\/migracion\/2026-01-29\/que-es-el-ice-y-cual-es-la-diferencia-con-la-patrulla-fronteriza-claves-para-entender-la-policia-migratoria-de-trump.html\" target=\"_blank\" rel=\"noopener noreferrer\" data-share-track-dtm=\"twitter\" id=\"btn_share_twitter_60\"><span class=\"_sr\">Compartir en Twitter<\/span><\/a><\/div>\n<div class=\"w_rs_i\"><a class=\"_btn \" href=\"https:\/\/bsky.app\/intent\/compose?text=https%3A%2F%2Felpais.com%2Fus%2Fmigracion%2F2026-01-29%2Fque-es-el-ice-y-cual-es-la-diferencia-con-la-patrulla-fronteriza-claves-para-entender-la-policia-migratoria-de-trump.html%3Fssm=bsky_CC\" data-param-description=\"\u00bfQu\u00e9 es el ICE? \u00bfY cu\u00e1l es la diferencia con la Patrulla Fronteriza? Claves para entender la polic\u00eda migratoria de Trump \" data-param-href=\"https:\/\/elpais.com\/us\/migracion\/2026-01-29\/que-es-el-ice-y-cual-es-la-diferencia-con-la-patrulla-fronteriza-claves-para-entender-la-policia-migratoria-de-trump.html\" data-param-text=\"\u00bfQu\u00e9 es el ICE? \u00bfY cu\u00e1l es la diferencia con la Patrulla Fronteriza? Claves para entender la polic\u00eda migratoria de Trump \" data-param-url=\"https:\/\/elpais.com\/us\/migracion\/2026-01-29\/que-es-el-ice-y-cual-es-la-diferencia-con-la-patrulla-fronteriza-claves-para-entender-la-policia-migratoria-de-trump.html\" target=\"_blank\" rel=\"noopener noreferrer\" data-share-track-dtm=\"bluesky\" id=\"btn_share_bluesky_60\"><span class=\"_sr\">Compartir en Bluesky<\/span><\/a><\/div>\n<div class=\"w_rs_i\"><a class=\"_btn \" href=\"https:\/\/www.linkedin.com\/sharing\/share-offsite\/?url=https%3A%2F%2Felpais.com%2Fus%2Fmigracion%2F2026-01-29%2Fque-es-el-ice-y-cual-es-la-diferencia-con-la-patrulla-fronteriza-claves-para-entender-la-policia-migratoria-de-trump.html%3Fssm=LK_CC\" data-param-description=\"\u00bfQu\u00e9 es el ICE? \u00bfY cu\u00e1l es la diferencia con la Patrulla Fronteriza? Claves para entender la polic\u00eda migratoria de Trump \" data-param-href=\"https:\/\/elpais.com\/us\/migracion\/2026-01-29\/que-es-el-ice-y-cual-es-la-diferencia-con-la-patrulla-fronteriza-claves-para-entender-la-policia-migratoria-de-trump.html\" data-param-text=\"\u00bfQu\u00e9 es el ICE? \u00bfY cu\u00e1l es la diferencia con la Patrulla Fronteriza? Claves para entender la polic\u00eda migratoria de Trump \" data-param-url=\"https:\/\/elpais.com\/us\/migracion\/2026-01-29\/que-es-el-ice-y-cual-es-la-diferencia-con-la-patrulla-fronteriza-claves-para-entender-la-policia-migratoria-de-trump.html\" target=\"_blank\" rel=\"noopener noreferrer\" data-share-track-dtm=\"linkedin\" id=\"btn_share_linkedin_60\"><span class=\"_sr\">Compartir en Linkedin<\/span><\/a><\/div>\n<div class=\"w_rs_i\"><a class=\"_btn rs_l\" href=\"https:\/\/elpais.com\/us\/migracion\/2026-01-29\/que-es-el-ice-y-cual-es-la-diferencia-con-la-patrulla-fronteriza-claves-para-entender-la-policia-migratoria-de-trump.html#?prm=copy_link\" data-share-track-dtm=\"copiar_url\" id=\"btn_share_link_81\"><span class=\"_sr\">Copiar enlace<\/span><\/a><\/div>\n<div class=\"w_rs_i\"><a class=\"_btn rs_c\" href=\"https:\/\/elpais.com\/us\/migracion\/2026-01-29\/que-es-el-ice-y-cual-es-la-diferencia-con-la-patrulla-fronteriza-claves-para-entender-la-policia-migratoria-de-trump.html#comments_container\" aria-expanded=\"false\" aria-controls=\"me-c\" data-share-track-dtm=\"eskup\" id=\"btn_share_comments_81\"><span class=\"_sr\">Ir a los comentarios<\/span><\/a><\/div>\n<\/div>\n<\/div>\n<\/div>\n<div class=\"a_c clearfix\" data-dtm-region=\"articulo_cuerpo\">\n<p class>En los Estados Unidos de Donald Trump, donde los agentes federales van con los rostros cubiertos, en autos sin distintivos y en ocasiones en ropa de paisano, resulta dif\u00edcil distinguir entre las agencias federales que, entre el caos y el terror, ejecutan la pol\u00edtica migratoria de la Casa Blanca. Es m\u00e1s complicado a\u00fan saber cu\u00e1les son las normas por las que deben regirse e identificar cu\u00e1ndo han sobrepasado los l\u00edmites de su poder. Esta \u00faltima cuesti\u00f3n est\u00e1 en el centro del debate nacional (e incluso internacional) despu\u00e9s de que oficiales de dos agencias migratorias mataran a tiros a dos ciudadanos estadounidenses en menos de 20 d\u00edas.<\/p>\n<p class>Alex Pretti, un enfermero de 37 a\u00f1os, <a href=\"https:\/\/elpais.com\/us\/migracion\/2026-01-26\/minneapolis-clama-contra-la-impunidad-de-la-policia-migratoria-que-mato-a-alex-pretti.html\" target=\"_self\" rel title=\"https:\/\/elpais.com\/us\/migracion\/2026-01-26\/minneapolis-clama-contra-la-impunidad-de-la-policia-migratoria-que-mato-a-alex-pretti.html\">fue tiroteado por agentes de la Patrulla Fronteriza<\/a> el pasado s\u00e1bado mientras ayudaba a una mujer en una protesta en Minneapolis. Un grupo de seis oficiales le dieron una paliza para detenerlo y desarmarlo antes de matarlo. Diecisiete d\u00edas antes, a unas cuadras m\u00e1s al sur de la ciudad, Renee Good, poeta y madre de la misma edad que Pretti, recibi\u00f3 tres tiros, incluido uno mortal en la cabeza, de un agente del Servicio de Inmigraci\u00f3n y Control de Aduanas (ICE, por sus siglas en ingl\u00e9s).<\/p>\n<p class>El ICE y la Patrulla Fronteriza son dos entidades diferentes, pero operan bajo el mismo departamento matriz, el de Seguridad Nacional. Juntas, son las dos principales agencias migratorias de EE UU. Hist\u00f3ricamente, han tenido facultades distintas, pero bajo la actual Administraci\u00f3n republicana sus funciones a menudo se han solapado y sus agentes trabajan mano a mano, junto con muchos otros de agencias gubernamentales como la DEA o el FBI, que se han unido a la cruzada migratoria de Trump. <\/p>\n<p class>A continuaci\u00f3n, ofrecemos una gu\u00eda sobre la polic\u00eda migratoria de Trump. <\/p>\n<figure class=\"a_m a_m-h \"><span class=\"_db a_m_w _pr lb_btn\"><img decoding=\"async\" alt=\"Minneapolis, Minnesota\" class=\"_re lazyload a_m-h\" height=\"276\" width=\"414\" src=\"https:\/\/analyse.optim.biz\/wp-content\/uploads\/2026\/01\/mskrdkvmsnlqjhw5ppbrm326ca-1.jpg\" loading=\"lazy\" title=\"mskrdkvmsnlqjhw5ppbrm326ca-1\"><\/span><figcaption class=\"a_m_p\" aria-hidden=\"true\"><span>Agentes federales repelen una manifestaci\u00f3n en Minneapolis, el 24 de enero.<\/span><span class=\"a_m_m\">CRAIG LASSIG (EFE)<\/span><\/figcaption><\/figure>\n<h3 class>\u00bfQu\u00e9 es el ICE?<\/h3>\n<p class>El ICE (siglas en ingl\u00e9s del Servicio de Inmigraci\u00f3n y Control de Aduanas) <a href=\"https:\/\/elpais.com\/us\/migracion\/2026-01-18\/un-ano-de-terror-del-ice-el-brazo-ejecutor-antiinmigrante-de-trump.html\" target=\"_self\" rel title=\"https:\/\/elpais.com\/us\/migracion\/2026-01-18\/un-ano-de-terror-del-ice-el-brazo-ejecutor-antiinmigrante-de-trump.html\">es la principal agencia encargada<\/a> de hacer cumplir las leyes de inmigraci\u00f3n de Estados Unidos. Naci\u00f3 despu\u00e9s de los ataques terroristas del 11 de septiembre del 2001 y fue creado junto al actual Departamento de Seguridad Nacional mediante la fusi\u00f3n de los elementos de investigaci\u00f3n y control interno del antiguo Servicio de Aduanas de EE UU y del Servicio de Inmigraci\u00f3n y Naturalizaci\u00f3n. <\/p>\n<p class>El trabajo del ICE es interno, es decir, sus agentes no protegen las fronteras. La agencia tiene dos ramas principales: la Oficina de Detenci\u00f3n y Deportaci\u00f3n (ERO) y la Oficina de Investigaciones de Seguridad Nacional (HSI). Hasta hace poco, los agentes de ERO eran los responsables de realizar las detenciones de migrantes y abogar por las deportaciones en las tribunales migratorios, mientras que los de HSI se centraban en los delitos transnacionales. Sin embargo, ahora ambos brazos trabajan hacia el mismo fin: llevar a cabo la mayor deportaci\u00f3n de la historia deseada por Trump.<\/p>\n<h3 class>\u00bfC\u00f3mo ha crecido bajo Trump?<\/h3>\n<p class>Gracias al republicano, el ICE <a href=\"https:\/\/elpais.com\/us\/migracion\/2025-12-31\/el-ascenso-meteorico-del-ice-bajo-trump.html\" target=\"_self\" rel title=\"https:\/\/elpais.com\/us\/migracion\/2025-12-31\/el-ascenso-meteorico-del-ice-bajo-trump.html\">cuenta con el mayor presupuesto<\/a> para una agencia en la historia de EE UU. Aprobada en julio pasado como parte de la reforma fiscal de Trump, la partida de fondos supera los 100.000 millones de d\u00f3lares hasta 2029. De ese presupuesto, 30.000 millones est\u00e1n destinados a seguir ampliando sus filas. La agencia ya ha m\u00e1s que duplicado su plantilla bajo Trump, hasta alcanzar los 22.000 oficiales, seg\u00fan el Departamento de Seguridad Nacional. Y este a\u00f1o, se llevar\u00e1 a cabo una extensa campa\u00f1a de reclutamiento dirigida a personas con tendencias o intereses conservadores.<\/p>\n<p class>Adem\u00e1s, 45.000 millones del presupuesto de los pr\u00f3ximos cuatro a\u00f1os se utilizar\u00e1n para retener a migrantes en la red de centros de detenci\u00f3n operada por el ICE, que incluye m\u00e1s de 200 centros por todo el pa\u00eds. Son lugares donde hay denuncias por los abusos cometidos contra los detenidos y las p\u00e9simas condiciones. El primer a\u00f1o de la segunda presidencia de Trump cerr\u00f3 con la mayor cantidad de muertes en dos d\u00e9cadas en estos centros: 32, de acuerdo con cifras del Departamento de Seguridad Nacional. En lo que va de 2026, al menos seis migrantes <a href=\"https:\/\/elpais.com\/us\/migracion\/2026-01-28\/un-aspirante-a-asesino-y-una-izquierdista-trastornada-asi-ha-justificado-el-gobierno-de-trump-los-ultimos-asesinatos-del-ice.html\" target=\"_self\" rel title=\"https:\/\/elpais.com\/us\/migracion\/2026-01-28\/un-aspirante-a-asesino-y-una-izquierdista-trastornada-asi-ha-justificado-el-gobierno-de-trump-los-ultimos-asesinatos-del-ice.html\">han fallecido bajo custodia del ICE.<\/a><\/p>\n<h3 class>\u00bfD\u00f3nde est\u00e1n sus agentes? \u00bfC\u00f3mo se les puede identificar?<\/h3>\n<p class>Desde el verano pasado, el Gobierno ha enviado a miles de agentes del ICE a varias ciudades dem\u00f3cratas tanto para grandes operativos como redadas m\u00e1s peque\u00f1as. Ha habido operaciones a gran escala en Los \u00c1ngeles, Washington D. C., Charlotte (Carolina del Norte), Portland (Oreg\u00f3n) y Portland (Maine), Chicago, Minneapolis\u2026 Tambi\u00e9n se ha visto a agentes realizando detenciones aleatorias y espor\u00e1dicas en urbes como Nueva York, Boston o Atlanta. La lista es extensa y contin\u00faa creciendo.<\/p>\n<div class=\"raw_html\">\n<div>\n<div class=\"wrapper-ice\">\n<div class=\"grid-item-ice\">\n<div class=\"image-box-ice\"><img decoding=\"async\" src=\"https:\/\/analyse.optim.biz\/wp-content\/uploads\/2026\/01\/ice-a.png\" alt=\"Anterior\" title=\"ice-a\"><\/div>\n<div class=\"caption-ice\">Agente de ICE | Vista anterior<\/div>\n<\/div>\n<div class=\"grid-item-ice\">\n<div class=\"image-box-ice\"><img decoding=\"async\" src=\"https:\/\/analyse.optim.biz\/wp-content\/uploads\/2026\/01\/ice-b.png\" alt=\"Posterior\" title=\"ice-b\"><\/div>\n<div class=\"caption-ice\">Agente de ICE | Vista posterior<\/div>\n<\/div>\n<\/div>\n<\/div>\n<\/div>\n<p class>Identificar a los agentes del ICE sobre el terreno puede ser dif\u00edcil, especialmente si no forman parte de un operativo masivo ya anunciado por la Casa Blanca. Pueden ir vestidos de civil sin identificaci\u00f3n. La mayor\u00eda lleva m\u00e1scaras y chalecos antibalas con identificadores como \u201cPolic\u00eda\u201d, \u201cAgente federal\u201d, \u201cERO\u201d o \u201cHSI\u201d, las dos principales ramas de la agencia. Otros tienen insignias m\u00e1s peque\u00f1as que pueden ser m\u00e1s dif\u00edciles de distinguir, pero deben identificarse durante las detenciones. Tambi\u00e9n es posible que vayan en uniformes de estilo militar si forman parte de los equipos de respuesta especial del servicio migratorio.<\/p>\n<p class>En las calles, parte de la ciudadan\u00eda <a href=\"https:\/\/elpais.com\/us\/2026-01-20\/funcionarios-migrantes-empresarios-y-periodistas-vidas-truncadas-por-el-primer-ano-de-trump.html\" target=\"_self\" rel title=\"https:\/\/elpais.com\/us\/2026-01-20\/funcionarios-migrantes-empresarios-y-periodistas-vidas-truncadas-por-el-primer-ano-de-trump.html\">se ha entrenado para saber identificar a los agentes<\/a>, incluso si conducen veh\u00edculos comunes. Saben, por ejemplo, que las camionetas con vidrios polarizados que no respetan las leyes de tr\u00e1nsito suelen ser de ellos y empiezan a sonar sus silbatos o las bocinas de sus propios carros.<\/p>\n<h3 class>\u00bfQu\u00e9 tipo de entrenamiento reciben?<\/h3>\n<p class>Para acelerar el proceso de reclutamiento impulsado por el Gobierno de Trump, el ICE ha acortado el tiempo de entrenamiento para los agentes: ahora dura unas ocho semanas, frente a las 16 de antes. Por ello, se ofrecen cursos virtuales que se pueden completar antes o despu\u00e9s de ese periodo, se ha eliminado el requisito del aprendizaje del espa\u00f1ol \u2014un curso que antes tomaba m\u00e1s de un mes\u2014, y la formaci\u00f3n en el uso de armas de fuego se han hecho m\u00e1s corta. Por lo dem\u00e1s, los reclutas deben cumplir otros requisitos, como pruebas de resistencia f\u00edsica y de defensa, y estudiar las leyes de inmigraci\u00f3n de EE UU. Sin embargo, la mayor\u00eda de los agentes del ICE no reciben formaci\u00f3n especializada en control de multitudes ni en respuesta a protestas como las que han surgido <a href=\"https:\/\/elpais.com\/us\/migracion\/2026-01-28\/minneapolis-una-ciudad-tres-memoriales-sobre-la-brutalidad-policial-en-estados-unidos.html\" target=\"_self\" rel title=\"https:\/\/elpais.com\/us\/migracion\/2026-01-28\/minneapolis-una-ciudad-tres-memoriales-sobre-la-brutalidad-policial-en-estados-unidos.html\">en ciudades como Minneapolis<\/a>. <\/p>\n<figure class=\"a_m a_m-h \"><span class=\"_db a_m_w _pr lb_btn\"><img decoding=\"async\" alt=\"Immigration and Customs Enforcement\" class=\"_re lazyload a_m-h\" height=\"276\" width=\"414\" src=\"https:\/\/analyse.optim.biz\/wp-content\/uploads\/2026\/01\/eswvf2f43bhzvbzvgq3h3iaina.jpg\" loading=\"lazy\" title=\"eswvf2f43bhzvbzvgq3h3iaina\"><\/span><figcaption class=\"a_m_p\" aria-hidden=\"true\"><span>Operativo del ICE en Minnesota, el 27 de enero.<\/span><span class=\"a_m_m\">Madison Thorn (Anadolu via Getty Images)<\/span><\/figcaption><\/figure>\n<p class>Las acciones de los agentes en estos escenarios han provocado una ola de indignaci\u00f3n, a medida que se les ha visto atacando a manifestantes con gases lacrim\u00f3genos y gas pimienta, en contra de \u00f3rdenes judiciales que lo prohib\u00edan, y deteniendo tanto a migrantes como ciudadanos estadounidenses. Fue en uno de esos enfrentamientos contra los protestantes que un agente mat\u00f3 a tiros a Renee Good en Minneapolis. Ese suceso, que conmovi\u00f3 al pa\u00eds entero, plante\u00f3 preguntas sobre el uso de fuerza letal contra personas que no est\u00e1n armadas. Seg\u00fan los reglamentos de la agencia migratoria, los agentes solo est\u00e1n autorizados a usar armas \u201ccon la intenci\u00f3n de prevenir o detener el comportamiento amenazante que justifica el uso de fuerza letal\u201d. <\/p>\n<p class>En el caso de Good, el Gobierno sostiene que el agente Jonathan Ross le dispar\u00f3 porque la mujer hab\u00eda intentado atropellarlo con su auto, a pesar de que videos grabados por testigos y el propio Ross muestran que Good intentaba huir del agente cuando este la mat\u00f3.<\/p>\n<h3 class>\u00bfCu\u00e1l es la diferencia entre la Patrulla Fronteriza y el ICE?<\/h3>\n<p class>La Patrulla Fronteriza de Estados Unidos (USBP) forma parte de la Oficina de Aduanas y Protecci\u00f3n Fronteriza (CBP), que a su vez opera bajo el paraguas del Departamento de Seguridad Nacional. Hist\u00f3ricamente, la principal diferencia entre la Patrulla Fronteriza y el ICE ha sido que la primera se ocupa de vigilar las fronteras de EE UU y el segundo opera en el interior del pa\u00eds. Mientras que el ICE fue creado en este siglo, la Patrulla Fronteriza naci\u00f3 en 1924, aunque ha ido evolucionando dr\u00e1sticamente hasta la actualidad, siempre bajo cr\u00edticas por sus t\u00e1cticas violentas y racistas.<\/p>\n<div class=\"raw_html\">\n<div>\n<div class=\"wrapper-ice\">\n<div class=\"grid-item-ice\">\n<div class=\"image-box-ice\"><img decoding=\"async\" src=\"https:\/\/analyse.optim.biz\/wp-content\/uploads\/2026\/01\/border-patrol-a.png\" alt=\"Anterior\" title=\"border-patrol-a\"><\/div>\n<div class=\"caption-ice\">Patrulla Fronteriza | Vista anterior<\/div>\n<\/div>\n<div class=\"grid-item-ice\">\n<div class=\"image-box-ice\"><img decoding=\"async\" src=\"https:\/\/analyse.optim.biz\/wp-content\/uploads\/2026\/01\/border-patrol-b.png\" alt=\"Posterior\" title=\"border-patrol-b\"><\/div>\n<div class=\"caption-ice\">Patrulla Fronteriza | Vista posterior<\/div>\n<\/div>\n<\/div>\n<\/div>\n<\/div>\n<p class>Aunque ning\u00fan otro presidente antes de Trump hizo tanto uso de esta norma, la agencia puede operar en un radio de hasta 182 kil\u00f3metros (100 millas a\u00e9reas) de las fronteras terrestres y costeras del pa\u00eds. Dentro de la llamada \u201czona de 100 millas\u201d, la Patrulla Fronteriza puede \u201cbuscar\u201d a inmigrantes indocumentados, establecer y gestionar puestos de control y realizar registros y detenciones sin orden judicial. <\/p>\n<h3 class>Entonces, \u00bfpor qu\u00e9 hay agentes de la Patrulla Fronteriza en ciudades como Minneapolis?<\/h3>\n<p class>Minneapolis se encuentra fuera de dicha zona de 100 millas, al igual que algunas de las otras ciudades a donde ha llegado la Patrulla Fronteriza bajo Trump para apoyar los esfuerzos del ICE. Sin embargo, la Ley de Inmigraci\u00f3n y Nacionalidad de EE UU otorga a las agencias dependientes del Departamento de Seguridad Nacional \u2014es decir, tanto al ICE como a la Patrulla Fronteriza\u2014 varias facultades m\u00e1s all\u00e1 de la zona fronteriza, como el poder de interrogar a cualquier persona que consideren que puede ser indocumentado o realizar detenciones sin orden judicial si se cree que una persona est\u00e1 infringiendo la ley de inmigraci\u00f3n y es probable que huya.<\/p>\n<p class>No obstante, expertos en seguridad nacional e inmigraci\u00f3n se\u00f1alan que los oficiales de la Patrulla Fronteriza no cuentan con suficiente entrenamiento para operar en \u00e1reas urbanas. As\u00ed lo manifestaba el ex comisionado de Aduanas y Protecci\u00f3n Fronteriza, Gil Kerlikowske, en una entrevista con la radio p\u00fablica esta semana.<\/p>\n<figure class=\"a_m a_m-h \"><span class=\"_db a_m_w _pr lb_btn\"><img decoding=\"async\" alt=\"Border Patrol\" class=\"_re lazyload a_m-h\" height=\"276\" width=\"414\" src=\"https:\/\/analyse.optim.biz\/wp-content\/uploads\/2026\/01\/ec6serga6rpndaanp5jlm25bsm.jpg\" loading=\"lazy\" title=\"ec6serga6rpndaanp5jlm25bsm\"><\/span><figcaption class=\"a_m_p\" aria-hidden=\"true\"><span>Operativo de la Patrulla Fronteriza, en Minneapolis, el 12 de enero.<\/span><span class=\"a_m_m\">OLGA FEDOROVA (EFE)<\/span><\/figcaption><\/figure>\n<h3 class>\u00bfEl ICE y la Patrulla Fronteriza trabajan juntos?<\/h3>\n<p class>Ambas agencias participan en redadas y operativos migratorios a gran escala, como el que se lleva a cabo en Minnesota. Tambi\u00e9n realizan detenciones dentro de los tribunales federales de inmigraci\u00f3n, una pr\u00e1ctica prohibida durante a\u00f1os pero que Trump revivi\u00f3. Al igual que agentes del ICE, los de la Patrulla Fronteriza han sido criticados por c\u00f3mo han reaccionado ante las protestas ciudadanas. La muerte de Pretti es el \u00faltimo en un largo historial de abusos de fuerza por parte de los oficiales de la Patrulla Fronteriza, <a href=\"https:\/\/elpais.com\/us\/migracion\/2026-01-25\/gregory-bovino-el-rostro-de-las-tacticas-mas-violentas-en-la-cruzada-de-trump-contra-la-inmigracion.html\" target=\"_self\" rel title=\"https:\/\/elpais.com\/us\/migracion\/2026-01-25\/gregory-bovino-el-rostro-de-las-tacticas-mas-violentas-en-la-cruzada-de-trump-contra-la-inmigracion.html\">envalentonados por Gregory Bovino<\/a>, a quien el Gobierno de Trump ha puesto a cargo de varios operativos contra la inmigraci\u00f3n en los \u00faltimos meses. El comandante en jefe de la Patrulla Fronteriza <a href=\"https:\/\/elpais.com\/us\/migracion\/2026-01-27\/minneapolis-despide-con-una-protesta-a-bovino-la-cara-de-la-represion-de-trump-en-la-ciudad-democrata.html\" target=\"_self\" rel title=\"https:\/\/elpais.com\/us\/migracion\/2026-01-27\/minneapolis-despide-con-una-protesta-a-bovino-la-cara-de-la-represion-de-trump-en-la-ciudad-democrata.html\">fue retirado de Minnesota<\/a> despu\u00e9s del asesinato de Pretti.<\/p>\n<\/div>\n<div id=\"me-dis\" class=\"me _pf\">\n<div class=\"me_bg\">\n<div class=\"me-dis _pa _df\">\n<div class=\"me-dis_c\">\n<h2 class=\"me-dis_t\">Tu suscripci\u00f3n se est\u00e1 usando en otro dispositivo<\/h2>\n<p>\u00bfQuieres a\u00f1adir otro usuario a tu suscripci\u00f3n?<\/p>\n<div class=\"me-dis_l\"><a href=\"https:\/\/elpais.com\/suscripciones\/premium\/upgrade\/?utm_source=autopromo&amp;utm_medium=interno&amp;utm_campaign=YYYY_MM_capping_upgrade\" id=\"capping-upgrade\" class=\"btn\">A\u00f1adir usuario<\/a><a href=\"https:\/\/elpais.com\/us\/migracion\/2026-01-29\/que-es-el-ice-y-cual-es-la-diferencia-con-la-patrulla-fronteriza-claves-para-entender-la-policia-migratoria-de-trump.html\" id=\"capping-continue\" class=\"btn btn-b\">Continuar leyendo aqu\u00ed<\/a><\/div>\n<p>Si contin\u00faas leyendo en este dispositivo, no se podr\u00e1 leer en el otro.<\/p>\n<p class=\"lk\"><a href=\"https:\/\/elpais.com\/us\/migracion\/2026-01-29\/que-es-el-ice-y-cual-es-la-diferencia-con-la-patrulla-fronteriza-claves-para-entender-la-policia-migratoria-de-trump.html\" id=\"capping-show-more-button\">\u00bfPor qu\u00e9 est\u00e1s viendo esto?<\/a><\/p>\n<p><span class=\"arrow\" id=\"capping-arrow\">Flecha<\/span><\/p>\n<div class=\"me-dis_d\">\n<div class=\"me-dis_d_t\">\n<h2 class=\"enc\">Tu suscripci\u00f3n se est\u00e1 usando en otro dispositivo y solo puedes acceder a EL PA\u00cdS desde un dispositivo a la vez.<\/h2>\n<div class=\"tx\">\n<p>Si quieres compartir tu cuenta, cambia tu suscripci\u00f3n a la modalidad Premium, as\u00ed podr\u00e1s a\u00f1adir otro usuario. Cada uno acceder\u00e1 con su propia cuenta de email, lo que os permitir\u00e1 personalizar vuestra experiencia en EL PA\u00cdS.<\/p>\n<p>\u00bfTienes una suscripci\u00f3n de empresa? Accede <a target=\"_blank\" rel=\"noreferrer\" href=\"https:\/\/elpais.com\/suscripciones\/premium\/upgrade\/\">aqu\u00ed<\/a> para contratar m\u00e1s cuentas.<\/p>\n<p>En el caso de no saber qui\u00e9n est\u00e1 usando tu cuenta, te recomendamos cambiar tu contrase\u00f1a <a target=\"_blank\" rel=\"noreferrer\" href=\"https:\/\/elpais.com\/subscriptions\/#\/forgot-password\">aqu\u00ed.<\/a><\/p>\n<p>Si decides continuar compartiendo tu cuenta, este mensaje se mostrar\u00e1 en tu dispositivo y en el de la otra persona que est\u00e1 usando tu cuenta de forma indefinida, afectando a tu experiencia de lectura. Puedes <a target=\"_blank\" rel=\"noreferrer\" href=\"https:\/\/elpais.com\/suscripciones\/condiciones-generales-servicios\/\">consultar aqu\u00ed los t\u00e9rminos y condiciones de la suscripci\u00f3n digital.<\/a><\/p>\n<\/div>\n<\/div>\n<\/div>\n<\/div>\n<\/div>\n<\/div>\n<\/div>\n<aside class=\"w w-sea\">\n<h2 class=\"w_t\">Sobre la firma<\/h2>\n<div class=\"w_b\">\n<div class=\"_g _g-xs\">\n<figure class=\"w-sea_f a_m-h c_m--nf\"><span class=\"a_m_w _db\"><img decoding=\"async\" alt=\"Paola Nagovitch\" class=\"_re lazyload a_m-h\" height=\"100\" width=\"100\" src=\"https:\/\/analyse.optim.biz\/wp-content\/uploads\/2026\/01\/https3a2f2fauthor-service-images-prod-us-east-1-publishing-aws_-arc_-pub2fprisa2fbe7b865a-c7ed-4934-bbb8-be291ceaff00.jpg\" loading=\"lazy\" title=\"https3a2f2fauthor-service-images-prod-us-east-1-publishing-aws_-arc_-pub2fprisa2fbe7b865a-c7ed-4934-bbb8-be291ceaff00\"><\/span><\/figure>\n<div class=\"w-sea_txt\">\n<div class=\"_df\">\n<div class=\"w-sea_txt_na\"><a href=\"https:\/\/elpais.com\/autor\/paola-angeli-semidey-nagovitch\/\" rel=\"autor_bottom\">Paola Nagovitch<\/a><\/div>\n<div class=\"w_rs_i\"><a class=\"_btn \" href=\"https:\/\/elpais.com\/us\/migracion\/2026-01-29\/paolanagovitch\" target=\"_blank\" rel=\"noopener noreferrer\"><span class=\"_sr\">Paola Nagovitch &#8211; twitter<\/span><\/a><\/div>\n<\/div>\n<div class=\"w-sea_txt_da _dn\">Es editora de EL PA\u00cdS US y la edici\u00f3n en ingl\u00e9s del peri\u00f3dico. Desde Nueva York, cubre migraci\u00f3n, pol\u00edtica y Puerto Rico. Estudi\u00f3 Periodismo y Pol\u00edtica en New York University y curs\u00f3 la maestr\u00eda de EL PA\u00cdS.<\/div>\n<\/div>\n<\/div>\n<\/div>\n<\/aside>\n<aside class=\"w w-fid\">\n<div class=\"w_b\">\n<div class=\"w-fid_t\"><a href=\"https:\/\/usuarios.elpais.com\/newsletters\/#?id_externo_promo=not_newsletters_gen\">Recibe la mejor informaci\u00f3n en tu bandeja de entrada<\/a><\/div>\n<div class=\"w-fid_s\">\n<div class=\"w_rs\">\n<div class=\"w_rs_i\"><a class=\"_btn\" href=\"https:\/\/www.facebook.com\/elpaisamerica\/?locale=es_LA\" rel=\"nofollow\"><span class=\"_sr\">Us El Pa\u00eds US en Facebook<\/span><\/a><\/div>\n<div class=\"w_rs_i\"><a class=\"_btn\" href=\"https:\/\/www.instagram.com\/el_paisus\/\" rel=\"nofollow\"><span class=\"_sr\">Us El Pa\u00eds US en Instagram<\/span><\/a><\/div>\n<div class=\"w_rs_i\"><a class=\"_btn\" href=\"https:\/\/x.com\/el_paisus\" rel=\"nofollow\"><span class=\"_sr\">Us El Pa\u00eds US en Twitter<\/span><\/a><\/div>\n<\/div>\n<\/div>\n<\/div>\n<\/aside>\n<aside class=\"a_com w w-com _df\"><a class=\"a_com_l\" href=\"https:\/\/elpais.com\/info\/normas-de-participacion\/\">Normas \u203a<\/a><\/aside>\n<div class=\"me _pf\" id=\"me-c\">\n<div class=\"me_bg\">\n<div class=\"me-c _pa\" id=\"comments_container\" data-dtm-region=\"articulo_comentarios\">\n<div class=\"me_f me_f-os me_cc\"><a href=\"https:\/\/plus.elpais.com\/perfil\/actividad\/\">Mis comentarios<\/a><a href=\"https:\/\/elpais.com\/info\/normas-de-participacion\/\">Normas<\/a><\/div>\n<div class=\"me_f me_f-ns\"><span class=\"me_f_txt _db\">Rellena tu <b>nombre y apellido<\/b> para comentar<\/span><a href=\"https:\/\/plus.elpais.com\/autorization.html\/?prod=COM&amp;backURL=https%3A%2F%2Felpais.com%2Fus%2Fmigracion%2F2026-01-29%2Fque-es-el-ice-y-cual-es-la-diferencia-con-la-patrulla-fronteriza-claves-para-entender-la-policia-migratoria-de-trump.html\" class=\"btn btn-2\">completar datos<\/a><\/div>\n<div class=\"me_f\" id=\"comments_msg\"><a class=\"btn btn-2\" href=\"https:\/\/elpais.com\/suscripciones\/#\/campaign?prod=SUSDIGCRART&amp;o=COM&amp;prm=suscrip_articulo_comentarios_el-pais&amp;backURL=https%3A%2F%2Felpais.com%2Fus%2Fmigracion%2F2026-01-29%2Fque-es-el-ice-y-cual-es-la-diferencia-con-la-patrulla-fronteriza-claves-para-entender-la-policia-migratoria-de-trump.html\" id=\"comments_subscribe_link\" data-link-am=\"https:\/\/elpais.com\/suscripciones\/america\/#\/campaign?prod=SUSDIGCRARTAM&amp;o=COMAM&amp;prm=suscrip_articulo_comentarios_el-pais-america&amp;backURL=https%3A%2F%2Felpais.com%2Fus%2Fmigracion%2F2026-01-29%2Fque-es-el-ice-y-cual-es-la-diferencia-con-la-patrulla-fronteriza-claves-para-entender-la-policia-migratoria-de-trump.html\" data-link-mx=\"https:\/\/elpais.com\/suscripciones\/america\/#\/campaign?prod=SUSDIGMX&amp;o=COMMX&amp;prm=suscrip_articulo_comentarios_el-pais-mexico&amp;backURL=https%3A%2F%2Felpais.com%2Fus%2Fmigracion%2F2026-01-29%2Fque-es-el-ice-y-cual-es-la-diferencia-con-la-patrulla-fronteriza-claves-para-entender-la-policia-migratoria-de-trump.html\" data-link-co=\"https:\/\/elpais.com\/suscripciones\/america\/#\/campaign?prod=SUSDIGCOL&amp;o=COMCOL&amp;prm=suscrip_articulo_comentarios_el-pais_colombia&amp;backURL=https%3A%2F%2Felpais.com%2Fus%2Fmigracion%2F2026-01-29%2Fque-es-el-ice-y-cual-es-la-diferencia-con-la-patrulla-fronteriza-claves-para-entender-la-policia-migratoria-de-trump.html\" data-link-ar=\"https:\/\/elpais.com\/suscripciones\/america\/#\/campaign?prod=SUSDIGCRARTAR&amp;o=COMAR&amp;backURL=https%3A%2F%2Felpais.com%2Fus%2Fmigracion%2F2026-01-29%2Fque-es-el-ice-y-cual-es-la-diferencia-con-la-patrulla-fronteriza-claves-para-entender-la-policia-migratoria-de-trump.html\" data-link-cl=\"https:\/\/elpais.com\/suscripciones\/america\/#\/campaign?prod=SUSDIGCHILE&amp;o=COMCHILE&amp;backURL=https%3A%2F%2Felpais.com%2Fus%2Fmigracion%2F2026-01-29%2Fque-es-el-ice-y-cual-es-la-diferencia-con-la-patrulla-fronteriza-claves-para-entender-la-policia-migratoria-de-trump.html\" data-link-us=\"https:\/\/elpais.com\/suscripciones\/america\/#\/campaign?prod=SUSDIGCRARTEUCAN&amp;o=COMUS&amp;prm=suscrip_articulo_comentarios_el-pais_eucan&amp;backURL=https%3A%2F%2Felpais.com%2Fus%2Fmigracion%2F2026-01-29%2Fque-es-el-ice-y-cual-es-la-diferencia-con-la-patrulla-fronteriza-claves-para-entender-la-policia-migratoria-de-trump.html\">Suscr\u00edbete en El Pa\u00eds para participar<\/a><a class=\"btn btn-3\" href=\"https:\/\/elpais.com\/subscriptions\/#\/sign-in?prod=REG&amp;o=COM&amp;prm=login_articulo_comentarios_el-pais&amp;backURL=https%3A%2F%2Felpais.com%2Fus%2Fmigracion%2F2026-01-29%2Fque-es-el-ice-y-cual-es-la-diferencia-con-la-patrulla-fronteriza-claves-para-entender-la-policia-migratoria-de-trump.html\" id=\"comments_login_link\" data-link-am=\"https:\/\/elpais.com\/subscriptions\/#\/sign-in?prod=REG&amp;o=COM&amp;prm=login_articulo_comentarios_el-pais-america&amp;backURL=https%3A%2F%2Felpais.com%2Fus%2Fmigracion%2F2026-01-29%2Fque-es-el-ice-y-cual-es-la-diferencia-con-la-patrulla-fronteriza-claves-para-entender-la-policia-migratoria-de-trump.html\" data-link-mx=\"https:\/\/elpais.com\/subscriptions\/#\/sign-in?prod=REG&amp;o=COM&amp;prm=login_articulo_comentarios_el-pais-mexico&amp;backURL=https%3A%2F%2Felpais.com%2Fus%2Fmigracion%2F2026-01-29%2Fque-es-el-ice-y-cual-es-la-diferencia-con-la-patrulla-fronteriza-claves-para-entender-la-policia-migratoria-de-trump.html\" data-link-co=\"https:\/\/elpais.com\/subscriptions\/#\/sign-in?prod=REG&amp;o=COM&amp;backURL=https%3A%2F%2Felpais.com%2Fus%2Fmigracion%2F2026-01-29%2Fque-es-el-ice-y-cual-es-la-diferencia-con-la-patrulla-fronteriza-claves-para-entender-la-policia-migratoria-de-trump.html\" data-link-ar=\"https:\/\/elpais.com\/subscriptions\/#\/sign-in?prod=REG&amp;o=COM&amp;backURL=https%3A%2F%2Felpais.com%2Fus%2Fmigracion%2F2026-01-29%2Fque-es-el-ice-y-cual-es-la-diferencia-con-la-patrulla-fronteriza-claves-para-entender-la-policia-migratoria-de-trump.html\" data-link-cl=\"https:\/\/elpais.com\/subscriptions\/#\/sign-in?prod=REG&amp;o=COM&amp;backURL=https%3A%2F%2Felpais.com%2Fus%2Fmigracion%2F2026-01-29%2Fque-es-el-ice-y-cual-es-la-diferencia-con-la-patrulla-fronteriza-claves-para-entender-la-policia-migratoria-de-trump.html\" data-link-us=\"https:\/\/elpais.com\/subscriptions\/#\/sign-in?prod=REG&amp;o=COM&amp;backURL=https%3A%2F%2Felpais.com%2Fus%2Fmigracion%2F2026-01-29%2Fque-es-el-ice-y-cual-es-la-diferencia-con-la-patrulla-fronteriza-claves-para-entender-la-policia-migratoria-de-trump.html\">Ya tengo una suscripci\u00f3n<\/a><\/div>\n<p>Please enable JavaScript to view the &lt;a href=&#8221;https:\/\/disqus.com\/?ref_noscript&#8221; rel=&#8221;nofollow&#8221;&gt; comments powered by Disqus.&lt;\/a&gt;<\/p><\/div>\n<\/div>\n<\/div>\n<aside class=\"w w-rel\" data-dtm-region=\"articulo_mas-informacion\">\n<h2 class=\"w_t\">M\u00e1s informaci\u00f3n<\/h2>\n<ul class=\"w_b _ls\">\n<li class=\"_g _g-xs w-rel_n\">\n<div class=\" a_m-h c_m--nf\"><span class=\"_db _pr\"><img decoding=\"async\" class=\"_re lazyload a_m-h\" height=\"311\" width=\"414\" src=\"https:\/\/analyse.optim.biz\/wp-content\/uploads\/2026\/01\/kcxwvvhbtznajlklgxih6ryqce-2.jpg\" loading=\"lazy\" title=\"kcxwvvhbtznajlklgxih6ryqce-2\"><\/span><\/div>\n<div class=\"nt\">\n<h3 class=\"nt_t\"><a href=\"https:\/\/elpais.com\/us\/migracion\/2026-01-27\/una-persona-resulta-herida-de-bala-en-arizona-en-un-incidente-con-la-patrulla-fronteriza.html#?rel=mas\">Un herido de bala en un incidente con la Patrulla Fronteriza en Arizona<\/a><\/h3>\n<div class=\"nt_a\"><a href=\"https:\/\/elpais.com\/autor\/patricia-caro\/\" title=\"Ver todas las noticias de Patricia Caro\">Patricia Caro<\/a> | Washington<\/div>\n<\/div>\n<\/li>\n<li class=\"_g _g-xs w-rel_n\">\n<div class=\" a_m-h c_m--nf\"><span class=\"_db _pr\"><img decoding=\"async\" class=\"_re lazyload a_m-h\" height=\"311\" width=\"414\" src=\"https:\/\/analyse.optim.biz\/wp-content\/uploads\/2026\/01\/fww6sgzgunnffkkhmuhyxqht6e.jpg\" loading=\"lazy\" title=\"fww6sgzgunnffkkhmuhyxqht6e\"><\/span><\/div>\n<div class=\"nt\">\n<h3 class=\"nt_t\"><a href=\"https:\/\/elpais.com\/us\/migracion\/2026-01-27\/abolish-ice-el-movimiento-que-busca-desmantelar-la-policia-migratoria-de-trump.html#?rel=mas\">\u2018Abolish ICE\u2019, el movimiento que busca desmantelar la polic\u00eda migratoria de Trump<\/a><\/h3>\n<div class=\"nt_a\"><a href=\"https:\/\/elpais.com\/autor\/carla-gloria-colome-santiago\/\" title=\"Ver todas las noticias de Carla Gloria Colom\u00e9\">Carla Gloria Colom\u00e9<\/a> | Miami<\/div>\n<\/div>\n<\/li>\n<\/ul>\n<\/aside>\n<section class=\"w w-ae\" data-dtm-region=\"articulo_archivado-en\">\n<h2 class=\"w_t\">Archivado En<\/h2>\n<div class=\"w_b\">\n<ul class=\"w_ul w_ul--mh _df _ls\">\n<li><a href=\"https:\/\/elpais.com\/noticias\/estados-unidos\/#?rel=arch\" rel=\"noopener noreferrer\">Estados Unidos<\/a><\/li>\n<li><a href=\"https:\/\/elpais.com\/noticias\/america\/#?rel=arch\" rel=\"noopener noreferrer\">Am\u00e9rica<\/a><\/li>\n<li><a href=\"https:\/\/elpais.com\/noticias\/migrantes\/#?rel=arch\" rel=\"noopener noreferrer\">Migrantes<\/a><\/li>\n<li><a href=\"https:\/\/elpais.com\/noticias\/inmigrantes\/#?rel=arch\" rel=\"noopener noreferrer\">Inmigrantes<\/a><\/li>\n<li><a href=\"https:\/\/elpais.com\/noticias\/migracion\/#?rel=arch\" rel=\"noopener noreferrer\">Migraci\u00f3n<\/a><\/li>\n<li><a href=\"https:\/\/elpais.com\/noticias\/deportacion\/#?rel=arch\" rel=\"noopener noreferrer\">Deportaci\u00f3n<\/a><\/li>\n<li><a href=\"https:\/\/elpais.com\/noticias\/crisis-migratoria\/#?rel=arch\" rel=\"noopener noreferrer\">Crisis migratoria<\/a><\/li>\n<li><a href=\"https:\/\/elpais.com\/noticias\/inmigracion\/#?rel=arch\" rel=\"noopener noreferrer\">Inmigraci\u00f3n<\/a><\/li>\n<li><a href=\"https:\/\/elpais.com\/noticias\/inmigracion-irregular\/#?rel=arch\" rel=\"noopener noreferrer\">Inmigraci\u00f3n irregular<\/a><\/li>\n<li><a href=\"https:\/\/elpais.com\/noticias\/ice-servicio-control-inmigracion-aduanas\/#?rel=arch\" rel=\"noopener noreferrer\">ICE<\/a><\/li>\n<li><a href=\"https:\/\/elpais.com\/noticias\/minnesota\/#?rel=arch\" rel=\"noopener noreferrer\">Minnesota <\/a><\/li>\n<li><a href=\"https:\/\/elpais.com\/noticias\/minneapolis\/#?rel=arch\" rel=\"noopener noreferrer\">Minneapolis<\/a><\/li>\n<li><a href=\"https:\/\/elpais.com\/noticias\/donald-trump\/#?rel=arch\" rel=\"noopener noreferrer\">Donald Trump<\/a><\/li>\n<li><a href=\"https:\/\/elpais.com\/noticias\/kristi-noem\/#?rel=arch\" rel=\"noopener noreferrer\">Kristi Noem<\/a><\/li>\n<li><a href=\"https:\/\/elpais.com\/noticias\/fronteras\/#?rel=arch\" rel=\"noopener noreferrer\">Fronteras<\/a><\/li>\n<\/ul>\n<\/div>\n<\/section>\n<aside class=\"a_tp _df\">\n<div class=\"a_tp_txt\"><span class=\"a_tp_t\">Se adhiere a los criterios de<\/span><\/p>\n<figure class=\"a_m a_m-h c_m--nf\"><a class=\"a_tp_i _dib\" href=\"https:\/\/elpais.com\/estaticos\/que-es-the-trust-project\/\" target=\"_blank\" rel=\"noopener noreferrer nofollow\"><img decoding=\"async\" alt=\"The Trust Project\" class=\" lazyload a_m-h\" height=\"20\" width=\"117\" src=\"https:\/\/analyse.optim.biz\/wp-content\/uploads\/2026\/01\/the-trust-project-373.svg\" loading=\"lazy\" title=\"the-trust-project-373\"><\/a><\/figure>\n<p><a class=\"a_tp_mi\" href=\"https:\/\/elpais.com\/estaticos\/codigo-etico\/\" target=\"_blank\" rel=\"noopener noreferrer nofollow\">M\u00e1s informaci\u00f3n<\/a><\/div>\n<div class=\"a_tp_si\">Si est\u00e1 interesado en licenciar este contenido, pinche <a class=\"a_tp_si_l\" href=\"https:\/\/profesional.elpais.com\/soluciones-sindicacion\/?utm_medium=interno&amp;utm_source=crosslinking&amp;utm_campaign=sindicacion_ep_pie_articulos\" target=\"_blank\" rel=\"noopener noreferrer nofollow\">aqu\u00ed<\/a><\/div>\n<\/aside>\n<div class=\"a_o _pr\" data-dtm-region=\"articulo_right-rail\">\n<div id=\"elpais_gpt-MPU1\" data-adtype=\"MPU\" class=\"ad ad-mpu\"><span class=\"_dn\">_<\/span><\/div>\n<section class=\"w w-sc b_col\" data-dtm-region=\"articulo_ultimas-noticias\">\n<header class=\"w_h b_col_h\">\n<h3 class=\"w_t\"><a href=\"https:\/\/elpais.com\/ultimas-noticias\/\" rel=\"story-card-ultimas-noticias\">\u00daltimas noticias<\/a><\/h3>\n<\/header>\n<div class=\"w_b\">\n<article class=\"c  c--m-n   \" data-word=\"0\">\n<header class=\"c_h\"><time datetime=\"2026-01-29T17:44:31+01:00\" class=\"c_da\">17:44<\/time><\/p>\n<h2 class=\"c_t \"><a href=\"https:\/\/elpais.com\/espana\/madrid\/2026-01-29\/ayuso-no-acatara-la-orden-de-prohibir-la-entrada-a-menores-de-18-anos-a-las-corridas-de-toros.html\">Ayuso no acatar\u00e1 la orden de prohibir la entrada a menores de 18 a\u00f1os a las corridas de toros<\/a><\/h2>\n<\/header>\n<\/article>\n<article class=\"c  c--m-n   \" data-word=\"0\">\n<header class=\"c_h\"><time datetime=\"2026-01-29T17:42:11+01:00\" class=\"c_da\">17:42<\/time><\/p>\n<h2 class=\"c_t \"><a href=\"https:\/\/elpais.com\/sociedad\/2026-01-29\/la-fiscalia-investiga-la-administracion-de-vacunas-caducadas-a-103-personas-en-el-pais-vasco.html\">La Fiscal\u00eda investiga la administraci\u00f3n de vacunas caducadas a 103 personas en el Pa\u00eds Vasco<\/a><\/h2>\n<\/header>\n<\/article>\n<article class=\"c  c--m-n   \" data-word=\"0\">\n<header class=\"c_h\"><time datetime=\"2026-01-29T17:25:34+01:00\" class=\"c_da\">17:25<\/time><\/p>\n<h2 class=\"c_t \"><a href=\"https:\/\/elpais.com\/america\/2026-01-29\/joseph-oughourlian-debemos-defender-el-pensamiento-critico-y-la-verdad-cueste-lo-que-cueste.html\">Joseph Oughourlian: \u201cDebemos defender el pensamiento cr\u00edtico y la verdad, cueste lo que cueste\u201d<\/a><\/h2>\n<\/header>\n<\/article>\n<article class=\"c  c--m-n   \" data-word=\"0\">\n<header class=\"c_h\"><time datetime=\"2026-01-29T17:24:19+01:00\" class=\"c_da\">17:24<\/time><\/p>\n<h2 class=\"c_t \"><a href=\"https:\/\/elpais.com\/america\/2026-01-29\/el-segundo-dia-del-foro-economico-internacional-de-america-latina-y-el-caribe-en-imagenes.html\">El segundo d\u00eda del Foro Econ\u00f3mico Internacional de Am\u00e9rica Latina y el Caribe, en im\u00e1genes<\/a><\/h2>\n<\/header>\n<\/article>\n<\/div>\n<\/section>\n<aside class=\"w w-lmv\" data-dtm-region=\"articulo_lom\">\n<h2 class=\"w_t\"><a href=\"https:\/\/elpais.com\/lo-mas-visto\/\">Lo m\u00e1s visto<\/a><\/h2>\n<div class=\"w_b\">\n<ol class=\"_ls\">\n<li><a href=\"https:\/\/elpais.com\/us\/migracion\/2026-01-27\/la-campana-contra-la-inmigracion-de-trump-rebaja-a-la-mitad-el-crecimiento-de-la-poblacion-en-estados-unidos.html#?rel=lom\">La campa\u00f1a contra la inmigraci\u00f3n de Trump rebaja a la mitad el crecimiento de la poblaci\u00f3n en Estados Unidos<\/a><\/li>\n<li><a href=\"https:\/\/elpais.com\/us\/migracion\/2026-01-28\/california-avanza-la-ley-no-kings-para-permitir-demandas-contra-agentes-del-ice.html#?rel=lom\">California avanza la \u2018Ley No Kings\u2019 para permitir demandas contra agentes del ICE<\/a><\/li>\n<li><a href=\"https:\/\/elpais.com\/us\/migracion\/2026-01-28\/el-gobierno-de-ecuador-denuncia-que-un-agente-del-ice-intento-entrar-a-su-consulado-en-minneapolis.html#?rel=lom\">El Gobierno de Ecuador denuncia que un agente del ICE intent\u00f3 entrar a su consulado en Minneapolis<\/a><\/li>\n<li><a href=\"https:\/\/elpais.com\/us\/migracion\/2026-01-28\/un-aspirante-a-asesino-y-una-izquierdista-trastornada-asi-ha-justificado-el-gobierno-de-trump-los-ultimos-asesinatos-del-ice.html#?rel=lom\">\u201cUn aspirante a asesino\u201d y una \u201cizquierdista trastornada\u201d: as\u00ed ha justificado el Gobierno de Trump los \u00faltimos asesinatos del ICE<\/a><\/li>\n<li><a href=\"https:\/\/elpais.com\/america\/2026-01-28\/marco-rubio-estados-unidos-usara-la-fuerza-si-rodriguez-no-coopera-en-venezuela.html#?rel=lom\">Marco Rubio: \u201cEstados Unidos usar\u00e1 la fuerza si Rodr\u00edguez no coopera en Venezuela\u201d<\/a><\/li>\n<\/ol>\n<\/div>\n<\/aside>\n<\/div>\n<\/article>\n<article class=\"c  c--m-n   \" data-word=\"0\">\n<header class=\"c_h\"><time datetime=\"2026-01-29T17:44:31+01:00\" class=\"c_da\">17:44<\/time><\/p>\n<h2 class=\"c_t \"><a href=\"https:\/\/elpais.com\/espana\/madrid\/2026-01-29\/ayuso-no-acatara-la-orden-de-prohibir-la-entrada-a-menores-de-18-anos-a-las-corridas-de-toros.html\">Ayuso no acatar\u00e1 la orden de prohibir la entrada a menores de 18 a\u00f1os a las corridas de toros<\/a><\/h2>\n<\/header>\n<\/article>\n<article class=\"c  c--m-n   \" data-word=\"0\">\n<header class=\"c_h\"><time datetime=\"2026-01-29T17:42:11+01:00\" class=\"c_da\">17:42<\/time><\/p>\n<h2 class=\"c_t \"><a href=\"https:\/\/elpais.com\/sociedad\/2026-01-29\/la-fiscalia-investiga-la-administracion-de-vacunas-caducadas-a-103-personas-en-el-pais-vasco.html\">La Fiscal\u00eda investiga la administraci\u00f3n de vacunas caducadas a 103 personas en el Pa\u00eds Vasco<\/a><\/h2>\n<\/header>\n<\/article>\n<article class=\"c  c--m-n   \" data-word=\"0\">\n<header class=\"c_h\"><time datetime=\"2026-01-29T17:25:34+01:00\" class=\"c_da\">17:25<\/time><\/p>\n<h2 class=\"c_t \"><a href=\"https:\/\/elpais.com\/america\/2026-01-29\/joseph-oughourlian-debemos-defender-el-pensamiento-critico-y-la-verdad-cueste-lo-que-cueste.html\">Joseph Oughourlian: \u201cDebemos defender el pensamiento cr\u00edtico y la verdad, cueste lo que cueste\u201d<\/a><\/h2>\n<\/header>\n<\/article>\n<article class=\"c  c--m-n   \" data-word=\"0\">\n<header class=\"c_h\"><time datetime=\"2026-01-29T17:24:19+01:00\" class=\"c_da\">17:24<\/time><\/p>\n<h2 class=\"c_t \"><a href=\"https:\/\/elpais.com\/america\/2026-01-29\/el-segundo-dia-del-foro-economico-internacional-de-america-latina-y-el-caribe-en-imagenes.html\">El segundo d\u00eda del Foro Econ\u00f3mico Internacional de Am\u00e9rica Latina y el Caribe, en im\u00e1genes<\/a><\/h2>\n<\/header>\n<\/article>\n<p> Source URL: https:\/\/elpais.com\/us\/migracion\/2026-01-29\/que-es-el-ice-y-cual-es-la-diferencia-con-la-patrulla-fronteriza-claves-para-entender-la-policia-migratoria-de-trump.html<\/p>\n","protected":false},"excerpt":{"rendered":"<p>agentes de Inmigraci\u00f3n \u00bfQu\u00e9 es el ICE? \u00bfY cu\u00e1l es la diferencia con la Patrulla Fronteriza? Claves para entender la polic\u00eda migratoria de Trump Ambas agencias, que se encuentran sobre el terreno en ciudades como Minneapolis, han expandido significativamente sus capacidades en la segunda era del republicano Agentes federales durante una protesta en Minneapolis, el [&hellip;]<\/p>\n","protected":false},"author":1,"featured_media":1543419,"comment_status":"open","ping_status":"","sticky":false,"template":"","format":"standard","meta":{"footnotes":""},"categories":[88],"tags":[92],"class_list":["post-1543418","post","type-post","status-publish","format-standard","has-post-thumbnail","hentry","category-spain","tag-elpais-com"],"_links":{"self":[{"href":"https:\/\/analyse.optim.biz\/index.php?rest_route=\/wp\/v2\/posts\/1543418","targetHints":{"allow":["GET"]}}],"collection":[{"href":"https:\/\/analyse.optim.biz\/index.php?rest_route=\/wp\/v2\/posts"}],"about":[{"href":"https:\/\/analyse.optim.biz\/index.php?rest_route=\/wp\/v2\/types\/post"}],"author":[{"embeddable":true,"href":"https:\/\/analyse.optim.biz\/index.php?rest_route=\/wp\/v2\/users\/1"}],"replies":[{"embeddable":true,"href":"https:\/\/analyse.optim.biz\/index.php?rest_route=%2Fwp%2Fv2%2Fcomments&post=1543418"}],"version-history":[{"count":0,"href":"https:\/\/analyse.optim.biz\/index.php?rest_route=\/wp\/v2\/posts\/1543418\/revisions"}],"wp:featuredmedia":[{"embeddable":true,"href":"https:\/\/analyse.optim.biz\/index.php?rest_route=\/wp\/v2\/media\/1543419"}],"wp:attachment":[{"href":"https:\/\/analyse.optim.biz\/index.php?rest_route=%2Fwp%2Fv2%2Fmedia&parent=1543418"}],"wp:term":[{"taxonomy":"category","embeddable":true,"href":"https:\/\/analyse.optim.biz\/index.php?rest_route=%2Fwp%2Fv2%2Fcategories&post=1543418"},{"taxonomy":"post_tag","embeddable":true,"href":"https:\/\/analyse.optim.biz\/index.php?rest_route=%2Fwp%2Fv2%2Ftags&post=1543418"}],"curies":[{"name":"wp","href":"https:\/\/api.w.org\/{rel}","templated":true}]}}