{"id":1543381,"date":"2026-01-29T04:45:01","date_gmt":"2026-01-29T01:45:01","guid":{"rendered":"https:\/\/analyse.optim.biz\/?p=1543381"},"modified":"2026-01-29T04:45:01","modified_gmt":"2026-01-29T01:45:01","slug":"el-regreso-del-fascismo","status":"publish","type":"post","link":"https:\/\/analyse.optim.biz\/?p=1543381","title":{"rendered":"El regreso del fascismo"},"content":{"rendered":"<article id=\"main-content\" class=\"a _g _g-lg _g-o\">\n<header class=\"a_e a_e-o _g _g-xs\">\n<div class=\"a_e_txt _df\">\n<div class=\"a_k _df\"><a class=\"a_k_n\" href=\"https:\/\/elpais.com\/noticias\/migrantes\/\">Migrantes<\/a><\/p>\n<div class=\"a_k_tp _df\"><span class=\"a_k_tp_tip\">An\u00e1lisis<\/span><\/p>\n<div class=\"infb _df\">\n<div id=\"infb-tp\" class=\"_pa infb_txt\" hidden>Exposici\u00f3n did\u00e1ctica de ideas, conjeturas o hip\u00f3tesis, a partir de unos hechos de actualidad comprobados \u2014no necesariamente del d\u00eda\u2014 que se reflejan en el propio texto. Excluye los juicios de valor y se aproxima m\u00e1s al g\u00e9nero de opini\u00f3n, pero se diferencia de \u00e9l en que no juzga ni pronostica, sino que s\u00f3lo formula hip\u00f3tesis, ofrece explicaciones argumentadas y pone en relaci\u00f3n datos dispersos<\/div>\n<\/div>\n<\/div>\n<\/div>\n<h1 class=\"a_t\">El regreso del fascismo<\/h1>\n<p class=\"a_st\">La impresi\u00f3n de que el movimiento totalitario se ha instalado en EE UU no ha hecho m\u00e1s que crecer desde la actuaci\u00f3n del ICE en Minneapolis<\/p>\n<\/div>\n<div class=\"a_e_m\">\n<figure class=\"a_m a_m-h \"><span class=\"a_m_w _db\"><img fetchpriority=\"high\" decoding=\"async\" alt=\"Mussolini en Berl\u00edn con Rudolf Hess.\" class=\"_re  a_m-h\" height=\"288\" width=\"414\" src=\"https:\/\/analyse.optim.biz\/wp-content\/uploads\/2026\/01\/rwbmpe4pqndsrbww6hllqn6brq-1.jpg\" loading=\"eager\" title=\"rwbmpe4pqndsrbww6hllqn6brq-1\"><\/span><figcaption class=\"a_m_p\" aria-hidden=\"true\"><span>Mussolini con Rudolf Hess, lugarteniente de Hitler, en Berl\u00edn, en una imagen sin fechar.<\/span><span class=\"a_m_m\">Bettmann (Bettmann Archive)<\/span><\/figcaption><\/figure>\n<\/div>\n<\/header>\n<div class=\"a_md _g _g-xs \">\n<figure class=\"a_md_i a_m-h c_m--nf\"><span class=\"a_m_w _db\"><img decoding=\"async\" alt=\"Guillermo Altares\" class=\"_re lazyload a_m-h\" height=\"100\" width=\"100\" src=\"https:\/\/analyse.optim.biz\/wp-content\/uploads\/2026\/01\/https3a2f2fauthor-service-images-prod-us-east-1-publishing-aws_-arc_-pub2fprisa2fef9b4e0b-c8b1-4ef7-b652-1135b466c882.jpg\" loading=\"lazy\" title=\"https3a2f2fauthor-service-images-prod-us-east-1-publishing-aws_-arc_-pub2fprisa2fef9b4e0b-c8b1-4ef7-b652-1135b466c882\"><\/span><\/figure>\n<div class=\"a_md_txt\">\n<div class=\"a_md_a\" data-dtm-region=\"articulo_firma\"><a href=\"https:\/\/elpais.com\/autor\/guillermo-altares\/#?rel=author_top\" title=\"Ver todas las noticias de Guillermo Altares\" class=\"a_md_a_n\">Guillermo Altares<\/a><\/div>\n<div class=\"a_md_f\"><span><a href=\"https:\/\/elpais.com\/hemeroteca\/2026-01-29\/\" data-date=\"2026-01-29T05:45:01+01:00\"><time data-date=\"2026-01-29T05:45:01+01:00\" datetime=\"2026-01-29T05:45:01+01:00\" id=\"article_date_p\">29 ene 2026 &#8211; 05:45<abbr title=\"Central European Time\">CET<\/abbr><\/time><\/a><\/span><\/div>\n<div class=\"w_rs\" data-dtm-region=\"articulo_botonera-social\">\n<div class=\"w_rs_i\"><a class=\"_btn hidden\" href=\"\/\/send?text=El%20regreso%20del%20fascismo%0D%0A%0D%0Ahttps%3A%2F%2Felpais.com%2Finternacional%2F2026-01-29%2Fel-regreso-del-fascismo.html%3Fssm=whatsapp_CC\" data-action=\"share\/whatsapp\/share\" data-param-description=\"El regreso del fascismo\" data-param-href=\"https:\/\/elpais.com\/internacional\/2026-01-29\/el-regreso-del-fascismo.html\" data-param-text=\"El regreso del fascismo https:\/\/elpais.com\/internacional\/2026-01-29\/el-regreso-del-fascismo.html\" data-param-url=\"https:\/\/elpais.com\/internacional\/2026-01-29\/el-regreso-del-fascismo.html\" target=\"_blank\" rel=\"noopener noreferrer\" data-share-track-dtm=\"whatsapp\" id=\"btn_share_whatsapp_921\"><span class=\"_sr\">Compartir en Whatsapp<\/span><\/a><\/div>\n<div class=\"w_rs_i\"><a class=\"_btn \" href=\"https:\/\/www.facebook.com\/dialog\/share?display=popup&amp;app_id=94039431626&amp;href=https%3A%2F%2Felpais.com%2Finternacional%2F2026-01-29%2Fel-regreso-del-fascismo.html%3Fssm=FB_CC&amp;quote=El%20regreso%20del%20fascismo\" data-param-app_id=\"94039431626\" data-param-description=\"El regreso del fascismo\" data-param-href=\"https:\/\/elpais.com\/internacional\/2026-01-29\/el-regreso-del-fascismo.html\" data-param-text=\"El regreso del fascismo\" data-param-url=\"https:\/\/elpais.com\/internacional\/2026-01-29\/el-regreso-del-fascismo.html\" target=\"_blank\" rel=\"noopener noreferrer\" data-share-track-dtm=\"facebook\" id=\"btn_share_facebook_921\"><span class=\"_sr\">Compartir en Facebook<\/span><\/a><\/div>\n<div class=\"w_rs_i\"><a class=\"_btn \" href=\"https:\/\/twitter.com\/intent\/tweet?url=https%3A%2F%2Felpais.com%2Finternacional%2F2026-01-29%2Fel-regreso-del-fascismo.html%3Fssm=TW_CC&amp;text=El%20regreso%20del%20fascismo&amp;via=el_pais&amp;lang=es\" data-param-description=\"El regreso del fascismo\" data-param-href=\"https:\/\/elpais.com\/internacional\/2026-01-29\/el-regreso-del-fascismo.html\" data-param-text=\"El regreso del fascismo via @el_pais\" data-param-url=\"https:\/\/elpais.com\/internacional\/2026-01-29\/el-regreso-del-fascismo.html\" target=\"_blank\" rel=\"noopener noreferrer\" data-share-track-dtm=\"twitter\" id=\"btn_share_twitter_921\"><span class=\"_sr\">Compartir en Twitter<\/span><\/a><\/div>\n<div class=\"w_rs_i\"><a class=\"_btn \" href=\"https:\/\/bsky.app\/intent\/compose?text=https%3A%2F%2Felpais.com%2Finternacional%2F2026-01-29%2Fel-regreso-del-fascismo.html%3Fssm=bsky_CC\" data-param-description=\"El regreso del fascismo\" data-param-href=\"https:\/\/elpais.com\/internacional\/2026-01-29\/el-regreso-del-fascismo.html\" data-param-text=\"El regreso del fascismo\" data-param-url=\"https:\/\/elpais.com\/internacional\/2026-01-29\/el-regreso-del-fascismo.html\" target=\"_blank\" rel=\"noopener noreferrer\" data-share-track-dtm=\"bluesky\" id=\"btn_share_bluesky_921\"><span class=\"_sr\">Compartir en Bluesky<\/span><\/a><\/div>\n<div class=\"w_rs_i\"><a class=\"_btn \" href=\"https:\/\/www.linkedin.com\/sharing\/share-offsite\/?url=https%3A%2F%2Felpais.com%2Finternacional%2F2026-01-29%2Fel-regreso-del-fascismo.html%3Fssm=LK_CC\" data-param-description=\"El regreso del fascismo\" data-param-href=\"https:\/\/elpais.com\/internacional\/2026-01-29\/el-regreso-del-fascismo.html\" data-param-text=\"El regreso del fascismo\" data-param-url=\"https:\/\/elpais.com\/internacional\/2026-01-29\/el-regreso-del-fascismo.html\" target=\"_blank\" rel=\"noopener noreferrer\" data-share-track-dtm=\"linkedin\" id=\"btn_share_linkedin_921\"><span class=\"_sr\">Compartir en Linkedin<\/span><\/a><\/div>\n<div class=\"w_rs_i\"><a class=\"_btn rs_l\" href=\"https:\/\/elpais.com\/internacional\/2026-01-29\/el-regreso-del-fascismo.html#?prm=copy_link\" data-share-track-dtm=\"copiar_url\" id=\"btn_share_link_91\"><span class=\"_sr\">Copiar enlace<\/span><\/a><\/div>\n<div class=\"w_rs_i\"><a class=\"_btn rs_c\" href=\"https:\/\/elpais.com\/internacional\/2026-01-29\/el-regreso-del-fascismo.html#comments_container\" aria-expanded=\"false\" aria-controls=\"me-c\" data-share-track-dtm=\"eskup\" id=\"btn_share_comments_91\"><span class=\"_sr\">Ir a los comentarios<\/span><\/a><\/div>\n<\/div>\n<\/div>\n<\/div>\n<div class=\"a_c clearfix\" data-dtm-region=\"articulo_cuerpo\">\n<p class>Los a\u00f1os veinte del siglo pasado estuvieron marcados por el <a href=\"https:\/\/elpais.com\/us\/2026-01-17\/ya-no-se-molestan-en-usar-mensajes-subliminales-las-referencias-nazis-del-gobierno-trump-causan-indignacion.html\" target=\"_self\" rel title=\"https:\/\/elpais.com\/us\/2026-01-17\/ya-no-se-molestan-en-usar-mensajes-subliminales-las-referencias-nazis-del-gobierno-trump-causan-indignacion.html\">fascismo<\/a>, una palabra que no se deber\u00eda emplear de forma leve. Ocurre lo mismo con el concepto de <a href=\"https:\/\/elpais.com\/opinion\/2025-08-10\/palabras-en-la-oscuridad-ante-el-genocidio-en-gaza-no-digamos-no.html\" target=\"_self\" rel title=\"https:\/\/elpais.com\/opinion\/2025-08-10\/palabras-en-la-oscuridad-ante-el-genocidio-en-gaza-no-digamos-no.html\">genocidio<\/a>, una vez utilizado no hay marcha atr\u00e1s. \u201cEs una palabra avalancha: una vez que la pronuncias, no hace m\u00e1s que crecer\u201d, dijo David Grossman en <a href=\"https:\/\/www.repubblica.it\/esteri\/2025\/07\/31\/news\/grossman_intervista_scrittore_israeliano_gaza_guerra-424764877\/\" target=\"_blank\" rel title=\"https:\/\/www.repubblica.it\/esteri\/2025\/07\/31\/news\/grossman_intervista_scrittore_israeliano_gaza_guerra-424764877\/\">una entrevista<\/a> con la periodista italiana Francesca Caferri cuando el escritor israel\u00ed defini\u00f3 por primera vez lo ocurrido en Gaza como un <a href=\"https:\/\/elpais.com\/babelia\/2025-10-03\/genocidio-el-poder-de-una-palabra-historia-del-crimen-de-los-crimenes.html\" target=\"_self\" rel title=\"https:\/\/elpais.com\/babelia\/2025-10-03\/genocidio-el-poder-de-una-palabra-historia-del-crimen-de-los-crimenes.html\">genocidio<\/a>. Desde el inicio de la segunda presidencia de Donald Trump, hace un a\u00f1o, pero sobre todo desde el <a href=\"https:\/\/elpais.com\/us\/migracion\/2026-01-28\/un-aspirante-a-asesino-y-una-izquierdista-trastornada-asi-ha-justificado-el-gobierno-de-trump-los-ultimos-asesinatos-del-ice.html\" target=\"_self\" rel title=\"https:\/\/elpais.com\/us\/migracion\/2026-01-28\/un-aspirante-a-asesino-y-una-izquierdista-trastornada-asi-ha-justificado-el-gobierno-de-trump-los-ultimos-asesinatos-del-ice.html\">brutal despliegue en Minneapolis<\/a> de los paramilitares federales del ICE y la Patrulla Fronteriza, la impresi\u00f3n de que el fascismo se ha instalado en Estados Unidos no ha hecho m\u00e1s que crecer entre escritores, comentaristas, historiadores y ciudadanos.<\/p>\n<p class>Las im\u00e1genes de individuos armados hasta los dientes, sin identificar y con el rostro cubierto, que <a href=\"https:\/\/elpais.com\/us\/migracion\/2026-01-27\/el-religioso-que-simboliza-la-resistencia-al-ice-en-minneapolis-trump-esta-llevando-a-cabo-una-limpieza-etnica.html\" target=\"_self\" rel title=\"https:\/\/elpais.com\/us\/migracion\/2026-01-27\/el-religioso-que-simboliza-la-resistencia-al-ice-en-minneapolis-trump-esta-llevando-a-cabo-una-limpieza-etnica.html\">apalizan a personas que tratan de protestar por su presencia<\/a> \u2014un derecho protegido por la <a href=\"https:\/\/elpais.com\/us\/migracion\/2026-01-24\/se-desata-la-caceria-a-los-activistas-que-vigilan-las-redadas-del-ice-nuestro-trabajo-es-necesario-pero-sumamente-delicado.html\" target=\"_blank\" rel=\"noreferrer\" title=\"https:\/\/elpais.com\/us\/migracion\/2026-01-24\/se-desata-la-caceria-a-los-activistas-que-vigilan-las-redadas-del-ice-nuestro-trabajo-es-necesario-pero-sumamente-delicado.html\">Primera Enmienda<\/a> que garantiza de forma muy generosa la libertad de expresi\u00f3n en EE UU\u2014 y detienen a ciudadanos solo por su acento o color de piel \u2014incluyendo ni\u00f1os como <a href=\"https:\/\/elpais.com\/us\/migracion\/2026-01-27\/el-pequeno-liam-lleva-una-semana-detenido-el-rostro-de-los-cientos-de-menores-bajo-custodia-migratoria-de-la-administracion-trump.html\" target=\"_self\" rel title=\"https:\/\/elpais.com\/us\/migracion\/2026-01-27\/el-pequeno-liam-lleva-una-semana-detenido-el-rostro-de-los-cientos-de-menores-bajo-custodia-migratoria-de-la-administracion-trump.html\">el peque\u00f1o Liam<\/a>\u2014 son incompatibles con una sociedad plenamente democr\u00e1tica. La muerte de dos civiles a tiros, <a href=\"https:\/\/elpais.com\/internacional\/2026-01-08\/renee-nicole-good-la-poeta-y-madre-de-tres-hijos-que-murio-tiroteada-en-minneapolis-por-un-agente-antinmigracion.html\" target=\"_self\" rel title=\"https:\/\/elpais.com\/internacional\/2026-01-08\/renee-nicole-good-la-poeta-y-madre-de-tres-hijos-que-murio-tiroteada-en-minneapolis-por-un-agente-antinmigracion.html\">Renee Nicole Good<\/a> y <a href=\"https:\/\/elpais.com\/us\/migracion\/2026-01-26\/la-muerte-de-un-manifestante-a-manos-de-la-policia-desata-una-bronca-politica-entre-el-gobierno-de-trump-y-las-autoridades-de-minnesota.html\" target=\"_self\" rel title=\"https:\/\/elpais.com\/us\/migracion\/2026-01-26\/la-muerte-de-un-manifestante-a-manos-de-la-policia-desata-una-bronca-politica-entre-el-gobierno-de-trump-y-las-autoridades-de-minnesota.html\">Alex Pretti<\/a>, con im\u00e1genes que parecen una ejecuci\u00f3n extrajudicial en este \u00faltimo caso, desataron una indignaci\u00f3n global y una oleada de referencias a lo que ocurri\u00f3 en Europa el siglo pasado, cuando los <a href=\"https:\/\/elpais.com\/opinion\/2022-10-29\/el-ascenso-del-fascismo-cien-anos-despues.html\" target=\"_self\" rel title=\"https:\/\/elpais.com\/opinion\/2022-10-29\/el-ascenso-del-fascismo-cien-anos-despues.html\">Camisas Negras<\/a> de Mussolini y los <a href=\"https:\/\/elpais.com\/ideas\/2024-02-02\/sera-2024-como-1933-el-ano-de-la-destruccion-de-la-democracia.html\" target=\"_self\" rel title=\"https:\/\/elpais.com\/ideas\/2024-02-02\/sera-2024-como-1933-el-ano-de-la-destruccion-de-la-democracia.html\">Camisas Pardas<\/a> de Hitler se apoderaron de las calles de Italia y Alemania. <\/p>\n<aside class=\"a_ei\">\n<header class=\"a_ei_h _db\">M\u00e1s informaci\u00f3n<\/header>\n<div class=\"a_ei_r _g _g-xs \"><a class=\"a_ei_t\" href=\"https:\/\/elpais.com\/internacional\/2026-01-11\/un-nuevo-tipo-de-fascismo-que-afecta-al-mundo-entero.html#?rel=mas_sumario\" rel>Un nuevo tipo de fascismo que afecta al mundo entero<\/a><\/div>\n<\/aside>\n<p class>El escritor <a href=\"https:\/\/elpais.com\/cultura\/2024-02-03\/todo-lo-que-siempre-quiso-saber-sobre-stephen-king.html\" target=\"_self\" rel title=\"https:\/\/elpais.com\/cultura\/2024-02-03\/todo-lo-que-siempre-quiso-saber-sobre-stephen-king.html\">Stephen King<\/a>, muy cr\u00edtico con Trump en sus redes sociales, habl\u00f3 directamente de \u201c<a href=\"https:\/\/x.com\/StephenKing\/status\/2014717807917707343\" target=\"_blank\" rel title=\"https:\/\/x.com\/StephenKing\/status\/2014717807917707343\">Gestapo americana<\/a>\u201d en X; Siri Hustvedt escribi\u00f3 un art\u00edculo en este peri\u00f3dico titulado <a href=\"https:\/\/elpais.com\/internacional\/2026-01-11\/un-nuevo-tipo-de-fascismo-que-afecta-al-mundo-entero.html\" target=\"_self\" rel title=\"https:\/\/elpais.com\/internacional\/2026-01-11\/un-nuevo-tipo-de-fascismo-que-afecta-al-mundo-entero.html\"><i>Un nuevo tipo de fascismo afecta al mundo entero<\/i><\/a>. La <a href=\"https:\/\/elpais.com\/internacional\/2026-01-28\/italia-desdena-las-criticas-por-la-presencia-de-la-policia-migratoria-de-trump-en-los-juegos-olimpicos-no-es-que-lleguen-las-ss.html\" target=\"_self\" rel title=\"https:\/\/elpais.com\/internacional\/2026-01-28\/italia-desdena-las-criticas-por-la-presencia-de-la-policia-migratoria-de-trump-en-los-juegos-olimpicos-no-es-que-lleguen-las-ss.html\">sola presencia de unos pocos agentes del ICE en Italia<\/a>, durante los Juegos Ol\u00edmpicos de Invierno, ha provocado una oleada de indignaci\u00f3n en el pa\u00eds y ha sido necesaria una delirante aclaraci\u00f3n del ministro de Exteriores y vicepresidente del Ejecutivo, Antonio Tajani, que demuestra cu\u00e1l es la imagen internacional de EE UU en estos momentos: <a href=\"https:\/\/elpais.com\/internacional\/2026-01-28\/italia-desdena-las-criticas-por-la-presencia-de-la-policia-migratoria-de-trump-en-los-juegos-olimpicos-no-es-que-lleguen-las-ss.html\" target=\"_self\" rel title=\"https:\/\/elpais.com\/internacional\/2026-01-28\/italia-desdena-las-criticas-por-la-presencia-de-la-policia-migratoria-de-trump-en-los-juegos-olimpicos-no-es-que-lleguen-las-ss.html\">\u201cNo es que lleguen las SS\u201d<\/a>. <\/p>\n<figure class=\"a_m a_m-h \"><span class=\"_db a_m_w _pr lb_btn\"><img decoding=\"async\" alt=\"Agentes del ICE detienen a una mujer en Minneapolis, el pasado 21 de enero.\" class=\"_re lazyload a_m-h\" height=\"294\" width=\"414\" src=\"https:\/\/analyse.optim.biz\/wp-content\/uploads\/2026\/01\/rak4artzrfg3pfhf6vivxz6y7e.jpg\" loading=\"lazy\" title=\"rak4artzrfg3pfhf6vivxz6y7e\"><\/span><figcaption class=\"a_m_p\" aria-hidden=\"true\"><span>Agentes del ICE detienen a una mujer en Minneapolis, el pasado 21 de enero.<\/span><span class=\"a_m_m\">Leah Millis (REUTERS)<\/span><\/figcaption><\/figure>\n<p class>\u201cS\u00ed, es fascismo\u201d, <a href=\"https:\/\/www.theatlantic.com\/ideas\/2026\/01\/america-fascism-trump-maga-ice\/685751\/\" target=\"_blank\" rel title=\"https:\/\/www.theatlantic.com\/ideas\/2026\/01\/america-fascism-trump-maga-ice\/685751\/\">escribi\u00f3 esta semana Jonathan Rauch<\/a> en la revista <i>Atlantic <\/i>en un art\u00edculo demoledor. \u201cHasta hace poco, me resist\u00eda a utilizar la palabra que empieza por \u2018F\u2019 para describir al presidente Trump. Por un lado, hab\u00eda demasiados elementos del fascismo cl\u00e1sico que no parec\u00edan encajar. Por otro, el t\u00e9rmino se ha utilizado en exceso, hasta el punto de perder su significado, especialmente por parte de personas de izquierdas que te tachan de fascista si te opones al aborto o a la discriminaci\u00f3n positiva\u201d, se\u00f1alaba antes de precisar: \u201cSi cambian los hechos, cambia mi opini\u00f3n\u201d. A continuaci\u00f3n, explica punto por punto todos los aspectos \u2014desde el elogio de la fuerza bruta hasta la deshumanizaci\u00f3n de sectores enteros de la poblaci\u00f3n\u2014 que convierten la Am\u00e9rica de Trump en un pa\u00eds que se encamina de manera decidida hacia el abismo del fascismo. <\/p>\n<p class>El primero que lanz\u00f3 la voz de alarma fue <a href=\"https:\/\/elpais.com\/internacional\/2016\/06\/05\/estados_unidos\/1465162717_340531.html\" target=\"_self\" rel title=\"https:\/\/elpais.com\/internacional\/2016\/06\/05\/estados_unidos\/1465162717_340531.html\">Robert Paxton<\/a>, un historiador experto en fascismo de 93 a\u00f1os que durante su larga carrera ha demostrado una lucidez y una valent\u00eda bastante extraordinarias. Paxton, nacido en 1932, public\u00f3 un libro en 1972 que enfrent\u00f3 a Francia a sus peores fantasmas. En <a href=\"https:\/\/elpais.com\/cultura\/2019\/03\/25\/actualidad\/1553508935_110021.html\" target=\"_self\" rel title=\"https:\/\/elpais.com\/cultura\/2019\/03\/25\/actualidad\/1553508935_110021.html\"><i>La<\/i><i>Francia de Vichy<\/i><\/a> se alejaba del relato oficial de la lucha heroica frente al invasor alem\u00e1n durante la II Guerra Mundial para describir un pa\u00eds partido por una guerra civil entre colaboracionistas y resistentes, mucho m\u00e1s minoritarios de lo que se hab\u00eda querido vender. Recibi\u00f3 entonces muchas cr\u00edticas, pero ten\u00eda raz\u00f3n y su visi\u00f3n de la historia (que refleja, por otro lado, la de tantos pa\u00edses europeos) es ahora can\u00f3nica. Autor tambi\u00e9n del ensayo <i>Anatom\u00eda del fascismo<\/i> (Capit\u00e1n Swing), se hab\u00eda resistido a utilizar la palabra hasta enero de 2021 cuando, despu\u00e9s del asalto contra el Capitolio, escribi\u00f3 en un art\u00edculo: \u201cRetiro mi objeci\u00f3n a utilizar esta etiqueta que ya no parece solo aceptable, sino necesaria\u201d.<\/p>\n<figure class=\"a_m a_m-h \"><span class=\"_db a_m_w _pr lb_btn\"><img decoding=\"async\" alt=\"Agentes del ICE rodeando a un manifestante en Minneapolis, el pasado 24 de enero.\" class=\"_re lazyload a_m-h\" height=\"277\" width=\"414\" src=\"https:\/\/analyse.optim.biz\/wp-content\/uploads\/2026\/01\/zjzcmi2xtvc3zn3xwbvpevwzxq.jpg\" loading=\"lazy\" title=\"zjzcmi2xtvc3zn3xwbvpevwzxq\"><\/span><figcaption class=\"a_m_p\" aria-hidden=\"true\"><span>Agentes del ICE rodeando a un manifestante en Minneapolis, el pasado 24 de enero.<\/span><span class=\"a_m_m\">CRAIG LASSIG (EFE)<\/span><\/figcaption><\/figure>\n<p class>Pero en Minneapolis tambi\u00e9n hemos visto a miles de personas que parecen haber aprendido una de las grandes lecciones de los a\u00f1os treinta: si no se lucha por la libertad, se puede perder. La novelista estadounidense <a href=\"https:\/\/elpais.com\/cultura\/2021-01-25\/la-literatura-debe-exponer-el-mal-defiende-joyce-carol-oates.html\" target=\"_self\" rel title=\"https:\/\/elpais.com\/cultura\/2021-01-25\/la-literatura-debe-exponer-el-mal-defiende-joyce-carol-oates.html\">Joyce Carol Oates<\/a> recordaba <a href=\"https:\/\/x.com\/JoyceCarolOates\/status\/2015921046281453889\" target=\"_blank\" rel title=\"https:\/\/x.com\/JoyceCarolOates\/status\/2015921046281453889\">tambi\u00e9n en X<\/a>: \u201cPor lo general, se olvida que entre 15.000 y 20.000 alemanes fueron asesinados por protestar contra Hitler o por alinearse con grupos que protestaban contra \u00e9l. Siempre hay personas valientes que se oponen a un Estado autoritario en ascenso, como estamos viendo en Estados Unidos; si no se les unen r\u00e1pidamente muchos m\u00e1s, realmente muchos m\u00e1s, el esfuerzo se perder\u00e1\u201d.<\/p>\n<p class>\u00bfEstamos viviendo entonces un retorno del fascismo y no solo en Estados Unidos? La respuesta es mucho m\u00e1s importante de lo que podamos pensar porque, como se\u00f1ala <a href=\"https:\/\/elpais.com\/babelia\/2021-04-02\/herve-le-tellier-el-juego-es-algo-muy-serio-aboca-a-cuestiones-existenciales.html\" target=\"_self\" rel title=\"https:\/\/elpais.com\/babelia\/2021-04-02\/herve-le-tellier-el-juego-es-algo-muy-serio-aboca-a-cuestiones-existenciales.html\">Herv\u00e9 Le Tellier <\/a>en su magn\u00edfica nueva novela \/ ensayo, <a href=\"https:\/\/www.planetadelibros.com\/libro-el-nombre-en-el-muro\/433958\" target=\"_blank\" rel title=\"https:\/\/www.planetadelibros.com\/libro-el-nombre-en-el-muro\/433958\"><i>El nombre en el muro<\/i><\/a> (Seix Barral), \u201crecord\u00e9moslo: los fascismos van m\u00e1s r\u00e1pido que cualquier democracia. Apenas nueve semanas separan el ascenso a la Canciller\u00eda de Hitler y las primeras medidas antisemitas\u201d. No solo los estadounidenses se est\u00e1n jugando su futuro en libertad.<\/p>\n<\/div>\n<div id=\"me-dis\" class=\"me _pf\">\n<div class=\"me_bg\">\n<div class=\"me-dis _pa _df\">\n<div class=\"me-dis_c\">\n<h2 class=\"me-dis_t\">Tu suscripci\u00f3n se est\u00e1 usando en otro dispositivo<\/h2>\n<p>\u00bfQuieres a\u00f1adir otro usuario a tu suscripci\u00f3n?<\/p>\n<div class=\"me-dis_l\"><a href=\"https:\/\/elpais.com\/suscripciones\/premium\/upgrade\/?utm_source=autopromo&amp;utm_medium=interno&amp;utm_campaign=YYYY_MM_capping_upgrade\" id=\"capping-upgrade\" class=\"btn\">A\u00f1adir usuario<\/a><a href=\"https:\/\/elpais.com\/internacional\/2026-01-29\/el-regreso-del-fascismo.html\" id=\"capping-continue\" class=\"btn btn-b\">Continuar leyendo aqu\u00ed<\/a><\/div>\n<p>Si contin\u00faas leyendo en este dispositivo, no se podr\u00e1 leer en el otro.<\/p>\n<p class=\"lk\"><a href=\"https:\/\/elpais.com\/internacional\/2026-01-29\/el-regreso-del-fascismo.html\" id=\"capping-show-more-button\">\u00bfPor qu\u00e9 est\u00e1s viendo esto?<\/a><\/p>\n<p><span class=\"arrow\" id=\"capping-arrow\">Flecha<\/span><\/p>\n<div class=\"me-dis_d\">\n<div class=\"me-dis_d_t\">\n<h2 class=\"enc\">Tu suscripci\u00f3n se est\u00e1 usando en otro dispositivo y solo puedes acceder a EL PA\u00cdS desde un dispositivo a la vez.<\/h2>\n<div class=\"tx\">\n<p>Si quieres compartir tu cuenta, cambia tu suscripci\u00f3n a la modalidad Premium, as\u00ed podr\u00e1s a\u00f1adir otro usuario. Cada uno acceder\u00e1 con su propia cuenta de email, lo que os permitir\u00e1 personalizar vuestra experiencia en EL PA\u00cdS.<\/p>\n<p>\u00bfTienes una suscripci\u00f3n de empresa? Accede <a target=\"_blank\" rel=\"noreferrer\" href=\"https:\/\/elpais.com\/suscripciones\/premium\/upgrade\/\">aqu\u00ed<\/a> para contratar m\u00e1s cuentas.<\/p>\n<p>En el caso de no saber qui\u00e9n est\u00e1 usando tu cuenta, te recomendamos cambiar tu contrase\u00f1a <a target=\"_blank\" rel=\"noreferrer\" href=\"https:\/\/elpais.com\/subscriptions\/#\/forgot-password\">aqu\u00ed.<\/a><\/p>\n<p>Si decides continuar compartiendo tu cuenta, este mensaje se mostrar\u00e1 en tu dispositivo y en el de la otra persona que est\u00e1 usando tu cuenta de forma indefinida, afectando a tu experiencia de lectura. Puedes <a target=\"_blank\" rel=\"noreferrer\" href=\"https:\/\/elpais.com\/suscripciones\/condiciones-generales-servicios\/\">consultar aqu\u00ed los t\u00e9rminos y condiciones de la suscripci\u00f3n digital.<\/a><\/p>\n<\/div>\n<\/div>\n<\/div>\n<\/div>\n<\/div>\n<\/div>\n<\/div>\n<aside class=\"w w-sea\">\n<h2 class=\"w_t\">Sobre la firma<\/h2>\n<div class=\"w_b\">\n<div class=\"_g _g-xs\">\n<figure class=\"w-sea_f a_m-h c_m--nf\"><span class=\"a_m_w _db\"><img decoding=\"async\" alt=\"Guillermo Altares\" class=\"_re lazyload a_m-h\" height=\"100\" width=\"100\" src=\"https:\/\/analyse.optim.biz\/wp-content\/uploads\/2026\/01\/https3a2f2fauthor-service-images-prod-us-east-1-publishing-aws_-arc_-pub2fprisa2fef9b4e0b-c8b1-4ef7-b652-1135b466c882.jpg\" loading=\"lazy\" title=\"https3a2f2fauthor-service-images-prod-us-east-1-publishing-aws_-arc_-pub2fprisa2fef9b4e0b-c8b1-4ef7-b652-1135b466c882\"><\/span><\/figure>\n<div class=\"w-sea_txt\">\n<div class=\"_df\">\n<div class=\"w-sea_txt_na\"><a href=\"https:\/\/elpais.com\/autor\/guillermo-altares\/\" rel=\"autor_bottom\">Guillermo Altares<\/a><\/div>\n<div class=\"w_rs_i\"><a class=\"_btn \" href=\"https:\/\/twitter.com\/galtares\" target=\"_blank\" rel=\"noopener noreferrer\"><span class=\"_sr\">Guillermo Altares &#8211; twitter<\/span><\/a><\/div>\n<\/div>\n<div class=\"w-sea_txt_da _dn\">Es redactor jefe de Internacional. Ha pasado por las secciones de Cultura, Babelia, Reportajes, Sociedad e Ideas, viajado como enviado especial a numerosos pa\u00edses \u2013entre ellos Afganist\u00e1n, Irak y L\u00edbano\u2013 y formado parte del equipo de editorialistas. Es autor de los libros \u2018Una lecci\u00f3n olvidada&#8217; y \u2018Los silencios de la libertad\u2019.<\/div>\n<\/div>\n<\/div>\n<\/div>\n<\/aside>\n<aside class=\"w w-fid\">\n<div class=\"w_b\">\n<div class=\"w-fid_t\"><a href=\"https:\/\/plus.elpais.com\/newsletters\/lnp\/1\/334\/#?prm=not_newsletters_internacional\">Recibe el bolet\u00edn de Internacional<\/a><\/div>\n<div class=\"w-fid_s\">\n<div class=\"w_rs\">\n<div class=\"w_rs_i\"><a class=\"_btn\" href=\"https:\/\/www.facebook.com\/elpais\" rel=\"nofollow\"><span class=\"_sr\">Internacional El Pa\u00eds en Facebook<\/span><\/a><\/div>\n<div class=\"w_rs_i\"><a class=\"_btn\" href=\"https:\/\/www.instagram.com\/el_pais\/\" rel=\"nofollow\"><span class=\"_sr\">Internacional El Pa\u00eds en Instagram<\/span><\/a><\/div>\n<div class=\"w_rs_i\"><a class=\"_btn\" href=\"https:\/\/twitter.com\/el_pais\" rel=\"nofollow\"><span class=\"_sr\">Internacional El Pa\u00eds en Twitter<\/span><\/a><\/div>\n<\/div>\n<\/div>\n<\/div>\n<\/aside>\n<aside class=\"a_com w w-com _df\"><a class=\"a_com_l\" href=\"https:\/\/elpais.com\/info\/normas-de-participacion\/\">Normas \u203a<\/a><\/aside>\n<div class=\"me _pf\" id=\"me-c\">\n<div class=\"me_bg\">\n<div class=\"me-c _pa\" id=\"comments_container\" data-dtm-region=\"articulo_comentarios\">\n<div class=\"me_f me_f-os me_cc\"><a href=\"https:\/\/plus.elpais.com\/perfil\/actividad\/\">Mis comentarios<\/a><a href=\"https:\/\/elpais.com\/info\/normas-de-participacion\/\">Normas<\/a><\/div>\n<div class=\"me_f me_f-ns\"><span class=\"me_f_txt _db\">Rellena tu <b>nombre y apellido<\/b> para comentar<\/span><a href=\"https:\/\/plus.elpais.com\/autorization.html\/?prod=COM&amp;backURL=https%3A%2F%2Felpais.com%2Finternacional%2F2026-01-29%2Fel-regreso-del-fascismo.html\" class=\"btn btn-2\">completar datos<\/a><\/div>\n<div class=\"me_f\" id=\"comments_msg\"><a class=\"btn btn-2\" href=\"https:\/\/elpais.com\/suscripciones\/#\/campaign?prod=SUSDIGCRART&amp;o=COM&amp;prm=suscrip_articulo_comentarios_el-pais&amp;backURL=https%3A%2F%2Felpais.com%2Finternacional%2F2026-01-29%2Fel-regreso-del-fascismo.html\" id=\"comments_subscribe_link\" data-link-am=\"https:\/\/elpais.com\/suscripciones\/america\/#\/campaign?prod=SUSDIGCRARTAM&amp;o=COMAM&amp;prm=suscrip_articulo_comentarios_el-pais-america&amp;backURL=https%3A%2F%2Felpais.com%2Finternacional%2F2026-01-29%2Fel-regreso-del-fascismo.html\" data-link-mx=\"https:\/\/elpais.com\/suscripciones\/america\/#\/campaign?prod=SUSDIGMX&amp;o=COMMX&amp;prm=suscrip_articulo_comentarios_el-pais-mexico&amp;backURL=https%3A%2F%2Felpais.com%2Finternacional%2F2026-01-29%2Fel-regreso-del-fascismo.html\" data-link-co=\"https:\/\/elpais.com\/suscripciones\/america\/#\/campaign?prod=SUSDIGCOL&amp;o=COMCOL&amp;prm=suscrip_articulo_comentarios_el-pais_colombia&amp;backURL=https%3A%2F%2Felpais.com%2Finternacional%2F2026-01-29%2Fel-regreso-del-fascismo.html\" data-link-ar=\"https:\/\/elpais.com\/suscripciones\/america\/#\/campaign?prod=SUSDIGCRARTAR&amp;o=COMAR&amp;backURL=https%3A%2F%2Felpais.com%2Finternacional%2F2026-01-29%2Fel-regreso-del-fascismo.html\" data-link-cl=\"https:\/\/elpais.com\/suscripciones\/america\/#\/campaign?prod=SUSDIGCHILE&amp;o=COMCHILE&amp;backURL=https%3A%2F%2Felpais.com%2Finternacional%2F2026-01-29%2Fel-regreso-del-fascismo.html\" data-link-us=\"https:\/\/elpais.com\/suscripciones\/america\/#\/campaign?prod=SUSDIGCRARTEUCAN&amp;o=COMUS&amp;prm=suscrip_articulo_comentarios_el-pais_eucan&amp;backURL=https%3A%2F%2Felpais.com%2Finternacional%2F2026-01-29%2Fel-regreso-del-fascismo.html\">Suscr\u00edbete en El Pa\u00eds para participar<\/a><a class=\"btn btn-3\" href=\"https:\/\/elpais.com\/subscriptions\/#\/sign-in?prod=REG&amp;o=COM&amp;prm=login_articulo_comentarios_el-pais&amp;backURL=https%3A%2F%2Felpais.com%2Finternacional%2F2026-01-29%2Fel-regreso-del-fascismo.html\" id=\"comments_login_link\" data-link-am=\"https:\/\/elpais.com\/subscriptions\/#\/sign-in?prod=REG&amp;o=COM&amp;prm=login_articulo_comentarios_el-pais-america&amp;backURL=https%3A%2F%2Felpais.com%2Finternacional%2F2026-01-29%2Fel-regreso-del-fascismo.html\" data-link-mx=\"https:\/\/elpais.com\/subscriptions\/#\/sign-in?prod=REG&amp;o=COM&amp;prm=login_articulo_comentarios_el-pais-mexico&amp;backURL=https%3A%2F%2Felpais.com%2Finternacional%2F2026-01-29%2Fel-regreso-del-fascismo.html\" data-link-co=\"https:\/\/elpais.com\/subscriptions\/#\/sign-in?prod=REG&amp;o=COM&amp;backURL=https%3A%2F%2Felpais.com%2Finternacional%2F2026-01-29%2Fel-regreso-del-fascismo.html\" data-link-ar=\"https:\/\/elpais.com\/subscriptions\/#\/sign-in?prod=REG&amp;o=COM&amp;backURL=https%3A%2F%2Felpais.com%2Finternacional%2F2026-01-29%2Fel-regreso-del-fascismo.html\" data-link-cl=\"https:\/\/elpais.com\/subscriptions\/#\/sign-in?prod=REG&amp;o=COM&amp;backURL=https%3A%2F%2Felpais.com%2Finternacional%2F2026-01-29%2Fel-regreso-del-fascismo.html\" data-link-us=\"https:\/\/elpais.com\/subscriptions\/#\/sign-in?prod=REG&amp;o=COM&amp;backURL=https%3A%2F%2Felpais.com%2Finternacional%2F2026-01-29%2Fel-regreso-del-fascismo.html\">Ya tengo una suscripci\u00f3n<\/a><\/div>\n<p>Please enable JavaScript to view the &lt;a href=&#8221;https:\/\/disqus.com\/?ref_noscript&#8221; rel=&#8221;nofollow&#8221;&gt; comments powered by Disqus.&lt;\/a&gt;<\/p><\/div>\n<\/div>\n<\/div>\n<aside class=\"w w-rel\" data-dtm-region=\"articulo_mas-informacion\">\n<h2 class=\"w_t\">M\u00e1s informaci\u00f3n<\/h2>\n<ul class=\"w_b _ls\">\n<li class=\"_g _g-xs w-rel_n\">\n<div class=\" a_m-h c_m--nf\"><span class=\"_db _pr\"><img decoding=\"async\" class=\"_re lazyload a_m-h\" height=\"311\" width=\"414\" src=\"https:\/\/analyse.optim.biz\/wp-content\/uploads\/2026\/01\/gf5ogsab7vbkpock77iz5pbzre.jpg\" loading=\"lazy\" title=\"gf5ogsab7vbkpock77iz5pbzre\"><\/span><\/div>\n<div class=\"nt\">\n<h3 class=\"nt_t\"><a href=\"https:\/\/elpais.com\/cultura\/2025-11-04\/como-nueva-york-resistio-al-avance-del-fascismo-en-los-anos-30.html#?rel=mas\">C\u00f3mo Nueva York resisti\u00f3 al avance del fascismo en los a\u00f1os 30&#8230; y c\u00f3mo se levanta hoy ante Trump<\/a><\/h3>\n<div class=\"nt_a\"><a href=\"https:\/\/elpais.com\/autor\/eduardo-lago\/\" title=\"Ver todas las noticias de Eduardo Lago\">Eduardo Lago<\/a> | Nueva York<\/div>\n<\/div>\n<\/li>\n<li class=\"_g _g-xs w-rel_n\">\n<div class=\" a_m-h c_m--nf\"><span class=\"_db _pr\"><img decoding=\"async\" class=\"_re lazyload a_m-h\" height=\"311\" width=\"414\" src=\"https:\/\/analyse.optim.biz\/wp-content\/uploads\/2026\/01\/florzzif4rdj5fpsivvx35tf24.jpg\" loading=\"lazy\" title=\"florzzif4rdj5fpsivvx35tf24\"><\/span><\/div>\n<div class=\"nt\">\n<h3 class=\"nt_t\"><a href=\"https:\/\/elpais.com\/espana\/madrid\/2025-07-15\/el-fascismo-hoy-enganado-e-imberbe.html#?rel=mas\">El fascismo hoy: enga\u00f1ado e imberbe<\/a><\/h3>\n<div class=\"nt_a\"><a href=\"https:\/\/elpais.com\/autor\/sergio-cuadrado-fanjul\/\" title=\"Ver todas las noticias de Sergio C. Fanjul\">Sergio C. Fanjul<\/a><\/div>\n<\/div>\n<\/li>\n<\/ul>\n<\/aside>\n<section class=\"w w-ae\" data-dtm-region=\"articulo_archivado-en\">\n<h2 class=\"w_t\">Archivado En<\/h2>\n<div class=\"w_b\">\n<ul class=\"w_ul w_ul--mh _df _ls\">\n<li><a href=\"https:\/\/elpais.com\/noticias\/fascismo\/#?rel=arch\" rel=\"noopener noreferrer\">Fascismo<\/a><\/li>\n<li><a href=\"https:\/\/elpais.com\/noticias\/donald-trump\/#?rel=arch\" rel=\"noopener noreferrer\">Donald Trump<\/a><\/li>\n<li><a href=\"https:\/\/elpais.com\/noticias\/estados-unidos\/#?rel=arch\" rel=\"noopener noreferrer\">Estados Unidos<\/a><\/li>\n<li><a href=\"https:\/\/elpais.com\/noticias\/benito-mussolini\/#?rel=arch\" rel=\"noopener noreferrer\">Benito Mussolini<\/a><\/li>\n<li><a href=\"https:\/\/elpais.com\/noticias\/adolf-hitler\/#?rel=arch\" rel=\"noopener noreferrer\">Adolf Hitler<\/a><\/li>\n<li><a href=\"https:\/\/elpais.com\/noticias\/antisemitismo\/#?rel=arch\" rel=\"noopener noreferrer\">Antisemitismo<\/a><\/li>\n<li><a href=\"https:\/\/elpais.com\/noticias\/racismo\/#?rel=arch\" rel=\"noopener noreferrer\">Racismo<\/a><\/li>\n<li><a href=\"https:\/\/elpais.com\/noticias\/migrantes\/#?rel=arch\" rel=\"noopener noreferrer\">Migrantes<\/a><\/li>\n<li><a href=\"https:\/\/elpais.com\/noticias\/inmigrantes\/#?rel=arch\" rel=\"noopener noreferrer\">Inmigrantes<\/a><\/li>\n<li><a href=\"https:\/\/elpais.com\/noticias\/minneapolis\/#?rel=arch\" rel=\"noopener noreferrer\">Minneapolis<\/a><\/li>\n<li><a href=\"https:\/\/elpais.com\/noticias\/segunda-guerra-mundial\/#?rel=arch\" rel=\"noopener noreferrer\">Segunda Guerra Mundial<\/a><\/li>\n<li><a href=\"https:\/\/elpais.com\/noticias\/genocidio\/#?rel=arch\" rel=\"noopener noreferrer\">Genocidio<\/a><\/li>\n<li><a href=\"https:\/\/elpais.com\/noticias\/democracia\/#?rel=arch\" rel=\"noopener noreferrer\">Democracia<\/a><\/li>\n<\/ul>\n<\/div>\n<\/section>\n<aside class=\"a_tp _df\">\n<div class=\"a_tp_txt\"><span class=\"a_tp_t\">Se adhiere a los criterios de<\/span><\/p>\n<figure class=\"a_m a_m-h c_m--nf\"><a class=\"a_tp_i _dib\" href=\"https:\/\/elpais.com\/estaticos\/que-es-the-trust-project\/\" target=\"_blank\" rel=\"noopener noreferrer nofollow\"><img decoding=\"async\" alt=\"The Trust Project\" class=\" lazyload a_m-h\" height=\"20\" width=\"117\" src=\"https:\/\/analyse.optim.biz\/wp-content\/uploads\/2026\/01\/the-trust-project-371.svg\" loading=\"lazy\" title=\"the-trust-project-371\"><\/a><\/figure>\n<p><a class=\"a_tp_mi\" href=\"https:\/\/elpais.com\/estaticos\/codigo-etico\/\" target=\"_blank\" rel=\"noopener noreferrer nofollow\">M\u00e1s informaci\u00f3n<\/a><\/div>\n<div class=\"a_tp_si\">Si est\u00e1 interesado en licenciar este contenido, pinche <a class=\"a_tp_si_l\" href=\"https:\/\/profesional.elpais.com\/soluciones-sindicacion\/?utm_medium=interno&amp;utm_source=crosslinking&amp;utm_campaign=sindicacion_ep_pie_articulos\" target=\"_blank\" rel=\"noopener noreferrer nofollow\">aqu\u00ed<\/a><\/div>\n<\/aside>\n<div class=\"a_o _pr\" data-dtm-region=\"articulo_right-rail\">\n<div id=\"elpais_gpt-MPU1\" data-adtype=\"MPU\" class=\"ad ad-mpu\"><span class=\"_dn\">_<\/span><\/div>\n<section class=\"w w-sc b_col\" data-dtm-region=\"articulo_ultimas-noticias\">\n<header class=\"w_h b_col_h\">\n<h3 class=\"w_t\"><a href=\"https:\/\/elpais.com\/ultimas-noticias\/\" rel=\"story-card-ultimas-noticias\">\u00daltimas noticias<\/a><\/h3>\n<\/header>\n<div class=\"w_b\">\n<article class=\"c  c--m-n   \" data-word=\"0\">\n<header class=\"c_h\"><time datetime=\"2026-01-29T17:44:31+01:00\" class=\"c_da\">17:44<\/time><\/p>\n<h2 class=\"c_t \"><a href=\"https:\/\/elpais.com\/espana\/madrid\/2026-01-29\/ayuso-no-acatara-la-orden-de-prohibir-la-entrada-a-menores-de-18-anos-a-las-corridas-de-toros.html\">Ayuso no acatar\u00e1 la orden de prohibir la entrada a menores de 18 a\u00f1os a las corridas de toros<\/a><\/h2>\n<\/header>\n<\/article>\n<article class=\"c  c--m-n   \" data-word=\"0\">\n<header class=\"c_h\"><time datetime=\"2026-01-29T17:42:11+01:00\" class=\"c_da\">17:42<\/time><\/p>\n<h2 class=\"c_t \"><a href=\"https:\/\/elpais.com\/sociedad\/2026-01-29\/la-fiscalia-investiga-la-administracion-de-vacunas-caducadas-a-103-personas-en-el-pais-vasco.html\">La Fiscal\u00eda investiga la administraci\u00f3n de vacunas caducadas a 103 personas en el Pa\u00eds Vasco<\/a><\/h2>\n<\/header>\n<\/article>\n<article class=\"c  c--m-n   \" data-word=\"0\">\n<header class=\"c_h\"><time datetime=\"2026-01-29T17:25:34+01:00\" class=\"c_da\">17:25<\/time><\/p>\n<h2 class=\"c_t \"><a href=\"https:\/\/elpais.com\/america\/2026-01-29\/joseph-oughourlian-debemos-defender-el-pensamiento-critico-y-la-verdad-cueste-lo-que-cueste.html\">Joseph Oughourlian: \u201cDebemos defender el pensamiento cr\u00edtico y la verdad, cueste lo que cueste\u201d<\/a><\/h2>\n<\/header>\n<\/article>\n<article class=\"c  c--m-n   \" data-word=\"0\">\n<header class=\"c_h\"><time datetime=\"2026-01-29T17:24:19+01:00\" class=\"c_da\">17:24<\/time><\/p>\n<h2 class=\"c_t \"><a href=\"https:\/\/elpais.com\/america\/2026-01-29\/el-segundo-dia-del-foro-economico-internacional-de-america-latina-y-el-caribe-en-imagenes.html\">El segundo d\u00eda del Foro Econ\u00f3mico Internacional de Am\u00e9rica Latina y el Caribe, en im\u00e1genes<\/a><\/h2>\n<\/header>\n<\/article>\n<\/div>\n<\/section>\n<aside class=\"w w-lmv\" data-dtm-region=\"articulo_lom\">\n<h2 class=\"w_t\"><a href=\"https:\/\/elpais.com\/lo-mas-visto\/\">Lo m\u00e1s visto<\/a><\/h2>\n<div class=\"w_b\">\n<ol class=\"_ls\">\n<li><a href=\"https:\/\/elpais.com\/economia\/2026-01-27\/trump-bendice-la-caida-del-dolar-va-muy-bien-miren-los-negocios-que-estamos-haciendo.html#?rel=lom\">Trump asegura que no le preocupa la ca\u00edda del d\u00f3lar: \u201cVa muy bien, miren los negocios que estamos haciendo\u201d<\/a><\/li>\n<li><a href=\"https:\/\/elpais.com\/internacional\/2026-01-28\/el-primer-ministro-groenlandes-la-casa-blanca-no-tiene-ni-idea-de-lo-que-es-groenlandia.html#?rel=lom\">El primer ministro groenland\u00e9s: \u201cLa Casa Blanca no tiene ni idea de lo que es Groenlandia\u201d<\/a><\/li>\n<li><a href=\"https:\/\/elpais.com\/espana\/catalunya\/2026-01-28\/el-traspaso-de-la-inmigracion-a-cataluna-se-abre-paso-junts-acepta-cambiar-el-preambulo-de-la-ley-que-rechazaba-podemos.html#?rel=lom\">El traspaso de la inmigraci\u00f3n a Catalu\u00f1a se abre paso: Junts acepta cambiar el pre\u00e1mbulo de la ley que rechazaba Podemos<\/a><\/li>\n<li><a href=\"https:\/\/elpais.com\/espana\/2026-01-27\/la-guardia-civil-investiga-a-un-hombre-por-robar-571-pinos-pinoneros-en-valladolid-y-utilizarlos-para-hacer-biomasa.html#?rel=lom\">La Guardia Civil investiga a un hombre por robar 571 pinos pi\u00f1oneros en Valladolid y utilizarlos para hacer biomasa<\/a><\/li>\n<li><a href=\"https:\/\/elpais.com\/internacional\/2026-01-28\/siete-jefes-de-estado-dejan-atras-las-diferencias-ideologicas-y-piden-una-integracion-latinoamericana.html#?rel=lom\">Siete jefes de Estado dejan atr\u00e1s las diferencias ideol\u00f3gicas y piden una integraci\u00f3n latinoamericana<\/a><\/li>\n<\/ol>\n<\/div>\n<\/aside>\n<\/div>\n<\/article>\n<article class=\"c  c--m-n   \" data-word=\"0\">\n<header class=\"c_h\"><time datetime=\"2026-01-29T17:44:31+01:00\" class=\"c_da\">17:44<\/time><\/p>\n<h2 class=\"c_t \"><a href=\"https:\/\/elpais.com\/espana\/madrid\/2026-01-29\/ayuso-no-acatara-la-orden-de-prohibir-la-entrada-a-menores-de-18-anos-a-las-corridas-de-toros.html\">Ayuso no acatar\u00e1 la orden de prohibir la entrada a menores de 18 a\u00f1os a las corridas de toros<\/a><\/h2>\n<\/header>\n<\/article>\n<article class=\"c  c--m-n   \" data-word=\"0\">\n<header class=\"c_h\"><time datetime=\"2026-01-29T17:42:11+01:00\" class=\"c_da\">17:42<\/time><\/p>\n<h2 class=\"c_t \"><a href=\"https:\/\/elpais.com\/sociedad\/2026-01-29\/la-fiscalia-investiga-la-administracion-de-vacunas-caducadas-a-103-personas-en-el-pais-vasco.html\">La Fiscal\u00eda investiga la administraci\u00f3n de vacunas caducadas a 103 personas en el Pa\u00eds Vasco<\/a><\/h2>\n<\/header>\n<\/article>\n<article class=\"c  c--m-n   \" data-word=\"0\">\n<header class=\"c_h\"><time datetime=\"2026-01-29T17:25:34+01:00\" class=\"c_da\">17:25<\/time><\/p>\n<h2 class=\"c_t \"><a href=\"https:\/\/elpais.com\/america\/2026-01-29\/joseph-oughourlian-debemos-defender-el-pensamiento-critico-y-la-verdad-cueste-lo-que-cueste.html\">Joseph Oughourlian: \u201cDebemos defender el pensamiento cr\u00edtico y la verdad, cueste lo que cueste\u201d<\/a><\/h2>\n<\/header>\n<\/article>\n<article class=\"c  c--m-n   \" data-word=\"0\">\n<header class=\"c_h\"><time datetime=\"2026-01-29T17:24:19+01:00\" class=\"c_da\">17:24<\/time><\/p>\n<h2 class=\"c_t \"><a href=\"https:\/\/elpais.com\/america\/2026-01-29\/el-segundo-dia-del-foro-economico-internacional-de-america-latina-y-el-caribe-en-imagenes.html\">El segundo d\u00eda del Foro Econ\u00f3mico Internacional de Am\u00e9rica Latina y el Caribe, en im\u00e1genes<\/a><\/h2>\n<\/header>\n<\/article>\n<p> Source URL: https:\/\/elpais.com\/internacional\/2026-01-29\/el-regreso-del-fascismo.html<\/p>\n","protected":false},"excerpt":{"rendered":"<p>Migrantes An\u00e1lisis Exposici\u00f3n did\u00e1ctica de ideas, conjeturas o hip\u00f3tesis, a partir de unos hechos de actualidad comprobados \u2014no necesariamente del d\u00eda\u2014 que se reflejan en el propio texto. Excluye los juicios de valor y se aproxima m\u00e1s al g\u00e9nero de opini\u00f3n, pero se diferencia de \u00e9l en que no juzga ni pronostica, sino que s\u00f3lo [&hellip;]<\/p>\n","protected":false},"author":1,"featured_media":1543382,"comment_status":"open","ping_status":"","sticky":false,"template":"","format":"standard","meta":{"footnotes":""},"categories":[88],"tags":[92],"class_list":["post-1543381","post","type-post","status-publish","format-standard","has-post-thumbnail","hentry","category-spain","tag-elpais-com"],"_links":{"self":[{"href":"https:\/\/analyse.optim.biz\/index.php?rest_route=\/wp\/v2\/posts\/1543381","targetHints":{"allow":["GET"]}}],"collection":[{"href":"https:\/\/analyse.optim.biz\/index.php?rest_route=\/wp\/v2\/posts"}],"about":[{"href":"https:\/\/analyse.optim.biz\/index.php?rest_route=\/wp\/v2\/types\/post"}],"author":[{"embeddable":true,"href":"https:\/\/analyse.optim.biz\/index.php?rest_route=\/wp\/v2\/users\/1"}],"replies":[{"embeddable":true,"href":"https:\/\/analyse.optim.biz\/index.php?rest_route=%2Fwp%2Fv2%2Fcomments&post=1543381"}],"version-history":[{"count":0,"href":"https:\/\/analyse.optim.biz\/index.php?rest_route=\/wp\/v2\/posts\/1543381\/revisions"}],"wp:featuredmedia":[{"embeddable":true,"href":"https:\/\/analyse.optim.biz\/index.php?rest_route=\/wp\/v2\/media\/1543382"}],"wp:attachment":[{"href":"https:\/\/analyse.optim.biz\/index.php?rest_route=%2Fwp%2Fv2%2Fmedia&parent=1543381"}],"wp:term":[{"taxonomy":"category","embeddable":true,"href":"https:\/\/analyse.optim.biz\/index.php?rest_route=%2Fwp%2Fv2%2Fcategories&post=1543381"},{"taxonomy":"post_tag","embeddable":true,"href":"https:\/\/analyse.optim.biz\/index.php?rest_route=%2Fwp%2Fv2%2Ftags&post=1543381"}],"curies":[{"name":"wp","href":"https:\/\/api.w.org\/{rel}","templated":true}]}}