{"id":1543353,"date":"2026-01-29T04:30:01","date_gmt":"2026-01-29T01:30:01","guid":{"rendered":"https:\/\/analyse.optim.biz\/?p=1543353"},"modified":"2026-01-29T04:30:01","modified_gmt":"2026-01-29T01:30:01","slug":"de-timothee-chalamet-a-jacob-elordi-por-que-todos-llevan-broches-en-2026-o-como-lucir-un-millon-en-la-solapa","status":"publish","type":"post","link":"https:\/\/analyse.optim.biz\/?p=1543353","title":{"rendered":"De Timoth\u00e9e Chalamet a Jacob Elordi: por qu\u00e9 todos llevan broches en 2026 (o c\u00f3mo lucir un mill\u00f3n en la solapa)"},"content":{"rendered":"<article id=\"main-content\" class=\"a _g _g-lg _g-o\">\n<header class=\"a_e _g _g-xs\">\n<div class=\"a_e_txt _df\">\n<div class=\"a_k _df\"><a class=\"a_k_n\" href=\"https:\/\/elpais.com\/noticias\/joyas\/\">Joyas<\/a><\/div>\n<h1 class=\"a_t\">De Timoth\u00e9e Chalamet a Jacob Elordi: por qu\u00e9 todos llevan broches en 2026 (o c\u00f3mo lucir un mill\u00f3n en la solapa)<\/h1>\n<p class=\"a_st\">\u201cEs m\u00e1s visible que un anillo y menos invasivo que unos pendientes\u201d, dice un especialista. \u00bfPuede el broche convertirse en la pr\u00f3xima revoluci\u00f3n de la joyer\u00eda masculina? <\/p>\n<\/div>\n<div class=\"a_e_m\">\n<figure class=\"a_m a_m-h \"><span class=\"a_m_w _db\"><img fetchpriority=\"high\" decoding=\"async\" alt=\"Oscar Isaac\" class=\"_re  a_m-h\" height=\"296\" width=\"414\" src=\"https:\/\/analyse.optim.biz\/wp-content\/uploads\/2026\/01\/qsk3jopjzjf2xnvfdf73xbhy3u-1.jpg\" loading=\"eager\" title=\"qsk3jopjzjf2xnvfdf73xbhy3u-1\"><\/span><figcaption class=\"a_m_p\" aria-hidden=\"true\"><span>Oscar Isaac en los Globos de Oro 2026 con un broche de Bvlgari.<\/span><span class=\"a_m_m\">2026GG (Penske Media via Getty Images)<\/span><\/figcaption><\/figure>\n<\/div>\n<\/header>\n<div class=\"a_md _g _g-xs \">\n<figure class=\"a_md_i a_m-h c_m--nf\"><span class=\"a_m_w _db\"><img decoding=\"async\" alt=\"Victoria Z\u00e1rate\" class=\"_re lazyload a_m-h\" height=\"100\" width=\"100\" src=\"https:\/\/imagenes.elpais.com\/resizer\/v2\/https%3A%2F%2Fs3.amazonaws.com%2Farc-authors%2Fprisa%2F4fe32c60-ee77-4b44-b516-0d4abf98a340.png?auth=64a3d2ebb8a0fd1aaacf6395641e7ea0f1bac40406516653edbc13ae2663fceb&amp;width=100&amp;height=100&amp;smart=true\" loading=\"lazy\"><\/span><\/figure>\n<div class=\"a_md_txt\">\n<div class=\"a_md_a\" data-dtm-region=\"articulo_firma\"><a href=\"https:\/\/elpais.com\/autor\/victoria-zarate-casanova\/#?rel=author_top\" title=\"Ver todas las noticias de Victoria Z\u00e1rate\" class=\"a_md_a_n\">Victoria Z\u00e1rate<\/a><\/div>\n<div class=\"a_md_f\"><span>Madrid &#8211; <a href=\"https:\/\/elpais.com\/hemeroteca\/2026-01-29\/\" data-date=\"2026-01-29T05:30:01+01:00\"><time data-date=\"2026-01-29T05:30:01+01:00\" datetime=\"2026-01-29T05:30:01+01:00\" id=\"article_date_p\">29 ene 2026 &#8211; 05:30<abbr title=\"Central European Time\">CET<\/abbr><\/time><\/a><\/span><\/div>\n<div class=\"w_rs\" data-dtm-region=\"articulo_botonera-social\">\n<div class=\"w_rs_i\"><a class=\"_btn hidden\" href=\"\/\/send?text=De%20Timoth%C3%A9e%20Chalamet%20a%20Jacob%20Elordi%3A%20por%20qu%C3%A9%20todos%20llevan%20broches%20en%202026%20(o%20c%C3%B3mo%20lucir%20un%20mill%C3%B3n%20en%20la%20solapa)%0D%0A%0D%0Ahttps%3A%2F%2Felpais.com%2Ficon%2F2026-01-29%2Fde-timothee-chalamet-a-jacob-elordi-por-que-todos-llevan-broches-en-2026-o-como-lucir-un-millon-en-la-solapa.html%3Fssm=whatsapp_CC\" data-action=\"share\/whatsapp\/share\" data-param-description=\"De Timoth\u00e9e Chalamet a Jacob Elordi: por qu\u00e9 todos llevan broches en 2026 (o c\u00f3mo lucir un mill\u00f3n en la solapa)\" data-param-href=\"https:\/\/elpais.com\/icon\/2026-01-29\/de-timothee-chalamet-a-jacob-elordi-por-que-todos-llevan-broches-en-2026-o-como-lucir-un-millon-en-la-solapa.html\" data-param-text=\"De Timoth\u00e9e Chalamet a Jacob Elordi: por qu\u00e9 todos llevan broches en 2026 (o c\u00f3mo lucir un mill\u00f3n en la solapa) https:\/\/elpais.com\/icon\/2026-01-29\/de-timothee-chalamet-a-jacob-elordi-por-que-todos-llevan-broches-en-2026-o-como-lucir-un-millon-en-la-solapa.html\" data-param-url=\"https:\/\/elpais.com\/icon\/2026-01-29\/de-timothee-chalamet-a-jacob-elordi-por-que-todos-llevan-broches-en-2026-o-como-lucir-un-millon-en-la-solapa.html\" target=\"_blank\" rel=\"noopener noreferrer\" data-share-track-dtm=\"whatsapp\" id=\"btn_share_whatsapp_663\"><span class=\"_sr\">Compartir en Whatsapp<\/span><\/a><\/div>\n<div class=\"w_rs_i\"><a class=\"_btn \" href=\"https:\/\/www.facebook.com\/dialog\/share?display=popup&amp;app_id=94039431626&amp;href=https%3A%2F%2Felpais.com%2Ficon%2F2026-01-29%2Fde-timothee-chalamet-a-jacob-elordi-por-que-todos-llevan-broches-en-2026-o-como-lucir-un-millon-en-la-solapa.html%3Fssm=FB_CC&amp;quote=De%20Timoth%C3%A9e%20Chalamet%20a%20Jacob%20Elordi%3A%20por%20qu%C3%A9%20todos%20llevan%20broches%20en%202026%20(o%20c%C3%B3mo%20lucir%20un%20mill%C3%B3n%20en%20la%20solapa)\" data-param-app_id=\"94039431626\" data-param-description=\"De Timoth\u00e9e Chalamet a Jacob Elordi: por qu\u00e9 todos llevan broches en 2026 (o c\u00f3mo lucir un mill\u00f3n en la solapa)\" data-param-href=\"https:\/\/elpais.com\/icon\/2026-01-29\/de-timothee-chalamet-a-jacob-elordi-por-que-todos-llevan-broches-en-2026-o-como-lucir-un-millon-en-la-solapa.html\" data-param-text=\"De Timoth\u00e9e Chalamet a Jacob Elordi: por qu\u00e9 todos llevan broches en 2026 (o c\u00f3mo lucir un mill\u00f3n en la solapa)\" data-param-url=\"https:\/\/elpais.com\/icon\/2026-01-29\/de-timothee-chalamet-a-jacob-elordi-por-que-todos-llevan-broches-en-2026-o-como-lucir-un-millon-en-la-solapa.html\" target=\"_blank\" rel=\"noopener noreferrer\" data-share-track-dtm=\"facebook\" id=\"btn_share_facebook_663\"><span class=\"_sr\">Compartir en Facebook<\/span><\/a><\/div>\n<div class=\"w_rs_i\"><a class=\"_btn \" href=\"https:\/\/twitter.com\/intent\/tweet?url=https%3A%2F%2Felpais.com%2Ficon%2F2026-01-29%2Fde-timothee-chalamet-a-jacob-elordi-por-que-todos-llevan-broches-en-2026-o-como-lucir-un-millon-en-la-solapa.html%3Fssm=TW_CC&amp;text=De%20Timoth%C3%A9e%20Chalamet%20a%20Jacob%20Elordi%3A%20por%20qu%C3%A9%20todos%20llevan%20broches%20en%202026%20(o%20c%C3%B3mo%20lucir%20un%20mill%C3%B3n%20en%20la%20solapa)&amp;via=el_pais&amp;lang=es\" data-param-description=\"De Timoth\u00e9e Chalamet a Jacob Elordi: por qu\u00e9 todos llevan broches en 2026 (o c\u00f3mo lucir un mill\u00f3n en la solapa)\" data-param-href=\"https:\/\/elpais.com\/icon\/2026-01-29\/de-timothee-chalamet-a-jacob-elordi-por-que-todos-llevan-broches-en-2026-o-como-lucir-un-millon-en-la-solapa.html\" data-param-text=\"De Timoth\u00e9e Chalamet a Jacob Elordi: por qu\u00e9 todos llevan broches en 2026 (o c\u00f3mo lucir un mill\u00f3n en la solapa) via @el_pais\" data-param-url=\"https:\/\/elpais.com\/icon\/2026-01-29\/de-timothee-chalamet-a-jacob-elordi-por-que-todos-llevan-broches-en-2026-o-como-lucir-un-millon-en-la-solapa.html\" target=\"_blank\" rel=\"noopener noreferrer\" data-share-track-dtm=\"twitter\" id=\"btn_share_twitter_663\"><span class=\"_sr\">Compartir en Twitter<\/span><\/a><\/div>\n<div class=\"w_rs_i\"><a class=\"_btn \" href=\"https:\/\/bsky.app\/intent\/compose?text=https%3A%2F%2Felpais.com%2Ficon%2F2026-01-29%2Fde-timothee-chalamet-a-jacob-elordi-por-que-todos-llevan-broches-en-2026-o-como-lucir-un-millon-en-la-solapa.html%3Fssm=bsky_CC\" data-param-description=\"De Timoth\u00e9e Chalamet a Jacob Elordi: por qu\u00e9 todos llevan broches en 2026 (o c\u00f3mo lucir un mill\u00f3n en la solapa)\" data-param-href=\"https:\/\/elpais.com\/icon\/2026-01-29\/de-timothee-chalamet-a-jacob-elordi-por-que-todos-llevan-broches-en-2026-o-como-lucir-un-millon-en-la-solapa.html\" data-param-text=\"De Timoth\u00e9e Chalamet a Jacob Elordi: por qu\u00e9 todos llevan broches en 2026 (o c\u00f3mo lucir un mill\u00f3n en la solapa)\" data-param-url=\"https:\/\/elpais.com\/icon\/2026-01-29\/de-timothee-chalamet-a-jacob-elordi-por-que-todos-llevan-broches-en-2026-o-como-lucir-un-millon-en-la-solapa.html\" target=\"_blank\" rel=\"noopener noreferrer\" data-share-track-dtm=\"bluesky\" id=\"btn_share_bluesky_663\"><span class=\"_sr\">Compartir en Bluesky<\/span><\/a><\/div>\n<div class=\"w_rs_i\"><a class=\"_btn \" href=\"https:\/\/www.linkedin.com\/sharing\/share-offsite\/?url=https%3A%2F%2Felpais.com%2Ficon%2F2026-01-29%2Fde-timothee-chalamet-a-jacob-elordi-por-que-todos-llevan-broches-en-2026-o-como-lucir-un-millon-en-la-solapa.html%3Fssm=LK_CC\" data-param-description=\"De Timoth\u00e9e Chalamet a Jacob Elordi: por qu\u00e9 todos llevan broches en 2026 (o c\u00f3mo lucir un mill\u00f3n en la solapa)\" data-param-href=\"https:\/\/elpais.com\/icon\/2026-01-29\/de-timothee-chalamet-a-jacob-elordi-por-que-todos-llevan-broches-en-2026-o-como-lucir-un-millon-en-la-solapa.html\" data-param-text=\"De Timoth\u00e9e Chalamet a Jacob Elordi: por qu\u00e9 todos llevan broches en 2026 (o c\u00f3mo lucir un mill\u00f3n en la solapa)\" data-param-url=\"https:\/\/elpais.com\/icon\/2026-01-29\/de-timothee-chalamet-a-jacob-elordi-por-que-todos-llevan-broches-en-2026-o-como-lucir-un-millon-en-la-solapa.html\" target=\"_blank\" rel=\"noopener noreferrer\" data-share-track-dtm=\"linkedin\" id=\"btn_share_linkedin_663\"><span class=\"_sr\">Compartir en Linkedin<\/span><\/a><\/div>\n<div class=\"w_rs_i\"><a class=\"_btn rs_l\" href=\"https:\/\/elpais.com\/icon\/2026-01-29\/de-timothee-chalamet-a-jacob-elordi-por-que-todos-llevan-broches-en-2026-o-como-lucir-un-millon-en-la-solapa.html#?prm=copy_link\" data-share-track-dtm=\"copiar_url\" id=\"btn_share_link_70\"><span class=\"_sr\">Copiar enlace<\/span><\/a><\/div>\n<div class=\"w_rs_i\"><a class=\"_btn rs_c\" href=\"https:\/\/elpais.com\/icon\/2026-01-29\/de-timothee-chalamet-a-jacob-elordi-por-que-todos-llevan-broches-en-2026-o-como-lucir-un-millon-en-la-solapa.html#comments_container\" aria-expanded=\"false\" aria-controls=\"me-c\" data-share-track-dtm=\"eskup\" id=\"btn_share_comments_70\"><span class=\"_sr\">Ir a los comentarios<\/span><\/a><\/div>\n<\/div>\n<\/div>\n<\/div>\n<div class=\"a_c clearfix\" data-dtm-region=\"articulo_cuerpo\">\n<p class>Hubo un objeto en las solapas de los invitados a la \u00faltima gala de los <a href=\"https:\/\/elpais.com\/noticias\/premios-globos-oro\/\" rel><u>Globo de Oro<\/u><\/a> que llam\u00f3 especialmente la atenci\u00f3n. M\u00e1s all\u00e1 de la chapa viral <i>Be good <\/i> (\u201cS\u00e9 bueno\u201d) con la que celebridades como Mark Ruffalo honraron a Ren\u00e9e Nicole Good, <a href=\"https:\/\/elpais.com\/internacional\/2026-01-08\/renee-nicole-good-la-poeta-y-madre-de-tres-hijos-que-murio-tiroteada-en-minneapolis-por-un-agente-antinmigracion.html\" rel><u>tiroteada por un agente del ICE durante una redada migratoria en Minnesota<\/u><\/a>, destac\u00f3 un accesorio con un menor significancia pol\u00edtica pero igualmente llamativo sobre la chaqueta de esmoquin con la que numerosos actores acudieron a la cita. La joya en cuesti\u00f3n, un broche de alta joyer\u00eda prendido en el doblez de sat\u00e9n que suele acompa\u00f1ar a este tipo de prenda, adquir\u00eda formas y lenguajes tan diversos como los personajes que la defend\u00edan. <\/p>\n<figure class=\"a_m a_m-v \"><span class=\"_db a_m_w _pr lb_btn\"><img decoding=\"async\" class=\"_re lazyload a_m-v\" height=\"621\" width=\"414\" src=\"https:\/\/analyse.optim.biz\/wp-content\/uploads\/2026\/01\/af2y5fnw7nanhfv6vysuldw2ve.jpg\" loading=\"lazy\" title=\"af2y5fnw7nanhfv6vysuldw2ve\"><\/span><figcaption class=\"a_m_p\" aria-hidden=\"true\"><span>Orlando Bloom en los Globos de Oro 2026 con un broche de Pasquale Bruni enoro blanco de 18k y diamantes.<\/span><span class=\"a_m_m\">Taylor Hill (FilmMagic)<\/span><\/figcaption><\/figure>\n<figure class=\"a_m a_m-v \"><span class=\"_db a_m_w _pr lb_btn\"><img decoding=\"async\" class=\"_re lazyload a_m-v\" height=\"552\" width=\"414\" src=\"https:\/\/analyse.optim.biz\/wp-content\/uploads\/2026\/01\/rba6x6tnzrd4ti4eepwl6qbom4.jpg\" loading=\"lazy\" title=\"rba6x6tnzrd4ti4eepwl6qbom4\"><\/span><figcaption class=\"a_m_p\" aria-hidden=\"true\"><span>Patrick Schwarzenegger con un broche de  Dolce &amp; Gabbana en los Globos de Oro 2026.<\/span><span class=\"a_m_m\">Sthanlee Mirador &#8211; PA Images (PA Images via Getty Images)<\/span><\/figcaption><\/figure>\n<p class>Los hubo discretos y florales, como <a href=\"https:\/\/www.instagram.com\/p\/DTaD82AjHq-\/\" rel><u>el dise\u00f1o de Pasquale Bruni que llev\u00f3 Orlando Bloom en oro blanco de 18k y diamantes<\/u><\/a> (hay piezas semejantes desde 97,500 euros); frente a f\u00f3rmulas mucho m\u00e1s historiadas, en concreto, la del ramo de broches dise\u00f1ado por Dolce &amp; Gabbana que luci\u00f3 en su chaqueta <a href=\"https:\/\/elpais.com\/elpais\/2019\/02\/19\/icon\/1550566228_043963.html\" target=\"_blank\" rel=\"noreferrer\" title=\"https:\/\/elpais.com\/elpais\/2019\/02\/19\/icon\/1550566228_043963.html\">Patrick Schwarzenegger<\/a>. Un gesto que en redes sociales<a href=\"https:\/\/www.instagram.com\/wwwjewels\/reel\/DTeqlZYjcz1\/?hl=es-la\" rel><u> no tardaron en identificar como un discreto homenaje a Joan Rivers<\/u><\/a>, la legendaria humorista y tambi\u00e9n reina de las comentaristas de la alfombra roja, que sol\u00eda llevar a menudo un abejorro de diamantes muy parecido al del protagonista de <a href=\"https:\/\/elpais.com\/television\/2025-03-15\/the-white-lotus-fue-una-sorpresa-brillante-ya-no.html\" target=\"_blank\" rel=\"noreferrer\" title=\"https:\/\/elpais.com\/television\/2025-03-15\/the-white-lotus-fue-una-sorpresa-brillante-ya-no.html\"><i>White Lotus<\/i><\/a><i>.<\/i><\/p>\n<figure class=\"a_m a_m-v \"><span class=\"_db a_m_w _pr lb_btn\"><img decoding=\"async\" class=\"_re lazyload a_m-v\" height=\"518\" width=\"414\" src=\"https:\/\/analyse.optim.biz\/wp-content\/uploads\/2026\/01\/xdwldwzdfjc6jmm5qllvppxfxi.jpg\" loading=\"lazy\" title=\"xdwldwzdfjc6jmm5qllvppxfxi\"><\/span><figcaption class=\"a_m_p\" aria-hidden=\"true\"><span>Connor Storrie en los Globos de Oro 2026 con un diamante de talla esmeralda Bird on a Rock de Tiffany.<\/span><span class=\"a_m_m\">Christopher Polk\/2026GG (Penske Media via Getty Images)<\/span><\/figcaption><\/figure>\n<figure class=\"a_m a_m-v \"><span class=\"_db a_m_w _pr lb_btn\"><img decoding=\"async\" class=\"_re lazyload a_m-v\" height=\"518\" width=\"414\" src=\"https:\/\/analyse.optim.biz\/wp-content\/uploads\/2026\/01\/tdgmvxpelfb3lol6qg734kwkv4.jpg\" loading=\"lazy\" title=\"tdgmvxpelfb3lol6qg734kwkv4\"><\/span><figcaption class=\"a_m_p\" aria-hidden=\"true\"><span>Oscar Isaac en los Globos de Oro 2026 con un broche de Bvlgari.<\/span><span class=\"a_m_m\">Savion Washington\/2026GG (Penske Media via Getty Images)<\/span><\/figcaption><\/figure>\n<figure class=\"a_m a_m-h \"><span class=\"_db a_m_w _pr lb_btn\"><img decoding=\"async\" class=\"_re lazyload a_m-h\" height=\"320\" width=\"414\" src=\"https:\/\/analyse.optim.biz\/wp-content\/uploads\/2026\/01\/mktvzdgf7bcqrl4fda44fm2t5a.jpg\" loading=\"lazy\" title=\"mktvzdgf7bcqrl4fda44fm2t5a\"><\/span><figcaption class=\"a_m_p\" aria-hidden=\"true\"><span>Snoop Dogg en los Globos de Oro 2026 con un broche de Talia Coles.<\/span><span class=\"a_m_m\">Christopher Polk\/2026GG (Penske Media via Getty Images)<\/span><\/figcaption><\/figure>\n<p class>M\u00e1s broches que derrochaban quilates se sucedieron sin descanso en la edici\u00f3n 83 de los premios de cine y la televisi\u00f3n: del llamativo diamante de talla esmeralda<i> Bird on a Rock<\/i> de Tiffany sobre el Saint Laurent de <a href=\"https:\/\/elpais.com\/gente\/2026-01-24\/hudson-williams-y-connor-storrie-el-sueno-cumplido-de-dos-camareros-convertidos-en-estrellas-gracias-a-mas-que-rivales.html\" target=\"_blank\" rel=\"noreferrer\" title=\"https:\/\/elpais.com\/gente\/2026-01-24\/hudson-williams-y-connor-storrie-el-sueno-cumplido-de-dos-camareros-convertidos-en-estrellas-gracias-a-mas-que-rivales.html\">Connor Storrie <\/a>\u2013una evoluci\u00f3n del famoso broche creado por Jean Schlumberger en 1965 y que est\u00e1 valorado en unos 1,7 millones de d\u00f3lares\u2013, a la medalla de Bvlgari que <a href=\"https:\/\/elpais.com\/cultura\/2015\/08\/28\/television\/1440788422_143387.html\" target=\"_blank\" rel=\"noreferrer\" title=\"https:\/\/elpais.com\/cultura\/2015\/08\/28\/television\/1440788422_143387.html\">Oscar Isaac <\/a>combin\u00f3 con su traje a medida de The Row, o la peculiar apuesta del rapero \u200b\u200b<a href=\"https:\/\/elpais.com\/icon\/2024-08-09\/la-cocinera-millonaria-y-el-rapero-fumeta-la-historia-de-la-pareja-mas-insolita-de-los-juegos-olimpicos.html\" target=\"_blank\" rel=\"noreferrer\" title=\"https:\/\/elpais.com\/icon\/2024-08-09\/la-cocinera-millonaria-y-el-rapero-fumeta-la-historia-de-la-pareja-mas-insolita-de-los-juegos-olimpicos.html\">Snoop Dogg <\/a>por una pieza de Talia Coles, conocida por su marca de chaquetas de cuero, Cisum Couture. <\/p>\n<p class>Algunos broches aparecieron por partida doble, como los de la colecci\u00f3n <a href=\"https:\/\/www.boucheron.com\/fr_fr\/haute-joaillerie\/collections-histoire-de-style\/untamed-nature\" target=\"_self\" rel title=\"https:\/\/www.boucheron.com\/fr_fr\/haute-joaillerie\/collections-histoire-de-style\/untamed-nature\"><i><u>Histoire de Style, Untamed Nature<\/u><\/i><\/a><i>,<\/i> de Boucheron, inspirada en la naturaleza, que se instal\u00f3 con numerosas hojas de hiedra en la solapa de <a href=\"https:\/\/elpais.com\/gente\/2025-02-16\/colman-domingo-el-actor-de-vida-normal-que-se-convirtio-en-extraordinaria-en-la-madurez.html\" target=\"_blank\" rel=\"noreferrer\" title=\"https:\/\/elpais.com\/gente\/2025-02-16\/colman-domingo-el-actor-de-vida-normal-que-se-convirtio-en-extraordinaria-en-la-madurez.html\">Colman Domingo <\/a>o rodeada de pav\u00e9 de diamantes para el cocreador de <a href=\"https:\/\/elpais.com\/television\/2025-05-05\/cuarta-temporada-de-hacks-mas-pero-no-mejor-porque-es-imposible.html\" target=\"_blank\" rel=\"noreferrer\" title=\"https:\/\/elpais.com\/television\/2025-05-05\/cuarta-temporada-de-hacks-mas-pero-no-mejor-porque-es-imposible.html\"><i>Hacks<\/i><\/a><i>,<\/i> Paul W. Downs, ambos embajadores de la firma francesa. <\/p>\n<figure class=\"a_m a_m-v \"><span class=\"_db a_m_w _pr lb_btn\"><img decoding=\"async\" class=\"_re lazyload a_m-v\" height=\"621\" width=\"414\" src=\"https:\/\/analyse.optim.biz\/wp-content\/uploads\/2026\/01\/gnhcqtnaqvc6hmbnw2hrwzkxcy.jpg\" loading=\"lazy\" title=\"gnhcqtnaqvc6hmbnw2hrwzkxcy\"><\/span><figcaption class=\"a_m_p\" aria-hidden=\"true\"><span>Colman Domingo en los Globos de Oro 2026 con un broche Boucheron con numerosas hojas de hiedra en la solapa.<\/span><span class=\"a_m_m\">Savion Washington\/2026GG (Penske Media via Getty Images)<\/span><\/figcaption><\/figure>\n<p class>Este delirio entre el p\u00fablico masculino por los broches de alta joyer\u00eda a la hora de vestir de etiqueta viene gest\u00e1ndose desde hace tiempo. Nacido en el Antiguo Egipto para sujetar la ropa \u2013antes de convertirse en un s\u00edmbolo de estatus adornado con metales y piedras preciosas\u2013, el broche parece haber entrado en pugna con el reloj como la eterna joya del armario masculino. <a href=\"https:\/\/elpais.com\/icon\/2022-09-21\/extravagante-atractivo-y-encantador-el-truco-de-jeff-goldblum-para-gustar-a-todo-el-mundo.html\" target=\"_blank\" rel=\"noreferrer\" title=\"https:\/\/elpais.com\/icon\/2022-09-21\/extravagante-atractivo-y-encantador-el-truco-de-jeff-goldblum-para-gustar-a-todo-el-mundo.html\">Jeff Goldblum<\/a>, una de las figuras medi\u00e1ticas que aporta m\u00e1s color y experimentaci\u00f3n a las casi siempre convencionales alfombras masculinas, ha hecho de este accesorio su se\u00f1a de distinci\u00f3n en la \u00faltima d\u00e9cada. Cada aparici\u00f3n del protagonista de <i>Parque Jur\u00e1sico,<\/i> nutrida de trajes a medida de Prada y Saint Laurent que lleva el sello del estilista Andrew T. Vottero, refuerza el personaje. Quedar\u00e1 para la posteridad el tr\u00edo de broches que llev\u00f3 en la Met Gala de 2024, donde cabe destacar los 52 quilates del berilo verde de un alfiler de Tiffany; o la cascada de diamantes en forma de mariposas de la joyer\u00eda De Beers sobre una chaqueta esmeralda, en <a href=\"https:\/\/elpais.com\/smoda\/2024-05-27\/method-dressing-o-como-la-trama-de-las-peliculas-se-ha-ido-aduenando-de-los-estilismo-en-las-alfombras-rojas.html\" target=\"_self\" rel title=\"https:\/\/elpais.com\/smoda\/2024-05-27\/method-dressing-o-como-la-trama-de-las-peliculas-se-ha-ido-aduenando-de-los-estilismo-en-las-alfombras-rojas.html\"><u>un ejercicio redondo de <\/u><\/a><a href=\"https:\/\/elpais.com\/smoda\/2024-05-27\/method-dressing-o-como-la-trama-de-las-peliculas-se-ha-ido-aduenando-de-los-estilismo-en-las-alfombras-rojas.html\" rel><i><u>method dressing<\/u><\/i><\/a> para promocionar su personaje del Mago de Oz en la saga de <i>Wicked.<\/i><\/p>\n<figure class=\"a_m a_m-h \"><span class=\"_db a_m_w _pr lb_btn\"><img decoding=\"async\" class=\"_re lazyload a_m-h\" height=\"290\" width=\"414\" src=\"https:\/\/analyse.optim.biz\/wp-content\/uploads\/2026\/01\/peagzcoeyzgqxazb2sskzsypnu.jpg\" loading=\"lazy\" title=\"peagzcoeyzgqxazb2sskzsypnu\"><\/span><figcaption class=\"a_m_p\" aria-hidden=\"true\"><span>Jeff Goldblum en la Met Gala de 2025.<\/span><span class=\"a_m_m\">Anadolu (Anadolu via Getty Images)<\/span><\/figcaption><\/figure>\n<figure class=\"a_m a_m-v \"><span class=\"_db a_m_w _pr lb_btn\"><img decoding=\"async\" class=\"_re lazyload a_m-v\" height=\"622\" width=\"414\" src=\"https:\/\/analyse.optim.biz\/wp-content\/uploads\/2026\/01\/djqrnxzek5hcpmu23p3pf2k7se.jpg\" loading=\"lazy\" title=\"djqrnxzek5hcpmu23p3pf2k7se\"><\/span><figcaption class=\"a_m_p\" aria-hidden=\"true\"><span>Jacob Elordi en la \u00faltima edici\u00f3n del Festival de Cine de Marrakech con un broche en forma de rana de Bottega Veneta.<\/span><span class=\"a_m_m\">Stephane Cardinale &#8211; Corbis (Corbis via Getty Images)<\/span><\/figcaption><\/figure>\n<p class>En esta lista no pod\u00eda faltar Jacob Elordi, <a href=\"https:\/\/elpais.com\/smoda\/2026-01-06\/como-jacob-elordi-se-convirtio-en-un-icono-mocasines-negros-con-calcetin-blanco-para-un-tipo-de-casi-dos-metros.html\" rel><u>un armario de tendencias andante<\/u><\/a> cuya devoci\u00f3n por Bottega Veneta va m\u00e1s all\u00e1 del bolso <i>Andiamo<\/i> que lleva a todas partes, Lo demostr\u00f3 en la \u00faltima edici\u00f3n del festival de Cine de Marrakech con un broche en forma de rana perteneciente la colecci\u00f3n primavera-verano 2025 de la firma italiana. <\/p>\n<figure class=\"a_m a_m-v \"><span class=\"_db a_m_w _pr lb_btn\"><img decoding=\"async\" class=\"_re lazyload a_m-v\" height=\"503\" width=\"414\" src=\"https:\/\/imagenes.elpais.com\/resizer\/v2\/EMUFOFOI4ZGE7B4AV5373XSSRI.jpg?auth=20ff44a0ced474a65c05c830d8f4f6f230ab56c04a0caeb4dbae4f9462098a63&amp;width=414\" loading=\"lazy\"><\/span><figcaption class=\"a_m_p\" aria-hidden=\"true\"><span>Omar Apollo en los Oscar de 2025 con reptil dise\u00f1ado por Chopard sobre un traje de Valentino.<\/span><span class=\"a_m_m\">Chelsea Guglielmino (FilmMagic)<\/span><\/figcaption><\/figure>\n<p class>Tampoco fallar\u00eda el m\u00fasico Omar Apollo, visto tambi\u00e9n con un motivo reptil dise\u00f1ado por Chopard sobre un traje de Valentino, un supuesto gui\u00f1o a la est\u00e9tica de su personaje en la pel\u00edcula <a href=\"https:\/\/elpais.com\/cultura\/2024-12-31\/queer-un-formidable-daniel-craig-evoca-las-luces-y-sombras-de-william-burroughs.html\" target=\"_blank\" rel=\"noreferrer\" title=\"https:\/\/elpais.com\/cultura\/2024-12-31\/queer-un-formidable-daniel-craig-evoca-las-luces-y-sombras-de-william-burroughs.html\"><i>Queer<\/i><\/a>de Luca Guadagnino, en la que debut\u00f3 como actor. Con el cineasta italiano comparte la misma filia por esta joya. En la gala de los Oscar 2018 no solo deslumbr\u00f3 por las nominaciones de <i>Call me by your name, <\/i>sino por un prominente broche en forma de ara\u00f1a de oro amarillo y blanco, diamantes y perlas barrocas. Una primera incursi\u00f3n en la tendencia que se repetir\u00eda a lo largo de los a\u00f1os, y que no tard\u00f3 en replicar <a href=\"https:\/\/elpais.com\/smoda\/moda\/2025-03-17\/del-arnes-de-lentejuelas-al-esmoquin-amarillo-el-estilo-irreverente-y-unico-de-timothee-chalamet.html\" rel><u>su protegido Timoth\u00e9e Chalamet<\/u><\/a>, como el dise\u00f1o <i>vintage <\/i>de diamantes y rub\u00edes de Cartier que luci\u00f3 en los Oscars de 2019. <\/p>\n<figure class=\"a_m a_m-v \"><span class=\"_db a_m_w _pr lb_btn\"><img decoding=\"async\" class=\"_re lazyload a_m-v\" height=\"622\" width=\"414\" src=\"https:\/\/analyse.optim.biz\/wp-content\/uploads\/2026\/01\/snl2qiajzjarxeltczrjdbkqm4.jpg\" loading=\"lazy\" title=\"snl2qiajzjarxeltczrjdbkqm4\"><\/span><figcaption class=\"a_m_p\" aria-hidden=\"true\"><span>Timoth\u00e9e Chalamet en los Oscar de 2020 con un broche vintage de diamantes y rub\u00edes de Cartier.<\/span><span class=\"a_m_m\">Jeff Kravitz (FilmMagic)<\/span><\/figcaption><\/figure>\n<p class>M\u00e1s all\u00e1 de estrenos de cine y eventos de moda, la realidad es que esta joya usada desde el Renacimiento por la realeza para comunicar poder \u2013el joyero de la Reina Isabel se nutr\u00eda de ic\u00f3nicos dise\u00f1os como el Cullinan V con un diamante central del mismo nombre, el m\u00e1s grande del mundo hasta la fecha\u2013 ha visto un rebrote significativo en 2025. Seg\u00fan un informe de <a href=\"https:\/\/www.instagram.com\/p\/DPZA6kjEVB_\/?hl=es\" rel><u>la plataforma digital RetailBoss<\/u><\/a> especializada en el mercado minorista, las ventas de <i>charms <\/i>y broches experimentaron un aumento del 207% durante el segundo trimestre del a\u00f1o pasado. <\/p>\n<p class>El maximalismo emergente en la moda y la personalizaci\u00f3n en la demanda de accesorios, apunta la fuente, ser\u00edan los motivos que han impulsado la compra de estas piezas de coleccionismo. Para Sebastian Kaufman, creador de la plataforma <a href=\"http:\/\/www.jwl.market\" rel><u>JWL<\/u><\/a> dedicada al comercio de joyas <i>vintage <\/i>y de segunda mano, si concretamos el inter\u00e9s entre el p\u00fablico masculino, tendr\u00edamos que empezar por la apertura del hombre a experimentar en otros campos de estilo. \u201cEsto es algo evidente, que sucede desde la pasarela hasta incidir en la calle\u201d, explica a ICON. Tambi\u00e9n cree que el hecho de que marcas de alta joyer\u00eda hayan puesto el foco en una nueva ola de embajadores masculinos como Colman Domingo, Timoth\u00e9e Chalamet o Jacob Elordi refuerza el fen\u00f3meno. Pero, \u00bfpor qu\u00e9 luciendo un broche y no otro tipo de joya? \u201cResulta m\u00e1s visible y complementario al rostro que un anillo, pero menos invasivo que un pendiente\u201d. <\/p>\n<p class>En ese mapa aspiracional que dibujan las firmas y dise\u00f1adores durante las Semanas de la Moda, el broche ha irrumpido con fuerza en las \u00faltimas temporadas. La nueva era del hombre Dior, con el desembarco de <a href=\"https:\/\/elpais.com\/icon-design\/arte\/2022-10-29\/jonathan-anderson-la-artesania-es-un-acto-de-responsabilidad-demuestra-que-muchas-cosas-que-la-gente-olvida-son-importantes.html\" target=\"_blank\" rel=\"noreferrer\" title=\"https:\/\/elpais.com\/icon-design\/arte\/2022-10-29\/jonathan-anderson-la-artesania-es-un-acto-de-responsabilidad-demuestra-que-muchas-cosas-que-la-gente-olvida-son-importantes.html\">Jonathan Anderson <\/a>en su direcci\u00f3n creativa, resetea los c\u00f3digos del clasicismo masculino a trav\u00e9s de un panal de \u00e9pocas y con piezas de joyer\u00eda que adquieren la forma de un tr\u00e9bol, a un caballo o una abeja articulada. Dise\u00f1adas en plata de ley y con cierre de alfiler, forman parte de la colecci\u00f3n <a href=\"https:\/\/www.dior.com\/es_es\/fashion\/products\/search?query=%22couture%20charms%22\" rel><u>Dior Couture Charms<\/u><\/a>, la primera del dise\u00f1ador que reafirma ese ideario moderno palaciego creado por Anderson para la firma francesa. <a href=\"https:\/\/www.ysl.com\/es-es\/pr\/broche-cascada-de-metal-y-cristales-813984825.html?tp=161532&amp;utm_source=linkshare&amp;utm_medium=affiliate&amp;utm_content=Redbrain_3354356&amp;ranMID=43329&amp;ranEAID=pfxNKSnglIM&amp;ranSiteID=pfxNKSnglIM-iIABB_xsjkq1B9Jj8qqdrA&amp;utm_campaign=UK\" rel><u>Saint Laurent<\/u><\/a>, <a href=\"https:\/\/www.valentino.com\/es-es\/product-fil-perdu-metal-brooch-with-pearls-and-swarovski%C2%AE-crystals-YJ0Z38REU_D7G\" rel><u>Valentino<\/u><\/a> o Herm\u00e8s (con su dise\u00f1o Destrier Min\u00e9rale, que referencia el mundo ecuestre) son otras casas de costura que se han sumado al fen\u00f3meno con dise\u00f1os creados en exclusiva para el p\u00fablico masculino. <\/p>\n<p class>En el plano terrenal, alejado de alfombras rojas y pasarelas, Kaufmann augura un futuro pr\u00f3spero a este tipo de joyas y apunta que la demanda por parte del p\u00fablico masculino es equiparable al femenino. \u201cEs muy gratificante ver que lo incorporan a su <i>look <\/i>de forma org\u00e1nica. Los broches son capaces de aportar desde simbolismo religioso hasta juego y diversi\u00f3n; desde una nota de sobriedad hasta un mensaje de extravagancia. La versatilidad es infinita\u201d. Y no es necesario recurrir a ellos solo en un vestuario de gala. \u201cUn buen broche puede acompa\u00f1arnos en el d\u00eda a d\u00eda sobre una cazadora tejana o una bomber. Y, al mejor estilo de <a href=\"https:\/\/elpais.com\/gente\/2025-02-19\/el-rapero-aap-rocky-declarado-no-culpable-de-dos-cargos-por-un-ataque-con-una-pistola.html\" target=\"_blank\" rel=\"noreferrer\" title=\"https:\/\/elpais.com\/gente\/2025-02-19\/el-rapero-aap-rocky-declarado-no-culpable-de-dos-cargos-por-un-ataque-con-una-pistola.html\">A$AP Rocky<\/a>, nada como superponer varios en un mismo <i>look <\/i>d\u00e1ndole un giro divertido, informal y sumamente individual\u201d. <\/p>\n<p class>Con un amplio cat\u00e1logo de piezas limitadas de alta joyer\u00eda procedentes de los siglos XIX y XX, el empresario confiesa que entre sus consumidores masculinos no existe un perfil concreto; pueden desempe\u00f1ar desde profesiones tradicionales \u2013\u201dque buscan dar una nota de individualidad a su traje sastre\u201d\u2013, a creativos para los que el broche es una extensi\u00f3n de su visi\u00f3n art\u00edstica. \u201cLos m\u00e1s buscados son los dise\u00f1os de inspiraci\u00f3n animal de Cartier, Bvlgari y Van Cleef &amp; Arpels. No solo por la maravillosa creatividad hist\u00f3rica de estas marcas sino tambi\u00e9n por su valor de reventa\u201d. Individualidad y una inversi\u00f3n segura, dos valores definitivos para atreverse a probar la tendencia. <\/p>\n<\/div>\n<div id=\"me-dis\" class=\"me _pf\">\n<div class=\"me_bg\">\n<div class=\"me-dis _pa _df\">\n<div class=\"me-dis_c\">\n<h2 class=\"me-dis_t\">Tu suscripci\u00f3n se est\u00e1 usando en otro dispositivo<\/h2>\n<p>\u00bfQuieres a\u00f1adir otro usuario a tu suscripci\u00f3n?<\/p>\n<div class=\"me-dis_l\"><a href=\"https:\/\/elpais.com\/suscripciones\/premium\/upgrade\/?utm_source=autopromo&amp;utm_medium=interno&amp;utm_campaign=YYYY_MM_capping_upgrade\" id=\"capping-upgrade\" class=\"btn\">A\u00f1adir usuario<\/a><a href=\"https:\/\/elpais.com\/icon\/2026-01-29\/de-timothee-chalamet-a-jacob-elordi-por-que-todos-llevan-broches-en-2026-o-como-lucir-un-millon-en-la-solapa.html\" id=\"capping-continue\" class=\"btn btn-b\">Continuar leyendo aqu\u00ed<\/a><\/div>\n<p>Si contin\u00faas leyendo en este dispositivo, no se podr\u00e1 leer en el otro.<\/p>\n<p class=\"lk\"><a href=\"https:\/\/elpais.com\/icon\/2026-01-29\/de-timothee-chalamet-a-jacob-elordi-por-que-todos-llevan-broches-en-2026-o-como-lucir-un-millon-en-la-solapa.html\" id=\"capping-show-more-button\">\u00bfPor qu\u00e9 est\u00e1s viendo esto?<\/a><\/p>\n<p><span class=\"arrow\" id=\"capping-arrow\">Flecha<\/span><\/p>\n<div class=\"me-dis_d\">\n<div class=\"me-dis_d_t\">\n<h2 class=\"enc\">Tu suscripci\u00f3n se est\u00e1 usando en otro dispositivo y solo puedes acceder a EL PA\u00cdS desde un dispositivo a la vez.<\/h2>\n<div class=\"tx\">\n<p>Si quieres compartir tu cuenta, cambia tu suscripci\u00f3n a la modalidad Premium, as\u00ed podr\u00e1s a\u00f1adir otro usuario. Cada uno acceder\u00e1 con su propia cuenta de email, lo que os permitir\u00e1 personalizar vuestra experiencia en EL PA\u00cdS.<\/p>\n<p>\u00bfTienes una suscripci\u00f3n de empresa? Accede <a target=\"_blank\" rel=\"noreferrer\" href=\"https:\/\/elpais.com\/suscripciones\/premium\/upgrade\/\">aqu\u00ed<\/a> para contratar m\u00e1s cuentas.<\/p>\n<p>En el caso de no saber qui\u00e9n est\u00e1 usando tu cuenta, te recomendamos cambiar tu contrase\u00f1a <a target=\"_blank\" rel=\"noreferrer\" href=\"https:\/\/elpais.com\/subscriptions\/#\/forgot-password\">aqu\u00ed.<\/a><\/p>\n<p>Si decides continuar compartiendo tu cuenta, este mensaje se mostrar\u00e1 en tu dispositivo y en el de la otra persona que est\u00e1 usando tu cuenta de forma indefinida, afectando a tu experiencia de lectura. Puedes <a target=\"_blank\" rel=\"noreferrer\" href=\"https:\/\/elpais.com\/suscripciones\/condiciones-generales-servicios\/\">consultar aqu\u00ed los t\u00e9rminos y condiciones de la suscripci\u00f3n digital.<\/a><\/p>\n<\/div>\n<\/div>\n<\/div>\n<\/div>\n<\/div>\n<\/div>\n<\/div>\n<aside class=\"w w-sea\">\n<h2 class=\"w_t\">Sobre la firma<\/h2>\n<div class=\"w_b\">\n<div class=\"_g _g-xs\">\n<figure class=\"w-sea_f a_m-h c_m--nf\"><span class=\"a_m_w _db\"><img decoding=\"async\" alt=\"Victoria Z\u00e1rate\" class=\"_re lazyload a_m-h\" height=\"100\" width=\"100\" src=\"https:\/\/imagenes.elpais.com\/resizer\/v2\/https%3A%2F%2Fs3.amazonaws.com%2Farc-authors%2Fprisa%2F4fe32c60-ee77-4b44-b516-0d4abf98a340.png?auth=64a3d2ebb8a0fd1aaacf6395641e7ea0f1bac40406516653edbc13ae2663fceb&amp;width=100&amp;height=100&amp;smart=true\" loading=\"lazy\"><\/span><\/figure>\n<div class=\"w-sea_txt\">\n<div class=\"_df\">\n<div class=\"w-sea_txt_na\"><a href=\"https:\/\/elpais.com\/autor\/victoria-zarate-casanova\/\" rel=\"autor_bottom\">Victoria Z\u00e1rate<\/a><\/div>\n<\/div>\n<div class=\"w-sea_txt_da _dn\">Periodista vinculada a EL PA\u00cdS desde 2016. Coordin\u00f3 la web de Tentaciones y su secci\u00f3n de moda y estilo de vida hasta su cierre en 2018. Ahora colabora en Icon, Icon Design, S Moda y El Viajero. Trabaj\u00f3 en Glamour, Forbes y Tendencias y ha escrito en CN Traveler, AD, Harper&#8217;s Bazaar, V Magazine (USA) o The New York Times T Magazine Spain.<\/div>\n<\/div>\n<\/div>\n<\/div>\n<\/aside>\n<aside class=\"w w-fid\">\n<div class=\"w_b\">\n<div class=\"w-fid_t\"><a href=\"https:\/\/plus.elpais.com\/newsletters\/lnp\/1\/303\/#?prm=not_newsletters_icon\">Recibe el bolet\u00edn de ICON<\/a><\/div>\n<div class=\"w-fid_s\">\n<div class=\"w_rs\">\n<div class=\"w_rs_i\"><a class=\"_btn\" href=\"https:\/\/www.facebook.com\/icon.elpais\" rel=\"nofollow\"><span class=\"_sr\">Icon El Pa\u00eds en Facebook<\/span><\/a><\/div>\n<div class=\"w_rs_i\"><a class=\"_btn\" href=\"https:\/\/www.instagram.com\/icon_elpais\/\" rel=\"nofollow\"><span class=\"_sr\">Icon El Pa\u00eds en Instagram<\/span><\/a><\/div>\n<div class=\"w_rs_i\"><a class=\"_btn\" href=\"https:\/\/twitter.com\/icon_elpais\" rel=\"nofollow\"><span class=\"_sr\">Icon El Pa\u00eds en Twitter<\/span><\/a><\/div>\n<\/div>\n<\/div>\n<\/div>\n<\/aside>\n<aside class=\"a_com w w-com _df\"><a class=\"a_com_l\" href=\"https:\/\/elpais.com\/info\/normas-de-participacion\/\">Normas \u203a<\/a><\/aside>\n<div class=\"me _pf\" id=\"me-c\">\n<div class=\"me_bg\">\n<div class=\"me-c _pa\" id=\"comments_container\" data-dtm-region=\"articulo_comentarios\">\n<div class=\"me_f me_f-os me_cc\"><a href=\"https:\/\/plus.elpais.com\/perfil\/actividad\/\">Mis comentarios<\/a><a href=\"https:\/\/elpais.com\/info\/normas-de-participacion\/\">Normas<\/a><\/div>\n<div class=\"me_f me_f-ns\"><span class=\"me_f_txt _db\">Rellena tu <b>nombre y apellido<\/b> para comentar<\/span><a href=\"https:\/\/plus.elpais.com\/autorization.html\/?prod=COM&amp;backURL=https%3A%2F%2Felpais.com%2Ficon%2F2026-01-29%2Fde-timothee-chalamet-a-jacob-elordi-por-que-todos-llevan-broches-en-2026-o-como-lucir-un-millon-en-la-solapa.html\" class=\"btn btn-2\">completar datos<\/a><\/div>\n<div class=\"me_f\" id=\"comments_msg\"><a class=\"btn btn-2\" href=\"https:\/\/elpais.com\/suscripciones\/#\/campaign?prod=SUSDIGCRART&amp;o=COM&amp;prm=suscrip_articulo_comentarios_el-pais&amp;backURL=https%3A%2F%2Felpais.com%2Ficon%2F2026-01-29%2Fde-timothee-chalamet-a-jacob-elordi-por-que-todos-llevan-broches-en-2026-o-como-lucir-un-millon-en-la-solapa.html\" id=\"comments_subscribe_link\" data-link-am=\"https:\/\/elpais.com\/suscripciones\/america\/#\/campaign?prod=SUSDIGCRARTAM&amp;o=COMAM&amp;prm=suscrip_articulo_comentarios_el-pais-america&amp;backURL=https%3A%2F%2Felpais.com%2Ficon%2F2026-01-29%2Fde-timothee-chalamet-a-jacob-elordi-por-que-todos-llevan-broches-en-2026-o-como-lucir-un-millon-en-la-solapa.html\" data-link-mx=\"https:\/\/elpais.com\/suscripciones\/america\/#\/campaign?prod=SUSDIGMX&amp;o=COMMX&amp;prm=suscrip_articulo_comentarios_el-pais-mexico&amp;backURL=https%3A%2F%2Felpais.com%2Ficon%2F2026-01-29%2Fde-timothee-chalamet-a-jacob-elordi-por-que-todos-llevan-broches-en-2026-o-como-lucir-un-millon-en-la-solapa.html\" data-link-co=\"https:\/\/elpais.com\/suscripciones\/america\/#\/campaign?prod=SUSDIGCOL&amp;o=COMCOL&amp;prm=suscrip_articulo_comentarios_el-pais_colombia&amp;backURL=https%3A%2F%2Felpais.com%2Ficon%2F2026-01-29%2Fde-timothee-chalamet-a-jacob-elordi-por-que-todos-llevan-broches-en-2026-o-como-lucir-un-millon-en-la-solapa.html\" data-link-ar=\"https:\/\/elpais.com\/suscripciones\/america\/#\/campaign?prod=SUSDIGCRARTAR&amp;o=COMAR&amp;backURL=https%3A%2F%2Felpais.com%2Ficon%2F2026-01-29%2Fde-timothee-chalamet-a-jacob-elordi-por-que-todos-llevan-broches-en-2026-o-como-lucir-un-millon-en-la-solapa.html\" data-link-cl=\"https:\/\/elpais.com\/suscripciones\/america\/#\/campaign?prod=SUSDIGCHILE&amp;o=COMCHILE&amp;backURL=https%3A%2F%2Felpais.com%2Ficon%2F2026-01-29%2Fde-timothee-chalamet-a-jacob-elordi-por-que-todos-llevan-broches-en-2026-o-como-lucir-un-millon-en-la-solapa.html\" data-link-us=\"https:\/\/elpais.com\/suscripciones\/america\/#\/campaign?prod=SUSDIGCRARTEUCAN&amp;o=COMUS&amp;prm=suscrip_articulo_comentarios_el-pais_eucan&amp;backURL=https%3A%2F%2Felpais.com%2Ficon%2F2026-01-29%2Fde-timothee-chalamet-a-jacob-elordi-por-que-todos-llevan-broches-en-2026-o-como-lucir-un-millon-en-la-solapa.html\">Suscr\u00edbete en El Pa\u00eds para participar<\/a><a class=\"btn btn-3\" href=\"https:\/\/elpais.com\/subscriptions\/#\/sign-in?prod=REG&amp;o=COM&amp;prm=login_articulo_comentarios_el-pais&amp;backURL=https%3A%2F%2Felpais.com%2Ficon%2F2026-01-29%2Fde-timothee-chalamet-a-jacob-elordi-por-que-todos-llevan-broches-en-2026-o-como-lucir-un-millon-en-la-solapa.html\" id=\"comments_login_link\" data-link-am=\"https:\/\/elpais.com\/subscriptions\/#\/sign-in?prod=REG&amp;o=COM&amp;prm=login_articulo_comentarios_el-pais-america&amp;backURL=https%3A%2F%2Felpais.com%2Ficon%2F2026-01-29%2Fde-timothee-chalamet-a-jacob-elordi-por-que-todos-llevan-broches-en-2026-o-como-lucir-un-millon-en-la-solapa.html\" data-link-mx=\"https:\/\/elpais.com\/subscriptions\/#\/sign-in?prod=REG&amp;o=COM&amp;prm=login_articulo_comentarios_el-pais-mexico&amp;backURL=https%3A%2F%2Felpais.com%2Ficon%2F2026-01-29%2Fde-timothee-chalamet-a-jacob-elordi-por-que-todos-llevan-broches-en-2026-o-como-lucir-un-millon-en-la-solapa.html\" data-link-co=\"https:\/\/elpais.com\/subscriptions\/#\/sign-in?prod=REG&amp;o=COM&amp;backURL=https%3A%2F%2Felpais.com%2Ficon%2F2026-01-29%2Fde-timothee-chalamet-a-jacob-elordi-por-que-todos-llevan-broches-en-2026-o-como-lucir-un-millon-en-la-solapa.html\" data-link-ar=\"https:\/\/elpais.com\/subscriptions\/#\/sign-in?prod=REG&amp;o=COM&amp;backURL=https%3A%2F%2Felpais.com%2Ficon%2F2026-01-29%2Fde-timothee-chalamet-a-jacob-elordi-por-que-todos-llevan-broches-en-2026-o-como-lucir-un-millon-en-la-solapa.html\" data-link-cl=\"https:\/\/elpais.com\/subscriptions\/#\/sign-in?prod=REG&amp;o=COM&amp;backURL=https%3A%2F%2Felpais.com%2Ficon%2F2026-01-29%2Fde-timothee-chalamet-a-jacob-elordi-por-que-todos-llevan-broches-en-2026-o-como-lucir-un-millon-en-la-solapa.html\" data-link-us=\"https:\/\/elpais.com\/subscriptions\/#\/sign-in?prod=REG&amp;o=COM&amp;backURL=https%3A%2F%2Felpais.com%2Ficon%2F2026-01-29%2Fde-timothee-chalamet-a-jacob-elordi-por-que-todos-llevan-broches-en-2026-o-como-lucir-un-millon-en-la-solapa.html\">Ya tengo una suscripci\u00f3n<\/a><\/div>\n<p>Please enable JavaScript to view the &lt;a href=&#8221;https:\/\/disqus.com\/?ref_noscript&#8221; rel=&#8221;nofollow&#8221;&gt; comments powered by Disqus.&lt;\/a&gt;<\/p><\/div>\n<\/div>\n<\/div>\n<aside class=\"w w-rel\" data-dtm-region=\"articulo_mas-informacion\">\n<h2 class=\"w_t\">M\u00e1s informaci\u00f3n<\/h2>\n<ul class=\"w_b _ls\">\n<li class=\"_g _g-xs w-rel_n\">\n<div class=\" a_m-h c_m--nf\"><span class=\"_db _pr\"><img decoding=\"async\" class=\"_re lazyload a_m-h\" height=\"311\" width=\"414\" src=\"https:\/\/analyse.optim.biz\/wp-content\/uploads\/2026\/01\/qmp4he76orb5vfk4wlhwcv765y.jpg\" loading=\"lazy\" title=\"qmp4he76orb5vfk4wlhwcv765y\"><\/span><\/div>\n<div class=\"nt\">\n<h3 class=\"nt_t\"><a href=\"https:\/\/elpais.com\/icon\/2025-11-14\/como-acabar-con-las-bodas-caras-canapes-en-un-bar-celebracion-en-una-aldea-y-trajes-prestados.html#?rel=mas\">C\u00f3mo acabar con las bodas caras: canap\u00e9s en un bar, celebraci\u00f3n en una aldea y trajes prestados<\/a><\/h3>\n<div class=\"nt_a\"><a href=\"https:\/\/elpais.com\/autor\/victoria-zarate-casanova\/\" title=\"Ver todas las noticias de Victoria Z\u00e1rate\">Victoria Z\u00e1rate<\/a> | Madrid<\/div>\n<\/div>\n<\/li>\n<li class=\"_g _g-xs w-rel_n\">\n<div class=\" a_m-h c_m--nf\"><span class=\"_db _pr\"><img decoding=\"async\" class=\"_re lazyload a_m-h\" height=\"311\" width=\"414\" src=\"https:\/\/analyse.optim.biz\/wp-content\/uploads\/2026\/01\/b2wcvps4l5ht7kfbvjjfkjzu6q.jpg\" loading=\"lazy\" title=\"b2wcvps4l5ht7kfbvjjfkjzu6q\"><\/span><\/div>\n<div class=\"nt\">\n<h3 class=\"nt_t\"><a href=\"https:\/\/elpais.com\/icon\/2024-04-15\/pina-hongos-mangos-o-maiz-si-la-piel-de-las-zapatillas-veganas-no-es-piel-que-es.html#?rel=mas\">Pi\u00f1a, hongos, mangos o ma\u00edz: si la piel de las zapatillas veganas no es piel, \u00bfqu\u00e9 es?<\/a><\/h3>\n<div class=\"nt_a\"><a href=\"https:\/\/elpais.com\/autor\/victoria-zarate-casanova\/\" title=\"Ver todas las noticias de Victoria Z\u00e1rate\">Victoria Z\u00e1rate<\/a> | Madrid<\/div>\n<\/div>\n<\/li>\n<\/ul>\n<\/aside>\n<section class=\"w w-ae\" data-dtm-region=\"articulo_archivado-en\">\n<h2 class=\"w_t\">Archivado En<\/h2>\n<div class=\"w_b\">\n<ul class=\"w_ul w_ul--mh _df _ls\">\n<li><a href=\"https:\/\/elpais.com\/noticias\/joyas\/#?rel=arch\" rel=\"noopener noreferrer\">Joyas<\/a><\/li>\n<li><a href=\"https:\/\/elpais.com\/noticias\/premios-globos-oro\/#?rel=arch\" rel=\"noopener noreferrer\">Globos de Oro<\/a><\/li>\n<li><a href=\"https:\/\/elpais.com\/noticias\/orlando-bloom\/#?rel=arch\" rel=\"noopener noreferrer\">Orlando Bloom<\/a><\/li>\n<li><a href=\"https:\/\/elpais.com\/noticias\/oscar-isaac-hernandez-estrada\/#?rel=arch\" rel=\"noopener noreferrer\">\u00d3scar Isaac<\/a><\/li>\n<li><a href=\"https:\/\/elpais.com\/noticias\/snoop-dogg\/#?rel=arch\" rel=\"noopener noreferrer\">Snoop Dogg<\/a><\/li>\n<li><a href=\"https:\/\/elpais.com\/noticias\/jeff-goldblum\/#?rel=arch\" rel=\"noopener noreferrer\">Jeff Goldblum<\/a><\/li>\n<li><a href=\"https:\/\/elpais.com\/noticias\/jacob-elordi\/#?rel=arch\" rel=\"noopener noreferrer\">Jacob Elordi<\/a><\/li>\n<li><a href=\"https:\/\/elpais.com\/noticias\/timothee-chalamet\/#?rel=arch\" rel=\"noopener noreferrer\">Timoth\u00e9e Chalamet<\/a><\/li>\n<\/ul>\n<\/div>\n<\/section>\n<aside class=\"a_tp _df\">\n<div class=\"a_tp_txt\"><span class=\"a_tp_t\">Se adhiere a los criterios de<\/span><\/p>\n<figure class=\"a_m a_m-h c_m--nf\"><a class=\"a_tp_i _dib\" href=\"https:\/\/elpais.com\/estaticos\/que-es-the-trust-project\/\" target=\"_blank\" rel=\"noopener noreferrer nofollow\"><img decoding=\"async\" alt=\"The Trust Project\" class=\" lazyload a_m-h\" height=\"20\" width=\"117\" src=\"https:\/\/analyse.optim.biz\/wp-content\/uploads\/2026\/01\/the-trust-project-370.svg\" loading=\"lazy\" title=\"the-trust-project-370\"><\/a><\/figure>\n<p><a class=\"a_tp_mi\" href=\"https:\/\/elpais.com\/estaticos\/codigo-etico\/\" target=\"_blank\" rel=\"noopener noreferrer nofollow\">M\u00e1s informaci\u00f3n<\/a><\/div>\n<div class=\"a_tp_si\">Si est\u00e1 interesado en licenciar este contenido, pinche <a class=\"a_tp_si_l\" href=\"https:\/\/profesional.elpais.com\/soluciones-sindicacion\/?utm_medium=interno&amp;utm_source=crosslinking&amp;utm_campaign=sindicacion_ep_pie_articulos\" target=\"_blank\" rel=\"noopener noreferrer nofollow\">aqu\u00ed<\/a><\/div>\n<\/aside>\n<div class=\"a_o _pr\" data-dtm-region=\"articulo_right-rail\">\n<div id=\"elpais_gpt-MPU1\" data-adtype=\"MPU\" class=\"ad ad-mpu\"><span class=\"_dn\">_<\/span><\/div>\n<section class=\"w w-sc b_col\" data-dtm-region=\"articulo_ultimas-noticias\">\n<header class=\"w_h b_col_h\">\n<h3 class=\"w_t\"><a href=\"https:\/\/elpais.com\/ultimas-noticias\/\" rel=\"story-card-ultimas-noticias\">\u00daltimas noticias<\/a><\/h3>\n<\/header>\n<div class=\"w_b\">\n<article class=\"c  c--m-n   \" data-word=\"0\">\n<header class=\"c_h\"><time datetime=\"2026-01-29T17:44:31+01:00\" class=\"c_da\">17:44<\/time><\/p>\n<h2 class=\"c_t \"><a href=\"https:\/\/elpais.com\/espana\/madrid\/2026-01-29\/ayuso-no-acatara-la-orden-de-prohibir-la-entrada-a-menores-de-18-anos-a-las-corridas-de-toros.html\">Ayuso no acatar\u00e1 la orden de prohibir la entrada a menores de 18 a\u00f1os a las corridas de toros<\/a><\/h2>\n<\/header>\n<\/article>\n<article class=\"c  c--m-n   \" data-word=\"0\">\n<header class=\"c_h\"><time datetime=\"2026-01-29T17:42:11+01:00\" class=\"c_da\">17:42<\/time><\/p>\n<h2 class=\"c_t \"><a href=\"https:\/\/elpais.com\/sociedad\/2026-01-29\/la-fiscalia-investiga-la-administracion-de-vacunas-caducadas-a-103-personas-en-el-pais-vasco.html\">La Fiscal\u00eda investiga la administraci\u00f3n de vacunas caducadas a 103 personas en el Pa\u00eds Vasco<\/a><\/h2>\n<\/header>\n<\/article>\n<article class=\"c  c--m-n   \" data-word=\"0\">\n<header class=\"c_h\"><time datetime=\"2026-01-29T17:25:34+01:00\" class=\"c_da\">17:25<\/time><\/p>\n<h2 class=\"c_t \"><a href=\"https:\/\/elpais.com\/america\/2026-01-29\/joseph-oughourlian-debemos-defender-el-pensamiento-critico-y-la-verdad-cueste-lo-que-cueste.html\">Joseph Oughourlian: \u201cDebemos defender el pensamiento cr\u00edtico y la verdad, cueste lo que cueste\u201d<\/a><\/h2>\n<\/header>\n<\/article>\n<article class=\"c  c--m-n   \" data-word=\"0\">\n<header class=\"c_h\"><time datetime=\"2026-01-29T17:24:19+01:00\" class=\"c_da\">17:24<\/time><\/p>\n<h2 class=\"c_t \"><a href=\"https:\/\/elpais.com\/america\/2026-01-29\/el-segundo-dia-del-foro-economico-internacional-de-america-latina-y-el-caribe-en-imagenes.html\">El segundo d\u00eda del Foro Econ\u00f3mico Internacional de Am\u00e9rica Latina y el Caribe, en im\u00e1genes<\/a><\/h2>\n<\/header>\n<\/article>\n<\/div>\n<\/section>\n<aside class=\"w w-lmv\" data-dtm-region=\"articulo_lom\">\n<h2 class=\"w_t\"><a href=\"https:\/\/elpais.com\/lo-mas-visto\/\">Lo m\u00e1s visto<\/a><\/h2>\n<div class=\"w_b\">\n<ol class=\"_ls\">\n<li><a href=\"https:\/\/elpais.com\/economia\/2026-01-27\/trump-bendice-la-caida-del-dolar-va-muy-bien-miren-los-negocios-que-estamos-haciendo.html#?rel=lom\">Trump asegura que no le preocupa la ca\u00edda del d\u00f3lar: \u201cVa muy bien, miren los negocios que estamos haciendo\u201d<\/a><\/li>\n<li><a href=\"https:\/\/elpais.com\/internacional\/2026-01-28\/el-primer-ministro-groenlandes-la-casa-blanca-no-tiene-ni-idea-de-lo-que-es-groenlandia.html#?rel=lom\">El primer ministro groenland\u00e9s: \u201cLa Casa Blanca no tiene ni idea de lo que es Groenlandia\u201d<\/a><\/li>\n<li><a href=\"https:\/\/elpais.com\/espana\/catalunya\/2026-01-28\/el-traspaso-de-la-inmigracion-a-cataluna-se-abre-paso-junts-acepta-cambiar-el-preambulo-de-la-ley-que-rechazaba-podemos.html#?rel=lom\">El traspaso de la inmigraci\u00f3n a Catalu\u00f1a se abre paso: Junts acepta cambiar el pre\u00e1mbulo de la ley que rechazaba Podemos<\/a><\/li>\n<li><a href=\"https:\/\/elpais.com\/espana\/2026-01-27\/la-guardia-civil-investiga-a-un-hombre-por-robar-571-pinos-pinoneros-en-valladolid-y-utilizarlos-para-hacer-biomasa.html#?rel=lom\">La Guardia Civil investiga a un hombre por robar 571 pinos pi\u00f1oneros en Valladolid y utilizarlos para hacer biomasa<\/a><\/li>\n<li><a href=\"https:\/\/elpais.com\/internacional\/2026-01-28\/siete-jefes-de-estado-dejan-atras-las-diferencias-ideologicas-y-piden-una-integracion-latinoamericana.html#?rel=lom\">Siete jefes de Estado dejan atr\u00e1s las diferencias ideol\u00f3gicas y piden una integraci\u00f3n latinoamericana<\/a><\/li>\n<\/ol>\n<\/div>\n<\/aside>\n<\/div>\n<\/article>\n<article class=\"c  c--m-n   \" data-word=\"0\">\n<header class=\"c_h\"><time datetime=\"2026-01-29T17:44:31+01:00\" class=\"c_da\">17:44<\/time><\/p>\n<h2 class=\"c_t \"><a href=\"https:\/\/elpais.com\/espana\/madrid\/2026-01-29\/ayuso-no-acatara-la-orden-de-prohibir-la-entrada-a-menores-de-18-anos-a-las-corridas-de-toros.html\">Ayuso no acatar\u00e1 la orden de prohibir la entrada a menores de 18 a\u00f1os a las corridas de toros<\/a><\/h2>\n<\/header>\n<\/article>\n<article class=\"c  c--m-n   \" data-word=\"0\">\n<header class=\"c_h\"><time datetime=\"2026-01-29T17:42:11+01:00\" class=\"c_da\">17:42<\/time><\/p>\n<h2 class=\"c_t \"><a href=\"https:\/\/elpais.com\/sociedad\/2026-01-29\/la-fiscalia-investiga-la-administracion-de-vacunas-caducadas-a-103-personas-en-el-pais-vasco.html\">La Fiscal\u00eda investiga la administraci\u00f3n de vacunas caducadas a 103 personas en el Pa\u00eds Vasco<\/a><\/h2>\n<\/header>\n<\/article>\n<article class=\"c  c--m-n   \" data-word=\"0\">\n<header class=\"c_h\"><time datetime=\"2026-01-29T17:25:34+01:00\" class=\"c_da\">17:25<\/time><\/p>\n<h2 class=\"c_t \"><a href=\"https:\/\/elpais.com\/america\/2026-01-29\/joseph-oughourlian-debemos-defender-el-pensamiento-critico-y-la-verdad-cueste-lo-que-cueste.html\">Joseph Oughourlian: \u201cDebemos defender el pensamiento cr\u00edtico y la verdad, cueste lo que cueste\u201d<\/a><\/h2>\n<\/header>\n<\/article>\n<article class=\"c  c--m-n   \" data-word=\"0\">\n<header class=\"c_h\"><time datetime=\"2026-01-29T17:24:19+01:00\" class=\"c_da\">17:24<\/time><\/p>\n<h2 class=\"c_t \"><a href=\"https:\/\/elpais.com\/america\/2026-01-29\/el-segundo-dia-del-foro-economico-internacional-de-america-latina-y-el-caribe-en-imagenes.html\">El segundo d\u00eda del Foro Econ\u00f3mico Internacional de Am\u00e9rica Latina y el Caribe, en im\u00e1genes<\/a><\/h2>\n<\/header>\n<\/article>\n<p> Source URL: https:\/\/elpais.com\/icon\/2026-01-29\/de-timothee-chalamet-a-jacob-elordi-por-que-todos-llevan-broches-en-2026-o-como-lucir-un-millon-en-la-solapa.html<\/p>\n","protected":false},"excerpt":{"rendered":"<p>Joyas De Timoth\u00e9e Chalamet a Jacob Elordi: por qu\u00e9 todos llevan broches en 2026 (o c\u00f3mo lucir un mill\u00f3n en la solapa) \u201cEs m\u00e1s visible que un anillo y menos invasivo que unos pendientes\u201d, dice un especialista. \u00bfPuede el broche convertirse en la pr\u00f3xima revoluci\u00f3n de la joyer\u00eda masculina? Oscar Isaac en los Globos de [&hellip;]<\/p>\n","protected":false},"author":1,"featured_media":1543354,"comment_status":"open","ping_status":"","sticky":false,"template":"","format":"standard","meta":{"footnotes":""},"categories":[88],"tags":[92],"class_list":["post-1543353","post","type-post","status-publish","format-standard","has-post-thumbnail","hentry","category-spain","tag-elpais-com"],"_links":{"self":[{"href":"https:\/\/analyse.optim.biz\/index.php?rest_route=\/wp\/v2\/posts\/1543353","targetHints":{"allow":["GET"]}}],"collection":[{"href":"https:\/\/analyse.optim.biz\/index.php?rest_route=\/wp\/v2\/posts"}],"about":[{"href":"https:\/\/analyse.optim.biz\/index.php?rest_route=\/wp\/v2\/types\/post"}],"author":[{"embeddable":true,"href":"https:\/\/analyse.optim.biz\/index.php?rest_route=\/wp\/v2\/users\/1"}],"replies":[{"embeddable":true,"href":"https:\/\/analyse.optim.biz\/index.php?rest_route=%2Fwp%2Fv2%2Fcomments&post=1543353"}],"version-history":[{"count":0,"href":"https:\/\/analyse.optim.biz\/index.php?rest_route=\/wp\/v2\/posts\/1543353\/revisions"}],"wp:featuredmedia":[{"embeddable":true,"href":"https:\/\/analyse.optim.biz\/index.php?rest_route=\/wp\/v2\/media\/1543354"}],"wp:attachment":[{"href":"https:\/\/analyse.optim.biz\/index.php?rest_route=%2Fwp%2Fv2%2Fmedia&parent=1543353"}],"wp:term":[{"taxonomy":"category","embeddable":true,"href":"https:\/\/analyse.optim.biz\/index.php?rest_route=%2Fwp%2Fv2%2Fcategories&post=1543353"},{"taxonomy":"post_tag","embeddable":true,"href":"https:\/\/analyse.optim.biz\/index.php?rest_route=%2Fwp%2Fv2%2Ftags&post=1543353"}],"curies":[{"name":"wp","href":"https:\/\/api.w.org\/{rel}","templated":true}]}}