{"id":154331,"date":"2016-12-08T17:22:52","date_gmt":"2016-12-08T14:22:52","guid":{"rendered":"https:\/\/analyse.optim.biz\/?p=154331"},"modified":"2016-12-08T17:22:52","modified_gmt":"2016-12-08T14:22:52","slug":"dacian-ciolos-ii-raspunde-lui-viktor-orban","status":"publish","type":"post","link":"https:\/\/analyse.optim.biz\/?p=154331","title":{"rendered":"Dacian Ciolo\u015f \u00eei r\u0103spunde lui Viktor Orban"},"content":{"rendered":"<div class=\"entry data-app-meta data-app-meta-article\" data-embed-base-url-canonical=\"https:\/\/www.digi24.ro\/embed\/stiri\/actualitate\/politica\/reactia-premierului-romaniei-la-declaratiile-lui-viktor-orban-628105\">\n<p data-index=\"1\"><strong>Premierul Dacian Ciolo\u0219 consider\u0103 c\u0103 declara\u021biile de la Satu Mare ale prim-ministrului Ungariei, Viktor Orban, sunt f\u0103cute \u201e\u00eentr-o logic\u0103 electoral\u0103, cu obiective politice\u201d, a declarat purt\u0103torul de cuv\u00e2nt al Guvernului, Liviu Iolu.<\/strong><\/p>\n<p data-index=\"2\">\u201ePremierul Dacian Ciolo\u0219 consider\u0103 c\u0103 declara\u021biile f\u0103cute de premierul Ungariei, Viktor Orban, azi, la Satu Mare, precedate de afirma\u021bii ale unor \u00eenal\u021bi oficiali unguri \u00een leg\u0103tur\u0103 cu Ziua Na\u021bional\u0103 a Rom\u00e2niei, sunt neelegante \u0219i nepotrivite. Afirma\u021biile domnului Orban sunt, evident, f\u0103cute \u00eentr-o logic\u0103 electoral\u0103, cu obiective politice. <span lang=\"ro-RO\">De aceea, premierul Ciolo\u015f consider\u0103 c\u0103 premierul ungar ar trebui s\u0103 dea dovad\u0103 de mai mult\u0103 re\u0163inere \u00een astfel de declara\u0163ii. <\/span>Respectul fa\u021b\u0103 de valorile \u0219i simbolurile na\u021bionale ale unei \u021b\u0103ri este parte indisociabil\u0103 a setului de valori pe care se bazeaz\u0103 Uniunea European\u0103 \u0219i NATO, spa\u021bii din care at\u00e2t Rom\u00e2nia, c\u00e2t \u0219i Ungaria fac parte\u201d, a declarat Liviu Iolu la finalul \u015fedin\u0163ei de Guvern de ast\u0103zi.<\/p>\n<p data-index=\"3\">Premierul Ungariei, <a href=\"https:\/\/www.digi24.ro\/stiri\/externe\/v-orban-de-1-decembrie-maghiarii-nu-au-ce-celebra-atitudinea-este-onesta-si-fata-de-romani-macar-nu-i-mintim-627983\" target=\"_blank\" data-skip-linkfix=\"1\" rel=\"noopener\">Viktor Orban<\/a>, a afirmat c\u0103 Ministerul Afacerilor Externe de la Budapesta a procedat corect atunci c\u00e2nd nu le-a permis diploma\u0163ilor unguri s\u0103 participe la manifest\u0103rile dedicate Zilei Na\u021bionale a Rom\u00e2niei. El spune c\u0103 pe 1 Decembrie maghiarii nu au ce celebra, iar faptul c\u0103 afirm\u0103 acest lucru reprezint\u0103 o atitudine onest\u0103 fa\u0163\u0103 de rom\u00e2ni.<\/p>\n<\/div>\n<p> Source URL: https:\/\/www.digi24.ro\/stiri\/actualitate\/politica\/reactia-premierului-romaniei-la-declaratiile-lui-viktor-orban-628105<\/p>\n","protected":false},"excerpt":{"rendered":"<p>Premierul Dacian Ciolo\u0219 consider\u0103 c\u0103 declara\u021biile de la Satu Mare ale prim-ministrului Ungariei, Viktor Orban, sunt f\u0103cute \u201e\u00eentr-o logic\u0103 electoral\u0103, cu obiective politice\u201d, a declarat purt\u0103torul de cuv\u00e2nt al Guvernului, Liviu Iolu. \u201ePremierul Dacian Ciolo\u0219 consider\u0103 c\u0103 declara\u021biile f\u0103cute de premierul Ungariei, Viktor Orban, azi, la Satu Mare, precedate de afirma\u021bii ale unor \u00eenal\u021bi oficiali [&hellip;]<\/p>\n","protected":false},"author":1,"featured_media":154332,"comment_status":"open","ping_status":"","sticky":false,"template":"","format":"standard","meta":{"footnotes":""},"categories":[2],"tags":[11],"class_list":["post-154331","post","type-post","status-publish","format-standard","has-post-thumbnail","hentry","category-politics","tag-digi24"],"_links":{"self":[{"href":"https:\/\/analyse.optim.biz\/index.php?rest_route=\/wp\/v2\/posts\/154331","targetHints":{"allow":["GET"]}}],"collection":[{"href":"https:\/\/analyse.optim.biz\/index.php?rest_route=\/wp\/v2\/posts"}],"about":[{"href":"https:\/\/analyse.optim.biz\/index.php?rest_route=\/wp\/v2\/types\/post"}],"author":[{"embeddable":true,"href":"https:\/\/analyse.optim.biz\/index.php?rest_route=\/wp\/v2\/users\/1"}],"replies":[{"embeddable":true,"href":"https:\/\/analyse.optim.biz\/index.php?rest_route=%2Fwp%2Fv2%2Fcomments&post=154331"}],"version-history":[{"count":0,"href":"https:\/\/analyse.optim.biz\/index.php?rest_route=\/wp\/v2\/posts\/154331\/revisions"}],"wp:featuredmedia":[{"embeddable":true,"href":"https:\/\/analyse.optim.biz\/index.php?rest_route=\/wp\/v2\/media\/154332"}],"wp:attachment":[{"href":"https:\/\/analyse.optim.biz\/index.php?rest_route=%2Fwp%2Fv2%2Fmedia&parent=154331"}],"wp:term":[{"taxonomy":"category","embeddable":true,"href":"https:\/\/analyse.optim.biz\/index.php?rest_route=%2Fwp%2Fv2%2Fcategories&post=154331"},{"taxonomy":"post_tag","embeddable":true,"href":"https:\/\/analyse.optim.biz\/index.php?rest_route=%2Fwp%2Fv2%2Ftags&post=154331"}],"curies":[{"name":"wp","href":"https:\/\/api.w.org\/{rel}","templated":true}]}}