{"id":1543298,"date":"2026-01-29T04:30:00","date_gmt":"2026-01-29T01:30:00","guid":{"rendered":"https:\/\/analyse.optim.biz\/?p=1543298"},"modified":"2026-01-29T04:30:00","modified_gmt":"2026-01-29T01:30:00","slug":"espido-freire-ahora-se-va-a-por-el-eslabon-debil-a-por-los-jubilados-el-sistema-de-pensiones","status":"publish","type":"post","link":"https:\/\/analyse.optim.biz\/?p=1543298","title":{"rendered":"Espido Freire: \u201cAhora se va a por el eslab\u00f3n d\u00e9bil. A por los jubilados, el sistema de pensiones\u2026\u201d"},"content":{"rendered":"<article id=\"main-content\" class=\"a _g _g-lg _g-o\">\n<header class=\"a_e _g _g-xs\">\n<div class=\"a_e_txt _df\">\n<div class=\"a_k _df\"><a class=\"a_k_n\" href=\"https:\/\/elpais.com\/noticias\/laura-espido-freire\/\">Escritores<\/a><\/div>\n<h1 class=\"a_t\">Espido Freire: \u201cAhora se va a por el eslab\u00f3n d\u00e9bil. A por los jubilados, el sistema de pensiones\u2026\u201d <\/h1>\n<p class=\"a_st\">La ganadora del Premio Planeta m\u00e1s joven de Espa\u00f1a es tambi\u00e9n una de las mujeres que m\u00e1s ha escrito sobre viajes, porque ha viajado incesantemente desde que era muy joven. Acaba de publicar una \u2018Gu\u00eda de lugares que ya no existen\u2019 (RBA)<\/p>\n<\/div>\n<div class=\"a_e_m\">\n<figure class=\"a_m a_m-h \"><span class=\"a_m_w _db\"><img fetchpriority=\"high\" decoding=\"async\" alt=\"Espido Freire\" class=\"_re  a_m-h\" height=\"277\" width=\"414\" src=\"https:\/\/analyse.optim.biz\/wp-content\/uploads\/2026\/01\/h6d66ae4avdkdjsbhdorx5qq3y-1.jpg\" loading=\"eager\" title=\"h6d66ae4avdkdjsbhdorx5qq3y-1\"><\/span><figcaption class=\"a_m_p\" aria-hidden=\"true\"><span>La escritora Espido Freire, en el hotel Vincci Soma, en Madrid. <\/span><span class=\"a_m_m\">SAMUEL S\u00c1NCHEZ<\/span><\/figcaption><\/figure>\n<\/div>\n<\/header>\n<div class=\"a_md _g _g-xs \">\n<figure class=\"a_md_i a_m-h c_m--nf\"><span class=\"a_m_w _db\"><img decoding=\"async\" alt=\"Raquel Pel\u00e1ez\" class=\"_re lazyload a_m-h\" height=\"100\" width=\"100\" src=\"https:\/\/analyse.optim.biz\/wp-content\/uploads\/2026\/01\/https3a2f2fauthor-service-images-prod-us-east-1-publishing-aws_-arc_-pub2fprisa2f73986b10-b884-45b5-afc1-fef4361ec89d.jpg\" loading=\"lazy\" title=\"https3a2f2fauthor-service-images-prod-us-east-1-publishing-aws_-arc_-pub2fprisa2f73986b10-b884-45b5-afc1-fef4361ec89d\"><\/span><\/figure>\n<div class=\"a_md_txt\">\n<div class=\"a_md_a\" data-dtm-region=\"articulo_firma\"><a href=\"https:\/\/elpais.com\/autor\/raquel-pelaez-pelaez\/#?rel=author_top\" title=\"Ver todas las noticias de Raquel Pel\u00e1ez\" class=\"a_md_a_n\">Raquel Pel\u00e1ez<\/a><\/div>\n<div class=\"a_md_f\"><span>Madrid &#8211; <a href=\"https:\/\/elpais.com\/hemeroteca\/2026-01-29\/\" data-date=\"2026-01-29T05:30:00+01:00\"><time data-date=\"2026-01-29T05:30:00+01:00\" datetime=\"2026-01-29T05:30:00+01:00\" id=\"article_date_p\">29 ene 2026 &#8211; 05:30<abbr title=\"Central European Time\">CET<\/abbr><\/time><\/a><\/span><\/div>\n<div class=\"w_rs\" data-dtm-region=\"articulo_botonera-social\">\n<div class=\"w_rs_i\"><a class=\"_btn hidden\" href=\"\/\/send?text=Espido%20Freire%3A%20%E2%80%9CAhora%20se%20va%20a%20por%20el%20eslab%C3%B3n%20d%C3%A9bil.%20A%20por%20los%20jubilados%2C%20el%20sistema%20de%20pensiones%E2%80%A6%E2%80%9D%20%0D%0A%0D%0Ahttps%3A%2F%2Felpais.com%2Fsmoda%2Fplaceres%2F2026-01-29%2Fespido-freire-ahora-se-va-a-por-el-eslabon-debil-a-por-los-jubilados-el-sistema-de-pensiones.html%3Fssm=whatsapp_CC\" data-action=\"share\/whatsapp\/share\" data-param-description=\"Espido Freire: \u201cAhora se va a por el eslab\u00f3n d\u00e9bil. A por los jubilados, el sistema de pensiones\u2026\u201d \" data-param-href=\"https:\/\/elpais.com\/smoda\/placeres\/2026-01-29\/espido-freire-ahora-se-va-a-por-el-eslabon-debil-a-por-los-jubilados-el-sistema-de-pensiones.html\" data-param-text=\"Espido Freire: \u201cAhora se va a por el eslab\u00f3n d\u00e9bil. A por los jubilados, el sistema de pensiones\u2026\u201d  https:\/\/elpais.com\/smoda\/placeres\/2026-01-29\/espido-freire-ahora-se-va-a-por-el-eslabon-debil-a-por-los-jubilados-el-sistema-de-pensiones.html\" data-param-url=\"https:\/\/elpais.com\/smoda\/placeres\/2026-01-29\/espido-freire-ahora-se-va-a-por-el-eslabon-debil-a-por-los-jubilados-el-sistema-de-pensiones.html\" target=\"_blank\" rel=\"noopener noreferrer\" data-share-track-dtm=\"whatsapp\" id=\"btn_share_whatsapp_690\"><span class=\"_sr\">Compartir en Whatsapp<\/span><\/a><\/div>\n<div class=\"w_rs_i\"><a class=\"_btn \" href=\"https:\/\/www.facebook.com\/dialog\/share?display=popup&amp;app_id=94039431626&amp;href=https%3A%2F%2Felpais.com%2Fsmoda%2Fplaceres%2F2026-01-29%2Fespido-freire-ahora-se-va-a-por-el-eslabon-debil-a-por-los-jubilados-el-sistema-de-pensiones.html%3Fssm=FB_CC&amp;quote=Espido%20Freire%3A%20%E2%80%9CAhora%20se%20va%20a%20por%20el%20eslab%C3%B3n%20d%C3%A9bil.%20A%20por%20los%20jubilados%2C%20el%20sistema%20de%20pensiones%E2%80%A6%E2%80%9D%20\" data-param-app_id=\"94039431626\" data-param-description=\"Espido Freire: \u201cAhora se va a por el eslab\u00f3n d\u00e9bil. A por los jubilados, el sistema de pensiones\u2026\u201d \" data-param-href=\"https:\/\/elpais.com\/smoda\/placeres\/2026-01-29\/espido-freire-ahora-se-va-a-por-el-eslabon-debil-a-por-los-jubilados-el-sistema-de-pensiones.html\" data-param-text=\"Espido Freire: \u201cAhora se va a por el eslab\u00f3n d\u00e9bil. A por los jubilados, el sistema de pensiones\u2026\u201d \" data-param-url=\"https:\/\/elpais.com\/smoda\/placeres\/2026-01-29\/espido-freire-ahora-se-va-a-por-el-eslabon-debil-a-por-los-jubilados-el-sistema-de-pensiones.html\" target=\"_blank\" rel=\"noopener noreferrer\" data-share-track-dtm=\"facebook\" id=\"btn_share_facebook_690\"><span class=\"_sr\">Compartir en Facebook<\/span><\/a><\/div>\n<div class=\"w_rs_i\"><a class=\"_btn \" href=\"https:\/\/twitter.com\/intent\/tweet?url=https%3A%2F%2Felpais.com%2Fsmoda%2Fplaceres%2F2026-01-29%2Fespido-freire-ahora-se-va-a-por-el-eslabon-debil-a-por-los-jubilados-el-sistema-de-pensiones.html%3Fssm=TW_CC&amp;text=Espido%20Freire%3A%20%E2%80%9CAhora%20se%20va%20a%20por%20el%20eslab%C3%B3n%20d%C3%A9bil.%20A%20por%20los%20jubilados%2C%20el%20sistema%20de%20pensiones%E2%80%A6%E2%80%9D%20&amp;via=el_pais&amp;lang=es\" data-param-description=\"Espido Freire: \u201cAhora se va a por el eslab\u00f3n d\u00e9bil. A por los jubilados, el sistema de pensiones\u2026\u201d \" data-param-href=\"https:\/\/elpais.com\/smoda\/placeres\/2026-01-29\/espido-freire-ahora-se-va-a-por-el-eslabon-debil-a-por-los-jubilados-el-sistema-de-pensiones.html\" data-param-text=\"Espido Freire: \u201cAhora se va a por el eslab\u00f3n d\u00e9bil. A por los jubilados, el sistema de pensiones\u2026\u201d  via @el_pais\" data-param-url=\"https:\/\/elpais.com\/smoda\/placeres\/2026-01-29\/espido-freire-ahora-se-va-a-por-el-eslabon-debil-a-por-los-jubilados-el-sistema-de-pensiones.html\" target=\"_blank\" rel=\"noopener noreferrer\" data-share-track-dtm=\"twitter\" id=\"btn_share_twitter_690\"><span class=\"_sr\">Compartir en Twitter<\/span><\/a><\/div>\n<div class=\"w_rs_i\"><a class=\"_btn \" href=\"https:\/\/bsky.app\/intent\/compose?text=https%3A%2F%2Felpais.com%2Fsmoda%2Fplaceres%2F2026-01-29%2Fespido-freire-ahora-se-va-a-por-el-eslabon-debil-a-por-los-jubilados-el-sistema-de-pensiones.html%3Fssm=bsky_CC\" data-param-description=\"Espido Freire: \u201cAhora se va a por el eslab\u00f3n d\u00e9bil. A por los jubilados, el sistema de pensiones\u2026\u201d \" data-param-href=\"https:\/\/elpais.com\/smoda\/placeres\/2026-01-29\/espido-freire-ahora-se-va-a-por-el-eslabon-debil-a-por-los-jubilados-el-sistema-de-pensiones.html\" data-param-text=\"Espido Freire: \u201cAhora se va a por el eslab\u00f3n d\u00e9bil. A por los jubilados, el sistema de pensiones\u2026\u201d \" data-param-url=\"https:\/\/elpais.com\/smoda\/placeres\/2026-01-29\/espido-freire-ahora-se-va-a-por-el-eslabon-debil-a-por-los-jubilados-el-sistema-de-pensiones.html\" target=\"_blank\" rel=\"noopener noreferrer\" data-share-track-dtm=\"bluesky\" id=\"btn_share_bluesky_690\"><span class=\"_sr\">Compartir en Bluesky<\/span><\/a><\/div>\n<div class=\"w_rs_i\"><a class=\"_btn \" href=\"https:\/\/www.linkedin.com\/sharing\/share-offsite\/?url=https%3A%2F%2Felpais.com%2Fsmoda%2Fplaceres%2F2026-01-29%2Fespido-freire-ahora-se-va-a-por-el-eslabon-debil-a-por-los-jubilados-el-sistema-de-pensiones.html%3Fssm=LK_CC\" data-param-description=\"Espido Freire: \u201cAhora se va a por el eslab\u00f3n d\u00e9bil. A por los jubilados, el sistema de pensiones\u2026\u201d \" data-param-href=\"https:\/\/elpais.com\/smoda\/placeres\/2026-01-29\/espido-freire-ahora-se-va-a-por-el-eslabon-debil-a-por-los-jubilados-el-sistema-de-pensiones.html\" data-param-text=\"Espido Freire: \u201cAhora se va a por el eslab\u00f3n d\u00e9bil. A por los jubilados, el sistema de pensiones\u2026\u201d \" data-param-url=\"https:\/\/elpais.com\/smoda\/placeres\/2026-01-29\/espido-freire-ahora-se-va-a-por-el-eslabon-debil-a-por-los-jubilados-el-sistema-de-pensiones.html\" target=\"_blank\" rel=\"noopener noreferrer\" data-share-track-dtm=\"linkedin\" id=\"btn_share_linkedin_690\"><span class=\"_sr\">Compartir en Linkedin<\/span><\/a><\/div>\n<div class=\"w_rs_i\"><a class=\"_btn rs_l\" href=\"https:\/\/elpais.com\/smoda\/placeres\/2026-01-29\/espido-freire-ahora-se-va-a-por-el-eslabon-debil-a-por-los-jubilados-el-sistema-de-pensiones.html#?prm=copy_link\" data-share-track-dtm=\"copiar_url\" id=\"btn_share_link_63\"><span class=\"_sr\">Copiar enlace<\/span><\/a><\/div>\n<div class=\"w_rs_i\"><a class=\"_btn rs_c\" href=\"https:\/\/elpais.com\/smoda\/placeres\/2026-01-29\/espido-freire-ahora-se-va-a-por-el-eslabon-debil-a-por-los-jubilados-el-sistema-de-pensiones.html#comments_container\" aria-expanded=\"false\" aria-controls=\"me-c\" data-share-track-dtm=\"eskup\" id=\"btn_share_comments_63\"><span class=\"_sr\">Ir a los comentarios<\/span><\/a><\/div>\n<\/div>\n<\/div>\n<\/div>\n<div class=\"a_c clearfix\" data-dtm-region=\"articulo_cuerpo\">\n<p class><a href=\"https:\/\/elpais.com\/noticias\/laura-espido-freire\/\" target=\"_blank\" rel=\"noreferrer\" title=\"https:\/\/elpais.com\/noticias\/laura-espido-freire\/\">Espido Freire<\/a> no ha dejado de vivir con pasi\u00f3n la literatura desde los 23 a\u00f1os, cuando public\u00f3 su primera novela. Ni de soportar los rigores de la promoci\u00f3n desde los 25, cuando gan\u00f3 el Premio Planeta. Admite que hasta los 40 disfrut\u00f3 poco de la vida, que a los 50 le da menos importancia a todo y que est\u00e1 deseando ver qu\u00e9 le deparan los 70 y 80. En todos estos a\u00f1os <a href=\"https:\/\/viajes.elpais.com\/es-es\/expertos\/espido-freire\" target=\"_blank\" rel=\"noreferrer\" title=\"https:\/\/viajes.elpais.com\/es-es\/expertos\/espido-freire\">jam\u00e1s ha dejado de viajar,<\/a> bien por exigencias profesionales, bien por puro placer, ni de escribir sobre esos viajes. Ahora acaba de publicar una <i>Gu\u00eda de lugares que ya no existen,<\/i> justo cuando el mundo empieza a cuestionar unas fronteras que para ella eran incuestionables: \u201cPensamos que Europa no, que Estados Unidos no, que Occidente no, que nuestra generaci\u00f3n no, pero s\u00ed\u201d.<\/p>\n<p class><b>Pregunta.<\/b> En su libro ridiculiza esa frase cursi que dice que \u201cleer es viajar\u201d. <\/p>\n<p class><b>Respuesta.<\/b> Todos debemos atravesar una fase en nuestra vida en la que poder ser cursis. El principio del enamoramiento, los primeros a\u00f1os de la maternidad&#8230; y los viajes. Cuando estamos en lo evocativo o en lo elogioso es muy f\u00e1cil caer en ello. Hay una voluntad constante en el ser humano contempor\u00e1neo de esnobismo y hay que tener cuidado con qu\u00e9 nos gusta y qu\u00e9 decirnos sobre ello, porque envejece a una velocidad vertiginosa.<\/p>\n<figure class=\"a_m a_m-h \"><span class=\"_db a_m_w _pr lb_btn\"><img decoding=\"async\" class=\"_re lazyload a_m-h\" height=\"277\" width=\"414\" src=\"https:\/\/analyse.optim.biz\/wp-content\/uploads\/2026\/01\/x3yjuosqvnfwrdtpvp3hfkrgd4.jpg\" loading=\"lazy\" title=\"x3yjuosqvnfwrdtpvp3hfkrgd4\"><\/span><figcaption class=\"a_m_p\" aria-hidden=\"true\"><span>La escritora Espido Freire, en el hotel Vincci Soma, en Madrid. <\/span><span class=\"a_m_m\">SAMUEL S\u00c1NCHEZ<\/span><\/figcaption><\/figure>\n<p class><b>P. <\/b><a href=\"https:\/\/elpais.com\/cultura\/2026-01-22\/cierra-la-libreria-tipos-infames-foco-de-cultura-en-madrid-durante-15-anos.html\" target=\"_blank\" rel=\"noreferrer\" title=\"https:\/\/elpais.com\/cultura\/2026-01-22\/cierra-la-libreria-tipos-infames-foco-de-cultura-en-madrid-durante-15-anos.html\">El cierre de una librer\u00eda peque\u00f1a de Malasa\u00f1a<\/a> por la gentrificaci\u00f3n se ha visto como una especie de signo de los tiempos. \u00bfEst\u00e1 de acuerdo?<\/p>\n<p class><b>R. <\/b>Las librer\u00edas sobreviven como pueden, como todos los negocios culturales, y Tipos Infames bastante ha aguantado. No era una librer\u00eda de barrio exactamente, sino tambi\u00e9n un eje de comunicaci\u00f3n. Y eso es sostenible hasta cierto punto. Hay mucho de aspiracional en ser escritor y en los \u00faltimos a\u00f1os, tambi\u00e9n en ser lector. Se tiene que saber qu\u00e9 leo, cu\u00e1nto leo y qu\u00e9 es lo que leo, y sobre todo mi opini\u00f3n. Pero eso la mayor parte de las veces no est\u00e1 acompa\u00f1ado de una inversi\u00f3n real.<\/p>\n<p class><b>P.<\/b> Tambi\u00e9n es aspiracional lo de ser librero, \u00bfno?<\/p>\n<p class><b>R. <\/b>La librer\u00eda es ya un espacio en el que no solamente est\u00e1 el libro como tal, sino toda la est\u00e9tica que le rodea. La pose, el caf\u00e9, la decoraci\u00f3n bonita. A todos nos gusta ir a sitios bonitos, no es una cr\u00edtica, es un an\u00e1lisis. Y sobre todo est\u00e1 esa idea de pasado instant\u00e1neo, como si <a href=\"https:\/\/elpais.com\/cultura\/2019\/11\/23\/actualidad\/1574528984_259165.html\" target=\"_blank\" rel=\"noreferrer\" title=\"https:\/\/elpais.com\/cultura\/2019\/11\/23\/actualidad\/1574528984_259165.html\">todas fuesen Shakespeare and Co.,<\/a> aunque acaben de abrir hace diez minutos. Una librer\u00eda buena tiene que absorber parte del alma de los libreros, y eso lleva mucho tiempo. <\/p>\n<p class><b>P.<\/b> En uno de esos primeros viajes en tren una se\u00f1ora le pregunt\u00f3 d\u00f3nde pod\u00eda encontrar una trabajadora sexual para su hijo discapacitado. \u00bfQu\u00e9 le contest\u00f3?<\/p>\n<p class><b>R.<\/b> Yo entr\u00e9 directamente en modo eficiencia organizadora y le dije lo que se me fue ocurriendo, sobre zonas de Bilbao donde pens\u00e9 que podr\u00eda darle una soluci\u00f3n. Pero yo creo que aquella mujer simplemente necesitaba compartirlo con alguien que no la fuera a juzgar.<\/p>\n<p class><b>P.<\/b> \u00bfY no la juzg\u00f3?<\/p>\n<p class><b>R. <\/b>Sent\u00ed mucha compasi\u00f3n. Ahora lo interpretar\u00edamos de otra manera, porque somos tambi\u00e9n mucho m\u00e1s conscientes de las necesidades sexuales de las personas con discapacidad. Pero en su momento ella, y tambi\u00e9n yo, pens\u00e1bamos que esa era la \u00fanica opci\u00f3n. Me pareci\u00f3 una se\u00f1al de hasta d\u00f3nde puede llegar llega la maternidad entendida en su sentido m\u00e1s amplio.<\/p>\n<p class><b>P.<\/b> Un taxista en Damasco le dijo que las grandes cosas siempre son malas y ahora no paran de pasar cosas grandes. \u00bfCu\u00e1l es su estado de \u00e1nimo con respecto al mundo ahora mismo?<\/p>\n<p class><b>R.<\/b> Estupor. La sensaci\u00f3n de estar arrastrados por una inercia que probablemente nos lleve a donde ya hemos estado. Ojal\u00e1 me equivoque, pero nos han ense\u00f1ado muchas veces a d\u00f3nde nos llevan los totalitarismos. Estamos insensibilizados, pero imparablemente aline\u00e1ndonos en ese lugar. Nos hemos convencido poco a poco de nuestra importancia individual, como clientes, como consumidores, como ciudadanos, como votantes, como personas que somos capaces de decir \u201caqu\u00ed estuve yo\u201d, a trav\u00e9s de las redes sociales o de nuestro derecho a voto y de pronto estas din\u00e1micas lo que t\u00fa o yo podamos querer pensar, opinar, gritar, chillar, queda sumergido por lo que la masa desea. <\/p>\n<p class><b>P.<\/b> Fue usted una de las primeras autoras espa\u00f1olas que comprendi\u00f3 el poder que le daban las nuevas redes. \u00bfQu\u00e9 opinas del estilo promocional y comunicativo de David Ucl\u00e9s?<\/p>\n<p class><b>R.<\/b> Siempre me ha interesado mucho que haya los menos intermediarios posibles entre mi discurso y el lector. Estar\u00eda bueno que yo opinara sobre la agenda de un compa\u00f1ero y m\u00e1s a\u00fan sobre la agenda pol\u00edtica. Esa es una decisi\u00f3n absolutamente individual y particular. <\/p>\n<p class><b>P.<\/b> \u00bfPero le cansa la forma que tiene ahora la industria de promocionar sus talentos?<\/p>\n<p class><b>R. <\/b>Es muy tramposa, es muy intensa, lo cual hace que tanto el producto como el destinatario se saturen muy r\u00e1pidamente. Las personas que son inteligentes y que son h\u00e1biles saben conducir eso a lo largo. Pero la mayor parte de las veces pasa de ser una excepci\u00f3n a un fen\u00f3meno, y del fen\u00f3meno a la nada. Y ese riesgo lo corren normalmente las personas m\u00e1s j\u00f3venes.<\/p>\n<p class><b>P. <\/b>\u00bfQu\u00e9 cosas no har\u00eda ahora que hizo en su juventud por exigencias promocionales?<\/p>\n<p class><b>R. <\/b>Ser\u00eda m\u00e1s cauta con mis declaraciones. Creo que ser\u00eda lo \u00fanico. En el resto, trabaj\u00e9 mucho. Me he tomado siempre todas las promociones, todos los libros muy, muy en serio, quiz\u00e1s demasiado. De los veintitr\u00e9s, de mi primera novela, a los treinta y algo, que son a\u00f1os en que eres joven, en que puedes con todo, los dediqu\u00e9 a trabajar como una burra. Y luego llegan los cuarenta y dices: todo lo que hago est\u00e1 imbuido de lo que amo, pero me est\u00e1 absorbiendo. Y luego llegan los cincuenta y ya te da igual [risas]<\/p>\n<p class><b>P. <\/b>\u00bfSe hab\u00eda imaginado que ver\u00eda un mundo en el que las fronteras ser\u00edan cuestionadas de nuevo?<\/p>\n<p class><b>R.<\/b> Mi generaci\u00f3n se educ\u00f3 con la idea del progreso infinito, con la idea de que prosperar\u00edamos econ\u00f3micamente, que nuestras carreras ascender\u00edan, que los esfuerzos de solidaridad, de cooperaci\u00f3n, de pacificaci\u00f3n, continuar\u00edan. Y yo nunca puse eso en entredicho mientras que quienes pertenecen a otras generaciones tienen otra visi\u00f3n. Por eso no entiendo esa din\u00e1mica de ahora en la que se le pregunta a la gente mayor qu\u00e9 han hecho y por qu\u00e9 lo han hecho.<\/p>\n<p class><b>P.<\/b> \u00bfQue se les exijan responsabilidades?<\/p>\n<p class><b>R.<\/b> Eso no es exigir responsabilidades. Es armar bronca, que es diferente. Si se pidieran responsabilidades de verdad, tendr\u00edamos que estar con otros movimientos que nos est\u00e1n llevando adelante. Sencillamente se va a por los eslabones m\u00e1s d\u00e9biles. A por los jubilados, el sistema de pensiones\u2026<\/p>\n<figure class=\"a_m a_m-h \"><span class=\"_db a_m_w _pr lb_btn\"><img decoding=\"async\" class=\"_re lazyload a_m-h\" height=\"277\" width=\"414\" src=\"https:\/\/analyse.optim.biz\/wp-content\/uploads\/2026\/01\/aunwug4zdnanfo5cmfebmmwoqu.jpg\" loading=\"lazy\" title=\"aunwug4zdnanfo5cmfebmmwoqu\"><\/span><figcaption class=\"a_m_p\" aria-hidden=\"true\"><span>La escritora Espido Freire, en el hotel Vincci Soma, en Madrid.<\/span><span class=\"a_m_m\">SAMUEL S\u00c1NCHEZ<\/span><\/figcaption><\/figure>\n<p class><b>P. <\/b>Usted siempre ha dicho que es feminista de tercera generaci\u00f3n. \u00bfLe hubiese gustado contar con las herramientas que tienen ahora las chicas?<\/p>\n<p class><b>R. <\/b>Como bien sabemos, nunca debemos celebrar los logros del feminismo, porque son muy fr\u00e1giles. Llevo siguiendo con mucho inter\u00e9s todos los pasos que se daban hacia el movimiento del cuerpo en positivo. Y he visto, con sorpresa, o ni siquiera, que en el momento en que <a href=\"https:\/\/elpais.com\/eps\/2025-10-16\/ozempic-no-cura-la-autoestima.html\" target=\"_blank\" rel=\"noreferrer\" title=\"https:\/\/elpais.com\/eps\/2025-10-16\/ozempic-no-cura-la-autoestima.html\">las soluciones m\u00e9dicas<\/a> han estado a un alcance m\u00e1s o menos general para revertir el mayor eje de sufrimiento f\u00edsico de mi generaci\u00f3n, que es el peso, se ha acabado. Y esto no ha sido un grupo de hombres que nos estuvieran diciendo nada. Han sido las propias mujeres las que han descubierto una v\u00eda r\u00e1pida para aquello que siempre quisieron ser. Es un descubrimiento muy desconcertante, porque si eso pasa con la apariencia f\u00edsica, \u00bfqu\u00e9 ocurre con el resto de aquello que creemos y en lo que luchamos?<\/p>\n<p class><b>P. <\/b>Me refer\u00eda quiz\u00e1 a las actitudes de los hombres excesivamente alfa de su entorno, \u00bfha notado una mejora en los \u00faltimos a\u00f1os?<\/p>\n<p class><b>R.<\/b> Lamento decir que no. De hecho, quienes han modificado en general sus conductas, eran personas que part\u00edan ya de otra actitud respecto a todas las mujeres. No tengo esa sensaci\u00f3n, al contrario. Se sienten genuinamente dolidos. Mal interpretados, incluso. <\/p>\n<p class><b>P.<\/b> Como est\u00e1 pasando con Julio Iglesias, por ejemplo.<\/p>\n<p class><b>R. <\/b>Bueno es que cuando miramos hacia atr\u00e1s y vemos v\u00eddeos de hace veintid\u00f3s a\u00f1os nos preguntamos, \u00bfc\u00f3mo lo toleramos? Pero es que eso ya era una anomal\u00eda. Lo que pasaba era que una vez que hemos recorrido un camino y sabemos algo, tendemos a pensar que siempre lo hemos sabido. Y no es cierto. Y la presi\u00f3n de lo social, sobre todo en un plat\u00f3, obligaba a reaccionar como te hab\u00edan ense\u00f1ado: minimizar, pactar y no aumentar el problema. Y despu\u00e9s, si quer\u00edas, te pod\u00edas quejar. Pero la idea de convertirlo en una reivindicaci\u00f3n no era habitual. Y eso es lo que la gente de veinte a\u00f1os no puede entender.<\/p>\n<p class><b>P. <\/b>Es decir, el feminismo no naci\u00f3 ayer.<\/p>\n<p class><b>R.<\/b> Yo creo que hace falta much\u00edsimo m\u00e1s di\u00e1logo intergeneracional, no solo con las abuelas, con las que es f\u00e1cil entenderse, sino con las madres. Hace falta un mayor inter\u00e9s por parte de los j\u00f3venes por entender a los mayores. Y es f\u00e1cil ver qu\u00e9 m\u00fasica escuchan, es f\u00e1cil ver c\u00f3mo visten, pero es mucho menos f\u00e1cil entender c\u00f3mo piensan.<\/p>\n<p class><b>P.<\/b> \u00bfY c\u00f3mo leen?<\/p>\n<p class><b>R.<\/b> Ah\u00ed tenemos una gran ayuda, que son los cl\u00e1sicos. Est\u00e1n poni\u00e9ndose de moda otra vez, que siempre han estado. Pero el a\u00f1o pasado, que estuvo dedicado de una manera muy intensiva a Jane Austen me sirvi\u00f3 mucho para entender a chicas muy j\u00f3venes. Lees de forma diferente <i>Cumbres Borrascosas<\/i> cuando tienes 25 que cuando tienes 55.<\/p>\n<div class=\"a_fts a_fts-v\" data-dtm-region=\"articulo_sumarioenlaces-fototexto\">\n<section class=\"a_ft _g _g-md\">\n<figure class=\"a_ft_m a_m-v c_m--nf\"><a href=\"https:\/\/www.todostuslibros.com\/libros\/guia-de-lugares-que-ya-no-existen_978-84-1098-122-5\" class=\"_db _pr\"><img decoding=\"async\" class=\"_re lazyload a_m-v\" height=\"627\" width=\"414\" src=\"https:\/\/analyse.optim.biz\/wp-content\/uploads\/2026\/01\/vknpv5wymjerzez6kioqpeyoqu.jpg\" loading=\"lazy\" title=\"vknpv5wymjerzez6kioqpeyoqu\"><\/a><\/figure>\n<div class=\"a_ft_txt\">\n<h2 class=\"a_ft_t\"><a href=\"https:\/\/www.todostuslibros.com\/libros\/guia-de-lugares-que-ya-no-existen_978-84-1098-122-5\">Gu\u00eda de lugares que ya no existen<\/a><\/h2>\n<div>Espido Freire<br \/>RBA Libros, 2026<br \/>160 p\u00e1ginas. 20,90 euros<\/div>\n<\/div>\n<\/section>\n<\/div>\n<\/div>\n<div id=\"me-dis\" class=\"me _pf\">\n<div class=\"me_bg\">\n<div class=\"me-dis _pa _df\">\n<div class=\"me-dis_c\">\n<h2 class=\"me-dis_t\">Tu suscripci\u00f3n se est\u00e1 usando en otro dispositivo<\/h2>\n<p>\u00bfQuieres a\u00f1adir otro usuario a tu suscripci\u00f3n?<\/p>\n<div class=\"me-dis_l\"><a href=\"https:\/\/elpais.com\/suscripciones\/premium\/upgrade\/?utm_source=autopromo&amp;utm_medium=interno&amp;utm_campaign=YYYY_MM_capping_upgrade\" id=\"capping-upgrade\" class=\"btn\">A\u00f1adir usuario<\/a><a href=\"https:\/\/elpais.com\/smoda\/placeres\/2026-01-29\/espido-freire-ahora-se-va-a-por-el-eslabon-debil-a-por-los-jubilados-el-sistema-de-pensiones.html\" id=\"capping-continue\" class=\"btn btn-b\">Continuar leyendo aqu\u00ed<\/a><\/div>\n<p>Si contin\u00faas leyendo en este dispositivo, no se podr\u00e1 leer en el otro.<\/p>\n<p class=\"lk\"><a href=\"https:\/\/elpais.com\/smoda\/placeres\/2026-01-29\/espido-freire-ahora-se-va-a-por-el-eslabon-debil-a-por-los-jubilados-el-sistema-de-pensiones.html\" id=\"capping-show-more-button\">\u00bfPor qu\u00e9 est\u00e1s viendo esto?<\/a><\/p>\n<p><span class=\"arrow\" id=\"capping-arrow\">Flecha<\/span><\/p>\n<div class=\"me-dis_d\">\n<div class=\"me-dis_d_t\">\n<h2 class=\"enc\">Tu suscripci\u00f3n se est\u00e1 usando en otro dispositivo y solo puedes acceder a EL PA\u00cdS desde un dispositivo a la vez.<\/h2>\n<div class=\"tx\">\n<p>Si quieres compartir tu cuenta, cambia tu suscripci\u00f3n a la modalidad Premium, as\u00ed podr\u00e1s a\u00f1adir otro usuario. Cada uno acceder\u00e1 con su propia cuenta de email, lo que os permitir\u00e1 personalizar vuestra experiencia en EL PA\u00cdS.<\/p>\n<p>\u00bfTienes una suscripci\u00f3n de empresa? Accede <a target=\"_blank\" rel=\"noreferrer\" href=\"https:\/\/elpais.com\/suscripciones\/premium\/upgrade\/\">aqu\u00ed<\/a> para contratar m\u00e1s cuentas.<\/p>\n<p>En el caso de no saber qui\u00e9n est\u00e1 usando tu cuenta, te recomendamos cambiar tu contrase\u00f1a <a target=\"_blank\" rel=\"noreferrer\" href=\"https:\/\/elpais.com\/subscriptions\/#\/forgot-password\">aqu\u00ed.<\/a><\/p>\n<p>Si decides continuar compartiendo tu cuenta, este mensaje se mostrar\u00e1 en tu dispositivo y en el de la otra persona que est\u00e1 usando tu cuenta de forma indefinida, afectando a tu experiencia de lectura. Puedes <a target=\"_blank\" rel=\"noreferrer\" href=\"https:\/\/elpais.com\/suscripciones\/condiciones-generales-servicios\/\">consultar aqu\u00ed los t\u00e9rminos y condiciones de la suscripci\u00f3n digital.<\/a><\/p>\n<\/div>\n<\/div>\n<\/div>\n<\/div>\n<\/div>\n<\/div>\n<\/div>\n<aside class=\"w w-sea\">\n<h2 class=\"w_t\">Sobre la firma<\/h2>\n<div class=\"w_b\">\n<div class=\"_g _g-xs\">\n<figure class=\"w-sea_f a_m-h c_m--nf\"><span class=\"a_m_w _db\"><img decoding=\"async\" alt=\"Raquel Pel\u00e1ez\" class=\"_re lazyload a_m-h\" height=\"100\" width=\"100\" src=\"https:\/\/analyse.optim.biz\/wp-content\/uploads\/2026\/01\/https3a2f2fauthor-service-images-prod-us-east-1-publishing-aws_-arc_-pub2fprisa2f73986b10-b884-45b5-afc1-fef4361ec89d.jpg\" loading=\"lazy\" title=\"https3a2f2fauthor-service-images-prod-us-east-1-publishing-aws_-arc_-pub2fprisa2f73986b10-b884-45b5-afc1-fef4361ec89d\"><\/span><\/figure>\n<div class=\"w-sea_txt\">\n<div class=\"_df\">\n<div class=\"w-sea_txt_na\"><a href=\"https:\/\/elpais.com\/autor\/raquel-pelaez-pelaez\/\" rel=\"autor_bottom\">Raquel Pel\u00e1ez<\/a><\/div>\n<\/div>\n<div class=\"w-sea_txt_da _dn\">Licenciada en Periodismo por la USC y Master en marketing por el London College of Communication, est\u00e1 especializada en consumo y cultura de masas. Comenz\u00f3 en Diario de Le\u00f3n y en La Voz de Galicia. Autora de &#8216;Quiero y no puedo. Una historia de los pijos de Espa\u00f1a&#8217; (Blackie Books). Siempre lee los comentarios.<\/div>\n<\/div>\n<\/div>\n<\/div>\n<\/aside>\n<aside class=\"w w-fid\">\n<div class=\"w_b\">\n<div class=\"w-fid_t\"><a href=\"https:\/\/plus.elpais.com\/newsletters\/lnp\/1\/255#?prm=not_newsletters_smoda\">Recibe &#8216;Lo raro es vivir&#8217;, la newsletter de S MODA coordinada por Noelia Ram\u00edrez<\/a><\/div>\n<div class=\"w-fid_s\">\n<div class=\"w_rs\">\n<div class=\"w_rs_i\"><a class=\"_btn\" href=\"https:\/\/www.facebook.com\/SModa.es\" rel=\"nofollow\"><span class=\"_sr\">Smoda El Pa\u00eds en Facebook<\/span><\/a><\/div>\n<div class=\"w_rs_i\"><a class=\"_btn\" href=\"https:\/\/www.instagram.com\/s_moda\/\" rel=\"nofollow\"><span class=\"_sr\">Smoda El Pa\u00eds en Instagram<\/span><\/a><\/div>\n<div class=\"w_rs_i\"><a class=\"_btn\" href=\"https:\/\/twitter.com\/smoda\" rel=\"nofollow\"><span class=\"_sr\">Smoda El Pa\u00eds en Twitter<\/span><\/a><\/div>\n<\/div>\n<\/div>\n<\/div>\n<\/aside>\n<aside class=\"a_com w w-com _df\"><a class=\"a_com_l\" href=\"https:\/\/elpais.com\/info\/normas-de-participacion\/\">Normas \u203a<\/a><\/aside>\n<div class=\"me _pf\" id=\"me-c\">\n<div class=\"me_bg\">\n<div class=\"me-c _pa\" id=\"comments_container\" data-dtm-region=\"articulo_comentarios\">\n<div class=\"me_f me_f-os me_cc\"><a href=\"https:\/\/plus.elpais.com\/perfil\/actividad\/\">Mis comentarios<\/a><a href=\"https:\/\/elpais.com\/info\/normas-de-participacion\/\">Normas<\/a><\/div>\n<div class=\"me_f me_f-ns\"><span class=\"me_f_txt _db\">Rellena tu <b>nombre y apellido<\/b> para comentar<\/span><a href=\"https:\/\/plus.elpais.com\/autorization.html\/?prod=COM&amp;backURL=https%3A%2F%2Felpais.com%2Fsmoda%2Fplaceres%2F2026-01-29%2Fespido-freire-ahora-se-va-a-por-el-eslabon-debil-a-por-los-jubilados-el-sistema-de-pensiones.html\" class=\"btn btn-2\">completar datos<\/a><\/div>\n<div class=\"me_f\" id=\"comments_msg\"><a class=\"btn btn-2\" href=\"https:\/\/elpais.com\/suscripciones\/#\/campaign?prod=SUSDIGCRART&amp;o=COM&amp;prm=suscrip_articulo_comentarios_el-pais&amp;backURL=https%3A%2F%2Felpais.com%2Fsmoda%2Fplaceres%2F2026-01-29%2Fespido-freire-ahora-se-va-a-por-el-eslabon-debil-a-por-los-jubilados-el-sistema-de-pensiones.html\" id=\"comments_subscribe_link\" data-link-am=\"https:\/\/elpais.com\/suscripciones\/america\/#\/campaign?prod=SUSDIGCRARTAM&amp;o=COMAM&amp;prm=suscrip_articulo_comentarios_el-pais-america&amp;backURL=https%3A%2F%2Felpais.com%2Fsmoda%2Fplaceres%2F2026-01-29%2Fespido-freire-ahora-se-va-a-por-el-eslabon-debil-a-por-los-jubilados-el-sistema-de-pensiones.html\" data-link-mx=\"https:\/\/elpais.com\/suscripciones\/america\/#\/campaign?prod=SUSDIGMX&amp;o=COMMX&amp;prm=suscrip_articulo_comentarios_el-pais-mexico&amp;backURL=https%3A%2F%2Felpais.com%2Fsmoda%2Fplaceres%2F2026-01-29%2Fespido-freire-ahora-se-va-a-por-el-eslabon-debil-a-por-los-jubilados-el-sistema-de-pensiones.html\" data-link-co=\"https:\/\/elpais.com\/suscripciones\/america\/#\/campaign?prod=SUSDIGCOL&amp;o=COMCOL&amp;prm=suscrip_articulo_comentarios_el-pais_colombia&amp;backURL=https%3A%2F%2Felpais.com%2Fsmoda%2Fplaceres%2F2026-01-29%2Fespido-freire-ahora-se-va-a-por-el-eslabon-debil-a-por-los-jubilados-el-sistema-de-pensiones.html\" data-link-ar=\"https:\/\/elpais.com\/suscripciones\/america\/#\/campaign?prod=SUSDIGCRARTAR&amp;o=COMAR&amp;backURL=https%3A%2F%2Felpais.com%2Fsmoda%2Fplaceres%2F2026-01-29%2Fespido-freire-ahora-se-va-a-por-el-eslabon-debil-a-por-los-jubilados-el-sistema-de-pensiones.html\" data-link-cl=\"https:\/\/elpais.com\/suscripciones\/america\/#\/campaign?prod=SUSDIGCHILE&amp;o=COMCHILE&amp;backURL=https%3A%2F%2Felpais.com%2Fsmoda%2Fplaceres%2F2026-01-29%2Fespido-freire-ahora-se-va-a-por-el-eslabon-debil-a-por-los-jubilados-el-sistema-de-pensiones.html\" data-link-us=\"https:\/\/elpais.com\/suscripciones\/america\/#\/campaign?prod=SUSDIGCRARTEUCAN&amp;o=COMUS&amp;prm=suscrip_articulo_comentarios_el-pais_eucan&amp;backURL=https%3A%2F%2Felpais.com%2Fsmoda%2Fplaceres%2F2026-01-29%2Fespido-freire-ahora-se-va-a-por-el-eslabon-debil-a-por-los-jubilados-el-sistema-de-pensiones.html\">Suscr\u00edbete en El Pa\u00eds para participar<\/a><a class=\"btn btn-3\" href=\"https:\/\/elpais.com\/subscriptions\/#\/sign-in?prod=REG&amp;o=COM&amp;prm=login_articulo_comentarios_el-pais&amp;backURL=https%3A%2F%2Felpais.com%2Fsmoda%2Fplaceres%2F2026-01-29%2Fespido-freire-ahora-se-va-a-por-el-eslabon-debil-a-por-los-jubilados-el-sistema-de-pensiones.html\" id=\"comments_login_link\" data-link-am=\"https:\/\/elpais.com\/subscriptions\/#\/sign-in?prod=REG&amp;o=COM&amp;prm=login_articulo_comentarios_el-pais-america&amp;backURL=https%3A%2F%2Felpais.com%2Fsmoda%2Fplaceres%2F2026-01-29%2Fespido-freire-ahora-se-va-a-por-el-eslabon-debil-a-por-los-jubilados-el-sistema-de-pensiones.html\" data-link-mx=\"https:\/\/elpais.com\/subscriptions\/#\/sign-in?prod=REG&amp;o=COM&amp;prm=login_articulo_comentarios_el-pais-mexico&amp;backURL=https%3A%2F%2Felpais.com%2Fsmoda%2Fplaceres%2F2026-01-29%2Fespido-freire-ahora-se-va-a-por-el-eslabon-debil-a-por-los-jubilados-el-sistema-de-pensiones.html\" data-link-co=\"https:\/\/elpais.com\/subscriptions\/#\/sign-in?prod=REG&amp;o=COM&amp;backURL=https%3A%2F%2Felpais.com%2Fsmoda%2Fplaceres%2F2026-01-29%2Fespido-freire-ahora-se-va-a-por-el-eslabon-debil-a-por-los-jubilados-el-sistema-de-pensiones.html\" data-link-ar=\"https:\/\/elpais.com\/subscriptions\/#\/sign-in?prod=REG&amp;o=COM&amp;backURL=https%3A%2F%2Felpais.com%2Fsmoda%2Fplaceres%2F2026-01-29%2Fespido-freire-ahora-se-va-a-por-el-eslabon-debil-a-por-los-jubilados-el-sistema-de-pensiones.html\" data-link-cl=\"https:\/\/elpais.com\/subscriptions\/#\/sign-in?prod=REG&amp;o=COM&amp;backURL=https%3A%2F%2Felpais.com%2Fsmoda%2Fplaceres%2F2026-01-29%2Fespido-freire-ahora-se-va-a-por-el-eslabon-debil-a-por-los-jubilados-el-sistema-de-pensiones.html\" data-link-us=\"https:\/\/elpais.com\/subscriptions\/#\/sign-in?prod=REG&amp;o=COM&amp;backURL=https%3A%2F%2Felpais.com%2Fsmoda%2Fplaceres%2F2026-01-29%2Fespido-freire-ahora-se-va-a-por-el-eslabon-debil-a-por-los-jubilados-el-sistema-de-pensiones.html\">Ya tengo una suscripci\u00f3n<\/a><\/div>\n<p>Please enable JavaScript to view the &lt;a href=&#8221;https:\/\/disqus.com\/?ref_noscript&#8221; rel=&#8221;nofollow&#8221;&gt; comments powered by Disqus.&lt;\/a&gt;<\/p><\/div>\n<\/div>\n<\/div>\n<aside class=\"w w-rel\" data-dtm-region=\"articulo_mas-informacion\">\n<h2 class=\"w_t\">M\u00e1s informaci\u00f3n<\/h2>\n<ul class=\"w_b _ls\">\n<li class=\"_g _g-xs w-rel_n\">\n<div class=\" a_m-h c_m--nf\"><span class=\"_db _pr\"><img decoding=\"async\" class=\"_re lazyload a_m-h\" height=\"311\" width=\"414\" src=\"https:\/\/analyse.optim.biz\/wp-content\/uploads\/2026\/01\/fs3vs5v2zza75a7ngxz4nu37zy.jpg\" loading=\"lazy\" title=\"fs3vs5v2zza75a7ngxz4nu37zy\"><\/span><\/div>\n<div class=\"nt\">\n<h3 class=\"nt_t\"><a href=\"https:\/\/elpais.com\/smoda\/bienestar\/2026-01-18\/robin-wall-kimmerer-cientifica-y-escritora-el-capitalismo-no-es-un-fenomeno-natural-es-una-eleccion.html#?rel=mas\">Robin Wall Kimmerer, cient\u00edfica y escritora: \u201cEl capitalismo no es un fen\u00f3meno natural; es una elecci\u00f3n\u201d<\/a><\/h3>\n<div class=\"nt_a\"><a href=\"https:\/\/elpais.com\/autor\/angeles-castellano\/\" title=\"Ver todas las noticias de \u00c1ngeles Castellano\">\u00c1ngeles Castellano<\/a><\/div>\n<\/div>\n<\/li>\n<li class=\"_g _g-xs w-rel_n\">\n<div class=\" a_m-h c_m--nf\"><span class=\"_db _pr\"><img decoding=\"async\" class=\"_re lazyload a_m-h\" height=\"311\" width=\"414\" src=\"https:\/\/analyse.optim.biz\/wp-content\/uploads\/2026\/01\/utuw3oizvnhvplf2yxyva626p4.jpg\" loading=\"lazy\" title=\"utuw3oizvnhvplf2yxyva626p4\"><\/span><\/div>\n<div class=\"nt\">\n<h3 class=\"nt_t\"><a href=\"https:\/\/elpais.com\/smoda\/placeres\/2025-11-23\/en-casa-de-amparo-llanos-mas-alla-de-dover-el-templo-de-libros-desde-donde-traduce-a-jane-austen.html#?rel=mas\">En casa de Amparo Llanos, de Dover:  un templo de libros desde donde traduce a Jane Austen<\/a><\/h3>\n<div class=\"nt_a\"><a href=\"https:\/\/elpais.com\/autor\/jimena-marcos-de-llano\/\" title=\"Ver todas las noticias de Jimena Marcos\">Jimena Marcos<\/a><\/div>\n<\/div>\n<\/li>\n<\/ul>\n<\/aside>\n<section class=\"w w-ae\" data-dtm-region=\"articulo_archivado-en\">\n<h2 class=\"w_t\">Archivado En<\/h2>\n<div class=\"w_b\">\n<ul class=\"w_ul w_ul--mh _df _ls\">\n<li><a href=\"https:\/\/elpais.com\/noticias\/laura-espido-freire\/#?rel=arch\" rel=\"noopener noreferrer\">Espido Freire<\/a><\/li>\n<li><a href=\"https:\/\/elpais.com\/noticias\/escritores\/#?rel=arch\" rel=\"noopener noreferrer\">Escritores<\/a><\/li>\n<li><a href=\"https:\/\/elpais.com\/noticias\/libros\/#?rel=arch\" rel=\"noopener noreferrer\">Libros<\/a><\/li>\n<li><a href=\"https:\/\/elpais.com\/noticias\/viajes\/#?rel=arch\" rel=\"noopener noreferrer\">Viajes<\/a><\/li>\n<li><a href=\"https:\/\/elpais.com\/noticias\/feminismo\/#?rel=arch\" rel=\"noopener noreferrer\">Feminismo<\/a><\/li>\n<li><a href=\"https:\/\/elpais.com\/noticias\/librerias\/#?rel=arch\" rel=\"noopener noreferrer\">Librer\u00edas<\/a><\/li>\n<li><a href=\"https:\/\/elpais.com\/noticias\/estilo-vida\/#?rel=arch\" rel=\"noopener noreferrer\">Estilo vida<\/a><\/li>\n<li><a href=\"https:\/\/elpais.com\/noticias\/generaciones\/#?rel=arch\" rel=\"noopener noreferrer\">Generaciones<\/a><\/li>\n<\/ul>\n<\/div>\n<\/section>\n<aside class=\"a_tp _df\">\n<div class=\"a_tp_txt\"><span class=\"a_tp_t\">Se adhiere a los criterios de<\/span><\/p>\n<figure class=\"a_m a_m-h c_m--nf\"><a class=\"a_tp_i _dib\" href=\"https:\/\/elpais.com\/estaticos\/que-es-the-trust-project\/\" target=\"_blank\" rel=\"noopener noreferrer nofollow\"><img decoding=\"async\" alt=\"The Trust Project\" class=\" lazyload a_m-h\" height=\"20\" width=\"117\" src=\"https:\/\/analyse.optim.biz\/wp-content\/uploads\/2026\/01\/the-trust-project-369.svg\" loading=\"lazy\" title=\"the-trust-project-369\"><\/a><\/figure>\n<p><a class=\"a_tp_mi\" href=\"https:\/\/elpais.com\/estaticos\/codigo-etico\/\" target=\"_blank\" rel=\"noopener noreferrer nofollow\">M\u00e1s informaci\u00f3n<\/a><\/div>\n<div class=\"a_tp_si\">Si est\u00e1 interesado en licenciar este contenido, pinche <a class=\"a_tp_si_l\" href=\"https:\/\/profesional.elpais.com\/soluciones-sindicacion\/?utm_medium=interno&amp;utm_source=crosslinking&amp;utm_campaign=sindicacion_ep_pie_articulos\" target=\"_blank\" rel=\"noopener noreferrer nofollow\">aqu\u00ed<\/a><\/div>\n<\/aside>\n<div class=\"a_o _pr\" data-dtm-region=\"articulo_right-rail\">\n<div id=\"elpais_gpt-MPU1\" data-adtype=\"MPU\" class=\"ad ad-mpu\"><span class=\"_dn\">_<\/span><\/div>\n<section class=\"w w-sc b_col\" data-dtm-region=\"articulo_ultimas-noticias\">\n<header class=\"w_h b_col_h\">\n<h3 class=\"w_t\"><a href=\"https:\/\/elpais.com\/ultimas-noticias\/\" rel=\"story-card-ultimas-noticias\">\u00daltimas noticias<\/a><\/h3>\n<\/header>\n<div class=\"w_b\">\n<article class=\"c  c--m-n   \" data-word=\"0\">\n<header class=\"c_h\"><time datetime=\"2026-01-29T17:44:31+01:00\" class=\"c_da\">17:44<\/time><\/p>\n<h2 class=\"c_t \"><a href=\"https:\/\/elpais.com\/espana\/madrid\/2026-01-29\/ayuso-no-acatara-la-orden-de-prohibir-la-entrada-a-menores-de-18-anos-a-las-corridas-de-toros.html\">Ayuso no acatar\u00e1 la orden de prohibir la entrada a menores de 18 a\u00f1os a las corridas de toros<\/a><\/h2>\n<\/header>\n<\/article>\n<article class=\"c  c--m-n   \" data-word=\"0\">\n<header class=\"c_h\"><time datetime=\"2026-01-29T17:42:11+01:00\" class=\"c_da\">17:42<\/time><\/p>\n<h2 class=\"c_t \"><a href=\"https:\/\/elpais.com\/sociedad\/2026-01-29\/la-fiscalia-investiga-la-administracion-de-vacunas-caducadas-a-103-personas-en-el-pais-vasco.html\">La Fiscal\u00eda investiga la administraci\u00f3n de vacunas caducadas a 103 personas en el Pa\u00eds Vasco<\/a><\/h2>\n<\/header>\n<\/article>\n<article class=\"c  c--m-n   \" data-word=\"0\">\n<header class=\"c_h\"><time datetime=\"2026-01-29T17:25:34+01:00\" class=\"c_da\">17:25<\/time><\/p>\n<h2 class=\"c_t \"><a href=\"https:\/\/elpais.com\/america\/2026-01-29\/joseph-oughourlian-debemos-defender-el-pensamiento-critico-y-la-verdad-cueste-lo-que-cueste.html\">Joseph Oughourlian: \u201cDebemos defender el pensamiento cr\u00edtico y la verdad, cueste lo que cueste\u201d<\/a><\/h2>\n<\/header>\n<\/article>\n<article class=\"c  c--m-n   \" data-word=\"0\">\n<header class=\"c_h\"><time datetime=\"2026-01-29T17:24:19+01:00\" class=\"c_da\">17:24<\/time><\/p>\n<h2 class=\"c_t \"><a href=\"https:\/\/elpais.com\/america\/2026-01-29\/el-segundo-dia-del-foro-economico-internacional-de-america-latina-y-el-caribe-en-imagenes.html\">El segundo d\u00eda del Foro Econ\u00f3mico Internacional de Am\u00e9rica Latina y el Caribe, en im\u00e1genes<\/a><\/h2>\n<\/header>\n<\/article>\n<\/div>\n<\/section>\n<aside class=\"w w-lmv\" data-dtm-region=\"articulo_lom\">\n<h2 class=\"w_t\"><a href=\"https:\/\/elpais.com\/lo-mas-visto\/\">Lo m\u00e1s visto<\/a><\/h2>\n<div class=\"w_b\">\n<ol class=\"_ls\">\n<li><a href=\"https:\/\/elpais.com\/economia\/2026-01-27\/trump-bendice-la-caida-del-dolar-va-muy-bien-miren-los-negocios-que-estamos-haciendo.html#?rel=lom\">Trump asegura que no le preocupa la ca\u00edda del d\u00f3lar: \u201cVa muy bien, miren los negocios que estamos haciendo\u201d<\/a><\/li>\n<li><a href=\"https:\/\/elpais.com\/internacional\/2026-01-28\/el-primer-ministro-groenlandes-la-casa-blanca-no-tiene-ni-idea-de-lo-que-es-groenlandia.html#?rel=lom\">El primer ministro groenland\u00e9s: \u201cLa Casa Blanca no tiene ni idea de lo que es Groenlandia\u201d<\/a><\/li>\n<li><a href=\"https:\/\/elpais.com\/espana\/catalunya\/2026-01-28\/el-traspaso-de-la-inmigracion-a-cataluna-se-abre-paso-junts-acepta-cambiar-el-preambulo-de-la-ley-que-rechazaba-podemos.html#?rel=lom\">El traspaso de la inmigraci\u00f3n a Catalu\u00f1a se abre paso: Junts acepta cambiar el pre\u00e1mbulo de la ley que rechazaba Podemos<\/a><\/li>\n<li><a href=\"https:\/\/elpais.com\/espana\/2026-01-27\/la-guardia-civil-investiga-a-un-hombre-por-robar-571-pinos-pinoneros-en-valladolid-y-utilizarlos-para-hacer-biomasa.html#?rel=lom\">La Guardia Civil investiga a un hombre por robar 571 pinos pi\u00f1oneros en Valladolid y utilizarlos para hacer biomasa<\/a><\/li>\n<li><a href=\"https:\/\/elpais.com\/internacional\/2026-01-28\/siete-jefes-de-estado-dejan-atras-las-diferencias-ideologicas-y-piden-una-integracion-latinoamericana.html#?rel=lom\">Siete jefes de Estado dejan atr\u00e1s las diferencias ideol\u00f3gicas y piden una integraci\u00f3n latinoamericana<\/a><\/li>\n<\/ol>\n<\/div>\n<\/aside>\n<\/div>\n<\/article>\n<article class=\"c  c--m-n   \" data-word=\"0\">\n<header class=\"c_h\"><time datetime=\"2026-01-29T17:44:31+01:00\" class=\"c_da\">17:44<\/time><\/p>\n<h2 class=\"c_t \"><a href=\"https:\/\/elpais.com\/espana\/madrid\/2026-01-29\/ayuso-no-acatara-la-orden-de-prohibir-la-entrada-a-menores-de-18-anos-a-las-corridas-de-toros.html\">Ayuso no acatar\u00e1 la orden de prohibir la entrada a menores de 18 a\u00f1os a las corridas de toros<\/a><\/h2>\n<\/header>\n<\/article>\n<article class=\"c  c--m-n   \" data-word=\"0\">\n<header class=\"c_h\"><time datetime=\"2026-01-29T17:42:11+01:00\" class=\"c_da\">17:42<\/time><\/p>\n<h2 class=\"c_t \"><a href=\"https:\/\/elpais.com\/sociedad\/2026-01-29\/la-fiscalia-investiga-la-administracion-de-vacunas-caducadas-a-103-personas-en-el-pais-vasco.html\">La Fiscal\u00eda investiga la administraci\u00f3n de vacunas caducadas a 103 personas en el Pa\u00eds Vasco<\/a><\/h2>\n<\/header>\n<\/article>\n<article class=\"c  c--m-n   \" data-word=\"0\">\n<header class=\"c_h\"><time datetime=\"2026-01-29T17:25:34+01:00\" class=\"c_da\">17:25<\/time><\/p>\n<h2 class=\"c_t \"><a href=\"https:\/\/elpais.com\/america\/2026-01-29\/joseph-oughourlian-debemos-defender-el-pensamiento-critico-y-la-verdad-cueste-lo-que-cueste.html\">Joseph Oughourlian: \u201cDebemos defender el pensamiento cr\u00edtico y la verdad, cueste lo que cueste\u201d<\/a><\/h2>\n<\/header>\n<\/article>\n<article class=\"c  c--m-n   \" data-word=\"0\">\n<header class=\"c_h\"><time datetime=\"2026-01-29T17:24:19+01:00\" class=\"c_da\">17:24<\/time><\/p>\n<h2 class=\"c_t \"><a href=\"https:\/\/elpais.com\/america\/2026-01-29\/el-segundo-dia-del-foro-economico-internacional-de-america-latina-y-el-caribe-en-imagenes.html\">El segundo d\u00eda del Foro Econ\u00f3mico Internacional de Am\u00e9rica Latina y el Caribe, en im\u00e1genes<\/a><\/h2>\n<\/header>\n<\/article>\n<p> Source URL: https:\/\/elpais.com\/smoda\/placeres\/2026-01-29\/espido-freire-ahora-se-va-a-por-el-eslabon-debil-a-por-los-jubilados-el-sistema-de-pensiones.html<\/p>\n","protected":false},"excerpt":{"rendered":"<p>Escritores Espido Freire: \u201cAhora se va a por el eslab\u00f3n d\u00e9bil. A por los jubilados, el sistema de pensiones\u2026\u201d La ganadora del Premio Planeta m\u00e1s joven de Espa\u00f1a es tambi\u00e9n una de las mujeres que m\u00e1s ha escrito sobre viajes, porque ha viajado incesantemente desde que era muy joven. Acaba de publicar una \u2018Gu\u00eda de [&hellip;]<\/p>\n","protected":false},"author":1,"featured_media":1543300,"comment_status":"open","ping_status":"","sticky":false,"template":"","format":"standard","meta":{"footnotes":""},"categories":[88],"tags":[92],"class_list":["post-1543298","post","type-post","status-publish","format-standard","has-post-thumbnail","hentry","category-spain","tag-elpais-com"],"_links":{"self":[{"href":"https:\/\/analyse.optim.biz\/index.php?rest_route=\/wp\/v2\/posts\/1543298","targetHints":{"allow":["GET"]}}],"collection":[{"href":"https:\/\/analyse.optim.biz\/index.php?rest_route=\/wp\/v2\/posts"}],"about":[{"href":"https:\/\/analyse.optim.biz\/index.php?rest_route=\/wp\/v2\/types\/post"}],"author":[{"embeddable":true,"href":"https:\/\/analyse.optim.biz\/index.php?rest_route=\/wp\/v2\/users\/1"}],"replies":[{"embeddable":true,"href":"https:\/\/analyse.optim.biz\/index.php?rest_route=%2Fwp%2Fv2%2Fcomments&post=1543298"}],"version-history":[{"count":0,"href":"https:\/\/analyse.optim.biz\/index.php?rest_route=\/wp\/v2\/posts\/1543298\/revisions"}],"wp:featuredmedia":[{"embeddable":true,"href":"https:\/\/analyse.optim.biz\/index.php?rest_route=\/wp\/v2\/media\/1543300"}],"wp:attachment":[{"href":"https:\/\/analyse.optim.biz\/index.php?rest_route=%2Fwp%2Fv2%2Fmedia&parent=1543298"}],"wp:term":[{"taxonomy":"category","embeddable":true,"href":"https:\/\/analyse.optim.biz\/index.php?rest_route=%2Fwp%2Fv2%2Fcategories&post=1543298"},{"taxonomy":"post_tag","embeddable":true,"href":"https:\/\/analyse.optim.biz\/index.php?rest_route=%2Fwp%2Fv2%2Ftags&post=1543298"}],"curies":[{"name":"wp","href":"https:\/\/api.w.org\/{rel}","templated":true}]}}