{"id":154328,"date":"2016-12-08T18:08:05","date_gmt":"2016-12-08T15:08:05","guid":{"rendered":"https:\/\/analyse.optim.biz\/?p=154328"},"modified":"2016-12-08T18:08:05","modified_gmt":"2016-12-08T15:08:05","slug":"subprefect-demis-dupa-ce-a-declarat-ca-articolul-1-din-constitutie-este-eronat","status":"publish","type":"post","link":"https:\/\/analyse.optim.biz\/?p=154328","title":{"rendered":"Subprefect demis dup\u0103 ce a declarat c\u0103 Articolul 1 din Constitu\u0163ie este eronat"},"content":{"rendered":"<div class=\"entry data-app-meta data-app-meta-article\" data-embed-base-url-canonical=\"https:\/\/www.digi24.ro\/embed\/stiri\/actualitate\/politica\/subprefect-demis-dupa-ce-a-declarat-ca-articolul-1-din-constitutie-este-eronat-628152\">\n<p data-index=\"1\"><strong>Premierul Dacian Ciolo\u015f a decis s\u0103-l demit\u0103 pe subprefectul jude\u0163ului Timi\u015f, Zoltan Gheorghe Marossy, dup\u0103 ce acesta a declarat \u00eentr-un interviu c\u0103 sintagma \u201estat na\u0163ional unitar\u201d este eronat\u0103.<\/strong><\/p>\n<figure class=\"article-thumb\"><img decoding=\"async\" src=\"https:\/\/analyse.optim.biz\/wp-content\/uploads\/2024\/09\/agfzad0wytuxm2uynweyyteymjbkyja5ogvkymnlzjqxodixoq-thumb_.jpg\" alt=\"zoltan marossy foto pressalert\" data-skip-htmlfix=\"1\" title=\"agfzad0wytuxm2uynweyyteymjbkyja5ogvkymnlzjqxodixoq-thumb_\"><figcaption> Foto: pressalert.ro <\/figcaption><\/figure>\n<p data-index=\"2\"><strong>Constitu\u0163ia Rom\u00e2niei<\/strong><\/p>\n<p data-index=\"3\">Articolul 1<\/p>\n<p data-index=\"4\">Alin. 1 Rom\u00e2nia este stat na\u0163ional, suveran \u015fi independent, unitar \u015fi indivizibil.<\/p>\n<p data-index=\"5\">\u201ePotrivit Constitu\u0163iei, prefectul \u015fi subprefectul sunt reprezentan\u0163ii Guvernului pe plan local. Prefectul \u015fi subprefectul fac parte din categoria \u00eenal\u0163ilor func\u0163ionari publici iar la numirea \u00een func\u0163ie depun un jur\u0103m\u00e2nt \u00een care se angajeaz\u0103 s\u0103 respecte inclusiv Constitu\u0163ia, nu s\u0103 o interpreteze. Tuturor prefec\u0163ilor \u015fi subprefec\u0163ilor li s-a cerut s\u0103-\u015fi exercite func\u0163ia respect\u00e2nd Constitu\u0163ia \u015fi legile \u0163\u0103rii. \u00cen urma acestor declara\u0163ii ale domnului subprefect, la propunerea ministrului Afacerilor Interne, Guvernul a decis s\u0103 adopte Hot\u0103r\u00e2rea privind \u00eencetarea exercit\u0103rii cu caracter temporar, prin deta\u015fare, a func\u0163iei publice de subprefect al jude\u0163ului Timi\u015f de c\u0103tre domnul Zoltan Gheorghe Marossy\u201d, a declarat purt\u0103torul de cuv\u00e2nt al Guvernului, Liviu Iolu.<\/p>\n<p data-index=\"6\">Zoltan Gheorghe Marossy, fost membru UDMR, a declarat, \u00eentr-un interviu pentru presa local\u0103, legat de problema autonomiei cerut\u0103 \u00een anumite zone din Rom\u00e2nia, c\u0103 unele persoane nu cunosc no\u0163iunile despre care vorbesc. \u201eEi nu fac clar diferen\u0163a&#8230; Teritoriile integrate \u00een Rom\u00e2nia de la 100 minus 2 ani sunt, la ora aceasta, totalmente integrate \u00een statul na\u0163ional rom\u00e2n. \u00cen Constitu\u0163ie acea sintagm\u0103 e eronat\u0103 (stat na\u0163ional unitar \u2013 n.r.), deoarece \u00eei exclude pe to\u0163i ceilal\u0163i care nu sunt etnici rom\u00e2ni\u201d, a declarat Zoltan Marossy.<\/p>\n<p data-index=\"7\">\u201eOameni cu fluturi \u00een cap au fost, sunt \u015fi vor fi \u00eentotdeauna. Dintre \u0103\u015ftia, unul \u00eentr-un milion e \u00een geniu&#8230; Pe de alt\u0103 parte, autonomie, \u00een sensul conducerii aproape de omul care locuie\u015fte pe acel teritoriu e foarte uzual \u00een Europa \u015fi e dorit \u00een Rom\u00e2nia. Se face o confuzie teribil\u0103 \u00eentre secesiune, autonomie. \u015ei alte variante pe care nu le repet, s\u0103 nu le dau idei la \u0103\u015ftia cu fluturii. \u015ei eu \u00eemi doresc autonomie\u201d, a continuat Zoltan Marossy.<\/p>\n<p data-index=\"8\">El a mai spus c\u0103 \u201eautonomia trebuie s\u0103 vin\u0103 ca un fel de satisfacere a nevoilor popula\u0163iei de acolo\u201d. \u201eDac\u0103 \u00eentr-o regiune istoric\u0103 nu e nevoie, nu trebuie s\u0103 le bagi pe g\u00e2t autonomia. \u00centr-o alt\u0103 zon\u0103 istoric\u0103, \u00een Banat de exemplu, unde tradi\u0163ia a f\u0103cut ca oamenii s\u0103 fie obi\u015fnui\u0163i s\u0103 se autogospod\u0103reasc\u0103, poate c\u0103 majoritatea vor\u201d, a spus fostul subprefect.<\/p>\n<\/div>\n<p> Source URL: https:\/\/www.digi24.ro\/stiri\/actualitate\/politica\/subprefect-demis-dupa-ce-a-declarat-ca-articolul-1-din-constitutie-este-eronat-628152<\/p>\n","protected":false},"excerpt":{"rendered":"<p>Premierul Dacian Ciolo\u015f a decis s\u0103-l demit\u0103 pe subprefectul jude\u0163ului Timi\u015f, Zoltan Gheorghe Marossy, dup\u0103 ce acesta a declarat \u00eentr-un interviu c\u0103 sintagma \u201estat na\u0163ional unitar\u201d este eronat\u0103. Foto: pressalert.ro Constitu\u0163ia Rom\u00e2niei Articolul 1 Alin. 1 Rom\u00e2nia este stat na\u0163ional, suveran \u015fi independent, unitar \u015fi indivizibil. \u201ePotrivit Constitu\u0163iei, prefectul \u015fi subprefectul sunt reprezentan\u0163ii Guvernului pe [&hellip;]<\/p>\n","protected":false},"author":1,"featured_media":154329,"comment_status":"open","ping_status":"","sticky":false,"template":"","format":"standard","meta":{"footnotes":""},"categories":[2],"tags":[11],"class_list":["post-154328","post","type-post","status-publish","format-standard","has-post-thumbnail","hentry","category-politics","tag-digi24"],"_links":{"self":[{"href":"https:\/\/analyse.optim.biz\/index.php?rest_route=\/wp\/v2\/posts\/154328","targetHints":{"allow":["GET"]}}],"collection":[{"href":"https:\/\/analyse.optim.biz\/index.php?rest_route=\/wp\/v2\/posts"}],"about":[{"href":"https:\/\/analyse.optim.biz\/index.php?rest_route=\/wp\/v2\/types\/post"}],"author":[{"embeddable":true,"href":"https:\/\/analyse.optim.biz\/index.php?rest_route=\/wp\/v2\/users\/1"}],"replies":[{"embeddable":true,"href":"https:\/\/analyse.optim.biz\/index.php?rest_route=%2Fwp%2Fv2%2Fcomments&post=154328"}],"version-history":[{"count":0,"href":"https:\/\/analyse.optim.biz\/index.php?rest_route=\/wp\/v2\/posts\/154328\/revisions"}],"wp:featuredmedia":[{"embeddable":true,"href":"https:\/\/analyse.optim.biz\/index.php?rest_route=\/wp\/v2\/media\/154329"}],"wp:attachment":[{"href":"https:\/\/analyse.optim.biz\/index.php?rest_route=%2Fwp%2Fv2%2Fmedia&parent=154328"}],"wp:term":[{"taxonomy":"category","embeddable":true,"href":"https:\/\/analyse.optim.biz\/index.php?rest_route=%2Fwp%2Fv2%2Fcategories&post=154328"},{"taxonomy":"post_tag","embeddable":true,"href":"https:\/\/analyse.optim.biz\/index.php?rest_route=%2Fwp%2Fv2%2Ftags&post=154328"}],"curies":[{"name":"wp","href":"https:\/\/api.w.org\/{rel}","templated":true}]}}