{"id":1543237,"date":"2026-01-29T11:55:47","date_gmt":"2026-01-29T08:55:47","guid":{"rendered":"https:\/\/analyse.optim.biz\/?p=1543237"},"modified":"2026-01-29T11:55:47","modified_gmt":"2026-01-29T08:55:47","slug":"abalos-tras-renunciar-a-su-acta-no-me-ha-quedado-otra-mas-que-retirarme-y-optar-por-la-jubilacion","status":"publish","type":"post","link":"https:\/\/analyse.optim.biz\/?p=1543237","title":{"rendered":"\u00c1balos, tras renunciar a su acta: \u201cNo me ha quedado otra m\u00e1s que retirarme y optar por la jubilaci\u00f3n\u201d"},"content":{"rendered":"<article id=\"main-content\" class=\"a _g _g-lg _g-o\">\n<header class=\"a_e _g _g-xs\">\n<div class=\"a_e_txt _df\">\n<div class=\"a_k _df\"><a class=\"a_k_n\" href=\"https:\/\/elpais.com\/noticias\/caso-koldo\/\">CASO KOLDO<\/a><\/div>\n<h1 class=\"a_t\">\u00c1balos, tras renunciar a su acta: \u201cNo me ha quedado otra m\u00e1s que retirarme y optar por la jubilaci\u00f3n\u201d<\/h1>\n<p class=\"a_st\">El exministro ha comunicado al Supremo su renuncia al esca\u00f1o para que \u201cse acuerde lo que en derecho proceda\u201d<\/p>\n<\/div>\n<div class=\"a_e_m\">\n<figure class=\"a_m a_m-h \"><span class=\"a_m_w _db\"><img fetchpriority=\"high\" decoding=\"async\" class=\"_re  a_m-h\" height=\"276\" width=\"414\" src=\"https:\/\/analyse.optim.biz\/wp-content\/uploads\/2026\/01\/okgeoephsvbpzphrayvbnmcxz4-1.jpg\" loading=\"eager\" title=\"okgeoephsvbpzphrayvbnmcxz4-1\"><\/span><figcaption class=\"a_m_p\" aria-hidden=\"true\"><span>El exministro Jos\u00e9 Luis \u00c1balos, en una de sus comparecencias ante el Tribunal Supremo.<br \/>\n<\/span><span class=\"a_m_m\">Claudio \u00c1lvarez<\/span><\/figcaption><\/figure>\n<\/div>\n<\/header>\n<div class=\"a_md _g _g-xs \">\n<figure class=\"a_md_i a_m-h c_m--nf\"><span class=\"a_m_w _db\"><img decoding=\"async\" alt=\"El Pa\u00eds\" class=\"_re lazyload a_m-h\" height=\"100\" width=\"100\" src=\"https:\/\/analyse.optim.biz\/wp-content\/uploads\/2026\/01\/https3a2f2fs3-amazonaws-com2farc-authors2fprisa2f0b9a52b8-006a-4382-938a-05e3d58f07cf-17.png\" loading=\"lazy\" title=\"https3a2f2fs3-amazonaws-com2farc-authors2fprisa2f0b9a52b8-006a-4382-938a-05e3d58f07cf-17\"><\/span><\/figure>\n<div class=\"a_md_txt\">\n<div class=\"a_md_a\" data-dtm-region=\"articulo_firma\"><a href=\"https:\/\/elpais.com\/autor\/el-pais\/#?rel=author_top\" title=\"Ver todas las noticias de El Pa\u00eds\" class=\"a_md_a_n\">El Pa\u00eds<\/a><\/div>\n<div class=\"a_md_f\"><span>Madrid &#8211; <a href=\"https:\/\/elpais.com\/hemeroteca\/2026-01-29\/\" data-date=\"2026-01-29T12:55:47+01:00\"><time data-date=\"2026-01-29T12:55:47+01:00\" datetime=\"2026-01-29T12:55:47+01:00\" id=\"article_date_p\">29 ene 2026 &#8211; 12:55<abbr title=\"Central European Time\">CET<\/abbr><\/time><\/a><\/span><\/div>\n<div class=\"w_rs\" data-dtm-region=\"articulo_botonera-social\">\n<div class=\"w_rs_i\"><a class=\"_btn hidden\" href=\"\/\/send?text=%C3%81balos%2C%20tras%20renunciar%20a%20su%20acta%3A%20%E2%80%9CNo%20me%20ha%20quedado%20otra%20m%C3%A1s%20que%20retirarme%20y%20optar%20por%20la%20jubilaci%C3%B3n%E2%80%9D%0D%0A%0D%0Ahttps%3A%2F%2Felpais.com%2Fespana%2F2026-01-29%2Fabalos-tras-dimitir-a-su-acta-no-me-ha-quedado-otra-mas-que-retirarme-y-optar-por-la-jubilacion.html%3Fssm=whatsapp_CC\" data-action=\"share\/whatsapp\/share\" data-param-description=\"\u00c1balos, tras renunciar a su acta: \u201cNo me ha quedado otra m\u00e1s que retirarme y optar por la jubilaci\u00f3n\u201d\" data-param-href=\"https:\/\/elpais.com\/espana\/2026-01-29\/abalos-tras-dimitir-a-su-acta-no-me-ha-quedado-otra-mas-que-retirarme-y-optar-por-la-jubilacion.html\" data-param-text=\"\u00c1balos, tras renunciar a su acta: \u201cNo me ha quedado otra m\u00e1s que retirarme y optar por la jubilaci\u00f3n\u201d https:\/\/elpais.com\/espana\/2026-01-29\/abalos-tras-dimitir-a-su-acta-no-me-ha-quedado-otra-mas-que-retirarme-y-optar-por-la-jubilacion.html\" data-param-url=\"https:\/\/elpais.com\/espana\/2026-01-29\/abalos-tras-dimitir-a-su-acta-no-me-ha-quedado-otra-mas-que-retirarme-y-optar-por-la-jubilacion.html\" target=\"_blank\" rel=\"noopener noreferrer\" data-share-track-dtm=\"whatsapp\" id=\"btn_share_whatsapp_428\"><span class=\"_sr\">Compartir en Whatsapp<\/span><\/a><\/div>\n<div class=\"w_rs_i\"><a class=\"_btn \" href=\"https:\/\/www.facebook.com\/dialog\/share?display=popup&amp;app_id=94039431626&amp;href=https%3A%2F%2Felpais.com%2Fespana%2F2026-01-29%2Fabalos-tras-dimitir-a-su-acta-no-me-ha-quedado-otra-mas-que-retirarme-y-optar-por-la-jubilacion.html%3Fssm=FB_CC&amp;quote=%C3%81balos%2C%20tras%20renunciar%20a%20su%20acta%3A%20%E2%80%9CNo%20me%20ha%20quedado%20otra%20m%C3%A1s%20que%20retirarme%20y%20optar%20por%20la%20jubilaci%C3%B3n%E2%80%9D\" data-param-app_id=\"94039431626\" data-param-description=\"\u00c1balos, tras renunciar a su acta: \u201cNo me ha quedado otra m\u00e1s que retirarme y optar por la jubilaci\u00f3n\u201d\" data-param-href=\"https:\/\/elpais.com\/espana\/2026-01-29\/abalos-tras-dimitir-a-su-acta-no-me-ha-quedado-otra-mas-que-retirarme-y-optar-por-la-jubilacion.html\" data-param-text=\"\u00c1balos, tras renunciar a su acta: \u201cNo me ha quedado otra m\u00e1s que retirarme y optar por la jubilaci\u00f3n\u201d\" data-param-url=\"https:\/\/elpais.com\/espana\/2026-01-29\/abalos-tras-dimitir-a-su-acta-no-me-ha-quedado-otra-mas-que-retirarme-y-optar-por-la-jubilacion.html\" target=\"_blank\" rel=\"noopener noreferrer\" data-share-track-dtm=\"facebook\" id=\"btn_share_facebook_428\"><span class=\"_sr\">Compartir en Facebook<\/span><\/a><\/div>\n<div class=\"w_rs_i\"><a class=\"_btn \" href=\"https:\/\/twitter.com\/intent\/tweet?url=https%3A%2F%2Felpais.com%2Fespana%2F2026-01-29%2Fabalos-tras-dimitir-a-su-acta-no-me-ha-quedado-otra-mas-que-retirarme-y-optar-por-la-jubilacion.html%3Fssm=TW_CC&amp;text=%C3%81balos%2C%20tras%20renunciar%20a%20su%20acta%3A%20%E2%80%9CNo%20me%20ha%20quedado%20otra%20m%C3%A1s%20que%20retirarme%20y%20optar%20por%20la%20jubilaci%C3%B3n%E2%80%9D&amp;via=el_pais&amp;lang=es\" data-param-description=\"\u00c1balos, tras renunciar a su acta: \u201cNo me ha quedado otra m\u00e1s que retirarme y optar por la jubilaci\u00f3n\u201d\" data-param-href=\"https:\/\/elpais.com\/espana\/2026-01-29\/abalos-tras-dimitir-a-su-acta-no-me-ha-quedado-otra-mas-que-retirarme-y-optar-por-la-jubilacion.html\" data-param-text=\"\u00c1balos, tras renunciar a su acta: \u201cNo me ha quedado otra m\u00e1s que retirarme y optar por la jubilaci\u00f3n\u201d via @el_pais\" data-param-url=\"https:\/\/elpais.com\/espana\/2026-01-29\/abalos-tras-dimitir-a-su-acta-no-me-ha-quedado-otra-mas-que-retirarme-y-optar-por-la-jubilacion.html\" target=\"_blank\" rel=\"noopener noreferrer\" data-share-track-dtm=\"twitter\" id=\"btn_share_twitter_428\"><span class=\"_sr\">Compartir en Twitter<\/span><\/a><\/div>\n<div class=\"w_rs_i\"><a class=\"_btn \" href=\"https:\/\/bsky.app\/intent\/compose?text=https%3A%2F%2Felpais.com%2Fespana%2F2026-01-29%2Fabalos-tras-dimitir-a-su-acta-no-me-ha-quedado-otra-mas-que-retirarme-y-optar-por-la-jubilacion.html%3Fssm=bsky_CC\" data-param-description=\"\u00c1balos, tras renunciar a su acta: \u201cNo me ha quedado otra m\u00e1s que retirarme y optar por la jubilaci\u00f3n\u201d\" data-param-href=\"https:\/\/elpais.com\/espana\/2026-01-29\/abalos-tras-dimitir-a-su-acta-no-me-ha-quedado-otra-mas-que-retirarme-y-optar-por-la-jubilacion.html\" data-param-text=\"\u00c1balos, tras renunciar a su acta: \u201cNo me ha quedado otra m\u00e1s que retirarme y optar por la jubilaci\u00f3n\u201d\" data-param-url=\"https:\/\/elpais.com\/espana\/2026-01-29\/abalos-tras-dimitir-a-su-acta-no-me-ha-quedado-otra-mas-que-retirarme-y-optar-por-la-jubilacion.html\" target=\"_blank\" rel=\"noopener noreferrer\" data-share-track-dtm=\"bluesky\" id=\"btn_share_bluesky_428\"><span class=\"_sr\">Compartir en Bluesky<\/span><\/a><\/div>\n<div class=\"w_rs_i\"><a class=\"_btn \" href=\"https:\/\/www.linkedin.com\/sharing\/share-offsite\/?url=https%3A%2F%2Felpais.com%2Fespana%2F2026-01-29%2Fabalos-tras-dimitir-a-su-acta-no-me-ha-quedado-otra-mas-que-retirarme-y-optar-por-la-jubilacion.html%3Fssm=LK_CC\" data-param-description=\"\u00c1balos, tras renunciar a su acta: \u201cNo me ha quedado otra m\u00e1s que retirarme y optar por la jubilaci\u00f3n\u201d\" data-param-href=\"https:\/\/elpais.com\/espana\/2026-01-29\/abalos-tras-dimitir-a-su-acta-no-me-ha-quedado-otra-mas-que-retirarme-y-optar-por-la-jubilacion.html\" data-param-text=\"\u00c1balos, tras renunciar a su acta: \u201cNo me ha quedado otra m\u00e1s que retirarme y optar por la jubilaci\u00f3n\u201d\" data-param-url=\"https:\/\/elpais.com\/espana\/2026-01-29\/abalos-tras-dimitir-a-su-acta-no-me-ha-quedado-otra-mas-que-retirarme-y-optar-por-la-jubilacion.html\" target=\"_blank\" rel=\"noopener noreferrer\" data-share-track-dtm=\"linkedin\" id=\"btn_share_linkedin_428\"><span class=\"_sr\">Compartir en Linkedin<\/span><\/a><\/div>\n<div class=\"w_rs_i\"><a class=\"_btn rs_l\" href=\"https:\/\/elpais.com\/espana\/2026-01-29\/abalos-tras-dimitir-a-su-acta-no-me-ha-quedado-otra-mas-que-retirarme-y-optar-por-la-jubilacion.html#?prm=copy_link\" data-share-track-dtm=\"copiar_url\" id=\"btn_share_link_39\"><span class=\"_sr\">Copiar enlace<\/span><\/a><\/div>\n<div class=\"w_rs_i\"><a class=\"_btn rs_c\" href=\"https:\/\/elpais.com\/espana\/2026-01-29\/abalos-tras-dimitir-a-su-acta-no-me-ha-quedado-otra-mas-que-retirarme-y-optar-por-la-jubilacion.html#comments_container\" aria-expanded=\"false\" aria-controls=\"me-c\" data-share-track-dtm=\"eskup\" id=\"btn_share_comments_39\"><span class=\"_sr\">Ir a los comentarios<\/span><\/a><\/div>\n<\/div>\n<\/div>\n<\/div>\n<div class=\"a_c clearfix\" data-dtm-region=\"articulo_cuerpo\">\n<p class>El exministro de Transportes Jos\u00e9 Luis \u00c1balos se ha pronunciado este jueves a trav\u00e9s de su cuenta de X (a cargo de su hijo desde que ingres\u00f3 en prisi\u00f3n provisional) para explicar la decisi\u00f3n que tom\u00f3 este mi\u00e9rcoles de <a href=\"https:\/\/elpais.com\/espana\/2026-01-28\/jose-luis-abalos-renuncia-a-su-acta-de-diputado.html\" target=\"_self\" rel title=\"https:\/\/elpais.com\/espana\/2026-01-28\/jose-luis-abalos-renuncia-a-su-acta-de-diputado.html\">renunciar a su acta de diputado en el Congreso<\/a>. Ha se\u00f1alado que tras ser \u201cprivado de todo ingreso y protecci\u00f3n social\u201d ha tenido que dejar el esca\u00f1o para mantener sus compromisos familiares y \u201cafrontar\u201d su defensa ante el Tribunal Supremo. \u201cNo me ha quedado otra m\u00e1s que retirarme y optar por la jubilaci\u00f3n\u201d, ha indicado.<\/p>\n<p class>\u00c1balos ha planteado dos cuestiones ante \u201cgrandes interpretadores y ante tanta expectaci\u00f3n levantada\u201d por su renuncia al acta de diputado. \u201cHe agotado todas las posibilidades al alcance de mi mano, pero una vez desprovisto de todos mis derechos y deberes, y despojado de toda funci\u00f3n, d\u00edganme ustedes y d\u00edgame la C\u00e1mara cu\u00e1l es la figura y en qu\u00e9 consiste ser diputado\u201d, ha apuntado en su primer interrogante. <\/p>\n<p class>Seguidamente, escribe: \u201cPrivado de todo ingreso y protecci\u00f3n social, d\u00edganme tambi\u00e9n de qu\u00e9 vivo para mantener los compromisos con mi familia y afrontar mi defensa\u201d. Y a\u00f1ade: \u201cNo me ha quedado otra m\u00e1s que retirarme y optar por la jubilaci\u00f3n. \u00a1Objetivo conseguido!\u201d.<\/p>\n<p class>La Mesa del Congreso se reuni\u00f3 este mi\u00e9rcoles tras recibir la petici\u00f3n de \u00c1balos de renunciar a su esca\u00f1o y<a href=\"https:\/\/elpais.com\/espana\/2026-01-28\/jose-luis-abalos-renuncia-a-su-acta-de-diputado.html\" target=\"_blank\" rel=\"noreferrer\" title=\"https:\/\/elpais.com\/espana\/2026-01-28\/jose-luis-abalos-renuncia-a-su-acta-de-diputado.html\"> decidi\u00f3 que su salida se hiciese efectiva. <\/a>Los letrados de las Cortes estudian ahora si con esta renuncia el exdiputado recupera el derecho a la indemnizaci\u00f3n que el Congreso contempla para los parlamentarios cuando dejan de serlo \u2014en aras de facilitarles su reingreso en la vida laboral\u2014. Dicha compensaci\u00f3n no est\u00e1 prevista como una pensi\u00f3n y supone un m\u00e1ximo de 18 pagas para quienes hayan estado m\u00e1s de cuatro legislaturas en el Congreso. \u00c1balos ha sido diputado durante siete. <\/p>\n<div id=\"sum_twitter\" data-oembed-type=\"twitter\" class=\"a_em _df\">\n<blockquote class=\"twitter-tweet\" data-width=\"500\" data-dnt=\"true\">\n<p lang=\"es\" dir=\"ltr\"><a href=\"https:\/\/twitter.com\/hashtag\/EnElNombreDe%C3%81balos?src=hash&amp;ref_src=twsrc%5Etfw\">#EnElNombreDe\u00c1balos<\/a> | Frente a los grandes interpretadores y ante tanta expectaci\u00f3n levantada por mi renuncia al acta de diputado, dejo dos preguntas:  <\/p>\n<p>1\u00aa) He agotado todas las posibilidades al alcance de mi mano, pero una vez desprovisto de todos mis derechos y deberes, y\u2026 <a href=\"https:\/\/t.co\/TiQjp0HmVg\">https:\/\/t.co\/TiQjp0HmVg<\/a><\/p>\n<p>&mdash; EN EL NOMBRE DE \u00c1BALOS (@abalosmeco) <a href=\"https:\/\/twitter.com\/abalosmeco\/status\/2016840776257253753?ref_src=twsrc%5Etfw\">January 29, 2026<\/a><\/p><\/blockquote>\n<p><script async src=\"https:\/\/platform.twitter.com\/widgets.js\" charset=\"utf-8\"><\/script><\/p>\n<\/div>\n<p class>\u00c1balos <a href=\"https:\/\/elpais.com\/espana\/2025-11-27\/el-juez-envia-a-abalos-y-a-koldo-garcia-prision-preventiva.html\" target=\"_self\" rel title=\"https:\/\/elpais.com\/espana\/2025-11-27\/el-juez-envia-a-abalos-y-a-koldo-garcia-prision-preventiva.html\">permanece en prisi\u00f3n provisional desde el 27 de noviembre<\/a>, cuando el magistrado del Tribunal Supremo Leopoldo Puente atendi\u00f3 a la petici\u00f3n de la Fiscal\u00eda Anticorrupci\u00f3n y de las acusaciones populares dirigidas por el PP. El instructor del denominado<i> caso Koldo<\/i> consider\u00f3 que hab\u00eda riesgo de fuga de cara al juicio por presuntas irregularidades en los contratos de mascarillas que suscribi\u00f3 el Ministerio de Transportes durante la pandemia. La vista oral est\u00e1 prevista que se empiece a celebrar en abril. <\/p>\n<p class>La decisi\u00f3n del exministro de renunciar a su acta de diputado <a href=\"https:\/\/elpais.com\/espana\/2026-01-28\/la-renuncia-al-acta-no-librara-a-abalos-del-juicio-en-el-supremo-pero-la-causa-sobre-amanos-de-obras-ira-a-la-audiencia-nacional.html\" target=\"_self\" rel title=\"https:\/\/elpais.com\/espana\/2026-01-28\/la-renuncia-al-acta-no-librara-a-abalos-del-juicio-en-el-supremo-pero-la-causa-sobre-amanos-de-obras-ira-a-la-audiencia-nacional.html\">tendr\u00e1 consecuencias directas en el <i>caso Koldo<\/i><\/a>, que se investiga entre la Audiencia Nacional y el Supremo. Es en el alto tribunal donde se concentra toda la investigaci\u00f3n relativa a \u00c1balos. El magistrado Puente mantiene viva una pieza principal sobre los presuntos ama\u00f1os de contratos p\u00fablicos para comprar mascarillas en plena pandemia; y otra pieza separada sobre adjudicaciones irregulares de obra p\u00fablica en la que tambi\u00e9n figura como investigado el ex secretario de Organizaci\u00f3n del PSOE Santos Cerd\u00e1n. Fuentes jur\u00eddicas consultadas por EL PA\u00cdS indican que el Supremo retendr\u00e1 la competencia sobre la primera, por lo que seguir\u00e1 adelante con el juicio, mientras que lo m\u00e1s probable es que la segunda pieza quede en manos de la Audiencia Nacional. La defensa de \u00c1balos ya ha comunicado al alto tribunal su renuncia al esca\u00f1o para que \u201cse acuerde lo que en derecho proceda\u201d, conforme refleja un escrito que present\u00f3 el mismo lunes.<\/p>\n<p class>Esto sucede porque \u00c1balos al dejar el esca\u00f1o del Congreso pierde el aforamiento ante el Supremo. No hay ninguna norma que fije expresamente cu\u00e1ndo queda atada la competencia del alto tribunal, pero s\u00ed hay doctrina al respecto: un acuerdo del Pleno de su Sala de lo Penal de diciembre de 2014. El texto determina que una vez que se dicta apertura de juicio oral \u201cqueda definitivamente fijada la competencia del tribunal de enjuiciamiento, aunque con posterioridad a dicha fecha se haya perdido la condici\u00f3n de aforado\u201d.<\/p>\n<\/div>\n<div id=\"me-dis\" class=\"me _pf\">\n<div class=\"me_bg\">\n<div class=\"me-dis _pa _df\">\n<div class=\"me-dis_c\">\n<h2 class=\"me-dis_t\">Tu suscripci\u00f3n se est\u00e1 usando en otro dispositivo<\/h2>\n<p>\u00bfQuieres a\u00f1adir otro usuario a tu suscripci\u00f3n?<\/p>\n<div class=\"me-dis_l\"><a href=\"https:\/\/elpais.com\/suscripciones\/premium\/upgrade\/?utm_source=autopromo&amp;utm_medium=interno&amp;utm_campaign=YYYY_MM_capping_upgrade\" id=\"capping-upgrade\" class=\"btn\">A\u00f1adir usuario<\/a><a href=\"https:\/\/elpais.com\/espana\/2026-01-29\/abalos-tras-dimitir-a-su-acta-no-me-ha-quedado-otra-mas-que-retirarme-y-optar-por-la-jubilacion.html\" id=\"capping-continue\" class=\"btn btn-b\">Continuar leyendo aqu\u00ed<\/a><\/div>\n<p>Si contin\u00faas leyendo en este dispositivo, no se podr\u00e1 leer en el otro.<\/p>\n<p class=\"lk\"><a href=\"https:\/\/elpais.com\/espana\/2026-01-29\/abalos-tras-dimitir-a-su-acta-no-me-ha-quedado-otra-mas-que-retirarme-y-optar-por-la-jubilacion.html\" id=\"capping-show-more-button\">\u00bfPor qu\u00e9 est\u00e1s viendo esto?<\/a><\/p>\n<p><span class=\"arrow\" id=\"capping-arrow\">Flecha<\/span><\/p>\n<div class=\"me-dis_d\">\n<div class=\"me-dis_d_t\">\n<h2 class=\"enc\">Tu suscripci\u00f3n se est\u00e1 usando en otro dispositivo y solo puedes acceder a EL PA\u00cdS desde un dispositivo a la vez.<\/h2>\n<div class=\"tx\">\n<p>Si quieres compartir tu cuenta, cambia tu suscripci\u00f3n a la modalidad Premium, as\u00ed podr\u00e1s a\u00f1adir otro usuario. Cada uno acceder\u00e1 con su propia cuenta de email, lo que os permitir\u00e1 personalizar vuestra experiencia en EL PA\u00cdS.<\/p>\n<p>\u00bfTienes una suscripci\u00f3n de empresa? Accede <a target=\"_blank\" rel=\"noreferrer\" href=\"https:\/\/elpais.com\/suscripciones\/premium\/upgrade\/\">aqu\u00ed<\/a> para contratar m\u00e1s cuentas.<\/p>\n<p>En el caso de no saber qui\u00e9n est\u00e1 usando tu cuenta, te recomendamos cambiar tu contrase\u00f1a <a target=\"_blank\" rel=\"noreferrer\" href=\"https:\/\/elpais.com\/subscriptions\/#\/forgot-password\">aqu\u00ed.<\/a><\/p>\n<p>Si decides continuar compartiendo tu cuenta, este mensaje se mostrar\u00e1 en tu dispositivo y en el de la otra persona que est\u00e1 usando tu cuenta de forma indefinida, afectando a tu experiencia de lectura. Puedes <a target=\"_blank\" rel=\"noreferrer\" href=\"https:\/\/elpais.com\/suscripciones\/condiciones-generales-servicios\/\">consultar aqu\u00ed los t\u00e9rminos y condiciones de la suscripci\u00f3n digital.<\/a><\/p>\n<\/div>\n<\/div>\n<\/div>\n<\/div>\n<\/div>\n<\/div>\n<\/div>\n<aside class=\"w w-fid\">\n<div class=\"w_b\">\n<div class=\"w-fid_t\"><a href=\"https:\/\/plus.elpais.com\/newsletters\/lnp\/1\/2\/#?prm=not_newsletters_espana\">El mejor an\u00e1lisis de la actualidad con Milagros P\u00e9rez Oliva, en EL PA\u00cdS de la ma\u00f1ana.<\/a><\/div>\n<div class=\"w-fid_s\">\n<div class=\"w_rs\">\n<div class=\"w_rs_i\"><a class=\"_btn\" href=\"https:\/\/www.facebook.com\/elpais\" rel=\"nofollow\"><span class=\"_sr\">Espana El Pa\u00eds en Facebook<\/span><\/a><\/div>\n<div class=\"w_rs_i\"><a class=\"_btn\" href=\"https:\/\/www.instagram.com\/el_pais\/\" rel=\"nofollow\"><span class=\"_sr\">Espana El Pa\u00eds en Instagram<\/span><\/a><\/div>\n<div class=\"w_rs_i\"><a class=\"_btn\" href=\"https:\/\/twitter.com\/el_pais\" rel=\"nofollow\"><span class=\"_sr\">Espana El Pa\u00eds en Twitter<\/span><\/a><\/div>\n<\/div>\n<\/div>\n<\/div>\n<\/aside>\n<aside class=\"a_com w w-com _df\"><a class=\"a_com_l\" href=\"https:\/\/elpais.com\/info\/normas-de-participacion\/\">Normas \u203a<\/a><\/aside>\n<div class=\"me _pf\" id=\"me-c\">\n<div class=\"me_bg\">\n<div class=\"me-c _pa\" id=\"comments_container\" data-dtm-region=\"articulo_comentarios\">\n<div class=\"me_f me_f-os me_cc\"><a href=\"https:\/\/plus.elpais.com\/perfil\/actividad\/\">Mis comentarios<\/a><a href=\"https:\/\/elpais.com\/info\/normas-de-participacion\/\">Normas<\/a><\/div>\n<div class=\"me_f me_f-ns\"><span class=\"me_f_txt _db\">Rellena tu <b>nombre y apellido<\/b> para comentar<\/span><a href=\"https:\/\/plus.elpais.com\/autorization.html\/?prod=COM&amp;backURL=https%3A%2F%2Felpais.com%2Fespana%2F2026-01-29%2Fabalos-tras-dimitir-a-su-acta-no-me-ha-quedado-otra-mas-que-retirarme-y-optar-por-la-jubilacion.html\" class=\"btn btn-2\">completar datos<\/a><\/div>\n<div class=\"me_f\" id=\"comments_msg\"><a class=\"btn btn-2\" href=\"https:\/\/elpais.com\/suscripciones\/#\/campaign?prod=SUSDIGCRART&amp;o=COM&amp;prm=suscrip_articulo_comentarios_el-pais&amp;backURL=https%3A%2F%2Felpais.com%2Fespana%2F2026-01-29%2Fabalos-tras-dimitir-a-su-acta-no-me-ha-quedado-otra-mas-que-retirarme-y-optar-por-la-jubilacion.html\" id=\"comments_subscribe_link\" data-link-am=\"https:\/\/elpais.com\/suscripciones\/america\/#\/campaign?prod=SUSDIGCRARTAM&amp;o=COMAM&amp;prm=suscrip_articulo_comentarios_el-pais-america&amp;backURL=https%3A%2F%2Felpais.com%2Fespana%2F2026-01-29%2Fabalos-tras-dimitir-a-su-acta-no-me-ha-quedado-otra-mas-que-retirarme-y-optar-por-la-jubilacion.html\" data-link-mx=\"https:\/\/elpais.com\/suscripciones\/america\/#\/campaign?prod=SUSDIGMX&amp;o=COMMX&amp;prm=suscrip_articulo_comentarios_el-pais-mexico&amp;backURL=https%3A%2F%2Felpais.com%2Fespana%2F2026-01-29%2Fabalos-tras-dimitir-a-su-acta-no-me-ha-quedado-otra-mas-que-retirarme-y-optar-por-la-jubilacion.html\" data-link-co=\"https:\/\/elpais.com\/suscripciones\/america\/#\/campaign?prod=SUSDIGCOL&amp;o=COMCOL&amp;prm=suscrip_articulo_comentarios_el-pais_colombia&amp;backURL=https%3A%2F%2Felpais.com%2Fespana%2F2026-01-29%2Fabalos-tras-dimitir-a-su-acta-no-me-ha-quedado-otra-mas-que-retirarme-y-optar-por-la-jubilacion.html\" data-link-ar=\"https:\/\/elpais.com\/suscripciones\/america\/#\/campaign?prod=SUSDIGCRARTAR&amp;o=COMAR&amp;backURL=https%3A%2F%2Felpais.com%2Fespana%2F2026-01-29%2Fabalos-tras-dimitir-a-su-acta-no-me-ha-quedado-otra-mas-que-retirarme-y-optar-por-la-jubilacion.html\" data-link-cl=\"https:\/\/elpais.com\/suscripciones\/america\/#\/campaign?prod=SUSDIGCHILE&amp;o=COMCHILE&amp;backURL=https%3A%2F%2Felpais.com%2Fespana%2F2026-01-29%2Fabalos-tras-dimitir-a-su-acta-no-me-ha-quedado-otra-mas-que-retirarme-y-optar-por-la-jubilacion.html\" data-link-us=\"https:\/\/elpais.com\/suscripciones\/america\/#\/campaign?prod=SUSDIGCRARTEUCAN&amp;o=COMUS&amp;prm=suscrip_articulo_comentarios_el-pais_eucan&amp;backURL=https%3A%2F%2Felpais.com%2Fespana%2F2026-01-29%2Fabalos-tras-dimitir-a-su-acta-no-me-ha-quedado-otra-mas-que-retirarme-y-optar-por-la-jubilacion.html\">Suscr\u00edbete en El Pa\u00eds para participar<\/a><a class=\"btn btn-3\" href=\"https:\/\/elpais.com\/subscriptions\/#\/sign-in?prod=REG&amp;o=COM&amp;prm=login_articulo_comentarios_el-pais&amp;backURL=https%3A%2F%2Felpais.com%2Fespana%2F2026-01-29%2Fabalos-tras-dimitir-a-su-acta-no-me-ha-quedado-otra-mas-que-retirarme-y-optar-por-la-jubilacion.html\" id=\"comments_login_link\" data-link-am=\"https:\/\/elpais.com\/subscriptions\/#\/sign-in?prod=REG&amp;o=COM&amp;prm=login_articulo_comentarios_el-pais-america&amp;backURL=https%3A%2F%2Felpais.com%2Fespana%2F2026-01-29%2Fabalos-tras-dimitir-a-su-acta-no-me-ha-quedado-otra-mas-que-retirarme-y-optar-por-la-jubilacion.html\" data-link-mx=\"https:\/\/elpais.com\/subscriptions\/#\/sign-in?prod=REG&amp;o=COM&amp;prm=login_articulo_comentarios_el-pais-mexico&amp;backURL=https%3A%2F%2Felpais.com%2Fespana%2F2026-01-29%2Fabalos-tras-dimitir-a-su-acta-no-me-ha-quedado-otra-mas-que-retirarme-y-optar-por-la-jubilacion.html\" data-link-co=\"https:\/\/elpais.com\/subscriptions\/#\/sign-in?prod=REG&amp;o=COM&amp;backURL=https%3A%2F%2Felpais.com%2Fespana%2F2026-01-29%2Fabalos-tras-dimitir-a-su-acta-no-me-ha-quedado-otra-mas-que-retirarme-y-optar-por-la-jubilacion.html\" data-link-ar=\"https:\/\/elpais.com\/subscriptions\/#\/sign-in?prod=REG&amp;o=COM&amp;backURL=https%3A%2F%2Felpais.com%2Fespana%2F2026-01-29%2Fabalos-tras-dimitir-a-su-acta-no-me-ha-quedado-otra-mas-que-retirarme-y-optar-por-la-jubilacion.html\" data-link-cl=\"https:\/\/elpais.com\/subscriptions\/#\/sign-in?prod=REG&amp;o=COM&amp;backURL=https%3A%2F%2Felpais.com%2Fespana%2F2026-01-29%2Fabalos-tras-dimitir-a-su-acta-no-me-ha-quedado-otra-mas-que-retirarme-y-optar-por-la-jubilacion.html\" data-link-us=\"https:\/\/elpais.com\/subscriptions\/#\/sign-in?prod=REG&amp;o=COM&amp;backURL=https%3A%2F%2Felpais.com%2Fespana%2F2026-01-29%2Fabalos-tras-dimitir-a-su-acta-no-me-ha-quedado-otra-mas-que-retirarme-y-optar-por-la-jubilacion.html\">Ya tengo una suscripci\u00f3n<\/a><\/div>\n<p>Please enable JavaScript to view the &lt;a href=&#8221;https:\/\/disqus.com\/?ref_noscript&#8221; rel=&#8221;nofollow&#8221;&gt; comments powered by Disqus.&lt;\/a&gt;<\/p><\/div>\n<\/div>\n<\/div>\n<aside class=\"w w-rel\" data-dtm-region=\"articulo_mas-informacion\">\n<h2 class=\"w_t\">M\u00e1s informaci\u00f3n<\/h2>\n<ul class=\"w_b _ls\">\n<li class=\"_g _g-xs w-rel_n\">\n<div class=\" a_m-h c_m--nf\"><span class=\"_db _pr\"><img decoding=\"async\" class=\"_re lazyload a_m-h\" height=\"311\" width=\"414\" src=\"https:\/\/analyse.optim.biz\/wp-content\/uploads\/2026\/01\/44q4r4sofbdobgfn52tbtgjquy.jpg\" loading=\"lazy\" title=\"44q4r4sofbdobgfn52tbtgjquy\"><\/span><\/div>\n<div class=\"nt\">\n<h3 class=\"nt_t\"><a href=\"https:\/\/elpais.com\/espana\/2026-01-29\/abalos-se-arrepiente-por-no-dejar-antes-el-escano-y-aboca-la-causa-con-cerdan-a-una-investigacion-de-anos.html#?rel=mas\">\u00c1balos se \u201carrepiente\u201d de no dejar antes el esca\u00f1o y dilata la causa en la que se le investiga junto a Cerd\u00e1n <\/a><\/h3>\n<div class=\"nt_a\"><a href=\"https:\/\/elpais.com\/autor\/irene-dorta-hermoso\/\" title=\"Ver todas las noticias de Irene Dorta\">Irene Dorta<\/a> \/ <a href=\"https:\/\/elpais.com\/autor\/rocio-martinez-posada\/\" title=\"Ver todas las noticias de Roc\u00edo Mart\u00ednez Posada\">Roc\u00edo Mart\u00ednez Posada<\/a> | Madrid<\/div>\n<\/div>\n<\/li>\n<li class=\"_g _g-xs w-rel_n\">\n<div class=\" a_m-h c_m--nf\"><span class=\"_db _pr\"><img decoding=\"async\" class=\"_re lazyload a_m-h\" height=\"311\" width=\"414\" src=\"https:\/\/analyse.optim.biz\/wp-content\/uploads\/2026\/01\/4q7bejhklnaatdq3a2xr3b7nqe-2.jpg\" loading=\"lazy\" title=\"4q7bejhklnaatdq3a2xr3b7nqe-2\"><\/span><\/div>\n<div class=\"nt\">\n<h3 class=\"nt_t\"><a href=\"https:\/\/elpais.com\/expres\/2026-01-29\/abalos-renuncia-a-su-acta-en-el-congreso-y-deja-el-escano-a-ana-maria-gonzalez-alcaldesa-de-llauri.html#?rel=mas\">\u00c1balos renuncia a su acta en el Congreso y deja el esca\u00f1o a Ana Mar\u00eda Gonz\u00e1lez, alcaldesa de Llaur\u00ed<\/a><\/h3>\n<div class=\"nt_a\"><a href=\"https:\/\/elpais.com\/autor\/el-pais-expres\/\" title=\"Ver todas las noticias de EL PA\u00cdS Expr\u00e9s\">EL PA\u00cdS Expr\u00e9s<\/a><\/div>\n<\/div>\n<\/li>\n<\/ul>\n<\/aside>\n<section class=\"w w-ae\" data-dtm-region=\"articulo_archivado-en\">\n<h2 class=\"w_t\">Archivado En<\/h2>\n<div class=\"w_b\">\n<ul class=\"w_ul w_ul--mh _df _ls\">\n<li><a href=\"https:\/\/elpais.com\/noticias\/espana\/#?rel=arch\" rel=\"noopener noreferrer\">Espa\u00f1a<\/a><\/li>\n<li><a href=\"https:\/\/elpais.com\/noticias\/jose-luis-abalos\/#?rel=arch\" rel=\"noopener noreferrer\">Jos\u00e9 Luis \u00c1balos<\/a><\/li>\n<li><a href=\"https:\/\/elpais.com\/noticias\/congreso-diputados\/#?rel=arch\" rel=\"noopener noreferrer\">Congreso Diputados<\/a><\/li>\n<li><a href=\"https:\/\/elpais.com\/noticias\/psoe-partido-socialista-obrero-espanol\/#?rel=arch\" rel=\"noopener noreferrer\">PSOE<\/a><\/li>\n<li><a href=\"https:\/\/elpais.com\/noticias\/ts-tribunal-supremo\/#?rel=arch\" rel=\"noopener noreferrer\">Tribunal Supremo<\/a><\/li>\n<li><a href=\"https:\/\/elpais.com\/noticias\/aforamiento\/#?rel=arch\" rel=\"noopener noreferrer\">Aforamiento<\/a><\/li>\n<\/ul>\n<\/div>\n<\/section>\n<aside class=\"a_tp _df\">\n<div class=\"a_tp_txt\"><span class=\"a_tp_t\">Se adhiere a los criterios de<\/span><\/p>\n<figure class=\"a_m a_m-h c_m--nf\"><a class=\"a_tp_i _dib\" href=\"https:\/\/elpais.com\/estaticos\/que-es-the-trust-project\/\" target=\"_blank\" rel=\"noopener noreferrer nofollow\"><img decoding=\"async\" alt=\"The Trust Project\" class=\" lazyload a_m-h\" height=\"20\" width=\"117\" src=\"https:\/\/analyse.optim.biz\/wp-content\/uploads\/2026\/01\/the-trust-project-366.svg\" loading=\"lazy\" title=\"the-trust-project-366\"><\/a><\/figure>\n<p><a class=\"a_tp_mi\" href=\"https:\/\/elpais.com\/estaticos\/codigo-etico\/\" target=\"_blank\" rel=\"noopener noreferrer nofollow\">M\u00e1s informaci\u00f3n<\/a><\/div>\n<div class=\"a_tp_si\">Si est\u00e1 interesado en licenciar este contenido, pinche <a class=\"a_tp_si_l\" href=\"https:\/\/profesional.elpais.com\/soluciones-sindicacion\/?utm_medium=interno&amp;utm_source=crosslinking&amp;utm_campaign=sindicacion_ep_pie_articulos\" target=\"_blank\" rel=\"noopener noreferrer nofollow\">aqu\u00ed<\/a><\/div>\n<\/aside>\n<div class=\"a_o _pr\" data-dtm-region=\"articulo_right-rail\">\n<div id=\"elpais_gpt-MPU1\" data-adtype=\"MPU\" class=\"ad ad-mpu\"><span class=\"_dn\">_<\/span><\/div>\n<section class=\"w w-sc b_col\" data-dtm-region=\"articulo_ultimas-noticias\">\n<header class=\"w_h b_col_h\">\n<h3 class=\"w_t\"><a href=\"https:\/\/elpais.com\/ultimas-noticias\/\" rel=\"story-card-ultimas-noticias\">\u00daltimas noticias<\/a><\/h3>\n<\/header>\n<div class=\"w_b\">\n<article class=\"c  c--m-n   \" data-word=\"0\">\n<header class=\"c_h\"><time datetime=\"2026-01-29T17:25:34+01:00\" class=\"c_da\">17:25<\/time><\/p>\n<h2 class=\"c_t \"><a href=\"https:\/\/elpais.com\/america\/2026-01-29\/joseph-oughourlian-debemos-defender-el-pensamiento-critico-y-la-verdad-cueste-lo-que-cueste.html\">Joseph Oughourlian: \u201cDebemos defender el pensamiento cr\u00edtico y la verdad, cueste lo que cueste\u201d<\/a><\/h2>\n<\/header>\n<\/article>\n<article class=\"c  c--m-n   \" data-word=\"0\">\n<header class=\"c_h\"><time datetime=\"2026-01-29T17:24:19+01:00\" class=\"c_da\">17:24<\/time><\/p>\n<h2 class=\"c_t \"><a href=\"https:\/\/elpais.com\/america\/2026-01-29\/el-segundo-dia-del-foro-economico-internacional-de-america-latina-y-el-caribe-en-imagenes.html\">El segundo d\u00eda del Foro Econ\u00f3mico Internacional de Am\u00e9rica Latina y el Caribe, en im\u00e1genes<\/a><\/h2>\n<\/header>\n<\/article>\n<article class=\"c  c--m-n   \" data-word=\"0\">\n<header class=\"c_h\"><time datetime=\"2026-01-29T17:13:34+01:00\" class=\"c_da\">17:13<\/time><\/p>\n<h2 class=\"c_t \"><a href=\"https:\/\/elpais.com\/mexico\/2026-01-29\/harry-styles-suma-cinco-conciertos-en-mexico-nuevas-fechas-y-precios-de-los-boletos-en-el-estadio-gnp-seguros.html\">Harry Styles suma cinco conciertos en M\u00e9xico: nuevas fechas y precios de los boletos en el Estadio GNP Seguros<\/a><\/h2>\n<\/header>\n<\/article>\n<article class=\"c  c--m-n   \" data-word=\"0\">\n<header class=\"c_h\"><time datetime=\"2026-01-29T17:13:20+01:00\" class=\"c_da\">17:13<\/time><\/p>\n<h2 class=\"c_t \"><a href=\"https:\/\/elpais.com\/espana\/2026-01-29\/erc-y-junts-cargan-contra-el-gobierno-por-rodalies-pese-al-nuevo-plan-de-8000-millones-en-mejoras.html\">ERC y Junts cargan contra el Gobierno por Rodalies pese al nuevo plan de 8.000 millones en mejoras<\/a><\/h2>\n<\/header>\n<\/article>\n<\/div>\n<\/section>\n<aside class=\"w w-lmv\" data-dtm-region=\"articulo_lom\">\n<h2 class=\"w_t\"><a href=\"https:\/\/elpais.com\/lo-mas-visto\/\">Lo m\u00e1s visto<\/a><\/h2>\n<div class=\"w_b\">\n<ol class=\"_ls\">\n<li><a href=\"https:\/\/elpais.com\/economia\/2026-01-27\/trump-bendice-la-caida-del-dolar-va-muy-bien-miren-los-negocios-que-estamos-haciendo.html#?rel=lom\">Trump asegura que no le preocupa la ca\u00edda del d\u00f3lar: \u201cVa muy bien, miren los negocios que estamos haciendo\u201d<\/a><\/li>\n<li><a href=\"https:\/\/elpais.com\/internacional\/2026-01-28\/el-primer-ministro-groenlandes-la-casa-blanca-no-tiene-ni-idea-de-lo-que-es-groenlandia.html#?rel=lom\">El primer ministro groenland\u00e9s: \u201cLa Casa Blanca no tiene ni idea de lo que es Groenlandia\u201d<\/a><\/li>\n<li><a href=\"https:\/\/elpais.com\/espana\/catalunya\/2026-01-28\/el-traspaso-de-la-inmigracion-a-cataluna-se-abre-paso-junts-acepta-cambiar-el-preambulo-de-la-ley-que-rechazaba-podemos.html#?rel=lom\">El traspaso de la inmigraci\u00f3n a Catalu\u00f1a se abre paso: Junts acepta cambiar el pre\u00e1mbulo de la ley que rechazaba Podemos<\/a><\/li>\n<li><a href=\"https:\/\/elpais.com\/espana\/2026-01-27\/la-guardia-civil-investiga-a-un-hombre-por-robar-571-pinos-pinoneros-en-valladolid-y-utilizarlos-para-hacer-biomasa.html#?rel=lom\">La Guardia Civil investiga a un hombre por robar 571 pinos pi\u00f1oneros en Valladolid y utilizarlos para hacer biomasa<\/a><\/li>\n<li><a href=\"https:\/\/elpais.com\/internacional\/2026-01-28\/siete-jefes-de-estado-dejan-atras-las-diferencias-ideologicas-y-piden-una-integracion-latinoamericana.html#?rel=lom\">Siete jefes de Estado dejan atr\u00e1s las diferencias ideol\u00f3gicas y piden una integraci\u00f3n latinoamericana<\/a><\/li>\n<\/ol>\n<\/div>\n<\/aside>\n<\/div>\n<\/article>\n<article class=\"c  c--m-n   \" data-word=\"0\">\n<header class=\"c_h\"><time datetime=\"2026-01-29T17:25:34+01:00\" class=\"c_da\">17:25<\/time><\/p>\n<h2 class=\"c_t \"><a href=\"https:\/\/elpais.com\/america\/2026-01-29\/joseph-oughourlian-debemos-defender-el-pensamiento-critico-y-la-verdad-cueste-lo-que-cueste.html\">Joseph Oughourlian: \u201cDebemos defender el pensamiento cr\u00edtico y la verdad, cueste lo que cueste\u201d<\/a><\/h2>\n<\/header>\n<\/article>\n<article class=\"c  c--m-n   \" data-word=\"0\">\n<header class=\"c_h\"><time datetime=\"2026-01-29T17:24:19+01:00\" class=\"c_da\">17:24<\/time><\/p>\n<h2 class=\"c_t \"><a href=\"https:\/\/elpais.com\/america\/2026-01-29\/el-segundo-dia-del-foro-economico-internacional-de-america-latina-y-el-caribe-en-imagenes.html\">El segundo d\u00eda del Foro Econ\u00f3mico Internacional de Am\u00e9rica Latina y el Caribe, en im\u00e1genes<\/a><\/h2>\n<\/header>\n<\/article>\n<article class=\"c  c--m-n   \" data-word=\"0\">\n<header class=\"c_h\"><time datetime=\"2026-01-29T17:13:34+01:00\" class=\"c_da\">17:13<\/time><\/p>\n<h2 class=\"c_t \"><a href=\"https:\/\/elpais.com\/mexico\/2026-01-29\/harry-styles-suma-cinco-conciertos-en-mexico-nuevas-fechas-y-precios-de-los-boletos-en-el-estadio-gnp-seguros.html\">Harry Styles suma cinco conciertos en M\u00e9xico: nuevas fechas y precios de los boletos en el Estadio GNP Seguros<\/a><\/h2>\n<\/header>\n<\/article>\n<article class=\"c  c--m-n   \" data-word=\"0\">\n<header class=\"c_h\"><time datetime=\"2026-01-29T17:13:20+01:00\" class=\"c_da\">17:13<\/time><\/p>\n<h2 class=\"c_t \"><a href=\"https:\/\/elpais.com\/espana\/2026-01-29\/erc-y-junts-cargan-contra-el-gobierno-por-rodalies-pese-al-nuevo-plan-de-8000-millones-en-mejoras.html\">ERC y Junts cargan contra el Gobierno por Rodalies pese al nuevo plan de 8.000 millones en mejoras<\/a><\/h2>\n<\/header>\n<\/article>\n<p> Source URL: https:\/\/elpais.com\/espana\/2026-01-29\/abalos-tras-dimitir-a-su-acta-no-me-ha-quedado-otra-mas-que-retirarme-y-optar-por-la-jubilacion.html<\/p>\n","protected":false},"excerpt":{"rendered":"<p>CASO KOLDO \u00c1balos, tras renunciar a su acta: \u201cNo me ha quedado otra m\u00e1s que retirarme y optar por la jubilaci\u00f3n\u201d El exministro ha comunicado al Supremo su renuncia al esca\u00f1o para que \u201cse acuerde lo que en derecho proceda\u201d El exministro Jos\u00e9 Luis \u00c1balos, en una de sus comparecencias ante el Tribunal Supremo. Claudio [&hellip;]<\/p>\n","protected":false},"author":1,"featured_media":1543238,"comment_status":"open","ping_status":"","sticky":false,"template":"","format":"standard","meta":{"footnotes":""},"categories":[88],"tags":[92],"class_list":["post-1543237","post","type-post","status-publish","format-standard","has-post-thumbnail","hentry","category-spain","tag-elpais-com"],"_links":{"self":[{"href":"https:\/\/analyse.optim.biz\/index.php?rest_route=\/wp\/v2\/posts\/1543237","targetHints":{"allow":["GET"]}}],"collection":[{"href":"https:\/\/analyse.optim.biz\/index.php?rest_route=\/wp\/v2\/posts"}],"about":[{"href":"https:\/\/analyse.optim.biz\/index.php?rest_route=\/wp\/v2\/types\/post"}],"author":[{"embeddable":true,"href":"https:\/\/analyse.optim.biz\/index.php?rest_route=\/wp\/v2\/users\/1"}],"replies":[{"embeddable":true,"href":"https:\/\/analyse.optim.biz\/index.php?rest_route=%2Fwp%2Fv2%2Fcomments&post=1543237"}],"version-history":[{"count":0,"href":"https:\/\/analyse.optim.biz\/index.php?rest_route=\/wp\/v2\/posts\/1543237\/revisions"}],"wp:featuredmedia":[{"embeddable":true,"href":"https:\/\/analyse.optim.biz\/index.php?rest_route=\/wp\/v2\/media\/1543238"}],"wp:attachment":[{"href":"https:\/\/analyse.optim.biz\/index.php?rest_route=%2Fwp%2Fv2%2Fmedia&parent=1543237"}],"wp:term":[{"taxonomy":"category","embeddable":true,"href":"https:\/\/analyse.optim.biz\/index.php?rest_route=%2Fwp%2Fv2%2Fcategories&post=1543237"},{"taxonomy":"post_tag","embeddable":true,"href":"https:\/\/analyse.optim.biz\/index.php?rest_route=%2Fwp%2Fv2%2Ftags&post=1543237"}],"curies":[{"name":"wp","href":"https:\/\/api.w.org\/{rel}","templated":true}]}}