{"id":1543205,"date":"2026-01-29T04:30:00","date_gmt":"2026-01-29T01:30:00","guid":{"rendered":"https:\/\/analyse.optim.biz\/?p=1543205"},"modified":"2026-01-29T04:30:00","modified_gmt":"2026-01-29T01:30:00","slug":"los-correos-internos-que-prueban-que-el-gobierno-de-ayuso-sabia-que-las-residencias-no-se-medicalizaron-en-la-pandemia","status":"publish","type":"post","link":"https:\/\/analyse.optim.biz\/?p=1543205","title":{"rendered":"Los correos internos que prueban que el Gobierno de Ayuso sab\u00eda que las residencias no se medicalizaron en la pandemia"},"content":{"rendered":"<article id=\"main-content\" class=\"a _g _g-lg _g-o\">\n<header class=\"a_e _g _g-xs\">\n<div class=\"a_e_txt _df\">\n<div class=\"a_k _df\"><a class=\"a_k_n\" href=\"https:\/\/elpais.com\/noticias\/residencias-ancianos\/\">&#8216;Caso residencias&#8217;<\/a><\/div>\n<h1 class=\"a_t\">Los correos internos que prueban que el Gobierno de Ayuso sab\u00eda que las residencias no se medicalizaron en la pandemia<\/h1>\n<p class=\"a_st\">El firmante de los protocolos alert\u00f3 al inicio de la crisis de que hab\u00eda que \u201csacar\u201d de estos centros a m\u00e1s casos de los previstos: \u201cNo deseo que ninguna autoridad tenga en su conciencia un n\u00famero importante de fallecimientos evitables\u201d<\/p>\n<\/div>\n<div class=\"a_e_m\">\n<figure class=\"a_m a_m-h \"><span class=\"a_m_w _db\"><img fetchpriority=\"high\" decoding=\"async\" class=\"_re  a_m-h\" height=\"214\" width=\"414\" src=\"https:\/\/analyse.optim.biz\/wp-content\/uploads\/2026\/01\/bkcarwnf6ffvlcid73iaabuuhy-1.jpg\" loading=\"eager\" title=\"bkcarwnf6ffvlcid73iaabuuhy-1\"><\/span><figcaption class=\"a_m_p\" aria-hidden=\"true\"><span>Capturas de pantalla de correos electr\u00f3nicos que envi\u00f3 un alto cargo de Ayuso durante la pandemia, Carlos Mur.<\/span><\/figcaption><\/figure>\n<\/div>\n<\/header>\n<div class=\"a_md _g _g-xs \">\n<figure class=\"a_md_i a_m-h c_m--nf\"><span class=\"a_m_w _db\"><img decoding=\"async\" alt=\"Fernando Peinado\" class=\"_re lazyload a_m-h\" height=\"100\" width=\"100\" src=\"https:\/\/analyse.optim.biz\/wp-content\/uploads\/2026\/01\/https3a2f2fauthor-service-images-prod-us-east-1-publishing-aws_-arc_-pub2fprisa2fc39c667f-66d4-4f0a-8d5d-a70618ab816f.jpg\" loading=\"lazy\" title=\"https3a2f2fauthor-service-images-prod-us-east-1-publishing-aws_-arc_-pub2fprisa2fc39c667f-66d4-4f0a-8d5d-a70618ab816f\"><\/span><\/figure>\n<div class=\"a_md_txt\">\n<div class=\"a_md_a\" data-dtm-region=\"articulo_firma\"><a href=\"https:\/\/elpais.com\/autor\/fernando-peinado\/#?rel=author_top\" title=\"Ver todas las noticias de Fernando Peinado\" class=\"a_md_a_n\">Fernando Peinado<\/a><\/div>\n<div class=\"a_md_f\"><span>Madrid &#8211; <a href=\"https:\/\/elpais.com\/hemeroteca\/2026-01-29\/\" data-date=\"2026-01-29T05:30:00+01:00\"><time data-date=\"2026-01-29T05:30:00+01:00\" datetime=\"2026-01-29T05:30:00+01:00\" id=\"article_date_p\">29 ene 2026 &#8211; 05:30<abbr title=\"Central European Time\">CET<\/abbr><\/time><\/a><\/span><\/div>\n<div class=\"w_rs\" data-dtm-region=\"articulo_botonera-social\">\n<div class=\"w_rs_i\"><a class=\"_btn hidden\" href=\"\/\/send?text=Los%20correos%20internos%20que%20prueban%20que%20el%20Gobierno%20de%20Ayuso%20sab%C3%ADa%20que%20las%20residencias%20no%20se%20medicalizaron%20en%20la%20pandemia%0D%0A%0D%0Ahttps%3A%2F%2Felpais.com%2Fespana%2Fmadrid%2F2026-01-29%2Flos-correos-internos-que-prueban-que-el-gobierno-de-ayuso-sabia-que-las-residencias-no-se-medicalizaron-en-la-pandemia.html%3Fssm=whatsapp_CC\" data-action=\"share\/whatsapp\/share\" data-param-description=\"Los correos internos que prueban que el Gobierno de Ayuso sab\u00eda que las residencias no se medicalizaron en la pandemia\" data-param-href=\"https:\/\/elpais.com\/espana\/madrid\/2026-01-29\/los-correos-internos-que-prueban-que-el-gobierno-de-ayuso-sabia-que-las-residencias-no-se-medicalizaron-en-la-pandemia.html\" data-param-text=\"Los correos internos que prueban que el Gobierno de Ayuso sab\u00eda que las residencias no se medicalizaron en la pandemia https:\/\/elpais.com\/espana\/madrid\/2026-01-29\/los-correos-internos-que-prueban-que-el-gobierno-de-ayuso-sabia-que-las-residencias-no-se-medicalizaron-en-la-pandemia.html\" data-param-url=\"https:\/\/elpais.com\/espana\/madrid\/2026-01-29\/los-correos-internos-que-prueban-que-el-gobierno-de-ayuso-sabia-que-las-residencias-no-se-medicalizaron-en-la-pandemia.html\" target=\"_blank\" rel=\"noopener noreferrer\" data-share-track-dtm=\"whatsapp\" id=\"btn_share_whatsapp_892\"><span class=\"_sr\">Compartir en Whatsapp<\/span><\/a><\/div>\n<div class=\"w_rs_i\"><a class=\"_btn \" href=\"https:\/\/www.facebook.com\/dialog\/share?display=popup&amp;app_id=94039431626&amp;href=https%3A%2F%2Felpais.com%2Fespana%2Fmadrid%2F2026-01-29%2Flos-correos-internos-que-prueban-que-el-gobierno-de-ayuso-sabia-que-las-residencias-no-se-medicalizaron-en-la-pandemia.html%3Fssm=FB_CC&amp;quote=Los%20correos%20internos%20que%20prueban%20que%20el%20Gobierno%20de%20Ayuso%20sab%C3%ADa%20que%20las%20residencias%20no%20se%20medicalizaron%20en%20la%20pandemia\" data-param-app_id=\"94039431626\" data-param-description=\"Los correos internos que prueban que el Gobierno de Ayuso sab\u00eda que las residencias no se medicalizaron en la pandemia\" data-param-href=\"https:\/\/elpais.com\/espana\/madrid\/2026-01-29\/los-correos-internos-que-prueban-que-el-gobierno-de-ayuso-sabia-que-las-residencias-no-se-medicalizaron-en-la-pandemia.html\" data-param-text=\"Los correos internos que prueban que el Gobierno de Ayuso sab\u00eda que las residencias no se medicalizaron en la pandemia\" data-param-url=\"https:\/\/elpais.com\/espana\/madrid\/2026-01-29\/los-correos-internos-que-prueban-que-el-gobierno-de-ayuso-sabia-que-las-residencias-no-se-medicalizaron-en-la-pandemia.html\" target=\"_blank\" rel=\"noopener noreferrer\" data-share-track-dtm=\"facebook\" id=\"btn_share_facebook_892\"><span class=\"_sr\">Compartir en Facebook<\/span><\/a><\/div>\n<div class=\"w_rs_i\"><a class=\"_btn \" href=\"https:\/\/twitter.com\/intent\/tweet?url=https%3A%2F%2Felpais.com%2Fespana%2Fmadrid%2F2026-01-29%2Flos-correos-internos-que-prueban-que-el-gobierno-de-ayuso-sabia-que-las-residencias-no-se-medicalizaron-en-la-pandemia.html%3Fssm=TW_CC&amp;text=Los%20correos%20internos%20que%20prueban%20que%20el%20Gobierno%20de%20Ayuso%20sab%C3%ADa%20que%20las%20residencias%20no%20se%20medicalizaron%20en%20la%20pandemia&amp;via=el_pais&amp;lang=es\" data-param-description=\"Los correos internos que prueban que el Gobierno de Ayuso sab\u00eda que las residencias no se medicalizaron en la pandemia\" data-param-href=\"https:\/\/elpais.com\/espana\/madrid\/2026-01-29\/los-correos-internos-que-prueban-que-el-gobierno-de-ayuso-sabia-que-las-residencias-no-se-medicalizaron-en-la-pandemia.html\" data-param-text=\"Los correos internos que prueban que el Gobierno de Ayuso sab\u00eda que las residencias no se medicalizaron en la pandemia via @el_pais\" data-param-url=\"https:\/\/elpais.com\/espana\/madrid\/2026-01-29\/los-correos-internos-que-prueban-que-el-gobierno-de-ayuso-sabia-que-las-residencias-no-se-medicalizaron-en-la-pandemia.html\" target=\"_blank\" rel=\"noopener noreferrer\" data-share-track-dtm=\"twitter\" id=\"btn_share_twitter_892\"><span class=\"_sr\">Compartir en Twitter<\/span><\/a><\/div>\n<div class=\"w_rs_i\"><a class=\"_btn \" href=\"https:\/\/bsky.app\/intent\/compose?text=https%3A%2F%2Felpais.com%2Fespana%2Fmadrid%2F2026-01-29%2Flos-correos-internos-que-prueban-que-el-gobierno-de-ayuso-sabia-que-las-residencias-no-se-medicalizaron-en-la-pandemia.html%3Fssm=bsky_CC\" data-param-description=\"Los correos internos que prueban que el Gobierno de Ayuso sab\u00eda que las residencias no se medicalizaron en la pandemia\" data-param-href=\"https:\/\/elpais.com\/espana\/madrid\/2026-01-29\/los-correos-internos-que-prueban-que-el-gobierno-de-ayuso-sabia-que-las-residencias-no-se-medicalizaron-en-la-pandemia.html\" data-param-text=\"Los correos internos que prueban que el Gobierno de Ayuso sab\u00eda que las residencias no se medicalizaron en la pandemia\" data-param-url=\"https:\/\/elpais.com\/espana\/madrid\/2026-01-29\/los-correos-internos-que-prueban-que-el-gobierno-de-ayuso-sabia-que-las-residencias-no-se-medicalizaron-en-la-pandemia.html\" target=\"_blank\" rel=\"noopener noreferrer\" data-share-track-dtm=\"bluesky\" id=\"btn_share_bluesky_892\"><span class=\"_sr\">Compartir en Bluesky<\/span><\/a><\/div>\n<div class=\"w_rs_i\"><a class=\"_btn \" href=\"https:\/\/www.linkedin.com\/sharing\/share-offsite\/?url=https%3A%2F%2Felpais.com%2Fespana%2Fmadrid%2F2026-01-29%2Flos-correos-internos-que-prueban-que-el-gobierno-de-ayuso-sabia-que-las-residencias-no-se-medicalizaron-en-la-pandemia.html%3Fssm=LK_CC\" data-param-description=\"Los correos internos que prueban que el Gobierno de Ayuso sab\u00eda que las residencias no se medicalizaron en la pandemia\" data-param-href=\"https:\/\/elpais.com\/espana\/madrid\/2026-01-29\/los-correos-internos-que-prueban-que-el-gobierno-de-ayuso-sabia-que-las-residencias-no-se-medicalizaron-en-la-pandemia.html\" data-param-text=\"Los correos internos que prueban que el Gobierno de Ayuso sab\u00eda que las residencias no se medicalizaron en la pandemia\" data-param-url=\"https:\/\/elpais.com\/espana\/madrid\/2026-01-29\/los-correos-internos-que-prueban-que-el-gobierno-de-ayuso-sabia-que-las-residencias-no-se-medicalizaron-en-la-pandemia.html\" target=\"_blank\" rel=\"noopener noreferrer\" data-share-track-dtm=\"linkedin\" id=\"btn_share_linkedin_892\"><span class=\"_sr\">Compartir en Linkedin<\/span><\/a><\/div>\n<div class=\"w_rs_i\"><a class=\"_btn rs_l\" href=\"https:\/\/elpais.com\/espana\/madrid\/2026-01-29\/los-correos-internos-que-prueban-que-el-gobierno-de-ayuso-sabia-que-las-residencias-no-se-medicalizaron-en-la-pandemia.html#?prm=copy_link\" data-share-track-dtm=\"copiar_url\" id=\"btn_share_link_92\"><span class=\"_sr\">Copiar enlace<\/span><\/a><\/div>\n<div class=\"w_rs_i\"><a class=\"_btn rs_c\" href=\"https:\/\/elpais.com\/espana\/madrid\/2026-01-29\/los-correos-internos-que-prueban-que-el-gobierno-de-ayuso-sabia-que-las-residencias-no-se-medicalizaron-en-la-pandemia.html#comments_container\" aria-expanded=\"false\" aria-controls=\"me-c\" data-share-track-dtm=\"eskup\" id=\"btn_share_comments_92\"><span class=\"_sr\">Ir a los comentarios<\/span><\/a><\/div>\n<\/div>\n<\/div>\n<\/div>\n<div class=\"a_c clearfix\" data-dtm-region=\"articulo_cuerpo\">\n<p class>El Gobierno madrile\u00f1o de Isabel D\u00edaz Ayuso sab\u00eda desde los primeros d\u00edas de la crisis sanitaria de 2020 que las <a href=\"https:\/\/elpais.com\/noticias\/residencias-ancianos\/\" target=\"_self\" rel title=\"https:\/\/elpais.com\/noticias\/residencias-ancianos\/\">residencias de mayores<\/a> no eran el espacio adecuado para tratar a las personas contagiadas. Esa idea de \u201cmedicalizar\u201d las residencias la hab\u00eda anunciado el consejero de Sanidad, Enrique Ruiz Escudero, el jueves 12 de marzo de 2020, pero ocho d\u00edas despu\u00e9s, un alto cargo de su departamento, Carlos Mur, alert\u00f3 de que el plan no estaba funcionando y de que hab\u00eda que \u201ctrasladar\u201d a los hospitales a m\u00e1s personas de las previstas, aquellas que se pudieran \u201csalvar\u201d, y a las que no, \u201cayudarles a morir dignamente\u201d, seg\u00fan un correo que forma parte de una cadena a la que ha tenido acceso EL PA\u00cdS. \u201cNo deseo que ninguna autoridad tenga en su conciencia un n\u00famero importante de fallecimientos evitables\u201d, advirti\u00f3 Mur aquel viernes 20 de marzo. <\/p>\n<p class>A pesar de esta advertencia, las derivaciones hospitalarias cayeron a su nivel m\u00e1s bajo en los d\u00edas 20, 21 y 22 y no recobraron la normalidad hasta principios de abril, seg\u00fan los expertos de la <a href=\"https:\/\/comisionverdadresidenciasmadrid.wordpress.com\/wp-content\/uploads\/2024\/03\/informe-de-la-comision-ciudadana-por-la-verdad-en-las-residencias-de-madrid_discapacidadvisual.pdf\" target=\"_self\" rel title=\"https:\/\/comisionverdadresidenciasmadrid.wordpress.com\/wp-content\/uploads\/2024\/03\/informe-de-la-comision-ciudadana-por-la-verdad-en-las-residencias-de-madrid_discapacidadvisual.pdf\">comisi\u00f3n ciudadana por la verdad<\/a>. Los <a href=\"https:\/\/elpais.com\/sociedad\/2025-03-16\/7291-pero-que-invento-es-esto.html\" target=\"_self\" rel title=\"https:\/\/elpais.com\/sociedad\/2025-03-16\/7291-pero-que-invento-es-esto.html\">datos oficiales auton\u00f3micos y del Instituto Nacional de Estad\u00edstica muestran<\/a> que en marzo y abril murieron m\u00e1s de 7.200 residentes sin hospitalizaci\u00f3n.<\/p>\n<p class>Esta revelaci\u00f3n de EL PA\u00cdS se conoce casi seis a\u00f1os despu\u00e9s, cuando<a href=\"https:\/\/elpais.com\/espana\/madrid\/2025-12-08\/caso-residencias-cinco-anos-de-lucha-de-386-familias-que-han-llevado-a-la-imputacion-de-cuatro-excargos-de-ayuso.html\" target=\"_self\" rel title=\"https:\/\/elpais.com\/espana\/madrid\/2025-12-08\/caso-residencias-cinco-anos-de-lucha-de-386-familias-que-han-llevado-a-la-imputacion-de-cuatro-excargos-de-ayuso.html\"> la justicia sigue investigando <\/a>los fallecimientos, ahora como un supuesto delito de discriminaci\u00f3n en el acceso a un servicio p\u00fablico. Las asociaciones que representan a las familias de los fallecidos han conseguido la imputaci\u00f3n de cuatro exresponsables auton\u00f3micos, entre ellos Mur, y consideran que Escudero y Ayuso deber\u00edan ser investigados. <\/p>\n<p class>Los correos preceden a los que <a href=\"https:\/\/elpais.com\/espana\/madrid\/2020-06-04\/los-correos-internos-de-la-comunidad-de-madrid-que-denunciaron-las-muertes-indignas-en-las-residencias.html\" target=\"_self\" rel title=\"https:\/\/elpais.com\/espana\/madrid\/2020-06-04\/los-correos-internos-de-la-comunidad-de-madrid-que-denunciaron-las-muertes-indignas-en-las-residencias.html\">envi\u00f3 el 22 de marzo <\/a>el consejero de Pol\u00edticas Sociales, Alberto Reyero, advirtiendo a Escudero del abandono de las residencias, muertes \u201cindignas\u201d y una \u201cdiscriminaci\u00f3n de graves consecuencias legales\u201d. En esta correspondencia anterior de nuevo se aprecia c\u00f3mo los choques en aquel Gobierno de coalici\u00f3n de Partido Popular y Ciudadanos afectaron a la respuesta a una situaci\u00f3n cr\u00edtica.<\/p>\n<p class>Mur, que <a href=\"https:\/\/elpais.com\/espana\/madrid\/2026-01-26\/el-firmante-de-los-protocolos-de-residencias-reconoce-ante-la-jueza-que-no-hubo-medicalizacion-segun-la-acusacion.html\" target=\"_self\" rel title=\"https:\/\/elpais.com\/espana\/madrid\/2026-01-26\/el-firmante-de-los-protocolos-de-residencias-reconoce-ante-la-jueza-que-no-hubo-medicalizacion-segun-la-acusacion.html\">el lunes fue interrogado por primera vez como imputado<\/a>, ha declinado hablar con este diario. Como director de Coordinaci\u00f3n Sociosanitaria, se encargaba de conectar a la red sanitaria p\u00fablica con las 475 residencias de mayores de la regi\u00f3n. Por orden de Escudero, el consejero de Sanidad, se hab\u00eda reunido el viernes 13 de marzo con un grupo de m\u00e9dicos \u2015reci\u00e9n denominados \u201cgeriatras de enlace\u201d\u2015 que iban a ejercer un filtro exigente a las llamadas de las residencias pidiendo hospitalizaci\u00f3n. Las personas con dependencia f\u00edsica o cognitiva (una buena parte de la poblaci\u00f3n de las residencias) ser\u00edan tratadas en esos centros, para evitar el colapso de los hospitales. Su primer protocolo de triaje fue distribuido el mi\u00e9rcoles 18.<\/p>\n<figure class=\"a_m a_m-h \"><span class=\"_db a_m_w _pr lb_btn\"><img decoding=\"async\" class=\"_re lazyload a_m-h\" height=\"277\" width=\"414\" src=\"https:\/\/analyse.optim.biz\/wp-content\/uploads\/2026\/01\/s5s3lxejerejpco3joj57ohbpi.jpg\" loading=\"lazy\" title=\"s5s3lxejerejpco3joj57ohbpi\"><\/span><figcaption class=\"a_m_p\" aria-hidden=\"true\"><span>Mur es seguido por los periodistas a su llegada a los juzgados de Plaza de Castilla el 23 de marzo de 2023, cuando fue citado como testigo.<\/span><span class=\"a_m_m\">Daniel Gonz\u00e1lez (EFE)<\/span><\/figcaption><\/figure>\n<p class>El viernes 20, el escenario era \u201cespantoso\u201d, seg\u00fan describi\u00f3 Mur en su<i> email<\/i>, enviado a las 14.00. Tres d\u00edas antes, se hab\u00eda producido una conmoci\u00f3n cuando la prensa revel\u00f3 que al menos 19 personas mayores hab\u00edan muerto en la residencia Montehermoso. Aquella noche<a href=\"https:\/\/www.telecinco.es\/noticias\/salud\/coronavirus-isabel-ayuso-contagiados-leves-simple-catarro_18_2916120354.html\" target=\"_self\" rel title=\"https:\/\/www.telecinco.es\/noticias\/salud\/coronavirus-isabel-ayuso-contagiados-leves-simple-catarro_18_2916120354.html\">, Ayuso dijo en Telecinco <\/a>que esa residencia era una excepci\u00f3n y que \u201cen su pr\u00e1ctica totalidad est\u00e1n [estaban] todas medicalizadas\u201c.<\/p>\n<p class>El correo iba dirigido a una alto cargo de la Consejer\u00eda de Pol\u00edticas Sociales, Bego\u00f1a Cort\u00e9s. Puso en copia a cinco responsables, los consejeros de Sanidad, Enrique Ruiz Escudero, y de Pol\u00edticas Sociales, Alberto Reyero, adem\u00e1s de a otros tres cargos de esos dos departamentos.<\/p>\n<p class>Mur reproch\u00f3 a la directora de Atenci\u00f3n al Mayor que no estuviesen llegando m\u00e9dicos a las residencias. D\u00edas antes, la Consejer\u00eda de Sanidad entreg\u00f3 un listado de sanitarios voluntarios a Pol\u00edticas Sociales. \u201cSi no avanz\u00e1is en la contrataci\u00f3n de m\u00e9dicos, no vamos a poder tratar all\u00ed seg\u00fan el modelo de residencia medicalizada que tenemos\u201d, escribi\u00f3 el alto cargo de Sanidad. Pol\u00edticas Sociales, en poder de Ciudadanos y sin competencias sanitarias, deb\u00eda cumplir un plan de \u201cmedicalizaci\u00f3n\u201d que hab\u00eda sido dise\u00f1ado<a href=\"https:\/\/elpais.com\/espana\/madrid\/2025-06-05\/proximo-episodio-del-caso-residencias-que-se-decidio-en-la-reunion-y-como-afecto-a-los-mayores.html\" target=\"_self\" rel title=\"https:\/\/elpais.com\/espana\/madrid\/2025-06-05\/proximo-episodio-del-caso-residencias-que-se-decidio-en-la-reunion-y-como-afecto-a-los-mayores.html\"> a sus espaldas <\/a>por Sanidad, controlada por el Partido Popular, a pesar de que este \u00faltimo departamento dispon\u00eda de una plantilla de 62.547 sanitarios.<\/p>\n<p class>Luego, Mur anunci\u00f3 su propuesta: \u201cMi idea firme es que debemos trasladar a aquellos que podamos salvar y los que no, ayudarles a morir dignamente. Si ni siquiera podemos darles cuidados paliativos dignos en las residencias, el protocolo inicial de funcionamiento no es realizable\u201d. A\u00f1adi\u00f3 su admonici\u00f3n: \u201cNo deseo que ninguna autoridad tenga en su conciencia un n\u00famero importante de fallecimientos evitables\u201d.<\/p>\n<p class>Debido a esta falta de personal, Mur pidi\u00f3 trasladar \u201cDIRECTAMENTE\u201d a los hospitales p\u00fablicos de media estancia especializados en rehabilitaci\u00f3n como la Fundaci\u00f3n Instituto San Jos\u00e9 (oeste de la capital) o el Virgen de la Poveda (municipio de Villa del Prado). Tambi\u00e9n se refiri\u00f3 a la posibilidad de derivar al resto de hospitales p\u00fablicos si estos consiguieran aliviar la presi\u00f3n asistencial gracias a Ifema y los hoteles medicalizados. Todo esto era un plan de corto plazo, para ese fin de semana. Propuso retomar el proyecto de residencias medicalizadas cuando la Consejer\u00eda de Pol\u00edticas Sociales consiguiese el personal m\u00e9dico.<\/p>\n<p class>Mur sab\u00eda que los mayores tampoco iban a ser admitidos en el nuevo hospital de campa\u00f1a del recinto ferial de Ifema, que hab\u00eda sido anunciado esa misma ma\u00f1ana. Se lo hab\u00eda dicho un d\u00eda antes el consejero Escudero, quien le explic\u00f3 que buscaban \u201cpacientes sin problemas para la actividad b\u00e1sica de la vida diaria y sin deterioro cognitivo\u201d, seg\u00fan revel\u00f3 Mur en 2021 en la Asamblea de Madrid. <\/p>\n<figure class=\"a_m a_m-h \"><span class=\"_db a_m_w\"><img decoding=\"async\" class=\"_re lazyload a_m-h\" height=\"276\" width=\"414\" src=\"https:\/\/analyse.optim.biz\/wp-content\/uploads\/2026\/01\/asrjggcqjnnm7okfho4kwsrcwu.jpg\" loading=\"lazy\" title=\"asrjggcqjnnm7okfho4kwsrcwu\"><\/span><figcaption class=\"a_m_p\" aria-hidden=\"true\"><span>El alcalde de Madrid, Jos\u00e9 Luis Mart\u00ednez-Almeida, entrega un bocadillo de calamares a una sanitaria en una &#8216;food truck&#8217; mientras es observado por la presidenta madrile\u00f1a, Isabel D\u00edaz Ayuso, durante la clausura del hospital de campa\u00f1a en el Ifema, el 1 de mayo de 2020.<\/span><span class=\"a_m_m\">Luis de Vega<\/span><\/figcaption><\/figure>\n<p class>Ifema revent\u00f3 <a href=\"https:\/\/elpais.com\/espana\/madrid\/2025-06-09\/el-texto-del-plan-burgueno-que-encargo-ayuso-contemplaba-para-las-residencias-una-asistencia-24-horas-que-fue-ignorada.html\" target=\"_self\" rel title=\"https:\/\/elpais.com\/espana\/madrid\/2025-06-09\/el-texto-del-plan-burgueno-que-encargo-ayuso-contemplaba-para-las-residencias-una-asistencia-24-horas-que-fue-ignorada.html\">la idea del<i> plan Burgue\u00f1o<\/i><\/a>de reforzar las residencias con los sanitarios de atenci\u00f3n primaria. Era lo que el asesor especial Antonio Burgue\u00f1o hab\u00eda discutido en la Puerta del Sol, sede del Ejecutivo madrile\u00f1o, con Ayuso y Escudero, antes de que el consejero de Sanidad anunciara la medicalizaci\u00f3n. D\u00edas despu\u00e9s, este \u201chospital milagro\u201d absorbi\u00f3 a m\u00e1s de 1.000 sanitarios de la atenci\u00f3n primaria madrile\u00f1a. <\/p>\n<h3 class>Choque<\/h3>\n<p class>Cuarenta minutos despu\u00e9s del correo de Mur, respondi\u00f3 la mano derecha de Escudero, Ana D\u00e1vila. Como viceconsejera de Asistencia Sanitaria estaba al frente del Servicio Madrile\u00f1o de Salud, el Sermas. (Ayuso la nombr\u00f3 despu\u00e9s consejera de Asuntos Sociales en junio de 2023 y a\u00fan mantiene el puesto). D\u00e1vila parece reprender a G\u00f3mez, de Pol\u00edticas Sociales, por no haberles comunicado qu\u00e9 m\u00e9dicos hab\u00edan aceptado ir a las residencias de entre los incluidos en un listado de 151 voluntarios enviado que les hab\u00edan trasladado dos d\u00edas antes. <\/p>\n<p class>G\u00f3mez contest\u00f3 de inmediato que esa misma ma\u00f1ana le hab\u00eda dicho a Mur que las residencias no hab\u00edan podido contratar a ning\u00fan m\u00e9dico de esa lista. Le explic\u00f3 que esos facultativos eran de otras comunidades aut\u00f3nomas y no quer\u00edan desplazarse y que algunos presentaban s\u00edntomas. Solo hab\u00edan podido contratar a tres doctores, pero por otra v\u00eda. <\/p>\n<figure class=\"a_m a_m-h \"><span class=\"_db a_m_w _pr lb_btn\"><img decoding=\"async\" class=\"_re lazyload a_m-h\" height=\"215\" width=\"414\" src=\"https:\/\/analyse.optim.biz\/wp-content\/uploads\/2026\/01\/hd4cpxmlu5aotgktvyppyge44e.jpg\" loading=\"lazy\" title=\"hd4cpxmlu5aotgktvyppyge44e\"><\/span><figcaption class=\"a_m_p\" aria-hidden=\"true\"><span>Capturas de pantalla de correos electr\u00f3nicos que envi\u00f3 un alto cargo de Ayuso durante la pandemia, Carlos Mur.<\/span><\/figcaption><\/figure>\n<p class>Esa misma tarde, Mur firm\u00f3 a las 16.37 un protocolo de triaje, que distribuy\u00f3 por correo a las 17.32. Ese protocolo, el segundo de los cuatro que se enviaron a los hospitales, relaj\u00f3 algo los \u201ccriterios de exclusi\u00f3n\u201d, que se basaban en una escala de dependencia f\u00edsica del 0 al 100 conocida como Barthel y otra de dependencia cognitiva llamada GDS.<\/p>\n<p class>A pesar de esta relajaci\u00f3n, los datos de la Comunidad muestran que los traslados desde residencias a hospital siguieron cayendo. Los tres d\u00edas de toda la crisis con menos traslados fueron el 20, 21 y 22 de marzo. <\/p>\n<p class>Justo antes de la pandemia el promedio de hospitalizaciones procedentes de residencias hab\u00eda sido de 120 al d\u00eda, pero entre el 7 marzo y el 31 marzo la media cay\u00f3 a 65 personas por d\u00eda, seg\u00fan la comisi\u00f3n ciudadana por la verdad en las residencias de Madrid. Ese informe destac\u00f3 que \u201clo esperable es que (los traslados) hubieran aumentado fuertemente por el aumento de contagios\u201d, pero ocurri\u00f3 lo contrario.<\/p>\n<p class>Las residencias no recibieron un refuerzo m\u00e9dico relevante hasta el 6 de abril, seg\u00fan <a href=\"https:\/\/elpais.com\/espana\/madrid\/2020-06-21\/el-responsable-de-la-medicalizacion-de-residencias-en-madrid-admite-que-la-atencion-fue-insuficiente-durante-semanas.html\" target=\"_self\" rel title=\"https:\/\/elpais.com\/espana\/madrid\/2020-06-21\/el-responsable-de-la-medicalizacion-de-residencias-en-madrid-admite-que-la-atencion-fue-insuficiente-durante-semanas.html\">admiti\u00f3 Mur a este peri\u00f3dico en 2020.<\/a> M\u00faltiples testimonios lo acreditan. Esos d\u00edas muchos mayores agonizaron sin auxilio.<\/p>\n<p class><i><b>\u00bfTiene algo que contar? Escriba al autor a <\/b><\/i><a href=\"mailto:fpeinado@elpais.es\" rel><i><b>fpeinado@elpais.es<\/b><\/i><\/a><\/p>\n<\/div>\n<div id=\"me-dis\" class=\"me _pf\">\n<div class=\"me_bg\">\n<div class=\"me-dis _pa _df\">\n<div class=\"me-dis_c\">\n<h2 class=\"me-dis_t\">Tu suscripci\u00f3n se est\u00e1 usando en otro dispositivo<\/h2>\n<p>\u00bfQuieres a\u00f1adir otro usuario a tu suscripci\u00f3n?<\/p>\n<div class=\"me-dis_l\"><a href=\"https:\/\/elpais.com\/suscripciones\/premium\/upgrade\/?utm_source=autopromo&amp;utm_medium=interno&amp;utm_campaign=YYYY_MM_capping_upgrade\" id=\"capping-upgrade\" class=\"btn\">A\u00f1adir usuario<\/a><a href=\"https:\/\/elpais.com\/espana\/madrid\/2026-01-29\/los-correos-internos-que-prueban-que-el-gobierno-de-ayuso-sabia-que-las-residencias-no-se-medicalizaron-en-la-pandemia.html\" id=\"capping-continue\" class=\"btn btn-b\">Continuar leyendo aqu\u00ed<\/a><\/div>\n<p>Si contin\u00faas leyendo en este dispositivo, no se podr\u00e1 leer en el otro.<\/p>\n<p class=\"lk\"><a href=\"https:\/\/elpais.com\/espana\/madrid\/2026-01-29\/los-correos-internos-que-prueban-que-el-gobierno-de-ayuso-sabia-que-las-residencias-no-se-medicalizaron-en-la-pandemia.html\" id=\"capping-show-more-button\">\u00bfPor qu\u00e9 est\u00e1s viendo esto?<\/a><\/p>\n<p><span class=\"arrow\" id=\"capping-arrow\">Flecha<\/span><\/p>\n<div class=\"me-dis_d\">\n<div class=\"me-dis_d_t\">\n<h2 class=\"enc\">Tu suscripci\u00f3n se est\u00e1 usando en otro dispositivo y solo puedes acceder a EL PA\u00cdS desde un dispositivo a la vez.<\/h2>\n<div class=\"tx\">\n<p>Si quieres compartir tu cuenta, cambia tu suscripci\u00f3n a la modalidad Premium, as\u00ed podr\u00e1s a\u00f1adir otro usuario. Cada uno acceder\u00e1 con su propia cuenta de email, lo que os permitir\u00e1 personalizar vuestra experiencia en EL PA\u00cdS.<\/p>\n<p>\u00bfTienes una suscripci\u00f3n de empresa? Accede <a target=\"_blank\" rel=\"noreferrer\" href=\"https:\/\/elpais.com\/suscripciones\/premium\/upgrade\/\">aqu\u00ed<\/a> para contratar m\u00e1s cuentas.<\/p>\n<p>En el caso de no saber qui\u00e9n est\u00e1 usando tu cuenta, te recomendamos cambiar tu contrase\u00f1a <a target=\"_blank\" rel=\"noreferrer\" href=\"https:\/\/elpais.com\/subscriptions\/#\/forgot-password\">aqu\u00ed.<\/a><\/p>\n<p>Si decides continuar compartiendo tu cuenta, este mensaje se mostrar\u00e1 en tu dispositivo y en el de la otra persona que est\u00e1 usando tu cuenta de forma indefinida, afectando a tu experiencia de lectura. Puedes <a target=\"_blank\" rel=\"noreferrer\" href=\"https:\/\/elpais.com\/suscripciones\/condiciones-generales-servicios\/\">consultar aqu\u00ed los t\u00e9rminos y condiciones de la suscripci\u00f3n digital.<\/a><\/p>\n<\/div>\n<\/div>\n<\/div>\n<\/div>\n<\/div>\n<\/div>\n<\/div>\n<aside class=\"w w-sea\">\n<h2 class=\"w_t\">Sobre la firma<\/h2>\n<div class=\"w_b\">\n<div class=\"_g _g-xs\">\n<figure class=\"w-sea_f a_m-h c_m--nf\"><span class=\"a_m_w _db\"><img decoding=\"async\" alt=\"Fernando Peinado\" class=\"_re lazyload a_m-h\" height=\"100\" width=\"100\" src=\"https:\/\/analyse.optim.biz\/wp-content\/uploads\/2026\/01\/https3a2f2fauthor-service-images-prod-us-east-1-publishing-aws_-arc_-pub2fprisa2fc39c667f-66d4-4f0a-8d5d-a70618ab816f.jpg\" loading=\"lazy\" title=\"https3a2f2fauthor-service-images-prod-us-east-1-publishing-aws_-arc_-pub2fprisa2fc39c667f-66d4-4f0a-8d5d-a70618ab816f\"><\/span><\/figure>\n<div class=\"w-sea_txt\">\n<div class=\"_df\">\n<div class=\"w-sea_txt_na\"><a href=\"https:\/\/elpais.com\/autor\/fernando-peinado\/\" rel=\"autor_bottom\">Fernando Peinado<\/a><\/div>\n<div class=\"w_rs_i\"><a class=\"_btn \" href=\"https:\/\/twitter.com\/FernandoPeinado\" target=\"_blank\" rel=\"noopener noreferrer\"><span class=\"_sr\">Fernando Peinado &#8211; twitter<\/span><\/a><\/div>\n<\/div>\n<div class=\"w-sea_txt_da _dn\">Es reportero de la secci\u00f3n de Madrid desde 2018. Antes pas\u00f3 ocho a\u00f1os en Estados Unidos donde trabaj\u00f3 para Univision, BBC, AP y The Miami Herald. Es autor de Trumpistas (Editorial Fuera de Ruta).<\/div>\n<\/div>\n<\/div>\n<\/div>\n<\/aside>\n<aside class=\"w w-fid\">\n<div class=\"w_b\">\n<div class=\"w-fid_t\"><a href=\"https:\/\/plus.elpais.com\/newsletters\/lnp\/1\/395\/#?prm=not_newsletters_madrid\">Recibe el bolet\u00edn de Madrid, que se publica cada martes y viernes.<\/a><\/div>\n<div class=\"w-fid_s\">\n<div class=\"w_rs\">\n<div class=\"w_rs_i\"><a class=\"_btn\" href=\"https:\/\/www.facebook.com\/elpaismadrid\/\" rel=\"nofollow\"><span class=\"_sr\">Espana El Pa\u00eds en Facebook<\/span><\/a><\/div>\n<div class=\"w_rs_i\"><a class=\"_btn\" href=\"https:\/\/www.instagram.com\/el_pais\/\" rel=\"nofollow\"><span class=\"_sr\">Espana El Pa\u00eds en Instagram<\/span><\/a><\/div>\n<div class=\"w_rs_i\"><a class=\"_btn\" href=\"https:\/\/twitter.com\/el_pais_madrid\" rel=\"nofollow\"><span class=\"_sr\">Espana El Pa\u00eds en Twitter<\/span><\/a><\/div>\n<\/div>\n<\/div>\n<\/div>\n<\/aside>\n<aside class=\"a_com w w-com _df\"><a class=\"a_com_l\" href=\"https:\/\/elpais.com\/info\/normas-de-participacion\/\">Normas \u203a<\/a><\/aside>\n<div class=\"me _pf\" id=\"me-c\">\n<div class=\"me_bg\">\n<div class=\"me-c _pa\" id=\"comments_container\" data-dtm-region=\"articulo_comentarios\">\n<div class=\"me_f me_f-os me_cc\"><a href=\"https:\/\/plus.elpais.com\/perfil\/actividad\/\">Mis comentarios<\/a><a href=\"https:\/\/elpais.com\/info\/normas-de-participacion\/\">Normas<\/a><\/div>\n<div class=\"me_f me_f-ns\"><span class=\"me_f_txt _db\">Rellena tu <b>nombre y apellido<\/b> para comentar<\/span><a href=\"https:\/\/plus.elpais.com\/autorization.html\/?prod=COM&amp;backURL=https%3A%2F%2Felpais.com%2Fespana%2Fmadrid%2F2026-01-29%2Flos-correos-internos-que-prueban-que-el-gobierno-de-ayuso-sabia-que-las-residencias-no-se-medicalizaron-en-la-pandemia.html%3Fssm%3DFB_CM%26utm_medium%3Dsocial%26utm_source%3Dfb\" class=\"btn btn-2\">completar datos<\/a><\/div>\n<div class=\"me_f\" id=\"comments_msg\"><a class=\"btn btn-2\" href=\"https:\/\/elpais.com\/suscripciones\/#\/campaign?prod=SUSDIGCRART&amp;o=COM&amp;prm=suscrip_articulo_comentarios_el-pais&amp;backURL=https%3A%2F%2Felpais.com%2Fespana%2Fmadrid%2F2026-01-29%2Flos-correos-internos-que-prueban-que-el-gobierno-de-ayuso-sabia-que-las-residencias-no-se-medicalizaron-en-la-pandemia.html%3Fssm%3DFB_CM%26utm_medium%3Dsocial%26utm_source%3Dfb\" id=\"comments_subscribe_link\" data-link-am=\"https:\/\/elpais.com\/suscripciones\/america\/#\/campaign?prod=SUSDIGCRARTAM&amp;o=COMAM&amp;prm=suscrip_articulo_comentarios_el-pais-america&amp;backURL=https%3A%2F%2Felpais.com%2Fespana%2Fmadrid%2F2026-01-29%2Flos-correos-internos-que-prueban-que-el-gobierno-de-ayuso-sabia-que-las-residencias-no-se-medicalizaron-en-la-pandemia.html%3Fssm%3DFB_CM%26utm_medium%3Dsocial%26utm_source%3Dfb\" data-link-mx=\"https:\/\/elpais.com\/suscripciones\/america\/#\/campaign?prod=SUSDIGMX&amp;o=COMMX&amp;prm=suscrip_articulo_comentarios_el-pais-mexico&amp;backURL=https%3A%2F%2Felpais.com%2Fespana%2Fmadrid%2F2026-01-29%2Flos-correos-internos-que-prueban-que-el-gobierno-de-ayuso-sabia-que-las-residencias-no-se-medicalizaron-en-la-pandemia.html%3Fssm%3DFB_CM%26utm_medium%3Dsocial%26utm_source%3Dfb\" data-link-co=\"https:\/\/elpais.com\/suscripciones\/america\/#\/campaign?prod=SUSDIGCOL&amp;o=COMCOL&amp;prm=suscrip_articulo_comentarios_el-pais_colombia&amp;backURL=https%3A%2F%2Felpais.com%2Fespana%2Fmadrid%2F2026-01-29%2Flos-correos-internos-que-prueban-que-el-gobierno-de-ayuso-sabia-que-las-residencias-no-se-medicalizaron-en-la-pandemia.html%3Fssm%3DFB_CM%26utm_medium%3Dsocial%26utm_source%3Dfb\" data-link-ar=\"https:\/\/elpais.com\/suscripciones\/america\/#\/campaign?prod=SUSDIGCRARTAR&amp;o=COMAR&amp;backURL=https%3A%2F%2Felpais.com%2Fespana%2Fmadrid%2F2026-01-29%2Flos-correos-internos-que-prueban-que-el-gobierno-de-ayuso-sabia-que-las-residencias-no-se-medicalizaron-en-la-pandemia.html%3Fssm%3DFB_CM%26utm_medium%3Dsocial%26utm_source%3Dfb\" data-link-cl=\"https:\/\/elpais.com\/suscripciones\/america\/#\/campaign?prod=SUSDIGCHILE&amp;o=COMCHILE&amp;backURL=https%3A%2F%2Felpais.com%2Fespana%2Fmadrid%2F2026-01-29%2Flos-correos-internos-que-prueban-que-el-gobierno-de-ayuso-sabia-que-las-residencias-no-se-medicalizaron-en-la-pandemia.html%3Fssm%3DFB_CM%26utm_medium%3Dsocial%26utm_source%3Dfb\" data-link-us=\"https:\/\/elpais.com\/suscripciones\/america\/#\/campaign?prod=SUSDIGCRARTEUCAN&amp;o=COMUS&amp;prm=suscrip_articulo_comentarios_el-pais_eucan&amp;backURL=https%3A%2F%2Felpais.com%2Fespana%2Fmadrid%2F2026-01-29%2Flos-correos-internos-que-prueban-que-el-gobierno-de-ayuso-sabia-que-las-residencias-no-se-medicalizaron-en-la-pandemia.html%3Fssm%3DFB_CM%26utm_medium%3Dsocial%26utm_source%3Dfb\">Suscr\u00edbete en El Pa\u00eds para participar<\/a><a class=\"btn btn-3\" href=\"https:\/\/elpais.com\/subscriptions\/#\/sign-in?prod=REG&amp;o=COM&amp;prm=login_articulo_comentarios_el-pais&amp;backURL=https%3A%2F%2Felpais.com%2Fespana%2Fmadrid%2F2026-01-29%2Flos-correos-internos-que-prueban-que-el-gobierno-de-ayuso-sabia-que-las-residencias-no-se-medicalizaron-en-la-pandemia.html%3Fssm%3DFB_CM%26utm_medium%3Dsocial%26utm_source%3Dfb\" id=\"comments_login_link\" data-link-am=\"https:\/\/elpais.com\/subscriptions\/#\/sign-in?prod=REG&amp;o=COM&amp;prm=login_articulo_comentarios_el-pais-america&amp;backURL=https%3A%2F%2Felpais.com%2Fespana%2Fmadrid%2F2026-01-29%2Flos-correos-internos-que-prueban-que-el-gobierno-de-ayuso-sabia-que-las-residencias-no-se-medicalizaron-en-la-pandemia.html%3Fssm%3DFB_CM%26utm_medium%3Dsocial%26utm_source%3Dfb\" data-link-mx=\"https:\/\/elpais.com\/subscriptions\/#\/sign-in?prod=REG&amp;o=COM&amp;prm=login_articulo_comentarios_el-pais-mexico&amp;backURL=https%3A%2F%2Felpais.com%2Fespana%2Fmadrid%2F2026-01-29%2Flos-correos-internos-que-prueban-que-el-gobierno-de-ayuso-sabia-que-las-residencias-no-se-medicalizaron-en-la-pandemia.html%3Fssm%3DFB_CM%26utm_medium%3Dsocial%26utm_source%3Dfb\" data-link-co=\"https:\/\/elpais.com\/subscriptions\/#\/sign-in?prod=REG&amp;o=COM&amp;backURL=https%3A%2F%2Felpais.com%2Fespana%2Fmadrid%2F2026-01-29%2Flos-correos-internos-que-prueban-que-el-gobierno-de-ayuso-sabia-que-las-residencias-no-se-medicalizaron-en-la-pandemia.html%3Fssm%3DFB_CM%26utm_medium%3Dsocial%26utm_source%3Dfb\" data-link-ar=\"https:\/\/elpais.com\/subscriptions\/#\/sign-in?prod=REG&amp;o=COM&amp;backURL=https%3A%2F%2Felpais.com%2Fespana%2Fmadrid%2F2026-01-29%2Flos-correos-internos-que-prueban-que-el-gobierno-de-ayuso-sabia-que-las-residencias-no-se-medicalizaron-en-la-pandemia.html%3Fssm%3DFB_CM%26utm_medium%3Dsocial%26utm_source%3Dfb\" data-link-cl=\"https:\/\/elpais.com\/subscriptions\/#\/sign-in?prod=REG&amp;o=COM&amp;backURL=https%3A%2F%2Felpais.com%2Fespana%2Fmadrid%2F2026-01-29%2Flos-correos-internos-que-prueban-que-el-gobierno-de-ayuso-sabia-que-las-residencias-no-se-medicalizaron-en-la-pandemia.html%3Fssm%3DFB_CM%26utm_medium%3Dsocial%26utm_source%3Dfb\" data-link-us=\"https:\/\/elpais.com\/subscriptions\/#\/sign-in?prod=REG&amp;o=COM&amp;backURL=https%3A%2F%2Felpais.com%2Fespana%2Fmadrid%2F2026-01-29%2Flos-correos-internos-que-prueban-que-el-gobierno-de-ayuso-sabia-que-las-residencias-no-se-medicalizaron-en-la-pandemia.html%3Fssm%3DFB_CM%26utm_medium%3Dsocial%26utm_source%3Dfb\">Ya tengo una suscripci\u00f3n<\/a><\/div>\n<p>Please enable JavaScript to view the &lt;a href=&#8221;https:\/\/disqus.com\/?ref_noscript&#8221; rel=&#8221;nofollow&#8221;&gt; comments powered by Disqus.&lt;\/a&gt;<\/p><\/div>\n<\/div>\n<\/div>\n<aside class=\"w w-rel\" data-dtm-region=\"articulo_mas-informacion\">\n<h2 class=\"w_t\">M\u00e1s informaci\u00f3n<\/h2>\n<ul class=\"w_b _ls\">\n<li class=\"_g _g-xs w-rel_n\">\n<div class=\" a_m-h c_m--nf\"><span class=\"_db _pr\"><img decoding=\"async\" class=\"_re lazyload a_m-h\" height=\"311\" width=\"414\" src=\"https:\/\/analyse.optim.biz\/wp-content\/uploads\/2026\/01\/3voig3vd7jdnhnmcwwdcv7utmu.jpg\" loading=\"lazy\" title=\"3voig3vd7jdnhnmcwwdcv7utmu\"><\/span><\/div>\n<div class=\"nt\">\n<h3 class=\"nt_t\"><a href=\"https:\/\/elpais.com\/espana\/madrid\/2026-01-26\/el-firmante-de-los-protocolos-de-residencias-reconoce-ante-la-jueza-que-no-hubo-medicalizacion-segun-la-acusacion.html#?rel=mas\">El firmante de los protocolos de residencias reconoce ante la jueza que no hubo medicalizaci\u00f3n, seg\u00fan la acusaci\u00f3n<\/a><\/h3>\n<div class=\"nt_a\"><a href=\"https:\/\/elpais.com\/autor\/fernando-peinado\/\" title=\"Ver todas las noticias de Fernando Peinado\">Fernando Peinado<\/a> | Madrid<\/div>\n<\/div>\n<\/li>\n<li class=\"_g _g-xs w-rel_n\">\n<div class=\" a_m-h c_m--nf\"><span class=\"_db _pr\"><img decoding=\"async\" class=\"_re lazyload a_m-h\" height=\"311\" width=\"414\" src=\"https:\/\/analyse.optim.biz\/wp-content\/uploads\/2026\/01\/lnmolx3tfvc5pd76ioyama7tnu.jpg\" loading=\"lazy\" title=\"lnmolx3tfvc5pd76ioyama7tnu\"><\/span><\/div>\n<div class=\"nt\">\n<h3 class=\"nt_t\"><a href=\"https:\/\/elpais.com\/espana\/madrid\/2025-12-08\/caso-residencias-cinco-anos-de-lucha-de-386-familias-que-han-llevado-a-la-imputacion-de-cuatro-excargos-de-ayuso.html#?rel=mas\">El \u2018caso residencias\u2019 se reactiva con las declaraciones de ex altos cargos de Ayuso y la lucha de las familias por abrir una macrocausa <\/a><\/h3>\n<div class=\"nt_a\"><a href=\"https:\/\/elpais.com\/autor\/fernando-peinado\/\" title=\"Ver todas las noticias de Fernando Peinado\">Fernando Peinado<\/a> | Madrid<\/div>\n<\/div>\n<\/li>\n<\/ul>\n<\/aside>\n<section class=\"w w-ae\" data-dtm-region=\"articulo_archivado-en\">\n<h2 class=\"w_t\">Archivado En<\/h2>\n<div class=\"w_b\">\n<ul class=\"w_ul w_ul--mh _df _ls\">\n<li><a href=\"https:\/\/elpais.com\/noticias\/comunidad-madrid\/#?rel=arch\" rel=\"noopener noreferrer\">Comunidad de Madrid<\/a><\/li>\n<li><a href=\"https:\/\/elpais.com\/noticias\/madrid\/#?rel=arch\" rel=\"noopener noreferrer\">Madrid<\/a><\/li>\n<li><a href=\"https:\/\/elpais.com\/noticias\/carlos-mur-de-viu\/#?rel=arch\" rel=\"noopener noreferrer\">Carlos Mur de V\u00edu<\/a><\/li>\n<li><a href=\"https:\/\/elpais.com\/noticias\/residencias-ancianos\/#?rel=arch\" rel=\"noopener noreferrer\">Residencias ancianos<\/a><\/li>\n<li><a href=\"https:\/\/elpais.com\/noticias\/isabel-diaz-ayuso\/#?rel=arch\" rel=\"noopener noreferrer\">Isabel D\u00edaz Ayuso<\/a><\/li>\n<li><a href=\"https:\/\/elpais.com\/noticias\/enrique-ruiz-escudero\/#?rel=arch\" rel=\"noopener noreferrer\">Enrique Ruiz Escudero<\/a><\/li>\n<li><a href=\"https:\/\/elpais.com\/noticias\/hospitales\/#?rel=arch\" rel=\"noopener noreferrer\">Hospitales<\/a><\/li>\n<li><a href=\"https:\/\/elpais.com\/noticias\/pandemia\/#?rel=arch\" rel=\"noopener noreferrer\">Pandemia<\/a><\/li>\n<li><a href=\"https:\/\/elpais.com\/noticias\/covid-19\/#?rel=arch\" rel=\"noopener noreferrer\">Coronavirus Covid-19<\/a><\/li>\n<li><a href=\"https:\/\/elpais.com\/noticias\/coronavirus\/#?rel=arch\" rel=\"noopener noreferrer\">Coronavirus<\/a><\/li>\n<\/ul>\n<\/div>\n<\/section>\n<aside class=\"a_tp _df\">\n<div class=\"a_tp_txt\"><span class=\"a_tp_t\">Se adhiere a los criterios de<\/span><\/p>\n<figure class=\"a_m a_m-h c_m--nf\"><a class=\"a_tp_i _dib\" href=\"https:\/\/elpais.com\/estaticos\/que-es-the-trust-project\/\" target=\"_blank\" rel=\"noopener noreferrer nofollow\"><img decoding=\"async\" alt=\"The Trust Project\" class=\" lazyload a_m-h\" height=\"20\" width=\"117\" src=\"https:\/\/analyse.optim.biz\/wp-content\/uploads\/2026\/01\/the-trust-project-365.svg\" loading=\"lazy\" title=\"the-trust-project-365\"><\/a><\/figure>\n<p><a class=\"a_tp_mi\" href=\"https:\/\/elpais.com\/estaticos\/codigo-etico\/\" target=\"_blank\" rel=\"noopener noreferrer nofollow\">M\u00e1s informaci\u00f3n<\/a><\/div>\n<div class=\"a_tp_si\">Si est\u00e1 interesado en licenciar este contenido, pinche <a class=\"a_tp_si_l\" href=\"https:\/\/profesional.elpais.com\/soluciones-sindicacion\/?utm_medium=interno&amp;utm_source=crosslinking&amp;utm_campaign=sindicacion_ep_pie_articulos\" target=\"_blank\" rel=\"noopener noreferrer nofollow\">aqu\u00ed<\/a><\/div>\n<\/aside>\n<div class=\"a_o _pr\" data-dtm-region=\"articulo_right-rail\">\n<div id=\"elpais_gpt-MPU1\" data-adtype=\"MPU\" class=\"ad ad-mpu\"><span class=\"_dn\">_<\/span><\/div>\n<section class=\"w w-sc b_col\" data-dtm-region=\"articulo_ultimas-noticias\">\n<header class=\"w_h b_col_h\">\n<h3 class=\"w_t\"><a href=\"https:\/\/elpais.com\/ultimas-noticias\/\" rel=\"story-card-ultimas-noticias\">\u00daltimas noticias<\/a><\/h3>\n<\/header>\n<div class=\"w_b\">\n<article class=\"c  c--m-n   \" data-word=\"0\">\n<header class=\"c_h\"><time datetime=\"2026-01-29T17:44:31+01:00\" class=\"c_da\">17:44<\/time><\/p>\n<h2 class=\"c_t \"><a href=\"https:\/\/elpais.com\/espana\/madrid\/2026-01-29\/ayuso-no-acatara-la-orden-de-prohibir-la-entrada-a-menores-de-18-anos-a-las-corridas-de-toros.html\">Ayuso no acatar\u00e1 la orden de prohibir la entrada a menores de 18 a\u00f1os a las corridas de toros<\/a><\/h2>\n<\/header>\n<\/article>\n<article class=\"c  c--m-n   \" data-word=\"0\">\n<header class=\"c_h\"><time datetime=\"2026-01-29T17:42:11+01:00\" class=\"c_da\">17:42<\/time><\/p>\n<h2 class=\"c_t \"><a href=\"https:\/\/elpais.com\/sociedad\/2026-01-29\/la-fiscalia-investiga-la-administracion-de-vacunas-caducadas-a-103-personas-en-el-pais-vasco.html\">La Fiscal\u00eda investiga la administraci\u00f3n de vacunas caducadas a 103 personas en el Pa\u00eds Vasco<\/a><\/h2>\n<\/header>\n<\/article>\n<article class=\"c  c--m-n   \" data-word=\"0\">\n<header class=\"c_h\"><time datetime=\"2026-01-29T17:25:34+01:00\" class=\"c_da\">17:25<\/time><\/p>\n<h2 class=\"c_t \"><a href=\"https:\/\/elpais.com\/america\/2026-01-29\/joseph-oughourlian-debemos-defender-el-pensamiento-critico-y-la-verdad-cueste-lo-que-cueste.html\">Joseph Oughourlian: \u201cDebemos defender el pensamiento cr\u00edtico y la verdad, cueste lo que cueste\u201d<\/a><\/h2>\n<\/header>\n<\/article>\n<article class=\"c  c--m-n   \" data-word=\"0\">\n<header class=\"c_h\"><time datetime=\"2026-01-29T17:24:19+01:00\" class=\"c_da\">17:24<\/time><\/p>\n<h2 class=\"c_t \"><a href=\"https:\/\/elpais.com\/america\/2026-01-29\/el-segundo-dia-del-foro-economico-internacional-de-america-latina-y-el-caribe-en-imagenes.html\">El segundo d\u00eda del Foro Econ\u00f3mico Internacional de Am\u00e9rica Latina y el Caribe, en im\u00e1genes<\/a><\/h2>\n<\/header>\n<\/article>\n<\/div>\n<\/section>\n<aside class=\"w w-lmv\" data-dtm-region=\"articulo_lom\">\n<h2 class=\"w_t\"><a href=\"https:\/\/elpais.com\/lo-mas-visto\/\">Lo m\u00e1s visto<\/a><\/h2>\n<div class=\"w_b\">\n<ol class=\"_ls\">\n<li><a href=\"https:\/\/elpais.com\/economia\/2026-01-27\/trump-bendice-la-caida-del-dolar-va-muy-bien-miren-los-negocios-que-estamos-haciendo.html#?rel=lom\">Trump asegura que no le preocupa la ca\u00edda del d\u00f3lar: \u201cVa muy bien, miren los negocios que estamos haciendo\u201d<\/a><\/li>\n<li><a href=\"https:\/\/elpais.com\/internacional\/2026-01-28\/el-primer-ministro-groenlandes-la-casa-blanca-no-tiene-ni-idea-de-lo-que-es-groenlandia.html#?rel=lom\">El primer ministro groenland\u00e9s: \u201cLa Casa Blanca no tiene ni idea de lo que es Groenlandia\u201d<\/a><\/li>\n<li><a href=\"https:\/\/elpais.com\/espana\/catalunya\/2026-01-28\/el-traspaso-de-la-inmigracion-a-cataluna-se-abre-paso-junts-acepta-cambiar-el-preambulo-de-la-ley-que-rechazaba-podemos.html#?rel=lom\">El traspaso de la inmigraci\u00f3n a Catalu\u00f1a se abre paso: Junts acepta cambiar el pre\u00e1mbulo de la ley que rechazaba Podemos<\/a><\/li>\n<li><a href=\"https:\/\/elpais.com\/espana\/2026-01-27\/la-guardia-civil-investiga-a-un-hombre-por-robar-571-pinos-pinoneros-en-valladolid-y-utilizarlos-para-hacer-biomasa.html#?rel=lom\">La Guardia Civil investiga a un hombre por robar 571 pinos pi\u00f1oneros en Valladolid y utilizarlos para hacer biomasa<\/a><\/li>\n<li><a href=\"https:\/\/elpais.com\/internacional\/2026-01-28\/siete-jefes-de-estado-dejan-atras-las-diferencias-ideologicas-y-piden-una-integracion-latinoamericana.html#?rel=lom\">Siete jefes de Estado dejan atr\u00e1s las diferencias ideol\u00f3gicas y piden una integraci\u00f3n latinoamericana<\/a><\/li>\n<\/ol>\n<\/div>\n<\/aside>\n<\/div>\n<\/article>\n<article class=\"c  c--m-n   \" data-word=\"0\">\n<header class=\"c_h\"><time datetime=\"2026-01-29T17:44:31+01:00\" class=\"c_da\">17:44<\/time><\/p>\n<h2 class=\"c_t \"><a href=\"https:\/\/elpais.com\/espana\/madrid\/2026-01-29\/ayuso-no-acatara-la-orden-de-prohibir-la-entrada-a-menores-de-18-anos-a-las-corridas-de-toros.html\">Ayuso no acatar\u00e1 la orden de prohibir la entrada a menores de 18 a\u00f1os a las corridas de toros<\/a><\/h2>\n<\/header>\n<\/article>\n<article class=\"c  c--m-n   \" data-word=\"0\">\n<header class=\"c_h\"><time datetime=\"2026-01-29T17:42:11+01:00\" class=\"c_da\">17:42<\/time><\/p>\n<h2 class=\"c_t \"><a href=\"https:\/\/elpais.com\/sociedad\/2026-01-29\/la-fiscalia-investiga-la-administracion-de-vacunas-caducadas-a-103-personas-en-el-pais-vasco.html\">La Fiscal\u00eda investiga la administraci\u00f3n de vacunas caducadas a 103 personas en el Pa\u00eds Vasco<\/a><\/h2>\n<\/header>\n<\/article>\n<article class=\"c  c--m-n   \" data-word=\"0\">\n<header class=\"c_h\"><time datetime=\"2026-01-29T17:25:34+01:00\" class=\"c_da\">17:25<\/time><\/p>\n<h2 class=\"c_t \"><a href=\"https:\/\/elpais.com\/america\/2026-01-29\/joseph-oughourlian-debemos-defender-el-pensamiento-critico-y-la-verdad-cueste-lo-que-cueste.html\">Joseph Oughourlian: \u201cDebemos defender el pensamiento cr\u00edtico y la verdad, cueste lo que cueste\u201d<\/a><\/h2>\n<\/header>\n<\/article>\n<article class=\"c  c--m-n   \" data-word=\"0\">\n<header class=\"c_h\"><time datetime=\"2026-01-29T17:24:19+01:00\" class=\"c_da\">17:24<\/time><\/p>\n<h2 class=\"c_t \"><a href=\"https:\/\/elpais.com\/america\/2026-01-29\/el-segundo-dia-del-foro-economico-internacional-de-america-latina-y-el-caribe-en-imagenes.html\">El segundo d\u00eda del Foro Econ\u00f3mico Internacional de Am\u00e9rica Latina y el Caribe, en im\u00e1genes<\/a><\/h2>\n<\/header>\n<\/article>\n<p> Source URL: https:\/\/elpais.com\/espana\/madrid\/2026-01-29\/los-correos-internos-que-prueban-que-el-gobierno-de-ayuso-sabia-que-las-residencias-no-se-medicalizaron-en-la-pandemia.html<\/p>\n","protected":false},"excerpt":{"rendered":"<p>&#8216;Caso residencias&#8217; Los correos internos que prueban que el Gobierno de Ayuso sab\u00eda que las residencias no se medicalizaron en la pandemia El firmante de los protocolos alert\u00f3 al inicio de la crisis de que hab\u00eda que \u201csacar\u201d de estos centros a m\u00e1s casos de los previstos: \u201cNo deseo que ninguna autoridad tenga en su [&hellip;]<\/p>\n","protected":false},"author":1,"featured_media":1543206,"comment_status":"open","ping_status":"","sticky":false,"template":"","format":"standard","meta":{"footnotes":""},"categories":[88],"tags":[92],"class_list":["post-1543205","post","type-post","status-publish","format-standard","has-post-thumbnail","hentry","category-spain","tag-elpais-com"],"_links":{"self":[{"href":"https:\/\/analyse.optim.biz\/index.php?rest_route=\/wp\/v2\/posts\/1543205","targetHints":{"allow":["GET"]}}],"collection":[{"href":"https:\/\/analyse.optim.biz\/index.php?rest_route=\/wp\/v2\/posts"}],"about":[{"href":"https:\/\/analyse.optim.biz\/index.php?rest_route=\/wp\/v2\/types\/post"}],"author":[{"embeddable":true,"href":"https:\/\/analyse.optim.biz\/index.php?rest_route=\/wp\/v2\/users\/1"}],"replies":[{"embeddable":true,"href":"https:\/\/analyse.optim.biz\/index.php?rest_route=%2Fwp%2Fv2%2Fcomments&post=1543205"}],"version-history":[{"count":0,"href":"https:\/\/analyse.optim.biz\/index.php?rest_route=\/wp\/v2\/posts\/1543205\/revisions"}],"wp:featuredmedia":[{"embeddable":true,"href":"https:\/\/analyse.optim.biz\/index.php?rest_route=\/wp\/v2\/media\/1543206"}],"wp:attachment":[{"href":"https:\/\/analyse.optim.biz\/index.php?rest_route=%2Fwp%2Fv2%2Fmedia&parent=1543205"}],"wp:term":[{"taxonomy":"category","embeddable":true,"href":"https:\/\/analyse.optim.biz\/index.php?rest_route=%2Fwp%2Fv2%2Fcategories&post=1543205"},{"taxonomy":"post_tag","embeddable":true,"href":"https:\/\/analyse.optim.biz\/index.php?rest_route=%2Fwp%2Fv2%2Ftags&post=1543205"}],"curies":[{"name":"wp","href":"https:\/\/api.w.org\/{rel}","templated":true}]}}