{"id":1543181,"date":"2026-01-29T06:24:56","date_gmt":"2026-01-29T03:24:56","guid":{"rendered":"https:\/\/analyse.optim.biz\/?p=1543181"},"modified":"2026-01-29T06:24:56","modified_gmt":"2026-01-29T03:24:56","slug":"ultima-hora-del-accidente-de-tren-en-cordoba-y-del-servicio-de-rodalies-en-directo-huelva-acoge-un-funeral-por-las-victimas-de-adamuz-al-que-acuden-los-reyes-y-varios-miembros-del-gobierno","status":"publish","type":"post","link":"https:\/\/analyse.optim.biz\/?p=1543181","title":{"rendered":"\u00daltima hora del accidente de tren en C\u00f3rdoba y del servicio de Rodalies, en directo | Huelva acoge un funeral por las v\u00edctimas de Adamuz al que acuden los Reyes y varios miembros del Gobierno"},"content":{"rendered":"<article id=\"main-content\" class=\"a _g _g-lg _g-o\">\n<header class=\"a_e _g _g-xs\">\n<div class=\"a_e_txt _df\">\n<div class=\"a_k _df\"><a class=\"a_k_n a_k_n-l\" href=\"https:\/\/elpais.com\/noticias\/accidente-ferrocarriles-adamuz-2026\/\">V\u00eddeo en directo<\/a><\/div>\n<h1 class=\"a_t\">\u00daltima hora del accidente de tren en C\u00f3rdoba y del servicio de Rodalies, en directo | Huelva acoge un funeral por las v\u00edctimas de Adamuz al que acuden los Reyes y varios miembros del Gobierno<\/h1>\n<p class=\"a_st\">Puente defiende su transparencia tras el accidente de Adamuz: \u201cDije que no me iba a esconder y no lo he hecho\u201d | El PP pide la dimisi\u00f3n del ministro de Transportes: \u201cMentirle a un pa\u00eds entero le invalida para ser ministro\u201d <\/p>\n<\/div>\n<div class=\"a_e_m\">\n<figure class=\"a_m a_m-h \"><span class=\"a_m_w _db\"><img fetchpriority=\"high\" decoding=\"async\" class=\"_re  a_m-h\" height=\"311\" width=\"414\" src=\"https:\/\/analyse.optim.biz\/wp-content\/uploads\/2026\/01\/tkpiz4sofff35gzmpkuvqfeqiy-1.jpeg\" loading=\"eager\" title=\"tkpiz4sofff35gzmpkuvqfeqiy-1\"><\/span><figcaption class=\"a_m_p\" aria-hidden=\"true\"><span>Cola frente al Palacio de Deportes &#8216;Carolina Mar\u00edn&#8217; de Huelva tres horas antes del inicio del funeral por las v\u00edctimas de Adamuz este jueves. <\/span><\/figcaption><\/figure>\n<\/div>\n<\/header>\n<div class=\"a_md _g _g-xs \">\n<figure class=\"a_md_i a_m-h c_m--nf\"><span class=\"a_m_w _db\"><img decoding=\"async\" alt=\"El Pa\u00eds\" class=\"_re lazyload a_m-h\" height=\"100\" width=\"100\" src=\"https:\/\/analyse.optim.biz\/wp-content\/uploads\/2026\/01\/https3a2f2fs3-amazonaws-com2farc-authors2fprisa2f0b9a52b8-006a-4382-938a-05e3d58f07cf-16.png\" loading=\"lazy\" title=\"https3a2f2fs3-amazonaws-com2farc-authors2fprisa2f0b9a52b8-006a-4382-938a-05e3d58f07cf-16\"><\/span><\/figure>\n<div class=\"a_md_txt\">\n<div class=\"a_md_a\" data-dtm-region=\"articulo_firma\"><a href=\"https:\/\/elpais.com\/autor\/el-pais\/#?rel=author_top\" title=\"Ver todas las noticias de El Pa\u00eds\" class=\"a_md_a_n\">El Pa\u00eds<\/a><\/div>\n<div class=\"a_md_f\"><span><time id=\"article_date_u\" data-date=\"2026-01-29T17:16:07+01:00\" datetime=\"2026-01-29T17:16:07+01:00\"><abbr id=\"act_abb\" title=\"actualizado\">Actualizado: <\/abbr>29 ene 2026 &#8211; 17:16<abbr title=\"Central European Time\">CET<\/abbr><\/time><\/span><\/div>\n<div class=\"w_rs\" data-dtm-region=\"articulo_botonera-social\">\n<div class=\"w_rs_i\"><a class=\"_btn hidden\" href=\"\/\/send?text=%C3%9Altima%20hora%20del%20accidente%20de%20tren%20en%20C%C3%B3rdoba%20y%20del%20servicio%20de%20Rodalies%2C%20en%20directo%20%7C%20Huelva%20acoge%20un%20funeral%20por%20las%20v%C3%ADctimas%20de%20Adamuz%20al%20que%20acuden%20los%20Reyes%20y%20varios%20miembros%20del%20Gobierno%0D%0A%0D%0Ahttps%3A%2F%2Felpais.com%2Fespana%2F2026-01-29%2Fultima-hora-del-accidente-de-tren-en-cordoba-y-del-servicio-de-rodalies-en-directo.html%3Fssm=whatsapp_CC\" data-action=\"share\/whatsapp\/share\" data-param-description=\"\u00daltima hora del accidente de tren en C\u00f3rdoba y del servicio de Rodalies, en directo | Huelva acoge un funeral por las v\u00edctimas de Adamuz al que acuden los Reyes y varios miembros del Gobierno\" data-param-href=\"https:\/\/elpais.com\/espana\/2026-01-29\/ultima-hora-del-accidente-de-tren-en-cordoba-y-del-servicio-de-rodalies-en-directo.html\" data-param-text=\"\u00daltima hora del accidente de tren en C\u00f3rdoba y del servicio de Rodalies, en directo | Huelva acoge un funeral por las v\u00edctimas de Adamuz al que acuden los Reyes y varios miembros del Gobierno https:\/\/elpais.com\/espana\/2026-01-29\/ultima-hora-del-accidente-de-tren-en-cordoba-y-del-servicio-de-rodalies-en-directo.html\" data-param-url=\"https:\/\/elpais.com\/espana\/2026-01-29\/ultima-hora-del-accidente-de-tren-en-cordoba-y-del-servicio-de-rodalies-en-directo.html\" target=\"_blank\" rel=\"noopener noreferrer\" data-share-track-dtm=\"whatsapp\" id=\"btn_share_whatsapp_21\"><span class=\"_sr\">Compartir en Whatsapp<\/span><\/a><\/div>\n<div class=\"w_rs_i\"><a class=\"_btn \" href=\"https:\/\/www.facebook.com\/dialog\/share?display=popup&amp;app_id=94039431626&amp;href=https%3A%2F%2Felpais.com%2Fespana%2F2026-01-29%2Fultima-hora-del-accidente-de-tren-en-cordoba-y-del-servicio-de-rodalies-en-directo.html%3Fssm=FB_CC&amp;quote=%C3%9Altima%20hora%20del%20accidente%20de%20tren%20en%20C%C3%B3rdoba%20y%20del%20servicio%20de%20Rodalies%2C%20en%20directo%20%7C%20Huelva%20acoge%20un%20funeral%20por%20las%20v%C3%ADctimas%20de%20Adamuz%20al%20que%20acuden%20los%20Reyes%20y%20varios%20miembros%20del%20Gobierno\" data-param-app_id=\"94039431626\" data-param-description=\"\u00daltima hora del accidente de tren en C\u00f3rdoba y del servicio de Rodalies, en directo | Huelva acoge un funeral por las v\u00edctimas de Adamuz al que acuden los Reyes y varios miembros del Gobierno\" data-param-href=\"https:\/\/elpais.com\/espana\/2026-01-29\/ultima-hora-del-accidente-de-tren-en-cordoba-y-del-servicio-de-rodalies-en-directo.html\" data-param-text=\"\u00daltima hora del accidente de tren en C\u00f3rdoba y del servicio de Rodalies, en directo | Huelva acoge un funeral por las v\u00edctimas de Adamuz al que acuden los Reyes y varios miembros del Gobierno\" data-param-url=\"https:\/\/elpais.com\/espana\/2026-01-29\/ultima-hora-del-accidente-de-tren-en-cordoba-y-del-servicio-de-rodalies-en-directo.html\" target=\"_blank\" rel=\"noopener noreferrer\" data-share-track-dtm=\"facebook\" id=\"btn_share_facebook_21\"><span class=\"_sr\">Compartir en Facebook<\/span><\/a><\/div>\n<div class=\"w_rs_i\"><a class=\"_btn \" href=\"https:\/\/twitter.com\/intent\/tweet?url=https%3A%2F%2Felpais.com%2Fespana%2F2026-01-29%2Fultima-hora-del-accidente-de-tren-en-cordoba-y-del-servicio-de-rodalies-en-directo.html%3Fssm=TW_CC&amp;text=%C3%9Altima%20hora%20del%20accidente%20de%20tren%20en%20C%C3%B3rdoba%20y%20del%20servicio%20de%20Rodalies%2C%20en%20directo%20%7C%20Huelva%20acoge%20un%20funeral%20por%20las%20v%C3%ADctimas%20de%20Adamuz%20al%20que%20acuden%20los%20Reyes%20y%20varios%20miembros%20del%20Gobierno&amp;via=el_pais&amp;lang=es\" data-param-description=\"\u00daltima hora del accidente de tren en C\u00f3rdoba y del servicio de Rodalies, en directo | Huelva acoge un funeral por las v\u00edctimas de Adamuz al que acuden los Reyes y varios miembros del Gobierno\" data-param-href=\"https:\/\/elpais.com\/espana\/2026-01-29\/ultima-hora-del-accidente-de-tren-en-cordoba-y-del-servicio-de-rodalies-en-directo.html\" data-param-text=\"\u00daltima hora del accidente de tren en C\u00f3rdoba y del servicio de Rodalies, en directo | Huelva acoge un funeral por las v\u00edctimas de Adamuz al que acuden los Reyes y varios miembros del Gobierno via @el_pais\" data-param-url=\"https:\/\/elpais.com\/espana\/2026-01-29\/ultima-hora-del-accidente-de-tren-en-cordoba-y-del-servicio-de-rodalies-en-directo.html\" target=\"_blank\" rel=\"noopener noreferrer\" data-share-track-dtm=\"twitter\" id=\"btn_share_twitter_21\"><span class=\"_sr\">Compartir en Twitter<\/span><\/a><\/div>\n<div class=\"w_rs_i\"><a class=\"_btn \" href=\"https:\/\/bsky.app\/intent\/compose?text=https%3A%2F%2Felpais.com%2Fespana%2F2026-01-29%2Fultima-hora-del-accidente-de-tren-en-cordoba-y-del-servicio-de-rodalies-en-directo.html%3Fssm=bsky_CC\" data-param-description=\"\u00daltima hora del accidente de tren en C\u00f3rdoba y del servicio de Rodalies, en directo | Huelva acoge un funeral por las v\u00edctimas de Adamuz al que acuden los Reyes y varios miembros del Gobierno\" data-param-href=\"https:\/\/elpais.com\/espana\/2026-01-29\/ultima-hora-del-accidente-de-tren-en-cordoba-y-del-servicio-de-rodalies-en-directo.html\" data-param-text=\"\u00daltima hora del accidente de tren en C\u00f3rdoba y del servicio de Rodalies, en directo | Huelva acoge un funeral por las v\u00edctimas de Adamuz al que acuden los Reyes y varios miembros del Gobierno\" data-param-url=\"https:\/\/elpais.com\/espana\/2026-01-29\/ultima-hora-del-accidente-de-tren-en-cordoba-y-del-servicio-de-rodalies-en-directo.html\" target=\"_blank\" rel=\"noopener noreferrer\" data-share-track-dtm=\"bluesky\" id=\"btn_share_bluesky_21\"><span class=\"_sr\">Compartir en Bluesky<\/span><\/a><\/div>\n<div class=\"w_rs_i\"><a class=\"_btn \" href=\"https:\/\/www.linkedin.com\/sharing\/share-offsite\/?url=https%3A%2F%2Felpais.com%2Fespana%2F2026-01-29%2Fultima-hora-del-accidente-de-tren-en-cordoba-y-del-servicio-de-rodalies-en-directo.html%3Fssm=LK_CC\" data-param-description=\"\u00daltima hora del accidente de tren en C\u00f3rdoba y del servicio de Rodalies, en directo | Huelva acoge un funeral por las v\u00edctimas de Adamuz al que acuden los Reyes y varios miembros del Gobierno\" data-param-href=\"https:\/\/elpais.com\/espana\/2026-01-29\/ultima-hora-del-accidente-de-tren-en-cordoba-y-del-servicio-de-rodalies-en-directo.html\" data-param-text=\"\u00daltima hora del accidente de tren en C\u00f3rdoba y del servicio de Rodalies, en directo | Huelva acoge un funeral por las v\u00edctimas de Adamuz al que acuden los Reyes y varios miembros del Gobierno\" data-param-url=\"https:\/\/elpais.com\/espana\/2026-01-29\/ultima-hora-del-accidente-de-tren-en-cordoba-y-del-servicio-de-rodalies-en-directo.html\" target=\"_blank\" rel=\"noopener noreferrer\" data-share-track-dtm=\"linkedin\" id=\"btn_share_linkedin_21\"><span class=\"_sr\">Compartir en Linkedin<\/span><\/a><\/div>\n<div class=\"w_rs_i\"><a class=\"_btn rs_l\" href=\"https:\/\/elpais.com\/espana\/2026-01-29\/ultima-hora-del-accidente-de-tren-en-cordoba-y-del-servicio-de-rodalies-en-directo.html#?prm=copy_link\" data-share-track-dtm=\"copiar_url\" id=\"btn_share_link_79\"><span class=\"_sr\">Copiar enlace<\/span><\/a><\/div>\n<div class=\"w_rs_i\"><a class=\"_btn rs_c\" href=\"https:\/\/elpais.com\/espana\/2026-01-29\/ultima-hora-del-accidente-de-tren-en-cordoba-y-del-servicio-de-rodalies-en-directo.html#comments_container\" aria-expanded=\"false\" aria-controls=\"me-c\" data-share-track-dtm=\"eskup\" id=\"btn_share_comments_79\"><span class=\"_sr\">Ir a los comentarios<\/span><\/a><\/div>\n<\/div>\n<\/div>\n<\/div>\n<div class=\"a_c clearfix\" data-dtm-region=\"articulo_cuerpo\">\n<section class=\"w w-lbf _pr w-lbf-on\">\n<header class=\"w-lbf_h\">\n<h2 class=\"w_t _dn\">Momentos clave<\/h2>\n<\/header>\n<div class=\"w-lbf_l\">\n<ul id=\"key_events\" data-datetime-ago=\"Hace %s\" class=\"lbf\">\n<li id=\"key-moment-3c0a07dc1abf3707a0331c3c6f5f0385\" class=\"lbf_i\"><a class data-timestamp=\"1769694243\" data-index=\"42\" data-total=\"47\" data-page=\"3\" data-reverse-order=\"false\" href=\"https:\/\/elpais.com\/espana\/2026-01-29\/ultima-hora-del-accidente-de-tren-en-cordoba-y-del-servicio-de-rodalies-en-directo.html#3c0a07dc1abf3707a0331c3c6f5f0385%233\"><time datetime=\"2026-01-29T14:44:03+01:00\" class=\"_db _pr lbf_t\">Hace 3h<\/time><span>Puente: &#8220;Cuando haya un funeral de Estado estar\u00e9 y mirar\u00e9 a la cara a las v\u00edctimas&#8221;<\/span><\/a><\/li>\n<li id=\"key-moment-bddea50b0318383598f687de9f3061d2\" class=\"lbf_i\"><a class data-timestamp=\"1769690826\" data-index=\"38\" data-total=\"47\" data-page=\"2\" data-reverse-order=\"false\" href=\"https:\/\/elpais.com\/espana\/2026-01-29\/ultima-hora-del-accidente-de-tren-en-cordoba-y-del-servicio-de-rodalies-en-directo.html#bddea50b0318383598f687de9f3061d2%232\"><time datetime=\"2026-01-29T13:47:06+01:00\" class=\"_db _pr lbf_t\">Hace 4h<\/time><span>El ministro de Transportes reprocha al PP el recorte inversor durante sus Gobiernos<\/span><\/a><\/li>\n<\/ul>\n<\/div>\n<\/section>\n<p class>Huelva acoge esta tarde un funeral en homenaje a las 45 v\u00edctimas del descarrilamiento de Adamuz, 28 de las cuales viv\u00edan en esta provincia. Est\u00e1 previsto que al acto, que comienza a las 18.00, acudan los Reyes y varios miembros del Gobierno, adem\u00e1s de supervivientes y familiares de los fallecidos, muchos de los cuales van a decidir si asistir\u00e1n en el \u00faltimo momento en funci\u00f3n de su estado de \u00e1nimo y sus condiciones f\u00edsicas. El ministro de Transportes, \u00d3scar Puente, que est\u00e1 compareciendo en el Senado para dar explicaciones de la gesti\u00f3n del accidente, ha defendido la \u201ctransparencia\u201d que ha ejercido desde el principio. \u201cDije que no me iba a esconder y no lo he hecho\u201d. El senador del PP Antonio Silv\u00e1n ha pedido la dimisi\u00f3n de Puente. \u201cMentirle a un pa\u00eds entero le invalida para ser ministro\u201d, ha dicho. Como respuesta, Puente ha afirmado: \u201cPedir que yo dimita es bastante injusto. Yo he cumplido con mis obligaciones. No soy como ustedes, yo no me he escondido en el reservado de un restaurante para no dar la cara\u201d, ha rematado compar\u00e1ndose con Carlos Maz\u00f3n, el expresidente valenciano, y su gesti\u00f3n de la dana.<\/p>\n<p class><i>EL PA\u00cdS ofrece de forma gratuita la \u00faltima hora del accidente de tren de alta velocidad en Adamuz y del servicio de Rodalies. Si quieres apoyar nuestro periodismo, <\/i><a href=\"https:\/\/elpais.com\/suscripciones\/?cid=ZWxwYWlzX2NybV9zdXNjcmlwX2FydGljbGVfYm90dG9tX2RpcmVjdG9fRVM=&amp;prod=SUSDIG&amp;o=susdig_camp\" target=\"_self\" rel title=\"https:\/\/elpais.com\/suscripciones\/?cid=ZWxwYWlzX2NybV9zdXNjcmlwX2FydGljbGVfYm90dG9tX2RpcmVjdG9fRVM=&amp;prod=SUSDIG&amp;o=susdig_camp\"><i>suscr\u00edbete<\/i><\/a><i>.<\/i><\/p>\n<\/div>\n<p>n      &#8220;}},&#8221;video_agency&#8221;:false,&#8221;alt_image&#8221;:&#8221;Los Reyes asisten a la Misa funeral en memoria de las v\u00edctimas del accidente de Adamuz&#8221;},&#8221;url&#8221;:&#8221;https:\/\/analyse.optim.biz\/wp-content\/uploads\/2026\/01\/zoxotysaqbh6dm2lxupynsgo2q-1.jpg&#8221;,&#8221;alt&#8221;:&#8221;Los Reyes asisten a la Misa funeral en memoria de las v\u00edctimas del accidente de Adamuz&#8221;,&#8221;ogWidth&#8221;:16,&#8221;ogHeight&#8221;:9,&#8221;floating&#8221;:false,&#8221;preset&#8221;:{&#8220;crops&#8221;:{&#8220;414w&#8221;:{&#8220;width&#8221;:414,&#8221;height&#8221;:233},&#8221;640w&#8221;:{&#8220;width&#8221;:828,&#8221;height&#8221;:466},&#8221;1000w&#8221;:{&#8220;width&#8221;:980,&#8221;height&#8221;:551},&#8221;1200w&#8221;:{&#8220;width&#8221;:1200,&#8221;height&#8221;:675}},&#8221;sizes&#8221;:&#8221;(min-width:1199px) 661px, (min-width: 1001px) calc((100vw &#8211; 385px)\/12*7 + 186px), (min-width:767px) 767px, 100vw&#8221;,&#8221;default&#8221;:&#8221;414w&#8221;},&#8221;resized_urls&#8221;:{&#8220;414&#215;0&#8243;:&#8221;deOj7bOif6AJsL1XT7lV5Ll4_jM=\/414&#215;0\/&#8221;,&#8221;640&#215;0&#8243;:&#8221;30rVP_d42aVTDvWbZUXQvEJjCcU=\/640&#215;0\/&#8221;,&#8221;1000&#215;0&#8243;:&#8221;yZ_JoFBkLvJ15Vm8BvZwCfYiATg=\/1000&#215;0\/&#8221;,&#8221;1200&#215;0&#8243;:&#8221;Aw4wGWo-UNfq1BO71r27KT7QrbI=\/1200&#215;0\/&#8221;,&#8221;414&#215;414&#8243;:&#8221;dIkziOq5yRGJuljN27_MYbpWQX4=\/414&#215;414\/&#8221;,&#8221;640&#215;640&#8243;:&#8221;P42&#8211;y6XorXCWEvFblD1Vfk1AdM=\/640&#215;640\/&#8221;,&#8221;1000&#215;1000&#8243;:&#8221;9GH0fGKMmiRuFYXG4PWQhtIu_EM=\/1000&#215;1000\/&#8221;,&#8221;1200&#215;1200&#8243;:&#8221;0Ulq5ZLo1yavBWtqoCtGyPomT3I=\/1200&#215;1200\/&#8221;,&#8221;414&#215;311&#8243;:&#8221;k1kIBIOMv6bYFkSG5h08ykQOwU0=\/414&#215;311\/&#8221;,&#8221;640&#215;480&#8243;:&#8221;NuDOfXiDswD6HzObl2ecoS2tNnM=\/640&#215;480\/&#8221;,&#8221;1000&#215;750&#8243;:&#8221;dOYmr77jYlMrvZ0_5KJ3NcHmM9I=\/1000&#215;750\/&#8221;,&#8221;1200&#215;900&#8243;:&#8221;oX3-m-7RWcy-fyDNOZeDZkTiBjk=\/1200&#215;900\/&#8221;,&#8221;414&#215;233&#8243;:&#8221;qfli&#8211;nlSm-PR1ovyb_uK-rJVv4=\/414&#215;233\/&#8221;,&#8221;640&#215;360&#8243;:&#8221;9OhH9Y9S5TR8i60inPU-Kwgdupk=\/640&#215;360\/&#8221;,&#8221;1000&#215;563&#8243;:&#8221;b7wXHU2DHQ4rp9qGHwX0yfizRWg=\/1000&#215;563\/&#8221;,&#8221;1200&#215;675&#8243;:&#8221;J55txr4lVqLzCltcIarPO0fBI7U=\/1200&#215;675\/&#8221;,&#8221;828&#215;0&#8243;:&#8221;opcPi7A-ACRt_4ZKdyWDTW_AcBk=\/828&#215;0\/&#8221;,&#8221;980&#215;0&#8243;:&#8221;Ml8hou0X6H0anjzzlOBgdDcj1bw=\/980&#215;0\/&#8221;,&#8221;1960&#215;0&#8243;:&#8221;gWgHxJ_qGYWX0P685qKmTDB0pg0=\/1960&#215;0\/&#8221;,&#8221;828&#215;828&#8243;:&#8221;to2-yijo5MU9LIpk7BP_xpYhjZQ=\/828&#215;828\/&#8221;,&#8221;980&#215;980&#8243;:&#8221;8U9zuEi9hzoVc9qZdRES55rWLvE=\/980&#215;980\/&#8221;,&#8221;1960&#215;1960&#8243;:&#8221;RzqTGVBil2mynU6XASpSYl2Tw5A=\/1960&#215;1960\/&#8221;,&#8221;828&#215;621&#8243;:&#8221;RfSeQUUb2NfnEqf9HO4BJ8atyk8=\/828&#215;621\/&#8221;,&#8221;980&#215;735&#8243;:&#8221;UIfo8J8VzVIjbZm-EjwPaHy5fk0=\/980&#215;735\/&#8221;,&#8221;1960&#215;1470&#8243;:&#8221;7atB87iFFkEGH1nHmFgt1pL2lcI=\/1960&#215;1470\/&#8221;,&#8221;828&#215;466&#8243;:&#8221;WCoRTUBJyBBDbeaxIKkG8raXUyM=\/828&#215;466\/&#8221;,&#8221;980&#215;551&#8243;:&#8221;3EDE_yUwZ68YRxeu1cVKKY_pITU=\/980&#215;551\/&#8221;,&#8221;1960&#215;1103&#8243;:&#8221;6GcVuMO-SYHr0mQuhZpQ2PYSo7o=\/1960&#215;1103\/&#8221;,&#8221;146&#215;110&#8243;:&#8221;cyhH_D59Kqoj8W7GvWA4mxhPq_Q=\/146&#215;110\/&#8221;,&#8221;292&#215;219&#8243;:&#8221;XeDMl-tJB9CdYRWJFvafnatQk_o=\/292&#215;219\/&#8221;,&#8221;290&#215;290&#8243;:&#8221;rx0A2ekiHOLmvzgZIl2vzDl5YR0=\/290&#215;290\/&#8221;,&#8221;145&#215;145&#8243;:&#8221;94tKH9sIZwLxfAWZlEKqOKyYQdg=\/145&#215;145\/&#8221;,&#8221;100&#215;100&#8243;:&#8221;y_c9qmX69wGSAiOgSx21HTQEfgg=\/100&#215;100\/&#8221;,&#8221;80&#215;80&#8243;:&#8221;tlQA1iWwYsWnoj_u4RdKxY1jF0A=\/80&#215;80\/&#8221;,&#8221;117&#215;20&#8243;:&#8221;ijso4na-pKkPeN8pFMxanq4YPQg=\/117&#215;20\/&#8221;,&#8221;35&#215;35&#8243;:&#8221;aN6jk2IMk&#8211;ehw68l2dbWU7T8yw=\/35&#215;35\/&#8221;,&#8221;643&#215;361&#8243;:&#8221;ApO7yJq3KX5c3Q-HcqM8GaABu14=\/643&#215;361\/&#8221;,&#8221;1286&#215;722&#8243;:&#8221;7SzDmK3wcaPmh7d70309ehiTJ_E=\/1286&#215;722\/&#8221;,&#8221;180&#215;180&#8243;:&#8221;b_NsEwbcj5o4zjpvJ94VzLQYS6Q=\/180&#215;180\/&#8221;,&#8221;300&#215;300&#8243;:&#8221;X5_hBq-Z5Y_fBNt7TLeFbJX43QA=\/300&#215;300\/&#8221;,&#8221;260&#215;390&#8243;:&#8221;Za_NIyzkHqFPW5ASj9Bb1baR6bw=\/260&#215;390\/&#8221;,&#8221;400&#215;600&#8243;:&#8221;v_l-B0_WaLdCE5zXZvhTtxVf2xA=\/400&#215;600\/&#8221;,&#8221;220&#215;220&#8243;:&#8221;Trsakd4SzuTdqb-y_ZIRJazXcAY=\/220&#215;220\/&#8221;,&#8221;440&#215;440&#8243;:&#8221;-zeK8hUiU0oE7jl3m9YKy2olX30=\/440&#215;440\/&#8221;,&#8221;660&#215;660&#8243;:&#8221;HigAf5BJg2ac0Rh_zcQOXrnYEG0=\/660&#215;660\/&#8221;},&#8221;resized_urls_v2&#8243;:{&#8220;414&#215;0&#8243;:&#8221;\/ZOXOTYSAQBH6DM2LXUPYNSGO2Q.JPG?auth=6cb876d738d3fd705da1ec7725d8b2d9a73168f1114c33b7cec5960dc903e4c1&amp;width=414&#8243;,&#8221;640&#215;0&#8243;:&#8221;\/ZOXOTYSAQBH6DM2LXUPYNSGO2Q.JPG?auth=6cb876d738d3fd705da1ec7725d8b2d9a73168f1114c33b7cec5960dc903e4c1&amp;width=640&#8243;,&#8221;1000&#215;0&#8243;:&#8221;\/ZOXOTYSAQBH6DM2LXUPYNSGO2Q.JPG?auth=6cb876d738d3fd705da1ec7725d8b2d9a73168f1114c33b7cec5960dc903e4c1&amp;width=1000&#8243;,&#8221;1200&#215;0&#8243;:&#8221;\/ZOXOTYSAQBH6DM2LXUPYNSGO2Q.JPG?auth=6cb876d738d3fd705da1ec7725d8b2d9a73168f1114c33b7cec5960dc903e4c1&amp;width=1200&#8243;,&#8221;414&#215;414&#8243;:&#8221;\/ZOXOTYSAQBH6DM2LXUPYNSGO2Q.JPG?auth=6cb876d738d3fd705da1ec7725d8b2d9a73168f1114c33b7cec5960dc903e4c1&amp;width=414&amp;height=414&amp;smart=true&#8221;,&#8221;640&#215;640&#8243;:&#8221;\/ZOXOTYSAQBH6DM2LXUPYNSGO2Q.JPG?auth=6cb876d738d3fd705da1ec7725d8b2d9a73168f1114c33b7cec5960dc903e4c1&amp;width=640&amp;height=640&amp;smart=true&#8221;,&#8221;1000&#215;1000&#8243;:&#8221;\/ZOXOTYSAQBH6DM2LXUPYNSGO2Q.JPG?auth=6cb876d738d3fd705da1ec7725d8b2d9a73168f1114c33b7cec5960dc903e4c1&amp;width=1000&amp;height=1000&amp;smart=true&#8221;,&#8221;1200&#215;1200&#8243;:&#8221;\/ZOXOTYSAQBH6DM2LXUPYNSGO2Q.JPG?auth=6cb876d738d3fd705da1ec7725d8b2d9a73168f1114c33b7cec5960dc903e4c1&amp;width=1200&amp;height=1200&amp;smart=true&#8221;,&#8221;414&#215;311&#8243;:&#8221;\/ZOXOTYSAQBH6DM2LXUPYNSGO2Q.JPG?auth=6cb876d738d3fd705da1ec7725d8b2d9a73168f1114c33b7cec5960dc903e4c1&amp;width=414&amp;height=311&amp;smart=true&#8221;,&#8221;640&#215;480&#8243;:&#8221;\/ZOXOTYSAQBH6DM2LXUPYNSGO2Q.JPG?auth=6cb876d738d3fd705da1ec7725d8b2d9a73168f1114c33b7cec5960dc903e4c1&amp;width=640&amp;height=480&amp;smart=true&#8221;,&#8221;1000&#215;750&#8243;:&#8221;\/ZOXOTYSAQBH6DM2LXUPYNSGO2Q.JPG?auth=6cb876d738d3fd705da1ec7725d8b2d9a73168f1114c33b7cec5960dc903e4c1&amp;width=1000&amp;height=750&amp;smart=true&#8221;,&#8221;1200&#215;900&#8243;:&#8221;\/ZOXOTYSAQBH6DM2LXUPYNSGO2Q.JPG?auth=6cb876d738d3fd705da1ec7725d8b2d9a73168f1114c33b7cec5960dc903e4c1&amp;width=1200&amp;height=900&amp;smart=true&#8221;,&#8221;414&#215;233&#8243;:&#8221;\/ZOXOTYSAQBH6DM2LXUPYNSGO2Q.JPG?auth=6cb876d738d3fd705da1ec7725d8b2d9a73168f1114c33b7cec5960dc903e4c1&amp;width=414&amp;height=233&amp;smart=true&#8221;,&#8221;640&#215;360&#8243;:&#8221;\/ZOXOTYSAQBH6DM2LXUPYNSGO2Q.JPG?auth=6cb876d738d3fd705da1ec7725d8b2d9a73168f1114c33b7cec5960dc903e4c1&amp;width=640&amp;height=360&amp;smart=true&#8221;,&#8221;1000&#215;563&#8243;:&#8221;\/ZOXOTYSAQBH6DM2LXUPYNSGO2Q.JPG?auth=6cb876d738d3fd705da1ec7725d8b2d9a73168f1114c33b7cec5960dc903e4c1&amp;width=1000&amp;height=563&amp;smart=true&#8221;,&#8221;1200&#215;675&#8243;:&#8221;\/ZOXOTYSAQBH6DM2LXUPYNSGO2Q.JPG?auth=6cb876d738d3fd705da1ec7725d8b2d9a73168f1114c33b7cec5960dc903e4c1&amp;width=1200&amp;height=675&amp;smart=true&#8221;,&#8221;828&#215;0&#8243;:&#8221;\/ZOXOTYSAQBH6DM2LXUPYNSGO2Q.JPG?auth=6cb876d738d3fd705da1ec7725d8b2d9a73168f1114c33b7cec5960dc903e4c1&amp;width=828&#8243;,&#8221;980&#215;0&#8243;:&#8221;\/ZOXOTYSAQBH6DM2LXUPYNSGO2Q.JPG?auth=6cb876d738d3fd705da1ec7725d8b2d9a73168f1114c33b7cec5960dc903e4c1&amp;width=980&#8243;,&#8221;1960&#215;0&#8243;:&#8221;\/ZOXOTYSAQBH6DM2LXUPYNSGO2Q.JPG?auth=6cb876d738d3fd705da1ec7725d8b2d9a73168f1114c33b7cec5960dc903e4c1&amp;width=1960&#8243;,&#8221;828&#215;828&#8243;:&#8221;\/ZOXOTYSAQBH6DM2LXUPYNSGO2Q.JPG?auth=6cb876d738d3fd705da1ec7725d8b2d9a73168f1114c33b7cec5960dc903e4c1&amp;width=828&amp;height=828&amp;smart=true&#8221;,&#8221;980&#215;980&#8243;:&#8221;\/ZOXOTYSAQBH6DM2LXUPYNSGO2Q.JPG?auth=6cb876d738d3fd705da1ec7725d8b2d9a73168f1114c33b7cec5960dc903e4c1&amp;width=980&amp;height=980&amp;smart=true&#8221;,&#8221;1960&#215;1960&#8243;:&#8221;\/ZOXOTYSAQBH6DM2LXUPYNSGO2Q.JPG?auth=6cb876d738d3fd705da1ec7725d8b2d9a73168f1114c33b7cec5960dc903e4c1&amp;width=1960&amp;height=1960&amp;smart=true&#8221;,&#8221;828&#215;621&#8243;:&#8221;\/ZOXOTYSAQBH6DM2LXUPYNSGO2Q.JPG?auth=6cb876d738d3fd705da1ec7725d8b2d9a73168f1114c33b7cec5960dc903e4c1&amp;width=828&amp;height=621&amp;smart=true&#8221;,&#8221;980&#215;735&#8243;:&#8221;\/ZOXOTYSAQBH6DM2LXUPYNSGO2Q.JPG?auth=6cb876d738d3fd705da1ec7725d8b2d9a73168f1114c33b7cec5960dc903e4c1&amp;width=980&amp;height=735&amp;smart=true&#8221;,&#8221;1960&#215;1470&#8243;:&#8221;\/ZOXOTYSAQBH6DM2LXUPYNSGO2Q.JPG?auth=6cb876d738d3fd705da1ec7725d8b2d9a73168f1114c33b7cec5960dc903e4c1&amp;width=1960&amp;height=1470&amp;smart=true&#8221;,&#8221;828&#215;466&#8243;:&#8221;\/ZOXOTYSAQBH6DM2LXUPYNSGO2Q.JPG?auth=6cb876d738d3fd705da1ec7725d8b2d9a73168f1114c33b7cec5960dc903e4c1&amp;width=828&amp;height=466&amp;smart=true&#8221;,&#8221;980&#215;551&#8243;:&#8221;\/ZOXOTYSAQBH6DM2LXUPYNSGO2Q.JPG?auth=6cb876d738d3fd705da1ec7725d8b2d9a73168f1114c33b7cec5960dc903e4c1&amp;width=980&amp;height=551&amp;smart=true&#8221;,&#8221;1960&#215;1103&#8243;:&#8221;\/ZOXOTYSAQBH6DM2LXUPYNSGO2Q.JPG?auth=6cb876d738d3fd705da1ec7725d8b2d9a73168f1114c33b7cec5960dc903e4c1&amp;width=1960&amp;height=1103&amp;smart=true&#8221;,&#8221;146&#215;110&#8243;:&#8221;\/ZOXOTYSAQBH6DM2LXUPYNSGO2Q.JPG?auth=6cb876d738d3fd705da1ec7725d8b2d9a73168f1114c33b7cec5960dc903e4c1&amp;width=146&amp;height=110&amp;smart=true&#8221;,&#8221;292&#215;219&#8243;:&#8221;\/ZOXOTYSAQBH6DM2LXUPYNSGO2Q.JPG?auth=6cb876d738d3fd705da1ec7725d8b2d9a73168f1114c33b7cec5960dc903e4c1&amp;width=292&amp;height=219&amp;smart=true&#8221;,&#8221;290&#215;290&#8243;:&#8221;\/ZOXOTYSAQBH6DM2LXUPYNSGO2Q.JPG?auth=6cb876d738d3fd705da1ec7725d8b2d9a73168f1114c33b7cec5960dc903e4c1&amp;width=290&amp;height=290&amp;smart=true&#8221;,&#8221;145&#215;145&#8243;:&#8221;\/ZOXOTYSAQBH6DM2LXUPYNSGO2Q.JPG?auth=6cb876d738d3fd705da1ec7725d8b2d9a73168f1114c33b7cec5960dc903e4c1&amp;width=145&amp;height=145&amp;smart=true&#8221;,&#8221;100&#215;100&#8243;:&#8221;\/ZOXOTYSAQBH6DM2LXUPYNSGO2Q.JPG?auth=6cb876d738d3fd705da1ec7725d8b2d9a73168f1114c33b7cec5960dc903e4c1&amp;width=100&amp;height=100&amp;smart=true&#8221;,&#8221;80&#215;80&#8243;:&#8221;\/ZOXOTYSAQBH6DM2LXUPYNSGO2Q.JPG?auth=6cb876d738d3fd705da1ec7725d8b2d9a73168f1114c33b7cec5960dc903e4c1&amp;width=80&amp;height=80&amp;smart=true&#8221;,&#8221;117&#215;20&#8243;:&#8221;\/ZOXOTYSAQBH6DM2LXUPYNSGO2Q.JPG?auth=6cb876d738d3fd705da1ec7725d8b2d9a73168f1114c33b7cec5960dc903e4c1&amp;width=117&amp;height=20&amp;smart=true&#8221;,&#8221;35&#215;35&#8243;:&#8221;\/ZOXOTYSAQBH6DM2LXUPYNSGO2Q.JPG?auth=6cb876d738d3fd705da1ec7725d8b2d9a73168f1114c33b7cec5960dc903e4c1&amp;width=35&amp;height=35&amp;smart=true&#8221;,&#8221;643&#215;361&#8243;:&#8221;\/ZOXOTYSAQBH6DM2LXUPYNSGO2Q.JPG?auth=6cb876d738d3fd705da1ec7725d8b2d9a73168f1114c33b7cec5960dc903e4c1&amp;width=643&amp;height=361&amp;smart=true&#8221;,&#8221;1286&#215;722&#8243;:&#8221;\/ZOXOTYSAQBH6DM2LXUPYNSGO2Q.JPG?auth=6cb876d738d3fd705da1ec7725d8b2d9a73168f1114c33b7cec5960dc903e4c1&amp;width=1286&amp;height=722&amp;smart=true&#8221;,&#8221;180&#215;180&#8243;:&#8221;\/ZOXOTYSAQBH6DM2LXUPYNSGO2Q.JPG?auth=6cb876d738d3fd705da1ec7725d8b2d9a73168f1114c33b7cec5960dc903e4c1&amp;width=180&amp;height=180&amp;smart=true&#8221;,&#8221;300&#215;300&#8243;:&#8221;\/ZOXOTYSAQBH6DM2LXUPYNSGO2Q.JPG?auth=6cb876d738d3fd705da1ec7725d8b2d9a73168f1114c33b7cec5960dc903e4c1&amp;width=300&amp;height=300&amp;smart=true&#8221;,&#8221;260&#215;390&#8243;:&#8221;\/ZOXOTYSAQBH6DM2LXUPYNSGO2Q.JPG?auth=6cb876d738d3fd705da1ec7725d8b2d9a73168f1114c33b7cec5960dc903e4c1&amp;width=260&amp;height=390&amp;smart=true&#8221;,&#8221;400&#215;600&#8243;:&#8221;\/ZOXOTYSAQBH6DM2LXUPYNSGO2Q.JPG?auth=6cb876d738d3fd705da1ec7725d8b2d9a73168f1114c33b7cec5960dc903e4c1&amp;width=400&amp;height=600&amp;smart=true&#8221;,&#8221;220&#215;220&#8243;:&#8221;\/ZOXOTYSAQBH6DM2LXUPYNSGO2Q.JPG?auth=6cb876d738d3fd705da1ec7725d8b2d9a73168f1114c33b7cec5960dc903e4c1&amp;width=220&amp;height=220&amp;smart=true&#8221;,&#8221;440&#215;440&#8243;:&#8221;\/ZOXOTYSAQBH6DM2LXUPYNSGO2Q.JPG?auth=6cb876d738d3fd705da1ec7725d8b2d9a73168f1114c33b7cec5960dc903e4c1&amp;width=440&amp;height=440&amp;smart=true&#8221;,&#8221;660&#215;660&#8243;:&#8221;\/ZOXOTYSAQBH6DM2LXUPYNSGO2Q.JPG?auth=6cb876d738d3fd705da1ec7725d8b2d9a73168f1114c33b7cec5960dc903e4c1&amp;width=660&amp;height=660&amp;smart=true&#8221;}});<\/p>\n<div class=\"videoTop videoTop-v\">\n<div id=\"video_20260129163810468\">\n<div class=\"videoTop videoTop-ph\" id=\"ph_video_20260129163810468\">\n<div role=\"button\" class=\"posicionador\" aria-label=\"Reproducir v\u00eddeo\"><img decoding=\"async\" class=\"_re lazyload a_m-h\" height=\"233\" width=\"414\" src=\"https:\/\/analyse.optim.biz\/wp-content\/uploads\/2026\/01\/zoxotysaqbh6dm2lxupynsgo2q.jpg\" loading=\"lazy\" title=\"zoxotysaqbh6dm2lxupynsgo2q\"><\/p>\n<div class=\"_pa _df ph-v_b\">\n<div class=\"_df ph-v_c\">\n<div class=\"ph-v_t\">Los Reyes asisten a la Misa funeral en memoria de las v\u00edctimas del accidente de Adamuz<\/div>\n<\/div>\n<\/div>\n<\/div>\n<\/div>\n<\/div>\n<\/div>\n<div id=\"les\">\n<div class=\"stream-panel\"><a id=\"stream-panel-message\" class=\"_dn stream-panel-content\" href=\"https:\/\/elpais.com\/espana\/2026-01-29\/ultima-hora-del-accidente-de-tren-en-cordoba-y-del-servicio-de-rodalies-en-directo.html\">Publicaciones nuevas<\/a><\/div>\n<div id=\"les_messages\">\n<div id=\"c640561dee1f3337b943039526d3bc5d\" class=\"stream-ev-wr\">\n<div id=\"b1414db78ff63adc952582206be41583\" data-les-card=\"news\" data-sort-time=\"1769703367000\" data-update-time=\"1769703367000\" class=\"ev-unit ev-unit-news\" data-is-key-card=\"false\">\n<div class=\"ev-au ev-au-single\">\n<figure class=\"ev-au-photo\"><img loading=\"lazy\" decoding=\"async\" class=\"ev-au-img\" src=\"https:\/\/analyse.optim.biz\/wp-content\/uploads\/2026\/01\/0b9a52b8-006a-4382-938a-05e3d58f07cf-1.png\" width=\"45\" height=\"45\" alt=\"El Pa\u00eds\" title=\"0b9a52b8-006a-4382-938a-05e3d58f07cf-1\"><\/figure>\n<div class=\"ev-au-text\"><span class=\"ev-au-name\">El Pa\u00eds<\/span><\/div>\n<\/div>\n<div class=\"ev-me-ct\">\n<figure><a target=\"_blank\" href=\"https:\/\/elpais.com\/espana\/2026-01-29\/erc-y-junts-cargan-contra-el-gobierno-por-rodalies-pese-al-nuevo-plan-de-8000-millones-en-mejoras.html\"><img decoding=\"async\" src=\"https:\/\/analyse.optim.biz\/wp-content\/uploads\/2026\/01\/x2zarodh4nptbb5zfa4gazf43u.jpg\" width=\"414\" height=\"276\" alt=\"ERC y Junts cargan contra el Gobierno por Rodalies pese al nuevo plan de 8.000 millones en mejoras\" loading=\"lazy\" title=\"x2zarodh4nptbb5zfa4gazf43u\"><\/a><\/figure>\n<\/div>\n<div class=\"ev-main\">\n<div class=\"ev-text\">\n<p class=\"ev-kicker\"><a target=\"_blank\" href=\"https:\/\/elpais.com\/noticias\/accidente-ferrocarriles-adamuz-2026\/\">Crisis ferroviaria<\/a><\/p>\n<p class=\"ev-title\"><a target=\"_blank\" href=\"https:\/\/elpais.com\/espana\/2026-01-29\/erc-y-junts-cargan-contra-el-gobierno-por-rodalies-pese-al-nuevo-plan-de-8000-millones-en-mejoras.html\">ERC y Junts cargan contra el Gobierno por Rodalies pese al nuevo plan de 8.000 millones en mejoras<\/a><\/p>\n<div class=\"ev-authorship\"><a href=\"https:\/\/elpais.com\/autor\/javier-fernandez-magarino\/\" class=\"ev-author\">J. F. Magari\u00f1o<\/a><\/div>\n<\/div>\n<\/div>\n<div class=\"ev-main\">\n<div class=\"ev-text\">\n<p>Los dos accidentes ferroviarios del 20 de enero en la red ferroviaria de Rodalies generaron una nueva\u00a0<a href=\"https:\/\/elpais.com\/espana\/catalunya\/2026-01-27\/el-hartazgo-de-los-pasajeros-de-rodalies-me-planteo-cambiar-de-trabajo-y-de-residencia.html\" target=\"_blank\">crisis en este modo de transporte en Catalu\u00f1a<\/a>, la de ahora sin precedentes, con\u00a0<a href=\"https:\/\/elpais.com\/espana\/catalunya\/2026-01-20\/varios-heridos-por-la-caia-de-un-muro-sobre-un-convoy-de-rodalies-en-gelida-barcelona.html\" target=\"_blank\">una v\u00edctima en el accidente de Gelida<\/a>\u00a0(Barcelona), un plante de los maquinistas por temor a circular y varios d\u00edas de par\u00f3n en el servicio. Tambi\u00e9n ha generado una grieta pol\u00edtica, que distancia a ERC del Ejecutivo y agrava la ya existente con Junts.\u00a0<a href=\"https:\/\/elpais.com\/espana\/catalunya\/2026-01-26\/cesados-dos-altos-cargos-de-rodalies-y-renfe-por-el-caos-ferroviario-en-cataluna.html\" target=\"_blank\">Con las v\u00edas bajo gesti\u00f3n de Adif y los trenes tutelados por Renfe<\/a>, el ministro de Transportes, \u00d3scar Puente, ha dado explicaciones esta tarde en el Senado, donde le han llovido m\u00faltiples reproches, y nuevas peticiones de dimisi\u00f3n, despu\u00e9s de que tratara de llevar el debate a la falta de atenci\u00f3n a esta red ferroviaria catalana durante los gobiernos de Jos\u00e9 Mar\u00eda Aznar y Mariano Rajoy.<\/p>\n<p><a href=\"https:\/\/elpais.com\/espana\/2026-01-29\/erc-y-junts-cargan-contra-el-gobierno-por-rodalies-pese-al-nuevo-plan-de-8000-millones-en-mejoras.html\" target=\"_blank\">Puede leer aqu\u00ed informaci\u00f3n completa<\/a><\/p>\n<\/div>\n<div class=\"ev-meta\">\n<div class=\"ev-date\"><time datetime=\"2026-01-29T17:16:07.000+01:00\" class=\"ev-date-updated\">Publicado a las: 17:16 CET 29\/01\/2026 <\/time><\/div>\n<\/div>\n<\/div>\n<\/div>\n<div id=\"f23eceb0259d38b7b2e5b21ada1642ef\" data-les-card=\"image\" data-sort-time=\"1769702290000\" data-update-time=\"1769702516000\" class=\"ev-unit ev-unit-image\" data-is-key-card=\"false\">\n<div class=\"ev-au ev-au-single\">\n<figure class=\"ev-au-photo\"><img loading=\"lazy\" decoding=\"async\" class=\"ev-au-img\" src=\"https:\/\/analyse.optim.biz\/wp-content\/uploads\/2026\/01\/6d58cb11-5a07-4ca7-8076-8be9706a3d8a-1.png\" width=\"45\" height=\"45\" alt=\"Eva Saiz\" title=\"6d58cb11-5a07-4ca7-8076-8be9706a3d8a-1\"><\/figure>\n<div class=\"ev-au-text\"><span class=\"ev-au-name\">Eva Saiz<\/span><\/div>\n<\/div>\n<div class=\"ev-me-ct\">\n<figure><img decoding=\"async\" alt=\"Familiares de las v\u00edctimas del accidente en Adamuz esperan el comienzo de la misa funeral en Huelva.\" src=\"https:\/\/analyse.optim.biz\/wp-content\/uploads\/2026\/01\/zoxotysaqbh6dm2lxupynsgo2q-1.jpg\" width=\"4721\" height=\"auto\" loading=\"lazy\" title=\"zoxotysaqbh6dm2lxupynsgo2q-1\"><\/figure><figcaption class=\"fc\">\n<p>Familiares de las v\u00edctimas del accidente en Adamuz esperan el comienzo de la misa funeral en Huelva. \/ Jon Nazca \/ REUTERS<\/p>\n<\/figcaption><\/div>\n<div class=\"ev-main\">\n<div class=\"ev-text\">\n<p class=\"ev-title\">Los familiares de las v\u00edctimas y supervivientes van ocupando los asientos en el Palacio de Deportes<\/p>\n<p>Algunos a\u00fan llevan el collar\u00edn, andan ayudados por una muleta o en silla de ruedas para apoyar una pierna en cabestrillo o mantienen ap\u00f3sitos que cubren heridas. Guiados por un cura o un miembro de la organizaci\u00f3n, poco a poco los supervivientes y los familiares de las v\u00edctimas del accidente ferroviario de Adamuz van tomando asiento. De los 126 heridos que han atendido los servicios sanitarios de la Junta, 18 todav\u00eda siguen ingresados, cuatro de ellos en la UCI. Los sanitarios de Cruz Roja se mueven entre las filas interes\u00e1ndose por algunos de ellos.\u00a0<\/p>\n<p>El resto de butacas reservadas para el p\u00fablico en las gradas laterales ya est\u00e1n pr\u00e1cticamente llenas a poco m\u00e1s de una hora para que comience la misa funeral. La di\u00f3cesis calcula que asistir\u00e1n al funeral unas 4.000 personas.<\/p>\n<\/div>\n<div class=\"ev-meta\">\n<div class=\"ev-date\"><time datetime=\"2026-01-29T17:01:56.000+01:00\" class=\"ev-date-updated\">Publicado a las: 16:58 CET 29\/01\/2026  y modificado a las 17:01 CET 29\/01\/2026 <\/time><\/div>\n<\/div>\n<\/div>\n<\/div>\n<div id=\"4c5d0654c78233389308d16ed3064926\" data-les-card=\"default\" data-sort-time=\"1769701667000\" data-update-time=\"1769701667000\" class=\"ev-unit ev-unit-default\" data-is-key-card=\"false\">\n<div class=\"ev-au ev-au-single\">\n<figure class=\"ev-au-photo\"><img loading=\"lazy\" decoding=\"async\" class=\"ev-au-img\" src=\"https:\/\/analyse.optim.biz\/wp-content\/uploads\/2026\/01\/35683851-55a3-44ad-8025-61c5ecde4884.png\" width=\"45\" height=\"45\" alt=\"Carlos E. Cu\u00e9\" title=\"35683851-55a3-44ad-8025-61c5ecde4884\"><\/figure>\n<div class=\"ev-au-text\"><span class=\"ev-au-name\">Carlos E. Cu\u00e9<\/span><\/div>\n<\/div>\n<div class=\"ev-main\">\n<div class=\"ev-text\">\n<p class=\"ev-title\">Puente: \u201cLes molesto porque hago muy bien mi trabajo\u201d<\/p>\n<p>El debate en el Senado ha subido mucho de todo en la recta final. Ante las peticiones de dimisi\u00f3n del PP, Vox y Junts, Puente se ha revuelto con apelaciones personales. \u201cMe da igual lo que me digan. Yo les molesto no por mala gesti\u00f3n, sino porque hago muy bien mi trabajo.\u00a0Es imposible que perdonen la tarde que saqu\u00e9\u00a0un espejo y se lo puse al se\u00f1or Feij\u00f3o\u201d ha se\u00f1alado recordando el debate de investidura fallido del PP en 2023. \u201cQue siga escociendo y que siga curando. Yo no desprecio a las v\u00edctimas.\u00a0Despreciar a las v\u00edctimas es llamarlas plataforma de frustrados\u201d ha dicho en referencia a Isabel D\u00edaz Ayuso. \u201cJam\u00e1s dir\u00e9 nada contra las v\u00edctimas\u201d, ha rematado.<\/p>\n<\/div>\n<div class=\"ev-meta\">\n<div class=\"ev-date\"><time datetime=\"2026-01-29T16:47:47.000+01:00\" class=\"ev-date-updated\">Publicado a las: 16:47 CET 29\/01\/2026 <\/time><\/div>\n<\/div>\n<\/div>\n<\/div>\n<div id=\"ab814dd4c29137cf97001d8574dbf3c3\" data-les-card=\"default\" data-sort-time=\"1769700626000\" data-update-time=\"1769700626000\" class=\"ev-unit ev-unit-default\" data-is-key-card=\"false\">\n<div class=\"ev-au ev-au-single\">\n<figure class=\"ev-au-photo\"><img loading=\"lazy\" decoding=\"async\" class=\"ev-au-img\" src=\"https:\/\/analyse.optim.biz\/wp-content\/uploads\/2026\/01\/35683851-55a3-44ad-8025-61c5ecde4884.png\" width=\"45\" height=\"45\" alt=\"Carlos E. Cu\u00e9\" title=\"35683851-55a3-44ad-8025-61c5ecde4884\"><\/figure>\n<div class=\"ev-au-text\"><span class=\"ev-au-name\">Carlos E. Cu\u00e9<\/span><\/div>\n<\/div>\n<div class=\"ev-main\">\n<div class=\"ev-text\">\n<p class=\"ev-title\">PP, Vox y Junts piden la dimisi\u00f3n de Puente, ERC suaviza<\/p>\n<p>El PP, Vox y Junts han pedido con mucha claridad y con palabras duras la dimisi\u00f3n de \u00d3scar Puente, en el caso de los independentistas catalanes por la crisis de Rodalies, los cercan\u00edas de esta comunidad. PP y Vox la han pedido tambi\u00e9n por el accidente de Adamuz. ERC, sin embargo, ha suavizado algo su posici\u00f3n, muy cr\u00edtica, y ha dicho que Puente \u201cha dimitido de facto\u201d de su responsabilidad en Rodalies, pero no ha pedido expresamente que caiga el ministro. La oposici\u00f3n ha ido directa a pedir la salida de Puente, pero el ministro ha evitado el tono m\u00e1s bronco y el debate est\u00e1 siendo m\u00e1s tranquilo de lo esperado.<\/p>\n<\/div>\n<div class=\"ev-meta\">\n<div class=\"ev-date\"><time datetime=\"2026-01-29T16:30:26.000+01:00\" class=\"ev-date-updated\">Publicado a las: 16:30 CET 29\/01\/2026 <\/time><\/div>\n<\/div>\n<\/div>\n<\/div>\n<div id=\"8c0d0ac86e0e35098d581cfc0886e0b0\" data-les-card=\"image\" data-sort-time=\"1769699994000\" data-update-time=\"1769700269000\" class=\"ev-unit ev-unit-image\" data-is-key-card=\"false\">\n<div class=\"ev-au ev-au-single\">\n<figure class=\"ev-au-photo\"><img loading=\"lazy\" decoding=\"async\" class=\"ev-au-img\" src=\"https:\/\/analyse.optim.biz\/wp-content\/uploads\/2026\/01\/6d58cb11-5a07-4ca7-8076-8be9706a3d8a-1.png\" width=\"45\" height=\"45\" alt=\"Eva Saiz\" title=\"6d58cb11-5a07-4ca7-8076-8be9706a3d8a-1\"><\/figure>\n<div class=\"ev-au-text\"><span class=\"ev-au-name\">Eva Saiz<\/span><\/div>\n<\/div>\n<div class=\"ev-me-ct\">\n<figure><img decoding=\"async\" alt=\"Misa funeral en Huelva por los muertos en el accidente de tren de Adamuz.\" src=\"https:\/\/analyse.optim.biz\/wp-content\/uploads\/2026\/01\/wc2pq42bezbs5dw4cblsfgpteu.jpeg\" width=\"1600\" height=\"auto\" loading=\"lazy\" title=\"wc2pq42bezbs5dw4cblsfgpteu\"><\/figure><figcaption class=\"fc\">\n<p>Misa funeral en Huelva por los muertos en el accidente de tren de Adamuz.<\/p>\n<\/figcaption><\/div>\n<div class=\"ev-main\">\n<div class=\"ev-text\">\n<p class=\"ev-title\">Mucha seguridad y \u00faltimos retoques en el pabell\u00f3n de la misa funeral por las v\u00edctimas de Adamuz: \u201cEsto nos ha tocado a todos\u201d<\/p>\n<p>El ruido de la aspiradora frente a la tarima donde se ha instalado el altar desde el que se oficiar\u00e1 la misa por las 45 v\u00edctimas de Adamuz se impone sobre el traj\u00edn de los responsables de seguridad que inspeccionan las butacas del pabell\u00f3n Carolina Mar\u00edn de Huelva. Los responsables de protocolo se aseguran de que cada silla se corresponda con cada uno de los familiares de v\u00edctimas y otras autoridades que han confirmado su presencia en el acto.<\/p>\n<p>La limpiadora se afana para que la alfombra roja que tapa la pista del polideportivo est\u00e9 impoluta, mientras otra compa\u00f1era recoge los dem\u00e1s restos con la escoba. Sobre el tapiz est\u00e1n perfectamente alineadas 500 sillas cubiertas por una tela blanca -336 para los familiares de las personas fallecidas. A la izquierda del altar, dos sillones de terciopelo rojo marcan el lugar que ocupar\u00e1n los Reyes en el funeral. Una imagen de nuestra se\u00f1ora de La Cinta, patrona de la ciudad de Huelva, dentro de una hornacina dorada, preside el altar, detr\u00e1s del crucifijo venerado por San Juan Pablo II en su visita pastoral a Huelva en 1993.<br \/>\nLos primeros vecinos de Huelva empiezan a entrar y se sientan en silencio en las gradas laterales. Estaban haciendo cola desde antes de las tres de la tarde. \u201cEsto nos ha tocado a todos, no hay nadie aqu\u00ed que no tenga a un familiar o a un vecino afectado\u201d.<\/p>\n<\/div>\n<div class=\"ev-meta\">\n<div class=\"ev-date\"><time datetime=\"2026-01-29T16:24:29.000+01:00\" class=\"ev-date-updated\">Publicado a las: 16:19 CET 29\/01\/2026  y modificado a las 16:24 CET 29\/01\/2026 <\/time><\/div>\n<\/div>\n<\/div>\n<\/div>\n<div id=\"1b95251192f13983919acff06e7a4026\" data-les-card=\"news\" data-sort-time=\"1769698727000\" data-update-time=\"1769698727000\" class=\"ev-unit ev-unit-news\" data-is-key-card=\"false\">\n<div class=\"ev-au ev-au-single\">\n<figure class=\"ev-au-photo\"><img loading=\"lazy\" decoding=\"async\" class=\"ev-au-img\" src=\"https:\/\/analyse.optim.biz\/wp-content\/uploads\/2026\/01\/0b9a52b8-006a-4382-938a-05e3d58f07cf-1.png\" width=\"45\" height=\"45\" alt=\"El Pa\u00eds\" title=\"0b9a52b8-006a-4382-938a-05e3d58f07cf-1\"><\/figure>\n<div class=\"ev-au-text\"><span class=\"ev-au-name\">El Pa\u00eds<\/span><\/div>\n<\/div>\n<div class=\"ev-me-ct\">\n<figure><a target=\"_blank\" href=\"https:\/\/elpais.com\/espana\/2026-01-29\/puente-defiende-en-el-senado-la-actuacion-en-adamuz-antes-y-despues-del-siniestro-puedo-mirar-a-la-cara-a-las-victimas.html\"><img decoding=\"async\" src=\"https:\/\/analyse.optim.biz\/wp-content\/uploads\/2026\/01\/lemadojxijkcxis3e6amkwikvm.jpg\" width=\"414\" height=\"276\" alt=\"Puente defiende en el Senado la actuaci\u00f3n en Adamuz, antes y despu\u00e9s del siniestro: \u201cPuedo mirar a la cara a las v\u00edctimas\u201d\" loading=\"lazy\" title=\"lemadojxijkcxis3e6amkwikvm\"><\/a><\/figure>\n<\/div>\n<div class=\"ev-main\">\n<div class=\"ev-text\">\n<p class=\"ev-kicker\"><a target=\"_blank\" href=\"https:\/\/elpais.com\/noticias\/accidente-ferrocarriles-adamuz-2026\/\">Crisis ferroviaria<\/a><\/p>\n<p class=\"ev-title\"><a target=\"_blank\" href=\"https:\/\/elpais.com\/espana\/2026-01-29\/puente-defiende-en-el-senado-la-actuacion-en-adamuz-antes-y-despues-del-siniestro-puedo-mirar-a-la-cara-a-las-victimas.html\">Puente defiende en el Senado la actuaci\u00f3n en Adamuz, antes y despu\u00e9s del siniestro: \u201cPuedo mirar a la cara a las v\u00edctimas\u201d<\/a><\/p>\n<div class=\"ev-authorship\"><a href=\"https:\/\/elpais.com\/autor\/javier-fernandez-magarino\/\" class=\"ev-author\">Javier F. Magari\u00f1o<\/a><\/div>\n<\/div>\n<\/div>\n<div class=\"ev-main\">\n<div class=\"ev-text\">\n<p>\u201c\u00a1Dimisi\u00f3n, dimisi\u00f3n, dimisi\u00f3n!\u201d. En el sal\u00f3n principal del Senado han tronado, a las 11.00, los gritos de la oposici\u00f3n para recibir al ministro de Transportes, \u00d3scar Puente,\u00a0<a href=\"https:\/\/elpais.com\/espana\/2026-01-29\/ultima-hora-del-accidente-de-tren-en-cordoba-y-del-servicio-de-rodalies-en-directo.html\" target=\"_blank\">en el pleno celebrado esta ma\u00f1ana<\/a>. \u201c\u00a1La dana, la dana!\u201d, tambi\u00e9n se ha podido escuchar entre aplausos de la bancada socialista. Un solo minuto de sosiego, el de silencio que ha ordenado el presidente Pedro Roll\u00e1n en memoria de las 46 v\u00edctimas mortales en los siniestros ferroviarios de Adamuz (C\u00f3rdoba), el 18 de este mes, y Gelida (Barcelona), el d\u00eda 20. Roll\u00e1n ha retomado la palabra subrayando \u201cla no disposici\u00f3n\u00a0<a href=\"https:\/\/elpais.com\/espana\/2026-01-25\/sanchez-reivindica-a-puente-por-su-gestion-de-la-crisis-ferroviaria-desgraciadamente-en-la-vida-las-tragedias-suceden-pero-no-es-igual-como-se-responde.html\" target=\"_blank\">del presidente del Gobierno<\/a>\u201d a acudir al Senado, al que hab\u00eda sido llamado para este jueves por el Partido Popular. \u201cEstaba obligado, en nuestra humilde opini\u00f3n\u201d, ha dicho. La ausencia de S\u00e1nchez (que dar\u00e1 explicaciones en el Congreso el 11 de febrero) ya ha sido causa del primer rifirrafe en una sesi\u00f3n en la que \u00d3scar Puente ha enumerado detalles ya conocidos sobre el siniestro en la l\u00ednea de alta velocidad Madrid-Sevilla, sin a\u00f1adir novedades.<\/p>\n<p><a href=\"https:\/\/elpais.com\/espana\/2026-01-29\/puente-defiende-en-el-senado-la-actuacion-en-adamuz-antes-y-despues-del-siniestro-puedo-mirar-a-la-cara-a-las-victimas.html\" target=\"_blank\">Puede leer aqu\u00ed la informaci\u00f3n completa<\/a><\/p>\n<\/div>\n<div class=\"ev-meta\">\n<div class=\"ev-date\"><time datetime=\"2026-01-29T15:58:47.000+01:00\" class=\"ev-date-updated\">Publicado a las: 15:58 CET 29\/01\/2026 <\/time><\/div>\n<\/div>\n<\/div>\n<\/div>\n<div id=\"754939bdc69834a7a144cc994243d9d3\" data-les-card=\"default\" data-sort-time=\"1769698106000\" data-update-time=\"1769698269000\" class=\"ev-unit ev-unit-default\" data-is-key-card=\"false\">\n<div class=\"ev-au ev-au-single\">\n<figure class=\"ev-au-photo\"><img loading=\"lazy\" decoding=\"async\" class=\"ev-au-img\" src=\"https:\/\/analyse.optim.biz\/wp-content\/uploads\/2026\/01\/35683851-55a3-44ad-8025-61c5ecde4884.png\" width=\"45\" height=\"45\" alt=\"Carlos E. Cu\u00e9\" title=\"35683851-55a3-44ad-8025-61c5ecde4884\"><\/figure>\n<div class=\"ev-au-text\"><span class=\"ev-au-name\">Carlos E. Cu\u00e9<\/span><\/div>\n<\/div>\n<div class=\"ev-main\">\n<div class=\"ev-text\">\n<p class=\"ev-title\">Gordillo, de Vox, a Puente: \u201c\u00bfQu\u00e9 tiene que pasar aqu\u00ed para que hay una dimisi\u00f3n?\u201d<\/p>\n<p>El senador de Vox,\u00a0\u00c1ngel Gordillo, ha cargado con dureza contra \u00d3scar Puente. \u201c\u00bfC\u00f3mo es posible que siga sentado en el puesto de ministro con 45 muertos?\u201d, le ha lanzado en el debate en el Senado. \u201cEl descr\u00e9dito de la pol\u00edtica es que su antecesor, \u00c1balos, est\u00e1 en la c\u00e1rcel con Koldo. \u00bfQu\u00e9 tiene que pasar aqu\u00ed para que haya una dimisi\u00f3n?\u201d, ha insistido. \u201c\u00bfPor qu\u00e9 hay miedo en Espa\u00f1a de viajar en tren? El responsable es usted, ni la ultraderecha ni los bulos. \u00bfQui\u00e9n gobierna en Espa\u00f1a? \u00bfUstedes o la oposici\u00f3n?\u201d, ha rematado.<\/p>\n<\/div>\n<div class=\"ev-meta\">\n<div class=\"ev-date\"><time datetime=\"2026-01-29T15:51:09.000+01:00\" class=\"ev-date-updated\">Publicado a las: 15:48 CET 29\/01\/2026  y modificado a las 15:51 CET 29\/01\/2026 <\/time><\/div>\n<\/div>\n<\/div>\n<\/div>\n<div id=\"3dee762142613ab0b175cb5d10f5bda5\" data-les-card=\"default\" data-sort-time=\"1769697185000\" data-update-time=\"1769697265000\" class=\"ev-unit ev-unit-default\" data-is-key-card=\"false\">\n<div class=\"ev-au ev-au-single\">\n<figure class=\"ev-au-photo\"><img loading=\"lazy\" decoding=\"async\" class=\"ev-au-img\" src=\"https:\/\/analyse.optim.biz\/wp-content\/uploads\/2026\/01\/35683851-55a3-44ad-8025-61c5ecde4884.png\" width=\"45\" height=\"45\" alt=\"Carlos E. Cu\u00e9\" title=\"35683851-55a3-44ad-8025-61c5ecde4884\"><\/figure>\n<div class=\"ev-au-text\"><span class=\"ev-au-name\">Carlos E. Cu\u00e9<\/span><\/div>\n<\/div>\n<div class=\"ev-main\">\n<div class=\"ev-text\">\n<p class=\"ev-title\">Puente: \u201cNo podemos pedir al mismo tiempo bajadas de impuestos y AVE a todas partes\u201d<\/p>\n<p>El ministro de Transportes, \u00d3scar Puente, en la segunda parte de su comparecencia, centrada en la crisis de Rodalies, ha tratado de abrir un debate delicado: \u00bfcu\u00e1nto dinero m\u00e1s se puede gastar en trenes? \u201cNo se puede pedir al mismo tiempo bajadas de impuestos y que el AVE llegue a todas partes\u201d, ha dicho mirando al PP, que ha hecho bandera de las rebajas fiscales. Puente ha dicho que habr\u00e1 que gastar m\u00e1s en mantenimiento, pero la realidad es que cuando se negocian presupuestos, ning\u00fan grupo pide m\u00e1s dinero para manteniendo y todos reclaman que el AVE llegue a todos los territorios.<\/p>\n<\/div>\n<div class=\"ev-meta\">\n<div class=\"ev-date\"><time datetime=\"2026-01-29T15:34:25.000+01:00\" class=\"ev-date-updated\">Publicado a las: 15:33 CET 29\/01\/2026  y modificado a las 15:34 CET 29\/01\/2026 <\/time><\/div>\n<\/div>\n<\/div>\n<\/div>\n<div id=\"ee37e4c666db3ff3bacad560d7373b45\" data-les-card=\"default\" data-sort-time=\"1769696517000\" data-update-time=\"1769696517000\" class=\"ev-unit ev-unit-default\" data-is-key-card=\"false\">\n<div class=\"ev-au ev-au-single\">\n<figure class=\"ev-au-photo\"><img loading=\"lazy\" decoding=\"async\" class=\"ev-au-img\" src=\"https:\/\/analyse.optim.biz\/wp-content\/uploads\/2026\/01\/6d58cb11-5a07-4ca7-8076-8be9706a3d8a-1.png\" width=\"45\" height=\"45\" alt=\"Eva Saiz\" title=\"6d58cb11-5a07-4ca7-8076-8be9706a3d8a-1\"><\/figure>\n<div class=\"ev-au-text\"><span class=\"ev-au-name\">Eva Saiz<\/span><\/div>\n<\/div>\n<div class=\"ev-main\">\n<div class=\"ev-text\">\n<p class=\"ev-title\">Todo preparado para el funeral en Huelva por las v\u00edctimas de Adamuz\u00a0<\/p>\n<p>La di\u00f3cesis de Huelva ha fijado las cuatro de la tarde para abrir las puertas del pabell\u00f3n Carolina Mar\u00edn de la capital onubense a los asistentes al funeral en homenaje a las 45 v\u00edctimas del descarrilamiento de Adamuz, 28 de las cuales viv\u00edan en esta provincia. El acceso al p\u00fablico se cerrar\u00e1 a las 17.30 por motivos de seguridad y est\u00e1 previsto que los Reyes acudan cinco minutos antes de las seis, cuando comenzar\u00e1 la misa.<\/p>\n<p>El acto ser\u00e1 oficiado por el obispo de Huelva Santiago G\u00f3mez Sierra, que estar\u00e1 asistido del presidente de la Conferencia Episcopal, Luis Arg\u00fcello. Tambi\u00e9n estar\u00e1n presentes el obispo de C\u00f3rdoba y el p\u00e1rroco de Adamuz. La parte central de la pista se ha reservado para supervivientes y familiares de los fallecidos en el accidente, muchos de los cuales iban a decidir si asist\u00edan o no en el \u00faltimo momento en funci\u00f3n de su estado de \u00e1nimo y sus condiciones f\u00edsicas, porque varios siguen arrastrando secuelas y dolores. El pabell\u00f3n se ha habilitado para que puedan acceder hasta 5.000 personas.<\/p>\n<p>Las entradas al pabell\u00f3n est\u00e1n diferenciadas: una para las v\u00edctimas, otra para las autoridades y otra para el resto de ciudadanos. \u00a0<\/p>\n<p>Adem\u00e1s de los Reyes, al funeral acudir\u00e1 la vicepresidenta primera del Gobierno, Mar\u00eda Jes\u00fas Montero, el ministro de Agricultura, Luis Planas, y el de Pol\u00edtica Territorial, \u00c1ngel V\u00edctor Torres, en representaci\u00f3n del Ejecutivo central, el presidente de la Junta de Andaluc\u00eda, Juan Manuel Moreno y siete consejeros de su Gobierno, los de la Diputaci\u00f3n de Huelva y C\u00f3rdoba, as\u00ed como el l\u00edder del PP, Alberto N\u00fa\u00f1ez Feij\u00f3o. Los alcaldes de Adamuz y de los municipios onubenses donde resid\u00edan las v\u00edctimas del Alvia -Huelva, Aljaraque, Punta Umbr\u00eda, Gibrale\u00f3n, Lepe, Bollullos, Isla Cristina y La Palma del Condado- tambi\u00e9n asistir\u00e1n al acto.<\/p>\n<\/div>\n<div class=\"ev-meta\">\n<div class=\"ev-date\"><time datetime=\"2026-01-29T15:21:57.000+01:00\" class=\"ev-date-updated\">Publicado a las: 15:21 CET 29\/01\/2026 <\/time><\/div>\n<\/div>\n<\/div>\n<\/div>\n<div id=\"0482d426a738392fb0a816cb929b2771\" data-les-card=\"default\" data-sort-time=\"1769694517000\" data-update-time=\"1769694517000\" class=\"ev-unit ev-unit-default\" data-is-key-card=\"false\">\n<div class=\"ev-au ev-au-single\">\n<figure class=\"ev-au-photo\"><img loading=\"lazy\" decoding=\"async\" class=\"ev-au-img\" src=\"https:\/\/analyse.optim.biz\/wp-content\/uploads\/2026\/01\/35683851-55a3-44ad-8025-61c5ecde4884.png\" width=\"45\" height=\"45\" alt=\"Carlos E. Cu\u00e9\" title=\"35683851-55a3-44ad-8025-61c5ecde4884\"><\/figure>\n<div class=\"ev-au-text\"><span class=\"ev-au-name\">Carlos E. Cu\u00e9<\/span><span class=\"ev-au-location\">Madrid<\/span><\/div>\n<\/div>\n<div class=\"ev-main\">\n<div class=\"ev-text\">\n<p class=\"ev-title\">Puente: \u201cPedir que yo dimita es bastante injusto\u201d<\/p>\n<p>El ministro de Transportes, \u00d3scar Puente, ha rechazado de plano la dimisi\u00f3n que le ped\u00eda la oposici\u00f3n por la tragedia de Adamuz. \u201cYo lucho contra las injusticias, para eso soy socialista, y pedir que yo dimita es bastante injusto. Yo hice mi trabajo, he estado en el puente de mando desde el primer momento, he dado explicaciones. Yo he cumplido con mis obligaciones, creo que no est\u00e1n justificadas las peticiones de dimisi\u00f3n. Yo no soy como ustedes, yo no me he escondido en el reservado de un restaurante para no dar la cara\u201d, ha rematado compar\u00e1ndose en todo momento con Carlos Maz\u00f3n, el expresidente valenciano, y su gesti\u00f3n de la dana.<\/p>\n<\/div>\n<div class=\"ev-meta\">\n<div class=\"ev-date\"><time datetime=\"2026-01-29T14:48:37.000+01:00\" class=\"ev-date-updated\">Publicado a las: 14:48 CET 29\/01\/2026 <\/time><\/div>\n<\/div>\n<\/div>\n<\/div>\n<div id=\"3c0a07dc1abf3707a0331c3c6f5f0385\" data-les-card=\"twitter\" data-sort-time=\"1769694243000\" data-update-time=\"1769694446000\" class=\"ev-unit ev-unit-twitter\" data-is-key-card=\"false\">\n<div class=\"ev-au ev-au-single\">\n<figure class=\"ev-au-photo\"><img loading=\"lazy\" decoding=\"async\" class=\"ev-au-img\" src=\"https:\/\/analyse.optim.biz\/wp-content\/uploads\/2026\/01\/35683851-55a3-44ad-8025-61c5ecde4884.png\" width=\"45\" height=\"45\" alt=\"Carlos E. Cu\u00e9\" title=\"35683851-55a3-44ad-8025-61c5ecde4884\"><\/figure>\n<div class=\"ev-au-text\"><span class=\"ev-au-name\">Carlos E. Cu\u00e9<\/span><\/div>\n<\/div>\n<div class=\"ev-main\">\n<div class=\"ev-text\">\n<p class=\"ev-title\">Puente: &#8220;Cuando haya un funeral de Estado estar\u00e9 y mirar\u00e9 a la cara a las v\u00edctimas&#8221;<\/p>\n<p>El ministro de Transportes, \u00d3scar Puente, ha terminado el debate sobre el accidente de Adamuz, con 45 muertos, muy molesto con las cr\u00edticas del PP y Vox, que le han llegado a decir que no deber\u00eda ir al funeral de Estado cuando se organice \u2014se ha aplazado de momento\u2014\u00a0porque es el responsable de la tragedia. \u201cTengo la conciencia muy limpia\u201d, ha dicho Puente. \u201cCuando se produzca el homenaje de estado por el accidente de Adamuz estar\u00e9 all\u00ed y mirar\u00e9 a la cara a las v\u00edctimas, con la cabeza bien alta, porque yo he hecho mi trabajo y he asumido mi responsabilidad. No son ustedes nadie para decir quien puede ir o no a un funeral. Ni en mil vidas van a encontrar en m\u00ed un parecido con ese que estaba escondido en el Ventorro\u201d, ha dicho en referencia a Carlos Maz\u00f3n, el expresidente de la Comunidad Valenciana.<\/p>\n<\/div>\n<div class=\"ev-meta\">\n<div class=\"ev-date\"><time datetime=\"2026-01-29T14:47:26.000+01:00\" class=\"ev-date-updated\">Publicado a las: 14:44 CET 29\/01\/2026  y modificado a las 14:47 CET 29\/01\/2026 <\/time><\/div>\n<\/div>\n<\/div>\n<\/div>\n<div id=\"39a1150d090f3c5280578c588174aac8\" data-les-card=\"default\" data-sort-time=\"1769692532000\" data-update-time=\"1769692532000\" class=\"ev-unit ev-unit-default\" data-is-key-card=\"false\">\n<div class=\"ev-au ev-au-single\">\n<figure class=\"ev-au-photo\"><img loading=\"lazy\" decoding=\"async\" class=\"ev-au-img\" src=\"https:\/\/analyse.optim.biz\/wp-content\/uploads\/2026\/01\/0499e24b-c251-4104-bc13-0b5a971af817.png\" width=\"45\" height=\"45\" alt=\"Natalia Junquera\" title=\"0499e24b-c251-4104-bc13-0b5a971af817\"><\/figure>\n<div class=\"ev-au-text\"><span class=\"ev-au-name\">Natalia Junquera<\/span><\/div>\n<\/div>\n<div class=\"ev-main\">\n<div class=\"ev-text\">\n<p class=\"ev-title\">Puente: \u201c\u00bfSe pudo hacer una gesti\u00f3n mejor de la tragedia? Yo creo que no\u201d<\/p>\n<p>Durante su comparecencia en el Senado, el ministro de Transportes tambi\u00e9n se ha referido a la respuesta a la emergencia una vez producido el accidente de Adamuz. \u201c\u00bfSe pudo hacer una gesti\u00f3n mejor de la tragedia? Yo creo que no. La coordinaci\u00f3n ha sido extraordinaria. Desde el accidente se hizo todo lo que humanamente se pod\u00eda hacer\u201d, ha dicho. Ni el Ministerio de Transportes, ni Adif ni Renfe han aclarado todav\u00eda cu\u00e1ndo fueron conscientes de la magnitud de la tragedia, esto es, que uno de los dos trenes, el Alvia, hab\u00eda recibido un mayor impacto que el otro y que varios de sus coches se hab\u00edan despe\u00f1ado por una cuneta o terrapl\u00e9n. Los primeros guardias civiles que llegaron al lugar del accidente han relatado que cuando atend\u00edan a los heridos del Iryo vieron a un hombre que se acercaba de frente. Cuando este les comunic\u00f3 que ven\u00eda del otro tren, los agentes le preguntaron: \u201c\u00bfQu\u00e9 otro tren?\u201d. Calculan que se aproximaron a la zona donde estaba el Alvia hacia las 20.45, es decir, una hora despu\u00e9s del accidente.<\/p>\n<\/div>\n<div class=\"ev-meta\">\n<div class=\"ev-date\"><time datetime=\"2026-01-29T14:15:32.000+01:00\" class=\"ev-date-updated\">Publicado a las: 14:15 CET 29\/01\/2026 <\/time><\/div>\n<\/div>\n<\/div>\n<\/div>\n<div id=\"c02e86f14f5033e0ab698209ae435dde\" data-les-card=\"default\" data-sort-time=\"1769691825000\" data-update-time=\"1769691880000\" class=\"ev-unit ev-unit-default\" data-is-key-card=\"false\">\n<div class=\"ev-au ev-au-single\">\n<figure class=\"ev-au-photo\"><img loading=\"lazy\" decoding=\"async\" class=\"ev-au-img\" src=\"https:\/\/analyse.optim.biz\/wp-content\/uploads\/2026\/01\/0499e24b-c251-4104-bc13-0b5a971af817.png\" width=\"45\" height=\"45\" alt=\"Natalia Junquera\" title=\"0499e24b-c251-4104-bc13-0b5a971af817\"><\/figure>\n<div class=\"ev-au-text\"><span class=\"ev-au-name\">Natalia Junquera<\/span><\/div>\n<\/div>\n<div class=\"ev-main\">\n<div class=\"ev-text\">\n<p class=\"ev-title\">El debate sobre las limitaciones temporales de velocidad<\/p>\n<p>Tras el accidente se han incrementado \u201cexponencialmente\u201d, como ha admitido el ministro de Transportes, las limitaciones temporales de velocidad en la red ferroviaria. El documento que recoge, sin contar la alta velocidad, esas limitaciones para una semana tras el accidente de Adamuz, y al que ha tenido acceso este peri\u00f3dico, abarca 33 p\u00e1ginas. Los maquinistas consultados por EL PA\u00cdS se quejan de que antes del siniestro, cuando alertaban de alg\u00fan bache, vibraci\u00f3n o anomal\u00eda en la v\u00eda, en muchas ocasiones no les hac\u00edan caso, y ahora s\u00ed. Puente ha explicado que esas limitaciones no siempre tienen que ver \u201ccon la seguridad\u201d, sino que a veces aluden a la comodidad o a razones climatol\u00f3gicas. En el documento al que ha tenido acceso a EL PA\u00cdS abunda, se\u00f1alado como el \u201cmotivo\u201d de esas reducciones de velocidad el \u201cestado de v\u00eda\u201d. Otros motivos se\u00f1alados son \u201cobras de emergencia por inundaciones\u201d; \u201cdefectos en aparatos de v\u00eda detectados en auscultaci\u00f3n ultras\u00f3nica\u201d; \u201cdefecto en nivelaci\u00f3n\u201d; \u201cestado de aparatos de v\u00eda\u201d; \u201cdesguarnecido de v\u00eda [adecuaci\u00f3n del balasto]; \u201dmal estado de los desv\u00edos\u201d; \u201cfisura en coraz\u00f3n de desv\u00edo\u201d; \u201cterrapl\u00e9n riesgo alto\u201d; \u201czona inundable riesgo alto\u201d; \u201cexistencia o posibilidad de desprendimientos\u201d; o \u201cprotecci\u00f3n de trabajos\u201d.<\/p>\n<\/div>\n<div class=\"ev-meta\">\n<div class=\"ev-date\"><time datetime=\"2026-01-29T14:04:40.000+01:00\" class=\"ev-date-updated\">Publicado a las: 14:03 CET 29\/01\/2026  y modificado a las 14:04 CET 29\/01\/2026 <\/time><\/div>\n<\/div>\n<\/div>\n<\/div>\n<div id=\"91b88a15b3aa35b2b17dd0d5d0184448\" data-les-card=\"default\" data-sort-time=\"1769691765000\" data-update-time=\"1769691765000\" class=\"ev-unit ev-unit-default\" data-is-key-card=\"false\">\n<div class=\"ev-au ev-au-single\">\n<figure class=\"ev-au-photo\"><img loading=\"lazy\" decoding=\"async\" class=\"ev-au-img\" src=\"https:\/\/analyse.optim.biz\/wp-content\/uploads\/2026\/01\/35683851-55a3-44ad-8025-61c5ecde4884.png\" width=\"45\" height=\"45\" alt=\"Carlos E. Cu\u00e9\" title=\"35683851-55a3-44ad-8025-61c5ecde4884\"><\/figure>\n<div class=\"ev-au-text\"><span class=\"ev-au-name\">Carlos E. Cu\u00e9<\/span><\/div>\n<\/div>\n<div class=\"ev-main\">\n<div class=\"ev-text\">\n<p class=\"ev-title\">Puente: \u201c\u00bfExiste el riesgo cero? No. Pero tenemos un sistema ferroviario muy seguro\u201d<\/p>\n<p>El ministro de Transportes, \u00d3scar Puente, ha se\u00f1alado en el Senado que no existe el riesgo cero, pero Espa\u00f1a tiene un sistema muy seguro. Puente ha abierto la puerta a un mayor gasto de mantenimiento. \u201c\u00bfCu\u00e1nto m\u00e1s hay que gastar para llegar m\u00e1s cerca del riesgo cero? Habr\u00e1 que hacer un debate a partir de los resultados de la investigaci\u00f3n. Hay que delimitar si fall\u00f3 el carril, la soldadura o una combinaci\u00f3n de las dos. Las roturas de carril se producen en la red europea con cierta frecuencia, pero la mayor\u00eda avisan, los detectan los sistemas de control. La cuesti\u00f3n es c\u00f3mo detectar esas roturas, c\u00f3mo anticiparlas, hay mucha investigaci\u00f3n en Europa sobre eso\u201d, ha explicado. Puente ha mantenido un tono m\u00e1s contenido del que es habitual en \u00e9l, al tratarse de una tragedia con 45 muertos, pero se ha molestado cuando le han preguntado por qu\u00e9 no ha estado en Barcelona ante la crisis de Rodal\u00edes. \u201cYo he dormido una media de tres horas al d\u00eda. No podemos ir todos a todas partes, envi\u00e9 a mi secretario de Estado\u201d, se ha defendido. Ante las burlas de la bancada del PP, Puente se ha revuelto: \u201cYa imagino que ustedes duermen a pierna suelta en cualquier situaci\u00f3n, yo no puedo\u201d.<\/p>\n<\/div>\n<div class=\"ev-meta\">\n<div class=\"ev-date\"><time datetime=\"2026-01-29T14:02:45.000+01:00\" class=\"ev-date-updated\">Publicado a las: 14:02 CET 29\/01\/2026 <\/time><\/div>\n<\/div>\n<\/div>\n<\/div>\n<div id=\"bddea50b0318383598f687de9f3061d2\" data-les-card=\"default\" data-sort-time=\"1769690826000\" data-update-time=\"1769690826000\" class=\"ev-unit ev-unit-default\" data-is-key-card=\"false\">\n<div class=\"ev-au ev-au-single\">\n<figure class=\"ev-au-photo\"><img loading=\"lazy\" decoding=\"async\" class=\"ev-au-img\" src=\"https:\/\/analyse.optim.biz\/wp-content\/uploads\/2026\/01\/0499e24b-c251-4104-bc13-0b5a971af817.png\" width=\"45\" height=\"45\" alt=\"Natalia Junquera\" title=\"0499e24b-c251-4104-bc13-0b5a971af817\"><\/figure>\n<div class=\"ev-au-text\"><span class=\"ev-au-name\">Natalia Junquera<\/span><\/div>\n<\/div>\n<div class=\"ev-main\">\n<div class=\"ev-text\">\n<p class=\"ev-title\">Puente reprocha al PP el recorte inversor durante sus Gobiernos<\/p>\n<p>El ministro de Transportes ha afeado al PP el recorte en la inversi\u00f3n en el transporte ferroviario durante su etapa en el Gobierno. Los datos que aporta el Ministerio fueron de 759 millones (sin IVA) en 2011, bajaron a un m\u00ednimo de 721 millones anuales en 2017, y ascendieron a 1.120 millones de euros en 2025. En cuanto a la alta velocidad, el coste estimado de conservaci\u00f3n por kil\u00f3metro es de unos 120.000 euros. La cifra total en 2011 fue de 211 millones de euros y al cierre de 2025 ascend\u00eda a 437 millones. En esos a\u00f1os se increment\u00f3 exponencialmente el tr\u00e1fico ferroviario tras la liberalizaci\u00f3n del sector y la puesta en funcionamiento de nuevas l\u00edneas. Puente insiste: \u201cNo se le puede pedir a este Gobierno que arrastre el d\u00e9ficit de inversi\u00f3n de los a\u00f1os en los que no ha podido gobernar\u201d.<\/p>\n<\/div>\n<div class=\"ev-meta\">\n<div class=\"ev-date\"><time datetime=\"2026-01-29T13:47:06.000+01:00\" class=\"ev-date-updated\">Publicado a las: 13:47 CET 29\/01\/2026 <\/time><\/div>\n<\/div>\n<\/div>\n<\/div>\n<div id=\"fa753b77268c3d95971d1db234ce0f7c\" data-les-card=\"twitter\" data-sort-time=\"1769690000000\" data-update-time=\"1769690327000\" class=\"ev-unit ev-unit-twitter\" data-is-key-card=\"false\">\n<div class=\"ev-au ev-au-single\">\n<figure class=\"ev-au-photo\"><img loading=\"lazy\" decoding=\"async\" class=\"ev-au-img\" src=\"https:\/\/analyse.optim.biz\/wp-content\/uploads\/2026\/01\/35683851-55a3-44ad-8025-61c5ecde4884.png\" width=\"45\" height=\"45\" alt=\"Carlos E. Cu\u00e9\" title=\"35683851-55a3-44ad-8025-61c5ecde4884\"><\/figure>\n<div class=\"ev-au-text\"><span class=\"ev-au-name\">Carlos E. Cu\u00e9<\/span><\/div>\n<\/div>\n<div class=\"ev-main\">\n<div class=\"ev-text\">\n<p class=\"ev-title\">Puente: \u201cNo creo que las v\u00edctimas est\u00e9n contentas con este circo en el Senado\u201d<\/p>\n<p>El ministro de Transportes, \u00d3scar Puente, ha contestado con dureza a los ataques de la oposici\u00f3n durante el pleno extraordinario en el Senado por el accidente de Adamuz. \u201cEsto es m\u00e1s propio del circo. No creo que las v\u00edctimas est\u00e9n contentas si est\u00e1n viendo esto\u201d, ha asegurado. El ministro se ha lanzado contra el PP y ha comparado su gesti\u00f3n con la de otro accidente de tren, el de Angrois, con 80 muertos, o con la DANA de Valencia. \u201c\u00bfPor que cuando los accidentes son cuando gobiernan ustedes la culpa siempre es del maquinista y cuando gobierna el PSOE la culpa siempre es del ministro? Con el accidente de Angrois, con 80 muertos, no compareci\u00f3 el presidente ni hubo ninguna comisi\u00f3n de investigaci\u00f3n. Y para cambios de versi\u00f3n, los de Maz\u00f3n. Nosotros estamos dando todos los datos desde el primer momento. En Valencia tardaron un a\u00f1o en dar una factura de un restaurante\u201d, ha insistido. Algunos senadores socialistas le han aplaudido, y el ministro les ha frenado en seco: \u201cPor favor, no aplaudan, le ruego a mi grupo parlamentario que no aplauda. No procede en un debate as\u00ed\u201d, ha cortado.<\/p>\n<\/div>\n<div class=\"ev-meta\">\n<div class=\"ev-date\"><time datetime=\"2026-01-29T13:38:47.000+01:00\" class=\"ev-date-updated\">Publicado a las: 13:33 CET 29\/01\/2026  y modificado a las 13:38 CET 29\/01\/2026 <\/time><\/div>\n<\/div>\n<\/div>\n<\/div>\n<div id=\"e4af631cfafc3038bb1d67dfbe48240b\" data-les-card=\"default\" data-sort-time=\"1769689757000\" data-update-time=\"1769689978000\" class=\"ev-unit ev-unit-default\" data-is-key-card=\"false\">\n<div class=\"ev-au ev-au-single\">\n<figure class=\"ev-au-photo\"><img loading=\"lazy\" decoding=\"async\" class=\"ev-au-img\" src=\"https:\/\/analyse.optim.biz\/wp-content\/uploads\/2026\/01\/0499e24b-c251-4104-bc13-0b5a971af817.png\" width=\"45\" height=\"45\" alt=\"Natalia Junquera\" title=\"0499e24b-c251-4104-bc13-0b5a971af817\"><\/figure>\n<div class=\"ev-au-text\"><span class=\"ev-au-name\">Natalia Junquera<\/span><\/div>\n<\/div>\n<div class=\"ev-main\">\n<div class=\"ev-text\">\n<p class=\"ev-title\">El PP describe Adamuz como una \u201ctragedia anunciada\u201d<\/p>\n<p>El senador del PP Antonio Silv\u00e1n ha presentado el accidente de Adamuz como la \u201ccr\u00f3nica de una tragedia anunciada\u201d y ha recordado que su grupo parlamentario llev\u00f3 a la C\u00e1mara alta incidencias registradas en la l\u00ednea Adamuz-Villanueva de C\u00f3rdoba. Fue el verano pasado. Las preguntas que plante\u00f3 entonces el PP alud\u00edan a fallos de seguridad en el viaducto de El Valle. El Gobierno admiti\u00f3 entonces haber atendido dos \u201cincidencias t\u00e9cnicas que afectaron a los sistemas de se\u00f1alizaci\u00f3n\u201d y que \u201clos aparatos de dilataci\u00f3n del viaducto entraron en contacto con el ra\u00edl\u201d. Antes de la alocuci\u00f3n del senador popular, el ministro de Transportes, \u00d3scar Puente, hab\u00eda asegurado este jueves que los aparatos de dilataci\u00f3n se hab\u00edan sustituido en todos los viaductos en 2025.\u00a0<\/p>\n<\/div>\n<div class=\"ev-meta\">\n<div class=\"ev-date\"><time datetime=\"2026-01-29T13:32:58.000+01:00\" class=\"ev-date-updated\">Publicado a las: 13:29 CET 29\/01\/2026  y modificado a las 13:32 CET 29\/01\/2026 <\/time><\/div>\n<\/div>\n<\/div>\n<\/div>\n<div id=\"0b21a349c91a31b389e8abc646c3ffb0\" data-les-card=\"default\" data-sort-time=\"1769689320000\" data-update-time=\"1769689814000\" class=\"ev-unit ev-unit-default\" data-is-key-card=\"false\">\n<div class=\"ev-au ev-au-single\">\n<figure class=\"ev-au-photo\"><img loading=\"lazy\" decoding=\"async\" class=\"ev-au-img\" src=\"https:\/\/analyse.optim.biz\/wp-content\/uploads\/2026\/01\/35683851-55a3-44ad-8025-61c5ecde4884.png\" width=\"45\" height=\"45\" alt=\"Carlos E. Cu\u00e9\" title=\"35683851-55a3-44ad-8025-61c5ecde4884\"><\/figure>\n<div class=\"ev-au-text\"><span class=\"ev-au-name\">Carlos E. Cu\u00e9<\/span><\/div>\n<\/div>\n<div class=\"ev-main\">\n<div class=\"ev-text\">\n<p class=\"ev-title\">El PP pide la dimisi\u00f3n de Puente: \u201cMentirle a un pa\u00eds entero le invalida para ser ministro; dimita, pero antes pida perd\u00f3n\u201d<\/p>\n<p>El senador del PP, Antonio Silv\u00e1n, ha pedido la dimisi\u00f3n de \u00d3scar Puente. \u201cSu ministerio es la zona cero de la corrupci\u00f3n. Con 45 muertos no basta con comparecer, hay que decir la verdad. Se\u00f1or Puente, dimita, pero antes pida perd\u00f3n a las v\u00edctimas. Usted ha mentido, ha ocultado datos, ha desacreditado advertencias, no ha estado a la altura del dolor de Espa\u00f1a\u201d, ha insistido el senador, que ha comenzado su intervenci\u00f3n se\u00f1alando que\u00a0\u201cAngrois fue un accidente causado por un error humano, aqu\u00ed estamos hablando de una negligencia ferroviaria con responsabilidades pol\u00edticas\u201d, en referencia a la tragedia de Adamuz. Tambi\u00e9n ha reprochado a \u00d3scar Puente que haya mentido sobre la renovaci\u00f3n del tramo donde se produjo el accidente de Adamuz. \u201cUsted ha cambiado de versi\u00f3n como de chaqueta, todo menos admitir lo m\u00e1s probable: renovaci\u00f3n parcial y mantenimiento deficiente\u201d.<\/p>\n<p>\u201cHoy no venimos aqu\u00ed a escuchar propaganda. Lo primero es el duelo, el segundo es la responsabilidad pol\u00edtica\u201d, ha dicho. Ha acusado al Ministerio de Transportes de no haberse centrado en dar certezas tras el accidente de Adamuz. \u201cSe centr\u00f3 en controlar el relato, pero su relato es un bulo y hoy venimos a exigir verdad\u201d.\u00a0<\/p>\n<p>\u201cMentirle a un pa\u00eds entero le invalida para ser ministro un minuto m\u00e1s\u201d, ha dicho al ministro de la rama, \u00d3scar Puente, y ha pedido su dimisi\u00f3n. \u201cEsto no es gestionar, es tapar para resistir en el cargo\u201d, ha agregado. \u201cEl bulo es usted. Debe dimitir\u201d.<\/p>\n<p>Adem\u00e1s, Silv\u00e1n ha ironizado con que \u201cla \u00fanica soldadura s\u00f3lida es la que le suelda a usted con S\u00e1nchez y a S\u00e1nchez con usted\u201d.<\/p>\n<\/div>\n<div class=\"ev-meta\">\n<div class=\"ev-date\"><time datetime=\"2026-01-29T13:30:14.000+01:00\" class=\"ev-date-updated\">Publicado a las: 13:22 CET 29\/01\/2026  y modificado a las 13:30 CET 29\/01\/2026 <\/time><\/div>\n<\/div>\n<\/div>\n<\/div>\n<div id=\"16cd76e236f63ac7b7925b9258b60cd2\" data-les-card=\"default\" data-sort-time=\"1769688709000\" data-update-time=\"1769688709000\" class=\"ev-unit ev-unit-default\" data-is-key-card=\"false\">\n<div class=\"ev-au ev-au-single\">\n<figure class=\"ev-au-photo\"><img loading=\"lazy\" decoding=\"async\" class=\"ev-au-img\" src=\"https:\/\/analyse.optim.biz\/wp-content\/uploads\/2026\/01\/0499e24b-c251-4104-bc13-0b5a971af817.png\" width=\"45\" height=\"45\" alt=\"Natalia Junquera\" title=\"0499e24b-c251-4104-bc13-0b5a971af817\"><\/figure>\n<div class=\"ev-au-text\"><span class=\"ev-au-name\">Natalia Junquera<\/span><\/div>\n<\/div>\n<div class=\"ev-main\">\n<div class=\"ev-text\">\n<p class=\"ev-title\">Aumento del tr\u00e1fico ferroviario e inversi\u00f3n en mantenimiento<\/p>\n<p>Uno de los asuntos que han expuesto distintos grupos parlamentarios durante la comparecencia en el Senado del ministro de Transportes, \u00d3scar Puente, sobre el accidente de Adamuz es si el aumento del tr\u00e1fico tras la liberalizaci\u00f3n del sector ha ido acompasada de un aumento proporcional de la inversi\u00f3n en mantenimiento. Esa inversi\u00f3n pas\u00f3 de 211 millones de euros en 2011 a 437 millones al cierre de 2025, pero en ese periodo la fuerte inflaci\u00f3n encareci\u00f3 los materiales b\u00e1sicos de conservaci\u00f3n (acero, hormig\u00f3n, balasto\u2026); en 2021 entr\u00f3 en juego una nueva operadora (Ouigo) y en 2022, otra (Iryo), que sumaron sus trenes a la oferta de Renfe y, adem\u00e1s de multiplicarse los viajes, entraron en funcionamiento nuevas l\u00edneas. Los expertos consultados por este diario coinciden en que el transporte ferroviario es seguro en t\u00e9rminos generales, pero advierten de la necesidad de aumentar el gasto y el tipo de mantenimiento para contrarrestar ese aumento exponencial del tr\u00e1fico.<\/p>\n<\/div>\n<div class=\"ev-meta\">\n<div class=\"ev-date\"><time datetime=\"2026-01-29T13:11:49.000+01:00\" class=\"ev-date-updated\">Publicado a las: 13:11 CET 29\/01\/2026 <\/time><\/div>\n<\/div>\n<\/div>\n<\/div>\n<div id=\"c951aaed5d813691900a6c7b1393ab7c\" data-les-card=\"default\" data-sort-time=\"1769688549000\" data-update-time=\"1769688549000\" class=\"ev-unit ev-unit-default\" data-is-key-card=\"false\">\n<div class=\"ev-au ev-au-single\">\n<figure class=\"ev-au-photo\"><img loading=\"lazy\" decoding=\"async\" class=\"ev-au-img\" src=\"https:\/\/analyse.optim.biz\/wp-content\/uploads\/2026\/01\/0b9a52b8-006a-4382-938a-05e3d58f07cf-1.png\" width=\"45\" height=\"45\" alt=\"El Pa\u00eds\" title=\"0b9a52b8-006a-4382-938a-05e3d58f07cf-1\"><\/figure>\n<div class=\"ev-au-text\"><span class=\"ev-au-name\">El Pa\u00eds<\/span><\/div>\n<\/div>\n<div class=\"ev-main\">\n<div class=\"ev-text\">\n<p class=\"ev-title\">ERC contra Puente: \u201cUsted es hoy un Ministro que ha dimitido de facto de su responsabilidad con Catalu\u00f1a\u201d<\/p>\n<p>La senadora por ERC, Sara Bailac, ha atacado al ministro Puente por su accionar al frente de la actual tragedia ferroviaria, a quien ha se\u00f1alado como \u201custed es hoy un Ministro que ha dimitido de facto de su responsabilidad en Catalu\u00f1a\u201d, y ha agregado que \u201cnada ha sido suficiente\u201d para que Puente se \u201cdesplace a Catalu\u00f1a\u201d. Bailac ha criticado tambi\u00e9n la \u201cmala gesti\u00f3n, las excusas y la falta de empat\u00eda\u201d por los usuarios.\u00a0 Tambi\u00e9n ha puesto en duda la constante celebraci\u00f3n de la extensi\u00f3n de la red ferroviaria de alta velocidad \u201csi cuesta tanto mantenerla\u201d, sobre lo que ha declarado que \u201cse ha priorizado expandir el AVE a mantenerlo\u201d, antes de cerrar su comparecencia con que lo que \u201cCatalu\u00f1a necesita es inversi\u00f3n\u201d.<\/p>\n<\/div>\n<div class=\"ev-meta\">\n<div class=\"ev-date\"><time datetime=\"2026-01-29T13:09:09.000+01:00\" class=\"ev-date-updated\">Publicado a las: 13:09 CET 29\/01\/2026 <\/time><\/div>\n<\/div>\n<\/div>\n<\/div>\n<div id=\"26c61c3305c23091b4deb698c7d5c29a\" data-les-card=\"default\" data-sort-time=\"1769688467000\" data-update-time=\"1769688618000\" class=\"ev-unit ev-unit-default\" data-is-key-card=\"false\">\n<div class=\"ev-au ev-au-single\">\n<figure class=\"ev-au-photo\"><img loading=\"lazy\" decoding=\"async\" class=\"ev-au-img\" src=\"https:\/\/analyse.optim.biz\/wp-content\/uploads\/2026\/01\/0b9a52b8-006a-4382-938a-05e3d58f07cf-1.png\" width=\"45\" height=\"45\" alt=\"El Pa\u00eds\" title=\"0b9a52b8-006a-4382-938a-05e3d58f07cf-1\"><\/figure>\n<div class=\"ev-au-text\"><span class=\"ev-au-name\">El Pa\u00eds<\/span><\/div>\n<\/div>\n<div class=\"ev-main\">\n<div class=\"ev-text\">\n<p class=\"ev-title\">El PSOE defiende la gesti\u00f3n \u201cdiligente, seria y transparente\u201d del Gobierno ante los accidentes ferroviarios<\/p>\n<p>Ram\u00f3n Morales (PSOE) ha defendido que el Gobierno ha mostrado \u201cdesde el minuto uno\u201d el respeto a las v\u00edctimas de los accidentes ferroviarios \u201ccon una gesti\u00f3n diligente, seria y transparente\u201d. Morales ha respaldado tambi\u00e9n la actuaci\u00f3n el ministro de Transportes, \u00d3scar Puente, por informar sobre los siniestros.<\/p>\n<p>\u201cDebemos dejar trabajar a los t\u00e9cnicos sin bulos\u201d, ha dicho. Morales ha afeado la actitud del PP por crear \u201calarma social\u201d y por sus gestiones en otras crisis como la dana, los incendios del pasado verano. \u201cNo son ejemplos de nada\u201d, ha dicho. \u201cEl PP no dio la cara en el accidente de Angrois\u201d.\u00a0Morales ha cargado en especial\u00a0contra el l\u00edder del partido, Alberto N\u00fa\u00f1ez Feij\u00f3o, al que ha acusado de no tener respeto por las v\u00edctimas.\u00a0<\/p>\n<\/div>\n<div class=\"ev-meta\">\n<div class=\"ev-date\"><time datetime=\"2026-01-29T13:10:18.000+01:00\" class=\"ev-date-updated\">Publicado a las: 13:07 CET 29\/01\/2026  y modificado a las 13:10 CET 29\/01\/2026 <\/time><\/div>\n<\/div>\n<\/div>\n<\/div>\n<div id=\"0704f12f5e7a3416addc996481b68c1f\" data-les-card=\"default\" data-sort-time=\"1769688062000\" data-update-time=\"1769688863000\" class=\"ev-unit ev-unit-default ev-opinion\" data-is-key-card=\"false\">\n<div class=\"ev-au ev-au-single\">\n<figure class=\"ev-au-photo\"><img loading=\"lazy\" decoding=\"async\" class=\"ev-au-img\" src=\"https:\/\/analyse.optim.biz\/wp-content\/uploads\/2026\/01\/0499e24b-c251-4104-bc13-0b5a971af817.png\" width=\"45\" height=\"45\" alt=\"Natalia Junquera\" title=\"0499e24b-c251-4104-bc13-0b5a971af817\"><\/figure>\n<div class=\"ev-au-text\"><span class=\"ev-au-name\">Natalia Junquera<\/span><\/div>\n<\/div>\n<div class=\"ev-main\">\n<div class=\"ev-text\">\n<p class=\"ev-title\">\u00c1nalisis expr\u00e9s | Las lecciones de Angrois<\/p>\n<p>La diputada del BNG Carmen Silva ha pedido \u201caprender de las lecciones de Angrois\u201d, el accidente ferroviario que en 2013 se cobr\u00f3 la vida de 80 personas. La justicia espa\u00f1ola rechaz\u00f3 en numerosas ocasiones la imputaci\u00f3n de cargos p\u00fablicos en la causa por el descarrilamiento, pero el entonces jefe de Seguridad de la Agencia Ferroviaria Europea, Christopher Carr, elabor\u00f3 un informe que iba m\u00e1s all\u00e1 del fallo humano atribuido al maquinista (quien se despist\u00f3 por una llamada por tel\u00e9fono y tom\u00f3 una pronunciada curva a una velocidad muy superior a la prevista en ese tramo) y que apuntaba directamente a Adif. Carr asegur\u00f3 que el riesgo era \u201ccatastr\u00f3fico\u201d en una curva muy cerrada que los maquinistas deb\u00edan tomar tras reducir la velocidad de 200 a 80 kil\u00f3metros. El sistema avanzado de frenado ERTMS se hab\u00eda desconectado porque daba fallos y provocaba retrasos. El t\u00e9cnico apunt\u00f3 a medidas \u201cque no requer\u00edan grandes esfuerzos\u201d y que hubiesen evitado la tragedia: \u201cmantener el ERTMS; reducir la velocidad en el punto en el que el ERTMS ya no funcionaba; o colocar una baliza que controlase la velocidad puntualmente en ese tramo\u201d. La Audiencia de A Coru\u00f1a exculp\u00f3 la semana pasada al cargo de Adif que, tras la intervenci\u00f3n crucial de Carr, hab\u00eda sido condenado a dos a\u00f1os y medio de c\u00e1rcel por el accidente de Angrois. La sentencia cuenta con un voto particular en contra de esa absoluci\u00f3n.<\/p>\n<\/div>\n<div class=\"ev-meta\">\n<div class=\"ev-date\"><time datetime=\"2026-01-29T13:14:23.000+01:00\" class=\"ev-date-updated\">Publicado a las: 13:01 CET 29\/01\/2026  y modificado a las 13:14 CET 29\/01\/2026 <\/time><\/div>\n<\/div>\n<\/div>\n<\/div>\n<div id=\"6edf55cd16183f86bf9ee633627910aa\" data-les-card=\"default\" data-sort-time=\"1769687893000\" data-update-time=\"1769687893000\" class=\"ev-unit ev-unit-default\" data-is-key-card=\"false\">\n<div class=\"ev-au ev-au-single\">\n<figure class=\"ev-au-photo\"><img loading=\"lazy\" decoding=\"async\" class=\"ev-au-img\" src=\"https:\/\/analyse.optim.biz\/wp-content\/uploads\/2026\/01\/0b9a52b8-006a-4382-938a-05e3d58f07cf-1.png\" width=\"45\" height=\"45\" alt=\"El Pa\u00eds\" title=\"0b9a52b8-006a-4382-938a-05e3d58f07cf-1\"><\/figure>\n<div class=\"ev-au-text\"><span class=\"ev-au-name\">El Pa\u00eds<\/span><\/div>\n<\/div>\n<div class=\"ev-main\">\n<div class=\"ev-text\">\n<p class=\"ev-title\">Josu Estarrona (EH BIldu): \u201cEs tiempo de investigar, no repartir culpas\u201d<\/p>\n<p>Josu Estarrona (EH BIldu) ha dicho que este \u201cno es tiempo de especulaciones. Es tiempo de investigar, no repartir culpas\u201d. Estarrona ha pedido \u201cno instrumentalizar la tragedia y ser carro\u00f1ero del dolor\u201d y ha valorado positivamente que el ministro de Transportes, \u00d3scar Puente, haya informado \u201cdesde el principio\u201d, con un ejercicio de transparencia. \u201cValoramos que estuviera donde ten\u00eda que estar\u201d, ha a\u00f1adido.\u00a0<\/p>\n<p>\u201cLo que est\u00e1 en juego no es ya la credibilidad del Gobierno. Est\u00e1 en juego la confianza en el transporte\u201d, ha asegurado.<\/p>\n<\/div>\n<div class=\"ev-meta\">\n<div class=\"ev-date\"><time datetime=\"2026-01-29T12:58:13.000+01:00\" class=\"ev-date-updated\">Publicado a las: 12:58 CET 29\/01\/2026 <\/time><\/div>\n<\/div>\n<\/div>\n<\/div>\n<div id=\"cb4539d54d7937829503bf4def197e96\" data-les-card=\"default\" data-sort-time=\"1769687802000\" data-update-time=\"1769688163000\" class=\"ev-unit ev-unit-default\" data-is-key-card=\"false\">\n<div class=\"ev-au ev-au-single\">\n<figure class=\"ev-au-photo\"><img loading=\"lazy\" decoding=\"async\" class=\"ev-au-img\" src=\"https:\/\/analyse.optim.biz\/wp-content\/uploads\/2026\/01\/0b9a52b8-006a-4382-938a-05e3d58f07cf-1.png\" width=\"45\" height=\"45\" alt=\"El Pa\u00eds\" title=\"0b9a52b8-006a-4382-938a-05e3d58f07cf-1\"><\/figure>\n<div class=\"ev-au-text\"><span class=\"ev-au-name\">El Pa\u00eds<\/span><\/div>\n<\/div>\n<div class=\"ev-main\">\n<div class=\"ev-text\">\n<p class=\"ev-title\">Junts exige la dimisi\u00f3n de Puente: \u201cEsto se ha acabado\u201d<\/p>\n<p>El senador de Junts Eduard Pujol ha pedido la dimisi\u00f3n del ministro de Transporte, \u00d3scar Puente, por la crisis de Rodalies. \u201cUsted debe dimitir, dimita, esto se ha acabado\u201d, le ha dicho, tras afirmar que Catalu\u00f1a est\u00e1 \u201ccolapsada\u201d por el caos del tren de cercan\u00edas, que cada d\u00eda usan unas 400.000 personas. \u201cTraspasar Renfe a Renfe es una p\u00e9sima idea y se debe parar como sea\u201d, ha espetado, en referencia al traspaso de la gesti\u00f3n de Rodalies a una empresa participada por Renfe (50,1%) y la Generalitat (49,9%). Pujol ha calificado, tanto a la alta velocidad como a Rodalies de \u201cfracasos y fiascos may\u00fasculos\u201d, \u201cresultado de la incapacidad extrema de los Gobiernos del PP y el PSOE\u201d. Sobre la alta velocidad ha a\u00f1adido que es el fracaso de \u201cunos aires de grandeza y una locura colectiva imposibles de sostener en una cultura dejadez que no sabe cuidar las cosas importantes, ni carreteras, ni trenes, ni nada, una cultura muy espa\u00f1ola de hacer y no cuidar\u201d.<\/p>\n<\/div>\n<div class=\"ev-meta\">\n<div class=\"ev-date\"><time datetime=\"2026-01-29T13:02:43.000+01:00\" class=\"ev-date-updated\">Publicado a las: 12:56 CET 29\/01\/2026  y modificado a las 13:02 CET 29\/01\/2026 <\/time><\/div>\n<\/div>\n<\/div>\n<\/div>\n<div id=\"b87977ae95ca35508bdbaa0a7c9db6c6\" data-les-card=\"default\" data-sort-time=\"1769687734000\" data-update-time=\"1769687776000\" class=\"ev-unit ev-unit-default\" data-is-key-card=\"false\">\n<div class=\"ev-au ev-au-single\">\n<figure class=\"ev-au-photo\"><img loading=\"lazy\" decoding=\"async\" class=\"ev-au-img\" src=\"https:\/\/analyse.optim.biz\/wp-content\/uploads\/2026\/01\/0b9a52b8-006a-4382-938a-05e3d58f07cf-1.png\" width=\"45\" height=\"45\" alt=\"El Pa\u00eds\" title=\"0b9a52b8-006a-4382-938a-05e3d58f07cf-1\"><\/figure>\n<div class=\"ev-au-text\"><span class=\"ev-au-name\">El Pa\u00eds<\/span><\/div>\n<\/div>\n<div class=\"ev-main\">\n<div class=\"ev-text\">\n<p class=\"ev-title\">El BNG apunta\u00a0contra la \u201cp\u00e9sima\u201d gesti\u00f3n del PP durante la tragedia de Angrois: \u201cNo se puede repetir la historia\u201d<\/p>\n<p>La senadora Mar\u00eda Carmen da Silva (BNG) ha abierto su comparecencia se\u00f1alando que: \u201cEn Galicia conocemos de estas tragedias\u201d en referencia al accidente ferroviario de Angrois, y sobre el\u00a0que ha se\u00f1alado que \u201cno se puede repetir la historia\u201d. Da Silva ha se\u00f1alado que: \u201cNo se puede repetir la historia\u201d, recordamos la p\u00e9sima gesti\u00f3n del entonces Gobierno del PP con Ana Pastor de ministra, mintiendo y ocultando informaci\u00f3n con el \u00fanico af\u00e1n de proteger a la c\u00fapula de Adif y Renfe, y eximirse de responsabilidades\u201d. Y ha reiterado que tanto para las v\u00edctimas de Angrois como para las de Adamuz \u201cexigimos lo mismo, llegar a la ra\u00edz, caiga quien caiga\u201d.<\/p>\n<\/div>\n<div class=\"ev-meta\">\n<div class=\"ev-date\"><time datetime=\"2026-01-29T12:56:16.000+01:00\" class=\"ev-date-updated\">Publicado a las: 12:55 CET 29\/01\/2026  y modificado a las 12:56 CET 29\/01\/2026 <\/time><\/div>\n<\/div>\n<\/div>\n<\/div>\n<div id=\"3f150e57a8b5326887f8893f5fb6dd6a\" data-les-card=\"default\" data-sort-time=\"1769687246000\" data-update-time=\"1769687246000\" class=\"ev-unit ev-unit-default\" data-is-key-card=\"false\">\n<div class=\"ev-au ev-au-single\">\n<figure class=\"ev-au-photo\"><img loading=\"lazy\" decoding=\"async\" class=\"ev-au-img\" src=\"https:\/\/analyse.optim.biz\/wp-content\/uploads\/2026\/01\/0b9a52b8-006a-4382-938a-05e3d58f07cf-1.png\" width=\"45\" height=\"45\" alt=\"El Pa\u00eds\" title=\"0b9a52b8-006a-4382-938a-05e3d58f07cf-1\"><\/figure>\n<div class=\"ev-au-text\"><span class=\"ev-au-name\">El Pa\u00eds<\/span><\/div>\n<\/div>\n<div class=\"ev-main\">\n<div class=\"ev-text\">\n<p class=\"ev-title\">PNV: \u201cLos sucesivos gobiernos llevan muchos a\u00f1os jugando a la ruleta rusa con la infraestructura ferroviaria\u201d<\/p>\n<p>El senador del PNV Igotz L\u00f3pez ha afirmado que tanto este Gobierno como los gobiernos anteriores \u201cllevan muchos a\u00f1os jugando a la ruleta rusa con la infraestructura ferroviaria\u201d con \u201cuna falta de mantenimiento y una falta de reposici\u00f3n de elementos que viene acumul\u00e1ndose muchos a\u00f1os\u201d. \u201cEsto no se produce en una sola legislatura, sino por falta de inversi\u00f3n de los sucesivos Gobiernos durante m\u00e1s de una d\u00e9cada\u201d. Lamentablemente, en el caso de Adamuz, \u201cesta vez en el disparo sali\u00f3 la bala\u201d, ha dicho. Por ello, ha reclamado al ministro de Transportes, \u00d3scar Puente, que la investigaci\u00f3n sea exhaustiva y se tomen medidas para evitar que pueda ocurrir una nueva desgracia. \u201cHabr\u00e1 que esperar a que acabe la investigaci\u00f3n para saber la causa real, esperamos del ministerio la completa trazabilidad del material ferroviario afectado, desde la colada usada para la fabricaci\u00f3n de los ra\u00edles hasta los datos de la \u00faltima revisi\u00f3n de la v\u00eda. No solo saber qu\u00e9 se ha roto, sino porqu\u00e9, c\u00f3mo y c\u00f3mo evitar que vuelva a suceder\u201d. Tambi\u00e9n ha animado a Puente a \u201ccoger el toro por los cuernos y se centre en la gesti\u00f3n y no tanto en el barro, que sabemos que le gusta\u201d.\u00a0<\/p>\n<\/div>\n<div class=\"ev-meta\">\n<div class=\"ev-date\"><time datetime=\"2026-01-29T12:47:26.000+01:00\" class=\"ev-date-updated\">Publicado a las: 12:47 CET 29\/01\/2026 <\/time><\/div>\n<\/div>\n<\/div>\n<\/div>\n<div id=\"a2f86638e3713923a3a33c80caeb3fd4\" data-les-card=\"default\" data-sort-time=\"1769686909000\" data-update-time=\"1769686942000\" class=\"ev-unit ev-unit-default\" data-is-key-card=\"false\">\n<div class=\"ev-au ev-au-single\">\n<figure class=\"ev-au-photo\"><img loading=\"lazy\" decoding=\"async\" class=\"ev-au-img\" src=\"https:\/\/analyse.optim.biz\/wp-content\/uploads\/2026\/01\/0499e24b-c251-4104-bc13-0b5a971af817.png\" width=\"45\" height=\"45\" alt=\"Natalia Junquera\" title=\"0499e24b-c251-4104-bc13-0b5a971af817\"><\/figure>\n<div class=\"ev-au-text\"><span class=\"ev-au-name\">Natalia Junquera<\/span><\/div>\n<\/div>\n<div class=\"ev-main\">\n<div class=\"ev-text\">\n<p class=\"ev-title\">Puente: \u201cEl compromiso del Gobierno con el esclarecimiento de lo sucedido es total\u201d<\/p>\n<p>\u201cEl compromiso del Gobierno\u201d, ha asegurado el ministro de Transportes, \u00d3scar Puente, \u201ccon el esclarecimiento de lo sucedido es total. Los afectados tienen derecho a conocer la verdad y con ella podremos restaurar la confianza de la ciudadan\u00eda en nuestro sistema ferroviario\u201d.<\/p>\n<p>En estos momentos hay varias investigaciones simult\u00e1neas sobre el accidente en Adamuz que se cobr\u00f3 la vida de 45 personas: la judicial, que instruyen las juezas de Montoro (C\u00f3rdoba); las que se traducir\u00e1n en sendos informes de las operadoras implicadas en el siniestro (Renfe e Iryo) y la que est\u00e1 realizando la Comisi\u00f3n de Investigaci\u00f3n de Accidentes Ferroviarios (CIAF), organismo independiente aunque adscrito al Ministerio de Transportes. Esta \u00faltima, a\u00f1adi\u00f3 Puente, \u201cno busca determinar un culpable, sino conocer la causa del accidente y emitir recomendaciones para que no vuelva a suceder\u201d.<\/p>\n<p>El presidente de la CIAF, I\u00f1aki Barr\u00f3n, declar\u00f3 estos d\u00edas: \u201cTodos cre\u00edamos que se hab\u00eda hecho una remodelaci\u00f3n integral de la l\u00ednea Madrid-Sevilla despu\u00e9s de 30 a\u00f1os de funcionamiento, pero no ha sido as\u00ed. Se han remodelado los desv\u00edos, que eran una parte que por lo visto presentaba unos problemas que pod\u00edan llegar a ser cr\u00edticos, alguna parte m\u00e1s del carrilaje y alg\u00fan elemento m\u00e1s que vamos a comprobar. Hemos pedido a Adif que nos informe de qu\u00e9 se ha hecho exactamente, por qu\u00e9 y por qu\u00e9 unos tramos s\u00ed y otros no\u201d.<\/p>\n<\/div>\n<div class=\"ev-meta\">\n<div class=\"ev-date\"><time datetime=\"2026-01-29T12:42:22.000+01:00\" class=\"ev-date-updated\">Publicado a las: 12:41 CET 29\/01\/2026  y modificado a las 12:42 CET 29\/01\/2026 <\/time><\/div>\n<\/div>\n<\/div>\n<\/div>\n<div id=\"d3dcee5093e4361eb84976eb3c17b6a3\" data-les-card=\"default\" data-sort-time=\"1769686248000\" data-update-time=\"1769686306000\" class=\"ev-unit ev-unit-default\" data-is-key-card=\"false\">\n<div class=\"ev-au ev-au-single\">\n<figure class=\"ev-au-photo\"><img loading=\"lazy\" decoding=\"async\" class=\"ev-au-img\" src=\"https:\/\/analyse.optim.biz\/wp-content\/uploads\/2026\/01\/0b9a52b8-006a-4382-938a-05e3d58f07cf-1.png\" width=\"45\" height=\"45\" alt=\"El Pa\u00eds\" title=\"0b9a52b8-006a-4382-938a-05e3d58f07cf-1\"><\/figure>\n<div class=\"ev-au-text\"><span class=\"ev-au-name\">El Pa\u00eds<\/span><\/div>\n<\/div>\n<div class=\"ev-main\">\n<div class=\"ev-text\">\n<p class=\"ev-title\">Barkos (Izquierda Confederal): \u201cMe resulta nauseabundo ver qu\u00e9 hay quien se da por satisfecho pidiendo una dimisi\u00f3n\u201d<\/p>\n<p>La senadora por Izquierda Confederal, Uxue Barkos, ha apuntado contra las voces pol\u00edticas que han reclamado ciegamente la dimisi\u00f3n del ministro Puente, al expresar que: \u201cMe resulta nauseabundo ver qu\u00e9 hay quien se da por satisfecho por apuntalar una sola responsabilidad pol\u00edtica y directamente pedir una dimisi\u00f3n, sin al parecer interesarle la investigaci\u00f3n en torno a lo ocurrido, sino el tiempo b\u00e1sico de un duelo por las v\u00edctimas\u201d. La senadora ha planteado una \u00fanica cuesti\u00f3n a Puente, sobre la velocidad de los trenes y si estos \u201chan ido demasiado r\u00e1pido\u201d, algo que ha planteado de cara \u201cal futuro, por la seguridad de los usuarios\u201d.\u00a0<\/p>\n<\/div>\n<div class=\"ev-meta\">\n<div class=\"ev-date\"><time datetime=\"2026-01-29T12:31:46.000+01:00\" class=\"ev-date-updated\">Publicado a las: 12:30 CET 29\/01\/2026  y modificado a las 12:31 CET 29\/01\/2026 <\/time><\/div>\n<\/div>\n<\/div>\n<\/div>\n<div id=\"474f3ad0e4923309acc86868919c34b9\" data-les-card=\"default\" data-sort-time=\"1769685911000\" data-update-time=\"1769686013000\" class=\"ev-unit ev-unit-default\" data-is-key-card=\"false\">\n<div class=\"ev-au ev-au-single\">\n<figure class=\"ev-au-photo\"><img loading=\"lazy\" decoding=\"async\" class=\"ev-au-img\" src=\"https:\/\/analyse.optim.biz\/wp-content\/uploads\/2026\/01\/0b9a52b8-006a-4382-938a-05e3d58f07cf-1.png\" width=\"45\" height=\"45\" alt=\"El Pa\u00eds\" title=\"0b9a52b8-006a-4382-938a-05e3d58f07cf-1\"><\/figure>\n<div class=\"ev-au-text\"><span class=\"ev-au-name\">El Pa\u00eds<\/span><\/div>\n<\/div>\n<div class=\"ev-main\">\n<div class=\"ev-text\">\n<p class=\"ev-title\">M\u00e1s Madrid reprocha al PP por su gesti\u00f3n de tragedias como la dana o el accidente del Metro de Valencia<\/p>\n<p>La\u00a0senadora de M\u00e1s Madrid Carla Antonelli ha defendido que el ministro de Transportes, \u00d3scar Puente, ha actuado con transparencia tras el accidente de Adamuz y ha criticado al PP por pedir su dimisi\u00f3n y cargar contra \u00e9l. \u201cEst\u00e1 sentenciado antes de juicio, no le quieren bien\u201d, ha bromeado. Adem\u00e1s, ha recordado que\u00a0el PP \u201ctiene marcadas a fuego\u201d tanto las v\u00edctimas del accidente del metro de Valencia,\u00a0las de la dana o los m\u00e1s de 7.000 ancianos que murieron sin asistencia en sus residencias en Madrid durante la pandemia por un\u00a0\u201cprotocolo\u00a0salvaje\u00a0y criminal\u201d. \u201cLo \u00faltimo que quieren saber son las causas del accidente, ya determinaron que el culpable es el ministro Puente, al que tienen muchas ganas\u201d. Por su parte, ha dicho que pedir\u00e1n responsabilidades \u201ccuando acabe la investigaci\u00f3n y se determine qui\u00e9n las tiene\u201d. Solo ha formulado una pregunta a Puente: \u201c\u00bfCree usted que pudo haber hecho m\u00e1s en la gesti\u00f3n de la tragedia, haber puesto m\u00e1s medios para evitarla?\u201d.<\/p>\n<\/div>\n<div class=\"ev-meta\">\n<div class=\"ev-date\"><time datetime=\"2026-01-29T12:26:53.000+01:00\" class=\"ev-date-updated\">Publicado a las: 12:25 CET 29\/01\/2026  y modificado a las 12:26 CET 29\/01\/2026 <\/time><\/div>\n<\/div>\n<\/div>\n<\/div>\n<div id=\"96f8af784c6a399787553a8fe507ea60\" data-les-card=\"default\" data-sort-time=\"1769685790000\" data-update-time=\"1769685790000\" class=\"ev-unit ev-unit-default\" data-is-key-card=\"false\">\n<div class=\"ev-au ev-au-single\">\n<figure class=\"ev-au-photo\"><img loading=\"lazy\" decoding=\"async\" class=\"ev-au-img\" src=\"https:\/\/analyse.optim.biz\/wp-content\/uploads\/2026\/01\/0499e24b-c251-4104-bc13-0b5a971af817.png\" width=\"45\" height=\"45\" alt=\"Natalia Junquera\" title=\"0499e24b-c251-4104-bc13-0b5a971af817\"><\/figure>\n<div class=\"ev-au-text\"><span class=\"ev-au-name\">Natalia Junquera<\/span><\/div>\n<\/div>\n<div class=\"ev-main\">\n<div class=\"ev-text\">\n<p class=\"ev-title\">Plan para sustituir las traviesas de la l\u00ednea Madrid-Sevilla<\/p>\n<p>El ministro de Transportes, \u00d3scar Puente, ha informado de que la l\u00ednea Madrid-Sevilla cuenta con 1,6 millones de traviesas. En un primer momento, en los planes de renovaci\u00f3n, se plante\u00f3 la sustituci\u00f3n de un n\u00famero de ellas \u201climitado\u201d, pero tras \u201cposteriores inspecciones avanzadas y cambios normativos\u201d, seg\u00fan ha explicado, se decidi\u00f3 \u201cuna renovaci\u00f3n generalizada por fases\u201d. De ellas se ha ejecutado la primera fase (71.000); la segunda fase prev\u00e9 hacerlo sobre 123.000 m\u00e1s; la tercera abarca 73.000 y hay fases adicionales proyectadas para sustituir m\u00e1s de 290.000. \u201cEl objetivo es cumplir el 100% de la l\u00ednea\u201d.<\/p>\n<p>Tras un descarrilamiento en esa misma l\u00ednea en 2017, a la altura de Brazatortas (Ciudad Real), que no produjo heridos, la Comisi\u00f3n de Investigaci\u00f3n de Accidentes Ferroviarios (CIAF) alert\u00f3 de un \u201cpeligro latente\u201d en los aparatos de v\u00eda y pidi\u00f3 un estudio detallado, as\u00ed como adecuar los m\u00e9todos de detecci\u00f3n de fallos. La actuaci\u00f3n se centr\u00f3, sobre todo, en los desv\u00edos. Seg\u00fan ha explicado Puente, en esa v\u00eda se han sustituido 111 en dos fases. La \u00faltima concluy\u00f3 en noviembre de 2025.<\/p>\n<\/div>\n<div class=\"ev-meta\">\n<div class=\"ev-date\"><time datetime=\"2026-01-29T12:23:10.000+01:00\" class=\"ev-date-updated\">Publicado a las: 12:23 CET 29\/01\/2026 <\/time><\/div>\n<\/div>\n<\/div>\n<\/div>\n<div id=\"85ba44dce9da3b2590e94ebd7280cd48\" data-les-card=\"default\" data-sort-time=\"1769685282000\" data-update-time=\"1769685282000\" class=\"ev-unit ev-unit-default\" data-is-key-card=\"false\">\n<div class=\"ev-au ev-au-single\">\n<figure class=\"ev-au-photo\"><img loading=\"lazy\" decoding=\"async\" class=\"ev-au-img\" src=\"https:\/\/analyse.optim.biz\/wp-content\/uploads\/2026\/01\/0b9a52b8-006a-4382-938a-05e3d58f07cf-1.png\" width=\"45\" height=\"45\" alt=\"El Pa\u00eds\" title=\"0b9a52b8-006a-4382-938a-05e3d58f07cf-1\"><\/figure>\n<div class=\"ev-au-text\"><span class=\"ev-au-name\">El Pa\u00eds<\/span><\/div>\n<\/div>\n<div class=\"ev-main\">\n<div class=\"ev-text\">\n<p class=\"ev-title\">Paloma G\u00f3mez (Vox), a Puente: \u201cUsted no puede esconderse\u201d<\/p>\n<p>Paloma G\u00f3mez (Vox) ha acusado este jueves al ministro de Transportes, \u00d3scar Puente, de no ser \u201cuna buena persona\u201d, de \u201cpolemizar y mentir en lugar de dar la cara\u201d.\u00a0<\/p>\n<p>\u201cEl accidente de Adamuz no es solo una tragedia humana, es tambi\u00e9n un fracaso pol\u00edtico y tiene responsables. La pregunta no es solo qu\u00e9 pas\u00f3, sino tambi\u00e9n qui\u00e9n ten\u00eda que evitar que pasara y ah\u00ed usted no puede esconderse\u201d, ha dicho durante su turno de palabra en el pleno del Senado. G\u00f3mez ha acusado a Puente de \u201cesperar, minimizar, mentir, mirar al pasado y escudarse en tecnicismos\u201d y ha pedido su dimisi\u00f3n.<\/p>\n<\/div>\n<div class=\"ev-meta\">\n<div class=\"ev-date\"><time datetime=\"2026-01-29T12:14:42.000+01:00\" class=\"ev-date-updated\">Publicado a las: 12:14 CET 29\/01\/2026 <\/time><\/div>\n<\/div>\n<\/div>\n<\/div>\n<div id=\"d12048960c1b3a9b8520e05ad41d31cd\" data-les-card=\"default\" data-sort-time=\"1769685093000\" data-update-time=\"1769685093000\" class=\"ev-unit ev-unit-default\" data-is-key-card=\"false\">\n<div class=\"ev-au ev-au-single\">\n<figure class=\"ev-au-photo\"><img loading=\"lazy\" decoding=\"async\" class=\"ev-au-img\" src=\"https:\/\/analyse.optim.biz\/wp-content\/uploads\/2026\/01\/0b9a52b8-006a-4382-938a-05e3d58f07cf-1.png\" width=\"45\" height=\"45\" alt=\"El Pa\u00eds\" title=\"0b9a52b8-006a-4382-938a-05e3d58f07cf-1\"><\/figure>\n<div class=\"ev-au-text\"><span class=\"ev-au-name\">El Pa\u00eds<\/span><\/div>\n<\/div>\n<div class=\"ev-main\">\n<div class=\"ev-text\">\n<p class=\"ev-title\">El grupo parlamentario mixto reclama responsabilidad a Puente y pide su dimisi\u00f3n<\/p>\n<p>La senadora Mar\u00eda Mar Caballero, del grupo parlamentario mixto, ha se\u00f1alado al ministro Puente como \u201cresponsable \u00faltimo\u201d y ha agregado que el servicio ferroviario funciona hoy \u201cmal o muy mal\u201d, adem\u00e1s de criticar la \u201cpalabrer\u00eda\u201d de Puente y su \u201cobsesi\u00f3n con anunciar obras nuevas\u201d. Antes de concluir con sus cuestiones, ha reclamado la dimisi\u00f3n del Ministro de Transporte.<\/p>\n<\/div>\n<div class=\"ev-meta\">\n<div class=\"ev-date\"><time datetime=\"2026-01-29T12:11:33.000+01:00\" class=\"ev-date-updated\">Publicado a las: 12:11 CET 29\/01\/2026 <\/time><\/div>\n<\/div>\n<\/div>\n<\/div>\n<\/div>\n<\/div>\n<\/div>\n<div id=\"me-dis\" class=\"me _pf\">\n<div class=\"me_bg\">\n<div class=\"me-dis _pa _df\">\n<div class=\"me-dis_c\">\n<h2 class=\"me-dis_t\">Tu suscripci\u00f3n se est\u00e1 usando en otro dispositivo<\/h2>\n<p>\u00bfQuieres a\u00f1adir otro usuario a tu suscripci\u00f3n?<\/p>\n<div class=\"me-dis_l\"><a href=\"https:\/\/elpais.com\/suscripciones\/premium\/upgrade\/?utm_source=autopromo&amp;utm_medium=interno&amp;utm_campaign=YYYY_MM_capping_upgrade\" id=\"capping-upgrade\" class=\"btn\">A\u00f1adir usuario<\/a><a href=\"https:\/\/elpais.com\/espana\/2026-01-29\/ultima-hora-del-accidente-de-tren-en-cordoba-y-del-servicio-de-rodalies-en-directo.html\" id=\"capping-continue\" class=\"btn btn-b\">Continuar leyendo aqu\u00ed<\/a><\/div>\n<p>Si contin\u00faas leyendo en este dispositivo, no se podr\u00e1 leer en el otro.<\/p>\n<p class=\"lk\"><a href=\"https:\/\/elpais.com\/espana\/2026-01-29\/ultima-hora-del-accidente-de-tren-en-cordoba-y-del-servicio-de-rodalies-en-directo.html\" id=\"capping-show-more-button\">\u00bfPor qu\u00e9 est\u00e1s viendo esto?<\/a><\/p>\n<p><span class=\"arrow\" id=\"capping-arrow\">Flecha<\/span><\/p>\n<div class=\"me-dis_d\">\n<div class=\"me-dis_d_t\">\n<h2 class=\"enc\">Tu suscripci\u00f3n se est\u00e1 usando en otro dispositivo y solo puedes acceder a EL PA\u00cdS desde un dispositivo a la vez.<\/h2>\n<div class=\"tx\">\n<p>Si quieres compartir tu cuenta, cambia tu suscripci\u00f3n a la modalidad Premium, as\u00ed podr\u00e1s a\u00f1adir otro usuario. Cada uno acceder\u00e1 con su propia cuenta de email, lo que os permitir\u00e1 personalizar vuestra experiencia en EL PA\u00cdS.<\/p>\n<p>\u00bfTienes una suscripci\u00f3n de empresa? Accede <a target=\"_blank\" rel=\"noreferrer\" href=\"https:\/\/elpais.com\/suscripciones\/premium\/upgrade\/\">aqu\u00ed<\/a> para contratar m\u00e1s cuentas.<\/p>\n<p>En el caso de no saber qui\u00e9n est\u00e1 usando tu cuenta, te recomendamos cambiar tu contrase\u00f1a <a target=\"_blank\" rel=\"noreferrer\" href=\"https:\/\/elpais.com\/subscriptions\/#\/forgot-password\">aqu\u00ed.<\/a><\/p>\n<p>Si decides continuar compartiendo tu cuenta, este mensaje se mostrar\u00e1 en tu dispositivo y en el de la otra persona que est\u00e1 usando tu cuenta de forma indefinida, afectando a tu experiencia de lectura. Puedes <a target=\"_blank\" rel=\"noreferrer\" href=\"https:\/\/elpais.com\/suscripciones\/condiciones-generales-servicios\/\">consultar aqu\u00ed los t\u00e9rminos y condiciones de la suscripci\u00f3n digital.<\/a><\/p>\n<\/div>\n<\/div>\n<\/div>\n<\/div>\n<\/div>\n<\/div>\n<\/div>\n<aside class=\"w w-fid\">\n<div class=\"w_b\">\n<div class=\"w-fid_t\"><a href=\"https:\/\/plus.elpais.com\/newsletters\/lnp\/1\/2\/#?prm=not_newsletters_espana\">El mejor an\u00e1lisis de la actualidad con Milagros P\u00e9rez Oliva, en EL PA\u00cdS de la ma\u00f1ana.<\/a><\/div>\n<div class=\"w-fid_s\">\n<div class=\"w_rs\">\n<div class=\"w_rs_i\"><a class=\"_btn\" href=\"https:\/\/www.facebook.com\/elpais\" rel=\"nofollow\"><span class=\"_sr\">Espana El Pa\u00eds en Facebook<\/span><\/a><\/div>\n<div class=\"w_rs_i\"><a class=\"_btn\" href=\"https:\/\/www.instagram.com\/el_pais\/\" rel=\"nofollow\"><span class=\"_sr\">Espana El Pa\u00eds en Instagram<\/span><\/a><\/div>\n<div class=\"w_rs_i\"><a class=\"_btn\" href=\"https:\/\/twitter.com\/el_pais\" rel=\"nofollow\"><span class=\"_sr\">Espana El Pa\u00eds en Twitter<\/span><\/a><\/div>\n<\/div>\n<\/div>\n<\/div>\n<\/aside>\n<aside class=\"a_com w w-com _df\"><a class=\"a_com_l\" href=\"https:\/\/elpais.com\/info\/normas-de-participacion\/\">Normas \u203a<\/a><\/aside>\n<div class=\"me _pf\" id=\"me-c\">\n<div class=\"me_bg\">\n<div class=\"me-c _pa\" id=\"comments_container\" data-dtm-region=\"articulo_comentarios\">\n<div class=\"me_f me_f-os me_cc\"><a href=\"https:\/\/plus.elpais.com\/perfil\/actividad\/\">Mis comentarios<\/a><a href=\"https:\/\/elpais.com\/info\/normas-de-participacion\/\">Normas<\/a><\/div>\n<div class=\"me_f me_f-ns\"><span class=\"me_f_txt _db\">Rellena tu <b>nombre y apellido<\/b> para comentar<\/span><a href=\"https:\/\/plus.elpais.com\/autorization.html\/?prod=COM&amp;backURL=https%3A%2F%2Felpais.com%2Fespana%2F2026-01-29%2Fultima-hora-del-accidente-de-tren-en-cordoba-y-del-servicio-de-rodalies-en-directo.html\" class=\"btn btn-2\">completar datos<\/a><\/div>\n<div class=\"me_f\" id=\"comments_msg\"><a class=\"btn btn-2\" href=\"https:\/\/elpais.com\/suscripciones\/#\/campaign?prod=SUSDIGCRART&amp;o=COM&amp;prm=suscrip_articulo_comentarios_el-pais&amp;backURL=https%3A%2F%2Felpais.com%2Fespana%2F2026-01-29%2Fultima-hora-del-accidente-de-tren-en-cordoba-y-del-servicio-de-rodalies-en-directo.html\" id=\"comments_subscribe_link\" data-link-am=\"https:\/\/elpais.com\/suscripciones\/america\/#\/campaign?prod=SUSDIGCRARTAM&amp;o=COMAM&amp;prm=suscrip_articulo_comentarios_el-pais-america&amp;backURL=https%3A%2F%2Felpais.com%2Fespana%2F2026-01-29%2Fultima-hora-del-accidente-de-tren-en-cordoba-y-del-servicio-de-rodalies-en-directo.html\" data-link-mx=\"https:\/\/elpais.com\/suscripciones\/america\/#\/campaign?prod=SUSDIGMX&amp;o=COMMX&amp;prm=suscrip_articulo_comentarios_el-pais-mexico&amp;backURL=https%3A%2F%2Felpais.com%2Fespana%2F2026-01-29%2Fultima-hora-del-accidente-de-tren-en-cordoba-y-del-servicio-de-rodalies-en-directo.html\" data-link-co=\"https:\/\/elpais.com\/suscripciones\/america\/#\/campaign?prod=SUSDIGCOL&amp;o=COMCOL&amp;prm=suscrip_articulo_comentarios_el-pais_colombia&amp;backURL=https%3A%2F%2Felpais.com%2Fespana%2F2026-01-29%2Fultima-hora-del-accidente-de-tren-en-cordoba-y-del-servicio-de-rodalies-en-directo.html\" data-link-ar=\"https:\/\/elpais.com\/suscripciones\/america\/#\/campaign?prod=SUSDIGCRARTAR&amp;o=COMAR&amp;backURL=https%3A%2F%2Felpais.com%2Fespana%2F2026-01-29%2Fultima-hora-del-accidente-de-tren-en-cordoba-y-del-servicio-de-rodalies-en-directo.html\" data-link-cl=\"https:\/\/elpais.com\/suscripciones\/america\/#\/campaign?prod=SUSDIGCHILE&amp;o=COMCHILE&amp;backURL=https%3A%2F%2Felpais.com%2Fespana%2F2026-01-29%2Fultima-hora-del-accidente-de-tren-en-cordoba-y-del-servicio-de-rodalies-en-directo.html\" data-link-us=\"https:\/\/elpais.com\/suscripciones\/america\/#\/campaign?prod=SUSDIGCRARTEUCAN&amp;o=COMUS&amp;prm=suscrip_articulo_comentarios_el-pais_eucan&amp;backURL=https%3A%2F%2Felpais.com%2Fespana%2F2026-01-29%2Fultima-hora-del-accidente-de-tren-en-cordoba-y-del-servicio-de-rodalies-en-directo.html\">Suscr\u00edbete en El Pa\u00eds para participar<\/a><a class=\"btn btn-3\" href=\"https:\/\/elpais.com\/subscriptions\/#\/sign-in?prod=REG&amp;o=COM&amp;prm=login_articulo_comentarios_el-pais&amp;backURL=https%3A%2F%2Felpais.com%2Fespana%2F2026-01-29%2Fultima-hora-del-accidente-de-tren-en-cordoba-y-del-servicio-de-rodalies-en-directo.html\" id=\"comments_login_link\" data-link-am=\"https:\/\/elpais.com\/subscriptions\/#\/sign-in?prod=REG&amp;o=COM&amp;prm=login_articulo_comentarios_el-pais-america&amp;backURL=https%3A%2F%2Felpais.com%2Fespana%2F2026-01-29%2Fultima-hora-del-accidente-de-tren-en-cordoba-y-del-servicio-de-rodalies-en-directo.html\" data-link-mx=\"https:\/\/elpais.com\/subscriptions\/#\/sign-in?prod=REG&amp;o=COM&amp;prm=login_articulo_comentarios_el-pais-mexico&amp;backURL=https%3A%2F%2Felpais.com%2Fespana%2F2026-01-29%2Fultima-hora-del-accidente-de-tren-en-cordoba-y-del-servicio-de-rodalies-en-directo.html\" data-link-co=\"https:\/\/elpais.com\/subscriptions\/#\/sign-in?prod=REG&amp;o=COM&amp;backURL=https%3A%2F%2Felpais.com%2Fespana%2F2026-01-29%2Fultima-hora-del-accidente-de-tren-en-cordoba-y-del-servicio-de-rodalies-en-directo.html\" data-link-ar=\"https:\/\/elpais.com\/subscriptions\/#\/sign-in?prod=REG&amp;o=COM&amp;backURL=https%3A%2F%2Felpais.com%2Fespana%2F2026-01-29%2Fultima-hora-del-accidente-de-tren-en-cordoba-y-del-servicio-de-rodalies-en-directo.html\" data-link-cl=\"https:\/\/elpais.com\/subscriptions\/#\/sign-in?prod=REG&amp;o=COM&amp;backURL=https%3A%2F%2Felpais.com%2Fespana%2F2026-01-29%2Fultima-hora-del-accidente-de-tren-en-cordoba-y-del-servicio-de-rodalies-en-directo.html\" data-link-us=\"https:\/\/elpais.com\/subscriptions\/#\/sign-in?prod=REG&amp;o=COM&amp;backURL=https%3A%2F%2Felpais.com%2Fespana%2F2026-01-29%2Fultima-hora-del-accidente-de-tren-en-cordoba-y-del-servicio-de-rodalies-en-directo.html\">Ya tengo una suscripci\u00f3n<\/a><\/div>\n<p>Please enable JavaScript to view the &lt;a href=&#8221;https:\/\/disqus.com\/?ref_noscript&#8221; rel=&#8221;nofollow&#8221;&gt; comments powered by Disqus.&lt;\/a&gt;<\/p><\/div>\n<\/div>\n<\/div>\n<aside class=\"w w-rel\" data-dtm-region=\"articulo_mas-informacion\">\n<h2 class=\"w_t\">M\u00e1s informaci\u00f3n<\/h2>\n<ul class=\"w_b _ls\">\n<li class=\"_g _g-xs w-rel_n\">\n<div class=\" a_m-h c_m--nf\"><span class=\"_db _pr\"><img decoding=\"async\" class=\"_re lazyload a_m-h\" height=\"311\" width=\"414\" src=\"https:\/\/analyse.optim.biz\/wp-content\/uploads\/2026\/01\/ubg5lqzpanigbed7sd5gycd27y.jpg\" loading=\"lazy\" title=\"ubg5lqzpanigbed7sd5gycd27y\"><\/span><\/div>\n<div class=\"nt\">\n<h3 class=\"nt_t\"><a href=\"https:\/\/elpais.com\/espana\/2026-01-29\/la-ciaf-alerto-en-2019-de-problemas-en-la-linea-madrid-sevilla-pero-las-revisiones-no-detectaron-el-fallo-en-adamuz.html#?rel=mas\">La CIAF alert\u00f3 en 2019 de problemas en la l\u00ednea Madrid-Sevilla, pero las revisiones no detectaron el fallo en Adamuz <\/a><\/h3>\n<div class=\"nt_a\"><a href=\"https:\/\/elpais.com\/autor\/natalia-junquera\/\" title=\"Ver todas las noticias de Natalia Junquera\">Natalia Junquera<\/a> | Madrid<\/div>\n<\/div>\n<\/li>\n<li class=\"_g _g-xs w-rel_n\">\n<div class=\" a_m-h c_m--nf\"><span class=\"_db _pr\"><img decoding=\"async\" class=\"_re lazyload a_m-h\" height=\"311\" width=\"414\" src=\"https:\/\/analyse.optim.biz\/wp-content\/uploads\/2026\/01\/uo3xjeqbvwqpz753gm24ykd3la.jpg\" loading=\"lazy\" title=\"uo3xjeqbvwqpz753gm24ykd3la\"><\/span><\/div>\n<div class=\"nt\">\n<h3 class=\"nt_t\"><a href=\"https:\/\/elpais.com\/espana\/2026-01-29\/puente-defendera-en-el-senado-la-actuacion-de-adif-en-la-linea-madrid-sevilla-y-asumira-fallos-en-rodalies.html#?rel=mas\">Puente defender\u00e1 en el Senado la actuaci\u00f3n de Adif en la l\u00ednea Madrid-Sevilla y asumir\u00e1 fallos en Rodalies<\/a><\/h3>\n<div class=\"nt_a\"><a href=\"https:\/\/elpais.com\/autor\/javier-fernandez-magarino\/\" title=\"Ver todas las noticias de J. F. Magari\u00f1o\">J. F. Magari\u00f1o<\/a> | Madrid<\/div>\n<\/div>\n<\/li>\n<\/ul>\n<\/aside>\n<section class=\"w w-ae\" data-dtm-region=\"articulo_archivado-en\">\n<h2 class=\"w_t\">Archivado En<\/h2>\n<div class=\"w_b\">\n<ul class=\"w_ul w_ul--mh _df _ls\">\n<li><a href=\"https:\/\/elpais.com\/noticias\/espana\/#?rel=arch\" rel=\"noopener noreferrer\">Espa\u00f1a<\/a><\/li>\n<li><a href=\"https:\/\/elpais.com\/noticias\/andalucia\/#?rel=arch\" rel=\"noopener noreferrer\">Andaluc\u00eda<\/a><\/li>\n<li><a href=\"https:\/\/elpais.com\/noticias\/cordoba\/#?rel=arch\" rel=\"noopener noreferrer\">C\u00f3rdoba<\/a><\/li>\n<li><a href=\"https:\/\/elpais.com\/noticias\/adamuz\/#?rel=arch\" rel=\"noopener noreferrer\">Adamuz<\/a><\/li>\n<li><a href=\"https:\/\/elpais.com\/noticias\/madrid\/#?rel=arch\" rel=\"noopener noreferrer\">Madrid<\/a><\/li>\n<li><a href=\"https:\/\/elpais.com\/noticias\/barcelona\/#?rel=arch\" rel=\"noopener noreferrer\">Barcelona<\/a><\/li>\n<li><a href=\"https:\/\/elpais.com\/noticias\/renfe\/#?rel=arch\" rel=\"noopener noreferrer\">Renfe<\/a><\/li>\n<li><a href=\"https:\/\/elpais.com\/noticias\/adif-administrador-infraestructuras-ferroviarias\/#?rel=arch\" rel=\"noopener noreferrer\">Adif<\/a><\/li>\n<li><a href=\"https:\/\/elpais.com\/noticias\/huelva\/#?rel=arch\" rel=\"noopener noreferrer\">Huelva<\/a><\/li>\n<li><a href=\"https:\/\/elpais.com\/noticias\/govern-cataluna\/#?rel=arch\" rel=\"noopener noreferrer\">Govern Catalu\u00f1a<\/a><\/li>\n<li><a href=\"https:\/\/elpais.com\/noticias\/generalitat-cataluna\/#?rel=arch\" rel=\"noopener noreferrer\">Generalitat Catalu\u00f1a<\/a><\/li>\n<li><a href=\"https:\/\/elpais.com\/noticias\/ministerio-transportes\/#?rel=arch\" rel=\"noopener noreferrer\">Ministerio de Transportes<\/a><\/li>\n<li><a href=\"https:\/\/elpais.com\/noticias\/oscar-puente-santiago\/#?rel=arch\" rel=\"noopener noreferrer\">\u00d3scar Puente Santiago<\/a><\/li>\n<li><a href=\"https:\/\/elpais.com\/noticias\/accidentes\/#?rel=arch\" rel=\"noopener noreferrer\">Accidentes<\/a><\/li>\n<li><a href=\"https:\/\/elpais.com\/noticias\/accidente-ferrocarriles-adamuz-2026\/#?rel=arch\" rel=\"noopener noreferrer\">Accidente trenes Adamuz<\/a><\/li>\n<li><a href=\"https:\/\/elpais.com\/noticias\/accidentes-ferrocarril\/#?rel=arch\" rel=\"noopener noreferrer\">Accidentes ferrocarril<\/a><\/li>\n<li><a href=\"https:\/\/elpais.com\/noticias\/rodalies-catalunya\/#?rel=arch\" rel=\"noopener noreferrer\">Rodalies Catalunya<\/a><\/li>\n<\/ul>\n<\/div>\n<\/section>\n<aside class=\"a_tp _df\">\n<div class=\"a_tp_txt\"><span class=\"a_tp_t\">Se adhiere a los criterios de<\/span><\/p>\n<figure class=\"a_m a_m-h c_m--nf\"><a class=\"a_tp_i _dib\" href=\"https:\/\/elpais.com\/estaticos\/que-es-the-trust-project\/\" target=\"_blank\" rel=\"noopener noreferrer nofollow\"><img decoding=\"async\" alt=\"The Trust Project\" class=\" lazyload a_m-h\" height=\"20\" width=\"117\" src=\"https:\/\/analyse.optim.biz\/wp-content\/uploads\/2026\/01\/the-trust-project-364.svg\" loading=\"lazy\" title=\"the-trust-project-364\"><\/a><\/figure>\n<p><a class=\"a_tp_mi\" href=\"https:\/\/elpais.com\/estaticos\/codigo-etico\/\" target=\"_blank\" rel=\"noopener noreferrer nofollow\">M\u00e1s informaci\u00f3n<\/a><\/div>\n<div class=\"a_tp_si\">Si est\u00e1 interesado en licenciar este contenido, pinche <a class=\"a_tp_si_l\" href=\"https:\/\/profesional.elpais.com\/soluciones-sindicacion\/?utm_medium=interno&amp;utm_source=crosslinking&amp;utm_campaign=sindicacion_ep_pie_articulos\" target=\"_blank\" rel=\"noopener noreferrer nofollow\">aqu\u00ed<\/a><\/div>\n<\/aside>\n<div class=\"a_o _pr\" data-dtm-region=\"articulo_right-rail\">\n<div id=\"elpais_gpt-MPU1\" data-adtype=\"MPU\" class=\"ad ad-mpu\"><span class=\"_dn\">_<\/span><\/div>\n<section class=\"w w-sc b_col\" data-dtm-region=\"articulo_ultimas-noticias\">\n<header class=\"w_h b_col_h\">\n<h3 class=\"w_t\"><a href=\"https:\/\/elpais.com\/ultimas-noticias\/\" rel=\"story-card-ultimas-noticias\">\u00daltimas noticias<\/a><\/h3>\n<\/header>\n<div class=\"w_b\">\n<article class=\"c  c--m-n   \" data-word=\"0\">\n<header class=\"c_h\"><time datetime=\"2026-01-29T17:25:34+01:00\" class=\"c_da\">17:25<\/time><\/p>\n<h2 class=\"c_t \"><a href=\"https:\/\/elpais.com\/america\/2026-01-29\/joseph-oughourlian-debemos-defender-el-pensamiento-critico-y-la-verdad-cueste-lo-que-cueste.html\">Joseph Oughourlian: \u201cDebemos defender el pensamiento cr\u00edtico y la verdad, cueste lo que cueste\u201d<\/a><\/h2>\n<\/header>\n<\/article>\n<article class=\"c  c--m-n   \" data-word=\"0\">\n<header class=\"c_h\"><time datetime=\"2026-01-29T17:24:19+01:00\" class=\"c_da\">17:24<\/time><\/p>\n<h2 class=\"c_t \"><a href=\"https:\/\/elpais.com\/america\/2026-01-29\/el-segundo-dia-del-foro-economico-internacional-de-america-latina-y-el-caribe-en-imagenes.html\">El segundo d\u00eda del Foro Econ\u00f3mico Internacional de Am\u00e9rica Latina y el Caribe, en im\u00e1genes<\/a><\/h2>\n<\/header>\n<\/article>\n<article class=\"c  c--m-n   \" data-word=\"0\">\n<header class=\"c_h\"><time datetime=\"2026-01-29T17:13:34+01:00\" class=\"c_da\">17:13<\/time><\/p>\n<h2 class=\"c_t \"><a href=\"https:\/\/elpais.com\/mexico\/2026-01-29\/harry-styles-suma-cinco-conciertos-en-mexico-nuevas-fechas-y-precios-de-los-boletos-en-el-estadio-gnp-seguros.html\">Harry Styles suma cinco conciertos en M\u00e9xico: nuevas fechas y precios de los boletos en el Estadio GNP Seguros<\/a><\/h2>\n<\/header>\n<\/article>\n<article class=\"c  c--m-n   \" data-word=\"0\">\n<header class=\"c_h\"><time datetime=\"2026-01-29T17:13:20+01:00\" class=\"c_da\">17:13<\/time><\/p>\n<h2 class=\"c_t \"><a href=\"https:\/\/elpais.com\/espana\/2026-01-29\/erc-y-junts-cargan-contra-el-gobierno-por-rodalies-pese-al-nuevo-plan-de-8000-millones-en-mejoras.html\">ERC y Junts cargan contra el Gobierno por Rodalies pese al nuevo plan de 8.000 millones en mejoras<\/a><\/h2>\n<\/header>\n<\/article>\n<\/div>\n<\/section>\n<aside class=\"w w-lmv\" data-dtm-region=\"articulo_lom\">\n<h2 class=\"w_t\"><a href=\"https:\/\/elpais.com\/lo-mas-visto\/\">Lo m\u00e1s visto<\/a><\/h2>\n<div class=\"w_b\">\n<ol class=\"_ls\">\n<li><a href=\"https:\/\/elpais.com\/economia\/2026-01-27\/trump-bendice-la-caida-del-dolar-va-muy-bien-miren-los-negocios-que-estamos-haciendo.html#?rel=lom\">Trump asegura que no le preocupa la ca\u00edda del d\u00f3lar: \u201cVa muy bien, miren los negocios que estamos haciendo\u201d<\/a><\/li>\n<li><a href=\"https:\/\/elpais.com\/internacional\/2026-01-28\/el-primer-ministro-groenlandes-la-casa-blanca-no-tiene-ni-idea-de-lo-que-es-groenlandia.html#?rel=lom\">El primer ministro groenland\u00e9s: \u201cLa Casa Blanca no tiene ni idea de lo que es Groenlandia\u201d<\/a><\/li>\n<li><a href=\"https:\/\/elpais.com\/espana\/catalunya\/2026-01-28\/el-traspaso-de-la-inmigracion-a-cataluna-se-abre-paso-junts-acepta-cambiar-el-preambulo-de-la-ley-que-rechazaba-podemos.html#?rel=lom\">El traspaso de la inmigraci\u00f3n a Catalu\u00f1a se abre paso: Junts acepta cambiar el pre\u00e1mbulo de la ley que rechazaba Podemos<\/a><\/li>\n<li><a href=\"https:\/\/elpais.com\/espana\/2026-01-27\/la-guardia-civil-investiga-a-un-hombre-por-robar-571-pinos-pinoneros-en-valladolid-y-utilizarlos-para-hacer-biomasa.html#?rel=lom\">La Guardia Civil investiga a un hombre por robar 571 pinos pi\u00f1oneros en Valladolid y utilizarlos para hacer biomasa<\/a><\/li>\n<li><a href=\"https:\/\/elpais.com\/internacional\/2026-01-28\/siete-jefes-de-estado-dejan-atras-las-diferencias-ideologicas-y-piden-una-integracion-latinoamericana.html#?rel=lom\">Siete jefes de Estado dejan atr\u00e1s las diferencias ideol\u00f3gicas y piden una integraci\u00f3n latinoamericana<\/a><\/li>\n<\/ol>\n<\/div>\n<\/aside>\n<\/div>\n<\/article>\n<article class=\"c  c--m-n   \" data-word=\"0\">\n<header class=\"c_h\"><time datetime=\"2026-01-29T17:25:34+01:00\" class=\"c_da\">17:25<\/time><\/p>\n<h2 class=\"c_t \"><a href=\"https:\/\/elpais.com\/america\/2026-01-29\/joseph-oughourlian-debemos-defender-el-pensamiento-critico-y-la-verdad-cueste-lo-que-cueste.html\">Joseph Oughourlian: \u201cDebemos defender el pensamiento cr\u00edtico y la verdad, cueste lo que cueste\u201d<\/a><\/h2>\n<\/header>\n<\/article>\n<article class=\"c  c--m-n   \" data-word=\"0\">\n<header class=\"c_h\"><time datetime=\"2026-01-29T17:24:19+01:00\" class=\"c_da\">17:24<\/time><\/p>\n<h2 class=\"c_t \"><a href=\"https:\/\/elpais.com\/america\/2026-01-29\/el-segundo-dia-del-foro-economico-internacional-de-america-latina-y-el-caribe-en-imagenes.html\">El segundo d\u00eda del Foro Econ\u00f3mico Internacional de Am\u00e9rica Latina y el Caribe, en im\u00e1genes<\/a><\/h2>\n<\/header>\n<\/article>\n<article class=\"c  c--m-n   \" data-word=\"0\">\n<header class=\"c_h\"><time datetime=\"2026-01-29T17:13:34+01:00\" class=\"c_da\">17:13<\/time><\/p>\n<h2 class=\"c_t \"><a href=\"https:\/\/elpais.com\/mexico\/2026-01-29\/harry-styles-suma-cinco-conciertos-en-mexico-nuevas-fechas-y-precios-de-los-boletos-en-el-estadio-gnp-seguros.html\">Harry Styles suma cinco conciertos en M\u00e9xico: nuevas fechas y precios de los boletos en el Estadio GNP Seguros<\/a><\/h2>\n<\/header>\n<\/article>\n<article class=\"c  c--m-n   \" data-word=\"0\">\n<header class=\"c_h\"><time datetime=\"2026-01-29T17:13:20+01:00\" class=\"c_da\">17:13<\/time><\/p>\n<h2 class=\"c_t \"><a href=\"https:\/\/elpais.com\/espana\/2026-01-29\/erc-y-junts-cargan-contra-el-gobierno-por-rodalies-pese-al-nuevo-plan-de-8000-millones-en-mejoras.html\">ERC y Junts cargan contra el Gobierno por Rodalies pese al nuevo plan de 8.000 millones en mejoras<\/a><\/h2>\n<\/header>\n<\/article>\n<p> Source URL: https:\/\/elpais.com\/espana\/2026-01-29\/ultima-hora-del-accidente-de-tren-en-cordoba-y-del-servicio-de-rodalies-en-directo.html<\/p>\n","protected":false},"excerpt":{"rendered":"<p>V\u00eddeo en directo \u00daltima hora del accidente de tren en C\u00f3rdoba y del servicio de Rodalies, en directo | Huelva acoge un funeral por las v\u00edctimas de Adamuz al que acuden los Reyes y varios miembros del Gobierno Puente defiende su transparencia tras el accidente de Adamuz: \u201cDije que no me iba a esconder y [&hellip;]<\/p>\n","protected":false},"author":1,"featured_media":1543182,"comment_status":"open","ping_status":"","sticky":false,"template":"","format":"standard","meta":{"footnotes":""},"categories":[88],"tags":[92],"class_list":["post-1543181","post","type-post","status-publish","format-standard","has-post-thumbnail","hentry","category-spain","tag-elpais-com"],"_links":{"self":[{"href":"https:\/\/analyse.optim.biz\/index.php?rest_route=\/wp\/v2\/posts\/1543181","targetHints":{"allow":["GET"]}}],"collection":[{"href":"https:\/\/analyse.optim.biz\/index.php?rest_route=\/wp\/v2\/posts"}],"about":[{"href":"https:\/\/analyse.optim.biz\/index.php?rest_route=\/wp\/v2\/types\/post"}],"author":[{"embeddable":true,"href":"https:\/\/analyse.optim.biz\/index.php?rest_route=\/wp\/v2\/users\/1"}],"replies":[{"embeddable":true,"href":"https:\/\/analyse.optim.biz\/index.php?rest_route=%2Fwp%2Fv2%2Fcomments&post=1543181"}],"version-history":[{"count":0,"href":"https:\/\/analyse.optim.biz\/index.php?rest_route=\/wp\/v2\/posts\/1543181\/revisions"}],"wp:featuredmedia":[{"embeddable":true,"href":"https:\/\/analyse.optim.biz\/index.php?rest_route=\/wp\/v2\/media\/1543182"}],"wp:attachment":[{"href":"https:\/\/analyse.optim.biz\/index.php?rest_route=%2Fwp%2Fv2%2Fmedia&parent=1543181"}],"wp:term":[{"taxonomy":"category","embeddable":true,"href":"https:\/\/analyse.optim.biz\/index.php?rest_route=%2Fwp%2Fv2%2Fcategories&post=1543181"},{"taxonomy":"post_tag","embeddable":true,"href":"https:\/\/analyse.optim.biz\/index.php?rest_route=%2Fwp%2Fv2%2Ftags&post=1543181"}],"curies":[{"name":"wp","href":"https:\/\/api.w.org\/{rel}","templated":true}]}}