{"id":154317,"date":"2016-12-08T19:52:06","date_gmt":"2016-12-08T16:52:06","guid":{"rendered":"https:\/\/analyse.optim.biz\/?p=154317"},"modified":"2016-12-08T19:52:06","modified_gmt":"2016-12-08T16:52:06","slug":"tu-ce-vrei-sa-schimbi-in-romania-ismail-ghiulfer-ne-trebuie-o-legislatie-europeana-si-santiuni-concrete","status":"publish","type":"post","link":"https:\/\/analyse.optim.biz\/?p=154317","title":{"rendered":"Tu ce vrei s\u0103 schimbi \u00een Rom\u00e2nia? Ismail Ghiulfer: Ne trebuie o legisla\u0163ie european\u0103 \u015fi san\u0163iuni concrete"},"content":{"rendered":"<div class=\"entry data-app-meta data-app-meta-article\" data-embed-base-url-canonical=\"https:\/\/www.digi24.ro\/embed\/fara-categorie\/tu-ce-vrei-sa-schimbi-in-romania-ismail-ghiulfer-ne-trebuie-o-legislatie-europeana-si-santiuni-concrete-628253\">\n<p data-index=\"1\"><strong>Pe 11 decembrie rom\u00e2nii aleg senatorii \u015fi deputa\u0163ii care \u00eei vor reprezenta \u00een urm\u0103torii 4 ani. P\u00e2n\u0103 atunci, Digi24 vrea s\u0103 \u015ftie ce v\u0103 nemul\u0163ume\u015fte \u015fi ce solu\u0163ii vede\u0163i. Care crede\u0163i c\u0103 sunt priorit\u0103\u0163ile ce ar trebui incluse \u00een \u201eProiectul pentru Rom\u00e2nia\u201d? Tu ce vrei pentru Rom\u00e2nia? Ce ai schimba \u00een Rom\u00e2nia? Acestea sunt \u00eentreb\u0103rile la care c\u0103ut\u0103m r\u0103spunsuri.<\/strong><\/p>\n<p data-index=\"2\"><span lang=\"ro-RO\">Sondajele europene arat\u0103 ca doar o treime dintre rom\u00e2ni au \u00eencredere \u00een justi\u0163ie, \u00een vreme ce anul trecut propor\u0163ia era de aproape jum\u0103tate. Este cea mai mare sc\u0103dere \u00eenregistrat\u0103 de o institu\u0163ie, \u00een Uniunea European\u0103, \u00eentr-un timp at\u00e2t de scurt.<\/span><\/p>\n<p data-index=\"3\"><span lang=\"ro-RO\">Ismail Ghiulfer, avocat: \u201eCe m\u0103 nemul\u0163ume\u015fte la acest moment \u00een Rom\u00e2nia este c\u0103 litigiile \u00eenc\u0103 dureaz\u0103 foarte mult pe rolul instan\u0163elor. \u015ei nu neap\u0103rat o tergiversare din cauza magistra\u0163ilor sau a justi\u0163iabililor, c\u00e2t se ajunge la o tergiversare din cauza sistemului \u00een care suntem prin\u015fi cu to\u0163ii. Insuficien\u0163a sistemului este datorat\u0103 insuficien\u0163ei s\u0103lilor de judecat\u0103, insuficien\u0163ei magistra\u0163ilor, personalului auxiliar \u015fi mai ales nearmonizarea legisla\u0163iei noastre la legisla\u0163ia european\u0103. Pot dura ani \u00een care o parte civil\u0103 ajunge s\u0103 fie desp\u0103gubit\u0103 \u00eentr-un dosar penal sau pot dura ani \u00een care se ajunge la partajarea unui imobil la dezbaterea unei succesiuni \u015fi acest lucru se reflect\u0103 \u00een mod inevitabil \u00een via\u0163a justi\u0163iabililor. \u00cen primul r\u00e2nd cred c\u0103 ar trebui ca s\u0103 fie m\u0103rit num\u0103rul magistra\u0163ilor, num\u0103rul personalului auxiliar pentru c\u0103 personalul auxiliar este dep\u0103\u015fit de situa\u0163ie \u00een aceste momente. \u015ei am v\u0103zut \u015fi noi c\u0103 ace\u015ftia s-au revoltat, au f\u0103cut greve \u015fi a\u015fa mai departe. Iar dup\u0103 aceea trebuie, cred, m\u0103rit num\u0103rul s\u0103lilor de judecat\u0103. Ori, cel pu\u0163in, capacitatea acestora la nivel local \u015fi jude\u0163ean. Armonizarea \u00eentregii legisla\u0163ii interne \u00een raport de Europa \u015fi probabil, din p\u0103cate pentru noi, stabilirea unor sanc\u0163iuni mult mai concrete \u015fi mai degrab\u0103 aplicabile pentru orice \u00eenc\u0103lcare de orice natur\u0103, civil\u0103, penal\u0103 sau contraven\u0163ional\u0103. Ca s\u0103 moderniz\u0103m Rom\u00e2nia cred c\u0103 ar trebui s\u0103 fim mult mai aproape de Europa \u015fi cu sufletul \u015fi cu legisla\u0163ia.\u201d<\/span><\/p>\n<p data-index=\"4\"><em><strong><span lang=\"ro-RO\">Cum ai vrea s\u0103 se se dezvolte Rom\u00e2nia, cum ai vrea s\u0103 se modernizeze? V\u0103 a\u015ftept\u0103m p\u0103rerile, \u00een format video, pe sec\u0163iunea Digivox a site-ului nostru digi24.ro, pe e-mail (digivox@digi24.ro, redactie@digi24.ro) sau pe contul nostru de Facebook. De asemenea, pute\u0163i trimite film\u0103ri pe WhatsApp, la num\u0103rul 0771.100.304.<\/span><\/strong><\/em><\/p>\n<\/div>\n<p> Source URL: https:\/\/www.digi24.ro\/fara-categorie\/tu-ce-vrei-sa-schimbi-in-romania-ismail-ghiulfer-ne-trebuie-o-legislatie-europeana-si-santiuni-concrete-628253<\/p>\n","protected":false},"excerpt":{"rendered":"<p>Pe 11 decembrie rom\u00e2nii aleg senatorii \u015fi deputa\u0163ii care \u00eei vor reprezenta \u00een urm\u0103torii 4 ani. P\u00e2n\u0103 atunci, Digi24 vrea s\u0103 \u015ftie ce v\u0103 nemul\u0163ume\u015fte \u015fi ce solu\u0163ii vede\u0163i. Care crede\u0163i c\u0103 sunt priorit\u0103\u0163ile ce ar trebui incluse \u00een \u201eProiectul pentru Rom\u00e2nia\u201d? Tu ce vrei pentru Rom\u00e2nia? Ce ai schimba \u00een Rom\u00e2nia? Acestea sunt \u00eentreb\u0103rile [&hellip;]<\/p>\n","protected":false},"author":1,"featured_media":154318,"comment_status":"open","ping_status":"","sticky":false,"template":"","format":"standard","meta":{"footnotes":""},"categories":[2],"tags":[11],"class_list":["post-154317","post","type-post","status-publish","format-standard","has-post-thumbnail","hentry","category-politics","tag-digi24"],"_links":{"self":[{"href":"https:\/\/analyse.optim.biz\/index.php?rest_route=\/wp\/v2\/posts\/154317","targetHints":{"allow":["GET"]}}],"collection":[{"href":"https:\/\/analyse.optim.biz\/index.php?rest_route=\/wp\/v2\/posts"}],"about":[{"href":"https:\/\/analyse.optim.biz\/index.php?rest_route=\/wp\/v2\/types\/post"}],"author":[{"embeddable":true,"href":"https:\/\/analyse.optim.biz\/index.php?rest_route=\/wp\/v2\/users\/1"}],"replies":[{"embeddable":true,"href":"https:\/\/analyse.optim.biz\/index.php?rest_route=%2Fwp%2Fv2%2Fcomments&post=154317"}],"version-history":[{"count":0,"href":"https:\/\/analyse.optim.biz\/index.php?rest_route=\/wp\/v2\/posts\/154317\/revisions"}],"wp:featuredmedia":[{"embeddable":true,"href":"https:\/\/analyse.optim.biz\/index.php?rest_route=\/wp\/v2\/media\/154318"}],"wp:attachment":[{"href":"https:\/\/analyse.optim.biz\/index.php?rest_route=%2Fwp%2Fv2%2Fmedia&parent=154317"}],"wp:term":[{"taxonomy":"category","embeddable":true,"href":"https:\/\/analyse.optim.biz\/index.php?rest_route=%2Fwp%2Fv2%2Fcategories&post=154317"},{"taxonomy":"post_tag","embeddable":true,"href":"https:\/\/analyse.optim.biz\/index.php?rest_route=%2Fwp%2Fv2%2Ftags&post=154317"}],"curies":[{"name":"wp","href":"https:\/\/api.w.org\/{rel}","templated":true}]}}