{"id":1543086,"date":"2026-01-29T05:55:00","date_gmt":"2026-01-29T02:55:00","guid":{"rendered":"https:\/\/analyse.optim.biz\/?p=1543086"},"modified":"2026-01-29T05:55:00","modified_gmt":"2026-01-29T02:55:00","slug":"los-correos-internos-que-avisaron-del-desastre-en-las-residencias-durante-la-pandemia-y-no-cambiaron-nada","status":"publish","type":"post","link":"https:\/\/analyse.optim.biz\/?p=1543086","title":{"rendered":"Los correos internos que avisaron del desastre en las residencias durante la pandemia\u2026 y no cambiaron nada"},"content":{"rendered":"<article id=\"main-content\" class=\"a _g _g-lg _g-o\">\n<header class=\"a_e _g _g-xs\">\n<div class=\"a_e_m a_e_m--h\">\n<figure class=\"a_m a_m-h \"><span class=\"a_m_w _db\"><img fetchpriority=\"high\" decoding=\"async\" class=\"_re  a_m-h\" height=\"414\" width=\"414\" src=\"https:\/\/analyse.optim.biz\/wp-content\/uploads\/2026\/01\/hqulted24vgkdlqprpegz53m24-1.jpg\" loading=\"eager\" title=\"hqulted24vgkdlqprpegz53m24-1\"><\/span><figcaption class=\"a_m_p\" aria-hidden=\"true\"><span>Varias personas en una concentraci\u00f3n exigen verdad justicia y reparaci\u00f3n para las v\u00edctimas del covid-19 en las residencias, con pancartas de las 7291 muertes, frente a los Juzgados de Plaza Castilla, a 26 de mayo de 2025, en Madrid (Espa\u00f1a). El Juzgado de Instrucci\u00f3n 3 de Madrid ha citado a declarar como investigados a un exasesor sanitario y a dos exaltos cargos del Gobierno de la Comunidad de Madrid por los protocolos utilizados durante la pandemia de Covid-19 en las residencias. Se reabre as\u00ed a petici\u00f3n de la Fiscal\u00eda Provincial de Madrid una causa que hab\u00eda sido archivada provisionalmente casi tres a\u00f1os antes.<br \/>\n26 MAYO 2025;ALTO CARGO;V\u00cdCTIMAS;<br \/>\nA. P\u00e9rez Meca \/ Europa Press<br \/>\n26\/05\/2025<\/span><span class=\"a_m_m\">Foto: A. P\u00e9rez Meca  (Europa Press)<\/span><\/figcaption><\/figure>\n<\/div>\n<div class=\"a_e_txt _df\">\n<div class=\"a_k _df\"><span class=\"a_k_n\">&#8216;CASO RESIDENCIAS&#8217; <\/span><\/div>\n<h1 class=\"a_t\">Los correos internos que avisaron del desastre en las residencias durante la pandemia\u2026 y no cambiaron nada<\/h1>\n<\/div>\n<\/header>\n<div class=\"a_c clearfix\" data-dtm-region=\"articulo_cuerpo\">\n<p class>Durante los primeros d\u00edas de la pandemia, altos cargos del Gobierno de la Comunidad de Madrid eran conscientes de que las residencias de mayores no estaban preparadas para atender a personas contagiadas por covid-19. <\/p>\n<p class><b>Y hay correos internos que lo corroboran:<\/b><\/p>\n<ul>\n<li><span>Desde el inicio de la crisis sanitaria de marzo de 2020, un alto cargo de la Consejer\u00eda de Sanidad alert\u00f3 de que las residencias no eran el lugar adecuado para tratar a personas con covid. <\/span><\/li>\n<li><span>Ocho d\u00edas despu\u00e9s de que se anunciara su \u201cmedicalizaci\u00f3n\u201d, el entonces director de Coordinaci\u00f3n Sociosanitaria, Carlos Mur, advirti\u00f3 por correo de que el plan no estaba funcionando y pidi\u00f3 trasladar a m\u00e1s residentes a los hospitales.<\/span><\/li>\n<\/ul>\n<p class><b>Una frase: <\/b>\u201cNo deseo que ninguna autoridad tenga en su conciencia un n\u00famero importante de fallecimientos evitables\u201d, escribi\u00f3 Mur. <\/p>\n<ul>\n<li><span>Pero pese a la alerta interna, las derivaciones hospitalarias desde residencias cayeron a su nivel m\u00e1s bajo justo despu\u00e9s de ese correo. <\/span><\/li>\n<\/ul>\n<p class><b>\u00bfEn qu\u00e9 consist\u00eda el plan? <\/b>En tratar a muchos mayores en las propias residencias para evitar el colapso hospitalario. Sin embargo, en la pr\u00e1ctica, faltaban m\u00e9dicos, recursos y coordinaci\u00f3n. <\/p>\n<p class><b>Un dato estremecedor: <\/b>los registros oficiales muestran que en marzo y abril de 2020 murieron m\u00e1s de 7.200 residentes sin haber sido trasladados a un hospital. <\/p>\n<p class><b>La investigaci\u00f3n, seis a\u00f1os despu\u00e9s.<\/b> La justicia sigue investigando los fallecimientos como un posible delito de discriminaci\u00f3n en el acceso a un servicio p\u00fablico. <\/p>\n<ul>\n<li><span>Cuatro ex altos cargos ya han sido imputados y las asociaciones de familiares consideran que la investigaci\u00f3n deber\u00eda ampliarse a m\u00e1s responsables pol\u00edticos.<\/span><\/li>\n<\/ul>\n<p class><i>\u00a9Foto: A. P\u00e9rez Meca (Europa Press)<\/i><\/p>\n<p class><a href=\"https:\/\/elpais.com\/espana\/madrid\/2026-01-29\/los-correos-internos-que-prueban-que-el-gobierno-de-ayuso-sabia-que-las-residencias-no-se-medicalizaron-en-la-pandemia.html\" target=\"_self\" rel title=\"https:\/\/elpais.com\/espana\/madrid\/2026-01-29\/los-correos-internos-que-prueban-que-el-gobierno-de-ayuso-sabia-que-las-residencias-no-se-medicalizaron-en-la-pandemia.html\">Si quieres saber m\u00e1s, puedes leer aqu\u00ed.<\/a><\/p>\n<div class=\"a_btn\"><a class=\"button | flex showcase btn a_btn_l _d-ib\" href=\"https:\/\/elpais.com\/expres\/2026-01-29\/abalos-renuncia-a-su-acta-en-el-congreso-y-deja-el-escano-a-ana-maria-gonzalez-alcaldesa-de-llauri.html\">Anterior<\/a><\/div>\n<div class=\"a_btn\"><a class=\"button | flex showcase btn a_btn_l _d-ib\" href=\"https:\/\/elpais.com\/expres\/2026-01-29\/la-borrasca-kristin-no-afloja-y-prolonga-la-inestabilidad-este-jueves.html\">Siguiente<\/a><\/div>\n<\/div>\n<\/article>\n<p> Source URL: https:\/\/elpais.com\/expres\/2026-01-29\/los-correos-internos-que-avisaron-del-desastre-en-las-residencias-durante-la-pandemia-y-no-cambiaron-nada.html<\/p>\n","protected":false},"excerpt":{"rendered":"<p>Varias personas en una concentraci\u00f3n exigen verdad justicia y reparaci\u00f3n para las v\u00edctimas del covid-19 en las residencias, con pancartas de las 7291 muertes, frente a los Juzgados de Plaza Castilla, a 26 de mayo de 2025, en Madrid (Espa\u00f1a). El Juzgado de Instrucci\u00f3n 3 de Madrid ha citado a declarar como investigados a un [&hellip;]<\/p>\n","protected":false},"author":1,"featured_media":1543087,"comment_status":"open","ping_status":"","sticky":false,"template":"","format":"standard","meta":{"footnotes":""},"categories":[88],"tags":[92],"class_list":["post-1543086","post","type-post","status-publish","format-standard","has-post-thumbnail","hentry","category-spain","tag-elpais-com"],"_links":{"self":[{"href":"https:\/\/analyse.optim.biz\/index.php?rest_route=\/wp\/v2\/posts\/1543086","targetHints":{"allow":["GET"]}}],"collection":[{"href":"https:\/\/analyse.optim.biz\/index.php?rest_route=\/wp\/v2\/posts"}],"about":[{"href":"https:\/\/analyse.optim.biz\/index.php?rest_route=\/wp\/v2\/types\/post"}],"author":[{"embeddable":true,"href":"https:\/\/analyse.optim.biz\/index.php?rest_route=\/wp\/v2\/users\/1"}],"replies":[{"embeddable":true,"href":"https:\/\/analyse.optim.biz\/index.php?rest_route=%2Fwp%2Fv2%2Fcomments&post=1543086"}],"version-history":[{"count":0,"href":"https:\/\/analyse.optim.biz\/index.php?rest_route=\/wp\/v2\/posts\/1543086\/revisions"}],"wp:featuredmedia":[{"embeddable":true,"href":"https:\/\/analyse.optim.biz\/index.php?rest_route=\/wp\/v2\/media\/1543087"}],"wp:attachment":[{"href":"https:\/\/analyse.optim.biz\/index.php?rest_route=%2Fwp%2Fv2%2Fmedia&parent=1543086"}],"wp:term":[{"taxonomy":"category","embeddable":true,"href":"https:\/\/analyse.optim.biz\/index.php?rest_route=%2Fwp%2Fv2%2Fcategories&post=1543086"},{"taxonomy":"post_tag","embeddable":true,"href":"https:\/\/analyse.optim.biz\/index.php?rest_route=%2Fwp%2Fv2%2Ftags&post=1543086"}],"curies":[{"name":"wp","href":"https:\/\/api.w.org\/{rel}","templated":true}]}}