{"id":1543077,"date":"2026-01-29T05:55:00","date_gmt":"2026-01-29T02:55:00","guid":{"rendered":"https:\/\/analyse.optim.biz\/?p=1543077"},"modified":"2026-01-29T05:55:00","modified_gmt":"2026-01-29T02:55:00","slug":"abalos-renuncia-a-su-acta-en-el-congreso-y-deja-el-escano-a-ana-maria-gonzalez-alcaldesa-de-llauri","status":"publish","type":"post","link":"https:\/\/analyse.optim.biz\/?p=1543077","title":{"rendered":"\u00c1balos renuncia a su acta en el Congreso y deja el esca\u00f1o a Ana Mar\u00eda Gonz\u00e1lez, alcaldesa de Llaur\u00ed"},"content":{"rendered":"<article id=\"main-content\" class=\"a _g _g-lg _g-o\">\n<header class=\"a_e _g _g-xs\">\n<div class=\"a_e_txt _df\">\n<div class=\"a_k _df\"><span class=\"a_k_n\">POL\u00cdTICA<\/span><\/div>\n<h1 class=\"a_t\">\u00c1balos renuncia a su acta en el Congreso y deja el esca\u00f1o a Ana Mar\u00eda Gonz\u00e1lez, alcaldesa de Llaur\u00ed<\/h1>\n<\/div>\n<div class=\"a_e_m\">\n<figure class=\"a_m a_m-h \"><span class=\"a_m_w _db\"><img fetchpriority=\"high\" decoding=\"async\" class=\"_re  a_m-h\" height=\"414\" width=\"414\" src=\"https:\/\/analyse.optim.biz\/wp-content\/uploads\/2026\/01\/4q7bejhklnaatdq3a2xr3b7nqe-1.jpg\" loading=\"eager\" title=\"4q7bejhklnaatdq3a2xr3b7nqe-1\"><\/span><figcaption class=\"a_m_p\" aria-hidden=\"true\"><span>MADRID (ESPA\u00d1A), 28\/01\/2026.- El exministro Jos\u00e9 Luis \u00c1balos, durante el Pleno del Congreso celebrado el pasado 22 de julio. El exdirigente socialista y exministro de Transportes Jos\u00e9 Luis \u00c1balos ha presentado ante la Mesa del Congreso su renuncia al acta de diputado por Valencia, seg\u00fan ha informado \u00e9l mismo en redes sociales. EFE\/Archivo\/Chema Moya<br \/>\n<\/span><span class=\"a_m_m\">FOTO: Chema Moya (EFE)<\/span><\/figcaption><\/figure>\n<\/div>\n<\/header>\n<div class=\"a_c clearfix\" data-dtm-region=\"articulo_cuerpo\">\n<p class>El exministro socialista Jos\u00e9 Luis \u00c1balos ha renunciado a su acta en el Congreso. Un hecho al que hasta ahora se hab\u00eda resistido, pese el PSOE le expuls\u00f3 del grupo parlamentario y ya le reclam\u00f3 el acta en cuanto estall\u00f3 el esc\u00e1ndalo del caso Koldo y le abri\u00f3 en febrero de 2024 un expediente para quitarle la militancia.<\/p>\n<ul>\n<li><span>Esa resistencia fue tambi\u00e9n la que motiv\u00f3 la ruptura con su anterior abogado, partidario de que \u00c1balos abandonara su esca\u00f1o para que la causa por la compra fraudulenta de mascarillas dejara de estar en el Tribunal Supremo y as\u00ed ganar tiempo. <\/span><\/li>\n<li><span>El pasado 10 de diciembre, la Mesa del Congreso aumentaba la presi\u00f3n sobre el exministro al suspenderle de sus derechos y deberes.<\/span><\/li>\n<\/ul>\n<p class><b>\u00bfPor qu\u00e9 ahora? <\/b>En su cuenta de X, gestionada por su hijo desde que entr\u00f3 en prisi\u00f3n, \u00c1balos explica que \u201cpese a las prisas de los \u00f3rganos del gobierno de la C\u00e1mara por suspender sus derechos\u201d, siempre ha defendido la importancia del derecho de representaci\u00f3n. <\/p>\n<ul>\n<li><span>Sin embargo, reconoce que \u201cno puede sostenerla en su actual situaci\u00f3n procesal\u201d y sobre la que dice estar proyectando toda su actividad para defender su inocencia.<\/span><\/li>\n<li><span>La decisi\u00f3n se produce con su tercer grupo de abogados.<\/span><\/li>\n<\/ul>\n<p class><b>\u00bfY qu\u00e9 supone?<\/b> La renuncia coloca ya en el Congreso a la siguiente en la lista del PSOE por Valencia: la alcaldesa de Llaur\u00ed, Ana Mar\u00eda Gonz\u00e1lez, condenada a una multa y la retirada temporal del carnet por conducir ebria en 2021.<\/p>\n<p class><i>\u00a9Foto: Chema Moya (EFE)<\/i><\/p>\n<p class><a href=\"https:\/\/elpais.com\/espana\/2026-01-29\/abalos-se-arrepiente-por-no-dejar-antes-el-escano-y-aboca-la-causa-con-cerdan-a-una-investigacion-de-anos.html\" target=\"_self\" rel title=\"https:\/\/elpais.com\/espana\/2026-01-29\/abalos-se-arrepiente-por-no-dejar-antes-el-escano-y-aboca-la-causa-con-cerdan-a-una-investigacion-de-anos.html\">Si quieres saber m\u00e1s, puedes leer aqu\u00ed.<\/a><\/p>\n<div class=\"a_btn\"><a class=\"button | flex showcase btn a_btn_l _d-ib\" href=\"https:\/\/elpais.com\/expres\/2026-01-29\/cinco-anos-antes-del-accidente-de-adamuz-hubo-un-descarrilamiento-en-la-misma-linea-y-un-informe-que-ya-alerto-de-los-peligros.html\">Anterior<\/a><\/div>\n<div class=\"a_btn\"><a class=\"button | flex showcase btn a_btn_l _d-ib\" href=\"https:\/\/elpais.com\/expres\/2026-01-29\/los-correos-internos-que-avisaron-del-desastre-en-las-residencias-durante-la-pandemia-y-no-cambiaron-nada.html\">Siguiente<\/a><\/div>\n<\/div>\n<\/article>\n<p> Source URL: https:\/\/elpais.com\/expres\/2026-01-29\/abalos-renuncia-a-su-acta-en-el-congreso-y-deja-el-escano-a-ana-maria-gonzalez-alcaldesa-de-llauri.html<\/p>\n","protected":false},"excerpt":{"rendered":"<p>POL\u00cdTICA \u00c1balos renuncia a su acta en el Congreso y deja el esca\u00f1o a Ana Mar\u00eda Gonz\u00e1lez, alcaldesa de Llaur\u00ed MADRID (ESPA\u00d1A), 28\/01\/2026.- El exministro Jos\u00e9 Luis \u00c1balos, durante el Pleno del Congreso celebrado el pasado 22 de julio. El exdirigente socialista y exministro de Transportes Jos\u00e9 Luis \u00c1balos ha presentado ante la Mesa del [&hellip;]<\/p>\n","protected":false},"author":1,"featured_media":1543078,"comment_status":"open","ping_status":"","sticky":false,"template":"","format":"standard","meta":{"footnotes":""},"categories":[88],"tags":[92],"class_list":["post-1543077","post","type-post","status-publish","format-standard","has-post-thumbnail","hentry","category-spain","tag-elpais-com"],"_links":{"self":[{"href":"https:\/\/analyse.optim.biz\/index.php?rest_route=\/wp\/v2\/posts\/1543077","targetHints":{"allow":["GET"]}}],"collection":[{"href":"https:\/\/analyse.optim.biz\/index.php?rest_route=\/wp\/v2\/posts"}],"about":[{"href":"https:\/\/analyse.optim.biz\/index.php?rest_route=\/wp\/v2\/types\/post"}],"author":[{"embeddable":true,"href":"https:\/\/analyse.optim.biz\/index.php?rest_route=\/wp\/v2\/users\/1"}],"replies":[{"embeddable":true,"href":"https:\/\/analyse.optim.biz\/index.php?rest_route=%2Fwp%2Fv2%2Fcomments&post=1543077"}],"version-history":[{"count":0,"href":"https:\/\/analyse.optim.biz\/index.php?rest_route=\/wp\/v2\/posts\/1543077\/revisions"}],"wp:featuredmedia":[{"embeddable":true,"href":"https:\/\/analyse.optim.biz\/index.php?rest_route=\/wp\/v2\/media\/1543078"}],"wp:attachment":[{"href":"https:\/\/analyse.optim.biz\/index.php?rest_route=%2Fwp%2Fv2%2Fmedia&parent=1543077"}],"wp:term":[{"taxonomy":"category","embeddable":true,"href":"https:\/\/analyse.optim.biz\/index.php?rest_route=%2Fwp%2Fv2%2Fcategories&post=1543077"},{"taxonomy":"post_tag","embeddable":true,"href":"https:\/\/analyse.optim.biz\/index.php?rest_route=%2Fwp%2Fv2%2Ftags&post=1543077"}],"curies":[{"name":"wp","href":"https:\/\/api.w.org\/{rel}","templated":true}]}}