{"id":1543062,"date":"2026-01-29T05:55:00","date_gmt":"2026-01-29T02:55:00","guid":{"rendered":"https:\/\/analyse.optim.biz\/?p=1543062"},"modified":"2026-01-29T05:55:00","modified_gmt":"2026-01-29T02:55:00","slug":"cinco-anos-antes-del-accidente-de-adamuz-hubo-un-descarrilamiento-en-la-misma-linea-y-un-informe-que-ya-alerto-de-los-peligros","status":"publish","type":"post","link":"https:\/\/analyse.optim.biz\/?p=1543062","title":{"rendered":"Cinco a\u00f1os antes del accidente de Adamuz, hubo un descarrilamiento en la misma l\u00ednea (y un informe que ya alert\u00f3 de los peligros)"},"content":{"rendered":"<article id=\"main-content\" class=\"a _g _g-lg _g-o\">\n<header class=\"a_e _g _g-xs\">\n<div class=\"a_e_m a_e_m--h\">\n<figure class=\"a_m a_m-h \"><span class=\"a_m_w _db\"><img fetchpriority=\"high\" decoding=\"async\" class=\"_re  a_m-h\" height=\"414\" width=\"414\" src=\"https:\/\/analyse.optim.biz\/wp-content\/uploads\/2026\/01\/q5gbwlamy5harorhlnqfhul7hi-1.jpg\" loading=\"eager\" title=\"q5gbwlamy5harorhlnqfhul7hi-1\"><\/span><figcaption class=\"a_m_p\" aria-hidden=\"true\"><span>ADAMUZ (C\u00d3RDOBA), 26\/01\/2026.- Vista este lunes los vagones de Iryo precintados tras la retirada de los vagones siniestrados en Adamuz (C\u00f3rdoba). EFE\/ Salas<br \/>\n<\/span><span class=\"a_m_m\">Foto: Salas (EFE)<\/span><\/figcaption><\/figure>\n<\/div>\n<div class=\"a_e_txt _df\">\n<div class=\"a_k _df\"><span class=\"a_k_n\">ACCIDENTE FERROVIARIO EN ADAMUZ<\/span><\/div>\n<h1 class=\"a_t\">Cinco a\u00f1os antes del accidente de Adamuz, hubo un descarrilamiento en la misma l\u00ednea (y un informe que ya alert\u00f3 de los peligros)<\/h1>\n<\/div>\n<\/header>\n<div class=\"a_c clearfix\" data-dtm-region=\"articulo_cuerpo\">\n<p class>Cuando un tren descarrila, la primera pregunta siempre es la misma: \u00bfpod\u00eda haberse evitado? En el accidente de Adamuz, que dej\u00f3 45 muertos, esa pregunta apunta ahora a un precedente ocurrido en la misma l\u00ednea a\u00f1os antes.<\/p>\n<p class><b>Contexto. <\/b>La Comisi\u00f3n de Investigaci\u00f3n de Accidentes Ferroviarios (CIAF) analiza los siniestros graves para extraer lecciones de seguridad. En ese marco, ha revisado el descarrilamiento sin v\u00edctimas de un AVE en 2017 en Brazatortas, en la l\u00ednea Madrid-Sevilla. <\/p>\n<p class><b>\u00bfQu\u00e9 concluy\u00f3 el informe de 2019?<\/b> Que el descarrilamiento se debi\u00f3 a un fallo de la infraestructura, en concreto a la rotura de un elemento clave de un desv\u00edo. El informe hablaba de un \u201cpeligro latente\u201d en los aparatos de v\u00eda y se\u00f1alaba deficiencias en los criterios de seguridad y en las tareas de mantenimiento. <\/p>\n<p class><b>S\u00ed, el informe dej\u00f3 recomendaciones. <\/b>La CIAF pidi\u00f3 reforzar la detecci\u00f3n preventiva de defectos internos con auscultaciones por ultrasonidos, definir la vida \u00fatil de los elementos de la v\u00eda y estudiar su comportamiento con el uso para anticipar fallos.<\/p>\n<p class><b>\u00bfQui\u00e9n deb\u00eda comprobar que se cumpl\u00edan?<\/b> La Agencia Estatal de Seguridad Ferroviaria. En los balances oficiales, las relativas a Brazatortas figuran como cumplidas.<\/p>\n<p class><b>\u00bfY ahora qu\u00e9? <\/b>En Adamuz, la investigaci\u00f3n se centra ahora en la rotura de una soldadura del carril, una hip\u00f3tesis de trabajo que vuelve a poner el foco en puntos cr\u00edticos de la infraestructura que ya hab\u00edan sido se\u00f1alados a\u00f1os antes.<\/p>\n<p class><i>\u00a9Foto: Salas (EFE)<\/i><\/p>\n<p class><a href=\"https:\/\/elpais.com\/espana\/2026-01-29\/la-ciaf-alerto-en-2019-de-problemas-en-la-linea-madrid-sevilla-pero-las-revisiones-no-detectaron-el-fallo-en-adamuz.html\" target=\"_self\" rel title=\"https:\/\/elpais.com\/espana\/2026-01-29\/la-ciaf-alerto-en-2019-de-problemas-en-la-linea-madrid-sevilla-pero-las-revisiones-no-detectaron-el-fallo-en-adamuz.html\">Si quieres saber m\u00e1s, puedes leer aqu\u00ed<\/a>.<\/p>\n<div class=\"a_btn\"><a class=\"button | flex showcase btn a_btn_l _d-ib\" href=\"https:\/\/elpais.com\/expres\/2026-01-29\/abalos-renuncia-a-su-acta-en-el-congreso-y-deja-el-escano-a-ana-maria-gonzalez-alcaldesa-de-llauri.html\">Siguiente<\/a><\/div>\n<\/div>\n<\/article>\n<p> Source URL: https:\/\/elpais.com\/expres\/2026-01-29\/cinco-anos-antes-del-accidente-de-adamuz-hubo-un-descarrilamiento-en-la-misma-linea-y-un-informe-que-ya-alerto-de-los-peligros.html<\/p>\n","protected":false},"excerpt":{"rendered":"<p>ADAMUZ (C\u00d3RDOBA), 26\/01\/2026.- Vista este lunes los vagones de Iryo precintados tras la retirada de los vagones siniestrados en Adamuz (C\u00f3rdoba). EFE\/ Salas Foto: Salas (EFE) ACCIDENTE FERROVIARIO EN ADAMUZ Cinco a\u00f1os antes del accidente de Adamuz, hubo un descarrilamiento en la misma l\u00ednea (y un informe que ya alert\u00f3 de los peligros) Cuando un [&hellip;]<\/p>\n","protected":false},"author":1,"featured_media":1543064,"comment_status":"open","ping_status":"","sticky":false,"template":"","format":"standard","meta":{"footnotes":""},"categories":[88],"tags":[92],"class_list":["post-1543062","post","type-post","status-publish","format-standard","has-post-thumbnail","hentry","category-spain","tag-elpais-com"],"_links":{"self":[{"href":"https:\/\/analyse.optim.biz\/index.php?rest_route=\/wp\/v2\/posts\/1543062","targetHints":{"allow":["GET"]}}],"collection":[{"href":"https:\/\/analyse.optim.biz\/index.php?rest_route=\/wp\/v2\/posts"}],"about":[{"href":"https:\/\/analyse.optim.biz\/index.php?rest_route=\/wp\/v2\/types\/post"}],"author":[{"embeddable":true,"href":"https:\/\/analyse.optim.biz\/index.php?rest_route=\/wp\/v2\/users\/1"}],"replies":[{"embeddable":true,"href":"https:\/\/analyse.optim.biz\/index.php?rest_route=%2Fwp%2Fv2%2Fcomments&post=1543062"}],"version-history":[{"count":0,"href":"https:\/\/analyse.optim.biz\/index.php?rest_route=\/wp\/v2\/posts\/1543062\/revisions"}],"wp:featuredmedia":[{"embeddable":true,"href":"https:\/\/analyse.optim.biz\/index.php?rest_route=\/wp\/v2\/media\/1543064"}],"wp:attachment":[{"href":"https:\/\/analyse.optim.biz\/index.php?rest_route=%2Fwp%2Fv2%2Fmedia&parent=1543062"}],"wp:term":[{"taxonomy":"category","embeddable":true,"href":"https:\/\/analyse.optim.biz\/index.php?rest_route=%2Fwp%2Fv2%2Fcategories&post=1543062"},{"taxonomy":"post_tag","embeddable":true,"href":"https:\/\/analyse.optim.biz\/index.php?rest_route=%2Fwp%2Fv2%2Ftags&post=1543062"}],"curies":[{"name":"wp","href":"https:\/\/api.w.org\/{rel}","templated":true}]}}