{"id":1543009,"date":"2026-01-29T07:56:19","date_gmt":"2026-01-29T04:56:19","guid":{"rendered":"https:\/\/analyse.optim.biz\/?p=1543009"},"modified":"2026-01-29T07:56:19","modified_gmt":"2026-01-29T04:56:19","slug":"las-claves-la-eolica-marina-crece-en-europa-y-solo-sobrevive-al-otro-lado-del-oceano","status":"publish","type":"post","link":"https:\/\/analyse.optim.biz\/?p=1543009","title":{"rendered":"Las claves: la e\u00f3lica marina crece en Europa y solo sobrevive al otro lado del oc\u00e9ano"},"content":{"rendered":"<article id=\"main-content\" class=\"a _g _g-lg _g-o\">\n<header class=\"a_e a_e-o _g _g-xs\">\n<div class=\"a_e_txt _df\">\n<div class=\"a_k _df\"><a class=\"a_k_n\" href=\"https:\/\/cincodias.elpais.com\/opinion\/editoriales\/\">Las claves<\/a><\/p>\n<div class=\"a_k_tp _df\"><span class=\"a_k_tp_tip\">Opini\u00f3n<\/span><\/p>\n<div class=\"infb _df\">\n<div id=\"infb-tp\" class=\"_pa infb_txt\" hidden>Texto en el que el autor aboga por ideas y saca conclusiones basadas en su interpretaci\u00f3n de hechos y datos<\/div>\n<\/div>\n<\/div>\n<\/div>\n<h1 class=\"a_t\">Las claves: la e\u00f3lica marina crece en Europa y solo sobrevive al otro lado del oc\u00e9ano<\/h1>\n<p class=\"a_st\">Iberdrola podr\u00e1 seguir con las obras de Vineyard Wine 1, pero la incertidumbre de EE UU ahuyenta los proyectos<\/p>\n<\/div>\n<div class=\"a_e_m\">\n<figure class=\"a_m a_m-h \"><span class=\"a_m_w _db\"><img fetchpriority=\"high\" decoding=\"async\" class=\"_re  a_m-h\" height=\"265\" width=\"414\" src=\"https:\/\/analyse.optim.biz\/wp-content\/uploads\/2026\/01\/jlvftgslekd6mjcdmbojlspope-1.jpg\" loading=\"eager\" title=\"jlvftgslekd6mjcdmbojlspope-1\"><\/span><figcaption class=\"a_m_p\" aria-hidden=\"true\"><span>Molino e\u00f3lico en aguas noruegas del mar del Norte. <\/span><span class=\"a_m_m\">Getty<\/span><\/figcaption><\/figure>\n<\/div>\n<\/header>\n<div class=\"a_md _g _g-xs \">\n<figure class=\"a_md_i a_m-h c_m--nf\"><span class=\"a_m_w _db\"><img decoding=\"async\" alt=\"CINCO D\u00cdAS\" class=\"_re lazyload a_m-h\" height=\"100\" width=\"100\" src=\"https:\/\/analyse.optim.biz\/wp-content\/uploads\/2026\/01\/https3a2f2fs3-amazonaws-com2farc-authors2fprisa2f7ff32504-8cd2-4a09-943f-35f17e6f76d5-2.jpg\" loading=\"lazy\" title=\"https3a2f2fs3-amazonaws-com2farc-authors2fprisa2f7ff32504-8cd2-4a09-943f-35f17e6f76d5-2\"><\/span><\/figure>\n<div class=\"a_md_txt\">\n<div class=\"a_md_a\" data-dtm-region=\"articulo_firma\"><a href=\"https:\/\/cincodias.elpais.com\/autor\/cinco-dias\/#?rel=author_top\" title=\"Ver todas las noticias de CINCO D\u00cdAS\" class=\"a_md_a_n\">CINCO D\u00cdAS<\/a><\/div>\n<div class=\"a_md_f\"><span><a href=\"https:\/\/cincodias.elpais.com\/hemeroteca\/2026-01-29\/\" data-date=\"2026-01-29T08:56:19+01:00\"><time data-date=\"2026-01-29T08:56:19+01:00\" datetime=\"2026-01-29T08:56:19+01:00\" id=\"article_date_p\">29 ene 2026 &#8211; 08:56<abbr title=\"Central European Time\">CET<\/abbr><\/time><\/a><\/span><\/div>\n<div class=\"w_rs\" data-dtm-region=\"articulo_botonera-social\">\n<div class=\"w_rs_i\"><a class=\"_btn hidden\" href=\"\/\/send?text=Las%20claves%3A%20la%20e%C3%B3lica%20marina%20crece%20en%20Europa%20y%20solo%20sobrevive%20al%20otro%20lado%20del%20oc%C3%A9ano%0D%0A%0D%0Ahttps%3A%2F%2Fcincodias.elpais.com%2Fopinion%2F2026-01-29%2Flas-claves-la-eolica-marina-crece-en-europa-y-solo-sobrevive-al-otro-lado-del-oceano.html%3Fssm=whatsapp_CC\" data-action=\"share\/whatsapp\/share\" data-param-description=\"Las claves: la e\u00f3lica marina crece en Europa y solo sobrevive al otro lado del oc\u00e9ano\" data-param-href=\"https:\/\/cincodias.elpais.com\/opinion\/2026-01-29\/las-claves-la-eolica-marina-crece-en-europa-y-solo-sobrevive-al-otro-lado-del-oceano.html\" data-param-text=\"Las claves: la e\u00f3lica marina crece en Europa y solo sobrevive al otro lado del oc\u00e9ano https:\/\/cincodias.elpais.com\/opinion\/2026-01-29\/las-claves-la-eolica-marina-crece-en-europa-y-solo-sobrevive-al-otro-lado-del-oceano.html\" data-param-url=\"https:\/\/cincodias.elpais.com\/opinion\/2026-01-29\/las-claves-la-eolica-marina-crece-en-europa-y-solo-sobrevive-al-otro-lado-del-oceano.html\" target=\"_blank\" rel=\"noopener noreferrer\" data-share-track-dtm=\"whatsapp\" id=\"btn_share_whatsapp_573\"><span class=\"_sr\">Compartir en Whatsapp<\/span><\/a><\/div>\n<div class=\"w_rs_i\"><a class=\"_btn \" href=\"https:\/\/www.facebook.com\/dialog\/share?display=popup&amp;app_id=94039431626&amp;href=https%3A%2F%2Fcincodias.elpais.com%2Fopinion%2F2026-01-29%2Flas-claves-la-eolica-marina-crece-en-europa-y-solo-sobrevive-al-otro-lado-del-oceano.html%3Fssm=FB_CC&amp;quote=Las%20claves%3A%20la%20e%C3%B3lica%20marina%20crece%20en%20Europa%20y%20solo%20sobrevive%20al%20otro%20lado%20del%20oc%C3%A9ano\" data-param-app_id=\"94039431626\" data-param-description=\"Las claves: la e\u00f3lica marina crece en Europa y solo sobrevive al otro lado del oc\u00e9ano\" data-param-href=\"https:\/\/cincodias.elpais.com\/opinion\/2026-01-29\/las-claves-la-eolica-marina-crece-en-europa-y-solo-sobrevive-al-otro-lado-del-oceano.html\" data-param-text=\"Las claves: la e\u00f3lica marina crece en Europa y solo sobrevive al otro lado del oc\u00e9ano\" data-param-url=\"https:\/\/cincodias.elpais.com\/opinion\/2026-01-29\/las-claves-la-eolica-marina-crece-en-europa-y-solo-sobrevive-al-otro-lado-del-oceano.html\" target=\"_blank\" rel=\"noopener noreferrer\" data-share-track-dtm=\"facebook\" id=\"btn_share_facebook_573\"><span class=\"_sr\">Compartir en Facebook<\/span><\/a><\/div>\n<div class=\"w_rs_i\"><a class=\"_btn \" href=\"https:\/\/twitter.com\/intent\/tweet?url=https%3A%2F%2Fcincodias.elpais.com%2Fopinion%2F2026-01-29%2Flas-claves-la-eolica-marina-crece-en-europa-y-solo-sobrevive-al-otro-lado-del-oceano.html%3Fssm=TW_CC&amp;text=Las%20claves%3A%20la%20e%C3%B3lica%20marina%20crece%20en%20Europa%20y%20solo%20sobrevive%20al%20otro%20lado%20del%20oc%C3%A9ano&amp;via=cincodiascom&amp;lang=es\" data-param-description=\"Las claves: la e\u00f3lica marina crece en Europa y solo sobrevive al otro lado del oc\u00e9ano\" data-param-href=\"https:\/\/cincodias.elpais.com\/opinion\/2026-01-29\/las-claves-la-eolica-marina-crece-en-europa-y-solo-sobrevive-al-otro-lado-del-oceano.html\" data-param-text=\"Las claves: la e\u00f3lica marina crece en Europa y solo sobrevive al otro lado del oc\u00e9ano via @cincodiascom\" data-param-url=\"https:\/\/cincodias.elpais.com\/opinion\/2026-01-29\/las-claves-la-eolica-marina-crece-en-europa-y-solo-sobrevive-al-otro-lado-del-oceano.html\" target=\"_blank\" rel=\"noopener noreferrer\" data-share-track-dtm=\"twitter\" id=\"btn_share_twitter_573\"><span class=\"_sr\">Compartir en Twitter<\/span><\/a><\/div>\n<div class=\"w_rs_i\"><a class=\"_btn \" href=\"https:\/\/bsky.app\/intent\/compose?text=https%3A%2F%2Fcincodias.elpais.com%2Fopinion%2F2026-01-29%2Flas-claves-la-eolica-marina-crece-en-europa-y-solo-sobrevive-al-otro-lado-del-oceano.html%3Fssm=bsky_CC\" data-param-description=\"Las claves: la e\u00f3lica marina crece en Europa y solo sobrevive al otro lado del oc\u00e9ano\" data-param-href=\"https:\/\/cincodias.elpais.com\/opinion\/2026-01-29\/las-claves-la-eolica-marina-crece-en-europa-y-solo-sobrevive-al-otro-lado-del-oceano.html\" data-param-text=\"Las claves: la e\u00f3lica marina crece en Europa y solo sobrevive al otro lado del oc\u00e9ano\" data-param-url=\"https:\/\/cincodias.elpais.com\/opinion\/2026-01-29\/las-claves-la-eolica-marina-crece-en-europa-y-solo-sobrevive-al-otro-lado-del-oceano.html\" target=\"_blank\" rel=\"noopener noreferrer\" data-share-track-dtm=\"bluesky\" id=\"btn_share_bluesky_573\"><span class=\"_sr\">Compartir en Bluesky<\/span><\/a><\/div>\n<div class=\"w_rs_i\"><a class=\"_btn \" href=\"https:\/\/www.linkedin.com\/sharing\/share-offsite\/?url=https%3A%2F%2Fcincodias.elpais.com%2Fopinion%2F2026-01-29%2Flas-claves-la-eolica-marina-crece-en-europa-y-solo-sobrevive-al-otro-lado-del-oceano.html%3Fssm=LK_CC\" data-param-description=\"Las claves: la e\u00f3lica marina crece en Europa y solo sobrevive al otro lado del oc\u00e9ano\" data-param-href=\"https:\/\/cincodias.elpais.com\/opinion\/2026-01-29\/las-claves-la-eolica-marina-crece-en-europa-y-solo-sobrevive-al-otro-lado-del-oceano.html\" data-param-text=\"Las claves: la e\u00f3lica marina crece en Europa y solo sobrevive al otro lado del oc\u00e9ano\" data-param-url=\"https:\/\/cincodias.elpais.com\/opinion\/2026-01-29\/las-claves-la-eolica-marina-crece-en-europa-y-solo-sobrevive-al-otro-lado-del-oceano.html\" target=\"_blank\" rel=\"noopener noreferrer\" data-share-track-dtm=\"linkedin\" id=\"btn_share_linkedin_573\"><span class=\"_sr\">Compartir en Linkedin<\/span><\/a><\/div>\n<div class=\"w_rs_i\"><a class=\"_btn rs_l\" href=\"https:\/\/cincodias.elpais.com\/opinion\/2026-01-29\/las-claves-la-eolica-marina-crece-en-europa-y-solo-sobrevive-al-otro-lado-del-oceano.html#?prm=copy_link\" data-share-track-dtm=\"copiar_url\" id=\"btn_share_link_74\"><span class=\"_sr\">Copiar enlace<\/span><\/a><\/div>\n<div class=\"w_rs_i\"><a class=\"_btn rs_c\" href=\"https:\/\/cincodias.elpais.com\/opinion\/2026-01-29\/las-claves-la-eolica-marina-crece-en-europa-y-solo-sobrevive-al-otro-lado-del-oceano.html#comments_container\" aria-expanded=\"false\" aria-controls=\"me-c\" data-share-track-dtm=\"eskup\" id=\"btn_share_comments_74\"><span class=\"_sr\">Ir a los comentarios<\/span><\/a><\/div>\n<\/div>\n<\/div>\n<\/div>\n<div class=\"a_c clearfix\" data-dtm-region=\"articulo_cuerpo\">\n<p class>Los tribunales de Estados Unidos est\u00e1n revocando algunas de las decisiones del Gobierno del pa\u00eds contrarias al desarrollo de proyectos de energ\u00edas renovables, en particular de e\u00f3lica marina. <a href=\"https:\/\/cincodias.elpais.com\/companias\/2026-01-28\/un-juez-de-ee-uu-permite-a-iberdrola-continuar-las-obras-del-parque-eolico-marino-vineyard-wind.html\" target=\"_self\" rel title=\"https:\/\/cincodias.elpais.com\/companias\/2026-01-28\/un-juez-de-ee-uu-permite-a-iberdrola-continuar-las-obras-del-parque-eolico-marino-vineyard-wind.html\">Iberdrola podr\u00e1 seguir con las obras de Vineyard Wine 1<\/a>, en Massachussets, que por otro lado ya est\u00e1 completado en un 95%. Pero la incertidumbre jur\u00eddica est\u00e1 afectando a las decisiones de las empresas, y la multinacional espa\u00f1ola, por ejemplo, prefiere ahora centrarse en el negocio de redes, menos controvertidos pol\u00edticamente.<\/p>\n<p class>Mientras, aunque Europa ha dado alg\u00fan paso atr\u00e1s, o m\u00e1s bien a un lado, en lo relativo a los combustibles f\u00f3siles o la nuclear, la apuesta por las renovables sigue siendo fuerte. Varios pa\u00edses del centro y del norte del continente, con Alemania al frente, han lanzado un plan de expansi\u00f3n de e\u00f3lica <i>offshore <\/i>para conectar hasta 100 gigavatios mediante proyectos transfronterizos. El canciller Friedrich Merz parece convencido de que en varias d\u00e9cadas se podr\u00e1 controlar la fusi\u00f3n nuclear. Por el momento, bienvenida es esta nueva alianza europea.<\/p>\n<h3 class>Lo que no puede ser, no puede ser, y adem\u00e1s es imposible, hasta en el alquiler<\/h3>\n<p class>Las cosas, dice el axioma, valen lo que la gente est\u00e1 dispuesta a pagar por ellas. Cuando es algo tan necesario como un techo, la demanda tiende a infinito, y los l\u00edmites los marca la propia realidad. <a href=\"https:\/\/elpais.com\/economia\/vivienda\/2026-01-28\/el-alquiler-se-acerca-a-su-techo-porque-los-inquilinos-ya-no-pueden-pagar-mas.html\" target=\"_self\" rel title=\"https:\/\/elpais.com\/economia\/vivienda\/2026-01-28\/el-alquiler-se-acerca-a-su-techo-porque-los-inquilinos-ya-no-pueden-pagar-mas.html\">Seg\u00fan el Observatorio del Alquiler<\/a>, las rentas de las casas subieron un 5,9% en 2025, menos que el a\u00f1o anterior, simple y llanamente porque los inquilinos ya no pueden pagar m\u00e1s. Ante esa tesitura, las medidas para promover que los caseros no suban los precios pueden perder efectividad, porque el margen cada vez es m\u00e1s escaso. Lo que no puede ser, no puede ser, y adem\u00e1s es imposible.<\/p>\n<h3 class>El comercio electr\u00f3nico refuerza la importancia de un euro digital<\/h3>\n<p class>Piero Cipollone, miembro del comit\u00e9 ejecutivo del BCE encargado del euro digital, <a href=\"https:\/\/elpais.com\/economia\/2026-01-28\/cipollone-necesitamos-un-sistema-de-pagos-europeo-que-este-totalmente-bajo-nuestro-control.html\" target=\"_self\" rel title=\"https:\/\/elpais.com\/economia\/2026-01-28\/cipollone-necesitamos-un-sistema-de-pagos-europeo-que-este-totalmente-bajo-nuestro-control.html\">se\u00f1ala que la mayor raz\u00f3n para lanzar esta criptodivisa oficial<\/a> es que el efectivo est\u00e1 perdiendo fuerza en el comercio mundial, debido en particular al auge de las compras electr\u00f3nicas. En esas operaciones, los medios de pago estadounidenses, en concreto Visa o Mastercard, ganan un protagonismo que se\u00f1ala una fragilidad de fondo por la dependencia, una vez m\u00e1s, de los europeos respecto a la tecnolog\u00eda del pa\u00eds norteamericano. El euro digital provoca ciertos recelos en la banca comercial, que est\u00e1 desarrollando sus propias alianzas en los sistemas de pago. No deber\u00edan ser proyectos incompatibles, ni tampoco con el efectivo de toda la vida.<\/p>\n<h3 class>La frase del d\u00eda<\/h3>\n<blockquote class=\"a_q\">\n<div>Insto a Capgemini a que aclare, de forma extremadamente transparente, sus actividades en relaci\u00f3n con el Servicio de Control de Inmigraci\u00f3n de Estados Unidos, ICE<\/div>\n<p><cite class=\"_db\">Roland Lescure, ministro de Econom\u00eda de Francia<\/cite><\/p><\/blockquote>\n<h3 class>Musk juega con su excentricidad al fiar la OPV de Space X a la astrolog\u00eda<\/h3>\n<p class>Se atribuye a un hist\u00f3rico y exitoso banquero estadounidense afici\u00f3n por la astrolog\u00eda. La entidad fundada por \u00e9l, precisamente, participar\u00e1 en la OPV de Space X, que podr\u00eda tener lugar en junio. Su fundador, Elon Musk, en una m\u00e1s de sus excentricidades, parece fiarse tambi\u00e9n de la posici\u00f3n de los planetas para la operaci\u00f3n (encaja con la tem\u00e1tica de la empresa, al menos). As\u00ed lo cuenta el <i>Financial Times<\/i>, que se\u00f1ala que J\u00fapiter y Venus estar\u00e1n muy cerca el uno del otro a principios de junio (hace tres a\u00f1os de la \u00faltima vez, que tampoco es tanto tiempo). Adem\u00e1s, el 28 de ese mes es el 55\u00ba cumplea\u00f1os de Musk. <a href=\"https:\/\/elpais.com\/economia\/2026-01-28\/musk-sube-a-42000-millones-el-objetivo-de-la-salida-a-bolsa-de-spacex-aspirante-a-ser-la-mayor-de-la-historia.html\" target=\"_self\" rel title=\"https:\/\/elpais.com\/economia\/2026-01-28\/musk-sube-a-42000-millones-el-objetivo-de-la-salida-a-bolsa-de-spacex-aspirante-a-ser-la-mayor-de-la-historia.html\">El objetivo es que sea la mayor salida a Bolsa de la historia<\/a>; desde luego, es una de las m\u00e1s esperadas, con extravagancias y todo.<\/p>\n<\/div>\n<aside class=\"w w-fid\">\n<div class=\"w_b\">\n<div class=\"w-fid_t\"><a href=\"https:\/\/plus.elpais.com\/newsletters\/lnp\/1\/486\/#?prm=not_newsletters_agenda\">Recibe la Agenda de Cinco D\u00edas con las citas econ\u00f3micas m\u00e1s importantes del d\u00eda<\/a><\/div>\n<div class=\"w-fid_s\">\n<div class=\"w_rs\">\n<div class=\"w_rs_i\"><a class=\"_btn\" href=\"https:\/\/www.facebook.com\/Cincodias\/\" rel=\"nofollow\"><span class=\"_sr\">Opinion Cinco D\u00edas en Facebook<\/span><\/a><\/div>\n<div class=\"w_rs_i\"><a class=\"_btn\" href=\"https:\/\/twitter.com\/CincoDiascom\" rel=\"nofollow\"><span class=\"_sr\">Opinion Cinco D\u00edas en Twitter<\/span><\/a><\/div>\n<\/div>\n<\/div>\n<\/div>\n<\/aside>\n<aside class=\"a_com w w-com _df\"><a class=\"a_com_l\" href=\"https:\/\/elpais.com\/info\/normas-de-participacion\/\">Normas \u203a<\/a><\/aside>\n<div class=\"me _pf\" id=\"me-c\">\n<div class=\"me_bg\">\n<div class=\"me-c _pa\" id=\"comments_container\" data-dtm-region=\"articulo_comentarios\">\n<div class=\"me_f me_f-os me_cc\"><a href=\"https:\/\/plus.elpais.com\/perfil\/actividad\/\">Mis comentarios<\/a><a href=\"https:\/\/elpais.com\/info\/normas-de-participacion\/\">Normas<\/a><\/div>\n<div class=\"me_f me_f-ns\"><span class=\"me_f_txt _db\">Rellena tu <b>nombre y apellido<\/b> para comentar<\/span><a href=\"https:\/\/plus.elpais.com\/autorization.html\/?prod=COM&amp;backURL=https%3A%2F%2Fcincodias.elpais.com%2Fopinion%2F2026-01-29%2Flas-claves-la-eolica-marina-crece-en-europa-y-solo-sobrevive-al-otro-lado-del-oceano.html\" class=\"btn btn-2\">completar datos<\/a><\/div>\n<div class=\"me_f\" id=\"comments_msg\"><a class=\"btn btn-2\" href=\"https:\/\/elpais.com\/suscripciones\/premium\/primer-mes-anual\/#\/campaign?prod=SUSDIGCRART&amp;o=COM5D&amp;prm=suscrip_articulo_comentarios_5d&amp;backURL=https%3A%2F%2Fcincodias.elpais.com%2Fopinion%2F2026-01-29%2Flas-claves-la-eolica-marina-crece-en-europa-y-solo-sobrevive-al-otro-lado-del-oceano.html\" id=\"comments_subscribe_link\" data-link-am=\"https:\/\/elpais.com\/suscripcion\/latam\/primermes\/premium\/mensual\/anual\/#\/campaign?prod=SUSDIGCRART&amp;o=COM5D&amp;prm=suscrip_articulo_comentarios_5d&amp;backURL=https%3A%2F%2Fcincodias.elpais.com%2Fopinion%2F2026-01-29%2Flas-claves-la-eolica-marina-crece-en-europa-y-solo-sobrevive-al-otro-lado-del-oceano.html\" data-link-mx=\"https:\/\/elpais.com\/suscripcion\/latam\/primermes\/premium\/mensual\/anual\/#\/campaign?prod=SUSDIGCRART&amp;o=COM5D&amp;prm=suscrip_articulo_comentarios_5d&amp;backURL=https%3A%2F%2Fcincodias.elpais.com%2Fopinion%2F2026-01-29%2Flas-claves-la-eolica-marina-crece-en-europa-y-solo-sobrevive-al-otro-lado-del-oceano.html\" data-link-co=\"https:\/\/elpais.com\/suscripcion\/latam\/primermes\/premium\/mensual\/anual\/#\/campaign?prod=SUSDIGCRART&amp;o=COM5D&amp;prm=suscrip_articulo_comentarios_5d&amp;backURL=https%3A%2F%2Fcincodias.elpais.com%2Fopinion%2F2026-01-29%2Flas-claves-la-eolica-marina-crece-en-europa-y-solo-sobrevive-al-otro-lado-del-oceano.html\" data-link-ar=\"https:\/\/elpais.com\/suscripcion\/latam\/primermes\/premium\/mensual\/anual\/#\/campaign?prod=SUSDIGCRART&amp;o=COM5D&amp;prm=suscrip_articulo_comentarios_5d&amp;backURL=https%3A%2F%2Fcincodias.elpais.com%2Fopinion%2F2026-01-29%2Flas-claves-la-eolica-marina-crece-en-europa-y-solo-sobrevive-al-otro-lado-del-oceano.html\" data-link-cl=\"https:\/\/elpais.com\/suscripcion\/latam\/primermes\/premium\/mensual\/anual\/#\/campaign?prod=SUSDIGCRART&amp;o=COM5D&amp;prm=suscrip_articulo_comentarios_5d&amp;backURL=https%3A%2F%2Fcincodias.elpais.com%2Fopinion%2F2026-01-29%2Flas-claves-la-eolica-marina-crece-en-europa-y-solo-sobrevive-al-otro-lado-del-oceano.html\" data-link-us=\"https:\/\/elpais.com\/suscripcion\/latam\/primermes\/premium\/mensual\/anual\/#\/campaign?prod=SUSDIGCRART&amp;o=COM5D&amp;prm=suscrip_articulo_comentarios_5d&amp;backURL=https%3A%2F%2Fcincodias.elpais.com%2Fopinion%2F2026-01-29%2Flas-claves-la-eolica-marina-crece-en-europa-y-solo-sobrevive-al-otro-lado-del-oceano.html\">Suscr\u00edbete en El Pa\u00eds para participar<\/a><a class=\"btn btn-3\" href=\"https:\/\/elpais.com\/subscriptions\/#\/sign-in?prod=SUSDIG&amp;o=COM5D&amp;prm=login_articulo_comentarios_5d&amp;backURL=https%3A%2F%2Fcincodias.elpais.com%2Fopinion%2F2026-01-29%2Flas-claves-la-eolica-marina-crece-en-europa-y-solo-sobrevive-al-otro-lado-del-oceano.html\" id=\"comments_login_link\" data-link-am=\"https:\/\/elpais.com\/subscriptions\/#\/sign-in?prod=SUSDIG&amp;o=COM5D&amp;prm=login_articulo_comentarios_5d&amp;backURL=https%3A%2F%2Fcincodias.elpais.com%2Fopinion%2F2026-01-29%2Flas-claves-la-eolica-marina-crece-en-europa-y-solo-sobrevive-al-otro-lado-del-oceano.html\" data-link-mx=\"https:\/\/elpais.com\/subscriptions\/#\/sign-in?prod=SUSDIG&amp;o=COM5D&amp;prm=login_articulo_comentarios_5d&amp;backURL=https%3A%2F%2Fcincodias.elpais.com%2Fopinion%2F2026-01-29%2Flas-claves-la-eolica-marina-crece-en-europa-y-solo-sobrevive-al-otro-lado-del-oceano.html\" data-link-co=\"https:\/\/elpais.com\/subscriptions\/#\/sign-in?prod=SUSDIG&amp;o=COM5D&amp;prm=login_articulo_comentarios_5d&amp;backURL=https%3A%2F%2Fcincodias.elpais.com%2Fopinion%2F2026-01-29%2Flas-claves-la-eolica-marina-crece-en-europa-y-solo-sobrevive-al-otro-lado-del-oceano.html\" data-link-ar=\"https:\/\/elpais.com\/subscriptions\/#\/sign-in?prod=SUSDIG&amp;o=COM5D&amp;prm=login_articulo_comentarios_5d&amp;backURL=https%3A%2F%2Fcincodias.elpais.com%2Fopinion%2F2026-01-29%2Flas-claves-la-eolica-marina-crece-en-europa-y-solo-sobrevive-al-otro-lado-del-oceano.html\" data-link-cl=\"https:\/\/elpais.com\/subscriptions\/#\/sign-in?prod=SUSDIG&amp;o=COM5D&amp;prm=login_articulo_comentarios_5d&amp;backURL=https%3A%2F%2Fcincodias.elpais.com%2Fopinion%2F2026-01-29%2Flas-claves-la-eolica-marina-crece-en-europa-y-solo-sobrevive-al-otro-lado-del-oceano.html\" data-link-us=\"https:\/\/elpais.com\/subscriptions\/#\/sign-in?prod=SUSDIG&amp;o=COM5D&amp;prm=login_articulo_comentarios_5d&amp;backURL=https%3A%2F%2Fcincodias.elpais.com%2Fopinion%2F2026-01-29%2Flas-claves-la-eolica-marina-crece-en-europa-y-solo-sobrevive-al-otro-lado-del-oceano.html\">Ya tengo una suscripci\u00f3n<\/a><\/div>\n<p>Please enable JavaScript to view the &lt;a href=&#8221;https:\/\/disqus.com\/?ref_noscript&#8221; rel=&#8221;nofollow&#8221;&gt; comments powered by Disqus.&lt;\/a&gt;<\/p><\/div>\n<\/div>\n<\/div>\n<aside class=\"w w-rel\" data-dtm-region=\"articulo_mas-informacion\">\n<h2 class=\"w_t\">M\u00e1s informaci\u00f3n<\/h2>\n<ul class=\"w_b _ls\">\n<li class=\"_g _g-xs w-rel_n\">\n<div class=\" a_m-h c_m--nf\"><span class=\"_db _pr\"><img decoding=\"async\" class=\"_re lazyload a_m-h\" height=\"311\" width=\"414\" src=\"https:\/\/analyse.optim.biz\/wp-content\/uploads\/2026\/01\/ydgfc4uskfpxxle5qrqngujhya.jpg\" loading=\"lazy\" title=\"ydgfc4uskfpxxle5qrqngujhya\"><\/span><\/div>\n<div class=\"nt\">\n<h3 class=\"nt_t\"><a href=\"https:\/\/cincodias.elpais.com\/opinion\/2026-01-29\/el-monopolio-de-asml-merece-mas-prima.html#?rel=mas\">El monopolio de ASML merece m\u00e1s prima<\/a><\/h3>\n<div class=\"nt_a\"><a href=\"https:\/\/cincodias.elpais.com\/autor\/karen-kwok\/\" title=\"Ver todas las noticias de Karen Kwok\">Karen Kwok<\/a><\/div>\n<\/div>\n<\/li>\n<li class=\"_g _g-xs w-rel_n\">\n<div class=\" a_m-h c_m--nf\"><span class=\"_db _pr\"><img decoding=\"async\" class=\"_re lazyload a_m-h\" height=\"311\" width=\"414\" src=\"https:\/\/analyse.optim.biz\/wp-content\/uploads\/2026\/01\/5qagek4lefat5ormw3p3ytowi4.jpg\" loading=\"lazy\" title=\"5qagek4lefat5ormw3p3ytowi4\"><\/span><\/div>\n<div class=\"nt\">\n<h3 class=\"nt_t\"><a href=\"https:\/\/cincodias.elpais.com\/opinion\/2026-01-29\/lo-que-necesita-el-sistema-de-salud-de-ee-uu-medicare-es-cirugia.html#?rel=mas\">Lo que necesita el sistema de salud de Estados Unidos es cirug\u00eda<\/a><\/h3>\n<div class=\"nt_a\"><a href=\"https:\/\/cincodias.elpais.com\/autor\/robert-cyran\/\" title=\"Ver todas las noticias de Robert Cyran\">Robert Cyran<\/a><\/div>\n<\/div>\n<\/li>\n<\/ul>\n<\/aside>\n<section class=\"w w-ae\" data-dtm-region=\"articulo_archivado-en\">\n<h2 class=\"w_t\">Archivado En<\/h2>\n<div class=\"w_b\">\n<ul class=\"w_ul w_ul--mh _df _ls\">\n<li><a href=\"https:\/\/cincodias.elpais.com\/noticias\/opinion\/#?rel=arch\" rel=\"noopener noreferrer\">Opini\u00f3n<\/a><\/li>\n<li><a href=\"https:\/\/cincodias.elpais.com\/noticias\/energia-eolica-marina\/#?rel=arch\" rel=\"noopener noreferrer\">Energ\u00eda e\u00f3lica marina<\/a><\/li>\n<li><a href=\"https:\/\/cincodias.elpais.com\/noticias\/space-exploration-technologies-corporation\/#?rel=arch\" rel=\"noopener noreferrer\">Space X<\/a><\/li>\n<li><a href=\"https:\/\/cincodias.elpais.com\/noticias\/cap-gemini-sogeti\/#?rel=arch\" rel=\"noopener noreferrer\">Capgemini<\/a><\/li>\n<li><a href=\"https:\/\/cincodias.elpais.com\/noticias\/euro-digital\/#?rel=arch\" rel=\"noopener noreferrer\">Euro digital<\/a><\/li>\n<li><a href=\"https:\/\/cincodias.elpais.com\/noticias\/vivienda\/#?rel=arch\" rel=\"noopener noreferrer\">Vivienda<\/a><\/li>\n<\/ul>\n<\/div>\n<\/section>\n<aside class=\"a_tp _df\">\n<div class=\"a_tp_txt\"><span class=\"a_tp_t\">Se adhiere a los criterios de<\/span><\/p>\n<figure class=\"a_m a_m-h c_m--nf\"><a class=\"a_tp_i _dib\" href=\"https:\/\/elpais.com\/estaticos\/que-es-the-trust-project\/\" target=\"_blank\" rel=\"noopener noreferrer nofollow\"><img decoding=\"async\" alt=\"The Trust Project\" class=\" lazyload a_m-h\" height=\"20\" width=\"117\" src=\"https:\/\/analyse.optim.biz\/wp-content\/uploads\/2026\/01\/the-trust-project-362.svg\" loading=\"lazy\" title=\"the-trust-project-362\"><\/a><\/figure>\n<p><a class=\"a_tp_mi\" href=\"https:\/\/elpais.com\/estaticos\/codigo-etico\/\" target=\"_blank\" rel=\"noopener noreferrer nofollow\">M\u00e1s informaci\u00f3n<\/a><\/div>\n<div class=\"a_tp_si\">Si est\u00e1 interesado en licenciar este contenido, pinche <a class=\"a_tp_si_l\" href=\"https:\/\/profesional.elpais.com\/soluciones-sindicacion\/?utm_medium=interno&amp;utm_source=crosslinking&amp;utm_campaign=sindicacion_ep_pie_articulos\" target=\"_blank\" rel=\"noopener noreferrer nofollow\">aqu\u00ed<\/a><\/div>\n<\/aside>\n<div class=\"a_o _pr\" data-dtm-region=\"articulo_right-rail\">\n<div id=\"elpais_gpt-MPU1\" data-adtype=\"MPU\" class=\"ad ad-mpu\"><span class=\"_dn\">_<\/span><\/div>\n<section class=\"w w-sc b_col\" data-dtm-region=\"articulo_ultimas-noticias\">\n<header class=\"w_h b_col_h\">\n<h3 class=\"w_t\"><a href=\"https:\/\/cincodias.elpais.com\/ultimas-noticias\/\" rel=\"story-card-ultimas-noticias\">\u00daltimas noticias<\/a><\/h3>\n<\/header>\n<div class=\"w_b\">\n<article class=\"c  c--m-n   \" data-word=\"0\">\n<header class=\"c_h\"><time datetime=\"2026-01-29T17:11:57+01:00\" class=\"c_da\">17:11<\/time><\/p>\n<h2 class=\"c_t \"><a href=\"https:\/\/cincodias.elpais.com\/mercados-financieros\/2026-01-29\/la-bolsa-y-el-ibex-35.html\">El petr\u00f3leo se acerca a los 70 d\u00f3lares ante las amenazas a Ir\u00e1n y el oro cae con fuerza<\/a><\/h2>\n<\/header>\n<\/article>\n<article class=\"c  c--m-n   \" data-word=\"0\">\n<header class=\"c_h\"><time datetime=\"2026-01-29T17:03:52+01:00\" class=\"c_da\">17:03<\/time><\/p>\n<h2 class=\"c_t \"><a href=\"https:\/\/elpais.com\/economia\/2026-01-29\/trump-vuelve-a-arremeter-contra-powell-por-no-bajar-los-tipos-de-interes.html\">Trump vuelve a insultar a Powell horas despu\u00e9s de que este advirtiera de que la credibilidad de la Fed est\u00e1 en juego<\/a><\/h2>\n<\/header>\n<\/article>\n<article class=\"c  c--m-n   \" data-word=\"0\">\n<header class=\"c_h\"><time datetime=\"2026-01-29T16:44:51+01:00\" class=\"c_da\">16:44<\/time><\/p>\n<h2 class=\"c_t \"><a href=\"https:\/\/cincodias.elpais.com\/mercados-financieros\/2026-01-29\/jose-manuel-campa-vuelve-al-iese-como-profesor-ordinario-de-finanzas-y-economia-tras-presidir-la-eba.html\">Jos\u00e9 Manuel Campa vuelve al IESE como profesor ordinario de Finanzas y Econom\u00eda tras presidir la EBA<\/a><\/h2>\n<\/header>\n<\/article>\n<article class=\"c  c--m-n   \" data-word=\"0\">\n<header class=\"c_h\"><time datetime=\"2026-01-29T16:29:18+01:00\" class=\"c_da\">16:29<\/time><\/p>\n<h2 class=\"c_t \"><a href=\"https:\/\/elpais.com\/economia\/2026-01-29\/el-banco-europeo-de-inversiones-destino-un-50-mas-de-credito-a-vivienda-asequible-en-2025.html\">El Banco Europeo de Inversiones destin\u00f3 un 50% m\u00e1s de cr\u00e9dito a vivienda asequible en 2025<\/a><\/h2>\n<\/header>\n<\/article>\n<\/div>\n<\/section>\n<aside class=\"w w-lmv\" data-dtm-region=\"articulo_lom\">\n<h2 class=\"w_t\"><a href=\"https:\/\/cincodias.elpais.com\/lo-mas-visto\/\">Lo m\u00e1s visto<\/a><\/h2>\n<div class=\"w_b\">\n<ol class=\"_ls\">\n<li><a href=\"https:\/\/cincodias.elpais.com\/economia\/2026-01-27\/trump-bendice-la-caida-del-dolar-va-muy-bien-miren-los-negocios-que-estamos-haciendo.html#?rel=lom\">Trump asegura que no le preocupa la ca\u00edda del d\u00f3lar: \u201cVa muy bien, miren los negocios que estamos haciendo\u201d<\/a><\/li>\n<\/ol>\n<\/div>\n<\/aside>\n<section class=\"w w-b5d\">\n<h2 class=\"w_t\"><a href=\"https:\/\/cincodias.elpais.com\/mercados\/\">Buscar bolsas y mercados<\/a><\/h2>\n<div class=\"w_b\">\n<div class=\"lk\"><a href=\"https:\/\/cincodias.elpais.com\/mercados\/bolsa\/ibex-35\/\" title=\"Ibex 35\">Ibex 35<\/a><a href=\"https:\/\/cincodias.elpais.com\/mercados\/bolsa\/eurostoxx-50\/\" title=\"Eurostoxx\">Eurostoxx<\/a><a href=\"https:\/\/cincodias.elpais.com\/mercados\/bolsa\/sp-500\/\" title=\"S&amp;P 500\">S&amp;P 500<\/a><\/div>\n<\/div>\n<\/section>\n<\/div>\n<\/article>\n<article class=\"c  c--m-n   \" data-word=\"0\">\n<header class=\"c_h\"><time datetime=\"2026-01-29T17:11:57+01:00\" class=\"c_da\">17:11<\/time><\/p>\n<h2 class=\"c_t \"><a href=\"https:\/\/cincodias.elpais.com\/mercados-financieros\/2026-01-29\/la-bolsa-y-el-ibex-35.html\">El petr\u00f3leo se acerca a los 70 d\u00f3lares ante las amenazas a Ir\u00e1n y el oro cae con fuerza<\/a><\/h2>\n<\/header>\n<\/article>\n<article class=\"c  c--m-n   \" data-word=\"0\">\n<header class=\"c_h\"><time datetime=\"2026-01-29T17:03:52+01:00\" class=\"c_da\">17:03<\/time><\/p>\n<h2 class=\"c_t \"><a href=\"https:\/\/elpais.com\/economia\/2026-01-29\/trump-vuelve-a-arremeter-contra-powell-por-no-bajar-los-tipos-de-interes.html\">Trump vuelve a insultar a Powell horas despu\u00e9s de que este advirtiera de que la credibilidad de la Fed est\u00e1 en juego<\/a><\/h2>\n<\/header>\n<\/article>\n<article class=\"c  c--m-n   \" data-word=\"0\">\n<header class=\"c_h\"><time datetime=\"2026-01-29T16:44:51+01:00\" class=\"c_da\">16:44<\/time><\/p>\n<h2 class=\"c_t \"><a href=\"https:\/\/cincodias.elpais.com\/mercados-financieros\/2026-01-29\/jose-manuel-campa-vuelve-al-iese-como-profesor-ordinario-de-finanzas-y-economia-tras-presidir-la-eba.html\">Jos\u00e9 Manuel Campa vuelve al IESE como profesor ordinario de Finanzas y Econom\u00eda tras presidir la EBA<\/a><\/h2>\n<\/header>\n<\/article>\n<article class=\"c  c--m-n   \" data-word=\"0\">\n<header class=\"c_h\"><time datetime=\"2026-01-29T16:29:18+01:00\" class=\"c_da\">16:29<\/time><\/p>\n<h2 class=\"c_t \"><a href=\"https:\/\/elpais.com\/economia\/2026-01-29\/el-banco-europeo-de-inversiones-destino-un-50-mas-de-credito-a-vivienda-asequible-en-2025.html\">El Banco Europeo de Inversiones destin\u00f3 un 50% m\u00e1s de cr\u00e9dito a vivienda asequible en 2025<\/a><\/h2>\n<\/header>\n<\/article>\n<p> Source URL: https:\/\/cincodias.elpais.com\/opinion\/2026-01-29\/las-claves-la-eolica-marina-crece-en-europa-y-solo-sobrevive-al-otro-lado-del-oceano.html<\/p>\n","protected":false},"excerpt":{"rendered":"<p>Las claves Opini\u00f3n Texto en el que el autor aboga por ideas y saca conclusiones basadas en su interpretaci\u00f3n de hechos y datos Las claves: la e\u00f3lica marina crece en Europa y solo sobrevive al otro lado del oc\u00e9ano Iberdrola podr\u00e1 seguir con las obras de Vineyard Wine 1, pero la incertidumbre de EE UU [&hellip;]<\/p>\n","protected":false},"author":1,"featured_media":1543010,"comment_status":"open","ping_status":"","sticky":false,"template":"","format":"standard","meta":{"footnotes":""},"categories":[88],"tags":[92],"class_list":["post-1543009","post","type-post","status-publish","format-standard","has-post-thumbnail","hentry","category-spain","tag-elpais-com"],"_links":{"self":[{"href":"https:\/\/analyse.optim.biz\/index.php?rest_route=\/wp\/v2\/posts\/1543009","targetHints":{"allow":["GET"]}}],"collection":[{"href":"https:\/\/analyse.optim.biz\/index.php?rest_route=\/wp\/v2\/posts"}],"about":[{"href":"https:\/\/analyse.optim.biz\/index.php?rest_route=\/wp\/v2\/types\/post"}],"author":[{"embeddable":true,"href":"https:\/\/analyse.optim.biz\/index.php?rest_route=\/wp\/v2\/users\/1"}],"replies":[{"embeddable":true,"href":"https:\/\/analyse.optim.biz\/index.php?rest_route=%2Fwp%2Fv2%2Fcomments&post=1543009"}],"version-history":[{"count":0,"href":"https:\/\/analyse.optim.biz\/index.php?rest_route=\/wp\/v2\/posts\/1543009\/revisions"}],"wp:featuredmedia":[{"embeddable":true,"href":"https:\/\/analyse.optim.biz\/index.php?rest_route=\/wp\/v2\/media\/1543010"}],"wp:attachment":[{"href":"https:\/\/analyse.optim.biz\/index.php?rest_route=%2Fwp%2Fv2%2Fmedia&parent=1543009"}],"wp:term":[{"taxonomy":"category","embeddable":true,"href":"https:\/\/analyse.optim.biz\/index.php?rest_route=%2Fwp%2Fv2%2Fcategories&post=1543009"},{"taxonomy":"post_tag","embeddable":true,"href":"https:\/\/analyse.optim.biz\/index.php?rest_route=%2Fwp%2Fv2%2Ftags&post=1543009"}],"curies":[{"name":"wp","href":"https:\/\/api.w.org\/{rel}","templated":true}]}}