{"id":1542949,"date":"2026-01-29T12:56:13","date_gmt":"2026-01-29T09:56:13","guid":{"rendered":"https:\/\/analyse.optim.biz\/?p=1542949"},"modified":"2026-01-29T12:56:13","modified_gmt":"2026-01-29T09:56:13","slug":"el-alquiler-baja-un-86-en-navarra-tras-medio-ano-con-el-mercado-intervenido","status":"publish","type":"post","link":"https:\/\/analyse.optim.biz\/?p=1542949","title":{"rendered":"El alquiler baja un 8,6% en Navarra tras medio a\u00f1o con el mercado intervenido"},"content":{"rendered":"<article id=\"main-content\" class=\"a _g _g-lg _g-o\">\n<header class=\"a_e _g _g-xs\">\n<div class=\"a_e_txt _df\">\n<div class=\"a_k _df\"><a class=\"a_k_n\" href=\"https:\/\/elpais.com\/economia\/vivienda\/\">Vivienda<\/a><\/div>\n<h1 class=\"a_t\">El alquiler baja un 8,6% en Navarra tras medio a\u00f1o con el mercado intervenido<\/h1>\n<p class=\"a_st\">Los contratos se mantienen estables respecto al a\u00f1o anterior, pero se duplican los arrendamientos de temporada, que escalan hasta el 11% del total<\/p>\n<\/div>\n<div class=\"a_e_m\">\n<figure class=\"a_m a_m-h \"><span class=\"a_m_w _db\"><img fetchpriority=\"high\" decoding=\"async\" class=\"_re  a_m-h\" height=\"276\" width=\"414\" src=\"https:\/\/analyse.optim.biz\/wp-content\/uploads\/2026\/01\/nb6koq6p35n5zb4quragv55he4-1.jpg\" loading=\"eager\" title=\"nb6koq6p35n5zb4quragv55he4-1\"><\/span><figcaption class=\"a_m_p\" aria-hidden=\"true\"><span>La vicepresidenta tercera y consejera de Vivienda, Juventud y Pol\u00edticas Migratorias del Gobierno de Navarra, Bego\u00f1a Alfaro, este jueves durante la rueda de prensa.<\/span><span class=\"a_m_m\">Jes\u00fas Diges (EFE)<\/span><\/figcaption><\/figure>\n<\/div>\n<\/header>\n<div class=\"a_md _g _g-xs ni\">\n<div class=\"a_md_txt\">\n<div class=\"a_md_a\" data-dtm-region=\"articulo_firma\"><span class=\"a_md_a_n\">Javier Lorente<\/span><\/div>\n<div class=\"a_md_f\"><span>Pamplona &#8211; <a href=\"https:\/\/elpais.com\/hemeroteca\/2026-01-29\/\" data-date=\"2026-01-29T13:56:13+01:00\"><time data-date=\"2026-01-29T13:56:13+01:00\" datetime=\"2026-01-29T13:56:13+01:00\" id=\"article_date_p\">29 ene 2026 &#8211; 13:56<abbr title=\"Central European Time\">CET<\/abbr><\/time><\/a><\/span><\/div>\n<div class=\"w_rs\" data-dtm-region=\"articulo_botonera-social\">\n<div class=\"w_rs_i\"><a class=\"_btn hidden\" href=\"\/\/send?text=El%20alquiler%20baja%20un%208%2C6%25%20en%20Navarra%20tras%20medio%20a%C3%B1o%20con%20el%20mercado%20intervenido%0D%0A%0D%0Ahttps%3A%2F%2Felpais.com%2Feconomia%2Fvivienda%2F2026-01-29%2Fel-alquiler-baja-un-86-en-navarra-tras-medio-ano-con-el-mercado-intervenido.html%3Fssm=whatsapp_CC\" data-action=\"share\/whatsapp\/share\" data-param-description=\"El alquiler baja un 8,6% en Navarra tras medio a\u00f1o con el mercado intervenido\" data-param-href=\"https:\/\/elpais.com\/economia\/vivienda\/2026-01-29\/el-alquiler-baja-un-86-en-navarra-tras-medio-ano-con-el-mercado-intervenido.html\" data-param-text=\"El alquiler baja un 8,6% en Navarra tras medio a\u00f1o con el mercado intervenido https:\/\/elpais.com\/economia\/vivienda\/2026-01-29\/el-alquiler-baja-un-86-en-navarra-tras-medio-ano-con-el-mercado-intervenido.html\" data-param-url=\"https:\/\/elpais.com\/economia\/vivienda\/2026-01-29\/el-alquiler-baja-un-86-en-navarra-tras-medio-ano-con-el-mercado-intervenido.html\" target=\"_blank\" rel=\"noopener noreferrer\" data-share-track-dtm=\"whatsapp\" id=\"btn_share_whatsapp_585\"><span class=\"_sr\">Compartir en Whatsapp<\/span><\/a><\/div>\n<div class=\"w_rs_i\"><a class=\"_btn \" href=\"https:\/\/www.facebook.com\/dialog\/share?display=popup&amp;app_id=94039431626&amp;href=https%3A%2F%2Felpais.com%2Feconomia%2Fvivienda%2F2026-01-29%2Fel-alquiler-baja-un-86-en-navarra-tras-medio-ano-con-el-mercado-intervenido.html%3Fssm=FB_CC&amp;quote=El%20alquiler%20baja%20un%208%2C6%25%20en%20Navarra%20tras%20medio%20a%C3%B1o%20con%20el%20mercado%20intervenido\" data-param-app_id=\"94039431626\" data-param-description=\"El alquiler baja un 8,6% en Navarra tras medio a\u00f1o con el mercado intervenido\" data-param-href=\"https:\/\/elpais.com\/economia\/vivienda\/2026-01-29\/el-alquiler-baja-un-86-en-navarra-tras-medio-ano-con-el-mercado-intervenido.html\" data-param-text=\"El alquiler baja un 8,6% en Navarra tras medio a\u00f1o con el mercado intervenido\" data-param-url=\"https:\/\/elpais.com\/economia\/vivienda\/2026-01-29\/el-alquiler-baja-un-86-en-navarra-tras-medio-ano-con-el-mercado-intervenido.html\" target=\"_blank\" rel=\"noopener noreferrer\" data-share-track-dtm=\"facebook\" id=\"btn_share_facebook_585\"><span class=\"_sr\">Compartir en Facebook<\/span><\/a><\/div>\n<div class=\"w_rs_i\"><a class=\"_btn \" href=\"https:\/\/twitter.com\/intent\/tweet?url=https%3A%2F%2Felpais.com%2Feconomia%2Fvivienda%2F2026-01-29%2Fel-alquiler-baja-un-86-en-navarra-tras-medio-ano-con-el-mercado-intervenido.html%3Fssm=TW_CC&amp;text=El%20alquiler%20baja%20un%208%2C6%25%20en%20Navarra%20tras%20medio%20a%C3%B1o%20con%20el%20mercado%20intervenido&amp;via=el_pais&amp;lang=es\" data-param-description=\"El alquiler baja un 8,6% en Navarra tras medio a\u00f1o con el mercado intervenido\" data-param-href=\"https:\/\/elpais.com\/economia\/vivienda\/2026-01-29\/el-alquiler-baja-un-86-en-navarra-tras-medio-ano-con-el-mercado-intervenido.html\" data-param-text=\"El alquiler baja un 8,6% en Navarra tras medio a\u00f1o con el mercado intervenido via @el_pais\" data-param-url=\"https:\/\/elpais.com\/economia\/vivienda\/2026-01-29\/el-alquiler-baja-un-86-en-navarra-tras-medio-ano-con-el-mercado-intervenido.html\" target=\"_blank\" rel=\"noopener noreferrer\" data-share-track-dtm=\"twitter\" id=\"btn_share_twitter_585\"><span class=\"_sr\">Compartir en Twitter<\/span><\/a><\/div>\n<div class=\"w_rs_i\"><a class=\"_btn \" href=\"https:\/\/bsky.app\/intent\/compose?text=https%3A%2F%2Felpais.com%2Feconomia%2Fvivienda%2F2026-01-29%2Fel-alquiler-baja-un-86-en-navarra-tras-medio-ano-con-el-mercado-intervenido.html%3Fssm=bsky_CC\" data-param-description=\"El alquiler baja un 8,6% en Navarra tras medio a\u00f1o con el mercado intervenido\" data-param-href=\"https:\/\/elpais.com\/economia\/vivienda\/2026-01-29\/el-alquiler-baja-un-86-en-navarra-tras-medio-ano-con-el-mercado-intervenido.html\" data-param-text=\"El alquiler baja un 8,6% en Navarra tras medio a\u00f1o con el mercado intervenido\" data-param-url=\"https:\/\/elpais.com\/economia\/vivienda\/2026-01-29\/el-alquiler-baja-un-86-en-navarra-tras-medio-ano-con-el-mercado-intervenido.html\" target=\"_blank\" rel=\"noopener noreferrer\" data-share-track-dtm=\"bluesky\" id=\"btn_share_bluesky_585\"><span class=\"_sr\">Compartir en Bluesky<\/span><\/a><\/div>\n<div class=\"w_rs_i\"><a class=\"_btn \" href=\"https:\/\/www.linkedin.com\/sharing\/share-offsite\/?url=https%3A%2F%2Felpais.com%2Feconomia%2Fvivienda%2F2026-01-29%2Fel-alquiler-baja-un-86-en-navarra-tras-medio-ano-con-el-mercado-intervenido.html%3Fssm=LK_CC\" data-param-description=\"El alquiler baja un 8,6% en Navarra tras medio a\u00f1o con el mercado intervenido\" data-param-href=\"https:\/\/elpais.com\/economia\/vivienda\/2026-01-29\/el-alquiler-baja-un-86-en-navarra-tras-medio-ano-con-el-mercado-intervenido.html\" data-param-text=\"El alquiler baja un 8,6% en Navarra tras medio a\u00f1o con el mercado intervenido\" data-param-url=\"https:\/\/elpais.com\/economia\/vivienda\/2026-01-29\/el-alquiler-baja-un-86-en-navarra-tras-medio-ano-con-el-mercado-intervenido.html\" target=\"_blank\" rel=\"noopener noreferrer\" data-share-track-dtm=\"linkedin\" id=\"btn_share_linkedin_585\"><span class=\"_sr\">Compartir en Linkedin<\/span><\/a><\/div>\n<div class=\"w_rs_i\"><a class=\"_btn rs_l\" href=\"https:\/\/elpais.com\/economia\/vivienda\/2026-01-29\/el-alquiler-baja-un-86-en-navarra-tras-medio-ano-con-el-mercado-intervenido.html#?prm=copy_link\" data-share-track-dtm=\"copiar_url\" id=\"btn_share_link_84\"><span class=\"_sr\">Copiar enlace<\/span><\/a><\/div>\n<div class=\"w_rs_i\"><a class=\"_btn rs_c\" href=\"https:\/\/elpais.com\/economia\/vivienda\/2026-01-29\/el-alquiler-baja-un-86-en-navarra-tras-medio-ano-con-el-mercado-intervenido.html#comments_container\" aria-expanded=\"false\" aria-controls=\"me-c\" data-share-track-dtm=\"eskup\" id=\"btn_share_comments_84\"><span class=\"_sr\">Ir a los comentarios<\/span><\/a><\/div>\n<\/div>\n<\/div>\n<\/div>\n<div class=\"a_c clearfix\" data-dtm-region=\"articulo_cuerpo\">\n<p class>Navarra ha presentado este jueves su primer balance del mercado del alquiler tras aplicar las limitaciones a los precios que establece la ley de vivienda. \u201cNo hablamos de ninguna encuesta de un portal inmobiliario, sino de datos del registro oficial en el que est\u00e1n todos los contratos\u201d. Es la primera advertencia que ha hecho Bego\u00f1a Alfaro, vicepresidenta tercera y consejera de Vivienda del Gobierno de Navarra, al detallar el balance de los primeros seis meses de aplicaci\u00f3n de la limitaci\u00f3n de precios del alquiler en los 21 municipios de la comunidad que fueron declarados la primavera pasada <a href=\"https:\/\/elpais.com\/economia\/vivienda\/2026-01-18\/mas-de-nueve-millones-de-personas-viven-ya-en-zonas-tensionadas-por-el-alquiler.html\" target=\"_blank\" rel=\"noreferrer\" title=\"https:\/\/elpais.com\/economia\/vivienda\/2026-01-18\/mas-de-nueve-millones-de-personas-viven-ya-en-zonas-tensionadas-por-el-alquiler.html\">como Zonas Residenciales Tensionadas<\/a>. El precio del alquiler ha descendido en esas zonas un 8,6% desde que el 30 de julio entr\u00f3 en vigor esa medida de l\u00edmite de precio. Ha pasado de los 848 euros del segundo trimestre de 2025 a los 774 en los que termin\u00f3 el a\u00f1o finalmente. <\/p>\n<p class>Navarra fue, tras Catalu\u00f1a, la segunda comunidad en adoptar esta medida que recoge la ley nacional de la materia y, tras realizar el estudio comparado de los precios de los alquileres en la primera parte de 2025, declar\u00f3 el 18 de mayo pasado a <a href=\"https:\/\/elpais.com\/economia\/2025-07-29\/vivienda-declara-zonas-tensionadas-a-san-sebastian-a-coruna-y-21-municipios-navarros.html\" target=\"_blank\" rel=\"noreferrer\" title=\"https:\/\/elpais.com\/economia\/2025-07-29\/vivienda-declara-zonas-tensionadas-a-san-sebastian-a-coruna-y-21-municipios-navarros.html\">21 municipios de la comunidad<\/a> como zonas tensionadas, el mecanismo legal que permite establecer topes a los precios. Entre ellos est\u00e1n la capital, Pamplona, y los municipios de su cintur\u00f3n urbano, donde se registraban los precios m\u00e1s altos. Tambi\u00e9n Tudela, en el \u00e1rea sur, e incluso Bazt\u00e1n, un valle del norte en el que la dificultad de acceder a vivienda estaba siendo un obst\u00e1culo para retener a la juventud en la zona. <\/p>\n<p class>2025 se cerr\u00f3 en Navarra con 4.202 contratos de alquiler frente a los 4.176 de 2024. Suponen 29 contratos m\u00e1s, \u201clo que rompe con el mantra de que se desploma la oferta al que suelen recurrir los intereses privados del sector a los que no les gusta la regulaci\u00f3n del mercado\u201d, recalca Alfaro. El 88,5% de los contratos de alquiler firmados el pasado a\u00f1o se refieren a viviendas de los 21 municipios de mercado tensionado y solo un 11,5% se registraron en los 251 ayuntamientos restantes en los que no existe esa limitaci\u00f3n. <\/p>\n<h3 class>Denunciar irregularidades<\/h3>\n<p class>Dentro de los aspectos pendientes, Alfaro se\u00f1ala que los contratos de temporada, que est\u00e1n exentos de esta limitaci\u00f3n de precios, se han duplicado en el \u00faltimo a\u00f1o. Han pasado de ser el 5% del total a suponer el 11% en 2025. Hasta ahora esta figura se usaba para los alquileres a estudiantes que acuden desde otras zonas a las dos universidades de Pamplona. Sin que se haya producido un aumento relevante de alumnado, el dato hace sospechar al departamento de Vivienda que \u201chay una parte del sector privado que pretende eludir la ley a trav\u00e9s de los contratos ficticios de temporada\u201d. <\/p>\n<p class>Por ello, anuncia Bego\u00f1a Alfaro la apertura a partir de la pr\u00f3xima semana del Servicio de Mediaci\u00f3n y Asesoramiento del Gobierno de Navarra y anima a quienes sufran un \u201ccontrato ficticio de temporada\u201d a que acudan a \u00e9l para que \u201centre todas podamos combatir el fraude y la avaricia\u201d.<\/p>\n<\/div>\n<div id=\"me-dis\" class=\"me _pf\">\n<div class=\"me_bg\">\n<div class=\"me-dis _pa _df\">\n<div class=\"me-dis_c\">\n<h2 class=\"me-dis_t\">Tu suscripci\u00f3n se est\u00e1 usando en otro dispositivo<\/h2>\n<p>\u00bfQuieres a\u00f1adir otro usuario a tu suscripci\u00f3n?<\/p>\n<div class=\"me-dis_l\"><a href=\"https:\/\/elpais.com\/suscripciones\/premium\/upgrade\/?utm_source=autopromo&amp;utm_medium=interno&amp;utm_campaign=YYYY_MM_capping_upgrade\" id=\"capping-upgrade\" class=\"btn\">A\u00f1adir usuario<\/a><a href=\"https:\/\/elpais.com\/economia\/vivienda\/2026-01-29\/el-alquiler-baja-un-86-en-navarra-tras-medio-ano-con-el-mercado-intervenido.html\" id=\"capping-continue\" class=\"btn btn-b\">Continuar leyendo aqu\u00ed<\/a><\/div>\n<p>Si contin\u00faas leyendo en este dispositivo, no se podr\u00e1 leer en el otro.<\/p>\n<p class=\"lk\"><a href=\"https:\/\/elpais.com\/economia\/vivienda\/2026-01-29\/el-alquiler-baja-un-86-en-navarra-tras-medio-ano-con-el-mercado-intervenido.html\" id=\"capping-show-more-button\">\u00bfPor qu\u00e9 est\u00e1s viendo esto?<\/a><\/p>\n<p><span class=\"arrow\" id=\"capping-arrow\">Flecha<\/span><\/p>\n<div class=\"me-dis_d\">\n<div class=\"me-dis_d_t\">\n<h2 class=\"enc\">Tu suscripci\u00f3n se est\u00e1 usando en otro dispositivo y solo puedes acceder a EL PA\u00cdS desde un dispositivo a la vez.<\/h2>\n<div class=\"tx\">\n<p>Si quieres compartir tu cuenta, cambia tu suscripci\u00f3n a la modalidad Premium, as\u00ed podr\u00e1s a\u00f1adir otro usuario. Cada uno acceder\u00e1 con su propia cuenta de email, lo que os permitir\u00e1 personalizar vuestra experiencia en EL PA\u00cdS.<\/p>\n<p>\u00bfTienes una suscripci\u00f3n de empresa? Accede <a target=\"_blank\" rel=\"noreferrer\" href=\"https:\/\/elpais.com\/suscripciones\/premium\/upgrade\/\">aqu\u00ed<\/a> para contratar m\u00e1s cuentas.<\/p>\n<p>En el caso de no saber qui\u00e9n est\u00e1 usando tu cuenta, te recomendamos cambiar tu contrase\u00f1a <a target=\"_blank\" rel=\"noreferrer\" href=\"https:\/\/elpais.com\/subscriptions\/#\/forgot-password\">aqu\u00ed.<\/a><\/p>\n<p>Si decides continuar compartiendo tu cuenta, este mensaje se mostrar\u00e1 en tu dispositivo y en el de la otra persona que est\u00e1 usando tu cuenta de forma indefinida, afectando a tu experiencia de lectura. Puedes <a target=\"_blank\" rel=\"noreferrer\" href=\"https:\/\/elpais.com\/suscripciones\/condiciones-generales-servicios\/\">consultar aqu\u00ed los t\u00e9rminos y condiciones de la suscripci\u00f3n digital.<\/a><\/p>\n<\/div>\n<\/div>\n<\/div>\n<\/div>\n<\/div>\n<\/div>\n<\/div>\n<aside class=\"w w-fid\">\n<div class=\"w_b\">\n<div class=\"w-fid_s\">\n<div class=\"w_rs\">\n<div class=\"w_rs_i\"><a class=\"_btn\" href=\"https:\/\/www.facebook.com\/elpais\" rel=\"nofollow\"><span class=\"_sr\">Economia El Pa\u00eds en Facebook<\/span><\/a><\/div>\n<div class=\"w_rs_i\"><a class=\"_btn\" href=\"https:\/\/www.instagram.com\/el_pais\/\" rel=\"nofollow\"><span class=\"_sr\">Economia El Pa\u00eds en Instagram<\/span><\/a><\/div>\n<div class=\"w_rs_i\"><a class=\"_btn\" href=\"https:\/\/twitter.com\/el_pais\" rel=\"nofollow\"><span class=\"_sr\">Economia El Pa\u00eds en Twitter<\/span><\/a><\/div>\n<\/div>\n<\/div>\n<\/div>\n<\/aside>\n<aside class=\"a_com w w-com _df\"><a class=\"a_com_l\" href=\"https:\/\/elpais.com\/info\/normas-de-participacion\/\">Normas \u203a<\/a><\/aside>\n<div class=\"me _pf\" id=\"me-c\">\n<div class=\"me_bg\">\n<div class=\"me-c _pa\" id=\"comments_container\" data-dtm-region=\"articulo_comentarios\">\n<div class=\"me_f me_f-os me_cc\"><a href=\"https:\/\/plus.elpais.com\/perfil\/actividad\/\">Mis comentarios<\/a><a href=\"https:\/\/elpais.com\/info\/normas-de-participacion\/\">Normas<\/a><\/div>\n<div class=\"me_f me_f-ns\"><span class=\"me_f_txt _db\">Rellena tu <b>nombre y apellido<\/b> para comentar<\/span><a href=\"https:\/\/plus.elpais.com\/autorization.html\/?prod=COM&amp;backURL=https%3A%2F%2Felpais.com%2Feconomia%2Fvivienda%2F2026-01-29%2Fel-alquiler-baja-un-86-en-navarra-tras-medio-ano-con-el-mercado-intervenido.html\" class=\"btn btn-2\">completar datos<\/a><\/div>\n<div class=\"me_f\" id=\"comments_msg\"><a class=\"btn btn-2\" href=\"https:\/\/elpais.com\/suscripciones\/#\/campaign?prod=SUSDIGCRART&amp;o=COM&amp;prm=suscrip_articulo_comentarios_el-pais&amp;backURL=https%3A%2F%2Felpais.com%2Feconomia%2Fvivienda%2F2026-01-29%2Fel-alquiler-baja-un-86-en-navarra-tras-medio-ano-con-el-mercado-intervenido.html\" id=\"comments_subscribe_link\" data-link-am=\"https:\/\/elpais.com\/suscripciones\/america\/#\/campaign?prod=SUSDIGCRARTAM&amp;o=COMAM&amp;prm=suscrip_articulo_comentarios_el-pais-america&amp;backURL=https%3A%2F%2Felpais.com%2Feconomia%2Fvivienda%2F2026-01-29%2Fel-alquiler-baja-un-86-en-navarra-tras-medio-ano-con-el-mercado-intervenido.html\" data-link-mx=\"https:\/\/elpais.com\/suscripciones\/america\/#\/campaign?prod=SUSDIGMX&amp;o=COMMX&amp;prm=suscrip_articulo_comentarios_el-pais-mexico&amp;backURL=https%3A%2F%2Felpais.com%2Feconomia%2Fvivienda%2F2026-01-29%2Fel-alquiler-baja-un-86-en-navarra-tras-medio-ano-con-el-mercado-intervenido.html\" data-link-co=\"https:\/\/elpais.com\/suscripciones\/america\/#\/campaign?prod=SUSDIGCOL&amp;o=COMCOL&amp;prm=suscrip_articulo_comentarios_el-pais_colombia&amp;backURL=https%3A%2F%2Felpais.com%2Feconomia%2Fvivienda%2F2026-01-29%2Fel-alquiler-baja-un-86-en-navarra-tras-medio-ano-con-el-mercado-intervenido.html\" data-link-ar=\"https:\/\/elpais.com\/suscripciones\/america\/#\/campaign?prod=SUSDIGCRARTAR&amp;o=COMAR&amp;backURL=https%3A%2F%2Felpais.com%2Feconomia%2Fvivienda%2F2026-01-29%2Fel-alquiler-baja-un-86-en-navarra-tras-medio-ano-con-el-mercado-intervenido.html\" data-link-cl=\"https:\/\/elpais.com\/suscripciones\/america\/#\/campaign?prod=SUSDIGCHILE&amp;o=COMCHILE&amp;backURL=https%3A%2F%2Felpais.com%2Feconomia%2Fvivienda%2F2026-01-29%2Fel-alquiler-baja-un-86-en-navarra-tras-medio-ano-con-el-mercado-intervenido.html\" data-link-us=\"https:\/\/elpais.com\/suscripciones\/america\/#\/campaign?prod=SUSDIGCRARTEUCAN&amp;o=COMUS&amp;prm=suscrip_articulo_comentarios_el-pais_eucan&amp;backURL=https%3A%2F%2Felpais.com%2Feconomia%2Fvivienda%2F2026-01-29%2Fel-alquiler-baja-un-86-en-navarra-tras-medio-ano-con-el-mercado-intervenido.html\">Suscr\u00edbete en El Pa\u00eds para participar<\/a><a class=\"btn btn-3\" href=\"https:\/\/elpais.com\/subscriptions\/#\/sign-in?prod=REG&amp;o=COM&amp;prm=login_articulo_comentarios_el-pais&amp;backURL=https%3A%2F%2Felpais.com%2Feconomia%2Fvivienda%2F2026-01-29%2Fel-alquiler-baja-un-86-en-navarra-tras-medio-ano-con-el-mercado-intervenido.html\" id=\"comments_login_link\" data-link-am=\"https:\/\/elpais.com\/subscriptions\/#\/sign-in?prod=REG&amp;o=COM&amp;prm=login_articulo_comentarios_el-pais-america&amp;backURL=https%3A%2F%2Felpais.com%2Feconomia%2Fvivienda%2F2026-01-29%2Fel-alquiler-baja-un-86-en-navarra-tras-medio-ano-con-el-mercado-intervenido.html\" data-link-mx=\"https:\/\/elpais.com\/subscriptions\/#\/sign-in?prod=REG&amp;o=COM&amp;prm=login_articulo_comentarios_el-pais-mexico&amp;backURL=https%3A%2F%2Felpais.com%2Feconomia%2Fvivienda%2F2026-01-29%2Fel-alquiler-baja-un-86-en-navarra-tras-medio-ano-con-el-mercado-intervenido.html\" data-link-co=\"https:\/\/elpais.com\/subscriptions\/#\/sign-in?prod=REG&amp;o=COM&amp;backURL=https%3A%2F%2Felpais.com%2Feconomia%2Fvivienda%2F2026-01-29%2Fel-alquiler-baja-un-86-en-navarra-tras-medio-ano-con-el-mercado-intervenido.html\" data-link-ar=\"https:\/\/elpais.com\/subscriptions\/#\/sign-in?prod=REG&amp;o=COM&amp;backURL=https%3A%2F%2Felpais.com%2Feconomia%2Fvivienda%2F2026-01-29%2Fel-alquiler-baja-un-86-en-navarra-tras-medio-ano-con-el-mercado-intervenido.html\" data-link-cl=\"https:\/\/elpais.com\/subscriptions\/#\/sign-in?prod=REG&amp;o=COM&amp;backURL=https%3A%2F%2Felpais.com%2Feconomia%2Fvivienda%2F2026-01-29%2Fel-alquiler-baja-un-86-en-navarra-tras-medio-ano-con-el-mercado-intervenido.html\" data-link-us=\"https:\/\/elpais.com\/subscriptions\/#\/sign-in?prod=REG&amp;o=COM&amp;backURL=https%3A%2F%2Felpais.com%2Feconomia%2Fvivienda%2F2026-01-29%2Fel-alquiler-baja-un-86-en-navarra-tras-medio-ano-con-el-mercado-intervenido.html\">Ya tengo una suscripci\u00f3n<\/a><\/div>\n<p>Please enable JavaScript to view the &lt;a href=&#8221;https:\/\/disqus.com\/?ref_noscript&#8221; rel=&#8221;nofollow&#8221;&gt; comments powered by Disqus.&lt;\/a&gt;<\/p><\/div>\n<\/div>\n<\/div>\n<aside class=\"w w-rel\" data-dtm-region=\"articulo_mas-informacion\">\n<h2 class=\"w_t\">M\u00e1s informaci\u00f3n<\/h2>\n<ul class=\"w_b _ls\">\n<li class=\"_g _g-xs w-rel_n\">\n<div class=\" a_m-h c_m--nf\"><span class=\"_db _pr\"><img decoding=\"async\" class=\"_re lazyload a_m-h\" height=\"311\" width=\"414\" src=\"https:\/\/analyse.optim.biz\/wp-content\/uploads\/2026\/01\/fbzzegafzrflfpjio3heos3f44.jpg\" loading=\"lazy\" title=\"fbzzegafzrflfpjio3heos3f44\"><\/span><\/div>\n<div class=\"nt\">\n<h3 class=\"nt_t\"><a href=\"https:\/\/elpais.com\/economia\/2026-01-29\/las-comunidades-abonan-el-alza-salarial-pendiente-de-2025-a-los-funcionarios.html#?rel=mas\">Las comunidades abonan el alza salarial pendiente de 2025 a los funcionarios<\/a><\/h3>\n<div class=\"nt_a\"><a href=\"https:\/\/elpais.com\/autor\/raquel-pascual-cortes\/\" title=\"Ver todas las noticias de Raquel Pascual Cort\u00e9s\">Raquel Pascual Cort\u00e9s<\/a> | Madrid<\/div>\n<\/div>\n<\/li>\n<li class=\"_g _g-xs w-rel_n\">\n<div class=\" a_m-h c_m--nf\"><span class=\"_db _pr\"><img decoding=\"async\" class=\"_re lazyload a_m-h\" height=\"311\" width=\"414\" src=\"https:\/\/analyse.optim.biz\/wp-content\/uploads\/2026\/01\/jhzrzfhlsvgyld6nubgqn34oia.jpg\" loading=\"lazy\" title=\"jhzrzfhlsvgyld6nubgqn34oia\"><\/span><\/div>\n<div class=\"nt\">\n<h3 class=\"nt_t\"><a href=\"https:\/\/elpais.com\/economia\/2026-01-29\/las-patronales-de-sectores-con-mas-trabajadores-extranjeros-aplauden-la-regularizacion-pese-a-que-no-convence-a-ceoe.html#?rel=mas\">Las patronales de sectores con m\u00e1s trabajadores extranjeros aplauden la regularizaci\u00f3n pese a que no convence a CEOE<\/a><\/h3>\n<div class=\"nt_a\"><a href=\"https:\/\/elpais.com\/autor\/emilio-sanchez-hidalgo\/\" title=\"Ver todas las noticias de Emilio S\u00e1nchez Hidalgo\">Emilio S\u00e1nchez Hidalgo<\/a> | Madrid<\/div>\n<\/div>\n<\/li>\n<\/ul>\n<\/aside>\n<section class=\"w w-ae\" data-dtm-region=\"articulo_archivado-en\">\n<h2 class=\"w_t\">Archivado En<\/h2>\n<div class=\"w_b\">\n<ul class=\"w_ul w_ul--mh _df _ls\">\n<li><a href=\"https:\/\/elpais.com\/noticias\/vivienda\/#?rel=arch\" rel=\"noopener noreferrer\">Vivienda<\/a><\/li>\n<li><a href=\"https:\/\/elpais.com\/noticias\/mercado-inmobiliario\/#?rel=arch\" rel=\"noopener noreferrer\">Mercado inmobiliario<\/a><\/li>\n<li><a href=\"https:\/\/elpais.com\/noticias\/promotoras-inmobiliarias\/#?rel=arch\" rel=\"noopener noreferrer\">Promotoras<\/a><\/li>\n<li><a href=\"https:\/\/elpais.com\/noticias\/inversion-inmobiliaria\/#?rel=arch\" rel=\"noopener noreferrer\">Inversi\u00f3n inmobiliaria<\/a><\/li>\n<li><a href=\"https:\/\/elpais.com\/noticias\/viviendas-alquiler\/#?rel=arch\" rel=\"noopener noreferrer\">Viviendas alquiler<\/a><\/li>\n<li><a href=\"https:\/\/elpais.com\/noticias\/navarra\/#?rel=arch\" rel=\"noopener noreferrer\">Navarra<\/a><\/li>\n<\/ul>\n<\/div>\n<\/section>\n<aside class=\"a_tp _df\">\n<div class=\"a_tp_txt\"><span class=\"a_tp_t\">Se adhiere a los criterios de<\/span><\/p>\n<figure class=\"a_m a_m-h c_m--nf\"><a class=\"a_tp_i _dib\" href=\"https:\/\/elpais.com\/estaticos\/que-es-the-trust-project\/\" target=\"_blank\" rel=\"noopener noreferrer nofollow\"><img decoding=\"async\" alt=\"The Trust Project\" class=\" lazyload a_m-h\" height=\"20\" width=\"117\" src=\"https:\/\/analyse.optim.biz\/wp-content\/uploads\/2026\/01\/the-trust-project-359.svg\" loading=\"lazy\" title=\"the-trust-project-359\"><\/a><\/figure>\n<p><a class=\"a_tp_mi\" href=\"https:\/\/elpais.com\/estaticos\/codigo-etico\/\" target=\"_blank\" rel=\"noopener noreferrer nofollow\">M\u00e1s informaci\u00f3n<\/a><\/div>\n<div class=\"a_tp_si\">Si est\u00e1 interesado en licenciar este contenido, pinche <a class=\"a_tp_si_l\" href=\"https:\/\/profesional.elpais.com\/soluciones-sindicacion\/?utm_medium=interno&amp;utm_source=crosslinking&amp;utm_campaign=sindicacion_ep_pie_articulos\" target=\"_blank\" rel=\"noopener noreferrer nofollow\">aqu\u00ed<\/a><\/div>\n<\/aside>\n<div class=\"a_o _pr\" data-dtm-region=\"articulo_right-rail\">\n<div id=\"elpais_gpt-MPU1\" data-adtype=\"MPU\" class=\"ad ad-mpu\"><span class=\"_dn\">_<\/span><\/div>\n<section class=\"w w-sc b_col\" data-dtm-region=\"articulo_ultimas-noticias\">\n<header class=\"w_h b_col_h\">\n<h3 class=\"w_t\"><a href=\"https:\/\/elpais.com\/ultimas-noticias\/\" rel=\"story-card-ultimas-noticias\">\u00daltimas noticias<\/a><\/h3>\n<\/header>\n<div class=\"w_b\">\n<article class=\"c  c--m-n   \" data-word=\"0\">\n<header class=\"c_h\"><time datetime=\"2026-01-29T17:25:34+01:00\" class=\"c_da\">17:25<\/time><\/p>\n<h2 class=\"c_t \"><a href=\"https:\/\/elpais.com\/america\/2026-01-29\/joseph-oughourlian-debemos-defender-el-pensamiento-critico-y-la-verdad-cueste-lo-que-cueste.html\">Joseph Oughourlian: \u201cDebemos defender el pensamiento cr\u00edtico y la verdad, cueste lo que cueste\u201d<\/a><\/h2>\n<\/header>\n<\/article>\n<article class=\"c  c--m-n   \" data-word=\"0\">\n<header class=\"c_h\"><time datetime=\"2026-01-29T17:24:19+01:00\" class=\"c_da\">17:24<\/time><\/p>\n<h2 class=\"c_t \"><a href=\"https:\/\/elpais.com\/america\/2026-01-29\/el-segundo-dia-del-foro-economico-internacional-de-america-latina-y-el-caribe-en-imagenes.html\">El segundo d\u00eda del Foro Econ\u00f3mico Internacional de Am\u00e9rica Latina y el Caribe, en im\u00e1genes<\/a><\/h2>\n<\/header>\n<\/article>\n<article class=\"c  c--m-n   \" data-word=\"0\">\n<header class=\"c_h\"><time datetime=\"2026-01-29T17:13:34+01:00\" class=\"c_da\">17:13<\/time><\/p>\n<h2 class=\"c_t \"><a href=\"https:\/\/elpais.com\/mexico\/2026-01-29\/harry-styles-suma-cinco-conciertos-en-mexico-nuevas-fechas-y-precios-de-los-boletos-en-el-estadio-gnp-seguros.html\">Harry Styles suma cinco conciertos en M\u00e9xico: nuevas fechas y precios de los boletos en el Estadio GNP Seguros<\/a><\/h2>\n<\/header>\n<\/article>\n<article class=\"c  c--m-n   \" data-word=\"0\">\n<header class=\"c_h\"><time datetime=\"2026-01-29T17:13:20+01:00\" class=\"c_da\">17:13<\/time><\/p>\n<h2 class=\"c_t \"><a href=\"https:\/\/elpais.com\/espana\/2026-01-29\/erc-y-junts-cargan-contra-el-gobierno-por-rodalies-pese-al-nuevo-plan-de-8000-millones-en-mejoras.html\">ERC y Junts cargan contra el Gobierno por Rodalies pese al nuevo plan de 8.000 millones en mejoras<\/a><\/h2>\n<\/header>\n<\/article>\n<\/div>\n<\/section>\n<aside class=\"w w-lmv\" data-dtm-region=\"articulo_lom\">\n<h2 class=\"w_t\"><a href=\"https:\/\/elpais.com\/lo-mas-visto\/\">Lo m\u00e1s visto<\/a><\/h2>\n<div class=\"w_b\">\n<ol class=\"_ls\">\n<li><a href=\"https:\/\/elpais.com\/economia\/2026-01-27\/trump-bendice-la-caida-del-dolar-va-muy-bien-miren-los-negocios-que-estamos-haciendo.html#?rel=lom\">Trump asegura que no le preocupa la ca\u00edda del d\u00f3lar: \u201cVa muy bien, miren los negocios que estamos haciendo\u201d<\/a><\/li>\n<li><a href=\"https:\/\/elpais.com\/internacional\/2026-01-28\/el-primer-ministro-groenlandes-la-casa-blanca-no-tiene-ni-idea-de-lo-que-es-groenlandia.html#?rel=lom\">El primer ministro groenland\u00e9s: \u201cLa Casa Blanca no tiene ni idea de lo que es Groenlandia\u201d<\/a><\/li>\n<li><a href=\"https:\/\/elpais.com\/espana\/catalunya\/2026-01-28\/el-traspaso-de-la-inmigracion-a-cataluna-se-abre-paso-junts-acepta-cambiar-el-preambulo-de-la-ley-que-rechazaba-podemos.html#?rel=lom\">El traspaso de la inmigraci\u00f3n a Catalu\u00f1a se abre paso: Junts acepta cambiar el pre\u00e1mbulo de la ley que rechazaba Podemos<\/a><\/li>\n<li><a href=\"https:\/\/elpais.com\/espana\/2026-01-27\/la-guardia-civil-investiga-a-un-hombre-por-robar-571-pinos-pinoneros-en-valladolid-y-utilizarlos-para-hacer-biomasa.html#?rel=lom\">La Guardia Civil investiga a un hombre por robar 571 pinos pi\u00f1oneros en Valladolid y utilizarlos para hacer biomasa<\/a><\/li>\n<li><a href=\"https:\/\/elpais.com\/internacional\/2026-01-28\/siete-jefes-de-estado-dejan-atras-las-diferencias-ideologicas-y-piden-una-integracion-latinoamericana.html#?rel=lom\">Siete jefes de Estado dejan atr\u00e1s las diferencias ideol\u00f3gicas y piden una integraci\u00f3n latinoamericana<\/a><\/li>\n<\/ol>\n<\/div>\n<\/aside>\n<\/div>\n<\/article>\n<article class=\"c  c--m-n   \" data-word=\"0\">\n<header class=\"c_h\"><time datetime=\"2026-01-29T17:25:34+01:00\" class=\"c_da\">17:25<\/time><\/p>\n<h2 class=\"c_t \"><a href=\"https:\/\/elpais.com\/america\/2026-01-29\/joseph-oughourlian-debemos-defender-el-pensamiento-critico-y-la-verdad-cueste-lo-que-cueste.html\">Joseph Oughourlian: \u201cDebemos defender el pensamiento cr\u00edtico y la verdad, cueste lo que cueste\u201d<\/a><\/h2>\n<\/header>\n<\/article>\n<article class=\"c  c--m-n   \" data-word=\"0\">\n<header class=\"c_h\"><time datetime=\"2026-01-29T17:24:19+01:00\" class=\"c_da\">17:24<\/time><\/p>\n<h2 class=\"c_t \"><a href=\"https:\/\/elpais.com\/america\/2026-01-29\/el-segundo-dia-del-foro-economico-internacional-de-america-latina-y-el-caribe-en-imagenes.html\">El segundo d\u00eda del Foro Econ\u00f3mico Internacional de Am\u00e9rica Latina y el Caribe, en im\u00e1genes<\/a><\/h2>\n<\/header>\n<\/article>\n<article class=\"c  c--m-n   \" data-word=\"0\">\n<header class=\"c_h\"><time datetime=\"2026-01-29T17:13:34+01:00\" class=\"c_da\">17:13<\/time><\/p>\n<h2 class=\"c_t \"><a href=\"https:\/\/elpais.com\/mexico\/2026-01-29\/harry-styles-suma-cinco-conciertos-en-mexico-nuevas-fechas-y-precios-de-los-boletos-en-el-estadio-gnp-seguros.html\">Harry Styles suma cinco conciertos en M\u00e9xico: nuevas fechas y precios de los boletos en el Estadio GNP Seguros<\/a><\/h2>\n<\/header>\n<\/article>\n<article class=\"c  c--m-n   \" data-word=\"0\">\n<header class=\"c_h\"><time datetime=\"2026-01-29T17:13:20+01:00\" class=\"c_da\">17:13<\/time><\/p>\n<h2 class=\"c_t \"><a href=\"https:\/\/elpais.com\/espana\/2026-01-29\/erc-y-junts-cargan-contra-el-gobierno-por-rodalies-pese-al-nuevo-plan-de-8000-millones-en-mejoras.html\">ERC y Junts cargan contra el Gobierno por Rodalies pese al nuevo plan de 8.000 millones en mejoras<\/a><\/h2>\n<\/header>\n<\/article>\n<p> Source URL: https:\/\/elpais.com\/economia\/vivienda\/2026-01-29\/el-alquiler-baja-un-86-en-navarra-tras-medio-ano-con-el-mercado-intervenido.html<\/p>\n","protected":false},"excerpt":{"rendered":"<p>Vivienda El alquiler baja un 8,6% en Navarra tras medio a\u00f1o con el mercado intervenido Los contratos se mantienen estables respecto al a\u00f1o anterior, pero se duplican los arrendamientos de temporada, que escalan hasta el 11% del total La vicepresidenta tercera y consejera de Vivienda, Juventud y Pol\u00edticas Migratorias del Gobierno de Navarra, Bego\u00f1a Alfaro, [&hellip;]<\/p>\n","protected":false},"author":1,"featured_media":1542950,"comment_status":"open","ping_status":"","sticky":false,"template":"","format":"standard","meta":{"footnotes":""},"categories":[88],"tags":[92],"class_list":["post-1542949","post","type-post","status-publish","format-standard","has-post-thumbnail","hentry","category-spain","tag-elpais-com"],"_links":{"self":[{"href":"https:\/\/analyse.optim.biz\/index.php?rest_route=\/wp\/v2\/posts\/1542949","targetHints":{"allow":["GET"]}}],"collection":[{"href":"https:\/\/analyse.optim.biz\/index.php?rest_route=\/wp\/v2\/posts"}],"about":[{"href":"https:\/\/analyse.optim.biz\/index.php?rest_route=\/wp\/v2\/types\/post"}],"author":[{"embeddable":true,"href":"https:\/\/analyse.optim.biz\/index.php?rest_route=\/wp\/v2\/users\/1"}],"replies":[{"embeddable":true,"href":"https:\/\/analyse.optim.biz\/index.php?rest_route=%2Fwp%2Fv2%2Fcomments&post=1542949"}],"version-history":[{"count":0,"href":"https:\/\/analyse.optim.biz\/index.php?rest_route=\/wp\/v2\/posts\/1542949\/revisions"}],"wp:featuredmedia":[{"embeddable":true,"href":"https:\/\/analyse.optim.biz\/index.php?rest_route=\/wp\/v2\/media\/1542950"}],"wp:attachment":[{"href":"https:\/\/analyse.optim.biz\/index.php?rest_route=%2Fwp%2Fv2%2Fmedia&parent=1542949"}],"wp:term":[{"taxonomy":"category","embeddable":true,"href":"https:\/\/analyse.optim.biz\/index.php?rest_route=%2Fwp%2Fv2%2Fcategories&post=1542949"},{"taxonomy":"post_tag","embeddable":true,"href":"https:\/\/analyse.optim.biz\/index.php?rest_route=%2Fwp%2Fv2%2Ftags&post=1542949"}],"curies":[{"name":"wp","href":"https:\/\/api.w.org\/{rel}","templated":true}]}}