{"id":1542938,"date":"2026-01-29T04:30:01","date_gmt":"2026-01-29T01:30:01","guid":{"rendered":"https:\/\/analyse.optim.biz\/?p=1542938"},"modified":"2026-01-29T04:30:01","modified_gmt":"2026-01-29T01:30:01","slug":"por-que-la-caida-del-dolar-no-preocupa-a-trump-pero-si-a-los-mercados-financieros-y-al-bce","status":"publish","type":"post","link":"https:\/\/analyse.optim.biz\/?p=1542938","title":{"rendered":"Por qu\u00e9 la ca\u00edda del d\u00f3lar no preocupa a Trump pero s\u00ed a los mercados financieros (y al BCE)"},"content":{"rendered":"<article id=\"main-content\" class=\"a _g _g-lg _g-o\">\n<header class=\"a_e _g _g-xs\">\n<div class=\"a_e_txt _df\">\n<div class=\"a_k _df\"><a class=\"a_k_n\" href=\"https:\/\/cincodias.elpais.com\/mercados\/divisas\/\">Divisas<\/a><\/div>\n<h1 class=\"a_t\">Por qu\u00e9 la ca\u00edda del d\u00f3lar no preocupa a Trump pero s\u00ed a los mercados financieros (y al BCE)<\/h1>\n<p class=\"a_st\">El alza del euro y del oro refleja una salida de dinero que se antoja estructural, aunque puede reactivar la econom\u00eda estadounidense<\/p>\n<\/div>\n<div class=\"a_e_m\">\n<figure class=\"a_m a_m-h \"><span class=\"a_m_w _db\"><img fetchpriority=\"high\" decoding=\"async\" class=\"_re  a_m-h\" height=\"276\" width=\"414\" src=\"https:\/\/analyse.optim.biz\/wp-content\/uploads\/2026\/01\/6rawwxonznixfngyejtsnhgp3u-1.jpg\" loading=\"eager\" title=\"6rawwxonznixfngyejtsnhgp3u-1\"><\/span><figcaption class=\"a_m_p\" aria-hidden=\"true\"><span>El presidente de Estados Unidos, Donald Trump, en primer plano, junto al secretario del Tesoro, Scott Bessent.<\/span><span class=\"a_m_m\">YURI GRIPAS \/ POOL (EFE)<\/span><\/figcaption><\/figure>\n<\/div>\n<\/header>\n<div class=\"a_md _g _g-xs \">\n<figure class=\"a_md_i a_m-h c_m--nf\"><span class=\"a_m_w _db\"><img decoding=\"async\" alt=\"Nu\u00f1o Rodrigo\" class=\"_re lazyload a_m-h\" height=\"100\" width=\"100\" src=\"https:\/\/analyse.optim.biz\/wp-content\/uploads\/2026\/01\/https3a2f2fs3-amazonaws-com2farc-authors2fprisa2f293332c3-f621-44f2-9e74-33459297ff14-1.jpg\" loading=\"lazy\" title=\"https3a2f2fs3-amazonaws-com2farc-authors2fprisa2f293332c3-f621-44f2-9e74-33459297ff14-1\"><\/span><\/figure>\n<div class=\"a_md_txt\">\n<div class=\"a_md_a\" data-dtm-region=\"articulo_firma\"><a href=\"https:\/\/cincodias.elpais.com\/autor\/nuno-rodrigo-palacios\/#?rel=author_top\" title=\"Ver todas las noticias de Nu\u00f1o Rodrigo \" class=\"a_md_a_n\">Nu\u00f1o Rodrigo <\/a><\/div>\n<div class=\"a_md_f\"><span>Madrid &#8211; <a href=\"https:\/\/cincodias.elpais.com\/hemeroteca\/2026-01-29\/\" data-date=\"2026-01-29T05:30:01+01:00\"><time data-date=\"2026-01-29T05:30:01+01:00\" datetime=\"2026-01-29T05:30:01+01:00\" id=\"article_date_p\">29 ene 2026 &#8211; 05:30<abbr title=\"Central European Time\">CET<\/abbr><\/time><\/a><\/span><\/div>\n<div class=\"w_rs\" data-dtm-region=\"articulo_botonera-social\">\n<div class=\"w_rs_i\"><a class=\"_btn hidden\" href=\"\/\/send?text=Por%20qu%C3%A9%20la%20ca%C3%ADda%20del%20d%C3%B3lar%20no%20preocupa%20a%20Trump%20pero%20s%C3%AD%20a%20los%20mercados%20financieros%20(y%20al%20BCE)%0D%0A%0D%0Ahttps%3A%2F%2Fcincodias.elpais.com%2Fmercados-financieros%2F2026-01-29%2Fpor-que-la-caida-del-dolar-no-preocupa-a-trump-pero-si-a-los-mercados-financieros-y-al-bce.html%3Fssm=whatsapp_CC\" data-action=\"share\/whatsapp\/share\" data-param-description=\"Por qu\u00e9 la ca\u00edda del d\u00f3lar no preocupa a Trump pero s\u00ed a los mercados financieros (y al BCE)\" data-param-href=\"https:\/\/cincodias.elpais.com\/mercados-financieros\/2026-01-29\/por-que-la-caida-del-dolar-no-preocupa-a-trump-pero-si-a-los-mercados-financieros-y-al-bce.html\" data-param-text=\"Por qu\u00e9 la ca\u00edda del d\u00f3lar no preocupa a Trump pero s\u00ed a los mercados financieros (y al BCE) https:\/\/cincodias.elpais.com\/mercados-financieros\/2026-01-29\/por-que-la-caida-del-dolar-no-preocupa-a-trump-pero-si-a-los-mercados-financieros-y-al-bce.html\" data-param-url=\"https:\/\/cincodias.elpais.com\/mercados-financieros\/2026-01-29\/por-que-la-caida-del-dolar-no-preocupa-a-trump-pero-si-a-los-mercados-financieros-y-al-bce.html\" target=\"_blank\" rel=\"noopener noreferrer\" data-share-track-dtm=\"whatsapp\" id=\"btn_share_whatsapp_473\"><span class=\"_sr\">Compartir en Whatsapp<\/span><\/a><\/div>\n<div class=\"w_rs_i\"><a class=\"_btn \" href=\"https:\/\/www.facebook.com\/dialog\/share?display=popup&amp;app_id=94039431626&amp;href=https%3A%2F%2Fcincodias.elpais.com%2Fmercados-financieros%2F2026-01-29%2Fpor-que-la-caida-del-dolar-no-preocupa-a-trump-pero-si-a-los-mercados-financieros-y-al-bce.html%3Fssm=FB_CC&amp;quote=Por%20qu%C3%A9%20la%20ca%C3%ADda%20del%20d%C3%B3lar%20no%20preocupa%20a%20Trump%20pero%20s%C3%AD%20a%20los%20mercados%20financieros%20(y%20al%20BCE)\" data-param-app_id=\"94039431626\" data-param-description=\"Por qu\u00e9 la ca\u00edda del d\u00f3lar no preocupa a Trump pero s\u00ed a los mercados financieros (y al BCE)\" data-param-href=\"https:\/\/cincodias.elpais.com\/mercados-financieros\/2026-01-29\/por-que-la-caida-del-dolar-no-preocupa-a-trump-pero-si-a-los-mercados-financieros-y-al-bce.html\" data-param-text=\"Por qu\u00e9 la ca\u00edda del d\u00f3lar no preocupa a Trump pero s\u00ed a los mercados financieros (y al BCE)\" data-param-url=\"https:\/\/cincodias.elpais.com\/mercados-financieros\/2026-01-29\/por-que-la-caida-del-dolar-no-preocupa-a-trump-pero-si-a-los-mercados-financieros-y-al-bce.html\" target=\"_blank\" rel=\"noopener noreferrer\" data-share-track-dtm=\"facebook\" id=\"btn_share_facebook_473\"><span class=\"_sr\">Compartir en Facebook<\/span><\/a><\/div>\n<div class=\"w_rs_i\"><a class=\"_btn \" href=\"https:\/\/twitter.com\/intent\/tweet?url=https%3A%2F%2Fcincodias.elpais.com%2Fmercados-financieros%2F2026-01-29%2Fpor-que-la-caida-del-dolar-no-preocupa-a-trump-pero-si-a-los-mercados-financieros-y-al-bce.html%3Fssm=TW_CC&amp;text=Por%20qu%C3%A9%20la%20ca%C3%ADda%20del%20d%C3%B3lar%20no%20preocupa%20a%20Trump%20pero%20s%C3%AD%20a%20los%20mercados%20financieros%20(y%20al%20BCE)&amp;via=cincodiascom&amp;lang=es\" data-param-description=\"Por qu\u00e9 la ca\u00edda del d\u00f3lar no preocupa a Trump pero s\u00ed a los mercados financieros (y al BCE)\" data-param-href=\"https:\/\/cincodias.elpais.com\/mercados-financieros\/2026-01-29\/por-que-la-caida-del-dolar-no-preocupa-a-trump-pero-si-a-los-mercados-financieros-y-al-bce.html\" data-param-text=\"Por qu\u00e9 la ca\u00edda del d\u00f3lar no preocupa a Trump pero s\u00ed a los mercados financieros (y al BCE) via @cincodiascom\" data-param-url=\"https:\/\/cincodias.elpais.com\/mercados-financieros\/2026-01-29\/por-que-la-caida-del-dolar-no-preocupa-a-trump-pero-si-a-los-mercados-financieros-y-al-bce.html\" target=\"_blank\" rel=\"noopener noreferrer\" data-share-track-dtm=\"twitter\" id=\"btn_share_twitter_473\"><span class=\"_sr\">Compartir en Twitter<\/span><\/a><\/div>\n<div class=\"w_rs_i\"><a class=\"_btn \" href=\"https:\/\/bsky.app\/intent\/compose?text=https%3A%2F%2Fcincodias.elpais.com%2Fmercados-financieros%2F2026-01-29%2Fpor-que-la-caida-del-dolar-no-preocupa-a-trump-pero-si-a-los-mercados-financieros-y-al-bce.html%3Fssm=bsky_CC\" data-param-description=\"Por qu\u00e9 la ca\u00edda del d\u00f3lar no preocupa a Trump pero s\u00ed a los mercados financieros (y al BCE)\" data-param-href=\"https:\/\/cincodias.elpais.com\/mercados-financieros\/2026-01-29\/por-que-la-caida-del-dolar-no-preocupa-a-trump-pero-si-a-los-mercados-financieros-y-al-bce.html\" data-param-text=\"Por qu\u00e9 la ca\u00edda del d\u00f3lar no preocupa a Trump pero s\u00ed a los mercados financieros (y al BCE)\" data-param-url=\"https:\/\/cincodias.elpais.com\/mercados-financieros\/2026-01-29\/por-que-la-caida-del-dolar-no-preocupa-a-trump-pero-si-a-los-mercados-financieros-y-al-bce.html\" target=\"_blank\" rel=\"noopener noreferrer\" data-share-track-dtm=\"bluesky\" id=\"btn_share_bluesky_473\"><span class=\"_sr\">Compartir en Bluesky<\/span><\/a><\/div>\n<div class=\"w_rs_i\"><a class=\"_btn \" href=\"https:\/\/www.linkedin.com\/sharing\/share-offsite\/?url=https%3A%2F%2Fcincodias.elpais.com%2Fmercados-financieros%2F2026-01-29%2Fpor-que-la-caida-del-dolar-no-preocupa-a-trump-pero-si-a-los-mercados-financieros-y-al-bce.html%3Fssm=LK_CC\" data-param-description=\"Por qu\u00e9 la ca\u00edda del d\u00f3lar no preocupa a Trump pero s\u00ed a los mercados financieros (y al BCE)\" data-param-href=\"https:\/\/cincodias.elpais.com\/mercados-financieros\/2026-01-29\/por-que-la-caida-del-dolar-no-preocupa-a-trump-pero-si-a-los-mercados-financieros-y-al-bce.html\" data-param-text=\"Por qu\u00e9 la ca\u00edda del d\u00f3lar no preocupa a Trump pero s\u00ed a los mercados financieros (y al BCE)\" data-param-url=\"https:\/\/cincodias.elpais.com\/mercados-financieros\/2026-01-29\/por-que-la-caida-del-dolar-no-preocupa-a-trump-pero-si-a-los-mercados-financieros-y-al-bce.html\" target=\"_blank\" rel=\"noopener noreferrer\" data-share-track-dtm=\"linkedin\" id=\"btn_share_linkedin_473\"><span class=\"_sr\">Compartir en Linkedin<\/span><\/a><\/div>\n<div class=\"w_rs_i\"><a class=\"_btn rs_l\" href=\"https:\/\/cincodias.elpais.com\/mercados-financieros\/2026-01-29\/por-que-la-caida-del-dolar-no-preocupa-a-trump-pero-si-a-los-mercados-financieros-y-al-bce.html#?prm=copy_link\" data-share-track-dtm=\"copiar_url\" id=\"btn_share_link_58\"><span class=\"_sr\">Copiar enlace<\/span><\/a><\/div>\n<div class=\"w_rs_i\"><a class=\"_btn rs_c\" href=\"https:\/\/cincodias.elpais.com\/mercados-financieros\/2026-01-29\/por-que-la-caida-del-dolar-no-preocupa-a-trump-pero-si-a-los-mercados-financieros-y-al-bce.html#comments_container\" aria-expanded=\"false\" aria-controls=\"me-c\" data-share-track-dtm=\"eskup\" id=\"btn_share_comments_58\"><span class=\"_sr\">Ir a los comentarios<\/span><\/a><\/div>\n<\/div>\n<\/div>\n<\/div>\n<div class=\"a_c clearfix\" data-dtm-region=\"articulo_cuerpo\">\n<p class>Las rupturas tect\u00f3nicas en la geopol\u00edtica que est\u00e1 provocando Donald Trump est\u00e1n encontrando eco en el mercado de divisas, como ya ocurriera hace nueve meses con la guerra comercial. El d\u00f3lar ha tocado esta semana las 1,20 unidades por euro, haciendo m\u00e1s baratos los viajes a Estados Unidos, el <i>bourbon <\/i>o las guitarras el\u00e9ctricas Fender. La tendencia, abrupta (la ca\u00edda ha sido de casi el 3% en pocos d\u00edas), tiene visos de continuidad, pues tiene poco o nada que ver con la coyuntura econ\u00f3mica: <a href=\"https:\/\/cincodias.elpais.com\/mercados-financieros\/2026-01-28\/los-minimos-del-dolar-estan-para-quedarse-los-analistas-pronostican-mas-debilidad-y-los-operadores-buscan-protegerse-de-sus-caidas.html\" target=\"_self\" rel title=\"https:\/\/cincodias.elpais.com\/mercados-financieros\/2026-01-28\/los-minimos-del-dolar-estan-para-quedarse-los-analistas-pronostican-mas-debilidad-y-los-operadores-buscan-protegerse-de-sus-caidas.html\">es la respuesta al orden global que plantea el presidente estadounidense por parte del mundo de las finanzas<\/a>, cuyo primer mandamiento (o segundo, seg\u00fan el d\u00eda), es limitar los riesgos. Y de la fragmentaci\u00f3n pol\u00edtica, y de su velocidad, nace un mundo financiero distinto, donde el d\u00f3lar, y EE UU, han perdido parte de su aura de excepcionalidad. Aunque a Trump ello no le suponga, de momento, <a href=\"https:\/\/elpais.com\/economia\/2026-01-27\/trump-bendice-la-caida-del-dolar-va-muy-bien-miren-los-negocios-que-estamos-haciendo.html\" target=\"_self\" rel title=\"https:\/\/elpais.com\/economia\/2026-01-27\/trump-bendice-la-caida-del-dolar-va-muy-bien-miren-los-negocios-que-estamos-haciendo.html\">una preocupaci\u00f3n<\/a>. <\/p>\n<div class=\"a_gph\">\n<div>\n<div id=\"datawrapper-vis-RzRxo\"><img decoding=\"async\" src=\"https:\/\/analyse.optim.biz\/wp-content\/uploads\/2026\/01\/full-32.png\" alt=\"L\u00edneas\" title=\"full-32\"><\/div>\n<\/div>\n<\/div>\n<h3 class>\u00bfEl movimiento del mercado es una ca\u00edda del d\u00f3lar o una subida del euro?<\/h3>\n<p class>Es una ca\u00edda del d\u00f3lar, aunque se ha visto mitigada este mi\u00e9rcoles. La divisa estadounidense est\u00e1 bajando contra la mayor\u00eda de las monedas del mundo: contra la cesta que incluye a las 10 principales ha cotizado en m\u00ednimos desde 2022 y cede un 10% en 12 meses. Frente al euro ha llegado a perder los 1,2 d\u00f3lares, un nivel que no se ve\u00eda desde 2021, con una ca\u00edda desde principios de 2025 de casi del 20%, m\u00e1s abultada que contra otras monedas. <\/p>\n<h3 class>\u00bfPor qu\u00e9 baja el d\u00f3lar?<\/h3>\n<p class>Los motivos no son \u00fanicos, y se mezclan elementos de corto plazo, de corte m\u00e1s especulativo, sostenidos por elementos de largo plazo, estructurales. As\u00ed, el fren\u00e9tico mes de enero que ha deparado Donald Trump, con el ataque a la Reserva Federal, las amenazas a la UE a cuenta de Groenlandia y la intervenci\u00f3n en Venezuela han reforzado una perspectiva de fragmentaci\u00f3n geopol\u00edtica y comercial mundial. En este contexto, <a href=\"https:\/\/elpais.com\/economia\/2026-01-23\/sell-america-las-dos-palabras-que-resumen-el-desmarque-de-los-mercados-ante-un-trump-desbocado.html\" target=\"_self\" rel title=\"https:\/\/elpais.com\/economia\/2026-01-23\/sell-america-las-dos-palabras-que-resumen-el-desmarque-de-los-mercados-ante-un-trump-desbocado.html\">los inversores aceleran la diversificaci\u00f3n de activos<\/a>. Este nuevo entorno hace, adem\u00e1s, que el d\u00f3lar haya dejado de ser la moneda en la que los inversores se refugian en tiempos de tormenta; antes al contrario, baja m\u00e1s que otras. As\u00ed, los vaivenes de la geopol\u00edtica abonan el terreno para un billete verde d\u00e9bil en el largo plazo e incentivan a los inversores a apostar contra la divisa en el corto. En el largo plazo, el consenso es todav\u00eda m\u00e1s claro: grandes gestoras de fondos como JP Morgan AM, Pimco, Allianz o Amundi han reafirmado sus planes para diversificar la cartera y reducir la exposici\u00f3n a la divisa estadounidense. <\/p>\n<h3 class>\u00bfTiene que ver con la subida del oro?<\/h3>\n<p class>S\u00ed, en gran medida. Incluso tiene nombre: <i>debasement trade<\/i>, que se podr\u00eda traducir como operativa de devaluaci\u00f3n. Una vez que el d\u00f3lar ha desaparecido del radar de los inversores como puerto seguro en el que cobijarse, estos han acudido a una alternativa con milenios de experiencia en estas lides: el oro. <a href=\"https:\/\/cincodias.elpais.com\/mercados-financieros\/2026-01-26\/el-oro-pulveriza-nuevos-records-por-encima-de-los-5000-dolares.html\" target=\"_self\" rel title=\"https:\/\/cincodias.elpais.com\/mercados-financieros\/2026-01-26\/el-oro-pulveriza-nuevos-records-por-encima-de-los-5000-dolares.html\">Es el activo de referencia<\/a> en los d\u00edas m\u00e1s complicados, y la perspectiva (m\u00e1s que razonable) de que la incertidumbre pol\u00edtica va a ir a m\u00e1s solamente refuerza la demanda del metal. Desde principios de 2025 el metal casi ha duplicado su precio, y solo en 2026 sube el 22%. El hecho de que se cotice en d\u00f3lares agudiza las subidas, pero medido en euros tambi\u00e9n se revaloriza. \u201cLa sensibilidad de los metales a las fluctuaciones del d\u00f3lar estadounidense ha aumentado significativamente \u00faltimamente, lo que refleja su potencial ca\u00edda mucho m\u00e1s que su ca\u00edda real\u201d, indica Julius Baer. <\/p>\n<h3 class>\u00bfPor qu\u00e9 dice Trump que no le importa el d\u00f3lar d\u00e9bil?<\/h3>\n<p class>M\u00e1s all\u00e1 de su <a href=\"https:\/\/elpais.com\/economia\/2026-01-27\/trump-bendice-la-caida-del-dolar-va-muy-bien-miren-los-negocios-que-estamos-haciendo.html\" target=\"_self\" rel title=\"https:\/\/elpais.com\/economia\/2026-01-27\/trump-bendice-la-caida-del-dolar-va-muy-bien-miren-los-negocios-que-estamos-haciendo.html\">abrupto lenguaje<\/a>, el promotor inmobiliario tiene raz\u00f3n: un d\u00f3lar m\u00e1s d\u00e9bil es un est\u00edmulo econ\u00f3mico, adem\u00e1s en un a\u00f1o electoral. Ayuda a las exportaciones de bienes estadounidenses: los productos <i>made in USA<\/i> son m\u00e1s baratos en el extranjero, y las empresas que prestan los servicios en el extranjero (financieros, digitales o tur\u00edsticos) o que tienen filiales en el resto del mundo ganan m\u00e1s dinero con el cambio. Los productos estadounidenses tambi\u00e9n son m\u00e1s competitivos en el mercado local respecto a las importaciones&#8230; Lo que supone tambi\u00e9n una contrapartida, en este caso en forma de una inflaci\u00f3n m\u00e1s elevada. Un <a href=\"https:\/\/elpais.com\/economia\/2026-01-13\/la-economia-de-estados-unidos-cerro-2025-con-una-inflacion-del-27.html\" target=\"_self\" rel title=\"https:\/\/elpais.com\/economia\/2026-01-13\/la-economia-de-estados-unidos-cerro-2025-con-una-inflacion-del-27.html\">impacto inflacionista<\/a> que se suma al de los aranceles y de la cruzada contra la inmigraci\u00f3n. Otro riesgo del d\u00f3lar d\u00e9bil es que se acelere la <a href=\"https:\/\/elpais.com\/economia\/2026-01-23\/sell-america-las-dos-palabras-que-resumen-el-desmarque-de-los-mercados-ante-un-trump-desbocado.html\" target=\"_self\" rel title=\"https:\/\/elpais.com\/economia\/2026-01-23\/sell-america-las-dos-palabras-que-resumen-el-desmarque-de-los-mercados-ante-un-trump-desbocado.html\">salida de capitales de EE UU<\/a> y esto tenga efectos sobre la deuda p\u00fablica, pero de momento el mercado no est\u00e1 en ese punto. Ahora bien, el secretario del Tesoro, Scott Bessent, ha matizado este mi\u00e9rcoles que \u201cEstados Unidos siempre tiene una pol\u00edtica de d\u00f3lar fuerte\u201d, lo que ha impulsado la moneda en la tarde del mi\u00e9rcoles. <\/p>\n<h3 class>\u00bfC\u00f3mo afecta a la zona euro?<\/h3>\n<p class>Al contrario que para Estados Unidos: el euro fuerte complica las exportaciones en un entorno ya dif\u00edcil a causa de la guerra comercial y, por lo tanto, es un freno de mano para la econom\u00eda. En este sentido, el gobernador del Banco de Austria (y miembro del <a href=\"https:\/\/cincodias.elpais.com\/mercados-financieros\/2025-07-04\/el-euro-apunta-ya-a-los-12-dolares-y-pone-en-alerta-al-bce.html\" target=\"_self\" rel title=\"https:\/\/cincodias.elpais.com\/mercados-financieros\/2025-07-04\/el-euro-apunta-ya-a-los-12-dolares-y-pone-en-alerta-al-bce.html\">Consejo de Gobierno del BCE)<\/a>, Martin Kocher, ha indicado este mi\u00e9rcoles que el BCE podr\u00eda crear \u201cla necesidad de actuar en t\u00e9rminos de pol\u00edtica monetaria\u201d, puesto que el euro fuerte implica menos inflaci\u00f3n. Otro miembro del consejo, el franc\u00e9s Fran\u00e7ois Villeroy de Galhau, ha recordado que la apreciaci\u00f3n del euro se tendr\u00e1 en cuenta en las decisiones del banco, y Luis de Guindos declar\u00f3 a principios de mes que un euro por encima de 1,20 d\u00f3lares ser\u00eda una situaci\u00f3n \u201ccomplicada\u201d. El mandato de la autoridad monetaria europea es una inflaci\u00f3n cercana al 2% en el medio plazo, por lo que si el tipo de cambio desv\u00eda las expectativas de este objetivo, un recorte de tipos ganar\u00eda posibilidades. Igualmente, el euro fuerte no es bueno para las grandes cotizadas europeas. De acuerdo con Citi, un alza del 10% en la moneda recorta el beneficio por acci\u00f3n de las firmas europeas en un 2%. <\/p>\n<h3 class>\u00bfQu\u00e9 opinan los expertos y el mercado?<\/h3>\n<p class>En las condiciones actuales y salvo sorpresa, las perspectivas son bajistas desde pr\u00e1cticamente todos los \u00e1ngulos. En el corto plazo, y seg\u00fan los datos de los mercados de derivados, las <a href=\"https:\/\/cincodias.elpais.com\/mercados-financieros\/2026-01-28\/los-minimos-del-dolar-estan-para-quedarse-los-analistas-pronostican-mas-debilidad-y-los-operadores-buscan-protegerse-de-sus-caidas.html\" target=\"_self\" rel title=\"https:\/\/cincodias.elpais.com\/mercados-financieros\/2026-01-28\/los-minimos-del-dolar-estan-para-quedarse-los-analistas-pronostican-mas-debilidad-y-los-operadores-buscan-protegerse-de-sus-caidas.html\">apuestas de los inversores son a la baja<\/a>, tanto por parte de especuladores que quieren ganar dinero como de las carteras tradicionales que tienen activos estadounidenses y quieren cubrir el riesgo divisa (el a\u00f1o pasado la subida de Wall Street, un 16%, qued\u00f3 en un 2,6% para el inversor europeo). Adem\u00e1s, y quiz\u00e1 lo que es m\u00e1s importante, la postura de Trump despeja el camino. Como explican los analistas de ING, \u201csi los operadores han decidido aumentar su cobertura del d\u00f3lar ante el riesgo pol\u00edtico estadounidense y la sensaci\u00f3n de que Washington quiere un d\u00f3lar m\u00e1s d\u00e9bil, no tiene sentido interponerse\u201d. Seg\u00fan los datos del DTCC, la firma que tramita las operaciones del mercado de futuros de divisas en EE UU, el volumen de operaciones se ha disparado en la \u00faltima semana, y una de cada 10 apuestas sobre el cruce d\u00f3lar\/euro tiene como objetivo niveles m\u00e1s all\u00e1 de los 1,25 d\u00f3lares. <\/p>\n<\/div>\n<aside class=\"w w-sea\">\n<h2 class=\"w_t\">Sobre la firma<\/h2>\n<div class=\"w_b\">\n<div class=\"_g _g-xs\">\n<figure class=\"w-sea_f a_m-h c_m--nf\"><span class=\"a_m_w _db\"><img decoding=\"async\" alt=\"Nu\u00f1o Rodrigo\" class=\"_re lazyload a_m-h\" height=\"100\" width=\"100\" src=\"https:\/\/analyse.optim.biz\/wp-content\/uploads\/2026\/01\/https3a2f2fs3-amazonaws-com2farc-authors2fprisa2f293332c3-f621-44f2-9e74-33459297ff14-1.jpg\" loading=\"lazy\" title=\"https3a2f2fs3-amazonaws-com2farc-authors2fprisa2f293332c3-f621-44f2-9e74-33459297ff14-1\"><\/span><\/figure>\n<div class=\"w-sea_txt\">\n<div class=\"_df\">\n<div class=\"w-sea_txt_na\"><a href=\"https:\/\/cincodias.elpais.com\/autor\/nuno-rodrigo-palacios\/\" rel=\"autor_bottom\">Nu\u00f1o Rodrigo<\/a><\/div>\n<div class=\"w_rs_i\"><a class=\"_btn \" href=\"https:\/\/twitter.com\/nuno_rodrigo5?lang=es\" target=\"_blank\" rel=\"noopener noreferrer\"><span class=\"_sr\">Nu\u00f1o Rodrigo  &#8211; twitter<\/span><\/a><\/div>\n<\/div>\n<div class=\"w-sea_txt_da _dn\">(Barcelona, 1975) es subdirector de Cinco D\u00edas. Licenciado en Econom\u00eda por la UAM, inici\u00f3 su carrera en CincoD\u00edas en 1998, especializ\u00e1ndose en informaci\u00f3n financiera. Ha sido responsable de Mercados, de la edici\u00f3n Fin de semana y de la secci\u00f3n Cinco Sentidos. Redactor jefe a partir de 2007, de 2011 a 2021 se ocup\u00f3 de la edici\u00f3n digital.<\/div>\n<\/div>\n<\/div>\n<\/div>\n<\/aside>\n<aside class=\"w w-fid\">\n<div class=\"w_b\">\n<div class=\"w-fid_t\"><a href=\"https:\/\/plus.elpais.com\/newsletters\/lnp\/1\/475\/#?prm=not_newsletters_empresa\">El an\u00e1lisis de la actualidad econ\u00f3mica y las noticias financieras m\u00e1s relevantes<\/a><\/div>\n<div class=\"w-fid_s\">\n<div class=\"w_rs\">\n<div class=\"w_rs_i\"><a class=\"_btn\" href=\"https:\/\/www.facebook.com\/Cincodias\/\" rel=\"nofollow\"><span class=\"_sr\">Mercados Financieros Cinco D\u00edas en Facebook<\/span><\/a><\/div>\n<div class=\"w_rs_i\"><a class=\"_btn\" href=\"https:\/\/twitter.com\/CincoDiascom\" rel=\"nofollow\"><span class=\"_sr\">Mercados Financieros Cinco D\u00edas en Twitter<\/span><\/a><\/div>\n<\/div>\n<\/div>\n<\/div>\n<\/aside>\n<aside class=\"a_com w w-com _df\"><a class=\"a_com_l\" href=\"https:\/\/elpais.com\/info\/normas-de-participacion\/\">Normas \u203a<\/a><\/aside>\n<div class=\"me _pf\" id=\"me-c\">\n<div class=\"me_bg\">\n<div class=\"me-c _pa\" id=\"comments_container\" data-dtm-region=\"articulo_comentarios\">\n<div class=\"me_f me_f-os me_cc\"><a href=\"https:\/\/plus.elpais.com\/perfil\/actividad\/\">Mis comentarios<\/a><a href=\"https:\/\/elpais.com\/info\/normas-de-participacion\/\">Normas<\/a><\/div>\n<div class=\"me_f me_f-ns\"><span class=\"me_f_txt _db\">Rellena tu <b>nombre y apellido<\/b> para comentar<\/span><a href=\"https:\/\/plus.elpais.com\/autorization.html\/?prod=COM&amp;backURL=https%3A%2F%2Fcincodias.elpais.com%2Fmercados-financieros%2F2026-01-29%2Fpor-que-la-caida-del-dolar-no-preocupa-a-trump-pero-si-a-los-mercados-financieros-y-al-bce.html\" class=\"btn btn-2\">completar datos<\/a><\/div>\n<div class=\"me_f\" id=\"comments_msg\"><a class=\"btn btn-2\" href=\"https:\/\/elpais.com\/suscripciones\/premium\/primer-mes-anual\/#\/campaign?prod=SUSDIGCRART&amp;o=COM5D&amp;prm=suscrip_articulo_comentarios_5d&amp;backURL=https%3A%2F%2Fcincodias.elpais.com%2Fmercados-financieros%2F2026-01-29%2Fpor-que-la-caida-del-dolar-no-preocupa-a-trump-pero-si-a-los-mercados-financieros-y-al-bce.html\" id=\"comments_subscribe_link\" data-link-am=\"https:\/\/elpais.com\/suscripcion\/latam\/primermes\/premium\/mensual\/anual\/#\/campaign?prod=SUSDIGCRART&amp;o=COM5D&amp;prm=suscrip_articulo_comentarios_5d&amp;backURL=https%3A%2F%2Fcincodias.elpais.com%2Fmercados-financieros%2F2026-01-29%2Fpor-que-la-caida-del-dolar-no-preocupa-a-trump-pero-si-a-los-mercados-financieros-y-al-bce.html\" data-link-mx=\"https:\/\/elpais.com\/suscripcion\/latam\/primermes\/premium\/mensual\/anual\/#\/campaign?prod=SUSDIGCRART&amp;o=COM5D&amp;prm=suscrip_articulo_comentarios_5d&amp;backURL=https%3A%2F%2Fcincodias.elpais.com%2Fmercados-financieros%2F2026-01-29%2Fpor-que-la-caida-del-dolar-no-preocupa-a-trump-pero-si-a-los-mercados-financieros-y-al-bce.html\" data-link-co=\"https:\/\/elpais.com\/suscripcion\/latam\/primermes\/premium\/mensual\/anual\/#\/campaign?prod=SUSDIGCRART&amp;o=COM5D&amp;prm=suscrip_articulo_comentarios_5d&amp;backURL=https%3A%2F%2Fcincodias.elpais.com%2Fmercados-financieros%2F2026-01-29%2Fpor-que-la-caida-del-dolar-no-preocupa-a-trump-pero-si-a-los-mercados-financieros-y-al-bce.html\" data-link-ar=\"https:\/\/elpais.com\/suscripcion\/latam\/primermes\/premium\/mensual\/anual\/#\/campaign?prod=SUSDIGCRART&amp;o=COM5D&amp;prm=suscrip_articulo_comentarios_5d&amp;backURL=https%3A%2F%2Fcincodias.elpais.com%2Fmercados-financieros%2F2026-01-29%2Fpor-que-la-caida-del-dolar-no-preocupa-a-trump-pero-si-a-los-mercados-financieros-y-al-bce.html\" data-link-cl=\"https:\/\/elpais.com\/suscripcion\/latam\/primermes\/premium\/mensual\/anual\/#\/campaign?prod=SUSDIGCRART&amp;o=COM5D&amp;prm=suscrip_articulo_comentarios_5d&amp;backURL=https%3A%2F%2Fcincodias.elpais.com%2Fmercados-financieros%2F2026-01-29%2Fpor-que-la-caida-del-dolar-no-preocupa-a-trump-pero-si-a-los-mercados-financieros-y-al-bce.html\" data-link-us=\"https:\/\/elpais.com\/suscripcion\/latam\/primermes\/premium\/mensual\/anual\/#\/campaign?prod=SUSDIGCRART&amp;o=COM5D&amp;prm=suscrip_articulo_comentarios_5d&amp;backURL=https%3A%2F%2Fcincodias.elpais.com%2Fmercados-financieros%2F2026-01-29%2Fpor-que-la-caida-del-dolar-no-preocupa-a-trump-pero-si-a-los-mercados-financieros-y-al-bce.html\">Suscr\u00edbete en El Pa\u00eds para participar<\/a><a class=\"btn btn-3\" href=\"https:\/\/elpais.com\/subscriptions\/#\/sign-in?prod=SUSDIG&amp;o=COM5D&amp;prm=login_articulo_comentarios_5d&amp;backURL=https%3A%2F%2Fcincodias.elpais.com%2Fmercados-financieros%2F2026-01-29%2Fpor-que-la-caida-del-dolar-no-preocupa-a-trump-pero-si-a-los-mercados-financieros-y-al-bce.html\" id=\"comments_login_link\" data-link-am=\"https:\/\/elpais.com\/subscriptions\/#\/sign-in?prod=SUSDIG&amp;o=COM5D&amp;prm=login_articulo_comentarios_5d&amp;backURL=https%3A%2F%2Fcincodias.elpais.com%2Fmercados-financieros%2F2026-01-29%2Fpor-que-la-caida-del-dolar-no-preocupa-a-trump-pero-si-a-los-mercados-financieros-y-al-bce.html\" data-link-mx=\"https:\/\/elpais.com\/subscriptions\/#\/sign-in?prod=SUSDIG&amp;o=COM5D&amp;prm=login_articulo_comentarios_5d&amp;backURL=https%3A%2F%2Fcincodias.elpais.com%2Fmercados-financieros%2F2026-01-29%2Fpor-que-la-caida-del-dolar-no-preocupa-a-trump-pero-si-a-los-mercados-financieros-y-al-bce.html\" data-link-co=\"https:\/\/elpais.com\/subscriptions\/#\/sign-in?prod=SUSDIG&amp;o=COM5D&amp;prm=login_articulo_comentarios_5d&amp;backURL=https%3A%2F%2Fcincodias.elpais.com%2Fmercados-financieros%2F2026-01-29%2Fpor-que-la-caida-del-dolar-no-preocupa-a-trump-pero-si-a-los-mercados-financieros-y-al-bce.html\" data-link-ar=\"https:\/\/elpais.com\/subscriptions\/#\/sign-in?prod=SUSDIG&amp;o=COM5D&amp;prm=login_articulo_comentarios_5d&amp;backURL=https%3A%2F%2Fcincodias.elpais.com%2Fmercados-financieros%2F2026-01-29%2Fpor-que-la-caida-del-dolar-no-preocupa-a-trump-pero-si-a-los-mercados-financieros-y-al-bce.html\" data-link-cl=\"https:\/\/elpais.com\/subscriptions\/#\/sign-in?prod=SUSDIG&amp;o=COM5D&amp;prm=login_articulo_comentarios_5d&amp;backURL=https%3A%2F%2Fcincodias.elpais.com%2Fmercados-financieros%2F2026-01-29%2Fpor-que-la-caida-del-dolar-no-preocupa-a-trump-pero-si-a-los-mercados-financieros-y-al-bce.html\" data-link-us=\"https:\/\/elpais.com\/subscriptions\/#\/sign-in?prod=SUSDIG&amp;o=COM5D&amp;prm=login_articulo_comentarios_5d&amp;backURL=https%3A%2F%2Fcincodias.elpais.com%2Fmercados-financieros%2F2026-01-29%2Fpor-que-la-caida-del-dolar-no-preocupa-a-trump-pero-si-a-los-mercados-financieros-y-al-bce.html\">Ya tengo una suscripci\u00f3n<\/a><\/div>\n<p>Please enable JavaScript to view the &lt;a href=&#8221;https:\/\/disqus.com\/?ref_noscript&#8221; rel=&#8221;nofollow&#8221;&gt; comments powered by Disqus.&lt;\/a&gt;<\/p><\/div>\n<\/div>\n<\/div>\n<section class=\"w w-ae\" data-dtm-region=\"articulo_archivado-en\">\n<h2 class=\"w_t\">Archivado En<\/h2>\n<div class=\"w_b\">\n<ul class=\"w_ul w_ul--mh _df _ls\">\n<li><a href=\"https:\/\/cincodias.elpais.com\/noticias\/mercados-financieros\/#?rel=arch\" rel=\"noopener noreferrer\">Mercados financieros<\/a><\/li>\n<li><a href=\"https:\/\/cincodias.elpais.com\/noticias\/euro\/#?rel=arch\" rel=\"noopener noreferrer\">Euro<\/a><\/li>\n<li><a href=\"https:\/\/cincodias.elpais.com\/noticias\/dolar-americano\/#?rel=arch\" rel=\"noopener noreferrer\">D\u00f3lar<\/a><\/li>\n<li><a href=\"https:\/\/cincodias.elpais.com\/noticias\/bce-banco-central-europeo\/#?rel=arch\" rel=\"noopener noreferrer\">BCE<\/a><\/li>\n<li><a href=\"https:\/\/cincodias.elpais.com\/noticias\/donald-trump\/#?rel=arch\" rel=\"noopener noreferrer\">Donald Trump<\/a><\/li>\n<li><a href=\"https:\/\/cincodias.elpais.com\/noticias\/zona-euro\/#?rel=arch\" rel=\"noopener noreferrer\">Zona euro<\/a><\/li>\n<li><a href=\"https:\/\/cincodias.elpais.com\/noticias\/inflacion\/#?rel=arch\" rel=\"noopener noreferrer\">Inflaci\u00f3n<\/a><\/li>\n<li><a href=\"https:\/\/cincodias.elpais.com\/noticias\/oro\/#?rel=arch\" rel=\"noopener noreferrer\">Oro<\/a><\/li>\n<li><a href=\"https:\/\/cincodias.elpais.com\/noticias\/inversion\/#?rel=arch\" rel=\"noopener noreferrer\">Inversi\u00f3n<\/a><\/li>\n<li><a href=\"https:\/\/cincodias.elpais.com\/noticias\/inversion-activos-alternativos\/#?rel=arch\" rel=\"noopener noreferrer\">Inversi\u00f3n alternativa<\/a><\/li>\n<\/ul>\n<\/div>\n<\/section>\n<aside class=\"a_tp _df\">\n<div class=\"a_tp_txt\"><span class=\"a_tp_t\">Se adhiere a los criterios de<\/span><\/p>\n<figure class=\"a_m a_m-h c_m--nf\"><a class=\"a_tp_i _dib\" href=\"https:\/\/elpais.com\/estaticos\/que-es-the-trust-project\/\" target=\"_blank\" rel=\"noopener noreferrer nofollow\"><img decoding=\"async\" alt=\"The Trust Project\" class=\" lazyload a_m-h\" height=\"20\" width=\"117\" src=\"https:\/\/analyse.optim.biz\/wp-content\/uploads\/2026\/01\/the-trust-project-358.svg\" loading=\"lazy\" title=\"the-trust-project-358\"><\/a><\/figure>\n<p><a class=\"a_tp_mi\" href=\"https:\/\/elpais.com\/estaticos\/codigo-etico\/\" target=\"_blank\" rel=\"noopener noreferrer nofollow\">M\u00e1s informaci\u00f3n<\/a><\/div>\n<div class=\"a_tp_si\">Si est\u00e1 interesado en licenciar este contenido, pinche <a class=\"a_tp_si_l\" href=\"https:\/\/profesional.elpais.com\/soluciones-sindicacion\/?utm_medium=interno&amp;utm_source=crosslinking&amp;utm_campaign=sindicacion_ep_pie_articulos\" target=\"_blank\" rel=\"noopener noreferrer nofollow\">aqu\u00ed<\/a><\/div>\n<\/aside>\n<div class=\"a_o _pr\" data-dtm-region=\"articulo_right-rail\">\n<div id=\"elpais_gpt-MPU1\" data-adtype=\"MPU\" class=\"ad ad-mpu\"><span class=\"_dn\">_<\/span><\/div>\n<section class=\"w w-sc b_col\" data-dtm-region=\"articulo_ultimas-noticias\">\n<header class=\"w_h b_col_h\">\n<h3 class=\"w_t\"><a href=\"https:\/\/cincodias.elpais.com\/ultimas-noticias\/\" rel=\"story-card-ultimas-noticias\">\u00daltimas noticias<\/a><\/h3>\n<\/header>\n<div class=\"w_b\">\n<article class=\"c  c--m-n   \" data-word=\"0\">\n<header class=\"c_h\"><time datetime=\"2026-01-29T17:11:57+01:00\" class=\"c_da\">17:11<\/time><\/p>\n<h2 class=\"c_t \"><a href=\"https:\/\/cincodias.elpais.com\/mercados-financieros\/2026-01-29\/la-bolsa-y-el-ibex-35.html\">El petr\u00f3leo se acerca a los 70 d\u00f3lares ante las amenazas a Ir\u00e1n y el oro cae con fuerza<\/a><\/h2>\n<\/header>\n<\/article>\n<article class=\"c  c--m-n   \" data-word=\"0\">\n<header class=\"c_h\"><time datetime=\"2026-01-29T17:03:52+01:00\" class=\"c_da\">17:03<\/time><\/p>\n<h2 class=\"c_t \"><a href=\"https:\/\/elpais.com\/economia\/2026-01-29\/trump-vuelve-a-arremeter-contra-powell-por-no-bajar-los-tipos-de-interes.html\">Trump vuelve a arremeter contra Powell por no bajar los tipos de inter\u00e9s<\/a><\/h2>\n<\/header>\n<\/article>\n<article class=\"c  c--m-n   \" data-word=\"0\">\n<header class=\"c_h\"><time datetime=\"2026-01-29T16:44:51+01:00\" class=\"c_da\">16:44<\/time><\/p>\n<h2 class=\"c_t \"><a href=\"https:\/\/cincodias.elpais.com\/mercados-financieros\/2026-01-29\/jose-manuel-campa-vuelve-al-iese-como-profesor-ordinario-de-finanzas-y-economia-tras-presidir-la-eba.html\">Jos\u00e9 Manuel Campa vuelve al IESE como profesor ordinario de Finanzas y Econom\u00eda tras presidir la EBA<\/a><\/h2>\n<\/header>\n<\/article>\n<article class=\"c  c--m-n   \" data-word=\"0\">\n<header class=\"c_h\"><time datetime=\"2026-01-29T16:29:18+01:00\" class=\"c_da\">16:29<\/time><\/p>\n<h2 class=\"c_t \"><a href=\"https:\/\/elpais.com\/economia\/2026-01-29\/el-banco-europeo-de-inversiones-destino-un-50-mas-de-credito-a-vivienda-asequible-en-2025.html\">El Banco Europeo de Inversiones destin\u00f3 un 50% m\u00e1s de cr\u00e9dito a vivienda asequible en 2025<\/a><\/h2>\n<\/header>\n<\/article>\n<\/div>\n<\/section>\n<aside class=\"w w-lmv\" data-dtm-region=\"articulo_lom\">\n<h2 class=\"w_t\"><a href=\"https:\/\/cincodias.elpais.com\/lo-mas-visto\/\">Lo m\u00e1s visto<\/a><\/h2>\n<div class=\"w_b\">\n<ol class=\"_ls\">\n<li><a href=\"https:\/\/cincodias.elpais.com\/economia\/2026-01-27\/trump-bendice-la-caida-del-dolar-va-muy-bien-miren-los-negocios-que-estamos-haciendo.html#?rel=lom\">Trump asegura que no le preocupa la ca\u00edda del d\u00f3lar: \u201cVa muy bien, miren los negocios que estamos haciendo\u201d<\/a><\/li>\n<\/ol>\n<\/div>\n<\/aside>\n<section class=\"w w-b5d\">\n<h2 class=\"w_t\"><a href=\"https:\/\/cincodias.elpais.com\/mercados\/\">Buscar bolsas y mercados<\/a><\/h2>\n<div class=\"w_b\">\n<div class=\"lk\"><a href=\"https:\/\/cincodias.elpais.com\/mercados\/bolsa\/ibex-35\/\" title=\"Ibex 35\">Ibex 35<\/a><a href=\"https:\/\/cincodias.elpais.com\/mercados\/bolsa\/eurostoxx-50\/\" title=\"Eurostoxx\">Eurostoxx<\/a><a href=\"https:\/\/cincodias.elpais.com\/mercados\/bolsa\/sp-500\/\" title=\"S&amp;P 500\">S&amp;P 500<\/a><\/div>\n<\/div>\n<\/section>\n<\/div>\n<\/article>\n<article class=\"c  c--m-n   \" data-word=\"0\">\n<header class=\"c_h\"><time datetime=\"2026-01-29T17:11:57+01:00\" class=\"c_da\">17:11<\/time><\/p>\n<h2 class=\"c_t \"><a href=\"https:\/\/cincodias.elpais.com\/mercados-financieros\/2026-01-29\/la-bolsa-y-el-ibex-35.html\">El petr\u00f3leo se acerca a los 70 d\u00f3lares ante las amenazas a Ir\u00e1n y el oro cae con fuerza<\/a><\/h2>\n<\/header>\n<\/article>\n<article class=\"c  c--m-n   \" data-word=\"0\">\n<header class=\"c_h\"><time datetime=\"2026-01-29T17:03:52+01:00\" class=\"c_da\">17:03<\/time><\/p>\n<h2 class=\"c_t \"><a href=\"https:\/\/elpais.com\/economia\/2026-01-29\/trump-vuelve-a-arremeter-contra-powell-por-no-bajar-los-tipos-de-interes.html\">Trump vuelve a arremeter contra Powell por no bajar los tipos de inter\u00e9s<\/a><\/h2>\n<\/header>\n<\/article>\n<article class=\"c  c--m-n   \" data-word=\"0\">\n<header class=\"c_h\"><time datetime=\"2026-01-29T16:44:51+01:00\" class=\"c_da\">16:44<\/time><\/p>\n<h2 class=\"c_t \"><a href=\"https:\/\/cincodias.elpais.com\/mercados-financieros\/2026-01-29\/jose-manuel-campa-vuelve-al-iese-como-profesor-ordinario-de-finanzas-y-economia-tras-presidir-la-eba.html\">Jos\u00e9 Manuel Campa vuelve al IESE como profesor ordinario de Finanzas y Econom\u00eda tras presidir la EBA<\/a><\/h2>\n<\/header>\n<\/article>\n<article class=\"c  c--m-n   \" data-word=\"0\">\n<header class=\"c_h\"><time datetime=\"2026-01-29T16:29:18+01:00\" class=\"c_da\">16:29<\/time><\/p>\n<h2 class=\"c_t \"><a href=\"https:\/\/elpais.com\/economia\/2026-01-29\/el-banco-europeo-de-inversiones-destino-un-50-mas-de-credito-a-vivienda-asequible-en-2025.html\">El Banco Europeo de Inversiones destin\u00f3 un 50% m\u00e1s de cr\u00e9dito a vivienda asequible en 2025<\/a><\/h2>\n<\/header>\n<\/article>\n<p> Source URL: https:\/\/cincodias.elpais.com\/mercados-financieros\/2026-01-29\/por-que-la-caida-del-dolar-no-preocupa-a-trump-pero-si-a-los-mercados-financieros-y-al-bce.html<\/p>\n","protected":false},"excerpt":{"rendered":"<p>Divisas Por qu\u00e9 la ca\u00edda del d\u00f3lar no preocupa a Trump pero s\u00ed a los mercados financieros (y al BCE) El alza del euro y del oro refleja una salida de dinero que se antoja estructural, aunque puede reactivar la econom\u00eda estadounidense El presidente de Estados Unidos, Donald Trump, en primer plano, junto al secretario [&hellip;]<\/p>\n","protected":false},"author":1,"featured_media":1542940,"comment_status":"open","ping_status":"","sticky":false,"template":"","format":"standard","meta":{"footnotes":""},"categories":[88],"tags":[92],"class_list":["post-1542938","post","type-post","status-publish","format-standard","has-post-thumbnail","hentry","category-spain","tag-elpais-com"],"_links":{"self":[{"href":"https:\/\/analyse.optim.biz\/index.php?rest_route=\/wp\/v2\/posts\/1542938","targetHints":{"allow":["GET"]}}],"collection":[{"href":"https:\/\/analyse.optim.biz\/index.php?rest_route=\/wp\/v2\/posts"}],"about":[{"href":"https:\/\/analyse.optim.biz\/index.php?rest_route=\/wp\/v2\/types\/post"}],"author":[{"embeddable":true,"href":"https:\/\/analyse.optim.biz\/index.php?rest_route=\/wp\/v2\/users\/1"}],"replies":[{"embeddable":true,"href":"https:\/\/analyse.optim.biz\/index.php?rest_route=%2Fwp%2Fv2%2Fcomments&post=1542938"}],"version-history":[{"count":0,"href":"https:\/\/analyse.optim.biz\/index.php?rest_route=\/wp\/v2\/posts\/1542938\/revisions"}],"wp:featuredmedia":[{"embeddable":true,"href":"https:\/\/analyse.optim.biz\/index.php?rest_route=\/wp\/v2\/media\/1542940"}],"wp:attachment":[{"href":"https:\/\/analyse.optim.biz\/index.php?rest_route=%2Fwp%2Fv2%2Fmedia&parent=1542938"}],"wp:term":[{"taxonomy":"category","embeddable":true,"href":"https:\/\/analyse.optim.biz\/index.php?rest_route=%2Fwp%2Fv2%2Fcategories&post=1542938"},{"taxonomy":"post_tag","embeddable":true,"href":"https:\/\/analyse.optim.biz\/index.php?rest_route=%2Fwp%2Fv2%2Ftags&post=1542938"}],"curies":[{"name":"wp","href":"https:\/\/api.w.org\/{rel}","templated":true}]}}