{"id":1542803,"date":"2026-01-28T12:07:54","date_gmt":"2026-01-28T09:07:54","guid":{"rendered":"https:\/\/analyse.optim.biz\/?p=1542803"},"modified":"2026-01-28T12:07:54","modified_gmt":"2026-01-28T09:07:54","slug":"muere-brad-branson-exjugador-del-madrid-y-la-primera-estrella-del-valencia","status":"publish","type":"post","link":"https:\/\/analyse.optim.biz\/?p=1542803","title":{"rendered":"Muere Brad Branson, exjugador del Madrid y la primera estrella del Valencia"},"content":{"rendered":"<article id=\"main-content\" class=\"a _g _g-lg _g-o\">\n<header class=\"a_e _g _g-xs\">\n<div class=\"a_e_txt _df\">\n<div class=\"a_k _df\"><a class=\"a_k_n\" href=\"https:\/\/elpais.com\/noticias\/baloncesto\/\">Baloncesto<\/a><\/div>\n<h1 class=\"a_t\">Muere Brad Branson, exjugador del Madrid y la primera estrella del Valencia<\/h1>\n<p class=\"a_st\">La leyenda de la Liga ACB, que tambi\u00e9n jug\u00f3 en la NBA, ha fallecido a los 67 a\u00f1os <\/p>\n<\/div>\n<div class=\"a_e_m\">\n<figure class=\"a_m a_m-h \"><span class=\"a_m_w _db\"><img fetchpriority=\"high\" decoding=\"async\" alt=\"Muere Brad Branson\" class=\"_re  a_m-h\" height=\"275\" width=\"414\" src=\"https:\/\/analyse.optim.biz\/wp-content\/uploads\/2026\/01\/nr5mterosbhjvp4sqyepz63sue-1.jpg\" loading=\"eager\" title=\"nr5mterosbhjvp4sqyepz63sue-1\"><\/span><figcaption class=\"a_m_p\" aria-hidden=\"true\"><span>Branson, en un duelo del Madrid ante el Zalgiris de Sabonis. <\/span><span class=\"a_m_m\">Rafa Pascual (EFE)<\/span><\/figcaption><\/figure>\n<\/div>\n<\/header>\n<div class=\"a_md _g _g-xs \">\n<figure class=\"a_md_i a_m-h c_m--nf\"><span class=\"a_m_w _db\"><img decoding=\"async\" alt=\"Fernando Mi\u00f1ana\" class=\"_re lazyload a_m-h\" height=\"100\" width=\"100\" src=\"https:\/\/analyse.optim.biz\/wp-content\/uploads\/2026\/01\/https3a2f2fauthor-service-images-prod-us-east-1-publishing-aws_-arc_-pub2fprisa2f9e483f0e-529a-42b2-bb31-8b14ac98e764-3.jpg\" loading=\"lazy\" title=\"https3a2f2fauthor-service-images-prod-us-east-1-publishing-aws_-arc_-pub2fprisa2f9e483f0e-529a-42b2-bb31-8b14ac98e764-3\"><\/span><\/figure>\n<div class=\"a_md_txt\">\n<div class=\"a_md_a\" data-dtm-region=\"articulo_firma\"><a href=\"https:\/\/elpais.com\/autor\/fernando-minana-arnao\/#?rel=author_top\" title=\"Ver todas las noticias de Fernando Mi\u00f1ana\" class=\"a_md_a_n\">Fernando Mi\u00f1ana<\/a><\/div>\n<div class=\"a_md_f\"><span>Valencia &#8211; <a href=\"https:\/\/elpais.com\/hemeroteca\/2026-01-28\/\" data-date=\"2026-01-28T13:07:54+01:00\"><time data-date=\"2026-01-28T13:07:54+01:00\" datetime=\"2026-01-28T13:07:54+01:00\" id=\"article_date_p\">28 ene 2026 &#8211; 13:07<\/time><\/a><\/span><span><time class=\"sg\" id=\"article_date_u\" data-date=\"2026-01-28T13:11:29+01:00\" datetime=\"2026-01-28T13:11:29+01:00\"><abbr id=\"act_abb\" title=\"actualizado\">Actualizado: <\/abbr>28 ene 2026 &#8211; 13:11<abbr title=\"Central European Time\">CET<\/abbr><\/time><\/span><\/div>\n<div class=\"w_rs\" data-dtm-region=\"articulo_botonera-social\">\n<div class=\"w_rs_i\"><a class=\"_btn hidden\" href=\"\/\/send?text=Muere%20Brad%20Branson%2C%20exjugador%20del%20Madrid%20y%20la%20primera%20estrella%20del%20Valencia%0D%0A%0D%0Ahttps%3A%2F%2Felpais.com%2Fdeportes%2Fbaloncesto%2F2026-01-28%2Fmuere-brad-branson-exjugador-del-madrid-y-la-primera-estrella-del-valencia.html%3Fssm=whatsapp_CC\" data-action=\"share\/whatsapp\/share\" data-param-description=\"Muere Brad Branson, exjugador del Madrid y la primera estrella del Valencia\" data-param-href=\"https:\/\/elpais.com\/deportes\/baloncesto\/2026-01-28\/muere-brad-branson-exjugador-del-madrid-y-la-primera-estrella-del-valencia.html\" data-param-text=\"Muere Brad Branson, exjugador del Madrid y la primera estrella del Valencia https:\/\/elpais.com\/deportes\/baloncesto\/2026-01-28\/muere-brad-branson-exjugador-del-madrid-y-la-primera-estrella-del-valencia.html\" data-param-url=\"https:\/\/elpais.com\/deportes\/baloncesto\/2026-01-28\/muere-brad-branson-exjugador-del-madrid-y-la-primera-estrella-del-valencia.html\" target=\"_blank\" rel=\"noopener noreferrer\" data-share-track-dtm=\"whatsapp\" id=\"btn_share_whatsapp_897\"><span class=\"_sr\">Compartir en Whatsapp<\/span><\/a><\/div>\n<div class=\"w_rs_i\"><a class=\"_btn \" href=\"https:\/\/www.facebook.com\/dialog\/share?display=popup&amp;app_id=94039431626&amp;href=https%3A%2F%2Felpais.com%2Fdeportes%2Fbaloncesto%2F2026-01-28%2Fmuere-brad-branson-exjugador-del-madrid-y-la-primera-estrella-del-valencia.html%3Fssm=FB_CC&amp;quote=Muere%20Brad%20Branson%2C%20exjugador%20del%20Madrid%20y%20la%20primera%20estrella%20del%20Valencia\" data-param-app_id=\"94039431626\" data-param-description=\"Muere Brad Branson, exjugador del Madrid y la primera estrella del Valencia\" data-param-href=\"https:\/\/elpais.com\/deportes\/baloncesto\/2026-01-28\/muere-brad-branson-exjugador-del-madrid-y-la-primera-estrella-del-valencia.html\" data-param-text=\"Muere Brad Branson, exjugador del Madrid y la primera estrella del Valencia\" data-param-url=\"https:\/\/elpais.com\/deportes\/baloncesto\/2026-01-28\/muere-brad-branson-exjugador-del-madrid-y-la-primera-estrella-del-valencia.html\" target=\"_blank\" rel=\"noopener noreferrer\" data-share-track-dtm=\"facebook\" id=\"btn_share_facebook_897\"><span class=\"_sr\">Compartir en Facebook<\/span><\/a><\/div>\n<div class=\"w_rs_i\"><a class=\"_btn \" href=\"https:\/\/twitter.com\/intent\/tweet?url=https%3A%2F%2Felpais.com%2Fdeportes%2Fbaloncesto%2F2026-01-28%2Fmuere-brad-branson-exjugador-del-madrid-y-la-primera-estrella-del-valencia.html%3Fssm=TW_CC&amp;text=Muere%20Brad%20Branson%2C%20exjugador%20del%20Madrid%20y%20la%20primera%20estrella%20del%20Valencia&amp;via=el_pais&amp;lang=es\" data-param-description=\"Muere Brad Branson, exjugador del Madrid y la primera estrella del Valencia\" data-param-href=\"https:\/\/elpais.com\/deportes\/baloncesto\/2026-01-28\/muere-brad-branson-exjugador-del-madrid-y-la-primera-estrella-del-valencia.html\" data-param-text=\"Muere Brad Branson, exjugador del Madrid y la primera estrella del Valencia via @el_pais\" data-param-url=\"https:\/\/elpais.com\/deportes\/baloncesto\/2026-01-28\/muere-brad-branson-exjugador-del-madrid-y-la-primera-estrella-del-valencia.html\" target=\"_blank\" rel=\"noopener noreferrer\" data-share-track-dtm=\"twitter\" id=\"btn_share_twitter_897\"><span class=\"_sr\">Compartir en Twitter<\/span><\/a><\/div>\n<div class=\"w_rs_i\"><a class=\"_btn \" href=\"https:\/\/bsky.app\/intent\/compose?text=https%3A%2F%2Felpais.com%2Fdeportes%2Fbaloncesto%2F2026-01-28%2Fmuere-brad-branson-exjugador-del-madrid-y-la-primera-estrella-del-valencia.html%3Fssm=bsky_CC\" data-param-description=\"Muere Brad Branson, exjugador del Madrid y la primera estrella del Valencia\" data-param-href=\"https:\/\/elpais.com\/deportes\/baloncesto\/2026-01-28\/muere-brad-branson-exjugador-del-madrid-y-la-primera-estrella-del-valencia.html\" data-param-text=\"Muere Brad Branson, exjugador del Madrid y la primera estrella del Valencia\" data-param-url=\"https:\/\/elpais.com\/deportes\/baloncesto\/2026-01-28\/muere-brad-branson-exjugador-del-madrid-y-la-primera-estrella-del-valencia.html\" target=\"_blank\" rel=\"noopener noreferrer\" data-share-track-dtm=\"bluesky\" id=\"btn_share_bluesky_897\"><span class=\"_sr\">Compartir en Bluesky<\/span><\/a><\/div>\n<div class=\"w_rs_i\"><a class=\"_btn \" href=\"https:\/\/www.linkedin.com\/sharing\/share-offsite\/?url=https%3A%2F%2Felpais.com%2Fdeportes%2Fbaloncesto%2F2026-01-28%2Fmuere-brad-branson-exjugador-del-madrid-y-la-primera-estrella-del-valencia.html%3Fssm=LK_CC\" data-param-description=\"Muere Brad Branson, exjugador del Madrid y la primera estrella del Valencia\" data-param-href=\"https:\/\/elpais.com\/deportes\/baloncesto\/2026-01-28\/muere-brad-branson-exjugador-del-madrid-y-la-primera-estrella-del-valencia.html\" data-param-text=\"Muere Brad Branson, exjugador del Madrid y la primera estrella del Valencia\" data-param-url=\"https:\/\/elpais.com\/deportes\/baloncesto\/2026-01-28\/muere-brad-branson-exjugador-del-madrid-y-la-primera-estrella-del-valencia.html\" target=\"_blank\" rel=\"noopener noreferrer\" data-share-track-dtm=\"linkedin\" id=\"btn_share_linkedin_897\"><span class=\"_sr\">Compartir en Linkedin<\/span><\/a><\/div>\n<div class=\"w_rs_i\"><a class=\"_btn rs_l\" href=\"https:\/\/elpais.com\/deportes\/baloncesto\/2026-01-28\/muere-brad-branson-exjugador-del-madrid-y-la-primera-estrella-del-valencia.html#?prm=copy_link\" data-share-track-dtm=\"copiar_url\" id=\"btn_share_link_28\"><span class=\"_sr\">Copiar enlace<\/span><\/a><\/div>\n<div class=\"w_rs_i\"><a class=\"_btn rs_c\" href=\"https:\/\/elpais.com\/deportes\/baloncesto\/2026-01-28\/muere-brad-branson-exjugador-del-madrid-y-la-primera-estrella-del-valencia.html#comments_container\" aria-expanded=\"false\" aria-controls=\"me-c\" data-share-track-dtm=\"eskup\" id=\"btn_share_comments_28\"><span class=\"_sr\">Ir a los comentarios<\/span><\/a><\/div>\n<\/div>\n<\/div>\n<\/div>\n<div class=\"a_c clearfix\" data-dtm-region=\"articulo_cuerpo\">\n<p class>Brad Branson ha muerto a los 67 a\u00f1os. El estadounidense, un p\u00edvot de 2,08m que naci\u00f3 en Harvey (Illinois) en 1958 y que a los siete a\u00f1os se mud\u00f3 con su familia a Florida, se hizo muy popular en el baloncesto espa\u00f1ol de los 80 y principios de los 90. Primero jug\u00f3 en el <a href=\"https:\/\/elpais.com\/deportes\/baloncesto\/2026-01-27\/el-paris-basketball-frena-la-racha-del-real-madrid-98-92.html\" target=\"_self\" rel title=\"https:\/\/elpais.com\/deportes\/baloncesto\/2026-01-27\/el-paris-basketball-frena-la-racha-del-real-madrid-98-92.html\">Real Madrid dos temporadas<\/a>, entre 1986 y 1988, donde gan\u00f3 la Copa Korac, y, a continuaci\u00f3n, recal\u00f3 en el Pamesa Valencia. Ah\u00ed se convirti\u00f3 en la primera gran estrella de un equipo reci\u00e9n ascendido. Branson fue el primer \u00eddolo de aquel club que levantaron los hermanos Fernando y Juan Roig, due\u00f1os de Pamesa Cer\u00e1mica y Mercadona, respectivamente.<\/p>\n<p class>El norteamericano hab\u00eda sido un chico muy alto, muy flaco y muy t\u00edmido que sufr\u00eda mucho porque le hac\u00edan <i>bullying<\/i>. Hasta que el baloncesto le convirti\u00f3 en otro hombre m\u00e1s grande y m\u00e1s seguro de s\u00ed mismo. Branson entr\u00f3 en el instituto midiendo 1,78m y sali\u00f3 rondando los dos metros. El adolescente hab\u00eda heredado los genes de su padre biol\u00f3gico, Lou Scott, que hab\u00eda sido campe\u00f3n de la NCAA con la Universidad de Indiana.<\/p>\n<div id=\"sum_twitter\" data-oembed-type=\"twitter\" class=\"a_em _df\">\n<blockquote class=\"twitter-tweet\" data-width=\"500\" data-dnt=\"true\">\n<p lang=\"es\" dir=\"ltr\">Se va un pedazo de nuestra historia. Descansa en paz, Brad \ud83d\udc94<\/p>\n<p>Cas \ud83d\udc49 Valencia Basket transmite el p\u00e9same por el fallecimiento de Brad Branson<a href=\"https:\/\/t.co\/lj9BgZc5vC\">https:\/\/t.co\/lj9BgZc5vC<\/a><\/p>\n<p>Val \ud83d\udc49 Valencia Basket transmet el condol per la defunci\u00f3 de Brad Branson<a href=\"https:\/\/t.co\/cQEot8GNKL\">https:\/\/t.co\/cQEot8GNKL<\/a><\/p>\n<p>Eng \ud83d\udc49\u2026 <a href=\"https:\/\/t.co\/RojmapvmZp\">pic.twitter.com\/RojmapvmZp<\/a><\/p>\n<p>&mdash; Valencia Basket Club (@valenciabasket) <a href=\"https:\/\/twitter.com\/valenciabasket\/status\/2016449228847952078?ref_src=twsrc%5Etfw\">January 28, 2026<\/a><\/p><\/blockquote>\n<p><script async src=\"https:\/\/platform.twitter.com\/widgets.js\" charset=\"utf-8\"><\/script><\/p>\n<\/div>\n<p class>Branson alcanz\u00f3 la NBA despu\u00e9s de haber sido elegido por los Detroit Pistons en la segunda ronda del draft. Aunque solo jug\u00f3 una temporada completa, la 82-83, en los <a href=\"https:\/\/elpais.com\/deportes\/2014\/05\/31\/actualidad\/1401507694_133302.html\" target=\"_self\" rel title=\"https:\/\/elpais.com\/deportes\/2014\/05\/31\/actualidad\/1401507694_133302.html\">Indiana Pacers<\/a>, donde promedi\u00f3 5,5 puntos y 2,8 rebotes. En su \u00faltimo partido en casa, ya con m\u00e1s minutos y sin nada en juego, logr\u00f3 36 puntos.<\/p>\n<p class>A Branson le gustaba recordar la an\u00e9cdota de su primera jugada en la NBA. No fue muy afortunada: una p\u00e9rdida de bal\u00f3n ante el mism\u00edsimo Julius Enving, el Dr. J, la gran estrella mundial del momento. Un jugador de fantas\u00eda que brillaba antes de la irrupci\u00f3n de la generaci\u00f3n de Magic Johnson y Larry Bird. El exjugador del Madrid y el Valencia recordaba el lance en una entrevista con <i>JotDown<\/i>. A la siguiente jugada, despu\u00e9s de perder el bal\u00f3n, Erving le dijo: \u201cHey, cuando est\u00e9s dentro de la cancha, juega. Te mereces estar aqu\u00ed\u201d. Un gesto cari\u00f1oso y deportivo que jam\u00e1s olvid\u00f3.<\/p>\n<p class>Luego se fue a la Lega, en Italia, para jugar en el Brescia, donde se encontr\u00f3 con un joven entrenador asistente llamado <a href=\"https:\/\/elpais.com\/deportes\/baloncesto\/2025-09-05\/espana-abre-el-futuro-sin-scariolo-mas-que-un-seleccionador.html\" target=\"_self\" rel title=\"https:\/\/elpais.com\/deportes\/baloncesto\/2025-09-05\/espana-abre-el-futuro-sin-scariolo-mas-que-un-seleccionador.html\">Sergio Scariolo<\/a>. Eran los tiempos de Dino Meneghin, Roberto Brunamonti, Mike D\u2019Antoni, Corny Thompson, el estadounidense que luego milit\u00f3 en la Penya y en Le\u00f3n, o Bob McAdoo, con una larga carrera en la NBA. A\u00f1os de duelos enconados entre las selecciones de Espa\u00f1a e Italia.<\/p>\n<p class>Despu\u00e9s recal\u00f3 en la Liga ACB para <a href=\"https:\/\/elpais.com\/diario\/1986\/06\/21\/deportes\/519688827_850215.html\" target=\"_self\" rel title=\"https:\/\/elpais.com\/diario\/1986\/06\/21\/deportes\/519688827_850215.html\">fichar por el Real Madrid de Lolo Sainz<\/a>, el entrenador que acaba de perder a Fernando Mart\u00edn, que probaba fortuna en los Portland Trail Blazers y se convert\u00eda as\u00ed en el primer espa\u00f1ol en pisar la NBA, y el estadounidense Wayne Robinson. A Branson le fue bien con la camiseta blanca, al lado de leyendas como <a href=\"https:\/\/elpais.com\/deportes\/2025-04-21\/corbalan-o-una-epoca.html\" target=\"_self\" rel title=\"https:\/\/elpais.com\/deportes\/2025-04-21\/corbalan-o-una-epoca.html\">Juan Antonio Corbal\u00e1n, Juanma L\u00f3pez Iturriaga<\/a> o Fernando Romay, y promedi\u00f3 22,2 puntos y 9,5 rebotes por partido. Al a\u00f1o siguiente, con el regreso de Fernando Mart\u00edn, baj\u00f3 algo su rendimiento y decidi\u00f3 probar suerte con un equipo reci\u00e9n ascendido: el Pamesa.<\/p>\n<p class>All\u00ed estuvo entre 1988 y 1994 para convertirse en la primera gran estrella de este joven club. Roberto \u00cd\u00f1iguez, compa\u00f1ero entonces y hoy un reputado entrenador de baloncesto que dirige al Spar Girona de la Liga Femenina, recuerda su tremenda influencia. \u201cM\u00e1s que la importancia por su juego, fue la importancia de dar a entender el proyecto de aquel Pamesa. El club dio un paso al frente con \u00e9l. Signific\u00f3 mucho y fue el primer jugador que marc\u00f3 un punto y aparte. Adem\u00e1s, era un jugador buen\u00edsimo y signific\u00f3 mucho en la evoluci\u00f3n del equipo\u201d.<\/p>\n<p class>Branson se cas\u00f3 con B\u00e1rbara, una valenciana que hab\u00eda conocido en Madrid, y hundi\u00f3 sus ra\u00edces en la ciudad. Ese Pamesa, al principio, lo dirig\u00eda Antoni Serra, del que recordaba un castigo que le puso un d\u00eda que andaba despistado en un entrenamiento. El t\u00e9cnico catal\u00e1n le orden\u00f3 ponerse a correr y dar vueltas a la cancha mientras \u00e9l fuera anotando tiros libres. El p\u00edvot se rio y pens\u00f3 que no acabar\u00eda ni la primera vuelta. Pero el entrenador no fallaba ni un tiro y Branson acab\u00f3 pidiendo clemencia a Serra.<\/p>\n<aside class=\"a_ei\">\n<header class=\"a_ei_h _db\">M\u00e1s informaci\u00f3n<\/header>\n<div class=\"a_ei_r _g _g-xs \"><a class=\"a_ei_t\" href=\"https:\/\/elpais.com\/diario\/1986\/06\/21\/deportes\/519688827_850215.html#?rel=mas_sumario\" rel>El Madrid tramita el fichaje de Brad Branson<\/a><\/div>\n<\/aside>\n<p class>En aquellos entrenamientos empez\u00f3 a aparecer un chico de la cantera que despu\u00e9s acabar\u00eda con su camiseta colgada del pabell\u00f3n: V\u00edctor Luengo. El valenciano lloraba este mi\u00e9rcoles la p\u00e9rdida de alguien al que consideraba \u201cun padre deportivo\u201d. El excapit\u00e1n del Pamesa Valencia le recordaba con cari\u00f1o. \u201cMis recuerdos con Brad son muy buenos. En aquella \u00e9poca era el referente del club al que todos los jugadores admir\u00e1bamos y que impresionaba porque ten\u00eda un voz muy grave. Tuve la suerte de coincidir con \u00e9l tres de los seis a\u00f1os que estuvo en el club. A m\u00ed me apadrin\u00f3 y siempre intent\u00f3 ayudarme. Luego, mantuve el contacto con \u00e9l y le ten\u00eda mucho cari\u00f1o\u201d.<\/p>\n<p class><a href=\"https:\/\/elpais.com\/diario\/1987\/03\/07\/deportes\/542070003_850215.html\" target=\"_self\" rel title=\"https:\/\/elpais.com\/diario\/1987\/03\/07\/deportes\/542070003_850215.html\">Brad Branson se retir\u00f3 en 1994<\/a>, con contrato en vigor. Entonces emprendi\u00f3 una ruinosa aventura empresarial y abri\u00f3 dos restaurantes llamados <i>Chicago\u2019s <\/i>en Valencia y Madrid. No duraron mucho y el exjugador acab\u00f3 regresando a Estados Unidos. El norteamericano, padre de cuatro hijos, siempre fue muy recordado en Valencia, una ciudad a la que regresaba de manera recurrente, especialmente en la semana de Fallas.<\/p>\n<\/div>\n<div id=\"me-dis\" class=\"me _pf\">\n<div class=\"me_bg\">\n<div class=\"me-dis _pa _df\">\n<div class=\"me-dis_c\">\n<h2 class=\"me-dis_t\">Tu suscripci\u00f3n se est\u00e1 usando en otro dispositivo<\/h2>\n<p>\u00bfQuieres a\u00f1adir otro usuario a tu suscripci\u00f3n?<\/p>\n<div class=\"me-dis_l\"><a href=\"https:\/\/elpais.com\/suscripciones\/premium\/upgrade\/?utm_source=autopromo&amp;utm_medium=interno&amp;utm_campaign=YYYY_MM_capping_upgrade\" id=\"capping-upgrade\" class=\"btn\">A\u00f1adir usuario<\/a><a href=\"https:\/\/elpais.com\/deportes\/baloncesto\/2026-01-28\/muere-brad-branson-exjugador-del-madrid-y-la-primera-estrella-del-valencia.html\" id=\"capping-continue\" class=\"btn btn-b\">Continuar leyendo aqu\u00ed<\/a><\/div>\n<p>Si contin\u00faas leyendo en este dispositivo, no se podr\u00e1 leer en el otro.<\/p>\n<p class=\"lk\"><a href=\"https:\/\/elpais.com\/deportes\/baloncesto\/2026-01-28\/muere-brad-branson-exjugador-del-madrid-y-la-primera-estrella-del-valencia.html\" id=\"capping-show-more-button\">\u00bfPor qu\u00e9 est\u00e1s viendo esto?<\/a><\/p>\n<p><span class=\"arrow\" id=\"capping-arrow\">Flecha<\/span><\/p>\n<div class=\"me-dis_d\">\n<div class=\"me-dis_d_t\">\n<h2 class=\"enc\">Tu suscripci\u00f3n se est\u00e1 usando en otro dispositivo y solo puedes acceder a EL PA\u00cdS desde un dispositivo a la vez.<\/h2>\n<div class=\"tx\">\n<p>Si quieres compartir tu cuenta, cambia tu suscripci\u00f3n a la modalidad Premium, as\u00ed podr\u00e1s a\u00f1adir otro usuario. Cada uno acceder\u00e1 con su propia cuenta de email, lo que os permitir\u00e1 personalizar vuestra experiencia en EL PA\u00cdS.<\/p>\n<p>\u00bfTienes una suscripci\u00f3n de empresa? Accede <a target=\"_blank\" rel=\"noreferrer\" href=\"https:\/\/elpais.com\/suscripciones\/premium\/upgrade\/\">aqu\u00ed<\/a> para contratar m\u00e1s cuentas.<\/p>\n<p>En el caso de no saber qui\u00e9n est\u00e1 usando tu cuenta, te recomendamos cambiar tu contrase\u00f1a <a target=\"_blank\" rel=\"noreferrer\" href=\"https:\/\/elpais.com\/subscriptions\/#\/forgot-password\">aqu\u00ed.<\/a><\/p>\n<p>Si decides continuar compartiendo tu cuenta, este mensaje se mostrar\u00e1 en tu dispositivo y en el de la otra persona que est\u00e1 usando tu cuenta de forma indefinida, afectando a tu experiencia de lectura. Puedes <a target=\"_blank\" rel=\"noreferrer\" href=\"https:\/\/elpais.com\/suscripciones\/condiciones-generales-servicios\/\">consultar aqu\u00ed los t\u00e9rminos y condiciones de la suscripci\u00f3n digital.<\/a><\/p>\n<\/div>\n<\/div>\n<\/div>\n<\/div>\n<\/div>\n<\/div>\n<\/div>\n<aside class=\"w w-sea\">\n<h2 class=\"w_t\">Sobre la firma<\/h2>\n<div class=\"w_b\">\n<div class=\"_g _g-xs\">\n<figure class=\"w-sea_f a_m-h c_m--nf\"><span class=\"a_m_w _db\"><img decoding=\"async\" alt=\"Fernando Mi\u00f1ana\" class=\"_re lazyload a_m-h\" height=\"100\" width=\"100\" src=\"https:\/\/analyse.optim.biz\/wp-content\/uploads\/2026\/01\/https3a2f2fauthor-service-images-prod-us-east-1-publishing-aws_-arc_-pub2fprisa2f9e483f0e-529a-42b2-bb31-8b14ac98e764-3.jpg\" loading=\"lazy\" title=\"https3a2f2fauthor-service-images-prod-us-east-1-publishing-aws_-arc_-pub2fprisa2f9e483f0e-529a-42b2-bb31-8b14ac98e764-3\"><\/span><\/figure>\n<div class=\"w-sea_txt\">\n<div class=\"_df\">\n<div class=\"w-sea_txt_na\"><a href=\"https:\/\/elpais.com\/autor\/fernando-minana-arnao\/\" rel=\"autor_bottom\">Fernando Mi\u00f1ana<\/a><\/div>\n<\/div>\n<div class=\"w-sea_txt_da _dn\">Lleva en el periodismo desde 1993. Primero en &#8216;Las Provincias&#8217; y escribiendo para los peri\u00f3dicos del Grupo Vocento, y ahora en EL PA\u00cdS. Tambi\u00e9n colabora con Valencia Plaza y la revista\u00a0&#8216;Corredor&#8217;. Viaja habitualmente a los campeonatos internacionales de atletismo.<\/div>\n<\/div>\n<\/div>\n<\/div>\n<\/aside>\n<aside class=\"w w-fid\">\n<div class=\"w_b\">\n<div class=\"w-fid_t\"><a href=\"https:\/\/plus.elpais.com\/newsletters\/lnp\/1\/349\">Recibe el bolet\u00edn de Deportes<\/a><\/div>\n<div class=\"w-fid_s\">\n<div class=\"w_rs\">\n<div class=\"w_rs_i\"><a class=\"_btn\" href=\"https:\/\/www.facebook.com\/elpais\" rel=\"nofollow\"><span class=\"_sr\">Deportes El Pa\u00eds en Facebook<\/span><\/a><\/div>\n<div class=\"w_rs_i\"><a class=\"_btn\" href=\"https:\/\/www.instagram.com\/el_pais\/\" rel=\"nofollow\"><span class=\"_sr\">Deportes El Pa\u00eds en Instagram<\/span><\/a><\/div>\n<div class=\"w_rs_i\"><a class=\"_btn\" href=\"https:\/\/twitter.com\/elpais_deportes\" rel=\"nofollow\"><span class=\"_sr\">Deportes El Pa\u00eds en Twitter<\/span><\/a><\/div>\n<\/div>\n<\/div>\n<\/div>\n<\/aside>\n<aside class=\"a_com w w-com _df\"><a class=\"a_com_l\" href=\"https:\/\/elpais.com\/info\/normas-de-participacion\/\">Normas \u203a<\/a><\/aside>\n<div class=\"me _pf\" id=\"me-c\">\n<div class=\"me_bg\">\n<div class=\"me-c _pa\" id=\"comments_container\" data-dtm-region=\"articulo_comentarios\">\n<div class=\"me_f me_f-os me_cc\"><a href=\"https:\/\/plus.elpais.com\/perfil\/actividad\/\">Mis comentarios<\/a><a href=\"https:\/\/elpais.com\/info\/normas-de-participacion\/\">Normas<\/a><\/div>\n<div class=\"me_f me_f-ns\"><span class=\"me_f_txt _db\">Rellena tu <b>nombre y apellido<\/b> para comentar<\/span><a href=\"https:\/\/plus.elpais.com\/autorization.html\/?prod=COM&amp;backURL=https%3A%2F%2Felpais.com%2Fdeportes%2Fbaloncesto%2F2026-01-28%2Fmuere-brad-branson-exjugador-del-madrid-y-la-primera-estrella-del-valencia.html\" class=\"btn btn-2\">completar datos<\/a><\/div>\n<div class=\"me_f\" id=\"comments_msg\"><a class=\"btn btn-2\" href=\"https:\/\/elpais.com\/suscripciones\/#\/campaign?prod=SUSDIGCRART&amp;o=COM&amp;prm=suscrip_articulo_comentarios_el-pais&amp;backURL=https%3A%2F%2Felpais.com%2Fdeportes%2Fbaloncesto%2F2026-01-28%2Fmuere-brad-branson-exjugador-del-madrid-y-la-primera-estrella-del-valencia.html\" id=\"comments_subscribe_link\" data-link-am=\"https:\/\/elpais.com\/suscripciones\/america\/#\/campaign?prod=SUSDIGCRARTAM&amp;o=COMAM&amp;prm=suscrip_articulo_comentarios_el-pais-america&amp;backURL=https%3A%2F%2Felpais.com%2Fdeportes%2Fbaloncesto%2F2026-01-28%2Fmuere-brad-branson-exjugador-del-madrid-y-la-primera-estrella-del-valencia.html\" data-link-mx=\"https:\/\/elpais.com\/suscripciones\/america\/#\/campaign?prod=SUSDIGMX&amp;o=COMMX&amp;prm=suscrip_articulo_comentarios_el-pais-mexico&amp;backURL=https%3A%2F%2Felpais.com%2Fdeportes%2Fbaloncesto%2F2026-01-28%2Fmuere-brad-branson-exjugador-del-madrid-y-la-primera-estrella-del-valencia.html\" data-link-co=\"https:\/\/elpais.com\/suscripciones\/america\/#\/campaign?prod=SUSDIGCOL&amp;o=COMCOL&amp;prm=suscrip_articulo_comentarios_el-pais_colombia&amp;backURL=https%3A%2F%2Felpais.com%2Fdeportes%2Fbaloncesto%2F2026-01-28%2Fmuere-brad-branson-exjugador-del-madrid-y-la-primera-estrella-del-valencia.html\" data-link-ar=\"https:\/\/elpais.com\/suscripciones\/america\/#\/campaign?prod=SUSDIGCRARTAR&amp;o=COMAR&amp;backURL=https%3A%2F%2Felpais.com%2Fdeportes%2Fbaloncesto%2F2026-01-28%2Fmuere-brad-branson-exjugador-del-madrid-y-la-primera-estrella-del-valencia.html\" data-link-cl=\"https:\/\/elpais.com\/suscripciones\/america\/#\/campaign?prod=SUSDIGCHILE&amp;o=COMCHILE&amp;backURL=https%3A%2F%2Felpais.com%2Fdeportes%2Fbaloncesto%2F2026-01-28%2Fmuere-brad-branson-exjugador-del-madrid-y-la-primera-estrella-del-valencia.html\" data-link-us=\"https:\/\/elpais.com\/suscripciones\/america\/#\/campaign?prod=SUSDIGCRARTEUCAN&amp;o=COMUS&amp;prm=suscrip_articulo_comentarios_el-pais_eucan&amp;backURL=https%3A%2F%2Felpais.com%2Fdeportes%2Fbaloncesto%2F2026-01-28%2Fmuere-brad-branson-exjugador-del-madrid-y-la-primera-estrella-del-valencia.html\">Suscr\u00edbete en El Pa\u00eds para participar<\/a><a class=\"btn btn-3\" href=\"https:\/\/elpais.com\/subscriptions\/#\/sign-in?prod=REG&amp;o=COM&amp;prm=login_articulo_comentarios_el-pais&amp;backURL=https%3A%2F%2Felpais.com%2Fdeportes%2Fbaloncesto%2F2026-01-28%2Fmuere-brad-branson-exjugador-del-madrid-y-la-primera-estrella-del-valencia.html\" id=\"comments_login_link\" data-link-am=\"https:\/\/elpais.com\/subscriptions\/#\/sign-in?prod=REG&amp;o=COM&amp;prm=login_articulo_comentarios_el-pais-america&amp;backURL=https%3A%2F%2Felpais.com%2Fdeportes%2Fbaloncesto%2F2026-01-28%2Fmuere-brad-branson-exjugador-del-madrid-y-la-primera-estrella-del-valencia.html\" data-link-mx=\"https:\/\/elpais.com\/subscriptions\/#\/sign-in?prod=REG&amp;o=COM&amp;prm=login_articulo_comentarios_el-pais-mexico&amp;backURL=https%3A%2F%2Felpais.com%2Fdeportes%2Fbaloncesto%2F2026-01-28%2Fmuere-brad-branson-exjugador-del-madrid-y-la-primera-estrella-del-valencia.html\" data-link-co=\"https:\/\/elpais.com\/subscriptions\/#\/sign-in?prod=REG&amp;o=COM&amp;backURL=https%3A%2F%2Felpais.com%2Fdeportes%2Fbaloncesto%2F2026-01-28%2Fmuere-brad-branson-exjugador-del-madrid-y-la-primera-estrella-del-valencia.html\" data-link-ar=\"https:\/\/elpais.com\/subscriptions\/#\/sign-in?prod=REG&amp;o=COM&amp;backURL=https%3A%2F%2Felpais.com%2Fdeportes%2Fbaloncesto%2F2026-01-28%2Fmuere-brad-branson-exjugador-del-madrid-y-la-primera-estrella-del-valencia.html\" data-link-cl=\"https:\/\/elpais.com\/subscriptions\/#\/sign-in?prod=REG&amp;o=COM&amp;backURL=https%3A%2F%2Felpais.com%2Fdeportes%2Fbaloncesto%2F2026-01-28%2Fmuere-brad-branson-exjugador-del-madrid-y-la-primera-estrella-del-valencia.html\" data-link-us=\"https:\/\/elpais.com\/subscriptions\/#\/sign-in?prod=REG&amp;o=COM&amp;backURL=https%3A%2F%2Felpais.com%2Fdeportes%2Fbaloncesto%2F2026-01-28%2Fmuere-brad-branson-exjugador-del-madrid-y-la-primera-estrella-del-valencia.html\">Ya tengo una suscripci\u00f3n<\/a><\/div>\n<p>Please enable JavaScript to view the &lt;a href=&#8221;https:\/\/disqus.com\/?ref_noscript&#8221; rel=&#8221;nofollow&#8221;&gt; comments powered by Disqus.&lt;\/a&gt;<\/p><\/div>\n<\/div>\n<\/div>\n<aside class=\"w w-rel\" data-dtm-region=\"articulo_mas-informacion\">\n<h2 class=\"w_t\">M\u00e1s informaci\u00f3n<\/h2>\n<ul class=\"w_b _ls\">\n<li class=\"_g _g-xs w-rel_n\">\n<div class=\" a_m-h c_m--nf\"><span class=\"_db _pr\"><img decoding=\"async\" alt class=\"_re lazyload a_m-h\" height=\"311\" width=\"414\" src=\"https:\/\/imagenes.elpais.com\/resizer\/v2\/U7RNTZBWWVCAVJVXSAIO66ASFY.jpg?auth=5ad0057545fbf9fd4212e6a2b3e7de04222c2ac53ec11a871860f8ab9aabfbfc&amp;width=414&amp;height=311&amp;smart=true\" loading=\"lazy\"><\/span><\/div>\n<div class=\"nt\">\n<h3 class=\"nt_t\"><a href=\"https:\/\/elpais.com\/deportes\/baloncesto\/2025-10-25\/hugo-gonzalez-enamora-en-su-debut-con-los-boston-celtics.html#?rel=mas\">Hugo Gonz\u00e1lez enamora en su debut con los Boston Celtics<\/a><\/h3>\n<div class=\"nt_a\"><a href=\"https:\/\/elpais.com\/autor\/guillermo-alvarez-sanchez\/\" title=\"Ver todas las noticias de Guille \u00c1lvarez\">Guille \u00c1lvarez<\/a><\/div>\n<\/div>\n<\/li>\n<li class=\"_g _g-xs w-rel_n\">\n<div class=\" a_m-h c_m--nf\"><span class=\"_db _pr\"><img decoding=\"async\" class=\"_re lazyload a_m-h\" height=\"311\" width=\"414\" src=\"https:\/\/analyse.optim.biz\/wp-content\/uploads\/2026\/01\/hahvbuj4fvh5pdqd7e4zhdcu6a.jpg\" loading=\"lazy\" title=\"hahvbuj4fvh5pdqd7e4zhdcu6a\"><\/span><\/div>\n<div class=\"nt\">\n<h3 class=\"nt_t\"><a href=\"https:\/\/elpais.com\/deportes\/baloncesto\/2025-06-25\/el-valencia-basket-se-despide-de-la-fonteta-despues-de-38-anos-y-cerca-de-mil-partidos.html#?rel=mas\">El Valencia Basket se despide de la Fonteta despu\u00e9s de 38 a\u00f1os y cerca de mil partidos<\/a><\/h3>\n<div class=\"nt_a\"><a href=\"https:\/\/elpais.com\/autor\/fernando-minana-arnao\/\" title=\"Ver todas las noticias de Fernando Mi\u00f1ana\">Fernando Mi\u00f1ana<\/a> | Valencia<\/div>\n<\/div>\n<\/li>\n<\/ul>\n<\/aside>\n<section class=\"w w-ae\" data-dtm-region=\"articulo_archivado-en\">\n<h2 class=\"w_t\">Archivado En<\/h2>\n<div class=\"w_b\">\n<ul class=\"w_ul w_ul--mh _df _ls\">\n<li><a href=\"https:\/\/elpais.com\/noticias\/baloncesto\/#?rel=arch\" rel=\"noopener noreferrer\">Baloncesto<\/a><\/li>\n<li><a href=\"https:\/\/elpais.com\/noticias\/jugadores-baloncesto\/#?rel=arch\" rel=\"noopener noreferrer\">Jugadores baloncesto<\/a><\/li>\n<li><a href=\"https:\/\/elpais.com\/noticias\/competiciones\/#?rel=arch\" rel=\"noopener noreferrer\">Competiciones<\/a><\/li>\n<li><a href=\"https:\/\/elpais.com\/noticias\/deportes\/#?rel=arch\" rel=\"noopener noreferrer\">Deportes<\/a><\/li>\n<li><a href=\"https:\/\/elpais.com\/noticias\/liga-acb\/#?rel=arch\" rel=\"noopener noreferrer\">Liga ACB<\/a><\/li>\n<li><a href=\"https:\/\/elpais.com\/noticias\/brad-branson\/#?rel=arch\" rel=\"noopener noreferrer\">Brad Branson<\/a><\/li>\n<li><a href=\"https:\/\/elpais.com\/noticias\/real-madrid-baloncesto\/#?rel=arch\" rel=\"noopener noreferrer\">Real Madrid baloncesto<\/a><\/li>\n<li><a href=\"https:\/\/elpais.com\/noticias\/valencia-basket-club\/#?rel=arch\" rel=\"noopener noreferrer\">Valencia Basket Club<\/a><\/li>\n<li><a href=\"https:\/\/elpais.com\/noticias\/nba\/#?rel=arch\" rel=\"noopener noreferrer\">NBA<\/a><\/li>\n<li><a href=\"https:\/\/elpais.com\/noticias\/indiana-pacers\/#?rel=arch\" rel=\"noopener noreferrer\">Indiana Pacers<\/a><\/li>\n<li><a href=\"https:\/\/elpais.com\/noticias\/sergio-scariolo\/#?rel=arch\" rel=\"noopener noreferrer\">Sergio Scariolo<\/a><\/li>\n<li><a href=\"https:\/\/elpais.com\/noticias\/juan-antonio-corbalan\/#?rel=arch\" rel=\"noopener noreferrer\">Juan Antonio Corbal\u00e1n<\/a><\/li>\n<li><a href=\"https:\/\/elpais.com\/noticias\/fernando-romay\/#?rel=arch\" rel=\"noopener noreferrer\">Fernando Romay<\/a><\/li>\n<li><a href=\"https:\/\/elpais.com\/noticias\/fernando-martin\/#?rel=arch\" rel=\"noopener noreferrer\">Fernando Mart\u00edn<\/a><\/li>\n<li><a href=\"https:\/\/elpais.com\/noticias\/lolo-sainz\/#?rel=arch\" rel=\"noopener noreferrer\">Lolo Sainz<\/a><\/li>\n<li><a href=\"https:\/\/elpais.com\/noticias\/obituario\/#?rel=arch\" rel=\"noopener noreferrer\">Obituarios<\/a><\/li>\n<\/ul>\n<\/div>\n<\/section>\n<aside class=\"a_tp _df\">\n<div class=\"a_tp_txt\"><span class=\"a_tp_t\">Se adhiere a los criterios de<\/span><\/p>\n<figure class=\"a_m a_m-h c_m--nf\"><a class=\"a_tp_i _dib\" href=\"https:\/\/elpais.com\/estaticos\/que-es-the-trust-project\/\" target=\"_blank\" rel=\"noopener noreferrer nofollow\"><img decoding=\"async\" alt=\"The Trust Project\" class=\" lazyload a_m-h\" height=\"20\" width=\"117\" src=\"https:\/\/analyse.optim.biz\/wp-content\/uploads\/2026\/01\/the-trust-project-353.svg\" loading=\"lazy\" title=\"the-trust-project-353\"><\/a><\/figure>\n<p><a class=\"a_tp_mi\" href=\"https:\/\/elpais.com\/estaticos\/codigo-etico\/\" target=\"_blank\" rel=\"noopener noreferrer nofollow\">M\u00e1s informaci\u00f3n<\/a><\/div>\n<div class=\"a_tp_si\">Si est\u00e1 interesado en licenciar este contenido, pinche <a class=\"a_tp_si_l\" href=\"https:\/\/profesional.elpais.com\/soluciones-sindicacion\/?utm_medium=interno&amp;utm_source=crosslinking&amp;utm_campaign=sindicacion_ep_pie_articulos\" target=\"_blank\" rel=\"noopener noreferrer nofollow\">aqu\u00ed<\/a><\/div>\n<\/aside>\n<div class=\"a_o _pr\" data-dtm-region=\"articulo_right-rail\">\n<div id=\"elpais_gpt-MPU1\" data-adtype=\"MPU\" class=\"ad ad-mpu\"><span class=\"_dn\">_<\/span><\/div>\n<section class=\"w w-sc b_col\" data-dtm-region=\"articulo_ultimas-noticias\">\n<header class=\"w_h b_col_h\">\n<h3 class=\"w_t\"><a href=\"https:\/\/elpais.com\/ultimas-noticias\/\" rel=\"story-card-ultimas-noticias\">\u00daltimas noticias<\/a><\/h3>\n<\/header>\n<div class=\"w_b\">\n<article class=\"c  c--m-n   \" data-word=\"0\">\n<header class=\"c_h\"><time datetime=\"2026-01-29T17:25:34+01:00\" class=\"c_da\">17:25<\/time><\/p>\n<h2 class=\"c_t \"><a href=\"https:\/\/elpais.com\/america\/2026-01-29\/joseph-oughourlian-debemos-defender-el-pensamiento-critico-y-la-verdad-cueste-lo-que-cueste.html\">Joseph Oughourlian: \u201cDebemos defender el pensamiento cr\u00edtico y la verdad, cueste lo que cueste\u201d<\/a><\/h2>\n<\/header>\n<\/article>\n<article class=\"c  c--m-n   \" data-word=\"0\">\n<header class=\"c_h\"><time datetime=\"2026-01-29T17:24:19+01:00\" class=\"c_da\">17:24<\/time><\/p>\n<h2 class=\"c_t \"><a href=\"https:\/\/elpais.com\/america\/2026-01-29\/el-segundo-dia-del-foro-economico-internacional-de-america-latina-y-el-caribe-en-imagenes.html\">El segundo d\u00eda del Foro Econ\u00f3mico Internacional de Am\u00e9rica Latina y el Caribe, en im\u00e1genes<\/a><\/h2>\n<\/header>\n<\/article>\n<article class=\"c  c--m-n   \" data-word=\"0\">\n<header class=\"c_h\"><time datetime=\"2026-01-29T17:13:34+01:00\" class=\"c_da\">17:13<\/time><\/p>\n<h2 class=\"c_t \"><a href=\"https:\/\/elpais.com\/mexico\/2026-01-29\/harry-styles-suma-cinco-conciertos-en-mexico-nuevas-fechas-y-precios-de-los-boletos-en-el-estadio-gnp-seguros.html\">Harry Styles suma cinco conciertos en M\u00e9xico: nuevas fechas y precios de los boletos en el Estadio GNP Seguros<\/a><\/h2>\n<\/header>\n<\/article>\n<article class=\"c  c--m-n   \" data-word=\"0\">\n<header class=\"c_h\"><time datetime=\"2026-01-29T17:13:20+01:00\" class=\"c_da\">17:13<\/time><\/p>\n<h2 class=\"c_t \"><a href=\"https:\/\/elpais.com\/espana\/2026-01-29\/erc-y-junts-cargan-contra-el-gobierno-por-rodalies-pese-al-nuevo-plan-de-8000-millones-en-mejoras.html\">ERC y Junts cargan contra el Gobierno por Rodalies pese al nuevo plan de 8.000 millones en mejoras<\/a><\/h2>\n<\/header>\n<\/article>\n<\/div>\n<\/section>\n<aside class=\"w w-lmv\" data-dtm-region=\"articulo_lom\">\n<h2 class=\"w_t\"><a href=\"https:\/\/elpais.com\/lo-mas-visto\/\">Lo m\u00e1s visto<\/a><\/h2>\n<div class=\"w_b\">\n<ol class=\"_ls\">\n<li><a href=\"https:\/\/elpais.com\/economia\/2026-01-27\/trump-bendice-la-caida-del-dolar-va-muy-bien-miren-los-negocios-que-estamos-haciendo.html#?rel=lom\">Trump asegura que no le preocupa la ca\u00edda del d\u00f3lar: \u201cVa muy bien, miren los negocios que estamos haciendo\u201d<\/a><\/li>\n<li><a href=\"https:\/\/elpais.com\/internacional\/2026-01-28\/el-primer-ministro-groenlandes-la-casa-blanca-no-tiene-ni-idea-de-lo-que-es-groenlandia.html#?rel=lom\">El primer ministro groenland\u00e9s: \u201cLa Casa Blanca no tiene ni idea de lo que es Groenlandia\u201d<\/a><\/li>\n<li><a href=\"https:\/\/elpais.com\/espana\/catalunya\/2026-01-28\/el-traspaso-de-la-inmigracion-a-cataluna-se-abre-paso-junts-acepta-cambiar-el-preambulo-de-la-ley-que-rechazaba-podemos.html#?rel=lom\">El traspaso de la inmigraci\u00f3n a Catalu\u00f1a se abre paso: Junts acepta cambiar el pre\u00e1mbulo de la ley que rechazaba Podemos<\/a><\/li>\n<li><a href=\"https:\/\/elpais.com\/espana\/2026-01-27\/la-guardia-civil-investiga-a-un-hombre-por-robar-571-pinos-pinoneros-en-valladolid-y-utilizarlos-para-hacer-biomasa.html#?rel=lom\">La Guardia Civil investiga a un hombre por robar 571 pinos pi\u00f1oneros en Valladolid y utilizarlos para hacer biomasa<\/a><\/li>\n<li><a href=\"https:\/\/elpais.com\/internacional\/2026-01-28\/siete-jefes-de-estado-dejan-atras-las-diferencias-ideologicas-y-piden-una-integracion-latinoamericana.html#?rel=lom\">Siete jefes de Estado dejan atr\u00e1s las diferencias ideol\u00f3gicas y piden una integraci\u00f3n latinoamericana<\/a><\/li>\n<\/ol>\n<\/div>\n<\/aside>\n<\/div>\n<\/article>\n<article class=\"c  c--m-n   \" data-word=\"0\">\n<header class=\"c_h\"><time datetime=\"2026-01-29T17:25:34+01:00\" class=\"c_da\">17:25<\/time><\/p>\n<h2 class=\"c_t \"><a href=\"https:\/\/elpais.com\/america\/2026-01-29\/joseph-oughourlian-debemos-defender-el-pensamiento-critico-y-la-verdad-cueste-lo-que-cueste.html\">Joseph Oughourlian: \u201cDebemos defender el pensamiento cr\u00edtico y la verdad, cueste lo que cueste\u201d<\/a><\/h2>\n<\/header>\n<\/article>\n<article class=\"c  c--m-n   \" data-word=\"0\">\n<header class=\"c_h\"><time datetime=\"2026-01-29T17:24:19+01:00\" class=\"c_da\">17:24<\/time><\/p>\n<h2 class=\"c_t \"><a href=\"https:\/\/elpais.com\/america\/2026-01-29\/el-segundo-dia-del-foro-economico-internacional-de-america-latina-y-el-caribe-en-imagenes.html\">El segundo d\u00eda del Foro Econ\u00f3mico Internacional de Am\u00e9rica Latina y el Caribe, en im\u00e1genes<\/a><\/h2>\n<\/header>\n<\/article>\n<article class=\"c  c--m-n   \" data-word=\"0\">\n<header class=\"c_h\"><time datetime=\"2026-01-29T17:13:34+01:00\" class=\"c_da\">17:13<\/time><\/p>\n<h2 class=\"c_t \"><a href=\"https:\/\/elpais.com\/mexico\/2026-01-29\/harry-styles-suma-cinco-conciertos-en-mexico-nuevas-fechas-y-precios-de-los-boletos-en-el-estadio-gnp-seguros.html\">Harry Styles suma cinco conciertos en M\u00e9xico: nuevas fechas y precios de los boletos en el Estadio GNP Seguros<\/a><\/h2>\n<\/header>\n<\/article>\n<article class=\"c  c--m-n   \" data-word=\"0\">\n<header class=\"c_h\"><time datetime=\"2026-01-29T17:13:20+01:00\" class=\"c_da\">17:13<\/time><\/p>\n<h2 class=\"c_t \"><a href=\"https:\/\/elpais.com\/espana\/2026-01-29\/erc-y-junts-cargan-contra-el-gobierno-por-rodalies-pese-al-nuevo-plan-de-8000-millones-en-mejoras.html\">ERC y Junts cargan contra el Gobierno por Rodalies pese al nuevo plan de 8.000 millones en mejoras<\/a><\/h2>\n<\/header>\n<\/article>\n<p> Source URL: https:\/\/elpais.com\/deportes\/baloncesto\/2026-01-28\/muere-brad-branson-exjugador-del-madrid-y-la-primera-estrella-del-valencia.html<\/p>\n","protected":false},"excerpt":{"rendered":"<p>Baloncesto Muere Brad Branson, exjugador del Madrid y la primera estrella del Valencia La leyenda de la Liga ACB, que tambi\u00e9n jug\u00f3 en la NBA, ha fallecido a los 67 a\u00f1os Branson, en un duelo del Madrid ante el Zalgiris de Sabonis. Rafa Pascual (EFE) Fernando Mi\u00f1ana Valencia &#8211; 28 ene 2026 &#8211; 13:07Actualizado: 28 [&hellip;]<\/p>\n","protected":false},"author":1,"featured_media":1542804,"comment_status":"open","ping_status":"","sticky":false,"template":"","format":"standard","meta":{"footnotes":""},"categories":[88],"tags":[92],"class_list":["post-1542803","post","type-post","status-publish","format-standard","has-post-thumbnail","hentry","category-spain","tag-elpais-com"],"_links":{"self":[{"href":"https:\/\/analyse.optim.biz\/index.php?rest_route=\/wp\/v2\/posts\/1542803","targetHints":{"allow":["GET"]}}],"collection":[{"href":"https:\/\/analyse.optim.biz\/index.php?rest_route=\/wp\/v2\/posts"}],"about":[{"href":"https:\/\/analyse.optim.biz\/index.php?rest_route=\/wp\/v2\/types\/post"}],"author":[{"embeddable":true,"href":"https:\/\/analyse.optim.biz\/index.php?rest_route=\/wp\/v2\/users\/1"}],"replies":[{"embeddable":true,"href":"https:\/\/analyse.optim.biz\/index.php?rest_route=%2Fwp%2Fv2%2Fcomments&post=1542803"}],"version-history":[{"count":0,"href":"https:\/\/analyse.optim.biz\/index.php?rest_route=\/wp\/v2\/posts\/1542803\/revisions"}],"wp:featuredmedia":[{"embeddable":true,"href":"https:\/\/analyse.optim.biz\/index.php?rest_route=\/wp\/v2\/media\/1542804"}],"wp:attachment":[{"href":"https:\/\/analyse.optim.biz\/index.php?rest_route=%2Fwp%2Fv2%2Fmedia&parent=1542803"}],"wp:term":[{"taxonomy":"category","embeddable":true,"href":"https:\/\/analyse.optim.biz\/index.php?rest_route=%2Fwp%2Fv2%2Fcategories&post=1542803"},{"taxonomy":"post_tag","embeddable":true,"href":"https:\/\/analyse.optim.biz\/index.php?rest_route=%2Fwp%2Fv2%2Ftags&post=1542803"}],"curies":[{"name":"wp","href":"https:\/\/api.w.org\/{rel}","templated":true}]}}