{"id":1542771,"date":"2026-01-28T19:31:41","date_gmt":"2026-01-28T16:31:41","guid":{"rendered":"https:\/\/analyse.optim.biz\/?p=1542771"},"modified":"2026-01-28T19:31:41","modified_gmt":"2026-01-28T16:31:41","slug":"despues-de-brooks-koepka-otra-estrella-deja-liv-patrick-reed","status":"publish","type":"post","link":"https:\/\/analyse.optim.biz\/?p=1542771","title":{"rendered":"Despu\u00e9s de Brooks Koepka, otra estrella deja LIV: Patrick Reed"},"content":{"rendered":"<article id=\"main-content\" class=\"a _g _g-lg _g-o\">\n<header class=\"a_e _g _g-xs\">\n<div class=\"a_e_txt _df\">\n<div class=\"a_k _df\"><a class=\"a_k_n\" href=\"https:\/\/elpais.com\/noticias\/golf\/\">golf<\/a><\/div>\n<h1 class=\"a_t\">Despu\u00e9s de Brooks Koepka, otra estrella deja LIV: Patrick Reed<\/h1>\n<p class=\"a_st\">El estadounidense, ganador del Masters en 2018, abandona la Liga saud\u00ed para volver al PGA Tour en 2027<\/p>\n<\/div>\n<div class=\"a_e_m\">\n<figure class=\"a_m a_m-h \"><span class=\"a_m_w _db\"><img fetchpriority=\"high\" decoding=\"async\" alt=\"Reed\" class=\"_re  a_m-h\" height=\"277\" width=\"414\" src=\"https:\/\/analyse.optim.biz\/wp-content\/uploads\/2026\/01\/2h5zlzbqefogxir64pol6qnvdi-1.jpg\" loading=\"eager\" title=\"2h5zlzbqefogxir64pol6qnvdi-1\"><\/span><figcaption class=\"a_m_p\" aria-hidden=\"true\"><span>Reed, ganador este pasado domingo en Dub\u00e1i.<\/span><span class=\"a_m_m\">Altaf Qadri (AP)<\/span><\/figcaption><\/figure>\n<\/div>\n<\/header>\n<div class=\"a_md _g _g-xs \">\n<figure class=\"a_md_i a_m-h c_m--nf\"><span class=\"a_m_w _db\"><img decoding=\"async\" alt=\"Juan Morenilla\" class=\"_re lazyload a_m-h\" height=\"100\" width=\"100\" src=\"https:\/\/analyse.optim.biz\/wp-content\/uploads\/2026\/01\/https3a2f2fs3-amazonaws-com2farc-authors2fprisa2fcc05e51d-51e4-4c32-ad92-d15e3cd15f02-4.jpg\" loading=\"lazy\" title=\"https3a2f2fs3-amazonaws-com2farc-authors2fprisa2fcc05e51d-51e4-4c32-ad92-d15e3cd15f02-4\"><\/span><\/figure>\n<div class=\"a_md_txt\">\n<div class=\"a_md_a\" data-dtm-region=\"articulo_firma\"><a href=\"https:\/\/elpais.com\/autor\/juan-morenilla\/#?rel=author_top\" title=\"Ver todas las noticias de Juan Morenilla\" class=\"a_md_a_n\">Juan Morenilla<\/a><\/div>\n<div class=\"a_md_f\"><span>Madrid &#8211; <a href=\"https:\/\/elpais.com\/hemeroteca\/2026-01-28\/\" data-date=\"2026-01-28T20:31:41+01:00\"><time data-date=\"2026-01-28T20:31:41+01:00\" datetime=\"2026-01-28T20:31:41+01:00\" id=\"article_date_p\">28 ene 2026 &#8211; 20:31<abbr title=\"Central European Time\">CET<\/abbr><\/time><\/a><\/span><\/div>\n<div class=\"w_rs\" data-dtm-region=\"articulo_botonera-social\">\n<div class=\"w_rs_i\"><a class=\"_btn hidden\" href=\"\/\/send?text=Despu%C3%A9s%20de%20Brooks%20Koepka%2C%20otra%20estrella%20deja%20LIV%3A%20Patrick%20Reed%0D%0A%0D%0Ahttps%3A%2F%2Felpais.com%2Fdeportes%2F2026-01-28%2Fdespues-de-brooks-koepka-otra-estrella-deja-liv-patrick-reed.html%3Fssm=whatsapp_CC\" data-action=\"share\/whatsapp\/share\" data-param-description=\"Despu\u00e9s de Brooks Koepka, otra estrella deja LIV: Patrick Reed\" data-param-href=\"https:\/\/elpais.com\/deportes\/2026-01-28\/despues-de-brooks-koepka-otra-estrella-deja-liv-patrick-reed.html\" data-param-text=\"Despu\u00e9s de Brooks Koepka, otra estrella deja LIV: Patrick Reed https:\/\/elpais.com\/deportes\/2026-01-28\/despues-de-brooks-koepka-otra-estrella-deja-liv-patrick-reed.html\" data-param-url=\"https:\/\/elpais.com\/deportes\/2026-01-28\/despues-de-brooks-koepka-otra-estrella-deja-liv-patrick-reed.html\" target=\"_blank\" rel=\"noopener noreferrer\" data-share-track-dtm=\"whatsapp\" id=\"btn_share_whatsapp_531\"><span class=\"_sr\">Compartir en Whatsapp<\/span><\/a><\/div>\n<div class=\"w_rs_i\"><a class=\"_btn \" href=\"https:\/\/www.facebook.com\/dialog\/share?display=popup&amp;app_id=94039431626&amp;href=https%3A%2F%2Felpais.com%2Fdeportes%2F2026-01-28%2Fdespues-de-brooks-koepka-otra-estrella-deja-liv-patrick-reed.html%3Fssm=FB_CC&amp;quote=Despu%C3%A9s%20de%20Brooks%20Koepka%2C%20otra%20estrella%20deja%20LIV%3A%20Patrick%20Reed\" data-param-app_id=\"94039431626\" data-param-description=\"Despu\u00e9s de Brooks Koepka, otra estrella deja LIV: Patrick Reed\" data-param-href=\"https:\/\/elpais.com\/deportes\/2026-01-28\/despues-de-brooks-koepka-otra-estrella-deja-liv-patrick-reed.html\" data-param-text=\"Despu\u00e9s de Brooks Koepka, otra estrella deja LIV: Patrick Reed\" data-param-url=\"https:\/\/elpais.com\/deportes\/2026-01-28\/despues-de-brooks-koepka-otra-estrella-deja-liv-patrick-reed.html\" target=\"_blank\" rel=\"noopener noreferrer\" data-share-track-dtm=\"facebook\" id=\"btn_share_facebook_531\"><span class=\"_sr\">Compartir en Facebook<\/span><\/a><\/div>\n<div class=\"w_rs_i\"><a class=\"_btn \" href=\"https:\/\/twitter.com\/intent\/tweet?url=https%3A%2F%2Felpais.com%2Fdeportes%2F2026-01-28%2Fdespues-de-brooks-koepka-otra-estrella-deja-liv-patrick-reed.html%3Fssm=TW_CC&amp;text=Despu%C3%A9s%20de%20Brooks%20Koepka%2C%20otra%20estrella%20deja%20LIV%3A%20Patrick%20Reed&amp;via=el_pais&amp;lang=es\" data-param-description=\"Despu\u00e9s de Brooks Koepka, otra estrella deja LIV: Patrick Reed\" data-param-href=\"https:\/\/elpais.com\/deportes\/2026-01-28\/despues-de-brooks-koepka-otra-estrella-deja-liv-patrick-reed.html\" data-param-text=\"Despu\u00e9s de Brooks Koepka, otra estrella deja LIV: Patrick Reed via @el_pais\" data-param-url=\"https:\/\/elpais.com\/deportes\/2026-01-28\/despues-de-brooks-koepka-otra-estrella-deja-liv-patrick-reed.html\" target=\"_blank\" rel=\"noopener noreferrer\" data-share-track-dtm=\"twitter\" id=\"btn_share_twitter_531\"><span class=\"_sr\">Compartir en Twitter<\/span><\/a><\/div>\n<div class=\"w_rs_i\"><a class=\"_btn \" href=\"https:\/\/bsky.app\/intent\/compose?text=https%3A%2F%2Felpais.com%2Fdeportes%2F2026-01-28%2Fdespues-de-brooks-koepka-otra-estrella-deja-liv-patrick-reed.html%3Fssm=bsky_CC\" data-param-description=\"Despu\u00e9s de Brooks Koepka, otra estrella deja LIV: Patrick Reed\" data-param-href=\"https:\/\/elpais.com\/deportes\/2026-01-28\/despues-de-brooks-koepka-otra-estrella-deja-liv-patrick-reed.html\" data-param-text=\"Despu\u00e9s de Brooks Koepka, otra estrella deja LIV: Patrick Reed\" data-param-url=\"https:\/\/elpais.com\/deportes\/2026-01-28\/despues-de-brooks-koepka-otra-estrella-deja-liv-patrick-reed.html\" target=\"_blank\" rel=\"noopener noreferrer\" data-share-track-dtm=\"bluesky\" id=\"btn_share_bluesky_531\"><span class=\"_sr\">Compartir en Bluesky<\/span><\/a><\/div>\n<div class=\"w_rs_i\"><a class=\"_btn \" href=\"https:\/\/www.linkedin.com\/sharing\/share-offsite\/?url=https%3A%2F%2Felpais.com%2Fdeportes%2F2026-01-28%2Fdespues-de-brooks-koepka-otra-estrella-deja-liv-patrick-reed.html%3Fssm=LK_CC\" data-param-description=\"Despu\u00e9s de Brooks Koepka, otra estrella deja LIV: Patrick Reed\" data-param-href=\"https:\/\/elpais.com\/deportes\/2026-01-28\/despues-de-brooks-koepka-otra-estrella-deja-liv-patrick-reed.html\" data-param-text=\"Despu\u00e9s de Brooks Koepka, otra estrella deja LIV: Patrick Reed\" data-param-url=\"https:\/\/elpais.com\/deportes\/2026-01-28\/despues-de-brooks-koepka-otra-estrella-deja-liv-patrick-reed.html\" target=\"_blank\" rel=\"noopener noreferrer\" data-share-track-dtm=\"linkedin\" id=\"btn_share_linkedin_531\"><span class=\"_sr\">Compartir en Linkedin<\/span><\/a><\/div>\n<div class=\"w_rs_i\"><a class=\"_btn rs_l\" href=\"https:\/\/elpais.com\/deportes\/2026-01-28\/despues-de-brooks-koepka-otra-estrella-deja-liv-patrick-reed.html#?prm=copy_link\" data-share-track-dtm=\"copiar_url\" id=\"btn_share_link_7\"><span class=\"_sr\">Copiar enlace<\/span><\/a><\/div>\n<div class=\"w_rs_i\"><a class=\"_btn rs_c\" href=\"https:\/\/elpais.com\/deportes\/2026-01-28\/despues-de-brooks-koepka-otra-estrella-deja-liv-patrick-reed.html#comments_container\" aria-expanded=\"false\" aria-controls=\"me-c\" data-share-track-dtm=\"eskup\" id=\"btn_share_comments_7\"><span class=\"_sr\">Ir a los comentarios<\/span><\/a><\/div>\n<\/div>\n<\/div>\n<\/div>\n<div class=\"a_c clearfix\" data-dtm-region=\"articulo_cuerpo\">\n<p class>La Liga saud\u00ed de golf, LIV, no gana \u00faltimamente para lamentos. A pesar de que este mi\u00e9rcoles anunci\u00f3 un potente acuerdo de patrocinio con Rolex, pocas horas despu\u00e9s se confirm\u00f3 la marcha de otra de sus grandes estrellas. <a href=\"https:\/\/elpais.com\/deportes\/2025-12-24\/brooks-koepka-la-primera-gran-estrella-que-deja-liv-golf.html\" target=\"_blank\" rel=\"noreferrer\" title=\"https:\/\/elpais.com\/deportes\/2025-12-24\/brooks-koepka-la-primera-gran-estrella-que-deja-liv-golf.html\">Despu\u00e9s de la despedida de Brooks Koepka, de regreso al PGA Tour, <\/a>ahora es el tambi\u00e9n estadounidense Patrick Reed quien ha tomado el mismo camino. \u201cDespu\u00e9s de pensarlo y considerarlo detenidamente, mi familia y yo hemos decidido que ya no competir\u00e9 en el LIV Golf Tour. Me complace anunciar que regresar\u00e9 al PGA Tour como miembro excampe\u00f3n para la temporada 2027 y ser\u00e9 elegible para comenzar a competir en eventos del PGA Tour a finales de este a\u00f1o\u201d, ha comentado el ganador del Masters de Augusta en 2018.<\/p>\n<div id=\"sum_twitter\" data-oembed-type=\"twitter\" class=\"a_em _df\">\n<blockquote class=\"twitter-tweet\" data-width=\"500\" data-dnt=\"true\">\n<p lang=\"en\" dir=\"ltr\">After careful thought and consideration, my family and I have decided that I will no longer compete on the LIV Golf Tour.<br \/>\u00a0<br \/>I am excited to announce that I am returning to the PGA TOUR as a past champion member for the 2027 season and am eligible to begin competing in PGA TOUR\u2026 <a href=\"https:\/\/t.co\/LFq61njCrh\">pic.twitter.com\/LFq61njCrh<\/a><\/p>\n<p>&mdash; Patrick Reed (@PReedGolf) <a href=\"https:\/\/twitter.com\/PReedGolf\/status\/2016555892376850475?ref_src=twsrc%5Etfw\">January 28, 2026<\/a><\/p><\/blockquote>\n<p><script async src=\"https:\/\/platform.twitter.com\/widgets.js\" charset=\"utf-8\"><\/script><\/p>\n<\/div>\n<p class>\u00abSoy un tradicionalista de coraz\u00f3n y nac\u00ed para jugar en el PGA TOUR, que es donde empez\u00f3 mi historia con mi esposa, Justine. Me siento muy afortunado por las oportunidades que se me han presentado y agradecido por la vida que hemos construido. Sigo avanzando en mi carrera y estoy deseando competir en el PGA TOUR y en el DP World Tour. Estoy deseando regresar a algunos de los mejores lugares del planeta&#8221;, ha a\u00f1adido el golfista de 35 a\u00f1os y ganador de nueve torneos en el circuito americano.<\/p>\n<p class>Reed ha solicitado volver a ser miembro del PGA Tour en 2027 en la categor\u00eda de excampeones. Mientras, podr\u00e1 competir en el circuito europeo (los 10 mejores de la temporada obtienen la tarjeta para el <i>tour <\/i>americano), en el que precisamente gan\u00f3 este pasado domingo el Dubai Desert Classic, y participar en citas del PGA a trav\u00e9s de invitaciones a partir del 25 de agosto, cuando finalizar\u00eda su sanci\u00f3n por su marcha a LIV.<\/p>\n<div id=\"sum_twitter\" data-oembed-type=\"twitter\" class=\"a_em _df\">\n<blockquote class=\"twitter-tweet\" data-width=\"500\" data-dnt=\"true\">\n<p lang=\"en\" dir=\"ltr\">We are so BacK <a href=\"https:\/\/t.co\/4q3zAL2hDl\">pic.twitter.com\/4q3zAL2hDl<\/a><\/p>\n<p>&mdash; Brooks Koepka (@BKoepka) <a href=\"https:\/\/twitter.com\/BKoepka\/status\/2016598983087468627?ref_src=twsrc%5Etfw\">January 28, 2026<\/a><\/p><\/blockquote>\n<p><script async src=\"https:\/\/platform.twitter.com\/widgets.js\" charset=\"utf-8\"><\/script><\/p>\n<\/div>\n<p class>Es el segundo gran jugador que deja la Liga saud\u00ed desde diciembre<a href=\"https:\/\/elpais.com\/deportes\/2025-12-24\/brooks-koepka-la-primera-gran-estrella-que-deja-liv-golf.html\" target=\"_blank\" rel=\"noreferrer\" title=\"https:\/\/elpais.com\/deportes\/2025-12-24\/brooks-koepka-la-primera-gran-estrella-que-deja-liv-golf.html\"> despu\u00e9s de la marcha de Brooks Koepka<\/a>, que precisamente esta semana regresa al circuito estadounidense en el Farmers Insurance Open. Y el 2 de febrero se cierra la ventana para que otras tres grandes estrellas de la LIV regresen tambi\u00e9n a su origen. Jon Rahm, Bryson DeChambeau y Cameron Smith pueden acogerse a las condiciones del PGA Tour para volver a competir ya en el circuito americano bajo ciertas restricciones deportivas y sanciones econ\u00f3micas. Los tres, por ahora, han manifestado que se quedan en LIV.<\/p>\n<\/div>\n<div id=\"me-dis\" class=\"me _pf\">\n<div class=\"me_bg\">\n<div class=\"me-dis _pa _df\">\n<div class=\"me-dis_c\">\n<h2 class=\"me-dis_t\">Tu suscripci\u00f3n se est\u00e1 usando en otro dispositivo<\/h2>\n<p>\u00bfQuieres a\u00f1adir otro usuario a tu suscripci\u00f3n?<\/p>\n<div class=\"me-dis_l\"><a href=\"https:\/\/elpais.com\/suscripciones\/premium\/upgrade\/?utm_source=autopromo&amp;utm_medium=interno&amp;utm_campaign=YYYY_MM_capping_upgrade\" id=\"capping-upgrade\" class=\"btn\">A\u00f1adir usuario<\/a><a href=\"https:\/\/elpais.com\/deportes\/2026-01-28\/despues-de-brooks-koepka-otra-estrella-deja-liv-patrick-reed.html\" id=\"capping-continue\" class=\"btn btn-b\">Continuar leyendo aqu\u00ed<\/a><\/div>\n<p>Si contin\u00faas leyendo en este dispositivo, no se podr\u00e1 leer en el otro.<\/p>\n<p class=\"lk\"><a href=\"https:\/\/elpais.com\/deportes\/2026-01-28\/despues-de-brooks-koepka-otra-estrella-deja-liv-patrick-reed.html\" id=\"capping-show-more-button\">\u00bfPor qu\u00e9 est\u00e1s viendo esto?<\/a><\/p>\n<p><span class=\"arrow\" id=\"capping-arrow\">Flecha<\/span><\/p>\n<div class=\"me-dis_d\">\n<div class=\"me-dis_d_t\">\n<h2 class=\"enc\">Tu suscripci\u00f3n se est\u00e1 usando en otro dispositivo y solo puedes acceder a EL PA\u00cdS desde un dispositivo a la vez.<\/h2>\n<div class=\"tx\">\n<p>Si quieres compartir tu cuenta, cambia tu suscripci\u00f3n a la modalidad Premium, as\u00ed podr\u00e1s a\u00f1adir otro usuario. Cada uno acceder\u00e1 con su propia cuenta de email, lo que os permitir\u00e1 personalizar vuestra experiencia en EL PA\u00cdS.<\/p>\n<p>\u00bfTienes una suscripci\u00f3n de empresa? Accede <a target=\"_blank\" rel=\"noreferrer\" href=\"https:\/\/elpais.com\/suscripciones\/premium\/upgrade\/\">aqu\u00ed<\/a> para contratar m\u00e1s cuentas.<\/p>\n<p>En el caso de no saber qui\u00e9n est\u00e1 usando tu cuenta, te recomendamos cambiar tu contrase\u00f1a <a target=\"_blank\" rel=\"noreferrer\" href=\"https:\/\/elpais.com\/subscriptions\/#\/forgot-password\">aqu\u00ed.<\/a><\/p>\n<p>Si decides continuar compartiendo tu cuenta, este mensaje se mostrar\u00e1 en tu dispositivo y en el de la otra persona que est\u00e1 usando tu cuenta de forma indefinida, afectando a tu experiencia de lectura. Puedes <a target=\"_blank\" rel=\"noreferrer\" href=\"https:\/\/elpais.com\/suscripciones\/condiciones-generales-servicios\/\">consultar aqu\u00ed los t\u00e9rminos y condiciones de la suscripci\u00f3n digital.<\/a><\/p>\n<\/div>\n<\/div>\n<\/div>\n<\/div>\n<\/div>\n<\/div>\n<\/div>\n<aside class=\"w w-sea\">\n<h2 class=\"w_t\">Sobre la firma<\/h2>\n<div class=\"w_b\">\n<div class=\"_g _g-xs\">\n<figure class=\"w-sea_f a_m-h c_m--nf\"><span class=\"a_m_w _db\"><img decoding=\"async\" alt=\"Juan Morenilla\" class=\"_re lazyload a_m-h\" height=\"100\" width=\"100\" src=\"https:\/\/analyse.optim.biz\/wp-content\/uploads\/2026\/01\/https3a2f2fs3-amazonaws-com2farc-authors2fprisa2fcc05e51d-51e4-4c32-ad92-d15e3cd15f02-4.jpg\" loading=\"lazy\" title=\"https3a2f2fs3-amazonaws-com2farc-authors2fprisa2fcc05e51d-51e4-4c32-ad92-d15e3cd15f02-4\"><\/span><\/figure>\n<div class=\"w-sea_txt\">\n<div class=\"_df\">\n<div class=\"w-sea_txt_na\"><a href=\"https:\/\/elpais.com\/autor\/juan-morenilla\/\" rel=\"autor_bottom\">Juan Morenilla<\/a><\/div>\n<div class=\"w_rs_i\"><a class=\"_btn \" href=\"https:\/\/twitter.com\/juanmorenilla\" target=\"_blank\" rel=\"noopener noreferrer\"><span class=\"_sr\">Juan Morenilla &#8211; twitter<\/span><\/a><\/div>\n<\/div>\n<div class=\"w-sea_txt_da _dn\">Es redactor en la secci\u00f3n de Deportes. Estudi\u00f3 Comunicaci\u00f3n Audiovisual. Trabaj\u00f3 en la delegaci\u00f3n de EL PA\u00cdS en Valencia entre 2000 y 2007. Desde entonces, en Madrid. Adem\u00e1s de Deportes, tambi\u00e9n ha trabajado en la edici\u00f3n de Am\u00e9rica de EL PA\u00cdS.<\/div>\n<\/div>\n<\/div>\n<\/div>\n<\/aside>\n<aside class=\"w w-fid\">\n<div class=\"w_b\">\n<div class=\"w-fid_t\"><a href=\"https:\/\/plus.elpais.com\/newsletters\/lnp\/1\/349\/#?prm=not_newsletters_deportes\">Recibe el bolet\u00edn semanal de Deportes<\/a><\/div>\n<div class=\"w-fid_s\">\n<div class=\"w_rs\">\n<div class=\"w_rs_i\"><a class=\"_btn\" href=\"https:\/\/www.facebook.com\/elpais\" rel=\"nofollow\"><span class=\"_sr\">Deportes El Pa\u00eds en Facebook<\/span><\/a><\/div>\n<div class=\"w_rs_i\"><a class=\"_btn\" href=\"https:\/\/www.instagram.com\/el_pais\/\" rel=\"nofollow\"><span class=\"_sr\">Deportes El Pa\u00eds en Instagram<\/span><\/a><\/div>\n<div class=\"w_rs_i\"><a class=\"_btn\" href=\"https:\/\/twitter.com\/elpais_deportes\" rel=\"nofollow\"><span class=\"_sr\">Deportes El Pa\u00eds en Twitter<\/span><\/a><\/div>\n<\/div>\n<\/div>\n<\/div>\n<\/aside>\n<aside class=\"a_com w w-com _df\"><a class=\"a_com_l\" href=\"https:\/\/elpais.com\/info\/normas-de-participacion\/\">Normas \u203a<\/a><\/aside>\n<div class=\"me _pf\" id=\"me-c\">\n<div class=\"me_bg\">\n<div class=\"me-c _pa\" id=\"comments_container\" data-dtm-region=\"articulo_comentarios\">\n<div class=\"me_f me_f-os me_cc\"><a href=\"https:\/\/plus.elpais.com\/perfil\/actividad\/\">Mis comentarios<\/a><a href=\"https:\/\/elpais.com\/info\/normas-de-participacion\/\">Normas<\/a><\/div>\n<div class=\"me_f me_f-ns\"><span class=\"me_f_txt _db\">Rellena tu <b>nombre y apellido<\/b> para comentar<\/span><a href=\"https:\/\/plus.elpais.com\/autorization.html\/?prod=COM&amp;backURL=https%3A%2F%2Felpais.com%2Fdeportes%2F2026-01-28%2Fdespues-de-brooks-koepka-otra-estrella-deja-liv-patrick-reed.html\" class=\"btn btn-2\">completar datos<\/a><\/div>\n<div class=\"me_f\" id=\"comments_msg\"><a class=\"btn btn-2\" href=\"https:\/\/elpais.com\/suscripciones\/#\/campaign?prod=SUSDIGCRART&amp;o=COM&amp;prm=suscrip_articulo_comentarios_el-pais&amp;backURL=https%3A%2F%2Felpais.com%2Fdeportes%2F2026-01-28%2Fdespues-de-brooks-koepka-otra-estrella-deja-liv-patrick-reed.html\" id=\"comments_subscribe_link\" data-link-am=\"https:\/\/elpais.com\/suscripciones\/america\/#\/campaign?prod=SUSDIGCRARTAM&amp;o=COMAM&amp;prm=suscrip_articulo_comentarios_el-pais-america&amp;backURL=https%3A%2F%2Felpais.com%2Fdeportes%2F2026-01-28%2Fdespues-de-brooks-koepka-otra-estrella-deja-liv-patrick-reed.html\" data-link-mx=\"https:\/\/elpais.com\/suscripciones\/america\/#\/campaign?prod=SUSDIGMX&amp;o=COMMX&amp;prm=suscrip_articulo_comentarios_el-pais-mexico&amp;backURL=https%3A%2F%2Felpais.com%2Fdeportes%2F2026-01-28%2Fdespues-de-brooks-koepka-otra-estrella-deja-liv-patrick-reed.html\" data-link-co=\"https:\/\/elpais.com\/suscripciones\/america\/#\/campaign?prod=SUSDIGCOL&amp;o=COMCOL&amp;prm=suscrip_articulo_comentarios_el-pais_colombia&amp;backURL=https%3A%2F%2Felpais.com%2Fdeportes%2F2026-01-28%2Fdespues-de-brooks-koepka-otra-estrella-deja-liv-patrick-reed.html\" data-link-ar=\"https:\/\/elpais.com\/suscripciones\/america\/#\/campaign?prod=SUSDIGCRARTAR&amp;o=COMAR&amp;backURL=https%3A%2F%2Felpais.com%2Fdeportes%2F2026-01-28%2Fdespues-de-brooks-koepka-otra-estrella-deja-liv-patrick-reed.html\" data-link-cl=\"https:\/\/elpais.com\/suscripciones\/america\/#\/campaign?prod=SUSDIGCHILE&amp;o=COMCHILE&amp;backURL=https%3A%2F%2Felpais.com%2Fdeportes%2F2026-01-28%2Fdespues-de-brooks-koepka-otra-estrella-deja-liv-patrick-reed.html\" data-link-us=\"https:\/\/elpais.com\/suscripciones\/america\/#\/campaign?prod=SUSDIGCRARTEUCAN&amp;o=COMUS&amp;prm=suscrip_articulo_comentarios_el-pais_eucan&amp;backURL=https%3A%2F%2Felpais.com%2Fdeportes%2F2026-01-28%2Fdespues-de-brooks-koepka-otra-estrella-deja-liv-patrick-reed.html\">Suscr\u00edbete en El Pa\u00eds para participar<\/a><a class=\"btn btn-3\" href=\"https:\/\/elpais.com\/subscriptions\/#\/sign-in?prod=REG&amp;o=COM&amp;prm=login_articulo_comentarios_el-pais&amp;backURL=https%3A%2F%2Felpais.com%2Fdeportes%2F2026-01-28%2Fdespues-de-brooks-koepka-otra-estrella-deja-liv-patrick-reed.html\" id=\"comments_login_link\" data-link-am=\"https:\/\/elpais.com\/subscriptions\/#\/sign-in?prod=REG&amp;o=COM&amp;prm=login_articulo_comentarios_el-pais-america&amp;backURL=https%3A%2F%2Felpais.com%2Fdeportes%2F2026-01-28%2Fdespues-de-brooks-koepka-otra-estrella-deja-liv-patrick-reed.html\" data-link-mx=\"https:\/\/elpais.com\/subscriptions\/#\/sign-in?prod=REG&amp;o=COM&amp;prm=login_articulo_comentarios_el-pais-mexico&amp;backURL=https%3A%2F%2Felpais.com%2Fdeportes%2F2026-01-28%2Fdespues-de-brooks-koepka-otra-estrella-deja-liv-patrick-reed.html\" data-link-co=\"https:\/\/elpais.com\/subscriptions\/#\/sign-in?prod=REG&amp;o=COM&amp;backURL=https%3A%2F%2Felpais.com%2Fdeportes%2F2026-01-28%2Fdespues-de-brooks-koepka-otra-estrella-deja-liv-patrick-reed.html\" data-link-ar=\"https:\/\/elpais.com\/subscriptions\/#\/sign-in?prod=REG&amp;o=COM&amp;backURL=https%3A%2F%2Felpais.com%2Fdeportes%2F2026-01-28%2Fdespues-de-brooks-koepka-otra-estrella-deja-liv-patrick-reed.html\" data-link-cl=\"https:\/\/elpais.com\/subscriptions\/#\/sign-in?prod=REG&amp;o=COM&amp;backURL=https%3A%2F%2Felpais.com%2Fdeportes%2F2026-01-28%2Fdespues-de-brooks-koepka-otra-estrella-deja-liv-patrick-reed.html\" data-link-us=\"https:\/\/elpais.com\/subscriptions\/#\/sign-in?prod=REG&amp;o=COM&amp;backURL=https%3A%2F%2Felpais.com%2Fdeportes%2F2026-01-28%2Fdespues-de-brooks-koepka-otra-estrella-deja-liv-patrick-reed.html\">Ya tengo una suscripci\u00f3n<\/a><\/div>\n<p>Please enable JavaScript to view the &lt;a href=&#8221;https:\/\/disqus.com\/?ref_noscript&#8221; rel=&#8221;nofollow&#8221;&gt; comments powered by Disqus.&lt;\/a&gt;<\/p><\/div>\n<\/div>\n<\/div>\n<aside class=\"w w-rel\" data-dtm-region=\"articulo_mas-informacion\">\n<h2 class=\"w_t\">M\u00e1s informaci\u00f3n<\/h2>\n<ul class=\"w_b _ls\">\n<li class=\"_g _g-xs w-rel_n\">\n<div class=\" a_m-h c_m--nf\"><span class=\"_db _pr\"><img decoding=\"async\" class=\"_re lazyload a_m-h\" height=\"311\" width=\"414\" src=\"https:\/\/analyse.optim.biz\/wp-content\/uploads\/2026\/01\/n5ptiu7fbffwplmtgv3dkspugu.jpg\" loading=\"lazy\" title=\"n5ptiu7fbffwplmtgv3dkspugu\"><\/span><\/div>\n<div class=\"nt\">\n<h3 class=\"nt_t\"><a href=\"https:\/\/elpais.com\/deportes\/2026-01-18\/nacho-elvira-gana-en-dubai-y-prolonga-la-racha-del-golf-espanol.html#?rel=mas\">Nacho Elvira gana en Dub\u00e1i y prolonga la racha del golf espa\u00f1ol<\/a><\/h3>\n<div class=\"nt_a\"><a href=\"https:\/\/elpais.com\/autor\/juan-morenilla\/\" title=\"Ver todas las noticias de Juan Morenilla\">Juan Morenilla<\/a> | Madrid<\/div>\n<\/div>\n<\/li>\n<li class=\"_g _g-xs w-rel_n\">\n<div class=\" a_m-h c_m--nf\"><span class=\"_db _pr\"><img decoding=\"async\" class=\"_re lazyload a_m-h\" height=\"311\" width=\"414\" src=\"https:\/\/analyse.optim.biz\/wp-content\/uploads\/2026\/01\/5bqz5gil4bj77mqzuowjgyiz2q.jpg\" loading=\"lazy\" title=\"5bqz5gil4bj77mqzuowjgyiz2q\"><\/span><\/div>\n<div class=\"nt\">\n<h3 class=\"nt_t\"><a href=\"https:\/\/elpais.com\/deportes\/2026-01-14\/jon-rahm-descarta-la-oferta-del-pga-tour-y-se-queda-en-liv-no-tengo-intencion-de-irme-a-ningun-lado.html#?rel=mas\">Jon Rahm descarta la oferta del PGA Tour y se queda en LIV: \u201cNo tengo intenci\u00f3n de irme a ning\u00fan lado\u201d<\/a><\/h3>\n<div class=\"nt_a\"><a href=\"https:\/\/elpais.com\/autor\/juan-morenilla\/\" title=\"Ver todas las noticias de Juan Morenilla\">Juan Morenilla<\/a> | Madrid<\/div>\n<\/div>\n<\/li>\n<\/ul>\n<\/aside>\n<section class=\"w w-ae\" data-dtm-region=\"articulo_archivado-en\">\n<h2 class=\"w_t\">Archivado En<\/h2>\n<div class=\"w_b\">\n<ul class=\"w_ul w_ul--mh _df _ls\">\n<li><a href=\"https:\/\/elpais.com\/noticias\/deportes\/#?rel=arch\" rel=\"noopener noreferrer\">Deportes<\/a><\/li>\n<li><a href=\"https:\/\/elpais.com\/noticias\/golf\/#?rel=arch\" rel=\"noopener noreferrer\">Golf<\/a><\/li>\n<li><a href=\"https:\/\/elpais.com\/noticias\/golfistas\/#?rel=arch\" rel=\"noopener noreferrer\">Golfistas<\/a><\/li>\n<li><a href=\"https:\/\/elpais.com\/noticias\/brooks-koepka\/#?rel=arch\" rel=\"noopener noreferrer\">Brooks Koepka<\/a><\/li>\n<li><a href=\"https:\/\/elpais.com\/noticias\/liv-golf\/#?rel=arch\" rel=\"noopener noreferrer\">LIV Golf<\/a><\/li>\n<li><a href=\"https:\/\/elpais.com\/noticias\/pga-tour\/#?rel=arch\" rel=\"noopener noreferrer\">PGA Tour<\/a><\/li>\n<li><a href=\"https:\/\/elpais.com\/noticias\/pga-tour-golf\/#?rel=arch\" rel=\"noopener noreferrer\">PGA Tour Golf<\/a><\/li>\n<li><a href=\"https:\/\/elpais.com\/noticias\/jon-rahm-rodriguez\/#?rel=arch\" rel=\"noopener noreferrer\">Jon Rahm<\/a><\/li>\n<\/ul>\n<\/div>\n<\/section>\n<aside class=\"a_tp _df\">\n<div class=\"a_tp_txt\"><span class=\"a_tp_t\">Se adhiere a los criterios de<\/span><\/p>\n<figure class=\"a_m a_m-h c_m--nf\"><a class=\"a_tp_i _dib\" href=\"https:\/\/elpais.com\/estaticos\/que-es-the-trust-project\/\" target=\"_blank\" rel=\"noopener noreferrer nofollow\"><img decoding=\"async\" alt=\"The Trust Project\" class=\" lazyload a_m-h\" height=\"20\" width=\"117\" src=\"https:\/\/analyse.optim.biz\/wp-content\/uploads\/2026\/01\/the-trust-project-352.svg\" loading=\"lazy\" title=\"the-trust-project-352\"><\/a><\/figure>\n<p><a class=\"a_tp_mi\" href=\"https:\/\/elpais.com\/estaticos\/codigo-etico\/\" target=\"_blank\" rel=\"noopener noreferrer nofollow\">M\u00e1s informaci\u00f3n<\/a><\/div>\n<div class=\"a_tp_si\">Si est\u00e1 interesado en licenciar este contenido, pinche <a class=\"a_tp_si_l\" href=\"https:\/\/profesional.elpais.com\/soluciones-sindicacion\/?utm_medium=interno&amp;utm_source=crosslinking&amp;utm_campaign=sindicacion_ep_pie_articulos\" target=\"_blank\" rel=\"noopener noreferrer nofollow\">aqu\u00ed<\/a><\/div>\n<\/aside>\n<div class=\"a_o _pr\" data-dtm-region=\"articulo_right-rail\">\n<div id=\"elpais_gpt-MPU1\" data-adtype=\"MPU\" class=\"ad ad-mpu\"><span class=\"_dn\">_<\/span><\/div>\n<section class=\"w w-sc b_col\" data-dtm-region=\"articulo_ultimas-noticias\">\n<header class=\"w_h b_col_h\">\n<h3 class=\"w_t\"><a href=\"https:\/\/elpais.com\/ultimas-noticias\/\" rel=\"story-card-ultimas-noticias\">\u00daltimas noticias<\/a><\/h3>\n<\/header>\n<div class=\"w_b\">\n<article class=\"c  c--m-n   \" data-word=\"0\">\n<header class=\"c_h\"><time datetime=\"2026-01-29T17:13:34+01:00\" class=\"c_da\">17:13<\/time><\/p>\n<h2 class=\"c_t \"><a href=\"https:\/\/elpais.com\/mexico\/2026-01-29\/harry-styles-suma-cinco-conciertos-en-mexico-nuevas-fechas-y-precios-de-los-boletos-en-el-estadio-gnp-seguros.html\">Harry Styles suma cinco conciertos en M\u00e9xico: nuevas fechas y precios de los boletos en el Estadio GNP Seguros<\/a><\/h2>\n<\/header>\n<\/article>\n<article class=\"c  c--m-n   \" data-word=\"0\">\n<header class=\"c_h\"><time datetime=\"2026-01-29T17:13:20+01:00\" class=\"c_da\">17:13<\/time><\/p>\n<h2 class=\"c_t \"><a href=\"https:\/\/elpais.com\/espana\/2026-01-29\/erc-y-junts-cargan-contra-el-gobierno-por-rodalies-pese-al-nuevo-plan-de-8000-millones-en-mejoras.html\">ERC y Junts cargan contra el Gobierno por Rodalies pese al nuevo plan de 8.000 millones en mejoras<\/a><\/h2>\n<\/header>\n<\/article>\n<article class=\"c  c--m-n   \" data-word=\"0\">\n<header class=\"c_h\"><time datetime=\"2026-01-29T17:03:52+01:00\" class=\"c_da\">17:03<\/time><\/p>\n<h2 class=\"c_t \"><a href=\"https:\/\/elpais.com\/economia\/2026-01-29\/trump-vuelve-a-arremeter-contra-powell-por-no-bajar-los-tipos-de-interes.html\">Trump vuelve a arremeter contra Powell por no bajar los tipos de inter\u00e9s<\/a><\/h2>\n<\/header>\n<\/article>\n<article class=\"c  c--m-n   \" data-word=\"0\">\n<header class=\"c_h\"><time datetime=\"2026-01-29T17:01:54+01:00\" class=\"c_da\">17:01<\/time><\/p>\n<h2 class=\"c_t \"><a href=\"https:\/\/elpais.com\/ciencia\/2026-01-29\/estos-osos-polares-han-logrado-prosperar-en-un-mundo-que-se-queda-sin-hielo.html\">Estos osos polares han logrado prosperar en un mundo que se queda sin hielo<\/a><\/h2>\n<\/header>\n<\/article>\n<\/div>\n<\/section>\n<aside class=\"w w-lmv\" data-dtm-region=\"articulo_lom\">\n<h2 class=\"w_t\"><a href=\"https:\/\/elpais.com\/lo-mas-visto\/\">Lo m\u00e1s visto<\/a><\/h2>\n<div class=\"w_b\">\n<ol class=\"_ls\">\n<li><a href=\"https:\/\/elpais.com\/economia\/2026-01-27\/trump-bendice-la-caida-del-dolar-va-muy-bien-miren-los-negocios-que-estamos-haciendo.html#?rel=lom\">Trump asegura que no le preocupa la ca\u00edda del d\u00f3lar: \u201cVa muy bien, miren los negocios que estamos haciendo\u201d<\/a><\/li>\n<li><a href=\"https:\/\/elpais.com\/internacional\/2026-01-28\/el-primer-ministro-groenlandes-la-casa-blanca-no-tiene-ni-idea-de-lo-que-es-groenlandia.html#?rel=lom\">El primer ministro groenland\u00e9s: \u201cLa Casa Blanca no tiene ni idea de lo que es Groenlandia\u201d<\/a><\/li>\n<li><a href=\"https:\/\/elpais.com\/espana\/catalunya\/2026-01-28\/el-traspaso-de-la-inmigracion-a-cataluna-se-abre-paso-junts-acepta-cambiar-el-preambulo-de-la-ley-que-rechazaba-podemos.html#?rel=lom\">El traspaso de la inmigraci\u00f3n a Catalu\u00f1a se abre paso: Junts acepta cambiar el pre\u00e1mbulo de la ley que rechazaba Podemos<\/a><\/li>\n<li><a href=\"https:\/\/elpais.com\/espana\/2026-01-27\/la-guardia-civil-investiga-a-un-hombre-por-robar-571-pinos-pinoneros-en-valladolid-y-utilizarlos-para-hacer-biomasa.html#?rel=lom\">La Guardia Civil investiga a un hombre por robar 571 pinos pi\u00f1oneros en Valladolid y utilizarlos para hacer biomasa<\/a><\/li>\n<li><a href=\"https:\/\/elpais.com\/internacional\/2026-01-28\/siete-jefes-de-estado-dejan-atras-las-diferencias-ideologicas-y-piden-una-integracion-latinoamericana.html#?rel=lom\">Siete jefes de Estado dejan atr\u00e1s las diferencias ideol\u00f3gicas y piden una integraci\u00f3n latinoamericana<\/a><\/li>\n<\/ol>\n<\/div>\n<\/aside>\n<\/div>\n<\/article>\n<article class=\"c  c--m-n   \" data-word=\"0\">\n<header class=\"c_h\"><time datetime=\"2026-01-29T17:13:34+01:00\" class=\"c_da\">17:13<\/time><\/p>\n<h2 class=\"c_t \"><a href=\"https:\/\/elpais.com\/mexico\/2026-01-29\/harry-styles-suma-cinco-conciertos-en-mexico-nuevas-fechas-y-precios-de-los-boletos-en-el-estadio-gnp-seguros.html\">Harry Styles suma cinco conciertos en M\u00e9xico: nuevas fechas y precios de los boletos en el Estadio GNP Seguros<\/a><\/h2>\n<\/header>\n<\/article>\n<article class=\"c  c--m-n   \" data-word=\"0\">\n<header class=\"c_h\"><time datetime=\"2026-01-29T17:13:20+01:00\" class=\"c_da\">17:13<\/time><\/p>\n<h2 class=\"c_t \"><a href=\"https:\/\/elpais.com\/espana\/2026-01-29\/erc-y-junts-cargan-contra-el-gobierno-por-rodalies-pese-al-nuevo-plan-de-8000-millones-en-mejoras.html\">ERC y Junts cargan contra el Gobierno por Rodalies pese al nuevo plan de 8.000 millones en mejoras<\/a><\/h2>\n<\/header>\n<\/article>\n<article class=\"c  c--m-n   \" data-word=\"0\">\n<header class=\"c_h\"><time datetime=\"2026-01-29T17:03:52+01:00\" class=\"c_da\">17:03<\/time><\/p>\n<h2 class=\"c_t \"><a href=\"https:\/\/elpais.com\/economia\/2026-01-29\/trump-vuelve-a-arremeter-contra-powell-por-no-bajar-los-tipos-de-interes.html\">Trump vuelve a arremeter contra Powell por no bajar los tipos de inter\u00e9s<\/a><\/h2>\n<\/header>\n<\/article>\n<article class=\"c  c--m-n   \" data-word=\"0\">\n<header class=\"c_h\"><time datetime=\"2026-01-29T17:01:54+01:00\" class=\"c_da\">17:01<\/time><\/p>\n<h2 class=\"c_t \"><a href=\"https:\/\/elpais.com\/ciencia\/2026-01-29\/estos-osos-polares-han-logrado-prosperar-en-un-mundo-que-se-queda-sin-hielo.html\">Estos osos polares han logrado prosperar en un mundo que se queda sin hielo<\/a><\/h2>\n<\/header>\n<\/article>\n<p> Source URL: https:\/\/elpais.com\/deportes\/2026-01-28\/despues-de-brooks-koepka-otra-estrella-deja-liv-patrick-reed.html<\/p>\n","protected":false},"excerpt":{"rendered":"<p>golf Despu\u00e9s de Brooks Koepka, otra estrella deja LIV: Patrick Reed El estadounidense, ganador del Masters en 2018, abandona la Liga saud\u00ed para volver al PGA Tour en 2027 Reed, ganador este pasado domingo en Dub\u00e1i.Altaf Qadri (AP) Juan Morenilla Madrid &#8211; 28 ene 2026 &#8211; 20:31CET Compartir en Whatsapp Compartir en Facebook Compartir en [&hellip;]<\/p>\n","protected":false},"author":1,"featured_media":1542772,"comment_status":"open","ping_status":"","sticky":false,"template":"","format":"standard","meta":{"footnotes":""},"categories":[88],"tags":[92],"class_list":["post-1542771","post","type-post","status-publish","format-standard","has-post-thumbnail","hentry","category-spain","tag-elpais-com"],"_links":{"self":[{"href":"https:\/\/analyse.optim.biz\/index.php?rest_route=\/wp\/v2\/posts\/1542771","targetHints":{"allow":["GET"]}}],"collection":[{"href":"https:\/\/analyse.optim.biz\/index.php?rest_route=\/wp\/v2\/posts"}],"about":[{"href":"https:\/\/analyse.optim.biz\/index.php?rest_route=\/wp\/v2\/types\/post"}],"author":[{"embeddable":true,"href":"https:\/\/analyse.optim.biz\/index.php?rest_route=\/wp\/v2\/users\/1"}],"replies":[{"embeddable":true,"href":"https:\/\/analyse.optim.biz\/index.php?rest_route=%2Fwp%2Fv2%2Fcomments&post=1542771"}],"version-history":[{"count":0,"href":"https:\/\/analyse.optim.biz\/index.php?rest_route=\/wp\/v2\/posts\/1542771\/revisions"}],"wp:featuredmedia":[{"embeddable":true,"href":"https:\/\/analyse.optim.biz\/index.php?rest_route=\/wp\/v2\/media\/1542772"}],"wp:attachment":[{"href":"https:\/\/analyse.optim.biz\/index.php?rest_route=%2Fwp%2Fv2%2Fmedia&parent=1542771"}],"wp:term":[{"taxonomy":"category","embeddable":true,"href":"https:\/\/analyse.optim.biz\/index.php?rest_route=%2Fwp%2Fv2%2Fcategories&post=1542771"},{"taxonomy":"post_tag","embeddable":true,"href":"https:\/\/analyse.optim.biz\/index.php?rest_route=%2Fwp%2Fv2%2Ftags&post=1542771"}],"curies":[{"name":"wp","href":"https:\/\/api.w.org\/{rel}","templated":true}]}}