{"id":1542764,"date":"2026-01-29T10:58:15","date_gmt":"2026-01-29T07:58:15","guid":{"rendered":"https:\/\/analyse.optim.biz\/?p=1542764"},"modified":"2026-01-29T10:58:15","modified_gmt":"2026-01-29T07:58:15","slug":"sorteo-de-champions-tras-una-vibrante-ultima-jornada-de-fase-de-liga-que-pasara-el-viernes","status":"publish","type":"post","link":"https:\/\/analyse.optim.biz\/?p=1542764","title":{"rendered":"Sorteo de Champions: tras una vibrante \u00faltima jornada de fase de liga, \u00bfqu\u00e9 pasar\u00e1 el viernes?"},"content":{"rendered":"<article id=\"main-content\" class=\"a _g _g-lg _g-o\">\n<header class=\"a_e _g _g-xs\">\n<div class=\"a_e_txt _df\">\n<div class=\"a_k _df\"><a class=\"a_k_n\" href=\"https:\/\/elpais.com\/noticias\/champions-league\/\">Champions League<\/a><\/div>\n<h1 class=\"a_t\">Sorteo de Champions: tras una vibrante \u00faltima jornada de fase de liga, \u00bfqu\u00e9 pasar\u00e1 el viernes?<\/h1>\n<p class=\"a_st\">El Real Madrid tiene como posibles rivales al Benfica (otra vez) o al Bodo Glimt, mientras que el Atl\u00e9tico se enfrentar\u00e1 al Brujas o al Galatasaray<\/p>\n<\/div>\n<div class=\"a_e_m\">\n<figure class=\"a_m a_m-h \"><span class=\"a_m_w _db\"><img fetchpriority=\"high\" decoding=\"async\" alt=\"Sorteo de Champions League\" class=\"_re  a_m-h\" height=\"276\" width=\"414\" src=\"https:\/\/analyse.optim.biz\/wp-content\/uploads\/2026\/01\/ys3rgd5bhfp6tgq67sx624ronu-1.jpg\" loading=\"eager\" title=\"ys3rgd5bhfp6tgq67sx624ronu-1\"><\/span><figcaption class=\"a_m_p\" aria-hidden=\"true\"><span>Los jugadores del Benfica celebran la victoria en Champions ante el Real Madrid.<\/span><span class=\"a_m_m\">AFP7 v\u00eda Europa Press (AFP7 v\u00eda Europa Press)<\/span><\/figcaption><\/figure>\n<\/div>\n<\/header>\n<div class=\"a_md _g _g-xs \">\n<figure class=\"a_md_i a_m-h c_m--nf\"><span class=\"a_m_w _db\"><img decoding=\"async\" alt=\"J. M. Ben\u00edtez\" class=\"_re lazyload a_m-h\" height=\"100\" width=\"100\" src=\"https:\/\/analyse.optim.biz\/wp-content\/uploads\/2026\/01\/https3a2f2fauthor-service-images-prod-us-east-1-publishing-aws_-arc_-pub2fprisa2f66c07aa1-4d11-4628-8880-df2e98fff2da-3.jpg\" loading=\"lazy\" title=\"https3a2f2fauthor-service-images-prod-us-east-1-publishing-aws_-arc_-pub2fprisa2f66c07aa1-4d11-4628-8880-df2e98fff2da-3\"><\/span><\/figure>\n<div class=\"a_md_txt\">\n<div class=\"a_md_a\" data-dtm-region=\"articulo_firma\"><a href=\"https:\/\/elpais.com\/autor\/jose-miguel-benitez-gomez\/#?rel=author_top\" title=\"Ver todas las noticias de J. M. Ben\u00edtez\" class=\"a_md_a_n\">J. M. Ben\u00edtez<\/a><\/div>\n<div class=\"a_md_f\"><span>Madrid &#8211; <a href=\"https:\/\/elpais.com\/hemeroteca\/2026-01-29\/\" data-date=\"2026-01-29T11:58:15+01:00\"><time data-date=\"2026-01-29T11:58:15+01:00\" datetime=\"2026-01-29T11:58:15+01:00\" id=\"article_date_p\">29 ene 2026 &#8211; 11:58<abbr title=\"Central European Time\">CET<\/abbr><\/time><\/a><\/span><\/div>\n<div class=\"w_rs\" data-dtm-region=\"articulo_botonera-social\">\n<div class=\"w_rs_i\"><a class=\"_btn hidden\" href=\"\/\/send?text=Sorteo%20de%20Champions%3A%20tras%20una%20vibrante%20%C3%BAltima%20jornada%20de%20fase%20de%20liga%2C%20%C2%BFqu%C3%A9%20pasar%C3%A1%20el%20viernes%3F%0D%0A%0D%0Ahttps%3A%2F%2Felpais.com%2Fdeportes%2Ffutbol%2F2026-01-29%2Fsorteo-de-champions-tras-una-vibrante-ultima-jornada-de-fase-de-grupos-que-pasara-el-viernes.html%3Fssm=whatsapp_CC\" data-action=\"share\/whatsapp\/share\" data-param-description=\"Sorteo de Champions: tras una vibrante \u00faltima jornada de fase de liga, \u00bfqu\u00e9 pasar\u00e1 el viernes?\" data-param-href=\"https:\/\/elpais.com\/deportes\/futbol\/2026-01-29\/sorteo-de-champions-tras-una-vibrante-ultima-jornada-de-fase-de-grupos-que-pasara-el-viernes.html\" data-param-text=\"Sorteo de Champions: tras una vibrante \u00faltima jornada de fase de liga, \u00bfqu\u00e9 pasar\u00e1 el viernes? https:\/\/elpais.com\/deportes\/futbol\/2026-01-29\/sorteo-de-champions-tras-una-vibrante-ultima-jornada-de-fase-de-grupos-que-pasara-el-viernes.html\" data-param-url=\"https:\/\/elpais.com\/deportes\/futbol\/2026-01-29\/sorteo-de-champions-tras-una-vibrante-ultima-jornada-de-fase-de-grupos-que-pasara-el-viernes.html\" target=\"_blank\" rel=\"noopener noreferrer\" data-share-track-dtm=\"whatsapp\" id=\"btn_share_whatsapp_380\"><span class=\"_sr\">Compartir en Whatsapp<\/span><\/a><\/div>\n<div class=\"w_rs_i\"><a class=\"_btn \" href=\"https:\/\/www.facebook.com\/dialog\/share?display=popup&amp;app_id=94039431626&amp;href=https%3A%2F%2Felpais.com%2Fdeportes%2Ffutbol%2F2026-01-29%2Fsorteo-de-champions-tras-una-vibrante-ultima-jornada-de-fase-de-grupos-que-pasara-el-viernes.html%3Fssm=FB_CC&amp;quote=Sorteo%20de%20Champions%3A%20tras%20una%20vibrante%20%C3%BAltima%20jornada%20de%20fase%20de%20liga%2C%20%C2%BFqu%C3%A9%20pasar%C3%A1%20el%20viernes%3F\" data-param-app_id=\"94039431626\" data-param-description=\"Sorteo de Champions: tras una vibrante \u00faltima jornada de fase de liga, \u00bfqu\u00e9 pasar\u00e1 el viernes?\" data-param-href=\"https:\/\/elpais.com\/deportes\/futbol\/2026-01-29\/sorteo-de-champions-tras-una-vibrante-ultima-jornada-de-fase-de-grupos-que-pasara-el-viernes.html\" data-param-text=\"Sorteo de Champions: tras una vibrante \u00faltima jornada de fase de liga, \u00bfqu\u00e9 pasar\u00e1 el viernes?\" data-param-url=\"https:\/\/elpais.com\/deportes\/futbol\/2026-01-29\/sorteo-de-champions-tras-una-vibrante-ultima-jornada-de-fase-de-grupos-que-pasara-el-viernes.html\" target=\"_blank\" rel=\"noopener noreferrer\" data-share-track-dtm=\"facebook\" id=\"btn_share_facebook_380\"><span class=\"_sr\">Compartir en Facebook<\/span><\/a><\/div>\n<div class=\"w_rs_i\"><a class=\"_btn \" href=\"https:\/\/twitter.com\/intent\/tweet?url=https%3A%2F%2Felpais.com%2Fdeportes%2Ffutbol%2F2026-01-29%2Fsorteo-de-champions-tras-una-vibrante-ultima-jornada-de-fase-de-grupos-que-pasara-el-viernes.html%3Fssm=TW_CC&amp;text=Sorteo%20de%20Champions%3A%20tras%20una%20vibrante%20%C3%BAltima%20jornada%20de%20fase%20de%20liga%2C%20%C2%BFqu%C3%A9%20pasar%C3%A1%20el%20viernes%3F&amp;via=el_pais&amp;lang=es\" data-param-description=\"Sorteo de Champions: tras una vibrante \u00faltima jornada de fase de liga, \u00bfqu\u00e9 pasar\u00e1 el viernes?\" data-param-href=\"https:\/\/elpais.com\/deportes\/futbol\/2026-01-29\/sorteo-de-champions-tras-una-vibrante-ultima-jornada-de-fase-de-grupos-que-pasara-el-viernes.html\" data-param-text=\"Sorteo de Champions: tras una vibrante \u00faltima jornada de fase de liga, \u00bfqu\u00e9 pasar\u00e1 el viernes? via @el_pais\" data-param-url=\"https:\/\/elpais.com\/deportes\/futbol\/2026-01-29\/sorteo-de-champions-tras-una-vibrante-ultima-jornada-de-fase-de-grupos-que-pasara-el-viernes.html\" target=\"_blank\" rel=\"noopener noreferrer\" data-share-track-dtm=\"twitter\" id=\"btn_share_twitter_380\"><span class=\"_sr\">Compartir en Twitter<\/span><\/a><\/div>\n<div class=\"w_rs_i\"><a class=\"_btn \" href=\"https:\/\/bsky.app\/intent\/compose?text=https%3A%2F%2Felpais.com%2Fdeportes%2Ffutbol%2F2026-01-29%2Fsorteo-de-champions-tras-una-vibrante-ultima-jornada-de-fase-de-grupos-que-pasara-el-viernes.html%3Fssm=bsky_CC\" data-param-description=\"Sorteo de Champions: tras una vibrante \u00faltima jornada de fase de liga, \u00bfqu\u00e9 pasar\u00e1 el viernes?\" data-param-href=\"https:\/\/elpais.com\/deportes\/futbol\/2026-01-29\/sorteo-de-champions-tras-una-vibrante-ultima-jornada-de-fase-de-grupos-que-pasara-el-viernes.html\" data-param-text=\"Sorteo de Champions: tras una vibrante \u00faltima jornada de fase de liga, \u00bfqu\u00e9 pasar\u00e1 el viernes?\" data-param-url=\"https:\/\/elpais.com\/deportes\/futbol\/2026-01-29\/sorteo-de-champions-tras-una-vibrante-ultima-jornada-de-fase-de-grupos-que-pasara-el-viernes.html\" target=\"_blank\" rel=\"noopener noreferrer\" data-share-track-dtm=\"bluesky\" id=\"btn_share_bluesky_380\"><span class=\"_sr\">Compartir en Bluesky<\/span><\/a><\/div>\n<div class=\"w_rs_i\"><a class=\"_btn \" href=\"https:\/\/www.linkedin.com\/sharing\/share-offsite\/?url=https%3A%2F%2Felpais.com%2Fdeportes%2Ffutbol%2F2026-01-29%2Fsorteo-de-champions-tras-una-vibrante-ultima-jornada-de-fase-de-grupos-que-pasara-el-viernes.html%3Fssm=LK_CC\" data-param-description=\"Sorteo de Champions: tras una vibrante \u00faltima jornada de fase de liga, \u00bfqu\u00e9 pasar\u00e1 el viernes?\" data-param-href=\"https:\/\/elpais.com\/deportes\/futbol\/2026-01-29\/sorteo-de-champions-tras-una-vibrante-ultima-jornada-de-fase-de-grupos-que-pasara-el-viernes.html\" data-param-text=\"Sorteo de Champions: tras una vibrante \u00faltima jornada de fase de liga, \u00bfqu\u00e9 pasar\u00e1 el viernes?\" data-param-url=\"https:\/\/elpais.com\/deportes\/futbol\/2026-01-29\/sorteo-de-champions-tras-una-vibrante-ultima-jornada-de-fase-de-grupos-que-pasara-el-viernes.html\" target=\"_blank\" rel=\"noopener noreferrer\" data-share-track-dtm=\"linkedin\" id=\"btn_share_linkedin_380\"><span class=\"_sr\">Compartir en Linkedin<\/span><\/a><\/div>\n<div class=\"w_rs_i\"><a class=\"_btn rs_l\" href=\"https:\/\/elpais.com\/deportes\/futbol\/2026-01-29\/sorteo-de-champions-tras-una-vibrante-ultima-jornada-de-fase-de-grupos-que-pasara-el-viernes.html#?prm=copy_link\" data-share-track-dtm=\"copiar_url\" id=\"btn_share_link_21\"><span class=\"_sr\">Copiar enlace<\/span><\/a><\/div>\n<div class=\"w_rs_i\"><a class=\"_btn rs_c\" href=\"https:\/\/elpais.com\/deportes\/futbol\/2026-01-29\/sorteo-de-champions-tras-una-vibrante-ultima-jornada-de-fase-de-grupos-que-pasara-el-viernes.html#comments_container\" aria-expanded=\"false\" aria-controls=\"me-c\" data-share-track-dtm=\"eskup\" id=\"btn_share_comments_21\"><span class=\"_sr\">Ir a los comentarios<\/span><\/a><\/div>\n<\/div>\n<\/div>\n<\/div>\n<div class=\"a_c clearfix\" data-dtm-region=\"articulo_cuerpo\">\n<p class>Por segundo a\u00f1o desde el cambio de formato en la Champions League, la \u00faltima jornada de la fase de liga dej\u00f3 una noche vibrante y de locura donde un gol lo cambiaba todo. Una primera fase donde <a href=\"https:\/\/elpais.com\/deportes\/futbol\/2026-01-28\/la-premier-manda-en-la-champions.html\" target=\"_self\" rel title=\"https:\/\/elpais.com\/deportes\/futbol\/2026-01-28\/la-premier-manda-en-la-champions.html\">los equipos ingleses han dominado tras ocupar cinco plazas de las ocho<\/a> que dan acceso directo a octavos de final, a los que se les han unido Bar\u00e7a, Bayern y Sporting de Portugal. El Real Madrid, que lo ten\u00eda de cara para entrar en el preciado top-8, cay\u00f3 en su visita a Lisboa (4-2) y tendr\u00e1 que jugar el <i>play-off <\/i>eliminatorio; al igual que el Atl\u00e9tico, que perdi\u00f3 en el Metropolitano ante el heroico y osado Bodo Glimt (1-2). Este viernes 30 de febrero a partir de las 12.00 se conocer\u00e1n los enfrentamientos de esta ronda eliminatoria que da acceso a los octavos de final.<\/p>\n<p class>Al conjunto dirigido por Arbeloa le bastaba con un empate en el Estadio Da Luz para evitar el <i>play-off<\/i>.<a href=\"https:\/\/elpais.com\/deportes\/futbol\/2026-01-28\/lisboa-ya-no-quiere-al-real-madrid-el-benfica-le-deja-fuera-del-top-8.html\" target=\"_self\" rel title=\"https:\/\/elpais.com\/deportes\/futbol\/2026-01-28\/lisboa-ya-no-quiere-al-real-madrid-el-benfica-le-deja-fuera-del-top-8.html\"> Incluso con la derrota<\/a> lleg\u00f3 a estar dentro de los ocho primeros clasificados, pero el gol del Sporting de Portugal ante el Athletic al final del encuentro en San Mam\u00e9s dej\u00f3 fuera a los blancos. El Benfica, pese a la victoria que estaba cosechando ante el Madrid por 3-2 en el marcador, estaba eliminado en un triple empate en el <i>goal average<\/i> con el Marsella y el Pafos. Pero un ag\u00f3nico gol de cabeza del portero Trubin en la \u00faltima jugada del partido rompi\u00f3 la clasificaci\u00f3n y meti\u00f3 a los de Mourinho en el <i>play-off<\/i>. Un partido de locura que podr\u00e1 repetirse, ya que el Madrid tiene como posibles rivales en el sorteo a los portugueses o al verdugo del Atl\u00e9tico, el Bodo Glimt. En unos hipot\u00e9ticos octavos de final, cuyo sorteo se celebrar\u00e1 el pr\u00f3ximo 27 de febrero, los blancos se enfrentar\u00edan al Sporting de Portugal o al Manchester City, con el que cay\u00f3 en la fase de liga por 1-2 en el Bernab\u00e9u.<\/p>\n<p class>Los de Simeone ten\u00edan en su mano la clasificaci\u00f3n entre los ocho primeros ante el conjunto noruego, que ha demostrado mucho car\u00e1cter en esta fase de Liga. Los rojiblancos comenzaron ganando y abriendo el camino hacia el top-8, <a href=\"https:\/\/elpais.com\/deportes\/futbol\/2026-01-28\/el-bodo-glimt-sonroja-y-enfria-a-un-atletico-sin-gol-y-fragil.html\" target=\"_self\" rel title=\"https:\/\/elpais.com\/deportes\/futbol\/2026-01-28\/el-bodo-glimt-sonroja-y-enfria-a-un-atletico-sin-gol-y-fragil.html\">pero el Bodo consigui\u00f3 una remontada<\/a> que les permiti\u00f3 entrar dentro de los 24 clasificados. El Atl\u00e9tico, que termin\u00f3 14\u00ba, tendr\u00e1 como posibles rivales al Brujas o al Galatasaray, equipo con el que empat\u00f3 (1-1) en la jornada 7. En caso de pasar de ronda, los de Simeone se medir\u00edan en octavos a Tottenham o Liverpool, con el que ya perdieron en el \u00faltimo suspiro en la fase de liga en Anfield por 3-2.<\/p>\n<p class>El <a href=\"https:\/\/elpais.com\/deportes\/futbol\/2026-01-28\/la-delantera-avala-al-barca-cuatro-goles-al-copenhague-le-meten-en-el-top-8.html\" target=\"_self\" rel title=\"https:\/\/elpais.com\/deportes\/futbol\/2026-01-28\/la-delantera-avala-al-barca-cuatro-goles-al-copenhague-le-meten-en-el-top-8.html\">Barcelona hizo los deberes en casa ante el Copenhague<\/a> con una contundente victoria en la que remont\u00f3 en la segunda parte el gol inicial de los daneses. Los de Flick van de la mano del Chelsea en el sorteo de los octavos el 27 de febrero y tienen cuatro posibles rivales. M\u00f3naco, Qarabag, Newcastle y el m\u00e1s destacado, el PSG de Luis Enrique. El conjunto azulgrana podr\u00eda reeditar un enfrentamiento en esta edici\u00f3n ante su exentrenador, contra el que cay\u00f3 en el Camp Nou por 1-2 con un gol de Gon\u00e7alo Ramos en el minuto 90.<\/p>\n<p class>En Par\u00eds, <a href=\"https:\/\/elpais.com\/deportes\/futbol\/2026-01-28\/psg-y-newcastle-chocan-y-se-van-juntos-el-purgatorio-de-los-dieciseisavos.html\" target=\"_self\" rel title=\"https:\/\/elpais.com\/deportes\/futbol\/2026-01-28\/psg-y-newcastle-chocan-y-se-van-juntos-el-purgatorio-de-los-dieciseisavos.html\">PSG y Newcastle jugaban un todo o nada<\/a> para entrar entre los ocho primeros en un duelo directo. Durante gran parte del partido, el empate les val\u00eda a ambos, pero un gol lo cambia todo en este formato y ambos quedaron fuera del top-8. Ambos son pareja para el sorteo y tendr\u00e1n los mismos posibles rivales, el M\u00f3naco y el Qarabag.<\/p>\n<\/div>\n<div id=\"me-dis\" class=\"me _pf\">\n<div class=\"me_bg\">\n<div class=\"me-dis _pa _df\">\n<div class=\"me-dis_c\">\n<h2 class=\"me-dis_t\">Tu suscripci\u00f3n se est\u00e1 usando en otro dispositivo<\/h2>\n<p>\u00bfQuieres a\u00f1adir otro usuario a tu suscripci\u00f3n?<\/p>\n<div class=\"me-dis_l\"><a href=\"https:\/\/elpais.com\/suscripciones\/premium\/upgrade\/?utm_source=autopromo&amp;utm_medium=interno&amp;utm_campaign=YYYY_MM_capping_upgrade\" id=\"capping-upgrade\" class=\"btn\">A\u00f1adir usuario<\/a><a href=\"https:\/\/elpais.com\/deportes\/futbol\/2026-01-29\/sorteo-de-champions-tras-una-vibrante-ultima-jornada-de-fase-de-grupos-que-pasara-el-viernes.html\" id=\"capping-continue\" class=\"btn btn-b\">Continuar leyendo aqu\u00ed<\/a><\/div>\n<p>Si contin\u00faas leyendo en este dispositivo, no se podr\u00e1 leer en el otro.<\/p>\n<p class=\"lk\"><a href=\"https:\/\/elpais.com\/deportes\/futbol\/2026-01-29\/sorteo-de-champions-tras-una-vibrante-ultima-jornada-de-fase-de-grupos-que-pasara-el-viernes.html\" id=\"capping-show-more-button\">\u00bfPor qu\u00e9 est\u00e1s viendo esto?<\/a><\/p>\n<p><span class=\"arrow\" id=\"capping-arrow\">Flecha<\/span><\/p>\n<div class=\"me-dis_d\">\n<div class=\"me-dis_d_t\">\n<h2 class=\"enc\">Tu suscripci\u00f3n se est\u00e1 usando en otro dispositivo y solo puedes acceder a EL PA\u00cdS desde un dispositivo a la vez.<\/h2>\n<div class=\"tx\">\n<p>Si quieres compartir tu cuenta, cambia tu suscripci\u00f3n a la modalidad Premium, as\u00ed podr\u00e1s a\u00f1adir otro usuario. Cada uno acceder\u00e1 con su propia cuenta de email, lo que os permitir\u00e1 personalizar vuestra experiencia en EL PA\u00cdS.<\/p>\n<p>\u00bfTienes una suscripci\u00f3n de empresa? Accede <a target=\"_blank\" rel=\"noreferrer\" href=\"https:\/\/elpais.com\/suscripciones\/premium\/upgrade\/\">aqu\u00ed<\/a> para contratar m\u00e1s cuentas.<\/p>\n<p>En el caso de no saber qui\u00e9n est\u00e1 usando tu cuenta, te recomendamos cambiar tu contrase\u00f1a <a target=\"_blank\" rel=\"noreferrer\" href=\"https:\/\/elpais.com\/subscriptions\/#\/forgot-password\">aqu\u00ed.<\/a><\/p>\n<p>Si decides continuar compartiendo tu cuenta, este mensaje se mostrar\u00e1 en tu dispositivo y en el de la otra persona que est\u00e1 usando tu cuenta de forma indefinida, afectando a tu experiencia de lectura. Puedes <a target=\"_blank\" rel=\"noreferrer\" href=\"https:\/\/elpais.com\/suscripciones\/condiciones-generales-servicios\/\">consultar aqu\u00ed los t\u00e9rminos y condiciones de la suscripci\u00f3n digital.<\/a><\/p>\n<\/div>\n<\/div>\n<\/div>\n<\/div>\n<\/div>\n<\/div>\n<\/div>\n<aside class=\"w w-sea\">\n<h2 class=\"w_t\">Sobre la firma<\/h2>\n<div class=\"w_b\">\n<div class=\"_g _g-xs\">\n<figure class=\"w-sea_f a_m-h c_m--nf\"><span class=\"a_m_w _db\"><img decoding=\"async\" alt=\"J. M. Ben\u00edtez\" class=\"_re lazyload a_m-h\" height=\"100\" width=\"100\" src=\"https:\/\/analyse.optim.biz\/wp-content\/uploads\/2026\/01\/https3a2f2fauthor-service-images-prod-us-east-1-publishing-aws_-arc_-pub2fprisa2f66c07aa1-4d11-4628-8880-df2e98fff2da-3.jpg\" loading=\"lazy\" title=\"https3a2f2fauthor-service-images-prod-us-east-1-publishing-aws_-arc_-pub2fprisa2f66c07aa1-4d11-4628-8880-df2e98fff2da-3\"><\/span><\/figure>\n<div class=\"w-sea_txt\">\n<div class=\"_df\">\n<div class=\"w-sea_txt_na\"><a href=\"https:\/\/elpais.com\/autor\/jose-miguel-benitez-gomez\/\" rel=\"autor_bottom\">J. M. Ben\u00edtez<\/a><\/div>\n<\/div>\n<div class=\"w-sea_txt_da _dn\">Licenciado en Periodismo en la Facultad de Comunicaci\u00f3n de la Universidad de Sevilla (2018-2022). Actualmente cursa el m\u00e1ster de Periodismo UAM &#8211; EL PA\u00cdS en la secci\u00f3n de Deportes.<\/div>\n<\/div>\n<\/div>\n<\/div>\n<\/aside>\n<aside class=\"w w-fid\">\n<div class=\"w_b\">\n<div class=\"w-fid_t\"><a href=\"https:\/\/plus.elpais.com\/newsletters\/lnp\/1\/349\/#?prm=not_newsletters_deportes\">Recibe el bolet\u00edn de Deportes<\/a><\/div>\n<div class=\"w-fid_s\">\n<div class=\"w_rs\">\n<div class=\"w_rs_i\"><a class=\"_btn\" href=\"https:\/\/www.facebook.com\/elpais\" rel=\"nofollow\"><span class=\"_sr\">Deportes El Pa\u00eds en Facebook<\/span><\/a><\/div>\n<div class=\"w_rs_i\"><a class=\"_btn\" href=\"https:\/\/www.instagram.com\/el_pais\/\" rel=\"nofollow\"><span class=\"_sr\">Deportes El Pa\u00eds en Instagram<\/span><\/a><\/div>\n<div class=\"w_rs_i\"><a class=\"_btn\" href=\"https:\/\/twitter.com\/elpais_deportes\" rel=\"nofollow\"><span class=\"_sr\">Deportes El Pa\u00eds en Twitter<\/span><\/a><\/div>\n<\/div>\n<\/div>\n<\/div>\n<\/aside>\n<aside class=\"a_com w w-com _df\"><a class=\"a_com_l\" href=\"https:\/\/elpais.com\/info\/normas-de-participacion\/\">Normas \u203a<\/a><\/aside>\n<div class=\"me _pf\" id=\"me-c\">\n<div class=\"me_bg\">\n<div class=\"me-c _pa\" id=\"comments_container\" data-dtm-region=\"articulo_comentarios\">\n<div class=\"me_f me_f-os me_cc\"><a href=\"https:\/\/plus.elpais.com\/perfil\/actividad\/\">Mis comentarios<\/a><a href=\"https:\/\/elpais.com\/info\/normas-de-participacion\/\">Normas<\/a><\/div>\n<div class=\"me_f me_f-ns\"><span class=\"me_f_txt _db\">Rellena tu <b>nombre y apellido<\/b> para comentar<\/span><a href=\"https:\/\/plus.elpais.com\/autorization.html\/?prod=COM&amp;backURL=https%3A%2F%2Felpais.com%2Fdeportes%2Ffutbol%2F2026-01-29%2Fsorteo-de-champions-tras-una-vibrante-ultima-jornada-de-fase-de-grupos-que-pasara-el-viernes.html\" class=\"btn btn-2\">completar datos<\/a><\/div>\n<div class=\"me_f\" id=\"comments_msg\"><a class=\"btn btn-2\" href=\"https:\/\/elpais.com\/suscripciones\/#\/campaign?prod=SUSDIGCRART&amp;o=COM&amp;prm=suscrip_articulo_comentarios_el-pais&amp;backURL=https%3A%2F%2Felpais.com%2Fdeportes%2Ffutbol%2F2026-01-29%2Fsorteo-de-champions-tras-una-vibrante-ultima-jornada-de-fase-de-grupos-que-pasara-el-viernes.html\" id=\"comments_subscribe_link\" data-link-am=\"https:\/\/elpais.com\/suscripciones\/america\/#\/campaign?prod=SUSDIGCRARTAM&amp;o=COMAM&amp;prm=suscrip_articulo_comentarios_el-pais-america&amp;backURL=https%3A%2F%2Felpais.com%2Fdeportes%2Ffutbol%2F2026-01-29%2Fsorteo-de-champions-tras-una-vibrante-ultima-jornada-de-fase-de-grupos-que-pasara-el-viernes.html\" data-link-mx=\"https:\/\/elpais.com\/suscripciones\/america\/#\/campaign?prod=SUSDIGMX&amp;o=COMMX&amp;prm=suscrip_articulo_comentarios_el-pais-mexico&amp;backURL=https%3A%2F%2Felpais.com%2Fdeportes%2Ffutbol%2F2026-01-29%2Fsorteo-de-champions-tras-una-vibrante-ultima-jornada-de-fase-de-grupos-que-pasara-el-viernes.html\" data-link-co=\"https:\/\/elpais.com\/suscripciones\/america\/#\/campaign?prod=SUSDIGCOL&amp;o=COMCOL&amp;prm=suscrip_articulo_comentarios_el-pais_colombia&amp;backURL=https%3A%2F%2Felpais.com%2Fdeportes%2Ffutbol%2F2026-01-29%2Fsorteo-de-champions-tras-una-vibrante-ultima-jornada-de-fase-de-grupos-que-pasara-el-viernes.html\" data-link-ar=\"https:\/\/elpais.com\/suscripciones\/america\/#\/campaign?prod=SUSDIGCRARTAR&amp;o=COMAR&amp;backURL=https%3A%2F%2Felpais.com%2Fdeportes%2Ffutbol%2F2026-01-29%2Fsorteo-de-champions-tras-una-vibrante-ultima-jornada-de-fase-de-grupos-que-pasara-el-viernes.html\" data-link-cl=\"https:\/\/elpais.com\/suscripciones\/america\/#\/campaign?prod=SUSDIGCHILE&amp;o=COMCHILE&amp;backURL=https%3A%2F%2Felpais.com%2Fdeportes%2Ffutbol%2F2026-01-29%2Fsorteo-de-champions-tras-una-vibrante-ultima-jornada-de-fase-de-grupos-que-pasara-el-viernes.html\" data-link-us=\"https:\/\/elpais.com\/suscripciones\/america\/#\/campaign?prod=SUSDIGCRARTEUCAN&amp;o=COMUS&amp;prm=suscrip_articulo_comentarios_el-pais_eucan&amp;backURL=https%3A%2F%2Felpais.com%2Fdeportes%2Ffutbol%2F2026-01-29%2Fsorteo-de-champions-tras-una-vibrante-ultima-jornada-de-fase-de-grupos-que-pasara-el-viernes.html\">Suscr\u00edbete en El Pa\u00eds para participar<\/a><a class=\"btn btn-3\" href=\"https:\/\/elpais.com\/subscriptions\/#\/sign-in?prod=REG&amp;o=COM&amp;prm=login_articulo_comentarios_el-pais&amp;backURL=https%3A%2F%2Felpais.com%2Fdeportes%2Ffutbol%2F2026-01-29%2Fsorteo-de-champions-tras-una-vibrante-ultima-jornada-de-fase-de-grupos-que-pasara-el-viernes.html\" id=\"comments_login_link\" data-link-am=\"https:\/\/elpais.com\/subscriptions\/#\/sign-in?prod=REG&amp;o=COM&amp;prm=login_articulo_comentarios_el-pais-america&amp;backURL=https%3A%2F%2Felpais.com%2Fdeportes%2Ffutbol%2F2026-01-29%2Fsorteo-de-champions-tras-una-vibrante-ultima-jornada-de-fase-de-grupos-que-pasara-el-viernes.html\" data-link-mx=\"https:\/\/elpais.com\/subscriptions\/#\/sign-in?prod=REG&amp;o=COM&amp;prm=login_articulo_comentarios_el-pais-mexico&amp;backURL=https%3A%2F%2Felpais.com%2Fdeportes%2Ffutbol%2F2026-01-29%2Fsorteo-de-champions-tras-una-vibrante-ultima-jornada-de-fase-de-grupos-que-pasara-el-viernes.html\" data-link-co=\"https:\/\/elpais.com\/subscriptions\/#\/sign-in?prod=REG&amp;o=COM&amp;backURL=https%3A%2F%2Felpais.com%2Fdeportes%2Ffutbol%2F2026-01-29%2Fsorteo-de-champions-tras-una-vibrante-ultima-jornada-de-fase-de-grupos-que-pasara-el-viernes.html\" data-link-ar=\"https:\/\/elpais.com\/subscriptions\/#\/sign-in?prod=REG&amp;o=COM&amp;backURL=https%3A%2F%2Felpais.com%2Fdeportes%2Ffutbol%2F2026-01-29%2Fsorteo-de-champions-tras-una-vibrante-ultima-jornada-de-fase-de-grupos-que-pasara-el-viernes.html\" data-link-cl=\"https:\/\/elpais.com\/subscriptions\/#\/sign-in?prod=REG&amp;o=COM&amp;backURL=https%3A%2F%2Felpais.com%2Fdeportes%2Ffutbol%2F2026-01-29%2Fsorteo-de-champions-tras-una-vibrante-ultima-jornada-de-fase-de-grupos-que-pasara-el-viernes.html\" data-link-us=\"https:\/\/elpais.com\/subscriptions\/#\/sign-in?prod=REG&amp;o=COM&amp;backURL=https%3A%2F%2Felpais.com%2Fdeportes%2Ffutbol%2F2026-01-29%2Fsorteo-de-champions-tras-una-vibrante-ultima-jornada-de-fase-de-grupos-que-pasara-el-viernes.html\">Ya tengo una suscripci\u00f3n<\/a><\/div>\n<p>Please enable JavaScript to view the &lt;a href=&#8221;https:\/\/disqus.com\/?ref_noscript&#8221; rel=&#8221;nofollow&#8221;&gt; comments powered by Disqus.&lt;\/a&gt;<\/p><\/div>\n<\/div>\n<\/div>\n<aside class=\"w w-rel\" data-dtm-region=\"articulo_mas-informacion\">\n<h2 class=\"w_t\">M\u00e1s informaci\u00f3n<\/h2>\n<ul class=\"w_b _ls\">\n<li class=\"_g _g-xs w-rel_n\">\n<div class=\" a_m-h c_m--nf\"><span class=\"_db _pr\"><img decoding=\"async\" class=\"_re lazyload a_m-h\" height=\"311\" width=\"414\" src=\"https:\/\/analyse.optim.biz\/wp-content\/uploads\/2026\/01\/graqraeyyzm43kypk2et42clhe-2.jpg\" loading=\"lazy\" title=\"graqraeyyzm43kypk2et42clhe-2\"><\/span><\/div>\n<div class=\"nt\">\n<h3 class=\"nt_t\"><a href=\"https:\/\/elpais.com\/deportes\/futbol\/2026-01-28\/lisboa-ya-no-quiere-al-real-madrid-el-benfica-le-deja-fuera-del-top-8.html#?rel=mas\">Lisboa ya no quiere al Real Madrid: el Benfica le deja fuera del \u2018top 8\u2032<\/a><\/h3>\n<div class=\"nt_a\"><a href=\"https:\/\/elpais.com\/autor\/david-alvarez-gonzalez\/\" title=\"Ver todas las noticias de David \u00c1lvarez\">David \u00c1lvarez<\/a><\/div>\n<\/div>\n<\/li>\n<li class=\"_g _g-xs w-rel_n\">\n<div class=\" a_m-h c_m--nf\"><span class=\"_db _pr\"><img decoding=\"async\" class=\"_re lazyload a_m-h\" height=\"311\" width=\"414\" src=\"https:\/\/analyse.optim.biz\/wp-content\/uploads\/2026\/01\/npp5db2xvnc43lqjmp4s3wokzu-3.jpg\" loading=\"lazy\" title=\"npp5db2xvnc43lqjmp4s3wokzu-3\"><\/span><\/div>\n<div class=\"nt\">\n<h3 class=\"nt_t\"><a href=\"https:\/\/elpais.com\/deportes\/futbol\/2026-01-28\/el-bodo-glimt-sonroja-y-enfria-a-un-atletico-sin-gol-y-fragil.html#?rel=mas\">El Bodo Glimt sonroja y enfr\u00eda a un Atl\u00e9tico sin gol y fr\u00e1gil<\/a><\/h3>\n<div class=\"nt_a\"><a href=\"https:\/\/elpais.com\/autor\/ladislao-javier-monino-garcia\/\" title=\"Ver todas las noticias de Ladislao J. Mo\u00f1ino\">Ladislao J. Mo\u00f1ino<\/a> | Madrid<\/div>\n<\/div>\n<\/li>\n<\/ul>\n<\/aside>\n<section class=\"w w-ae\" data-dtm-region=\"articulo_archivado-en\">\n<h2 class=\"w_t\">Archivado En<\/h2>\n<div class=\"w_b\">\n<ul class=\"w_ul w_ul--mh _df _ls\">\n<li><a href=\"https:\/\/elpais.com\/noticias\/futbol\/#?rel=arch\" rel=\"noopener noreferrer\">F\u00fatbol<\/a><\/li>\n<li><a href=\"https:\/\/elpais.com\/noticias\/futbolistas\/#?rel=arch\" rel=\"noopener noreferrer\">Futbolistas<\/a><\/li>\n<li><a href=\"https:\/\/elpais.com\/noticias\/entrenadores\/#?rel=arch\" rel=\"noopener noreferrer\">Entrenadores<\/a><\/li>\n<li><a href=\"https:\/\/elpais.com\/noticias\/competiciones\/#?rel=arch\" rel=\"noopener noreferrer\">Competiciones<\/a><\/li>\n<li><a href=\"https:\/\/elpais.com\/noticias\/deportes\/#?rel=arch\" rel=\"noopener noreferrer\">Deportes<\/a><\/li>\n<li><a href=\"https:\/\/elpais.com\/noticias\/real-madrid\/#?rel=arch\" rel=\"noopener noreferrer\">Real Madrid<\/a><\/li>\n<li><a href=\"https:\/\/elpais.com\/noticias\/atletico-madrid\/#?rel=arch\" rel=\"noopener noreferrer\">Atl\u00e9tico de Madrid<\/a><\/li>\n<li><a href=\"https:\/\/elpais.com\/noticias\/fc-barcelona\/#?rel=arch\" rel=\"noopener noreferrer\">FC Barcelona<\/a><\/li>\n<li><a href=\"https:\/\/elpais.com\/noticias\/paris-saint-germain\/#?rel=arch\" rel=\"noopener noreferrer\">PSG<\/a><\/li>\n<li><a href=\"https:\/\/elpais.com\/noticias\/newcastle-united\/#?rel=arch\" rel=\"noopener noreferrer\">Newcastle United<\/a><\/li>\n<li><a href=\"https:\/\/elpais.com\/noticias\/inter-milan\/#?rel=arch\" rel=\"noopener noreferrer\">Inter Milan<\/a><\/li>\n<li><a href=\"https:\/\/elpais.com\/noticias\/benfica\/#?rel=arch\" rel=\"noopener noreferrer\">Benfica<\/a><\/li>\n<li><a href=\"https:\/\/elpais.com\/noticias\/bodo-glimt\/#?rel=arch\" rel=\"noopener noreferrer\">Bodo Glimt<\/a><\/li>\n<li><a href=\"https:\/\/elpais.com\/noticias\/brujas-fc\/#?rel=arch\" rel=\"noopener noreferrer\">Brujas FC<\/a><\/li>\n<li><a href=\"https:\/\/elpais.com\/noticias\/galatasaray\/#?rel=arch\" rel=\"noopener noreferrer\">Galatasaray<\/a><\/li>\n<li><a href=\"https:\/\/elpais.com\/noticias\/champions-league\/#?rel=arch\" rel=\"noopener noreferrer\">Champions League<\/a><\/li>\n<li><a href=\"https:\/\/elpais.com\/noticias\/liga-campeones\/#?rel=arch\" rel=\"noopener noreferrer\">Liga Campeones<\/a><\/li>\n<\/ul>\n<\/div>\n<\/section>\n<aside class=\"a_tp _df\">\n<div class=\"a_tp_txt\"><span class=\"a_tp_t\">Se adhiere a los criterios de<\/span><\/p>\n<figure class=\"a_m a_m-h c_m--nf\"><a class=\"a_tp_i _dib\" href=\"https:\/\/elpais.com\/estaticos\/que-es-the-trust-project\/\" target=\"_blank\" rel=\"noopener noreferrer nofollow\"><img decoding=\"async\" alt=\"The Trust Project\" class=\" lazyload a_m-h\" height=\"20\" width=\"117\" src=\"https:\/\/analyse.optim.biz\/wp-content\/uploads\/2026\/01\/the-trust-project-351.svg\" loading=\"lazy\" title=\"the-trust-project-351\"><\/a><\/figure>\n<p><a class=\"a_tp_mi\" href=\"https:\/\/elpais.com\/estaticos\/codigo-etico\/\" target=\"_blank\" rel=\"noopener noreferrer nofollow\">M\u00e1s informaci\u00f3n<\/a><\/div>\n<div class=\"a_tp_si\">Si est\u00e1 interesado en licenciar este contenido, pinche <a class=\"a_tp_si_l\" href=\"https:\/\/profesional.elpais.com\/soluciones-sindicacion\/?utm_medium=interno&amp;utm_source=crosslinking&amp;utm_campaign=sindicacion_ep_pie_articulos\" target=\"_blank\" rel=\"noopener noreferrer nofollow\">aqu\u00ed<\/a><\/div>\n<\/aside>\n<div class=\"a_o _pr\" data-dtm-region=\"articulo_right-rail\">\n<div id=\"elpais_gpt-MPU1\" data-adtype=\"MPU\" class=\"ad ad-mpu\"><span class=\"_dn\">_<\/span><\/div>\n<section class=\"w w-sc b_col\" data-dtm-region=\"articulo_ultimas-noticias\">\n<header class=\"w_h b_col_h\">\n<h3 class=\"w_t\"><a href=\"https:\/\/elpais.com\/ultimas-noticias\/\" rel=\"story-card-ultimas-noticias\">\u00daltimas noticias<\/a><\/h3>\n<\/header>\n<div class=\"w_b\">\n<article class=\"c  c--m-n   \" data-word=\"0\">\n<header class=\"c_h\"><time datetime=\"2026-01-29T17:25:34+01:00\" class=\"c_da\">17:25<\/time><\/p>\n<h2 class=\"c_t \"><a href=\"https:\/\/elpais.com\/america\/2026-01-29\/joseph-oughourlian-debemos-defender-el-pensamiento-critico-y-la-verdad-cueste-lo-que-cueste.html\">Joseph Oughourlian: \u201cDebemos defender el pensamiento cr\u00edtico y la verdad, cueste lo que cueste\u201d<\/a><\/h2>\n<\/header>\n<\/article>\n<article class=\"c  c--m-n   \" data-word=\"0\">\n<header class=\"c_h\"><time datetime=\"2026-01-29T17:24:19+01:00\" class=\"c_da\">17:24<\/time><\/p>\n<h2 class=\"c_t \"><a href=\"https:\/\/elpais.com\/america\/2026-01-29\/el-segundo-dia-del-foro-economico-internacional-de-america-latina-y-el-caribe-en-imagenes.html\">El segundo d\u00eda del Foro Econ\u00f3mico Internacional de Am\u00e9rica Latina y el Caribe, en im\u00e1genes<\/a><\/h2>\n<\/header>\n<\/article>\n<article class=\"c  c--m-n   \" data-word=\"0\">\n<header class=\"c_h\"><time datetime=\"2026-01-29T17:13:34+01:00\" class=\"c_da\">17:13<\/time><\/p>\n<h2 class=\"c_t \"><a href=\"https:\/\/elpais.com\/mexico\/2026-01-29\/harry-styles-suma-cinco-conciertos-en-mexico-nuevas-fechas-y-precios-de-los-boletos-en-el-estadio-gnp-seguros.html\">Harry Styles suma cinco conciertos en M\u00e9xico: nuevas fechas y precios de los boletos en el Estadio GNP Seguros<\/a><\/h2>\n<\/header>\n<\/article>\n<article class=\"c  c--m-n   \" data-word=\"0\">\n<header class=\"c_h\"><time datetime=\"2026-01-29T17:13:20+01:00\" class=\"c_da\">17:13<\/time><\/p>\n<h2 class=\"c_t \"><a href=\"https:\/\/elpais.com\/espana\/2026-01-29\/erc-y-junts-cargan-contra-el-gobierno-por-rodalies-pese-al-nuevo-plan-de-8000-millones-en-mejoras.html\">ERC y Junts cargan contra el Gobierno por Rodalies pese al nuevo plan de 8.000 millones en mejoras<\/a><\/h2>\n<\/header>\n<\/article>\n<\/div>\n<\/section>\n<aside class=\"w w-lmv\" data-dtm-region=\"articulo_lom\">\n<h2 class=\"w_t\"><a href=\"https:\/\/elpais.com\/lo-mas-visto\/\">Lo m\u00e1s visto<\/a><\/h2>\n<div class=\"w_b\">\n<ol class=\"_ls\">\n<li><a href=\"https:\/\/elpais.com\/economia\/2026-01-27\/trump-bendice-la-caida-del-dolar-va-muy-bien-miren-los-negocios-que-estamos-haciendo.html#?rel=lom\">Trump asegura que no le preocupa la ca\u00edda del d\u00f3lar: \u201cVa muy bien, miren los negocios que estamos haciendo\u201d<\/a><\/li>\n<li><a href=\"https:\/\/elpais.com\/internacional\/2026-01-28\/el-primer-ministro-groenlandes-la-casa-blanca-no-tiene-ni-idea-de-lo-que-es-groenlandia.html#?rel=lom\">El primer ministro groenland\u00e9s: \u201cLa Casa Blanca no tiene ni idea de lo que es Groenlandia\u201d<\/a><\/li>\n<li><a href=\"https:\/\/elpais.com\/espana\/catalunya\/2026-01-28\/el-traspaso-de-la-inmigracion-a-cataluna-se-abre-paso-junts-acepta-cambiar-el-preambulo-de-la-ley-que-rechazaba-podemos.html#?rel=lom\">El traspaso de la inmigraci\u00f3n a Catalu\u00f1a se abre paso: Junts acepta cambiar el pre\u00e1mbulo de la ley que rechazaba Podemos<\/a><\/li>\n<li><a href=\"https:\/\/elpais.com\/espana\/2026-01-27\/la-guardia-civil-investiga-a-un-hombre-por-robar-571-pinos-pinoneros-en-valladolid-y-utilizarlos-para-hacer-biomasa.html#?rel=lom\">La Guardia Civil investiga a un hombre por robar 571 pinos pi\u00f1oneros en Valladolid y utilizarlos para hacer biomasa<\/a><\/li>\n<li><a href=\"https:\/\/elpais.com\/internacional\/2026-01-28\/siete-jefes-de-estado-dejan-atras-las-diferencias-ideologicas-y-piden-una-integracion-latinoamericana.html#?rel=lom\">Siete jefes de Estado dejan atr\u00e1s las diferencias ideol\u00f3gicas y piden una integraci\u00f3n latinoamericana<\/a><\/li>\n<\/ol>\n<\/div>\n<\/aside>\n<\/div>\n<\/article>\n<article class=\"c  c--m-n   \" data-word=\"0\">\n<header class=\"c_h\"><time datetime=\"2026-01-29T17:25:34+01:00\" class=\"c_da\">17:25<\/time><\/p>\n<h2 class=\"c_t \"><a href=\"https:\/\/elpais.com\/america\/2026-01-29\/joseph-oughourlian-debemos-defender-el-pensamiento-critico-y-la-verdad-cueste-lo-que-cueste.html\">Joseph Oughourlian: \u201cDebemos defender el pensamiento cr\u00edtico y la verdad, cueste lo que cueste\u201d<\/a><\/h2>\n<\/header>\n<\/article>\n<article class=\"c  c--m-n   \" data-word=\"0\">\n<header class=\"c_h\"><time datetime=\"2026-01-29T17:24:19+01:00\" class=\"c_da\">17:24<\/time><\/p>\n<h2 class=\"c_t \"><a href=\"https:\/\/elpais.com\/america\/2026-01-29\/el-segundo-dia-del-foro-economico-internacional-de-america-latina-y-el-caribe-en-imagenes.html\">El segundo d\u00eda del Foro Econ\u00f3mico Internacional de Am\u00e9rica Latina y el Caribe, en im\u00e1genes<\/a><\/h2>\n<\/header>\n<\/article>\n<article class=\"c  c--m-n   \" data-word=\"0\">\n<header class=\"c_h\"><time datetime=\"2026-01-29T17:13:34+01:00\" class=\"c_da\">17:13<\/time><\/p>\n<h2 class=\"c_t \"><a href=\"https:\/\/elpais.com\/mexico\/2026-01-29\/harry-styles-suma-cinco-conciertos-en-mexico-nuevas-fechas-y-precios-de-los-boletos-en-el-estadio-gnp-seguros.html\">Harry Styles suma cinco conciertos en M\u00e9xico: nuevas fechas y precios de los boletos en el Estadio GNP Seguros<\/a><\/h2>\n<\/header>\n<\/article>\n<article class=\"c  c--m-n   \" data-word=\"0\">\n<header class=\"c_h\"><time datetime=\"2026-01-29T17:13:20+01:00\" class=\"c_da\">17:13<\/time><\/p>\n<h2 class=\"c_t \"><a href=\"https:\/\/elpais.com\/espana\/2026-01-29\/erc-y-junts-cargan-contra-el-gobierno-por-rodalies-pese-al-nuevo-plan-de-8000-millones-en-mejoras.html\">ERC y Junts cargan contra el Gobierno por Rodalies pese al nuevo plan de 8.000 millones en mejoras<\/a><\/h2>\n<\/header>\n<\/article>\n<p> Source URL: https:\/\/elpais.com\/deportes\/futbol\/2026-01-29\/sorteo-de-champions-tras-una-vibrante-ultima-jornada-de-fase-de-grupos-que-pasara-el-viernes.html<\/p>\n","protected":false},"excerpt":{"rendered":"<p>Champions League Sorteo de Champions: tras una vibrante \u00faltima jornada de fase de liga, \u00bfqu\u00e9 pasar\u00e1 el viernes? El Real Madrid tiene como posibles rivales al Benfica (otra vez) o al Bodo Glimt, mientras que el Atl\u00e9tico se enfrentar\u00e1 al Brujas o al Galatasaray Los jugadores del Benfica celebran la victoria en Champions ante el [&hellip;]<\/p>\n","protected":false},"author":1,"featured_media":1542765,"comment_status":"open","ping_status":"","sticky":false,"template":"","format":"standard","meta":{"footnotes":""},"categories":[88],"tags":[92],"class_list":["post-1542764","post","type-post","status-publish","format-standard","has-post-thumbnail","hentry","category-spain","tag-elpais-com"],"_links":{"self":[{"href":"https:\/\/analyse.optim.biz\/index.php?rest_route=\/wp\/v2\/posts\/1542764","targetHints":{"allow":["GET"]}}],"collection":[{"href":"https:\/\/analyse.optim.biz\/index.php?rest_route=\/wp\/v2\/posts"}],"about":[{"href":"https:\/\/analyse.optim.biz\/index.php?rest_route=\/wp\/v2\/types\/post"}],"author":[{"embeddable":true,"href":"https:\/\/analyse.optim.biz\/index.php?rest_route=\/wp\/v2\/users\/1"}],"replies":[{"embeddable":true,"href":"https:\/\/analyse.optim.biz\/index.php?rest_route=%2Fwp%2Fv2%2Fcomments&post=1542764"}],"version-history":[{"count":0,"href":"https:\/\/analyse.optim.biz\/index.php?rest_route=\/wp\/v2\/posts\/1542764\/revisions"}],"wp:featuredmedia":[{"embeddable":true,"href":"https:\/\/analyse.optim.biz\/index.php?rest_route=\/wp\/v2\/media\/1542765"}],"wp:attachment":[{"href":"https:\/\/analyse.optim.biz\/index.php?rest_route=%2Fwp%2Fv2%2Fmedia&parent=1542764"}],"wp:term":[{"taxonomy":"category","embeddable":true,"href":"https:\/\/analyse.optim.biz\/index.php?rest_route=%2Fwp%2Fv2%2Fcategories&post=1542764"},{"taxonomy":"post_tag","embeddable":true,"href":"https:\/\/analyse.optim.biz\/index.php?rest_route=%2Fwp%2Fv2%2Ftags&post=1542764"}],"curies":[{"name":"wp","href":"https:\/\/api.w.org\/{rel}","templated":true}]}}