{"id":1542738,"date":"2026-01-29T04:15:00","date_gmt":"2026-01-29T01:15:00","guid":{"rendered":"https:\/\/analyse.optim.biz\/?p=1542738"},"modified":"2026-01-29T04:15:00","modified_gmt":"2026-01-29T01:15:00","slug":"zverev-una-herida-que-no-cierra-y-un-paso-al-frente-en-busca-del-grande-que-nunca-llega","status":"publish","type":"post","link":"https:\/\/analyse.optim.biz\/?p=1542738","title":{"rendered":"Zverev, una herida que no cierra y un paso al frente en busca del grande que nunca llega"},"content":{"rendered":"<article id=\"main-content\" class=\"a _g _g-lg _g-o\">\n<header class=\"a_e _g _g-xs\">\n<div class=\"a_e_txt _df\">\n<div class=\"a_k _df\"><a class=\"a_k_n\" href=\"https:\/\/elpais.com\/noticias\/open-australia\/\">TENIS | OPEN DE AUSTRALIA<\/a><\/div>\n<h1 class=\"a_t\">Zverev, una herida que no cierra y un paso al frente en busca del grande que nunca llega <\/h1>\n<p class=\"a_st\">El alem\u00e1n, rival de Alcaraz en las semifinales, propone una versi\u00f3n m\u00e1s incisiva que le ha reportado 54 golpes ganadores m\u00e1s que el n\u00famero uno en direcci\u00f3n al cruce<\/p>\n<\/div>\n<div class=\"a_e_m\">\n<figure class=\"a_m a_m-h \"><span class=\"a_m_w _db\"><img fetchpriority=\"high\" decoding=\"async\" alt=\"Alexander Zverev\" class=\"_re  a_m-h\" height=\"273\" width=\"414\" src=\"https:\/\/analyse.optim.biz\/wp-content\/uploads\/2026\/01\/qsjxixyp3vpftnimdww4ee3yum-1.jpg\" loading=\"eager\" title=\"qsjxixyp3vpftnimdww4ee3yum-1\"><\/span><figcaption class=\"a_m_p\" aria-hidden=\"true\"><span>Alexander Zverev golpea la pelota durante un partido.<\/span><span class=\"a_m_m\">Tingshu Wang (REUTERS)<\/span><\/figcaption><\/figure>\n<\/div>\n<\/header>\n<div class=\"a_md _g _g-xs \">\n<figure class=\"a_md_i a_m-h c_m--nf\"><span class=\"a_m_w _db\"><img decoding=\"async\" alt=\"Alejandro Ciriza\" class=\"_re lazyload a_m-h\" height=\"100\" width=\"100\" src=\"https:\/\/analyse.optim.biz\/wp-content\/uploads\/2026\/01\/https3a2f2fs3-amazonaws-com2farc-authors2fprisa2fff56c9de-8d8d-4f81-a772-c84b51075421-9.png\" loading=\"lazy\" title=\"https3a2f2fs3-amazonaws-com2farc-authors2fprisa2fff56c9de-8d8d-4f81-a772-c84b51075421-9\"><\/span><\/figure>\n<div class=\"a_md_txt\">\n<div class=\"a_md_a\" data-dtm-region=\"articulo_firma\"><a href=\"https:\/\/elpais.com\/autor\/alejandro-ciriza\/#?rel=author_top\" title=\"Ver todas las noticias de Alejandro Ciriza\" class=\"a_md_a_n\">Alejandro Ciriza<\/a><\/div>\n<div class=\"a_md_f\"><span>Melbourne &#8211; <a href=\"https:\/\/elpais.com\/hemeroteca\/2026-01-29\/\" data-date=\"2026-01-29T05:15:00+01:00\"><time data-date=\"2026-01-29T05:15:00+01:00\" datetime=\"2026-01-29T05:15:00+01:00\" id=\"article_date_p\">29 ene 2026 &#8211; 05:15<abbr title=\"Central European Time\">CET<\/abbr><\/time><\/a><\/span><\/div>\n<div class=\"w_rs\" data-dtm-region=\"articulo_botonera-social\">\n<div class=\"w_rs_i\"><a class=\"_btn hidden\" href=\"\/\/send?text=Zverev%2C%20una%20herida%20que%20no%20cierra%20y%20un%20paso%20al%20frente%20en%20busca%20del%20grande%20que%20nunca%20llega%20%0D%0A%0D%0Ahttps%3A%2F%2Felpais.com%2Fdeportes%2Ftenis%2F2026-01-29%2Fzverev-una-herida-que-no-cierra-y-un-paso-al-frente-en-busca-del-grande-que-se-le-resiste.html%3Fssm=whatsapp_CC\" data-action=\"share\/whatsapp\/share\" data-param-description=\"Zverev, una herida que no cierra y un paso al frente en busca del grande que nunca llega \" data-param-href=\"https:\/\/elpais.com\/deportes\/tenis\/2026-01-29\/zverev-una-herida-que-no-cierra-y-un-paso-al-frente-en-busca-del-grande-que-se-le-resiste.html\" data-param-text=\"Zverev, una herida que no cierra y un paso al frente en busca del grande que nunca llega  https:\/\/elpais.com\/deportes\/tenis\/2026-01-29\/zverev-una-herida-que-no-cierra-y-un-paso-al-frente-en-busca-del-grande-que-se-le-resiste.html\" data-param-url=\"https:\/\/elpais.com\/deportes\/tenis\/2026-01-29\/zverev-una-herida-que-no-cierra-y-un-paso-al-frente-en-busca-del-grande-que-se-le-resiste.html\" target=\"_blank\" rel=\"noopener noreferrer\" data-share-track-dtm=\"whatsapp\" id=\"btn_share_whatsapp_180\"><span class=\"_sr\">Compartir en Whatsapp<\/span><\/a><\/div>\n<div class=\"w_rs_i\"><a class=\"_btn \" href=\"https:\/\/www.facebook.com\/dialog\/share?display=popup&amp;app_id=94039431626&amp;href=https%3A%2F%2Felpais.com%2Fdeportes%2Ftenis%2F2026-01-29%2Fzverev-una-herida-que-no-cierra-y-un-paso-al-frente-en-busca-del-grande-que-se-le-resiste.html%3Fssm=FB_CC&amp;quote=Zverev%2C%20una%20herida%20que%20no%20cierra%20y%20un%20paso%20al%20frente%20en%20busca%20del%20grande%20que%20nunca%20llega%20\" data-param-app_id=\"94039431626\" data-param-description=\"Zverev, una herida que no cierra y un paso al frente en busca del grande que nunca llega \" data-param-href=\"https:\/\/elpais.com\/deportes\/tenis\/2026-01-29\/zverev-una-herida-que-no-cierra-y-un-paso-al-frente-en-busca-del-grande-que-se-le-resiste.html\" data-param-text=\"Zverev, una herida que no cierra y un paso al frente en busca del grande que nunca llega \" data-param-url=\"https:\/\/elpais.com\/deportes\/tenis\/2026-01-29\/zverev-una-herida-que-no-cierra-y-un-paso-al-frente-en-busca-del-grande-que-se-le-resiste.html\" target=\"_blank\" rel=\"noopener noreferrer\" data-share-track-dtm=\"facebook\" id=\"btn_share_facebook_180\"><span class=\"_sr\">Compartir en Facebook<\/span><\/a><\/div>\n<div class=\"w_rs_i\"><a class=\"_btn \" href=\"https:\/\/twitter.com\/intent\/tweet?url=https%3A%2F%2Felpais.com%2Fdeportes%2Ftenis%2F2026-01-29%2Fzverev-una-herida-que-no-cierra-y-un-paso-al-frente-en-busca-del-grande-que-se-le-resiste.html%3Fssm=TW_CC&amp;text=Zverev%2C%20una%20herida%20que%20no%20cierra%20y%20un%20paso%20al%20frente%20en%20busca%20del%20grande%20que%20nunca%20llega%20&amp;via=el_pais&amp;lang=es\" data-param-description=\"Zverev, una herida que no cierra y un paso al frente en busca del grande que nunca llega \" data-param-href=\"https:\/\/elpais.com\/deportes\/tenis\/2026-01-29\/zverev-una-herida-que-no-cierra-y-un-paso-al-frente-en-busca-del-grande-que-se-le-resiste.html\" data-param-text=\"Zverev, una herida que no cierra y un paso al frente en busca del grande que nunca llega  via @el_pais\" data-param-url=\"https:\/\/elpais.com\/deportes\/tenis\/2026-01-29\/zverev-una-herida-que-no-cierra-y-un-paso-al-frente-en-busca-del-grande-que-se-le-resiste.html\" target=\"_blank\" rel=\"noopener noreferrer\" data-share-track-dtm=\"twitter\" id=\"btn_share_twitter_180\"><span class=\"_sr\">Compartir en Twitter<\/span><\/a><\/div>\n<div class=\"w_rs_i\"><a class=\"_btn \" href=\"https:\/\/bsky.app\/intent\/compose?text=https%3A%2F%2Felpais.com%2Fdeportes%2Ftenis%2F2026-01-29%2Fzverev-una-herida-que-no-cierra-y-un-paso-al-frente-en-busca-del-grande-que-se-le-resiste.html%3Fssm=bsky_CC\" data-param-description=\"Zverev, una herida que no cierra y un paso al frente en busca del grande que nunca llega \" data-param-href=\"https:\/\/elpais.com\/deportes\/tenis\/2026-01-29\/zverev-una-herida-que-no-cierra-y-un-paso-al-frente-en-busca-del-grande-que-se-le-resiste.html\" data-param-text=\"Zverev, una herida que no cierra y un paso al frente en busca del grande que nunca llega \" data-param-url=\"https:\/\/elpais.com\/deportes\/tenis\/2026-01-29\/zverev-una-herida-que-no-cierra-y-un-paso-al-frente-en-busca-del-grande-que-se-le-resiste.html\" target=\"_blank\" rel=\"noopener noreferrer\" data-share-track-dtm=\"bluesky\" id=\"btn_share_bluesky_180\"><span class=\"_sr\">Compartir en Bluesky<\/span><\/a><\/div>\n<div class=\"w_rs_i\"><a class=\"_btn \" href=\"https:\/\/www.linkedin.com\/sharing\/share-offsite\/?url=https%3A%2F%2Felpais.com%2Fdeportes%2Ftenis%2F2026-01-29%2Fzverev-una-herida-que-no-cierra-y-un-paso-al-frente-en-busca-del-grande-que-se-le-resiste.html%3Fssm=LK_CC\" data-param-description=\"Zverev, una herida que no cierra y un paso al frente en busca del grande que nunca llega \" data-param-href=\"https:\/\/elpais.com\/deportes\/tenis\/2026-01-29\/zverev-una-herida-que-no-cierra-y-un-paso-al-frente-en-busca-del-grande-que-se-le-resiste.html\" data-param-text=\"Zverev, una herida que no cierra y un paso al frente en busca del grande que nunca llega \" data-param-url=\"https:\/\/elpais.com\/deportes\/tenis\/2026-01-29\/zverev-una-herida-que-no-cierra-y-un-paso-al-frente-en-busca-del-grande-que-se-le-resiste.html\" target=\"_blank\" rel=\"noopener noreferrer\" data-share-track-dtm=\"linkedin\" id=\"btn_share_linkedin_180\"><span class=\"_sr\">Compartir en Linkedin<\/span><\/a><\/div>\n<div class=\"w_rs_i\"><a class=\"_btn rs_l\" href=\"https:\/\/elpais.com\/deportes\/tenis\/2026-01-29\/zverev-una-herida-que-no-cierra-y-un-paso-al-frente-en-busca-del-grande-que-se-le-resiste.html#?prm=copy_link\" data-share-track-dtm=\"copiar_url\" id=\"btn_share_link_7\"><span class=\"_sr\">Copiar enlace<\/span><\/a><\/div>\n<div class=\"w_rs_i\"><a class=\"_btn rs_c\" href=\"https:\/\/elpais.com\/deportes\/tenis\/2026-01-29\/zverev-una-herida-que-no-cierra-y-un-paso-al-frente-en-busca-del-grande-que-se-le-resiste.html#comments_container\" aria-expanded=\"false\" aria-controls=\"me-c\" data-share-track-dtm=\"eskup\" id=\"btn_share_comments_7\"><span class=\"_sr\">Ir a los comentarios<\/span><\/a><\/div>\n<\/div>\n<\/div>\n<\/div>\n<div class=\"a_c clearfix\" data-dtm-region=\"articulo_cuerpo\">\n<p class>Alexander Zverev luce una larga melena rubia que acostumbra a recoger en un mo\u00f1o. La envidia de muchos, seguramente. Sin embargo, el alem\u00e1n, <a href=\"https:\/\/elpais.com\/deportes\/tenis\/2026-01-27\/alcaraz-consume-a-de-minaur-y-rompe-su-techo-en-australia.html\" target=\"_self\" rel title=\"https:\/\/elpais.com\/deportes\/tenis\/2026-01-27\/alcaraz-consume-a-de-minaur-y-rompe-su-techo-en-australia.html\">rival de Carlos Alcaraz en las semifinales de Melbourne<\/a> (4.30, Eurosport), estar\u00eda encantado de perderla el domingo: \u201cSi gano el torneo, me rapo\u201d. \u00c9l y Melbourne, un antes y un despu\u00e9s. El lugar donde todo promet\u00eda, de inicio; la pista en la que empez\u00f3 el derrumbe, finalmente. Hace un a\u00f1o, el tenista de Hamburgo alcanz\u00f3 la final y entonces so\u00f1aba con festejar, por fin, su primer Grand Slam. Sin embargo, aquella tarde y esa derrota cayeron sobre \u00e9l como un dolmen de cinco toneladas.<\/p>\n<p class>Un competidor roto y una sentencia lapidaria: \u201cNo quiero ser el mejor de la historia que no gan\u00f3 un grande\u201d. <a href=\"https:\/\/elpais.com\/deportes\/tenis\/2025-01-26\/sinner-castigo-de-zverev-y-bicampeon-en-melbourne.html\" target=\"_self\" rel title=\"https:\/\/elpais.com\/deportes\/tenis\/2025-01-26\/sinner-castigo-de-zverev-y-bicampeon-en-melbourne.html\">El episodio le atraves\u00f3 como un rayo<\/a>. Ese d\u00eda, Zverev se dio cuenta de que estando ya cerca de la treintena, la posibilidad de atrapar el premio que tanto se le ha resistido todav\u00eda se alejaba un poco m\u00e1s. Negado antes en los grandes escenarios por los Djokovic, Nadal o Federer, se top\u00f3 con el vertiginoso ritmo que impuso Sinner, al mismo tiempo que hab\u00eda comprobado (y padecido) ya la extraordinaria versatilidad de Alcaraz. En un visto y no visto, a \u00e9l, anta\u00f1o chico de oro, le hab\u00edan hecho un doloroso <i>s\u00e1ndwich<\/i>.<\/p>\n<aside class=\"a_ei\">\n<header class=\"a_ei_h _db\">M\u00e1s informaci\u00f3n<\/header>\n<div class=\"a_ei_r _g _g-xs \"><span class=\"a_ei_t\">Ferrero no cierra la puerta a entrenar a Sinner<\/span><\/div>\n<\/aside>\n<p class>\u201cClaro que todav\u00eda quiero lograrlo, pero tambi\u00e9n quiero disfrutar del tenis. Ahora lo estoy haciendo, y eso es lo m\u00e1s importante para m\u00ed\u201d, dec\u00eda despu\u00e9s de superar en los cuartos a Learner Tien. A las espaldas, un infierno, porque desde que cediera en la final del a\u00f1o pasado, <a href=\"https:\/\/elpais.com\/deportes\/tenis\/2025-07-01\/el-vacio-de-zverev-eliminado-en-el-agujero-y-muy-muy-muy-solo-en-la-vida.html\" target=\"_self\" rel title=\"https:\/\/elpais.com\/deportes\/tenis\/2025-07-01\/el-vacio-de-zverev-eliminado-en-el-agujero-y-muy-muy-muy-solo-en-la-vida.html\">Zverev no ha vuelto a ser el mismo<\/a>; no, al menos, ese que entraba en las quinielas y aterrizaba entonces en Melbourne Park como una alternativa s\u00f3lida y real a los dos nuevos jerarcas. Entonces, en la atm\u00f3sfera ten\u00edstica exist\u00eda la esperanza de que el alem\u00e1n se interpusiera en su camino. \u00c9l era la tercera pieza. Sin embargo, lleg\u00f3 el desmoronamiento.<\/p>\n<figure class=\"a_m a_m-h \"><span class=\"_db a_m_w _pr lb_btn\"><img decoding=\"async\" class=\"_re lazyload a_m-h\" height=\"271\" width=\"414\" src=\"https:\/\/analyse.optim.biz\/wp-content\/uploads\/2026\/01\/qofyogunvzlbrbxkxnt3vntc7e.jpg\" loading=\"lazy\" title=\"qofyogunvzlbrbxkxnt3vntc7e\"><\/span><figcaption class=\"a_m_p\" aria-hidden=\"true\"><span>Zverev se dispone a sacar.<\/span><span class=\"a_m_m\">Hollie Adams (REUTERS)<\/span><\/figcaption><\/figure>\n<p class>A partir de ah\u00ed, ca\u00eddas y m\u00e1s ca\u00eddas. Un triste trofeo en M\u00fanich. M\u00e1s y m\u00e1s desilusiones. Visit\u00f3 la academia de Nadal durante el verano en busca de luz, pero nada. Continu\u00f3 a oscuras. \u201cApesta que una carrera como la suya vaya a estar marcada por si gan\u00f3 o no un Grand Slam\u201d, lamentaba el estadounidense Andy Roddick en su <i>podcast<\/i>, el pasado mes. Pero as\u00ed es. Tenerlo o no tenerlo, la gran diferencia para un tenista que ha conquistado t\u00edtulos de todos los colores, hasta 24, pero no el que m\u00e1s quiere. \u201cHa sido una temporada incre\u00edblemente insatisfactoria\u201d, describ\u00eda. E intenta ahora levantarse como puede.<\/p>\n<h3 class><b>El primer tiro<\/b><\/h3>\n<p class>Sucede que tiene delante a Alcaraz, al que no hace tanto conten\u00eda, pero que hoy por hoy compite en otra dimensi\u00f3n; aquella que proyect\u00f3 \u00e9l, negada luego por la evidencia. <i>Sascha<\/i> duda, ellos vuelan. \u201cSon muy agresivos, no te dejan ni entrar en el peloteo. La gran diferencia entre ellos <a href=\"https:\/\/elpais.com\/deportes\/tenis\/2026-01-19\/nuevo-ano-mismo-guion-sinner-y-alcaraz-mano-a-mano.html\" target=\"_self\" rel title=\"https:\/\/elpais.com\/deportes\/tenis\/2026-01-19\/nuevo-ano-mismo-guion-sinner-y-alcaraz-mano-a-mano.html\">[el espa\u00f1ol y Sinner]<\/a> y todos los dem\u00e1s es el primer golpe despu\u00e9s del saque\u201d, precisaba esta semana. Y se repite una y otra vez: en esa cabeza falta un plan definido. Siguen las lagunas y a menos de tres meses de cumplir 29 a\u00f1os, se le reprocha todav\u00eda un tenis excesivamente especulativo, a\u00fan demasiado contemporizador.<\/p>\n<p class>\u201cS\u00e9 qu\u00e9 debo hacer, y estar\u00e9 preparado. Si quiere ganarme, Zverev va a tener que sudar mucho\u201d, le advert\u00eda Alcaraz, quien curiosamente no encuentra un jugador (al margen de Sinner) que le haya replicado con m\u00e1s fuerza que el hamburgu\u00e9s, tercero del mundo. Doce duelos, seis para cada uno. La misma cifra que el italiano. \u201cJugamos un set en un entrenamiento y me lo gan\u00f3 [7-6]. He visto sus partidos y est\u00e1 sacando a un nivel impresionante hasta ahora\u201d, recalca el de El Palmar en el pre\u00e1mbulo de un pulso que no admite otra para el contrincante: m\u00e1s y m\u00e1s primeros dentro, <i>aces<\/i> a tutipl\u00e9n. De lo contrario, cero opciones. As\u00ed de crudo. As\u00ed de meridiano para \u00e9l el escenario.<\/p>\n<figure class=\"a_m a_m-h \"><span class=\"_db a_m_w _pr lb_btn\"><img decoding=\"async\" class=\"_re lazyload a_m-h\" height=\"277\" width=\"414\" src=\"https:\/\/analyse.optim.biz\/wp-content\/uploads\/2026\/01\/rip3dka3ajl5xnusyyxb63yxvy.jpg\" loading=\"lazy\" title=\"rip3dka3ajl5xnusyyxb63yxvy\"><\/span><figcaption class=\"a_m_p\" aria-hidden=\"true\"><span>Alcaraz, el martes ante De Mi\u00f1aur.<\/span><span class=\"a_m_m\">Hollie Adams (REUTERS)<\/span><\/figcaption><\/figure>\n<p class>De momento, Zverev ha firmado 60 puntos directos; esto es, endosa 12 por partido. Y aun siendo consciente de su situaci\u00f3n, de d\u00f3nde est\u00e1 y de lo lejos que quedan hoy d\u00eda los otros dos, dice encontrarse a gusto de nuevo sobre una pista que le sienta particularmente bien. De hecho, hace dos a\u00f1os ape\u00f3 a Alcaraz \u2014<a href=\"https:\/\/elpais.com\/deportes\/tenis\/2024-01-24\/alcaraz-sucumbe-al-mejor-zverev.html\" target=\"_self\" rel title=\"https:\/\/elpais.com\/deportes\/tenis\/2024-01-24\/alcaraz-sucumbe-al-mejor-zverev.html\">en los cuartos de final, cuatro sets<\/a>\u2014 con una actuaci\u00f3n incontestable y en las tres \u00faltimas ediciones no ha bajado de las semifinales. \u201cSiento que estoy jugando bien, no tengo dolor y ganar siempre ayuda\u201d, valora; \u201cy estoy siendo m\u00e1s agresivo. Eso es en lo que m\u00e1s he trabajado durante la pretemporada\u201d.<\/p>\n<p class>Bajo ese patr\u00f3n decidido, que en el fondo no deja de ser al que recurren Alcaraz y Sinner, el alem\u00e1n ha propuesto hasta aqu\u00ed una versi\u00f3n punzante \u2014con 54 tiros ganadores m\u00e1s que el espa\u00f1ol, 224-170\u2014 y atrevida \u2014128 subidas a la red, con 94 aciertos\u2014. Acostumbrado a vivir y percutir sobre la l\u00ednea de fondo, as\u00ed como a eternizarse en el peloteo, explora nuevas v\u00edas y abrevia estos d\u00edas el punto \u2014solo 150 por encima de los nueve impactos, de los 1.097 que ha jugado\u2014. \u201cEstoy tratando tambi\u00e9n de hacer m\u00e1s saque y volea. Si todo eso me funciona, el \u00e9xito vendr\u00e1 hacia m\u00ed\u201d, augura. Tiempo le queda, pero no le sobra.<\/p>\n<section class=\"a_de\" data-dtm-region=\"articulo_sumarioenlaces-despiece\">\n<h2 class=\"a_de_t\">VUELTA A 2019: PLENO DE FAVORITOS<\/h2>\n<div class=\"a_de_txt\">\n<div class=\"a_de_a\">A. C. | Melbourne<\/div>\n<p class=\"ql-align-justify\">Hac\u00eda siete a\u00f1os que un gran torneo no enfrentaba en la pen\u00faltima ronda a los cuatro primeros cabezas de serie. En concreto, fue Roland Garros, en cuya recta final se encontraron en 2019 los cuatro principales candidatos: Djokovic-Thiem y Nadal-Federer.<\/p>\n<p class=\"ql-align-justify\">En esta ocasi\u00f3n, Alcaraz (22 a\u00f1os) y Zverev (28) se encontrar\u00e1n en un turno, y Sinner (24) y Djokovic (38) en el segundo. Esta circunstancia, la del pleno de favoritos, se ha producido 17 veces desde el nacimiento de la Era Abierta (a partir de 1968).<\/p>\n<p class=\"ql-align-justify\">De los cuatro, Djokovic es el que menos ha permanecido en la pista \u2014<span> no disput\u00f3 los octavos por la baja de Jakub Mensik y se retir\u00f3 Lorenzo Musetti en los cuartos<\/span>\u2014, con 9h 07m; le siguen Sinner (11h 13m) y Alcaraz (11h 54m); y cierra Zverev (13h 56m).<\/p>\n<p class=\"ql-align-justify\">Por otra parte, este jueves se despidieron de la competici\u00f3n el catal\u00e1n Marcel Granollers y su compa\u00f1ero Horacio Zeballos. Perdieron por 6-3 y 7-6(7) contra Christian Harrison y Neal Skupski, en 1h 37m. Se despidieron, por tanto, de nuevo en las semifinales; como en 2022 y 2023.<\/p>\n<\/div>\n<\/section>\n<\/div>\n<div id=\"me-dis\" class=\"me _pf\">\n<div class=\"me_bg\">\n<div class=\"me-dis _pa _df\">\n<div class=\"me-dis_c\">\n<h2 class=\"me-dis_t\">Tu suscripci\u00f3n se est\u00e1 usando en otro dispositivo<\/h2>\n<p>\u00bfQuieres a\u00f1adir otro usuario a tu suscripci\u00f3n?<\/p>\n<div class=\"me-dis_l\"><a href=\"https:\/\/elpais.com\/suscripciones\/premium\/upgrade\/?utm_source=autopromo&amp;utm_medium=interno&amp;utm_campaign=YYYY_MM_capping_upgrade\" id=\"capping-upgrade\" class=\"btn\">A\u00f1adir usuario<\/a><a href=\"https:\/\/elpais.com\/deportes\/tenis\/2026-01-29\/zverev-una-herida-que-no-cierra-y-un-paso-al-frente-en-busca-del-grande-que-se-le-resiste.html\" id=\"capping-continue\" class=\"btn btn-b\">Continuar leyendo aqu\u00ed<\/a><\/div>\n<p>Si contin\u00faas leyendo en este dispositivo, no se podr\u00e1 leer en el otro.<\/p>\n<p class=\"lk\"><a href=\"https:\/\/elpais.com\/deportes\/tenis\/2026-01-29\/zverev-una-herida-que-no-cierra-y-un-paso-al-frente-en-busca-del-grande-que-se-le-resiste.html\" id=\"capping-show-more-button\">\u00bfPor qu\u00e9 est\u00e1s viendo esto?<\/a><\/p>\n<p><span class=\"arrow\" id=\"capping-arrow\">Flecha<\/span><\/p>\n<div class=\"me-dis_d\">\n<div class=\"me-dis_d_t\">\n<h2 class=\"enc\">Tu suscripci\u00f3n se est\u00e1 usando en otro dispositivo y solo puedes acceder a EL PA\u00cdS desde un dispositivo a la vez.<\/h2>\n<div class=\"tx\">\n<p>Si quieres compartir tu cuenta, cambia tu suscripci\u00f3n a la modalidad Premium, as\u00ed podr\u00e1s a\u00f1adir otro usuario. Cada uno acceder\u00e1 con su propia cuenta de email, lo que os permitir\u00e1 personalizar vuestra experiencia en EL PA\u00cdS.<\/p>\n<p>\u00bfTienes una suscripci\u00f3n de empresa? Accede <a target=\"_blank\" rel=\"noreferrer\" href=\"https:\/\/elpais.com\/suscripciones\/premium\/upgrade\/\">aqu\u00ed<\/a> para contratar m\u00e1s cuentas.<\/p>\n<p>En el caso de no saber qui\u00e9n est\u00e1 usando tu cuenta, te recomendamos cambiar tu contrase\u00f1a <a target=\"_blank\" rel=\"noreferrer\" href=\"https:\/\/elpais.com\/subscriptions\/#\/forgot-password\">aqu\u00ed.<\/a><\/p>\n<p>Si decides continuar compartiendo tu cuenta, este mensaje se mostrar\u00e1 en tu dispositivo y en el de la otra persona que est\u00e1 usando tu cuenta de forma indefinida, afectando a tu experiencia de lectura. Puedes <a target=\"_blank\" rel=\"noreferrer\" href=\"https:\/\/elpais.com\/suscripciones\/condiciones-generales-servicios\/\">consultar aqu\u00ed los t\u00e9rminos y condiciones de la suscripci\u00f3n digital.<\/a><\/p>\n<\/div>\n<\/div>\n<\/div>\n<\/div>\n<\/div>\n<\/div>\n<\/div>\n<aside class=\"w w-sea\">\n<h2 class=\"w_t\">Sobre la firma<\/h2>\n<div class=\"w_b\">\n<div class=\"_g _g-xs\">\n<figure class=\"w-sea_f a_m-h c_m--nf\"><span class=\"a_m_w _db\"><img decoding=\"async\" alt=\"Alejandro Ciriza\" class=\"_re lazyload a_m-h\" height=\"100\" width=\"100\" src=\"https:\/\/analyse.optim.biz\/wp-content\/uploads\/2026\/01\/https3a2f2fs3-amazonaws-com2farc-authors2fprisa2fff56c9de-8d8d-4f81-a772-c84b51075421-9.png\" loading=\"lazy\" title=\"https3a2f2fs3-amazonaws-com2farc-authors2fprisa2fff56c9de-8d8d-4f81-a772-c84b51075421-9\"><\/span><\/figure>\n<div class=\"w-sea_txt\">\n<div class=\"_df\">\n<div class=\"w-sea_txt_na\"><a href=\"https:\/\/elpais.com\/autor\/alejandro-ciriza\/\" rel=\"autor_bottom\">Alejandro Ciriza<\/a><\/div>\n<\/div>\n<div class=\"w-sea_txt_da _dn\">Cubre la informaci\u00f3n de tenis desde 2015. Melbourne, Par\u00eds, Londres y Nueva York, su ruta anual. Escala en los Juegos Ol\u00edmpicos de Tokio. Se incorpor\u00f3 a EL PA\u00cdS en 2007 y previamente trabaj\u00f3 en Localia (deportes), Telecinco (informativos) y As (f\u00fatbol). Licenciado en Comunicaci\u00f3n Audiovisual por la Universidad de Navarra. Autor de \u2018\u00a1Vamos, Rafa!\u2019.<\/div>\n<\/div>\n<\/div>\n<\/div>\n<\/aside>\n<aside class=\"w w-fid\">\n<div class=\"w_b\">\n<div class=\"w-fid_t\"><a href=\"https:\/\/plus.elpais.com\/newsletters\/lnp\/1\/349\/#?prm=not_newsletters_deportes\">Recibe el bolet\u00edn de Deportes<\/a><\/div>\n<div class=\"w-fid_s\">\n<div class=\"w_rs\">\n<div class=\"w_rs_i\"><a class=\"_btn\" href=\"https:\/\/www.facebook.com\/elpais\" rel=\"nofollow\"><span class=\"_sr\">Deportes El Pa\u00eds en Facebook<\/span><\/a><\/div>\n<div class=\"w_rs_i\"><a class=\"_btn\" href=\"https:\/\/www.instagram.com\/el_pais\/\" rel=\"nofollow\"><span class=\"_sr\">Deportes El Pa\u00eds en Instagram<\/span><\/a><\/div>\n<div class=\"w_rs_i\"><a class=\"_btn\" href=\"https:\/\/twitter.com\/elpais_deportes\" rel=\"nofollow\"><span class=\"_sr\">Deportes El Pa\u00eds en Twitter<\/span><\/a><\/div>\n<\/div>\n<\/div>\n<\/div>\n<\/aside>\n<aside class=\"a_com w w-com _df\"><a class=\"a_com_l\" href=\"https:\/\/elpais.com\/info\/normas-de-participacion\/\">Normas \u203a<\/a><\/aside>\n<div class=\"me _pf\" id=\"me-c\">\n<div class=\"me_bg\">\n<div class=\"me-c _pa\" id=\"comments_container\" data-dtm-region=\"articulo_comentarios\">\n<div class=\"me_f me_f-os me_cc\"><a href=\"https:\/\/plus.elpais.com\/perfil\/actividad\/\">Mis comentarios<\/a><a href=\"https:\/\/elpais.com\/info\/normas-de-participacion\/\">Normas<\/a><\/div>\n<div class=\"me_f me_f-ns\"><span class=\"me_f_txt _db\">Rellena tu <b>nombre y apellido<\/b> para comentar<\/span><a href=\"https:\/\/plus.elpais.com\/autorization.html\/?prod=COM&amp;backURL=https%3A%2F%2Felpais.com%2Fdeportes%2Ftenis%2F2026-01-29%2Fzverev-una-herida-que-no-cierra-y-un-paso-al-frente-en-busca-del-grande-que-se-le-resiste.html\" class=\"btn btn-2\">completar datos<\/a><\/div>\n<div class=\"me_f\" id=\"comments_msg\"><a class=\"btn btn-2\" href=\"https:\/\/elpais.com\/suscripciones\/#\/campaign?prod=SUSDIGCRART&amp;o=COM&amp;prm=suscrip_articulo_comentarios_el-pais&amp;backURL=https%3A%2F%2Felpais.com%2Fdeportes%2Ftenis%2F2026-01-29%2Fzverev-una-herida-que-no-cierra-y-un-paso-al-frente-en-busca-del-grande-que-se-le-resiste.html\" id=\"comments_subscribe_link\" data-link-am=\"https:\/\/elpais.com\/suscripciones\/america\/#\/campaign?prod=SUSDIGCRARTAM&amp;o=COMAM&amp;prm=suscrip_articulo_comentarios_el-pais-america&amp;backURL=https%3A%2F%2Felpais.com%2Fdeportes%2Ftenis%2F2026-01-29%2Fzverev-una-herida-que-no-cierra-y-un-paso-al-frente-en-busca-del-grande-que-se-le-resiste.html\" data-link-mx=\"https:\/\/elpais.com\/suscripciones\/america\/#\/campaign?prod=SUSDIGMX&amp;o=COMMX&amp;prm=suscrip_articulo_comentarios_el-pais-mexico&amp;backURL=https%3A%2F%2Felpais.com%2Fdeportes%2Ftenis%2F2026-01-29%2Fzverev-una-herida-que-no-cierra-y-un-paso-al-frente-en-busca-del-grande-que-se-le-resiste.html\" data-link-co=\"https:\/\/elpais.com\/suscripciones\/america\/#\/campaign?prod=SUSDIGCOL&amp;o=COMCOL&amp;prm=suscrip_articulo_comentarios_el-pais_colombia&amp;backURL=https%3A%2F%2Felpais.com%2Fdeportes%2Ftenis%2F2026-01-29%2Fzverev-una-herida-que-no-cierra-y-un-paso-al-frente-en-busca-del-grande-que-se-le-resiste.html\" data-link-ar=\"https:\/\/elpais.com\/suscripciones\/america\/#\/campaign?prod=SUSDIGCRARTAR&amp;o=COMAR&amp;backURL=https%3A%2F%2Felpais.com%2Fdeportes%2Ftenis%2F2026-01-29%2Fzverev-una-herida-que-no-cierra-y-un-paso-al-frente-en-busca-del-grande-que-se-le-resiste.html\" data-link-cl=\"https:\/\/elpais.com\/suscripciones\/america\/#\/campaign?prod=SUSDIGCHILE&amp;o=COMCHILE&amp;backURL=https%3A%2F%2Felpais.com%2Fdeportes%2Ftenis%2F2026-01-29%2Fzverev-una-herida-que-no-cierra-y-un-paso-al-frente-en-busca-del-grande-que-se-le-resiste.html\" data-link-us=\"https:\/\/elpais.com\/suscripciones\/america\/#\/campaign?prod=SUSDIGCRARTEUCAN&amp;o=COMUS&amp;prm=suscrip_articulo_comentarios_el-pais_eucan&amp;backURL=https%3A%2F%2Felpais.com%2Fdeportes%2Ftenis%2F2026-01-29%2Fzverev-una-herida-que-no-cierra-y-un-paso-al-frente-en-busca-del-grande-que-se-le-resiste.html\">Suscr\u00edbete en El Pa\u00eds para participar<\/a><a class=\"btn btn-3\" href=\"https:\/\/elpais.com\/subscriptions\/#\/sign-in?prod=REG&amp;o=COM&amp;prm=login_articulo_comentarios_el-pais&amp;backURL=https%3A%2F%2Felpais.com%2Fdeportes%2Ftenis%2F2026-01-29%2Fzverev-una-herida-que-no-cierra-y-un-paso-al-frente-en-busca-del-grande-que-se-le-resiste.html\" id=\"comments_login_link\" data-link-am=\"https:\/\/elpais.com\/subscriptions\/#\/sign-in?prod=REG&amp;o=COM&amp;prm=login_articulo_comentarios_el-pais-america&amp;backURL=https%3A%2F%2Felpais.com%2Fdeportes%2Ftenis%2F2026-01-29%2Fzverev-una-herida-que-no-cierra-y-un-paso-al-frente-en-busca-del-grande-que-se-le-resiste.html\" data-link-mx=\"https:\/\/elpais.com\/subscriptions\/#\/sign-in?prod=REG&amp;o=COM&amp;prm=login_articulo_comentarios_el-pais-mexico&amp;backURL=https%3A%2F%2Felpais.com%2Fdeportes%2Ftenis%2F2026-01-29%2Fzverev-una-herida-que-no-cierra-y-un-paso-al-frente-en-busca-del-grande-que-se-le-resiste.html\" data-link-co=\"https:\/\/elpais.com\/subscriptions\/#\/sign-in?prod=REG&amp;o=COM&amp;backURL=https%3A%2F%2Felpais.com%2Fdeportes%2Ftenis%2F2026-01-29%2Fzverev-una-herida-que-no-cierra-y-un-paso-al-frente-en-busca-del-grande-que-se-le-resiste.html\" data-link-ar=\"https:\/\/elpais.com\/subscriptions\/#\/sign-in?prod=REG&amp;o=COM&amp;backURL=https%3A%2F%2Felpais.com%2Fdeportes%2Ftenis%2F2026-01-29%2Fzverev-una-herida-que-no-cierra-y-un-paso-al-frente-en-busca-del-grande-que-se-le-resiste.html\" data-link-cl=\"https:\/\/elpais.com\/subscriptions\/#\/sign-in?prod=REG&amp;o=COM&amp;backURL=https%3A%2F%2Felpais.com%2Fdeportes%2Ftenis%2F2026-01-29%2Fzverev-una-herida-que-no-cierra-y-un-paso-al-frente-en-busca-del-grande-que-se-le-resiste.html\" data-link-us=\"https:\/\/elpais.com\/subscriptions\/#\/sign-in?prod=REG&amp;o=COM&amp;backURL=https%3A%2F%2Felpais.com%2Fdeportes%2Ftenis%2F2026-01-29%2Fzverev-una-herida-que-no-cierra-y-un-paso-al-frente-en-busca-del-grande-que-se-le-resiste.html\">Ya tengo una suscripci\u00f3n<\/a><\/div>\n<p>Please enable JavaScript to view the &lt;a href=&#8221;https:\/\/disqus.com\/?ref_noscript&#8221; rel=&#8221;nofollow&#8221;&gt; comments powered by Disqus.&lt;\/a&gt;<\/p><\/div>\n<\/div>\n<\/div>\n<aside class=\"w w-rel\" data-dtm-region=\"articulo_mas-informacion\">\n<h2 class=\"w_t\">M\u00e1s informaci\u00f3n<\/h2>\n<ul class=\"w_b _ls\">\n<li class=\"_g _g-xs w-rel_n\">\n<div class=\" a_m-h c_m--nf\"><span class=\"_db _pr\"><img decoding=\"async\" class=\"_re lazyload a_m-h\" height=\"311\" width=\"414\" src=\"https:\/\/analyse.optim.biz\/wp-content\/uploads\/2026\/01\/tlhlkqix5rit3np25fftruvwli-4.jpg\" loading=\"lazy\" title=\"tlhlkqix5rit3np25fftruvwli-4\"><\/span><\/div>\n<div class=\"nt\">\n<h3 class=\"nt_t\"><a href=\"https:\/\/elpais.com\/deportes\/tenis\/2026-01-28\/asi-se-supera-y-se-inspira-alcaraz-con-su-gente-de-el-palmar-y-enganchado-a-stranger-things.html#?rel=mas\">As\u00ed se supera y se inspira Alcaraz: con su gente de El Palmar y enganchado a \u2018Stranger Things\u2019<\/a><\/h3>\n<div class=\"nt_a\"><a href=\"https:\/\/elpais.com\/autor\/alejandro-ciriza\/\" title=\"Ver todas las noticias de Alejandro Ciriza\">Alejandro Ciriza<\/a> | Melbourne<\/div>\n<\/div>\n<\/li>\n<li class=\"_g _g-xs w-rel_n\">\n<div class=\" a_m-h c_m--nf\"><span class=\"_db _pr\"><img decoding=\"async\" class=\"_re lazyload a_m-h\" height=\"311\" width=\"414\" src=\"https:\/\/analyse.optim.biz\/wp-content\/uploads\/2026\/01\/vc3qsloeq5jv5drzwh4e7ilbrq-6.jpg\" loading=\"lazy\" title=\"vc3qsloeq5jv5drzwh4e7ilbrq-6\"><\/span><\/div>\n<div class=\"nt\">\n<h3 class=\"nt_t\"><a href=\"https:\/\/elpais.com\/deportes\/tenis\/2026-01-26\/ni-alcaraz-ni-sinner-ni-tampoco-sabalenka-melbourne-no-admite-el-brazalete-de-la-discordia.html#?rel=mas\">Ni Alcaraz, ni Sinner, ni tampoco Sabalenka: Melbourne no admite el brazalete de la discordia<\/a><\/h3>\n<div class=\"nt_a\"><a href=\"https:\/\/elpais.com\/autor\/alejandro-ciriza\/\" title=\"Ver todas las noticias de Alejandro Ciriza\">Alejandro Ciriza<\/a> | Melbourne<\/div>\n<\/div>\n<\/li>\n<\/ul>\n<\/aside>\n<section class=\"w w-ae\" data-dtm-region=\"articulo_archivado-en\">\n<h2 class=\"w_t\">Archivado En<\/h2>\n<div class=\"w_b\">\n<ul class=\"w_ul w_ul--mh _df _ls\">\n<li><a href=\"https:\/\/elpais.com\/noticias\/tenis\/#?rel=arch\" rel=\"noopener noreferrer\">Tenis<\/a><\/li>\n<li><a href=\"https:\/\/elpais.com\/noticias\/tenistas\/#?rel=arch\" rel=\"noopener noreferrer\">Tenistas<\/a><\/li>\n<li><a href=\"https:\/\/elpais.com\/noticias\/competiciones\/#?rel=arch\" rel=\"noopener noreferrer\">Competiciones<\/a><\/li>\n<li><a href=\"https:\/\/elpais.com\/noticias\/deportes\/#?rel=arch\" rel=\"noopener noreferrer\">Deportes<\/a><\/li>\n<li><a href=\"https:\/\/elpais.com\/noticias\/carlos-alcaraz-garfia\/#?rel=arch\" rel=\"noopener noreferrer\">Carlos Alcaraz<\/a><\/li>\n<li><a href=\"https:\/\/elpais.com\/noticias\/alexander-zverev\/#?rel=arch\" rel=\"noopener noreferrer\">Alexander Zverev<\/a><\/li>\n<li><a href=\"https:\/\/elpais.com\/noticias\/open-australia\/#?rel=arch\" rel=\"noopener noreferrer\">Open Australia<\/a><\/li>\n<li><a href=\"https:\/\/elpais.com\/noticias\/australia\/#?rel=arch\" rel=\"noopener noreferrer\">Australia<\/a><\/li>\n<li><a href=\"https:\/\/elpais.com\/noticias\/melbourne\/#?rel=arch\" rel=\"noopener noreferrer\">Melbourne<\/a><\/li>\n<li><a href=\"https:\/\/elpais.com\/noticias\/atp-tour\/#?rel=arch\" rel=\"noopener noreferrer\">ATP Tour<\/a><\/li>\n<\/ul>\n<\/div>\n<\/section>\n<aside class=\"a_tp _df\">\n<div class=\"a_tp_txt\"><span class=\"a_tp_t\">Se adhiere a los criterios de<\/span><\/p>\n<figure class=\"a_m a_m-h c_m--nf\"><a class=\"a_tp_i _dib\" href=\"https:\/\/elpais.com\/estaticos\/que-es-the-trust-project\/\" target=\"_blank\" rel=\"noopener noreferrer nofollow\"><img decoding=\"async\" alt=\"The Trust Project\" class=\" lazyload a_m-h\" height=\"20\" width=\"117\" src=\"https:\/\/analyse.optim.biz\/wp-content\/uploads\/2026\/01\/the-trust-project-350.svg\" loading=\"lazy\" title=\"the-trust-project-350\"><\/a><\/figure>\n<p><a class=\"a_tp_mi\" href=\"https:\/\/elpais.com\/estaticos\/codigo-etico\/\" target=\"_blank\" rel=\"noopener noreferrer nofollow\">M\u00e1s informaci\u00f3n<\/a><\/div>\n<div class=\"a_tp_si\">Si est\u00e1 interesado en licenciar este contenido, pinche <a class=\"a_tp_si_l\" href=\"https:\/\/profesional.elpais.com\/soluciones-sindicacion\/?utm_medium=interno&amp;utm_source=crosslinking&amp;utm_campaign=sindicacion_ep_pie_articulos\" target=\"_blank\" rel=\"noopener noreferrer nofollow\">aqu\u00ed<\/a><\/div>\n<\/aside>\n<div class=\"a_o _pr\" data-dtm-region=\"articulo_right-rail\">\n<div id=\"elpais_gpt-MPU1\" data-adtype=\"MPU\" class=\"ad ad-mpu\"><span class=\"_dn\">_<\/span><\/div>\n<section class=\"w w-sc b_col\" data-dtm-region=\"articulo_ultimas-noticias\">\n<header class=\"w_h b_col_h\">\n<h3 class=\"w_t\"><a href=\"https:\/\/elpais.com\/ultimas-noticias\/\" rel=\"story-card-ultimas-noticias\">\u00daltimas noticias<\/a><\/h3>\n<\/header>\n<div class=\"w_b\">\n<article class=\"c  c--m-n   \" data-word=\"0\">\n<header class=\"c_h\"><time datetime=\"2026-01-29T17:25:34+01:00\" class=\"c_da\">17:25<\/time><\/p>\n<h2 class=\"c_t \"><a href=\"https:\/\/elpais.com\/america\/2026-01-29\/joseph-oughourlian-debemos-defender-el-pensamiento-critico-y-la-verdad-cueste-lo-que-cueste.html\">Joseph Oughourlian: \u201cDebemos defender el pensamiento cr\u00edtico y la verdad, cueste lo que cueste\u201d<\/a><\/h2>\n<\/header>\n<\/article>\n<article class=\"c  c--m-n   \" data-word=\"0\">\n<header class=\"c_h\"><time datetime=\"2026-01-29T17:24:19+01:00\" class=\"c_da\">17:24<\/time><\/p>\n<h2 class=\"c_t \"><a href=\"https:\/\/elpais.com\/america\/2026-01-29\/el-segundo-dia-del-foro-economico-internacional-de-america-latina-y-el-caribe-en-imagenes.html\">El segundo d\u00eda del Foro Econ\u00f3mico Internacional de Am\u00e9rica Latina y el Caribe, en im\u00e1genes<\/a><\/h2>\n<\/header>\n<\/article>\n<article class=\"c  c--m-n   \" data-word=\"0\">\n<header class=\"c_h\"><time datetime=\"2026-01-29T17:13:34+01:00\" class=\"c_da\">17:13<\/time><\/p>\n<h2 class=\"c_t \"><a href=\"https:\/\/elpais.com\/mexico\/2026-01-29\/harry-styles-suma-cinco-conciertos-en-mexico-nuevas-fechas-y-precios-de-los-boletos-en-el-estadio-gnp-seguros.html\">Harry Styles suma cinco conciertos en M\u00e9xico: nuevas fechas y precios de los boletos en el Estadio GNP Seguros<\/a><\/h2>\n<\/header>\n<\/article>\n<article class=\"c  c--m-n   \" data-word=\"0\">\n<header class=\"c_h\"><time datetime=\"2026-01-29T17:13:20+01:00\" class=\"c_da\">17:13<\/time><\/p>\n<h2 class=\"c_t \"><a href=\"https:\/\/elpais.com\/espana\/2026-01-29\/erc-y-junts-cargan-contra-el-gobierno-por-rodalies-pese-al-nuevo-plan-de-8000-millones-en-mejoras.html\">ERC y Junts cargan contra el Gobierno por Rodalies pese al nuevo plan de 8.000 millones en mejoras<\/a><\/h2>\n<\/header>\n<\/article>\n<\/div>\n<\/section>\n<aside class=\"w w-lmv\" data-dtm-region=\"articulo_lom\">\n<h2 class=\"w_t\"><a href=\"https:\/\/elpais.com\/lo-mas-visto\/\">Lo m\u00e1s visto<\/a><\/h2>\n<div class=\"w_b\">\n<ol class=\"_ls\">\n<li><a href=\"https:\/\/elpais.com\/economia\/2026-01-27\/trump-bendice-la-caida-del-dolar-va-muy-bien-miren-los-negocios-que-estamos-haciendo.html#?rel=lom\">Trump asegura que no le preocupa la ca\u00edda del d\u00f3lar: \u201cVa muy bien, miren los negocios que estamos haciendo\u201d<\/a><\/li>\n<li><a href=\"https:\/\/elpais.com\/internacional\/2026-01-28\/el-primer-ministro-groenlandes-la-casa-blanca-no-tiene-ni-idea-de-lo-que-es-groenlandia.html#?rel=lom\">El primer ministro groenland\u00e9s: \u201cLa Casa Blanca no tiene ni idea de lo que es Groenlandia\u201d<\/a><\/li>\n<li><a href=\"https:\/\/elpais.com\/espana\/catalunya\/2026-01-28\/el-traspaso-de-la-inmigracion-a-cataluna-se-abre-paso-junts-acepta-cambiar-el-preambulo-de-la-ley-que-rechazaba-podemos.html#?rel=lom\">El traspaso de la inmigraci\u00f3n a Catalu\u00f1a se abre paso: Junts acepta cambiar el pre\u00e1mbulo de la ley que rechazaba Podemos<\/a><\/li>\n<li><a href=\"https:\/\/elpais.com\/espana\/2026-01-27\/la-guardia-civil-investiga-a-un-hombre-por-robar-571-pinos-pinoneros-en-valladolid-y-utilizarlos-para-hacer-biomasa.html#?rel=lom\">La Guardia Civil investiga a un hombre por robar 571 pinos pi\u00f1oneros en Valladolid y utilizarlos para hacer biomasa<\/a><\/li>\n<li><a href=\"https:\/\/elpais.com\/internacional\/2026-01-28\/siete-jefes-de-estado-dejan-atras-las-diferencias-ideologicas-y-piden-una-integracion-latinoamericana.html#?rel=lom\">Siete jefes de Estado dejan atr\u00e1s las diferencias ideol\u00f3gicas y piden una integraci\u00f3n latinoamericana<\/a><\/li>\n<\/ol>\n<\/div>\n<\/aside>\n<\/div>\n<\/article>\n<article class=\"c  c--m-n   \" data-word=\"0\">\n<header class=\"c_h\"><time datetime=\"2026-01-29T17:25:34+01:00\" class=\"c_da\">17:25<\/time><\/p>\n<h2 class=\"c_t \"><a href=\"https:\/\/elpais.com\/america\/2026-01-29\/joseph-oughourlian-debemos-defender-el-pensamiento-critico-y-la-verdad-cueste-lo-que-cueste.html\">Joseph Oughourlian: \u201cDebemos defender el pensamiento cr\u00edtico y la verdad, cueste lo que cueste\u201d<\/a><\/h2>\n<\/header>\n<\/article>\n<article class=\"c  c--m-n   \" data-word=\"0\">\n<header class=\"c_h\"><time datetime=\"2026-01-29T17:24:19+01:00\" class=\"c_da\">17:24<\/time><\/p>\n<h2 class=\"c_t \"><a href=\"https:\/\/elpais.com\/america\/2026-01-29\/el-segundo-dia-del-foro-economico-internacional-de-america-latina-y-el-caribe-en-imagenes.html\">El segundo d\u00eda del Foro Econ\u00f3mico Internacional de Am\u00e9rica Latina y el Caribe, en im\u00e1genes<\/a><\/h2>\n<\/header>\n<\/article>\n<article class=\"c  c--m-n   \" data-word=\"0\">\n<header class=\"c_h\"><time datetime=\"2026-01-29T17:13:34+01:00\" class=\"c_da\">17:13<\/time><\/p>\n<h2 class=\"c_t \"><a href=\"https:\/\/elpais.com\/mexico\/2026-01-29\/harry-styles-suma-cinco-conciertos-en-mexico-nuevas-fechas-y-precios-de-los-boletos-en-el-estadio-gnp-seguros.html\">Harry Styles suma cinco conciertos en M\u00e9xico: nuevas fechas y precios de los boletos en el Estadio GNP Seguros<\/a><\/h2>\n<\/header>\n<\/article>\n<article class=\"c  c--m-n   \" data-word=\"0\">\n<header class=\"c_h\"><time datetime=\"2026-01-29T17:13:20+01:00\" class=\"c_da\">17:13<\/time><\/p>\n<h2 class=\"c_t \"><a href=\"https:\/\/elpais.com\/espana\/2026-01-29\/erc-y-junts-cargan-contra-el-gobierno-por-rodalies-pese-al-nuevo-plan-de-8000-millones-en-mejoras.html\">ERC y Junts cargan contra el Gobierno por Rodalies pese al nuevo plan de 8.000 millones en mejoras<\/a><\/h2>\n<\/header>\n<\/article>\n<p> Source URL: https:\/\/elpais.com\/deportes\/tenis\/2026-01-29\/zverev-una-herida-que-no-cierra-y-un-paso-al-frente-en-busca-del-grande-que-se-le-resiste.html<\/p>\n","protected":false},"excerpt":{"rendered":"<p>TENIS | OPEN DE AUSTRALIA Zverev, una herida que no cierra y un paso al frente en busca del grande que nunca llega El alem\u00e1n, rival de Alcaraz en las semifinales, propone una versi\u00f3n m\u00e1s incisiva que le ha reportado 54 golpes ganadores m\u00e1s que el n\u00famero uno en direcci\u00f3n al cruce Alexander Zverev golpea [&hellip;]<\/p>\n","protected":false},"author":1,"featured_media":1542739,"comment_status":"open","ping_status":"","sticky":false,"template":"","format":"standard","meta":{"footnotes":""},"categories":[88],"tags":[92],"class_list":["post-1542738","post","type-post","status-publish","format-standard","has-post-thumbnail","hentry","category-spain","tag-elpais-com"],"_links":{"self":[{"href":"https:\/\/analyse.optim.biz\/index.php?rest_route=\/wp\/v2\/posts\/1542738","targetHints":{"allow":["GET"]}}],"collection":[{"href":"https:\/\/analyse.optim.biz\/index.php?rest_route=\/wp\/v2\/posts"}],"about":[{"href":"https:\/\/analyse.optim.biz\/index.php?rest_route=\/wp\/v2\/types\/post"}],"author":[{"embeddable":true,"href":"https:\/\/analyse.optim.biz\/index.php?rest_route=\/wp\/v2\/users\/1"}],"replies":[{"embeddable":true,"href":"https:\/\/analyse.optim.biz\/index.php?rest_route=%2Fwp%2Fv2%2Fcomments&post=1542738"}],"version-history":[{"count":0,"href":"https:\/\/analyse.optim.biz\/index.php?rest_route=\/wp\/v2\/posts\/1542738\/revisions"}],"wp:featuredmedia":[{"embeddable":true,"href":"https:\/\/analyse.optim.biz\/index.php?rest_route=\/wp\/v2\/media\/1542739"}],"wp:attachment":[{"href":"https:\/\/analyse.optim.biz\/index.php?rest_route=%2Fwp%2Fv2%2Fmedia&parent=1542738"}],"wp:term":[{"taxonomy":"category","embeddable":true,"href":"https:\/\/analyse.optim.biz\/index.php?rest_route=%2Fwp%2Fv2%2Fcategories&post=1542738"},{"taxonomy":"post_tag","embeddable":true,"href":"https:\/\/analyse.optim.biz\/index.php?rest_route=%2Fwp%2Fv2%2Ftags&post=1542738"}],"curies":[{"name":"wp","href":"https:\/\/api.w.org\/{rel}","templated":true}]}}