{"id":154267,"date":"2016-12-09T10:58:18","date_gmt":"2016-12-09T07:58:18","guid":{"rendered":"https:\/\/analyse.optim.biz\/?p=154267"},"modified":"2016-12-09T10:58:18","modified_gmt":"2016-12-09T07:58:18","slug":"va-incepe-procesul-lui-dragnea-toate-contestatiile-respinse","status":"publish","type":"post","link":"https:\/\/analyse.optim.biz\/?p=154267","title":{"rendered":"Va \u00eencepe procesul lui Dragnea. Toate contesta\u0163iile, respinse"},"content":{"rendered":"<div class=\"entry data-app-meta data-app-meta-article\" data-embed-base-url-canonical=\"https:\/\/www.digi24.ro\/embed\/stiri\/actualitate\/justitie\/va-incepe-procesul-lui-dragnea-toate-contestatiile-respinse-628565\">\n<p data-index=\"1\"><strong>Dezbaterile pe fond \u00een dosarul \u00een care Liviu Dragnea este acuzat de corup\u0163ie, al\u0103turi de fosta lui so\u0163ie \u015fi de angaja\u0163i ai Direc\u0163iei Generale de Asisten\u0163\u0103 Social\u0103 \u015fi Protec\u0163ia Copilului Teleorman, pot \u00eencepe la instan\u0163a suprem\u0103, dup\u0103 ce judec\u0103torii au respins, definitiv, contesta\u0163iile inculpa\u0163ilor, informeaz\u0103 <a href=\"http:\/\/www.news.ro\/justitie\/judecarea-dosarului-in-care-liviu-dragnea-este-acuzat-de-coruptie-incepe-la-instanta-suprema-toate-contestatiile-inculpatilor-au-fost-respinse-definitiv-1922401609212016121016073996\" target=\"_blank\" data-skip-linkfix=\"1\" rel=\"noopener\">News.ro.<\/a><\/strong><\/p>\n<figure class=\"article-thumb\"><img decoding=\"async\" src=\"https:\/\/analyse.optim.biz\/wp-content\/uploads\/2024\/09\/dz04mdamemm9mszoyxnoptazy2q5mjmymdrkm2m2zjlinjzknwe0ndy5nmqzmzi1-thumb_.jpg\" alt=\"160906_dragnea_iccj_02_INQUAM_Octav_Ganea\" data-skip-htmlfix=\"1\" title=\"dz04mdamemm9mszoyxnoptazy2q5mjmymdrkm2m2zjlinjzknwe0ndy5nmqzmzi1-thumb_\"><figcaption> Liviu Dragnea \/ INQUAM Photos &#8211; Octav Ganea <\/figcaption><\/figure>\n<p data-index=\"2\">\u201e<span lang=\"ro-RO\">Respinge, ca nefondate, contesta\u0163iile formulate de inculpa\u0163ii \u015eefu Olgu\u0163a, Prodana (fost\u0103 Dragnea) Bombonica \u015fi Dragnea Nicolae Liviu \u00eempotriva \u00eencheierii nr. 921 din 4 octombrie 2016 pronun\u0163at\u0103 de judec\u0103torul de camer\u0103 preliminar\u0103 \u00een dosarul nr. 2628\/1\/2016\/a1 al \u00cenaltei Cur\u0163i de Casa\u0163ie \u015fi Justi\u0163ie &#8211; Sec\u0163ia Penal\u0103\u201d, se arat\u0103 \u00een decizia de joi a \u00cenaltei Cur\u0163i de Casa\u0163ie \u015fi Justi\u0163ie (ICCJ).\u00a0<\/span><\/p>\n<p data-index=\"3\">Judec\u0103torul de camer\u0103 preliminar\u0103 a respins, \u00een 4 octombrie, cererile \u015fi excep\u0163iile f\u0103cute de Liviu Dragnea, Bombonica Prodana (fost\u0103 Dragnea) Ionel Marineci, Constantin Claudiu Balaban \u015fi Olgu\u0163a \u015eefu \u015fi a constatat\u00a0competen\u0163a ICCJ, legalitatea sesiz\u0103rii instan\u0163ei, legalitatea administr\u0103rii probelor \u015fi legalitatea efectu\u0103rii actelor de c\u0103tre organele de urm\u0103rile penal\u0103 \u00een cauz\u0103.<\/p>\n<p data-index=\"4\">Instan\u0163a a dispus astfel \u00eenceperea judec\u0103rii cauzei.<\/p>\n<p data-index=\"5\">Pre\u015fedintele PSD, Liviu Dragnea, a fost \u00a0trimis \u00een judecat\u0103 de procurorii DNA, \u00een 15 iulie, pentru instigare la abuz \u00een serviciu \u015fi instigare la fals intelectual, \u00een dosarul \u00een care este acuzat al\u0103turi de fosta lui so\u0163ie, Bombonica Prodana, pentru fapte comise pe vremea c\u00e2nd era pre\u015fedinte al Consiliului Jude\u0163ean Teleorman.<\/p>\n<p data-index=\"6\">\u00cen acela\u015fi dosar, \u00een 11 mai, a fost audiat \u015fi primarul Sectorului 3, Robert Negoi\u0163\u0103, \u00een calitate de martor.<\/p>\n<p data-index=\"7\">Potrivit procurorilor, \u00een perioada iulie 2006 &#8211; decembrie 2012, Liviu Dragnea, \u00een calitate de pre\u015fedinte al Consiliului Jude\u0163ean Teleorman, respectiv de pre\u015fedinte al organiza\u0163iei jude\u0163ene a unui partid politic, cu inten\u0163ie, a determinat-o pe inculpata Floarea Alesu, la acea vreme director executiv al Direc\u0163iei Generale de Asisten\u0163\u0103 Social\u0103 \u015fi Protec\u0163ia Copilului Teleorman s\u0103 \u00eei \u00eencalce atribu\u0163iile de serviciu prin men\u0163inerea \u00een func\u0163ie \u015fi implicit plata drepturilor salariale pentru dou\u0103 angajate ale aceleia\u015fi institu\u0163ii.<\/p>\n<p data-index=\"8\">Fosta so\u0163ie a lui Dragnea, Bombonica Prodana, este acuzat\u0103 de abuz \u00een serviciu, al\u0103turi de fo\u015fti \u015fefi din Direc\u0163ia General\u0103 de Asisten\u0163\u0103 Social\u0103 \u015fi Protec\u0163ia Copilului Teleorman.<\/p>\n<p data-index=\"9\">Bombonica Prodana (fost\u0103 Dragnea) a fost pus\u0103 sub acuzare pentru c\u0103, \u00een perioadele 3 martie &#8211; 1 august 2008 \u015fi 3 iulie 2009 &#8211; 1 august 2010, nu a sanc\u0163ionat dou\u0103 subordonate \u00eencadrate \u00een func\u0163ia de referent la institu\u0163iile pe care le conducea, de\u015fi \u015ftia c\u0103 nu s-au prezentat la serviciu \u015fi nu au respectat prevederile contractului individual de munc\u0103 \u015fi fi\u015fa postului.<\/p>\n<p data-index=\"10\">Liderul PSD, Liviu Dragnea, a fost condamnat, pe 22 aprilie, de instan\u0163a suprem\u0103, la doi ani de \u00eenchisoare cu suspendare, \u00een dosarul \u201eReferendumul\u201d, dup\u0103 ce ini\u0163ial primise un an de \u00eenchisoare cu suspendare, decizia fiind definitiv\u0103.<\/p>\n<p data-index=\"11\">Secretar general al PSD la data comiterii faptelor, Dragnea a fost judecat pentru infrac\u0163iunea de folosire a influen\u0163ei sau autorit\u0103\u0163ii de c\u0103tre o persoan\u0103 care de\u0163ine o func\u0163ie de conducere \u00eentr-un partid, \u00een scopul ob\u0163inerii pentru sine sau pentru altul de foloase necuvenite.<\/p>\n<p data-index=\"12\">Potrivit rechizitoriului, din dosarul \u201eReferendumul\u201d Liviu Dragnea, &#8220;cu ocazia organiz\u0103rii \u015fi desf\u0103\u015fur\u0103rii referendumului din 29 iulie 2012, a uzat de influen\u0163a \u015fi autoritatea sa \u00een partid \u00een scopul ob\u0163inerii unor foloase nepatrimoniale de natur\u0103 electoral\u0103, necuvenite, pentru alian\u0163a politic\u0103 din care f\u0103cea parte partidul reprezentat de inculpat, \u015fi anume \u00eendeplinirea cvorumului de participare cu ajutorul voturilor ob\u0163inute \u00een alte condi\u0163ii dec\u00e2t cele legale&#8221;.<\/p>\n<p data-index=\"13\">Conform procurorilor, Liviu Dragnea a coordonat un mecanism complex, \u00een care a implicat mai multe persoane asupra c\u0103rora avea influen\u0163\u0103 \u00een virtutea func\u0163iei pe care o de\u0163inea, av\u00e2nd ca scop fraudarea rezultatelor privind participarea la vot.<\/p>\n<\/div>\n<p> Source URL: https:\/\/www.digi24.ro\/stiri\/actualitate\/justitie\/va-incepe-procesul-lui-dragnea-toate-contestatiile-respinse-628565<\/p>\n","protected":false},"excerpt":{"rendered":"<p>Dezbaterile pe fond \u00een dosarul \u00een care Liviu Dragnea este acuzat de corup\u0163ie, al\u0103turi de fosta lui so\u0163ie \u015fi de angaja\u0163i ai Direc\u0163iei Generale de Asisten\u0163\u0103 Social\u0103 \u015fi Protec\u0163ia Copilului Teleorman, pot \u00eencepe la instan\u0163a suprem\u0103, dup\u0103 ce judec\u0103torii au respins, definitiv, contesta\u0163iile inculpa\u0163ilor, informeaz\u0103 News.ro. Liviu Dragnea \/ INQUAM Photos &#8211; Octav Ganea \u201eRespinge, [&hellip;]<\/p>\n","protected":false},"author":1,"featured_media":154268,"comment_status":"open","ping_status":"","sticky":false,"template":"","format":"standard","meta":{"footnotes":""},"categories":[2],"tags":[11],"class_list":["post-154267","post","type-post","status-publish","format-standard","has-post-thumbnail","hentry","category-politics","tag-digi24"],"_links":{"self":[{"href":"https:\/\/analyse.optim.biz\/index.php?rest_route=\/wp\/v2\/posts\/154267","targetHints":{"allow":["GET"]}}],"collection":[{"href":"https:\/\/analyse.optim.biz\/index.php?rest_route=\/wp\/v2\/posts"}],"about":[{"href":"https:\/\/analyse.optim.biz\/index.php?rest_route=\/wp\/v2\/types\/post"}],"author":[{"embeddable":true,"href":"https:\/\/analyse.optim.biz\/index.php?rest_route=\/wp\/v2\/users\/1"}],"replies":[{"embeddable":true,"href":"https:\/\/analyse.optim.biz\/index.php?rest_route=%2Fwp%2Fv2%2Fcomments&post=154267"}],"version-history":[{"count":0,"href":"https:\/\/analyse.optim.biz\/index.php?rest_route=\/wp\/v2\/posts\/154267\/revisions"}],"wp:featuredmedia":[{"embeddable":true,"href":"https:\/\/analyse.optim.biz\/index.php?rest_route=\/wp\/v2\/media\/154268"}],"wp:attachment":[{"href":"https:\/\/analyse.optim.biz\/index.php?rest_route=%2Fwp%2Fv2%2Fmedia&parent=154267"}],"wp:term":[{"taxonomy":"category","embeddable":true,"href":"https:\/\/analyse.optim.biz\/index.php?rest_route=%2Fwp%2Fv2%2Fcategories&post=154267"},{"taxonomy":"post_tag","embeddable":true,"href":"https:\/\/analyse.optim.biz\/index.php?rest_route=%2Fwp%2Fv2%2Ftags&post=154267"}],"curies":[{"name":"wp","href":"https:\/\/api.w.org\/{rel}","templated":true}]}}