{"id":1542457,"date":"2026-01-28T13:49:03","date_gmt":"2026-01-28T10:49:03","guid":{"rendered":"https:\/\/analyse.optim.biz\/?p=1542457"},"modified":"2026-01-28T13:49:03","modified_gmt":"2026-01-28T10:49:03","slug":"meloni-in-sicilia-sugli-indennizzi-agli-alluvionati-non-faremo-come-nel-97-fair-play-con-bonelli-grazie","status":"publish","type":"post","link":"https:\/\/analyse.optim.biz\/?p=1542457","title":{"rendered":"Meloni in Sicilia: &#8220;Sugli indennizzi agli alluvionati non faremo come nel &#8217;97&#8221;. Fair play con Bonelli: grazie&#8230;"},"content":{"rendered":"<article id=\"post-1524504\" class=\"post-1524504 post type-post status-publish format-standard has-post-thumbnail hentry category-video-del-secolo category-politica posizione-editoriale-apertura\">\n<div>\n<figure class=\"evidence-wrapper\"><img loading=\"lazy\" decoding=\"async\" width=\"860\" height=\"358\" src=\"https:\/\/analyse.optim.biz\/wp-content\/uploads\/2026\/01\/meloni-niscemi-1-860x358-1.jpg\" class=\"attachment-single size-single wp-post-image\" alt=\"Meloni in Sicilia: \u201cSugli indennizzi agli alluvionati non faremo come nel \u201997\u201d. Fair play con Bonelli: grazie della presenza\" title=\"Meloni in Sicilia: \u201cSugli indennizzi agli alluvionati non faremo come nel \u201997\u201d. Fair play con Bonelli: grazie della presenza\"><\/figure>\n<p class=\"occhiello\">Dopo il ciclone<\/p>\n<h1>Meloni in Sicilia: \u201cSugli indennizzi agli alluvionati non faremo come nel \u201997\u201d. Fair play con Bonelli: grazie della presenza<\/h1>\n<div class=\"info-condivisione\">\n<div>\n<p><span class=\"categoria\">I Video del Secolo<\/span><\/p>\n<p>\t\t\t\t\t &#8211; di <span class=\"autore\">Carlo Marini<\/span> &#8211; <span class=\"data\">28 Gennaio 2026 alle 14:49<\/span><\/p>\n<\/div>\n<\/div>\n<div class=\"contenuto\">\n<p class=\"p1\"><span class=\"s1\">Giorgia Meloni \u00e8 volata in Sicilia per fare il punto della situazione dopo la eccezionale ondata di maltempo dei giorni scorsi. In elicottero la premier ha sorvolato i territori pi\u00f9 colpiti dal ciclone Harry, poi ha fatto tappa a <strong>Niscemi e quindi ha partecipato a un vertice operativo a Catania.<\/strong><\/span><span class=\"s1\"><strong> I danni pi\u00f9 ingenti si sono registrati<\/strong>\u00a0nella cittadina in provincia di Caltanissetta, dove una frana attiva di grandi dimensioni sta interessando il centro abitato e ha finora portato all\u2019evacuazione <strong>di circa 1500 abitanti.<\/strong><\/span><\/p>\n<iframe loading=\"lazy\" title=\"Sopralluogo in Sicilia, nei territori duramente colpiti dal maltempo\" width=\"540\" height=\"960\" src=\"https:\/\/www.youtube.com\/embed\/WSY7yAYxRtI?feature=oembed\" frameborder allow=\"accelerometer; autoplay; clipboard-write; encrypted-media; gyroscope; picture-in-picture; web-share\" referrerpolicy=\"strict-origin-when-cross-origin\" allowfullscreen><\/iframe>\n<div class=\"code-block code-block-6\"><\/div>\n<p class=\"p1\"><span class=\"s1\">\u00abA Niscemi \u2013 fa sapere Palazzo Chigi \u2013 il presidente del Consiglio, Giorgia Meloni ha incontrato il sindaco <strong>Massimiliano Conti<\/strong> e ha presieduto presso la sede del Comune una riunione, alla quale hanno partecipato il Prefetto di Caltanissetta, il Capo Dipartimento della Protezione Civile <strong>Fabio Ciciliano e i tecnici della Protezione Civile\u00bb.<\/strong><\/span><\/p>\n<h2>Meloni in Sicilia: il punto dopo il ciclone Harry<\/h2>\n<p class=\"p1\"><span class=\"s1\">Nel corso dell\u2019incontro, prosegue la nota, \u00ab\u00e8 stato fatto il punto sull\u2019emergenza ed \u00e8 stato confermato il massimo impegno del governo e delle Istituzioni competenti per assistere gli sfollati, a favore dei quali \u00e8 stato gi\u00e0 previsto il contributo di autonoma sistemazione, per ripristinare la viabilit\u00e0, la ripresa dell\u2019attivit\u00e0 scolastica e la funzionalit\u00e0 della rete di forniture di gas ed energia elettrica. A rendere complesso il quadro \u00e8 l\u2019impossibilit\u00e0, finch\u00e9 la frana rimarr\u00e0 attiva, di identificare con esattezza l\u2019area su cui intervenire e stabilire di conseguenza le modalit\u00e0 di intervento\u00bb. <\/span><\/p>\n<p class=\"p1\"><span class=\"s1\">\u00abIl Presidente Meloni ha garantito al<strong> Sindaco Conti<\/strong> che il Governo far\u00e0 tutto ci\u00f2 che \u00e8 possibile <strong>per scongiurare che si ripeta quanto accaduto con la frana del 1997, in particolare per ci\u00f2 che riguarda i ritardi negli indennizz<\/strong>i. Il Governo agir\u00e0 velocemente in questa direzione, e il Presidente Meloni si \u00e8 impegnata a fissare un nuovo incontro tra circa due settimane per prendere decisioni pi\u00f9 dettagliate, alla luce delle necessarie informazioni. Il Presidente Meloni ha colto l\u2019occasione per ringraziare l\u2019onorevole <strong>Angelo Bonelli,<\/strong> presente a Niscemi, con cui ha avuto occasione di confrontarsi sulla grave emergenza\u00bb.<\/span><\/p>\n<\/div>\n<div class=\"commentSectionContainer\">\n<p class=\"comments-title\">Non ci sono commenti, inizia una discussione<\/p>\n<\/div>\n<div id=\"comments\" class=\"comments-area closed\">\n<div id=\"respond\" class=\"comment-respond\">\n<h3 id=\"reply-title\" class=\"comment-reply-title\">Lascia un commento <small><a rel=\"nofollow\" id=\"cancel-comment-reply-link\" href=\"https:\/\/www.secoloditalia.it\/2026\/01\/meloni-a-niscemi-sugli-indennizzi-agli-alluvionati-non-faremo-come-nel-97-fair-play-con-bonelli-grazie-della-presenza\/#respond\">Annulla risposta<\/a><\/small><\/h3>\n<p class=\"comment-notes\"><span id=\"email-notes\">Il tuo indirizzo email non sar\u00e0 pubblicato.<\/span><span class=\"required-field-message\">I campi obbligatori sono contrassegnati <span class=\"required\">*<\/span><\/span><\/p>\n<\/div>\n<\/div>\n<div class=\"info-condivisione bottom\">\n<div>\n<p>di <span class=\"autore\">Carlo Marini<\/span> &#8211; <span class=\"data\">28 Gennaio 2026<\/span><\/p>\n<\/div>\n<\/div>\n<\/div>\n<\/article>\n<article>\n<figure class=\"special\"><a href=\"https:\/\/www.secoloditalia.it\/2026\/01\/a-termini-e-colosseo-arrivano-i-puma-dellesercito-meloni-altro-che-depotenziamento-di-strade-sicure\/\" aria-label=\"A Termini e Colosseo arrivano i \u201cpuma\u201d dell\u2019Esercito. Meloni: Altro che depotenziamento di strade sicure\" class=\"lower\"><img loading=\"lazy\" decoding=\"async\" width=\"370\" height=\"154\" src=\"https:\/\/analyse.optim.biz\/wp-content\/uploads\/2026\/01\/strade-sicure-buona-1-370x154-49.jpg\" class=\"attachment-standard-lower size-standard-lower wp-post-image\" alt=\"A Termini e Colosseo arrivano i \u201cpuma\u201d dell\u2019Esercito. Meloni: Altro che depotenziamento di strade sicure\" title=\"A Termini e Colosseo arrivano i \u201cpuma\u201d dell\u2019Esercito. Meloni: Altro che depotenziamento di strade sicure\"><\/a><\/figure>\n<p class=\"occhiello\">Tre blindati a Roma<\/p>\n<p><a href=\"https:\/\/www.secoloditalia.it\/2026\/01\/a-termini-e-colosseo-arrivano-i-puma-dellesercito-meloni-altro-che-depotenziamento-di-strade-sicure\/\"><\/p>\n<h4 class=\"titolo\">A Termini e Colosseo arrivano i \u201cpuma\u201d dell\u2019Esercito. Meloni: Altro che depotenziamento di strade sicure<\/h4>\n<p><\/a><\/article>\n<article>\n<p class=\"occhiello\">Parte il bando Consip<\/p>\n<p><a href=\"https:\/\/www.secoloditalia.it\/2026\/01\/per-la-prima-volta-una-assicurazione-sanitaria-gratuita-per-oltre-1milione-e-200mila-lavoratori-della-scuola\/\"><\/p>\n<h4 class=\"titolo\">Per la prima volta una assicurazione sanitaria gratuita per oltre 1milione e 200mila lavoratori della scuola<\/h4>\n<p><\/a><\/article>\n<article>\n<p class=\"occhiello\">La soddisfazione di FdI<\/p>\n<p><a href=\"https:\/\/www.secoloditalia.it\/2026\/01\/precari-della-giustizia-il-governo-supera-le-aspettative-e-ne-assume-oltre-novemila\/\"><\/p>\n<h4 class=\"titolo\">Precari della giustizia, il governo supera le aspettative e ne assume oltre novemila<\/h4>\n<p><\/a><\/article>\n<article>\n<p class=\"categoria\">Politica<\/p>\n<figure class=\"special\"><a href=\"https:\/\/www.secoloditalia.it\/2026\/01\/energia-zucconi-i-nuovi-dati-eurostat-impongono-un-dibattito-meno-ideologico-sul-futuro-energetico-italiano\/\" aria-label=\"Energia, Zucconi: \u201cI nuovi dati Eurostat impongono un dibattito meno ideologico sul futuro energetico italiano\u201d\" class=\"lower\"><img decoding=\"async\" width=\"370\" height=\"154\" src=\"https:\/\/analyse.optim.biz\/wp-content\/uploads\/2026\/01\/zucconi-secolo-370x154-2.jpg\" class=\"attachment-standard-lower size-standard-lower wp-post-image\" alt=\"Energia, Zucconi: \u201cI nuovi dati Eurostat impongono un dibattito meno ideologico sul futuro energetico italiano\u201d\" loading=\"lazy\" title=\"Energia, Zucconi: \u201cI nuovi dati Eurostat impongono un dibattito meno ideologico sul futuro energetico italiano\u201d\"><\/a><\/figure>\n<p class=\"occhiello\">Ambiente e sicurezza<\/p>\n<p><a href=\"https:\/\/www.secoloditalia.it\/2026\/01\/energia-zucconi-i-nuovi-dati-eurostat-impongono-un-dibattito-meno-ideologico-sul-futuro-energetico-italiano\/\"><\/p>\n<h4 class=\"titolo\">Energia, Zucconi: &#8220;I nuovi dati Eurostat impongono un dibattito <strong>meno ideologico sul futuro energetico italiano&#8221;<\/strong><\/h4>\n<p><\/a><\/article>\n<p> Source URL: https:\/\/www.secoloditalia.it\/2026\/01\/meloni-a-niscemi-sugli-indennizzi-agli-alluvionati-non-faremo-come-nel-97-fair-play-con-bonelli-grazie-della-presenza\/<\/p>\n","protected":false},"excerpt":{"rendered":"<p>Dopo il ciclone Meloni in Sicilia: \u201cSugli indennizzi agli alluvionati non faremo come nel \u201997\u201d. Fair play con Bonelli: grazie della presenza I Video del Secolo &#8211; di Carlo Marini &#8211; 28 Gennaio 2026 alle 14:49 Giorgia Meloni \u00e8 volata in Sicilia per fare il punto della situazione dopo la eccezionale ondata di maltempo dei [&hellip;]<\/p>\n","protected":false},"author":1,"featured_media":1542458,"comment_status":"open","ping_status":"","sticky":false,"template":"","format":"standard","meta":{"footnotes":""},"categories":[87],"tags":[123],"class_list":["post-1542457","post","type-post","status-publish","format-standard","has-post-thumbnail","hentry","category-italy","tag-secoloditalia-it"],"_links":{"self":[{"href":"https:\/\/analyse.optim.biz\/index.php?rest_route=\/wp\/v2\/posts\/1542457","targetHints":{"allow":["GET"]}}],"collection":[{"href":"https:\/\/analyse.optim.biz\/index.php?rest_route=\/wp\/v2\/posts"}],"about":[{"href":"https:\/\/analyse.optim.biz\/index.php?rest_route=\/wp\/v2\/types\/post"}],"author":[{"embeddable":true,"href":"https:\/\/analyse.optim.biz\/index.php?rest_route=\/wp\/v2\/users\/1"}],"replies":[{"embeddable":true,"href":"https:\/\/analyse.optim.biz\/index.php?rest_route=%2Fwp%2Fv2%2Fcomments&post=1542457"}],"version-history":[{"count":0,"href":"https:\/\/analyse.optim.biz\/index.php?rest_route=\/wp\/v2\/posts\/1542457\/revisions"}],"wp:featuredmedia":[{"embeddable":true,"href":"https:\/\/analyse.optim.biz\/index.php?rest_route=\/wp\/v2\/media\/1542458"}],"wp:attachment":[{"href":"https:\/\/analyse.optim.biz\/index.php?rest_route=%2Fwp%2Fv2%2Fmedia&parent=1542457"}],"wp:term":[{"taxonomy":"category","embeddable":true,"href":"https:\/\/analyse.optim.biz\/index.php?rest_route=%2Fwp%2Fv2%2Fcategories&post=1542457"},{"taxonomy":"post_tag","embeddable":true,"href":"https:\/\/analyse.optim.biz\/index.php?rest_route=%2Fwp%2Fv2%2Ftags&post=1542457"}],"curies":[{"name":"wp","href":"https:\/\/api.w.org\/{rel}","templated":true}]}}