{"id":1542313,"date":"2026-01-27T05:30:26","date_gmt":"2026-01-27T02:30:26","guid":{"rendered":"https:\/\/analyse.optim.biz\/?p=1542313"},"modified":"2026-01-27T05:30:26","modified_gmt":"2026-01-27T02:30:26","slug":"lanm-parla-come-il-pd-e-non-e-lunica-contro-il-governo-siamo-al-campo-delirante","status":"publish","type":"post","link":"https:\/\/analyse.optim.biz\/?p=1542313","title":{"rendered":"L&#8217;Anm parla come il Pd: e non \u00e8 l&#8217;unica. Contro il governo siamo al &#8220;campo delirante&#8221;"},"content":{"rendered":"<article id=\"post-1523997\" class=\"post-1523997 post type-post status-publish format-standard has-post-thumbnail hentry category-leditoriale category-politica posizione-editoriale-spalletta\">\n<div>\n<figure class=\"evidence-wrapper\"><img loading=\"lazy\" decoding=\"async\" width=\"860\" height=\"358\" src=\"https:\/\/analyse.optim.biz\/wp-content\/uploads\/2026\/01\/maruotti-860x358-1.jpg\" class=\"attachment-single size-single wp-post-image\" alt=\"L\u2019Anm parla come il Pd: e non \u00e8 l\u2019unica. Contro il governo siamo al \u201ccampo delirante\u201d\" title=\"L\u2019Anm parla come il Pd: e non \u00e8 l\u2019unica. Contro il governo siamo al \u201ccampo delirante\u201d\"><\/figure>\n<p class=\"occhiello\">L&#8217;editoriale<\/p>\n<h1>L\u2019Anm parla come il Pd: e non \u00e8 l\u2019unica. Contro il governo siamo al \u201ccampo delirante\u201d<\/h1>\n<p class=\"sottotitolo\">Landini parla come Conte, Maruotti come Ilaria Salis, Barbero come Scanzi che a sua volta parla come Boccia. E viceversa. Dal sindacato al fronte dei magistrati, dall&#8217;accademia al mondo dell&#8217;arte, i principali rappresentanti del cot\u00e9 progressista hanno smarrito ormai la tanto invocata (per gli altri) complessit\u00e0<\/p>\n<div class=\"info-condivisione\">\n<div>\n<p><span class=\"categoria\">L&#8217;Editoriale<\/span><\/p>\n<p>\t\t\t\t\t &#8211; di <span class=\"autore\">Antonio Rapisarda<\/span> &#8211; <span class=\"data\">27 Gennaio 2026 alle 06:30<\/span><\/p>\n<\/div>\n<\/div>\n<div class=\"contenuto\">\n<div class=\"x_elementToProof\" data-olk-copy-source=\"MessageBody\">\n<p>L\u2019uscita delirante del segretario dell\u2019Anm <strong>Rocco Maruotti<\/strong> \u2013 che ha paragonato l\u2019assassinio del manifestante anti-Ice a Minneapolis al fantomatico clima di impunit\u00e0 che potrebbe arrivare in Italia se dovesse passare la riforma Nordio \u2013 restituisce appieno il profilo che il fronte delle \u201copposizioni\u201d (perch\u00e9 tale \u00e8 il sindacato dei magistrati) ha ormai assunto pubblicamente nei confronti del governo Meloni: <strong>demagogia di bassa lega<\/strong>, senza pi\u00f9 alcun freno inibitorio. Un allineamento molto grave verso il \u201cgrado sottozero\u201d della comunicazione politica che coinvolge non pi\u00f9 e non solo i movimenti radicali e gli <em>influencer<\/em> pi\u00f9 sguaiati della sinistra ma oramai ha <strong>contagiato l\u2019establishment.<\/strong> Quello che una volta veniva chiamato ceto medio riflessivo.<\/p>\n<\/div>\n<div class=\"x_elementToProof\">\n<p>Fare come e peggio di Schlein &amp; co significa che si \u00e8 aperta una <strong>crisi profonda in spezzoni di classe dirigente<\/strong> che hanno sempre vissuto con il cuore sinistra (e spesso col portafogli a destra). La riforma Nordio, a poco meno di due mesi dal referendum, ha fatto letteralmente esplodere il caso e i nervi: dalle <strong>fake news in libert\u00e0<\/strong> dello storico Alessandro Barbero, alle interviste \u201cimmaginarie\u201d a Falcone e Borsellino veicolate da quotidiani, conduttori e procuratori, dalla <strong>pubblicit\u00e0 ingannevole<\/strong> propalata dall\u2019Associazione nazionale magistrati all\u2019allarme autoritarismo visibile solo nelle lenti di Maurizio Landini. Stesso discorso vale per la politica estera, per la geopolitica, per la sicurezza: ovunque gli <strong>esperti di \u00abfuffologia\u00bb<\/strong> (copyright di Pina Picierno nei confronti di Tomaso Montanari: accademico principe di fuffologia, appunto) si scagliano contro l\u2019esecutivo con un approccio militante, sguaiato, apocalittico. Direbbero loro: qualunquista.<\/p>\n<div class=\"code-block code-block-6\"><\/div>\n<p>E cos\u00ec Landini parla come Conte, Maruotti come Ilaria Salis, Barbero come Scanzi che a sua volta parla come Boccia. E viceversa ovviamente. Dal sindacato al fronte dei magistrati, dall\u2019accademia al mondo dell\u2019arte, le (fuori)uscite dei principali rappresentanti del <em>cot\u00e9<\/em> progressista <strong>hanno smarrito ormai la tanto invocata \u2013 per gli altri \u2013 complessit\u00e0<\/strong>. Decisamente sullo stesso livello, bassissimo, dell\u2019opposizione politica al governo Meloni: trainata da una narrazione cos\u00ec sconclusionata che rappresenta, secondo tutti i sondaggi, la polizza sulla vita per la compagine di governo. La cosiddetta \u201csociet\u00e0 civile\u201d, quella che per decenni \u00e8 stata la cassaforte etica della sinistra benpensante, oggi non \u00e8 da meno: si dimostra<strong> in crisi di linguaggio, di prospettiva, di orientamento<\/strong>. E reagisce nel modo pi\u00f9 rozzo, ferino e istintivo: nel nome della pi\u00f9 elementare volont\u00e0 di autoconservazione.<\/p>\n<p>C\u2019\u00e8 un minimo comun denominatore fra tutte queste \u201copposizioni\u201d: sentono tutte che gli sta crollando il terreno sociale sotto i piedi. Che esiste una compagine di governo capace di intercettare l\u2019attenzione e il consenso di quei ceti professionali, culturali, sindacali che per ottant\u2019anni sono stati funzionali alla <strong>cara, vecchia, leninista \u201ccinghia di trasmissione\u201d. <\/strong>Banalmente perch\u00e9 credevano che da quelle parti vigesse, davvero, una cultura del progresso. Adesso che la maschera \u00e8 andata gi\u00f9 e la sinistra si \u00e8 <strong>svelata come la cordata a difesa del peggior status quo<\/strong>, pi\u00f9 di qualcosa si sta muovendo all\u2019interno dei corpi intermedi.<\/p>\n<p>Non a caso, proprio sul tema giustizia, separazione delle carriere e sorteggio per i due Csm, <strong>il meglio della cultura riformista \u2013 laica, liberale e socialista \u2013 non ha avuto alcun problema ad abbracciare la riforma Nordio<\/strong> disconoscendo proprio le argomentazioni pretestuose dell\u2019Anm e soci. Tesi, atteggiamenti e sparate \u2013 come quella di Maruotti \u2013 che pongono poi pi\u00f9 di un interrogativo (lo ha affermato ieri il Guardasigilli) sulla qualit\u00e0 di certa magistratura: frutto proprio del \u201csistema (Palamara)\u201d che parte di questa \u00e8 pronta a difendere con <strong>posizioni cos\u00ec demagogiche da far impallidire la propaganda politica<\/strong>. E adesso che questo fronte deve vedersela con una contro-\u00e9lite, seriamente riformista, che va formandosi in tutti gli ambiti, oltre quello politico, la reazione \u00e8 a dir poco paranoica. Tanto da restituirci una fotografia d\u2019eccezione: con i progressisti che si affannano per difendere, per dirla con Guicciardini, il loro \u201c<em>particulare<\/em>\u201d. Mentre chi vi si oppone lotta (davvero) per il bene comune. Valore conservatore per eccellenza.<\/p>\n<\/div>\n<\/div>\n<div class=\"commentSectionContainer\">\n<p class=\"comments-title\">\n\t\t\t\t\t\tCi sono 3 commenti, partecipa alla discussione\t\t\t\t\t<\/p>\n<\/div>\n<div id=\"comments\" class=\"comments-area closed\">\n<div id=\"respond\" class=\"comment-respond\">\n<h3 id=\"reply-title\" class=\"comment-reply-title\">Lascia un commento <small><a rel=\"nofollow\" id=\"cancel-comment-reply-link\" href=\"https:\/\/www.secoloditalia.it\/2026\/01\/lanm-parla-come-il-pd-e-non-e-lunica-contro-il-governo-siamo-al-campo-delirante\/#respond\">Annulla risposta<\/a><\/small><\/h3>\n<p class=\"comment-notes\"><span id=\"email-notes\">Il tuo indirizzo email non sar\u00e0 pubblicato.<\/span><span class=\"required-field-message\">I campi obbligatori sono contrassegnati <span class=\"required\">*<\/span><\/span><\/p>\n<\/div>\n<p class=\"comments-title\">\n\t\t\tCi sono 3 commenti\t\t<\/p>\n<ol class=\"comment-list\">\n<li class=\"comment even thread-even depth-1\" id=\"comment-246623\">\n<div id=\"div-comment-246623\" class=\"comment-body\">\n<div class=\"comment-author vcard\"><img loading=\"lazy\" decoding=\"async\" src=\"https:\/\/analyse.optim.biz\/wp-content\/uploads\/2026\/01\/24492026f96b0b1636c572cb28e5e2ef.jpg\" class=\"avatar avatar-32 photo\" height=\"32\" width=\"32\" title=\"24492026f96b0b1636c572cb28e5e2ef\"><cite class=\"fn\">Rodolfo<\/cite><span class=\"says\">ha detto:<\/span><\/div>\n<div class=\"comment-meta commentmetadata\"><a href=\"https:\/\/www.secoloditalia.it\/2026\/01\/lanm-parla-come-il-pd-e-non-e-lunica-contro-il-governo-siamo-al-campo-delirante\/#comment-246623\">28 Gennaio 2026 alle 16:44<\/a><\/div>\n<p>E mattarella tace. Chiedetegli di dimettersi. L\u2019Ialia non merita un simile silente presidente.<\/p>\n<div class=\"reply\"><a rel=\"nofollow\" class=\"comment-reply-link\" href=\"https:\/\/www.secoloditalia.it\/2026\/01\/lanm-parla-come-il-pd-e-non-e-lunica-contro-il-governo-siamo-al-campo-delirante\/#comment-246623\" data-commentid=\"246623\" data-postid=\"1523997\" data-belowelement=\"div-comment-246623\" data-respondelement=\"respond\" data-replyto=\"Rispondi a Rodolfo\" aria-label=\"Rispondi a Rodolfo\">Rispondi<\/a><\/div>\n<\/div>\n<\/li>\n<li class=\"comment odd alt thread-odd thread-alt depth-1\" id=\"comment-246426\">\n<div id=\"div-comment-246426\" class=\"comment-body\">\n<div class=\"comment-author vcard\"><img loading=\"lazy\" decoding=\"async\" src=\"https:\/\/analyse.optim.biz\/wp-content\/uploads\/2026\/01\/6dd8ef5548231b92bc3681d43679c7ff.jpg\" class=\"avatar avatar-32 photo\" height=\"32\" width=\"32\" title=\"6dd8ef5548231b92bc3681d43679c7ff\"><cite class=\"fn\">Giorgio Bigarelli<\/cite><span class=\"says\">ha detto:<\/span><\/div>\n<div class=\"comment-meta commentmetadata\"><a href=\"https:\/\/www.secoloditalia.it\/2026\/01\/lanm-parla-come-il-pd-e-non-e-lunica-contro-il-governo-siamo-al-campo-delirante\/#comment-246426\">27 Gennaio 2026 alle 10:06<\/a><\/div>\n<p>I magistrati rossi sentono drammaticamente minacciato lo STRAPOTERE che abbiamo loro regalato ai tempi di tangentopoli, con l\u2019eliminazione dell\u2019immunit\u00e0 parlamentare, ma siccome sotto la toga non c\u2019\u00e8 coraggio ma solo arroganza e supponenza, ecco che si dibattono starnazzando come polli avviati alla macellazione.<br \/>\nVinciamo il referendum votando SI, poi avanti con la responsabilit\u00e0 civile e diretta.<br \/>\nG. Big.<\/p>\n<div class=\"reply\"><a rel=\"nofollow\" class=\"comment-reply-link\" href=\"https:\/\/www.secoloditalia.it\/2026\/01\/lanm-parla-come-il-pd-e-non-e-lunica-contro-il-governo-siamo-al-campo-delirante\/#comment-246426\" data-commentid=\"246426\" data-postid=\"1523997\" data-belowelement=\"div-comment-246426\" data-respondelement=\"respond\" data-replyto=\"Rispondi a Giorgio Bigarelli\" aria-label=\"Rispondi a Giorgio Bigarelli\">Rispondi<\/a><\/div>\n<\/div>\n<\/li>\n<li class=\"comment even thread-even depth-1\" id=\"comment-246402\">\n<div id=\"div-comment-246402\" class=\"comment-body\">\n<div class=\"comment-author vcard\"><img decoding=\"async\" src=\"https:\/\/analyse.optim.biz\/wp-content\/uploads\/2026\/01\/baa47a56c631acf26728035abe9fb2c4.jpg\" class=\"avatar avatar-32 photo\" height=\"32\" width=\"32\" loading=\"lazy\" title=\"baa47a56c631acf26728035abe9fb2c4\"><cite class=\"fn\">Zeffirino<\/cite><span class=\"says\">ha detto:<\/span><\/div>\n<div class=\"comment-meta commentmetadata\"><a href=\"https:\/\/www.secoloditalia.it\/2026\/01\/lanm-parla-come-il-pd-e-non-e-lunica-contro-il-governo-siamo-al-campo-delirante\/#comment-246402\">27 Gennaio 2026 alle 07:23<\/a><\/div>\n<p>LA foto rappresenta la MAFFIA<\/p>\n<div class=\"reply\"><a rel=\"nofollow\" class=\"comment-reply-link\" href=\"https:\/\/www.secoloditalia.it\/2026\/01\/lanm-parla-come-il-pd-e-non-e-lunica-contro-il-governo-siamo-al-campo-delirante\/#comment-246402\" data-commentid=\"246402\" data-postid=\"1523997\" data-belowelement=\"div-comment-246402\" data-respondelement=\"respond\" data-replyto=\"Rispondi a Zeffirino\" aria-label=\"Rispondi a Zeffirino\">Rispondi<\/a><\/div>\n<\/div>\n<\/li>\n<\/ol>\n<\/div>\n<div class=\"info-condivisione bottom\">\n<div>\n<p>di <span class=\"autore\">Antonio Rapisarda<\/span> &#8211; <span class=\"data\">27 Gennaio 2026<\/span><\/p>\n<\/div>\n<\/div>\n<\/div>\n<\/article>\n<article>\n<figure class=\"special\"><a href=\"https:\/\/www.secoloditalia.it\/2026\/01\/a-termini-e-colosseo-arrivano-i-puma-dellesercito-meloni-altro-che-depotenziamento-di-strade-sicure\/\" aria-label=\"A Termini e Colosseo arrivano i \u201cpuma\u201d dell\u2019Esercito. Meloni: Altro che depotenziamento di strade sicure\" class=\"lower\"><img loading=\"lazy\" decoding=\"async\" width=\"370\" height=\"154\" src=\"https:\/\/analyse.optim.biz\/wp-content\/uploads\/2026\/01\/strade-sicure-buona-1-370x154-38.jpg\" class=\"attachment-standard-lower size-standard-lower wp-post-image\" alt=\"A Termini e Colosseo arrivano i \u201cpuma\u201d dell\u2019Esercito. Meloni: Altro che depotenziamento di strade sicure\" title=\"A Termini e Colosseo arrivano i \u201cpuma\u201d dell\u2019Esercito. Meloni: Altro che depotenziamento di strade sicure\"><\/a><\/figure>\n<p class=\"occhiello\">Tre blindati a Roma<\/p>\n<p><a href=\"https:\/\/www.secoloditalia.it\/2026\/01\/a-termini-e-colosseo-arrivano-i-puma-dellesercito-meloni-altro-che-depotenziamento-di-strade-sicure\/\"><\/p>\n<h4 class=\"titolo\">A Termini e Colosseo arrivano i \u201cpuma\u201d dell\u2019Esercito. Meloni: Altro che depotenziamento di strade sicure<\/h4>\n<p><\/a><\/article>\n<article>\n<p class=\"occhiello\">Parte il bando Consip<\/p>\n<p><a href=\"https:\/\/www.secoloditalia.it\/2026\/01\/per-la-prima-volta-una-assicurazione-sanitaria-gratuita-per-oltre-1milione-e-200mila-lavoratori-della-scuola\/\"><\/p>\n<h4 class=\"titolo\">Per la prima volta una assicurazione sanitaria gratuita per oltre 1milione e 200mila lavoratori della scuola<\/h4>\n<p><\/a><\/article>\n<article>\n<p class=\"occhiello\">La soddisfazione di FdI<\/p>\n<p><a href=\"https:\/\/www.secoloditalia.it\/2026\/01\/precari-della-giustizia-il-governo-supera-le-aspettative-e-ne-assume-oltre-novemila\/\"><\/p>\n<h4 class=\"titolo\">Precari della giustizia, il governo supera le aspettative e ne assume oltre novemila<\/h4>\n<p><\/a><\/article>\n<article>\n<p class=\"categoria\">Politica<\/p>\n<figure class=\"special\"><a href=\"https:\/\/www.secoloditalia.it\/2026\/01\/a-termini-e-colosseo-arrivano-i-puma-dellesercito-meloni-altro-che-depotenziamento-di-strade-sicure\/\" aria-label=\"A Termini e Colosseo arrivano i \u201cpuma\u201d dell\u2019Esercito. Meloni: Altro che depotenziamento di strade sicure\" class=\"lower\"><img decoding=\"async\" width=\"370\" height=\"154\" src=\"https:\/\/analyse.optim.biz\/wp-content\/uploads\/2026\/01\/strade-sicure-buona-1-370x154-38.jpg\" class=\"attachment-standard-lower size-standard-lower wp-post-image\" alt=\"A Termini e Colosseo arrivano i \u201cpuma\u201d dell\u2019Esercito. Meloni: Altro che depotenziamento di strade sicure\" loading=\"lazy\" title=\"A Termini e Colosseo arrivano i \u201cpuma\u201d dell\u2019Esercito. Meloni: Altro che depotenziamento di strade sicure\"><\/a><\/figure>\n<p class=\"occhiello\">Tre blindati a Roma<\/p>\n<p><a href=\"https:\/\/www.secoloditalia.it\/2026\/01\/a-termini-e-colosseo-arrivano-i-puma-dellesercito-meloni-altro-che-depotenziamento-di-strade-sicure\/\"><\/p>\n<h4 class=\"titolo\">A Termini e Colosseo arrivano i \u201cpuma\u201d dell\u2019Esercito. Meloni: Altro che depotenziamento di strade sicure<\/h4>\n<p><\/a><\/article>\n<p> Source URL: https:\/\/www.secoloditalia.it\/2026\/01\/lanm-parla-come-il-pd-e-non-e-lunica-contro-il-governo-siamo-al-campo-delirante\/<\/p>\n","protected":false},"excerpt":{"rendered":"<p>L&#8217;editoriale L\u2019Anm parla come il Pd: e non \u00e8 l\u2019unica. Contro il governo siamo al \u201ccampo delirante\u201d Landini parla come Conte, Maruotti come Ilaria Salis, Barbero come Scanzi che a sua volta parla come Boccia. E viceversa. Dal sindacato al fronte dei magistrati, dall&#8217;accademia al mondo dell&#8217;arte, i principali rappresentanti del cot\u00e9 progressista hanno smarrito [&hellip;]<\/p>\n","protected":false},"author":1,"featured_media":1542314,"comment_status":"open","ping_status":"","sticky":false,"template":"","format":"standard","meta":{"footnotes":""},"categories":[87],"tags":[123],"class_list":["post-1542313","post","type-post","status-publish","format-standard","has-post-thumbnail","hentry","category-italy","tag-secoloditalia-it"],"_links":{"self":[{"href":"https:\/\/analyse.optim.biz\/index.php?rest_route=\/wp\/v2\/posts\/1542313","targetHints":{"allow":["GET"]}}],"collection":[{"href":"https:\/\/analyse.optim.biz\/index.php?rest_route=\/wp\/v2\/posts"}],"about":[{"href":"https:\/\/analyse.optim.biz\/index.php?rest_route=\/wp\/v2\/types\/post"}],"author":[{"embeddable":true,"href":"https:\/\/analyse.optim.biz\/index.php?rest_route=\/wp\/v2\/users\/1"}],"replies":[{"embeddable":true,"href":"https:\/\/analyse.optim.biz\/index.php?rest_route=%2Fwp%2Fv2%2Fcomments&post=1542313"}],"version-history":[{"count":0,"href":"https:\/\/analyse.optim.biz\/index.php?rest_route=\/wp\/v2\/posts\/1542313\/revisions"}],"wp:featuredmedia":[{"embeddable":true,"href":"https:\/\/analyse.optim.biz\/index.php?rest_route=\/wp\/v2\/media\/1542314"}],"wp:attachment":[{"href":"https:\/\/analyse.optim.biz\/index.php?rest_route=%2Fwp%2Fv2%2Fmedia&parent=1542313"}],"wp:term":[{"taxonomy":"category","embeddable":true,"href":"https:\/\/analyse.optim.biz\/index.php?rest_route=%2Fwp%2Fv2%2Fcategories&post=1542313"},{"taxonomy":"post_tag","embeddable":true,"href":"https:\/\/analyse.optim.biz\/index.php?rest_route=%2Fwp%2Fv2%2Ftags&post=1542313"}],"curies":[{"name":"wp","href":"https:\/\/api.w.org\/{rel}","templated":true}]}}